{"id":42281,"date":"2018-06-21T11:38:05","date_gmt":"2018-06-21T15:38:05","guid":{"rendered":"https:\/\/recursing-golick.147-182-135-0.plesk.page\/?p=42281"},"modified":"2018-06-25T08:53:29","modified_gmt":"2018-06-25T12:53:29","slug":"le-bouleversement-climatique-devrait-pousser-les-adventistes-a-laction-disent-les-chercheurs","status":"publish","type":"post","link":"https:\/\/interamerica.org\/fr\/2018\/06\/le-bouleversement-climatique-devrait-pousser-les-adventistes-a-laction-disent-les-chercheurs\/","title":{"rendered":"Le bouleversement climatique devrait pousser les Adventistes \u00e0 l\u2019action, disent les chercheurs"},"content":{"rendered":"<p><span class=\"byline-news\">20 juin 2018 | Rome, Italie | Marcos Paseggi,\u00a0<em>Adventist Review<\/em><\/span><\/p>\n<p>Le fait que l\u2019\u00e9tat du climat mondial s\u2019aggrave devrait \u00eatre une motivation nous amenant \u00e0 redoubler nos efforts dans l\u2019\u00e9vang\u00e9lisation et dans l\u2019action sociale en tant qu\u2019\u00e9glise du reste de Dieu, ont d\u00e9clar\u00e9 plusieurs \u00e9rudits dans des pr\u00e9sentations distinctes faites lors de la Quatri\u00e8me Conf\u00e9rence Biblique Internationale qui se d\u00e9roule \u00e0 Rome, en Italie, du 11 au 21 juin 2018. Au milieu de ph\u00e9nom\u00e8nes tels que la diminution des r\u00e9serves d\u2019eau potable, la d\u00e9forestation, la d\u00e9sertification et des catastrophes naturelles plus fr\u00e9quentes, les Adventistes devraient trouver une lueur d\u2019espoir les incitant \u00e0 la mission, ont-ils dit.<\/p>\n<p>\u00ab L\u2019\u00c9glise [Adventiste] a l\u2019opportunit\u00e9 d\u2019\u00eatre le \u2018reste catalytique\u2019 de Dieu, \u00bb a d\u00e9clar\u00e9 Ben Holdsworth, un professeur de Nouveau Testament \u00e0 Union College \u00e0 Lincoln dans le Nebraska aux \u00c9tats-Unis. \u00ab L\u2019\u00e9glise agit comme un catalyseur, \u00e9tant le moyen par lequel la mission et le dessein de Christ progressent dans le monde depuis Son ascension jusqu\u2019\u00e0 Son retour. \u00bb<\/p>\n<p>Silvia Schimpf-Torreblanca, professeure \u00e0 l\u2019Universit\u00e9 Adventiste des Antilles, a appuy\u00e9 cette id\u00e9e. \u00ab L\u2019eschatologie et l\u2019\u00e9cologie ne sont pas, apr\u00e8s tout, des id\u00e9es contradictoires mais plut\u00f4t compl\u00e9mentaires, \u00bb a-t-elle d\u00e9clar\u00e9. \u00ab Le fait de prendre soin de la terre n\u2019est pas d\u00e9connect\u00e9 de la mission chr\u00e9tienne qui est de proclamer la bonne nouvelle du salut. \u00bb<\/p>\n<p>Le professeur de Bible h\u00e9bra\u00efque \u00e0 l\u2019Universit\u00e9 d\u2019Andrews, A. Rahel Wells, soutient cette id\u00e9e. \u00ab L&rsquo;eschatologie offre une claire motivation pour l\u2019\u00e9cologie, \u00bb a-t-elle d\u00e9clar\u00e9.<\/p>\n<p><strong>Les Cinq E<\/strong><\/p>\n<p>Ben Holdsworth, dans son expos\u00e9 intitul\u00e9 \u00ab L\u2019Eschatologie et l\u2019Eccl\u00e9siologie Adventistes dans un Monde Connaissant un Bouleversement Climatique, \u00bb a discut\u00e9 des intersections entre ce qu\u2019il a appel\u00e9 \u00ab Les Cinq E \u00bb &#8211; Eschatologie, Eccl\u00e9siologie, \u00c9vang\u00e9lisation, \u00c9conomie et Environnement.<\/p>\n<p>L\u2019eschatologie Adventiste parle d\u2019un bouleversement croissant dans la nature alors que nous approchons de la seconde venue de J\u00e9sus et de la restauration finale, a rappel\u00e9 Ben Holdsworth \u00e0 son auditoire. D\u2019un autre c\u00f4t\u00e9, L\u2019eccl\u00e9siologie devrait souligner comment cette nouvelle r\u00e9alit\u00e9 affecte de plus en plus de nombreux membres d\u2019\u00e9glise, en particulier dans les r\u00e9gions du monde o\u00f9 l\u2019\u00e9glise se d\u00e9veloppe plus rapidement. Dans le m\u00eame temps, de plus grands bouleversements affecteront l\u2019\u00e9conomie des soci\u00e9t\u00e9s, et cela inclut les \u00e9glises locales et les institutions religieuses, ce qui se produit d\u00e9j\u00e0 dans certaines divisions mondiales de l\u2019\u00c9glise.<\/p>\n<p>Malgr\u00e9 les perspectives sombres, a d\u00e9clar\u00e9 Ben Holdsworth, l\u2019actuel bouleversement climatique est un outil qui peut \u00eatre utilis\u00e9 efficacement pour l\u2019\u00e9vang\u00e9lisation. Il a cit\u00e9 Susanne Moser, \u00e9minente sp\u00e9cialiste du climat, qui a d\u00e9clar\u00e9 en 2015 \u00e0 propos du changement climatique : \u00ab Nous commen\u00e7ons tout juste \u00e0 comprendre les situations les plus catastrophiques, et nous commen\u00e7ons \u00e0 ressembler \u00e0 des t\u00e9l\u00e9vang\u00e9listes dans ce que nous essayons de dire. \u00bb<\/p>\n<p>En cons\u00e9quence, Ben Holdsworth a soulign\u00e9 que l\u2019\u00e9glise devrait reconna\u00eetre \u00ab les situations environnementales caus\u00e9es par le climat &#8230; non seulement comme un accomplissement eschatologique mais comme une opportunit\u00e9 de s\u2019engager dans l\u2019\u00e9vang\u00e9lisation \u00e0 travers des d\u00e9marches en parole et en action permettant d\u2019apporter de l\u2019esp\u00e9rance \u00e0 un monde immerg\u00e9 dans une crise croissante. \u00bb<\/p>\n<p><strong>Revers dans l\u2019Implication de l\u2019\u00c9glise<\/strong><\/p>\n<p>Le mandat clair consistant \u00e0 prendre soin de la terre et de ce qui s&rsquo;y trouve s\u2019est heurt\u00e9 traditionnellement aux positions de certains membres d\u2019\u00e9glise, ont indiqu\u00e9 les \u00e9rudits. Comme l\u2019a r\u00e9sum\u00e9 Rahel Wells, la \u00ab compr\u00e9hension Adventiste du Septi\u00e8me Jour des \u00e9v\u00e9nements de la fin des temps implique la r\u00e9alit\u00e9 que la terre br\u00fblera \u00e0 la fin des temps, \u00bb a-t-elle dit. C\u2019est quelque chose qui s\u2019est souvent traduit par le fait de ne pas accorder grande importance \u00e0 la protection de l\u2019environnement, \u00ab puisque la terre sera restaur\u00e9e par Dieu de toute fa\u00e7on. \u00bb<\/p>\n<p>D\u2019apr\u00e8s Rahel Wells, cependant, c\u2019est une position qui ne prend pas en compte les descriptions claires du soin que Dieu apporte \u00e0 la terre ni la responsabilit\u00e9 \u00e9cologique des humains dans la cr\u00e9ation originale, sur la nouvelle terre, et toutes les lois donn\u00e9es pour le pr\u00e9sent. \u00ab Les passages eschatologiques comprennent une image de la terre restaur\u00e9e et r\u00e9g\u00e9n\u00e9r\u00e9e, \u00bb a-t-elle expliqu\u00e9. \u00ab L\u2019eschatologie en fait pr\u00e9suppose et requiert une protection \u00e9cologique dans le pr\u00e9sent plut\u00f4t qu\u2019elle ne s\u2019y oppose. \u00bb<\/p>\n<p>D\u2019autre part, en consid\u00e9rant ce dilemme environnemental-eschatologique, les Adventistes ont traditionnellement eu une certaine pr\u00e9occupation \u00e0 propos de l\u2019association de l\u2019\u00e9cologie avec certains discours politiques et philosophiques, a expliqu\u00e9 Silvia Schimpf-Torreblanca. \u00ab Les naturalistes darwiniens et les panth\u00e9istes du Nouvel Age sont en premi\u00e8re ligne des efforts visant \u00e0 prot\u00e9ger l\u2019environnement, \u00bb a-t-elle d\u00e9clar\u00e9.<\/p>\n<p>Silvia Schimpf-Torreblanca a \u00e9galement soulign\u00e9 qu\u2019il est habituel que le programme des \u00e9cologistes soit accompagn\u00e9 d\u2019une bataille politique entre les gouvernements, les consortiums financiers, les scientifiques et d\u2019autres. C\u2019est quelque chose, a-t-elle dit, qui a amen\u00e9 les Adventistes \u00e0 se retirer et \u00e0 ne pas s\u2019impliquer. Mais comme l\u2019ont montr\u00e9 les pionniers Adventistes, \u00eatre de bons intendants de la cr\u00e9ation de Dieu devrait souvent nous inciter \u00e0 nous impliquer socialement et politiquement, a-t-elle dit, car de nombreux probl\u00e8mes peuvent \u00eatre mieux trait\u00e9s \u00e0 un niveau social plus large.<\/p>\n<p>Ainsi, \u00ab cela vaut la peine de se demander si une plus grande participation de l\u2019\u00e9glise aux causes environnementales aiderait ou constituerait une distraction de la t\u00e2che la plus importante qui est de partager le Christ avec les autres, \u00bb a d\u00e9clar\u00e9 Silvia Schimpf-Torreblanca. Elle a pos\u00e9 la question : \u00ab Cela pourrait-il faire partie de ce que l\u2019\u00e9glise essaie vraiment d\u2019accomplir ?<\/p>\n<p><strong>Une Motivation pour l\u2019Action<\/strong><\/p>\n<p>Pour Ben Holdsworth, la r\u00e9ponse est claire, car l\u2019implication sociale des Adventistes n\u2019est pas un v\u0153u pieux mais une r\u00e9alit\u00e9. Le nouveau bouleversement climatique, a-t-il soulign\u00e9, pr\u00e9sente de nouvelles opportunit\u00e9s pour une action de l\u2019\u00e9glise, bas\u00e9e sur la r\u00e9flexion, aux niveaux international, national et local. C\u2019est d\u00e9j\u00e0 en train de se produire, a-t-il dit, en partageant quelques exemples de la fa\u00e7on dont l\u2019\u00c9glise Adventiste s\u2019implique dans la soci\u00e9t\u00e9 pour aider les personnes touch\u00e9es et les diriger vers J\u00e9sus.<\/p>\n<p>Cette proclamation du \u00ab repos, du renouveau et de l\u2019esp\u00e9rance, \u00bb a sugg\u00e9r\u00e9 Ben Holdsworth, devrait \u00eatre bas\u00e9e sur des principes communs. Il a mentionn\u00e9 les principes de la r\u00e9ciprocit\u00e9 &#8211; souci et attention mutuels pour nos membres ; la durabilit\u00e9 \u2013 Est-il possible et durable de continuer \u00e0 faire ce que nous faisons en tant qu\u2019\u00e9glise ; et la r\u00e9silience \u2013 \u00ab le principe de la d\u00e9pendance de Dieu face \u00e0 l\u2019\u00e9preuve. \u00bb Ben Holdsworth a \u00e9galement discut\u00e9 de l\u2019endurance &#8211; tenir ferme jusqu\u2019\u00e0 la fin m\u00eame face \u00e0 une perte bouleversante ; et la productivit\u00e9 &#8211; \u00eatre occup\u00e9 jusqu\u2019\u00e0 ce que J\u00e9sus revienne, en r\u00e9pondant aux besoins des gens qui sont autour de nous et en nous effor\u00e7ant de proclamer la bonne nouvelle du salut.<\/p>\n<p>\u00ab L\u2019\u00c9glise Adventiste doit cr\u00e9er une eccl\u00e9siologie qui aide \u00e0 maintenir son unit\u00e9 et sa capacit\u00e9 \u00e0 s\u2019adapter et \u00e0 se d\u00e9velopper dans un monde de plus en plus vuln\u00e9rable et dont le climat est boulevers\u00e9, \u00bb a-t-il conclu.<\/p>\n<p>Traduction: Patrick Luciathe<\/p>\n","protected":false},"excerpt":{"rendered":"<p>20 juin 2018 | Rome, Italie | Marcos Paseggi,\u00a0Adventist Review Le fait que l\u2019\u00e9tat du climat mondial s\u2019aggrave devrait \u00eatre une motivation nous amenant \u00e0 redoubler nos efforts dans l\u2019\u00e9vang\u00e9lisation&#8230;<\/p>\n","protected":false},"author":3,"featured_media":42276,"comment_status":"open","ping_status":"closed","sticky":false,"template":"","format":"standard","meta":{"_acf_changed":false,"footnotes":""},"categories":[18,19],"tags":[],"class_list":["post-42281","post","type-post","status-publish","format-standard","has-post-thumbnail","hentry","category-nouvelles-de-leglise-mondiale","category-rss-francais"],"acf":[],"yoast_head":"<!-- This site is optimized with the Yoast SEO plugin v27.3 - https:\/\/yoast.com\/product\/yoast-seo-wordpress\/ -->\n<title>Le bouleversement climatique devrait pousser les Adventistes \u00e0 l\u2019action, disent les chercheurs - \u00c9glise Adventiste Du Septieme Jour - Inter Am\u00e9rique Division<\/title>\n<meta name=\"robots\" content=\"index, follow, max-snippet:-1, max-image-preview:large, max-video-preview:-1\" \/>\n<link rel=\"canonical\" href=\"https:\/\/interamerica.org\/fr\/2018\/06\/le-bouleversement-climatique-devrait-pousser-les-adventistes-a-laction-disent-les-chercheurs\/\" \/>\n<meta property=\"og:locale\" content=\"fr_FR\" \/>\n<meta property=\"og:type\" content=\"article\" \/>\n<meta property=\"og:title\" content=\"Le bouleversement climatique devrait pousser les Adventistes \u00e0 l\u2019action, disent les chercheurs - \u00c9glise Adventiste Du Septieme Jour - Inter Am\u00e9rique Division\" \/>\n<meta property=\"og:description\" content=\"20 juin 2018 | Rome, Italie | Marcos Paseggi,\u00a0Adventist Review Le fait que l\u2019\u00e9tat du climat mondial s\u2019aggrave devrait \u00eatre une motivation nous amenant \u00e0 redoubler nos efforts dans l\u2019\u00e9vang\u00e9lisation...\" \/>\n<meta property=\"og:url\" content=\"https:\/\/interamerica.org\/fr\/2018\/06\/le-bouleversement-climatique-devrait-pousser-les-adventistes-a-laction-disent-les-chercheurs\/\" \/>\n<meta property=\"og:site_name\" content=\"\u00c9glise Adventiste Du Septieme Jour - Inter Am\u00e9rique Division\" \/>\n<meta property=\"article:published_time\" content=\"2018-06-21T15:38:05+00:00\" \/>\n<meta property=\"article:modified_time\" content=\"2018-06-25T12:53:29+00:00\" \/>\n<meta property=\"og:image\" content=\"https:\/\/interamerica.org\/wp-content\/uploads\/2018\/06\/tree-unsplash1280.jpg\" \/>\n\t<meta property=\"og:image:width\" content=\"1280\" \/>\n\t<meta property=\"og:image:height\" content=\"851\" \/>\n\t<meta property=\"og:image:type\" content=\"image\/jpeg\" \/>\n<meta name=\"author\" content=\"libna\" \/>\n<meta name=\"twitter:card\" content=\"summary_large_image\" \/>\n<meta name=\"twitter:label1\" content=\"\u00c9crit par\" \/>\n\t<meta name=\"twitter:data1\" content=\"libna\" \/>\n\t<meta name=\"twitter:label2\" content=\"Dur\u00e9e de lecture estim\u00e9e\" \/>\n\t<meta name=\"twitter:data2\" content=\"6 minutes\" \/>\n<script type=\"application\/ld+json\" class=\"yoast-schema-graph\">{\"@context\":\"https:\\\/\\\/schema.org\",\"@graph\":[{\"@type\":\"Article\",\"@id\":\"https:\\\/\\\/interamerica.org\\\/fr\\\/2018\\\/06\\\/le-bouleversement-climatique-devrait-pousser-les-adventistes-a-laction-disent-les-chercheurs\\\/#article\",\"isPartOf\":{\"@id\":\"https:\\\/\\\/interamerica.org\\\/fr\\\/2018\\\/06\\\/le-bouleversement-climatique-devrait-pousser-les-adventistes-a-laction-disent-les-chercheurs\\\/\"},\"author\":{\"name\":\"libna\",\"@id\":\"https:\\\/\\\/interamerica.org\\\/fr\\\/#\\\/schema\\\/person\\\/29998f2bc2d8bd0d38662909289b54f1\"},\"headline\":\"Le bouleversement climatique devrait pousser les Adventistes \u00e0 l\u2019action, disent les chercheurs\",\"datePublished\":\"2018-06-21T15:38:05+00:00\",\"dateModified\":\"2018-06-25T12:53:29+00:00\",\"mainEntityOfPage\":{\"@id\":\"https:\\\/\\\/interamerica.org\\\/fr\\\/2018\\\/06\\\/le-bouleversement-climatique-devrait-pousser-les-adventistes-a-laction-disent-les-chercheurs\\\/\"},\"wordCount\":1264,\"commentCount\":0,\"image\":{\"@id\":\"https:\\\/\\\/interamerica.org\\\/fr\\\/2018\\\/06\\\/le-bouleversement-climatique-devrait-pousser-les-adventistes-a-laction-disent-les-chercheurs\\\/#primaryimage\"},\"thumbnailUrl\":\"https:\\\/\\\/interamerica.org\\\/wp-content\\\/uploads\\\/2018\\\/06\\\/tree-unsplash1280.jpg\",\"articleSection\":[\"Nouvelles de l'\u00c9glise mondiale\",\"RSS Fran\u00e7ais\"],\"inLanguage\":\"fr-FR\",\"potentialAction\":[{\"@type\":\"CommentAction\",\"name\":\"Comment\",\"target\":[\"https:\\\/\\\/interamerica.org\\\/fr\\\/2018\\\/06\\\/le-bouleversement-climatique-devrait-pousser-les-adventistes-a-laction-disent-les-chercheurs\\\/#respond\"]}]},{\"@type\":\"WebPage\",\"@id\":\"https:\\\/\\\/interamerica.org\\\/fr\\\/2018\\\/06\\\/le-bouleversement-climatique-devrait-pousser-les-adventistes-a-laction-disent-les-chercheurs\\\/\",\"url\":\"https:\\\/\\\/interamerica.org\\\/fr\\\/2018\\\/06\\\/le-bouleversement-climatique-devrait-pousser-les-adventistes-a-laction-disent-les-chercheurs\\\/\",\"name\":\"Le bouleversement climatique devrait pousser les Adventistes \u00e0 l\u2019action, disent les chercheurs - \u00c9glise Adventiste Du Septieme Jour - Inter Am\u00e9rique Division\",\"isPartOf\":{\"@id\":\"https:\\\/\\\/interamerica.org\\\/fr\\\/#website\"},\"primaryImageOfPage\":{\"@id\":\"https:\\\/\\\/interamerica.org\\\/fr\\\/2018\\\/06\\\/le-bouleversement-climatique-devrait-pousser-les-adventistes-a-laction-disent-les-chercheurs\\\/#primaryimage\"},\"image\":{\"@id\":\"https:\\\/\\\/interamerica.org\\\/fr\\\/2018\\\/06\\\/le-bouleversement-climatique-devrait-pousser-les-adventistes-a-laction-disent-les-chercheurs\\\/#primaryimage\"},\"thumbnailUrl\":\"https:\\\/\\\/interamerica.org\\\/wp-content\\\/uploads\\\/2018\\\/06\\\/tree-unsplash1280.jpg\",\"datePublished\":\"2018-06-21T15:38:05+00:00\",\"dateModified\":\"2018-06-25T12:53:29+00:00\",\"author\":{\"@id\":\"https:\\\/\\\/interamerica.org\\\/fr\\\/#\\\/schema\\\/person\\\/29998f2bc2d8bd0d38662909289b54f1\"},\"breadcrumb\":{\"@id\":\"https:\\\/\\\/interamerica.org\\\/fr\\\/2018\\\/06\\\/le-bouleversement-climatique-devrait-pousser-les-adventistes-a-laction-disent-les-chercheurs\\\/#breadcrumb\"},\"inLanguage\":\"fr-FR\",\"potentialAction\":[{\"@type\":\"ReadAction\",\"target\":[\"https:\\\/\\\/interamerica.org\\\/fr\\\/2018\\\/06\\\/le-bouleversement-climatique-devrait-pousser-les-adventistes-a-laction-disent-les-chercheurs\\\/\"]}]},{\"@type\":\"ImageObject\",\"inLanguage\":\"fr-FR\",\"@id\":\"https:\\\/\\\/interamerica.org\\\/fr\\\/2018\\\/06\\\/le-bouleversement-climatique-devrait-pousser-les-adventistes-a-laction-disent-les-chercheurs\\\/#primaryimage\",\"url\":\"https:\\\/\\\/interamerica.org\\\/wp-content\\\/uploads\\\/2018\\\/06\\\/tree-unsplash1280.jpg\",\"contentUrl\":\"https:\\\/\\\/interamerica.org\\\/wp-content\\\/uploads\\\/2018\\\/06\\\/tree-unsplash1280.jpg\",\"width\":1280,\"height\":851},{\"@type\":\"BreadcrumbList\",\"@id\":\"https:\\\/\\\/interamerica.org\\\/fr\\\/2018\\\/06\\\/le-bouleversement-climatique-devrait-pousser-les-adventistes-a-laction-disent-les-chercheurs\\\/#breadcrumb\",\"itemListElement\":[{\"@type\":\"ListItem\",\"position\":1,\"name\":\"Home\",\"item\":\"https:\\\/\\\/interamerica.org\\\/fr\\\/\"},{\"@type\":\"ListItem\",\"position\":2,\"name\":\"Le bouleversement climatique devrait pousser les Adventistes \u00e0 l\u2019action, disent les chercheurs\"}]},{\"@type\":\"WebSite\",\"@id\":\"https:\\\/\\\/interamerica.org\\\/fr\\\/#website\",\"url\":\"https:\\\/\\\/interamerica.org\\\/fr\\\/\",\"name\":\"\u00c9glise Adventiste Du Septieme Jour - Inter Am\u00e9rique Division\",\"description\":\"\",\"potentialAction\":[{\"@type\":\"SearchAction\",\"target\":{\"@type\":\"EntryPoint\",\"urlTemplate\":\"https:\\\/\\\/interamerica.org\\\/fr\\\/?s={search_term_string}\"},\"query-input\":{\"@type\":\"PropertyValueSpecification\",\"valueRequired\":true,\"valueName\":\"search_term_string\"}}],\"inLanguage\":\"fr-FR\"},{\"@type\":\"Person\",\"@id\":\"https:\\\/\\\/interamerica.org\\\/fr\\\/#\\\/schema\\\/person\\\/29998f2bc2d8bd0d38662909289b54f1\",\"name\":\"libna\",\"image\":{\"@type\":\"ImageObject\",\"inLanguage\":\"fr-FR\",\"@id\":\"https:\\\/\\\/secure.gravatar.com\\\/avatar\\\/7c5bd30ae4b47a9ba3c856590957fd1d96dc588bf3ac05719d247e126840331f?s=96&d=mm&r=g\",\"url\":\"https:\\\/\\\/secure.gravatar.com\\\/avatar\\\/7c5bd30ae4b47a9ba3c856590957fd1d96dc588bf3ac05719d247e126840331f?s=96&d=mm&r=g\",\"contentUrl\":\"https:\\\/\\\/secure.gravatar.com\\\/avatar\\\/7c5bd30ae4b47a9ba3c856590957fd1d96dc588bf3ac05719d247e126840331f?s=96&d=mm&r=g\",\"caption\":\"libna\"}}]}<\/script>\n<!-- \/ Yoast SEO plugin. -->","yoast_head_json":{"title":"Le bouleversement climatique devrait pousser les Adventistes \u00e0 l\u2019action, disent les chercheurs - \u00c9glise Adventiste Du Septieme Jour - Inter Am\u00e9rique Division","robots":{"index":"index","follow":"follow","max-snippet":"max-snippet:-1","max-image-preview":"max-image-preview:large","max-video-preview":"max-video-preview:-1"},"canonical":"https:\/\/interamerica.org\/fr\/2018\/06\/le-bouleversement-climatique-devrait-pousser-les-adventistes-a-laction-disent-les-chercheurs\/","og_locale":"fr_FR","og_type":"article","og_title":"Le bouleversement climatique devrait pousser les Adventistes \u00e0 l\u2019action, disent les chercheurs - \u00c9glise Adventiste Du Septieme Jour - Inter Am\u00e9rique Division","og_description":"20 juin 2018 | Rome, Italie | Marcos Paseggi,\u00a0Adventist Review Le fait que l\u2019\u00e9tat du climat mondial s\u2019aggrave devrait \u00eatre une motivation nous amenant \u00e0 redoubler nos efforts dans l\u2019\u00e9vang\u00e9lisation...","og_url":"https:\/\/interamerica.org\/fr\/2018\/06\/le-bouleversement-climatique-devrait-pousser-les-adventistes-a-laction-disent-les-chercheurs\/","og_site_name":"\u00c9glise Adventiste Du Septieme Jour - Inter Am\u00e9rique Division","article_published_time":"2018-06-21T15:38:05+00:00","article_modified_time":"2018-06-25T12:53:29+00:00","og_image":[{"width":1280,"height":851,"url":"https:\/\/interamerica.org\/wp-content\/uploads\/2018\/06\/tree-unsplash1280.jpg","type":"image\/jpeg"}],"author":"libna","twitter_card":"summary_large_image","twitter_misc":{"\u00c9crit par":"libna","Dur\u00e9e de lecture estim\u00e9e":"6 minutes"},"schema":{"@context":"https:\/\/schema.org","@graph":[{"@type":"Article","@id":"https:\/\/interamerica.org\/fr\/2018\/06\/le-bouleversement-climatique-devrait-pousser-les-adventistes-a-laction-disent-les-chercheurs\/#article","isPartOf":{"@id":"https:\/\/interamerica.org\/fr\/2018\/06\/le-bouleversement-climatique-devrait-pousser-les-adventistes-a-laction-disent-les-chercheurs\/"},"author":{"name":"libna","@id":"https:\/\/interamerica.org\/fr\/#\/schema\/person\/29998f2bc2d8bd0d38662909289b54f1"},"headline":"Le bouleversement climatique devrait pousser les Adventistes \u00e0 l\u2019action, disent les chercheurs","datePublished":"2018-06-21T15:38:05+00:00","dateModified":"2018-06-25T12:53:29+00:00","mainEntityOfPage":{"@id":"https:\/\/interamerica.org\/fr\/2018\/06\/le-bouleversement-climatique-devrait-pousser-les-adventistes-a-laction-disent-les-chercheurs\/"},"wordCount":1264,"commentCount":0,"image":{"@id":"https:\/\/interamerica.org\/fr\/2018\/06\/le-bouleversement-climatique-devrait-pousser-les-adventistes-a-laction-disent-les-chercheurs\/#primaryimage"},"thumbnailUrl":"https:\/\/interamerica.org\/wp-content\/uploads\/2018\/06\/tree-unsplash1280.jpg","articleSection":["Nouvelles de l'\u00c9glise mondiale","RSS Fran\u00e7ais"],"inLanguage":"fr-FR","potentialAction":[{"@type":"CommentAction","name":"Comment","target":["https:\/\/interamerica.org\/fr\/2018\/06\/le-bouleversement-climatique-devrait-pousser-les-adventistes-a-laction-disent-les-chercheurs\/#respond"]}]},{"@type":"WebPage","@id":"https:\/\/interamerica.org\/fr\/2018\/06\/le-bouleversement-climatique-devrait-pousser-les-adventistes-a-laction-disent-les-chercheurs\/","url":"https:\/\/interamerica.org\/fr\/2018\/06\/le-bouleversement-climatique-devrait-pousser-les-adventistes-a-laction-disent-les-chercheurs\/","name":"Le bouleversement climatique devrait pousser les Adventistes \u00e0 l\u2019action, disent les chercheurs - \u00c9glise Adventiste Du Septieme Jour - Inter Am\u00e9rique Division","isPartOf":{"@id":"https:\/\/interamerica.org\/fr\/#website"},"primaryImageOfPage":{"@id":"https:\/\/interamerica.org\/fr\/2018\/06\/le-bouleversement-climatique-devrait-pousser-les-adventistes-a-laction-disent-les-chercheurs\/#primaryimage"},"image":{"@id":"https:\/\/interamerica.org\/fr\/2018\/06\/le-bouleversement-climatique-devrait-pousser-les-adventistes-a-laction-disent-les-chercheurs\/#primaryimage"},"thumbnailUrl":"https:\/\/interamerica.org\/wp-content\/uploads\/2018\/06\/tree-unsplash1280.jpg","datePublished":"2018-06-21T15:38:05+00:00","dateModified":"2018-06-25T12:53:29+00:00","author":{"@id":"https:\/\/interamerica.org\/fr\/#\/schema\/person\/29998f2bc2d8bd0d38662909289b54f1"},"breadcrumb":{"@id":"https:\/\/interamerica.org\/fr\/2018\/06\/le-bouleversement-climatique-devrait-pousser-les-adventistes-a-laction-disent-les-chercheurs\/#breadcrumb"},"inLanguage":"fr-FR","potentialAction":[{"@type":"ReadAction","target":["https:\/\/interamerica.org\/fr\/2018\/06\/le-bouleversement-climatique-devrait-pousser-les-adventistes-a-laction-disent-les-chercheurs\/"]}]},{"@type":"ImageObject","inLanguage":"fr-FR","@id":"https:\/\/interamerica.org\/fr\/2018\/06\/le-bouleversement-climatique-devrait-pousser-les-adventistes-a-laction-disent-les-chercheurs\/#primaryimage","url":"https:\/\/interamerica.org\/wp-content\/uploads\/2018\/06\/tree-unsplash1280.jpg","contentUrl":"https:\/\/interamerica.org\/wp-content\/uploads\/2018\/06\/tree-unsplash1280.jpg","width":1280,"height":851},{"@type":"BreadcrumbList","@id":"https:\/\/interamerica.org\/fr\/2018\/06\/le-bouleversement-climatique-devrait-pousser-les-adventistes-a-laction-disent-les-chercheurs\/#breadcrumb","itemListElement":[{"@type":"ListItem","position":1,"name":"Home","item":"https:\/\/interamerica.org\/fr\/"},{"@type":"ListItem","position":2,"name":"Le bouleversement climatique devrait pousser les Adventistes \u00e0 l\u2019action, disent les chercheurs"}]},{"@type":"WebSite","@id":"https:\/\/interamerica.org\/fr\/#website","url":"https:\/\/interamerica.org\/fr\/","name":"\u00c9glise Adventiste Du Septieme Jour - Inter Am\u00e9rique Division","description":"","potentialAction":[{"@type":"SearchAction","target":{"@type":"EntryPoint","urlTemplate":"https:\/\/interamerica.org\/fr\/?s={search_term_string}"},"query-input":{"@type":"PropertyValueSpecification","valueRequired":true,"valueName":"search_term_string"}}],"inLanguage":"fr-FR"},{"@type":"Person","@id":"https:\/\/interamerica.org\/fr\/#\/schema\/person\/29998f2bc2d8bd0d38662909289b54f1","name":"libna","image":{"@type":"ImageObject","inLanguage":"fr-FR","@id":"https:\/\/secure.gravatar.com\/avatar\/7c5bd30ae4b47a9ba3c856590957fd1d96dc588bf3ac05719d247e126840331f?s=96&d=mm&r=g","url":"https:\/\/secure.gravatar.com\/avatar\/7c5bd30ae4b47a9ba3c856590957fd1d96dc588bf3ac05719d247e126840331f?s=96&d=mm&r=g","contentUrl":"https:\/\/secure.gravatar.com\/avatar\/7c5bd30ae4b47a9ba3c856590957fd1d96dc588bf3ac05719d247e126840331f?s=96&d=mm&r=g","caption":"libna"}}]}},"_links":{"self":[{"href":"https:\/\/interamerica.org\/fr\/wp-json\/wp\/v2\/posts\/42281","targetHints":{"allow":["GET"]}}],"collection":[{"href":"https:\/\/interamerica.org\/fr\/wp-json\/wp\/v2\/posts"}],"about":[{"href":"https:\/\/interamerica.org\/fr\/wp-json\/wp\/v2\/types\/post"}],"author":[{"embeddable":true,"href":"https:\/\/interamerica.org\/fr\/wp-json\/wp\/v2\/users\/3"}],"replies":[{"embeddable":true,"href":"https:\/\/interamerica.org\/fr\/wp-json\/wp\/v2\/comments?post=42281"}],"version-history":[{"count":0,"href":"https:\/\/interamerica.org\/fr\/wp-json\/wp\/v2\/posts\/42281\/revisions"}],"wp:featuredmedia":[{"embeddable":true,"href":"https:\/\/interamerica.org\/fr\/wp-json\/wp\/v2\/media\/42276"}],"wp:attachment":[{"href":"https:\/\/interamerica.org\/fr\/wp-json\/wp\/v2\/media?parent=42281"}],"wp:term":[{"taxonomy":"category","embeddable":true,"href":"https:\/\/interamerica.org\/fr\/wp-json\/wp\/v2\/categories?post=42281"},{"taxonomy":"post_tag","embeddable":true,"href":"https:\/\/interamerica.org\/fr\/wp-json\/wp\/v2\/tags?post=42281"}],"curies":[{"name":"wp","href":"https:\/\/api.w.org\/{rel}","templated":true}]}}