{"id":42306,"date":"2018-06-25T10:07:39","date_gmt":"2018-06-25T14:07:39","guid":{"rendered":"https:\/\/recursing-golick.147-182-135-0.plesk.page\/?p=42306"},"modified":"2018-06-27T17:06:05","modified_gmt":"2018-06-27T21:06:05","slug":"des-theologiens-adventistes-approuvent-une-declaration-sur-leschatologie-biblique","status":"publish","type":"post","link":"https:\/\/interamerica.org\/fr\/2018\/06\/des-theologiens-adventistes-approuvent-une-declaration-sur-leschatologie-biblique\/","title":{"rendered":"Des th\u00e9ologiens Adventistes approuvent une d\u00e9claration sur l\u2019eschatologie biblique"},"content":{"rendered":"<p><span class=\"byline-news\">22 juin 2018 | Rome, Italie | Institut de Recherche Biblique<\/span><\/p>\n<p><em><span class=\"cap\">D<\/span>es th\u00e9ologiens Adventistes du Septi\u00e8me Jour et des administrateurs venus du monde entier r\u00e9unis \u00e0 Rome, en Italie, \u00e0 l\u2019occasion de la Quatri\u00e8me Conf\u00e9rence Biblique Internationale du 11 au 21 juin 2018, ont vot\u00e9 une D\u00e9claration de Consensus lors de la cl\u00f4ture du programme le 20 juin. Le th\u00e8me de la conf\u00e9rence \u00e9tait l\u2019eschatologie biblique, c\u2019est-\u00e0-dire l\u2019\u00e9tude des \u00e9v\u00e9nements des derniers jours selon la Bible. Le document vot\u00e9 r\u00e9affirme la compr\u00e9hension Adventiste de la proph\u00e9tie biblique, des \u00e9v\u00e9nements des temps de la fin, et de ses implications missiologiques pour l\u2019\u00e9glise. Ci-dessous le texte int\u00e9gral du document approuv\u00e9. ~ Les \u00e9diteurs<\/em><\/p>\n<p><strong>D\u00c9CLARATION DE CONSENSUS<br \/>\nQuatri\u00e8me Conf\u00e9rence Biblique Internationale<br \/>\nRome, Italie<br \/>\n11 au 21 juin 2018<br \/>\n<\/strong><\/p>\n<p><strong>Introduction<\/strong><\/p>\n<p>La Quatri\u00e8me Conf\u00e9rence Biblique Internationale a eu lieu \u00e0 Rome, du 11 au 21 juin 2018, autour du th\u00e8me de \u00ab l\u2019Eschatologie Biblique. \u00bb Pr\u00e8s de quatre cents \u00e9rudits, pasteurs, \u00e9ducateurs et dirigeants d\u2019\u00e9glise Adventistes, venus du monde entier et ayant en commun un profond attachement aux Saintes \u00c9critures et une vision biblique du monde, se sont r\u00e9unis pour explorer les perspectives bibliques, th\u00e9ologiques, historiques, \u00e9thiques, missiologiques et scientifiques sur l\u2019eschatologie. L\u2019objectif de la conf\u00e9rence \u00e9tait d\u2019affirmer et d\u2019explorer l\u2019eschatologie biblique, de promouvoir la fraternit\u00e9 et l\u2019unit\u00e9, et d\u2019amener un renouvellement dans notre perception des temps dans lesquels nous vivons afin d\u2019\u00eatre mieux \u00e9quip\u00e9s pour servir le Seigneur et Son \u00c9glise. Nous avons \u00e9t\u00e9 spirituellement et intellectuellement enrichis par l\u2019\u00e9tude de la Bible et les moments de culte, les moments de pri\u00e8re, les pr\u00e9sentations, les discussions et les visites \u00e9ducatives des sites bibliques, historiques et arch\u00e9ologiques importants.<\/p>\n<p>En tant qu\u2019Adventistes du Septi\u00e8me Jour, nous sommes encourag\u00e9s par la conviction personnelle et profonde de la proximit\u00e9 de la venue du Christ en tant qu\u2019\u00e9v\u00e9nement litt\u00e9ral, visible, personnel et mondial. Nous sommes tr\u00e8s conscients des d\u00e9fis qui se posent \u00e0 l\u2019approche historiciste de l\u2019eschatologie biblique. Ces d\u00e9fis incluent des approches pr\u00e9t\u00e9ristes, futuristes et id\u00e9alistes des livres de Daniel et de l\u2019Apocalypse, des cosmologies scientifiques qui engendrent le scepticisme au sujet d\u2019une r\u00e9solution divine surnaturelle du probl\u00e8me du p\u00e9ch\u00e9 et de la mort, et la sp\u00e9culation \u00e0 propos des choses qui n\u2019ont pas \u00e9t\u00e9 r\u00e9v\u00e9l\u00e9es.<\/p>\n<p><strong>D\u00e9claration d\u2019Affirmation<\/strong><\/p>\n<p>Attach\u00e9s aux principes de <em>sola <\/em>et <em>tota Scriptura<\/em>, nous affirmons par la pr\u00e9sente que l\u2019\u00c9glise Adventiste du Septi\u00e8me Jour, suscit\u00e9e dans le cadre de l\u2019accomplissement de la proph\u00e9tie biblique vers la fin de l\u2019histoire de la Terre, a une perspective eschatologique qui fait partie int\u00e9grante de sa th\u00e9ologie, de son message, et de sa mission.<\/p>\n<p>Nous affirmons que l\u2019eschatologie trouve son origine dans le Dieu trinitaire. Lorsque les temps annonc\u00e9s ont \u00e9t\u00e9 accomplis, Dieu le P\u00e8re a envoy\u00e9 Son Fils J\u00e9sus-Christ pour nous racheter et nous adopter comme Ses enfants (<a class=\"rtBibleRef\" href=\"https:\/\/biblia.com\/bible\/nkjv\/Gal%204.4-5\" target=\"_blank\" rel=\"noopener\" data-reference=\"Gal 4.4-5\" data-version=\"nkjv\" data-purpose=\"bible-reference\">Gal 4:4-5<\/a>) et faire avancer Son plan de salut qui atteindra son point culminant avec le r\u00e8gne glorieux de J\u00e9sus apr\u00e8s Sa parousie.<\/p>\n<p>Nous affirmons que J\u00e9sus-Christ avec Sa vie, Sa mort et Sa r\u00e9surrection, est le centre de notre esp\u00e9rance eschatologique. Par le Saint-Esprit, Il confirme les croyants individuels comme \u00e9tant enfants et h\u00e9ritiers de Dieu, alors qu\u2019ils attendent avec impatience d\u2019\u00eatre finalement affranchis de toute corruption (<a class=\"rtBibleRef\" href=\"https:\/\/biblia.com\/bible\/nkjv\/Rom%208.14-25\" target=\"_blank\" rel=\"noopener\" data-reference=\"Rom 8.14-25\" data-version=\"nkjv\" data-purpose=\"bible-reference\">Rom 8:14-25<\/a>). Par le Saint-Esprit, le Christ conduit \u00e9galement Son \u00e9glise \u00e0 comprendre et \u00e0 interpr\u00e9ter correctement les \u00c9critures afin qu\u2019elle accomplisse sa mission, et nous am\u00e8ne \u00e0 une ob\u00e9issance joyeuse de Sa parole.<\/p>\n<p>Nous affirmons que l\u2019eschatologie biblique repr\u00e9sente la r\u00e9solution historique et compl\u00e8te par Dieu des probl\u00e8mes caus\u00e9s par l\u2019introduction du p\u00e9ch\u00e9 dans l\u2019univers.<\/p>\n<p>Nous affirmons que dans l\u2019eschatologie biblique, Dieu confirme Ses promesses et encourage Son peuple \u00e0 vivre d\u2019une mani\u00e8re ad\u00e9quate \u00e0 la lumi\u00e8re de l\u2019eschaton.<\/p>\n<p>Nous affirmons l\u2019exactitude historique du r\u00e9cit biblique de la cr\u00e9ation, de la chute et du d\u00e9luge global comme \u00e9tant essentielle \u00e0 une compr\u00e9hension correcte de l\u2019eschatologie biblique.<\/p>\n<p>Nous affirmons que les livres apocalyptiques de Daniel et de l\u2019Apocalypse sont fondamentaux pour la compr\u00e9hension de l\u2019eschatologie biblique et que la m\u00e9thode historiciste est la bonne approche pour les interpr\u00e9ter.<\/p>\n<p>Nous affirmons les messages des trois anges d\u2019Apocalypse 14, avec leurs v\u00e9rit\u00e9s interconnect\u00e9es de l\u2019\u00e9vangile \u00e9ternel, du minist\u00e8re du Christ dans le sanctuaire c\u00e9leste, des commandements de Dieu, y compris le sabbat du septi\u00e8me jour, et du t\u00e9moignage de J\u00e9sus, du jugement pr\u00e9c\u00e9dant l\u2019Av\u00e8nement, de la seconde venue de Christ pour ressusciter et racheter Son peuple de la terre, suivi du mill\u00e9nium dans le ciel, du jugement final du p\u00e9ch\u00e9 et des p\u00e9cheurs avec leur destruction dans l\u2019\u00e9tang de feu, qui est la seconde mort, et la re-cr\u00e9ation par Dieu de cette terre pour qu\u2019elle soit la demeure \u00e9ternelle de son peuple.<\/p>\n<p>Nous affirmons que nous avons la responsabilit\u00e9 de prendre soin de la cr\u00e9ation de Dieu, y compris de notre corps qui est le temple du Saint-Esprit, et aussi de refl\u00e9ter le caract\u00e8re d\u2019amour de Dieu pour tous les peuples, les exhortant \u00e0 accepter ce dernier message d\u2019esp\u00e9rance pour un monde \u00e0 l\u2019agonie.<\/p>\n<p><strong>Implications Missiologiques<\/strong><\/p>\n<p>Tous les membres de l\u2019\u00c9glise Adventiste du Septi\u00e8me Jour devraient partager avec le monde cette vision eschatologique. Face \u00e0 l\u2019augmentation du scepticisme face \u00e0 cette esp\u00e9rance \u00e0 venir et aux tentatives futiles de construire un paradis sur terre, nous acceptons le d\u00e9fi consistant \u00e0 proclamer cette eschatologie biblique dans nos divers contextes et nous nous consacrons \u00e0 cette t\u00e2che qui vise \u00e0 trouver des approches efficaces pour relever ces d\u00e9fis.<\/p>\n<p>Traduction: Patrick Luciathe<\/p>\n","protected":false},"excerpt":{"rendered":"<p>22 juin 2018 | Rome, Italie | Institut de Recherche Biblique Des th\u00e9ologiens Adventistes du Septi\u00e8me Jour et des administrateurs venus du monde entier r\u00e9unis \u00e0 Rome, en Italie, \u00e0&#8230;<\/p>\n","protected":false},"author":3,"featured_media":42288,"comment_status":"open","ping_status":"closed","sticky":false,"template":"","format":"standard","meta":{"_acf_changed":false,"footnotes":""},"categories":[18,19],"tags":[],"class_list":["post-42306","post","type-post","status-publish","format-standard","has-post-thumbnail","hentry","category-nouvelles-de-leglise-mondiale","category-rss-francais"],"acf":[],"yoast_head":"<!-- This site is optimized with the Yoast SEO plugin v27.3 - https:\/\/yoast.com\/product\/yoast-seo-wordpress\/ -->\n<title>Des th\u00e9ologiens Adventistes approuvent une d\u00e9claration sur l\u2019eschatologie biblique - \u00c9glise Adventiste Du Septieme Jour - Inter Am\u00e9rique Division<\/title>\n<meta name=\"robots\" content=\"index, follow, max-snippet:-1, max-image-preview:large, max-video-preview:-1\" \/>\n<link rel=\"canonical\" href=\"https:\/\/interamerica.org\/fr\/2018\/06\/des-theologiens-adventistes-approuvent-une-declaration-sur-leschatologie-biblique\/\" \/>\n<meta property=\"og:locale\" content=\"fr_FR\" \/>\n<meta property=\"og:type\" content=\"article\" \/>\n<meta property=\"og:title\" content=\"Des th\u00e9ologiens Adventistes approuvent une d\u00e9claration sur l\u2019eschatologie biblique - \u00c9glise Adventiste Du Septieme Jour - Inter Am\u00e9rique Division\" \/>\n<meta property=\"og:description\" content=\"22 juin 2018 | Rome, Italie | Institut de Recherche Biblique Des th\u00e9ologiens Adventistes du Septi\u00e8me Jour et des administrateurs venus du monde entier r\u00e9unis \u00e0 Rome, en Italie, \u00e0...\" \/>\n<meta property=\"og:url\" content=\"https:\/\/interamerica.org\/fr\/2018\/06\/des-theologiens-adventistes-approuvent-une-declaration-sur-leschatologie-biblique\/\" \/>\n<meta property=\"og:site_name\" content=\"\u00c9glise Adventiste Du Septieme Jour - Inter Am\u00e9rique Division\" \/>\n<meta property=\"article:published_time\" content=\"2018-06-25T14:07:39+00:00\" \/>\n<meta property=\"article:modified_time\" content=\"2018-06-27T21:06:05+00:00\" \/>\n<meta property=\"og:image\" content=\"https:\/\/interamerica.org\/wp-content\/uploads\/2018\/06\/clouds-unsplash.jpg\" \/>\n\t<meta property=\"og:image:width\" content=\"1280\" \/>\n\t<meta property=\"og:image:height\" content=\"800\" \/>\n\t<meta property=\"og:image:type\" content=\"image\/jpeg\" \/>\n<meta name=\"author\" content=\"libna\" \/>\n<meta name=\"twitter:card\" content=\"summary_large_image\" \/>\n<meta name=\"twitter:label1\" content=\"\u00c9crit par\" \/>\n\t<meta name=\"twitter:data1\" content=\"libna\" \/>\n\t<meta name=\"twitter:label2\" content=\"Dur\u00e9e de lecture estim\u00e9e\" \/>\n\t<meta name=\"twitter:data2\" content=\"5 minutes\" \/>\n<script type=\"application\/ld+json\" class=\"yoast-schema-graph\">{\"@context\":\"https:\\\/\\\/schema.org\",\"@graph\":[{\"@type\":\"Article\",\"@id\":\"https:\\\/\\\/interamerica.org\\\/fr\\\/2018\\\/06\\\/des-theologiens-adventistes-approuvent-une-declaration-sur-leschatologie-biblique\\\/#article\",\"isPartOf\":{\"@id\":\"https:\\\/\\\/interamerica.org\\\/fr\\\/2018\\\/06\\\/des-theologiens-adventistes-approuvent-une-declaration-sur-leschatologie-biblique\\\/\"},\"author\":{\"name\":\"libna\",\"@id\":\"https:\\\/\\\/interamerica.org\\\/fr\\\/#\\\/schema\\\/person\\\/29998f2bc2d8bd0d38662909289b54f1\"},\"headline\":\"Des th\u00e9ologiens Adventistes approuvent une d\u00e9claration sur l\u2019eschatologie biblique\",\"datePublished\":\"2018-06-25T14:07:39+00:00\",\"dateModified\":\"2018-06-27T21:06:05+00:00\",\"mainEntityOfPage\":{\"@id\":\"https:\\\/\\\/interamerica.org\\\/fr\\\/2018\\\/06\\\/des-theologiens-adventistes-approuvent-une-declaration-sur-leschatologie-biblique\\\/\"},\"wordCount\":1029,\"commentCount\":0,\"image\":{\"@id\":\"https:\\\/\\\/interamerica.org\\\/fr\\\/2018\\\/06\\\/des-theologiens-adventistes-approuvent-une-declaration-sur-leschatologie-biblique\\\/#primaryimage\"},\"thumbnailUrl\":\"https:\\\/\\\/interamerica.org\\\/wp-content\\\/uploads\\\/2018\\\/06\\\/clouds-unsplash.jpg\",\"articleSection\":[\"Nouvelles de l'\u00c9glise mondiale\",\"RSS Fran\u00e7ais\"],\"inLanguage\":\"fr-FR\",\"potentialAction\":[{\"@type\":\"CommentAction\",\"name\":\"Comment\",\"target\":[\"https:\\\/\\\/interamerica.org\\\/fr\\\/2018\\\/06\\\/des-theologiens-adventistes-approuvent-une-declaration-sur-leschatologie-biblique\\\/#respond\"]}]},{\"@type\":\"WebPage\",\"@id\":\"https:\\\/\\\/interamerica.org\\\/fr\\\/2018\\\/06\\\/des-theologiens-adventistes-approuvent-une-declaration-sur-leschatologie-biblique\\\/\",\"url\":\"https:\\\/\\\/interamerica.org\\\/fr\\\/2018\\\/06\\\/des-theologiens-adventistes-approuvent-une-declaration-sur-leschatologie-biblique\\\/\",\"name\":\"Des th\u00e9ologiens Adventistes approuvent une d\u00e9claration sur l\u2019eschatologie biblique - \u00c9glise Adventiste Du Septieme Jour - Inter Am\u00e9rique Division\",\"isPartOf\":{\"@id\":\"https:\\\/\\\/interamerica.org\\\/fr\\\/#website\"},\"primaryImageOfPage\":{\"@id\":\"https:\\\/\\\/interamerica.org\\\/fr\\\/2018\\\/06\\\/des-theologiens-adventistes-approuvent-une-declaration-sur-leschatologie-biblique\\\/#primaryimage\"},\"image\":{\"@id\":\"https:\\\/\\\/interamerica.org\\\/fr\\\/2018\\\/06\\\/des-theologiens-adventistes-approuvent-une-declaration-sur-leschatologie-biblique\\\/#primaryimage\"},\"thumbnailUrl\":\"https:\\\/\\\/interamerica.org\\\/wp-content\\\/uploads\\\/2018\\\/06\\\/clouds-unsplash.jpg\",\"datePublished\":\"2018-06-25T14:07:39+00:00\",\"dateModified\":\"2018-06-27T21:06:05+00:00\",\"author\":{\"@id\":\"https:\\\/\\\/interamerica.org\\\/fr\\\/#\\\/schema\\\/person\\\/29998f2bc2d8bd0d38662909289b54f1\"},\"breadcrumb\":{\"@id\":\"https:\\\/\\\/interamerica.org\\\/fr\\\/2018\\\/06\\\/des-theologiens-adventistes-approuvent-une-declaration-sur-leschatologie-biblique\\\/#breadcrumb\"},\"inLanguage\":\"fr-FR\",\"potentialAction\":[{\"@type\":\"ReadAction\",\"target\":[\"https:\\\/\\\/interamerica.org\\\/fr\\\/2018\\\/06\\\/des-theologiens-adventistes-approuvent-une-declaration-sur-leschatologie-biblique\\\/\"]}]},{\"@type\":\"ImageObject\",\"inLanguage\":\"fr-FR\",\"@id\":\"https:\\\/\\\/interamerica.org\\\/fr\\\/2018\\\/06\\\/des-theologiens-adventistes-approuvent-une-declaration-sur-leschatologie-biblique\\\/#primaryimage\",\"url\":\"https:\\\/\\\/interamerica.org\\\/wp-content\\\/uploads\\\/2018\\\/06\\\/clouds-unsplash.jpg\",\"contentUrl\":\"https:\\\/\\\/interamerica.org\\\/wp-content\\\/uploads\\\/2018\\\/06\\\/clouds-unsplash.jpg\",\"width\":1280,\"height\":800},{\"@type\":\"BreadcrumbList\",\"@id\":\"https:\\\/\\\/interamerica.org\\\/fr\\\/2018\\\/06\\\/des-theologiens-adventistes-approuvent-une-declaration-sur-leschatologie-biblique\\\/#breadcrumb\",\"itemListElement\":[{\"@type\":\"ListItem\",\"position\":1,\"name\":\"Home\",\"item\":\"https:\\\/\\\/interamerica.org\\\/fr\\\/\"},{\"@type\":\"ListItem\",\"position\":2,\"name\":\"Des th\u00e9ologiens Adventistes approuvent une d\u00e9claration sur l\u2019eschatologie biblique\"}]},{\"@type\":\"WebSite\",\"@id\":\"https:\\\/\\\/interamerica.org\\\/fr\\\/#website\",\"url\":\"https:\\\/\\\/interamerica.org\\\/fr\\\/\",\"name\":\"\u00c9glise Adventiste Du Septieme Jour - Inter Am\u00e9rique Division\",\"description\":\"\",\"potentialAction\":[{\"@type\":\"SearchAction\",\"target\":{\"@type\":\"EntryPoint\",\"urlTemplate\":\"https:\\\/\\\/interamerica.org\\\/fr\\\/?s={search_term_string}\"},\"query-input\":{\"@type\":\"PropertyValueSpecification\",\"valueRequired\":true,\"valueName\":\"search_term_string\"}}],\"inLanguage\":\"fr-FR\"},{\"@type\":\"Person\",\"@id\":\"https:\\\/\\\/interamerica.org\\\/fr\\\/#\\\/schema\\\/person\\\/29998f2bc2d8bd0d38662909289b54f1\",\"name\":\"libna\",\"image\":{\"@type\":\"ImageObject\",\"inLanguage\":\"fr-FR\",\"@id\":\"https:\\\/\\\/secure.gravatar.com\\\/avatar\\\/7c5bd30ae4b47a9ba3c856590957fd1d96dc588bf3ac05719d247e126840331f?s=96&d=mm&r=g\",\"url\":\"https:\\\/\\\/secure.gravatar.com\\\/avatar\\\/7c5bd30ae4b47a9ba3c856590957fd1d96dc588bf3ac05719d247e126840331f?s=96&d=mm&r=g\",\"contentUrl\":\"https:\\\/\\\/secure.gravatar.com\\\/avatar\\\/7c5bd30ae4b47a9ba3c856590957fd1d96dc588bf3ac05719d247e126840331f?s=96&d=mm&r=g\",\"caption\":\"libna\"}}]}<\/script>\n<!-- \/ Yoast SEO plugin. -->","yoast_head_json":{"title":"Des th\u00e9ologiens Adventistes approuvent une d\u00e9claration sur l\u2019eschatologie biblique - \u00c9glise Adventiste Du Septieme Jour - Inter Am\u00e9rique Division","robots":{"index":"index","follow":"follow","max-snippet":"max-snippet:-1","max-image-preview":"max-image-preview:large","max-video-preview":"max-video-preview:-1"},"canonical":"https:\/\/interamerica.org\/fr\/2018\/06\/des-theologiens-adventistes-approuvent-une-declaration-sur-leschatologie-biblique\/","og_locale":"fr_FR","og_type":"article","og_title":"Des th\u00e9ologiens Adventistes approuvent une d\u00e9claration sur l\u2019eschatologie biblique - \u00c9glise Adventiste Du Septieme Jour - Inter Am\u00e9rique Division","og_description":"22 juin 2018 | Rome, Italie | Institut de Recherche Biblique Des th\u00e9ologiens Adventistes du Septi\u00e8me Jour et des administrateurs venus du monde entier r\u00e9unis \u00e0 Rome, en Italie, \u00e0...","og_url":"https:\/\/interamerica.org\/fr\/2018\/06\/des-theologiens-adventistes-approuvent-une-declaration-sur-leschatologie-biblique\/","og_site_name":"\u00c9glise Adventiste Du Septieme Jour - Inter Am\u00e9rique Division","article_published_time":"2018-06-25T14:07:39+00:00","article_modified_time":"2018-06-27T21:06:05+00:00","og_image":[{"width":1280,"height":800,"url":"https:\/\/interamerica.org\/wp-content\/uploads\/2018\/06\/clouds-unsplash.jpg","type":"image\/jpeg"}],"author":"libna","twitter_card":"summary_large_image","twitter_misc":{"\u00c9crit par":"libna","Dur\u00e9e de lecture estim\u00e9e":"5 minutes"},"schema":{"@context":"https:\/\/schema.org","@graph":[{"@type":"Article","@id":"https:\/\/interamerica.org\/fr\/2018\/06\/des-theologiens-adventistes-approuvent-une-declaration-sur-leschatologie-biblique\/#article","isPartOf":{"@id":"https:\/\/interamerica.org\/fr\/2018\/06\/des-theologiens-adventistes-approuvent-une-declaration-sur-leschatologie-biblique\/"},"author":{"name":"libna","@id":"https:\/\/interamerica.org\/fr\/#\/schema\/person\/29998f2bc2d8bd0d38662909289b54f1"},"headline":"Des th\u00e9ologiens Adventistes approuvent une d\u00e9claration sur l\u2019eschatologie biblique","datePublished":"2018-06-25T14:07:39+00:00","dateModified":"2018-06-27T21:06:05+00:00","mainEntityOfPage":{"@id":"https:\/\/interamerica.org\/fr\/2018\/06\/des-theologiens-adventistes-approuvent-une-declaration-sur-leschatologie-biblique\/"},"wordCount":1029,"commentCount":0,"image":{"@id":"https:\/\/interamerica.org\/fr\/2018\/06\/des-theologiens-adventistes-approuvent-une-declaration-sur-leschatologie-biblique\/#primaryimage"},"thumbnailUrl":"https:\/\/interamerica.org\/wp-content\/uploads\/2018\/06\/clouds-unsplash.jpg","articleSection":["Nouvelles de l'\u00c9glise mondiale","RSS Fran\u00e7ais"],"inLanguage":"fr-FR","potentialAction":[{"@type":"CommentAction","name":"Comment","target":["https:\/\/interamerica.org\/fr\/2018\/06\/des-theologiens-adventistes-approuvent-une-declaration-sur-leschatologie-biblique\/#respond"]}]},{"@type":"WebPage","@id":"https:\/\/interamerica.org\/fr\/2018\/06\/des-theologiens-adventistes-approuvent-une-declaration-sur-leschatologie-biblique\/","url":"https:\/\/interamerica.org\/fr\/2018\/06\/des-theologiens-adventistes-approuvent-une-declaration-sur-leschatologie-biblique\/","name":"Des th\u00e9ologiens Adventistes approuvent une d\u00e9claration sur l\u2019eschatologie biblique - \u00c9glise Adventiste Du Septieme Jour - Inter Am\u00e9rique Division","isPartOf":{"@id":"https:\/\/interamerica.org\/fr\/#website"},"primaryImageOfPage":{"@id":"https:\/\/interamerica.org\/fr\/2018\/06\/des-theologiens-adventistes-approuvent-une-declaration-sur-leschatologie-biblique\/#primaryimage"},"image":{"@id":"https:\/\/interamerica.org\/fr\/2018\/06\/des-theologiens-adventistes-approuvent-une-declaration-sur-leschatologie-biblique\/#primaryimage"},"thumbnailUrl":"https:\/\/interamerica.org\/wp-content\/uploads\/2018\/06\/clouds-unsplash.jpg","datePublished":"2018-06-25T14:07:39+00:00","dateModified":"2018-06-27T21:06:05+00:00","author":{"@id":"https:\/\/interamerica.org\/fr\/#\/schema\/person\/29998f2bc2d8bd0d38662909289b54f1"},"breadcrumb":{"@id":"https:\/\/interamerica.org\/fr\/2018\/06\/des-theologiens-adventistes-approuvent-une-declaration-sur-leschatologie-biblique\/#breadcrumb"},"inLanguage":"fr-FR","potentialAction":[{"@type":"ReadAction","target":["https:\/\/interamerica.org\/fr\/2018\/06\/des-theologiens-adventistes-approuvent-une-declaration-sur-leschatologie-biblique\/"]}]},{"@type":"ImageObject","inLanguage":"fr-FR","@id":"https:\/\/interamerica.org\/fr\/2018\/06\/des-theologiens-adventistes-approuvent-une-declaration-sur-leschatologie-biblique\/#primaryimage","url":"https:\/\/interamerica.org\/wp-content\/uploads\/2018\/06\/clouds-unsplash.jpg","contentUrl":"https:\/\/interamerica.org\/wp-content\/uploads\/2018\/06\/clouds-unsplash.jpg","width":1280,"height":800},{"@type":"BreadcrumbList","@id":"https:\/\/interamerica.org\/fr\/2018\/06\/des-theologiens-adventistes-approuvent-une-declaration-sur-leschatologie-biblique\/#breadcrumb","itemListElement":[{"@type":"ListItem","position":1,"name":"Home","item":"https:\/\/interamerica.org\/fr\/"},{"@type":"ListItem","position":2,"name":"Des th\u00e9ologiens Adventistes approuvent une d\u00e9claration sur l\u2019eschatologie biblique"}]},{"@type":"WebSite","@id":"https:\/\/interamerica.org\/fr\/#website","url":"https:\/\/interamerica.org\/fr\/","name":"\u00c9glise Adventiste Du Septieme Jour - Inter Am\u00e9rique Division","description":"","potentialAction":[{"@type":"SearchAction","target":{"@type":"EntryPoint","urlTemplate":"https:\/\/interamerica.org\/fr\/?s={search_term_string}"},"query-input":{"@type":"PropertyValueSpecification","valueRequired":true,"valueName":"search_term_string"}}],"inLanguage":"fr-FR"},{"@type":"Person","@id":"https:\/\/interamerica.org\/fr\/#\/schema\/person\/29998f2bc2d8bd0d38662909289b54f1","name":"libna","image":{"@type":"ImageObject","inLanguage":"fr-FR","@id":"https:\/\/secure.gravatar.com\/avatar\/7c5bd30ae4b47a9ba3c856590957fd1d96dc588bf3ac05719d247e126840331f?s=96&d=mm&r=g","url":"https:\/\/secure.gravatar.com\/avatar\/7c5bd30ae4b47a9ba3c856590957fd1d96dc588bf3ac05719d247e126840331f?s=96&d=mm&r=g","contentUrl":"https:\/\/secure.gravatar.com\/avatar\/7c5bd30ae4b47a9ba3c856590957fd1d96dc588bf3ac05719d247e126840331f?s=96&d=mm&r=g","caption":"libna"}}]}},"_links":{"self":[{"href":"https:\/\/interamerica.org\/fr\/wp-json\/wp\/v2\/posts\/42306","targetHints":{"allow":["GET"]}}],"collection":[{"href":"https:\/\/interamerica.org\/fr\/wp-json\/wp\/v2\/posts"}],"about":[{"href":"https:\/\/interamerica.org\/fr\/wp-json\/wp\/v2\/types\/post"}],"author":[{"embeddable":true,"href":"https:\/\/interamerica.org\/fr\/wp-json\/wp\/v2\/users\/3"}],"replies":[{"embeddable":true,"href":"https:\/\/interamerica.org\/fr\/wp-json\/wp\/v2\/comments?post=42306"}],"version-history":[{"count":0,"href":"https:\/\/interamerica.org\/fr\/wp-json\/wp\/v2\/posts\/42306\/revisions"}],"wp:featuredmedia":[{"embeddable":true,"href":"https:\/\/interamerica.org\/fr\/wp-json\/wp\/v2\/media\/42288"}],"wp:attachment":[{"href":"https:\/\/interamerica.org\/fr\/wp-json\/wp\/v2\/media?parent=42306"}],"wp:term":[{"taxonomy":"category","embeddable":true,"href":"https:\/\/interamerica.org\/fr\/wp-json\/wp\/v2\/categories?post=42306"},{"taxonomy":"post_tag","embeddable":true,"href":"https:\/\/interamerica.org\/fr\/wp-json\/wp\/v2\/tags?post=42306"}],"curies":[{"name":"wp","href":"https:\/\/api.w.org\/{rel}","templated":true}]}}