{"id":42307,"date":"2018-06-25T15:01:55","date_gmt":"2018-06-25T19:01:55","guid":{"rendered":"https:\/\/recursing-golick.147-182-135-0.plesk.page\/?p=42307"},"modified":"2018-06-26T09:53:52","modified_gmt":"2018-06-26T13:53:52","slug":"parlons-du-suicide-et-dautres-problemes-mentaux","status":"publish","type":"post","link":"https:\/\/interamerica.org\/fr\/2018\/06\/parlons-du-suicide-et-dautres-problemes-mentaux\/","title":{"rendered":"Parlons du suicide et d\u2019autres probl\u00e8mes mentaux"},"content":{"rendered":"<p><span class=\"byline-news\">21 juin 2018 | Loma Linda, Californie, United Stevens | Janelle Ringer, P\u00f4le Information de l\u2019Universit\u00e9 de Loma Linda<\/span><\/p>\n<p><span class=\"cap\">M<\/span>elissa J. Pereau a une passion : aider les gens qui sont \u00e0 un moment critique de leur vie, ce qui explique pourquoi la psychiatre passe ses journ\u00e9es \u00e0 travailler avec des patients qui pensent \u00e0 ou qui ont tent\u00e9 de se suicider. En tant que directrice m\u00e9dicale et psychiatre au Centre de M\u00e9decine Comportementale de l\u2019Universit\u00e9 de Loma Linda, Melissa Pereau est quotidiennement confront\u00e9e aux r\u00e9alit\u00e9s du suicide et \u00e0 la fa\u00e7on dont le sujet &#8211; et d\u2019autres sujets li\u00e9s \u00e0 la sant\u00e9 mentale &#8211; affecte quelque part chaque communaut\u00e9.<\/p>\n<p>Malgr\u00e9 la pr\u00e9valence des probl\u00e8mes de sant\u00e9 mentale, les tentatives de discussion sont souvent repouss\u00e9es en raison du caract\u00e8re sensible qu\u2019ont ces questions. Bien que les r\u00e9cents suicides tr\u00e8s m\u00e9diatis\u00e9s aux \u00c9tats-Unis aient suscit\u00e9 des questions qui ont incit\u00e9 les gens \u00e0 s\u2019attaquer directement au probl\u00e8me, le probl\u00e8me est bien plus vaste. Le taux de suicide aux \u00c9tats-Unis a augment\u00e9 de 30 pourcent depuis le milieu des ann\u00e9es 1990, selon les Centres pour le Contr\u00f4le et la Pr\u00e9vention des Maladies. En moyenne, il y a 123 suicides par jour aux \u00c9tats-Unis, selon la Fondation Am\u00e9ricaine pour la Pr\u00e9vention du Suicide.<\/p>\n<p>Le travail de Melissa Pereau aupr\u00e8s des patients et de leurs groupes de soutien l\u2019a incit\u00e9e \u00e0 se faire une porte-parole de la sensibilisation aux questions relatives \u00e0 la sant\u00e9 mentale. Son travail \u00e0 l\u2019Universit\u00e9 de Loma Linda, une institution Adventiste du Septi\u00e8me Jour \u00e0 Loma Linda, en Californie, aux \u00c9tats-Unis, l\u2019a expos\u00e9e \u00e0 de nombreuses questions venant des patients, de leurs amis et de leurs familles \u00e0 propos de la sant\u00e9 mentale et du suicide. Melissa Pereau s\u2019est assise pour une interview au cours de laquelle elle a discut\u00e9 des probl\u00e8mes de sant\u00e9 mentale, y compris la recherche de soutien, d\u2019aide et d\u2019outils pour faire face. Voici quelques extraits de l\u2019entrevue.<\/p>\n<p><strong>Comment un ami ou un membre de la famille d\u2019une personne souffrant de probl\u00e8mes de sant\u00e9 mentale devrait-il aborder la conversation d\u2019une fa\u00e7on qui ne soit pas pr\u00e9judiciable ?<\/strong><\/p>\n<p>Assurez-vous de ne pas approcher la personne avec un esprit de jugement. Entrez dans la conversation en \u00e9tant pr\u00eat \u00e0 montrer vos vuln\u00e9rabilit\u00e9s et vos faiblesses. Avoir une d\u00e9marche empreinte d\u2019amour et d\u2019attention peut vous aider \u00e0 mieux aborder le sujet des pens\u00e9es suicidaires ou des sentiments de d\u00e9pression ou d\u2019anxi\u00e9t\u00e9.<\/p>\n<p><strong>Si quelqu\u2019un fait en sorte de ne pas consulter un m\u00e9decin parce qu\u2019il croit qu\u2019il va vraisemblablement recevoir un diagnostic, comment peut-il att\u00e9nuer la peur de se voir coller une \u00e9tiquette ?<\/strong><\/p>\n<p>Le fait que quelqu\u2019un ne veuille pas voir un professionnel de sant\u00e9 mentale parce qu\u2019il a peur de recevoir l\u2019\u00e9tiquette de \u00ab maladie mentale \u00bb peut se comprendre, mais cela n\u2019aide pas la racine du probl\u00e8me. Le probl\u00e8me est le m\u00eame lorsqu\u2019on refuse de consulter un m\u00e9decin de peur de se voir appliquer l\u2019\u00e9tiquette de diab\u00e9tique. Cela signifie que vous souffrez tout de m\u00eame de la maladie. Cela signifie que vous avez besoin d\u2019aide, et qu\u2019il est important que vous obteniez l\u2019aide dont vous avez besoin.<\/p>\n<p><strong>Qu\u2019en est-il lorsque la situation d\u2019un individu contribue grandement \u00e0 sa douleur \u00e9motionnelle ? Comment peut-il savoir ce qui est caus\u00e9 par sa situation et ce qui est d\u00fb \u00e0 une maladie mentale sous-jacente ? <\/strong><\/p>\n<p>Les circonstances de la vie peuvent certainement contribuer aux pens\u00e9es suicidaires, et une personne peut \u00eatre pi\u00e9g\u00e9e et isol\u00e9e par ces circonstances. Avoir du soutien et avoir des personnes vers qui on peut se tourner est plus important que toute autre chose dans ces situations. Ne pas \u00eatre seul peut aider dans les deux cas de figure, qu\u2019il s&rsquo;agisse de maladie mentale ou de circonstances de la vie.<\/p>\n<p><strong>Y a-t-il des mots ou des phrases que vous conseilleriez aux gens d\u2019\u00e9viter lorsqu\u2019ils parlent de sant\u00e9 mentale ?<\/strong><\/p>\n<p>Il est important d\u2019\u00e9viter les choses qui dramatisent la maladie mentale, la sant\u00e9 mentale, les d\u00e9tails du suicide ou les d\u00e9tails de la maladie. Ces choses peuvent \u00eatre des \u00e9l\u00e9ments tr\u00e8s d\u00e9clencheurs. Demandez plut\u00f4t ce avec quoi la personne est en train de lutter ou ce qui cause sa souffrance. Ces questions offrent beaucoup plus de r\u00e9confort que le fait d\u2019entrer dans des d\u00e9tails sp\u00e9cifiques.<\/p>\n<p><strong>Qu\u2019est-ce qu\u2019une \u00e9valuation de sant\u00e9 mentale ?<\/strong><\/p>\n<p>Une \u00e9valuation peut \u00eatre faite par divers professionnels ; elle consid\u00e8re les facteurs de stress pr\u00e9sents et les moyens de traiter ces facteurs de stress. Parfois, elle se penche sur des exp\u00e9riences v\u00e9cues pr\u00e9c\u00e9demment, mais elle examine souvent les exp\u00e9riences de tous les jours, et \u00e0 quelle distance vous vous trouvez de votre rep\u00e8re id\u00e9al. Vous pouvez parler \u00e0 un psychiatre, un psychologue, une assistante sociale, un conseiller, ou m\u00eame \u00e0 votre m\u00e9decin traitant.<\/p>\n<p><strong>Les patients devraient-ils craindre que les antid\u00e9presseurs ou les m\u00e9dicaments psychiatriques ne les transforment en tant qu\u2019individus ?<\/strong><\/p>\n<p>L\u2019objectif des m\u00e9dicaments qui traitent la maladie mentale n\u2019est pas de vous transformer en une personne diff\u00e9rente. Leur r\u00f4le est de vous aider \u00e0 redevenir qui vous \u00e9tiez avant que la maladie n\u2019apparaisse. Souvent, les gens ont peur de donner suffisamment de temps au m\u00e9dicament pour qu\u2019il agisse. Certains antid\u00e9presseurs peuvent prendre jusqu\u2019\u00e0 six semaines ou plus avant d\u2019avoir un effet, alors parlez \u00e0 votre m\u00e9decin pour savoir ce \u00e0 quoi vous devriez vous attendre.<\/p>\n<p><strong>Est-il pr\u00e9f\u00e9rable pour une personne souffrant d\u2019une maladie mentale d\u2019\u00eatre trait\u00e9e par des m\u00e9dicaments ou par une th\u00e9rapie ?<\/strong><\/p>\n<p>La meilleure strat\u00e9gie de gestion implique l\u2019utilisation de m\u00e9dicaments en combinaison avec la relation d\u2019aide et des th\u00e9rapies. Cette approche de la \u00ab personne dans son int\u00e9gralit\u00e9 \u00bb agit de telle sorte que vous parveniez \u00e0 la racine du probl\u00e8me et que l\u2019\u00e9quilibre chimique soit restaur\u00e9 dans le cerveau.<\/p>\n<p><strong>Comment une personne peut-elle m\u00eame commencer \u00e0 faire face au suicide d\u2019un \u00eatre cher ?<\/strong><\/p>\n<p>Restez en contact avec d\u2019autres personnes, soit en vous joignant \u00e0 un groupe de soutien [ou] \u00e0 un petit groupe de personnes en qui vous avez confiance. Il y aura souvent une tendance \u00e0 s\u2019\u00e9loigner des autres, mais sans distractions, vous \u00eates plus susceptible de d\u00e9clencher des souvenirs douloureux de la perte. Travailler \u00e0 adopter des habitudes alimentaires saines et r\u00e9guli\u00e8res et essayer de faire de l\u2019exercice physique et de vous accorder suffisamment de repos, ce qui dans les deux cas peut aider \u00e0 soulager la douleur.<\/p>\n<p>Traduction: Patrick Luciathe<\/p>\n","protected":false},"excerpt":{"rendered":"<p>21 juin 2018 | Loma Linda, Californie, United Stevens | Janelle Ringer, P\u00f4le Information de l\u2019Universit\u00e9 de Loma Linda Melissa J. Pereau a une passion : aider les gens qui&#8230;<\/p>\n","protected":false},"author":3,"featured_media":42292,"comment_status":"open","ping_status":"closed","sticky":false,"template":"","format":"standard","meta":{"_acf_changed":false,"footnotes":""},"categories":[18,19],"tags":[],"class_list":["post-42307","post","type-post","status-publish","format-standard","has-post-thumbnail","hentry","category-nouvelles-de-leglise-mondiale","category-rss-francais"],"acf":[],"yoast_head":"<!-- This site is optimized with the Yoast SEO plugin v27.3 - https:\/\/yoast.com\/product\/yoast-seo-wordpress\/ -->\n<title>Parlons du suicide et d\u2019autres probl\u00e8mes mentaux - \u00c9glise Adventiste Du Septieme Jour - Inter Am\u00e9rique Division<\/title>\n<meta name=\"robots\" content=\"index, follow, max-snippet:-1, max-image-preview:large, max-video-preview:-1\" \/>\n<link rel=\"canonical\" href=\"https:\/\/interamerica.org\/fr\/2018\/06\/parlons-du-suicide-et-dautres-problemes-mentaux\/\" \/>\n<meta property=\"og:locale\" content=\"fr_FR\" \/>\n<meta property=\"og:type\" content=\"article\" \/>\n<meta property=\"og:title\" content=\"Parlons du suicide et d\u2019autres probl\u00e8mes mentaux - \u00c9glise Adventiste Du Septieme Jour - Inter Am\u00e9rique Division\" \/>\n<meta property=\"og:description\" content=\"21 juin 2018 | Loma Linda, Californie, United Stevens | Janelle Ringer, P\u00f4le Information de l\u2019Universit\u00e9 de Loma Linda Melissa J. Pereau a une passion : aider les gens qui...\" \/>\n<meta property=\"og:url\" content=\"https:\/\/interamerica.org\/fr\/2018\/06\/parlons-du-suicide-et-dautres-problemes-mentaux\/\" \/>\n<meta property=\"og:site_name\" content=\"\u00c9glise Adventiste Du Septieme Jour - Inter Am\u00e9rique Division\" \/>\n<meta property=\"article:published_time\" content=\"2018-06-25T19:01:55+00:00\" \/>\n<meta property=\"article:modified_time\" content=\"2018-06-26T13:53:52+00:00\" \/>\n<meta property=\"og:image\" content=\"https:\/\/interamerica.org\/wp-content\/uploads\/2018\/06\/sweet-ice-cream-photography-595402-unsplash.jpg\" \/>\n\t<meta property=\"og:image:width\" content=\"1280\" \/>\n\t<meta property=\"og:image:height\" content=\"800\" \/>\n\t<meta property=\"og:image:type\" content=\"image\/jpeg\" \/>\n<meta name=\"author\" content=\"libna\" \/>\n<meta name=\"twitter:card\" content=\"summary_large_image\" \/>\n<meta name=\"twitter:label1\" content=\"\u00c9crit par\" \/>\n\t<meta name=\"twitter:data1\" content=\"libna\" \/>\n\t<meta name=\"twitter:label2\" content=\"Dur\u00e9e de lecture estim\u00e9e\" \/>\n\t<meta name=\"twitter:data2\" content=\"6 minutes\" \/>\n<script type=\"application\/ld+json\" class=\"yoast-schema-graph\">{\"@context\":\"https:\\\/\\\/schema.org\",\"@graph\":[{\"@type\":\"Article\",\"@id\":\"https:\\\/\\\/interamerica.org\\\/fr\\\/2018\\\/06\\\/parlons-du-suicide-et-dautres-problemes-mentaux\\\/#article\",\"isPartOf\":{\"@id\":\"https:\\\/\\\/interamerica.org\\\/fr\\\/2018\\\/06\\\/parlons-du-suicide-et-dautres-problemes-mentaux\\\/\"},\"author\":{\"name\":\"libna\",\"@id\":\"https:\\\/\\\/interamerica.org\\\/fr\\\/#\\\/schema\\\/person\\\/29998f2bc2d8bd0d38662909289b54f1\"},\"headline\":\"Parlons du suicide et d\u2019autres probl\u00e8mes mentaux\",\"datePublished\":\"2018-06-25T19:01:55+00:00\",\"dateModified\":\"2018-06-26T13:53:52+00:00\",\"mainEntityOfPage\":{\"@id\":\"https:\\\/\\\/interamerica.org\\\/fr\\\/2018\\\/06\\\/parlons-du-suicide-et-dautres-problemes-mentaux\\\/\"},\"wordCount\":1159,\"commentCount\":0,\"image\":{\"@id\":\"https:\\\/\\\/interamerica.org\\\/fr\\\/2018\\\/06\\\/parlons-du-suicide-et-dautres-problemes-mentaux\\\/#primaryimage\"},\"thumbnailUrl\":\"https:\\\/\\\/interamerica.org\\\/wp-content\\\/uploads\\\/2018\\\/06\\\/sweet-ice-cream-photography-595402-unsplash.jpg\",\"articleSection\":[\"Nouvelles de l'\u00c9glise mondiale\",\"RSS Fran\u00e7ais\"],\"inLanguage\":\"fr-FR\",\"potentialAction\":[{\"@type\":\"CommentAction\",\"name\":\"Comment\",\"target\":[\"https:\\\/\\\/interamerica.org\\\/fr\\\/2018\\\/06\\\/parlons-du-suicide-et-dautres-problemes-mentaux\\\/#respond\"]}]},{\"@type\":\"WebPage\",\"@id\":\"https:\\\/\\\/interamerica.org\\\/fr\\\/2018\\\/06\\\/parlons-du-suicide-et-dautres-problemes-mentaux\\\/\",\"url\":\"https:\\\/\\\/interamerica.org\\\/fr\\\/2018\\\/06\\\/parlons-du-suicide-et-dautres-problemes-mentaux\\\/\",\"name\":\"Parlons du suicide et d\u2019autres probl\u00e8mes mentaux - \u00c9glise Adventiste Du Septieme Jour - Inter Am\u00e9rique Division\",\"isPartOf\":{\"@id\":\"https:\\\/\\\/interamerica.org\\\/fr\\\/#website\"},\"primaryImageOfPage\":{\"@id\":\"https:\\\/\\\/interamerica.org\\\/fr\\\/2018\\\/06\\\/parlons-du-suicide-et-dautres-problemes-mentaux\\\/#primaryimage\"},\"image\":{\"@id\":\"https:\\\/\\\/interamerica.org\\\/fr\\\/2018\\\/06\\\/parlons-du-suicide-et-dautres-problemes-mentaux\\\/#primaryimage\"},\"thumbnailUrl\":\"https:\\\/\\\/interamerica.org\\\/wp-content\\\/uploads\\\/2018\\\/06\\\/sweet-ice-cream-photography-595402-unsplash.jpg\",\"datePublished\":\"2018-06-25T19:01:55+00:00\",\"dateModified\":\"2018-06-26T13:53:52+00:00\",\"author\":{\"@id\":\"https:\\\/\\\/interamerica.org\\\/fr\\\/#\\\/schema\\\/person\\\/29998f2bc2d8bd0d38662909289b54f1\"},\"breadcrumb\":{\"@id\":\"https:\\\/\\\/interamerica.org\\\/fr\\\/2018\\\/06\\\/parlons-du-suicide-et-dautres-problemes-mentaux\\\/#breadcrumb\"},\"inLanguage\":\"fr-FR\",\"potentialAction\":[{\"@type\":\"ReadAction\",\"target\":[\"https:\\\/\\\/interamerica.org\\\/fr\\\/2018\\\/06\\\/parlons-du-suicide-et-dautres-problemes-mentaux\\\/\"]}]},{\"@type\":\"ImageObject\",\"inLanguage\":\"fr-FR\",\"@id\":\"https:\\\/\\\/interamerica.org\\\/fr\\\/2018\\\/06\\\/parlons-du-suicide-et-dautres-problemes-mentaux\\\/#primaryimage\",\"url\":\"https:\\\/\\\/interamerica.org\\\/wp-content\\\/uploads\\\/2018\\\/06\\\/sweet-ice-cream-photography-595402-unsplash.jpg\",\"contentUrl\":\"https:\\\/\\\/interamerica.org\\\/wp-content\\\/uploads\\\/2018\\\/06\\\/sweet-ice-cream-photography-595402-unsplash.jpg\",\"width\":1280,\"height\":800},{\"@type\":\"BreadcrumbList\",\"@id\":\"https:\\\/\\\/interamerica.org\\\/fr\\\/2018\\\/06\\\/parlons-du-suicide-et-dautres-problemes-mentaux\\\/#breadcrumb\",\"itemListElement\":[{\"@type\":\"ListItem\",\"position\":1,\"name\":\"Home\",\"item\":\"https:\\\/\\\/interamerica.org\\\/fr\\\/\"},{\"@type\":\"ListItem\",\"position\":2,\"name\":\"Parlons du suicide et d\u2019autres probl\u00e8mes mentaux\"}]},{\"@type\":\"WebSite\",\"@id\":\"https:\\\/\\\/interamerica.org\\\/fr\\\/#website\",\"url\":\"https:\\\/\\\/interamerica.org\\\/fr\\\/\",\"name\":\"\u00c9glise Adventiste Du Septieme Jour - Inter Am\u00e9rique Division\",\"description\":\"\",\"potentialAction\":[{\"@type\":\"SearchAction\",\"target\":{\"@type\":\"EntryPoint\",\"urlTemplate\":\"https:\\\/\\\/interamerica.org\\\/fr\\\/?s={search_term_string}\"},\"query-input\":{\"@type\":\"PropertyValueSpecification\",\"valueRequired\":true,\"valueName\":\"search_term_string\"}}],\"inLanguage\":\"fr-FR\"},{\"@type\":\"Person\",\"@id\":\"https:\\\/\\\/interamerica.org\\\/fr\\\/#\\\/schema\\\/person\\\/29998f2bc2d8bd0d38662909289b54f1\",\"name\":\"libna\",\"image\":{\"@type\":\"ImageObject\",\"inLanguage\":\"fr-FR\",\"@id\":\"https:\\\/\\\/secure.gravatar.com\\\/avatar\\\/7c5bd30ae4b47a9ba3c856590957fd1d96dc588bf3ac05719d247e126840331f?s=96&d=mm&r=g\",\"url\":\"https:\\\/\\\/secure.gravatar.com\\\/avatar\\\/7c5bd30ae4b47a9ba3c856590957fd1d96dc588bf3ac05719d247e126840331f?s=96&d=mm&r=g\",\"contentUrl\":\"https:\\\/\\\/secure.gravatar.com\\\/avatar\\\/7c5bd30ae4b47a9ba3c856590957fd1d96dc588bf3ac05719d247e126840331f?s=96&d=mm&r=g\",\"caption\":\"libna\"}}]}<\/script>\n<!-- \/ Yoast SEO plugin. -->","yoast_head_json":{"title":"Parlons du suicide et d\u2019autres probl\u00e8mes mentaux - \u00c9glise Adventiste Du Septieme Jour - Inter Am\u00e9rique Division","robots":{"index":"index","follow":"follow","max-snippet":"max-snippet:-1","max-image-preview":"max-image-preview:large","max-video-preview":"max-video-preview:-1"},"canonical":"https:\/\/interamerica.org\/fr\/2018\/06\/parlons-du-suicide-et-dautres-problemes-mentaux\/","og_locale":"fr_FR","og_type":"article","og_title":"Parlons du suicide et d\u2019autres probl\u00e8mes mentaux - \u00c9glise Adventiste Du Septieme Jour - Inter Am\u00e9rique Division","og_description":"21 juin 2018 | Loma Linda, Californie, United Stevens | Janelle Ringer, P\u00f4le Information de l\u2019Universit\u00e9 de Loma Linda Melissa J. Pereau a une passion : aider les gens qui...","og_url":"https:\/\/interamerica.org\/fr\/2018\/06\/parlons-du-suicide-et-dautres-problemes-mentaux\/","og_site_name":"\u00c9glise Adventiste Du Septieme Jour - Inter Am\u00e9rique Division","article_published_time":"2018-06-25T19:01:55+00:00","article_modified_time":"2018-06-26T13:53:52+00:00","og_image":[{"width":1280,"height":800,"url":"https:\/\/interamerica.org\/wp-content\/uploads\/2018\/06\/sweet-ice-cream-photography-595402-unsplash.jpg","type":"image\/jpeg"}],"author":"libna","twitter_card":"summary_large_image","twitter_misc":{"\u00c9crit par":"libna","Dur\u00e9e de lecture estim\u00e9e":"6 minutes"},"schema":{"@context":"https:\/\/schema.org","@graph":[{"@type":"Article","@id":"https:\/\/interamerica.org\/fr\/2018\/06\/parlons-du-suicide-et-dautres-problemes-mentaux\/#article","isPartOf":{"@id":"https:\/\/interamerica.org\/fr\/2018\/06\/parlons-du-suicide-et-dautres-problemes-mentaux\/"},"author":{"name":"libna","@id":"https:\/\/interamerica.org\/fr\/#\/schema\/person\/29998f2bc2d8bd0d38662909289b54f1"},"headline":"Parlons du suicide et d\u2019autres probl\u00e8mes mentaux","datePublished":"2018-06-25T19:01:55+00:00","dateModified":"2018-06-26T13:53:52+00:00","mainEntityOfPage":{"@id":"https:\/\/interamerica.org\/fr\/2018\/06\/parlons-du-suicide-et-dautres-problemes-mentaux\/"},"wordCount":1159,"commentCount":0,"image":{"@id":"https:\/\/interamerica.org\/fr\/2018\/06\/parlons-du-suicide-et-dautres-problemes-mentaux\/#primaryimage"},"thumbnailUrl":"https:\/\/interamerica.org\/wp-content\/uploads\/2018\/06\/sweet-ice-cream-photography-595402-unsplash.jpg","articleSection":["Nouvelles de l'\u00c9glise mondiale","RSS Fran\u00e7ais"],"inLanguage":"fr-FR","potentialAction":[{"@type":"CommentAction","name":"Comment","target":["https:\/\/interamerica.org\/fr\/2018\/06\/parlons-du-suicide-et-dautres-problemes-mentaux\/#respond"]}]},{"@type":"WebPage","@id":"https:\/\/interamerica.org\/fr\/2018\/06\/parlons-du-suicide-et-dautres-problemes-mentaux\/","url":"https:\/\/interamerica.org\/fr\/2018\/06\/parlons-du-suicide-et-dautres-problemes-mentaux\/","name":"Parlons du suicide et d\u2019autres probl\u00e8mes mentaux - \u00c9glise Adventiste Du Septieme Jour - Inter Am\u00e9rique Division","isPartOf":{"@id":"https:\/\/interamerica.org\/fr\/#website"},"primaryImageOfPage":{"@id":"https:\/\/interamerica.org\/fr\/2018\/06\/parlons-du-suicide-et-dautres-problemes-mentaux\/#primaryimage"},"image":{"@id":"https:\/\/interamerica.org\/fr\/2018\/06\/parlons-du-suicide-et-dautres-problemes-mentaux\/#primaryimage"},"thumbnailUrl":"https:\/\/interamerica.org\/wp-content\/uploads\/2018\/06\/sweet-ice-cream-photography-595402-unsplash.jpg","datePublished":"2018-06-25T19:01:55+00:00","dateModified":"2018-06-26T13:53:52+00:00","author":{"@id":"https:\/\/interamerica.org\/fr\/#\/schema\/person\/29998f2bc2d8bd0d38662909289b54f1"},"breadcrumb":{"@id":"https:\/\/interamerica.org\/fr\/2018\/06\/parlons-du-suicide-et-dautres-problemes-mentaux\/#breadcrumb"},"inLanguage":"fr-FR","potentialAction":[{"@type":"ReadAction","target":["https:\/\/interamerica.org\/fr\/2018\/06\/parlons-du-suicide-et-dautres-problemes-mentaux\/"]}]},{"@type":"ImageObject","inLanguage":"fr-FR","@id":"https:\/\/interamerica.org\/fr\/2018\/06\/parlons-du-suicide-et-dautres-problemes-mentaux\/#primaryimage","url":"https:\/\/interamerica.org\/wp-content\/uploads\/2018\/06\/sweet-ice-cream-photography-595402-unsplash.jpg","contentUrl":"https:\/\/interamerica.org\/wp-content\/uploads\/2018\/06\/sweet-ice-cream-photography-595402-unsplash.jpg","width":1280,"height":800},{"@type":"BreadcrumbList","@id":"https:\/\/interamerica.org\/fr\/2018\/06\/parlons-du-suicide-et-dautres-problemes-mentaux\/#breadcrumb","itemListElement":[{"@type":"ListItem","position":1,"name":"Home","item":"https:\/\/interamerica.org\/fr\/"},{"@type":"ListItem","position":2,"name":"Parlons du suicide et d\u2019autres probl\u00e8mes mentaux"}]},{"@type":"WebSite","@id":"https:\/\/interamerica.org\/fr\/#website","url":"https:\/\/interamerica.org\/fr\/","name":"\u00c9glise Adventiste Du Septieme Jour - Inter Am\u00e9rique Division","description":"","potentialAction":[{"@type":"SearchAction","target":{"@type":"EntryPoint","urlTemplate":"https:\/\/interamerica.org\/fr\/?s={search_term_string}"},"query-input":{"@type":"PropertyValueSpecification","valueRequired":true,"valueName":"search_term_string"}}],"inLanguage":"fr-FR"},{"@type":"Person","@id":"https:\/\/interamerica.org\/fr\/#\/schema\/person\/29998f2bc2d8bd0d38662909289b54f1","name":"libna","image":{"@type":"ImageObject","inLanguage":"fr-FR","@id":"https:\/\/secure.gravatar.com\/avatar\/7c5bd30ae4b47a9ba3c856590957fd1d96dc588bf3ac05719d247e126840331f?s=96&d=mm&r=g","url":"https:\/\/secure.gravatar.com\/avatar\/7c5bd30ae4b47a9ba3c856590957fd1d96dc588bf3ac05719d247e126840331f?s=96&d=mm&r=g","contentUrl":"https:\/\/secure.gravatar.com\/avatar\/7c5bd30ae4b47a9ba3c856590957fd1d96dc588bf3ac05719d247e126840331f?s=96&d=mm&r=g","caption":"libna"}}]}},"_links":{"self":[{"href":"https:\/\/interamerica.org\/fr\/wp-json\/wp\/v2\/posts\/42307","targetHints":{"allow":["GET"]}}],"collection":[{"href":"https:\/\/interamerica.org\/fr\/wp-json\/wp\/v2\/posts"}],"about":[{"href":"https:\/\/interamerica.org\/fr\/wp-json\/wp\/v2\/types\/post"}],"author":[{"embeddable":true,"href":"https:\/\/interamerica.org\/fr\/wp-json\/wp\/v2\/users\/3"}],"replies":[{"embeddable":true,"href":"https:\/\/interamerica.org\/fr\/wp-json\/wp\/v2\/comments?post=42307"}],"version-history":[{"count":0,"href":"https:\/\/interamerica.org\/fr\/wp-json\/wp\/v2\/posts\/42307\/revisions"}],"wp:featuredmedia":[{"embeddable":true,"href":"https:\/\/interamerica.org\/fr\/wp-json\/wp\/v2\/media\/42292"}],"wp:attachment":[{"href":"https:\/\/interamerica.org\/fr\/wp-json\/wp\/v2\/media?parent=42307"}],"wp:term":[{"taxonomy":"category","embeddable":true,"href":"https:\/\/interamerica.org\/fr\/wp-json\/wp\/v2\/categories?post=42307"},{"taxonomy":"post_tag","embeddable":true,"href":"https:\/\/interamerica.org\/fr\/wp-json\/wp\/v2\/tags?post=42307"}],"curies":[{"name":"wp","href":"https:\/\/api.w.org\/{rel}","templated":true}]}}