{"id":42308,"date":"2018-06-25T19:46:59","date_gmt":"2018-06-25T23:46:59","guid":{"rendered":"https:\/\/recursing-golick.147-182-135-0.plesk.page\/?p=42308"},"modified":"2018-06-27T06:15:30","modified_gmt":"2018-06-27T10:15:30","slug":"commsessions-renforcera-la-communication-entre-les-professionnels-de-la-communication-adventistes","status":"publish","type":"post","link":"https:\/\/interamerica.org\/fr\/2018\/06\/commsessions-renforcera-la-communication-entre-les-professionnels-de-la-communication-adventistes\/","title":{"rendered":"CommSessions renforcera la communication entre les professionnels de la communication Adventistes"},"content":{"rendered":"<p>25 juin 2018 | Miami, Floride, \u00c9tats-Unis | Libna Stevens \/ DIA<\/p>\n<p>La semaine prochaine, un nouveau programme \u00ab CommSessions \u00bb en ligne pr\u00e9sentera des moyens gr\u00e2ce auxquels la communication peut \u00eatre plus efficace parmi les responsables de communication Adventistes et les leaders au sein de l\u2019\u00e9glise. La s\u00e9ance d\u2019une heure devrait se d\u00e9rouler le mardi 3 juillet 2018 \u00e0 11h00, heure de Miami.<\/p>\n<p>\u00ab Cela fait partie de notre strat\u00e9gie plus large qui consiste \u00e0 proposer des formations et \u00e0 consolider les capacit\u00e9s de communication parmi les responsables de communication Adventistes au sein du territoire de notre Division Inter Am\u00e9ricaine, \u00bb a dit Abel M\u00e1rquez, directeur de la communication de l\u2019\u00c9glise Adventiste en Inter Am\u00e9ricaine et principal organisateur du programme.<\/p>\n<p>Parmi les intervenants, il y aura des membres du conseil d\u2019administration de la section Inter Am\u00e9ricaine de la Soci\u00e9t\u00e9 des Professionnels de la Communication Adventistes, qui contribueront \u00e0 renforcer l\u2019image de l\u2019organisation, la production m\u00e9diatique, la communication num\u00e9rique et le journalisme.<\/p>\n<p>CommSessions est une s\u00e9rie de pr\u00e9sentations sur l\u2019innovation, la cr\u00e9ativit\u00e9 et la collaboration destin\u00e9e aux pasteurs et aux dirigeants d\u2019\u00e9glise et organis\u00e9e par le d\u00e9partement de la communication de la Division Inter Am\u00e9ricaine ; elle a lieu tous les trois mois.<\/p>\n<p>Pour regarder le programme d\u2019une heure de CommSessions le 3 juillet, \u00e0 11h00, heure de Miami, en espagnol, en anglais et en fran\u00e7ais, rendez-vous sur <a href=\"mailto:https:\/\/webcast.interamerica.org\/english\">webcast.interamerica.org<\/a><\/p>\n<p>Traduction: Patrick Luciathe<\/p>\n","protected":false},"excerpt":{"rendered":"<p>25 juin 2018 | Miami, Floride, \u00c9tats-Unis | Libna Stevens \/ DIA La semaine prochaine, un nouveau programme \u00ab CommSessions \u00bb en ligne pr\u00e9sentera des moyens gr\u00e2ce auxquels la communication&#8230;<\/p>\n","protected":false},"author":3,"featured_media":42297,"comment_status":"open","ping_status":"closed","sticky":false,"template":"","format":"standard","meta":{"_acf_changed":false,"footnotes":""},"categories":[20,19],"tags":[],"class_list":["post-42308","post","type-post","status-publish","format-standard","has-post-thumbnail","hentry","category-nouvelles-du-siege-de-la-division","category-rss-francais"],"acf":[],"yoast_head":"<!-- This site is optimized with the Yoast SEO plugin v27.3 - https:\/\/yoast.com\/product\/yoast-seo-wordpress\/ -->\n<title>CommSessions renforcera la communication entre les professionnels de la communication Adventistes - \u00c9glise Adventiste Du Septieme Jour - Inter Am\u00e9rique Division<\/title>\n<meta name=\"robots\" content=\"index, follow, max-snippet:-1, max-image-preview:large, max-video-preview:-1\" \/>\n<link rel=\"canonical\" href=\"https:\/\/interamerica.org\/fr\/2018\/06\/commsessions-renforcera-la-communication-entre-les-professionnels-de-la-communication-adventistes\/\" \/>\n<meta property=\"og:locale\" content=\"fr_FR\" \/>\n<meta property=\"og:type\" content=\"article\" \/>\n<meta property=\"og:title\" content=\"CommSessions renforcera la communication entre les professionnels de la communication Adventistes - \u00c9glise Adventiste Du Septieme Jour - Inter Am\u00e9rique Division\" \/>\n<meta property=\"og:description\" content=\"25 juin 2018 | Miami, Floride, \u00c9tats-Unis | Libna Stevens \/ DIA La semaine prochaine, un nouveau programme \u00ab CommSessions \u00bb en ligne pr\u00e9sentera des moyens gr\u00e2ce auxquels la communication...\" \/>\n<meta property=\"og:url\" content=\"https:\/\/interamerica.org\/fr\/2018\/06\/commsessions-renforcera-la-communication-entre-les-professionnels-de-la-communication-adventistes\/\" \/>\n<meta property=\"og:site_name\" content=\"\u00c9glise Adventiste Du Septieme Jour - Inter Am\u00e9rique Division\" \/>\n<meta property=\"article:published_time\" content=\"2018-06-25T23:46:59+00:00\" \/>\n<meta property=\"article:modified_time\" content=\"2018-06-27T10:15:30+00:00\" \/>\n<meta property=\"og:image\" content=\"https:\/\/interamerica.org\/wp-content\/uploads\/2018\/06\/commsessions-squared.png\" \/>\n\t<meta property=\"og:image:width\" content=\"864\" \/>\n\t<meta property=\"og:image:height\" content=\"480\" \/>\n\t<meta property=\"og:image:type\" content=\"image\/png\" \/>\n<meta name=\"author\" content=\"libna\" \/>\n<meta name=\"twitter:card\" content=\"summary_large_image\" \/>\n<meta name=\"twitter:label1\" content=\"\u00c9crit par\" \/>\n\t<meta name=\"twitter:data1\" content=\"libna\" \/>\n\t<meta name=\"twitter:label2\" content=\"Dur\u00e9e de lecture estim\u00e9e\" \/>\n\t<meta name=\"twitter:data2\" content=\"1 minute\" \/>\n<script type=\"application\/ld+json\" class=\"yoast-schema-graph\">{\"@context\":\"https:\\\/\\\/schema.org\",\"@graph\":[{\"@type\":\"Article\",\"@id\":\"https:\\\/\\\/interamerica.org\\\/fr\\\/2018\\\/06\\\/commsessions-renforcera-la-communication-entre-les-professionnels-de-la-communication-adventistes\\\/#article\",\"isPartOf\":{\"@id\":\"https:\\\/\\\/interamerica.org\\\/fr\\\/2018\\\/06\\\/commsessions-renforcera-la-communication-entre-les-professionnels-de-la-communication-adventistes\\\/\"},\"author\":{\"name\":\"libna\",\"@id\":\"https:\\\/\\\/interamerica.org\\\/fr\\\/#\\\/schema\\\/person\\\/29998f2bc2d8bd0d38662909289b54f1\"},\"headline\":\"CommSessions renforcera la communication entre les professionnels de la communication Adventistes\",\"datePublished\":\"2018-06-25T23:46:59+00:00\",\"dateModified\":\"2018-06-27T10:15:30+00:00\",\"mainEntityOfPage\":{\"@id\":\"https:\\\/\\\/interamerica.org\\\/fr\\\/2018\\\/06\\\/commsessions-renforcera-la-communication-entre-les-professionnels-de-la-communication-adventistes\\\/\"},\"wordCount\":257,\"commentCount\":0,\"image\":{\"@id\":\"https:\\\/\\\/interamerica.org\\\/fr\\\/2018\\\/06\\\/commsessions-renforcera-la-communication-entre-les-professionnels-de-la-communication-adventistes\\\/#primaryimage\"},\"thumbnailUrl\":\"https:\\\/\\\/interamerica.org\\\/wp-content\\\/uploads\\\/2018\\\/06\\\/commsessions-squared.png\",\"articleSection\":[\"Nouvelles du si\u00e8ge de la division\",\"RSS Fran\u00e7ais\"],\"inLanguage\":\"fr-FR\",\"potentialAction\":[{\"@type\":\"CommentAction\",\"name\":\"Comment\",\"target\":[\"https:\\\/\\\/interamerica.org\\\/fr\\\/2018\\\/06\\\/commsessions-renforcera-la-communication-entre-les-professionnels-de-la-communication-adventistes\\\/#respond\"]}]},{\"@type\":\"WebPage\",\"@id\":\"https:\\\/\\\/interamerica.org\\\/fr\\\/2018\\\/06\\\/commsessions-renforcera-la-communication-entre-les-professionnels-de-la-communication-adventistes\\\/\",\"url\":\"https:\\\/\\\/interamerica.org\\\/fr\\\/2018\\\/06\\\/commsessions-renforcera-la-communication-entre-les-professionnels-de-la-communication-adventistes\\\/\",\"name\":\"CommSessions renforcera la communication entre les professionnels de la communication Adventistes - \u00c9glise Adventiste Du Septieme Jour - Inter Am\u00e9rique Division\",\"isPartOf\":{\"@id\":\"https:\\\/\\\/interamerica.org\\\/fr\\\/#website\"},\"primaryImageOfPage\":{\"@id\":\"https:\\\/\\\/interamerica.org\\\/fr\\\/2018\\\/06\\\/commsessions-renforcera-la-communication-entre-les-professionnels-de-la-communication-adventistes\\\/#primaryimage\"},\"image\":{\"@id\":\"https:\\\/\\\/interamerica.org\\\/fr\\\/2018\\\/06\\\/commsessions-renforcera-la-communication-entre-les-professionnels-de-la-communication-adventistes\\\/#primaryimage\"},\"thumbnailUrl\":\"https:\\\/\\\/interamerica.org\\\/wp-content\\\/uploads\\\/2018\\\/06\\\/commsessions-squared.png\",\"datePublished\":\"2018-06-25T23:46:59+00:00\",\"dateModified\":\"2018-06-27T10:15:30+00:00\",\"author\":{\"@id\":\"https:\\\/\\\/interamerica.org\\\/fr\\\/#\\\/schema\\\/person\\\/29998f2bc2d8bd0d38662909289b54f1\"},\"breadcrumb\":{\"@id\":\"https:\\\/\\\/interamerica.org\\\/fr\\\/2018\\\/06\\\/commsessions-renforcera-la-communication-entre-les-professionnels-de-la-communication-adventistes\\\/#breadcrumb\"},\"inLanguage\":\"fr-FR\",\"potentialAction\":[{\"@type\":\"ReadAction\",\"target\":[\"https:\\\/\\\/interamerica.org\\\/fr\\\/2018\\\/06\\\/commsessions-renforcera-la-communication-entre-les-professionnels-de-la-communication-adventistes\\\/\"]}]},{\"@type\":\"ImageObject\",\"inLanguage\":\"fr-FR\",\"@id\":\"https:\\\/\\\/interamerica.org\\\/fr\\\/2018\\\/06\\\/commsessions-renforcera-la-communication-entre-les-professionnels-de-la-communication-adventistes\\\/#primaryimage\",\"url\":\"https:\\\/\\\/interamerica.org\\\/wp-content\\\/uploads\\\/2018\\\/06\\\/commsessions-squared.png\",\"contentUrl\":\"https:\\\/\\\/interamerica.org\\\/wp-content\\\/uploads\\\/2018\\\/06\\\/commsessions-squared.png\",\"width\":864,\"height\":480},{\"@type\":\"BreadcrumbList\",\"@id\":\"https:\\\/\\\/interamerica.org\\\/fr\\\/2018\\\/06\\\/commsessions-renforcera-la-communication-entre-les-professionnels-de-la-communication-adventistes\\\/#breadcrumb\",\"itemListElement\":[{\"@type\":\"ListItem\",\"position\":1,\"name\":\"Home\",\"item\":\"https:\\\/\\\/interamerica.org\\\/fr\\\/\"},{\"@type\":\"ListItem\",\"position\":2,\"name\":\"CommSessions renforcera la communication entre les professionnels de la communication Adventistes\"}]},{\"@type\":\"WebSite\",\"@id\":\"https:\\\/\\\/interamerica.org\\\/fr\\\/#website\",\"url\":\"https:\\\/\\\/interamerica.org\\\/fr\\\/\",\"name\":\"\u00c9glise Adventiste Du Septieme Jour - Inter Am\u00e9rique Division\",\"description\":\"\",\"potentialAction\":[{\"@type\":\"SearchAction\",\"target\":{\"@type\":\"EntryPoint\",\"urlTemplate\":\"https:\\\/\\\/interamerica.org\\\/fr\\\/?s={search_term_string}\"},\"query-input\":{\"@type\":\"PropertyValueSpecification\",\"valueRequired\":true,\"valueName\":\"search_term_string\"}}],\"inLanguage\":\"fr-FR\"},{\"@type\":\"Person\",\"@id\":\"https:\\\/\\\/interamerica.org\\\/fr\\\/#\\\/schema\\\/person\\\/29998f2bc2d8bd0d38662909289b54f1\",\"name\":\"libna\",\"image\":{\"@type\":\"ImageObject\",\"inLanguage\":\"fr-FR\",\"@id\":\"https:\\\/\\\/secure.gravatar.com\\\/avatar\\\/7c5bd30ae4b47a9ba3c856590957fd1d96dc588bf3ac05719d247e126840331f?s=96&d=mm&r=g\",\"url\":\"https:\\\/\\\/secure.gravatar.com\\\/avatar\\\/7c5bd30ae4b47a9ba3c856590957fd1d96dc588bf3ac05719d247e126840331f?s=96&d=mm&r=g\",\"contentUrl\":\"https:\\\/\\\/secure.gravatar.com\\\/avatar\\\/7c5bd30ae4b47a9ba3c856590957fd1d96dc588bf3ac05719d247e126840331f?s=96&d=mm&r=g\",\"caption\":\"libna\"}}]}<\/script>\n<!-- \/ Yoast SEO plugin. -->","yoast_head_json":{"title":"CommSessions renforcera la communication entre les professionnels de la communication Adventistes - \u00c9glise Adventiste Du Septieme Jour - Inter Am\u00e9rique Division","robots":{"index":"index","follow":"follow","max-snippet":"max-snippet:-1","max-image-preview":"max-image-preview:large","max-video-preview":"max-video-preview:-1"},"canonical":"https:\/\/interamerica.org\/fr\/2018\/06\/commsessions-renforcera-la-communication-entre-les-professionnels-de-la-communication-adventistes\/","og_locale":"fr_FR","og_type":"article","og_title":"CommSessions renforcera la communication entre les professionnels de la communication Adventistes - \u00c9glise Adventiste Du Septieme Jour - Inter Am\u00e9rique Division","og_description":"25 juin 2018 | Miami, Floride, \u00c9tats-Unis | Libna Stevens \/ DIA La semaine prochaine, un nouveau programme \u00ab CommSessions \u00bb en ligne pr\u00e9sentera des moyens gr\u00e2ce auxquels la communication...","og_url":"https:\/\/interamerica.org\/fr\/2018\/06\/commsessions-renforcera-la-communication-entre-les-professionnels-de-la-communication-adventistes\/","og_site_name":"\u00c9glise Adventiste Du Septieme Jour - Inter Am\u00e9rique Division","article_published_time":"2018-06-25T23:46:59+00:00","article_modified_time":"2018-06-27T10:15:30+00:00","og_image":[{"width":864,"height":480,"url":"https:\/\/interamerica.org\/wp-content\/uploads\/2018\/06\/commsessions-squared.png","type":"image\/png"}],"author":"libna","twitter_card":"summary_large_image","twitter_misc":{"\u00c9crit par":"libna","Dur\u00e9e de lecture estim\u00e9e":"1 minute"},"schema":{"@context":"https:\/\/schema.org","@graph":[{"@type":"Article","@id":"https:\/\/interamerica.org\/fr\/2018\/06\/commsessions-renforcera-la-communication-entre-les-professionnels-de-la-communication-adventistes\/#article","isPartOf":{"@id":"https:\/\/interamerica.org\/fr\/2018\/06\/commsessions-renforcera-la-communication-entre-les-professionnels-de-la-communication-adventistes\/"},"author":{"name":"libna","@id":"https:\/\/interamerica.org\/fr\/#\/schema\/person\/29998f2bc2d8bd0d38662909289b54f1"},"headline":"CommSessions renforcera la communication entre les professionnels de la communication Adventistes","datePublished":"2018-06-25T23:46:59+00:00","dateModified":"2018-06-27T10:15:30+00:00","mainEntityOfPage":{"@id":"https:\/\/interamerica.org\/fr\/2018\/06\/commsessions-renforcera-la-communication-entre-les-professionnels-de-la-communication-adventistes\/"},"wordCount":257,"commentCount":0,"image":{"@id":"https:\/\/interamerica.org\/fr\/2018\/06\/commsessions-renforcera-la-communication-entre-les-professionnels-de-la-communication-adventistes\/#primaryimage"},"thumbnailUrl":"https:\/\/interamerica.org\/wp-content\/uploads\/2018\/06\/commsessions-squared.png","articleSection":["Nouvelles du si\u00e8ge de la division","RSS Fran\u00e7ais"],"inLanguage":"fr-FR","potentialAction":[{"@type":"CommentAction","name":"Comment","target":["https:\/\/interamerica.org\/fr\/2018\/06\/commsessions-renforcera-la-communication-entre-les-professionnels-de-la-communication-adventistes\/#respond"]}]},{"@type":"WebPage","@id":"https:\/\/interamerica.org\/fr\/2018\/06\/commsessions-renforcera-la-communication-entre-les-professionnels-de-la-communication-adventistes\/","url":"https:\/\/interamerica.org\/fr\/2018\/06\/commsessions-renforcera-la-communication-entre-les-professionnels-de-la-communication-adventistes\/","name":"CommSessions renforcera la communication entre les professionnels de la communication Adventistes - \u00c9glise Adventiste Du Septieme Jour - Inter Am\u00e9rique Division","isPartOf":{"@id":"https:\/\/interamerica.org\/fr\/#website"},"primaryImageOfPage":{"@id":"https:\/\/interamerica.org\/fr\/2018\/06\/commsessions-renforcera-la-communication-entre-les-professionnels-de-la-communication-adventistes\/#primaryimage"},"image":{"@id":"https:\/\/interamerica.org\/fr\/2018\/06\/commsessions-renforcera-la-communication-entre-les-professionnels-de-la-communication-adventistes\/#primaryimage"},"thumbnailUrl":"https:\/\/interamerica.org\/wp-content\/uploads\/2018\/06\/commsessions-squared.png","datePublished":"2018-06-25T23:46:59+00:00","dateModified":"2018-06-27T10:15:30+00:00","author":{"@id":"https:\/\/interamerica.org\/fr\/#\/schema\/person\/29998f2bc2d8bd0d38662909289b54f1"},"breadcrumb":{"@id":"https:\/\/interamerica.org\/fr\/2018\/06\/commsessions-renforcera-la-communication-entre-les-professionnels-de-la-communication-adventistes\/#breadcrumb"},"inLanguage":"fr-FR","potentialAction":[{"@type":"ReadAction","target":["https:\/\/interamerica.org\/fr\/2018\/06\/commsessions-renforcera-la-communication-entre-les-professionnels-de-la-communication-adventistes\/"]}]},{"@type":"ImageObject","inLanguage":"fr-FR","@id":"https:\/\/interamerica.org\/fr\/2018\/06\/commsessions-renforcera-la-communication-entre-les-professionnels-de-la-communication-adventistes\/#primaryimage","url":"https:\/\/interamerica.org\/wp-content\/uploads\/2018\/06\/commsessions-squared.png","contentUrl":"https:\/\/interamerica.org\/wp-content\/uploads\/2018\/06\/commsessions-squared.png","width":864,"height":480},{"@type":"BreadcrumbList","@id":"https:\/\/interamerica.org\/fr\/2018\/06\/commsessions-renforcera-la-communication-entre-les-professionnels-de-la-communication-adventistes\/#breadcrumb","itemListElement":[{"@type":"ListItem","position":1,"name":"Home","item":"https:\/\/interamerica.org\/fr\/"},{"@type":"ListItem","position":2,"name":"CommSessions renforcera la communication entre les professionnels de la communication Adventistes"}]},{"@type":"WebSite","@id":"https:\/\/interamerica.org\/fr\/#website","url":"https:\/\/interamerica.org\/fr\/","name":"\u00c9glise Adventiste Du Septieme Jour - Inter Am\u00e9rique Division","description":"","potentialAction":[{"@type":"SearchAction","target":{"@type":"EntryPoint","urlTemplate":"https:\/\/interamerica.org\/fr\/?s={search_term_string}"},"query-input":{"@type":"PropertyValueSpecification","valueRequired":true,"valueName":"search_term_string"}}],"inLanguage":"fr-FR"},{"@type":"Person","@id":"https:\/\/interamerica.org\/fr\/#\/schema\/person\/29998f2bc2d8bd0d38662909289b54f1","name":"libna","image":{"@type":"ImageObject","inLanguage":"fr-FR","@id":"https:\/\/secure.gravatar.com\/avatar\/7c5bd30ae4b47a9ba3c856590957fd1d96dc588bf3ac05719d247e126840331f?s=96&d=mm&r=g","url":"https:\/\/secure.gravatar.com\/avatar\/7c5bd30ae4b47a9ba3c856590957fd1d96dc588bf3ac05719d247e126840331f?s=96&d=mm&r=g","contentUrl":"https:\/\/secure.gravatar.com\/avatar\/7c5bd30ae4b47a9ba3c856590957fd1d96dc588bf3ac05719d247e126840331f?s=96&d=mm&r=g","caption":"libna"}}]}},"_links":{"self":[{"href":"https:\/\/interamerica.org\/fr\/wp-json\/wp\/v2\/posts\/42308","targetHints":{"allow":["GET"]}}],"collection":[{"href":"https:\/\/interamerica.org\/fr\/wp-json\/wp\/v2\/posts"}],"about":[{"href":"https:\/\/interamerica.org\/fr\/wp-json\/wp\/v2\/types\/post"}],"author":[{"embeddable":true,"href":"https:\/\/interamerica.org\/fr\/wp-json\/wp\/v2\/users\/3"}],"replies":[{"embeddable":true,"href":"https:\/\/interamerica.org\/fr\/wp-json\/wp\/v2\/comments?post=42308"}],"version-history":[{"count":0,"href":"https:\/\/interamerica.org\/fr\/wp-json\/wp\/v2\/posts\/42308\/revisions"}],"wp:featuredmedia":[{"embeddable":true,"href":"https:\/\/interamerica.org\/fr\/wp-json\/wp\/v2\/media\/42297"}],"wp:attachment":[{"href":"https:\/\/interamerica.org\/fr\/wp-json\/wp\/v2\/media?parent=42308"}],"wp:term":[{"taxonomy":"category","embeddable":true,"href":"https:\/\/interamerica.org\/fr\/wp-json\/wp\/v2\/categories?post=42308"},{"taxonomy":"post_tag","embeddable":true,"href":"https:\/\/interamerica.org\/fr\/wp-json\/wp\/v2\/tags?post=42308"}],"curies":[{"name":"wp","href":"https:\/\/api.w.org\/{rel}","templated":true}]}}