{"id":42464,"date":"2018-07-09T15:06:15","date_gmt":"2018-07-09T19:06:15","guid":{"rendered":"https:\/\/recursing-golick.147-182-135-0.plesk.page\/?p=42464"},"modified":"2018-07-11T08:24:09","modified_gmt":"2018-07-11T12:24:09","slug":"leglise-adventiste-en-martinique-implique-les-jeunes-dans-le-premier-festival-du-film","status":"publish","type":"post","link":"https:\/\/interamerica.org\/fr\/2018\/07\/leglise-adventiste-en-martinique-implique-les-jeunes-dans-le-premier-festival-du-film\/","title":{"rendered":"L\u2019\u00c9glise Adventiste en Martinique implique les jeunes dans le premier festival du film"},"content":{"rendered":"<div id=\"attachment_42406\" style=\"width: 770px\" class=\"wp-caption aligncenter\"><img fetchpriority=\"high\" decoding=\"async\" aria-describedby=\"caption-attachment-42406\" class=\" wp-image-42406\" src=\"https:\/\/recursing-golick.147-182-135-0.plesk.page\/wp-content\/uploads\/2018\/07\/filmfestival-crowd.jpg\" alt=\"\" width=\"760\" height=\"475\" srcset=\"https:\/\/interamerica.org\/wp-content\/uploads\/2018\/07\/filmfestival-crowd.jpg 1000w, https:\/\/interamerica.org\/wp-content\/uploads\/2018\/07\/filmfestival-crowd-300x188.jpg 300w, https:\/\/interamerica.org\/wp-content\/uploads\/2018\/07\/filmfestival-crowd-768x480.jpg 768w\" sizes=\"(max-width: 760px) 100vw, 760px\" \/><p id=\"caption-attachment-42406\" class=\"wp-caption-text\">Plus de 450 membres d\u2019\u00e9glise venus de toutes les \u00e9glises Adventistes de la Martinique se sont rassembl\u00e9s sous un chapiteau pour assister \u00e0 la projection de 15 films le 30 juin 2018, \u00e0 l\u2019occasion de la premi\u00e8re partie du festival du film qui s\u2019est d\u00e9roul\u00e9e \u00e0 Ste Luce, en Martinique. Image d\u2019Abel M\u00e1rquez \/ DIA<\/p><\/div>\n<p>9 juillet 2018 | Sainte Luce, Martinique | Libna Stevens \/ DIA<\/p>\n<p>Des centaines d\u2019Adventistes du Septi\u00e8me Jour en Martinique se sont r\u00e9cemment r\u00e9unis pour visionner plus d\u2019une douzaine de courts m\u00e9trages pr\u00e9sent\u00e9s lors d\u2019un festival du film qui a attir\u00e9 plus de 400 membres d\u2019\u00e9glise venus de toute l\u2019\u00eele, le 30 juin et le 1er juillet 2018. Il s\u2019agissait du premier festival du genre organis\u00e9 par l\u2019\u00c9glise Adventiste en Martinique dans le but de susciter l\u2019int\u00e9r\u00eat, de promouvoir la collaboration et de g\u00e9n\u00e9rer une comp\u00e9tition positive dans la proclamation visuelle de l\u2019\u00c9vangile chez les jeunes, ont d\u00e9clar\u00e9 les organisateurs.<\/p>\n<p>Quinze \u00e9quipes repr\u00e9sentant 14 \u00e9glises Adventistes ont relev\u00e9 le d\u00e9fi en produisant un court m\u00e9trage de 10 minutes ou moins qui transmettrait un message d\u2019esp\u00e9rance, susciterait une prise de conscience ou un appel \u00e0 l\u2019action.<\/p>\n<p>\u00ab Nous avons voulu utiliser ce festival pour motiver les jeunes, les encourager \u00e0 utiliser la technologie moderne, utiliser le langage moderne pour atteindre les gens, \u00bb a d\u00e9clar\u00e9 pasteur Jean-Luc Chandler, directeur de la communication de la F\u00e9d\u00e9ration Adventiste de la Martinique et principal organisateur du programme.<\/p>\n<div id=\"attachment_42407\" style=\"width: 771px\" class=\"wp-caption aligncenter\"><img decoding=\"async\" aria-describedby=\"caption-attachment-42407\" class=\" wp-image-42407\" src=\"https:\/\/recursing-golick.147-182-135-0.plesk.page\/wp-content\/uploads\/2018\/07\/filmfestiva-martinique-leaders.jpg\" alt=\"\" width=\"761\" height=\"571\" srcset=\"https:\/\/interamerica.org\/wp-content\/uploads\/2018\/07\/filmfestiva-martinique-leaders.jpg 900w, https:\/\/interamerica.org\/wp-content\/uploads\/2018\/07\/filmfestiva-martinique-leaders-300x225.jpg 300w, https:\/\/interamerica.org\/wp-content\/uploads\/2018\/07\/filmfestiva-martinique-leaders-768x576.jpg 768w\" sizes=\"(max-width: 761px) 100vw, 761px\" \/><p id=\"caption-attachment-42407\" class=\"wp-caption-text\">De gauche \u00e0 droite : les responsables de la communication : pasteur William Costa de l\u2019\u00c9glise Adventiste mondiale, Th\u00e9lor Lambert de l\u2019Union des Antilles et Guyane Fran\u00e7aises, Sam Neves de l\u2019\u00c9glise Adventiste mondiale et Jean-Luc Chandler de la F\u00e9d\u00e9ration de la Martinique. Image d\u2019Abel M\u00e1rquez \/ DIA<\/p><\/div>\n<p>\u00ab Il s\u2019agissait d\u2019un programme cl\u00e9 pour la DIA, \u00bb a d\u00e9clar\u00e9 Abel M\u00e1rquez, directeur de la communication pour l\u2019\u00c9glise Adventiste en Inter Am\u00e9rique et directeur de Hope Channel Inter-Am\u00e9rique. Le festival du film est le premier \u00e0 \u00eatre organis\u00e9 dans le territoire de la Division Inter Am\u00e9ricaine et Abel Marquez esp\u00e8re qu\u2019il inspirera d\u2019autres pays du territoire \u00e0 reproduire l\u2019exp\u00e9rience.<\/p>\n<p>Les \u00e9quipes devaient produire ensemble l\u2019int\u00e9gralit\u00e9 du film, cr\u00e9er une affiche pour faire la promotion de leur court m\u00e9trage, le soumettre et le pr\u00e9senter \u00e0 l\u2019ensemble des amis et des membres d\u2019\u00e9glise pendant le festival. Un panel de juges a choisi ceux \u00e0 qui seraient attribu\u00e9s la premi\u00e8re place, la deuxi\u00e8me place, la troisi\u00e8me place, ainsi qu\u2019un prix pour le film le plus cr\u00e9atif, tandis que le public a vot\u00e9 pour le film qu\u2019il a pr\u00e9f\u00e9r\u00e9 lors du programme, a indiqu\u00e9 pasteur Chandler.<\/p>\n<p>Le premier prix a \u00e9t\u00e9 d\u00e9cern\u00e9 \u00e0 l\u2019\u00e9quipe de l\u2019\u00e9glise Galaad pour son film \u00ab Fid\u00e8le \u00bb qui raconte l\u2019histoire d\u2019un chr\u00e9tien qui perd son travail, et pr\u00e9sente ses luttes, sa marche chr\u00e9tienne et comment sa fid\u00e9lit\u00e9 envers Dieu a \u00e9t\u00e9 r\u00e9compens\u00e9e. D\u2019autres courts-m\u00e9trages ont abord\u00e9 des sujets comme le fait d\u2019\u00eatre un bon samaritain, la promotion de messages anti-violence, le fait de faire ce qui convient, et bien plus encore.<\/p>\n<div id=\"attachment_42431\" style=\"width: 511px\" class=\"wp-caption aligncenter\"><img decoding=\"async\" aria-describedby=\"caption-attachment-42431\" class=\"wp-image-42431\" src=\"https:\/\/recursing-golick.147-182-135-0.plesk.page\/wp-content\/uploads\/2018\/07\/fidele.png\" alt=\"\" width=\"501\" height=\"711\" srcset=\"https:\/\/interamerica.org\/wp-content\/uploads\/2018\/07\/fidele.png 700w, https:\/\/interamerica.org\/wp-content\/uploads\/2018\/07\/fidele-211x300.png 211w\" sizes=\"(max-width: 501px) 100vw, 501px\" \/><p id=\"caption-attachment-42431\" class=\"wp-caption-text\">Affiche du film gagnant produite par le groupe de l\u2019\u00c9glise Galaad au Robert, Martinique. Image de l\u2019Union des Antilles et de la Guyane Fran\u00e7aises<\/p><\/div>\n<p>Le directeur de la communication de l\u2019\u00c9glise Adventiste mondiale, pasteur Williams Costa, a pris la parole pendant le festival et a f\u00e9licit\u00e9 les dirigeants de l\u2019\u00e9glise pour l\u2019initiative invitant les jeunes \u00e0 transmettre un message positif autour d\u2019eux.<\/p>\n<p>\u00ab C\u2019est merveilleux de voir cette belle synergie entre les personnes, les ressources, les id\u00e9es, tous ensemble produisant du contenu qui inspirera l\u2019\u00e9glise, attirera l\u2019attention des gens et cr\u00e9era un lien avec la communaut\u00e9, \u00bb a d\u00e9clar\u00e9 William Costa. Il a ajout\u00e9 que l\u2019initiative devrait \u00eatre suivie dans d\u2019autres r\u00e9gions de l\u2019\u00e9glise mondiale, et que les dirigeants devraient cr\u00e9er des opportunit\u00e9s telles qu\u2019un festival du film pour que les membres produisent quelque chose de significatif pour inspirer les autres.<\/p>\n<p>Pasteur Sam Neves, directeur adjoint de la communication pour l\u2019\u00c9glise Adventiste mondiale, a f\u00e9licit\u00e9 les dirigeants locaux pour leur soutien \u00e0 la d\u00e9marche qui a consist\u00e9 \u00e0 encourager les membres locaux, les adolescents, leurs parents et tous ceux qui voulaient se mettre ensemble pour faire des films afin de raconter des histoires. \u00ab Il s\u2019agit de l\u2019implication totale du membre \u00e0 travers laquelle les membres sont pleinement immerg\u00e9s dans la mission de l\u2019\u00e9glise, chacun utilisant son don pour r\u00e9pandre le message du salut, \u00bb a d\u00e9clar\u00e9 Sam Neves.<\/p>\n<div id=\"attachment_42408\" style=\"width: 770px\" class=\"wp-caption aligncenter\"><img loading=\"lazy\" decoding=\"async\" aria-describedby=\"caption-attachment-42408\" class=\" wp-image-42408\" src=\"https:\/\/recursing-golick.147-182-135-0.plesk.page\/wp-content\/uploads\/2018\/07\/fidele-martinique-filmfestival.jpg\" alt=\"\" width=\"760\" height=\"570\" srcset=\"https:\/\/interamerica.org\/wp-content\/uploads\/2018\/07\/fidele-martinique-filmfestival.jpg 900w, https:\/\/interamerica.org\/wp-content\/uploads\/2018\/07\/fidele-martinique-filmfestival-300x225.jpg 300w, https:\/\/interamerica.org\/wp-content\/uploads\/2018\/07\/fidele-martinique-filmfestival-768x576.jpg 768w\" sizes=\"(max-width: 760px) 100vw, 760px\" \/><p id=\"caption-attachment-42408\" class=\"wp-caption-text\">Les membres de l\u2019\u00e9glise de Galaad c\u00e9l\u00e8brent leur victoire remport\u00e9e pour la production de leur film \u00ab Fid\u00e8le \u00bb qui a remport\u00e9 le premier prix lors du festival du film qui s\u2019est d\u00e9roul\u00e9 du 30 juin au 1er juillet 2018. Image d\u2019Abel M\u00e1rquez \/ DIA<\/p><\/div>\n<p>Pasteur Thelor Lambert, directeur de la communication pour l\u2019\u00c9glise Adventiste dans l\u2019Union des Antilles et Guyane Fran\u00e7aises et directeur d\u2019Esp\u00e9rance TV Inter Am\u00e9rique, a d\u00e9clar\u00e9 que les films seront diffus\u00e9s sur la cha\u00eene Esp\u00e9rance TV Inter Am\u00e9rique (canal fran\u00e7ais) en ligne qui est bas\u00e9e en Martinique.<\/p>\n<p>Les laur\u00e9ats du Festival du Films ont re\u00e7u des prix et de nouveaux outils pour les aider dans leurs productions de films. Les plans sont en cours pour la tenue d\u2019un autre festival du film l\u2019ann\u00e9e prochaine.<\/p>\n<p>Traduction: Patrick Luciathe<\/p>\n","protected":false},"excerpt":{"rendered":"<p>9 juillet 2018 | Sainte Luce, Martinique | Libna Stevens \/ DIA Des centaines d\u2019Adventistes du Septi\u00e8me Jour en Martinique se sont r\u00e9cemment r\u00e9unis pour visionner plus d\u2019une douzaine de&#8230;<\/p>\n","protected":false},"author":3,"featured_media":42429,"comment_status":"open","ping_status":"closed","sticky":false,"template":"","format":"standard","meta":{"_acf_changed":false,"footnotes":""},"categories":[21,19],"tags":[],"class_list":["post-42464","post","type-post","status-publish","format-standard","has-post-thumbnail","hentry","category-nouvelles-du-territoire","category-rss-francais"],"acf":[],"yoast_head":"<!-- This site is optimized with the Yoast SEO plugin v27.3 - https:\/\/yoast.com\/product\/yoast-seo-wordpress\/ -->\n<title>L\u2019\u00c9glise Adventiste en Martinique implique les jeunes dans le premier festival du film - \u00c9glise Adventiste Du Septieme Jour - Inter Am\u00e9rique Division<\/title>\n<meta name=\"robots\" content=\"index, follow, max-snippet:-1, max-image-preview:large, max-video-preview:-1\" \/>\n<link rel=\"canonical\" href=\"https:\/\/interamerica.org\/fr\/2018\/07\/leglise-adventiste-en-martinique-implique-les-jeunes-dans-le-premier-festival-du-film\/\" \/>\n<meta property=\"og:locale\" content=\"fr_FR\" \/>\n<meta property=\"og:type\" content=\"article\" \/>\n<meta property=\"og:title\" content=\"L\u2019\u00c9glise Adventiste en Martinique implique les jeunes dans le premier festival du film - \u00c9glise Adventiste Du Septieme Jour - Inter Am\u00e9rique Division\" \/>\n<meta property=\"og:description\" content=\"9 juillet 2018 | Sainte Luce, Martinique | Libna Stevens \/ DIA Des centaines d\u2019Adventistes du Septi\u00e8me Jour en Martinique se sont r\u00e9cemment r\u00e9unis pour visionner plus d\u2019une douzaine de...\" \/>\n<meta property=\"og:url\" content=\"https:\/\/interamerica.org\/fr\/2018\/07\/leglise-adventiste-en-martinique-implique-les-jeunes-dans-le-premier-festival-du-film\/\" \/>\n<meta property=\"og:site_name\" content=\"\u00c9glise Adventiste Du Septieme Jour - Inter Am\u00e9rique Division\" \/>\n<meta property=\"article:published_time\" content=\"2018-07-09T19:06:15+00:00\" \/>\n<meta property=\"article:modified_time\" content=\"2018-07-11T12:24:09+00:00\" \/>\n<meta property=\"og:image\" content=\"https:\/\/interamerica.org\/wp-content\/uploads\/2018\/07\/filmfestival-posters-martinique1280.jpg\" \/>\n\t<meta property=\"og:image:width\" content=\"1281\" \/>\n\t<meta property=\"og:image:height\" content=\"800\" \/>\n\t<meta property=\"og:image:type\" content=\"image\/jpeg\" \/>\n<meta name=\"author\" content=\"libna\" \/>\n<meta name=\"twitter:card\" content=\"summary_large_image\" \/>\n<meta name=\"twitter:label1\" content=\"\u00c9crit par\" \/>\n\t<meta name=\"twitter:data1\" content=\"libna\" \/>\n\t<meta name=\"twitter:label2\" content=\"Dur\u00e9e de lecture estim\u00e9e\" \/>\n\t<meta name=\"twitter:data2\" content=\"5 minutes\" \/>\n<script type=\"application\/ld+json\" class=\"yoast-schema-graph\">{\"@context\":\"https:\\\/\\\/schema.org\",\"@graph\":[{\"@type\":\"Article\",\"@id\":\"https:\\\/\\\/interamerica.org\\\/fr\\\/2018\\\/07\\\/leglise-adventiste-en-martinique-implique-les-jeunes-dans-le-premier-festival-du-film\\\/#article\",\"isPartOf\":{\"@id\":\"https:\\\/\\\/interamerica.org\\\/fr\\\/2018\\\/07\\\/leglise-adventiste-en-martinique-implique-les-jeunes-dans-le-premier-festival-du-film\\\/\"},\"author\":{\"name\":\"libna\",\"@id\":\"https:\\\/\\\/interamerica.org\\\/fr\\\/#\\\/schema\\\/person\\\/29998f2bc2d8bd0d38662909289b54f1\"},\"headline\":\"L\u2019\u00c9glise Adventiste en Martinique implique les jeunes dans le premier festival du film\",\"datePublished\":\"2018-07-09T19:06:15+00:00\",\"dateModified\":\"2018-07-11T12:24:09+00:00\",\"mainEntityOfPage\":{\"@id\":\"https:\\\/\\\/interamerica.org\\\/fr\\\/2018\\\/07\\\/leglise-adventiste-en-martinique-implique-les-jeunes-dans-le-premier-festival-du-film\\\/\"},\"wordCount\":1003,\"commentCount\":0,\"image\":{\"@id\":\"https:\\\/\\\/interamerica.org\\\/fr\\\/2018\\\/07\\\/leglise-adventiste-en-martinique-implique-les-jeunes-dans-le-premier-festival-du-film\\\/#primaryimage\"},\"thumbnailUrl\":\"https:\\\/\\\/interamerica.org\\\/wp-content\\\/uploads\\\/2018\\\/07\\\/filmfestival-posters-martinique1280.jpg\",\"articleSection\":[\"Nouvelles du territoire\",\"RSS Fran\u00e7ais\"],\"inLanguage\":\"fr-FR\",\"potentialAction\":[{\"@type\":\"CommentAction\",\"name\":\"Comment\",\"target\":[\"https:\\\/\\\/interamerica.org\\\/fr\\\/2018\\\/07\\\/leglise-adventiste-en-martinique-implique-les-jeunes-dans-le-premier-festival-du-film\\\/#respond\"]}]},{\"@type\":\"WebPage\",\"@id\":\"https:\\\/\\\/interamerica.org\\\/fr\\\/2018\\\/07\\\/leglise-adventiste-en-martinique-implique-les-jeunes-dans-le-premier-festival-du-film\\\/\",\"url\":\"https:\\\/\\\/interamerica.org\\\/fr\\\/2018\\\/07\\\/leglise-adventiste-en-martinique-implique-les-jeunes-dans-le-premier-festival-du-film\\\/\",\"name\":\"L\u2019\u00c9glise Adventiste en Martinique implique les jeunes dans le premier festival du film - \u00c9glise Adventiste Du Septieme Jour - Inter Am\u00e9rique Division\",\"isPartOf\":{\"@id\":\"https:\\\/\\\/interamerica.org\\\/fr\\\/#website\"},\"primaryImageOfPage\":{\"@id\":\"https:\\\/\\\/interamerica.org\\\/fr\\\/2018\\\/07\\\/leglise-adventiste-en-martinique-implique-les-jeunes-dans-le-premier-festival-du-film\\\/#primaryimage\"},\"image\":{\"@id\":\"https:\\\/\\\/interamerica.org\\\/fr\\\/2018\\\/07\\\/leglise-adventiste-en-martinique-implique-les-jeunes-dans-le-premier-festival-du-film\\\/#primaryimage\"},\"thumbnailUrl\":\"https:\\\/\\\/interamerica.org\\\/wp-content\\\/uploads\\\/2018\\\/07\\\/filmfestival-posters-martinique1280.jpg\",\"datePublished\":\"2018-07-09T19:06:15+00:00\",\"dateModified\":\"2018-07-11T12:24:09+00:00\",\"author\":{\"@id\":\"https:\\\/\\\/interamerica.org\\\/fr\\\/#\\\/schema\\\/person\\\/29998f2bc2d8bd0d38662909289b54f1\"},\"breadcrumb\":{\"@id\":\"https:\\\/\\\/interamerica.org\\\/fr\\\/2018\\\/07\\\/leglise-adventiste-en-martinique-implique-les-jeunes-dans-le-premier-festival-du-film\\\/#breadcrumb\"},\"inLanguage\":\"fr-FR\",\"potentialAction\":[{\"@type\":\"ReadAction\",\"target\":[\"https:\\\/\\\/interamerica.org\\\/fr\\\/2018\\\/07\\\/leglise-adventiste-en-martinique-implique-les-jeunes-dans-le-premier-festival-du-film\\\/\"]}]},{\"@type\":\"ImageObject\",\"inLanguage\":\"fr-FR\",\"@id\":\"https:\\\/\\\/interamerica.org\\\/fr\\\/2018\\\/07\\\/leglise-adventiste-en-martinique-implique-les-jeunes-dans-le-premier-festival-du-film\\\/#primaryimage\",\"url\":\"https:\\\/\\\/interamerica.org\\\/wp-content\\\/uploads\\\/2018\\\/07\\\/filmfestival-posters-martinique1280.jpg\",\"contentUrl\":\"https:\\\/\\\/interamerica.org\\\/wp-content\\\/uploads\\\/2018\\\/07\\\/filmfestival-posters-martinique1280.jpg\",\"width\":1281,\"height\":800},{\"@type\":\"BreadcrumbList\",\"@id\":\"https:\\\/\\\/interamerica.org\\\/fr\\\/2018\\\/07\\\/leglise-adventiste-en-martinique-implique-les-jeunes-dans-le-premier-festival-du-film\\\/#breadcrumb\",\"itemListElement\":[{\"@type\":\"ListItem\",\"position\":1,\"name\":\"Home\",\"item\":\"https:\\\/\\\/interamerica.org\\\/fr\\\/\"},{\"@type\":\"ListItem\",\"position\":2,\"name\":\"L\u2019\u00c9glise Adventiste en Martinique implique les jeunes dans le premier festival du film\"}]},{\"@type\":\"WebSite\",\"@id\":\"https:\\\/\\\/interamerica.org\\\/fr\\\/#website\",\"url\":\"https:\\\/\\\/interamerica.org\\\/fr\\\/\",\"name\":\"\u00c9glise Adventiste Du Septieme Jour - Inter Am\u00e9rique Division\",\"description\":\"\",\"potentialAction\":[{\"@type\":\"SearchAction\",\"target\":{\"@type\":\"EntryPoint\",\"urlTemplate\":\"https:\\\/\\\/interamerica.org\\\/fr\\\/?s={search_term_string}\"},\"query-input\":{\"@type\":\"PropertyValueSpecification\",\"valueRequired\":true,\"valueName\":\"search_term_string\"}}],\"inLanguage\":\"fr-FR\"},{\"@type\":\"Person\",\"@id\":\"https:\\\/\\\/interamerica.org\\\/fr\\\/#\\\/schema\\\/person\\\/29998f2bc2d8bd0d38662909289b54f1\",\"name\":\"libna\",\"image\":{\"@type\":\"ImageObject\",\"inLanguage\":\"fr-FR\",\"@id\":\"https:\\\/\\\/secure.gravatar.com\\\/avatar\\\/7c5bd30ae4b47a9ba3c856590957fd1d96dc588bf3ac05719d247e126840331f?s=96&d=mm&r=g\",\"url\":\"https:\\\/\\\/secure.gravatar.com\\\/avatar\\\/7c5bd30ae4b47a9ba3c856590957fd1d96dc588bf3ac05719d247e126840331f?s=96&d=mm&r=g\",\"contentUrl\":\"https:\\\/\\\/secure.gravatar.com\\\/avatar\\\/7c5bd30ae4b47a9ba3c856590957fd1d96dc588bf3ac05719d247e126840331f?s=96&d=mm&r=g\",\"caption\":\"libna\"}}]}<\/script>\n<!-- \/ Yoast SEO plugin. -->","yoast_head_json":{"title":"L\u2019\u00c9glise Adventiste en Martinique implique les jeunes dans le premier festival du film - \u00c9glise Adventiste Du Septieme Jour - Inter Am\u00e9rique Division","robots":{"index":"index","follow":"follow","max-snippet":"max-snippet:-1","max-image-preview":"max-image-preview:large","max-video-preview":"max-video-preview:-1"},"canonical":"https:\/\/interamerica.org\/fr\/2018\/07\/leglise-adventiste-en-martinique-implique-les-jeunes-dans-le-premier-festival-du-film\/","og_locale":"fr_FR","og_type":"article","og_title":"L\u2019\u00c9glise Adventiste en Martinique implique les jeunes dans le premier festival du film - \u00c9glise Adventiste Du Septieme Jour - Inter Am\u00e9rique Division","og_description":"9 juillet 2018 | Sainte Luce, Martinique | Libna Stevens \/ DIA Des centaines d\u2019Adventistes du Septi\u00e8me Jour en Martinique se sont r\u00e9cemment r\u00e9unis pour visionner plus d\u2019une douzaine de...","og_url":"https:\/\/interamerica.org\/fr\/2018\/07\/leglise-adventiste-en-martinique-implique-les-jeunes-dans-le-premier-festival-du-film\/","og_site_name":"\u00c9glise Adventiste Du Septieme Jour - Inter Am\u00e9rique Division","article_published_time":"2018-07-09T19:06:15+00:00","article_modified_time":"2018-07-11T12:24:09+00:00","og_image":[{"width":1281,"height":800,"url":"https:\/\/interamerica.org\/wp-content\/uploads\/2018\/07\/filmfestival-posters-martinique1280.jpg","type":"image\/jpeg"}],"author":"libna","twitter_card":"summary_large_image","twitter_misc":{"\u00c9crit par":"libna","Dur\u00e9e de lecture estim\u00e9e":"5 minutes"},"schema":{"@context":"https:\/\/schema.org","@graph":[{"@type":"Article","@id":"https:\/\/interamerica.org\/fr\/2018\/07\/leglise-adventiste-en-martinique-implique-les-jeunes-dans-le-premier-festival-du-film\/#article","isPartOf":{"@id":"https:\/\/interamerica.org\/fr\/2018\/07\/leglise-adventiste-en-martinique-implique-les-jeunes-dans-le-premier-festival-du-film\/"},"author":{"name":"libna","@id":"https:\/\/interamerica.org\/fr\/#\/schema\/person\/29998f2bc2d8bd0d38662909289b54f1"},"headline":"L\u2019\u00c9glise Adventiste en Martinique implique les jeunes dans le premier festival du film","datePublished":"2018-07-09T19:06:15+00:00","dateModified":"2018-07-11T12:24:09+00:00","mainEntityOfPage":{"@id":"https:\/\/interamerica.org\/fr\/2018\/07\/leglise-adventiste-en-martinique-implique-les-jeunes-dans-le-premier-festival-du-film\/"},"wordCount":1003,"commentCount":0,"image":{"@id":"https:\/\/interamerica.org\/fr\/2018\/07\/leglise-adventiste-en-martinique-implique-les-jeunes-dans-le-premier-festival-du-film\/#primaryimage"},"thumbnailUrl":"https:\/\/interamerica.org\/wp-content\/uploads\/2018\/07\/filmfestival-posters-martinique1280.jpg","articleSection":["Nouvelles du territoire","RSS Fran\u00e7ais"],"inLanguage":"fr-FR","potentialAction":[{"@type":"CommentAction","name":"Comment","target":["https:\/\/interamerica.org\/fr\/2018\/07\/leglise-adventiste-en-martinique-implique-les-jeunes-dans-le-premier-festival-du-film\/#respond"]}]},{"@type":"WebPage","@id":"https:\/\/interamerica.org\/fr\/2018\/07\/leglise-adventiste-en-martinique-implique-les-jeunes-dans-le-premier-festival-du-film\/","url":"https:\/\/interamerica.org\/fr\/2018\/07\/leglise-adventiste-en-martinique-implique-les-jeunes-dans-le-premier-festival-du-film\/","name":"L\u2019\u00c9glise Adventiste en Martinique implique les jeunes dans le premier festival du film - \u00c9glise Adventiste Du Septieme Jour - Inter Am\u00e9rique Division","isPartOf":{"@id":"https:\/\/interamerica.org\/fr\/#website"},"primaryImageOfPage":{"@id":"https:\/\/interamerica.org\/fr\/2018\/07\/leglise-adventiste-en-martinique-implique-les-jeunes-dans-le-premier-festival-du-film\/#primaryimage"},"image":{"@id":"https:\/\/interamerica.org\/fr\/2018\/07\/leglise-adventiste-en-martinique-implique-les-jeunes-dans-le-premier-festival-du-film\/#primaryimage"},"thumbnailUrl":"https:\/\/interamerica.org\/wp-content\/uploads\/2018\/07\/filmfestival-posters-martinique1280.jpg","datePublished":"2018-07-09T19:06:15+00:00","dateModified":"2018-07-11T12:24:09+00:00","author":{"@id":"https:\/\/interamerica.org\/fr\/#\/schema\/person\/29998f2bc2d8bd0d38662909289b54f1"},"breadcrumb":{"@id":"https:\/\/interamerica.org\/fr\/2018\/07\/leglise-adventiste-en-martinique-implique-les-jeunes-dans-le-premier-festival-du-film\/#breadcrumb"},"inLanguage":"fr-FR","potentialAction":[{"@type":"ReadAction","target":["https:\/\/interamerica.org\/fr\/2018\/07\/leglise-adventiste-en-martinique-implique-les-jeunes-dans-le-premier-festival-du-film\/"]}]},{"@type":"ImageObject","inLanguage":"fr-FR","@id":"https:\/\/interamerica.org\/fr\/2018\/07\/leglise-adventiste-en-martinique-implique-les-jeunes-dans-le-premier-festival-du-film\/#primaryimage","url":"https:\/\/interamerica.org\/wp-content\/uploads\/2018\/07\/filmfestival-posters-martinique1280.jpg","contentUrl":"https:\/\/interamerica.org\/wp-content\/uploads\/2018\/07\/filmfestival-posters-martinique1280.jpg","width":1281,"height":800},{"@type":"BreadcrumbList","@id":"https:\/\/interamerica.org\/fr\/2018\/07\/leglise-adventiste-en-martinique-implique-les-jeunes-dans-le-premier-festival-du-film\/#breadcrumb","itemListElement":[{"@type":"ListItem","position":1,"name":"Home","item":"https:\/\/interamerica.org\/fr\/"},{"@type":"ListItem","position":2,"name":"L\u2019\u00c9glise Adventiste en Martinique implique les jeunes dans le premier festival du film"}]},{"@type":"WebSite","@id":"https:\/\/interamerica.org\/fr\/#website","url":"https:\/\/interamerica.org\/fr\/","name":"\u00c9glise Adventiste Du Septieme Jour - Inter Am\u00e9rique Division","description":"","potentialAction":[{"@type":"SearchAction","target":{"@type":"EntryPoint","urlTemplate":"https:\/\/interamerica.org\/fr\/?s={search_term_string}"},"query-input":{"@type":"PropertyValueSpecification","valueRequired":true,"valueName":"search_term_string"}}],"inLanguage":"fr-FR"},{"@type":"Person","@id":"https:\/\/interamerica.org\/fr\/#\/schema\/person\/29998f2bc2d8bd0d38662909289b54f1","name":"libna","image":{"@type":"ImageObject","inLanguage":"fr-FR","@id":"https:\/\/secure.gravatar.com\/avatar\/7c5bd30ae4b47a9ba3c856590957fd1d96dc588bf3ac05719d247e126840331f?s=96&d=mm&r=g","url":"https:\/\/secure.gravatar.com\/avatar\/7c5bd30ae4b47a9ba3c856590957fd1d96dc588bf3ac05719d247e126840331f?s=96&d=mm&r=g","contentUrl":"https:\/\/secure.gravatar.com\/avatar\/7c5bd30ae4b47a9ba3c856590957fd1d96dc588bf3ac05719d247e126840331f?s=96&d=mm&r=g","caption":"libna"}}]}},"_links":{"self":[{"href":"https:\/\/interamerica.org\/fr\/wp-json\/wp\/v2\/posts\/42464","targetHints":{"allow":["GET"]}}],"collection":[{"href":"https:\/\/interamerica.org\/fr\/wp-json\/wp\/v2\/posts"}],"about":[{"href":"https:\/\/interamerica.org\/fr\/wp-json\/wp\/v2\/types\/post"}],"author":[{"embeddable":true,"href":"https:\/\/interamerica.org\/fr\/wp-json\/wp\/v2\/users\/3"}],"replies":[{"embeddable":true,"href":"https:\/\/interamerica.org\/fr\/wp-json\/wp\/v2\/comments?post=42464"}],"version-history":[{"count":0,"href":"https:\/\/interamerica.org\/fr\/wp-json\/wp\/v2\/posts\/42464\/revisions"}],"wp:featuredmedia":[{"embeddable":true,"href":"https:\/\/interamerica.org\/fr\/wp-json\/wp\/v2\/media\/42429"}],"wp:attachment":[{"href":"https:\/\/interamerica.org\/fr\/wp-json\/wp\/v2\/media?parent=42464"}],"wp:term":[{"taxonomy":"category","embeddable":true,"href":"https:\/\/interamerica.org\/fr\/wp-json\/wp\/v2\/categories?post=42464"},{"taxonomy":"post_tag","embeddable":true,"href":"https:\/\/interamerica.org\/fr\/wp-json\/wp\/v2\/tags?post=42464"}],"curies":[{"name":"wp","href":"https:\/\/api.w.org\/{rel}","templated":true}]}}