{"id":42472,"date":"2018-07-09T19:24:01","date_gmt":"2018-07-09T23:24:01","guid":{"rendered":"https:\/\/recursing-golick.147-182-135-0.plesk.page\/?p=42472"},"modified":"2018-07-12T10:04:49","modified_gmt":"2018-07-12T14:04:49","slug":"des-adventistes-aident-a-commemorer-la-journee-nationale-de-la-liberte-religieuse-en-colombie","status":"publish","type":"post","link":"https:\/\/interamerica.org\/fr\/2018\/07\/des-adventistes-aident-a-commemorer-la-journee-nationale-de-la-liberte-religieuse-en-colombie\/","title":{"rendered":"Des Adventistes aident \u00e0 comm\u00e9morer la Journ\u00e9e Nationale de la Libert\u00e9 Religieuse en Colombie"},"content":{"rendered":"<div id=\"attachment_42456\" style=\"width: 770px\" class=\"wp-caption aligncenter\"><img fetchpriority=\"high\" decoding=\"async\" aria-describedby=\"caption-attachment-42456\" class=\"wp-image-42456\" src=\"https:\/\/recursing-golick.147-182-135-0.plesk.page\/wp-content\/uploads\/2018\/07\/official-photo-with-president-santos-1280-1024x640.jpg\" alt=\"\" width=\"760\" height=\"475\" srcset=\"https:\/\/interamerica.org\/wp-content\/uploads\/2018\/07\/official-photo-with-president-santos-1280-1024x640.jpg 1024w, https:\/\/interamerica.org\/wp-content\/uploads\/2018\/07\/official-photo-with-president-santos-1280-300x188.jpg 300w, https:\/\/interamerica.org\/wp-content\/uploads\/2018\/07\/official-photo-with-president-santos-1280-768x480.jpg 768w, https:\/\/interamerica.org\/wp-content\/uploads\/2018\/07\/official-photo-with-president-santos-1280.jpg 1280w\" sizes=\"(max-width: 760px) 100vw, 760px\" \/><p id=\"caption-attachment-42456\" class=\"wp-caption-text\">Le pr\u00e9sident de la Colombie, Juan Manuel Santos (au centre) pose pour une photo avec Gabriel Villareal (\u00e0 gauche), directeur des Affaires Publiques et de la Libert\u00e9 Religieuse en Colombie et Dr Ganoune Diop (\u00e0 droite), directeur des Affaires Publiques et de la Libert\u00e9 Religieuse pour l\u2019\u00c9glise Adventiste mondiale. Photo du Bureau du Pr\u00e9sident de la Colombie.<\/p><\/div>\n<p>10 Juillet 2018, Bogota, Colombie, Bettina Krause, directrice de la communication, Association Internationale de la Libert\u00e9 Religieuse<\/p>\n<p>Les Adventistes du Septi\u00e8me Jour responsables de la libert\u00e9 religieuse ont \u00e9t\u00e9 invit\u00e9s par le gouvernement colombien \u00e0 aider \u00e0 la c\u00e9l\u00e9bration de la troisi\u00e8me Journ\u00e9e Nationale Annuelle de la Libert\u00e9 Religieuse, qui a eu lieu le 4 juillet. Lors d\u2019une rencontre qui s\u2019est d\u00e9roul\u00e9e le matin \u00e0 <em>Casa La Giralda<\/em>, le si\u00e8ge du Minist\u00e8re de l\u2019Int\u00e9rieur colombien, Dr Ganoune Diop, directeur des Affaires Publiques et de la Libert\u00e9 Religieuse pour l\u2019\u00c9glise Adventiste mondiale, s\u2019est adress\u00e9 \u00e0 plus de 100 dirigeants religieux et politiques qui s\u2019\u00e9taient r\u00e9unis pour marquer l\u2019occasion.<\/p>\n<p>Vous avez l\u2019opportunit\u00e9 de faire une contribution historique \u00e0 la paix en reconnaissant la dignit\u00e9 humaine comme \u00e9tant la fondation essentielle de la construction d\u2019une coexistence pacifique, \u00bb a dit Dr Diop au groupe au sein duquel on comptait des \u00c9vang\u00e9liques, des Protestants, des Catholiques, des Musulmans, des Juifs, des Bouddhistes et des repr\u00e9sentants d\u2019autres d\u00e9nominations.<\/p>\n<p>Dans sa pr\u00e9sentation, Ganoune Diop a reconnu que la Colombie fait face \u00e0 d\u2019extraordinaires d\u00e9fis apr\u00e8s plus de cinq d\u00e9cennies de conflit civil arm\u00e9 \u2013 une lutte d\u00e9vastatrice qui au fil des ann\u00e9es \u00e0 caus\u00e9 le d\u00e9placement de quelque 5 millions de personnes qui ont fui leurs maisons, et a provoqu\u00e9 la mort d\u2019environ 220000 personnes, et pour laquelle, des g\u00e9n\u00e9rations de colombiens ont pay\u00e9 un lourd tribut \u00e9conomique et \u00e9motionnel.<\/p>\n<p>Ganoune Diop a d\u00e9clar\u00e9 que les membres des groupes religieux ont maintenant un r\u00f4le vital \u00e0 jouer dans le processus de paix et de r\u00e9conciliation qui est en cours depuis l\u2019accord de cessez-le-feu de 2016 entre le gouvernement et les groupes rebelles. Il a invit\u00e9 ceux qui l\u2019\u00e9coutaient \u00e0 aider \u00e0 fa\u00e7onner une soci\u00e9t\u00e9 qui reconnait chaque vie humaine comme \u00e9tant sacr\u00e9e et ayant une valeur donn\u00e9e par Dieu qui est plus grande que celle des temples, des \u00e9glises, des mosqu\u00e9es ou des textes religieux.<\/p>\n<p>\u00ab C\u2019est cela seulement, \u00bb a dit Ganoune Diop, \u00ab qui peut poser une fondation s\u00fbre pour un avenir inclusif et harmonieux en Colombie. \u00bb<\/p>\n<p>Un peu plus t\u00f4t dans la journ\u00e9e, Dr Diop, accompagn\u00e9 de pasteur Gabriel Villareal, directeur des Affaires Publiques et de la Libert\u00e9 Religieuse pour l\u2019\u00c9glise Adventiste en Colombie, ont pris part \u00e0 un petit d\u00e9jeuner sp\u00e9cial \u00e0 l\u2019attention des dirigeants religieux au Palais Pr\u00e9sidentiel <em>Palacio de Nari\u00f1o<\/em>, organis\u00e9 par le pr\u00e9sident colombien, Juan Manuel Santos. Le pr\u00e9sident Santos qui a re\u00e7u le Prix Nobel en 2016 pour ses efforts men\u00e9s en vue de terminer le conflit civil en Colombie, est \u00e9galement un ardent d\u00e9fenseur de la libert\u00e9 religieuse. Ganoune Diop et Gabriel Villareal ont parl\u00e9 avec le pr\u00e9sident Santos, le remerciant de son soutien constant aupr\u00e8s des minorit\u00e9s religieuses, manifest\u00e9 par exemple avec la signature en 2016 d\u2019un d\u00e9cret reconnaissant le 4 juillet comme la Journ\u00e9e Nationale de la Libert\u00e9 Religieuse. Au cours de la decennie qui a conduit \u00e0 ce d\u00e9cret historique, les Adventistes en Colombie ont aid\u00e9 \u00e0 construire une large coalition de leaders religieux d\u00e9vou\u00e9s \u00e0 la promotion du principe de la libert\u00e9 religieuse.<\/p>\n<p>Dans l\u2019apr\u00e8s-midi du 4 juillet, Ganoune Diop a \u00e9t\u00e9 l\u2019intervenant principal d\u2019un symposium international organis\u00e9 par le Minist\u00e8re de l\u2019Int\u00e9rieur de la Colombie et le maire de la capitale colombienne, Bogota. Plus de 200 personnes ont assist\u00e9 \u00e0 ce programme qui a explor\u00e9 la contribution de la coop\u00e9ration interconfessionnelle au niveau du d\u00e9veloppement social.<\/p>\n<p>En reconsid\u00e9rant les diff\u00e9rents programmes de la journ\u00e9e, Gabriel Villareal a indiqu\u00e9 qu\u2019il \u00e9tait encourag\u00e9 par le degr\u00e9 de soutien pour la libert\u00e9 religieuse d\u00e9montr\u00e9 par le gouvernement colombien. \u00ab L\u2019\u00c9glise Adventiste du Septi\u00e8me Jour en Colombie continuera de travailler avec les leaders religieux des diff\u00e9rentes d\u00e9nominations, avec les leaders politiques et les entit\u00e9s gouvernementales afin de s\u2019assurer que le droit \u00e0 la libert\u00e9 religieuse est respect\u00e9 pour chacun, partout et \u00e0 tout moment, \u00bb a-t-il dit.<\/p>\n<p><em>Remerciements sp\u00e9ciaux \u00e0 Gabriel Villareal pour ses contributions \u00e0 cet article.<\/em><\/p>\n<p>traduction: Patrick Luciathe<\/p>\n","protected":false},"excerpt":{"rendered":"<p>10 Juillet 2018, Bogota, Colombie, Bettina Krause, directrice de la communication, Association Internationale de la Libert\u00e9 Religieuse Les Adventistes du Septi\u00e8me Jour responsables de la libert\u00e9 religieuse ont \u00e9t\u00e9 invit\u00e9s&#8230;<\/p>\n","protected":false},"author":3,"featured_media":42456,"comment_status":"open","ping_status":"closed","sticky":false,"template":"","format":"standard","meta":{"_acf_changed":false,"footnotes":""},"categories":[21,19],"tags":[],"class_list":["post-42472","post","type-post","status-publish","format-standard","has-post-thumbnail","hentry","category-nouvelles-du-territoire","category-rss-francais"],"acf":[],"yoast_head":"<!-- This site is optimized with the Yoast SEO plugin v27.3 - https:\/\/yoast.com\/product\/yoast-seo-wordpress\/ -->\n<title>Des Adventistes aident \u00e0 comm\u00e9morer la Journ\u00e9e Nationale de la Libert\u00e9 Religieuse en Colombie - \u00c9glise Adventiste Du Septieme Jour - Inter Am\u00e9rique Division<\/title>\n<meta name=\"robots\" content=\"index, follow, max-snippet:-1, max-image-preview:large, max-video-preview:-1\" \/>\n<link rel=\"canonical\" href=\"https:\/\/interamerica.org\/fr\/2018\/07\/des-adventistes-aident-a-commemorer-la-journee-nationale-de-la-liberte-religieuse-en-colombie\/\" \/>\n<meta property=\"og:locale\" content=\"fr_FR\" \/>\n<meta property=\"og:type\" content=\"article\" \/>\n<meta property=\"og:title\" content=\"Des Adventistes aident \u00e0 comm\u00e9morer la Journ\u00e9e Nationale de la Libert\u00e9 Religieuse en Colombie - \u00c9glise Adventiste Du Septieme Jour - Inter Am\u00e9rique Division\" \/>\n<meta property=\"og:description\" content=\"10 Juillet 2018, Bogota, Colombie, Bettina Krause, directrice de la communication, Association Internationale de la Libert\u00e9 Religieuse Les Adventistes du Septi\u00e8me Jour responsables de la libert\u00e9 religieuse ont \u00e9t\u00e9 invit\u00e9s...\" \/>\n<meta property=\"og:url\" content=\"https:\/\/interamerica.org\/fr\/2018\/07\/des-adventistes-aident-a-commemorer-la-journee-nationale-de-la-liberte-religieuse-en-colombie\/\" \/>\n<meta property=\"og:site_name\" content=\"\u00c9glise Adventiste Du Septieme Jour - Inter Am\u00e9rique Division\" \/>\n<meta property=\"article:published_time\" content=\"2018-07-09T23:24:01+00:00\" \/>\n<meta property=\"article:modified_time\" content=\"2018-07-12T14:04:49+00:00\" \/>\n<meta property=\"og:image\" content=\"https:\/\/interamerica.org\/wp-content\/uploads\/2018\/07\/official-photo-with-president-santos-1280.jpg\" \/>\n\t<meta property=\"og:image:width\" content=\"1280\" \/>\n\t<meta property=\"og:image:height\" content=\"800\" \/>\n\t<meta property=\"og:image:type\" content=\"image\/jpeg\" \/>\n<meta name=\"author\" content=\"libna\" \/>\n<meta name=\"twitter:card\" content=\"summary_large_image\" \/>\n<meta name=\"twitter:label1\" content=\"\u00c9crit par\" \/>\n\t<meta name=\"twitter:data1\" content=\"libna\" \/>\n\t<meta name=\"twitter:label2\" content=\"Dur\u00e9e de lecture estim\u00e9e\" \/>\n\t<meta name=\"twitter:data2\" content=\"4 minutes\" \/>\n<script type=\"application\/ld+json\" class=\"yoast-schema-graph\">{\"@context\":\"https:\\\/\\\/schema.org\",\"@graph\":[{\"@type\":\"Article\",\"@id\":\"https:\\\/\\\/interamerica.org\\\/fr\\\/2018\\\/07\\\/des-adventistes-aident-a-commemorer-la-journee-nationale-de-la-liberte-religieuse-en-colombie\\\/#article\",\"isPartOf\":{\"@id\":\"https:\\\/\\\/interamerica.org\\\/fr\\\/2018\\\/07\\\/des-adventistes-aident-a-commemorer-la-journee-nationale-de-la-liberte-religieuse-en-colombie\\\/\"},\"author\":{\"name\":\"libna\",\"@id\":\"https:\\\/\\\/interamerica.org\\\/fr\\\/#\\\/schema\\\/person\\\/29998f2bc2d8bd0d38662909289b54f1\"},\"headline\":\"Des Adventistes aident \u00e0 comm\u00e9morer la Journ\u00e9e Nationale de la Libert\u00e9 Religieuse en Colombie\",\"datePublished\":\"2018-07-09T23:24:01+00:00\",\"dateModified\":\"2018-07-12T14:04:49+00:00\",\"mainEntityOfPage\":{\"@id\":\"https:\\\/\\\/interamerica.org\\\/fr\\\/2018\\\/07\\\/des-adventistes-aident-a-commemorer-la-journee-nationale-de-la-liberte-religieuse-en-colombie\\\/\"},\"wordCount\":787,\"commentCount\":0,\"image\":{\"@id\":\"https:\\\/\\\/interamerica.org\\\/fr\\\/2018\\\/07\\\/des-adventistes-aident-a-commemorer-la-journee-nationale-de-la-liberte-religieuse-en-colombie\\\/#primaryimage\"},\"thumbnailUrl\":\"https:\\\/\\\/interamerica.org\\\/wp-content\\\/uploads\\\/2018\\\/07\\\/official-photo-with-president-santos-1280.jpg\",\"articleSection\":[\"Nouvelles du territoire\",\"RSS Fran\u00e7ais\"],\"inLanguage\":\"fr-FR\",\"potentialAction\":[{\"@type\":\"CommentAction\",\"name\":\"Comment\",\"target\":[\"https:\\\/\\\/interamerica.org\\\/fr\\\/2018\\\/07\\\/des-adventistes-aident-a-commemorer-la-journee-nationale-de-la-liberte-religieuse-en-colombie\\\/#respond\"]}]},{\"@type\":\"WebPage\",\"@id\":\"https:\\\/\\\/interamerica.org\\\/fr\\\/2018\\\/07\\\/des-adventistes-aident-a-commemorer-la-journee-nationale-de-la-liberte-religieuse-en-colombie\\\/\",\"url\":\"https:\\\/\\\/interamerica.org\\\/fr\\\/2018\\\/07\\\/des-adventistes-aident-a-commemorer-la-journee-nationale-de-la-liberte-religieuse-en-colombie\\\/\",\"name\":\"Des Adventistes aident \u00e0 comm\u00e9morer la Journ\u00e9e Nationale de la Libert\u00e9 Religieuse en Colombie - \u00c9glise Adventiste Du Septieme Jour - Inter Am\u00e9rique Division\",\"isPartOf\":{\"@id\":\"https:\\\/\\\/interamerica.org\\\/fr\\\/#website\"},\"primaryImageOfPage\":{\"@id\":\"https:\\\/\\\/interamerica.org\\\/fr\\\/2018\\\/07\\\/des-adventistes-aident-a-commemorer-la-journee-nationale-de-la-liberte-religieuse-en-colombie\\\/#primaryimage\"},\"image\":{\"@id\":\"https:\\\/\\\/interamerica.org\\\/fr\\\/2018\\\/07\\\/des-adventistes-aident-a-commemorer-la-journee-nationale-de-la-liberte-religieuse-en-colombie\\\/#primaryimage\"},\"thumbnailUrl\":\"https:\\\/\\\/interamerica.org\\\/wp-content\\\/uploads\\\/2018\\\/07\\\/official-photo-with-president-santos-1280.jpg\",\"datePublished\":\"2018-07-09T23:24:01+00:00\",\"dateModified\":\"2018-07-12T14:04:49+00:00\",\"author\":{\"@id\":\"https:\\\/\\\/interamerica.org\\\/fr\\\/#\\\/schema\\\/person\\\/29998f2bc2d8bd0d38662909289b54f1\"},\"breadcrumb\":{\"@id\":\"https:\\\/\\\/interamerica.org\\\/fr\\\/2018\\\/07\\\/des-adventistes-aident-a-commemorer-la-journee-nationale-de-la-liberte-religieuse-en-colombie\\\/#breadcrumb\"},\"inLanguage\":\"fr-FR\",\"potentialAction\":[{\"@type\":\"ReadAction\",\"target\":[\"https:\\\/\\\/interamerica.org\\\/fr\\\/2018\\\/07\\\/des-adventistes-aident-a-commemorer-la-journee-nationale-de-la-liberte-religieuse-en-colombie\\\/\"]}]},{\"@type\":\"ImageObject\",\"inLanguage\":\"fr-FR\",\"@id\":\"https:\\\/\\\/interamerica.org\\\/fr\\\/2018\\\/07\\\/des-adventistes-aident-a-commemorer-la-journee-nationale-de-la-liberte-religieuse-en-colombie\\\/#primaryimage\",\"url\":\"https:\\\/\\\/interamerica.org\\\/wp-content\\\/uploads\\\/2018\\\/07\\\/official-photo-with-president-santos-1280.jpg\",\"contentUrl\":\"https:\\\/\\\/interamerica.org\\\/wp-content\\\/uploads\\\/2018\\\/07\\\/official-photo-with-president-santos-1280.jpg\",\"width\":1280,\"height\":800},{\"@type\":\"BreadcrumbList\",\"@id\":\"https:\\\/\\\/interamerica.org\\\/fr\\\/2018\\\/07\\\/des-adventistes-aident-a-commemorer-la-journee-nationale-de-la-liberte-religieuse-en-colombie\\\/#breadcrumb\",\"itemListElement\":[{\"@type\":\"ListItem\",\"position\":1,\"name\":\"Home\",\"item\":\"https:\\\/\\\/interamerica.org\\\/fr\\\/\"},{\"@type\":\"ListItem\",\"position\":2,\"name\":\"Des Adventistes aident \u00e0 comm\u00e9morer la Journ\u00e9e Nationale de la Libert\u00e9 Religieuse en Colombie\"}]},{\"@type\":\"WebSite\",\"@id\":\"https:\\\/\\\/interamerica.org\\\/fr\\\/#website\",\"url\":\"https:\\\/\\\/interamerica.org\\\/fr\\\/\",\"name\":\"\u00c9glise Adventiste Du Septieme Jour - Inter Am\u00e9rique Division\",\"description\":\"\",\"potentialAction\":[{\"@type\":\"SearchAction\",\"target\":{\"@type\":\"EntryPoint\",\"urlTemplate\":\"https:\\\/\\\/interamerica.org\\\/fr\\\/?s={search_term_string}\"},\"query-input\":{\"@type\":\"PropertyValueSpecification\",\"valueRequired\":true,\"valueName\":\"search_term_string\"}}],\"inLanguage\":\"fr-FR\"},{\"@type\":\"Person\",\"@id\":\"https:\\\/\\\/interamerica.org\\\/fr\\\/#\\\/schema\\\/person\\\/29998f2bc2d8bd0d38662909289b54f1\",\"name\":\"libna\",\"image\":{\"@type\":\"ImageObject\",\"inLanguage\":\"fr-FR\",\"@id\":\"https:\\\/\\\/secure.gravatar.com\\\/avatar\\\/7c5bd30ae4b47a9ba3c856590957fd1d96dc588bf3ac05719d247e126840331f?s=96&d=mm&r=g\",\"url\":\"https:\\\/\\\/secure.gravatar.com\\\/avatar\\\/7c5bd30ae4b47a9ba3c856590957fd1d96dc588bf3ac05719d247e126840331f?s=96&d=mm&r=g\",\"contentUrl\":\"https:\\\/\\\/secure.gravatar.com\\\/avatar\\\/7c5bd30ae4b47a9ba3c856590957fd1d96dc588bf3ac05719d247e126840331f?s=96&d=mm&r=g\",\"caption\":\"libna\"}}]}<\/script>\n<!-- \/ Yoast SEO plugin. -->","yoast_head_json":{"title":"Des Adventistes aident \u00e0 comm\u00e9morer la Journ\u00e9e Nationale de la Libert\u00e9 Religieuse en Colombie - \u00c9glise Adventiste Du Septieme Jour - Inter Am\u00e9rique Division","robots":{"index":"index","follow":"follow","max-snippet":"max-snippet:-1","max-image-preview":"max-image-preview:large","max-video-preview":"max-video-preview:-1"},"canonical":"https:\/\/interamerica.org\/fr\/2018\/07\/des-adventistes-aident-a-commemorer-la-journee-nationale-de-la-liberte-religieuse-en-colombie\/","og_locale":"fr_FR","og_type":"article","og_title":"Des Adventistes aident \u00e0 comm\u00e9morer la Journ\u00e9e Nationale de la Libert\u00e9 Religieuse en Colombie - \u00c9glise Adventiste Du Septieme Jour - Inter Am\u00e9rique Division","og_description":"10 Juillet 2018, Bogota, Colombie, Bettina Krause, directrice de la communication, Association Internationale de la Libert\u00e9 Religieuse Les Adventistes du Septi\u00e8me Jour responsables de la libert\u00e9 religieuse ont \u00e9t\u00e9 invit\u00e9s...","og_url":"https:\/\/interamerica.org\/fr\/2018\/07\/des-adventistes-aident-a-commemorer-la-journee-nationale-de-la-liberte-religieuse-en-colombie\/","og_site_name":"\u00c9glise Adventiste Du Septieme Jour - Inter Am\u00e9rique Division","article_published_time":"2018-07-09T23:24:01+00:00","article_modified_time":"2018-07-12T14:04:49+00:00","og_image":[{"width":1280,"height":800,"url":"https:\/\/interamerica.org\/wp-content\/uploads\/2018\/07\/official-photo-with-president-santos-1280.jpg","type":"image\/jpeg"}],"author":"libna","twitter_card":"summary_large_image","twitter_misc":{"\u00c9crit par":"libna","Dur\u00e9e de lecture estim\u00e9e":"4 minutes"},"schema":{"@context":"https:\/\/schema.org","@graph":[{"@type":"Article","@id":"https:\/\/interamerica.org\/fr\/2018\/07\/des-adventistes-aident-a-commemorer-la-journee-nationale-de-la-liberte-religieuse-en-colombie\/#article","isPartOf":{"@id":"https:\/\/interamerica.org\/fr\/2018\/07\/des-adventistes-aident-a-commemorer-la-journee-nationale-de-la-liberte-religieuse-en-colombie\/"},"author":{"name":"libna","@id":"https:\/\/interamerica.org\/fr\/#\/schema\/person\/29998f2bc2d8bd0d38662909289b54f1"},"headline":"Des Adventistes aident \u00e0 comm\u00e9morer la Journ\u00e9e Nationale de la Libert\u00e9 Religieuse en Colombie","datePublished":"2018-07-09T23:24:01+00:00","dateModified":"2018-07-12T14:04:49+00:00","mainEntityOfPage":{"@id":"https:\/\/interamerica.org\/fr\/2018\/07\/des-adventistes-aident-a-commemorer-la-journee-nationale-de-la-liberte-religieuse-en-colombie\/"},"wordCount":787,"commentCount":0,"image":{"@id":"https:\/\/interamerica.org\/fr\/2018\/07\/des-adventistes-aident-a-commemorer-la-journee-nationale-de-la-liberte-religieuse-en-colombie\/#primaryimage"},"thumbnailUrl":"https:\/\/interamerica.org\/wp-content\/uploads\/2018\/07\/official-photo-with-president-santos-1280.jpg","articleSection":["Nouvelles du territoire","RSS Fran\u00e7ais"],"inLanguage":"fr-FR","potentialAction":[{"@type":"CommentAction","name":"Comment","target":["https:\/\/interamerica.org\/fr\/2018\/07\/des-adventistes-aident-a-commemorer-la-journee-nationale-de-la-liberte-religieuse-en-colombie\/#respond"]}]},{"@type":"WebPage","@id":"https:\/\/interamerica.org\/fr\/2018\/07\/des-adventistes-aident-a-commemorer-la-journee-nationale-de-la-liberte-religieuse-en-colombie\/","url":"https:\/\/interamerica.org\/fr\/2018\/07\/des-adventistes-aident-a-commemorer-la-journee-nationale-de-la-liberte-religieuse-en-colombie\/","name":"Des Adventistes aident \u00e0 comm\u00e9morer la Journ\u00e9e Nationale de la Libert\u00e9 Religieuse en Colombie - \u00c9glise Adventiste Du Septieme Jour - Inter Am\u00e9rique Division","isPartOf":{"@id":"https:\/\/interamerica.org\/fr\/#website"},"primaryImageOfPage":{"@id":"https:\/\/interamerica.org\/fr\/2018\/07\/des-adventistes-aident-a-commemorer-la-journee-nationale-de-la-liberte-religieuse-en-colombie\/#primaryimage"},"image":{"@id":"https:\/\/interamerica.org\/fr\/2018\/07\/des-adventistes-aident-a-commemorer-la-journee-nationale-de-la-liberte-religieuse-en-colombie\/#primaryimage"},"thumbnailUrl":"https:\/\/interamerica.org\/wp-content\/uploads\/2018\/07\/official-photo-with-president-santos-1280.jpg","datePublished":"2018-07-09T23:24:01+00:00","dateModified":"2018-07-12T14:04:49+00:00","author":{"@id":"https:\/\/interamerica.org\/fr\/#\/schema\/person\/29998f2bc2d8bd0d38662909289b54f1"},"breadcrumb":{"@id":"https:\/\/interamerica.org\/fr\/2018\/07\/des-adventistes-aident-a-commemorer-la-journee-nationale-de-la-liberte-religieuse-en-colombie\/#breadcrumb"},"inLanguage":"fr-FR","potentialAction":[{"@type":"ReadAction","target":["https:\/\/interamerica.org\/fr\/2018\/07\/des-adventistes-aident-a-commemorer-la-journee-nationale-de-la-liberte-religieuse-en-colombie\/"]}]},{"@type":"ImageObject","inLanguage":"fr-FR","@id":"https:\/\/interamerica.org\/fr\/2018\/07\/des-adventistes-aident-a-commemorer-la-journee-nationale-de-la-liberte-religieuse-en-colombie\/#primaryimage","url":"https:\/\/interamerica.org\/wp-content\/uploads\/2018\/07\/official-photo-with-president-santos-1280.jpg","contentUrl":"https:\/\/interamerica.org\/wp-content\/uploads\/2018\/07\/official-photo-with-president-santos-1280.jpg","width":1280,"height":800},{"@type":"BreadcrumbList","@id":"https:\/\/interamerica.org\/fr\/2018\/07\/des-adventistes-aident-a-commemorer-la-journee-nationale-de-la-liberte-religieuse-en-colombie\/#breadcrumb","itemListElement":[{"@type":"ListItem","position":1,"name":"Home","item":"https:\/\/interamerica.org\/fr\/"},{"@type":"ListItem","position":2,"name":"Des Adventistes aident \u00e0 comm\u00e9morer la Journ\u00e9e Nationale de la Libert\u00e9 Religieuse en Colombie"}]},{"@type":"WebSite","@id":"https:\/\/interamerica.org\/fr\/#website","url":"https:\/\/interamerica.org\/fr\/","name":"\u00c9glise Adventiste Du Septieme Jour - Inter Am\u00e9rique Division","description":"","potentialAction":[{"@type":"SearchAction","target":{"@type":"EntryPoint","urlTemplate":"https:\/\/interamerica.org\/fr\/?s={search_term_string}"},"query-input":{"@type":"PropertyValueSpecification","valueRequired":true,"valueName":"search_term_string"}}],"inLanguage":"fr-FR"},{"@type":"Person","@id":"https:\/\/interamerica.org\/fr\/#\/schema\/person\/29998f2bc2d8bd0d38662909289b54f1","name":"libna","image":{"@type":"ImageObject","inLanguage":"fr-FR","@id":"https:\/\/secure.gravatar.com\/avatar\/7c5bd30ae4b47a9ba3c856590957fd1d96dc588bf3ac05719d247e126840331f?s=96&d=mm&r=g","url":"https:\/\/secure.gravatar.com\/avatar\/7c5bd30ae4b47a9ba3c856590957fd1d96dc588bf3ac05719d247e126840331f?s=96&d=mm&r=g","contentUrl":"https:\/\/secure.gravatar.com\/avatar\/7c5bd30ae4b47a9ba3c856590957fd1d96dc588bf3ac05719d247e126840331f?s=96&d=mm&r=g","caption":"libna"}}]}},"_links":{"self":[{"href":"https:\/\/interamerica.org\/fr\/wp-json\/wp\/v2\/posts\/42472","targetHints":{"allow":["GET"]}}],"collection":[{"href":"https:\/\/interamerica.org\/fr\/wp-json\/wp\/v2\/posts"}],"about":[{"href":"https:\/\/interamerica.org\/fr\/wp-json\/wp\/v2\/types\/post"}],"author":[{"embeddable":true,"href":"https:\/\/interamerica.org\/fr\/wp-json\/wp\/v2\/users\/3"}],"replies":[{"embeddable":true,"href":"https:\/\/interamerica.org\/fr\/wp-json\/wp\/v2\/comments?post=42472"}],"version-history":[{"count":0,"href":"https:\/\/interamerica.org\/fr\/wp-json\/wp\/v2\/posts\/42472\/revisions"}],"wp:featuredmedia":[{"embeddable":true,"href":"https:\/\/interamerica.org\/fr\/wp-json\/wp\/v2\/media\/42456"}],"wp:attachment":[{"href":"https:\/\/interamerica.org\/fr\/wp-json\/wp\/v2\/media?parent=42472"}],"wp:term":[{"taxonomy":"category","embeddable":true,"href":"https:\/\/interamerica.org\/fr\/wp-json\/wp\/v2\/categories?post=42472"},{"taxonomy":"post_tag","embeddable":true,"href":"https:\/\/interamerica.org\/fr\/wp-json\/wp\/v2\/tags?post=42472"}],"curies":[{"name":"wp","href":"https:\/\/api.w.org\/{rel}","templated":true}]}}