{"id":42575,"date":"2018-07-18T19:35:12","date_gmt":"2018-07-18T23:35:12","guid":{"rendered":"https:\/\/recursing-golick.147-182-135-0.plesk.page\/?p=42575"},"modified":"2018-07-19T04:58:56","modified_gmt":"2018-07-19T08:58:56","slug":"au-salvador-le-partenariat-entre-leglise-adventiste-et-une-fondation-suisse-profite-a-des-dizaines-de-familles","status":"publish","type":"post","link":"https:\/\/interamerica.org\/fr\/2018\/07\/au-salvador-le-partenariat-entre-leglise-adventiste-et-une-fondation-suisse-profite-a-des-dizaines-de-familles\/","title":{"rendered":"Au Salvador, le partenariat entre l\u2019\u00c9glise Adventiste et une Fondation Suisse profite \u00e0 des dizaines de familles"},"content":{"rendered":"<p>18 juillet 2018 | San Salvador, Le Salvador | Fabricio Rivera \/ DIA<\/p>\n<p>Gr\u00e2ce \u00e0 un partenariat en cours entre l\u2019\u00c9glise Adventiste du Septi\u00e8me Jour au Salvador et la Fondation Suisse Advent Stiftung, des dizaines d\u2019hommes et de femmes sont d\u00e9sormais en mesure de soutenir leurs familles et d\u2019am\u00e9liorer leurs conditions de vie. Les dirigeants et administrateurs de l\u2019\u00c9glise ont mis \u00e0 l\u2019honneur les 290 personnes venues de toutes les communaut\u00e9s de San Salvador qui ont achev\u00e9 un cours de formation sur les petites entreprises et qui ont re\u00e7u des outils et du mat\u00e9riel pour subvenir aux besoins de leur famille..<\/p>\n<div id=\"attachment_42564\" style=\"width: 976px\" class=\"wp-caption aligncenter\"><img fetchpriority=\"high\" decoding=\"async\" aria-describedby=\"caption-attachment-42564\" class=\" wp-image-42564\" src=\"https:\/\/recursing-golick.147-182-135-0.plesk.page\/wp-content\/uploads\/2018\/07\/esau-stiftung-certificates-1024x461.jpg\" alt=\"\" width=\"966\" height=\"435\" srcset=\"https:\/\/interamerica.org\/wp-content\/uploads\/2018\/07\/esau-stiftung-certificates-1024x461.jpg 1024w, https:\/\/interamerica.org\/wp-content\/uploads\/2018\/07\/esau-stiftung-certificates-300x135.jpg 300w, https:\/\/interamerica.org\/wp-content\/uploads\/2018\/07\/esau-stiftung-certificates-768x346.jpg 768w, https:\/\/interamerica.org\/wp-content\/uploads\/2018\/07\/esau-stiftung-certificates.jpg 1200w\" sizes=\"(max-width: 966px) 100vw, 966px\" \/><p id=\"caption-attachment-42564\" class=\"wp-caption-text\">Le 3 Juin 2018, pr\u00e8s de 300 personnes pr\u00e9sentent leur certificat indiquant qu\u2019elles ont achev\u00e9 un cours de formation commerciale dans le cadre de l\u2019initiative annuelle \u00ab Viva Mejor \u00bb (\u00ab Vivre Mieux \u00bb) men\u00e9e par l\u2019\u00c9glise Adventiste du Septi\u00e8me jour au Salvador et la Fondation Suisse Advent Stiftung \u00e0 San Salvador, au Salvador. Les hommes et les femmes \u00e0 la recherche d\u2019un emploi ont \u00e9galement re\u00e7u des outils et du mat\u00e9riel gratuits pour d\u00e9marrer une petite entreprise et subvenir aux besoins de leur famille. Photo de Fabricio Rivera<\/p><\/div>\n<p>Dans le cadre de son initiative annuelle \u00ab Viva Mejor \u00bb ou \u00ab Vivre Mieux, \u00bb les hommes et les femmes qui ont besoin de travail et qui n\u2019ont pas de formation ont l\u2019opportunit\u00e9 de recevoir une formation professionnelle gratuite, ont d\u00e9clar\u00e9 les organisateurs.<\/p>\n<p>\u00ab Vos vies seront chang\u00e9es et cela aidera notre soci\u00e9t\u00e9 au Salvador \u00e0 avoir des personnes plus productives, \u00bb a d\u00e9clar\u00e9 pasteur Abel Pacheco, pr\u00e9sident de l\u2019\u00c9glise Adventiste au Salvador, en f\u00e9licitant les b\u00e9n\u00e9ficiaires.<\/p>\n<p>Pasteur Pacheco a remerci\u00e9 la Fondation Advent-Stiftung pour son engagement en faveur des familles au Salvador depuis plus de 26 ans. \u00ab Nous sommes reconnaissants pour le partenariat avec Advent Stiftung qui s\u2019est d\u00e9velopp\u00e9 au fil des ann\u00e9es dans chacune de nos cinq f\u00e9d\u00e9rations \u00e0 travers le pays. \u00bb<\/p>\n<p>Pour Guiseppe Carbone, directeur de Adventist-Stiftung pour l\u2019Am\u00e9rique latine, faire le voyage chaque ann\u00e9e pour donner du mat\u00e9riel \u00e0 des personnes form\u00e9es est quelque chose de tr\u00e8s satisfaisant. \u00ab C\u2019est un partenariat magnifique qui implique un personnel d\u00e9vou\u00e9 pour assurer le suivi de ces personnes qui ont \u00e9t\u00e9 les b\u00e9n\u00e9ficiaires de ce projet \u00ab Viva Mejor, \u00bb a d\u00e9clar\u00e9 Giuseppe Carbone. \u00ab L\u2019administration de l\u2019\u00e9glise au Salvador a vraiment pris ce projet au s\u00e9rieux. \u00bb<\/p>\n<div id=\"attachment_42565\" style=\"width: 811px\" class=\"wp-caption aligncenter\"><img decoding=\"async\" aria-describedby=\"caption-attachment-42565\" class=\" wp-image-42565\" src=\"https:\/\/recursing-golick.147-182-135-0.plesk.page\/wp-content\/uploads\/2018\/07\/esau-carbone-tools-2018.jpg\" alt=\"\" width=\"801\" height=\"522\" srcset=\"https:\/\/interamerica.org\/wp-content\/uploads\/2018\/07\/esau-carbone-tools-2018.jpg 1000w, https:\/\/interamerica.org\/wp-content\/uploads\/2018\/07\/esau-carbone-tools-2018-300x196.jpg 300w, https:\/\/interamerica.org\/wp-content\/uploads\/2018\/07\/esau-carbone-tools-2018-768x501.jpg 768w\" sizes=\"(max-width: 801px) 100vw, 801px\" \/><p id=\"caption-attachment-42565\" class=\"wp-caption-text\">Guiseppe Carbone, directeur de Adventist-Stiftung pour l\u2019Am\u00e9rique latine, se tient \u00e0 c\u00f4t\u00e9 d\u2019un groupe form\u00e9 pour faire fonctionner les fours qui ont \u00e9t\u00e9 remis. Photo de Fabricio Rivera<\/p><\/div>\n<p>L\u2019\u00e9glise a fait appel au soutien de l\u2019Institut de Formation Professionnelle du Salvador (Instituto Salvadore\u00f1o de Formaci\u00f3n ou INSAFORP) qui assure la formation avec l\u2019\u00e9glise.<\/p>\n<p>Maria Teresa Ju\u00e1rez fait partie des quelque 300 personnes b\u00e9n\u00e9ficiaires pr\u00e9sentes dans un centre scolaire de Delgado \u00e0 San Salvador. Maria Ju\u00e1rez avait \u00e9t\u00e9 incarc\u00e9r\u00e9e pendant 12 ans et avait perdu tout espoir de subvenir \u00e0 ses besoins et \u00e0 ceux de sa famille une fois lib\u00e9r\u00e9e pour bonne conduite. Elle faisait partie d\u2019un groupe de huit personnes s\u00e9lectionn\u00e9es dans le cadre des minist\u00e8res de la prison pour faire partie du projet \u00ab Viva Mejor. \u00bb<br \/>\nMaria Ju\u00e1rez \u00e9tait tout sourire quand elle a re\u00e7u son certificat en cosm\u00e9tologie et son kit de coupe de cheveux pour commencer \u00e0 travailler dans l\u2019industrie de la beaut\u00e9.<\/p>\n<p>Au cours des trois derni\u00e8res ann\u00e9es, pr\u00e8s de 1000 familles ont b\u00e9n\u00e9fici\u00e9 de cette initiative, soit en moyenne 329 familles par an. Le co\u00fbt de la formation et du mat\u00e9riel est de 250 $ \u00e0 400 $ par personne.<\/p>\n<div id=\"attachment_42563\" style=\"width: 811px\" class=\"wp-caption aligncenter\"><img decoding=\"async\" aria-describedby=\"caption-attachment-42563\" class=\" wp-image-42563\" src=\"https:\/\/recursing-golick.147-182-135-0.plesk.page\/wp-content\/uploads\/2018\/07\/esau-stiftung-maria.jpg\" alt=\"\" width=\"801\" height=\"530\" srcset=\"https:\/\/interamerica.org\/wp-content\/uploads\/2018\/07\/esau-stiftung-maria.jpg 1000w, https:\/\/interamerica.org\/wp-content\/uploads\/2018\/07\/esau-stiftung-maria-300x199.jpg 300w, https:\/\/interamerica.org\/wp-content\/uploads\/2018\/07\/esau-stiftung-maria-768x508.jpg 768w\" sizes=\"(max-width: 801px) 100vw, 801px\" \/><p id=\"caption-attachment-42563\" class=\"wp-caption-text\">Mar\u00eda Teresa Ju\u00e1rez sourit apr\u00e8s avoir re\u00e7u son certificat de formation en cosm\u00e9tologie et son kit de coupe de cheveux. Photo de Fabricio Rivera<\/p><\/div>\n<p>Le projet \u00ab Viva Mejor \u00bb a fourni des plaques pour la fabrication de tortillas, des kits de soudage, des outils de menuiserie, des machines \u00e0 coudre, des kits de cosm\u00e9tologie, des fours \u00e9lectriques, des chariots \u00e0 cr\u00e8me glac\u00e9e et plus encore lors de la c\u00e9r\u00e9monie qui s\u2019est d\u00e9roul\u00e9e au d\u00e9but du mois dernier.<\/p>\n<p>De plus, chaque individu ayant re\u00e7u un certificat a \u00e9galement re\u00e7u une Bible neuve.<\/p>\n<p>La Fondation Advent Stiftung a aid\u00e9 des milliers de personnes pendant plus de 26 ans en Am\u00e9rique Centrale, en Am\u00e9rique du Sud, dans les Cara\u00efbes et en Inde.<\/p>\n<p>Traduction: Patrick Luciathe<\/p>\n","protected":false},"excerpt":{"rendered":"<p>18 juillet 2018 | San Salvador, Le Salvador | Fabricio Rivera \/ DIA Gr\u00e2ce \u00e0 un partenariat en cours entre l\u2019\u00c9glise Adventiste du Septi\u00e8me Jour au Salvador et la Fondation&#8230;<\/p>\n","protected":false},"author":3,"featured_media":42562,"comment_status":"open","ping_status":"closed","sticky":false,"template":"","format":"standard","meta":{"_acf_changed":false,"footnotes":""},"categories":[21,19],"tags":[],"class_list":["post-42575","post","type-post","status-publish","format-standard","has-post-thumbnail","hentry","category-nouvelles-du-territoire","category-rss-francais"],"acf":[],"yoast_head":"<!-- This site is optimized with the Yoast SEO plugin v27.3 - https:\/\/yoast.com\/product\/yoast-seo-wordpress\/ -->\n<title>Au Salvador, le partenariat entre l\u2019\u00c9glise Adventiste et une Fondation Suisse profite \u00e0 des dizaines de familles - \u00c9glise Adventiste Du Septieme Jour - Inter Am\u00e9rique Division<\/title>\n<meta name=\"robots\" content=\"index, follow, max-snippet:-1, max-image-preview:large, max-video-preview:-1\" \/>\n<link rel=\"canonical\" href=\"https:\/\/interamerica.org\/fr\/2018\/07\/au-salvador-le-partenariat-entre-leglise-adventiste-et-une-fondation-suisse-profite-a-des-dizaines-de-familles\/\" \/>\n<meta property=\"og:locale\" content=\"fr_FR\" \/>\n<meta property=\"og:type\" content=\"article\" \/>\n<meta property=\"og:title\" content=\"Au Salvador, le partenariat entre l\u2019\u00c9glise Adventiste et une Fondation Suisse profite \u00e0 des dizaines de familles - \u00c9glise Adventiste Du Septieme Jour - Inter Am\u00e9rique Division\" \/>\n<meta property=\"og:description\" content=\"18 juillet 2018 | San Salvador, Le Salvador | Fabricio Rivera \/ DIA Gr\u00e2ce \u00e0 un partenariat en cours entre l\u2019\u00c9glise Adventiste du Septi\u00e8me Jour au Salvador et la Fondation...\" \/>\n<meta property=\"og:url\" content=\"https:\/\/interamerica.org\/fr\/2018\/07\/au-salvador-le-partenariat-entre-leglise-adventiste-et-une-fondation-suisse-profite-a-des-dizaines-de-familles\/\" \/>\n<meta property=\"og:site_name\" content=\"\u00c9glise Adventiste Du Septieme Jour - Inter Am\u00e9rique Division\" \/>\n<meta property=\"article:published_time\" content=\"2018-07-18T23:35:12+00:00\" \/>\n<meta property=\"article:modified_time\" content=\"2018-07-19T08:58:56+00:00\" \/>\n<meta property=\"og:image\" content=\"https:\/\/interamerica.org\/wp-content\/uploads\/2018\/07\/esau-stiftung-sewingmachines.jpg\" \/>\n\t<meta property=\"og:image:width\" content=\"1280\" \/>\n\t<meta property=\"og:image:height\" content=\"800\" \/>\n\t<meta property=\"og:image:type\" content=\"image\/jpeg\" \/>\n<meta name=\"author\" content=\"libna\" \/>\n<meta name=\"twitter:card\" content=\"summary_large_image\" \/>\n<meta name=\"twitter:label1\" content=\"\u00c9crit par\" \/>\n\t<meta name=\"twitter:data1\" content=\"libna\" \/>\n\t<meta name=\"twitter:label2\" content=\"Dur\u00e9e de lecture estim\u00e9e\" \/>\n\t<meta name=\"twitter:data2\" content=\"4 minutes\" \/>\n<script type=\"application\/ld+json\" class=\"yoast-schema-graph\">{\"@context\":\"https:\\\/\\\/schema.org\",\"@graph\":[{\"@type\":\"Article\",\"@id\":\"https:\\\/\\\/interamerica.org\\\/fr\\\/2018\\\/07\\\/au-salvador-le-partenariat-entre-leglise-adventiste-et-une-fondation-suisse-profite-a-des-dizaines-de-familles\\\/#article\",\"isPartOf\":{\"@id\":\"https:\\\/\\\/interamerica.org\\\/fr\\\/2018\\\/07\\\/au-salvador-le-partenariat-entre-leglise-adventiste-et-une-fondation-suisse-profite-a-des-dizaines-de-familles\\\/\"},\"author\":{\"name\":\"libna\",\"@id\":\"https:\\\/\\\/interamerica.org\\\/fr\\\/#\\\/schema\\\/person\\\/29998f2bc2d8bd0d38662909289b54f1\"},\"headline\":\"Au Salvador, le partenariat entre l\u2019\u00c9glise Adventiste et une Fondation Suisse profite \u00e0 des dizaines de familles\",\"datePublished\":\"2018-07-18T23:35:12+00:00\",\"dateModified\":\"2018-07-19T08:58:56+00:00\",\"mainEntityOfPage\":{\"@id\":\"https:\\\/\\\/interamerica.org\\\/fr\\\/2018\\\/07\\\/au-salvador-le-partenariat-entre-leglise-adventiste-et-une-fondation-suisse-profite-a-des-dizaines-de-familles\\\/\"},\"wordCount\":800,\"commentCount\":0,\"image\":{\"@id\":\"https:\\\/\\\/interamerica.org\\\/fr\\\/2018\\\/07\\\/au-salvador-le-partenariat-entre-leglise-adventiste-et-une-fondation-suisse-profite-a-des-dizaines-de-familles\\\/#primaryimage\"},\"thumbnailUrl\":\"https:\\\/\\\/interamerica.org\\\/wp-content\\\/uploads\\\/2018\\\/07\\\/esau-stiftung-sewingmachines.jpg\",\"articleSection\":[\"Nouvelles du territoire\",\"RSS Fran\u00e7ais\"],\"inLanguage\":\"fr-FR\",\"potentialAction\":[{\"@type\":\"CommentAction\",\"name\":\"Comment\",\"target\":[\"https:\\\/\\\/interamerica.org\\\/fr\\\/2018\\\/07\\\/au-salvador-le-partenariat-entre-leglise-adventiste-et-une-fondation-suisse-profite-a-des-dizaines-de-familles\\\/#respond\"]}]},{\"@type\":\"WebPage\",\"@id\":\"https:\\\/\\\/interamerica.org\\\/fr\\\/2018\\\/07\\\/au-salvador-le-partenariat-entre-leglise-adventiste-et-une-fondation-suisse-profite-a-des-dizaines-de-familles\\\/\",\"url\":\"https:\\\/\\\/interamerica.org\\\/fr\\\/2018\\\/07\\\/au-salvador-le-partenariat-entre-leglise-adventiste-et-une-fondation-suisse-profite-a-des-dizaines-de-familles\\\/\",\"name\":\"Au Salvador, le partenariat entre l\u2019\u00c9glise Adventiste et une Fondation Suisse profite \u00e0 des dizaines de familles - \u00c9glise Adventiste Du Septieme Jour - Inter Am\u00e9rique Division\",\"isPartOf\":{\"@id\":\"https:\\\/\\\/interamerica.org\\\/fr\\\/#website\"},\"primaryImageOfPage\":{\"@id\":\"https:\\\/\\\/interamerica.org\\\/fr\\\/2018\\\/07\\\/au-salvador-le-partenariat-entre-leglise-adventiste-et-une-fondation-suisse-profite-a-des-dizaines-de-familles\\\/#primaryimage\"},\"image\":{\"@id\":\"https:\\\/\\\/interamerica.org\\\/fr\\\/2018\\\/07\\\/au-salvador-le-partenariat-entre-leglise-adventiste-et-une-fondation-suisse-profite-a-des-dizaines-de-familles\\\/#primaryimage\"},\"thumbnailUrl\":\"https:\\\/\\\/interamerica.org\\\/wp-content\\\/uploads\\\/2018\\\/07\\\/esau-stiftung-sewingmachines.jpg\",\"datePublished\":\"2018-07-18T23:35:12+00:00\",\"dateModified\":\"2018-07-19T08:58:56+00:00\",\"author\":{\"@id\":\"https:\\\/\\\/interamerica.org\\\/fr\\\/#\\\/schema\\\/person\\\/29998f2bc2d8bd0d38662909289b54f1\"},\"breadcrumb\":{\"@id\":\"https:\\\/\\\/interamerica.org\\\/fr\\\/2018\\\/07\\\/au-salvador-le-partenariat-entre-leglise-adventiste-et-une-fondation-suisse-profite-a-des-dizaines-de-familles\\\/#breadcrumb\"},\"inLanguage\":\"fr-FR\",\"potentialAction\":[{\"@type\":\"ReadAction\",\"target\":[\"https:\\\/\\\/interamerica.org\\\/fr\\\/2018\\\/07\\\/au-salvador-le-partenariat-entre-leglise-adventiste-et-une-fondation-suisse-profite-a-des-dizaines-de-familles\\\/\"]}]},{\"@type\":\"ImageObject\",\"inLanguage\":\"fr-FR\",\"@id\":\"https:\\\/\\\/interamerica.org\\\/fr\\\/2018\\\/07\\\/au-salvador-le-partenariat-entre-leglise-adventiste-et-une-fondation-suisse-profite-a-des-dizaines-de-familles\\\/#primaryimage\",\"url\":\"https:\\\/\\\/interamerica.org\\\/wp-content\\\/uploads\\\/2018\\\/07\\\/esau-stiftung-sewingmachines.jpg\",\"contentUrl\":\"https:\\\/\\\/interamerica.org\\\/wp-content\\\/uploads\\\/2018\\\/07\\\/esau-stiftung-sewingmachines.jpg\",\"width\":1280,\"height\":800},{\"@type\":\"BreadcrumbList\",\"@id\":\"https:\\\/\\\/interamerica.org\\\/fr\\\/2018\\\/07\\\/au-salvador-le-partenariat-entre-leglise-adventiste-et-une-fondation-suisse-profite-a-des-dizaines-de-familles\\\/#breadcrumb\",\"itemListElement\":[{\"@type\":\"ListItem\",\"position\":1,\"name\":\"Home\",\"item\":\"https:\\\/\\\/interamerica.org\\\/fr\\\/\"},{\"@type\":\"ListItem\",\"position\":2,\"name\":\"Au Salvador, le partenariat entre l\u2019\u00c9glise Adventiste et une Fondation Suisse profite \u00e0 des dizaines de familles\"}]},{\"@type\":\"WebSite\",\"@id\":\"https:\\\/\\\/interamerica.org\\\/fr\\\/#website\",\"url\":\"https:\\\/\\\/interamerica.org\\\/fr\\\/\",\"name\":\"\u00c9glise Adventiste Du Septieme Jour - Inter Am\u00e9rique Division\",\"description\":\"\",\"potentialAction\":[{\"@type\":\"SearchAction\",\"target\":{\"@type\":\"EntryPoint\",\"urlTemplate\":\"https:\\\/\\\/interamerica.org\\\/fr\\\/?s={search_term_string}\"},\"query-input\":{\"@type\":\"PropertyValueSpecification\",\"valueRequired\":true,\"valueName\":\"search_term_string\"}}],\"inLanguage\":\"fr-FR\"},{\"@type\":\"Person\",\"@id\":\"https:\\\/\\\/interamerica.org\\\/fr\\\/#\\\/schema\\\/person\\\/29998f2bc2d8bd0d38662909289b54f1\",\"name\":\"libna\",\"image\":{\"@type\":\"ImageObject\",\"inLanguage\":\"fr-FR\",\"@id\":\"https:\\\/\\\/secure.gravatar.com\\\/avatar\\\/7c5bd30ae4b47a9ba3c856590957fd1d96dc588bf3ac05719d247e126840331f?s=96&d=mm&r=g\",\"url\":\"https:\\\/\\\/secure.gravatar.com\\\/avatar\\\/7c5bd30ae4b47a9ba3c856590957fd1d96dc588bf3ac05719d247e126840331f?s=96&d=mm&r=g\",\"contentUrl\":\"https:\\\/\\\/secure.gravatar.com\\\/avatar\\\/7c5bd30ae4b47a9ba3c856590957fd1d96dc588bf3ac05719d247e126840331f?s=96&d=mm&r=g\",\"caption\":\"libna\"}}]}<\/script>\n<!-- \/ Yoast SEO plugin. -->","yoast_head_json":{"title":"Au Salvador, le partenariat entre l\u2019\u00c9glise Adventiste et une Fondation Suisse profite \u00e0 des dizaines de familles - \u00c9glise Adventiste Du Septieme Jour - Inter Am\u00e9rique Division","robots":{"index":"index","follow":"follow","max-snippet":"max-snippet:-1","max-image-preview":"max-image-preview:large","max-video-preview":"max-video-preview:-1"},"canonical":"https:\/\/interamerica.org\/fr\/2018\/07\/au-salvador-le-partenariat-entre-leglise-adventiste-et-une-fondation-suisse-profite-a-des-dizaines-de-familles\/","og_locale":"fr_FR","og_type":"article","og_title":"Au Salvador, le partenariat entre l\u2019\u00c9glise Adventiste et une Fondation Suisse profite \u00e0 des dizaines de familles - \u00c9glise Adventiste Du Septieme Jour - Inter Am\u00e9rique Division","og_description":"18 juillet 2018 | San Salvador, Le Salvador | Fabricio Rivera \/ DIA Gr\u00e2ce \u00e0 un partenariat en cours entre l\u2019\u00c9glise Adventiste du Septi\u00e8me Jour au Salvador et la Fondation...","og_url":"https:\/\/interamerica.org\/fr\/2018\/07\/au-salvador-le-partenariat-entre-leglise-adventiste-et-une-fondation-suisse-profite-a-des-dizaines-de-familles\/","og_site_name":"\u00c9glise Adventiste Du Septieme Jour - Inter Am\u00e9rique Division","article_published_time":"2018-07-18T23:35:12+00:00","article_modified_time":"2018-07-19T08:58:56+00:00","og_image":[{"width":1280,"height":800,"url":"https:\/\/interamerica.org\/wp-content\/uploads\/2018\/07\/esau-stiftung-sewingmachines.jpg","type":"image\/jpeg"}],"author":"libna","twitter_card":"summary_large_image","twitter_misc":{"\u00c9crit par":"libna","Dur\u00e9e de lecture estim\u00e9e":"4 minutes"},"schema":{"@context":"https:\/\/schema.org","@graph":[{"@type":"Article","@id":"https:\/\/interamerica.org\/fr\/2018\/07\/au-salvador-le-partenariat-entre-leglise-adventiste-et-une-fondation-suisse-profite-a-des-dizaines-de-familles\/#article","isPartOf":{"@id":"https:\/\/interamerica.org\/fr\/2018\/07\/au-salvador-le-partenariat-entre-leglise-adventiste-et-une-fondation-suisse-profite-a-des-dizaines-de-familles\/"},"author":{"name":"libna","@id":"https:\/\/interamerica.org\/fr\/#\/schema\/person\/29998f2bc2d8bd0d38662909289b54f1"},"headline":"Au Salvador, le partenariat entre l\u2019\u00c9glise Adventiste et une Fondation Suisse profite \u00e0 des dizaines de familles","datePublished":"2018-07-18T23:35:12+00:00","dateModified":"2018-07-19T08:58:56+00:00","mainEntityOfPage":{"@id":"https:\/\/interamerica.org\/fr\/2018\/07\/au-salvador-le-partenariat-entre-leglise-adventiste-et-une-fondation-suisse-profite-a-des-dizaines-de-familles\/"},"wordCount":800,"commentCount":0,"image":{"@id":"https:\/\/interamerica.org\/fr\/2018\/07\/au-salvador-le-partenariat-entre-leglise-adventiste-et-une-fondation-suisse-profite-a-des-dizaines-de-familles\/#primaryimage"},"thumbnailUrl":"https:\/\/interamerica.org\/wp-content\/uploads\/2018\/07\/esau-stiftung-sewingmachines.jpg","articleSection":["Nouvelles du territoire","RSS Fran\u00e7ais"],"inLanguage":"fr-FR","potentialAction":[{"@type":"CommentAction","name":"Comment","target":["https:\/\/interamerica.org\/fr\/2018\/07\/au-salvador-le-partenariat-entre-leglise-adventiste-et-une-fondation-suisse-profite-a-des-dizaines-de-familles\/#respond"]}]},{"@type":"WebPage","@id":"https:\/\/interamerica.org\/fr\/2018\/07\/au-salvador-le-partenariat-entre-leglise-adventiste-et-une-fondation-suisse-profite-a-des-dizaines-de-familles\/","url":"https:\/\/interamerica.org\/fr\/2018\/07\/au-salvador-le-partenariat-entre-leglise-adventiste-et-une-fondation-suisse-profite-a-des-dizaines-de-familles\/","name":"Au Salvador, le partenariat entre l\u2019\u00c9glise Adventiste et une Fondation Suisse profite \u00e0 des dizaines de familles - \u00c9glise Adventiste Du Septieme Jour - Inter Am\u00e9rique Division","isPartOf":{"@id":"https:\/\/interamerica.org\/fr\/#website"},"primaryImageOfPage":{"@id":"https:\/\/interamerica.org\/fr\/2018\/07\/au-salvador-le-partenariat-entre-leglise-adventiste-et-une-fondation-suisse-profite-a-des-dizaines-de-familles\/#primaryimage"},"image":{"@id":"https:\/\/interamerica.org\/fr\/2018\/07\/au-salvador-le-partenariat-entre-leglise-adventiste-et-une-fondation-suisse-profite-a-des-dizaines-de-familles\/#primaryimage"},"thumbnailUrl":"https:\/\/interamerica.org\/wp-content\/uploads\/2018\/07\/esau-stiftung-sewingmachines.jpg","datePublished":"2018-07-18T23:35:12+00:00","dateModified":"2018-07-19T08:58:56+00:00","author":{"@id":"https:\/\/interamerica.org\/fr\/#\/schema\/person\/29998f2bc2d8bd0d38662909289b54f1"},"breadcrumb":{"@id":"https:\/\/interamerica.org\/fr\/2018\/07\/au-salvador-le-partenariat-entre-leglise-adventiste-et-une-fondation-suisse-profite-a-des-dizaines-de-familles\/#breadcrumb"},"inLanguage":"fr-FR","potentialAction":[{"@type":"ReadAction","target":["https:\/\/interamerica.org\/fr\/2018\/07\/au-salvador-le-partenariat-entre-leglise-adventiste-et-une-fondation-suisse-profite-a-des-dizaines-de-familles\/"]}]},{"@type":"ImageObject","inLanguage":"fr-FR","@id":"https:\/\/interamerica.org\/fr\/2018\/07\/au-salvador-le-partenariat-entre-leglise-adventiste-et-une-fondation-suisse-profite-a-des-dizaines-de-familles\/#primaryimage","url":"https:\/\/interamerica.org\/wp-content\/uploads\/2018\/07\/esau-stiftung-sewingmachines.jpg","contentUrl":"https:\/\/interamerica.org\/wp-content\/uploads\/2018\/07\/esau-stiftung-sewingmachines.jpg","width":1280,"height":800},{"@type":"BreadcrumbList","@id":"https:\/\/interamerica.org\/fr\/2018\/07\/au-salvador-le-partenariat-entre-leglise-adventiste-et-une-fondation-suisse-profite-a-des-dizaines-de-familles\/#breadcrumb","itemListElement":[{"@type":"ListItem","position":1,"name":"Home","item":"https:\/\/interamerica.org\/fr\/"},{"@type":"ListItem","position":2,"name":"Au Salvador, le partenariat entre l\u2019\u00c9glise Adventiste et une Fondation Suisse profite \u00e0 des dizaines de familles"}]},{"@type":"WebSite","@id":"https:\/\/interamerica.org\/fr\/#website","url":"https:\/\/interamerica.org\/fr\/","name":"\u00c9glise Adventiste Du Septieme Jour - Inter Am\u00e9rique Division","description":"","potentialAction":[{"@type":"SearchAction","target":{"@type":"EntryPoint","urlTemplate":"https:\/\/interamerica.org\/fr\/?s={search_term_string}"},"query-input":{"@type":"PropertyValueSpecification","valueRequired":true,"valueName":"search_term_string"}}],"inLanguage":"fr-FR"},{"@type":"Person","@id":"https:\/\/interamerica.org\/fr\/#\/schema\/person\/29998f2bc2d8bd0d38662909289b54f1","name":"libna","image":{"@type":"ImageObject","inLanguage":"fr-FR","@id":"https:\/\/secure.gravatar.com\/avatar\/7c5bd30ae4b47a9ba3c856590957fd1d96dc588bf3ac05719d247e126840331f?s=96&d=mm&r=g","url":"https:\/\/secure.gravatar.com\/avatar\/7c5bd30ae4b47a9ba3c856590957fd1d96dc588bf3ac05719d247e126840331f?s=96&d=mm&r=g","contentUrl":"https:\/\/secure.gravatar.com\/avatar\/7c5bd30ae4b47a9ba3c856590957fd1d96dc588bf3ac05719d247e126840331f?s=96&d=mm&r=g","caption":"libna"}}]}},"_links":{"self":[{"href":"https:\/\/interamerica.org\/fr\/wp-json\/wp\/v2\/posts\/42575","targetHints":{"allow":["GET"]}}],"collection":[{"href":"https:\/\/interamerica.org\/fr\/wp-json\/wp\/v2\/posts"}],"about":[{"href":"https:\/\/interamerica.org\/fr\/wp-json\/wp\/v2\/types\/post"}],"author":[{"embeddable":true,"href":"https:\/\/interamerica.org\/fr\/wp-json\/wp\/v2\/users\/3"}],"replies":[{"embeddable":true,"href":"https:\/\/interamerica.org\/fr\/wp-json\/wp\/v2\/comments?post=42575"}],"version-history":[{"count":0,"href":"https:\/\/interamerica.org\/fr\/wp-json\/wp\/v2\/posts\/42575\/revisions"}],"wp:featuredmedia":[{"embeddable":true,"href":"https:\/\/interamerica.org\/fr\/wp-json\/wp\/v2\/media\/42562"}],"wp:attachment":[{"href":"https:\/\/interamerica.org\/fr\/wp-json\/wp\/v2\/media?parent=42575"}],"wp:term":[{"taxonomy":"category","embeddable":true,"href":"https:\/\/interamerica.org\/fr\/wp-json\/wp\/v2\/categories?post=42575"},{"taxonomy":"post_tag","embeddable":true,"href":"https:\/\/interamerica.org\/fr\/wp-json\/wp\/v2\/tags?post=42575"}],"curies":[{"name":"wp","href":"https:\/\/api.w.org\/{rel}","templated":true}]}}