{"id":42608,"date":"2018-07-23T19:13:46","date_gmt":"2018-07-23T23:13:46","guid":{"rendered":"https:\/\/recursing-golick.147-182-135-0.plesk.page\/?p=42608"},"modified":"2018-07-24T16:21:22","modified_gmt":"2018-07-24T20:21:22","slug":"leglise-adventiste-en-republique-dominicaine-prie-pour-la-nation-alors-que-la-violence-augmente","status":"publish","type":"post","link":"https:\/\/interamerica.org\/fr\/2018\/07\/leglise-adventiste-en-republique-dominicaine-prie-pour-la-nation-alors-que-la-violence-augmente\/","title":{"rendered":"L\u2019\u00c9glise Adventiste en R\u00e9publique Dominicaine prie pour la nation alors que la violence augmente"},"content":{"rendered":"<div id=\"attachment_42600\" style=\"width: 811px\" class=\"wp-caption aligncenter\"><img fetchpriority=\"high\" decoding=\"async\" aria-describedby=\"caption-attachment-42600\" class=\" wp-image-42600\" src=\"https:\/\/recursing-golick.147-182-135-0.plesk.page\/wp-content\/uploads\/2018\/07\/domu-installation-leaders-1.jpg\" alt=\"\" width=\"801\" height=\"532\" srcset=\"https:\/\/interamerica.org\/wp-content\/uploads\/2018\/07\/domu-installation-leaders-1.jpg 960w, https:\/\/interamerica.org\/wp-content\/uploads\/2018\/07\/domu-installation-leaders-1-300x199.jpg 300w, https:\/\/interamerica.org\/wp-content\/uploads\/2018\/07\/domu-installation-leaders-1-768x510.jpg 768w\" sizes=\"(max-width: 801px) 100vw, 801px\" \/><p id=\"caption-attachment-42600\" class=\"wp-caption-text\">Les dirigeants Adventistes du Septi\u00e8me Jour prient pour les communaut\u00e9s ravag\u00e9es par une violence croissante en R\u00e9publique Dominicaine lors d\u2019une c\u00e9r\u00e9monie de pri\u00e8re sp\u00e9ciale qui a eu lieu au Pavillon Balon Mano au Parque del Este, \u00e0 Saint-Domingue, le 7 juillet 2018. Photo de l\u2019Union Dominicaine<\/p><\/div>\n<p>23 juillet 2018 | Santo Domingo, R\u00e9publique Dominicaine | Bernardo Medina \/ DIA<\/p>\n<p>Des centaines d\u2019Adventistes du Septi\u00e8me Jour se sont r\u00e9cemment r\u00e9unis \u00e0 Saint Domingue, en R\u00e9publique Dominicaine, pour prier au sujet de la mont\u00e9e de la violence, du crime et de la pauvret\u00e9 qui touchent la nation. Les dirigeants de l\u2019\u00c9glise ont parl\u00e9 de l\u2019ins\u00e9curit\u00e9 qui constitue une vraie pr\u00e9occupation pour les Dominicains, en plus de la d\u00e9linquance, du ch\u00f4mage et de la violence familiale \u00e0 l\u2019occasion d\u2019une journ\u00e9e o\u00f9 le temps a \u00e9t\u00e9 consacr\u00e9 \u00e0 la pri\u00e8re, la musique, l\u2019\u00e9tude de la Bible et au service communautaire le 7 juillet au Pavillon Balon Mano au Parque del Este.<\/p>\n<p>\u00ab Nous sommes ici aujourd\u2019hui, non seulement pour prier pour la pr\u00e9sence divine dans nos vies mais aussi pour chaque famille dominicaine, pour nos gouverneurs et les autorit\u00e9s, afin qu\u2019ensemble en tant que peuple nous puissions nous consacrer au Seigneur et recevoir le v\u00e9ritable changement \u00e0 l\u2019int\u00e9rieur, \u00bb a d\u00e9clar\u00e9 pasteur Paulino Puello, pr\u00e9sident de l\u2019\u00c9glise Adventiste en R\u00e9publique Dominicaine.<\/p>\n<div id=\"attachment_42598\" style=\"width: 811px\" class=\"wp-caption aligncenter\"><img decoding=\"async\" aria-describedby=\"caption-attachment-42598\" class=\" wp-image-42598\" src=\"https:\/\/recursing-golick.147-182-135-0.plesk.page\/wp-content\/uploads\/2018\/07\/puello-domu-1.jpg\" alt=\"\" width=\"801\" height=\"532\" srcset=\"https:\/\/interamerica.org\/wp-content\/uploads\/2018\/07\/puello-domu-1.jpg 960w, https:\/\/interamerica.org\/wp-content\/uploads\/2018\/07\/puello-domu-1-300x199.jpg 300w, https:\/\/interamerica.org\/wp-content\/uploads\/2018\/07\/puello-domu-1-768x510.jpg 768w\" sizes=\"(max-width: 801px) 100vw, 801px\" \/><p id=\"caption-attachment-42598\" class=\"wp-caption-text\">Pasteur Paulino Puello, pr\u00e9sident de l\u2019\u00c9glise Adventiste en R\u00e9publique Dominicaine, s\u2019adresse aux m\u00e9dias locaux pendant la journ\u00e9e sp\u00e9ciale de pri\u00e8re organis\u00e9e par l\u2019\u00e9glise pour la nation. Photo de l\u2019Union Dominicaine<\/p><\/div>\n<p>Au cours du programme sp\u00e9cial de pri\u00e8re, les dirigeants de l\u2019\u00e9glise nouvellement \u00e9lus se sont publiquement engag\u00e9s \u00e0 servir la communaut\u00e9 \u00e0 travers les institutions et les \u00e9glises. Les membres d\u2019\u00e9glise pr\u00e9sents se sont r\u00e9unis en groupes de sept pendant l\u2019activit\u00e9 de pri\u00e8re \u00ab Avec Vous 7 \u00bb (ou Contigo 7), \u00e0 travers laquelle les membres ont \u00e9t\u00e9 invit\u00e9s \u00e0 se diviser en groupes de sept pour prier les uns pour les autres et pour la nation, et pour faire de la pri\u00e8re une partie int\u00e9grante de leur vie.<\/p>\n<p>\u00ab Ce n\u2019est que par la pr\u00e9sence divine dans le c\u0153ur humain que l\u2019on peut changer de comportement, \u00bb a d\u00e9clar\u00e9 pasteur Puello, qui a \u00e9t\u00e9 \u00e9lu nouveau pr\u00e9sident de l\u2019\u00c9glise Adventiste sur l\u2019\u00eele en mars dernier. \u00ab L\u2019absence de Dieu dans la vie de l\u2019homme ne peut apporter que de la mis\u00e8re. \u00bb<\/p>\n<p>Les dirigeants locaux de l\u2019\u00e9glise ont \u00e9t\u00e9 rejoints par les administrateurs de la Division Inter Am\u00e9ricaine pour prier pour le pays et la nouvelle direction officiellement install\u00e9e pour diriger l\u2019\u00e9glise en R\u00e9publique Dominicaine. Dans le cadre des activit\u00e9s de la journ\u00e9e, l\u2019\u00e9glise a pr\u00e9sent\u00e9 un concert de musique et offert des visites m\u00e9dicales gratuites \u00e0 plus de 4000 personnes dans la communaut\u00e9.<\/p>\n<div id=\"attachment_42601\" style=\"width: 810px\" class=\"wp-caption aligncenter\"><img decoding=\"async\" aria-describedby=\"caption-attachment-42601\" class=\" wp-image-42601\" src=\"https:\/\/recursing-golick.147-182-135-0.plesk.page\/wp-content\/uploads\/2018\/07\/domu-contigo7.jpg\" alt=\"\" width=\"800\" height=\"600\" srcset=\"https:\/\/interamerica.org\/wp-content\/uploads\/2018\/07\/domu-contigo7.jpg 900w, https:\/\/interamerica.org\/wp-content\/uploads\/2018\/07\/domu-contigo7-300x225.jpg 300w, https:\/\/interamerica.org\/wp-content\/uploads\/2018\/07\/domu-contigo7-768x576.jpg 768w\" sizes=\"(max-width: 800px) 100vw, 800px\" \/><p id=\"caption-attachment-42601\" class=\"wp-caption-text\">L\u2019\u00e9glise a plac\u00e9 une grande banderole au Parque del Este pour inviter les communaut\u00e9s avoisinantes \u00e0 prier et \u00e0 rechercher Dieu alors que le niveau de la criminalit\u00e9 augmente sur l\u2019\u00eele. Des milliers de personnes ont re\u00e7u des visites m\u00e9dicales gratuites pendant les activit\u00e9s de la journ\u00e9e. Photo de l\u2019Union Dominicaine<\/p><\/div>\n<p>Les dirigeants de l\u2019\u00c9glise se sont engag\u00e9s \u00e0 continuer \u00e0 fournir une assistance et \u00e0 avoir un impact positif sur la communaut\u00e9 \u00e0 travers les diverses institutions de l\u2019\u00e9glise, y compris l\u2019Universit\u00e9 Adventiste Dominicaine, les 66 \u00e9coles primaires et secondaires, l\u2019h\u00f4pital et le centre m\u00e9dical, les stations de Radio Amanecer qui couvrent l\u2019\u00eele, les projets de l\u2019Agence Adventiste de D\u00e9veloppement et de Secours (ADRA) \u00e0 travers l\u2019\u00eele.<\/p>\n<p>Le programme a \u00e9t\u00e9 couvert par les m\u00e9dias locaux et nationaux.<\/p>\n<p>Il y a plus de 305000 Adventistes du Septi\u00e8me Jour qui se r\u00e9unissent pour adorer dans 1310 \u00e9glises et groupes en R\u00e9publique Dominicaine.<\/p>\n<p>Pour en savoir plus sur les initiatives et les activit\u00e9s de l\u2019\u00c9glise Adventiste en R\u00e9publique Dominicaine, cliquez <a href=\"mailto:https:\/\/adventistasrd.interamerica.org\/\">ICI<\/a><\/p>\n<p>Traduction: Patrick Luciathe<\/p>\n","protected":false},"excerpt":{"rendered":"<p>23 juillet 2018 | Santo Domingo, R\u00e9publique Dominicaine | Bernardo Medina \/ DIA Des centaines d\u2019Adventistes du Septi\u00e8me Jour se sont r\u00e9cemment r\u00e9unis \u00e0 Saint Domingue, en R\u00e9publique Dominicaine, pour&#8230;<\/p>\n","protected":false},"author":3,"featured_media":42599,"comment_status":"open","ping_status":"closed","sticky":false,"template":"","format":"standard","meta":{"_acf_changed":false,"footnotes":""},"categories":[21,19],"tags":[],"class_list":["post-42608","post","type-post","status-publish","format-standard","has-post-thumbnail","hentry","category-nouvelles-du-territoire","category-rss-francais"],"acf":[],"yoast_head":"<!-- This site is optimized with the Yoast SEO plugin v27.3 - https:\/\/yoast.com\/product\/yoast-seo-wordpress\/ -->\n<title>L\u2019\u00c9glise Adventiste en R\u00e9publique Dominicaine prie pour la nation alors que la violence augmente - \u00c9glise Adventiste Du Septieme Jour - Inter Am\u00e9rique Division<\/title>\n<meta name=\"robots\" content=\"index, follow, max-snippet:-1, max-image-preview:large, max-video-preview:-1\" \/>\n<link rel=\"canonical\" href=\"https:\/\/interamerica.org\/fr\/2018\/07\/leglise-adventiste-en-republique-dominicaine-prie-pour-la-nation-alors-que-la-violence-augmente\/\" \/>\n<meta property=\"og:locale\" content=\"fr_FR\" \/>\n<meta property=\"og:type\" content=\"article\" \/>\n<meta property=\"og:title\" content=\"L\u2019\u00c9glise Adventiste en R\u00e9publique Dominicaine prie pour la nation alors que la violence augmente - \u00c9glise Adventiste Du Septieme Jour - Inter Am\u00e9rique Division\" \/>\n<meta property=\"og:description\" content=\"23 juillet 2018 | Santo Domingo, R\u00e9publique Dominicaine | Bernardo Medina \/ DIA Des centaines d\u2019Adventistes du Septi\u00e8me Jour se sont r\u00e9cemment r\u00e9unis \u00e0 Saint Domingue, en R\u00e9publique Dominicaine, pour...\" \/>\n<meta property=\"og:url\" content=\"https:\/\/interamerica.org\/fr\/2018\/07\/leglise-adventiste-en-republique-dominicaine-prie-pour-la-nation-alors-que-la-violence-augmente\/\" \/>\n<meta property=\"og:site_name\" content=\"\u00c9glise Adventiste Du Septieme Jour - Inter Am\u00e9rique Division\" \/>\n<meta property=\"article:published_time\" content=\"2018-07-23T23:13:46+00:00\" \/>\n<meta property=\"article:modified_time\" content=\"2018-07-24T20:21:22+00:00\" \/>\n<meta property=\"og:image\" content=\"https:\/\/interamerica.org\/wp-content\/uploads\/2018\/07\/domu-installation-prayer-1.jpg\" \/>\n\t<meta property=\"og:image:width\" content=\"1428\" \/>\n\t<meta property=\"og:image:height\" content=\"893\" \/>\n\t<meta property=\"og:image:type\" content=\"image\/jpeg\" \/>\n<meta name=\"author\" content=\"libna\" \/>\n<meta name=\"twitter:card\" content=\"summary_large_image\" \/>\n<meta name=\"twitter:label1\" content=\"\u00c9crit par\" \/>\n\t<meta name=\"twitter:data1\" content=\"libna\" \/>\n\t<meta name=\"twitter:label2\" content=\"Dur\u00e9e de lecture estim\u00e9e\" \/>\n\t<meta name=\"twitter:data2\" content=\"4 minutes\" \/>\n<script type=\"application\/ld+json\" class=\"yoast-schema-graph\">{\"@context\":\"https:\\\/\\\/schema.org\",\"@graph\":[{\"@type\":\"Article\",\"@id\":\"https:\\\/\\\/interamerica.org\\\/fr\\\/2018\\\/07\\\/leglise-adventiste-en-republique-dominicaine-prie-pour-la-nation-alors-que-la-violence-augmente\\\/#article\",\"isPartOf\":{\"@id\":\"https:\\\/\\\/interamerica.org\\\/fr\\\/2018\\\/07\\\/leglise-adventiste-en-republique-dominicaine-prie-pour-la-nation-alors-que-la-violence-augmente\\\/\"},\"author\":{\"name\":\"libna\",\"@id\":\"https:\\\/\\\/interamerica.org\\\/fr\\\/#\\\/schema\\\/person\\\/29998f2bc2d8bd0d38662909289b54f1\"},\"headline\":\"L\u2019\u00c9glise Adventiste en R\u00e9publique Dominicaine prie pour la nation alors que la violence augmente\",\"datePublished\":\"2018-07-23T23:13:46+00:00\",\"dateModified\":\"2018-07-24T20:21:22+00:00\",\"mainEntityOfPage\":{\"@id\":\"https:\\\/\\\/interamerica.org\\\/fr\\\/2018\\\/07\\\/leglise-adventiste-en-republique-dominicaine-prie-pour-la-nation-alors-que-la-violence-augmente\\\/\"},\"wordCount\":732,\"commentCount\":0,\"image\":{\"@id\":\"https:\\\/\\\/interamerica.org\\\/fr\\\/2018\\\/07\\\/leglise-adventiste-en-republique-dominicaine-prie-pour-la-nation-alors-que-la-violence-augmente\\\/#primaryimage\"},\"thumbnailUrl\":\"https:\\\/\\\/interamerica.org\\\/wp-content\\\/uploads\\\/2018\\\/07\\\/domu-installation-prayer-1.jpg\",\"articleSection\":[\"Nouvelles du territoire\",\"RSS Fran\u00e7ais\"],\"inLanguage\":\"fr-FR\",\"potentialAction\":[{\"@type\":\"CommentAction\",\"name\":\"Comment\",\"target\":[\"https:\\\/\\\/interamerica.org\\\/fr\\\/2018\\\/07\\\/leglise-adventiste-en-republique-dominicaine-prie-pour-la-nation-alors-que-la-violence-augmente\\\/#respond\"]}]},{\"@type\":\"WebPage\",\"@id\":\"https:\\\/\\\/interamerica.org\\\/fr\\\/2018\\\/07\\\/leglise-adventiste-en-republique-dominicaine-prie-pour-la-nation-alors-que-la-violence-augmente\\\/\",\"url\":\"https:\\\/\\\/interamerica.org\\\/fr\\\/2018\\\/07\\\/leglise-adventiste-en-republique-dominicaine-prie-pour-la-nation-alors-que-la-violence-augmente\\\/\",\"name\":\"L\u2019\u00c9glise Adventiste en R\u00e9publique Dominicaine prie pour la nation alors que la violence augmente - \u00c9glise Adventiste Du Septieme Jour - Inter Am\u00e9rique Division\",\"isPartOf\":{\"@id\":\"https:\\\/\\\/interamerica.org\\\/fr\\\/#website\"},\"primaryImageOfPage\":{\"@id\":\"https:\\\/\\\/interamerica.org\\\/fr\\\/2018\\\/07\\\/leglise-adventiste-en-republique-dominicaine-prie-pour-la-nation-alors-que-la-violence-augmente\\\/#primaryimage\"},\"image\":{\"@id\":\"https:\\\/\\\/interamerica.org\\\/fr\\\/2018\\\/07\\\/leglise-adventiste-en-republique-dominicaine-prie-pour-la-nation-alors-que-la-violence-augmente\\\/#primaryimage\"},\"thumbnailUrl\":\"https:\\\/\\\/interamerica.org\\\/wp-content\\\/uploads\\\/2018\\\/07\\\/domu-installation-prayer-1.jpg\",\"datePublished\":\"2018-07-23T23:13:46+00:00\",\"dateModified\":\"2018-07-24T20:21:22+00:00\",\"author\":{\"@id\":\"https:\\\/\\\/interamerica.org\\\/fr\\\/#\\\/schema\\\/person\\\/29998f2bc2d8bd0d38662909289b54f1\"},\"breadcrumb\":{\"@id\":\"https:\\\/\\\/interamerica.org\\\/fr\\\/2018\\\/07\\\/leglise-adventiste-en-republique-dominicaine-prie-pour-la-nation-alors-que-la-violence-augmente\\\/#breadcrumb\"},\"inLanguage\":\"fr-FR\",\"potentialAction\":[{\"@type\":\"ReadAction\",\"target\":[\"https:\\\/\\\/interamerica.org\\\/fr\\\/2018\\\/07\\\/leglise-adventiste-en-republique-dominicaine-prie-pour-la-nation-alors-que-la-violence-augmente\\\/\"]}]},{\"@type\":\"ImageObject\",\"inLanguage\":\"fr-FR\",\"@id\":\"https:\\\/\\\/interamerica.org\\\/fr\\\/2018\\\/07\\\/leglise-adventiste-en-republique-dominicaine-prie-pour-la-nation-alors-que-la-violence-augmente\\\/#primaryimage\",\"url\":\"https:\\\/\\\/interamerica.org\\\/wp-content\\\/uploads\\\/2018\\\/07\\\/domu-installation-prayer-1.jpg\",\"contentUrl\":\"https:\\\/\\\/interamerica.org\\\/wp-content\\\/uploads\\\/2018\\\/07\\\/domu-installation-prayer-1.jpg\",\"width\":1428,\"height\":893,\"caption\":\"Photo by Dominican Union\"},{\"@type\":\"BreadcrumbList\",\"@id\":\"https:\\\/\\\/interamerica.org\\\/fr\\\/2018\\\/07\\\/leglise-adventiste-en-republique-dominicaine-prie-pour-la-nation-alors-que-la-violence-augmente\\\/#breadcrumb\",\"itemListElement\":[{\"@type\":\"ListItem\",\"position\":1,\"name\":\"Home\",\"item\":\"https:\\\/\\\/interamerica.org\\\/fr\\\/\"},{\"@type\":\"ListItem\",\"position\":2,\"name\":\"L\u2019\u00c9glise Adventiste en R\u00e9publique Dominicaine prie pour la nation alors que la violence augmente\"}]},{\"@type\":\"WebSite\",\"@id\":\"https:\\\/\\\/interamerica.org\\\/fr\\\/#website\",\"url\":\"https:\\\/\\\/interamerica.org\\\/fr\\\/\",\"name\":\"\u00c9glise Adventiste Du Septieme Jour - Inter Am\u00e9rique Division\",\"description\":\"\",\"potentialAction\":[{\"@type\":\"SearchAction\",\"target\":{\"@type\":\"EntryPoint\",\"urlTemplate\":\"https:\\\/\\\/interamerica.org\\\/fr\\\/?s={search_term_string}\"},\"query-input\":{\"@type\":\"PropertyValueSpecification\",\"valueRequired\":true,\"valueName\":\"search_term_string\"}}],\"inLanguage\":\"fr-FR\"},{\"@type\":\"Person\",\"@id\":\"https:\\\/\\\/interamerica.org\\\/fr\\\/#\\\/schema\\\/person\\\/29998f2bc2d8bd0d38662909289b54f1\",\"name\":\"libna\",\"image\":{\"@type\":\"ImageObject\",\"inLanguage\":\"fr-FR\",\"@id\":\"https:\\\/\\\/secure.gravatar.com\\\/avatar\\\/7c5bd30ae4b47a9ba3c856590957fd1d96dc588bf3ac05719d247e126840331f?s=96&d=mm&r=g\",\"url\":\"https:\\\/\\\/secure.gravatar.com\\\/avatar\\\/7c5bd30ae4b47a9ba3c856590957fd1d96dc588bf3ac05719d247e126840331f?s=96&d=mm&r=g\",\"contentUrl\":\"https:\\\/\\\/secure.gravatar.com\\\/avatar\\\/7c5bd30ae4b47a9ba3c856590957fd1d96dc588bf3ac05719d247e126840331f?s=96&d=mm&r=g\",\"caption\":\"libna\"}}]}<\/script>\n<!-- \/ Yoast SEO plugin. -->","yoast_head_json":{"title":"L\u2019\u00c9glise Adventiste en R\u00e9publique Dominicaine prie pour la nation alors que la violence augmente - \u00c9glise Adventiste Du Septieme Jour - Inter Am\u00e9rique Division","robots":{"index":"index","follow":"follow","max-snippet":"max-snippet:-1","max-image-preview":"max-image-preview:large","max-video-preview":"max-video-preview:-1"},"canonical":"https:\/\/interamerica.org\/fr\/2018\/07\/leglise-adventiste-en-republique-dominicaine-prie-pour-la-nation-alors-que-la-violence-augmente\/","og_locale":"fr_FR","og_type":"article","og_title":"L\u2019\u00c9glise Adventiste en R\u00e9publique Dominicaine prie pour la nation alors que la violence augmente - \u00c9glise Adventiste Du Septieme Jour - Inter Am\u00e9rique Division","og_description":"23 juillet 2018 | Santo Domingo, R\u00e9publique Dominicaine | Bernardo Medina \/ DIA Des centaines d\u2019Adventistes du Septi\u00e8me Jour se sont r\u00e9cemment r\u00e9unis \u00e0 Saint Domingue, en R\u00e9publique Dominicaine, pour...","og_url":"https:\/\/interamerica.org\/fr\/2018\/07\/leglise-adventiste-en-republique-dominicaine-prie-pour-la-nation-alors-que-la-violence-augmente\/","og_site_name":"\u00c9glise Adventiste Du Septieme Jour - Inter Am\u00e9rique Division","article_published_time":"2018-07-23T23:13:46+00:00","article_modified_time":"2018-07-24T20:21:22+00:00","og_image":[{"width":1428,"height":893,"url":"https:\/\/interamerica.org\/wp-content\/uploads\/2018\/07\/domu-installation-prayer-1.jpg","type":"image\/jpeg"}],"author":"libna","twitter_card":"summary_large_image","twitter_misc":{"\u00c9crit par":"libna","Dur\u00e9e de lecture estim\u00e9e":"4 minutes"},"schema":{"@context":"https:\/\/schema.org","@graph":[{"@type":"Article","@id":"https:\/\/interamerica.org\/fr\/2018\/07\/leglise-adventiste-en-republique-dominicaine-prie-pour-la-nation-alors-que-la-violence-augmente\/#article","isPartOf":{"@id":"https:\/\/interamerica.org\/fr\/2018\/07\/leglise-adventiste-en-republique-dominicaine-prie-pour-la-nation-alors-que-la-violence-augmente\/"},"author":{"name":"libna","@id":"https:\/\/interamerica.org\/fr\/#\/schema\/person\/29998f2bc2d8bd0d38662909289b54f1"},"headline":"L\u2019\u00c9glise Adventiste en R\u00e9publique Dominicaine prie pour la nation alors que la violence augmente","datePublished":"2018-07-23T23:13:46+00:00","dateModified":"2018-07-24T20:21:22+00:00","mainEntityOfPage":{"@id":"https:\/\/interamerica.org\/fr\/2018\/07\/leglise-adventiste-en-republique-dominicaine-prie-pour-la-nation-alors-que-la-violence-augmente\/"},"wordCount":732,"commentCount":0,"image":{"@id":"https:\/\/interamerica.org\/fr\/2018\/07\/leglise-adventiste-en-republique-dominicaine-prie-pour-la-nation-alors-que-la-violence-augmente\/#primaryimage"},"thumbnailUrl":"https:\/\/interamerica.org\/wp-content\/uploads\/2018\/07\/domu-installation-prayer-1.jpg","articleSection":["Nouvelles du territoire","RSS Fran\u00e7ais"],"inLanguage":"fr-FR","potentialAction":[{"@type":"CommentAction","name":"Comment","target":["https:\/\/interamerica.org\/fr\/2018\/07\/leglise-adventiste-en-republique-dominicaine-prie-pour-la-nation-alors-que-la-violence-augmente\/#respond"]}]},{"@type":"WebPage","@id":"https:\/\/interamerica.org\/fr\/2018\/07\/leglise-adventiste-en-republique-dominicaine-prie-pour-la-nation-alors-que-la-violence-augmente\/","url":"https:\/\/interamerica.org\/fr\/2018\/07\/leglise-adventiste-en-republique-dominicaine-prie-pour-la-nation-alors-que-la-violence-augmente\/","name":"L\u2019\u00c9glise Adventiste en R\u00e9publique Dominicaine prie pour la nation alors que la violence augmente - \u00c9glise Adventiste Du Septieme Jour - Inter Am\u00e9rique Division","isPartOf":{"@id":"https:\/\/interamerica.org\/fr\/#website"},"primaryImageOfPage":{"@id":"https:\/\/interamerica.org\/fr\/2018\/07\/leglise-adventiste-en-republique-dominicaine-prie-pour-la-nation-alors-que-la-violence-augmente\/#primaryimage"},"image":{"@id":"https:\/\/interamerica.org\/fr\/2018\/07\/leglise-adventiste-en-republique-dominicaine-prie-pour-la-nation-alors-que-la-violence-augmente\/#primaryimage"},"thumbnailUrl":"https:\/\/interamerica.org\/wp-content\/uploads\/2018\/07\/domu-installation-prayer-1.jpg","datePublished":"2018-07-23T23:13:46+00:00","dateModified":"2018-07-24T20:21:22+00:00","author":{"@id":"https:\/\/interamerica.org\/fr\/#\/schema\/person\/29998f2bc2d8bd0d38662909289b54f1"},"breadcrumb":{"@id":"https:\/\/interamerica.org\/fr\/2018\/07\/leglise-adventiste-en-republique-dominicaine-prie-pour-la-nation-alors-que-la-violence-augmente\/#breadcrumb"},"inLanguage":"fr-FR","potentialAction":[{"@type":"ReadAction","target":["https:\/\/interamerica.org\/fr\/2018\/07\/leglise-adventiste-en-republique-dominicaine-prie-pour-la-nation-alors-que-la-violence-augmente\/"]}]},{"@type":"ImageObject","inLanguage":"fr-FR","@id":"https:\/\/interamerica.org\/fr\/2018\/07\/leglise-adventiste-en-republique-dominicaine-prie-pour-la-nation-alors-que-la-violence-augmente\/#primaryimage","url":"https:\/\/interamerica.org\/wp-content\/uploads\/2018\/07\/domu-installation-prayer-1.jpg","contentUrl":"https:\/\/interamerica.org\/wp-content\/uploads\/2018\/07\/domu-installation-prayer-1.jpg","width":1428,"height":893,"caption":"Photo by Dominican Union"},{"@type":"BreadcrumbList","@id":"https:\/\/interamerica.org\/fr\/2018\/07\/leglise-adventiste-en-republique-dominicaine-prie-pour-la-nation-alors-que-la-violence-augmente\/#breadcrumb","itemListElement":[{"@type":"ListItem","position":1,"name":"Home","item":"https:\/\/interamerica.org\/fr\/"},{"@type":"ListItem","position":2,"name":"L\u2019\u00c9glise Adventiste en R\u00e9publique Dominicaine prie pour la nation alors que la violence augmente"}]},{"@type":"WebSite","@id":"https:\/\/interamerica.org\/fr\/#website","url":"https:\/\/interamerica.org\/fr\/","name":"\u00c9glise Adventiste Du Septieme Jour - Inter Am\u00e9rique Division","description":"","potentialAction":[{"@type":"SearchAction","target":{"@type":"EntryPoint","urlTemplate":"https:\/\/interamerica.org\/fr\/?s={search_term_string}"},"query-input":{"@type":"PropertyValueSpecification","valueRequired":true,"valueName":"search_term_string"}}],"inLanguage":"fr-FR"},{"@type":"Person","@id":"https:\/\/interamerica.org\/fr\/#\/schema\/person\/29998f2bc2d8bd0d38662909289b54f1","name":"libna","image":{"@type":"ImageObject","inLanguage":"fr-FR","@id":"https:\/\/secure.gravatar.com\/avatar\/7c5bd30ae4b47a9ba3c856590957fd1d96dc588bf3ac05719d247e126840331f?s=96&d=mm&r=g","url":"https:\/\/secure.gravatar.com\/avatar\/7c5bd30ae4b47a9ba3c856590957fd1d96dc588bf3ac05719d247e126840331f?s=96&d=mm&r=g","contentUrl":"https:\/\/secure.gravatar.com\/avatar\/7c5bd30ae4b47a9ba3c856590957fd1d96dc588bf3ac05719d247e126840331f?s=96&d=mm&r=g","caption":"libna"}}]}},"_links":{"self":[{"href":"https:\/\/interamerica.org\/fr\/wp-json\/wp\/v2\/posts\/42608","targetHints":{"allow":["GET"]}}],"collection":[{"href":"https:\/\/interamerica.org\/fr\/wp-json\/wp\/v2\/posts"}],"about":[{"href":"https:\/\/interamerica.org\/fr\/wp-json\/wp\/v2\/types\/post"}],"author":[{"embeddable":true,"href":"https:\/\/interamerica.org\/fr\/wp-json\/wp\/v2\/users\/3"}],"replies":[{"embeddable":true,"href":"https:\/\/interamerica.org\/fr\/wp-json\/wp\/v2\/comments?post=42608"}],"version-history":[{"count":0,"href":"https:\/\/interamerica.org\/fr\/wp-json\/wp\/v2\/posts\/42608\/revisions"}],"wp:featuredmedia":[{"embeddable":true,"href":"https:\/\/interamerica.org\/fr\/wp-json\/wp\/v2\/media\/42599"}],"wp:attachment":[{"href":"https:\/\/interamerica.org\/fr\/wp-json\/wp\/v2\/media?parent=42608"}],"wp:term":[{"taxonomy":"category","embeddable":true,"href":"https:\/\/interamerica.org\/fr\/wp-json\/wp\/v2\/categories?post=42608"},{"taxonomy":"post_tag","embeddable":true,"href":"https:\/\/interamerica.org\/fr\/wp-json\/wp\/v2\/tags?post=42608"}],"curies":[{"name":"wp","href":"https:\/\/api.w.org\/{rel}","templated":true}]}}