{"id":42635,"date":"2018-07-24T16:48:53","date_gmt":"2018-07-24T20:48:53","guid":{"rendered":"https:\/\/recursing-golick.147-182-135-0.plesk.page\/?p=42635"},"modified":"2018-07-24T22:00:03","modified_gmt":"2018-07-25T02:00:03","slug":"miracle-sur-lile-de-pitcairn","status":"publish","type":"post","link":"https:\/\/interamerica.org\/fr\/2018\/07\/miracle-sur-lile-de-pitcairn\/","title":{"rendered":"Miracle sur l\u2019Ile de Pitcairn"},"content":{"rendered":"<div id=\"attachment_42626\" style=\"width: 811px\" class=\"wp-caption aligncenter\"><img fetchpriority=\"high\" decoding=\"async\" aria-describedby=\"caption-attachment-42626\" class=\" wp-image-42626\" src=\"https:\/\/recursing-golick.147-182-135-0.plesk.page\/wp-content\/uploads\/2018\/07\/church-on-pitcairn.jpg\" alt=\"\" width=\"801\" height=\"450\" srcset=\"https:\/\/interamerica.org\/wp-content\/uploads\/2018\/07\/church-on-pitcairn.jpg 1000w, https:\/\/interamerica.org\/wp-content\/uploads\/2018\/07\/church-on-pitcairn-300x169.jpg 300w, https:\/\/interamerica.org\/wp-content\/uploads\/2018\/07\/church-on-pitcairn-768x432.jpg 768w\" sizes=\"(max-width: 801px) 100vw, 801px\" \/><p id=\"caption-attachment-42626\" class=\"wp-caption-text\">Les membres de l\u2019\u00c9glise Adventiste du Septi\u00e8me Jour \u00e0 l\u2019Ile de Pitcairn forment maintenant une communaut\u00e9 de foi unie en Christ. Photo de Adventist Record<\/p><\/div>\n<p><span class=\"byline-news\">24 juillet 2018 | Ile de Pitcairn | Tracey Bridcutt, <\/span><em><span class=\"byline-news\">Adventist Record<\/span><\/em><\/p>\n<p><span class=\"cap\">L<\/span>orsque le pasteur Jean-No\u00ebl Adeline a \u00e9t\u00e9 invit\u00e9 \u00e0 se rendre sur l\u2019Ile de Pitcairn, il s\u2019est vite rendu compte qu\u2019il faisait face \u00e0 un d\u00e9fi important. Avant de se rendre sur la petite \u00eele isol\u00e9e du Pacifique, il a parl\u00e9 \u00e0 l\u2019un des cinq membres d\u2019\u00e9glise restants. Selon le membre d\u2019\u00e9glise l\u00e0-bas, les choses \u00e9taient apparemment sombres.<\/p>\n<p>\u00ab Il m\u2019a dit qu\u2019ils avaient envisag\u00e9 de dire \u00e0 l\u2019union [l\u2019unit\u00e9 administrative de l\u2019\u00e9glise] de fermer l\u2019\u00e9glise, de vendre les propri\u00e9t\u00e9s de l\u2019\u00e9glise, y compris la maison de la mission, \u00bb a d\u00e9clar\u00e9 pasteur Adeline, un \u00e9vang\u00e9liste de longue date bas\u00e9 \u00e0 l\u2019Union de F\u00e9d\u00e9rations du Pacifique en Nouvelle Z\u00e9lande. (NZPUC).<\/p>\n<p>\u00ab Cela \u00e9tait d\u00fb \u00e0 des tensions majeures entre les membres. Certains d\u2019entre eux ne s\u2019\u00e9taient pas adress\u00e9 la parole depuis des ann\u00e9es. Nous devons nous rappeler qu\u2019ils se sont trouv\u00e9s dans une situation tr\u00e8s difficile, sans un pasteur permanent pendant un certain temps. \u00bb<\/p>\n<p>L\u2019\u00c9glise Adventiste a une longue histoire sur l\u2019Ile de Pitcairn, qui compte environ 54 r\u00e9sidents &#8211; principalement des descendants des marins impliqu\u00e9s dans la mutinerie sur la Bounty en 1789. Vingt-deux r\u00e9sidents sont identifi\u00e9s comme \u00e9tant membres de l\u2019\u00c9glise Adventiste &#8211; sans doute la congr\u00e9gation Adventiste la plus isol\u00e9e dans le monde. L\u2019\u00eele n\u2019a pas de piste d\u2019atterrissage ni pas de port abrit\u00e9. Pour y arriver depuis la Nouvelle-Z\u00e9lande, c\u2019est un voyage ardu, a indiqu\u00e9 pasteur Adeline, il faut prendre deux vols et faire deux voyages en bateau.<\/p>\n<div id=\"attachment_42627\" style=\"width: 811px\" class=\"wp-caption aligncenter\"><img decoding=\"async\" aria-describedby=\"caption-attachment-42627\" class=\" wp-image-42627\" src=\"https:\/\/recursing-golick.147-182-135-0.plesk.page\/wp-content\/uploads\/2018\/07\/pitcairn-adventist-church-1.jpg\" alt=\"\" width=\"801\" height=\"450\" srcset=\"https:\/\/interamerica.org\/wp-content\/uploads\/2018\/07\/pitcairn-adventist-church-1.jpg 1000w, https:\/\/interamerica.org\/wp-content\/uploads\/2018\/07\/pitcairn-adventist-church-1-300x169.jpg 300w, https:\/\/interamerica.org\/wp-content\/uploads\/2018\/07\/pitcairn-adventist-church-1-768x432.jpg 768w\" sizes=\"(max-width: 801px) 100vw, 801px\" \/><p id=\"caption-attachment-42627\" class=\"wp-caption-text\">L\u2019\u00e9glise Adventiste du Septi\u00e8me Jour de l\u2019\u00cele de Pitcairn. Photo de Adventist Record<\/p><\/div>\n<p>Le dernier pasteur \u00e0 temps plein a pass\u00e9 six ans \u00e0 Pitcairn, jusqu\u2019en 2011. Depuis lors, deux pasteurs de la Mission de la Polyn\u00e9sie Fran\u00e7aise ont chacun pass\u00e9 une ann\u00e9e sur l\u2019\u00eele. Le dernier pasteur est parti en 2015 en raison de probl\u00e8mes de sant\u00e9.<\/p>\n<p><strong>Attente D\u00e9sesp\u00e9r\u00e9e d\u2019un Rafra\u00eechissement Spirituel<\/strong><\/p>\n<p>Les dirigeants de la NZPUC ont r\u00e9alis\u00e9 que les membres d\u2019\u00e9glise \u00ab attendaient d\u00e9sesp\u00e9r\u00e9ment un rafra\u00eechissement spirituel, \u00bb mais l\u2019union n\u2019\u00e9tait pas en mesure de trouver un pasteur qui r\u00e9pondrait \u00e0 ce besoin, d\u2019apr\u00e8s ce qu\u2019a indiqu\u00e9 le secr\u00e9taire-tr\u00e9sorier Graeme Drinkall. Alors, la direction de l\u2019union a \u00e9labor\u00e9 un plan : envoyer un pasteur chaque trimestre de l\u2019ann\u00e9e, chacun passant deux semaines et demie sur l\u2019\u00eele.<\/p>\n<p>Pasteur Adeline a \u00e9t\u00e9 le premier \u00e0 visiter dans le cadre de ce nouvel arrangement. Peu de temps apr\u00e8s son arriv\u00e9e, il a \u00e9t\u00e9 interrog\u00e9 sur sa strat\u00e9gie pour r\u00e9gler les probl\u00e8mes entre les membres d\u2019\u00e9glise. \u00ab Avec la main sur ma Bible, j\u2019ai dit : \u2018\u00c9coutez, je n\u2019ai pas de plan, mais j\u2019ai ce vieux livre, et j\u2019ai Dieu, et je crois qu\u2019Il a un plan pour cette \u00eele. Par Sa gr\u00e2ce, je vais exposer sa Parole. Et je crois que Dieu fera quelque chose.\u2019 \u00bb<\/p>\n<p>Et c\u2019est ainsi que la mission du pasteur a commenc\u00e9. Tous les soirs, \u00e0 19 heures, sauf le jeudi, o\u00f9 le bateau ravitailleur arrive, pasteur Adeline a tenu une r\u00e9union \u00e0 l\u2019\u00e9glise. La premi\u00e8re r\u00e9union, le sabbat [samedi], a rassembl\u00e9 26 personnes, membres et non-membres. De plus, tous les matins \u00e0 7h00, pasteur Adeline a tenu une r\u00e9union de r\u00e9veil sp\u00e9cialement pour les membres d\u2019\u00e9glise.<\/p>\n<div id=\"attachment_42628\" style=\"width: 809px\" class=\"wp-caption aligncenter\"><img decoding=\"async\" aria-describedby=\"caption-attachment-42628\" class=\" wp-image-42628\" src=\"https:\/\/recursing-golick.147-182-135-0.plesk.page\/wp-content\/uploads\/2018\/07\/pitcairn-3.jpg\" alt=\"\" width=\"799\" height=\"449\" srcset=\"https:\/\/interamerica.org\/wp-content\/uploads\/2018\/07\/pitcairn-3.jpg 1000w, https:\/\/interamerica.org\/wp-content\/uploads\/2018\/07\/pitcairn-3-300x169.jpg 300w, https:\/\/interamerica.org\/wp-content\/uploads\/2018\/07\/pitcairn-3-768x432.jpg 768w\" sizes=\"(max-width: 799px) 100vw, 799px\" \/><p id=\"caption-attachment-42628\" class=\"wp-caption-text\">L\u2019une des r\u00e9unions tenues par le pasteur Adeline sur l\u2019Ile de Pitcairn. Photo : Adventist Record<\/p><\/div>\n<p>\u00ab Lentement mais s\u00fbrement, les membres ont commenc\u00e9 \u00e0 se rendre compte que m\u00eame si l\u2019\u00e9glise est compos\u00e9e de personnes, avant tout, l\u2019\u00e9glise \u00e9tait l\u2019affaire de Dieu, \u00bb a dit pasteur Adeline. \u00ab Il s\u2019agit de Son nom, de Son caract\u00e8re, de Sa gloire au milieu de nous. Cela aidait les membres \u00e0 voir pourquoi nous existons en tant qu\u2019\u00e9glise &#8211; pas pour nous-m\u00eames mais pour \u00eatre une lumi\u00e8re pour Pitcairn, pour aider les gens \u00e0 voir J\u00e9sus. Nous sommes ici pour sauver les perdus. \u00bb<\/p>\n<p><strong>Un Miracle se Produit<\/strong><\/p>\n<p>Pasteur Adeline a partag\u00e9 les changements impressionnants dont il a commenc\u00e9 \u00e0 \u00eatre t\u00e9moin. \u00ab A partir de l\u00e0, Dieu a commenc\u00e9 \u00e0 travailler de fa\u00e7on miraculeuse, \u00bb a-t-il dit. Des membres ont commenc\u00e9 \u00e0 se rendre dans les maisons de ceux qu\u2019ils avaient bless\u00e9s et ont confess\u00e9 leurs p\u00e9ch\u00e9s. C\u2019\u00e9tait un miracle de les voir \u00e0 l\u2019\u00e9glise assis ensemble, chantant, se tenant par la main, priant les uns avec les autres, pleurant les uns avec les autres. \u00bb<\/p>\n<p>Cela est devenu un puissant t\u00e9moignage pour tous ceux qui vivent sur l\u2019\u00eele, y compris le maire, qui a commenc\u00e9 \u00e0 assister aux r\u00e9unions du soir. Il a encourag\u00e9 sa femme \u00e0 y assister. De 26 participants le premier sabbat, 36 sont venus le sabbat suivant, et 37 le dernier sabbat. Ce fut un jour de c\u00e9l\u00e9bration car cinq bapt\u00eames ont eu lieu \u00e0 Bounty Bay. Cinq autres personnes ont demand\u00e9 le bapt\u00eame, y compris le maire et sa femme.<\/p>\n<p>Melva Warren Evans, r\u00e9sidente de Pitcairn a post\u00e9 sur sa page Facebook, que le r\u00e9sultat n\u2019\u00e9tait \u00ab rien de moins qu\u2019un miracle. \u00bb<\/p>\n<div id=\"attachment_42629\" style=\"width: 811px\" class=\"wp-caption aligncenter\"><img loading=\"lazy\" decoding=\"async\" aria-describedby=\"caption-attachment-42629\" class=\" wp-image-42629\" src=\"https:\/\/recursing-golick.147-182-135-0.plesk.page\/wp-content\/uploads\/2018\/07\/pitcairn-mayor.jpg\" alt=\"\" width=\"801\" height=\"450\" srcset=\"https:\/\/interamerica.org\/wp-content\/uploads\/2018\/07\/pitcairn-mayor.jpg 1000w, https:\/\/interamerica.org\/wp-content\/uploads\/2018\/07\/pitcairn-mayor-300x169.jpg 300w, https:\/\/interamerica.org\/wp-content\/uploads\/2018\/07\/pitcairn-mayor-768x432.jpg 768w\" sizes=\"(max-width: 801px) 100vw, 801px\" \/><p id=\"caption-attachment-42629\" class=\"wp-caption-text\">Pasteur Adeline (troisi\u00e8me \u00e0 partir de la gauche) avec les cinq personnes qui ont demand\u00e9 le bapt\u00eame, y compris le maire (chemise verte) et son \u00e9pouse (extr\u00eame gauche). Photo : Adventist Record<\/p><\/div>\n<p>\u00ab Je vous le dis maintenant, les miracles peuvent se produire et ils se produisent, \u00bb a d\u00e9clar\u00e9 Melva Evans. \u00ab Je les ai regard\u00e9s se r\u00e9aliser au cours de ces dix-huit derniers jours. L\u2019animosit\u00e9 vieille de plusieurs d\u00e9cennies a fan\u00e9 et a \u00e9t\u00e9 emport\u00e9e par la r\u00e9v\u00e9lation de notre nature p\u00e9cheresse lorsqu\u2019elle est compar\u00e9e au caract\u00e8re du Christ. \u00bb<\/p>\n<p>Melva Evans a dit qu\u2019ils ont appris \u00e0 renoncer au moi et \u00e0 se concentrer sur J\u00e9sus. \u00ab Nous avons cess\u00e9 de chercher la faute chez les autres tout en examinant notre propre caract\u00e8re tordu. Nous avons pri\u00e9 ensemble, les uns pour les autres et pour notre communaut\u00e9. Nous avons demand\u00e9 \u00e0 Dieu, une fois de plus, de prendre le contr\u00f4le. D\u2019une communaut\u00e9 en crise, en dix-huit jours nous sommes devenus une communaut\u00e9 unie. \u00bb<\/p>\n<p>Pasteur Adeline a dit qu\u2019il a appr\u00e9ci\u00e9 les habitants de l\u2019Ile de Pitcairn pour leur hospitalit\u00e9 et leur chaleureuse fraternit\u00e9. \u00ab Ils sont tr\u00e8s accueillants et se sont bien occup\u00e9s de moi, \u00bb a-t-il d\u00e9clar\u00e9. \u00ab C\u2019\u00e9tait le privil\u00e8ge de toute une vie d\u2019aller l\u00e0-bas ; l\u2019\u00eele est si belle, remplie d\u2019arbres fruitiers et de merveilles naturelles. \u00bb<\/p>\n<p>Avec une telle transformation spirituelle en cours, pasteur Adeline voudrait que l\u2019\u00e9lan se poursuive et appelle les membres d\u2019\u00e9glise dans tout le Pacifique Sud \u00e0 prier pour les habitants de l\u2019Ile de Pitcairn.<\/p>\n<p>\u00ab Ce n\u2019\u00e9tait pas un travail physique ; c\u2019\u00e9tait un combat spirituel, \u00bb a-t-il dit. \u00ab Satan avait essay\u00e9 de s\u2019approprier l\u2019\u00e9glise et le peuple. Seul l\u2019Esprit de Dieu peut p\u00e9n\u00e9trer notre \u00e2me, attendrir notre c\u0153ur, briser notre orgueil et nous r\u00e9g\u00e9n\u00e9rer.<\/p>\n<p>\u00ab Nous avons besoin que les gens continuent \u00e0 prier pour Pitcairn, afin que ce qui s\u2019y passe fleurisse et porte des fruits pour l\u2019\u00e9ternit\u00e9, \u00bb a-t-il dit.<\/p>\n<p>Traduction: Patrick Luciathe<\/p>\n","protected":false},"excerpt":{"rendered":"<p>24 juillet 2018 | Ile de Pitcairn | Tracey Bridcutt, Adventist Record Lorsque le pasteur Jean-No\u00ebl Adeline a \u00e9t\u00e9 invit\u00e9 \u00e0 se rendre sur l\u2019Ile de Pitcairn, il s\u2019est vite&#8230;<\/p>\n","protected":false},"author":3,"featured_media":42630,"comment_status":"open","ping_status":"closed","sticky":false,"template":"","format":"standard","meta":{"_acf_changed":false,"footnotes":""},"categories":[18,19],"tags":[],"class_list":["post-42635","post","type-post","status-publish","format-standard","has-post-thumbnail","hentry","category-nouvelles-de-leglise-mondiale","category-rss-francais"],"acf":[],"yoast_head":"<!-- This site is optimized with the Yoast SEO plugin v27.3 - https:\/\/yoast.com\/product\/yoast-seo-wordpress\/ -->\n<title>Miracle sur l\u2019Ile de Pitcairn - \u00c9glise Adventiste Du Septieme Jour - Inter Am\u00e9rique Division<\/title>\n<meta name=\"robots\" content=\"index, follow, max-snippet:-1, max-image-preview:large, max-video-preview:-1\" \/>\n<link rel=\"canonical\" href=\"https:\/\/interamerica.org\/fr\/2018\/07\/miracle-sur-lile-de-pitcairn\/\" \/>\n<meta property=\"og:locale\" content=\"fr_FR\" \/>\n<meta property=\"og:type\" content=\"article\" \/>\n<meta property=\"og:title\" content=\"Miracle sur l\u2019Ile de Pitcairn - \u00c9glise Adventiste Du Septieme Jour - Inter Am\u00e9rique Division\" \/>\n<meta property=\"og:description\" content=\"24 juillet 2018 | Ile de Pitcairn | Tracey Bridcutt, Adventist Record Lorsque le pasteur Jean-No\u00ebl Adeline a \u00e9t\u00e9 invit\u00e9 \u00e0 se rendre sur l\u2019Ile de Pitcairn, il s\u2019est vite...\" \/>\n<meta property=\"og:url\" content=\"https:\/\/interamerica.org\/fr\/2018\/07\/miracle-sur-lile-de-pitcairn\/\" \/>\n<meta property=\"og:site_name\" content=\"\u00c9glise Adventiste Du Septieme Jour - Inter Am\u00e9rique Division\" \/>\n<meta property=\"article:published_time\" content=\"2018-07-24T20:48:53+00:00\" \/>\n<meta property=\"article:modified_time\" content=\"2018-07-25T02:00:03+00:00\" \/>\n<meta property=\"og:image\" content=\"https:\/\/interamerica.org\/wp-content\/uploads\/2018\/07\/miracle-on-pitcairn-island-1280-1.jpg\" \/>\n\t<meta property=\"og:image:width\" content=\"1280\" \/>\n\t<meta property=\"og:image:height\" content=\"800\" \/>\n\t<meta property=\"og:image:type\" content=\"image\/jpeg\" \/>\n<meta name=\"author\" content=\"libna\" \/>\n<meta name=\"twitter:card\" content=\"summary_large_image\" \/>\n<meta name=\"twitter:label1\" content=\"\u00c9crit par\" \/>\n\t<meta name=\"twitter:data1\" content=\"libna\" \/>\n\t<meta name=\"twitter:label2\" content=\"Dur\u00e9e de lecture estim\u00e9e\" \/>\n\t<meta name=\"twitter:data2\" content=\"7 minutes\" \/>\n<script type=\"application\/ld+json\" class=\"yoast-schema-graph\">{\"@context\":\"https:\\\/\\\/schema.org\",\"@graph\":[{\"@type\":\"Article\",\"@id\":\"https:\\\/\\\/interamerica.org\\\/fr\\\/2018\\\/07\\\/miracle-sur-lile-de-pitcairn\\\/#article\",\"isPartOf\":{\"@id\":\"https:\\\/\\\/interamerica.org\\\/fr\\\/2018\\\/07\\\/miracle-sur-lile-de-pitcairn\\\/\"},\"author\":{\"name\":\"libna\",\"@id\":\"https:\\\/\\\/interamerica.org\\\/fr\\\/#\\\/schema\\\/person\\\/29998f2bc2d8bd0d38662909289b54f1\"},\"headline\":\"Miracle sur l\u2019Ile de Pitcairn\",\"datePublished\":\"2018-07-24T20:48:53+00:00\",\"dateModified\":\"2018-07-25T02:00:03+00:00\",\"mainEntityOfPage\":{\"@id\":\"https:\\\/\\\/interamerica.org\\\/fr\\\/2018\\\/07\\\/miracle-sur-lile-de-pitcairn\\\/\"},\"wordCount\":1316,\"commentCount\":0,\"image\":{\"@id\":\"https:\\\/\\\/interamerica.org\\\/fr\\\/2018\\\/07\\\/miracle-sur-lile-de-pitcairn\\\/#primaryimage\"},\"thumbnailUrl\":\"https:\\\/\\\/interamerica.org\\\/wp-content\\\/uploads\\\/2018\\\/07\\\/miracle-on-pitcairn-island-1280-1.jpg\",\"articleSection\":[\"Nouvelles de l'\u00c9glise mondiale\",\"RSS Fran\u00e7ais\"],\"inLanguage\":\"fr-FR\",\"potentialAction\":[{\"@type\":\"CommentAction\",\"name\":\"Comment\",\"target\":[\"https:\\\/\\\/interamerica.org\\\/fr\\\/2018\\\/07\\\/miracle-sur-lile-de-pitcairn\\\/#respond\"]}]},{\"@type\":\"WebPage\",\"@id\":\"https:\\\/\\\/interamerica.org\\\/fr\\\/2018\\\/07\\\/miracle-sur-lile-de-pitcairn\\\/\",\"url\":\"https:\\\/\\\/interamerica.org\\\/fr\\\/2018\\\/07\\\/miracle-sur-lile-de-pitcairn\\\/\",\"name\":\"Miracle sur l\u2019Ile de Pitcairn - \u00c9glise Adventiste Du Septieme Jour - Inter Am\u00e9rique Division\",\"isPartOf\":{\"@id\":\"https:\\\/\\\/interamerica.org\\\/fr\\\/#website\"},\"primaryImageOfPage\":{\"@id\":\"https:\\\/\\\/interamerica.org\\\/fr\\\/2018\\\/07\\\/miracle-sur-lile-de-pitcairn\\\/#primaryimage\"},\"image\":{\"@id\":\"https:\\\/\\\/interamerica.org\\\/fr\\\/2018\\\/07\\\/miracle-sur-lile-de-pitcairn\\\/#primaryimage\"},\"thumbnailUrl\":\"https:\\\/\\\/interamerica.org\\\/wp-content\\\/uploads\\\/2018\\\/07\\\/miracle-on-pitcairn-island-1280-1.jpg\",\"datePublished\":\"2018-07-24T20:48:53+00:00\",\"dateModified\":\"2018-07-25T02:00:03+00:00\",\"author\":{\"@id\":\"https:\\\/\\\/interamerica.org\\\/fr\\\/#\\\/schema\\\/person\\\/29998f2bc2d8bd0d38662909289b54f1\"},\"breadcrumb\":{\"@id\":\"https:\\\/\\\/interamerica.org\\\/fr\\\/2018\\\/07\\\/miracle-sur-lile-de-pitcairn\\\/#breadcrumb\"},\"inLanguage\":\"fr-FR\",\"potentialAction\":[{\"@type\":\"ReadAction\",\"target\":[\"https:\\\/\\\/interamerica.org\\\/fr\\\/2018\\\/07\\\/miracle-sur-lile-de-pitcairn\\\/\"]}]},{\"@type\":\"ImageObject\",\"inLanguage\":\"fr-FR\",\"@id\":\"https:\\\/\\\/interamerica.org\\\/fr\\\/2018\\\/07\\\/miracle-sur-lile-de-pitcairn\\\/#primaryimage\",\"url\":\"https:\\\/\\\/interamerica.org\\\/wp-content\\\/uploads\\\/2018\\\/07\\\/miracle-on-pitcairn-island-1280-1.jpg\",\"contentUrl\":\"https:\\\/\\\/interamerica.org\\\/wp-content\\\/uploads\\\/2018\\\/07\\\/miracle-on-pitcairn-island-1280-1.jpg\",\"width\":1280,\"height\":800},{\"@type\":\"BreadcrumbList\",\"@id\":\"https:\\\/\\\/interamerica.org\\\/fr\\\/2018\\\/07\\\/miracle-sur-lile-de-pitcairn\\\/#breadcrumb\",\"itemListElement\":[{\"@type\":\"ListItem\",\"position\":1,\"name\":\"Home\",\"item\":\"https:\\\/\\\/interamerica.org\\\/fr\\\/\"},{\"@type\":\"ListItem\",\"position\":2,\"name\":\"Miracle sur l\u2019Ile de Pitcairn\"}]},{\"@type\":\"WebSite\",\"@id\":\"https:\\\/\\\/interamerica.org\\\/fr\\\/#website\",\"url\":\"https:\\\/\\\/interamerica.org\\\/fr\\\/\",\"name\":\"\u00c9glise Adventiste Du Septieme Jour - Inter Am\u00e9rique Division\",\"description\":\"\",\"potentialAction\":[{\"@type\":\"SearchAction\",\"target\":{\"@type\":\"EntryPoint\",\"urlTemplate\":\"https:\\\/\\\/interamerica.org\\\/fr\\\/?s={search_term_string}\"},\"query-input\":{\"@type\":\"PropertyValueSpecification\",\"valueRequired\":true,\"valueName\":\"search_term_string\"}}],\"inLanguage\":\"fr-FR\"},{\"@type\":\"Person\",\"@id\":\"https:\\\/\\\/interamerica.org\\\/fr\\\/#\\\/schema\\\/person\\\/29998f2bc2d8bd0d38662909289b54f1\",\"name\":\"libna\",\"image\":{\"@type\":\"ImageObject\",\"inLanguage\":\"fr-FR\",\"@id\":\"https:\\\/\\\/secure.gravatar.com\\\/avatar\\\/7c5bd30ae4b47a9ba3c856590957fd1d96dc588bf3ac05719d247e126840331f?s=96&d=mm&r=g\",\"url\":\"https:\\\/\\\/secure.gravatar.com\\\/avatar\\\/7c5bd30ae4b47a9ba3c856590957fd1d96dc588bf3ac05719d247e126840331f?s=96&d=mm&r=g\",\"contentUrl\":\"https:\\\/\\\/secure.gravatar.com\\\/avatar\\\/7c5bd30ae4b47a9ba3c856590957fd1d96dc588bf3ac05719d247e126840331f?s=96&d=mm&r=g\",\"caption\":\"libna\"}}]}<\/script>\n<!-- \/ Yoast SEO plugin. -->","yoast_head_json":{"title":"Miracle sur l\u2019Ile de Pitcairn - \u00c9glise Adventiste Du Septieme Jour - Inter Am\u00e9rique Division","robots":{"index":"index","follow":"follow","max-snippet":"max-snippet:-1","max-image-preview":"max-image-preview:large","max-video-preview":"max-video-preview:-1"},"canonical":"https:\/\/interamerica.org\/fr\/2018\/07\/miracle-sur-lile-de-pitcairn\/","og_locale":"fr_FR","og_type":"article","og_title":"Miracle sur l\u2019Ile de Pitcairn - \u00c9glise Adventiste Du Septieme Jour - Inter Am\u00e9rique Division","og_description":"24 juillet 2018 | Ile de Pitcairn | Tracey Bridcutt, Adventist Record Lorsque le pasteur Jean-No\u00ebl Adeline a \u00e9t\u00e9 invit\u00e9 \u00e0 se rendre sur l\u2019Ile de Pitcairn, il s\u2019est vite...","og_url":"https:\/\/interamerica.org\/fr\/2018\/07\/miracle-sur-lile-de-pitcairn\/","og_site_name":"\u00c9glise Adventiste Du Septieme Jour - Inter Am\u00e9rique Division","article_published_time":"2018-07-24T20:48:53+00:00","article_modified_time":"2018-07-25T02:00:03+00:00","og_image":[{"width":1280,"height":800,"url":"https:\/\/interamerica.org\/wp-content\/uploads\/2018\/07\/miracle-on-pitcairn-island-1280-1.jpg","type":"image\/jpeg"}],"author":"libna","twitter_card":"summary_large_image","twitter_misc":{"\u00c9crit par":"libna","Dur\u00e9e de lecture estim\u00e9e":"7 minutes"},"schema":{"@context":"https:\/\/schema.org","@graph":[{"@type":"Article","@id":"https:\/\/interamerica.org\/fr\/2018\/07\/miracle-sur-lile-de-pitcairn\/#article","isPartOf":{"@id":"https:\/\/interamerica.org\/fr\/2018\/07\/miracle-sur-lile-de-pitcairn\/"},"author":{"name":"libna","@id":"https:\/\/interamerica.org\/fr\/#\/schema\/person\/29998f2bc2d8bd0d38662909289b54f1"},"headline":"Miracle sur l\u2019Ile de Pitcairn","datePublished":"2018-07-24T20:48:53+00:00","dateModified":"2018-07-25T02:00:03+00:00","mainEntityOfPage":{"@id":"https:\/\/interamerica.org\/fr\/2018\/07\/miracle-sur-lile-de-pitcairn\/"},"wordCount":1316,"commentCount":0,"image":{"@id":"https:\/\/interamerica.org\/fr\/2018\/07\/miracle-sur-lile-de-pitcairn\/#primaryimage"},"thumbnailUrl":"https:\/\/interamerica.org\/wp-content\/uploads\/2018\/07\/miracle-on-pitcairn-island-1280-1.jpg","articleSection":["Nouvelles de l'\u00c9glise mondiale","RSS Fran\u00e7ais"],"inLanguage":"fr-FR","potentialAction":[{"@type":"CommentAction","name":"Comment","target":["https:\/\/interamerica.org\/fr\/2018\/07\/miracle-sur-lile-de-pitcairn\/#respond"]}]},{"@type":"WebPage","@id":"https:\/\/interamerica.org\/fr\/2018\/07\/miracle-sur-lile-de-pitcairn\/","url":"https:\/\/interamerica.org\/fr\/2018\/07\/miracle-sur-lile-de-pitcairn\/","name":"Miracle sur l\u2019Ile de Pitcairn - \u00c9glise Adventiste Du Septieme Jour - Inter Am\u00e9rique Division","isPartOf":{"@id":"https:\/\/interamerica.org\/fr\/#website"},"primaryImageOfPage":{"@id":"https:\/\/interamerica.org\/fr\/2018\/07\/miracle-sur-lile-de-pitcairn\/#primaryimage"},"image":{"@id":"https:\/\/interamerica.org\/fr\/2018\/07\/miracle-sur-lile-de-pitcairn\/#primaryimage"},"thumbnailUrl":"https:\/\/interamerica.org\/wp-content\/uploads\/2018\/07\/miracle-on-pitcairn-island-1280-1.jpg","datePublished":"2018-07-24T20:48:53+00:00","dateModified":"2018-07-25T02:00:03+00:00","author":{"@id":"https:\/\/interamerica.org\/fr\/#\/schema\/person\/29998f2bc2d8bd0d38662909289b54f1"},"breadcrumb":{"@id":"https:\/\/interamerica.org\/fr\/2018\/07\/miracle-sur-lile-de-pitcairn\/#breadcrumb"},"inLanguage":"fr-FR","potentialAction":[{"@type":"ReadAction","target":["https:\/\/interamerica.org\/fr\/2018\/07\/miracle-sur-lile-de-pitcairn\/"]}]},{"@type":"ImageObject","inLanguage":"fr-FR","@id":"https:\/\/interamerica.org\/fr\/2018\/07\/miracle-sur-lile-de-pitcairn\/#primaryimage","url":"https:\/\/interamerica.org\/wp-content\/uploads\/2018\/07\/miracle-on-pitcairn-island-1280-1.jpg","contentUrl":"https:\/\/interamerica.org\/wp-content\/uploads\/2018\/07\/miracle-on-pitcairn-island-1280-1.jpg","width":1280,"height":800},{"@type":"BreadcrumbList","@id":"https:\/\/interamerica.org\/fr\/2018\/07\/miracle-sur-lile-de-pitcairn\/#breadcrumb","itemListElement":[{"@type":"ListItem","position":1,"name":"Home","item":"https:\/\/interamerica.org\/fr\/"},{"@type":"ListItem","position":2,"name":"Miracle sur l\u2019Ile de Pitcairn"}]},{"@type":"WebSite","@id":"https:\/\/interamerica.org\/fr\/#website","url":"https:\/\/interamerica.org\/fr\/","name":"\u00c9glise Adventiste Du Septieme Jour - Inter Am\u00e9rique Division","description":"","potentialAction":[{"@type":"SearchAction","target":{"@type":"EntryPoint","urlTemplate":"https:\/\/interamerica.org\/fr\/?s={search_term_string}"},"query-input":{"@type":"PropertyValueSpecification","valueRequired":true,"valueName":"search_term_string"}}],"inLanguage":"fr-FR"},{"@type":"Person","@id":"https:\/\/interamerica.org\/fr\/#\/schema\/person\/29998f2bc2d8bd0d38662909289b54f1","name":"libna","image":{"@type":"ImageObject","inLanguage":"fr-FR","@id":"https:\/\/secure.gravatar.com\/avatar\/7c5bd30ae4b47a9ba3c856590957fd1d96dc588bf3ac05719d247e126840331f?s=96&d=mm&r=g","url":"https:\/\/secure.gravatar.com\/avatar\/7c5bd30ae4b47a9ba3c856590957fd1d96dc588bf3ac05719d247e126840331f?s=96&d=mm&r=g","contentUrl":"https:\/\/secure.gravatar.com\/avatar\/7c5bd30ae4b47a9ba3c856590957fd1d96dc588bf3ac05719d247e126840331f?s=96&d=mm&r=g","caption":"libna"}}]}},"_links":{"self":[{"href":"https:\/\/interamerica.org\/fr\/wp-json\/wp\/v2\/posts\/42635","targetHints":{"allow":["GET"]}}],"collection":[{"href":"https:\/\/interamerica.org\/fr\/wp-json\/wp\/v2\/posts"}],"about":[{"href":"https:\/\/interamerica.org\/fr\/wp-json\/wp\/v2\/types\/post"}],"author":[{"embeddable":true,"href":"https:\/\/interamerica.org\/fr\/wp-json\/wp\/v2\/users\/3"}],"replies":[{"embeddable":true,"href":"https:\/\/interamerica.org\/fr\/wp-json\/wp\/v2\/comments?post=42635"}],"version-history":[{"count":0,"href":"https:\/\/interamerica.org\/fr\/wp-json\/wp\/v2\/posts\/42635\/revisions"}],"wp:featuredmedia":[{"embeddable":true,"href":"https:\/\/interamerica.org\/fr\/wp-json\/wp\/v2\/media\/42630"}],"wp:attachment":[{"href":"https:\/\/interamerica.org\/fr\/wp-json\/wp\/v2\/media?parent=42635"}],"wp:term":[{"taxonomy":"category","embeddable":true,"href":"https:\/\/interamerica.org\/fr\/wp-json\/wp\/v2\/categories?post=42635"},{"taxonomy":"post_tag","embeddable":true,"href":"https:\/\/interamerica.org\/fr\/wp-json\/wp\/v2\/tags?post=42635"}],"curies":[{"name":"wp","href":"https:\/\/api.w.org\/{rel}","templated":true}]}}