{"id":42845,"date":"2018-07-30T16:24:20","date_gmt":"2018-07-30T20:24:20","guid":{"rendered":"https:\/\/recursing-golick.147-182-135-0.plesk.page\/?p=42845"},"modified":"2018-08-01T16:26:58","modified_gmt":"2018-08-01T20:26:58","slug":"un-ministere-sanitaire-se-developpe-pour-repondre-aux-besoins-des-communautes-au-mexique","status":"publish","type":"post","link":"https:\/\/interamerica.org\/fr\/2018\/07\/un-ministere-sanitaire-se-developpe-pour-repondre-aux-besoins-des-communautes-au-mexique\/","title":{"rendered":"Un minist\u00e8re sanitaire se d\u00e9veloppe pour r\u00e9pondre aux besoins des communaut\u00e9s au Mexique"},"content":{"rendered":"<div id=\"attachment_42826\" style=\"width: 812px\" class=\"wp-caption aligncenter\"><img fetchpriority=\"high\" decoding=\"async\" aria-describedby=\"caption-attachment-42826\" class=\" wp-image-42674\" src=\"https:\/\/recursing-golick.147-182-135-0.plesk.page\/wp-content\/uploads\/2018\/07\/health-care-ministry-expands-to-meet-community-needs-in-mexico.jpg\" alt=\"\" width=\"802\" height=\"401\" srcset=\"https:\/\/interamerica.org\/wp-content\/uploads\/2018\/07\/health-care-ministry-expands-to-meet-community-needs-in-mexico.jpg 1000w, https:\/\/interamerica.org\/wp-content\/uploads\/2018\/07\/health-care-ministry-expands-to-meet-community-needs-in-mexico-300x150.jpg 300w, https:\/\/interamerica.org\/wp-content\/uploads\/2018\/07\/health-care-ministry-expands-to-meet-community-needs-in-mexico-768x384.jpg 768w\" sizes=\"(max-width: 802px) 100vw, 802px\" \/><p id=\"caption-attachment-42826\" class=\"wp-caption-text\">Couper de ruban pour les nouvelles installations du Centre de Bien-\u00catre Silo\u00e9 \u00e0 La Misi\u00f3n, en Basse Californie, au Mexique, le jour de son ouverture officielle. Photo de la Section Information du P\u00f4le Sant\u00e9 de l\u2019Universit\u00e9 de Loma Linda<\/p><\/div>\n<p><span class=\"byline-news\">30 juillet 2018 | Basse Californie, Mexique | Janelle Ringer, Section Information du P\u00f4le Sant\u00e9 de l\u2019Universit\u00e9 de Loma Linda<\/span><\/p>\n<p><span class=\"cap\">E<\/span> n juillet 2018, un assistant m\u00e9dical venu des \u00c9tats-Unis a lanc\u00e9 l\u2019agrandissement d\u2019une clinique de soins communautaires en Basse Californie, au Mexique, d\u00e9veloppant ainsi les activit\u00e9s du minist\u00e8re et proposant davantage de soins aux r\u00e9sidents dans le besoin.<\/p>\n<p>Sarah Mayer, cofondatrice et directrice m\u00e9dicale de Silo\u00e9 Ministries, dit que le nouveau Centre de Bien-\u00catre Silo\u00e9 &#8211; qui a commenc\u00e9 comme une clinique de deux chambres situ\u00e9e sous la cage d\u2019escalier d\u2019une \u00e9glise locale \u2013 est maintenant un \u00e9tablissement de 560 m\u00e8tres carr\u00e9s d\u00e9di\u00e9 \u00e0 l\u2019offre de soins m\u00e9dicaux et dentaires, \u00e0 l\u2019\u00e9ducation sanitaire, \u00e0 l\u2019accompagnement familial et aux programmes r\u00e9cr\u00e9atifs.<\/p>\n<p>L\u2019\u00e9tablissement situ\u00e9 dans la ville de La Misi\u00f3n compte aujourd\u2019hui huit fournisseurs de soins m\u00e9dicaux, contre trois lors du lancement du minist\u00e8re en 2008. Le nouveau centre de bien-\u00eatre a \u00e9t\u00e9 construit en collaboration avec Strong Tower Ministries, une organisation \u00e0 but non lucratif se concentrant essentiellement sur les enfants orphelins vivant en Basse Californie. Les organisations ont commenc\u00e9 leur partenariat en 2015.<\/p>\n<div id=\"attachment_42830\" style=\"width: 811px\" class=\"wp-caption aligncenter\"><img decoding=\"async\" aria-describedby=\"caption-attachment-42830\" class=\" wp-image-42676\" src=\"https:\/\/recursing-golick.147-182-135-0.plesk.page\/wp-content\/uploads\/2018\/07\/llu-bajaca-clinic3.jpg\" alt=\"\" width=\"801\" height=\"447\" srcset=\"https:\/\/interamerica.org\/wp-content\/uploads\/2018\/07\/llu-bajaca-clinic3.jpg 1000w, https:\/\/interamerica.org\/wp-content\/uploads\/2018\/07\/llu-bajaca-clinic3-300x167.jpg 300w, https:\/\/interamerica.org\/wp-content\/uploads\/2018\/07\/llu-bajaca-clinic3-768x429.jpg 768w\" sizes=\"(max-width: 801px) 100vw, 801px\" \/><p id=\"caption-attachment-42830\" class=\"wp-caption-text\">Vue a\u00e9rienne montrant l\u2019\u00e9tendue des nouvelles installations du Centre de Bien-\u00catre Silo\u00e9 \u00e0 La Misi\u00f3n, en Basse Californie, au Mexique. Photo de la Section Information du P\u00f4le Sant\u00e9 de l\u2019Universit\u00e9 de Loma Linda<\/p><\/div>\n<p>\u00ab Nous avons cr\u00e9\u00e9 cette clinique parce que nous voulions fournir des soins \u00e0 l\u2019int\u00e9gralit\u00e9 de la personne, et maintenant nous pouvons aider encore plus de gens ici dans cette communaut\u00e9, \u00bb a d\u00e9clar\u00e9 Sarah Mayer.<\/p>\n<p>Le d\u00e9veloppement se traduit par l\u2019addition d\u2019un m\u00e9decin \u00e0 temps plein, d\u2019un autre dentiste et d\u2019un assistant dentiste suppl\u00e9mentaire, d\u2019une nutritionniste et d\u2019une infirmi\u00e8re \u00e9ducatrice. Le nouvel espace aura la capacit\u00e9 d\u2019organiser des cours \u00e9ducatifs tels que des s\u00e9minaires sur la cuisine et la nutrition. Ont \u00e9t\u00e9 \u00e9galement ajout\u00e9s une salle de pri\u00e8re et de relation d\u2019aide ainsi qu\u2019un parc ext\u00e9rieur et une aire de loisirs.<\/p>\n<p>Divers praticiens et sp\u00e9cialistes passent de quelques heures \u00e0 plusieurs semaines \u00e0 faire du b\u00e9n\u00e9volat en offrant leur temps, et plus de 40 ont servi au cours des deux derni\u00e8res ann\u00e9es, a d\u00e9clar\u00e9 Sarah Mayer.<\/p>\n<p>\u00ab Lorsque nous avons con\u00e7u la vision du centre de bien-\u00eatre, nous avons toujours voulu qu\u2019il soit plus qu\u2019une clinique, \u00bb a d\u00e9clar\u00e9 Sarah Mayer. Apr\u00e8s avoir pass\u00e9 plus de huit ans sur le site d\u2019origine, Sarah Mayer s\u2019\u00e9tait profond\u00e9ment enracin\u00e9e dans la communaut\u00e9, et avait appris \u00e0 connaitre les probl\u00e8mes de sant\u00e9 sp\u00e9cifiques qui existaient.<\/p>\n<p>Sarah Mayer a commenc\u00e9 Silo\u00e9 Ministries avec son mari en 2008. Elle a appel\u00e9 le minist\u00e8re Silo\u00e9 parce que c\u2019est le nom qui fait un clin d&rsquo;\u0153il au r\u00e9servoir de Silo\u00e9 mentionn\u00e9 dans la Bible (Jean 9), l\u2019endroit o\u00f9 J\u00e9sus a envoy\u00e9 un aveugle se laver les yeux pour lui rendre la vue.<\/p>\n<p>Apr\u00e8s avoir obtenu son dipl\u00f4me d\u2019assistant m\u00e9dical de l\u2019\u00c9cole des Professions Param\u00e9dicales de l\u2019Universit\u00e9 de Loma Linda en 2005, Sarah Mayer a accept\u00e9 un emploi dans le sud de la Californie. D\u00e8s le d\u00e9but de sa carri\u00e8re, elle a manifest\u00e9 une passion pour les communaut\u00e9s hispaniques mal desservies.<\/p>\n<div id=\"attachment_42824\" style=\"width: 810px\" class=\"wp-caption aligncenter\"><img decoding=\"async\" aria-describedby=\"caption-attachment-42824\" class=\" wp-image-42673\" src=\"https:\/\/recursing-golick.147-182-135-0.plesk.page\/wp-content\/uploads\/2018\/07\/llu-baja-ca-clinic.jpg\" alt=\"\" width=\"800\" height=\"533\" srcset=\"https:\/\/interamerica.org\/wp-content\/uploads\/2018\/07\/llu-baja-ca-clinic.jpg 1000w, https:\/\/interamerica.org\/wp-content\/uploads\/2018\/07\/llu-baja-ca-clinic-300x200.jpg 300w, https:\/\/interamerica.org\/wp-content\/uploads\/2018\/07\/llu-baja-ca-clinic-768x511.jpg 768w\" sizes=\"(max-width: 800px) 100vw, 800px\" \/><p id=\"caption-attachment-42824\" class=\"wp-caption-text\">Plus de 450 personnes ont assist\u00e9 \u00e0 la c\u00e9r\u00e9monie du couper de ruban dans les nouveaux b\u00e2timents du Centre de Bien-\u00catre Silo\u00e9 \u00e0 La Misi\u00f3n, en Basse Californie, au Mexique. Photo de la Section Information du P\u00f4le Sant\u00e9 de l\u2019Universit\u00e9 de Loma Linda<\/p><\/div>\n<p>Motiv\u00e9s par cette passion, Sarah Mayer et son mari ont d\u00e9m\u00e9nag\u00e9 \u00e0 La Misi\u00f3n pour ce qu\u2019ils esp\u00e9raient \u00eatre un engagement de 6 mois en tant que b\u00e9n\u00e9voles dans un orphelinat. Mais au fur et \u00e0 mesure que tous les deux s\u2019impliquaient davantage dans la communaut\u00e9 locale, ils ont r\u00e9alis\u00e9 le besoin urgent de proposer de meilleurs soins de sant\u00e9. Beaucoup dans la communaut\u00e9 avaient un acc\u00e8s limit\u00e9 aux soins avant le d\u00e9but de ce minist\u00e8re. L\u2019engagement des Mayers dure maintenant depuis plus d\u2019une d\u00e9cennie.<\/p>\n<p>Le nouveau minist\u00e8re a attir\u00e9 non seulement des patients mais aussi des volontaires. \u00ab Des b\u00e9n\u00e9voles dans les domaines m\u00e9dicaux et dentaires venant des \u00c9tats-Unis et du Mexique en ont eu connaissance et ont commenc\u00e9 \u00e0 soutenir le minist\u00e8re avec du mat\u00e9riel, des fournitures et en donnant de leur temps en tant que b\u00e9n\u00e9voles, \u00bb a dit Sarah Mayer.<\/p>\n<p>D\u2019apr\u00e8s Sarah Mayer, c\u2019est sa formation et son exp\u00e9rience clinique \u00e0 LLU, une \u00e9cole Adventiste du Septi\u00e8me Jour \u00e0 Loma Linda, en Californie, aux \u00c9tats-Unis, qui l\u2019ont form\u00e9e pour pratiquer dans des contextes divers. Son parcours d\u2019\u00e9tudiante et d\u2019employ\u00e9e lui a permis d\u2019acqu\u00e9rir de l\u2019exp\u00e9rience aupr\u00e8s de la population hispanophone, et l\u2019a pr\u00e9par\u00e9e \u00e0 faire face aux nombreuses diff\u00e9rences culturelles existant entre le Mexique et les \u00c9tats-Unis.<\/p>\n<p>Malgr\u00e9 ces diff\u00e9rences, Sarah Mayer a constat\u00e9 que les probl\u00e8mes de sant\u00e9 de la communaut\u00e9 La Misi\u00f3n \u00e9taient similaires \u00e0 ceux de la population hispanique des \u00c9tats-Unis, notamment le diab\u00e8te, l\u2019ob\u00e9sit\u00e9, l\u2019hypertension, une mauvaise alimentation, des soins dentaires inad\u00e9quats et un manque d\u2019\u00e9ducation sanitaire.<\/p>\n<p>\u00ab J\u2019esp\u00e8re que le centre de bien-\u00eatre permettra de prodiguer des soins m\u00e9dicaux et dentaires aux personnes dans le besoin, de sensibiliser et d\u2019\u00e9duquer sur la mani\u00e8re dont les choix de mode de vie affectent la sant\u00e9, et de proposer un accompagnement spirituel et la pri\u00e8re aux individus et aux familles, \u00bb a-t-elle dit.<\/p>\n<p>&nbsp;<\/p>\n<p>Traduction: Patrick Luciathe<\/p>\n","protected":false},"excerpt":{"rendered":"<p>30 juillet 2018 | Basse Californie, Mexique | Janelle Ringer, Section Information du P\u00f4le Sant\u00e9 de l\u2019Universit\u00e9 de Loma Linda E n juillet 2018, un assistant m\u00e9dical venu des \u00c9tats-Unis&#8230;<\/p>\n","protected":false},"author":3,"featured_media":42826,"comment_status":"open","ping_status":"closed","sticky":false,"template":"","format":"standard","meta":{"_acf_changed":false,"footnotes":""},"categories":[18,19],"tags":[],"class_list":["post-42845","post","type-post","status-publish","format-standard","has-post-thumbnail","hentry","category-nouvelles-de-leglise-mondiale","category-rss-francais"],"acf":[],"yoast_head":"<!-- This site is optimized with the Yoast SEO plugin v27.3 - https:\/\/yoast.com\/product\/yoast-seo-wordpress\/ -->\n<title>Un minist\u00e8re sanitaire se d\u00e9veloppe pour r\u00e9pondre aux besoins des communaut\u00e9s au Mexique - \u00c9glise Adventiste Du Septieme Jour - Inter Am\u00e9rique Division<\/title>\n<meta name=\"robots\" content=\"index, follow, max-snippet:-1, max-image-preview:large, max-video-preview:-1\" \/>\n<link rel=\"canonical\" href=\"https:\/\/interamerica.org\/fr\/2018\/07\/un-ministere-sanitaire-se-developpe-pour-repondre-aux-besoins-des-communautes-au-mexique\/\" \/>\n<meta property=\"og:locale\" content=\"fr_FR\" \/>\n<meta property=\"og:type\" content=\"article\" \/>\n<meta property=\"og:title\" content=\"Un minist\u00e8re sanitaire se d\u00e9veloppe pour r\u00e9pondre aux besoins des communaut\u00e9s au Mexique - \u00c9glise Adventiste Du Septieme Jour - Inter Am\u00e9rique Division\" \/>\n<meta property=\"og:description\" content=\"30 juillet 2018 | Basse Californie, Mexique | Janelle Ringer, Section Information du P\u00f4le Sant\u00e9 de l\u2019Universit\u00e9 de Loma Linda E n juillet 2018, un assistant m\u00e9dical venu des \u00c9tats-Unis...\" \/>\n<meta property=\"og:url\" content=\"https:\/\/interamerica.org\/fr\/2018\/07\/un-ministere-sanitaire-se-developpe-pour-repondre-aux-besoins-des-communautes-au-mexique\/\" \/>\n<meta property=\"og:site_name\" content=\"\u00c9glise Adventiste Du Septieme Jour - Inter Am\u00e9rique Division\" \/>\n<meta property=\"article:published_time\" content=\"2018-07-30T20:24:20+00:00\" \/>\n<meta property=\"article:modified_time\" content=\"2018-08-01T20:26:58+00:00\" \/>\n<meta property=\"og:image\" content=\"https:\/\/interamerica.org\/wp-content\/uploads\/2018\/07\/health-care-ministry-expands-to-meet-community-needs-in-mexico.jpg\" \/>\n\t<meta property=\"og:image:width\" content=\"1000\" \/>\n\t<meta property=\"og:image:height\" content=\"500\" \/>\n\t<meta property=\"og:image:type\" content=\"image\/jpeg\" \/>\n<meta name=\"author\" content=\"libna\" \/>\n<meta name=\"twitter:card\" content=\"summary_large_image\" \/>\n<meta name=\"twitter:label1\" content=\"\u00c9crit par\" \/>\n\t<meta name=\"twitter:data1\" content=\"libna\" \/>\n\t<meta name=\"twitter:label2\" content=\"Dur\u00e9e de lecture estim\u00e9e\" \/>\n\t<meta name=\"twitter:data2\" content=\"5 minutes\" \/>\n<script type=\"application\/ld+json\" class=\"yoast-schema-graph\">{\"@context\":\"https:\\\/\\\/schema.org\",\"@graph\":[{\"@type\":\"Article\",\"@id\":\"https:\\\/\\\/interamerica.org\\\/fr\\\/2018\\\/07\\\/un-ministere-sanitaire-se-developpe-pour-repondre-aux-besoins-des-communautes-au-mexique\\\/#article\",\"isPartOf\":{\"@id\":\"https:\\\/\\\/interamerica.org\\\/fr\\\/2018\\\/07\\\/un-ministere-sanitaire-se-developpe-pour-repondre-aux-besoins-des-communautes-au-mexique\\\/\"},\"author\":{\"name\":\"libna\",\"@id\":\"https:\\\/\\\/interamerica.org\\\/fr\\\/#\\\/schema\\\/person\\\/29998f2bc2d8bd0d38662909289b54f1\"},\"headline\":\"Un minist\u00e8re sanitaire se d\u00e9veloppe pour r\u00e9pondre aux besoins des communaut\u00e9s au Mexique\",\"datePublished\":\"2018-07-30T20:24:20+00:00\",\"dateModified\":\"2018-08-01T20:26:58+00:00\",\"mainEntityOfPage\":{\"@id\":\"https:\\\/\\\/interamerica.org\\\/fr\\\/2018\\\/07\\\/un-ministere-sanitaire-se-developpe-pour-repondre-aux-besoins-des-communautes-au-mexique\\\/\"},\"wordCount\":1061,\"commentCount\":0,\"image\":{\"@id\":\"https:\\\/\\\/interamerica.org\\\/fr\\\/2018\\\/07\\\/un-ministere-sanitaire-se-developpe-pour-repondre-aux-besoins-des-communautes-au-mexique\\\/#primaryimage\"},\"thumbnailUrl\":\"https:\\\/\\\/interamerica.org\\\/wp-content\\\/uploads\\\/2018\\\/07\\\/health-care-ministry-expands-to-meet-community-needs-in-mexico.jpg\",\"articleSection\":[\"Nouvelles de l'\u00c9glise mondiale\",\"RSS Fran\u00e7ais\"],\"inLanguage\":\"fr-FR\",\"potentialAction\":[{\"@type\":\"CommentAction\",\"name\":\"Comment\",\"target\":[\"https:\\\/\\\/interamerica.org\\\/fr\\\/2018\\\/07\\\/un-ministere-sanitaire-se-developpe-pour-repondre-aux-besoins-des-communautes-au-mexique\\\/#respond\"]}]},{\"@type\":\"WebPage\",\"@id\":\"https:\\\/\\\/interamerica.org\\\/fr\\\/2018\\\/07\\\/un-ministere-sanitaire-se-developpe-pour-repondre-aux-besoins-des-communautes-au-mexique\\\/\",\"url\":\"https:\\\/\\\/interamerica.org\\\/fr\\\/2018\\\/07\\\/un-ministere-sanitaire-se-developpe-pour-repondre-aux-besoins-des-communautes-au-mexique\\\/\",\"name\":\"Un minist\u00e8re sanitaire se d\u00e9veloppe pour r\u00e9pondre aux besoins des communaut\u00e9s au Mexique - \u00c9glise Adventiste Du Septieme Jour - Inter Am\u00e9rique Division\",\"isPartOf\":{\"@id\":\"https:\\\/\\\/interamerica.org\\\/fr\\\/#website\"},\"primaryImageOfPage\":{\"@id\":\"https:\\\/\\\/interamerica.org\\\/fr\\\/2018\\\/07\\\/un-ministere-sanitaire-se-developpe-pour-repondre-aux-besoins-des-communautes-au-mexique\\\/#primaryimage\"},\"image\":{\"@id\":\"https:\\\/\\\/interamerica.org\\\/fr\\\/2018\\\/07\\\/un-ministere-sanitaire-se-developpe-pour-repondre-aux-besoins-des-communautes-au-mexique\\\/#primaryimage\"},\"thumbnailUrl\":\"https:\\\/\\\/interamerica.org\\\/wp-content\\\/uploads\\\/2018\\\/07\\\/health-care-ministry-expands-to-meet-community-needs-in-mexico.jpg\",\"datePublished\":\"2018-07-30T20:24:20+00:00\",\"dateModified\":\"2018-08-01T20:26:58+00:00\",\"author\":{\"@id\":\"https:\\\/\\\/interamerica.org\\\/fr\\\/#\\\/schema\\\/person\\\/29998f2bc2d8bd0d38662909289b54f1\"},\"breadcrumb\":{\"@id\":\"https:\\\/\\\/interamerica.org\\\/fr\\\/2018\\\/07\\\/un-ministere-sanitaire-se-developpe-pour-repondre-aux-besoins-des-communautes-au-mexique\\\/#breadcrumb\"},\"inLanguage\":\"fr-FR\",\"potentialAction\":[{\"@type\":\"ReadAction\",\"target\":[\"https:\\\/\\\/interamerica.org\\\/fr\\\/2018\\\/07\\\/un-ministere-sanitaire-se-developpe-pour-repondre-aux-besoins-des-communautes-au-mexique\\\/\"]}]},{\"@type\":\"ImageObject\",\"inLanguage\":\"fr-FR\",\"@id\":\"https:\\\/\\\/interamerica.org\\\/fr\\\/2018\\\/07\\\/un-ministere-sanitaire-se-developpe-pour-repondre-aux-besoins-des-communautes-au-mexique\\\/#primaryimage\",\"url\":\"https:\\\/\\\/interamerica.org\\\/wp-content\\\/uploads\\\/2018\\\/07\\\/health-care-ministry-expands-to-meet-community-needs-in-mexico.jpg\",\"contentUrl\":\"https:\\\/\\\/interamerica.org\\\/wp-content\\\/uploads\\\/2018\\\/07\\\/health-care-ministry-expands-to-meet-community-needs-in-mexico.jpg\",\"width\":1000,\"height\":500,\"caption\":\"Cutting of the ribbon for new Silo\u00e9 Wellness Center facilities in La Misi\u00f3n, Baja California, Mexico, on the day of its official opening. Photo by Loma Linda University Health News\"},{\"@type\":\"BreadcrumbList\",\"@id\":\"https:\\\/\\\/interamerica.org\\\/fr\\\/2018\\\/07\\\/un-ministere-sanitaire-se-developpe-pour-repondre-aux-besoins-des-communautes-au-mexique\\\/#breadcrumb\",\"itemListElement\":[{\"@type\":\"ListItem\",\"position\":1,\"name\":\"Home\",\"item\":\"https:\\\/\\\/interamerica.org\\\/fr\\\/\"},{\"@type\":\"ListItem\",\"position\":2,\"name\":\"Un minist\u00e8re sanitaire se d\u00e9veloppe pour r\u00e9pondre aux besoins des communaut\u00e9s au Mexique\"}]},{\"@type\":\"WebSite\",\"@id\":\"https:\\\/\\\/interamerica.org\\\/fr\\\/#website\",\"url\":\"https:\\\/\\\/interamerica.org\\\/fr\\\/\",\"name\":\"\u00c9glise Adventiste Du Septieme Jour - Inter Am\u00e9rique Division\",\"description\":\"\",\"potentialAction\":[{\"@type\":\"SearchAction\",\"target\":{\"@type\":\"EntryPoint\",\"urlTemplate\":\"https:\\\/\\\/interamerica.org\\\/fr\\\/?s={search_term_string}\"},\"query-input\":{\"@type\":\"PropertyValueSpecification\",\"valueRequired\":true,\"valueName\":\"search_term_string\"}}],\"inLanguage\":\"fr-FR\"},{\"@type\":\"Person\",\"@id\":\"https:\\\/\\\/interamerica.org\\\/fr\\\/#\\\/schema\\\/person\\\/29998f2bc2d8bd0d38662909289b54f1\",\"name\":\"libna\",\"image\":{\"@type\":\"ImageObject\",\"inLanguage\":\"fr-FR\",\"@id\":\"https:\\\/\\\/secure.gravatar.com\\\/avatar\\\/7c5bd30ae4b47a9ba3c856590957fd1d96dc588bf3ac05719d247e126840331f?s=96&d=mm&r=g\",\"url\":\"https:\\\/\\\/secure.gravatar.com\\\/avatar\\\/7c5bd30ae4b47a9ba3c856590957fd1d96dc588bf3ac05719d247e126840331f?s=96&d=mm&r=g\",\"contentUrl\":\"https:\\\/\\\/secure.gravatar.com\\\/avatar\\\/7c5bd30ae4b47a9ba3c856590957fd1d96dc588bf3ac05719d247e126840331f?s=96&d=mm&r=g\",\"caption\":\"libna\"}}]}<\/script>\n<!-- \/ Yoast SEO plugin. -->","yoast_head_json":{"title":"Un minist\u00e8re sanitaire se d\u00e9veloppe pour r\u00e9pondre aux besoins des communaut\u00e9s au Mexique - \u00c9glise Adventiste Du Septieme Jour - Inter Am\u00e9rique Division","robots":{"index":"index","follow":"follow","max-snippet":"max-snippet:-1","max-image-preview":"max-image-preview:large","max-video-preview":"max-video-preview:-1"},"canonical":"https:\/\/interamerica.org\/fr\/2018\/07\/un-ministere-sanitaire-se-developpe-pour-repondre-aux-besoins-des-communautes-au-mexique\/","og_locale":"fr_FR","og_type":"article","og_title":"Un minist\u00e8re sanitaire se d\u00e9veloppe pour r\u00e9pondre aux besoins des communaut\u00e9s au Mexique - \u00c9glise Adventiste Du Septieme Jour - Inter Am\u00e9rique Division","og_description":"30 juillet 2018 | Basse Californie, Mexique | Janelle Ringer, Section Information du P\u00f4le Sant\u00e9 de l\u2019Universit\u00e9 de Loma Linda E n juillet 2018, un assistant m\u00e9dical venu des \u00c9tats-Unis...","og_url":"https:\/\/interamerica.org\/fr\/2018\/07\/un-ministere-sanitaire-se-developpe-pour-repondre-aux-besoins-des-communautes-au-mexique\/","og_site_name":"\u00c9glise Adventiste Du Septieme Jour - Inter Am\u00e9rique Division","article_published_time":"2018-07-30T20:24:20+00:00","article_modified_time":"2018-08-01T20:26:58+00:00","og_image":[{"width":1000,"height":500,"url":"https:\/\/interamerica.org\/wp-content\/uploads\/2018\/07\/health-care-ministry-expands-to-meet-community-needs-in-mexico.jpg","type":"image\/jpeg"}],"author":"libna","twitter_card":"summary_large_image","twitter_misc":{"\u00c9crit par":"libna","Dur\u00e9e de lecture estim\u00e9e":"5 minutes"},"schema":{"@context":"https:\/\/schema.org","@graph":[{"@type":"Article","@id":"https:\/\/interamerica.org\/fr\/2018\/07\/un-ministere-sanitaire-se-developpe-pour-repondre-aux-besoins-des-communautes-au-mexique\/#article","isPartOf":{"@id":"https:\/\/interamerica.org\/fr\/2018\/07\/un-ministere-sanitaire-se-developpe-pour-repondre-aux-besoins-des-communautes-au-mexique\/"},"author":{"name":"libna","@id":"https:\/\/interamerica.org\/fr\/#\/schema\/person\/29998f2bc2d8bd0d38662909289b54f1"},"headline":"Un minist\u00e8re sanitaire se d\u00e9veloppe pour r\u00e9pondre aux besoins des communaut\u00e9s au Mexique","datePublished":"2018-07-30T20:24:20+00:00","dateModified":"2018-08-01T20:26:58+00:00","mainEntityOfPage":{"@id":"https:\/\/interamerica.org\/fr\/2018\/07\/un-ministere-sanitaire-se-developpe-pour-repondre-aux-besoins-des-communautes-au-mexique\/"},"wordCount":1061,"commentCount":0,"image":{"@id":"https:\/\/interamerica.org\/fr\/2018\/07\/un-ministere-sanitaire-se-developpe-pour-repondre-aux-besoins-des-communautes-au-mexique\/#primaryimage"},"thumbnailUrl":"https:\/\/interamerica.org\/wp-content\/uploads\/2018\/07\/health-care-ministry-expands-to-meet-community-needs-in-mexico.jpg","articleSection":["Nouvelles de l'\u00c9glise mondiale","RSS Fran\u00e7ais"],"inLanguage":"fr-FR","potentialAction":[{"@type":"CommentAction","name":"Comment","target":["https:\/\/interamerica.org\/fr\/2018\/07\/un-ministere-sanitaire-se-developpe-pour-repondre-aux-besoins-des-communautes-au-mexique\/#respond"]}]},{"@type":"WebPage","@id":"https:\/\/interamerica.org\/fr\/2018\/07\/un-ministere-sanitaire-se-developpe-pour-repondre-aux-besoins-des-communautes-au-mexique\/","url":"https:\/\/interamerica.org\/fr\/2018\/07\/un-ministere-sanitaire-se-developpe-pour-repondre-aux-besoins-des-communautes-au-mexique\/","name":"Un minist\u00e8re sanitaire se d\u00e9veloppe pour r\u00e9pondre aux besoins des communaut\u00e9s au Mexique - \u00c9glise Adventiste Du Septieme Jour - Inter Am\u00e9rique Division","isPartOf":{"@id":"https:\/\/interamerica.org\/fr\/#website"},"primaryImageOfPage":{"@id":"https:\/\/interamerica.org\/fr\/2018\/07\/un-ministere-sanitaire-se-developpe-pour-repondre-aux-besoins-des-communautes-au-mexique\/#primaryimage"},"image":{"@id":"https:\/\/interamerica.org\/fr\/2018\/07\/un-ministere-sanitaire-se-developpe-pour-repondre-aux-besoins-des-communautes-au-mexique\/#primaryimage"},"thumbnailUrl":"https:\/\/interamerica.org\/wp-content\/uploads\/2018\/07\/health-care-ministry-expands-to-meet-community-needs-in-mexico.jpg","datePublished":"2018-07-30T20:24:20+00:00","dateModified":"2018-08-01T20:26:58+00:00","author":{"@id":"https:\/\/interamerica.org\/fr\/#\/schema\/person\/29998f2bc2d8bd0d38662909289b54f1"},"breadcrumb":{"@id":"https:\/\/interamerica.org\/fr\/2018\/07\/un-ministere-sanitaire-se-developpe-pour-repondre-aux-besoins-des-communautes-au-mexique\/#breadcrumb"},"inLanguage":"fr-FR","potentialAction":[{"@type":"ReadAction","target":["https:\/\/interamerica.org\/fr\/2018\/07\/un-ministere-sanitaire-se-developpe-pour-repondre-aux-besoins-des-communautes-au-mexique\/"]}]},{"@type":"ImageObject","inLanguage":"fr-FR","@id":"https:\/\/interamerica.org\/fr\/2018\/07\/un-ministere-sanitaire-se-developpe-pour-repondre-aux-besoins-des-communautes-au-mexique\/#primaryimage","url":"https:\/\/interamerica.org\/wp-content\/uploads\/2018\/07\/health-care-ministry-expands-to-meet-community-needs-in-mexico.jpg","contentUrl":"https:\/\/interamerica.org\/wp-content\/uploads\/2018\/07\/health-care-ministry-expands-to-meet-community-needs-in-mexico.jpg","width":1000,"height":500,"caption":"Cutting of the ribbon for new Silo\u00e9 Wellness Center facilities in La Misi\u00f3n, Baja California, Mexico, on the day of its official opening. Photo by Loma Linda University Health News"},{"@type":"BreadcrumbList","@id":"https:\/\/interamerica.org\/fr\/2018\/07\/un-ministere-sanitaire-se-developpe-pour-repondre-aux-besoins-des-communautes-au-mexique\/#breadcrumb","itemListElement":[{"@type":"ListItem","position":1,"name":"Home","item":"https:\/\/interamerica.org\/fr\/"},{"@type":"ListItem","position":2,"name":"Un minist\u00e8re sanitaire se d\u00e9veloppe pour r\u00e9pondre aux besoins des communaut\u00e9s au Mexique"}]},{"@type":"WebSite","@id":"https:\/\/interamerica.org\/fr\/#website","url":"https:\/\/interamerica.org\/fr\/","name":"\u00c9glise Adventiste Du Septieme Jour - Inter Am\u00e9rique Division","description":"","potentialAction":[{"@type":"SearchAction","target":{"@type":"EntryPoint","urlTemplate":"https:\/\/interamerica.org\/fr\/?s={search_term_string}"},"query-input":{"@type":"PropertyValueSpecification","valueRequired":true,"valueName":"search_term_string"}}],"inLanguage":"fr-FR"},{"@type":"Person","@id":"https:\/\/interamerica.org\/fr\/#\/schema\/person\/29998f2bc2d8bd0d38662909289b54f1","name":"libna","image":{"@type":"ImageObject","inLanguage":"fr-FR","@id":"https:\/\/secure.gravatar.com\/avatar\/7c5bd30ae4b47a9ba3c856590957fd1d96dc588bf3ac05719d247e126840331f?s=96&d=mm&r=g","url":"https:\/\/secure.gravatar.com\/avatar\/7c5bd30ae4b47a9ba3c856590957fd1d96dc588bf3ac05719d247e126840331f?s=96&d=mm&r=g","contentUrl":"https:\/\/secure.gravatar.com\/avatar\/7c5bd30ae4b47a9ba3c856590957fd1d96dc588bf3ac05719d247e126840331f?s=96&d=mm&r=g","caption":"libna"}}]}},"_links":{"self":[{"href":"https:\/\/interamerica.org\/fr\/wp-json\/wp\/v2\/posts\/42845","targetHints":{"allow":["GET"]}}],"collection":[{"href":"https:\/\/interamerica.org\/fr\/wp-json\/wp\/v2\/posts"}],"about":[{"href":"https:\/\/interamerica.org\/fr\/wp-json\/wp\/v2\/types\/post"}],"author":[{"embeddable":true,"href":"https:\/\/interamerica.org\/fr\/wp-json\/wp\/v2\/users\/3"}],"replies":[{"embeddable":true,"href":"https:\/\/interamerica.org\/fr\/wp-json\/wp\/v2\/comments?post=42845"}],"version-history":[{"count":0,"href":"https:\/\/interamerica.org\/fr\/wp-json\/wp\/v2\/posts\/42845\/revisions"}],"wp:featuredmedia":[{"embeddable":true,"href":"https:\/\/interamerica.org\/fr\/wp-json\/wp\/v2\/media\/42826"}],"wp:attachment":[{"href":"https:\/\/interamerica.org\/fr\/wp-json\/wp\/v2\/media?parent=42845"}],"wp:term":[{"taxonomy":"category","embeddable":true,"href":"https:\/\/interamerica.org\/fr\/wp-json\/wp\/v2\/categories?post=42845"},{"taxonomy":"post_tag","embeddable":true,"href":"https:\/\/interamerica.org\/fr\/wp-json\/wp\/v2\/tags?post=42845"}],"curies":[{"name":"wp","href":"https:\/\/api.w.org\/{rel}","templated":true}]}}