{"id":45826,"date":"2018-12-12T12:04:03","date_gmt":"2018-12-12T16:04:03","guid":{"rendered":"https:\/\/recursing-golick.147-182-135-0.plesk.page\/?p=45826"},"modified":"2018-12-14T18:09:42","modified_gmt":"2018-12-14T22:09:42","slug":"bientot-disponible-lencyclopedie-des-adventistes-du-septieme-jour-en-ligne","status":"publish","type":"post","link":"https:\/\/interamerica.org\/fr\/2018\/12\/bientot-disponible-lencyclopedie-des-adventistes-du-septieme-jour-en-ligne\/","title":{"rendered":"Bient\u00f4t disponible, l\u2019Encyclop\u00e9die des adventistes du septi\u00e8me jour en ligne"},"content":{"rendered":"<p><span class=\"byline-news\">11 d\u00e9cembre 2018 | Silver Spring Maryland, \u00c9tats-Unis | Dragoslava Santrac<\/span><\/p>\n<p><span class=\"cap\">R<\/span>\u00e9cemment, ma fille a fait des recherches sur l\u2019histoire de l\u2019\u00c9glise adventiste pour son projet scolaire dans un lyc\u00e9e public. Elle a consid\u00e9r\u00e9 le projet comme une excellente occasion de partager l\u2019h\u00e9ritage adventiste avec sa classe. J\u2019ai imm\u00e9diatement sugg\u00e9r\u00e9 plusieurs livres sur l\u2019histoire adventiste que nous avions dans notre biblioth\u00e8que \u00e0 la maison. En tant que parent et enseignant, je fais tout ce qui est en mon pouvoir pour partager des informations fiables et dignes de confiance avec mes enfants et mes \u00e9tudiants, car des informations fiables fa\u00e7onnent de mani\u00e8re significative les habitudes, la vision du monde et les choix des personnes. Comment aurais-je pu oublier que la g\u00e9n\u00e9ration de ma fille consulte d\u2019abord \u00ab Dr Google \u00bb ?<\/p>\n<p>Ma fille a \u00e9t\u00e9 choqu\u00e9e par la quantit\u00e9 d\u2019informations fausses et diffamatoires qu\u2019elle a trouv\u00e9es en ligne sur l\u2019\u00c9glise adventiste. D\u00e9courag\u00e9e, elle m\u2019a demand\u00e9 de lui recommander d\u2019authentiques ressources en ligne sur l\u2019histoire de l\u2019\u00c9glise adventiste. Ce jour-l\u00e0, j\u2019ai souhait\u00e9 avoir une publication compl\u00e8te et captivante comme la nouvelle <em>Encyclop\u00e9die des Adventistes du Septi\u00e8me Jour<\/em> en ligne.<\/p>\n<p>Je me demande combien de parents, de professeurs et d\u2019adventistes de tous \u00e2ges font face au m\u00eame d\u00e9fi.<\/p>\n<p>L&rsquo;<em>Encyclop\u00e9die des Adventistes du Septi\u00e8me Jour <\/em>(ESDA) est une publication officielle de l\u2019histoire de l\u2019\u0153uvre adventiste du septi\u00e8me jour. Ce projet de l\u2019\u00e9glise mondiale produira environ 10000 articles sur l\u2019histoire des adventistes ; sur les \u00e9v\u00e9nements et les th\u00e8mes fondamentaux ; sur les organisations, les entit\u00e9s, les institutions et les individus ; il y aura aussi des photographies, des supports audiovisuels et des documents originaux. La nouvelle encyclop\u00e9die refl\u00e9tera l\u2019incroyable croissance qu\u2019a connu l\u2019\u00e9glise au cours des cinquante derni\u00e8res ann\u00e9es ou plus depuis la publication de la premi\u00e8re \u00e9dition de l\u2019Encyclop\u00e9die Adventiste du Septi\u00e8me Jour.<\/p>\n<p>ESDA En ligne, le premier ouvrage de r\u00e9f\u00e9rence en ligne de l\u2019\u00e9glise, fera ses d\u00e9buts officiels lors de la session de la Conf\u00e9rence G\u00e9n\u00e9rale en 2020. ESDA En ligne sera un site Web gratuit, assurant la diffusion mondiale du contenu. La version imprim\u00e9e de l\u2019encyclop\u00e9die sera produite apr\u00e8s la premi\u00e8re \u00e9dition en ligne.<\/p>\n<p>Les \u00e9diteurs invitent non seulement des sp\u00e9cialistes en histoire et en th\u00e9ologie, mais \u00e9galement des chercheurs, des enseignants, des \u00e9tudiants et des membres poss\u00e9dant une expertise sur un sujet donn\u00e9, \u00e0 contribuer \u00e0 travers des articles sur des sujets non encore trait\u00e9s dans le processus \u00e9ditorial initial r\u00e9serv\u00e9 uniquement \u00e0 ceux qui ont \u00e9t\u00e9 choisis.<\/p>\n<p>ESDA lance un appel sp\u00e9cial aux \u00e9crivains du monde entier pour qu\u2019ils collectent des donn\u00e9es historiques sur leurs r\u00e9gions d\u2019origine \u2013 sur les missionnaires, les \u00e9vang\u00e9listes, les \u00e9ducateurs, les ouvriers m\u00e9dicaux, les pr\u00e9dicateurs et les dirigeants d\u2019\u00e9glise qui ont par le pass\u00e9 contribu\u00e9 \u00e0 la croissance de l\u2019\u00c9glise adventiste sur leur territoire. Les archives des \u00e9glises locales, les n\u00e9crologies, les albums annuaires, les lettres d\u2019information, les publications de l\u2019\u00e9glise, les collections priv\u00e9es de lettres et de journaux intimes de missionnaires, les documents audio et vid\u00e9o et les interviews permettant de recueillir des donn\u00e9es historiques issues de la tradition orale, sont de bons points de d\u00e9part pour les recherches que feront les auteurs.<\/p>\n<p>Chaque article de l\u2019Encyclop\u00e9die sera consid\u00e9r\u00e9 comme une publication \u00e9rudite et son auteur sera pleinement reconnu. Les auteurs doivent consulter la page relative aux <a href=\"http:\/\/www.adventistarchives.org\/author-materials\" target=\"_blank\" rel=\"noopener\">Documents des Auteurs<\/a> pour obtenir des informations d\u00e9taill\u00e9es et la page des \u00a0<a href=\"http:\/\/www.adventistarchives.org\/assistant-editors\" target=\"_blank\" rel=\"noopener\">\u00c9diteurs Adjoints<\/a> pour savoir comment contacter les \u00e9diteurs responsables au niveau des divisions et se renseigner sur les sujets disponibles. Ils devraient \u00e9galement visiter la page Encyclop\u00e9die pour la <a href=\"https:\/\/www.esda-europe.org\/\" target=\"_blank\" rel=\"noopener\">EUD et la ESD<\/a>, la page pour <a href=\"http:\/\/www.esdana.org\/\" target=\"_blank\" rel=\"noopener\">la NAD<\/a>, et la page pour la <a href=\"http:\/\/esda-nsd.weebly.com\/\" target=\"_blank\" rel=\"noopener\">NSD<\/a>.<\/p>\n<p>Les r\u00e9dacteurs sont ouverts \u00e0 l\u2019id\u00e9e de consid\u00e9rer de nouvelles recherches et des articles non planifi\u00e9s \u00e0 mesure qu\u2019ils deviennent disponibles. Les auteurs peuvent r\u00e9fl\u00e9chir \u00e0 ce qu\u2019ils souhaitent \u00e9crire et contacter le Bureau des Archives et des Statistiques de la Conf\u00e9rence G\u00e9n\u00e9rale pour lui faire part de leurs suggestions. Ils peuvent \u00e9galement suivre le projet sur Twitter \u00e0 @EncyclopediaSDA.<\/p>\n<p>Ensemble, nous pouvons faire de l\u2019AESD une b\u00e9n\u00e9diction pour le monde et louer Dieu pour la merveilleuse direction qu\u2019il accorde \u00e0 Son peuple !<\/p>\n<p>A propos de l\u2019\u00e9diteur de l\u2019encyclop\u00e9die<\/p>\n<p><em>Dragoslava Santrac est r\u00e9dactrice en chef de l&rsquo;<\/em>l\u2019Encyclop\u00e9die des adventistes du septi\u00e8me jour<em>. Elle est titulaire d\u2019un doctorat en Ancien Testament (Universit\u00e9 du Nord-Ouest, \u00c9cole de Th\u00e9ologie d\u2019Afrique du Sud \/ Greenwich, Royaume-Uni) et d\u2019une ma\u00eetrise en langues bibliques et en Ancien Testament (Universit\u00e9 d\u2019Andrews). Elle a enseign\u00e9 dans le domaine des \u00e9tudes bibliques au cours des 15 derni\u00e8res ann\u00e9es au S\u00e9minaire Th\u00e9ologique de Belgrade (Serbie) et \u00e0 l\u2019Universit\u00e9 du Sud de la Cara\u00efbe (Trinidad), et elle est actuellement professeur de religion \u00e0 l\u2019Universit\u00e9 Adventiste de Washington (\u00c9tats-Unis).<\/em><\/p>\n<p>Dragoslava Santrac a \u00e9galement \u00e9t\u00e9 r\u00e9dactrice pour l\u2019Union de l\u2019Europe du Sud-Est et pour l\u2019Institut de Recherche Biblique (BRI). Elle est l\u2019auteure de plusieurs livres et articles sur la th\u00e9ologie de l\u2019Ancien Testament, le livre des Psaumes et les \u00e9tudes dans le domaine biblique.<\/p>\n<p><em>La <\/em><a href=\"https:\/\/educators.adventist.org\/2018\/12\/encyclopedia-adventist\/?fbclid=IwAR1HQQ06v6jSJqwODfXyZHqEgaY7s4deO41W6JNWHayRZ0GuqmAG-PrcNoM\" target=\"_blank\" rel=\"noopener\"><em>version originale<\/em><\/a><em> de ce commentaire a \u00e9t\u00e9 publi\u00e9e sur le site des <\/em><a href=\"https:\/\/educators.adventist.org\/\" target=\"_blank\" rel=\"noopener\"><em>\u00e9ducateurs adventistes du septi\u00e8me jour.<\/em><\/a><\/p>\n<p>Traducteur: Patrick Luciathe<\/p>\n","protected":false},"excerpt":{"rendered":"<p>11 d\u00e9cembre 2018 | Silver Spring Maryland, \u00c9tats-Unis | Dragoslava Santrac R\u00e9cemment, ma fille a fait des recherches sur l\u2019histoire de l\u2019\u00c9glise adventiste pour son projet scolaire dans un lyc\u00e9e&#8230;<\/p>\n","protected":false},"author":3,"featured_media":45774,"comment_status":"open","ping_status":"closed","sticky":false,"template":"","format":"standard","meta":{"_acf_changed":false,"footnotes":""},"categories":[18,19],"tags":[],"class_list":["post-45826","post","type-post","status-publish","format-standard","has-post-thumbnail","hentry","category-nouvelles-de-leglise-mondiale","category-rss-francais"],"acf":[],"yoast_head":"<!-- This site is optimized with the Yoast SEO plugin v27.3 - https:\/\/yoast.com\/product\/yoast-seo-wordpress\/ -->\n<title>Bient\u00f4t disponible, l\u2019Encyclop\u00e9die des adventistes du septi\u00e8me jour en ligne - \u00c9glise Adventiste Du Septieme Jour - Inter Am\u00e9rique Division<\/title>\n<meta name=\"robots\" content=\"index, follow, max-snippet:-1, max-image-preview:large, max-video-preview:-1\" \/>\n<link rel=\"canonical\" href=\"https:\/\/interamerica.org\/fr\/2018\/12\/bientot-disponible-lencyclopedie-des-adventistes-du-septieme-jour-en-ligne\/\" \/>\n<meta property=\"og:locale\" content=\"fr_FR\" \/>\n<meta property=\"og:type\" content=\"article\" \/>\n<meta property=\"og:title\" content=\"Bient\u00f4t disponible, l\u2019Encyclop\u00e9die des adventistes du septi\u00e8me jour en ligne - \u00c9glise Adventiste Du Septieme Jour - Inter Am\u00e9rique Division\" \/>\n<meta property=\"og:description\" content=\"11 d\u00e9cembre 2018 | Silver Spring Maryland, \u00c9tats-Unis | Dragoslava Santrac R\u00e9cemment, ma fille a fait des recherches sur l\u2019histoire de l\u2019\u00c9glise adventiste pour son projet scolaire dans un lyc\u00e9e...\" \/>\n<meta property=\"og:url\" content=\"https:\/\/interamerica.org\/fr\/2018\/12\/bientot-disponible-lencyclopedie-des-adventistes-du-septieme-jour-en-ligne\/\" \/>\n<meta property=\"og:site_name\" content=\"\u00c9glise Adventiste Du Septieme Jour - Inter Am\u00e9rique Division\" \/>\n<meta property=\"article:published_time\" content=\"2018-12-12T16:04:03+00:00\" \/>\n<meta property=\"article:modified_time\" content=\"2018-12-14T22:09:42+00:00\" \/>\n<meta property=\"og:image\" content=\"https:\/\/interamerica.org\/wp-content\/uploads\/2018\/12\/online-keyboard1280.jpg\" \/>\n\t<meta property=\"og:image:width\" content=\"1280\" \/>\n\t<meta property=\"og:image:height\" content=\"800\" \/>\n\t<meta property=\"og:image:type\" content=\"image\/jpeg\" \/>\n<meta name=\"author\" content=\"libna\" \/>\n<meta name=\"twitter:card\" content=\"summary_large_image\" \/>\n<meta name=\"twitter:label1\" content=\"\u00c9crit par\" \/>\n\t<meta name=\"twitter:data1\" content=\"libna\" \/>\n\t<meta name=\"twitter:label2\" content=\"Dur\u00e9e de lecture estim\u00e9e\" \/>\n\t<meta name=\"twitter:data2\" content=\"5 minutes\" \/>\n<script type=\"application\/ld+json\" class=\"yoast-schema-graph\">{\"@context\":\"https:\\\/\\\/schema.org\",\"@graph\":[{\"@type\":\"Article\",\"@id\":\"https:\\\/\\\/interamerica.org\\\/fr\\\/2018\\\/12\\\/bientot-disponible-lencyclopedie-des-adventistes-du-septieme-jour-en-ligne\\\/#article\",\"isPartOf\":{\"@id\":\"https:\\\/\\\/interamerica.org\\\/fr\\\/2018\\\/12\\\/bientot-disponible-lencyclopedie-des-adventistes-du-septieme-jour-en-ligne\\\/\"},\"author\":{\"name\":\"libna\",\"@id\":\"https:\\\/\\\/interamerica.org\\\/fr\\\/#\\\/schema\\\/person\\\/29998f2bc2d8bd0d38662909289b54f1\"},\"headline\":\"Bient\u00f4t disponible, l\u2019Encyclop\u00e9die des adventistes du septi\u00e8me jour en ligne\",\"datePublished\":\"2018-12-12T16:04:03+00:00\",\"dateModified\":\"2018-12-14T22:09:42+00:00\",\"mainEntityOfPage\":{\"@id\":\"https:\\\/\\\/interamerica.org\\\/fr\\\/2018\\\/12\\\/bientot-disponible-lencyclopedie-des-adventistes-du-septieme-jour-en-ligne\\\/\"},\"wordCount\":973,\"commentCount\":0,\"image\":{\"@id\":\"https:\\\/\\\/interamerica.org\\\/fr\\\/2018\\\/12\\\/bientot-disponible-lencyclopedie-des-adventistes-du-septieme-jour-en-ligne\\\/#primaryimage\"},\"thumbnailUrl\":\"https:\\\/\\\/interamerica.org\\\/wp-content\\\/uploads\\\/2018\\\/12\\\/online-keyboard1280.jpg\",\"articleSection\":[\"Nouvelles de l'\u00c9glise mondiale\",\"RSS Fran\u00e7ais\"],\"inLanguage\":\"fr-FR\",\"potentialAction\":[{\"@type\":\"CommentAction\",\"name\":\"Comment\",\"target\":[\"https:\\\/\\\/interamerica.org\\\/fr\\\/2018\\\/12\\\/bientot-disponible-lencyclopedie-des-adventistes-du-septieme-jour-en-ligne\\\/#respond\"]}]},{\"@type\":\"WebPage\",\"@id\":\"https:\\\/\\\/interamerica.org\\\/fr\\\/2018\\\/12\\\/bientot-disponible-lencyclopedie-des-adventistes-du-septieme-jour-en-ligne\\\/\",\"url\":\"https:\\\/\\\/interamerica.org\\\/fr\\\/2018\\\/12\\\/bientot-disponible-lencyclopedie-des-adventistes-du-septieme-jour-en-ligne\\\/\",\"name\":\"Bient\u00f4t disponible, l\u2019Encyclop\u00e9die des adventistes du septi\u00e8me jour en ligne - \u00c9glise Adventiste Du Septieme Jour - Inter Am\u00e9rique Division\",\"isPartOf\":{\"@id\":\"https:\\\/\\\/interamerica.org\\\/fr\\\/#website\"},\"primaryImageOfPage\":{\"@id\":\"https:\\\/\\\/interamerica.org\\\/fr\\\/2018\\\/12\\\/bientot-disponible-lencyclopedie-des-adventistes-du-septieme-jour-en-ligne\\\/#primaryimage\"},\"image\":{\"@id\":\"https:\\\/\\\/interamerica.org\\\/fr\\\/2018\\\/12\\\/bientot-disponible-lencyclopedie-des-adventistes-du-septieme-jour-en-ligne\\\/#primaryimage\"},\"thumbnailUrl\":\"https:\\\/\\\/interamerica.org\\\/wp-content\\\/uploads\\\/2018\\\/12\\\/online-keyboard1280.jpg\",\"datePublished\":\"2018-12-12T16:04:03+00:00\",\"dateModified\":\"2018-12-14T22:09:42+00:00\",\"author\":{\"@id\":\"https:\\\/\\\/interamerica.org\\\/fr\\\/#\\\/schema\\\/person\\\/29998f2bc2d8bd0d38662909289b54f1\"},\"breadcrumb\":{\"@id\":\"https:\\\/\\\/interamerica.org\\\/fr\\\/2018\\\/12\\\/bientot-disponible-lencyclopedie-des-adventistes-du-septieme-jour-en-ligne\\\/#breadcrumb\"},\"inLanguage\":\"fr-FR\",\"potentialAction\":[{\"@type\":\"ReadAction\",\"target\":[\"https:\\\/\\\/interamerica.org\\\/fr\\\/2018\\\/12\\\/bientot-disponible-lencyclopedie-des-adventistes-du-septieme-jour-en-ligne\\\/\"]}]},{\"@type\":\"ImageObject\",\"inLanguage\":\"fr-FR\",\"@id\":\"https:\\\/\\\/interamerica.org\\\/fr\\\/2018\\\/12\\\/bientot-disponible-lencyclopedie-des-adventistes-du-septieme-jour-en-ligne\\\/#primaryimage\",\"url\":\"https:\\\/\\\/interamerica.org\\\/wp-content\\\/uploads\\\/2018\\\/12\\\/online-keyboard1280.jpg\",\"contentUrl\":\"https:\\\/\\\/interamerica.org\\\/wp-content\\\/uploads\\\/2018\\\/12\\\/online-keyboard1280.jpg\",\"width\":1280,\"height\":800},{\"@type\":\"BreadcrumbList\",\"@id\":\"https:\\\/\\\/interamerica.org\\\/fr\\\/2018\\\/12\\\/bientot-disponible-lencyclopedie-des-adventistes-du-septieme-jour-en-ligne\\\/#breadcrumb\",\"itemListElement\":[{\"@type\":\"ListItem\",\"position\":1,\"name\":\"Home\",\"item\":\"https:\\\/\\\/interamerica.org\\\/fr\\\/\"},{\"@type\":\"ListItem\",\"position\":2,\"name\":\"Bient\u00f4t disponible, l\u2019Encyclop\u00e9die des adventistes du septi\u00e8me jour en ligne\"}]},{\"@type\":\"WebSite\",\"@id\":\"https:\\\/\\\/interamerica.org\\\/fr\\\/#website\",\"url\":\"https:\\\/\\\/interamerica.org\\\/fr\\\/\",\"name\":\"\u00c9glise Adventiste Du Septieme Jour - Inter Am\u00e9rique Division\",\"description\":\"\",\"potentialAction\":[{\"@type\":\"SearchAction\",\"target\":{\"@type\":\"EntryPoint\",\"urlTemplate\":\"https:\\\/\\\/interamerica.org\\\/fr\\\/?s={search_term_string}\"},\"query-input\":{\"@type\":\"PropertyValueSpecification\",\"valueRequired\":true,\"valueName\":\"search_term_string\"}}],\"inLanguage\":\"fr-FR\"},{\"@type\":\"Person\",\"@id\":\"https:\\\/\\\/interamerica.org\\\/fr\\\/#\\\/schema\\\/person\\\/29998f2bc2d8bd0d38662909289b54f1\",\"name\":\"libna\",\"image\":{\"@type\":\"ImageObject\",\"inLanguage\":\"fr-FR\",\"@id\":\"https:\\\/\\\/secure.gravatar.com\\\/avatar\\\/7c5bd30ae4b47a9ba3c856590957fd1d96dc588bf3ac05719d247e126840331f?s=96&d=mm&r=g\",\"url\":\"https:\\\/\\\/secure.gravatar.com\\\/avatar\\\/7c5bd30ae4b47a9ba3c856590957fd1d96dc588bf3ac05719d247e126840331f?s=96&d=mm&r=g\",\"contentUrl\":\"https:\\\/\\\/secure.gravatar.com\\\/avatar\\\/7c5bd30ae4b47a9ba3c856590957fd1d96dc588bf3ac05719d247e126840331f?s=96&d=mm&r=g\",\"caption\":\"libna\"}}]}<\/script>\n<!-- \/ Yoast SEO plugin. -->","yoast_head_json":{"title":"Bient\u00f4t disponible, l\u2019Encyclop\u00e9die des adventistes du septi\u00e8me jour en ligne - \u00c9glise Adventiste Du Septieme Jour - Inter Am\u00e9rique Division","robots":{"index":"index","follow":"follow","max-snippet":"max-snippet:-1","max-image-preview":"max-image-preview:large","max-video-preview":"max-video-preview:-1"},"canonical":"https:\/\/interamerica.org\/fr\/2018\/12\/bientot-disponible-lencyclopedie-des-adventistes-du-septieme-jour-en-ligne\/","og_locale":"fr_FR","og_type":"article","og_title":"Bient\u00f4t disponible, l\u2019Encyclop\u00e9die des adventistes du septi\u00e8me jour en ligne - \u00c9glise Adventiste Du Septieme Jour - Inter Am\u00e9rique Division","og_description":"11 d\u00e9cembre 2018 | Silver Spring Maryland, \u00c9tats-Unis | Dragoslava Santrac R\u00e9cemment, ma fille a fait des recherches sur l\u2019histoire de l\u2019\u00c9glise adventiste pour son projet scolaire dans un lyc\u00e9e...","og_url":"https:\/\/interamerica.org\/fr\/2018\/12\/bientot-disponible-lencyclopedie-des-adventistes-du-septieme-jour-en-ligne\/","og_site_name":"\u00c9glise Adventiste Du Septieme Jour - Inter Am\u00e9rique Division","article_published_time":"2018-12-12T16:04:03+00:00","article_modified_time":"2018-12-14T22:09:42+00:00","og_image":[{"width":1280,"height":800,"url":"https:\/\/interamerica.org\/wp-content\/uploads\/2018\/12\/online-keyboard1280.jpg","type":"image\/jpeg"}],"author":"libna","twitter_card":"summary_large_image","twitter_misc":{"\u00c9crit par":"libna","Dur\u00e9e de lecture estim\u00e9e":"5 minutes"},"schema":{"@context":"https:\/\/schema.org","@graph":[{"@type":"Article","@id":"https:\/\/interamerica.org\/fr\/2018\/12\/bientot-disponible-lencyclopedie-des-adventistes-du-septieme-jour-en-ligne\/#article","isPartOf":{"@id":"https:\/\/interamerica.org\/fr\/2018\/12\/bientot-disponible-lencyclopedie-des-adventistes-du-septieme-jour-en-ligne\/"},"author":{"name":"libna","@id":"https:\/\/interamerica.org\/fr\/#\/schema\/person\/29998f2bc2d8bd0d38662909289b54f1"},"headline":"Bient\u00f4t disponible, l\u2019Encyclop\u00e9die des adventistes du septi\u00e8me jour en ligne","datePublished":"2018-12-12T16:04:03+00:00","dateModified":"2018-12-14T22:09:42+00:00","mainEntityOfPage":{"@id":"https:\/\/interamerica.org\/fr\/2018\/12\/bientot-disponible-lencyclopedie-des-adventistes-du-septieme-jour-en-ligne\/"},"wordCount":973,"commentCount":0,"image":{"@id":"https:\/\/interamerica.org\/fr\/2018\/12\/bientot-disponible-lencyclopedie-des-adventistes-du-septieme-jour-en-ligne\/#primaryimage"},"thumbnailUrl":"https:\/\/interamerica.org\/wp-content\/uploads\/2018\/12\/online-keyboard1280.jpg","articleSection":["Nouvelles de l'\u00c9glise mondiale","RSS Fran\u00e7ais"],"inLanguage":"fr-FR","potentialAction":[{"@type":"CommentAction","name":"Comment","target":["https:\/\/interamerica.org\/fr\/2018\/12\/bientot-disponible-lencyclopedie-des-adventistes-du-septieme-jour-en-ligne\/#respond"]}]},{"@type":"WebPage","@id":"https:\/\/interamerica.org\/fr\/2018\/12\/bientot-disponible-lencyclopedie-des-adventistes-du-septieme-jour-en-ligne\/","url":"https:\/\/interamerica.org\/fr\/2018\/12\/bientot-disponible-lencyclopedie-des-adventistes-du-septieme-jour-en-ligne\/","name":"Bient\u00f4t disponible, l\u2019Encyclop\u00e9die des adventistes du septi\u00e8me jour en ligne - \u00c9glise Adventiste Du Septieme Jour - Inter Am\u00e9rique Division","isPartOf":{"@id":"https:\/\/interamerica.org\/fr\/#website"},"primaryImageOfPage":{"@id":"https:\/\/interamerica.org\/fr\/2018\/12\/bientot-disponible-lencyclopedie-des-adventistes-du-septieme-jour-en-ligne\/#primaryimage"},"image":{"@id":"https:\/\/interamerica.org\/fr\/2018\/12\/bientot-disponible-lencyclopedie-des-adventistes-du-septieme-jour-en-ligne\/#primaryimage"},"thumbnailUrl":"https:\/\/interamerica.org\/wp-content\/uploads\/2018\/12\/online-keyboard1280.jpg","datePublished":"2018-12-12T16:04:03+00:00","dateModified":"2018-12-14T22:09:42+00:00","author":{"@id":"https:\/\/interamerica.org\/fr\/#\/schema\/person\/29998f2bc2d8bd0d38662909289b54f1"},"breadcrumb":{"@id":"https:\/\/interamerica.org\/fr\/2018\/12\/bientot-disponible-lencyclopedie-des-adventistes-du-septieme-jour-en-ligne\/#breadcrumb"},"inLanguage":"fr-FR","potentialAction":[{"@type":"ReadAction","target":["https:\/\/interamerica.org\/fr\/2018\/12\/bientot-disponible-lencyclopedie-des-adventistes-du-septieme-jour-en-ligne\/"]}]},{"@type":"ImageObject","inLanguage":"fr-FR","@id":"https:\/\/interamerica.org\/fr\/2018\/12\/bientot-disponible-lencyclopedie-des-adventistes-du-septieme-jour-en-ligne\/#primaryimage","url":"https:\/\/interamerica.org\/wp-content\/uploads\/2018\/12\/online-keyboard1280.jpg","contentUrl":"https:\/\/interamerica.org\/wp-content\/uploads\/2018\/12\/online-keyboard1280.jpg","width":1280,"height":800},{"@type":"BreadcrumbList","@id":"https:\/\/interamerica.org\/fr\/2018\/12\/bientot-disponible-lencyclopedie-des-adventistes-du-septieme-jour-en-ligne\/#breadcrumb","itemListElement":[{"@type":"ListItem","position":1,"name":"Home","item":"https:\/\/interamerica.org\/fr\/"},{"@type":"ListItem","position":2,"name":"Bient\u00f4t disponible, l\u2019Encyclop\u00e9die des adventistes du septi\u00e8me jour en ligne"}]},{"@type":"WebSite","@id":"https:\/\/interamerica.org\/fr\/#website","url":"https:\/\/interamerica.org\/fr\/","name":"\u00c9glise Adventiste Du Septieme Jour - Inter Am\u00e9rique Division","description":"","potentialAction":[{"@type":"SearchAction","target":{"@type":"EntryPoint","urlTemplate":"https:\/\/interamerica.org\/fr\/?s={search_term_string}"},"query-input":{"@type":"PropertyValueSpecification","valueRequired":true,"valueName":"search_term_string"}}],"inLanguage":"fr-FR"},{"@type":"Person","@id":"https:\/\/interamerica.org\/fr\/#\/schema\/person\/29998f2bc2d8bd0d38662909289b54f1","name":"libna","image":{"@type":"ImageObject","inLanguage":"fr-FR","@id":"https:\/\/secure.gravatar.com\/avatar\/7c5bd30ae4b47a9ba3c856590957fd1d96dc588bf3ac05719d247e126840331f?s=96&d=mm&r=g","url":"https:\/\/secure.gravatar.com\/avatar\/7c5bd30ae4b47a9ba3c856590957fd1d96dc588bf3ac05719d247e126840331f?s=96&d=mm&r=g","contentUrl":"https:\/\/secure.gravatar.com\/avatar\/7c5bd30ae4b47a9ba3c856590957fd1d96dc588bf3ac05719d247e126840331f?s=96&d=mm&r=g","caption":"libna"}}]}},"_links":{"self":[{"href":"https:\/\/interamerica.org\/fr\/wp-json\/wp\/v2\/posts\/45826","targetHints":{"allow":["GET"]}}],"collection":[{"href":"https:\/\/interamerica.org\/fr\/wp-json\/wp\/v2\/posts"}],"about":[{"href":"https:\/\/interamerica.org\/fr\/wp-json\/wp\/v2\/types\/post"}],"author":[{"embeddable":true,"href":"https:\/\/interamerica.org\/fr\/wp-json\/wp\/v2\/users\/3"}],"replies":[{"embeddable":true,"href":"https:\/\/interamerica.org\/fr\/wp-json\/wp\/v2\/comments?post=45826"}],"version-history":[{"count":0,"href":"https:\/\/interamerica.org\/fr\/wp-json\/wp\/v2\/posts\/45826\/revisions"}],"wp:featuredmedia":[{"embeddable":true,"href":"https:\/\/interamerica.org\/fr\/wp-json\/wp\/v2\/media\/45774"}],"wp:attachment":[{"href":"https:\/\/interamerica.org\/fr\/wp-json\/wp\/v2\/media?parent=45826"}],"wp:term":[{"taxonomy":"category","embeddable":true,"href":"https:\/\/interamerica.org\/fr\/wp-json\/wp\/v2\/categories?post=45826"},{"taxonomy":"post_tag","embeddable":true,"href":"https:\/\/interamerica.org\/fr\/wp-json\/wp\/v2\/tags?post=45826"}],"curies":[{"name":"wp","href":"https:\/\/api.w.org\/{rel}","templated":true}]}}