{"id":45885,"date":"2019-01-04T09:32:05","date_gmt":"2019-01-04T13:32:05","guid":{"rendered":"https:\/\/recursing-golick.147-182-135-0.plesk.page\/?p=45885"},"modified":"2019-01-07T06:36:44","modified_gmt":"2019-01-07T10:36:44","slug":"apres-deux-ans-une-eglise-locale-a-cuba-est-une-congregation-florissante","status":"publish","type":"post","link":"https:\/\/interamerica.org\/fr\/2019\/01\/apres-deux-ans-une-eglise-locale-a-cuba-est-une-congregation-florissante\/","title":{"rendered":"Apr\u00e8s deux ans, une \u00e9glise locale \u00e0 Cuba est une congr\u00e9gation florissante"},"content":{"rendered":"<p><span class=\"byline-news\">3 Janvier 2019 | Californie, \u00c9tats-Unis | Maranatha Volunteers International et <em>Adventist Review<\/em><\/span><\/p>\n<p><span class=\"cap\">A<\/span>lors que l\u2019\u00e9glise Adventiste du septi\u00e8me jour de C\u00e1rdenas \u00e0 C\u00e1rdenas, \u00e0 Cuba, approche de son deuxi\u00e8me anniversaire, la congr\u00e9gation est florissante, selon un rapport du Minist\u00e8re International de Maranatha. Maranatha, un minist\u00e8re annexe de l\u2019\u00c9glise Adventiste du septi\u00e8me jour, a jou\u00e9 un r\u00f4le d\u00e9terminant dans le d\u00e9veloppement du projet d\u2019\u00e9glise adventiste locale dans cette ville.<\/p>\n<p>Les dirigeants locaux de l\u2019\u00e9glise ont fait \u00e9tat de 25 bapt\u00eames dans une ville et une r\u00e9gion o\u00f9 l\u2019\u00e9glise avait du mal \u00e0 se d\u00e9velopper par le pass\u00e9. Maintenant, les habitants de la ville affluent pour assister aux r\u00e9unions d\u2019\u00e9vang\u00e9lisation dans la nouvelle \u00e9glise et profitent des avantages des initiatives d\u2019actions communautaires mises en place par les membres locaux.<\/p>\n<p>R\u00e9cemment, les responsables et les membres d\u2019\u00e9glise ont lanc\u00e9 un programme visant \u00e0 fournir de l\u2019eau potable \u00e0 leurs voisins, a indiqu\u00e9 Maranatha. \u00ab Plus t\u00f4t cette ann\u00e9e, la congr\u00e9gation a investi dans un syst\u00e8me de filtration d\u2019eau et l\u2019a install\u00e9 sur le site de l\u2019\u00e9glise, \u00bb indique le rapport. \u00ab Maintenant, l\u2019\u00e9glise ouvre \u00e0 la communaut\u00e9 la zone o\u00f9 se trouve la pompe qui distribue l\u2019eau, plusieurs fois par semaine, pour permettre aux gens de r\u00e9cup\u00e9rer gratuitement de l\u2019eau filtr\u00e9e. L\u2019initiative a \u00e9t\u00e9 un moyen efficace de servir la communaut\u00e9 et d\u2019offrir des possibilit\u00e9s d\u2019interactions positives. \u00bb<\/p>\n<p>Maranatha a commenc\u00e9 la construction de l\u2019\u00e9glise de C\u00e1rdenas en 2016, apr\u00e8s avoir attendu plus de 20 ans que le gouvernement cubain accorde des permis de construire. L\u2019\u00e9glise a \u00e9t\u00e9 <a href=\"https:\/\/www.adventistreview.org\/church-news\/story5017-after-decades-of-prayer,-adventists-dedicate-largest-church-ever-in-cuba\" target=\"_blank\" rel=\"noopener\">achev\u00e9e et inaugur\u00e9e <\/a> en avril 2017. Le b\u00e2timent couvre une superficie de 1114 m\u00e8tres carr\u00e9s et peut accueillir 500 personnes dans le sanctuaire principal, et des personnes suppl\u00e9mentaires au deuxi\u00e8me \u00e9tage. Il y a d\u2019autres pi\u00e8ces comme les salles de l\u2019\u00e9cole du sabbat, une salle de rencontre sociale, des salles de bain et m\u00eame des douches.<\/p>\n<p>Le b\u00e2timent a \u00e9t\u00e9 con\u00e7u pour organiser le culte pour la congr\u00e9gation locale tout en servant \u00e9galement de site pour les convocations et les retraites. Il est fr\u00e9quemment utilis\u00e9 par la f\u00e9d\u00e9ration locale et par l\u2019Union de F\u00e9d\u00e9rations Cubaine de l\u2019\u00c9glise Adventiste.<\/p>\n<p>Auparavant, la congr\u00e9gation se r\u00e9unissait dans un petit b\u00e2timent, \u00e0 peu pr\u00e8s de la taille d\u2019un garage pour deux voitures aux \u00c9tats-Unis.<\/p>\n<p>C\u00e1rdenas est l\u2019un des quelque 200 projets que Maranatha a r\u00e9alis\u00e9s \u00e0 Cuba. Actuellement, Maranatha aide \u00e0 la r\u00e9novation d\u2019une \u00e9glise Adventiste \u00e0 San Antonio de Los Ba\u00f1os, situ\u00e9e \u00e0 26 km de La Havane.<\/p>\n<p><em>La version originale de ce <\/em><a href=\"https:\/\/maranatha.org\/news-events\/cuba-church-thriving\/#.XCyOklxKhPY\" target=\"_blank\" rel=\"noopener\"><em>r\u00e9cit<\/em><\/a><em> a \u00e9t\u00e9 publi\u00e9e par <\/em><a href=\"https:\/\/maranatha.org\/\" target=\"_blank\" rel=\"noopener\"><em>Maranatha Volunteers International<\/em><\/a><em>.<\/em><\/p>\n<p>Traduction: Patrick Luciathe<\/p>\n","protected":false},"excerpt":{"rendered":"<p>3 Janvier 2019 | Californie, \u00c9tats-Unis | Maranatha Volunteers International et Adventist Review Alors que l\u2019\u00e9glise Adventiste du septi\u00e8me jour de C\u00e1rdenas \u00e0 C\u00e1rdenas, \u00e0 Cuba, approche de son deuxi\u00e8me&#8230;<\/p>\n","protected":false},"author":3,"featured_media":35731,"comment_status":"open","ping_status":"closed","sticky":false,"template":"","format":"standard","meta":{"_acf_changed":false,"footnotes":""},"categories":[18,19],"tags":[],"class_list":["post-45885","post","type-post","status-publish","format-standard","has-post-thumbnail","hentry","category-nouvelles-de-leglise-mondiale","category-rss-francais"],"acf":[],"yoast_head":"<!-- This site is optimized with the Yoast SEO plugin v27.3 - https:\/\/yoast.com\/product\/yoast-seo-wordpress\/ -->\n<title>Apr\u00e8s deux ans, une \u00e9glise locale \u00e0 Cuba est une congr\u00e9gation florissante - \u00c9glise Adventiste Du Septieme Jour - Inter Am\u00e9rique Division<\/title>\n<meta name=\"robots\" content=\"index, follow, max-snippet:-1, max-image-preview:large, max-video-preview:-1\" \/>\n<link rel=\"canonical\" href=\"https:\/\/interamerica.org\/fr\/2019\/01\/apres-deux-ans-une-eglise-locale-a-cuba-est-une-congregation-florissante\/\" \/>\n<meta property=\"og:locale\" content=\"fr_FR\" \/>\n<meta property=\"og:type\" content=\"article\" \/>\n<meta property=\"og:title\" content=\"Apr\u00e8s deux ans, une \u00e9glise locale \u00e0 Cuba est une congr\u00e9gation florissante - \u00c9glise Adventiste Du Septieme Jour - Inter Am\u00e9rique Division\" \/>\n<meta property=\"og:description\" content=\"3 Janvier 2019 | Californie, \u00c9tats-Unis | Maranatha Volunteers International et Adventist Review Alors que l\u2019\u00e9glise Adventiste du septi\u00e8me jour de C\u00e1rdenas \u00e0 C\u00e1rdenas, \u00e0 Cuba, approche de son deuxi\u00e8me...\" \/>\n<meta property=\"og:url\" content=\"https:\/\/interamerica.org\/fr\/2019\/01\/apres-deux-ans-une-eglise-locale-a-cuba-est-une-congregation-florissante\/\" \/>\n<meta property=\"og:site_name\" content=\"\u00c9glise Adventiste Du Septieme Jour - Inter Am\u00e9rique Division\" \/>\n<meta property=\"article:published_time\" content=\"2019-01-04T13:32:05+00:00\" \/>\n<meta property=\"article:modified_time\" content=\"2019-01-07T10:36:44+00:00\" \/>\n<meta property=\"og:image\" content=\"https:\/\/interamerica.org\/wp-content\/uploads\/2017\/04\/News_Cardenas_042017.jpg\" \/>\n\t<meta property=\"og:image:width\" content=\"1280\" \/>\n\t<meta property=\"og:image:height\" content=\"800\" \/>\n\t<meta property=\"og:image:type\" content=\"image\/jpeg\" \/>\n<meta name=\"author\" content=\"libna\" \/>\n<meta name=\"twitter:card\" content=\"summary_large_image\" \/>\n<meta name=\"twitter:label1\" content=\"\u00c9crit par\" \/>\n\t<meta name=\"twitter:data1\" content=\"libna\" \/>\n\t<meta name=\"twitter:label2\" content=\"Dur\u00e9e de lecture estim\u00e9e\" \/>\n\t<meta name=\"twitter:data2\" content=\"2 minutes\" \/>\n<script type=\"application\/ld+json\" class=\"yoast-schema-graph\">{\"@context\":\"https:\\\/\\\/schema.org\",\"@graph\":[{\"@type\":\"Article\",\"@id\":\"https:\\\/\\\/interamerica.org\\\/fr\\\/2019\\\/01\\\/apres-deux-ans-une-eglise-locale-a-cuba-est-une-congregation-florissante\\\/#article\",\"isPartOf\":{\"@id\":\"https:\\\/\\\/interamerica.org\\\/fr\\\/2019\\\/01\\\/apres-deux-ans-une-eglise-locale-a-cuba-est-une-congregation-florissante\\\/\"},\"author\":{\"name\":\"libna\",\"@id\":\"https:\\\/\\\/interamerica.org\\\/fr\\\/#\\\/schema\\\/person\\\/29998f2bc2d8bd0d38662909289b54f1\"},\"headline\":\"Apr\u00e8s deux ans, une \u00e9glise locale \u00e0 Cuba est une congr\u00e9gation florissante\",\"datePublished\":\"2019-01-04T13:32:05+00:00\",\"dateModified\":\"2019-01-07T10:36:44+00:00\",\"mainEntityOfPage\":{\"@id\":\"https:\\\/\\\/interamerica.org\\\/fr\\\/2019\\\/01\\\/apres-deux-ans-une-eglise-locale-a-cuba-est-une-congregation-florissante\\\/\"},\"wordCount\":496,\"commentCount\":0,\"image\":{\"@id\":\"https:\\\/\\\/interamerica.org\\\/fr\\\/2019\\\/01\\\/apres-deux-ans-une-eglise-locale-a-cuba-est-une-congregation-florissante\\\/#primaryimage\"},\"thumbnailUrl\":\"https:\\\/\\\/interamerica.org\\\/wp-content\\\/uploads\\\/2017\\\/04\\\/News_Cardenas_042017.jpg\",\"articleSection\":[\"Nouvelles de l'\u00c9glise mondiale\",\"RSS Fran\u00e7ais\"],\"inLanguage\":\"fr-FR\",\"potentialAction\":[{\"@type\":\"CommentAction\",\"name\":\"Comment\",\"target\":[\"https:\\\/\\\/interamerica.org\\\/fr\\\/2019\\\/01\\\/apres-deux-ans-une-eglise-locale-a-cuba-est-une-congregation-florissante\\\/#respond\"]}]},{\"@type\":\"WebPage\",\"@id\":\"https:\\\/\\\/interamerica.org\\\/fr\\\/2019\\\/01\\\/apres-deux-ans-une-eglise-locale-a-cuba-est-une-congregation-florissante\\\/\",\"url\":\"https:\\\/\\\/interamerica.org\\\/fr\\\/2019\\\/01\\\/apres-deux-ans-une-eglise-locale-a-cuba-est-une-congregation-florissante\\\/\",\"name\":\"Apr\u00e8s deux ans, une \u00e9glise locale \u00e0 Cuba est une congr\u00e9gation florissante - \u00c9glise Adventiste Du Septieme Jour - Inter Am\u00e9rique Division\",\"isPartOf\":{\"@id\":\"https:\\\/\\\/interamerica.org\\\/fr\\\/#website\"},\"primaryImageOfPage\":{\"@id\":\"https:\\\/\\\/interamerica.org\\\/fr\\\/2019\\\/01\\\/apres-deux-ans-une-eglise-locale-a-cuba-est-une-congregation-florissante\\\/#primaryimage\"},\"image\":{\"@id\":\"https:\\\/\\\/interamerica.org\\\/fr\\\/2019\\\/01\\\/apres-deux-ans-une-eglise-locale-a-cuba-est-une-congregation-florissante\\\/#primaryimage\"},\"thumbnailUrl\":\"https:\\\/\\\/interamerica.org\\\/wp-content\\\/uploads\\\/2017\\\/04\\\/News_Cardenas_042017.jpg\",\"datePublished\":\"2019-01-04T13:32:05+00:00\",\"dateModified\":\"2019-01-07T10:36:44+00:00\",\"author\":{\"@id\":\"https:\\\/\\\/interamerica.org\\\/fr\\\/#\\\/schema\\\/person\\\/29998f2bc2d8bd0d38662909289b54f1\"},\"breadcrumb\":{\"@id\":\"https:\\\/\\\/interamerica.org\\\/fr\\\/2019\\\/01\\\/apres-deux-ans-une-eglise-locale-a-cuba-est-une-congregation-florissante\\\/#breadcrumb\"},\"inLanguage\":\"fr-FR\",\"potentialAction\":[{\"@type\":\"ReadAction\",\"target\":[\"https:\\\/\\\/interamerica.org\\\/fr\\\/2019\\\/01\\\/apres-deux-ans-une-eglise-locale-a-cuba-est-une-congregation-florissante\\\/\"]}]},{\"@type\":\"ImageObject\",\"inLanguage\":\"fr-FR\",\"@id\":\"https:\\\/\\\/interamerica.org\\\/fr\\\/2019\\\/01\\\/apres-deux-ans-une-eglise-locale-a-cuba-est-une-congregation-florissante\\\/#primaryimage\",\"url\":\"https:\\\/\\\/interamerica.org\\\/wp-content\\\/uploads\\\/2017\\\/04\\\/News_Cardenas_042017.jpg\",\"contentUrl\":\"https:\\\/\\\/interamerica.org\\\/wp-content\\\/uploads\\\/2017\\\/04\\\/News_Cardenas_042017.jpg\",\"width\":1280,\"height\":800},{\"@type\":\"BreadcrumbList\",\"@id\":\"https:\\\/\\\/interamerica.org\\\/fr\\\/2019\\\/01\\\/apres-deux-ans-une-eglise-locale-a-cuba-est-une-congregation-florissante\\\/#breadcrumb\",\"itemListElement\":[{\"@type\":\"ListItem\",\"position\":1,\"name\":\"Home\",\"item\":\"https:\\\/\\\/interamerica.org\\\/fr\\\/\"},{\"@type\":\"ListItem\",\"position\":2,\"name\":\"Apr\u00e8s deux ans, une \u00e9glise locale \u00e0 Cuba est une congr\u00e9gation florissante\"}]},{\"@type\":\"WebSite\",\"@id\":\"https:\\\/\\\/interamerica.org\\\/fr\\\/#website\",\"url\":\"https:\\\/\\\/interamerica.org\\\/fr\\\/\",\"name\":\"\u00c9glise Adventiste Du Septieme Jour - Inter Am\u00e9rique Division\",\"description\":\"\",\"potentialAction\":[{\"@type\":\"SearchAction\",\"target\":{\"@type\":\"EntryPoint\",\"urlTemplate\":\"https:\\\/\\\/interamerica.org\\\/fr\\\/?s={search_term_string}\"},\"query-input\":{\"@type\":\"PropertyValueSpecification\",\"valueRequired\":true,\"valueName\":\"search_term_string\"}}],\"inLanguage\":\"fr-FR\"},{\"@type\":\"Person\",\"@id\":\"https:\\\/\\\/interamerica.org\\\/fr\\\/#\\\/schema\\\/person\\\/29998f2bc2d8bd0d38662909289b54f1\",\"name\":\"libna\",\"image\":{\"@type\":\"ImageObject\",\"inLanguage\":\"fr-FR\",\"@id\":\"https:\\\/\\\/secure.gravatar.com\\\/avatar\\\/7c5bd30ae4b47a9ba3c856590957fd1d96dc588bf3ac05719d247e126840331f?s=96&d=mm&r=g\",\"url\":\"https:\\\/\\\/secure.gravatar.com\\\/avatar\\\/7c5bd30ae4b47a9ba3c856590957fd1d96dc588bf3ac05719d247e126840331f?s=96&d=mm&r=g\",\"contentUrl\":\"https:\\\/\\\/secure.gravatar.com\\\/avatar\\\/7c5bd30ae4b47a9ba3c856590957fd1d96dc588bf3ac05719d247e126840331f?s=96&d=mm&r=g\",\"caption\":\"libna\"}}]}<\/script>\n<!-- \/ Yoast SEO plugin. -->","yoast_head_json":{"title":"Apr\u00e8s deux ans, une \u00e9glise locale \u00e0 Cuba est une congr\u00e9gation florissante - \u00c9glise Adventiste Du Septieme Jour - Inter Am\u00e9rique Division","robots":{"index":"index","follow":"follow","max-snippet":"max-snippet:-1","max-image-preview":"max-image-preview:large","max-video-preview":"max-video-preview:-1"},"canonical":"https:\/\/interamerica.org\/fr\/2019\/01\/apres-deux-ans-une-eglise-locale-a-cuba-est-une-congregation-florissante\/","og_locale":"fr_FR","og_type":"article","og_title":"Apr\u00e8s deux ans, une \u00e9glise locale \u00e0 Cuba est une congr\u00e9gation florissante - \u00c9glise Adventiste Du Septieme Jour - Inter Am\u00e9rique Division","og_description":"3 Janvier 2019 | Californie, \u00c9tats-Unis | Maranatha Volunteers International et Adventist Review Alors que l\u2019\u00e9glise Adventiste du septi\u00e8me jour de C\u00e1rdenas \u00e0 C\u00e1rdenas, \u00e0 Cuba, approche de son deuxi\u00e8me...","og_url":"https:\/\/interamerica.org\/fr\/2019\/01\/apres-deux-ans-une-eglise-locale-a-cuba-est-une-congregation-florissante\/","og_site_name":"\u00c9glise Adventiste Du Septieme Jour - Inter Am\u00e9rique Division","article_published_time":"2019-01-04T13:32:05+00:00","article_modified_time":"2019-01-07T10:36:44+00:00","og_image":[{"width":1280,"height":800,"url":"https:\/\/interamerica.org\/wp-content\/uploads\/2017\/04\/News_Cardenas_042017.jpg","type":"image\/jpeg"}],"author":"libna","twitter_card":"summary_large_image","twitter_misc":{"\u00c9crit par":"libna","Dur\u00e9e de lecture estim\u00e9e":"2 minutes"},"schema":{"@context":"https:\/\/schema.org","@graph":[{"@type":"Article","@id":"https:\/\/interamerica.org\/fr\/2019\/01\/apres-deux-ans-une-eglise-locale-a-cuba-est-une-congregation-florissante\/#article","isPartOf":{"@id":"https:\/\/interamerica.org\/fr\/2019\/01\/apres-deux-ans-une-eglise-locale-a-cuba-est-une-congregation-florissante\/"},"author":{"name":"libna","@id":"https:\/\/interamerica.org\/fr\/#\/schema\/person\/29998f2bc2d8bd0d38662909289b54f1"},"headline":"Apr\u00e8s deux ans, une \u00e9glise locale \u00e0 Cuba est une congr\u00e9gation florissante","datePublished":"2019-01-04T13:32:05+00:00","dateModified":"2019-01-07T10:36:44+00:00","mainEntityOfPage":{"@id":"https:\/\/interamerica.org\/fr\/2019\/01\/apres-deux-ans-une-eglise-locale-a-cuba-est-une-congregation-florissante\/"},"wordCount":496,"commentCount":0,"image":{"@id":"https:\/\/interamerica.org\/fr\/2019\/01\/apres-deux-ans-une-eglise-locale-a-cuba-est-une-congregation-florissante\/#primaryimage"},"thumbnailUrl":"https:\/\/interamerica.org\/wp-content\/uploads\/2017\/04\/News_Cardenas_042017.jpg","articleSection":["Nouvelles de l'\u00c9glise mondiale","RSS Fran\u00e7ais"],"inLanguage":"fr-FR","potentialAction":[{"@type":"CommentAction","name":"Comment","target":["https:\/\/interamerica.org\/fr\/2019\/01\/apres-deux-ans-une-eglise-locale-a-cuba-est-une-congregation-florissante\/#respond"]}]},{"@type":"WebPage","@id":"https:\/\/interamerica.org\/fr\/2019\/01\/apres-deux-ans-une-eglise-locale-a-cuba-est-une-congregation-florissante\/","url":"https:\/\/interamerica.org\/fr\/2019\/01\/apres-deux-ans-une-eglise-locale-a-cuba-est-une-congregation-florissante\/","name":"Apr\u00e8s deux ans, une \u00e9glise locale \u00e0 Cuba est une congr\u00e9gation florissante - \u00c9glise Adventiste Du Septieme Jour - Inter Am\u00e9rique Division","isPartOf":{"@id":"https:\/\/interamerica.org\/fr\/#website"},"primaryImageOfPage":{"@id":"https:\/\/interamerica.org\/fr\/2019\/01\/apres-deux-ans-une-eglise-locale-a-cuba-est-une-congregation-florissante\/#primaryimage"},"image":{"@id":"https:\/\/interamerica.org\/fr\/2019\/01\/apres-deux-ans-une-eglise-locale-a-cuba-est-une-congregation-florissante\/#primaryimage"},"thumbnailUrl":"https:\/\/interamerica.org\/wp-content\/uploads\/2017\/04\/News_Cardenas_042017.jpg","datePublished":"2019-01-04T13:32:05+00:00","dateModified":"2019-01-07T10:36:44+00:00","author":{"@id":"https:\/\/interamerica.org\/fr\/#\/schema\/person\/29998f2bc2d8bd0d38662909289b54f1"},"breadcrumb":{"@id":"https:\/\/interamerica.org\/fr\/2019\/01\/apres-deux-ans-une-eglise-locale-a-cuba-est-une-congregation-florissante\/#breadcrumb"},"inLanguage":"fr-FR","potentialAction":[{"@type":"ReadAction","target":["https:\/\/interamerica.org\/fr\/2019\/01\/apres-deux-ans-une-eglise-locale-a-cuba-est-une-congregation-florissante\/"]}]},{"@type":"ImageObject","inLanguage":"fr-FR","@id":"https:\/\/interamerica.org\/fr\/2019\/01\/apres-deux-ans-une-eglise-locale-a-cuba-est-une-congregation-florissante\/#primaryimage","url":"https:\/\/interamerica.org\/wp-content\/uploads\/2017\/04\/News_Cardenas_042017.jpg","contentUrl":"https:\/\/interamerica.org\/wp-content\/uploads\/2017\/04\/News_Cardenas_042017.jpg","width":1280,"height":800},{"@type":"BreadcrumbList","@id":"https:\/\/interamerica.org\/fr\/2019\/01\/apres-deux-ans-une-eglise-locale-a-cuba-est-une-congregation-florissante\/#breadcrumb","itemListElement":[{"@type":"ListItem","position":1,"name":"Home","item":"https:\/\/interamerica.org\/fr\/"},{"@type":"ListItem","position":2,"name":"Apr\u00e8s deux ans, une \u00e9glise locale \u00e0 Cuba est une congr\u00e9gation florissante"}]},{"@type":"WebSite","@id":"https:\/\/interamerica.org\/fr\/#website","url":"https:\/\/interamerica.org\/fr\/","name":"\u00c9glise Adventiste Du Septieme Jour - Inter Am\u00e9rique Division","description":"","potentialAction":[{"@type":"SearchAction","target":{"@type":"EntryPoint","urlTemplate":"https:\/\/interamerica.org\/fr\/?s={search_term_string}"},"query-input":{"@type":"PropertyValueSpecification","valueRequired":true,"valueName":"search_term_string"}}],"inLanguage":"fr-FR"},{"@type":"Person","@id":"https:\/\/interamerica.org\/fr\/#\/schema\/person\/29998f2bc2d8bd0d38662909289b54f1","name":"libna","image":{"@type":"ImageObject","inLanguage":"fr-FR","@id":"https:\/\/secure.gravatar.com\/avatar\/7c5bd30ae4b47a9ba3c856590957fd1d96dc588bf3ac05719d247e126840331f?s=96&d=mm&r=g","url":"https:\/\/secure.gravatar.com\/avatar\/7c5bd30ae4b47a9ba3c856590957fd1d96dc588bf3ac05719d247e126840331f?s=96&d=mm&r=g","contentUrl":"https:\/\/secure.gravatar.com\/avatar\/7c5bd30ae4b47a9ba3c856590957fd1d96dc588bf3ac05719d247e126840331f?s=96&d=mm&r=g","caption":"libna"}}]}},"_links":{"self":[{"href":"https:\/\/interamerica.org\/fr\/wp-json\/wp\/v2\/posts\/45885","targetHints":{"allow":["GET"]}}],"collection":[{"href":"https:\/\/interamerica.org\/fr\/wp-json\/wp\/v2\/posts"}],"about":[{"href":"https:\/\/interamerica.org\/fr\/wp-json\/wp\/v2\/types\/post"}],"author":[{"embeddable":true,"href":"https:\/\/interamerica.org\/fr\/wp-json\/wp\/v2\/users\/3"}],"replies":[{"embeddable":true,"href":"https:\/\/interamerica.org\/fr\/wp-json\/wp\/v2\/comments?post=45885"}],"version-history":[{"count":0,"href":"https:\/\/interamerica.org\/fr\/wp-json\/wp\/v2\/posts\/45885\/revisions"}],"wp:featuredmedia":[{"embeddable":true,"href":"https:\/\/interamerica.org\/fr\/wp-json\/wp\/v2\/media\/35731"}],"wp:attachment":[{"href":"https:\/\/interamerica.org\/fr\/wp-json\/wp\/v2\/media?parent=45885"}],"wp:term":[{"taxonomy":"category","embeddable":true,"href":"https:\/\/interamerica.org\/fr\/wp-json\/wp\/v2\/categories?post=45885"},{"taxonomy":"post_tag","embeddable":true,"href":"https:\/\/interamerica.org\/fr\/wp-json\/wp\/v2\/tags?post=45885"}],"curies":[{"name":"wp","href":"https:\/\/api.w.org\/{rel}","templated":true}]}}