{"id":47254,"date":"2019-02-28T05:24:23","date_gmt":"2019-02-28T09:24:23","guid":{"rendered":"https:\/\/recursing-golick.147-182-135-0.plesk.page\/?p=47254"},"modified":"2019-03-11T12:08:31","modified_gmt":"2019-03-11T16:08:31","slug":"les-responsables-de-communication-adventistes-font-en-sorte-de-mieux-atteindre-les-anciennes-et-nouvelles-generations","status":"publish","type":"post","link":"https:\/\/interamerica.org\/fr\/2019\/02\/les-responsables-de-communication-adventistes-font-en-sorte-de-mieux-atteindre-les-anciennes-et-nouvelles-generations\/","title":{"rendered":"Les responsables de communication adventistes font en sorte de mieux atteindre les anciennes et nouvelles g\u00e9n\u00e9rations"},"content":{"rendered":"<div id=\"attachment_47206\" style=\"width: 812px\" class=\"wp-caption aligncenter\"><img fetchpriority=\"high\" decoding=\"async\" aria-describedby=\"caption-attachment-47206\" class=\" wp-image-47206\" src=\"https:\/\/recursing-golick.147-182-135-0.plesk.page\/wp-content\/uploads\/2019\/02\/adventist-communicators-gear-up-to-better-reach-older-and-new-generations-1024x640.jpg\" alt=\"\" width=\"802\" height=\"501\" srcset=\"https:\/\/interamerica.org\/wp-content\/uploads\/2019\/02\/adventist-communicators-gear-up-to-better-reach-older-and-new-generations-1024x640.jpg 1024w, https:\/\/interamerica.org\/wp-content\/uploads\/2019\/02\/adventist-communicators-gear-up-to-better-reach-older-and-new-generations-300x188.jpg 300w, https:\/\/interamerica.org\/wp-content\/uploads\/2019\/02\/adventist-communicators-gear-up-to-better-reach-older-and-new-generations-768x480.jpg 768w, https:\/\/interamerica.org\/wp-content\/uploads\/2019\/02\/adventist-communicators-gear-up-to-better-reach-older-and-new-generations.jpg 1280w\" sizes=\"(max-width: 802px) 100vw, 802px\" \/><p id=\"caption-attachment-47206\" class=\"wp-caption-text\">Le directeur du Adventist Review Media Lab, Daryl Gungadoo, place des lunettes de r\u00e9alit\u00e9 virtuelle sur le visage d\u2019un volontaire lors de l\u2019\u00e9dition 2019 de la conf\u00e9rence du R\u00e9seau Mondial Adventiste d\u2019Internet (GAiN), pour d\u00e9montrer les possibilit\u00e9s qu\u2019offrent les nouvelles technologies pour atteindre les nouvelles g\u00e9n\u00e9rations. Photo de Joshua Safari, ADRA ECD<\/p><\/div>\n<p>27 F\u00e9vrier 2019 | Sweimeh, Jordanie | Marcos Paseggi, Adventist Review<\/p>\n<p>Les professionnels de la communication Adventistes du septi\u00e8me jour ont une voix importante et ne devraient m\u00e9nager aucun effort pour mieux toucher les anciennes et nouvelles g\u00e9n\u00e9rations. C\u2019est ce qui est au c\u0153ur de l\u2019\u00e9dition 2019 de la conf\u00e9rence du R\u00e9seau Mondial Adventiste d\u2019Internet (GAiN) qui se tient \u00e0 Sweimeh, en Jordanie, et qui a officiellement d\u00e9but\u00e9 le 25 f\u00e9vrier.<\/p>\n<p>Le programme a r\u00e9uni des centaines de directeurs de la communication, de photographes, de vid\u00e9astes, de producteurs radio et de r\u00e9dacteurs d\u2019informations qui travaillent pour l\u2019\u00c9glise adventiste, pour plusieurs jours de formation, de r\u00e9seautage et de rencontres administratives.<\/p>\n<p>Le th\u00e8me choisi pour cette ann\u00e9e est \u00ab 20 pour 7 : Trouver Notre Voix,\u00a0\u00bb une allusion aux plus de 20 millions de membres adventistes baptis\u00e9s dans le monde entier et \u00e0 leurs efforts missionnaires visant \u00e0 \u00e9tablir des liens avec les plus de 7 milliards de personnes vivant actuellement sur notre plan\u00e8te.<\/p>\n<p>\u00ab Nous avons une voix, et nous devons l\u2019utiliser, \u00bb a d\u00e9clar\u00e9 le directeur de la communication de l\u2019\u00c9glise adventiste, Williams Costa Jr., en souhaitant la bienvenue aux visiteurs dans le Centre de Convention ultramoderne King Hussein bin Talal, au bord de la Mer Morte. \u00ab Imaginez ce qui pourrait se produire si chaque membre s\u2019impliquait dans la proclamation du puissant message d\u2019esp\u00e9rance et de gu\u00e9rison que nous avons re\u00e7u. \u00bb<\/p>\n<div id=\"attachment_47209\" style=\"width: 813px\" class=\"wp-caption aligncenter\"><img decoding=\"async\" aria-describedby=\"caption-attachment-47209\" class=\" wp-image-47209\" src=\"https:\/\/recursing-golick.147-182-135-0.plesk.page\/wp-content\/uploads\/2019\/02\/gain-virtualreality.jpg\" alt=\"\" width=\"803\" height=\"535\" srcset=\"https:\/\/interamerica.org\/wp-content\/uploads\/2019\/02\/gain-virtualreality.jpg 1000w, https:\/\/interamerica.org\/wp-content\/uploads\/2019\/02\/gain-virtualreality-300x200.jpg 300w, https:\/\/interamerica.org\/wp-content\/uploads\/2019\/02\/gain-virtualreality-768x511.jpg 768w\" sizes=\"(max-width: 803px) 100vw, 803px\" \/><p id=\"caption-attachment-47209\" class=\"wp-caption-text\">Le directeur du Adventist Review Media Lab, Daryl Gungadoo, pr\u00e9sente certaines des cartes graphiques sp\u00e9cialis\u00e9es qui peuvent \u00eatre utilis\u00e9es pour d\u00e9velopper des exp\u00e9riences immersives compl\u00e8tes en R\u00e9alit\u00e9 Virtuelle et en R\u00e9alit\u00e9 Augment\u00e9e. Daryl Gungadoo intervenait lors de l\u2019\u00e9dition 2019 de la conf\u00e9rence du R\u00e9seau Mondial Adventiste d\u2019Internet (GAiN) qui se tient \u00e0 Sweimeh, en Jordanie. Photo de Joshua Safari, ADRA ECD<\/p><\/div>\n<p><strong>Besoin d\u2019Expertise<\/strong><\/p>\n<p>Trouver des moyens de mieux toucher les gens de tous les coins du monde exige toutefois plus que des v\u0153ux pieux, ont d\u00e9clar\u00e9 les experts adventistes en communication. Cela demande que l\u2019on accepte de relever les d\u00e9fis pos\u00e9s par les technologies contemporaines en constante \u00e9volution, les r\u00e9alit\u00e9s d\u00e9mographiques sp\u00e9cifiques et bien plus encore. Cela va de quelque chose d\u2019aussi banal que le choix du bon \u00e9quipement pour un projet en particulier, \u00e0 la capacit\u00e9 de faire le maximum avec votre budget, ou au fait de s\u2019adapter \u00e0 de nouveaux logiciels et \u00e0 de nouvelles applications, ont-ils soulign\u00e9.<\/p>\n<p>\u00ab\u00a0Pour un photographe et un vid\u00e9aste, choisir la bonne cam\u00e9ra est une d\u00e9cision importante, et une des premi\u00e8res que vous aurez \u00e0 prendre lorsque vous d\u00e9marrez un projet,\u00a0\u00bb a d\u00e9clar\u00e9 Earley Simon, un producteur vid\u00e9o travaillant pour le Bureau de Mission Adventiste, au si\u00e8ge de l\u2019\u00e9glise mondiale. Earley Simon, qui voyage r\u00e9guli\u00e8rement dans le monde entier pour tourner des r\u00e9cits missionnaires qui sont ensuite partag\u00e9s avec les membres d\u2019\u00e9glise \u00e0 travers le monde, a d\u00e9clar\u00e9 que dans son cas, la flexibilit\u00e9 et la portabilit\u00e9 du mat\u00e9riel sont primordiales. \u00ab Voyager l\u00e9ger est tr\u00e8s important, \u00bb a-t-il dit en expliquant qu\u2019il se retrouve souvent \u00e0 tourner dans des endroits \u00e9loign\u00e9s et difficiles d\u2019acc\u00e8s. \u00ab\u00a0Et vous devez comprendre la raison pour laquelle vous utilisez la cam\u00e9ra.\u00a0\u00bb<\/p>\n<p>Les consid\u00e9rations budg\u00e9taires et pratiques sont \u00e9galement importantes, a soulign\u00e9 Earley Simon. Le producteur de ARtv, Andre Brink, est du m\u00eame avis. \u00ab Vous ne pouvez pas \u00eatre une personne fid\u00e8le \u00e0 une marque dans cet environnement. D\u00e9pensez ce qui est n\u00e9cessaire, mais ne d\u00e9pensez pas trop, \u201d a d\u00e9clar\u00e9 Andre Brink, qui a \u00e9galement conseill\u00e9 de vendre p\u00e9riodiquement du mat\u00e9riel pour faire l\u2019acquisition de nouveaux \u00e9l\u00e9ments afin d\u2019\u00eatre \u00e0 jour.<\/p>\n<p>Les participants \u00e0 la conf\u00e9rence ont \u00e9galement profit\u00e9 des messages enregistr\u00e9s envoy\u00e9s par Kyle Portbury, qui a r\u00e9alis\u00e9 en 2016 le film Tell the World (Dites-le au monde) qui retrace les d\u00e9buts de l\u2019adventisme, et Terry Benedict, un co-producteur du film \u00e0 succ\u00e8s Hacksaw Ridge sorti en 2016.<\/p>\n<p><strong>Du plus simple aux derni\u00e8res tendances<\/strong><\/p>\n<p>Cependant, les responsables de communication de l\u2019\u00e9glise n\u2019ont pas n\u00e9cessairement besoin des derniers gadgets pour produire un bon contenu vid\u00e9o, a indiqu\u00e9 la productrice en charge du num\u00e9rique au D\u00e9partement de la Communication, Emily Mastrapa. Elle a expliqu\u00e9 comment utiliser un smartphone pour cr\u00e9er des vid\u00e9os de haute qualit\u00e9, ce qui peut constituer un atout majeur pour les responsables de la communication dans l\u2019\u00e9glise locale ou pour ceux qui travaillent avec un budget limit\u00e9.<\/p>\n<div id=\"attachment_47212\" style=\"width: 602px\" class=\"wp-caption aligncenter\"><img decoding=\"async\" aria-describedby=\"caption-attachment-47212\" class=\" wp-image-47212\" src=\"https:\/\/recursing-golick.147-182-135-0.plesk.page\/wp-content\/uploads\/2019\/02\/gain-polygon-capture-670x1024.jpg\" alt=\"\" width=\"592\" height=\"905\" srcset=\"https:\/\/interamerica.org\/wp-content\/uploads\/2019\/02\/gain-polygon-capture-670x1024.jpg 670w, https:\/\/interamerica.org\/wp-content\/uploads\/2019\/02\/gain-polygon-capture-196x300.jpg 196w, https:\/\/interamerica.org\/wp-content\/uploads\/2019\/02\/gain-polygon-capture-768x1174.jpg 768w, https:\/\/interamerica.org\/wp-content\/uploads\/2019\/02\/gain-polygon-capture.jpg 1000w\" sizes=\"(max-width: 592px) 100vw, 592px\" \/><p id=\"caption-attachment-47212\" class=\"wp-caption-text\">Capture 3D polygonal de Raguel Cremades, montrant le processus de scannage qui pr\u00e9c\u00e8de la cr\u00e9ation d\u2019une image de R\u00e9alit\u00e9 Virtuelle \/ R\u00e9alit\u00e9 Augment\u00e9e. Raguel Cremades a accept\u00e9 de faire num\u00e9riser son visage lors de l\u2019\u00e9dition 2019 de la conf\u00e9rence du R\u00e9seau Mondial Adventiste d\u2019Internet (GAiN) qui se tient \u00e0 Sweimeh, en Jordanie. Photo de Daryl Gungadoo, Adventist Review Ministries<\/p><\/div>\n<p>\u00ab Tout le monde a un t\u00e9l\u00e9phone, \u00bb a-t-elle dit. \u00ab Les t\u00e9l\u00e9phones sont plus l\u00e9gers, moins chers, plus petits et on peut les utiliser pour publier instantan\u00e9ment. \u00bb Cependant, Emily Mastrapa a conseill\u00e9 aux responsables de la communication de tenir compte des probl\u00e8mes de son, d\u2019\u00e9clairage et de contenu li\u00e9s \u00e0 l\u2019enregistrement vid\u00e9o par t\u00e9l\u00e9phone. \u00ab Il existe du mat\u00e9riel portable et abordable que vous pouvez ajouter \u00e0 votre t\u00e9l\u00e9phone pour am\u00e9liorer votre projet, \u00bb<\/p>\n<p>a-t-elle d\u00e9clar\u00e9.<\/p>\n<p>En contraste, le directeur de Adventist Review Media Lab, Daryl Gungadoo, a pr\u00e9sent\u00e9 les derni\u00e8res tendances en mati\u00e8re de r\u00e9alit\u00e9 virtuelle (VR) et de r\u00e9alit\u00e9 augment\u00e9e (RA), ainsi que la mani\u00e8re dont elles peuvent \u00eatre utilis\u00e9es pour connecter des g\u00e9n\u00e9rations qui s\u2019y connaissent en mati\u00e8re de m\u00e9dias.<\/p>\n<p>\u00ab Il s\u2019agit d\u2019apprendre \u00e0 cr\u00e9er du contenu pour ces nouvelles plateformes en \u00e9volution, \u00bb a dit Daryl Gungadoo, qui a ensuite pr\u00e9sent\u00e9 un \u00e9chantillon de ce qui peut \u00eatre accompli. \u00ab\u00a0Vous pouvez m\u00eame utiliser la technologie des moteurs de jeu pour les transformer en plateformes de production pour la cr\u00e9ation de contenu [biblique et spirituel].\u00a0\u00bb<\/p>\n<p><strong>La Mission au Centre<\/strong><\/p>\n<p>Mais, que la technologie soit \u00e0 la mode ou d\u2019avant-garde, ont convenu les responsables de communication adventistes, la production de contenu ne devrait jamais \u00eatre une fin en soi. \u00ab Les entreprises qui vendent des cartes de cr\u00e9dit et des jeans savent comment vendre des choses aux gens, \u00bb a d\u00e9clar\u00e9 le vice-pr\u00e9sident de la Radio Adventiste Mondiale (AWR), Kyle Allen, qui a r\u00e9agi aux possibilit\u00e9s offertes par les derniers outils marketing pour connecter les gens. \u00ab\u00a0A combien plus forte raison devrions-nous faire un effort pour utiliser toutes les technologies afin d\u2019atteindre les gens.\u00a0\u00bb<\/p>\n<p>AWR tente d\u00e9j\u00e0 d\u2019incorporer des outils de marketing et de service \u00e0 la client\u00e8le pour mieux r\u00e9pondre aux personnes qui contactent l\u2019\u00e9glise apr\u00e8s avoir \u00e9cout\u00e9 certains de ses programmes radio.<\/p>\n<div id=\"attachment_47215\" style=\"width: 810px\" class=\"wp-caption aligncenter\"><img loading=\"lazy\" decoding=\"async\" aria-describedby=\"caption-attachment-47215\" class=\" wp-image-47215\" src=\"https:\/\/recursing-golick.147-182-135-0.plesk.page\/wp-content\/uploads\/2019\/02\/gain-3d-use.jpg\" alt=\"\" width=\"800\" height=\"533\" srcset=\"https:\/\/interamerica.org\/wp-content\/uploads\/2019\/02\/gain-3d-use.jpg 1000w, https:\/\/interamerica.org\/wp-content\/uploads\/2019\/02\/gain-3d-use-300x200.jpg 300w, https:\/\/interamerica.org\/wp-content\/uploads\/2019\/02\/gain-3d-use-768x511.jpg 768w\" sizes=\"(max-width: 800px) 100vw, 800px\" \/><p id=\"caption-attachment-47215\" class=\"wp-caption-text\">Raguel Cremades (\u00e0 droite), originaire d\u2019Espagne, se porte volontaire pour que son visage soit num\u00e9ris\u00e9 en 3D pour qu\u2019il soit utilis\u00e9 comme avatar en R\u00e9alit\u00e9 Virtuelle, lors de la conf\u00e9rence du R\u00e9seau Mondial Adventiste d\u2019Internet (GAiN) \u00e0 Sweimeh, en Jordanie, le 25 f\u00e9vrier 2019. Photo de Joshua Safari, Agence Adventiste de D\u00e9veloppement et de Secours ECD<\/p><\/div>\n<p>R\u00e9pondre aux int\u00e9r\u00eats des gens est quelque chose qui s\u2019est av\u00e9r\u00e9 \u00eatre un d\u00e9fi, a reconnu le directeur du D\u00e9partement de la Communication de l\u2019\u00c9glise adventiste, Sam Neves. \u00ab Les gens communiquent avec nous par diff\u00e9rents canaux et il est difficile de r\u00e9pondre \u00e0 ces demandes, \u00bb a d\u00e9clar\u00e9 Sam Neves. \u00ab\u00a0Nous avons besoin d\u2019une technologie qui utilisera tous ces canaux et cr\u00e9era un canal permettant d\u2019apporter des r\u00e9ponses, ce qui centralisera le travail,\u00a0\u00bb a-t-il expliqu\u00e9.<\/p>\n<p>\u00c0 la fin des pr\u00e9sentations de l\u2019apr\u00e8s-midi, le tr\u00e9sorier de l\u2019\u00c9glise adventiste, Juan Prestol-Pues\u00e1n, s\u2019est adress\u00e9 aux responsables de la communication en reconnaissant que ce qu\u2019on appelle l\u2019\u00e9vang\u00e9lisation num\u00e9rique \u00e9tait un sujet fascinant. \u00ab\u00a0Trouver des moyens de mettre les gens en contact avec l\u2019\u00e9glise est la voie \u00e0 suivre,\u00a0\u00bb a-t-il d\u00e9clar\u00e9.<\/p>\n<p>Dans une interview donn\u00e9e en marge de sa pr\u00e9sentation, Daryl Gungadoo a exprim\u00e9 son accord. \u00ab Il s\u2019agit avant tout d\u2019aller vers les gens et d\u2019\u00e9tablir le contact entre eux, \u00bb a-t-il d\u00e9clar\u00e9. \u00ab Lorsqu\u2019on consid\u00e8re diff\u00e9rentes g\u00e9n\u00e9rations, nous constatons que la m\u00e9thode de communication optimale diff\u00e8re consid\u00e9rablement et qu\u2019une plateforme qui fonctionne pour une g\u00e9n\u00e9ration n\u2019est pas n\u00e9cessairement optimale pour l\u2019\u00e9tat d\u2019esprit d\u2019une autre. \u00bb<\/p>\n<p>Daryl Gungadoo a d\u00e9clar\u00e9 qu\u2019au cours des premi\u00e8res ann\u00e9es de l\u2019\u00c9glise adventiste, les pionniers ont apport\u00e9 d\u2019importantes innovations \u00e0 l\u2019\u00e9vang\u00e9lisation en d\u00e9veloppant, par exemple, des objets en papier m\u00e2ch\u00e9 pour illustrer de mani\u00e8re vivante les proph\u00e9ties bibliques. A l\u2019\u00e9poque, une telle m\u00e9thode s\u2019est av\u00e9r\u00e9e tr\u00e8s efficace. \u00ab Aujourd\u2019hui, dans les plateformes m\u00e9dias, l\u2019avant-garde qui g\u00e9n\u00e8re beaucoup de r\u00e9action est bien entendu la VR et l\u2019AR. Les gens sont excit\u00e9s car ce sont des choses nouvelles, \u00bb a dit Daryl Gungadoo. \u00ab\u00a0Donc dans notre laboratoire, nous explorons des moyens de raconter des histoires bibliques et adventistes de mani\u00e8re innovante et attrayante.\u00a0\u00bb<\/p>\n<p>En fin de compte, a soulign\u00e9 Earley Simon, le mat\u00e9riel et les m\u00e9thodes passeront toujours apr\u00e8s la personne qui se trouve derri\u00e8re un projet particulier. \u00ab N\u2019oubliez jamais que le professionnel est plus important que le mat\u00e9riel, \u00bb a-t-il d\u00e9clar\u00e9.<\/p>\n<p>Traduction: Patrick Luciathe<\/p>\n","protected":false},"excerpt":{"rendered":"<p>27 F\u00e9vrier 2019 | Sweimeh, Jordanie | Marcos Paseggi, Adventist Review Les professionnels de la communication Adventistes du septi\u00e8me jour ont une voix importante et ne devraient m\u00e9nager aucun effort&#8230;<\/p>\n","protected":false},"author":3,"featured_media":47206,"comment_status":"open","ping_status":"closed","sticky":false,"template":"","format":"standard","meta":{"_acf_changed":false,"footnotes":""},"categories":[18,19],"tags":[],"class_list":["post-47254","post","type-post","status-publish","format-standard","has-post-thumbnail","hentry","category-nouvelles-de-leglise-mondiale","category-rss-francais"],"acf":[],"yoast_head":"<!-- This site is optimized with the Yoast SEO plugin v27.3 - https:\/\/yoast.com\/product\/yoast-seo-wordpress\/ -->\n<title>Les responsables de communication adventistes font en sorte de mieux atteindre les anciennes et nouvelles g\u00e9n\u00e9rations - \u00c9glise Adventiste Du Septieme Jour - Inter Am\u00e9rique Division<\/title>\n<meta name=\"robots\" content=\"index, follow, max-snippet:-1, max-image-preview:large, max-video-preview:-1\" \/>\n<link rel=\"canonical\" href=\"https:\/\/interamerica.org\/fr\/2019\/02\/les-responsables-de-communication-adventistes-font-en-sorte-de-mieux-atteindre-les-anciennes-et-nouvelles-generations\/\" \/>\n<meta property=\"og:locale\" content=\"fr_FR\" \/>\n<meta property=\"og:type\" content=\"article\" \/>\n<meta property=\"og:title\" content=\"Les responsables de communication adventistes font en sorte de mieux atteindre les anciennes et nouvelles g\u00e9n\u00e9rations - \u00c9glise Adventiste Du Septieme Jour - Inter Am\u00e9rique Division\" \/>\n<meta property=\"og:description\" content=\"27 F\u00e9vrier 2019 | Sweimeh, Jordanie | Marcos Paseggi, Adventist Review Les professionnels de la communication Adventistes du septi\u00e8me jour ont une voix importante et ne devraient m\u00e9nager aucun effort...\" \/>\n<meta property=\"og:url\" content=\"https:\/\/interamerica.org\/fr\/2019\/02\/les-responsables-de-communication-adventistes-font-en-sorte-de-mieux-atteindre-les-anciennes-et-nouvelles-generations\/\" \/>\n<meta property=\"og:site_name\" content=\"\u00c9glise Adventiste Du Septieme Jour - Inter Am\u00e9rique Division\" \/>\n<meta property=\"article:published_time\" content=\"2019-02-28T09:24:23+00:00\" \/>\n<meta property=\"article:modified_time\" content=\"2019-03-11T16:08:31+00:00\" \/>\n<meta property=\"og:image\" content=\"https:\/\/interamerica.org\/wp-content\/uploads\/2019\/02\/adventist-communicators-gear-up-to-better-reach-older-and-new-generations.jpg\" \/>\n\t<meta property=\"og:image:width\" content=\"1280\" \/>\n\t<meta property=\"og:image:height\" content=\"800\" \/>\n\t<meta property=\"og:image:type\" content=\"image\/jpeg\" \/>\n<meta name=\"author\" content=\"libna\" \/>\n<meta name=\"twitter:card\" content=\"summary_large_image\" \/>\n<meta name=\"twitter:label1\" content=\"\u00c9crit par\" \/>\n\t<meta name=\"twitter:data1\" content=\"libna\" \/>\n\t<meta name=\"twitter:label2\" content=\"Dur\u00e9e de lecture estim\u00e9e\" \/>\n\t<meta name=\"twitter:data2\" content=\"9 minutes\" \/>\n<script type=\"application\/ld+json\" class=\"yoast-schema-graph\">{\"@context\":\"https:\\\/\\\/schema.org\",\"@graph\":[{\"@type\":\"Article\",\"@id\":\"https:\\\/\\\/interamerica.org\\\/fr\\\/2019\\\/02\\\/les-responsables-de-communication-adventistes-font-en-sorte-de-mieux-atteindre-les-anciennes-et-nouvelles-generations\\\/#article\",\"isPartOf\":{\"@id\":\"https:\\\/\\\/interamerica.org\\\/fr\\\/2019\\\/02\\\/les-responsables-de-communication-adventistes-font-en-sorte-de-mieux-atteindre-les-anciennes-et-nouvelles-generations\\\/\"},\"author\":{\"name\":\"libna\",\"@id\":\"https:\\\/\\\/interamerica.org\\\/fr\\\/#\\\/schema\\\/person\\\/29998f2bc2d8bd0d38662909289b54f1\"},\"headline\":\"Les responsables de communication adventistes font en sorte de mieux atteindre les anciennes et nouvelles g\u00e9n\u00e9rations\",\"datePublished\":\"2019-02-28T09:24:23+00:00\",\"dateModified\":\"2019-03-11T16:08:31+00:00\",\"mainEntityOfPage\":{\"@id\":\"https:\\\/\\\/interamerica.org\\\/fr\\\/2019\\\/02\\\/les-responsables-de-communication-adventistes-font-en-sorte-de-mieux-atteindre-les-anciennes-et-nouvelles-generations\\\/\"},\"wordCount\":1776,\"commentCount\":0,\"image\":{\"@id\":\"https:\\\/\\\/interamerica.org\\\/fr\\\/2019\\\/02\\\/les-responsables-de-communication-adventistes-font-en-sorte-de-mieux-atteindre-les-anciennes-et-nouvelles-generations\\\/#primaryimage\"},\"thumbnailUrl\":\"https:\\\/\\\/interamerica.org\\\/wp-content\\\/uploads\\\/2019\\\/02\\\/adventist-communicators-gear-up-to-better-reach-older-and-new-generations.jpg\",\"articleSection\":[\"Nouvelles de l'\u00c9glise mondiale\",\"RSS Fran\u00e7ais\"],\"inLanguage\":\"fr-FR\",\"potentialAction\":[{\"@type\":\"CommentAction\",\"name\":\"Comment\",\"target\":[\"https:\\\/\\\/interamerica.org\\\/fr\\\/2019\\\/02\\\/les-responsables-de-communication-adventistes-font-en-sorte-de-mieux-atteindre-les-anciennes-et-nouvelles-generations\\\/#respond\"]}]},{\"@type\":\"WebPage\",\"@id\":\"https:\\\/\\\/interamerica.org\\\/fr\\\/2019\\\/02\\\/les-responsables-de-communication-adventistes-font-en-sorte-de-mieux-atteindre-les-anciennes-et-nouvelles-generations\\\/\",\"url\":\"https:\\\/\\\/interamerica.org\\\/fr\\\/2019\\\/02\\\/les-responsables-de-communication-adventistes-font-en-sorte-de-mieux-atteindre-les-anciennes-et-nouvelles-generations\\\/\",\"name\":\"Les responsables de communication adventistes font en sorte de mieux atteindre les anciennes et nouvelles g\u00e9n\u00e9rations - \u00c9glise Adventiste Du Septieme Jour - Inter Am\u00e9rique Division\",\"isPartOf\":{\"@id\":\"https:\\\/\\\/interamerica.org\\\/fr\\\/#website\"},\"primaryImageOfPage\":{\"@id\":\"https:\\\/\\\/interamerica.org\\\/fr\\\/2019\\\/02\\\/les-responsables-de-communication-adventistes-font-en-sorte-de-mieux-atteindre-les-anciennes-et-nouvelles-generations\\\/#primaryimage\"},\"image\":{\"@id\":\"https:\\\/\\\/interamerica.org\\\/fr\\\/2019\\\/02\\\/les-responsables-de-communication-adventistes-font-en-sorte-de-mieux-atteindre-les-anciennes-et-nouvelles-generations\\\/#primaryimage\"},\"thumbnailUrl\":\"https:\\\/\\\/interamerica.org\\\/wp-content\\\/uploads\\\/2019\\\/02\\\/adventist-communicators-gear-up-to-better-reach-older-and-new-generations.jpg\",\"datePublished\":\"2019-02-28T09:24:23+00:00\",\"dateModified\":\"2019-03-11T16:08:31+00:00\",\"author\":{\"@id\":\"https:\\\/\\\/interamerica.org\\\/fr\\\/#\\\/schema\\\/person\\\/29998f2bc2d8bd0d38662909289b54f1\"},\"breadcrumb\":{\"@id\":\"https:\\\/\\\/interamerica.org\\\/fr\\\/2019\\\/02\\\/les-responsables-de-communication-adventistes-font-en-sorte-de-mieux-atteindre-les-anciennes-et-nouvelles-generations\\\/#breadcrumb\"},\"inLanguage\":\"fr-FR\",\"potentialAction\":[{\"@type\":\"ReadAction\",\"target\":[\"https:\\\/\\\/interamerica.org\\\/fr\\\/2019\\\/02\\\/les-responsables-de-communication-adventistes-font-en-sorte-de-mieux-atteindre-les-anciennes-et-nouvelles-generations\\\/\"]}]},{\"@type\":\"ImageObject\",\"inLanguage\":\"fr-FR\",\"@id\":\"https:\\\/\\\/interamerica.org\\\/fr\\\/2019\\\/02\\\/les-responsables-de-communication-adventistes-font-en-sorte-de-mieux-atteindre-les-anciennes-et-nouvelles-generations\\\/#primaryimage\",\"url\":\"https:\\\/\\\/interamerica.org\\\/wp-content\\\/uploads\\\/2019\\\/02\\\/adventist-communicators-gear-up-to-better-reach-older-and-new-generations.jpg\",\"contentUrl\":\"https:\\\/\\\/interamerica.org\\\/wp-content\\\/uploads\\\/2019\\\/02\\\/adventist-communicators-gear-up-to-better-reach-older-and-new-generations.jpg\",\"width\":1280,\"height\":800,\"caption\":\"Adventist Review Media Lab director Daryl Gungadoo puts Virtual Reality glasses on a volunteer at the 2019 Global Adventist Internet Network (GAiN) Conference to demonstrate the possibilities of new technologies for reaching new generations. Photo by Joshua Safari, ADRA ECD\"},{\"@type\":\"BreadcrumbList\",\"@id\":\"https:\\\/\\\/interamerica.org\\\/fr\\\/2019\\\/02\\\/les-responsables-de-communication-adventistes-font-en-sorte-de-mieux-atteindre-les-anciennes-et-nouvelles-generations\\\/#breadcrumb\",\"itemListElement\":[{\"@type\":\"ListItem\",\"position\":1,\"name\":\"Home\",\"item\":\"https:\\\/\\\/interamerica.org\\\/fr\\\/\"},{\"@type\":\"ListItem\",\"position\":2,\"name\":\"Les responsables de communication adventistes font en sorte de mieux atteindre les anciennes et nouvelles g\u00e9n\u00e9rations\"}]},{\"@type\":\"WebSite\",\"@id\":\"https:\\\/\\\/interamerica.org\\\/fr\\\/#website\",\"url\":\"https:\\\/\\\/interamerica.org\\\/fr\\\/\",\"name\":\"\u00c9glise Adventiste Du Septieme Jour - Inter Am\u00e9rique Division\",\"description\":\"\",\"potentialAction\":[{\"@type\":\"SearchAction\",\"target\":{\"@type\":\"EntryPoint\",\"urlTemplate\":\"https:\\\/\\\/interamerica.org\\\/fr\\\/?s={search_term_string}\"},\"query-input\":{\"@type\":\"PropertyValueSpecification\",\"valueRequired\":true,\"valueName\":\"search_term_string\"}}],\"inLanguage\":\"fr-FR\"},{\"@type\":\"Person\",\"@id\":\"https:\\\/\\\/interamerica.org\\\/fr\\\/#\\\/schema\\\/person\\\/29998f2bc2d8bd0d38662909289b54f1\",\"name\":\"libna\",\"image\":{\"@type\":\"ImageObject\",\"inLanguage\":\"fr-FR\",\"@id\":\"https:\\\/\\\/secure.gravatar.com\\\/avatar\\\/7c5bd30ae4b47a9ba3c856590957fd1d96dc588bf3ac05719d247e126840331f?s=96&d=mm&r=g\",\"url\":\"https:\\\/\\\/secure.gravatar.com\\\/avatar\\\/7c5bd30ae4b47a9ba3c856590957fd1d96dc588bf3ac05719d247e126840331f?s=96&d=mm&r=g\",\"contentUrl\":\"https:\\\/\\\/secure.gravatar.com\\\/avatar\\\/7c5bd30ae4b47a9ba3c856590957fd1d96dc588bf3ac05719d247e126840331f?s=96&d=mm&r=g\",\"caption\":\"libna\"}}]}<\/script>\n<!-- \/ Yoast SEO plugin. -->","yoast_head_json":{"title":"Les responsables de communication adventistes font en sorte de mieux atteindre les anciennes et nouvelles g\u00e9n\u00e9rations - \u00c9glise Adventiste Du Septieme Jour - Inter Am\u00e9rique Division","robots":{"index":"index","follow":"follow","max-snippet":"max-snippet:-1","max-image-preview":"max-image-preview:large","max-video-preview":"max-video-preview:-1"},"canonical":"https:\/\/interamerica.org\/fr\/2019\/02\/les-responsables-de-communication-adventistes-font-en-sorte-de-mieux-atteindre-les-anciennes-et-nouvelles-generations\/","og_locale":"fr_FR","og_type":"article","og_title":"Les responsables de communication adventistes font en sorte de mieux atteindre les anciennes et nouvelles g\u00e9n\u00e9rations - \u00c9glise Adventiste Du Septieme Jour - Inter Am\u00e9rique Division","og_description":"27 F\u00e9vrier 2019 | Sweimeh, Jordanie | Marcos Paseggi, Adventist Review Les professionnels de la communication Adventistes du septi\u00e8me jour ont une voix importante et ne devraient m\u00e9nager aucun effort...","og_url":"https:\/\/interamerica.org\/fr\/2019\/02\/les-responsables-de-communication-adventistes-font-en-sorte-de-mieux-atteindre-les-anciennes-et-nouvelles-generations\/","og_site_name":"\u00c9glise Adventiste Du Septieme Jour - Inter Am\u00e9rique Division","article_published_time":"2019-02-28T09:24:23+00:00","article_modified_time":"2019-03-11T16:08:31+00:00","og_image":[{"width":1280,"height":800,"url":"https:\/\/interamerica.org\/wp-content\/uploads\/2019\/02\/adventist-communicators-gear-up-to-better-reach-older-and-new-generations.jpg","type":"image\/jpeg"}],"author":"libna","twitter_card":"summary_large_image","twitter_misc":{"\u00c9crit par":"libna","Dur\u00e9e de lecture estim\u00e9e":"9 minutes"},"schema":{"@context":"https:\/\/schema.org","@graph":[{"@type":"Article","@id":"https:\/\/interamerica.org\/fr\/2019\/02\/les-responsables-de-communication-adventistes-font-en-sorte-de-mieux-atteindre-les-anciennes-et-nouvelles-generations\/#article","isPartOf":{"@id":"https:\/\/interamerica.org\/fr\/2019\/02\/les-responsables-de-communication-adventistes-font-en-sorte-de-mieux-atteindre-les-anciennes-et-nouvelles-generations\/"},"author":{"name":"libna","@id":"https:\/\/interamerica.org\/fr\/#\/schema\/person\/29998f2bc2d8bd0d38662909289b54f1"},"headline":"Les responsables de communication adventistes font en sorte de mieux atteindre les anciennes et nouvelles g\u00e9n\u00e9rations","datePublished":"2019-02-28T09:24:23+00:00","dateModified":"2019-03-11T16:08:31+00:00","mainEntityOfPage":{"@id":"https:\/\/interamerica.org\/fr\/2019\/02\/les-responsables-de-communication-adventistes-font-en-sorte-de-mieux-atteindre-les-anciennes-et-nouvelles-generations\/"},"wordCount":1776,"commentCount":0,"image":{"@id":"https:\/\/interamerica.org\/fr\/2019\/02\/les-responsables-de-communication-adventistes-font-en-sorte-de-mieux-atteindre-les-anciennes-et-nouvelles-generations\/#primaryimage"},"thumbnailUrl":"https:\/\/interamerica.org\/wp-content\/uploads\/2019\/02\/adventist-communicators-gear-up-to-better-reach-older-and-new-generations.jpg","articleSection":["Nouvelles de l'\u00c9glise mondiale","RSS Fran\u00e7ais"],"inLanguage":"fr-FR","potentialAction":[{"@type":"CommentAction","name":"Comment","target":["https:\/\/interamerica.org\/fr\/2019\/02\/les-responsables-de-communication-adventistes-font-en-sorte-de-mieux-atteindre-les-anciennes-et-nouvelles-generations\/#respond"]}]},{"@type":"WebPage","@id":"https:\/\/interamerica.org\/fr\/2019\/02\/les-responsables-de-communication-adventistes-font-en-sorte-de-mieux-atteindre-les-anciennes-et-nouvelles-generations\/","url":"https:\/\/interamerica.org\/fr\/2019\/02\/les-responsables-de-communication-adventistes-font-en-sorte-de-mieux-atteindre-les-anciennes-et-nouvelles-generations\/","name":"Les responsables de communication adventistes font en sorte de mieux atteindre les anciennes et nouvelles g\u00e9n\u00e9rations - \u00c9glise Adventiste Du Septieme Jour - Inter Am\u00e9rique Division","isPartOf":{"@id":"https:\/\/interamerica.org\/fr\/#website"},"primaryImageOfPage":{"@id":"https:\/\/interamerica.org\/fr\/2019\/02\/les-responsables-de-communication-adventistes-font-en-sorte-de-mieux-atteindre-les-anciennes-et-nouvelles-generations\/#primaryimage"},"image":{"@id":"https:\/\/interamerica.org\/fr\/2019\/02\/les-responsables-de-communication-adventistes-font-en-sorte-de-mieux-atteindre-les-anciennes-et-nouvelles-generations\/#primaryimage"},"thumbnailUrl":"https:\/\/interamerica.org\/wp-content\/uploads\/2019\/02\/adventist-communicators-gear-up-to-better-reach-older-and-new-generations.jpg","datePublished":"2019-02-28T09:24:23+00:00","dateModified":"2019-03-11T16:08:31+00:00","author":{"@id":"https:\/\/interamerica.org\/fr\/#\/schema\/person\/29998f2bc2d8bd0d38662909289b54f1"},"breadcrumb":{"@id":"https:\/\/interamerica.org\/fr\/2019\/02\/les-responsables-de-communication-adventistes-font-en-sorte-de-mieux-atteindre-les-anciennes-et-nouvelles-generations\/#breadcrumb"},"inLanguage":"fr-FR","potentialAction":[{"@type":"ReadAction","target":["https:\/\/interamerica.org\/fr\/2019\/02\/les-responsables-de-communication-adventistes-font-en-sorte-de-mieux-atteindre-les-anciennes-et-nouvelles-generations\/"]}]},{"@type":"ImageObject","inLanguage":"fr-FR","@id":"https:\/\/interamerica.org\/fr\/2019\/02\/les-responsables-de-communication-adventistes-font-en-sorte-de-mieux-atteindre-les-anciennes-et-nouvelles-generations\/#primaryimage","url":"https:\/\/interamerica.org\/wp-content\/uploads\/2019\/02\/adventist-communicators-gear-up-to-better-reach-older-and-new-generations.jpg","contentUrl":"https:\/\/interamerica.org\/wp-content\/uploads\/2019\/02\/adventist-communicators-gear-up-to-better-reach-older-and-new-generations.jpg","width":1280,"height":800,"caption":"Adventist Review Media Lab director Daryl Gungadoo puts Virtual Reality glasses on a volunteer at the 2019 Global Adventist Internet Network (GAiN) Conference to demonstrate the possibilities of new technologies for reaching new generations. Photo by Joshua Safari, ADRA ECD"},{"@type":"BreadcrumbList","@id":"https:\/\/interamerica.org\/fr\/2019\/02\/les-responsables-de-communication-adventistes-font-en-sorte-de-mieux-atteindre-les-anciennes-et-nouvelles-generations\/#breadcrumb","itemListElement":[{"@type":"ListItem","position":1,"name":"Home","item":"https:\/\/interamerica.org\/fr\/"},{"@type":"ListItem","position":2,"name":"Les responsables de communication adventistes font en sorte de mieux atteindre les anciennes et nouvelles g\u00e9n\u00e9rations"}]},{"@type":"WebSite","@id":"https:\/\/interamerica.org\/fr\/#website","url":"https:\/\/interamerica.org\/fr\/","name":"\u00c9glise Adventiste Du Septieme Jour - Inter Am\u00e9rique Division","description":"","potentialAction":[{"@type":"SearchAction","target":{"@type":"EntryPoint","urlTemplate":"https:\/\/interamerica.org\/fr\/?s={search_term_string}"},"query-input":{"@type":"PropertyValueSpecification","valueRequired":true,"valueName":"search_term_string"}}],"inLanguage":"fr-FR"},{"@type":"Person","@id":"https:\/\/interamerica.org\/fr\/#\/schema\/person\/29998f2bc2d8bd0d38662909289b54f1","name":"libna","image":{"@type":"ImageObject","inLanguage":"fr-FR","@id":"https:\/\/secure.gravatar.com\/avatar\/7c5bd30ae4b47a9ba3c856590957fd1d96dc588bf3ac05719d247e126840331f?s=96&d=mm&r=g","url":"https:\/\/secure.gravatar.com\/avatar\/7c5bd30ae4b47a9ba3c856590957fd1d96dc588bf3ac05719d247e126840331f?s=96&d=mm&r=g","contentUrl":"https:\/\/secure.gravatar.com\/avatar\/7c5bd30ae4b47a9ba3c856590957fd1d96dc588bf3ac05719d247e126840331f?s=96&d=mm&r=g","caption":"libna"}}]}},"_links":{"self":[{"href":"https:\/\/interamerica.org\/fr\/wp-json\/wp\/v2\/posts\/47254","targetHints":{"allow":["GET"]}}],"collection":[{"href":"https:\/\/interamerica.org\/fr\/wp-json\/wp\/v2\/posts"}],"about":[{"href":"https:\/\/interamerica.org\/fr\/wp-json\/wp\/v2\/types\/post"}],"author":[{"embeddable":true,"href":"https:\/\/interamerica.org\/fr\/wp-json\/wp\/v2\/users\/3"}],"replies":[{"embeddable":true,"href":"https:\/\/interamerica.org\/fr\/wp-json\/wp\/v2\/comments?post=47254"}],"version-history":[{"count":0,"href":"https:\/\/interamerica.org\/fr\/wp-json\/wp\/v2\/posts\/47254\/revisions"}],"wp:featuredmedia":[{"embeddable":true,"href":"https:\/\/interamerica.org\/fr\/wp-json\/wp\/v2\/media\/47206"}],"wp:attachment":[{"href":"https:\/\/interamerica.org\/fr\/wp-json\/wp\/v2\/media?parent=47254"}],"wp:term":[{"taxonomy":"category","embeddable":true,"href":"https:\/\/interamerica.org\/fr\/wp-json\/wp\/v2\/categories?post=47254"},{"taxonomy":"post_tag","embeddable":true,"href":"https:\/\/interamerica.org\/fr\/wp-json\/wp\/v2\/tags?post=47254"}],"curies":[{"name":"wp","href":"https:\/\/api.w.org\/{rel}","templated":true}]}}