{"id":48624,"date":"2019-04-28T10:26:11","date_gmt":"2019-04-28T14:26:11","guid":{"rendered":"https:\/\/recursing-golick.147-182-135-0.plesk.page\/?p=48624"},"modified":"2019-04-28T20:37:35","modified_gmt":"2019-04-29T00:37:35","slug":"comment-les-adventistes-depensent-ils-leur-argent-selon-une-revue-daffaires-reputee","status":"publish","type":"post","link":"https:\/\/interamerica.org\/fr\/2019\/04\/comment-les-adventistes-depensent-ils-leur-argent-selon-une-revue-daffaires-reputee\/","title":{"rendered":"Comment les adventistes d\u00e9pensent-ils leur argent, selon une revue d\u2019affaires r\u00e9put\u00e9e?"},"content":{"rendered":"<p>Le 26 avril 2019 | Silver Spring, Maryland, \u00c9tats-Unis | Marcos Paseggi,\u00a0<em>Adventist Review<\/em><\/p>\n<p>L\u2019une des revues d\u2019affaires les plus r\u00e9put\u00e9es aux \u00c9tats-Unis a r\u00e9cemment publi\u00e9 un article sur les adventistes du septi\u00e8me jour et leur relation avec la sant\u00e9 et l\u2019argent.<\/p>\n<p>Le rapport de 1\u00a0900 mots pr\u00e9sent\u00e9 dans le magazine <em>Forbes<\/em> du 16 avril dernier et intitul\u00e9 <em><a href=\"https:\/\/www.forbes.com\/sites\/nextavenue\/2019\/04\/16\/how-the-oldest-people-in-americas-blue-zone-make-their-money-last\/#147e6cec2a49\">How the Oldest People in America\u2019s Blue Zone Make Their Money Last<\/a><\/em>\u00a0(\u00ab\u00a0Comment les a\u00een\u00e9s de la \u201czone bleue\u201d am\u00e9ricaine font durer leur argent\u00a0\u00bb) a \u00e9t\u00e9 \u00e9crit par le contributeur Richard Eisenberg.<\/p>\n<p>L\u2019auteur a visit\u00e9 Loma Linda, en Californie, l\u2019une des \u00ab\u00a0zones bleues\u00a0\u00bb, terme cr\u00e9\u00e9 par l\u2019auteur du <em>National Geographic<\/em> Dan Buettner pour d\u00e9signer les \u00ab\u00a0poches de long\u00e9vit\u00e9\u00a0\u00bb du globe. Loma Linda est donc consid\u00e9r\u00e9e comme \u00e9tant l\u2019une de ces poches, car un pourcentage consid\u00e9rable de ses r\u00e9sidents sont en sant\u00e9 et actifs pass\u00e9 80 ou 90 ans, voire plus. Et, comme l\u2019a reconnu l\u2019article, bon nombre de ces personnes sont des adventistes du septi\u00e8me jour.<\/p>\n<p>Dans son article, M.\u00a0Eisenberg parle de la fa\u00e7on dont les adventistes du septi\u00e8me jour mangent, travaillent, font de l\u2019exercice et se gardent socialement actifs. De plus, en harmonie avec l\u2019int\u00e9r\u00eat particulier du magazine <em>Forbes<\/em> pour les finances et l\u2019investissement, il aborde la mani\u00e8re dont ce groupe \u00e9pargne et d\u00e9pense son argent, surtout lors de la retraite.<\/p>\n<p><strong>Au-del\u00e0 des choix alimentaires<\/strong><\/p>\n<p>Sans surprise, l\u2019article du <em>Forbes<\/em> mentionne que les adventistes du septi\u00e8me jour, qu\u2019Eisenberg d\u00e9crit comme \u00e9tant \u00ab\u00a0\u00e9nergiques, joyeux et socialement actifs\u00a0\u00bb, \u00ab\u00a0ne boivent g\u00e9n\u00e9ralement pas d\u2019alcool et ne fument pas non plus\u00a0\u00bb. Il \u00e9crit \u00e9galement qu\u2019ils \u00ab\u00a0sont nombreux \u00e0 \u00eatre v\u00e9g\u00e9taliens et qu\u2019ils pr\u00e9f\u00e8rent les noix\u00a0\u00bb.<\/p>\n<p>Mais l\u2019auteur ne s\u2019attarde pas \u00e0 leurs choix alimentaires autant qu\u2019\u00e0 l\u2019attention que portent beaucoup de ces r\u00e9sidents \u00e0 l\u2019exercice, aux loisirs et aux relations sociales. Il cite ainsi le directeur municipal de Loma Linda, Jarb Thaipejr\u00a0: \u00ab\u00a0La vitalit\u00e9 est une bonne fa\u00e7on de d\u00e9crire les a\u00een\u00e9s de Loma Linda. Leur mentalit\u00e9 est diff\u00e9rente\u2026 Plut\u00f4t que de penser \u00e0 la comp\u00e9tition, ils se concentrent sur les aspects de communaut\u00e9, de compassion et de collaboration.\u00a0\u00bb<\/p>\n<ol>\n<li>Eisenberg cite \u00e9galement Michael Orlich, l\u2019un des principaux chercheurs de ce qu\u2019il a appel\u00e9 \u00ab\u00a0l\u2019\u00e9tude c\u00e9l\u00e8bre sur la sant\u00e9 des adventistes de l\u2019Universit\u00e9 de Loma Linda\u00a0\u00bb. M.\u00a0Orlich a fouill\u00e9 les preuves scientifiques qui montrent une r\u00e9duction des risques encourus par ces gens de d\u00e9velopper notamment des maladies cardiovasculaires et de nombreux types de cancers. Ou, comme M.\u00a0Orlich l\u2019a expliqu\u00e9 \u00e0 M.\u00a0Eisenberg, les adventistes du septi\u00e8me jour semblent d\u00e9velopper ces maladies beaucoup plus tard dans leur vie.<\/li>\n<\/ol>\n<p><strong>Les adventistes du septi\u00e8me jour et l\u2019argent<\/strong><\/p>\n<p>Naturellement, l\u2019article du <em>Forbes <\/em>a parl\u00e9 de la relation des adventistes avec l\u2019argent, surtout lors de leurs ann\u00e9es de retraite. M.\u00a0Eisenberg a mentionn\u00e9 qu\u2019aux \u00c9tats-Unis, le manque d\u2019argent avant de mourir a r\u00e9cemment \u00e9t\u00e9 identifi\u00e9 comme la plus grande crainte des a\u00een\u00e9s.<\/p>\n<p>Les adventistes du septi\u00e8me jour de Loma Linda, a expliqu\u00e9 M.\u00a0Eisenberg, ont g\u00e9n\u00e9ralement une approche diff\u00e9rente. \u00ab\u00a0Ils n\u2019ont pas tendance \u00e0 avoir peur de manquer d\u2019argent\u2026 car ils ont pris soin de bien \u00e9pargner et investir.\u00a0\u00bb<\/p>\n<p>L\u2019article cite aussi le pasteur \u00e0 la retraite Dan Matthews, qui a expliqu\u00e9 \u00e0 M.\u00a0Eisenberg comment fonctionne le syst\u00e8me de d\u00eemes et d\u2019offrandes des adventistes. \u00ab\u00a0L\u2019argent que nous gagnons\u2026 ne nous appartient pas totalement\u00a0: il y a 90\u00a0% pour nous; le reste appartient \u00e0 Dieu. Nous retournons toujours\u2026 une d\u00eeme de 10\u00a0%, qui se transforme probablement bien souvent en 20\u00a0%.\u00a0\u00bb<\/p>\n<ol>\n<li>Eisenberg insiste \u00e9galement sur la sobri\u00e9t\u00e9 des adventistes de Loma Linda, car ils ne d\u00e9pensent aucun argent en cigarettes et en alcool. Ils \u00e9vitent d\u2019acheter de la viande et cultivent souvent leurs propres l\u00e9gumes. Enfin, ils mangent au restaurant avec mod\u00e9ration.<\/li>\n<\/ol>\n<p><strong>L\u00e0 o\u00f9 la sant\u00e9 et l\u2019argent se croisent<\/strong><\/p>\n<p><em>L\u2019article du<\/em><em> Forbes<\/em><em> \u00e9tablit un lien entre la sant\u00e9 et l\u2019argent observ\u00e9 chez les adventistes de Loma Linda. Leur alimentation et leur vie active, y est-il expliqu\u00e9, peuvent contribuer \u00e0 leurs d\u00e9penses peu \u00e9lev\u00e9es en soins de sant\u00e9.<\/em><\/p>\n<p><em>L\u2019article souligne \u00e9galement le r\u00f4le des groupes d\u2019\u00e9tude de la Bible et des cercles d\u2019amis pr\u00e9sents chez les adventistes de Loma Linda, qui, selon M.\u00a0Eisenberg, \u00ab\u00a0aident \u00e0 soulager les pr\u00e9occupations financi\u00e8res\u00a0\u00bb.<\/em><\/p>\n<p><em>\u00ab\u00a0Les adventistes de Loma Linda sont plut\u00f4t joyeux et sociables, ce qui les aide \u00e0 ma\u00eetriser leur niveau de stress ainsi que, cons\u00e9quemment, leurs d\u00e9penses en soins de sant\u00e9\u00a0\u00bb, a \u00e9crit M.\u00a0Eisenberg. Il cite le r\u00e9sident Leland Juhl, \u00e2g\u00e9 de 94 ans\u00a0: \u00ab\u00a0Le stress est assur\u00e9ment mortel; mais avec la pri\u00e8re et le fait de tout remettre entre les mains de Dieu, nous sommes moins stress\u00e9s.\u00a0\u00bb<\/em><\/p>\n<p><strong>Imiter les adventistes du septi\u00e8me jour<\/strong><\/p>\n<p>Dans son texte \u00e9logieux, M.\u00a0Eisenberg appelle ses lecteurs \u00e0 noter et \u00e0 mettre en pratique certaines des habitudes de vie saine et de gestion financi\u00e8re des adventistes du septi\u00e8me jour.<\/p>\n<p>Il insiste sur le fait que tout commence par l\u2019attention que l\u2019on porte \u00e0 notre sant\u00e9. Selon lui, cela peut non seulement nous \u00e9pargner des milliers de dollars en soins de sant\u00e9 lors de nos ann\u00e9es de retraite, mais aussi nous aider \u00e0 mieux planifier nos finances.<\/p>\n<p>\u00ab\u00a0\u00c9tant donn\u00e9 que les r\u00e9sidents de Loma Linda s\u2019attendent \u00e0 vivre longtemps, ils pensent \u00e0 des fa\u00e7ons de bien vivre et de ne pas manquer d\u2019argent\u00a0\u00bb, a \u00e9crit M.\u00a0Eisenberg.<\/p>\n<p>Il appelle \u00e9galement ses lecteurs \u00e0 imiter l\u2019ardeur des adventistes au travail comme moyen de se garder en forme, tant mentalement que physiquement.<\/p>\n<p>Bob Bass, un r\u00e9sident de Loma Linda de 86 ans, a dit ceci \u00e0 M.\u00a0Eisenberg\u00a0: \u00ab\u00a0En plus de la r\u00e9mun\u00e9ration qui l\u2019accompagne, le travail vous aide \u00e0 demeurer mentalement alerte, ce qui est bon pour la sant\u00e9.\u00a0\u00bb<\/p>\n<p>Et cette ardeur au travail, toujours selon M.\u00a0Eisenberg, est chaque semaine suivie d\u2019un jour de repos bien m\u00e9rit\u00e9, car les adventistes cessent de travailler au coucher du soleil le vendredi jusqu\u2019au coucher du soleil le samedi.<\/p>\n<p>Le souci de la sant\u00e9 est ax\u00e9 sur le maintien et l\u2019agrandissement du r\u00e9seau social, la planification consciencieuse des investissements et le fait de tirer un maximum des avantages gouvernementaux offerts aux a\u00een\u00e9s. Ces \u00e9l\u00e9ments, croit M.\u00a0Eisenberg, peuvent grandement aider les gens \u00e0 bien profiter de leur retraite.<\/p>\n<p>Voil\u00e0 des \u00e9l\u00e9ments qui \u00ab\u00a0pourraient aider les gens \u00e0 faire durer leur argent n\u2019importe o\u00f9\u00a0\u00bb, a-t-il dit.<\/p>\n<p>Traduction\u00a0: Marie-Mich\u00e8le Robitaille<\/p>\n","protected":false},"excerpt":{"rendered":"<p>Le 26 avril 2019 | Silver Spring, Maryland, \u00c9tats-Unis | Marcos Paseggi,\u00a0Adventist Review L\u2019une des revues d\u2019affaires les plus r\u00e9put\u00e9es aux \u00c9tats-Unis a r\u00e9cemment publi\u00e9 un article sur les adventistes&#8230;<\/p>\n","protected":false},"author":3,"featured_media":48585,"comment_status":"open","ping_status":"closed","sticky":false,"template":"","format":"standard","meta":{"_acf_changed":false,"footnotes":""},"categories":[18,19],"tags":[],"class_list":["post-48624","post","type-post","status-publish","format-standard","has-post-thumbnail","hentry","category-nouvelles-de-leglise-mondiale","category-rss-francais"],"acf":[],"yoast_head":"<!-- This site is optimized with the Yoast SEO plugin v27.3 - https:\/\/yoast.com\/product\/yoast-seo-wordpress\/ -->\n<title>Comment les adventistes d\u00e9pensent-ils leur argent, selon une revue d\u2019affaires r\u00e9put\u00e9e? - \u00c9glise Adventiste Du Septieme Jour - Inter Am\u00e9rique Division<\/title>\n<meta name=\"robots\" content=\"index, follow, max-snippet:-1, max-image-preview:large, max-video-preview:-1\" \/>\n<link rel=\"canonical\" href=\"https:\/\/interamerica.org\/fr\/2019\/04\/comment-les-adventistes-depensent-ils-leur-argent-selon-une-revue-daffaires-reputee\/\" \/>\n<meta property=\"og:locale\" content=\"fr_FR\" \/>\n<meta property=\"og:type\" content=\"article\" \/>\n<meta property=\"og:title\" content=\"Comment les adventistes d\u00e9pensent-ils leur argent, selon une revue d\u2019affaires r\u00e9put\u00e9e? - \u00c9glise Adventiste Du Septieme Jour - Inter Am\u00e9rique Division\" \/>\n<meta property=\"og:description\" content=\"Le 26 avril 2019 | Silver Spring, Maryland, \u00c9tats-Unis | Marcos Paseggi,\u00a0Adventist Review L\u2019une des revues d\u2019affaires les plus r\u00e9put\u00e9es aux \u00c9tats-Unis a r\u00e9cemment publi\u00e9 un article sur les adventistes...\" \/>\n<meta property=\"og:url\" content=\"https:\/\/interamerica.org\/fr\/2019\/04\/comment-les-adventistes-depensent-ils-leur-argent-selon-une-revue-daffaires-reputee\/\" \/>\n<meta property=\"og:site_name\" content=\"\u00c9glise Adventiste Du Septieme Jour - Inter Am\u00e9rique Division\" \/>\n<meta property=\"article:published_time\" content=\"2019-04-28T14:26:11+00:00\" \/>\n<meta property=\"article:modified_time\" content=\"2019-04-29T00:37:35+00:00\" \/>\n<meta property=\"og:image\" content=\"https:\/\/interamerica.org\/wp-content\/uploads\/2019\/04\/money-1280.jpg\" \/>\n\t<meta property=\"og:image:width\" content=\"1280\" \/>\n\t<meta property=\"og:image:height\" content=\"800\" \/>\n\t<meta property=\"og:image:type\" content=\"image\/jpeg\" \/>\n<meta name=\"author\" content=\"libna\" \/>\n<meta name=\"twitter:card\" content=\"summary_large_image\" \/>\n<meta name=\"twitter:label1\" content=\"\u00c9crit par\" \/>\n\t<meta name=\"twitter:data1\" content=\"libna\" \/>\n\t<meta name=\"twitter:label2\" content=\"Dur\u00e9e de lecture estim\u00e9e\" \/>\n\t<meta name=\"twitter:data2\" content=\"6 minutes\" \/>\n<script type=\"application\/ld+json\" class=\"yoast-schema-graph\">{\"@context\":\"https:\\\/\\\/schema.org\",\"@graph\":[{\"@type\":\"Article\",\"@id\":\"https:\\\/\\\/interamerica.org\\\/fr\\\/2019\\\/04\\\/comment-les-adventistes-depensent-ils-leur-argent-selon-une-revue-daffaires-reputee\\\/#article\",\"isPartOf\":{\"@id\":\"https:\\\/\\\/interamerica.org\\\/fr\\\/2019\\\/04\\\/comment-les-adventistes-depensent-ils-leur-argent-selon-une-revue-daffaires-reputee\\\/\"},\"author\":{\"name\":\"libna\",\"@id\":\"https:\\\/\\\/interamerica.org\\\/fr\\\/#\\\/schema\\\/person\\\/29998f2bc2d8bd0d38662909289b54f1\"},\"headline\":\"Comment les adventistes d\u00e9pensent-ils leur argent, selon une revue d\u2019affaires r\u00e9put\u00e9e?\",\"datePublished\":\"2019-04-28T14:26:11+00:00\",\"dateModified\":\"2019-04-29T00:37:35+00:00\",\"mainEntityOfPage\":{\"@id\":\"https:\\\/\\\/interamerica.org\\\/fr\\\/2019\\\/04\\\/comment-les-adventistes-depensent-ils-leur-argent-selon-une-revue-daffaires-reputee\\\/\"},\"wordCount\":1161,\"commentCount\":0,\"image\":{\"@id\":\"https:\\\/\\\/interamerica.org\\\/fr\\\/2019\\\/04\\\/comment-les-adventistes-depensent-ils-leur-argent-selon-une-revue-daffaires-reputee\\\/#primaryimage\"},\"thumbnailUrl\":\"https:\\\/\\\/interamerica.org\\\/wp-content\\\/uploads\\\/2019\\\/04\\\/money-1280.jpg\",\"articleSection\":[\"Nouvelles de l'\u00c9glise mondiale\",\"RSS Fran\u00e7ais\"],\"inLanguage\":\"fr-FR\",\"potentialAction\":[{\"@type\":\"CommentAction\",\"name\":\"Comment\",\"target\":[\"https:\\\/\\\/interamerica.org\\\/fr\\\/2019\\\/04\\\/comment-les-adventistes-depensent-ils-leur-argent-selon-une-revue-daffaires-reputee\\\/#respond\"]}]},{\"@type\":\"WebPage\",\"@id\":\"https:\\\/\\\/interamerica.org\\\/fr\\\/2019\\\/04\\\/comment-les-adventistes-depensent-ils-leur-argent-selon-une-revue-daffaires-reputee\\\/\",\"url\":\"https:\\\/\\\/interamerica.org\\\/fr\\\/2019\\\/04\\\/comment-les-adventistes-depensent-ils-leur-argent-selon-une-revue-daffaires-reputee\\\/\",\"name\":\"Comment les adventistes d\u00e9pensent-ils leur argent, selon une revue d\u2019affaires r\u00e9put\u00e9e? - \u00c9glise Adventiste Du Septieme Jour - Inter Am\u00e9rique Division\",\"isPartOf\":{\"@id\":\"https:\\\/\\\/interamerica.org\\\/fr\\\/#website\"},\"primaryImageOfPage\":{\"@id\":\"https:\\\/\\\/interamerica.org\\\/fr\\\/2019\\\/04\\\/comment-les-adventistes-depensent-ils-leur-argent-selon-une-revue-daffaires-reputee\\\/#primaryimage\"},\"image\":{\"@id\":\"https:\\\/\\\/interamerica.org\\\/fr\\\/2019\\\/04\\\/comment-les-adventistes-depensent-ils-leur-argent-selon-une-revue-daffaires-reputee\\\/#primaryimage\"},\"thumbnailUrl\":\"https:\\\/\\\/interamerica.org\\\/wp-content\\\/uploads\\\/2019\\\/04\\\/money-1280.jpg\",\"datePublished\":\"2019-04-28T14:26:11+00:00\",\"dateModified\":\"2019-04-29T00:37:35+00:00\",\"author\":{\"@id\":\"https:\\\/\\\/interamerica.org\\\/fr\\\/#\\\/schema\\\/person\\\/29998f2bc2d8bd0d38662909289b54f1\"},\"breadcrumb\":{\"@id\":\"https:\\\/\\\/interamerica.org\\\/fr\\\/2019\\\/04\\\/comment-les-adventistes-depensent-ils-leur-argent-selon-une-revue-daffaires-reputee\\\/#breadcrumb\"},\"inLanguage\":\"fr-FR\",\"potentialAction\":[{\"@type\":\"ReadAction\",\"target\":[\"https:\\\/\\\/interamerica.org\\\/fr\\\/2019\\\/04\\\/comment-les-adventistes-depensent-ils-leur-argent-selon-une-revue-daffaires-reputee\\\/\"]}]},{\"@type\":\"ImageObject\",\"inLanguage\":\"fr-FR\",\"@id\":\"https:\\\/\\\/interamerica.org\\\/fr\\\/2019\\\/04\\\/comment-les-adventistes-depensent-ils-leur-argent-selon-une-revue-daffaires-reputee\\\/#primaryimage\",\"url\":\"https:\\\/\\\/interamerica.org\\\/wp-content\\\/uploads\\\/2019\\\/04\\\/money-1280.jpg\",\"contentUrl\":\"https:\\\/\\\/interamerica.org\\\/wp-content\\\/uploads\\\/2019\\\/04\\\/money-1280.jpg\",\"width\":1280,\"height\":800},{\"@type\":\"BreadcrumbList\",\"@id\":\"https:\\\/\\\/interamerica.org\\\/fr\\\/2019\\\/04\\\/comment-les-adventistes-depensent-ils-leur-argent-selon-une-revue-daffaires-reputee\\\/#breadcrumb\",\"itemListElement\":[{\"@type\":\"ListItem\",\"position\":1,\"name\":\"Home\",\"item\":\"https:\\\/\\\/interamerica.org\\\/fr\\\/\"},{\"@type\":\"ListItem\",\"position\":2,\"name\":\"Comment les adventistes d\u00e9pensent-ils leur argent, selon une revue d\u2019affaires r\u00e9put\u00e9e?\"}]},{\"@type\":\"WebSite\",\"@id\":\"https:\\\/\\\/interamerica.org\\\/fr\\\/#website\",\"url\":\"https:\\\/\\\/interamerica.org\\\/fr\\\/\",\"name\":\"\u00c9glise Adventiste Du Septieme Jour - Inter Am\u00e9rique Division\",\"description\":\"\",\"potentialAction\":[{\"@type\":\"SearchAction\",\"target\":{\"@type\":\"EntryPoint\",\"urlTemplate\":\"https:\\\/\\\/interamerica.org\\\/fr\\\/?s={search_term_string}\"},\"query-input\":{\"@type\":\"PropertyValueSpecification\",\"valueRequired\":true,\"valueName\":\"search_term_string\"}}],\"inLanguage\":\"fr-FR\"},{\"@type\":\"Person\",\"@id\":\"https:\\\/\\\/interamerica.org\\\/fr\\\/#\\\/schema\\\/person\\\/29998f2bc2d8bd0d38662909289b54f1\",\"name\":\"libna\",\"image\":{\"@type\":\"ImageObject\",\"inLanguage\":\"fr-FR\",\"@id\":\"https:\\\/\\\/secure.gravatar.com\\\/avatar\\\/7c5bd30ae4b47a9ba3c856590957fd1d96dc588bf3ac05719d247e126840331f?s=96&d=mm&r=g\",\"url\":\"https:\\\/\\\/secure.gravatar.com\\\/avatar\\\/7c5bd30ae4b47a9ba3c856590957fd1d96dc588bf3ac05719d247e126840331f?s=96&d=mm&r=g\",\"contentUrl\":\"https:\\\/\\\/secure.gravatar.com\\\/avatar\\\/7c5bd30ae4b47a9ba3c856590957fd1d96dc588bf3ac05719d247e126840331f?s=96&d=mm&r=g\",\"caption\":\"libna\"}}]}<\/script>\n<!-- \/ Yoast SEO plugin. -->","yoast_head_json":{"title":"Comment les adventistes d\u00e9pensent-ils leur argent, selon une revue d\u2019affaires r\u00e9put\u00e9e? - \u00c9glise Adventiste Du Septieme Jour - Inter Am\u00e9rique Division","robots":{"index":"index","follow":"follow","max-snippet":"max-snippet:-1","max-image-preview":"max-image-preview:large","max-video-preview":"max-video-preview:-1"},"canonical":"https:\/\/interamerica.org\/fr\/2019\/04\/comment-les-adventistes-depensent-ils-leur-argent-selon-une-revue-daffaires-reputee\/","og_locale":"fr_FR","og_type":"article","og_title":"Comment les adventistes d\u00e9pensent-ils leur argent, selon une revue d\u2019affaires r\u00e9put\u00e9e? - \u00c9glise Adventiste Du Septieme Jour - Inter Am\u00e9rique Division","og_description":"Le 26 avril 2019 | Silver Spring, Maryland, \u00c9tats-Unis | Marcos Paseggi,\u00a0Adventist Review L\u2019une des revues d\u2019affaires les plus r\u00e9put\u00e9es aux \u00c9tats-Unis a r\u00e9cemment publi\u00e9 un article sur les adventistes...","og_url":"https:\/\/interamerica.org\/fr\/2019\/04\/comment-les-adventistes-depensent-ils-leur-argent-selon-une-revue-daffaires-reputee\/","og_site_name":"\u00c9glise Adventiste Du Septieme Jour - Inter Am\u00e9rique Division","article_published_time":"2019-04-28T14:26:11+00:00","article_modified_time":"2019-04-29T00:37:35+00:00","og_image":[{"width":1280,"height":800,"url":"https:\/\/interamerica.org\/wp-content\/uploads\/2019\/04\/money-1280.jpg","type":"image\/jpeg"}],"author":"libna","twitter_card":"summary_large_image","twitter_misc":{"\u00c9crit par":"libna","Dur\u00e9e de lecture estim\u00e9e":"6 minutes"},"schema":{"@context":"https:\/\/schema.org","@graph":[{"@type":"Article","@id":"https:\/\/interamerica.org\/fr\/2019\/04\/comment-les-adventistes-depensent-ils-leur-argent-selon-une-revue-daffaires-reputee\/#article","isPartOf":{"@id":"https:\/\/interamerica.org\/fr\/2019\/04\/comment-les-adventistes-depensent-ils-leur-argent-selon-une-revue-daffaires-reputee\/"},"author":{"name":"libna","@id":"https:\/\/interamerica.org\/fr\/#\/schema\/person\/29998f2bc2d8bd0d38662909289b54f1"},"headline":"Comment les adventistes d\u00e9pensent-ils leur argent, selon une revue d\u2019affaires r\u00e9put\u00e9e?","datePublished":"2019-04-28T14:26:11+00:00","dateModified":"2019-04-29T00:37:35+00:00","mainEntityOfPage":{"@id":"https:\/\/interamerica.org\/fr\/2019\/04\/comment-les-adventistes-depensent-ils-leur-argent-selon-une-revue-daffaires-reputee\/"},"wordCount":1161,"commentCount":0,"image":{"@id":"https:\/\/interamerica.org\/fr\/2019\/04\/comment-les-adventistes-depensent-ils-leur-argent-selon-une-revue-daffaires-reputee\/#primaryimage"},"thumbnailUrl":"https:\/\/interamerica.org\/wp-content\/uploads\/2019\/04\/money-1280.jpg","articleSection":["Nouvelles de l'\u00c9glise mondiale","RSS Fran\u00e7ais"],"inLanguage":"fr-FR","potentialAction":[{"@type":"CommentAction","name":"Comment","target":["https:\/\/interamerica.org\/fr\/2019\/04\/comment-les-adventistes-depensent-ils-leur-argent-selon-une-revue-daffaires-reputee\/#respond"]}]},{"@type":"WebPage","@id":"https:\/\/interamerica.org\/fr\/2019\/04\/comment-les-adventistes-depensent-ils-leur-argent-selon-une-revue-daffaires-reputee\/","url":"https:\/\/interamerica.org\/fr\/2019\/04\/comment-les-adventistes-depensent-ils-leur-argent-selon-une-revue-daffaires-reputee\/","name":"Comment les adventistes d\u00e9pensent-ils leur argent, selon une revue d\u2019affaires r\u00e9put\u00e9e? - \u00c9glise Adventiste Du Septieme Jour - Inter Am\u00e9rique Division","isPartOf":{"@id":"https:\/\/interamerica.org\/fr\/#website"},"primaryImageOfPage":{"@id":"https:\/\/interamerica.org\/fr\/2019\/04\/comment-les-adventistes-depensent-ils-leur-argent-selon-une-revue-daffaires-reputee\/#primaryimage"},"image":{"@id":"https:\/\/interamerica.org\/fr\/2019\/04\/comment-les-adventistes-depensent-ils-leur-argent-selon-une-revue-daffaires-reputee\/#primaryimage"},"thumbnailUrl":"https:\/\/interamerica.org\/wp-content\/uploads\/2019\/04\/money-1280.jpg","datePublished":"2019-04-28T14:26:11+00:00","dateModified":"2019-04-29T00:37:35+00:00","author":{"@id":"https:\/\/interamerica.org\/fr\/#\/schema\/person\/29998f2bc2d8bd0d38662909289b54f1"},"breadcrumb":{"@id":"https:\/\/interamerica.org\/fr\/2019\/04\/comment-les-adventistes-depensent-ils-leur-argent-selon-une-revue-daffaires-reputee\/#breadcrumb"},"inLanguage":"fr-FR","potentialAction":[{"@type":"ReadAction","target":["https:\/\/interamerica.org\/fr\/2019\/04\/comment-les-adventistes-depensent-ils-leur-argent-selon-une-revue-daffaires-reputee\/"]}]},{"@type":"ImageObject","inLanguage":"fr-FR","@id":"https:\/\/interamerica.org\/fr\/2019\/04\/comment-les-adventistes-depensent-ils-leur-argent-selon-une-revue-daffaires-reputee\/#primaryimage","url":"https:\/\/interamerica.org\/wp-content\/uploads\/2019\/04\/money-1280.jpg","contentUrl":"https:\/\/interamerica.org\/wp-content\/uploads\/2019\/04\/money-1280.jpg","width":1280,"height":800},{"@type":"BreadcrumbList","@id":"https:\/\/interamerica.org\/fr\/2019\/04\/comment-les-adventistes-depensent-ils-leur-argent-selon-une-revue-daffaires-reputee\/#breadcrumb","itemListElement":[{"@type":"ListItem","position":1,"name":"Home","item":"https:\/\/interamerica.org\/fr\/"},{"@type":"ListItem","position":2,"name":"Comment les adventistes d\u00e9pensent-ils leur argent, selon une revue d\u2019affaires r\u00e9put\u00e9e?"}]},{"@type":"WebSite","@id":"https:\/\/interamerica.org\/fr\/#website","url":"https:\/\/interamerica.org\/fr\/","name":"\u00c9glise Adventiste Du Septieme Jour - Inter Am\u00e9rique Division","description":"","potentialAction":[{"@type":"SearchAction","target":{"@type":"EntryPoint","urlTemplate":"https:\/\/interamerica.org\/fr\/?s={search_term_string}"},"query-input":{"@type":"PropertyValueSpecification","valueRequired":true,"valueName":"search_term_string"}}],"inLanguage":"fr-FR"},{"@type":"Person","@id":"https:\/\/interamerica.org\/fr\/#\/schema\/person\/29998f2bc2d8bd0d38662909289b54f1","name":"libna","image":{"@type":"ImageObject","inLanguage":"fr-FR","@id":"https:\/\/secure.gravatar.com\/avatar\/7c5bd30ae4b47a9ba3c856590957fd1d96dc588bf3ac05719d247e126840331f?s=96&d=mm&r=g","url":"https:\/\/secure.gravatar.com\/avatar\/7c5bd30ae4b47a9ba3c856590957fd1d96dc588bf3ac05719d247e126840331f?s=96&d=mm&r=g","contentUrl":"https:\/\/secure.gravatar.com\/avatar\/7c5bd30ae4b47a9ba3c856590957fd1d96dc588bf3ac05719d247e126840331f?s=96&d=mm&r=g","caption":"libna"}}]}},"_links":{"self":[{"href":"https:\/\/interamerica.org\/fr\/wp-json\/wp\/v2\/posts\/48624","targetHints":{"allow":["GET"]}}],"collection":[{"href":"https:\/\/interamerica.org\/fr\/wp-json\/wp\/v2\/posts"}],"about":[{"href":"https:\/\/interamerica.org\/fr\/wp-json\/wp\/v2\/types\/post"}],"author":[{"embeddable":true,"href":"https:\/\/interamerica.org\/fr\/wp-json\/wp\/v2\/users\/3"}],"replies":[{"embeddable":true,"href":"https:\/\/interamerica.org\/fr\/wp-json\/wp\/v2\/comments?post=48624"}],"version-history":[{"count":0,"href":"https:\/\/interamerica.org\/fr\/wp-json\/wp\/v2\/posts\/48624\/revisions"}],"wp:featuredmedia":[{"embeddable":true,"href":"https:\/\/interamerica.org\/fr\/wp-json\/wp\/v2\/media\/48585"}],"wp:attachment":[{"href":"https:\/\/interamerica.org\/fr\/wp-json\/wp\/v2\/media?parent=48624"}],"wp:term":[{"taxonomy":"category","embeddable":true,"href":"https:\/\/interamerica.org\/fr\/wp-json\/wp\/v2\/categories?post=48624"},{"taxonomy":"post_tag","embeddable":true,"href":"https:\/\/interamerica.org\/fr\/wp-json\/wp\/v2\/tags?post=48624"}],"curies":[{"name":"wp","href":"https:\/\/api.w.org\/{rel}","templated":true}]}}