{"id":50137,"date":"2019-07-12T09:22:34","date_gmt":"2019-07-12T13:22:34","guid":{"rendered":"https:\/\/recursing-golick.147-182-135-0.plesk.page\/?p=50137"},"modified":"2019-07-15T16:54:08","modified_gmt":"2019-07-15T20:54:08","slug":"la-sante-cest-plus-que-du-tofu-et-des-triathlons","status":"publish","type":"post","link":"https:\/\/interamerica.org\/fr\/2019\/07\/la-sante-cest-plus-que-du-tofu-et-des-triathlons\/","title":{"rendered":"\u00ab La sant\u00e9, c\u2019est plus que du tofu et des triathlons. \u00bb"},"content":{"rendered":"<p>Le 12 juillet 2019 | Loma Linda, Californie, \u00c9tats-Unis | Sandra Blackmer,\u00a0<em>Adventist Review<\/em><\/p>\n<p>D\u2019apr\u00e8s Ted Hamilton, directeur g\u00e9n\u00e9ral de programme et vice-pr\u00e9sident pour la mission et le minist\u00e8re d\u2019<em>AdventHealth<\/em>, la priorisation pourrait \u00eatre davantage li\u00e9e \u00e0 la sant\u00e9 et \u00e0 la long\u00e9vit\u00e9 que ne le croient bien des gens. C\u2019est l\u2019id\u00e9e qu\u2019il a exprim\u00e9e lors de sa pr\u00e9sentation en pl\u00e9ni\u00e8re du <em>Global Health Summit<\/em> qui s\u2019est tenu du 9 au 13 juillet 2019 \u00e0 l\u2019Universit\u00e9 de Loma Linda.<\/p>\n<p>\u00ab\u00a0Peut-\u00eatre n\u2019est-il pas seulement question d\u2019alimentation et d\u2019exercice, ou de tofu et de triathlons, a-t-il dit. Peut-\u00eatre est-il surtout question de vivre sainement et pleinement tout au long de notre vie\u00a0\u00bb et de trouver le bon \u00e9quilibre.<\/p>\n<p>Il a toutefois admis que cet \u00e9quilibre n\u2019\u00e9tait pas facile \u00e0 \u00e9tablir.<\/p>\n<p><strong>La recherche de l\u2019\u00e9quilibre<\/strong><\/p>\n<p>En 1863, Ellen White, cofondatrice de l\u2019\u00c9glise adventiste, a re\u00e7u une vision de 45 minutes soulignant la n\u00e9cessit\u00e9 d\u2019une r\u00e9forme de la sant\u00e9 qui a \u00ab\u00a0entra\u00een\u00e9 la naissance d\u2019un syst\u00e8me de soins de sant\u00e9 de 300 \u00e0 400 centres de sant\u00e9 dans le monde\u00a0\u00bb, a dit M.\u00a0Hamilton. Apr\u00e8s cette vision, elle a \u00e9crit ceci dans <em>Selected Messages\u00a0<\/em>: \u00ab\u00a0J\u2019ai vu qu\u2019il s\u2019agissait d\u2019une responsabilit\u00e9 sacr\u00e9e que de nous occuper de notre sant\u00e9 et d\u2019\u00e9veiller les gens \u00e0 leur responsabilit\u00e9. J\u2019ai vu qu\u2019il ne fallait pas \u00eatre silencieux quant au sujet de la sant\u00e9, mais que nous devions r\u00e9veiller les esprits sur le sujet\u00a0\u00bb (vol.\u00a03, p.\u00a0280).<\/p>\n<p>Et voici ce qu\u2019elle a \u00e9galement \u00e9crit dans le <em>Minist\u00e8re de la gu\u00e9rison<\/em>\u00a0: \u00ab\u00a0L\u2019air pur, le soleil, l\u2019abstinence, l\u2019eau, le repos, l\u2019exercice, une alimentation judicieuse, la confiance en Dieu, voil\u00e0 les vrais rem\u00e8des\u00a0\u00bb (p.\u00a0102). Mais m\u00eame elle et son mari, James White, avaient de la difficult\u00e9 \u00e0 trouver un \u00e9quilibre de vie, a not\u00e9 M.\u00a0Hamilton. Lorsque James a subi un grave accident vasculaire c\u00e9r\u00e9bral en 1865, leurs minist\u00e8res respectifs ont tous deux \u00ab\u00a0\u00e9t\u00e9 compromis \u00e9tant donn\u00e9 qu\u2019Ellen s\u2019est occup\u00e9e de son mari et l\u2019a aid\u00e9 \u00e0 se r\u00e9tablir\u00a0\u00bb. Ainsi, a-t-il dit, le mode de vie sain est compos\u00e9 de divers facteurs.<\/p>\n<p><strong>Notre mission\u00a0: donner de l\u2019espoir<\/strong><\/p>\n<p>M. Hamilton a poursuivi en disant que nous devions lever les yeux vers J\u00e9sus et le prendre comme exemple. Puis il a cit\u00e9 <a href=\"https:\/\/www.biblegateway.com\/passage\/?search=John+13.35&amp;version=LSG\">Jean13.35<\/a>, o\u00f9 J\u00e9sus a dit, \u00ab\u00a0\u00c0 ceci tous conna\u00eetront que vous \u00eates mes disciples, si vous avez de l\u2019amour les uns pour les autres\u00a0\u00bb. Il n\u2019a pas dit que les gens sauront que nous sommes ses disciples \u00ab\u00a0parce que nous sommes v\u00e9g\u00e9tariens ou observons le sabbat ou retournons notre d\u00eeme, mais parce que nous nous aimons les uns les autres\u00a0\u00bb. Ensuite, il a demand\u00e9, \u00ab\u00a0Formons-nous une \u00c9glise dont les membres s\u2019aiment les uns les autres et peuvent enseigner l\u2019amour autour d\u2019eux?\u00a0\u00bb<\/p>\n<p>Faisant remarquer que les aum\u00f4niers sont souvent appel\u00e9s \u00e0 conseiller des personnes qui souffrent de solitude et de d\u00e9sespoir, M.\u00a0Hamilton a sugg\u00e9r\u00e9 que notre mission est d\u2019offrir de l\u2019espoir, \u00ab\u00a0un espoir vivant par la r\u00e9surrection de J\u00e9sus Christ, un espoir vivant et transcendantal\u00a0\u00bb.<\/p>\n<p>Il a ensuite parl\u00e9 d\u2019Annie Flint, enseignante du 19<sup>e<\/sup> si\u00e8cle et exemple d\u2019espoir vivant, car apr\u00e8s avoir d\u00e9velopp\u00e9, dans la vingtaine, une forme tr\u00e8s s\u00e9v\u00e8re d\u2019arthrite, jusqu\u2019\u00e0 perdre la capacit\u00e9 de marcher, elle a choisi l\u2019espoir. Elle est devenue po\u00e8te, elle a partag\u00e9 son espoir et sa foi en Dieu dans son \u00e9criture et a inspir\u00e9 d\u2019autres personnes.<\/p>\n<p>\u00ab\u00a0Nous aussi, nous devons avoir de l\u2019espoir, a-t-il ajout\u00e9. Nous devons sortir et partager notre espoir et notre amour avec le monde entier.\u00a0\u00bb<\/p>\n<p>Traduction\u00a0: Marie-Mich\u00e8le Robitaille<\/p>\n","protected":false},"excerpt":{"rendered":"<p>Le 12 juillet 2019 | Loma Linda, Californie, \u00c9tats-Unis | Sandra Blackmer,\u00a0Adventist Review D\u2019apr\u00e8s Ted Hamilton, directeur g\u00e9n\u00e9ral de programme et vice-pr\u00e9sident pour la mission et le minist\u00e8re d\u2019AdventHealth, la&#8230;<\/p>\n","protected":false},"author":3,"featured_media":50036,"comment_status":"open","ping_status":"closed","sticky":false,"template":"","format":"standard","meta":{"_acf_changed":false,"footnotes":""},"categories":[18,19],"tags":[],"class_list":["post-50137","post","type-post","status-publish","format-standard","has-post-thumbnail","hentry","category-nouvelles-de-leglise-mondiale","category-rss-francais"],"acf":[],"yoast_head":"<!-- This site is optimized with the Yoast SEO plugin v27.3 - https:\/\/yoast.com\/product\/yoast-seo-wordpress\/ -->\n<title>\u00ab La sant\u00e9, c\u2019est plus que du tofu et des triathlons. \u00bb - \u00c9glise Adventiste Du Septieme Jour - Inter Am\u00e9rique Division<\/title>\n<meta name=\"robots\" content=\"index, follow, max-snippet:-1, max-image-preview:large, max-video-preview:-1\" \/>\n<link rel=\"canonical\" href=\"https:\/\/interamerica.org\/fr\/2019\/07\/la-sante-cest-plus-que-du-tofu-et-des-triathlons\/\" \/>\n<meta property=\"og:locale\" content=\"fr_FR\" \/>\n<meta property=\"og:type\" content=\"article\" \/>\n<meta property=\"og:title\" content=\"\u00ab La sant\u00e9, c\u2019est plus que du tofu et des triathlons. \u00bb - \u00c9glise Adventiste Du Septieme Jour - Inter Am\u00e9rique Division\" \/>\n<meta property=\"og:description\" content=\"Le 12 juillet 2019 | Loma Linda, Californie, \u00c9tats-Unis | Sandra Blackmer,\u00a0Adventist Review D\u2019apr\u00e8s Ted Hamilton, directeur g\u00e9n\u00e9ral de programme et vice-pr\u00e9sident pour la mission et le minist\u00e8re d\u2019AdventHealth, la...\" \/>\n<meta property=\"og:url\" content=\"https:\/\/interamerica.org\/fr\/2019\/07\/la-sante-cest-plus-que-du-tofu-et-des-triathlons\/\" \/>\n<meta property=\"og:site_name\" content=\"\u00c9glise Adventiste Du Septieme Jour - Inter Am\u00e9rique Division\" \/>\n<meta property=\"article:published_time\" content=\"2019-07-12T13:22:34+00:00\" \/>\n<meta property=\"article:modified_time\" content=\"2019-07-15T20:54:08+00:00\" \/>\n<meta property=\"og:image\" content=\"https:\/\/interamerica.org\/wp-content\/uploads\/2019\/07\/health-is-more-than-tofu-and-triathlons.jpg\" \/>\n\t<meta property=\"og:image:width\" content=\"1000\" \/>\n\t<meta property=\"og:image:height\" content=\"500\" \/>\n\t<meta property=\"og:image:type\" content=\"image\/jpeg\" \/>\n<meta name=\"author\" content=\"libna\" \/>\n<meta name=\"twitter:card\" content=\"summary_large_image\" \/>\n<meta name=\"twitter:label1\" content=\"\u00c9crit par\" \/>\n\t<meta name=\"twitter:data1\" content=\"libna\" \/>\n\t<meta name=\"twitter:label2\" content=\"Dur\u00e9e de lecture estim\u00e9e\" \/>\n\t<meta name=\"twitter:data2\" content=\"3 minutes\" \/>\n<script type=\"application\/ld+json\" class=\"yoast-schema-graph\">{\"@context\":\"https:\\\/\\\/schema.org\",\"@graph\":[{\"@type\":\"Article\",\"@id\":\"https:\\\/\\\/interamerica.org\\\/fr\\\/2019\\\/07\\\/la-sante-cest-plus-que-du-tofu-et-des-triathlons\\\/#article\",\"isPartOf\":{\"@id\":\"https:\\\/\\\/interamerica.org\\\/fr\\\/2019\\\/07\\\/la-sante-cest-plus-que-du-tofu-et-des-triathlons\\\/\"},\"author\":{\"name\":\"libna\",\"@id\":\"https:\\\/\\\/interamerica.org\\\/fr\\\/#\\\/schema\\\/person\\\/29998f2bc2d8bd0d38662909289b54f1\"},\"headline\":\"\u00ab La sant\u00e9, c\u2019est plus que du tofu et des triathlons. \u00bb\",\"datePublished\":\"2019-07-12T13:22:34+00:00\",\"dateModified\":\"2019-07-15T20:54:08+00:00\",\"mainEntityOfPage\":{\"@id\":\"https:\\\/\\\/interamerica.org\\\/fr\\\/2019\\\/07\\\/la-sante-cest-plus-que-du-tofu-et-des-triathlons\\\/\"},\"wordCount\":660,\"commentCount\":0,\"image\":{\"@id\":\"https:\\\/\\\/interamerica.org\\\/fr\\\/2019\\\/07\\\/la-sante-cest-plus-que-du-tofu-et-des-triathlons\\\/#primaryimage\"},\"thumbnailUrl\":\"https:\\\/\\\/interamerica.org\\\/wp-content\\\/uploads\\\/2019\\\/07\\\/health-is-more-than-tofu-and-triathlons.jpg\",\"articleSection\":[\"Nouvelles de l'\u00c9glise mondiale\",\"RSS Fran\u00e7ais\"],\"inLanguage\":\"fr-FR\",\"potentialAction\":[{\"@type\":\"CommentAction\",\"name\":\"Comment\",\"target\":[\"https:\\\/\\\/interamerica.org\\\/fr\\\/2019\\\/07\\\/la-sante-cest-plus-que-du-tofu-et-des-triathlons\\\/#respond\"]}]},{\"@type\":\"WebPage\",\"@id\":\"https:\\\/\\\/interamerica.org\\\/fr\\\/2019\\\/07\\\/la-sante-cest-plus-que-du-tofu-et-des-triathlons\\\/\",\"url\":\"https:\\\/\\\/interamerica.org\\\/fr\\\/2019\\\/07\\\/la-sante-cest-plus-que-du-tofu-et-des-triathlons\\\/\",\"name\":\"\u00ab La sant\u00e9, c\u2019est plus que du tofu et des triathlons. \u00bb - \u00c9glise Adventiste Du Septieme Jour - Inter Am\u00e9rique Division\",\"isPartOf\":{\"@id\":\"https:\\\/\\\/interamerica.org\\\/fr\\\/#website\"},\"primaryImageOfPage\":{\"@id\":\"https:\\\/\\\/interamerica.org\\\/fr\\\/2019\\\/07\\\/la-sante-cest-plus-que-du-tofu-et-des-triathlons\\\/#primaryimage\"},\"image\":{\"@id\":\"https:\\\/\\\/interamerica.org\\\/fr\\\/2019\\\/07\\\/la-sante-cest-plus-que-du-tofu-et-des-triathlons\\\/#primaryimage\"},\"thumbnailUrl\":\"https:\\\/\\\/interamerica.org\\\/wp-content\\\/uploads\\\/2019\\\/07\\\/health-is-more-than-tofu-and-triathlons.jpg\",\"datePublished\":\"2019-07-12T13:22:34+00:00\",\"dateModified\":\"2019-07-15T20:54:08+00:00\",\"author\":{\"@id\":\"https:\\\/\\\/interamerica.org\\\/fr\\\/#\\\/schema\\\/person\\\/29998f2bc2d8bd0d38662909289b54f1\"},\"breadcrumb\":{\"@id\":\"https:\\\/\\\/interamerica.org\\\/fr\\\/2019\\\/07\\\/la-sante-cest-plus-que-du-tofu-et-des-triathlons\\\/#breadcrumb\"},\"inLanguage\":\"fr-FR\",\"potentialAction\":[{\"@type\":\"ReadAction\",\"target\":[\"https:\\\/\\\/interamerica.org\\\/fr\\\/2019\\\/07\\\/la-sante-cest-plus-que-du-tofu-et-des-triathlons\\\/\"]}]},{\"@type\":\"ImageObject\",\"inLanguage\":\"fr-FR\",\"@id\":\"https:\\\/\\\/interamerica.org\\\/fr\\\/2019\\\/07\\\/la-sante-cest-plus-que-du-tofu-et-des-triathlons\\\/#primaryimage\",\"url\":\"https:\\\/\\\/interamerica.org\\\/wp-content\\\/uploads\\\/2019\\\/07\\\/health-is-more-than-tofu-and-triathlons.jpg\",\"contentUrl\":\"https:\\\/\\\/interamerica.org\\\/wp-content\\\/uploads\\\/2019\\\/07\\\/health-is-more-than-tofu-and-triathlons.jpg\",\"width\":1000,\"height\":500,\"caption\":\"Lors de sa pr\u00e9sentation en pl\u00e9ni\u00e8re du 10 juillet dernier, Ted Hamilton, directeur g\u00e9n\u00e9ral de programme et vice-pr\u00e9sident pour la mission et le minist\u00e8re d\u2019AdventHealth, a dit que la sant\u00e9 \u00e9tait \u00ab plus que du tofu et des triathlons \u00bb. Il a soulign\u00e9 qu\u2019elle \u00ab implique l\u2019\u00e9quilibre et l\u2019amour les uns pour les autres \u00bb. Une photo de Marcos Paseggi d\u2019Adventist Review.\"},{\"@type\":\"BreadcrumbList\",\"@id\":\"https:\\\/\\\/interamerica.org\\\/fr\\\/2019\\\/07\\\/la-sante-cest-plus-que-du-tofu-et-des-triathlons\\\/#breadcrumb\",\"itemListElement\":[{\"@type\":\"ListItem\",\"position\":1,\"name\":\"Home\",\"item\":\"https:\\\/\\\/interamerica.org\\\/fr\\\/\"},{\"@type\":\"ListItem\",\"position\":2,\"name\":\"\u00ab La sant\u00e9, c\u2019est plus que du tofu et des triathlons. \u00bb\"}]},{\"@type\":\"WebSite\",\"@id\":\"https:\\\/\\\/interamerica.org\\\/fr\\\/#website\",\"url\":\"https:\\\/\\\/interamerica.org\\\/fr\\\/\",\"name\":\"\u00c9glise Adventiste Du Septieme Jour - Inter Am\u00e9rique Division\",\"description\":\"\",\"potentialAction\":[{\"@type\":\"SearchAction\",\"target\":{\"@type\":\"EntryPoint\",\"urlTemplate\":\"https:\\\/\\\/interamerica.org\\\/fr\\\/?s={search_term_string}\"},\"query-input\":{\"@type\":\"PropertyValueSpecification\",\"valueRequired\":true,\"valueName\":\"search_term_string\"}}],\"inLanguage\":\"fr-FR\"},{\"@type\":\"Person\",\"@id\":\"https:\\\/\\\/interamerica.org\\\/fr\\\/#\\\/schema\\\/person\\\/29998f2bc2d8bd0d38662909289b54f1\",\"name\":\"libna\",\"image\":{\"@type\":\"ImageObject\",\"inLanguage\":\"fr-FR\",\"@id\":\"https:\\\/\\\/secure.gravatar.com\\\/avatar\\\/7c5bd30ae4b47a9ba3c856590957fd1d96dc588bf3ac05719d247e126840331f?s=96&d=mm&r=g\",\"url\":\"https:\\\/\\\/secure.gravatar.com\\\/avatar\\\/7c5bd30ae4b47a9ba3c856590957fd1d96dc588bf3ac05719d247e126840331f?s=96&d=mm&r=g\",\"contentUrl\":\"https:\\\/\\\/secure.gravatar.com\\\/avatar\\\/7c5bd30ae4b47a9ba3c856590957fd1d96dc588bf3ac05719d247e126840331f?s=96&d=mm&r=g\",\"caption\":\"libna\"}}]}<\/script>\n<!-- \/ Yoast SEO plugin. -->","yoast_head_json":{"title":"\u00ab La sant\u00e9, c\u2019est plus que du tofu et des triathlons. \u00bb - \u00c9glise Adventiste Du Septieme Jour - Inter Am\u00e9rique Division","robots":{"index":"index","follow":"follow","max-snippet":"max-snippet:-1","max-image-preview":"max-image-preview:large","max-video-preview":"max-video-preview:-1"},"canonical":"https:\/\/interamerica.org\/fr\/2019\/07\/la-sante-cest-plus-que-du-tofu-et-des-triathlons\/","og_locale":"fr_FR","og_type":"article","og_title":"\u00ab La sant\u00e9, c\u2019est plus que du tofu et des triathlons. \u00bb - \u00c9glise Adventiste Du Septieme Jour - Inter Am\u00e9rique Division","og_description":"Le 12 juillet 2019 | Loma Linda, Californie, \u00c9tats-Unis | Sandra Blackmer,\u00a0Adventist Review D\u2019apr\u00e8s Ted Hamilton, directeur g\u00e9n\u00e9ral de programme et vice-pr\u00e9sident pour la mission et le minist\u00e8re d\u2019AdventHealth, la...","og_url":"https:\/\/interamerica.org\/fr\/2019\/07\/la-sante-cest-plus-que-du-tofu-et-des-triathlons\/","og_site_name":"\u00c9glise Adventiste Du Septieme Jour - Inter Am\u00e9rique Division","article_published_time":"2019-07-12T13:22:34+00:00","article_modified_time":"2019-07-15T20:54:08+00:00","og_image":[{"width":1000,"height":500,"url":"https:\/\/interamerica.org\/wp-content\/uploads\/2019\/07\/health-is-more-than-tofu-and-triathlons.jpg","type":"image\/jpeg"}],"author":"libna","twitter_card":"summary_large_image","twitter_misc":{"\u00c9crit par":"libna","Dur\u00e9e de lecture estim\u00e9e":"3 minutes"},"schema":{"@context":"https:\/\/schema.org","@graph":[{"@type":"Article","@id":"https:\/\/interamerica.org\/fr\/2019\/07\/la-sante-cest-plus-que-du-tofu-et-des-triathlons\/#article","isPartOf":{"@id":"https:\/\/interamerica.org\/fr\/2019\/07\/la-sante-cest-plus-que-du-tofu-et-des-triathlons\/"},"author":{"name":"libna","@id":"https:\/\/interamerica.org\/fr\/#\/schema\/person\/29998f2bc2d8bd0d38662909289b54f1"},"headline":"\u00ab La sant\u00e9, c\u2019est plus que du tofu et des triathlons. \u00bb","datePublished":"2019-07-12T13:22:34+00:00","dateModified":"2019-07-15T20:54:08+00:00","mainEntityOfPage":{"@id":"https:\/\/interamerica.org\/fr\/2019\/07\/la-sante-cest-plus-que-du-tofu-et-des-triathlons\/"},"wordCount":660,"commentCount":0,"image":{"@id":"https:\/\/interamerica.org\/fr\/2019\/07\/la-sante-cest-plus-que-du-tofu-et-des-triathlons\/#primaryimage"},"thumbnailUrl":"https:\/\/interamerica.org\/wp-content\/uploads\/2019\/07\/health-is-more-than-tofu-and-triathlons.jpg","articleSection":["Nouvelles de l'\u00c9glise mondiale","RSS Fran\u00e7ais"],"inLanguage":"fr-FR","potentialAction":[{"@type":"CommentAction","name":"Comment","target":["https:\/\/interamerica.org\/fr\/2019\/07\/la-sante-cest-plus-que-du-tofu-et-des-triathlons\/#respond"]}]},{"@type":"WebPage","@id":"https:\/\/interamerica.org\/fr\/2019\/07\/la-sante-cest-plus-que-du-tofu-et-des-triathlons\/","url":"https:\/\/interamerica.org\/fr\/2019\/07\/la-sante-cest-plus-que-du-tofu-et-des-triathlons\/","name":"\u00ab La sant\u00e9, c\u2019est plus que du tofu et des triathlons. \u00bb - \u00c9glise Adventiste Du Septieme Jour - Inter Am\u00e9rique Division","isPartOf":{"@id":"https:\/\/interamerica.org\/fr\/#website"},"primaryImageOfPage":{"@id":"https:\/\/interamerica.org\/fr\/2019\/07\/la-sante-cest-plus-que-du-tofu-et-des-triathlons\/#primaryimage"},"image":{"@id":"https:\/\/interamerica.org\/fr\/2019\/07\/la-sante-cest-plus-que-du-tofu-et-des-triathlons\/#primaryimage"},"thumbnailUrl":"https:\/\/interamerica.org\/wp-content\/uploads\/2019\/07\/health-is-more-than-tofu-and-triathlons.jpg","datePublished":"2019-07-12T13:22:34+00:00","dateModified":"2019-07-15T20:54:08+00:00","author":{"@id":"https:\/\/interamerica.org\/fr\/#\/schema\/person\/29998f2bc2d8bd0d38662909289b54f1"},"breadcrumb":{"@id":"https:\/\/interamerica.org\/fr\/2019\/07\/la-sante-cest-plus-que-du-tofu-et-des-triathlons\/#breadcrumb"},"inLanguage":"fr-FR","potentialAction":[{"@type":"ReadAction","target":["https:\/\/interamerica.org\/fr\/2019\/07\/la-sante-cest-plus-que-du-tofu-et-des-triathlons\/"]}]},{"@type":"ImageObject","inLanguage":"fr-FR","@id":"https:\/\/interamerica.org\/fr\/2019\/07\/la-sante-cest-plus-que-du-tofu-et-des-triathlons\/#primaryimage","url":"https:\/\/interamerica.org\/wp-content\/uploads\/2019\/07\/health-is-more-than-tofu-and-triathlons.jpg","contentUrl":"https:\/\/interamerica.org\/wp-content\/uploads\/2019\/07\/health-is-more-than-tofu-and-triathlons.jpg","width":1000,"height":500,"caption":"Lors de sa pr\u00e9sentation en pl\u00e9ni\u00e8re du 10 juillet dernier, Ted Hamilton, directeur g\u00e9n\u00e9ral de programme et vice-pr\u00e9sident pour la mission et le minist\u00e8re d\u2019AdventHealth, a dit que la sant\u00e9 \u00e9tait \u00ab plus que du tofu et des triathlons \u00bb. Il a soulign\u00e9 qu\u2019elle \u00ab implique l\u2019\u00e9quilibre et l\u2019amour les uns pour les autres \u00bb. Une photo de Marcos Paseggi d\u2019Adventist Review."},{"@type":"BreadcrumbList","@id":"https:\/\/interamerica.org\/fr\/2019\/07\/la-sante-cest-plus-que-du-tofu-et-des-triathlons\/#breadcrumb","itemListElement":[{"@type":"ListItem","position":1,"name":"Home","item":"https:\/\/interamerica.org\/fr\/"},{"@type":"ListItem","position":2,"name":"\u00ab La sant\u00e9, c\u2019est plus que du tofu et des triathlons. \u00bb"}]},{"@type":"WebSite","@id":"https:\/\/interamerica.org\/fr\/#website","url":"https:\/\/interamerica.org\/fr\/","name":"\u00c9glise Adventiste Du Septieme Jour - Inter Am\u00e9rique Division","description":"","potentialAction":[{"@type":"SearchAction","target":{"@type":"EntryPoint","urlTemplate":"https:\/\/interamerica.org\/fr\/?s={search_term_string}"},"query-input":{"@type":"PropertyValueSpecification","valueRequired":true,"valueName":"search_term_string"}}],"inLanguage":"fr-FR"},{"@type":"Person","@id":"https:\/\/interamerica.org\/fr\/#\/schema\/person\/29998f2bc2d8bd0d38662909289b54f1","name":"libna","image":{"@type":"ImageObject","inLanguage":"fr-FR","@id":"https:\/\/secure.gravatar.com\/avatar\/7c5bd30ae4b47a9ba3c856590957fd1d96dc588bf3ac05719d247e126840331f?s=96&d=mm&r=g","url":"https:\/\/secure.gravatar.com\/avatar\/7c5bd30ae4b47a9ba3c856590957fd1d96dc588bf3ac05719d247e126840331f?s=96&d=mm&r=g","contentUrl":"https:\/\/secure.gravatar.com\/avatar\/7c5bd30ae4b47a9ba3c856590957fd1d96dc588bf3ac05719d247e126840331f?s=96&d=mm&r=g","caption":"libna"}}]}},"_links":{"self":[{"href":"https:\/\/interamerica.org\/fr\/wp-json\/wp\/v2\/posts\/50137","targetHints":{"allow":["GET"]}}],"collection":[{"href":"https:\/\/interamerica.org\/fr\/wp-json\/wp\/v2\/posts"}],"about":[{"href":"https:\/\/interamerica.org\/fr\/wp-json\/wp\/v2\/types\/post"}],"author":[{"embeddable":true,"href":"https:\/\/interamerica.org\/fr\/wp-json\/wp\/v2\/users\/3"}],"replies":[{"embeddable":true,"href":"https:\/\/interamerica.org\/fr\/wp-json\/wp\/v2\/comments?post=50137"}],"version-history":[{"count":0,"href":"https:\/\/interamerica.org\/fr\/wp-json\/wp\/v2\/posts\/50137\/revisions"}],"wp:featuredmedia":[{"embeddable":true,"href":"https:\/\/interamerica.org\/fr\/wp-json\/wp\/v2\/media\/50036"}],"wp:attachment":[{"href":"https:\/\/interamerica.org\/fr\/wp-json\/wp\/v2\/media?parent=50137"}],"wp:term":[{"taxonomy":"category","embeddable":true,"href":"https:\/\/interamerica.org\/fr\/wp-json\/wp\/v2\/categories?post=50137"},{"taxonomy":"post_tag","embeddable":true,"href":"https:\/\/interamerica.org\/fr\/wp-json\/wp\/v2\/tags?post=50137"}],"curies":[{"name":"wp","href":"https:\/\/api.w.org\/{rel}","templated":true}]}}