{"id":50394,"date":"2019-07-21T10:48:38","date_gmt":"2019-07-21T14:48:38","guid":{"rendered":"https:\/\/recursing-golick.147-182-135-0.plesk.page\/?p=50394"},"modified":"2019-07-23T12:49:41","modified_gmt":"2019-07-23T16:49:41","slug":"dapres-une-dirigeante-de-la-sante-les-croyants-ne-sont-pas-immunises-contre-les-dependances","status":"publish","type":"post","link":"https:\/\/interamerica.org\/fr\/2019\/07\/dapres-une-dirigeante-de-la-sante-les-croyants-ne-sont-pas-immunises-contre-les-dependances\/","title":{"rendered":"D\u2019apr\u00e8s une dirigeante de la sant\u00e9, les croyants ne sont pas immunis\u00e9s contre les d\u00e9pendances."},"content":{"rendered":"<div style=\"width: 806px\" class=\"wp-caption aligncenter\"><img fetchpriority=\"high\" decoding=\"async\" class=\"\" src=\"https:\/\/recursing-golick.147-182-135-0.plesk.page\/wp-content\/uploads\/2019\/07\/people-of-faith-are-not-immune-to-addictions-health-leader-says.jpg\" alt=\"\" width=\"796\" height=\"398\" \/><p class=\"wp-caption-text\">Les croyants peuvent adopter des comportements de d\u00e9pendance et nos propres membres n\u2019en font pas exception, a dit Katia Reinert, directrice adjointe du minist\u00e8re de la sant\u00e9 de l\u2019\u00c9glise adventiste, lors de sa pr\u00e9sentation au Congr\u00e8s mondial sur la sant\u00e9 et le mode de vie \u00e0 Loma Linda, en Californie, le 11 juillet 2019. Une photo de l\u2019Adventist News Network.<\/p><\/div>\n<p>Le 18 juillet 2019 | Loma Linda, Californie, \u00c9tats-Unis | Sandra Blackmer, <em>Adventist Review<\/em><\/p>\n<p>La crise mondiale des d\u00e9pendances sous toutes leurs formes m\u00e8ne \u00e0 des millions de d\u00e9c\u00e8s par ann\u00e9e, a dit Katia Reinert aux 800 professionnels de la sant\u00e9 et autres participants des 106 pays repr\u00e9sent\u00e9s lors de sa pr\u00e9sentation en pl\u00e9ni\u00e8re du 11 juillet dernier au 3<sup>e<\/sup> Congr\u00e8s mondial sur la sant\u00e9 et le mode de vie \u00e0 Loma Linda, en Californie.<\/p>\n<p>\u00ab\u00a0D\u2019apr\u00e8s l\u2019Organisation mondiale de la sant\u00e9 (OMS), 3,3 millions de d\u00e9c\u00e8s par ann\u00e9e, c\u2019est-\u00e0-dire six par minute, sont attribuables \u00e0 la consommation n\u00e9faste d\u2019alcool, a-t-elle dit. Ces statistiques stup\u00e9fiantes doivent nous pousser \u00e0 faire plus pour actionner le changement.\u00a0\u00bb<\/p>\n<p><strong>Des statistiques qui font r\u00e9fl\u00e9chir<\/strong><\/p>\n<p>Mme\u00a0Reinert, une directrice adjointe du minist\u00e8re de la sant\u00e9 \u00e0 la Conf\u00e9rence g\u00e9n\u00e9rale des adventistes du septi\u00e8me jour, a partag\u00e9 des statistiques du site OurWorldData.org qui donnent \u00e0 r\u00e9fl\u00e9chir quant au facteur de risque de d\u00e9c\u00e8s mesur\u00e9 chez tous les groupes d\u2019\u00e2ge ainsi que les deux sexes. Ces statistiques comprennent la cigarette (6,32 millions), la glyc\u00e9mie \u00e9lev\u00e9e (5,61 millions), l\u2019ob\u00e9sit\u00e9 (4,53 millions), le cholest\u00e9rol (4,39 millions), l\u2019alcool (2,81 millions) et l\u2019hypertension art\u00e9rielle (10,46 millions).<\/p>\n<p>Du m\u00eame site, elle a sp\u00e9cifi\u00e9 que le plus grand nombre de d\u00e9c\u00e8s pour le groupe des 15 \u00e0 49 ans \u00e9taient caus\u00e9s par les rapports sexuels non prot\u00e9g\u00e9s, la consommation d\u2019alcool, l\u2019hypertension art\u00e9rielle, la cigarette, l\u2019ob\u00e9sit\u00e9 et le taux \u00e9lev\u00e9 de cholest\u00e9rol.<\/p>\n<p>La charge \u00e9motive des d\u00e9pendances est \u00e9norme, a not\u00e9 Mme\u00a0Reinert, ajoutant que \u00ab\u00a0le suicide constitue l\u2019une des principales causes de d\u00e9c\u00e8s chez les adolescents et les jeunes.\u00a0\u00bb<\/p>\n<div style=\"width: 811px\" class=\"wp-caption aligncenter\"><img decoding=\"async\" src=\"https:\/\/recursing-golick.147-182-135-0.plesk.page\/wp-content\/uploads\/2019\/07\/global-health-addictions-1024x770.jpg\" alt=\"\" width=\"801\" height=\"602\" \/><p class=\"wp-caption-text\">Citant Ellen G. White, cofondatrice de l\u2019\u00c9glise adventiste, Mme Reinert a dit que \u00ab Le chagrin, l\u2019anxi\u00e9t\u00e9, le m\u00e9contentement, le remords, la m\u00e9fiance tendent \u00e0 briser les forces vives et \u00e0 provoquer l\u2019affaiblissement et la mort. \u00bb Une photo de l\u2019Adventist News Network.<\/p><\/div>\n<p>En se basant sur certains \u00e9nonc\u00e9s de l\u2019OMS sur les d\u00e9pendances, Mme\u00a0Reinert a dit que trop de familles et de communaut\u00e9s souffraient des cons\u00e9quences de la violence, de la consommation d\u2019alcool, des blessures, des troubles de sant\u00e9 mentale et des maladies comme le cancer et les accidents vasculaires c\u00e9r\u00e9braux (AVC). \u00ab\u00a0\u201cIl est temps d\u2019intensifier la lutte pour pr\u00e9venir cette s\u00e9rieuse menace au d\u00e9veloppement de saines soci\u00e9t\u00e9s\u201d\u00a0\u00bb, a dit Tedros Adhanom Ghebreyesus, directeur g\u00e9n\u00e9ral de l\u2019OMS.<\/p>\n<p><strong>La toxicomanie<\/strong><\/p>\n<p>Mme\u00a0Reinert a expliqu\u00e9 que la toxicomanie comprenait la d\u00e9pendance \u00e0 l\u2019alcool, \u00e0 la marijuana, au tabac, aux drogues illicites, aux narcotiques et opiac\u00e9s, aux benzodiaz\u00e9pines ainsi qu\u2019\u00e0 la forte consommation de caf\u00e9ine.<\/p>\n<p>Les surdoses de drogues opio\u00efdes ont r\u00e9cemment grimp\u00e9 en fl\u00e8che, a-t-elle fait remarquer. D\u2019apr\u00e8s le rapport de 2016 du <em>Surgeon General<\/em> (directeur de la sant\u00e9 publique am\u00e9ricaine) sur l\u2019alcool, les drogues et la sant\u00e9, \u00ab\u00a0En 2016, aux \u00c9tats-Unis seulement, 116 personnes sont mortes d\u2019une surdose d\u2019opiac\u00e9 tous les jours et 11,5 millions de personnes ont abus\u00e9 de m\u00e9dicaments sur ordonnance\u00a0\u00bb.<\/p>\n<p>\u00ab\u00a0Et plus de 15\u00a0000 d\u00e9c\u00e8s \u00e9taient attribuables \u00e0 une surdose d\u2019h\u00e9ro\u00efne\u00a0\u00bb, a-t-elle ajout\u00e9.<\/p>\n<p><strong>La d\u00e9pendance \u00e0 certains comportements <\/strong><\/p>\n<p>\u00ab\u00a0Mais les d\u00e9pendances comprennent plus que l\u2019abus de substances, a pr\u00e9cis\u00e9 Mme\u00a0Reinert. Elles incluent aussi les comportements compulsifs malsains.\u00a0\u00bb<\/p>\n<p>Elle a nomm\u00e9 des d\u00e9pendances \u00e0 certains comportements comme le jeu, la nourriture, la pornographie et la sexualit\u00e9, les achats, l\u2019endommagement de la peau, l\u2019internet et les r\u00e9seaux sociaux, le sport et l\u2019exercice, le travail, les jeux vid\u00e9o et la technologie.<\/p>\n<p>\u00ab\u00a0Et n\u2019allez surtout pas penser que les adventistes sont immunis\u00e9s contre de telles d\u00e9pendances. Les croyants sont \u00e9galement aux prises avec des comportements addictifs, y compris les membres de notre propre \u00c9glise.\u00a0\u00bb<\/p>\n<p>\u00ab\u00a0La souffrance n\u2019\u00e9chappe \u00e0 aucune \u00e2me, a-t-elle expliqu\u00e9, et nous nous tournons vers diverses formes de d\u00e9pendances pour traiter la douleur. Mais la d\u00e9pendance n\u2019est que la pointe de l\u2019iceberg et non le probl\u00e8me en soi. Ce sont les cicatrices \u00e9motionnelles qu\u2019il faut pointer du doigt.\u00a0\u00bb<\/p>\n<p>Et d\u2019apr\u00e8s elle, de nombreuses cicatrices viennent des exp\u00e9riences v\u00e9cues durant l\u2019enfance, exp\u00e9riences n\u00e9gatives qui peuvent avoir de graves effets sur les d\u00e9pendances, les risques sur la sant\u00e9, les maladies et la mort.<\/p>\n<p>\u00ab\u00a0Aux \u00c9tats-Unis, les exp\u00e9riences n\u00e9gatives v\u00e9cues durant l\u2019enfance sont le principal d\u00e9terminant de la sant\u00e9 et du bien-\u00eatre social ainsi que le facteur le plus important en ce qui a trait aux d\u00e9pendances sous-jacentes.\u00a0\u00bb<\/p>\n<p>Ellen White comprenait la relation entre les aspects \u00e9motionnel et physique. Dans le <em>Minist\u00e8re de la gu\u00e9rison<\/em>, \u00ab\u00a0elle a \u00e9crit que \u201cBien des maladies sont dues \u00e0 la d\u00e9pression mentale. Le chagrin, l\u2019anxi\u00e9t\u00e9, le m\u00e9contentement, le remords, la m\u00e9fiance tendent \u00e0 briser les forces vives et \u00e0 provoquer l\u2019affaiblissement et la mort\u201d\u00a0\u00bb (p.\u00a0207).<\/p>\n<p><strong>Le r\u00f4le de la communaut\u00e9 religieuse<\/strong><\/p>\n<p>Consid\u00e9rant que la communaut\u00e9 religieuse et les membres d\u2019\u00e9glise sont souvent les premiers r\u00e9pondants lorsqu\u2019une personne ou une famille fait face \u00e0 des difficult\u00e9s li\u00e9es \u00e0 la sant\u00e9 mentale ou \u00e0 un \u00e9v\u00e9nement traumatisant, \u00ab\u00a0savoir comment r\u00e9pondre \u00e0 de telles situations peut faire toute la diff\u00e9rence sur l\u2019adaptation et la gu\u00e9rison de la personne ou du groupe en question, a dit Mme\u00a0Reinert. Il faut donc offrir de la formation et des ressources.\u00a0\u00bb<\/p>\n<p>Le programme en douze \u00e9tapes <em>Journey to Wholeness<\/em> (\u00ab\u00a0Le chemin vers la sant\u00e9 totale\u00a0\u00bb), adapt\u00e9 des douze \u00e9tapes d\u2019Alcooliques Anonymes, a \u00e9t\u00e9 con\u00e7u par <em>Adventist Recovery Ministries<\/em> <em>Global<\/em> de la Conf\u00e9rence g\u00e9n\u00e9rale des adventistes du septi\u00e8me jour. Il offre une assistance biblique centr\u00e9e sur le Christ pour toutes les d\u00e9pendances. \u00ab\u00a0Je vous encourage donc \u00e0 y jeter un coup d\u2019\u0153il et \u00e0 l\u2019utiliser.\u00a0\u00bb<\/p>\n<p>Un programme ax\u00e9 sur les adolescents et la lutte contre les comportements \u00e0 risque qui s\u2019appelle <em>Youth Alive<\/em> est \u00e9galement disponible. On l\u2019utilise actuellement en Afrique, en Asie et en Europe, et il sera bient\u00f4t lanc\u00e9 au sein de la Division interam\u00e9ricaine, a-t-elle pr\u00e9cis\u00e9.<\/p>\n<p>\u00ab\u00a0<em>Youth Alive<\/em> parle des comportements sains et vise \u00e0 attribuer des mentors adultes aux adolescents.\u00a0\u00bb<\/p>\n<p>\u00ab\u00a0De nombreux jeunes peinent \u00e0 reconna\u00eetre leur valeur intrins\u00e8que, a fait remarquer Mme\u00a0Reinert. Ils ont besoin d\u2019un sentiment d\u2019appartenance et d\u2019acceptation parmi leurs pairs, mais se tournent souvent plut\u00f4t vers leurs appareils et les r\u00e9seaux sociaux \u00e0 la recherche de relations. Toutefois, ce comportement peut se transformer en d\u00e9pendance qui m\u00e8ne au bris de relations. Ils peuvent aussi commencer \u00e0 fumer de la marijuana et \u00e0 manger ou boire de mani\u00e8re compulsive pour bien se sentir. Malheureusement, ces comportements peuvent aussi mener \u00e0 de s\u00e9rieuses d\u00e9pendances.\u00a0\u00bb<\/p>\n<p>\u00ab\u00a0Mais il y a de l\u2019espoir\u00a0\u00bb, a-t-elle ajout\u00e9. L\u2019alimentation saine, l\u2019exercice, les sorties en plein air, les relations r\u00e9elles et bienveillantes avec d\u2019autres jeunes ou avec des mentors adultes et la d\u00e9couverte du plan de Dieu pour eux peuvent transformer leur vie.<\/p>\n<p>\u00ab\u00a0<em>Youth Alive<\/em> outille des facilitateurs \u00e0 aider nos jeunes \u00e0 adopter ces changements \u00e0 leur mode de vie tout en trouvant la gu\u00e9rison \u00e9motionnelle et des relations significatives.\u00a0\u00bb<\/p>\n<p>Les minist\u00e8res des jeunes et de la famille de la Conf\u00e9rence g\u00e9n\u00e9rale, <em>Adventist Mission<\/em> et de nombreuses \u00e9coles adventistes se sont associ\u00e9s pour la mise en \u0153uvre de ce programme.<\/p>\n<p><strong>Lever les yeux vers Dieu<\/strong><\/p>\n<p>\u00ab\u00a0Il est particuli\u00e8rement important, a-t-elle conclu, de lever les yeux vers Dieu et son amour, sa compassion et ses promesses, car il a promis la gu\u00e9rison et la libert\u00e9, et il est digne de notre pleine confiance.\u00a0\u00bb<\/p>\n<p>Traduction : Marie-Mich\u00e8le Robitaille<\/p>\n","protected":false},"excerpt":{"rendered":"<p>Le 18 juillet 2019 | Loma Linda, Californie, \u00c9tats-Unis | Sandra Blackmer, Adventist Review La crise mondiale des d\u00e9pendances sous toutes leurs formes m\u00e8ne \u00e0 des millions de d\u00e9c\u00e8s par&#8230;<\/p>\n","protected":false},"author":3,"featured_media":50330,"comment_status":"open","ping_status":"closed","sticky":false,"template":"","format":"standard","meta":{"_acf_changed":false,"footnotes":""},"categories":[18,19],"tags":[],"class_list":["post-50394","post","type-post","status-publish","format-standard","has-post-thumbnail","hentry","category-nouvelles-de-leglise-mondiale","category-rss-francais"],"acf":[],"yoast_head":"<!-- This site is optimized with the Yoast SEO plugin v27.3 - https:\/\/yoast.com\/product\/yoast-seo-wordpress\/ -->\n<title>D\u2019apr\u00e8s une dirigeante de la sant\u00e9, les croyants ne sont pas immunis\u00e9s contre les d\u00e9pendances. - \u00c9glise Adventiste Du Septieme Jour - Inter Am\u00e9rique Division<\/title>\n<meta name=\"robots\" content=\"index, follow, max-snippet:-1, max-image-preview:large, max-video-preview:-1\" \/>\n<link rel=\"canonical\" href=\"https:\/\/interamerica.org\/fr\/2019\/07\/dapres-une-dirigeante-de-la-sante-les-croyants-ne-sont-pas-immunises-contre-les-dependances\/\" \/>\n<meta property=\"og:locale\" content=\"fr_FR\" \/>\n<meta property=\"og:type\" content=\"article\" \/>\n<meta property=\"og:title\" content=\"D\u2019apr\u00e8s une dirigeante de la sant\u00e9, les croyants ne sont pas immunis\u00e9s contre les d\u00e9pendances. - \u00c9glise Adventiste Du Septieme Jour - Inter Am\u00e9rique Division\" \/>\n<meta property=\"og:description\" content=\"Le 18 juillet 2019 | Loma Linda, Californie, \u00c9tats-Unis | Sandra Blackmer, Adventist Review La crise mondiale des d\u00e9pendances sous toutes leurs formes m\u00e8ne \u00e0 des millions de d\u00e9c\u00e8s par...\" \/>\n<meta property=\"og:url\" content=\"https:\/\/interamerica.org\/fr\/2019\/07\/dapres-une-dirigeante-de-la-sante-les-croyants-ne-sont-pas-immunises-contre-les-dependances\/\" \/>\n<meta property=\"og:site_name\" content=\"\u00c9glise Adventiste Du Septieme Jour - Inter Am\u00e9rique Division\" \/>\n<meta property=\"article:published_time\" content=\"2019-07-21T14:48:38+00:00\" \/>\n<meta property=\"article:modified_time\" content=\"2019-07-23T16:49:41+00:00\" \/>\n<meta property=\"og:image\" content=\"https:\/\/interamerica.org\/wp-content\/uploads\/2019\/07\/people-of-faith-are-not-immune-to-addictions-health-leader-says-1280.jpg\" \/>\n\t<meta property=\"og:image:width\" content=\"1280\" \/>\n\t<meta property=\"og:image:height\" content=\"800\" \/>\n\t<meta property=\"og:image:type\" content=\"image\/jpeg\" \/>\n<meta name=\"author\" content=\"libna\" \/>\n<meta name=\"twitter:card\" content=\"summary_large_image\" \/>\n<meta name=\"twitter:label1\" content=\"\u00c9crit par\" \/>\n\t<meta name=\"twitter:data1\" content=\"libna\" \/>\n\t<meta name=\"twitter:label2\" content=\"Dur\u00e9e de lecture estim\u00e9e\" \/>\n\t<meta name=\"twitter:data2\" content=\"7 minutes\" \/>\n<script type=\"application\/ld+json\" class=\"yoast-schema-graph\">{\"@context\":\"https:\\\/\\\/schema.org\",\"@graph\":[{\"@type\":\"Article\",\"@id\":\"https:\\\/\\\/interamerica.org\\\/fr\\\/2019\\\/07\\\/dapres-une-dirigeante-de-la-sante-les-croyants-ne-sont-pas-immunises-contre-les-dependances\\\/#article\",\"isPartOf\":{\"@id\":\"https:\\\/\\\/interamerica.org\\\/fr\\\/2019\\\/07\\\/dapres-une-dirigeante-de-la-sante-les-croyants-ne-sont-pas-immunises-contre-les-dependances\\\/\"},\"author\":{\"name\":\"libna\",\"@id\":\"https:\\\/\\\/interamerica.org\\\/fr\\\/#\\\/schema\\\/person\\\/29998f2bc2d8bd0d38662909289b54f1\"},\"headline\":\"D\u2019apr\u00e8s une dirigeante de la sant\u00e9, les croyants ne sont pas immunis\u00e9s contre les d\u00e9pendances.\",\"datePublished\":\"2019-07-21T14:48:38+00:00\",\"dateModified\":\"2019-07-23T16:49:41+00:00\",\"mainEntityOfPage\":{\"@id\":\"https:\\\/\\\/interamerica.org\\\/fr\\\/2019\\\/07\\\/dapres-une-dirigeante-de-la-sante-les-croyants-ne-sont-pas-immunises-contre-les-dependances\\\/\"},\"wordCount\":1428,\"commentCount\":0,\"image\":{\"@id\":\"https:\\\/\\\/interamerica.org\\\/fr\\\/2019\\\/07\\\/dapres-une-dirigeante-de-la-sante-les-croyants-ne-sont-pas-immunises-contre-les-dependances\\\/#primaryimage\"},\"thumbnailUrl\":\"https:\\\/\\\/interamerica.org\\\/wp-content\\\/uploads\\\/2019\\\/07\\\/people-of-faith-are-not-immune-to-addictions-health-leader-says-1280.jpg\",\"articleSection\":[\"Nouvelles de l'\u00c9glise mondiale\",\"RSS Fran\u00e7ais\"],\"inLanguage\":\"fr-FR\",\"potentialAction\":[{\"@type\":\"CommentAction\",\"name\":\"Comment\",\"target\":[\"https:\\\/\\\/interamerica.org\\\/fr\\\/2019\\\/07\\\/dapres-une-dirigeante-de-la-sante-les-croyants-ne-sont-pas-immunises-contre-les-dependances\\\/#respond\"]}]},{\"@type\":\"WebPage\",\"@id\":\"https:\\\/\\\/interamerica.org\\\/fr\\\/2019\\\/07\\\/dapres-une-dirigeante-de-la-sante-les-croyants-ne-sont-pas-immunises-contre-les-dependances\\\/\",\"url\":\"https:\\\/\\\/interamerica.org\\\/fr\\\/2019\\\/07\\\/dapres-une-dirigeante-de-la-sante-les-croyants-ne-sont-pas-immunises-contre-les-dependances\\\/\",\"name\":\"D\u2019apr\u00e8s une dirigeante de la sant\u00e9, les croyants ne sont pas immunis\u00e9s contre les d\u00e9pendances. - \u00c9glise Adventiste Du Septieme Jour - Inter Am\u00e9rique Division\",\"isPartOf\":{\"@id\":\"https:\\\/\\\/interamerica.org\\\/fr\\\/#website\"},\"primaryImageOfPage\":{\"@id\":\"https:\\\/\\\/interamerica.org\\\/fr\\\/2019\\\/07\\\/dapres-une-dirigeante-de-la-sante-les-croyants-ne-sont-pas-immunises-contre-les-dependances\\\/#primaryimage\"},\"image\":{\"@id\":\"https:\\\/\\\/interamerica.org\\\/fr\\\/2019\\\/07\\\/dapres-une-dirigeante-de-la-sante-les-croyants-ne-sont-pas-immunises-contre-les-dependances\\\/#primaryimage\"},\"thumbnailUrl\":\"https:\\\/\\\/interamerica.org\\\/wp-content\\\/uploads\\\/2019\\\/07\\\/people-of-faith-are-not-immune-to-addictions-health-leader-says-1280.jpg\",\"datePublished\":\"2019-07-21T14:48:38+00:00\",\"dateModified\":\"2019-07-23T16:49:41+00:00\",\"author\":{\"@id\":\"https:\\\/\\\/interamerica.org\\\/fr\\\/#\\\/schema\\\/person\\\/29998f2bc2d8bd0d38662909289b54f1\"},\"breadcrumb\":{\"@id\":\"https:\\\/\\\/interamerica.org\\\/fr\\\/2019\\\/07\\\/dapres-une-dirigeante-de-la-sante-les-croyants-ne-sont-pas-immunises-contre-les-dependances\\\/#breadcrumb\"},\"inLanguage\":\"fr-FR\",\"potentialAction\":[{\"@type\":\"ReadAction\",\"target\":[\"https:\\\/\\\/interamerica.org\\\/fr\\\/2019\\\/07\\\/dapres-une-dirigeante-de-la-sante-les-croyants-ne-sont-pas-immunises-contre-les-dependances\\\/\"]}]},{\"@type\":\"ImageObject\",\"inLanguage\":\"fr-FR\",\"@id\":\"https:\\\/\\\/interamerica.org\\\/fr\\\/2019\\\/07\\\/dapres-une-dirigeante-de-la-sante-les-croyants-ne-sont-pas-immunises-contre-les-dependances\\\/#primaryimage\",\"url\":\"https:\\\/\\\/interamerica.org\\\/wp-content\\\/uploads\\\/2019\\\/07\\\/people-of-faith-are-not-immune-to-addictions-health-leader-says-1280.jpg\",\"contentUrl\":\"https:\\\/\\\/interamerica.org\\\/wp-content\\\/uploads\\\/2019\\\/07\\\/people-of-faith-are-not-immune-to-addictions-health-leader-says-1280.jpg\",\"width\":1280,\"height\":800},{\"@type\":\"BreadcrumbList\",\"@id\":\"https:\\\/\\\/interamerica.org\\\/fr\\\/2019\\\/07\\\/dapres-une-dirigeante-de-la-sante-les-croyants-ne-sont-pas-immunises-contre-les-dependances\\\/#breadcrumb\",\"itemListElement\":[{\"@type\":\"ListItem\",\"position\":1,\"name\":\"Home\",\"item\":\"https:\\\/\\\/interamerica.org\\\/fr\\\/\"},{\"@type\":\"ListItem\",\"position\":2,\"name\":\"D\u2019apr\u00e8s une dirigeante de la sant\u00e9, les croyants ne sont pas immunis\u00e9s contre les d\u00e9pendances.\"}]},{\"@type\":\"WebSite\",\"@id\":\"https:\\\/\\\/interamerica.org\\\/fr\\\/#website\",\"url\":\"https:\\\/\\\/interamerica.org\\\/fr\\\/\",\"name\":\"\u00c9glise Adventiste Du Septieme Jour - Inter Am\u00e9rique Division\",\"description\":\"\",\"potentialAction\":[{\"@type\":\"SearchAction\",\"target\":{\"@type\":\"EntryPoint\",\"urlTemplate\":\"https:\\\/\\\/interamerica.org\\\/fr\\\/?s={search_term_string}\"},\"query-input\":{\"@type\":\"PropertyValueSpecification\",\"valueRequired\":true,\"valueName\":\"search_term_string\"}}],\"inLanguage\":\"fr-FR\"},{\"@type\":\"Person\",\"@id\":\"https:\\\/\\\/interamerica.org\\\/fr\\\/#\\\/schema\\\/person\\\/29998f2bc2d8bd0d38662909289b54f1\",\"name\":\"libna\",\"image\":{\"@type\":\"ImageObject\",\"inLanguage\":\"fr-FR\",\"@id\":\"https:\\\/\\\/secure.gravatar.com\\\/avatar\\\/7c5bd30ae4b47a9ba3c856590957fd1d96dc588bf3ac05719d247e126840331f?s=96&d=mm&r=g\",\"url\":\"https:\\\/\\\/secure.gravatar.com\\\/avatar\\\/7c5bd30ae4b47a9ba3c856590957fd1d96dc588bf3ac05719d247e126840331f?s=96&d=mm&r=g\",\"contentUrl\":\"https:\\\/\\\/secure.gravatar.com\\\/avatar\\\/7c5bd30ae4b47a9ba3c856590957fd1d96dc588bf3ac05719d247e126840331f?s=96&d=mm&r=g\",\"caption\":\"libna\"}}]}<\/script>\n<!-- \/ Yoast SEO plugin. -->","yoast_head_json":{"title":"D\u2019apr\u00e8s une dirigeante de la sant\u00e9, les croyants ne sont pas immunis\u00e9s contre les d\u00e9pendances. - \u00c9glise Adventiste Du Septieme Jour - Inter Am\u00e9rique Division","robots":{"index":"index","follow":"follow","max-snippet":"max-snippet:-1","max-image-preview":"max-image-preview:large","max-video-preview":"max-video-preview:-1"},"canonical":"https:\/\/interamerica.org\/fr\/2019\/07\/dapres-une-dirigeante-de-la-sante-les-croyants-ne-sont-pas-immunises-contre-les-dependances\/","og_locale":"fr_FR","og_type":"article","og_title":"D\u2019apr\u00e8s une dirigeante de la sant\u00e9, les croyants ne sont pas immunis\u00e9s contre les d\u00e9pendances. - \u00c9glise Adventiste Du Septieme Jour - Inter Am\u00e9rique Division","og_description":"Le 18 juillet 2019 | Loma Linda, Californie, \u00c9tats-Unis | Sandra Blackmer, Adventist Review La crise mondiale des d\u00e9pendances sous toutes leurs formes m\u00e8ne \u00e0 des millions de d\u00e9c\u00e8s par...","og_url":"https:\/\/interamerica.org\/fr\/2019\/07\/dapres-une-dirigeante-de-la-sante-les-croyants-ne-sont-pas-immunises-contre-les-dependances\/","og_site_name":"\u00c9glise Adventiste Du Septieme Jour - Inter Am\u00e9rique Division","article_published_time":"2019-07-21T14:48:38+00:00","article_modified_time":"2019-07-23T16:49:41+00:00","og_image":[{"width":1280,"height":800,"url":"https:\/\/interamerica.org\/wp-content\/uploads\/2019\/07\/people-of-faith-are-not-immune-to-addictions-health-leader-says-1280.jpg","type":"image\/jpeg"}],"author":"libna","twitter_card":"summary_large_image","twitter_misc":{"\u00c9crit par":"libna","Dur\u00e9e de lecture estim\u00e9e":"7 minutes"},"schema":{"@context":"https:\/\/schema.org","@graph":[{"@type":"Article","@id":"https:\/\/interamerica.org\/fr\/2019\/07\/dapres-une-dirigeante-de-la-sante-les-croyants-ne-sont-pas-immunises-contre-les-dependances\/#article","isPartOf":{"@id":"https:\/\/interamerica.org\/fr\/2019\/07\/dapres-une-dirigeante-de-la-sante-les-croyants-ne-sont-pas-immunises-contre-les-dependances\/"},"author":{"name":"libna","@id":"https:\/\/interamerica.org\/fr\/#\/schema\/person\/29998f2bc2d8bd0d38662909289b54f1"},"headline":"D\u2019apr\u00e8s une dirigeante de la sant\u00e9, les croyants ne sont pas immunis\u00e9s contre les d\u00e9pendances.","datePublished":"2019-07-21T14:48:38+00:00","dateModified":"2019-07-23T16:49:41+00:00","mainEntityOfPage":{"@id":"https:\/\/interamerica.org\/fr\/2019\/07\/dapres-une-dirigeante-de-la-sante-les-croyants-ne-sont-pas-immunises-contre-les-dependances\/"},"wordCount":1428,"commentCount":0,"image":{"@id":"https:\/\/interamerica.org\/fr\/2019\/07\/dapres-une-dirigeante-de-la-sante-les-croyants-ne-sont-pas-immunises-contre-les-dependances\/#primaryimage"},"thumbnailUrl":"https:\/\/interamerica.org\/wp-content\/uploads\/2019\/07\/people-of-faith-are-not-immune-to-addictions-health-leader-says-1280.jpg","articleSection":["Nouvelles de l'\u00c9glise mondiale","RSS Fran\u00e7ais"],"inLanguage":"fr-FR","potentialAction":[{"@type":"CommentAction","name":"Comment","target":["https:\/\/interamerica.org\/fr\/2019\/07\/dapres-une-dirigeante-de-la-sante-les-croyants-ne-sont-pas-immunises-contre-les-dependances\/#respond"]}]},{"@type":"WebPage","@id":"https:\/\/interamerica.org\/fr\/2019\/07\/dapres-une-dirigeante-de-la-sante-les-croyants-ne-sont-pas-immunises-contre-les-dependances\/","url":"https:\/\/interamerica.org\/fr\/2019\/07\/dapres-une-dirigeante-de-la-sante-les-croyants-ne-sont-pas-immunises-contre-les-dependances\/","name":"D\u2019apr\u00e8s une dirigeante de la sant\u00e9, les croyants ne sont pas immunis\u00e9s contre les d\u00e9pendances. - \u00c9glise Adventiste Du Septieme Jour - Inter Am\u00e9rique Division","isPartOf":{"@id":"https:\/\/interamerica.org\/fr\/#website"},"primaryImageOfPage":{"@id":"https:\/\/interamerica.org\/fr\/2019\/07\/dapres-une-dirigeante-de-la-sante-les-croyants-ne-sont-pas-immunises-contre-les-dependances\/#primaryimage"},"image":{"@id":"https:\/\/interamerica.org\/fr\/2019\/07\/dapres-une-dirigeante-de-la-sante-les-croyants-ne-sont-pas-immunises-contre-les-dependances\/#primaryimage"},"thumbnailUrl":"https:\/\/interamerica.org\/wp-content\/uploads\/2019\/07\/people-of-faith-are-not-immune-to-addictions-health-leader-says-1280.jpg","datePublished":"2019-07-21T14:48:38+00:00","dateModified":"2019-07-23T16:49:41+00:00","author":{"@id":"https:\/\/interamerica.org\/fr\/#\/schema\/person\/29998f2bc2d8bd0d38662909289b54f1"},"breadcrumb":{"@id":"https:\/\/interamerica.org\/fr\/2019\/07\/dapres-une-dirigeante-de-la-sante-les-croyants-ne-sont-pas-immunises-contre-les-dependances\/#breadcrumb"},"inLanguage":"fr-FR","potentialAction":[{"@type":"ReadAction","target":["https:\/\/interamerica.org\/fr\/2019\/07\/dapres-une-dirigeante-de-la-sante-les-croyants-ne-sont-pas-immunises-contre-les-dependances\/"]}]},{"@type":"ImageObject","inLanguage":"fr-FR","@id":"https:\/\/interamerica.org\/fr\/2019\/07\/dapres-une-dirigeante-de-la-sante-les-croyants-ne-sont-pas-immunises-contre-les-dependances\/#primaryimage","url":"https:\/\/interamerica.org\/wp-content\/uploads\/2019\/07\/people-of-faith-are-not-immune-to-addictions-health-leader-says-1280.jpg","contentUrl":"https:\/\/interamerica.org\/wp-content\/uploads\/2019\/07\/people-of-faith-are-not-immune-to-addictions-health-leader-says-1280.jpg","width":1280,"height":800},{"@type":"BreadcrumbList","@id":"https:\/\/interamerica.org\/fr\/2019\/07\/dapres-une-dirigeante-de-la-sante-les-croyants-ne-sont-pas-immunises-contre-les-dependances\/#breadcrumb","itemListElement":[{"@type":"ListItem","position":1,"name":"Home","item":"https:\/\/interamerica.org\/fr\/"},{"@type":"ListItem","position":2,"name":"D\u2019apr\u00e8s une dirigeante de la sant\u00e9, les croyants ne sont pas immunis\u00e9s contre les d\u00e9pendances."}]},{"@type":"WebSite","@id":"https:\/\/interamerica.org\/fr\/#website","url":"https:\/\/interamerica.org\/fr\/","name":"\u00c9glise Adventiste Du Septieme Jour - Inter Am\u00e9rique Division","description":"","potentialAction":[{"@type":"SearchAction","target":{"@type":"EntryPoint","urlTemplate":"https:\/\/interamerica.org\/fr\/?s={search_term_string}"},"query-input":{"@type":"PropertyValueSpecification","valueRequired":true,"valueName":"search_term_string"}}],"inLanguage":"fr-FR"},{"@type":"Person","@id":"https:\/\/interamerica.org\/fr\/#\/schema\/person\/29998f2bc2d8bd0d38662909289b54f1","name":"libna","image":{"@type":"ImageObject","inLanguage":"fr-FR","@id":"https:\/\/secure.gravatar.com\/avatar\/7c5bd30ae4b47a9ba3c856590957fd1d96dc588bf3ac05719d247e126840331f?s=96&d=mm&r=g","url":"https:\/\/secure.gravatar.com\/avatar\/7c5bd30ae4b47a9ba3c856590957fd1d96dc588bf3ac05719d247e126840331f?s=96&d=mm&r=g","contentUrl":"https:\/\/secure.gravatar.com\/avatar\/7c5bd30ae4b47a9ba3c856590957fd1d96dc588bf3ac05719d247e126840331f?s=96&d=mm&r=g","caption":"libna"}}]}},"_links":{"self":[{"href":"https:\/\/interamerica.org\/fr\/wp-json\/wp\/v2\/posts\/50394","targetHints":{"allow":["GET"]}}],"collection":[{"href":"https:\/\/interamerica.org\/fr\/wp-json\/wp\/v2\/posts"}],"about":[{"href":"https:\/\/interamerica.org\/fr\/wp-json\/wp\/v2\/types\/post"}],"author":[{"embeddable":true,"href":"https:\/\/interamerica.org\/fr\/wp-json\/wp\/v2\/users\/3"}],"replies":[{"embeddable":true,"href":"https:\/\/interamerica.org\/fr\/wp-json\/wp\/v2\/comments?post=50394"}],"version-history":[{"count":0,"href":"https:\/\/interamerica.org\/fr\/wp-json\/wp\/v2\/posts\/50394\/revisions"}],"wp:featuredmedia":[{"embeddable":true,"href":"https:\/\/interamerica.org\/fr\/wp-json\/wp\/v2\/media\/50330"}],"wp:attachment":[{"href":"https:\/\/interamerica.org\/fr\/wp-json\/wp\/v2\/media?parent=50394"}],"wp:term":[{"taxonomy":"category","embeddable":true,"href":"https:\/\/interamerica.org\/fr\/wp-json\/wp\/v2\/categories?post=50394"},{"taxonomy":"post_tag","embeddable":true,"href":"https:\/\/interamerica.org\/fr\/wp-json\/wp\/v2\/tags?post=50394"}],"curies":[{"name":"wp","href":"https:\/\/api.w.org\/{rel}","templated":true}]}}