{"id":51415,"date":"2019-09-01T12:58:50","date_gmt":"2019-09-01T16:58:50","guid":{"rendered":"https:\/\/recursing-golick.147-182-135-0.plesk.page\/?p=51415"},"modified":"2019-09-03T10:12:57","modified_gmt":"2019-09-03T14:12:57","slug":"en-allemagne-les-adventistes-celebrent-100-ans-de-ministere-aupres-des-malentendants","status":"publish","type":"post","link":"https:\/\/interamerica.org\/fr\/2019\/09\/en-allemagne-les-adventistes-celebrent-100-ans-de-ministere-aupres-des-malentendants\/","title":{"rendered":"En Allemagne, les adventistes c\u00e9l\u00e8brent 100 ans de minist\u00e8re aupr\u00e8s des malentendants."},"content":{"rendered":"<div style=\"width: 810px\" class=\"wp-caption aligncenter\"><img fetchpriority=\"high\" decoding=\"async\" class=\"\" src=\"https:\/\/recursing-golick.147-182-135-0.plesk.page\/wp-content\/uploads\/2019\/09\/in-germany-adventists-celebrate-100-years-of-ministry-to-the-hearing-impaired.jpg\" alt=\"\" width=\"800\" height=\"400\" \/><p class=\"wp-caption-text\">Le 3 ao\u00fbt dernier, en Allemagne, des membres d\u2019\u00e9glise malentendants, leurs amis et leurs supporters se sont r\u00e9unis pour c\u00e9l\u00e9brer une \u0153uvre adventiste pour les malentendants qui dure depuis 100 ans. Une photo de Gerd Wildemann.<\/p><\/div>\n<p>Le 30 ao\u00fbt 2019 | Hambrug, Allemagne | <em>Adventistischer Pressedienst<\/em> et\u00a0<em>Adventist Review<\/em><\/p>\n<p>Le 3 ao\u00fbt dernier, \u00e0 l\u2019Adventhaus Grindelberg d\u2019Hambourg, la communaut\u00e9 malentendante adventiste allemande a c\u00e9l\u00e9br\u00e9 100 ans de minist\u00e8re organis\u00e9. L\u2019\u00e9v\u00e9nement comm\u00e9moratif avait pour th\u00e8me \u00ab\u00a0Vivez-vous toujours avec J\u00e9sus?\u00a0\u00bb<\/p>\n<p><strong>Des d\u00e9buts \u00e0 Br\u00eame<\/strong><\/p>\n<p>Le 11 avril 1919, Margarete Heine (plus tard devenue Puich) a \u00e9t\u00e9 baptis\u00e9e au sien d\u2019une \u00e9glise adventiste du septi\u00e8me jour de Br\u00eame. Et c\u2019est avec elle que la mission aupr\u00e8s des adventistes malentendants a \u00e9t\u00e9 lanc\u00e9e au pays.<\/p>\n<p>N\u2019\u00e9tant pas elle-m\u00eame sourde, Mme\u00a0Heine est n\u00e9e en 1894 de parents sourds. Pour communiquer avec eux et en tant qu\u2019a\u00een\u00e9e de six enfants, elle a d\u00fb apprendre tr\u00e8s jeune le langage des signes. Puis, \u00e0 24 ans, un membre d\u2019\u00e9glise lui a fait d\u00e9couvrir la foi adventiste. Elle prenait alors soin de la famille Pohl et de ses deux enfants sourds, Else et Hilda, et a partag\u00e9 avec eux sa foi. En janvier 1920, Mme\u00a0Pohl a \u00e9t\u00e9 la premi\u00e8re personne sourde \u00e0 \u00eatre baptis\u00e9e et accept\u00e9e au sein de l\u2019\u00e9glise adventiste du septi\u00e8me jour de Br\u00eame.<\/p>\n<p>\u00c0 26 ans, Mme\u00a0Heine a fait la rencontre du Berlinois Carl Puich, un homme sourd, socialiste et ath\u00e9e. Ses croyances ont toutefois rapidement chang\u00e9, car d\u00e8s d\u00e9cembre 1920, il a \u00e9t\u00e9 enseveli sous les eaux du bapt\u00eame. Quatre jours plus tard, Carl et Margarete se sont joints l\u2019un \u00e0 l\u2019autre lors d\u2019un mariage c\u00e9l\u00e9br\u00e9 en langage des signes par le pasteur adventiste M\u00fcller, de Magdebourg.<\/p>\n<p>M. Puich est ensuite devenu le premier \u00e9vang\u00e9liste adventiste sourd d\u2019Allemagne. En 1921, il a commenc\u00e9 \u00e0 \u00e9tudier la Bible avec des gens sourds pendant que sa femme traduisait, tous les sabbats, les discussions sur la Bible et les pr\u00e9dications lors du culte d\u2019adoration.<\/p>\n<p>\u00c0 35 ans, Margarete a \u00e9t\u00e9 asserment\u00e9e comme interpr\u00e8te du langage des signes devant les tribunaux. Et ses activit\u00e9s d\u2019interpr\u00e9tation ne se limitaient pas \u00e0 la ville de Br\u00eame. On l\u2019appelait aussi \u00e0 assister m\u00e9decins et autorit\u00e9s. Pendant plus de 50 ans, elle a travaill\u00e9 sans rel\u00e2che au service des personnes malentendantes. Carl est mort en 1966 et sa femme en 1982.<\/p>\n<p><strong>Des services adventistes pour les malentendants<\/strong><\/p>\n<p>D\u2019apr\u00e8s Gerd Wildemann, directeur des minist\u00e8res aupr\u00e8s de personnes aux besoins particuliers en Allemagne, des services adventistes aux malentendants sont actuellement offerts notamment en Allemagne, en Argentine, en Australie, au Br\u00e9sil, au Canada, en France, en Espagne, aux \u00c9tats-Unis, en Italie, en Grande-Bretagne, au Kenya, au Mexique, aux Philippines, en R\u00e9publique tch\u00e8que, en Russie et en Ukraine. \u00ab\u00a0[Notre c\u00e9l\u00e9bration] \u00e9tait importante, parce que nous, communaut\u00e9 d\u2019adventistes malentendants d\u2019Allemagne, avons une longue histoire \u00e0 contempler. Avec des \u00e9v\u00e9nements comme la c\u00e9l\u00e9bration du centi\u00e8me anniversaire \u00e0 Hambourg, nous avons attir\u00e9 l\u2019attention sur la situation des malentendants dans notre \u00c9glise et affermi leur foi.\u00a0\u00bb Les pasteurs malentendants Douglas da Silva du Br\u00e9sil et Jeff Jordan des \u00c9tats-Unis faisaient partie des invit\u00e9s.<\/p>\n<p>M. Wildemann a remerci\u00e9 Dieu pour sa protection du pass\u00e9, les possibilit\u00e9s du pr\u00e9sent et les encouragements relatifs \u00e0 l\u2019avenir.<\/p>\n<p>\u00ab\u00a0Nous remercions particuli\u00e8rement nos dirigeants de l\u2019\u00c9glise mondiale pour leur soutien et nos invit\u00e9s malentendants pour leur encouragement et leurs instructions spirituelles.\u00a0\u00bb<\/p>\n<p>La c\u00e9l\u00e9bration centenaire, qui a accueilli plus de 50 personnes malentendantes, a \u00e9t\u00e9 pr\u00e9c\u00e9d\u00e9e d\u2019une semaine sur la Bible pour malentendants \u00e0 laquelle 43 personnes ont particip\u00e9, dont 33 \u00e9taient malentendants.<\/p>\n<p>Le coordonnateur des minist\u00e8res aupr\u00e8s des personnes aux besoins particuliers de la Division intereurop\u00e9enne, Corrado Cozzi, a parl\u00e9 de l\u2019\u00e9v\u00e9nement comm\u00e9moratif comme d\u2019un moment fort pour les adventistes malentendants d\u2019Allemagne et de partout dans le monde.<\/p>\n<p>\u00ab\u00a0Cet \u00e9v\u00e9nement remplit de joie nos amis malentendants allemands, mais aussi toutes les autres communaut\u00e9s d\u2019adventistes malentendants d\u2019Europe qui suivent les pas de ces pionniers\u00a0\u00bb, a dit M.\u00a0Cozzi.<\/p>\n<p><em>La <a href=\"https:\/\/news.eud.adventist.org\/en\/all-news\/news\/go\/2019-08-21\/100-years-of-seventh-day-adventist-deaf-community-in-germany\/\">version originale<\/a> de cet article en anglais a d\u2019abord \u00e9t\u00e9 pr\u00e9sent\u00e9e sur le <a href=\"https:\/\/news.eud.adventist.org\/en\/all-news\/news\/go\/2019-08-21\/100-years-of-seventh-day-adventist-deaf-community-in-germany\/\">site de nouvelles<\/a> de la Division intereurop\u00e9enne.<\/em><\/p>\n<p>Traduction : Marie-Mich\u00e8le Robitaille<\/p>\n","protected":false},"excerpt":{"rendered":"<p>Le 30 ao\u00fbt 2019 | Hambrug, Allemagne | Adventistischer Pressedienst et\u00a0Adventist Review Le 3 ao\u00fbt dernier, \u00e0 l\u2019Adventhaus Grindelberg d\u2019Hambourg, la communaut\u00e9 malentendante adventiste allemande a c\u00e9l\u00e9br\u00e9 100 ans de&#8230;<\/p>\n","protected":false},"author":3,"featured_media":51393,"comment_status":"open","ping_status":"closed","sticky":false,"template":"","format":"standard","meta":{"_acf_changed":false,"footnotes":""},"categories":[20,19],"tags":[],"class_list":["post-51415","post","type-post","status-publish","format-standard","has-post-thumbnail","hentry","category-nouvelles-du-siege-de-la-division","category-rss-francais"],"acf":[],"yoast_head":"<!-- This site is optimized with the Yoast SEO plugin v27.3 - https:\/\/yoast.com\/product\/yoast-seo-wordpress\/ -->\n<title>En Allemagne, les adventistes c\u00e9l\u00e8brent 100 ans de minist\u00e8re aupr\u00e8s des malentendants. - \u00c9glise Adventiste Du Septieme Jour - Inter Am\u00e9rique Division<\/title>\n<meta name=\"robots\" content=\"index, follow, max-snippet:-1, max-image-preview:large, max-video-preview:-1\" \/>\n<link rel=\"canonical\" href=\"https:\/\/interamerica.org\/fr\/2019\/09\/en-allemagne-les-adventistes-celebrent-100-ans-de-ministere-aupres-des-malentendants\/\" \/>\n<meta property=\"og:locale\" content=\"fr_FR\" \/>\n<meta property=\"og:type\" content=\"article\" \/>\n<meta property=\"og:title\" content=\"En Allemagne, les adventistes c\u00e9l\u00e8brent 100 ans de minist\u00e8re aupr\u00e8s des malentendants. - \u00c9glise Adventiste Du Septieme Jour - Inter Am\u00e9rique Division\" \/>\n<meta property=\"og:description\" content=\"Le 30 ao\u00fbt 2019 | Hambrug, Allemagne | Adventistischer Pressedienst et\u00a0Adventist Review Le 3 ao\u00fbt dernier, \u00e0 l\u2019Adventhaus Grindelberg d\u2019Hambourg, la communaut\u00e9 malentendante adventiste allemande a c\u00e9l\u00e9br\u00e9 100 ans de...\" \/>\n<meta property=\"og:url\" content=\"https:\/\/interamerica.org\/fr\/2019\/09\/en-allemagne-les-adventistes-celebrent-100-ans-de-ministere-aupres-des-malentendants\/\" \/>\n<meta property=\"og:site_name\" content=\"\u00c9glise Adventiste Du Septieme Jour - Inter Am\u00e9rique Division\" \/>\n<meta property=\"article:published_time\" content=\"2019-09-01T16:58:50+00:00\" \/>\n<meta property=\"article:modified_time\" content=\"2019-09-03T14:12:57+00:00\" \/>\n<meta property=\"og:image\" content=\"https:\/\/interamerica.org\/wp-content\/uploads\/2019\/09\/in-germany-adventists-celebrate-100-years-of-ministry-to-the-hearing-impaired.jpg\" \/>\n\t<meta property=\"og:image:width\" content=\"1000\" \/>\n\t<meta property=\"og:image:height\" content=\"500\" \/>\n\t<meta property=\"og:image:type\" content=\"image\/jpeg\" \/>\n<meta name=\"author\" content=\"libna\" \/>\n<meta name=\"twitter:card\" content=\"summary_large_image\" \/>\n<meta name=\"twitter:label1\" content=\"\u00c9crit par\" \/>\n\t<meta name=\"twitter:data1\" content=\"libna\" \/>\n\t<meta name=\"twitter:label2\" content=\"Dur\u00e9e de lecture estim\u00e9e\" \/>\n\t<meta name=\"twitter:data2\" content=\"4 minutes\" \/>\n<script type=\"application\/ld+json\" class=\"yoast-schema-graph\">{\"@context\":\"https:\\\/\\\/schema.org\",\"@graph\":[{\"@type\":\"Article\",\"@id\":\"https:\\\/\\\/interamerica.org\\\/fr\\\/2019\\\/09\\\/en-allemagne-les-adventistes-celebrent-100-ans-de-ministere-aupres-des-malentendants\\\/#article\",\"isPartOf\":{\"@id\":\"https:\\\/\\\/interamerica.org\\\/fr\\\/2019\\\/09\\\/en-allemagne-les-adventistes-celebrent-100-ans-de-ministere-aupres-des-malentendants\\\/\"},\"author\":{\"name\":\"libna\",\"@id\":\"https:\\\/\\\/interamerica.org\\\/fr\\\/#\\\/schema\\\/person\\\/29998f2bc2d8bd0d38662909289b54f1\"},\"headline\":\"En Allemagne, les adventistes c\u00e9l\u00e8brent 100 ans de minist\u00e8re aupr\u00e8s des malentendants.\",\"datePublished\":\"2019-09-01T16:58:50+00:00\",\"dateModified\":\"2019-09-03T14:12:57+00:00\",\"mainEntityOfPage\":{\"@id\":\"https:\\\/\\\/interamerica.org\\\/fr\\\/2019\\\/09\\\/en-allemagne-les-adventistes-celebrent-100-ans-de-ministere-aupres-des-malentendants\\\/\"},\"wordCount\":773,\"commentCount\":0,\"image\":{\"@id\":\"https:\\\/\\\/interamerica.org\\\/fr\\\/2019\\\/09\\\/en-allemagne-les-adventistes-celebrent-100-ans-de-ministere-aupres-des-malentendants\\\/#primaryimage\"},\"thumbnailUrl\":\"https:\\\/\\\/interamerica.org\\\/wp-content\\\/uploads\\\/2019\\\/09\\\/in-germany-adventists-celebrate-100-years-of-ministry-to-the-hearing-impaired.jpg\",\"articleSection\":[\"Nouvelles du si\u00e8ge de la division\",\"RSS Fran\u00e7ais\"],\"inLanguage\":\"fr-FR\",\"potentialAction\":[{\"@type\":\"CommentAction\",\"name\":\"Comment\",\"target\":[\"https:\\\/\\\/interamerica.org\\\/fr\\\/2019\\\/09\\\/en-allemagne-les-adventistes-celebrent-100-ans-de-ministere-aupres-des-malentendants\\\/#respond\"]}]},{\"@type\":\"WebPage\",\"@id\":\"https:\\\/\\\/interamerica.org\\\/fr\\\/2019\\\/09\\\/en-allemagne-les-adventistes-celebrent-100-ans-de-ministere-aupres-des-malentendants\\\/\",\"url\":\"https:\\\/\\\/interamerica.org\\\/fr\\\/2019\\\/09\\\/en-allemagne-les-adventistes-celebrent-100-ans-de-ministere-aupres-des-malentendants\\\/\",\"name\":\"En Allemagne, les adventistes c\u00e9l\u00e8brent 100 ans de minist\u00e8re aupr\u00e8s des malentendants. - \u00c9glise Adventiste Du Septieme Jour - Inter Am\u00e9rique Division\",\"isPartOf\":{\"@id\":\"https:\\\/\\\/interamerica.org\\\/fr\\\/#website\"},\"primaryImageOfPage\":{\"@id\":\"https:\\\/\\\/interamerica.org\\\/fr\\\/2019\\\/09\\\/en-allemagne-les-adventistes-celebrent-100-ans-de-ministere-aupres-des-malentendants\\\/#primaryimage\"},\"image\":{\"@id\":\"https:\\\/\\\/interamerica.org\\\/fr\\\/2019\\\/09\\\/en-allemagne-les-adventistes-celebrent-100-ans-de-ministere-aupres-des-malentendants\\\/#primaryimage\"},\"thumbnailUrl\":\"https:\\\/\\\/interamerica.org\\\/wp-content\\\/uploads\\\/2019\\\/09\\\/in-germany-adventists-celebrate-100-years-of-ministry-to-the-hearing-impaired.jpg\",\"datePublished\":\"2019-09-01T16:58:50+00:00\",\"dateModified\":\"2019-09-03T14:12:57+00:00\",\"author\":{\"@id\":\"https:\\\/\\\/interamerica.org\\\/fr\\\/#\\\/schema\\\/person\\\/29998f2bc2d8bd0d38662909289b54f1\"},\"breadcrumb\":{\"@id\":\"https:\\\/\\\/interamerica.org\\\/fr\\\/2019\\\/09\\\/en-allemagne-les-adventistes-celebrent-100-ans-de-ministere-aupres-des-malentendants\\\/#breadcrumb\"},\"inLanguage\":\"fr-FR\",\"potentialAction\":[{\"@type\":\"ReadAction\",\"target\":[\"https:\\\/\\\/interamerica.org\\\/fr\\\/2019\\\/09\\\/en-allemagne-les-adventistes-celebrent-100-ans-de-ministere-aupres-des-malentendants\\\/\"]}]},{\"@type\":\"ImageObject\",\"inLanguage\":\"fr-FR\",\"@id\":\"https:\\\/\\\/interamerica.org\\\/fr\\\/2019\\\/09\\\/en-allemagne-les-adventistes-celebrent-100-ans-de-ministere-aupres-des-malentendants\\\/#primaryimage\",\"url\":\"https:\\\/\\\/interamerica.org\\\/wp-content\\\/uploads\\\/2019\\\/09\\\/in-germany-adventists-celebrate-100-years-of-ministry-to-the-hearing-impaired.jpg\",\"contentUrl\":\"https:\\\/\\\/interamerica.org\\\/wp-content\\\/uploads\\\/2019\\\/09\\\/in-germany-adventists-celebrate-100-years-of-ministry-to-the-hearing-impaired.jpg\",\"width\":1000,\"height\":500,\"caption\":\"Le 3 ao\u00fbt dernier, en Allemagne, des membres d\u2019\u00e9glise malentendants, leurs amis et leurs supporters se sont r\u00e9unis pour c\u00e9l\u00e9brer une \u0153uvre adventiste pour les malentendants qui dure depuis 100 ans. Une photo de Gerd Wildemann.\"},{\"@type\":\"BreadcrumbList\",\"@id\":\"https:\\\/\\\/interamerica.org\\\/fr\\\/2019\\\/09\\\/en-allemagne-les-adventistes-celebrent-100-ans-de-ministere-aupres-des-malentendants\\\/#breadcrumb\",\"itemListElement\":[{\"@type\":\"ListItem\",\"position\":1,\"name\":\"Home\",\"item\":\"https:\\\/\\\/interamerica.org\\\/fr\\\/\"},{\"@type\":\"ListItem\",\"position\":2,\"name\":\"En Allemagne, les adventistes c\u00e9l\u00e8brent 100 ans de minist\u00e8re aupr\u00e8s des malentendants.\"}]},{\"@type\":\"WebSite\",\"@id\":\"https:\\\/\\\/interamerica.org\\\/fr\\\/#website\",\"url\":\"https:\\\/\\\/interamerica.org\\\/fr\\\/\",\"name\":\"\u00c9glise Adventiste Du Septieme Jour - Inter Am\u00e9rique Division\",\"description\":\"\",\"potentialAction\":[{\"@type\":\"SearchAction\",\"target\":{\"@type\":\"EntryPoint\",\"urlTemplate\":\"https:\\\/\\\/interamerica.org\\\/fr\\\/?s={search_term_string}\"},\"query-input\":{\"@type\":\"PropertyValueSpecification\",\"valueRequired\":true,\"valueName\":\"search_term_string\"}}],\"inLanguage\":\"fr-FR\"},{\"@type\":\"Person\",\"@id\":\"https:\\\/\\\/interamerica.org\\\/fr\\\/#\\\/schema\\\/person\\\/29998f2bc2d8bd0d38662909289b54f1\",\"name\":\"libna\",\"image\":{\"@type\":\"ImageObject\",\"inLanguage\":\"fr-FR\",\"@id\":\"https:\\\/\\\/secure.gravatar.com\\\/avatar\\\/7c5bd30ae4b47a9ba3c856590957fd1d96dc588bf3ac05719d247e126840331f?s=96&d=mm&r=g\",\"url\":\"https:\\\/\\\/secure.gravatar.com\\\/avatar\\\/7c5bd30ae4b47a9ba3c856590957fd1d96dc588bf3ac05719d247e126840331f?s=96&d=mm&r=g\",\"contentUrl\":\"https:\\\/\\\/secure.gravatar.com\\\/avatar\\\/7c5bd30ae4b47a9ba3c856590957fd1d96dc588bf3ac05719d247e126840331f?s=96&d=mm&r=g\",\"caption\":\"libna\"}}]}<\/script>\n<!-- \/ Yoast SEO plugin. -->","yoast_head_json":{"title":"En Allemagne, les adventistes c\u00e9l\u00e8brent 100 ans de minist\u00e8re aupr\u00e8s des malentendants. - \u00c9glise Adventiste Du Septieme Jour - Inter Am\u00e9rique Division","robots":{"index":"index","follow":"follow","max-snippet":"max-snippet:-1","max-image-preview":"max-image-preview:large","max-video-preview":"max-video-preview:-1"},"canonical":"https:\/\/interamerica.org\/fr\/2019\/09\/en-allemagne-les-adventistes-celebrent-100-ans-de-ministere-aupres-des-malentendants\/","og_locale":"fr_FR","og_type":"article","og_title":"En Allemagne, les adventistes c\u00e9l\u00e8brent 100 ans de minist\u00e8re aupr\u00e8s des malentendants. - \u00c9glise Adventiste Du Septieme Jour - Inter Am\u00e9rique Division","og_description":"Le 30 ao\u00fbt 2019 | Hambrug, Allemagne | Adventistischer Pressedienst et\u00a0Adventist Review Le 3 ao\u00fbt dernier, \u00e0 l\u2019Adventhaus Grindelberg d\u2019Hambourg, la communaut\u00e9 malentendante adventiste allemande a c\u00e9l\u00e9br\u00e9 100 ans de...","og_url":"https:\/\/interamerica.org\/fr\/2019\/09\/en-allemagne-les-adventistes-celebrent-100-ans-de-ministere-aupres-des-malentendants\/","og_site_name":"\u00c9glise Adventiste Du Septieme Jour - Inter Am\u00e9rique Division","article_published_time":"2019-09-01T16:58:50+00:00","article_modified_time":"2019-09-03T14:12:57+00:00","og_image":[{"width":1000,"height":500,"url":"https:\/\/interamerica.org\/wp-content\/uploads\/2019\/09\/in-germany-adventists-celebrate-100-years-of-ministry-to-the-hearing-impaired.jpg","type":"image\/jpeg"}],"author":"libna","twitter_card":"summary_large_image","twitter_misc":{"\u00c9crit par":"libna","Dur\u00e9e de lecture estim\u00e9e":"4 minutes"},"schema":{"@context":"https:\/\/schema.org","@graph":[{"@type":"Article","@id":"https:\/\/interamerica.org\/fr\/2019\/09\/en-allemagne-les-adventistes-celebrent-100-ans-de-ministere-aupres-des-malentendants\/#article","isPartOf":{"@id":"https:\/\/interamerica.org\/fr\/2019\/09\/en-allemagne-les-adventistes-celebrent-100-ans-de-ministere-aupres-des-malentendants\/"},"author":{"name":"libna","@id":"https:\/\/interamerica.org\/fr\/#\/schema\/person\/29998f2bc2d8bd0d38662909289b54f1"},"headline":"En Allemagne, les adventistes c\u00e9l\u00e8brent 100 ans de minist\u00e8re aupr\u00e8s des malentendants.","datePublished":"2019-09-01T16:58:50+00:00","dateModified":"2019-09-03T14:12:57+00:00","mainEntityOfPage":{"@id":"https:\/\/interamerica.org\/fr\/2019\/09\/en-allemagne-les-adventistes-celebrent-100-ans-de-ministere-aupres-des-malentendants\/"},"wordCount":773,"commentCount":0,"image":{"@id":"https:\/\/interamerica.org\/fr\/2019\/09\/en-allemagne-les-adventistes-celebrent-100-ans-de-ministere-aupres-des-malentendants\/#primaryimage"},"thumbnailUrl":"https:\/\/interamerica.org\/wp-content\/uploads\/2019\/09\/in-germany-adventists-celebrate-100-years-of-ministry-to-the-hearing-impaired.jpg","articleSection":["Nouvelles du si\u00e8ge de la division","RSS Fran\u00e7ais"],"inLanguage":"fr-FR","potentialAction":[{"@type":"CommentAction","name":"Comment","target":["https:\/\/interamerica.org\/fr\/2019\/09\/en-allemagne-les-adventistes-celebrent-100-ans-de-ministere-aupres-des-malentendants\/#respond"]}]},{"@type":"WebPage","@id":"https:\/\/interamerica.org\/fr\/2019\/09\/en-allemagne-les-adventistes-celebrent-100-ans-de-ministere-aupres-des-malentendants\/","url":"https:\/\/interamerica.org\/fr\/2019\/09\/en-allemagne-les-adventistes-celebrent-100-ans-de-ministere-aupres-des-malentendants\/","name":"En Allemagne, les adventistes c\u00e9l\u00e8brent 100 ans de minist\u00e8re aupr\u00e8s des malentendants. - \u00c9glise Adventiste Du Septieme Jour - Inter Am\u00e9rique Division","isPartOf":{"@id":"https:\/\/interamerica.org\/fr\/#website"},"primaryImageOfPage":{"@id":"https:\/\/interamerica.org\/fr\/2019\/09\/en-allemagne-les-adventistes-celebrent-100-ans-de-ministere-aupres-des-malentendants\/#primaryimage"},"image":{"@id":"https:\/\/interamerica.org\/fr\/2019\/09\/en-allemagne-les-adventistes-celebrent-100-ans-de-ministere-aupres-des-malentendants\/#primaryimage"},"thumbnailUrl":"https:\/\/interamerica.org\/wp-content\/uploads\/2019\/09\/in-germany-adventists-celebrate-100-years-of-ministry-to-the-hearing-impaired.jpg","datePublished":"2019-09-01T16:58:50+00:00","dateModified":"2019-09-03T14:12:57+00:00","author":{"@id":"https:\/\/interamerica.org\/fr\/#\/schema\/person\/29998f2bc2d8bd0d38662909289b54f1"},"breadcrumb":{"@id":"https:\/\/interamerica.org\/fr\/2019\/09\/en-allemagne-les-adventistes-celebrent-100-ans-de-ministere-aupres-des-malentendants\/#breadcrumb"},"inLanguage":"fr-FR","potentialAction":[{"@type":"ReadAction","target":["https:\/\/interamerica.org\/fr\/2019\/09\/en-allemagne-les-adventistes-celebrent-100-ans-de-ministere-aupres-des-malentendants\/"]}]},{"@type":"ImageObject","inLanguage":"fr-FR","@id":"https:\/\/interamerica.org\/fr\/2019\/09\/en-allemagne-les-adventistes-celebrent-100-ans-de-ministere-aupres-des-malentendants\/#primaryimage","url":"https:\/\/interamerica.org\/wp-content\/uploads\/2019\/09\/in-germany-adventists-celebrate-100-years-of-ministry-to-the-hearing-impaired.jpg","contentUrl":"https:\/\/interamerica.org\/wp-content\/uploads\/2019\/09\/in-germany-adventists-celebrate-100-years-of-ministry-to-the-hearing-impaired.jpg","width":1000,"height":500,"caption":"Le 3 ao\u00fbt dernier, en Allemagne, des membres d\u2019\u00e9glise malentendants, leurs amis et leurs supporters se sont r\u00e9unis pour c\u00e9l\u00e9brer une \u0153uvre adventiste pour les malentendants qui dure depuis 100 ans. Une photo de Gerd Wildemann."},{"@type":"BreadcrumbList","@id":"https:\/\/interamerica.org\/fr\/2019\/09\/en-allemagne-les-adventistes-celebrent-100-ans-de-ministere-aupres-des-malentendants\/#breadcrumb","itemListElement":[{"@type":"ListItem","position":1,"name":"Home","item":"https:\/\/interamerica.org\/fr\/"},{"@type":"ListItem","position":2,"name":"En Allemagne, les adventistes c\u00e9l\u00e8brent 100 ans de minist\u00e8re aupr\u00e8s des malentendants."}]},{"@type":"WebSite","@id":"https:\/\/interamerica.org\/fr\/#website","url":"https:\/\/interamerica.org\/fr\/","name":"\u00c9glise Adventiste Du Septieme Jour - Inter Am\u00e9rique Division","description":"","potentialAction":[{"@type":"SearchAction","target":{"@type":"EntryPoint","urlTemplate":"https:\/\/interamerica.org\/fr\/?s={search_term_string}"},"query-input":{"@type":"PropertyValueSpecification","valueRequired":true,"valueName":"search_term_string"}}],"inLanguage":"fr-FR"},{"@type":"Person","@id":"https:\/\/interamerica.org\/fr\/#\/schema\/person\/29998f2bc2d8bd0d38662909289b54f1","name":"libna","image":{"@type":"ImageObject","inLanguage":"fr-FR","@id":"https:\/\/secure.gravatar.com\/avatar\/7c5bd30ae4b47a9ba3c856590957fd1d96dc588bf3ac05719d247e126840331f?s=96&d=mm&r=g","url":"https:\/\/secure.gravatar.com\/avatar\/7c5bd30ae4b47a9ba3c856590957fd1d96dc588bf3ac05719d247e126840331f?s=96&d=mm&r=g","contentUrl":"https:\/\/secure.gravatar.com\/avatar\/7c5bd30ae4b47a9ba3c856590957fd1d96dc588bf3ac05719d247e126840331f?s=96&d=mm&r=g","caption":"libna"}}]}},"_links":{"self":[{"href":"https:\/\/interamerica.org\/fr\/wp-json\/wp\/v2\/posts\/51415","targetHints":{"allow":["GET"]}}],"collection":[{"href":"https:\/\/interamerica.org\/fr\/wp-json\/wp\/v2\/posts"}],"about":[{"href":"https:\/\/interamerica.org\/fr\/wp-json\/wp\/v2\/types\/post"}],"author":[{"embeddable":true,"href":"https:\/\/interamerica.org\/fr\/wp-json\/wp\/v2\/users\/3"}],"replies":[{"embeddable":true,"href":"https:\/\/interamerica.org\/fr\/wp-json\/wp\/v2\/comments?post=51415"}],"version-history":[{"count":0,"href":"https:\/\/interamerica.org\/fr\/wp-json\/wp\/v2\/posts\/51415\/revisions"}],"wp:featuredmedia":[{"embeddable":true,"href":"https:\/\/interamerica.org\/fr\/wp-json\/wp\/v2\/media\/51393"}],"wp:attachment":[{"href":"https:\/\/interamerica.org\/fr\/wp-json\/wp\/v2\/media?parent=51415"}],"wp:term":[{"taxonomy":"category","embeddable":true,"href":"https:\/\/interamerica.org\/fr\/wp-json\/wp\/v2\/categories?post=51415"},{"taxonomy":"post_tag","embeddable":true,"href":"https:\/\/interamerica.org\/fr\/wp-json\/wp\/v2\/tags?post=51415"}],"curies":[{"name":"wp","href":"https:\/\/api.w.org\/{rel}","templated":true}]}}