{"id":51559,"date":"2019-09-05T15:36:59","date_gmt":"2019-09-05T19:36:59","guid":{"rendered":"https:\/\/recursing-golick.147-182-135-0.plesk.page\/?p=51559"},"modified":"2019-09-06T20:39:29","modified_gmt":"2019-09-07T00:39:29","slug":"leglise-adventiste-au-mexique-devoile-un-monument-commemorant-la-bible-dans-un-parc-public","status":"publish","type":"post","link":"https:\/\/interamerica.org\/fr\/2019\/09\/leglise-adventiste-au-mexique-devoile-un-monument-commemorant-la-bible-dans-un-parc-public\/","title":{"rendered":"L\u2019\u00c9glise adventiste au Mexique d\u00e9voile un monument comm\u00e9morant la Bible dans un parc public"},"content":{"rendered":"<div id=\"attachment_51477\" style=\"width: 810px\" class=\"wp-caption aligncenter\"><img fetchpriority=\"high\" decoding=\"async\" aria-describedby=\"caption-attachment-51477\" class=\" wp-image-51476\" src=\"https:\/\/recursing-golick.147-182-135-0.plesk.page\/wp-content\/uploads\/2019\/09\/cima-monument-unveiling.jpg\" alt=\"\" width=\"800\" height=\"500\" srcset=\"https:\/\/interamerica.org\/wp-content\/uploads\/2019\/09\/cima-monument-unveiling.jpg 1000w, https:\/\/interamerica.org\/wp-content\/uploads\/2019\/09\/cima-monument-unveiling-300x188.jpg 300w, https:\/\/interamerica.org\/wp-content\/uploads\/2019\/09\/cima-monument-unveiling-768x480.jpg 768w\" sizes=\"(max-width: 800px) 100vw, 800px\" \/><p id=\"caption-attachment-51477\" class=\"wp-caption-text\">Des dirigeants adventistes du septi\u00e8me jour \u00e0 Tapachula, dans l\u2019\u00e9tat de Chiapas, au Mexique, d\u00e9voilent un monument sp\u00e9cial en l\u2019honneur de la Bible au Parc de Los Cerritos lors d\u2019une c\u00e9r\u00e9monie inaugurale, le 24 juin 2019. Le projet faisait partie d\u2019une initiative men\u00e9e dans les huit champs locaux et lanc\u00e9e en 2018 pour promouvoir et maintenir la place des Saintes \u00c9critures. Photo : Medios Soconusco.<\/p><\/div>\n<p>4 Septembre 2019 | Tapachula, Chiapas, Mexique | Uriel Castellanos et \u00c9quipe Actualit\u00e9s DIA<\/p>\n<p>L\u2019\u00c9glise adventiste du septi\u00e8me jour \u00e0 Tapachula, dans l\u2019\u00e9tat du Chiapas au Mexique, a r\u00e9cemment d\u00e9voil\u00e9 un grand monument comm\u00e9morant la Bible au Parc de Los Cerritos, au centre de la ville. L\u2019\u00e9v\u00e9nement a attir\u00e9 des dizaines de responsables gouvernementaux locaux, de responsables religieux et de membres d\u2019\u00e9glise qui ont assist\u00e9 \u00e0 la c\u00e9r\u00e9monie sp\u00e9ciale.<\/p>\n<p>\u00ab C\u2019est un moment historique qui marque la plus grande de toutes les libert\u00e9s &#8211; la libert\u00e9 religieuse, \u00bb a d\u00e9clar\u00e9 pasteur Jaime Medrano, pr\u00e9sident de l\u2019\u00c9glise adventiste \u00e0 Soconusco.<\/p>\n<p>Le repr\u00e9sentant du gouvernement, Javier Antonio Morales, a f\u00e9licit\u00e9 l\u2019\u00c9glise adventiste pour l\u2019initiative du projet. \u00ab Ce projet est repr\u00e9sentatif de ce que signifie l\u2019amour, la foi et l\u2019esp\u00e9rance, \u00bb a d\u00e9clar\u00e9 Javier Morales. \u00ab C\u2019est un message d\u2019unit\u00e9 que les autorit\u00e9s municipales et les \u00e9glises envoient non seulement au Chiapas et au Mexique, mais au monde entier. \u00bb<\/p>\n<div id=\"attachment_51474\" style=\"width: 812px\" class=\"wp-caption aligncenter\"><img decoding=\"async\" aria-describedby=\"caption-attachment-51474\" class=\" wp-image-51473\" src=\"https:\/\/recursing-golick.147-182-135-0.plesk.page\/wp-content\/uploads\/2019\/09\/cima-monument-leaders.jpg\" alt=\"\" width=\"802\" height=\"501\" srcset=\"https:\/\/interamerica.org\/wp-content\/uploads\/2019\/09\/cima-monument-leaders.jpg 1000w, https:\/\/interamerica.org\/wp-content\/uploads\/2019\/09\/cima-monument-leaders-300x188.jpg 300w, https:\/\/interamerica.org\/wp-content\/uploads\/2019\/09\/cima-monument-leaders-768x480.jpg 768w\" sizes=\"(max-width: 802px) 100vw, 802px\" \/><p id=\"caption-attachment-51474\" class=\"wp-caption-text\">Des leaders locaux, mais aussi des leaders de l\u2019\u00e9tat du Chiapas et de l\u2019\u00e9tat f\u00e9d\u00e9ral, ainsi que des dirigeants religieux, posent derri\u00e8re le monument apr\u00e8s son d\u00e9voilement avec les dirigeants adventistes du septi\u00e8me jour \u00e0 Tapachula, Soconusco, dans l\u2019\u00e9tat du Chiapas, au Mexique. Photo : Medios Soconusco<\/p><\/div>\n<p>Elvira Avalos L\u00f3pez, une repr\u00e9sentante du bureau du maire, a qualifi\u00e9 le monument de r\u00e9alisation communautaire. \u00ab Cela fait partie de la culture et t\u00e9moigne de la libert\u00e9 de croyance que nous avons dans notre pays. \u00bb<\/p>\n<p>Repr\u00e9sentant la communaut\u00e9 \u00e9vang\u00e9lique de Tapachula, le pasteur Walas Pe\u00f1a s\u2019est joint \u00e0 la c\u00e9r\u00e9monie pour soutenir cette emphase plac\u00e9e sur les \u00c9critures. \u00ab Il n\u2019y a pas de livre plus extraordinaire que la Bible, aucun ne l\u2019\u00e9gale, \u00bb a d\u00e9clar\u00e9 pasteur Pe\u00f1a.<\/p>\n<p>Le pr\u00eatre catholique Jorge Valente a applaudi les efforts de l\u2019\u00c9glise adventiste pour sensibiliser davantage la soci\u00e9t\u00e9 au retour vers les \u00c9critures. Jorge Valente a qualifi\u00e9 les Saintes \u00c9critures de \u00ab celles que nous partageons avec le plus d\u2019ardeur, c\u2019est pourquoi nous sommes heureux d\u2019\u00eatre ici. \u00bb<\/p>\n<p>Le monument est surmont\u00e9 d\u2019une Bible ouverte sur laquelle il est \u00e9crit : \u00ab Celui qui atteste ces choses dit : Oui, je viens bient\u00f4t. Amen! Viens, Seigneur J\u00e9sus! \u00bb Apocalypse 22:20. Sur les c\u00f4t\u00e9s de la base du monument figure le logo municipal de Tapachula avec l\u2019inscription : \u00ab Fid\u00e8le \u00e0 Sa Parole. L\u2019\u00c9glise adventiste du septi\u00e8me jour reconna\u00eet la Bible comme \u00e9tant la Parole de Dieu. Ta parole est une lampe \u00e0 mes pieds, une lumi\u00e8re sur mon sentier. \u00bb (Psaumes 119: 105. 2018, Ann\u00e9e de la Bible)<\/p>\n<div id=\"attachment_51471\" style=\"width: 810px\" class=\"wp-caption aligncenter\"><img decoding=\"async\" aria-describedby=\"caption-attachment-51471\" class=\" wp-image-51470\" src=\"https:\/\/recursing-golick.147-182-135-0.plesk.page\/wp-content\/uploads\/2019\/09\/cimu-monument-band.jpg\" alt=\"\" width=\"800\" height=\"500\" srcset=\"https:\/\/interamerica.org\/wp-content\/uploads\/2019\/09\/cimu-monument-band.jpg 1000w, https:\/\/interamerica.org\/wp-content\/uploads\/2019\/09\/cimu-monument-band-300x188.jpg 300w, https:\/\/interamerica.org\/wp-content\/uploads\/2019\/09\/cimu-monument-band-768x480.jpg 768w\" sizes=\"(max-width: 800px) 100vw, 800px\" \/><p id=\"caption-attachment-51471\" class=\"wp-caption-text\">L\u2019une des quatre formations musicales du syst\u00e8me \u00e9ducatif adventiste de la r\u00e9gion de Soconusco a jou\u00e9 lors de la c\u00e9r\u00e9monie de d\u00e9voilement. Photo : Medios Soconusco<\/p><\/div>\n<p>Le Monument \u00e0 l\u2019honneur de la Bible est une initiative de l\u2019\u00c9glise adventiste du septi\u00e8me jour dans l\u2019\u00e9tat du Chiapas, men\u00e9e dans le but d\u2019amener \u00e0 reconna\u00eetre la Bible comme guide de l\u2019individu et de la soci\u00e9t\u00e9 ; son objectif est de sensibiliser le public \u00e0 la lecture des \u00c9critures.<\/p>\n<p>Le monument \u00e0 l\u2019honneur de la Bible repr\u00e9sente le dernier de huit monuments comm\u00e9moratifs de ce type construits par l\u2019\u00c9glise adventiste du septi\u00e8me jour dans ses huit r\u00e9gions eccl\u00e9siales, ou champs locaux, dans l\u2019\u00e9tat du Chiapas, dans le cadre d\u2019une initiative d\u00e9but\u00e9e en 2018, qui avait \u00e9t\u00e9 d\u00e9sign\u00e9e Ann\u00e9e de la Bible. Des monuments ont \u00e9galement \u00e9t\u00e9 r\u00e9cemment d\u00e9voil\u00e9s dans les villes de Palenque, Hiuxtla, Malpaso, Pichucalco, Cintalapa et Usumacinta.<\/p>\n<p>Des organisations \u00e9vang\u00e9liques ainsi que l\u2019\u00c9glise catholique ont soutenu la p\u00e9tition demandant la possibilit\u00e9 de construire le monument, d\u2019apr\u00e8s ce qu\u2019ont indiqu\u00e9 les dirigeants adventistes locaux, qui ont soumis la p\u00e9tition l\u2019ann\u00e9e derni\u00e8re.<\/p>\n<p>\u00c0 la fin de la c\u00e9r\u00e9monie, pasteur Ignacio Navarro, pr\u00e9sident de l\u2019\u00c9glise adventiste dans l\u2019\u00e9tat du Chiapas, a parl\u00e9 du destin du monde. \u00ab Le monde avance \u00e0 grande vitesse vers <span style=\"text-decoration: line-through;\">s<\/span> sa propre destruction. Dieu est le seul \u00e0 pouvoir nous sauver, et le seul moyen de le conna\u00eetre, c\u2019est \u00e0 travers sa parole, \u00bb a d\u00e9clar\u00e9 \u00ccgnacio Navarro.<\/p>\n<p>Pasteur Navarro a invit\u00e9 les dirigeants du gouvernement \u00ab \u00e0 gouverner, en accordant aux Saintes \u00c9critures la plus grande importance, comme Dieu l\u2019a demand\u00e9. \u00bb<\/p>\n<p>Pour en savoir plus sur l\u2019\u00c9glise adventiste du septi\u00e8me jour dans l\u2019\u00e9tat du Chiapas, au Mexique, et sur ses initiatives, visitez le site<br \/>\n<a href=\"http:\/\/umch.org.mx\/\">umch.org.mx<\/a><\/p>\n<p>Traduction: Patrick Luciathe<\/p>\n","protected":false},"excerpt":{"rendered":"<p>4 Septembre 2019 | Tapachula, Chiapas, Mexique | Uriel Castellanos et \u00c9quipe Actualit\u00e9s DIA L\u2019\u00c9glise adventiste du septi\u00e8me jour \u00e0 Tapachula, dans l\u2019\u00e9tat du Chiapas au Mexique, a r\u00e9cemment d\u00e9voil\u00e9&#8230;<\/p>\n","protected":false},"author":3,"featured_media":51477,"comment_status":"open","ping_status":"closed","sticky":false,"template":"","format":"standard","meta":{"_acf_changed":false,"footnotes":""},"categories":[21,19],"tags":[],"class_list":["post-51559","post","type-post","status-publish","format-standard","has-post-thumbnail","hentry","category-nouvelles-du-territoire","category-rss-francais"],"acf":[],"yoast_head":"<!-- This site is optimized with the Yoast SEO plugin v27.3 - https:\/\/yoast.com\/product\/yoast-seo-wordpress\/ -->\n<title>L\u2019\u00c9glise adventiste au Mexique d\u00e9voile un monument comm\u00e9morant la Bible dans un parc public - \u00c9glise Adventiste Du Septieme Jour - Inter Am\u00e9rique Division<\/title>\n<meta name=\"robots\" content=\"index, follow, max-snippet:-1, max-image-preview:large, max-video-preview:-1\" \/>\n<link rel=\"canonical\" href=\"https:\/\/interamerica.org\/fr\/2019\/09\/leglise-adventiste-au-mexique-devoile-un-monument-commemorant-la-bible-dans-un-parc-public\/\" \/>\n<meta property=\"og:locale\" content=\"fr_FR\" \/>\n<meta property=\"og:type\" content=\"article\" \/>\n<meta property=\"og:title\" content=\"L\u2019\u00c9glise adventiste au Mexique d\u00e9voile un monument comm\u00e9morant la Bible dans un parc public - \u00c9glise Adventiste Du Septieme Jour - Inter Am\u00e9rique Division\" \/>\n<meta property=\"og:description\" content=\"4 Septembre 2019 | Tapachula, Chiapas, Mexique | Uriel Castellanos et \u00c9quipe Actualit\u00e9s DIA L\u2019\u00c9glise adventiste du septi\u00e8me jour \u00e0 Tapachula, dans l\u2019\u00e9tat du Chiapas au Mexique, a r\u00e9cemment d\u00e9voil\u00e9...\" \/>\n<meta property=\"og:url\" content=\"https:\/\/interamerica.org\/fr\/2019\/09\/leglise-adventiste-au-mexique-devoile-un-monument-commemorant-la-bible-dans-un-parc-public\/\" \/>\n<meta property=\"og:site_name\" content=\"\u00c9glise Adventiste Du Septieme Jour - Inter Am\u00e9rique Division\" \/>\n<meta property=\"article:published_time\" content=\"2019-09-05T19:36:59+00:00\" \/>\n<meta property=\"article:modified_time\" content=\"2019-09-07T00:39:29+00:00\" \/>\n<meta property=\"og:image\" content=\"https:\/\/interamerica.org\/wp-content\/uploads\/2019\/09\/cima-monument-unveiling.jpg\" \/>\n\t<meta property=\"og:image:width\" content=\"1000\" \/>\n\t<meta property=\"og:image:height\" content=\"625\" \/>\n\t<meta property=\"og:image:type\" content=\"image\/jpeg\" \/>\n<meta name=\"author\" content=\"libna\" \/>\n<meta name=\"twitter:card\" content=\"summary_large_image\" \/>\n<meta name=\"twitter:label1\" content=\"\u00c9crit par\" \/>\n\t<meta name=\"twitter:data1\" content=\"libna\" \/>\n\t<meta name=\"twitter:label2\" content=\"Dur\u00e9e de lecture estim\u00e9e\" \/>\n\t<meta name=\"twitter:data2\" content=\"4 minutes\" \/>\n<script type=\"application\/ld+json\" class=\"yoast-schema-graph\">{\"@context\":\"https:\\\/\\\/schema.org\",\"@graph\":[{\"@type\":\"Article\",\"@id\":\"https:\\\/\\\/interamerica.org\\\/fr\\\/2019\\\/09\\\/leglise-adventiste-au-mexique-devoile-un-monument-commemorant-la-bible-dans-un-parc-public\\\/#article\",\"isPartOf\":{\"@id\":\"https:\\\/\\\/interamerica.org\\\/fr\\\/2019\\\/09\\\/leglise-adventiste-au-mexique-devoile-un-monument-commemorant-la-bible-dans-un-parc-public\\\/\"},\"author\":{\"name\":\"libna\",\"@id\":\"https:\\\/\\\/interamerica.org\\\/fr\\\/#\\\/schema\\\/person\\\/29998f2bc2d8bd0d38662909289b54f1\"},\"headline\":\"L\u2019\u00c9glise adventiste au Mexique d\u00e9voile un monument comm\u00e9morant la Bible dans un parc public\",\"datePublished\":\"2019-09-05T19:36:59+00:00\",\"dateModified\":\"2019-09-07T00:39:29+00:00\",\"mainEntityOfPage\":{\"@id\":\"https:\\\/\\\/interamerica.org\\\/fr\\\/2019\\\/09\\\/leglise-adventiste-au-mexique-devoile-un-monument-commemorant-la-bible-dans-un-parc-public\\\/\"},\"wordCount\":899,\"commentCount\":0,\"image\":{\"@id\":\"https:\\\/\\\/interamerica.org\\\/fr\\\/2019\\\/09\\\/leglise-adventiste-au-mexique-devoile-un-monument-commemorant-la-bible-dans-un-parc-public\\\/#primaryimage\"},\"thumbnailUrl\":\"https:\\\/\\\/interamerica.org\\\/wp-content\\\/uploads\\\/2019\\\/09\\\/cima-monument-unveiling.jpg\",\"articleSection\":[\"Nouvelles du territoire\",\"RSS Fran\u00e7ais\"],\"inLanguage\":\"fr-FR\",\"potentialAction\":[{\"@type\":\"CommentAction\",\"name\":\"Comment\",\"target\":[\"https:\\\/\\\/interamerica.org\\\/fr\\\/2019\\\/09\\\/leglise-adventiste-au-mexique-devoile-un-monument-commemorant-la-bible-dans-un-parc-public\\\/#respond\"]}]},{\"@type\":\"WebPage\",\"@id\":\"https:\\\/\\\/interamerica.org\\\/fr\\\/2019\\\/09\\\/leglise-adventiste-au-mexique-devoile-un-monument-commemorant-la-bible-dans-un-parc-public\\\/\",\"url\":\"https:\\\/\\\/interamerica.org\\\/fr\\\/2019\\\/09\\\/leglise-adventiste-au-mexique-devoile-un-monument-commemorant-la-bible-dans-un-parc-public\\\/\",\"name\":\"L\u2019\u00c9glise adventiste au Mexique d\u00e9voile un monument comm\u00e9morant la Bible dans un parc public - \u00c9glise Adventiste Du Septieme Jour - Inter Am\u00e9rique Division\",\"isPartOf\":{\"@id\":\"https:\\\/\\\/interamerica.org\\\/fr\\\/#website\"},\"primaryImageOfPage\":{\"@id\":\"https:\\\/\\\/interamerica.org\\\/fr\\\/2019\\\/09\\\/leglise-adventiste-au-mexique-devoile-un-monument-commemorant-la-bible-dans-un-parc-public\\\/#primaryimage\"},\"image\":{\"@id\":\"https:\\\/\\\/interamerica.org\\\/fr\\\/2019\\\/09\\\/leglise-adventiste-au-mexique-devoile-un-monument-commemorant-la-bible-dans-un-parc-public\\\/#primaryimage\"},\"thumbnailUrl\":\"https:\\\/\\\/interamerica.org\\\/wp-content\\\/uploads\\\/2019\\\/09\\\/cima-monument-unveiling.jpg\",\"datePublished\":\"2019-09-05T19:36:59+00:00\",\"dateModified\":\"2019-09-07T00:39:29+00:00\",\"author\":{\"@id\":\"https:\\\/\\\/interamerica.org\\\/fr\\\/#\\\/schema\\\/person\\\/29998f2bc2d8bd0d38662909289b54f1\"},\"breadcrumb\":{\"@id\":\"https:\\\/\\\/interamerica.org\\\/fr\\\/2019\\\/09\\\/leglise-adventiste-au-mexique-devoile-un-monument-commemorant-la-bible-dans-un-parc-public\\\/#breadcrumb\"},\"inLanguage\":\"fr-FR\",\"potentialAction\":[{\"@type\":\"ReadAction\",\"target\":[\"https:\\\/\\\/interamerica.org\\\/fr\\\/2019\\\/09\\\/leglise-adventiste-au-mexique-devoile-un-monument-commemorant-la-bible-dans-un-parc-public\\\/\"]}]},{\"@type\":\"ImageObject\",\"inLanguage\":\"fr-FR\",\"@id\":\"https:\\\/\\\/interamerica.org\\\/fr\\\/2019\\\/09\\\/leglise-adventiste-au-mexique-devoile-un-monument-commemorant-la-bible-dans-un-parc-public\\\/#primaryimage\",\"url\":\"https:\\\/\\\/interamerica.org\\\/wp-content\\\/uploads\\\/2019\\\/09\\\/cima-monument-unveiling.jpg\",\"contentUrl\":\"https:\\\/\\\/interamerica.org\\\/wp-content\\\/uploads\\\/2019\\\/09\\\/cima-monument-unveiling.jpg\",\"width\":1000,\"height\":625,\"caption\":\"Photo: Union Mexicaine du Chiapas\"},{\"@type\":\"BreadcrumbList\",\"@id\":\"https:\\\/\\\/interamerica.org\\\/fr\\\/2019\\\/09\\\/leglise-adventiste-au-mexique-devoile-un-monument-commemorant-la-bible-dans-un-parc-public\\\/#breadcrumb\",\"itemListElement\":[{\"@type\":\"ListItem\",\"position\":1,\"name\":\"Home\",\"item\":\"https:\\\/\\\/interamerica.org\\\/fr\\\/\"},{\"@type\":\"ListItem\",\"position\":2,\"name\":\"L\u2019\u00c9glise adventiste au Mexique d\u00e9voile un monument comm\u00e9morant la Bible dans un parc public\"}]},{\"@type\":\"WebSite\",\"@id\":\"https:\\\/\\\/interamerica.org\\\/fr\\\/#website\",\"url\":\"https:\\\/\\\/interamerica.org\\\/fr\\\/\",\"name\":\"\u00c9glise Adventiste Du Septieme Jour - Inter Am\u00e9rique Division\",\"description\":\"\",\"potentialAction\":[{\"@type\":\"SearchAction\",\"target\":{\"@type\":\"EntryPoint\",\"urlTemplate\":\"https:\\\/\\\/interamerica.org\\\/fr\\\/?s={search_term_string}\"},\"query-input\":{\"@type\":\"PropertyValueSpecification\",\"valueRequired\":true,\"valueName\":\"search_term_string\"}}],\"inLanguage\":\"fr-FR\"},{\"@type\":\"Person\",\"@id\":\"https:\\\/\\\/interamerica.org\\\/fr\\\/#\\\/schema\\\/person\\\/29998f2bc2d8bd0d38662909289b54f1\",\"name\":\"libna\",\"image\":{\"@type\":\"ImageObject\",\"inLanguage\":\"fr-FR\",\"@id\":\"https:\\\/\\\/secure.gravatar.com\\\/avatar\\\/7c5bd30ae4b47a9ba3c856590957fd1d96dc588bf3ac05719d247e126840331f?s=96&d=mm&r=g\",\"url\":\"https:\\\/\\\/secure.gravatar.com\\\/avatar\\\/7c5bd30ae4b47a9ba3c856590957fd1d96dc588bf3ac05719d247e126840331f?s=96&d=mm&r=g\",\"contentUrl\":\"https:\\\/\\\/secure.gravatar.com\\\/avatar\\\/7c5bd30ae4b47a9ba3c856590957fd1d96dc588bf3ac05719d247e126840331f?s=96&d=mm&r=g\",\"caption\":\"libna\"}}]}<\/script>\n<!-- \/ Yoast SEO plugin. -->","yoast_head_json":{"title":"L\u2019\u00c9glise adventiste au Mexique d\u00e9voile un monument comm\u00e9morant la Bible dans un parc public - \u00c9glise Adventiste Du Septieme Jour - Inter Am\u00e9rique Division","robots":{"index":"index","follow":"follow","max-snippet":"max-snippet:-1","max-image-preview":"max-image-preview:large","max-video-preview":"max-video-preview:-1"},"canonical":"https:\/\/interamerica.org\/fr\/2019\/09\/leglise-adventiste-au-mexique-devoile-un-monument-commemorant-la-bible-dans-un-parc-public\/","og_locale":"fr_FR","og_type":"article","og_title":"L\u2019\u00c9glise adventiste au Mexique d\u00e9voile un monument comm\u00e9morant la Bible dans un parc public - \u00c9glise Adventiste Du Septieme Jour - Inter Am\u00e9rique Division","og_description":"4 Septembre 2019 | Tapachula, Chiapas, Mexique | Uriel Castellanos et \u00c9quipe Actualit\u00e9s DIA L\u2019\u00c9glise adventiste du septi\u00e8me jour \u00e0 Tapachula, dans l\u2019\u00e9tat du Chiapas au Mexique, a r\u00e9cemment d\u00e9voil\u00e9...","og_url":"https:\/\/interamerica.org\/fr\/2019\/09\/leglise-adventiste-au-mexique-devoile-un-monument-commemorant-la-bible-dans-un-parc-public\/","og_site_name":"\u00c9glise Adventiste Du Septieme Jour - Inter Am\u00e9rique Division","article_published_time":"2019-09-05T19:36:59+00:00","article_modified_time":"2019-09-07T00:39:29+00:00","og_image":[{"width":1000,"height":625,"url":"https:\/\/interamerica.org\/wp-content\/uploads\/2019\/09\/cima-monument-unveiling.jpg","type":"image\/jpeg"}],"author":"libna","twitter_card":"summary_large_image","twitter_misc":{"\u00c9crit par":"libna","Dur\u00e9e de lecture estim\u00e9e":"4 minutes"},"schema":{"@context":"https:\/\/schema.org","@graph":[{"@type":"Article","@id":"https:\/\/interamerica.org\/fr\/2019\/09\/leglise-adventiste-au-mexique-devoile-un-monument-commemorant-la-bible-dans-un-parc-public\/#article","isPartOf":{"@id":"https:\/\/interamerica.org\/fr\/2019\/09\/leglise-adventiste-au-mexique-devoile-un-monument-commemorant-la-bible-dans-un-parc-public\/"},"author":{"name":"libna","@id":"https:\/\/interamerica.org\/fr\/#\/schema\/person\/29998f2bc2d8bd0d38662909289b54f1"},"headline":"L\u2019\u00c9glise adventiste au Mexique d\u00e9voile un monument comm\u00e9morant la Bible dans un parc public","datePublished":"2019-09-05T19:36:59+00:00","dateModified":"2019-09-07T00:39:29+00:00","mainEntityOfPage":{"@id":"https:\/\/interamerica.org\/fr\/2019\/09\/leglise-adventiste-au-mexique-devoile-un-monument-commemorant-la-bible-dans-un-parc-public\/"},"wordCount":899,"commentCount":0,"image":{"@id":"https:\/\/interamerica.org\/fr\/2019\/09\/leglise-adventiste-au-mexique-devoile-un-monument-commemorant-la-bible-dans-un-parc-public\/#primaryimage"},"thumbnailUrl":"https:\/\/interamerica.org\/wp-content\/uploads\/2019\/09\/cima-monument-unveiling.jpg","articleSection":["Nouvelles du territoire","RSS Fran\u00e7ais"],"inLanguage":"fr-FR","potentialAction":[{"@type":"CommentAction","name":"Comment","target":["https:\/\/interamerica.org\/fr\/2019\/09\/leglise-adventiste-au-mexique-devoile-un-monument-commemorant-la-bible-dans-un-parc-public\/#respond"]}]},{"@type":"WebPage","@id":"https:\/\/interamerica.org\/fr\/2019\/09\/leglise-adventiste-au-mexique-devoile-un-monument-commemorant-la-bible-dans-un-parc-public\/","url":"https:\/\/interamerica.org\/fr\/2019\/09\/leglise-adventiste-au-mexique-devoile-un-monument-commemorant-la-bible-dans-un-parc-public\/","name":"L\u2019\u00c9glise adventiste au Mexique d\u00e9voile un monument comm\u00e9morant la Bible dans un parc public - \u00c9glise Adventiste Du Septieme Jour - Inter Am\u00e9rique Division","isPartOf":{"@id":"https:\/\/interamerica.org\/fr\/#website"},"primaryImageOfPage":{"@id":"https:\/\/interamerica.org\/fr\/2019\/09\/leglise-adventiste-au-mexique-devoile-un-monument-commemorant-la-bible-dans-un-parc-public\/#primaryimage"},"image":{"@id":"https:\/\/interamerica.org\/fr\/2019\/09\/leglise-adventiste-au-mexique-devoile-un-monument-commemorant-la-bible-dans-un-parc-public\/#primaryimage"},"thumbnailUrl":"https:\/\/interamerica.org\/wp-content\/uploads\/2019\/09\/cima-monument-unveiling.jpg","datePublished":"2019-09-05T19:36:59+00:00","dateModified":"2019-09-07T00:39:29+00:00","author":{"@id":"https:\/\/interamerica.org\/fr\/#\/schema\/person\/29998f2bc2d8bd0d38662909289b54f1"},"breadcrumb":{"@id":"https:\/\/interamerica.org\/fr\/2019\/09\/leglise-adventiste-au-mexique-devoile-un-monument-commemorant-la-bible-dans-un-parc-public\/#breadcrumb"},"inLanguage":"fr-FR","potentialAction":[{"@type":"ReadAction","target":["https:\/\/interamerica.org\/fr\/2019\/09\/leglise-adventiste-au-mexique-devoile-un-monument-commemorant-la-bible-dans-un-parc-public\/"]}]},{"@type":"ImageObject","inLanguage":"fr-FR","@id":"https:\/\/interamerica.org\/fr\/2019\/09\/leglise-adventiste-au-mexique-devoile-un-monument-commemorant-la-bible-dans-un-parc-public\/#primaryimage","url":"https:\/\/interamerica.org\/wp-content\/uploads\/2019\/09\/cima-monument-unveiling.jpg","contentUrl":"https:\/\/interamerica.org\/wp-content\/uploads\/2019\/09\/cima-monument-unveiling.jpg","width":1000,"height":625,"caption":"Photo: Union Mexicaine du Chiapas"},{"@type":"BreadcrumbList","@id":"https:\/\/interamerica.org\/fr\/2019\/09\/leglise-adventiste-au-mexique-devoile-un-monument-commemorant-la-bible-dans-un-parc-public\/#breadcrumb","itemListElement":[{"@type":"ListItem","position":1,"name":"Home","item":"https:\/\/interamerica.org\/fr\/"},{"@type":"ListItem","position":2,"name":"L\u2019\u00c9glise adventiste au Mexique d\u00e9voile un monument comm\u00e9morant la Bible dans un parc public"}]},{"@type":"WebSite","@id":"https:\/\/interamerica.org\/fr\/#website","url":"https:\/\/interamerica.org\/fr\/","name":"\u00c9glise Adventiste Du Septieme Jour - Inter Am\u00e9rique Division","description":"","potentialAction":[{"@type":"SearchAction","target":{"@type":"EntryPoint","urlTemplate":"https:\/\/interamerica.org\/fr\/?s={search_term_string}"},"query-input":{"@type":"PropertyValueSpecification","valueRequired":true,"valueName":"search_term_string"}}],"inLanguage":"fr-FR"},{"@type":"Person","@id":"https:\/\/interamerica.org\/fr\/#\/schema\/person\/29998f2bc2d8bd0d38662909289b54f1","name":"libna","image":{"@type":"ImageObject","inLanguage":"fr-FR","@id":"https:\/\/secure.gravatar.com\/avatar\/7c5bd30ae4b47a9ba3c856590957fd1d96dc588bf3ac05719d247e126840331f?s=96&d=mm&r=g","url":"https:\/\/secure.gravatar.com\/avatar\/7c5bd30ae4b47a9ba3c856590957fd1d96dc588bf3ac05719d247e126840331f?s=96&d=mm&r=g","contentUrl":"https:\/\/secure.gravatar.com\/avatar\/7c5bd30ae4b47a9ba3c856590957fd1d96dc588bf3ac05719d247e126840331f?s=96&d=mm&r=g","caption":"libna"}}]}},"_links":{"self":[{"href":"https:\/\/interamerica.org\/fr\/wp-json\/wp\/v2\/posts\/51559","targetHints":{"allow":["GET"]}}],"collection":[{"href":"https:\/\/interamerica.org\/fr\/wp-json\/wp\/v2\/posts"}],"about":[{"href":"https:\/\/interamerica.org\/fr\/wp-json\/wp\/v2\/types\/post"}],"author":[{"embeddable":true,"href":"https:\/\/interamerica.org\/fr\/wp-json\/wp\/v2\/users\/3"}],"replies":[{"embeddable":true,"href":"https:\/\/interamerica.org\/fr\/wp-json\/wp\/v2\/comments?post=51559"}],"version-history":[{"count":0,"href":"https:\/\/interamerica.org\/fr\/wp-json\/wp\/v2\/posts\/51559\/revisions"}],"wp:featuredmedia":[{"embeddable":true,"href":"https:\/\/interamerica.org\/fr\/wp-json\/wp\/v2\/media\/51477"}],"wp:attachment":[{"href":"https:\/\/interamerica.org\/fr\/wp-json\/wp\/v2\/media?parent=51559"}],"wp:term":[{"taxonomy":"category","embeddable":true,"href":"https:\/\/interamerica.org\/fr\/wp-json\/wp\/v2\/categories?post=51559"},{"taxonomy":"post_tag","embeddable":true,"href":"https:\/\/interamerica.org\/fr\/wp-json\/wp\/v2\/tags?post=51559"}],"curies":[{"name":"wp","href":"https:\/\/api.w.org\/{rel}","templated":true}]}}