{"id":51599,"date":"2019-09-06T20:45:05","date_gmt":"2019-09-07T00:45:05","guid":{"rendered":"https:\/\/recursing-golick.147-182-135-0.plesk.page\/?p=51599"},"modified":"2019-09-09T11:46:16","modified_gmt":"2019-09-09T15:46:16","slug":"au-rwanda-les-adventistes-celebrent-100-ans-devangelisation","status":"publish","type":"post","link":"https:\/\/interamerica.org\/fr\/2019\/09\/au-rwanda-les-adventistes-celebrent-100-ans-devangelisation\/","title":{"rendered":"Au Rwanda, les adventistes c\u00e9l\u00e8brent 100 ans d\u2019\u00e9vang\u00e9lisation."},"content":{"rendered":"<div style=\"width: 810px\" class=\"wp-caption aligncenter\"><img fetchpriority=\"high\" decoding=\"async\" class=\"\" src=\"https:\/\/recursing-golick.147-182-135-0.plesk.page\/wp-content\/uploads\/2019\/09\/adventists-in-rwanda-celebrate-100-years-of-mission.jpg\" alt=\"\" width=\"800\" height=\"400\" \/><p class=\"wp-caption-text\">Le 31 ao\u00fbt dernier, le pr\u00e9sident de l\u2019\u00c9glise adventiste, Ted N. C. Wilson (au centre) et sa femme, Nancy, ont salu\u00e9 les 40 000 fid\u00e8les qui se sont r\u00e9unis au stade national Amahoro, \u00e0 Kigali, pour c\u00e9l\u00e9brer 100 ans de pr\u00e9sence adventiste au Rwanda. Une photo du d\u00e9partement des Nouvelles de la Division de l\u2019Afrique du centre-est.<\/p><\/div>\n<p>Le 6 septembre 2019 | Kigali, Rwanda | Prince Bahati, Division de l\u2019Afrique du centre-est, <em>Adventist News Network<\/em> et\u00a0<em>Adventist Review<\/em><\/p>\n<p>\u00c0 Kigali, capitale du Rwanda, plus de 40\u00a0000 adventistes du septi\u00e8me jour se sont rendus au stade Amahoro pour c\u00e9l\u00e9brer 100 ans d\u2019adventisme dans leur pays. Le pr\u00e9sident de l\u2019\u00c9glise adventiste mondiale, Ted N. C. Wilson, les dirigeants r\u00e9gionaux de l\u2019\u00c9glise au Rwanda et certains repr\u00e9sentants du gouvernement \u00e9taient pr\u00e9sents lors de cet \u00e9v\u00e9nement du sabbat, 31 ao\u00fbt dernier.<\/p>\n<p>En s\u2019adressant \u00e0 l\u2019assembl\u00e9e lors de sa pr\u00e9dication, le pasteur Wilson a qualifi\u00e9 l\u2019\u00e9v\u00e9nement d\u2019<em>historique<\/em> et a rappel\u00e9 aux visiteurs la direction de Dieu \u00e0 travers les ann\u00e9es.<\/p>\n<p>Puis, en lisant des extraits du livre de Josu\u00e9, il a fait r\u00e9fl\u00e9chir la foule sur l\u2019exp\u00e9rience des enfants d\u2019Isra\u00ebl et la travers\u00e9e du Jourdain. Il a ax\u00e9 son message sur les pierres de souvenir que chaque tribu devait porter en guise de rappel du salut miraculeux de Dieu. Puis\u00e9 du th\u00e8me de la c\u00e9l\u00e9bration, \u00ab\u00a0Entre les mains de Dieu\u00a0\u00bb, il a aussi incit\u00e9 les adventistes du Rwanda \u00e0 demeurer dans les mains s\u00fbres de Dieu tout en pr\u00e9parant de fid\u00e8les rapports pour son retour.<\/p>\n<p>La c\u00e9l\u00e9bration fut aussi l\u2019occasion de rendre hommage aux premiers missionnaires adventistes qui sont arriv\u00e9s au Rwanda en 1919. En consid\u00e9rant leur d\u00e9vouement, Hesron Byilingiro, pr\u00e9sident de l\u2019\u00c9glise adventiste au Rwanda, a confirm\u00e9 leur grande contribution. \u00ab\u00a0Ils ne seront jamais oubli\u00e9s\u00a0\u00bb, a-t-il dit en expliquant qu\u2019ils ont d\u00fb s\u2019int\u00e9grer \u00e0 une culture qui leur \u00e9tait \u00e9trang\u00e8re et apprendre une nouvelle langue.<\/p>\n<p>Il a ajout\u00e9 que l\u2019\u00c9vangile r\u00e9pandu par ces missionnaires par l\u2019entremise de l\u2019\u00e9ducation et de la sant\u00e9 \u00e9tait, en soi, un langage qui devait \u00eatre traduit et pour lequel il a exprim\u00e9 sa gratitude. \u00ab\u00a0Je loue le Seigneur pour le message adventiste qui a transform\u00e9 tant de vies dans ce pays.\u00a0\u00bb Il a \u00e9galement f\u00e9licit\u00e9 les Rwandais qui ont aid\u00e9 des missionnaires \u00e9trangers desquels ils ont beaucoup appris.<\/p>\n<p>Comme tous ceux qui ont dirig\u00e9 la mission dans ces ann\u00e9es sont maintenant d\u00e9c\u00e9d\u00e9s, une r\u00e9compense a \u00e9t\u00e9 remise \u00e0 leurs descendants. Et ceux dont la famille n\u2019a pu \u00eatre retrac\u00e9e ont \u00e9t\u00e9 honor\u00e9s en leur absence.<\/p>\n<p>Le gouvernement rwandais \u00e9tait repr\u00e9sent\u00e9 par deux de ses ministres et le pr\u00e9sident de l\u2019Office rwandais de la gouvernance. Au nom de son gouvernement, Judith Uwizeye, ministre du Bureau du pr\u00e9sident, a dit que l\u2019\u00c9glise adventiste \u00e9tait un bon partenaire du gouvernement du Rwanda \u00e9tant donn\u00e9 le r\u00f4le qu\u2019elle joue dans les domaines de l\u2019\u00e9ducation, de la sant\u00e9 et du d\u00e9veloppement.<\/p>\n<p>En faisant mention de l\u2019horrible g\u00e9nocide de 1994 envers le peuple tutsi, elle a dit que \u00ab\u00a0m\u00eame si l\u2019\u00c9glise n\u2019a pas \u00e9t\u00e9 \u00e9pargn\u00e9e, je remercie Dieu d\u2019avoir sauv\u00e9 la nation\u00a0\u00bb. Elle s\u2019est jointe au pasteur Wilson pour demander aux adventistes de continuer d\u2019\u00eatre de bons citoyens et une source de gu\u00e9rison pour la population.<\/p>\n<p>Le lendemain, la d\u00e9l\u00e9gation du si\u00e8ge administratif de l\u2019\u00c9glise adventiste et les dirigeants de la Division de l\u2019Afrique du centre-est se sont joints aux adventistes du Rwanda pour leur activit\u00e9 mensuelle de service \u00e0 la communaut\u00e9 connue sous le nom d\u2019<em>Umuganda<\/em>. Alors que tous les Rwandais font du b\u00e9n\u00e9volat le dernier samedi de chaque mois, le gouvernement permet aux adventistes de faire leur part le premier dimanche de chaque mois. Le ministre de l\u2019Administration locale, Anastase Shyaka, a r\u00e9it\u00e9r\u00e9 au pasteur Wilson que son gouvernement d\u00e9fendrait toujours la libert\u00e9 religieuse.<\/p>\n<p>L\u2019\u00c9glise adventiste du septi\u00e8me jour au Rwanda est compos\u00e9e de plus 900\u00a0000 membres et devrait atteindre le million d\u2019ici la fin de 2019.<\/p>\n","protected":false},"excerpt":{"rendered":"<p>Le 6 septembre 2019 | Kigali, Rwanda | Prince Bahati, Division de l\u2019Afrique du centre-est, Adventist News Network et\u00a0Adventist Review \u00c0 Kigali, capitale du Rwanda, plus de 40\u00a0000 adventistes du&#8230;<\/p>\n","protected":false},"author":3,"featured_media":51519,"comment_status":"open","ping_status":"closed","sticky":false,"template":"","format":"standard","meta":{"_acf_changed":false,"footnotes":""},"categories":[18],"tags":[],"class_list":["post-51599","post","type-post","status-publish","format-standard","has-post-thumbnail","hentry","category-nouvelles-de-leglise-mondiale"],"acf":[],"yoast_head":"<!-- This site is optimized with the Yoast SEO plugin v27.3 - https:\/\/yoast.com\/product\/yoast-seo-wordpress\/ -->\n<title>Au Rwanda, les adventistes c\u00e9l\u00e8brent 100 ans d\u2019\u00e9vang\u00e9lisation. - \u00c9glise Adventiste Du Septieme Jour - Inter Am\u00e9rique Division<\/title>\n<meta name=\"robots\" content=\"index, follow, max-snippet:-1, max-image-preview:large, max-video-preview:-1\" \/>\n<link rel=\"canonical\" href=\"https:\/\/interamerica.org\/fr\/2019\/09\/au-rwanda-les-adventistes-celebrent-100-ans-devangelisation\/\" \/>\n<meta property=\"og:locale\" content=\"fr_FR\" \/>\n<meta property=\"og:type\" content=\"article\" \/>\n<meta property=\"og:title\" content=\"Au Rwanda, les adventistes c\u00e9l\u00e8brent 100 ans d\u2019\u00e9vang\u00e9lisation. - \u00c9glise Adventiste Du Septieme Jour - Inter Am\u00e9rique Division\" \/>\n<meta property=\"og:description\" content=\"Le 6 septembre 2019 | Kigali, Rwanda | Prince Bahati, Division de l\u2019Afrique du centre-est, Adventist News Network et\u00a0Adventist Review \u00c0 Kigali, capitale du Rwanda, plus de 40\u00a0000 adventistes du...\" \/>\n<meta property=\"og:url\" content=\"https:\/\/interamerica.org\/fr\/2019\/09\/au-rwanda-les-adventistes-celebrent-100-ans-devangelisation\/\" \/>\n<meta property=\"og:site_name\" content=\"\u00c9glise Adventiste Du Septieme Jour - Inter Am\u00e9rique Division\" \/>\n<meta property=\"article:published_time\" content=\"2019-09-07T00:45:05+00:00\" \/>\n<meta property=\"article:modified_time\" content=\"2019-09-09T15:46:16+00:00\" \/>\n<meta property=\"og:image\" content=\"https:\/\/interamerica.org\/wp-content\/uploads\/2019\/09\/adventists-in-rwanda-celebrate-100-years-of-mission.jpg\" \/>\n\t<meta property=\"og:image:width\" content=\"1000\" \/>\n\t<meta property=\"og:image:height\" content=\"500\" \/>\n\t<meta property=\"og:image:type\" content=\"image\/jpeg\" \/>\n<meta name=\"author\" content=\"libna\" \/>\n<meta name=\"twitter:card\" content=\"summary_large_image\" \/>\n<meta name=\"twitter:label1\" content=\"\u00c9crit par\" \/>\n\t<meta name=\"twitter:data1\" content=\"libna\" \/>\n\t<meta name=\"twitter:label2\" content=\"Dur\u00e9e de lecture estim\u00e9e\" \/>\n\t<meta name=\"twitter:data2\" content=\"4 minutes\" \/>\n<script type=\"application\/ld+json\" class=\"yoast-schema-graph\">{\"@context\":\"https:\\\/\\\/schema.org\",\"@graph\":[{\"@type\":\"Article\",\"@id\":\"https:\\\/\\\/interamerica.org\\\/fr\\\/2019\\\/09\\\/au-rwanda-les-adventistes-celebrent-100-ans-devangelisation\\\/#article\",\"isPartOf\":{\"@id\":\"https:\\\/\\\/interamerica.org\\\/fr\\\/2019\\\/09\\\/au-rwanda-les-adventistes-celebrent-100-ans-devangelisation\\\/\"},\"author\":{\"name\":\"libna\",\"@id\":\"https:\\\/\\\/interamerica.org\\\/fr\\\/#\\\/schema\\\/person\\\/29998f2bc2d8bd0d38662909289b54f1\"},\"headline\":\"Au Rwanda, les adventistes c\u00e9l\u00e8brent 100 ans d\u2019\u00e9vang\u00e9lisation.\",\"datePublished\":\"2019-09-07T00:45:05+00:00\",\"dateModified\":\"2019-09-09T15:46:16+00:00\",\"mainEntityOfPage\":{\"@id\":\"https:\\\/\\\/interamerica.org\\\/fr\\\/2019\\\/09\\\/au-rwanda-les-adventistes-celebrent-100-ans-devangelisation\\\/\"},\"wordCount\":743,\"commentCount\":0,\"image\":{\"@id\":\"https:\\\/\\\/interamerica.org\\\/fr\\\/2019\\\/09\\\/au-rwanda-les-adventistes-celebrent-100-ans-devangelisation\\\/#primaryimage\"},\"thumbnailUrl\":\"https:\\\/\\\/interamerica.org\\\/wp-content\\\/uploads\\\/2019\\\/09\\\/adventists-in-rwanda-celebrate-100-years-of-mission.jpg\",\"articleSection\":[\"Nouvelles de l'\u00c9glise mondiale\"],\"inLanguage\":\"fr-FR\",\"potentialAction\":[{\"@type\":\"CommentAction\",\"name\":\"Comment\",\"target\":[\"https:\\\/\\\/interamerica.org\\\/fr\\\/2019\\\/09\\\/au-rwanda-les-adventistes-celebrent-100-ans-devangelisation\\\/#respond\"]}]},{\"@type\":\"WebPage\",\"@id\":\"https:\\\/\\\/interamerica.org\\\/fr\\\/2019\\\/09\\\/au-rwanda-les-adventistes-celebrent-100-ans-devangelisation\\\/\",\"url\":\"https:\\\/\\\/interamerica.org\\\/fr\\\/2019\\\/09\\\/au-rwanda-les-adventistes-celebrent-100-ans-devangelisation\\\/\",\"name\":\"Au Rwanda, les adventistes c\u00e9l\u00e8brent 100 ans d\u2019\u00e9vang\u00e9lisation. - \u00c9glise Adventiste Du Septieme Jour - Inter Am\u00e9rique Division\",\"isPartOf\":{\"@id\":\"https:\\\/\\\/interamerica.org\\\/fr\\\/#website\"},\"primaryImageOfPage\":{\"@id\":\"https:\\\/\\\/interamerica.org\\\/fr\\\/2019\\\/09\\\/au-rwanda-les-adventistes-celebrent-100-ans-devangelisation\\\/#primaryimage\"},\"image\":{\"@id\":\"https:\\\/\\\/interamerica.org\\\/fr\\\/2019\\\/09\\\/au-rwanda-les-adventistes-celebrent-100-ans-devangelisation\\\/#primaryimage\"},\"thumbnailUrl\":\"https:\\\/\\\/interamerica.org\\\/wp-content\\\/uploads\\\/2019\\\/09\\\/adventists-in-rwanda-celebrate-100-years-of-mission.jpg\",\"datePublished\":\"2019-09-07T00:45:05+00:00\",\"dateModified\":\"2019-09-09T15:46:16+00:00\",\"author\":{\"@id\":\"https:\\\/\\\/interamerica.org\\\/fr\\\/#\\\/schema\\\/person\\\/29998f2bc2d8bd0d38662909289b54f1\"},\"breadcrumb\":{\"@id\":\"https:\\\/\\\/interamerica.org\\\/fr\\\/2019\\\/09\\\/au-rwanda-les-adventistes-celebrent-100-ans-devangelisation\\\/#breadcrumb\"},\"inLanguage\":\"fr-FR\",\"potentialAction\":[{\"@type\":\"ReadAction\",\"target\":[\"https:\\\/\\\/interamerica.org\\\/fr\\\/2019\\\/09\\\/au-rwanda-les-adventistes-celebrent-100-ans-devangelisation\\\/\"]}]},{\"@type\":\"ImageObject\",\"inLanguage\":\"fr-FR\",\"@id\":\"https:\\\/\\\/interamerica.org\\\/fr\\\/2019\\\/09\\\/au-rwanda-les-adventistes-celebrent-100-ans-devangelisation\\\/#primaryimage\",\"url\":\"https:\\\/\\\/interamerica.org\\\/wp-content\\\/uploads\\\/2019\\\/09\\\/adventists-in-rwanda-celebrate-100-years-of-mission.jpg\",\"contentUrl\":\"https:\\\/\\\/interamerica.org\\\/wp-content\\\/uploads\\\/2019\\\/09\\\/adventists-in-rwanda-celebrate-100-years-of-mission.jpg\",\"width\":1000,\"height\":500,\"caption\":\"Le 31 ao\u00fbt dernier, le pr\u00e9sident de l\u2019\u00c9glise adventiste, Ted N. C. Wilson (au centre) et sa femme, Nancy, ont salu\u00e9 les 40 000 fid\u00e8les qui se sont r\u00e9unis au Stade national Amahoro, \u00e0 Kigali, pour c\u00e9l\u00e9brer 100 ans de pr\u00e9sence adventiste au Rwanda. Une photo du d\u00e9partement des Nouvelles de la Division de l\u2019Afrique du centre-est.\"},{\"@type\":\"BreadcrumbList\",\"@id\":\"https:\\\/\\\/interamerica.org\\\/fr\\\/2019\\\/09\\\/au-rwanda-les-adventistes-celebrent-100-ans-devangelisation\\\/#breadcrumb\",\"itemListElement\":[{\"@type\":\"ListItem\",\"position\":1,\"name\":\"Home\",\"item\":\"https:\\\/\\\/interamerica.org\\\/fr\\\/\"},{\"@type\":\"ListItem\",\"position\":2,\"name\":\"Au Rwanda, les adventistes c\u00e9l\u00e8brent 100 ans d\u2019\u00e9vang\u00e9lisation.\"}]},{\"@type\":\"WebSite\",\"@id\":\"https:\\\/\\\/interamerica.org\\\/fr\\\/#website\",\"url\":\"https:\\\/\\\/interamerica.org\\\/fr\\\/\",\"name\":\"\u00c9glise Adventiste Du Septieme Jour - Inter Am\u00e9rique Division\",\"description\":\"\",\"potentialAction\":[{\"@type\":\"SearchAction\",\"target\":{\"@type\":\"EntryPoint\",\"urlTemplate\":\"https:\\\/\\\/interamerica.org\\\/fr\\\/?s={search_term_string}\"},\"query-input\":{\"@type\":\"PropertyValueSpecification\",\"valueRequired\":true,\"valueName\":\"search_term_string\"}}],\"inLanguage\":\"fr-FR\"},{\"@type\":\"Person\",\"@id\":\"https:\\\/\\\/interamerica.org\\\/fr\\\/#\\\/schema\\\/person\\\/29998f2bc2d8bd0d38662909289b54f1\",\"name\":\"libna\",\"image\":{\"@type\":\"ImageObject\",\"inLanguage\":\"fr-FR\",\"@id\":\"https:\\\/\\\/secure.gravatar.com\\\/avatar\\\/7c5bd30ae4b47a9ba3c856590957fd1d96dc588bf3ac05719d247e126840331f?s=96&d=mm&r=g\",\"url\":\"https:\\\/\\\/secure.gravatar.com\\\/avatar\\\/7c5bd30ae4b47a9ba3c856590957fd1d96dc588bf3ac05719d247e126840331f?s=96&d=mm&r=g\",\"contentUrl\":\"https:\\\/\\\/secure.gravatar.com\\\/avatar\\\/7c5bd30ae4b47a9ba3c856590957fd1d96dc588bf3ac05719d247e126840331f?s=96&d=mm&r=g\",\"caption\":\"libna\"}}]}<\/script>\n<!-- \/ Yoast SEO plugin. -->","yoast_head_json":{"title":"Au Rwanda, les adventistes c\u00e9l\u00e8brent 100 ans d\u2019\u00e9vang\u00e9lisation. - \u00c9glise Adventiste Du Septieme Jour - Inter Am\u00e9rique Division","robots":{"index":"index","follow":"follow","max-snippet":"max-snippet:-1","max-image-preview":"max-image-preview:large","max-video-preview":"max-video-preview:-1"},"canonical":"https:\/\/interamerica.org\/fr\/2019\/09\/au-rwanda-les-adventistes-celebrent-100-ans-devangelisation\/","og_locale":"fr_FR","og_type":"article","og_title":"Au Rwanda, les adventistes c\u00e9l\u00e8brent 100 ans d\u2019\u00e9vang\u00e9lisation. - \u00c9glise Adventiste Du Septieme Jour - Inter Am\u00e9rique Division","og_description":"Le 6 septembre 2019 | Kigali, Rwanda | Prince Bahati, Division de l\u2019Afrique du centre-est, Adventist News Network et\u00a0Adventist Review \u00c0 Kigali, capitale du Rwanda, plus de 40\u00a0000 adventistes du...","og_url":"https:\/\/interamerica.org\/fr\/2019\/09\/au-rwanda-les-adventistes-celebrent-100-ans-devangelisation\/","og_site_name":"\u00c9glise Adventiste Du Septieme Jour - Inter Am\u00e9rique Division","article_published_time":"2019-09-07T00:45:05+00:00","article_modified_time":"2019-09-09T15:46:16+00:00","og_image":[{"width":1000,"height":500,"url":"https:\/\/interamerica.org\/wp-content\/uploads\/2019\/09\/adventists-in-rwanda-celebrate-100-years-of-mission.jpg","type":"image\/jpeg"}],"author":"libna","twitter_card":"summary_large_image","twitter_misc":{"\u00c9crit par":"libna","Dur\u00e9e de lecture estim\u00e9e":"4 minutes"},"schema":{"@context":"https:\/\/schema.org","@graph":[{"@type":"Article","@id":"https:\/\/interamerica.org\/fr\/2019\/09\/au-rwanda-les-adventistes-celebrent-100-ans-devangelisation\/#article","isPartOf":{"@id":"https:\/\/interamerica.org\/fr\/2019\/09\/au-rwanda-les-adventistes-celebrent-100-ans-devangelisation\/"},"author":{"name":"libna","@id":"https:\/\/interamerica.org\/fr\/#\/schema\/person\/29998f2bc2d8bd0d38662909289b54f1"},"headline":"Au Rwanda, les adventistes c\u00e9l\u00e8brent 100 ans d\u2019\u00e9vang\u00e9lisation.","datePublished":"2019-09-07T00:45:05+00:00","dateModified":"2019-09-09T15:46:16+00:00","mainEntityOfPage":{"@id":"https:\/\/interamerica.org\/fr\/2019\/09\/au-rwanda-les-adventistes-celebrent-100-ans-devangelisation\/"},"wordCount":743,"commentCount":0,"image":{"@id":"https:\/\/interamerica.org\/fr\/2019\/09\/au-rwanda-les-adventistes-celebrent-100-ans-devangelisation\/#primaryimage"},"thumbnailUrl":"https:\/\/interamerica.org\/wp-content\/uploads\/2019\/09\/adventists-in-rwanda-celebrate-100-years-of-mission.jpg","articleSection":["Nouvelles de l'\u00c9glise mondiale"],"inLanguage":"fr-FR","potentialAction":[{"@type":"CommentAction","name":"Comment","target":["https:\/\/interamerica.org\/fr\/2019\/09\/au-rwanda-les-adventistes-celebrent-100-ans-devangelisation\/#respond"]}]},{"@type":"WebPage","@id":"https:\/\/interamerica.org\/fr\/2019\/09\/au-rwanda-les-adventistes-celebrent-100-ans-devangelisation\/","url":"https:\/\/interamerica.org\/fr\/2019\/09\/au-rwanda-les-adventistes-celebrent-100-ans-devangelisation\/","name":"Au Rwanda, les adventistes c\u00e9l\u00e8brent 100 ans d\u2019\u00e9vang\u00e9lisation. - \u00c9glise Adventiste Du Septieme Jour - Inter Am\u00e9rique Division","isPartOf":{"@id":"https:\/\/interamerica.org\/fr\/#website"},"primaryImageOfPage":{"@id":"https:\/\/interamerica.org\/fr\/2019\/09\/au-rwanda-les-adventistes-celebrent-100-ans-devangelisation\/#primaryimage"},"image":{"@id":"https:\/\/interamerica.org\/fr\/2019\/09\/au-rwanda-les-adventistes-celebrent-100-ans-devangelisation\/#primaryimage"},"thumbnailUrl":"https:\/\/interamerica.org\/wp-content\/uploads\/2019\/09\/adventists-in-rwanda-celebrate-100-years-of-mission.jpg","datePublished":"2019-09-07T00:45:05+00:00","dateModified":"2019-09-09T15:46:16+00:00","author":{"@id":"https:\/\/interamerica.org\/fr\/#\/schema\/person\/29998f2bc2d8bd0d38662909289b54f1"},"breadcrumb":{"@id":"https:\/\/interamerica.org\/fr\/2019\/09\/au-rwanda-les-adventistes-celebrent-100-ans-devangelisation\/#breadcrumb"},"inLanguage":"fr-FR","potentialAction":[{"@type":"ReadAction","target":["https:\/\/interamerica.org\/fr\/2019\/09\/au-rwanda-les-adventistes-celebrent-100-ans-devangelisation\/"]}]},{"@type":"ImageObject","inLanguage":"fr-FR","@id":"https:\/\/interamerica.org\/fr\/2019\/09\/au-rwanda-les-adventistes-celebrent-100-ans-devangelisation\/#primaryimage","url":"https:\/\/interamerica.org\/wp-content\/uploads\/2019\/09\/adventists-in-rwanda-celebrate-100-years-of-mission.jpg","contentUrl":"https:\/\/interamerica.org\/wp-content\/uploads\/2019\/09\/adventists-in-rwanda-celebrate-100-years-of-mission.jpg","width":1000,"height":500,"caption":"Le 31 ao\u00fbt dernier, le pr\u00e9sident de l\u2019\u00c9glise adventiste, Ted N. C. Wilson (au centre) et sa femme, Nancy, ont salu\u00e9 les 40 000 fid\u00e8les qui se sont r\u00e9unis au Stade national Amahoro, \u00e0 Kigali, pour c\u00e9l\u00e9brer 100 ans de pr\u00e9sence adventiste au Rwanda. Une photo du d\u00e9partement des Nouvelles de la Division de l\u2019Afrique du centre-est."},{"@type":"BreadcrumbList","@id":"https:\/\/interamerica.org\/fr\/2019\/09\/au-rwanda-les-adventistes-celebrent-100-ans-devangelisation\/#breadcrumb","itemListElement":[{"@type":"ListItem","position":1,"name":"Home","item":"https:\/\/interamerica.org\/fr\/"},{"@type":"ListItem","position":2,"name":"Au Rwanda, les adventistes c\u00e9l\u00e8brent 100 ans d\u2019\u00e9vang\u00e9lisation."}]},{"@type":"WebSite","@id":"https:\/\/interamerica.org\/fr\/#website","url":"https:\/\/interamerica.org\/fr\/","name":"\u00c9glise Adventiste Du Septieme Jour - Inter Am\u00e9rique Division","description":"","potentialAction":[{"@type":"SearchAction","target":{"@type":"EntryPoint","urlTemplate":"https:\/\/interamerica.org\/fr\/?s={search_term_string}"},"query-input":{"@type":"PropertyValueSpecification","valueRequired":true,"valueName":"search_term_string"}}],"inLanguage":"fr-FR"},{"@type":"Person","@id":"https:\/\/interamerica.org\/fr\/#\/schema\/person\/29998f2bc2d8bd0d38662909289b54f1","name":"libna","image":{"@type":"ImageObject","inLanguage":"fr-FR","@id":"https:\/\/secure.gravatar.com\/avatar\/7c5bd30ae4b47a9ba3c856590957fd1d96dc588bf3ac05719d247e126840331f?s=96&d=mm&r=g","url":"https:\/\/secure.gravatar.com\/avatar\/7c5bd30ae4b47a9ba3c856590957fd1d96dc588bf3ac05719d247e126840331f?s=96&d=mm&r=g","contentUrl":"https:\/\/secure.gravatar.com\/avatar\/7c5bd30ae4b47a9ba3c856590957fd1d96dc588bf3ac05719d247e126840331f?s=96&d=mm&r=g","caption":"libna"}}]}},"_links":{"self":[{"href":"https:\/\/interamerica.org\/fr\/wp-json\/wp\/v2\/posts\/51599","targetHints":{"allow":["GET"]}}],"collection":[{"href":"https:\/\/interamerica.org\/fr\/wp-json\/wp\/v2\/posts"}],"about":[{"href":"https:\/\/interamerica.org\/fr\/wp-json\/wp\/v2\/types\/post"}],"author":[{"embeddable":true,"href":"https:\/\/interamerica.org\/fr\/wp-json\/wp\/v2\/users\/3"}],"replies":[{"embeddable":true,"href":"https:\/\/interamerica.org\/fr\/wp-json\/wp\/v2\/comments?post=51599"}],"version-history":[{"count":0,"href":"https:\/\/interamerica.org\/fr\/wp-json\/wp\/v2\/posts\/51599\/revisions"}],"wp:featuredmedia":[{"embeddable":true,"href":"https:\/\/interamerica.org\/fr\/wp-json\/wp\/v2\/media\/51519"}],"wp:attachment":[{"href":"https:\/\/interamerica.org\/fr\/wp-json\/wp\/v2\/media?parent=51599"}],"wp:term":[{"taxonomy":"category","embeddable":true,"href":"https:\/\/interamerica.org\/fr\/wp-json\/wp\/v2\/categories?post=51599"},{"taxonomy":"post_tag","embeddable":true,"href":"https:\/\/interamerica.org\/fr\/wp-json\/wp\/v2\/tags?post=51599"}],"curies":[{"name":"wp","href":"https:\/\/api.w.org\/{rel}","templated":true}]}}