{"id":51767,"date":"2019-09-16T22:01:13","date_gmt":"2019-09-17T02:01:13","guid":{"rendered":"https:\/\/recursing-golick.147-182-135-0.plesk.page\/?p=51767"},"modified":"2019-10-01T16:25:34","modified_gmt":"2019-10-01T20:25:34","slug":"aux-bahamas-leglise-adventiste-aide-les-membres-a-reamenager-a-nassau","status":"publish","type":"post","link":"https:\/\/interamerica.org\/fr\/2019\/09\/aux-bahamas-leglise-adventiste-aide-les-membres-a-reamenager-a-nassau\/","title":{"rendered":"Aux Bahamas, l\u2019\u00c9glise adventiste aide les membres \u00e0 d\u00e9m\u00e9nager \u00e0 Nassau"},"content":{"rendered":"<div id=\"attachment_51747\" style=\"width: 808px\" class=\"wp-caption aligncenter\"><img fetchpriority=\"high\" decoding=\"async\" aria-describedby=\"caption-attachment-51747\" class=\"wp-image-51746\" src=\"https:\/\/recursing-golick.147-182-135-0.plesk.page\/wp-content\/uploads\/2019\/09\/hillview-evacuee-members-1280-1024x640.jpg\" alt=\"\" width=\"798\" height=\"499\" srcset=\"https:\/\/interamerica.org\/wp-content\/uploads\/2019\/09\/hillview-evacuee-members-1280-1024x640.jpg 1024w, https:\/\/interamerica.org\/wp-content\/uploads\/2019\/09\/hillview-evacuee-members-1280-300x188.jpg 300w, https:\/\/interamerica.org\/wp-content\/uploads\/2019\/09\/hillview-evacuee-members-1280-768x480.jpg 768w, https:\/\/interamerica.org\/wp-content\/uploads\/2019\/09\/hillview-evacuee-members-1280.jpg 1280w\" sizes=\"(max-width: 798px) 100vw, 798px\" \/><p id=\"caption-attachment-51747\" class=\"wp-caption-text\">Pr\u00e8s de 100 membres d\u2019\u00e9glise qui ont perdu leurs maisons \u00e0 Abaco et \u00e0 Grand Bahama \u00e0 cause de l\u2019Ouragan Dorian et qui ont d\u00fb \u00eatre \u00e9vacu\u00e9s vers Nassau, ont r\u00e9cemment rencontr\u00e9 les dirigeants de l\u2019\u00e9glise \u00e0 l\u2019\u00e9glise adventiste Hillview, pour une session sp\u00e9ciale de pri\u00e8re, d\u2019informations et aussi de distribution de provisions de secours, le 14 septembre 2019. De nombreux membres d\u2019\u00e9glise sont h\u00e9berg\u00e9s dans des abris \u00e0 travers Nassau. Photo de Libna Stevens \/ DIA<\/p><\/div>\n<p>16 Septembre 2019 | Nassau, les Bahamas | Libna Stevens, Actualit\u00e9s Division Inter Am\u00e9ricaine<\/p>\n<p>\u00ab Vous n\u2019\u00eates pas seuls. L\u2019\u00e9glise, votre famille, est avec vous et Dieu touche beaucoup de c\u0153urs dans le monde entier pour vous aider \u00e0 tenir bon \u00e0 travers cette \u00e9preuve, \u00bb a d\u00e9clar\u00e9 pasteur Peter Kerr, pr\u00e9sident de l\u2019\u00c9glise adventiste du septi\u00e8me jour dans l\u2019Union Carib\u00e9enne Atlantique, alors qu\u2019il s\u2019adressait \u00e0 des dizaines de membres d\u2019\u00e9glise qui avaient \u00e9vacu\u00e9 Abaco et Grand Bahama apr\u00e8s que l\u2019Ouragan Dorian ait d\u00e9truit leurs maisons et leurs communaut\u00e9s plus t\u00f4t ce mois-ci.<\/p>\n<p>Les quelque 100 personnes d\u00e9plac\u00e9es se sont r\u00e9unies \u00e0 l\u2019\u00e9glise adventiste Hillview \u00e0 Nassau, aux Bahamas, le 14 septembre 2019. Beaucoup ont \u00e9t\u00e9 achemin\u00e9s en bus pour prier, finaliser le processus d\u2019inscription de chaque famille de l\u2019\u00e9glise qui vit dans un abri sur l\u2019\u00eele, recevoir des informations sur la proc\u00e9dure de demande de relogement et d\u2019aide aupr\u00e8s du gouvernement, et recevoir des provisions alors qu\u2019ils sont h\u00e9berg\u00e9s dans des foyers et des refuges \u00e0 travers l\u2019\u00eele pour une dur\u00e9e ind\u00e9termin\u00e9e.<\/p>\n<p>\u00ab Nous voulions vous voir, parler avec vous, \u00e9couter les exp\u00e9riences que vous vivez et vous faire savoir que nous nous soucions de votre situation, \u00bb a d\u00e9clar\u00e9 pasteur Kerr. \u00ab Bien que cela prenne du temps, nous allons y arriver ensemble. \u00bb<\/p>\n<div id=\"attachment_51718\" style=\"width: 810px\" class=\"wp-caption aligncenter\"><img decoding=\"async\" aria-describedby=\"caption-attachment-51718\" class=\" wp-image-51719\" src=\"https:\/\/recursing-golick.147-182-135-0.plesk.page\/wp-content\/uploads\/2019\/09\/peter-kerr-hillview-1024x640.jpg\" alt=\"\" width=\"800\" height=\"500\" srcset=\"https:\/\/interamerica.org\/wp-content\/uploads\/2019\/09\/peter-kerr-hillview-1024x640.jpg 1024w, https:\/\/interamerica.org\/wp-content\/uploads\/2019\/09\/peter-kerr-hillview-300x188.jpg 300w, https:\/\/interamerica.org\/wp-content\/uploads\/2019\/09\/peter-kerr-hillview-768x480.jpg 768w, https:\/\/interamerica.org\/wp-content\/uploads\/2019\/09\/peter-kerr-hillview.jpg 1280w\" sizes=\"(max-width: 800px) 100vw, 800px\" \/><p id=\"caption-attachment-51718\" class=\"wp-caption-text\">Pasteur Peter Kerr, pr\u00e9sident de l\u2019\u00c9glise adventiste du septi\u00e8me jour dans l\u2019Union Carib\u00e9enne Atlantique, qui supervise les membres des Bahamas, des \u00eeles Ca\u00efman et des \u00celes Turk et Ca\u00efcos. Photo de John Garcia \/ DIA<\/p><\/div>\n<p><strong>Le Soutien arrive<\/strong><\/p>\n<p>Pasteur Kerr a expliqu\u00e9 comment les dirigeants de l\u2019\u00e9glise dans la Division Inter Am\u00e9ricaine et dans ses nombreuses unions prient et proposent de l\u2019aide aux personnes touch\u00e9es par l\u2019ouragan aux Bahamas.<\/p>\n<p>Le Secr\u00e9taire Ex\u00e9cutif de la Division Inter Am\u00e9ricaine, pasteur Leonard Johnson, a adress\u00e9 un message d\u2019encouragement sp\u00e9cial \u00e0 l\u2019assembl\u00e9e au nom de ses coll\u00e8gues administrateurs et des administrateurs d\u2019union dans tout le territoire. \u00ab Votre douleur est notre douleur et votre perte est notre perte, \u00bb a d\u00e9clar\u00e9 pasteur Johnson. \u00ab Lorsque quelque chose vous arrive, sachez que vous n\u2019\u00eates pas seuls. \u00bb La division a d\u00e9j\u00e0 envoy\u00e9 des fonds pour aider les initiatives de distribution de nourriture et d\u2019aide mises en place par les membres, a-t-il d\u00e9clar\u00e9.<\/p>\n<p>Pasteur Johnson a encourag\u00e9 les membres en lisant le Psaume 46. \u00ab Quelque chose de bon sortira de cela. Gardons la foi, croyons en notre Dieu, en notre \u00e9glise, et soutenons-nous les uns les autres, \u00bb a-t-il dit.<\/p>\n<div id=\"attachment_51733\" style=\"width: 810px\" class=\"wp-caption aligncenter\"><img decoding=\"async\" aria-describedby=\"caption-attachment-51733\" class=\" wp-image-51734\" src=\"https:\/\/recursing-golick.147-182-135-0.plesk.page\/wp-content\/uploads\/2019\/09\/edwin-flores-david-poloche-adra.jpg\" alt=\"\" width=\"800\" height=\"534\" srcset=\"https:\/\/interamerica.org\/wp-content\/uploads\/2019\/09\/edwin-flores-david-poloche-adra.jpg 1000w, https:\/\/interamerica.org\/wp-content\/uploads\/2019\/09\/edwin-flores-david-poloche-adra-300x200.jpg 300w, https:\/\/interamerica.org\/wp-content\/uploads\/2019\/09\/edwin-flores-david-poloche-adra-768x512.jpg 768w\" sizes=\"(max-width: 800px) 100vw, 800px\" \/><p id=\"caption-attachment-51733\" class=\"wp-caption-text\">Edwin Flores (\u00e0 gauche), Coordinateur International des Interventions d\u2019Urgence d\u2019ADRA aux Bahamas, et David Poloche (\u00e0 droite), directeur d\u2019ADRA Inter Am\u00e9rique, s\u2019adresse \u00e0 l\u2019assembl\u00e9e. Photo de Libna Stevens \/ DIA<\/p><\/div>\n<p>L\u2019\u00e9quipe d\u2019intervention d\u2019urgence du bureau international de l\u2019Agence Adventiste de D\u00e9veloppement et de Secours (ADRA), ainsi que le directeur d\u2019ADRA Inter-Am\u00e9rique, ont pr\u00e9sent\u00e9 les \u00e9valuations et les projets en place, comme la distribution des kits d\u2019hygi\u00e8ne dans les centres d\u2019h\u00e9bergement \u00e0 Nassau.<\/p>\n<p>\u00ab Nous voulons que vous sachiez que nous ne sommes pas ici pour seulement quelques semaines, mais sur le long terme, \u00bb a d\u00e9clar\u00e9 Edwin Flores, coordinateur des interventions d\u2019urgence d\u2019ADRA International. Edwin Flores a d\u00e9clar\u00e9 qu\u2019ADRA distribuerait des bons permettant de recevoir de l\u2019argent afin d\u2019aider les personnes qui ont \u00e9t\u00e9 touch\u00e9es dans l\u2019\u00e9glise et dans la communaut\u00e9, d\u2019ici la fin de la semaine.<\/p>\n<p><strong>Maisons et entreprises d\u00e9truites<\/strong><\/p>\n<p>Gentry Morris, un ancien de l\u2019\u00e9glise adventiste de Marsh Harbour \u00e0 Abaco, est tr\u00e8s affair\u00e9 depuis qu\u2019il a fui son domicile il y a une semaine avec sa famille. Sa femme et ses deux fils ont surv\u00e9cu aux vents et aux inondations amen\u00e9s par l\u2019ouragan et qui ont d\u00e9truit leur maison et les plus de 350 maisons des clients qui avaient assur\u00e9 leurs propri\u00e9t\u00e9s aupr\u00e8s de sa compagnie d\u2019assurance. \u00ab Je ne peux pas parler de mon exp\u00e9rience \u00e0 mes amis parce que je finis par pleurer, \u00bb a dit Gentry Morris. Il a trouv\u00e9 refuge dans un abri d\u00e8s que l\u2019Ouragan Dorian a frapp\u00e9 Abaco ; il y est rest\u00e9 une semaine avant que l\u2019ami de son fils, de l\u2019\u00e9cole d\u2019aviation, n\u2019obtienne un vol vers Nassau pour sa famille.<\/p>\n<div id=\"attachment_51730\" style=\"width: 733px\" class=\"wp-caption aligncenter\"><img loading=\"lazy\" decoding=\"async\" aria-describedby=\"caption-attachment-51730\" class=\" wp-image-51731\" src=\"https:\/\/recursing-golick.147-182-135-0.plesk.page\/wp-content\/uploads\/2019\/09\/gentry-morris-forms-hillview-1024x640.jpg\" alt=\"\" width=\"723\" height=\"452\" srcset=\"https:\/\/interamerica.org\/wp-content\/uploads\/2019\/09\/gentry-morris-forms-hillview-1024x640.jpg 1024w, https:\/\/interamerica.org\/wp-content\/uploads\/2019\/09\/gentry-morris-forms-hillview-300x188.jpg 300w, https:\/\/interamerica.org\/wp-content\/uploads\/2019\/09\/gentry-morris-forms-hillview-768x480.jpg 768w, https:\/\/interamerica.org\/wp-content\/uploads\/2019\/09\/gentry-morris-forms-hillview.jpg 1280w\" sizes=\"(max-width: 723px) 100vw, 723px\" \/><p id=\"caption-attachment-51730\" class=\"wp-caption-text\">Gentry Morris montre le formulaire \u00e0 remplir par les membres d\u2019\u00e9glise pour s\u2019inscrire aupr\u00e8s de l\u2019Agence Nationale de Gestion des Urgences aux Bahamas. Photo de John Garcia \/ DIA<\/p><\/div>\n<p>\u00ab Tout le monde ici a travers\u00e9 la temp\u00eate et a une exp\u00e9rience personnelle, \u00bb a dit Gentry Morris. \u00ab Je suis affermi par un Dieu qui prend soin des siens et, malgr\u00e9 les destructions, les luttes et les d\u00e9fis qui nous attendent, je crois que Dieu nous aidera \u00e0 nous en sortir, \u00bb a-t-il d\u00e9clar\u00e9. \u00ab Ne d\u00e9sesp\u00e9rons pas, des jours meilleurs sont devant nous. \u00bb<\/p>\n<div id=\"attachment_51727\" style=\"width: 732px\" class=\"wp-caption aligncenter\"><img loading=\"lazy\" decoding=\"async\" aria-describedby=\"caption-attachment-51727\" class=\"wp-image-51728\" src=\"https:\/\/recursing-golick.147-182-135-0.plesk.page\/wp-content\/uploads\/2019\/09\/gentry-morris-insurance-office.jpg\" alt=\"\" width=\"722\" height=\"452\" srcset=\"https:\/\/interamerica.org\/wp-content\/uploads\/2019\/09\/gentry-morris-insurance-office.jpg 1000w, https:\/\/interamerica.org\/wp-content\/uploads\/2019\/09\/gentry-morris-insurance-office-300x188.jpg 300w, https:\/\/interamerica.org\/wp-content\/uploads\/2019\/09\/gentry-morris-insurance-office-768x480.jpg 768w\" sizes=\"(max-width: 722px) 100vw, 722px\" \/><p id=\"caption-attachment-51727\" class=\"wp-caption-text\">Photo a\u00e9rienne du bureau de la compagnie d\u2019assurance de Gentry Morris sur l\u2019\u00eele d\u2019Abaco, qui a \u00e9t\u00e9 d\u00e9truite et inond\u00e9e par le passage de l\u2019Ouragan Dorian, du 1er au 3 septembre 2019, photo de Gentry Morris.<\/p><\/div>\n<p>D\u00e8s son arriv\u00e9e sur l\u2019\u00eele, Gentry Morris s\u2019est rendu disponible pour aider d\u2019une mani\u00e8re ou d\u2019une autre. Il s\u2019est vu confier la responsabilit\u00e9 de localiser les membres d\u2019\u00e9glise qui ont \u00e9vacu\u00e9 Abaco ; il a visit\u00e9 les familles et transmis les informations relatives aux membres \u00e0 l\u2019Union Carib\u00e9enne Atlantique. Il a \u00e9galement inform\u00e9 les personnes rassembl\u00e9es \u00e0 l\u2019\u00e9glise adventiste de Hillview au sujet de l\u2019aide qu\u2019ils pouvaient obtenir de l\u2019Agence Nationale de la Gestion des Urgences des Bahamas, car elles n\u2019ont pas d\u2019emploi, ont des pr\u00eats et ont besoin de survivre alors qu\u2019elles reconstruisent leur vie.<\/p>\n<p><strong>Aide aux membres dans les refuges<\/strong><\/p>\n<p>Ceux qui sont h\u00e9berg\u00e9s dans des abris re\u00e7oivent des articles de toilette et des repas chauds tous les jours. Les repas sont pr\u00e9par\u00e9s par les membres d\u2019\u00e9glise sous la coordination de la F\u00e9d\u00e9ration du Sud des Bahamas. La f\u00e9d\u00e9ration fonctionne comme un centre de commandement depuis le passage du cyclone, a d\u00e9clar\u00e9 pasteur Kenny Deveaux, pr\u00e9sident de l\u2019\u00e9glise dans la F\u00e9d\u00e9ration du Sud des Bahamas qui est bas\u00e9e \u00e0 Nassau. Une \u00e9quipe des Adventistes La\u00efcs des Services et Industries livre environ 100 repas dans tous les centres, car les membres d\u2019\u00e9glise pr\u00e9f\u00e8rent les repas v\u00e9g\u00e9tariens.<\/p>\n<div id=\"attachment_51742\" style=\"width: 811px\" class=\"wp-caption aligncenter\"><img loading=\"lazy\" decoding=\"async\" aria-describedby=\"caption-attachment-51742\" class=\" wp-image-51743\" src=\"https:\/\/recursing-golick.147-182-135-0.plesk.page\/wp-content\/uploads\/2019\/09\/backpacks-avs-janelle.jpg\" alt=\"\" width=\"801\" height=\"534\" srcset=\"https:\/\/interamerica.org\/wp-content\/uploads\/2019\/09\/backpacks-avs-janelle.jpg 1000w, https:\/\/interamerica.org\/wp-content\/uploads\/2019\/09\/backpacks-avs-janelle-300x200.jpg 300w, https:\/\/interamerica.org\/wp-content\/uploads\/2019\/09\/backpacks-avs-janelle-768x512.jpg 768w\" sizes=\"(max-width: 801px) 100vw, 801px\" \/><p id=\"caption-attachment-51742\" class=\"wp-caption-text\">De gauche \u00e0 droite : les pasteurs Wilson Isnord d\u2019Abaco, Peter Kerr de l\u2019Union Carib\u00e9enne Atlantique, Leonardo Rahming de la F\u00e9d\u00e9ration du Sud des Bahamas, et Leonard Johnson, secr\u00e9taire ex\u00e9cutif de la DIA, sont aux c\u00f4t\u00e9s de Janelle Scantlebury des Services des B\u00e9n\u00e9voles Adventiste en Inter Am\u00e9rique, alors qu\u2019elle donne des informations \u00e0 propos des plus de 120 sacs \u00e0 dos que recevront les enfants qui se trouvent actuellement \u00e0 Nassau. Photo de Libna Stevens \/ DIA<\/p><\/div>\n<p>Kenny Deveaux a d\u00e9clar\u00e9 que la f\u00e9d\u00e9ration coordonne l\u2019aide qui est propos\u00e9e \u00e0 toutes les personnes \u00e9vacu\u00e9es et a mis en place une hotline o\u00f9 les gens peuvent appeler et indiquer leurs besoins et prier avec quelqu\u2019un. \u00ab Nous avons nos pasteurs et des professionnels de sant\u00e9 pour aider les personnes qui souffrent pendant cette crise, \u00bb a d\u00e9clar\u00e9 pasteur Deveaux.<\/p>\n<p>La Division Inter Am\u00e9ricaine (DIA), par le biais de ses Services de B\u00e9n\u00e9voles Adventistes et avec le partenariat suppl\u00e9mentaire de Mission Adventiste, de IADPA et des minist\u00e8res aupr\u00e8s des enfants, a fait don de plus de 120 sacs \u00e0 dos remplis de fournitures scolaires et destin\u00e9s \u00e0 des dizaines d\u2019enfants dans les abris.<\/p>\n<p>Les trois ni\u00e8ces de Tammy Dean, \u00e2g\u00e9es de 8, 10 et 12 ans, font partie des dizaines d\u2019enfants qui ont b\u00e9n\u00e9fici\u00e9 des sacs \u00e0 dos. Elles avaient un sourire sur le visage au moment de choisir un animal en peluche. La s\u0153ur de Tammy Dean et son mari sont rentr\u00e9s chez eux \u00e0 Freeport, sur Grand Bahama, o\u00f9 ils sont rest\u00e9s pour trouver du travail, pendant que leurs enfants se faisaient inscrire \u00e0 l\u2019\u00e9cole publique \u00e0 Nassau pour le moment, alors qu\u2019elles vivent avec elle. Tammy Dean a entendu parler de la distribution de sacs \u00e0 dos organis\u00e9e par l\u2019\u00e9glise, par l\u2019interm\u00e9diaire de sa m\u00e8re qui s\u2019\u00e9tait occup\u00e9e d\u2019elles la semaine derni\u00e8re. \u00ab Je dois retourner au travail cette semaine et je dois les inscrire \u00e0 l\u2019\u00e9cole, mais entre temps, j\u2019essaie de leur faire oublier le traumatisme qu\u2019elles ont subi, \u00bb a dit Tammy Dean.<\/p>\n<div id=\"attachment_51721\" style=\"width: 810px\" class=\"wp-caption aligncenter\"><img loading=\"lazy\" decoding=\"async\" aria-describedby=\"caption-attachment-51721\" class=\" wp-image-51722\" src=\"https:\/\/recursing-golick.147-182-135-0.plesk.page\/wp-content\/uploads\/2019\/09\/hillview-stuart-sisters-nassau.jpg\" alt=\"\" width=\"800\" height=\"533\" srcset=\"https:\/\/interamerica.org\/wp-content\/uploads\/2019\/09\/hillview-stuart-sisters-nassau.jpg 1000w, https:\/\/interamerica.org\/wp-content\/uploads\/2019\/09\/hillview-stuart-sisters-nassau-300x200.jpg 300w, https:\/\/interamerica.org\/wp-content\/uploads\/2019\/09\/hillview-stuart-sisters-nassau-768x511.jpg 768w\" sizes=\"(max-width: 800px) 100vw, 800px\" \/><p id=\"caption-attachment-51721\" class=\"wp-caption-text\">McKayla Johnson, 8 ans, Sanae Stuart 10 ans et Samiah Stuart, 12 ans, sourient apr\u00e8s avoir re\u00e7u des sacs \u00e0 dos tout neufs. Les trois s\u0153urs vivent maintenant \u00e0 Nassau avec leur tante Tammy Dean apr\u00e8s avoir quitt\u00e9 leur maison d\u00e9truite \u00e0 Freeport, \u00e0 Grand Bahama. Photo de Libna Stevens \/ DIA<\/p><\/div>\n<p>Tammy Dean a entendu dire que l\u2019\u00e9glise organiserait des s\u00e9ances de relation d\u2019aide pour les victimes du Cyclone Dorian. Elle souhaite donc emmener ses ni\u00e8ces pour s\u2019assurer qu\u2019elles puissent g\u00e9rer ce qu\u2019elles ont v\u00e9cu \u00e0 leur domicile et s\u2019adapter \u00e0 leur nouvelle \u00e9cole loin de leur p\u00e8re et de leur m\u00e8re.<\/p>\n<p>Clautide Dormeus a l\u2019impression d\u2019avoir v\u00e9cu un cauchemar qui n\u2019est toujours pas termin\u00e9. L\u2019ouragan a d\u00e9truit sa maison \u00e0 Abaco et a ras\u00e9 l\u2019\u00e9glise adventiste de Salem o\u00f9 elle servait en tant que tr\u00e9sori\u00e8re adjointe. \u00ab L\u2019\u00e9glise a tout simplement disparu et la nouvelle \u00e9glise en construction a \u00e9galement \u00e9t\u00e9 compl\u00e8tement d\u00e9truite, \u00bb a dit Clautide Dormeus.<\/p>\n<p>\u00ab C\u2019est comme si je dormais et que je me sois r\u00e9veill\u00e9e et que j\u2019aie vu la ville d\u00e9truite, plus d\u2019\u00e9picerie, plus de station-service, tout \u00e9tait d\u00e9truit, \u00bb a-t-elle d\u00e9clar\u00e9. Clautide Dormeus, son mari et sa fille de 20 ans ont pu se mettre \u00e0 l\u2019abri dans un refuge, puis \u00eatre \u00e9vacu\u00e9s vers Nassau, o\u00f9 ils sont h\u00e9berg\u00e9s dans un refuge. Elle travaillait comme enseignante et sait qu\u2019il faudra beaucoup de temps pour que les choses reviennent \u00e0 la normale. Mais, dit-elle, Je sais que Dieu nous aime et continuera de nous prot\u00e9ger et nous permettra de nous relever, c\u2019est donc le moment de se pr\u00e9parer pour sa prochaine venue. \u00bb<\/p>\n<div id=\"attachment_51736\" style=\"width: 809px\" class=\"wp-caption aligncenter\"><img loading=\"lazy\" decoding=\"async\" aria-describedby=\"caption-attachment-51736\" class=\" wp-image-51737\" src=\"https:\/\/recursing-golick.147-182-135-0.plesk.page\/wp-content\/uploads\/2019\/09\/clautide-dormeus-daughter-alicia.jpg\" alt=\"\" width=\"799\" height=\"521\" srcset=\"https:\/\/interamerica.org\/wp-content\/uploads\/2019\/09\/clautide-dormeus-daughter-alicia.jpg 1000w, https:\/\/interamerica.org\/wp-content\/uploads\/2019\/09\/clautide-dormeus-daughter-alicia-300x196.jpg 300w, https:\/\/interamerica.org\/wp-content\/uploads\/2019\/09\/clautide-dormeus-daughter-alicia-768x501.jpg 768w\" sizes=\"(max-width: 799px) 100vw, 799px\" \/><p id=\"caption-attachment-51736\" class=\"wp-caption-text\">Clautide Dormeus et sa fille Alicia sont relog\u00e9es \u00e0 Nassau apr\u00e8s que l\u2019Ouragan Dorian ait d\u00e9truit leur maison sur l\u2019ile d\u2019Abaco. Photo de Libna Stevens \/ DIA<\/p><\/div>\n<p>Les membres d\u2019\u00e9glise ont pu poser leurs questions sur le relogement, les efforts de reconstruction, et bien plus.<\/p>\n<p><strong>S&rsquo;approprier la crise<\/strong><\/p>\n<p>\u00ab Il y a de nombreux croyants adventistes de diff\u00e9rentes parties du monde qui cherchent \u00e0 aider \u00e0 la construction, au nettoyage du site, et votre \u00e9glise ici explore toutes ces possibilit\u00e9s, et une fois que nous connaitrons l\u2019\u00e9tendue des d\u00e9g\u00e2ts caus\u00e9s \u00e0 chacun de vous, nous serons heureux de partager cette information avec ceux qui nous proposent de nous aider, \u00bb a d\u00e9clar\u00e9 pasteur Kerr.<\/p>\n<p>Pasteur Kerr a encourag\u00e9 tous les adventistes affect\u00e9s \u00e0 s\u2019approprier la crise. \u00ab Ce n\u2019est pas le probl\u00e8me du Premier Ministre, ce n\u2019est pas le probl\u00e8me du gouvernement, ni celui de l\u2019\u00e9glise. C\u2019est mon probl\u00e8me. Je fais face \u00e0 une crise et je dois faire de mon mieux pour aider mon fr\u00e8re et ma s\u0153ur qui sont dans le besoin, \u00bb a-t-il d\u00e9clar\u00e9. Il a f\u00e9licit\u00e9 les \u00e9glises qui ont r\u00e9agi rapidement dans l\u2019Union Carib\u00e9enne Atlantique pour apporter leur aide en plein milieu de cette crise.<\/p>\n<div id=\"attachment_51724\" style=\"width: 811px\" class=\"wp-caption aligncenter\"><img loading=\"lazy\" decoding=\"async\" aria-describedby=\"caption-attachment-51724\" class=\" wp-image-51725\" src=\"https:\/\/recursing-golick.147-182-135-0.plesk.page\/wp-content\/uploads\/2019\/09\/hillview-qna.jpg\" alt=\"\" width=\"801\" height=\"448\" srcset=\"https:\/\/interamerica.org\/wp-content\/uploads\/2019\/09\/hillview-qna.jpg 1000w, https:\/\/interamerica.org\/wp-content\/uploads\/2019\/09\/hillview-qna-300x168.jpg 300w, https:\/\/interamerica.org\/wp-content\/uploads\/2019\/09\/hillview-qna-768x429.jpg 768w\" sizes=\"(max-width: 801px) 100vw, 801px\" \/><p id=\"caption-attachment-51724\" class=\"wp-caption-text\">Les membres posent des questions lors de la rencontre sp\u00e9ciale qui a eu lieu \u00e0 l\u2019\u00e9glise adventiste de Hillview, le 14 septembre 2019. Photo de Libna Stevens \/ DIA<\/p><\/div>\n<p>\u00ab Lorsque vous retournerez dans votre \u00e9glise habituelle, ayez une discussion s\u00e9rieuse avec votre pasteur et dites-lui ce que vous pouvez faire pour aider. Que la r\u00e9ponse commence avec vous. Tenons-nous par la main et avan\u00e7ons ensemble pour traverser cette \u00e9preuve, \u00bb a d\u00e9clar\u00e9 pasteur Kerr.<\/p>\n<p>Pour d\u2019autres r\u00e9cits sur les interventions de secours et sur l\u2019\u00e9glise aux Bahamas apr\u00e8s le passage de l\u2019Ouragan Dorian, visitez notre site \u00e0 l\u2019adresse interamerica.org<\/p>\n<p>Pour aider les victimes de l\u2019Ouragan Dorian aux Bahamas, vous pouvez faire un don \u00e0 :<\/p>\n<p>Division Inter Am\u00e9ricaine, 8100 SW 117th Ave, Miami, FL 33183. Faites votre ch\u00e8que \u00e0 l\u2019ordre de la Division Inter Am\u00e9ricaine \u2013 Secours Ouragan Dorian, afin d\u2019aider les membres d\u2019\u00e9glise et leurs efforts dans la communaut\u00e9. (Seules les contributions financi\u00e8res sont accept\u00e9es).<\/p>\n<p>Vous pouvez \u00e9galement aider les victimes de l\u2019ouragan aux Bahamas par le biais d\u2019ADRA International, en vous rendant sur le site <a href=\"https:\/\/adra.org\/\">adra.org<\/a><\/p>\n<p>Traduction: Patrick Luciathe<\/p>\n","protected":false},"excerpt":{"rendered":"<p>16 Septembre 2019 | Nassau, les Bahamas | Libna Stevens, Actualit\u00e9s Division Inter Am\u00e9ricaine \u00ab Vous n\u2019\u00eates pas seuls. L\u2019\u00e9glise, votre famille, est avec vous et Dieu touche beaucoup de&#8230;<\/p>\n","protected":false},"author":3,"featured_media":51747,"comment_status":"open","ping_status":"closed","sticky":false,"template":"","format":"standard","meta":{"_acf_changed":false,"footnotes":""},"categories":[20,19],"tags":[],"class_list":["post-51767","post","type-post","status-publish","format-standard","has-post-thumbnail","hentry","category-nouvelles-du-siege-de-la-division","category-rss-francais"],"acf":[],"yoast_head":"<!-- This site is optimized with the Yoast SEO plugin v27.3 - https:\/\/yoast.com\/product\/yoast-seo-wordpress\/ -->\n<title>Aux Bahamas, l\u2019\u00c9glise adventiste aide les membres \u00e0 d\u00e9m\u00e9nager \u00e0 Nassau - \u00c9glise Adventiste Du Septieme Jour - Inter Am\u00e9rique Division<\/title>\n<meta name=\"robots\" content=\"index, follow, max-snippet:-1, max-image-preview:large, max-video-preview:-1\" \/>\n<link rel=\"canonical\" href=\"https:\/\/interamerica.org\/fr\/2019\/09\/aux-bahamas-leglise-adventiste-aide-les-membres-a-reamenager-a-nassau\/\" \/>\n<meta property=\"og:locale\" content=\"fr_FR\" \/>\n<meta property=\"og:type\" content=\"article\" \/>\n<meta property=\"og:title\" content=\"Aux Bahamas, l\u2019\u00c9glise adventiste aide les membres \u00e0 d\u00e9m\u00e9nager \u00e0 Nassau - \u00c9glise Adventiste Du Septieme Jour - Inter Am\u00e9rique Division\" \/>\n<meta property=\"og:description\" content=\"16 Septembre 2019 | Nassau, les Bahamas | Libna Stevens, Actualit\u00e9s Division Inter Am\u00e9ricaine \u00ab Vous n\u2019\u00eates pas seuls. L\u2019\u00e9glise, votre famille, est avec vous et Dieu touche beaucoup de...\" \/>\n<meta property=\"og:url\" content=\"https:\/\/interamerica.org\/fr\/2019\/09\/aux-bahamas-leglise-adventiste-aide-les-membres-a-reamenager-a-nassau\/\" \/>\n<meta property=\"og:site_name\" content=\"\u00c9glise Adventiste Du Septieme Jour - Inter Am\u00e9rique Division\" \/>\n<meta property=\"article:published_time\" content=\"2019-09-17T02:01:13+00:00\" \/>\n<meta property=\"article:modified_time\" content=\"2019-10-01T20:25:34+00:00\" \/>\n<meta property=\"og:image\" content=\"https:\/\/interamerica.org\/wp-content\/uploads\/2019\/09\/hillview-evacuee-members-1280.jpg\" \/>\n\t<meta property=\"og:image:width\" content=\"1280\" \/>\n\t<meta property=\"og:image:height\" content=\"800\" \/>\n\t<meta property=\"og:image:type\" content=\"image\/jpeg\" \/>\n<meta name=\"author\" content=\"libna\" \/>\n<meta name=\"twitter:card\" content=\"summary_large_image\" \/>\n<meta name=\"twitter:label1\" content=\"\u00c9crit par\" \/>\n\t<meta name=\"twitter:data1\" content=\"libna\" \/>\n\t<meta name=\"twitter:label2\" content=\"Dur\u00e9e de lecture estim\u00e9e\" \/>\n\t<meta name=\"twitter:data2\" content=\"12 minutes\" \/>\n<script type=\"application\/ld+json\" class=\"yoast-schema-graph\">{\"@context\":\"https:\\\/\\\/schema.org\",\"@graph\":[{\"@type\":\"Article\",\"@id\":\"https:\\\/\\\/interamerica.org\\\/fr\\\/2019\\\/09\\\/aux-bahamas-leglise-adventiste-aide-les-membres-a-reamenager-a-nassau\\\/#article\",\"isPartOf\":{\"@id\":\"https:\\\/\\\/interamerica.org\\\/fr\\\/2019\\\/09\\\/aux-bahamas-leglise-adventiste-aide-les-membres-a-reamenager-a-nassau\\\/\"},\"author\":{\"name\":\"libna\",\"@id\":\"https:\\\/\\\/interamerica.org\\\/fr\\\/#\\\/schema\\\/person\\\/29998f2bc2d8bd0d38662909289b54f1\"},\"headline\":\"Aux Bahamas, l\u2019\u00c9glise adventiste aide les membres \u00e0 d\u00e9m\u00e9nager \u00e0 Nassau\",\"datePublished\":\"2019-09-17T02:01:13+00:00\",\"dateModified\":\"2019-10-01T20:25:34+00:00\",\"mainEntityOfPage\":{\"@id\":\"https:\\\/\\\/interamerica.org\\\/fr\\\/2019\\\/09\\\/aux-bahamas-leglise-adventiste-aide-les-membres-a-reamenager-a-nassau\\\/\"},\"wordCount\":2356,\"commentCount\":0,\"image\":{\"@id\":\"https:\\\/\\\/interamerica.org\\\/fr\\\/2019\\\/09\\\/aux-bahamas-leglise-adventiste-aide-les-membres-a-reamenager-a-nassau\\\/#primaryimage\"},\"thumbnailUrl\":\"https:\\\/\\\/interamerica.org\\\/wp-content\\\/uploads\\\/2019\\\/09\\\/hillview-evacuee-members-1280.jpg\",\"articleSection\":[\"Nouvelles du si\u00e8ge de la division\",\"RSS Fran\u00e7ais\"],\"inLanguage\":\"fr-FR\",\"potentialAction\":[{\"@type\":\"CommentAction\",\"name\":\"Comment\",\"target\":[\"https:\\\/\\\/interamerica.org\\\/fr\\\/2019\\\/09\\\/aux-bahamas-leglise-adventiste-aide-les-membres-a-reamenager-a-nassau\\\/#respond\"]}]},{\"@type\":\"WebPage\",\"@id\":\"https:\\\/\\\/interamerica.org\\\/fr\\\/2019\\\/09\\\/aux-bahamas-leglise-adventiste-aide-les-membres-a-reamenager-a-nassau\\\/\",\"url\":\"https:\\\/\\\/interamerica.org\\\/fr\\\/2019\\\/09\\\/aux-bahamas-leglise-adventiste-aide-les-membres-a-reamenager-a-nassau\\\/\",\"name\":\"Aux Bahamas, l\u2019\u00c9glise adventiste aide les membres \u00e0 d\u00e9m\u00e9nager \u00e0 Nassau - \u00c9glise Adventiste Du Septieme Jour - Inter Am\u00e9rique Division\",\"isPartOf\":{\"@id\":\"https:\\\/\\\/interamerica.org\\\/fr\\\/#website\"},\"primaryImageOfPage\":{\"@id\":\"https:\\\/\\\/interamerica.org\\\/fr\\\/2019\\\/09\\\/aux-bahamas-leglise-adventiste-aide-les-membres-a-reamenager-a-nassau\\\/#primaryimage\"},\"image\":{\"@id\":\"https:\\\/\\\/interamerica.org\\\/fr\\\/2019\\\/09\\\/aux-bahamas-leglise-adventiste-aide-les-membres-a-reamenager-a-nassau\\\/#primaryimage\"},\"thumbnailUrl\":\"https:\\\/\\\/interamerica.org\\\/wp-content\\\/uploads\\\/2019\\\/09\\\/hillview-evacuee-members-1280.jpg\",\"datePublished\":\"2019-09-17T02:01:13+00:00\",\"dateModified\":\"2019-10-01T20:25:34+00:00\",\"author\":{\"@id\":\"https:\\\/\\\/interamerica.org\\\/fr\\\/#\\\/schema\\\/person\\\/29998f2bc2d8bd0d38662909289b54f1\"},\"breadcrumb\":{\"@id\":\"https:\\\/\\\/interamerica.org\\\/fr\\\/2019\\\/09\\\/aux-bahamas-leglise-adventiste-aide-les-membres-a-reamenager-a-nassau\\\/#breadcrumb\"},\"inLanguage\":\"fr-FR\",\"potentialAction\":[{\"@type\":\"ReadAction\",\"target\":[\"https:\\\/\\\/interamerica.org\\\/fr\\\/2019\\\/09\\\/aux-bahamas-leglise-adventiste-aide-les-membres-a-reamenager-a-nassau\\\/\"]}]},{\"@type\":\"ImageObject\",\"inLanguage\":\"fr-FR\",\"@id\":\"https:\\\/\\\/interamerica.org\\\/fr\\\/2019\\\/09\\\/aux-bahamas-leglise-adventiste-aide-les-membres-a-reamenager-a-nassau\\\/#primaryimage\",\"url\":\"https:\\\/\\\/interamerica.org\\\/wp-content\\\/uploads\\\/2019\\\/09\\\/hillview-evacuee-members-1280.jpg\",\"contentUrl\":\"https:\\\/\\\/interamerica.org\\\/wp-content\\\/uploads\\\/2019\\\/09\\\/hillview-evacuee-members-1280.jpg\",\"width\":1280,\"height\":800},{\"@type\":\"BreadcrumbList\",\"@id\":\"https:\\\/\\\/interamerica.org\\\/fr\\\/2019\\\/09\\\/aux-bahamas-leglise-adventiste-aide-les-membres-a-reamenager-a-nassau\\\/#breadcrumb\",\"itemListElement\":[{\"@type\":\"ListItem\",\"position\":1,\"name\":\"Home\",\"item\":\"https:\\\/\\\/interamerica.org\\\/fr\\\/\"},{\"@type\":\"ListItem\",\"position\":2,\"name\":\"Aux Bahamas, l\u2019\u00c9glise adventiste aide les membres \u00e0 d\u00e9m\u00e9nager \u00e0 Nassau\"}]},{\"@type\":\"WebSite\",\"@id\":\"https:\\\/\\\/interamerica.org\\\/fr\\\/#website\",\"url\":\"https:\\\/\\\/interamerica.org\\\/fr\\\/\",\"name\":\"\u00c9glise Adventiste Du Septieme Jour - Inter Am\u00e9rique Division\",\"description\":\"\",\"potentialAction\":[{\"@type\":\"SearchAction\",\"target\":{\"@type\":\"EntryPoint\",\"urlTemplate\":\"https:\\\/\\\/interamerica.org\\\/fr\\\/?s={search_term_string}\"},\"query-input\":{\"@type\":\"PropertyValueSpecification\",\"valueRequired\":true,\"valueName\":\"search_term_string\"}}],\"inLanguage\":\"fr-FR\"},{\"@type\":\"Person\",\"@id\":\"https:\\\/\\\/interamerica.org\\\/fr\\\/#\\\/schema\\\/person\\\/29998f2bc2d8bd0d38662909289b54f1\",\"name\":\"libna\",\"image\":{\"@type\":\"ImageObject\",\"inLanguage\":\"fr-FR\",\"@id\":\"https:\\\/\\\/secure.gravatar.com\\\/avatar\\\/7c5bd30ae4b47a9ba3c856590957fd1d96dc588bf3ac05719d247e126840331f?s=96&d=mm&r=g\",\"url\":\"https:\\\/\\\/secure.gravatar.com\\\/avatar\\\/7c5bd30ae4b47a9ba3c856590957fd1d96dc588bf3ac05719d247e126840331f?s=96&d=mm&r=g\",\"contentUrl\":\"https:\\\/\\\/secure.gravatar.com\\\/avatar\\\/7c5bd30ae4b47a9ba3c856590957fd1d96dc588bf3ac05719d247e126840331f?s=96&d=mm&r=g\",\"caption\":\"libna\"}}]}<\/script>\n<!-- \/ Yoast SEO plugin. -->","yoast_head_json":{"title":"Aux Bahamas, l\u2019\u00c9glise adventiste aide les membres \u00e0 d\u00e9m\u00e9nager \u00e0 Nassau - \u00c9glise Adventiste Du Septieme Jour - Inter Am\u00e9rique Division","robots":{"index":"index","follow":"follow","max-snippet":"max-snippet:-1","max-image-preview":"max-image-preview:large","max-video-preview":"max-video-preview:-1"},"canonical":"https:\/\/interamerica.org\/fr\/2019\/09\/aux-bahamas-leglise-adventiste-aide-les-membres-a-reamenager-a-nassau\/","og_locale":"fr_FR","og_type":"article","og_title":"Aux Bahamas, l\u2019\u00c9glise adventiste aide les membres \u00e0 d\u00e9m\u00e9nager \u00e0 Nassau - \u00c9glise Adventiste Du Septieme Jour - Inter Am\u00e9rique Division","og_description":"16 Septembre 2019 | Nassau, les Bahamas | Libna Stevens, Actualit\u00e9s Division Inter Am\u00e9ricaine \u00ab Vous n\u2019\u00eates pas seuls. L\u2019\u00e9glise, votre famille, est avec vous et Dieu touche beaucoup de...","og_url":"https:\/\/interamerica.org\/fr\/2019\/09\/aux-bahamas-leglise-adventiste-aide-les-membres-a-reamenager-a-nassau\/","og_site_name":"\u00c9glise Adventiste Du Septieme Jour - Inter Am\u00e9rique Division","article_published_time":"2019-09-17T02:01:13+00:00","article_modified_time":"2019-10-01T20:25:34+00:00","og_image":[{"width":1280,"height":800,"url":"https:\/\/interamerica.org\/wp-content\/uploads\/2019\/09\/hillview-evacuee-members-1280.jpg","type":"image\/jpeg"}],"author":"libna","twitter_card":"summary_large_image","twitter_misc":{"\u00c9crit par":"libna","Dur\u00e9e de lecture estim\u00e9e":"12 minutes"},"schema":{"@context":"https:\/\/schema.org","@graph":[{"@type":"Article","@id":"https:\/\/interamerica.org\/fr\/2019\/09\/aux-bahamas-leglise-adventiste-aide-les-membres-a-reamenager-a-nassau\/#article","isPartOf":{"@id":"https:\/\/interamerica.org\/fr\/2019\/09\/aux-bahamas-leglise-adventiste-aide-les-membres-a-reamenager-a-nassau\/"},"author":{"name":"libna","@id":"https:\/\/interamerica.org\/fr\/#\/schema\/person\/29998f2bc2d8bd0d38662909289b54f1"},"headline":"Aux Bahamas, l\u2019\u00c9glise adventiste aide les membres \u00e0 d\u00e9m\u00e9nager \u00e0 Nassau","datePublished":"2019-09-17T02:01:13+00:00","dateModified":"2019-10-01T20:25:34+00:00","mainEntityOfPage":{"@id":"https:\/\/interamerica.org\/fr\/2019\/09\/aux-bahamas-leglise-adventiste-aide-les-membres-a-reamenager-a-nassau\/"},"wordCount":2356,"commentCount":0,"image":{"@id":"https:\/\/interamerica.org\/fr\/2019\/09\/aux-bahamas-leglise-adventiste-aide-les-membres-a-reamenager-a-nassau\/#primaryimage"},"thumbnailUrl":"https:\/\/interamerica.org\/wp-content\/uploads\/2019\/09\/hillview-evacuee-members-1280.jpg","articleSection":["Nouvelles du si\u00e8ge de la division","RSS Fran\u00e7ais"],"inLanguage":"fr-FR","potentialAction":[{"@type":"CommentAction","name":"Comment","target":["https:\/\/interamerica.org\/fr\/2019\/09\/aux-bahamas-leglise-adventiste-aide-les-membres-a-reamenager-a-nassau\/#respond"]}]},{"@type":"WebPage","@id":"https:\/\/interamerica.org\/fr\/2019\/09\/aux-bahamas-leglise-adventiste-aide-les-membres-a-reamenager-a-nassau\/","url":"https:\/\/interamerica.org\/fr\/2019\/09\/aux-bahamas-leglise-adventiste-aide-les-membres-a-reamenager-a-nassau\/","name":"Aux Bahamas, l\u2019\u00c9glise adventiste aide les membres \u00e0 d\u00e9m\u00e9nager \u00e0 Nassau - \u00c9glise Adventiste Du Septieme Jour - Inter Am\u00e9rique Division","isPartOf":{"@id":"https:\/\/interamerica.org\/fr\/#website"},"primaryImageOfPage":{"@id":"https:\/\/interamerica.org\/fr\/2019\/09\/aux-bahamas-leglise-adventiste-aide-les-membres-a-reamenager-a-nassau\/#primaryimage"},"image":{"@id":"https:\/\/interamerica.org\/fr\/2019\/09\/aux-bahamas-leglise-adventiste-aide-les-membres-a-reamenager-a-nassau\/#primaryimage"},"thumbnailUrl":"https:\/\/interamerica.org\/wp-content\/uploads\/2019\/09\/hillview-evacuee-members-1280.jpg","datePublished":"2019-09-17T02:01:13+00:00","dateModified":"2019-10-01T20:25:34+00:00","author":{"@id":"https:\/\/interamerica.org\/fr\/#\/schema\/person\/29998f2bc2d8bd0d38662909289b54f1"},"breadcrumb":{"@id":"https:\/\/interamerica.org\/fr\/2019\/09\/aux-bahamas-leglise-adventiste-aide-les-membres-a-reamenager-a-nassau\/#breadcrumb"},"inLanguage":"fr-FR","potentialAction":[{"@type":"ReadAction","target":["https:\/\/interamerica.org\/fr\/2019\/09\/aux-bahamas-leglise-adventiste-aide-les-membres-a-reamenager-a-nassau\/"]}]},{"@type":"ImageObject","inLanguage":"fr-FR","@id":"https:\/\/interamerica.org\/fr\/2019\/09\/aux-bahamas-leglise-adventiste-aide-les-membres-a-reamenager-a-nassau\/#primaryimage","url":"https:\/\/interamerica.org\/wp-content\/uploads\/2019\/09\/hillview-evacuee-members-1280.jpg","contentUrl":"https:\/\/interamerica.org\/wp-content\/uploads\/2019\/09\/hillview-evacuee-members-1280.jpg","width":1280,"height":800},{"@type":"BreadcrumbList","@id":"https:\/\/interamerica.org\/fr\/2019\/09\/aux-bahamas-leglise-adventiste-aide-les-membres-a-reamenager-a-nassau\/#breadcrumb","itemListElement":[{"@type":"ListItem","position":1,"name":"Home","item":"https:\/\/interamerica.org\/fr\/"},{"@type":"ListItem","position":2,"name":"Aux Bahamas, l\u2019\u00c9glise adventiste aide les membres \u00e0 d\u00e9m\u00e9nager \u00e0 Nassau"}]},{"@type":"WebSite","@id":"https:\/\/interamerica.org\/fr\/#website","url":"https:\/\/interamerica.org\/fr\/","name":"\u00c9glise Adventiste Du Septieme Jour - Inter Am\u00e9rique Division","description":"","potentialAction":[{"@type":"SearchAction","target":{"@type":"EntryPoint","urlTemplate":"https:\/\/interamerica.org\/fr\/?s={search_term_string}"},"query-input":{"@type":"PropertyValueSpecification","valueRequired":true,"valueName":"search_term_string"}}],"inLanguage":"fr-FR"},{"@type":"Person","@id":"https:\/\/interamerica.org\/fr\/#\/schema\/person\/29998f2bc2d8bd0d38662909289b54f1","name":"libna","image":{"@type":"ImageObject","inLanguage":"fr-FR","@id":"https:\/\/secure.gravatar.com\/avatar\/7c5bd30ae4b47a9ba3c856590957fd1d96dc588bf3ac05719d247e126840331f?s=96&d=mm&r=g","url":"https:\/\/secure.gravatar.com\/avatar\/7c5bd30ae4b47a9ba3c856590957fd1d96dc588bf3ac05719d247e126840331f?s=96&d=mm&r=g","contentUrl":"https:\/\/secure.gravatar.com\/avatar\/7c5bd30ae4b47a9ba3c856590957fd1d96dc588bf3ac05719d247e126840331f?s=96&d=mm&r=g","caption":"libna"}}]}},"_links":{"self":[{"href":"https:\/\/interamerica.org\/fr\/wp-json\/wp\/v2\/posts\/51767","targetHints":{"allow":["GET"]}}],"collection":[{"href":"https:\/\/interamerica.org\/fr\/wp-json\/wp\/v2\/posts"}],"about":[{"href":"https:\/\/interamerica.org\/fr\/wp-json\/wp\/v2\/types\/post"}],"author":[{"embeddable":true,"href":"https:\/\/interamerica.org\/fr\/wp-json\/wp\/v2\/users\/3"}],"replies":[{"embeddable":true,"href":"https:\/\/interamerica.org\/fr\/wp-json\/wp\/v2\/comments?post=51767"}],"version-history":[{"count":0,"href":"https:\/\/interamerica.org\/fr\/wp-json\/wp\/v2\/posts\/51767\/revisions"}],"wp:featuredmedia":[{"embeddable":true,"href":"https:\/\/interamerica.org\/fr\/wp-json\/wp\/v2\/media\/51747"}],"wp:attachment":[{"href":"https:\/\/interamerica.org\/fr\/wp-json\/wp\/v2\/media?parent=51767"}],"wp:term":[{"taxonomy":"category","embeddable":true,"href":"https:\/\/interamerica.org\/fr\/wp-json\/wp\/v2\/categories?post=51767"},{"taxonomy":"post_tag","embeddable":true,"href":"https:\/\/interamerica.org\/fr\/wp-json\/wp\/v2\/tags?post=51767"}],"curies":[{"name":"wp","href":"https:\/\/api.w.org\/{rel}","templated":true}]}}