{"id":51857,"date":"2019-09-20T14:50:14","date_gmt":"2019-09-20T18:50:14","guid":{"rendered":"https:\/\/recursing-golick.147-182-135-0.plesk.page\/?p=51857"},"modified":"2019-09-20T20:10:07","modified_gmt":"2019-09-21T00:10:07","slug":"des-benevoles-soutiennent-des-familles-venezueliennes-a-maranhao","status":"publish","type":"post","link":"https:\/\/interamerica.org\/fr\/2019\/09\/des-benevoles-soutiennent-des-familles-venezueliennes-a-maranhao\/","title":{"rendered":"Des b\u00e9n\u00e9voles soutiennent des familles v\u00e9n\u00e9zu\u00e9liennes \u00e0 Maranh\u00e3o"},"content":{"rendered":"<div>\n<div id=\"attachment_51850\" style=\"width: 812px\" class=\"wp-caption aligncenter\"><img fetchpriority=\"high\" decoding=\"async\" aria-describedby=\"caption-attachment-51850\" class=\" wp-image-51849\" src=\"https:\/\/recursing-golick.147-182-135-0.plesk.page\/wp-content\/uploads\/2019\/09\/csm-81-sad-volunteers-support-venez-uelan-families-in-maranhaocroppedforposting-0fc6376ec8.jpg\" alt=\"\" width=\"802\" height=\"451\" srcset=\"https:\/\/interamerica.org\/wp-content\/uploads\/2019\/09\/csm-81-sad-volunteers-support-venez-uelan-families-in-maranhaocroppedforposting-0fc6376ec8.jpg 672w, https:\/\/interamerica.org\/wp-content\/uploads\/2019\/09\/csm-81-sad-volunteers-support-venez-uelan-families-in-maranhaocroppedforposting-0fc6376ec8-300x169.jpg 300w\" sizes=\"(max-width: 802px) 100vw, 802px\" \/><p id=\"caption-attachment-51850\" class=\"wp-caption-text\">Photo de la Division Sud-Am\u00e9ricaine<\/p><\/div>\n<\/div>\n<div><\/div>\n<div class=\"article__meta\"><span class=\"pub_date font--secondary--s gray can-be--white\">19 Septembre 2019<\/span><span class=\"divider\"> \u00a0|\u00a0 <\/span><span class=\"pub_region font--secondary--s gray can-be--white\">Maranh\u00e3o, Br\u00e9sil<\/span><span class=\"divider\"> \u00a0|\u00a0 <\/span><span class=\"byline font--secondary--s gray can-be--white\">Suyane Scanssette<\/span><\/div>\n<div><\/div>\n<div>\u00ab Vous traiterez l\u2019\u00e9tranger en s\u00e9jour parmi vous comme un indig\u00e8ne du milieu de vous ; vous l\u2019aimerez comme vous-m\u00eames, car vous avez \u00e9t\u00e9 \u00e9trangers dans le pays d\u2019\u00c9gypte. \u00bb Ce conseil tir\u00e9 de L\u00e9vitique 19 : 34 a \u00e9t\u00e9 donn\u00e9 aux H\u00e9breux, juste apr\u00e8s leur exode du pays d\u2019\u00c9gypte, il y a plus de quatre mille ans.<\/div>\n<div>\n<p>Prenant ce conseil divin au s\u00e9rieux, des b\u00e9n\u00e9voles adventistes du Nord-est de Maranh\u00e3o, au Br\u00e9sil, ont organis\u00e9 un \u00e9v\u00e9nement caritatif en ao\u00fbt pour aider les familles v\u00e9n\u00e9zu\u00e9liennes qui sont r\u00e9fugi\u00e9es dans un terminal de bus transform\u00e9 en camp de fortune \u00e0 S\u00e3o Lu\u00eds, capitale de l\u2019\u00e9tat.<\/p>\n<p>-Des chefs d\u2019entreprise locaux, des boulangers, l\u2019Association des R\u00e9sidents de S\u00e3o Bernardo et des membres de Action Solidarit\u00e9 Adventiste, ont collabor\u00e9 pour offrir un petit-d\u00e9jeuner, des paniers d\u2019aliments de base, et des v\u00eatements aux familles qui sont h\u00e9berg\u00e9es \u00e0 la gare routi\u00e8re.<\/p>\n<p>\u00ab C&rsquo;\u00e9tait tr\u00e8s gratifiant de voir la joie sur le visage de chacune de ces personnes, et encore plus de voir les minist\u00e8res de l\u2019\u00e9glise tels que les \u00c9claireurs et les Aventuriers impliqu\u00e9s, \u00bb a d\u00e9clar\u00e9 Patricia Miranda du Temple Adventiste de Habitar. \u00ab C\u2019est cela, l\u2019\u00e9glise engag\u00e9e \u00e0 faire ce que Christ nous a demand\u00e9 de faire : aimer r\u00e9ellement nos voisins, pas seulement en paroles, mais avec nos actions. \u00bb L\u2019id\u00e9e de cette opportunit\u00e9 de minist\u00e8re est venue \u00e0 Miranda lors d\u2019une r\u00e9union de la congr\u00e9gation.<\/p>\n<p><strong>Solidarit\u00e9<\/strong><\/p>\n<p>En plus de fournir de la nourriture aux r\u00e9fugi\u00e9s, les membres ont \u00e9galement propos\u00e9 un service de culte avec un message biblique. Des b\u00e9n\u00e9voles comme Alex Correia envisagent de continuer \u00e0 aider les familles de r\u00e9fugi\u00e9s. Alex Correia, qui effectue des visites et propose des \u00e9tudes bibliques, a dit : \u00ab Mon objectif est de les emmener \u00e0 l\u2019\u00e9glise samedi. \u00bb<\/p>\n<p>Le geste de solidarit\u00e9 de l\u2019\u00e9quipe de b\u00e9n\u00e9voles a \u00e9t\u00e9 salu\u00e9 avec gratitude par le V\u00e9n\u00e9zu\u00e9lien Jonny Jose Mata. \u00ab La situation dans mon pays est tr\u00e8s triste. Beaucoup d\u2019enfants [sont] affam\u00e9s et il n\u2019y a ni v\u00eatements, ni travail, ni nourriture. Tout est tr\u00e8s cher. Nous voulons remercier les Br\u00e9siliens qui \u00e9taient ici avec nous et ont pu nous aider. J\u2019appr\u00e9cie vraiment, \u00bb a-t-il d\u00e9clar\u00e9 avec enthousiasme.<\/p>\n<p>On estime que le nombre de r\u00e9fugi\u00e9s v\u00e9n\u00e9zu\u00e9liens dans la localit\u00e9 d\u00e9passe les 200 personnes.<\/p>\n<p><a href=\"https:\/\/noticias.adventistas.org\/pt\/noticia\/missao\/voluntarios-adventistas-ajudam-familias-venezuelanas-no-maranhao\/\" target=\"_blank\" rel=\"noopener noreferrer\">Cet article<\/a>\u00a0a \u00e9t\u00e9 initialement publi\u00e9 sur le\u00a0<a href=\"https:\/\/noticias.adventistas.org\/pt\/?orderby=date&amp;order=DESC&amp;post_status=publish&amp;post_type=post&amp;seemore_title=%C3%9Altimas+Not%C3%ADcias&amp;xtt-pa-sedes=dsa\" target=\"_blank\" rel=\"noopener noreferrer\">site d\u2019informations en portugais de la Division Sud-Am\u00e9ricaine<\/a>.<\/p>\n<\/div>\n<p>Traduction: Patrick Luciathe<\/p>\n","protected":false},"excerpt":{"rendered":"<p>19 Septembre 2019 \u00a0|\u00a0 Maranh\u00e3o, Br\u00e9sil \u00a0|\u00a0 Suyane Scanssette \u00ab Vous traiterez l\u2019\u00e9tranger en s\u00e9jour parmi vous comme un indig\u00e8ne du milieu de vous ; vous l\u2019aimerez comme vous-m\u00eames, car&#8230;<\/p>\n","protected":false},"author":3,"featured_media":51850,"comment_status":"open","ping_status":"closed","sticky":false,"template":"","format":"standard","meta":{"_acf_changed":false,"footnotes":""},"categories":[18,19],"tags":[],"class_list":["post-51857","post","type-post","status-publish","format-standard","has-post-thumbnail","hentry","category-nouvelles-de-leglise-mondiale","category-rss-francais"],"acf":[],"yoast_head":"<!-- This site is optimized with the Yoast SEO plugin v27.3 - https:\/\/yoast.com\/product\/yoast-seo-wordpress\/ -->\n<title>Des b\u00e9n\u00e9voles soutiennent des familles v\u00e9n\u00e9zu\u00e9liennes \u00e0 Maranh\u00e3o - \u00c9glise Adventiste Du Septieme Jour - Inter Am\u00e9rique Division<\/title>\n<meta name=\"robots\" content=\"index, follow, max-snippet:-1, max-image-preview:large, max-video-preview:-1\" \/>\n<link rel=\"canonical\" href=\"https:\/\/interamerica.org\/fr\/2019\/09\/des-benevoles-soutiennent-des-familles-venezueliennes-a-maranhao\/\" \/>\n<meta property=\"og:locale\" content=\"fr_FR\" \/>\n<meta property=\"og:type\" content=\"article\" \/>\n<meta property=\"og:title\" content=\"Des b\u00e9n\u00e9voles soutiennent des familles v\u00e9n\u00e9zu\u00e9liennes \u00e0 Maranh\u00e3o - \u00c9glise Adventiste Du Septieme Jour - Inter Am\u00e9rique Division\" \/>\n<meta property=\"og:description\" content=\"19 Septembre 2019 \u00a0|\u00a0 Maranh\u00e3o, Br\u00e9sil \u00a0|\u00a0 Suyane Scanssette \u00ab Vous traiterez l\u2019\u00e9tranger en s\u00e9jour parmi vous comme un indig\u00e8ne du milieu de vous ; vous l\u2019aimerez comme vous-m\u00eames, car...\" \/>\n<meta property=\"og:url\" content=\"https:\/\/interamerica.org\/fr\/2019\/09\/des-benevoles-soutiennent-des-familles-venezueliennes-a-maranhao\/\" \/>\n<meta property=\"og:site_name\" content=\"\u00c9glise Adventiste Du Septieme Jour - Inter Am\u00e9rique Division\" \/>\n<meta property=\"article:published_time\" content=\"2019-09-20T18:50:14+00:00\" \/>\n<meta property=\"article:modified_time\" content=\"2019-09-21T00:10:07+00:00\" \/>\n<meta property=\"og:image\" content=\"https:\/\/interamerica.org\/wp-content\/uploads\/2019\/09\/csm-81-sad-volunteers-support-venez-uelan-families-in-maranhaocroppedforposting-0fc6376ec8.jpg\" \/>\n\t<meta property=\"og:image:width\" content=\"672\" \/>\n\t<meta property=\"og:image:height\" content=\"378\" \/>\n\t<meta property=\"og:image:type\" content=\"image\/jpeg\" \/>\n<meta name=\"author\" content=\"libna\" \/>\n<meta name=\"twitter:card\" content=\"summary_large_image\" \/>\n<meta name=\"twitter:label1\" content=\"\u00c9crit par\" \/>\n\t<meta name=\"twitter:data1\" content=\"libna\" \/>\n\t<meta name=\"twitter:label2\" content=\"Dur\u00e9e de lecture estim\u00e9e\" \/>\n\t<meta name=\"twitter:data2\" content=\"2 minutes\" \/>\n<script type=\"application\/ld+json\" class=\"yoast-schema-graph\">{\"@context\":\"https:\\\/\\\/schema.org\",\"@graph\":[{\"@type\":\"Article\",\"@id\":\"https:\\\/\\\/interamerica.org\\\/fr\\\/2019\\\/09\\\/des-benevoles-soutiennent-des-familles-venezueliennes-a-maranhao\\\/#article\",\"isPartOf\":{\"@id\":\"https:\\\/\\\/interamerica.org\\\/fr\\\/2019\\\/09\\\/des-benevoles-soutiennent-des-familles-venezueliennes-a-maranhao\\\/\"},\"author\":{\"name\":\"libna\",\"@id\":\"https:\\\/\\\/interamerica.org\\\/fr\\\/#\\\/schema\\\/person\\\/29998f2bc2d8bd0d38662909289b54f1\"},\"headline\":\"Des b\u00e9n\u00e9voles soutiennent des familles v\u00e9n\u00e9zu\u00e9liennes \u00e0 Maranh\u00e3o\",\"datePublished\":\"2019-09-20T18:50:14+00:00\",\"dateModified\":\"2019-09-21T00:10:07+00:00\",\"mainEntityOfPage\":{\"@id\":\"https:\\\/\\\/interamerica.org\\\/fr\\\/2019\\\/09\\\/des-benevoles-soutiennent-des-familles-venezueliennes-a-maranhao\\\/\"},\"wordCount\":490,\"commentCount\":0,\"image\":{\"@id\":\"https:\\\/\\\/interamerica.org\\\/fr\\\/2019\\\/09\\\/des-benevoles-soutiennent-des-familles-venezueliennes-a-maranhao\\\/#primaryimage\"},\"thumbnailUrl\":\"https:\\\/\\\/interamerica.org\\\/wp-content\\\/uploads\\\/2019\\\/09\\\/csm-81-sad-volunteers-support-venez-uelan-families-in-maranhaocroppedforposting-0fc6376ec8.jpg\",\"articleSection\":[\"Nouvelles de l'\u00c9glise mondiale\",\"RSS Fran\u00e7ais\"],\"inLanguage\":\"fr-FR\",\"potentialAction\":[{\"@type\":\"CommentAction\",\"name\":\"Comment\",\"target\":[\"https:\\\/\\\/interamerica.org\\\/fr\\\/2019\\\/09\\\/des-benevoles-soutiennent-des-familles-venezueliennes-a-maranhao\\\/#respond\"]}]},{\"@type\":\"WebPage\",\"@id\":\"https:\\\/\\\/interamerica.org\\\/fr\\\/2019\\\/09\\\/des-benevoles-soutiennent-des-familles-venezueliennes-a-maranhao\\\/\",\"url\":\"https:\\\/\\\/interamerica.org\\\/fr\\\/2019\\\/09\\\/des-benevoles-soutiennent-des-familles-venezueliennes-a-maranhao\\\/\",\"name\":\"Des b\u00e9n\u00e9voles soutiennent des familles v\u00e9n\u00e9zu\u00e9liennes \u00e0 Maranh\u00e3o - \u00c9glise Adventiste Du Septieme Jour - Inter Am\u00e9rique Division\",\"isPartOf\":{\"@id\":\"https:\\\/\\\/interamerica.org\\\/fr\\\/#website\"},\"primaryImageOfPage\":{\"@id\":\"https:\\\/\\\/interamerica.org\\\/fr\\\/2019\\\/09\\\/des-benevoles-soutiennent-des-familles-venezueliennes-a-maranhao\\\/#primaryimage\"},\"image\":{\"@id\":\"https:\\\/\\\/interamerica.org\\\/fr\\\/2019\\\/09\\\/des-benevoles-soutiennent-des-familles-venezueliennes-a-maranhao\\\/#primaryimage\"},\"thumbnailUrl\":\"https:\\\/\\\/interamerica.org\\\/wp-content\\\/uploads\\\/2019\\\/09\\\/csm-81-sad-volunteers-support-venez-uelan-families-in-maranhaocroppedforposting-0fc6376ec8.jpg\",\"datePublished\":\"2019-09-20T18:50:14+00:00\",\"dateModified\":\"2019-09-21T00:10:07+00:00\",\"author\":{\"@id\":\"https:\\\/\\\/interamerica.org\\\/fr\\\/#\\\/schema\\\/person\\\/29998f2bc2d8bd0d38662909289b54f1\"},\"breadcrumb\":{\"@id\":\"https:\\\/\\\/interamerica.org\\\/fr\\\/2019\\\/09\\\/des-benevoles-soutiennent-des-familles-venezueliennes-a-maranhao\\\/#breadcrumb\"},\"inLanguage\":\"fr-FR\",\"potentialAction\":[{\"@type\":\"ReadAction\",\"target\":[\"https:\\\/\\\/interamerica.org\\\/fr\\\/2019\\\/09\\\/des-benevoles-soutiennent-des-familles-venezueliennes-a-maranhao\\\/\"]}]},{\"@type\":\"ImageObject\",\"inLanguage\":\"fr-FR\",\"@id\":\"https:\\\/\\\/interamerica.org\\\/fr\\\/2019\\\/09\\\/des-benevoles-soutiennent-des-familles-venezueliennes-a-maranhao\\\/#primaryimage\",\"url\":\"https:\\\/\\\/interamerica.org\\\/wp-content\\\/uploads\\\/2019\\\/09\\\/csm-81-sad-volunteers-support-venez-uelan-families-in-maranhaocroppedforposting-0fc6376ec8.jpg\",\"contentUrl\":\"https:\\\/\\\/interamerica.org\\\/wp-content\\\/uploads\\\/2019\\\/09\\\/csm-81-sad-volunteers-support-venez-uelan-families-in-maranhaocroppedforposting-0fc6376ec8.jpg\",\"width\":672,\"height\":378,\"caption\":\"Photo de la Division Sud-Am\u00e9ricaine\"},{\"@type\":\"BreadcrumbList\",\"@id\":\"https:\\\/\\\/interamerica.org\\\/fr\\\/2019\\\/09\\\/des-benevoles-soutiennent-des-familles-venezueliennes-a-maranhao\\\/#breadcrumb\",\"itemListElement\":[{\"@type\":\"ListItem\",\"position\":1,\"name\":\"Home\",\"item\":\"https:\\\/\\\/interamerica.org\\\/fr\\\/\"},{\"@type\":\"ListItem\",\"position\":2,\"name\":\"Des b\u00e9n\u00e9voles soutiennent des familles v\u00e9n\u00e9zu\u00e9liennes \u00e0 Maranh\u00e3o\"}]},{\"@type\":\"WebSite\",\"@id\":\"https:\\\/\\\/interamerica.org\\\/fr\\\/#website\",\"url\":\"https:\\\/\\\/interamerica.org\\\/fr\\\/\",\"name\":\"\u00c9glise Adventiste Du Septieme Jour - Inter Am\u00e9rique Division\",\"description\":\"\",\"potentialAction\":[{\"@type\":\"SearchAction\",\"target\":{\"@type\":\"EntryPoint\",\"urlTemplate\":\"https:\\\/\\\/interamerica.org\\\/fr\\\/?s={search_term_string}\"},\"query-input\":{\"@type\":\"PropertyValueSpecification\",\"valueRequired\":true,\"valueName\":\"search_term_string\"}}],\"inLanguage\":\"fr-FR\"},{\"@type\":\"Person\",\"@id\":\"https:\\\/\\\/interamerica.org\\\/fr\\\/#\\\/schema\\\/person\\\/29998f2bc2d8bd0d38662909289b54f1\",\"name\":\"libna\",\"image\":{\"@type\":\"ImageObject\",\"inLanguage\":\"fr-FR\",\"@id\":\"https:\\\/\\\/secure.gravatar.com\\\/avatar\\\/7c5bd30ae4b47a9ba3c856590957fd1d96dc588bf3ac05719d247e126840331f?s=96&d=mm&r=g\",\"url\":\"https:\\\/\\\/secure.gravatar.com\\\/avatar\\\/7c5bd30ae4b47a9ba3c856590957fd1d96dc588bf3ac05719d247e126840331f?s=96&d=mm&r=g\",\"contentUrl\":\"https:\\\/\\\/secure.gravatar.com\\\/avatar\\\/7c5bd30ae4b47a9ba3c856590957fd1d96dc588bf3ac05719d247e126840331f?s=96&d=mm&r=g\",\"caption\":\"libna\"}}]}<\/script>\n<!-- \/ Yoast SEO plugin. -->","yoast_head_json":{"title":"Des b\u00e9n\u00e9voles soutiennent des familles v\u00e9n\u00e9zu\u00e9liennes \u00e0 Maranh\u00e3o - \u00c9glise Adventiste Du Septieme Jour - Inter Am\u00e9rique Division","robots":{"index":"index","follow":"follow","max-snippet":"max-snippet:-1","max-image-preview":"max-image-preview:large","max-video-preview":"max-video-preview:-1"},"canonical":"https:\/\/interamerica.org\/fr\/2019\/09\/des-benevoles-soutiennent-des-familles-venezueliennes-a-maranhao\/","og_locale":"fr_FR","og_type":"article","og_title":"Des b\u00e9n\u00e9voles soutiennent des familles v\u00e9n\u00e9zu\u00e9liennes \u00e0 Maranh\u00e3o - \u00c9glise Adventiste Du Septieme Jour - Inter Am\u00e9rique Division","og_description":"19 Septembre 2019 \u00a0|\u00a0 Maranh\u00e3o, Br\u00e9sil \u00a0|\u00a0 Suyane Scanssette \u00ab Vous traiterez l\u2019\u00e9tranger en s\u00e9jour parmi vous comme un indig\u00e8ne du milieu de vous ; vous l\u2019aimerez comme vous-m\u00eames, car...","og_url":"https:\/\/interamerica.org\/fr\/2019\/09\/des-benevoles-soutiennent-des-familles-venezueliennes-a-maranhao\/","og_site_name":"\u00c9glise Adventiste Du Septieme Jour - Inter Am\u00e9rique Division","article_published_time":"2019-09-20T18:50:14+00:00","article_modified_time":"2019-09-21T00:10:07+00:00","og_image":[{"width":672,"height":378,"url":"https:\/\/interamerica.org\/wp-content\/uploads\/2019\/09\/csm-81-sad-volunteers-support-venez-uelan-families-in-maranhaocroppedforposting-0fc6376ec8.jpg","type":"image\/jpeg"}],"author":"libna","twitter_card":"summary_large_image","twitter_misc":{"\u00c9crit par":"libna","Dur\u00e9e de lecture estim\u00e9e":"2 minutes"},"schema":{"@context":"https:\/\/schema.org","@graph":[{"@type":"Article","@id":"https:\/\/interamerica.org\/fr\/2019\/09\/des-benevoles-soutiennent-des-familles-venezueliennes-a-maranhao\/#article","isPartOf":{"@id":"https:\/\/interamerica.org\/fr\/2019\/09\/des-benevoles-soutiennent-des-familles-venezueliennes-a-maranhao\/"},"author":{"name":"libna","@id":"https:\/\/interamerica.org\/fr\/#\/schema\/person\/29998f2bc2d8bd0d38662909289b54f1"},"headline":"Des b\u00e9n\u00e9voles soutiennent des familles v\u00e9n\u00e9zu\u00e9liennes \u00e0 Maranh\u00e3o","datePublished":"2019-09-20T18:50:14+00:00","dateModified":"2019-09-21T00:10:07+00:00","mainEntityOfPage":{"@id":"https:\/\/interamerica.org\/fr\/2019\/09\/des-benevoles-soutiennent-des-familles-venezueliennes-a-maranhao\/"},"wordCount":490,"commentCount":0,"image":{"@id":"https:\/\/interamerica.org\/fr\/2019\/09\/des-benevoles-soutiennent-des-familles-venezueliennes-a-maranhao\/#primaryimage"},"thumbnailUrl":"https:\/\/interamerica.org\/wp-content\/uploads\/2019\/09\/csm-81-sad-volunteers-support-venez-uelan-families-in-maranhaocroppedforposting-0fc6376ec8.jpg","articleSection":["Nouvelles de l'\u00c9glise mondiale","RSS Fran\u00e7ais"],"inLanguage":"fr-FR","potentialAction":[{"@type":"CommentAction","name":"Comment","target":["https:\/\/interamerica.org\/fr\/2019\/09\/des-benevoles-soutiennent-des-familles-venezueliennes-a-maranhao\/#respond"]}]},{"@type":"WebPage","@id":"https:\/\/interamerica.org\/fr\/2019\/09\/des-benevoles-soutiennent-des-familles-venezueliennes-a-maranhao\/","url":"https:\/\/interamerica.org\/fr\/2019\/09\/des-benevoles-soutiennent-des-familles-venezueliennes-a-maranhao\/","name":"Des b\u00e9n\u00e9voles soutiennent des familles v\u00e9n\u00e9zu\u00e9liennes \u00e0 Maranh\u00e3o - \u00c9glise Adventiste Du Septieme Jour - Inter Am\u00e9rique Division","isPartOf":{"@id":"https:\/\/interamerica.org\/fr\/#website"},"primaryImageOfPage":{"@id":"https:\/\/interamerica.org\/fr\/2019\/09\/des-benevoles-soutiennent-des-familles-venezueliennes-a-maranhao\/#primaryimage"},"image":{"@id":"https:\/\/interamerica.org\/fr\/2019\/09\/des-benevoles-soutiennent-des-familles-venezueliennes-a-maranhao\/#primaryimage"},"thumbnailUrl":"https:\/\/interamerica.org\/wp-content\/uploads\/2019\/09\/csm-81-sad-volunteers-support-venez-uelan-families-in-maranhaocroppedforposting-0fc6376ec8.jpg","datePublished":"2019-09-20T18:50:14+00:00","dateModified":"2019-09-21T00:10:07+00:00","author":{"@id":"https:\/\/interamerica.org\/fr\/#\/schema\/person\/29998f2bc2d8bd0d38662909289b54f1"},"breadcrumb":{"@id":"https:\/\/interamerica.org\/fr\/2019\/09\/des-benevoles-soutiennent-des-familles-venezueliennes-a-maranhao\/#breadcrumb"},"inLanguage":"fr-FR","potentialAction":[{"@type":"ReadAction","target":["https:\/\/interamerica.org\/fr\/2019\/09\/des-benevoles-soutiennent-des-familles-venezueliennes-a-maranhao\/"]}]},{"@type":"ImageObject","inLanguage":"fr-FR","@id":"https:\/\/interamerica.org\/fr\/2019\/09\/des-benevoles-soutiennent-des-familles-venezueliennes-a-maranhao\/#primaryimage","url":"https:\/\/interamerica.org\/wp-content\/uploads\/2019\/09\/csm-81-sad-volunteers-support-venez-uelan-families-in-maranhaocroppedforposting-0fc6376ec8.jpg","contentUrl":"https:\/\/interamerica.org\/wp-content\/uploads\/2019\/09\/csm-81-sad-volunteers-support-venez-uelan-families-in-maranhaocroppedforposting-0fc6376ec8.jpg","width":672,"height":378,"caption":"Photo de la Division Sud-Am\u00e9ricaine"},{"@type":"BreadcrumbList","@id":"https:\/\/interamerica.org\/fr\/2019\/09\/des-benevoles-soutiennent-des-familles-venezueliennes-a-maranhao\/#breadcrumb","itemListElement":[{"@type":"ListItem","position":1,"name":"Home","item":"https:\/\/interamerica.org\/fr\/"},{"@type":"ListItem","position":2,"name":"Des b\u00e9n\u00e9voles soutiennent des familles v\u00e9n\u00e9zu\u00e9liennes \u00e0 Maranh\u00e3o"}]},{"@type":"WebSite","@id":"https:\/\/interamerica.org\/fr\/#website","url":"https:\/\/interamerica.org\/fr\/","name":"\u00c9glise Adventiste Du Septieme Jour - Inter Am\u00e9rique Division","description":"","potentialAction":[{"@type":"SearchAction","target":{"@type":"EntryPoint","urlTemplate":"https:\/\/interamerica.org\/fr\/?s={search_term_string}"},"query-input":{"@type":"PropertyValueSpecification","valueRequired":true,"valueName":"search_term_string"}}],"inLanguage":"fr-FR"},{"@type":"Person","@id":"https:\/\/interamerica.org\/fr\/#\/schema\/person\/29998f2bc2d8bd0d38662909289b54f1","name":"libna","image":{"@type":"ImageObject","inLanguage":"fr-FR","@id":"https:\/\/secure.gravatar.com\/avatar\/7c5bd30ae4b47a9ba3c856590957fd1d96dc588bf3ac05719d247e126840331f?s=96&d=mm&r=g","url":"https:\/\/secure.gravatar.com\/avatar\/7c5bd30ae4b47a9ba3c856590957fd1d96dc588bf3ac05719d247e126840331f?s=96&d=mm&r=g","contentUrl":"https:\/\/secure.gravatar.com\/avatar\/7c5bd30ae4b47a9ba3c856590957fd1d96dc588bf3ac05719d247e126840331f?s=96&d=mm&r=g","caption":"libna"}}]}},"_links":{"self":[{"href":"https:\/\/interamerica.org\/fr\/wp-json\/wp\/v2\/posts\/51857","targetHints":{"allow":["GET"]}}],"collection":[{"href":"https:\/\/interamerica.org\/fr\/wp-json\/wp\/v2\/posts"}],"about":[{"href":"https:\/\/interamerica.org\/fr\/wp-json\/wp\/v2\/types\/post"}],"author":[{"embeddable":true,"href":"https:\/\/interamerica.org\/fr\/wp-json\/wp\/v2\/users\/3"}],"replies":[{"embeddable":true,"href":"https:\/\/interamerica.org\/fr\/wp-json\/wp\/v2\/comments?post=51857"}],"version-history":[{"count":0,"href":"https:\/\/interamerica.org\/fr\/wp-json\/wp\/v2\/posts\/51857\/revisions"}],"wp:featuredmedia":[{"embeddable":true,"href":"https:\/\/interamerica.org\/fr\/wp-json\/wp\/v2\/media\/51850"}],"wp:attachment":[{"href":"https:\/\/interamerica.org\/fr\/wp-json\/wp\/v2\/media?parent=51857"}],"wp:term":[{"taxonomy":"category","embeddable":true,"href":"https:\/\/interamerica.org\/fr\/wp-json\/wp\/v2\/categories?post=51857"},{"taxonomy":"post_tag","embeddable":true,"href":"https:\/\/interamerica.org\/fr\/wp-json\/wp\/v2\/tags?post=51857"}],"curies":[{"name":"wp","href":"https:\/\/api.w.org\/{rel}","templated":true}]}}