{"id":52114,"date":"2019-09-29T12:43:14","date_gmt":"2019-09-29T16:43:14","guid":{"rendered":"https:\/\/recursing-golick.147-182-135-0.plesk.page\/?p=52114"},"modified":"2019-09-29T18:55:38","modified_gmt":"2019-09-29T22:55:38","slug":"maranatha-celebre-50-ans-de-rejouissances-dans-la-joie-du-service","status":"publish","type":"post","link":"https:\/\/interamerica.org\/fr\/2019\/09\/maranatha-celebre-50-ans-de-rejouissances-dans-la-joie-du-service\/","title":{"rendered":"Maranatha c\u00e9l\u00e8bre 50 ans de r\u00e9jouissances dans la joie du service"},"content":{"rendered":"<div id=\"attachment_52091\" style=\"width: 810px\" class=\"wp-caption aligncenter\"><img fetchpriority=\"high\" decoding=\"async\" aria-describedby=\"caption-attachment-52091\" class=\" wp-image-52090\" src=\"https:\/\/recursing-golick.147-182-135-0.plesk.page\/wp-content\/uploads\/2019\/09\/maranatha-celebrates-50-years-of-reveling-in-the-joy-of-service.jpg\" alt=\"\" width=\"800\" height=\"400\" srcset=\"https:\/\/interamerica.org\/wp-content\/uploads\/2019\/09\/maranatha-celebrates-50-years-of-reveling-in-the-joy-of-service.jpg 1000w, https:\/\/interamerica.org\/wp-content\/uploads\/2019\/09\/maranatha-celebrates-50-years-of-reveling-in-the-joy-of-service-300x150.jpg 300w, https:\/\/interamerica.org\/wp-content\/uploads\/2019\/09\/maranatha-celebrates-50-years-of-reveling-in-the-joy-of-service-768x384.jpg 768w\" sizes=\"(max-width: 800px) 100vw, 800px\" \/><p id=\"caption-attachment-52091\" class=\"wp-caption-text\"><br \/>Plus de 2000 personnes ont assist\u00e9 \u00e0 la convention annuelle de Maranatha Volunteers International \u00e0 Sacramento, en Californie, aux \u00c9tats-Unis, du 19 au 21 septembre 2019. En 2019, Maranatha c\u00e9l\u00e8bre 50 ans de service. Photo : Tom Lloyd, Maranatha Volunteers International<\/p><\/div>\n<p><span class=\"byline-news\">Par : Marcos Paseggi, <\/span><em><span class=\"byline-news\">Adventist Review<\/span><\/em><\/p>\n<p><span class=\"cap\">C&rsquo;<\/span>\u00e9tait le moment de se souvenir et de remercier, mais aussi de consid\u00e9rer l\u2019avenir : plus de 2000 b\u00e9n\u00e9voles, sympathisants et amis se sont r\u00e9unis pour c\u00e9l\u00e9brer le 50\u00e8me anniversaire de <a href=\"https:\/\/maranatha.org\/\" target=\"_blank\" rel=\"noopener noreferrer\">Maranatha Volunteers International<\/a>\u00e0 Sacramento, en Californie, aux \u00c9tats-Unis, du 19 au 21 septembre 2019.<\/p>\n<p>Ce minist\u00e8re de soutien de l\u2019\u00c9glise adventiste du septi\u00e8me jour, qui coordonne et sponsorise des projets de construction d\u2019\u00e9glises, d\u2019\u00e9coles, et de forage de puits d\u2019eau potable dans le monde entier, a profit\u00e9 de sa convention annuelle pour revenir sur son histoire \u00e0 travers ce que les dirigeants ont appel\u00e9 \u00ab La direction de Dieu au fil des ann\u00e9es. \u00bb<\/p>\n<p>\u00ab Une chose n\u2019a pas chang\u00e9 depuis cinq d\u00e9cennies, \u00bb a d\u00e9clar\u00e9 le pr\u00e9sident de Maranatha, Don Noble. \u00ab Dieu est fid\u00e8le et il a \u00e9t\u00e9 fid\u00e8le envers Maranatha. Nous avons vu sa main \u00e0 l\u2019\u0153uvre \u00e0 maintes reprises. \u00bb<\/p>\n<p><strong>Chiffres Impressionnants<\/strong><br \/>\nLes r\u00e9sultats des initiatives de Maranatha sont nombreux et faciles \u00e0 voir. Au cours des cinq d\u00e9cennies qui se sont \u00e9coul\u00e9es depuis que John Freeman a organis\u00e9 le premier voyage missionnaire pour sa famille et ses amis aux Bahamas, Maranatha a poursuivi sa vision avec distinction, ont d\u00e9clar\u00e9 les dirigeants et les b\u00e9n\u00e9voles.<\/p>\n<div id=\"attachment_52100\" style=\"width: 810px\" class=\"wp-caption aligncenter\"><img decoding=\"async\" aria-describedby=\"caption-attachment-52100\" class=\" wp-image-52099\" src=\"https:\/\/recursing-golick.147-182-135-0.plesk.page\/wp-content\/uploads\/2019\/09\/maranatha2019-convention-tl-236.jpg\" alt=\"\" width=\"800\" height=\"533\" srcset=\"https:\/\/interamerica.org\/wp-content\/uploads\/2019\/09\/maranatha2019-convention-tl-236.jpg 1000w, https:\/\/interamerica.org\/wp-content\/uploads\/2019\/09\/maranatha2019-convention-tl-236-300x200.jpg 300w, https:\/\/interamerica.org\/wp-content\/uploads\/2019\/09\/maranatha2019-convention-tl-236-768x511.jpg 768w\" sizes=\"(max-width: 800px) 100vw, 800px\" \/><p id=\"caption-attachment-52100\" class=\"wp-caption-text\">Vendredi matin, 20 septembre 2019, des activit\u00e9s en petits groupes ont permis aux b\u00e9n\u00e9voles et aux sympathisants de Maranatha de r\u00e9fl\u00e9chir et de connecter diff\u00e9rentes g\u00e9n\u00e9rations lors de la convention annuelle du minist\u00e8re, ont indiqu\u00e9 les dirigeants. Photo : Tom Lloyd, Maranatha Volunteers International<\/p><\/div>\n<p>Les chiffres du minist\u00e8re sont impressionnants. Depuis 1969, Maranatha a recrut\u00e9 plus de 85000 b\u00e9n\u00e9voles qui se retrouvent au sein de 2170 \u00e9quipes de missionnaires dans 88 pays. A travers ses projets, Maranatha a construit 11229 nouvelles structures et for\u00e9 plus de 1000 puits d\u2019eau. Au total, il a construit 9079 \u00e9glises et 3110 salles de classe, pour une superficie totale d\u2019environ 1219235 m\u00e8tres carr\u00e9s.<\/p>\n<p>Mais les chiffres ne disent pas tout, car Maranatha ne s\u2019int\u00e9resse pas uniquement \u00e0 la construction de b\u00e2timents, mais aussi \u00e0 la transformation de vies individuelles et de la communaut\u00e9 religieuse dans son ensemble.<\/p>\n<p>\u00ab Il a \u00e9t\u00e9 prouv\u00e9 maintes fois, a dit Don Noble, qu\u2019une fois que Maranatha commence \u00e0 travailler dans un pays, l\u2019\u00e9glise dans son ensemble se d\u00e9veloppe.<\/p>\n<p>La pr\u00e9sence de Maranatha revitalise \u00e9galement les membres de l\u2019\u00e9glise locale, a d\u00e9clar\u00e9 Samuel Makori, pr\u00e9sident de l\u2019\u00c9glise adventiste de l\u2019Est du Kenya.<\/p>\n<div id=\"attachment_52103\" style=\"width: 812px\" class=\"wp-caption aligncenter\"><img decoding=\"async\" aria-describedby=\"caption-attachment-52103\" class=\" wp-image-52102\" src=\"https:\/\/recursing-golick.147-182-135-0.plesk.page\/wp-content\/uploads\/2019\/09\/maranatha2019-convention-tl-344.jpg\" alt=\"\" width=\"802\" height=\"534\" srcset=\"https:\/\/interamerica.org\/wp-content\/uploads\/2019\/09\/maranatha2019-convention-tl-344.jpg 1000w, https:\/\/interamerica.org\/wp-content\/uploads\/2019\/09\/maranatha2019-convention-tl-344-300x200.jpg 300w, https:\/\/interamerica.org\/wp-content\/uploads\/2019\/09\/maranatha2019-convention-tl-344-768x511.jpg 768w\" sizes=\"(max-width: 802px) 100vw, 802px\" \/><p id=\"caption-attachment-52103\" class=\"wp-caption-text\">Christian Edition, un ch\u0153ur d\u2019hommes de Glendale, en Californie, aux \u00c9tats-Unis, a offert des moments de louange et d\u2019adoration lors du week-end de c\u00e9l\u00e9bration du 50\u00e8me anniversaire durant la convention annuelle de Maranatha. Photo : Tom Lloyd, Maranatha Volunteers International<\/p><\/div>\n<p>\u00ab J\u2019ai vu que gr\u00e2ce \u00e0 Maranatha, des individus et des \u00e9glises quittent leur zone de confort pour aller aider dans les zones rurales. [Le service de Maranatha] est une motivation pour nos membres, \u00bb a-t-il d\u00e9clar\u00e9.<\/p>\n<p><strong>D\u00e9fis \u00e0 Venir<\/strong><\/p>\n<p>Le service de Maranatha, cependant, n\u2019est pas sans un certain nombre de d\u00e9fis. Maranatha a \u00e9t\u00e9 lanc\u00e9 \u00e0 une \u00e9poque o\u00f9 les minist\u00e8res de soutien de l\u2019\u00c9glise adventiste &#8211; ceux qui sont financ\u00e9s par des dons priv\u00e9s et non par des allocations de l\u2019organisation de l\u2019\u00e9glise &#8211; \u00e9taient peu nombreux. Au cours des derni\u00e8res d\u00e9cennies, le nombre de minist\u00e8res de ce type a augment\u00e9. Maranatha est confront\u00e9 \u00e0 la question suivante : comment peut-il se distinguer parmi les nombreuses options de soutien dont disposent les membres d\u2019\u00e9glise ?<\/p>\n<p>\u00ab Je pense que les besoins sont nombreux, et qu\u2019il existe des opportunit\u00e9s de servir pour tout le monde, \u00bb a d\u00e9clar\u00e9 le vice-pr\u00e9sident ex\u00e9cutif, Kenneth Weiss. \u00ab En ce qui concerne Maranatha, la gestion du minist\u00e8re est tr\u00e8s transparente ; c\u2019est une option o\u00f9 vous voyez des r\u00e9sultats, et vous les voyez rapidement. \u00bb Gr\u00e2ce \u00e0 des efforts soigneusement coordonn\u00e9s, les b\u00e9n\u00e9voles de Maranatha prennent d\u2019assaut un site et construisent un lieu de culte ou des salles de classe en quelques jours seulement.<\/p>\n<p>D\u2019un autre c\u00f4t\u00e9, les \u00ab pionniers \u00bb de Maranatha, ou ceux qui ont aid\u00e9 le minist\u00e8re \u00e0 se d\u00e9velopper au cours de sa premi\u00e8re d\u00e9cennie, sont en train de mourir, ont reconnu les dirigeants du minist\u00e8re, et Maranatha doit atteindre les nouvelles g\u00e9n\u00e9rations pour maintenir son vivier de soutiens en bonne forme et actif.<\/p>\n<div id=\"attachment_52097\" style=\"width: 810px\" class=\"wp-caption aligncenter\"><img loading=\"lazy\" decoding=\"async\" aria-describedby=\"caption-attachment-52097\" class=\" wp-image-52096\" src=\"https:\/\/recursing-golick.147-182-135-0.plesk.page\/wp-content\/uploads\/2019\/09\/maranatha2019-convention-tl-455.jpg\" alt=\"\" width=\"800\" height=\"533\" srcset=\"https:\/\/interamerica.org\/wp-content\/uploads\/2019\/09\/maranatha2019-convention-tl-455.jpg 1000w, https:\/\/interamerica.org\/wp-content\/uploads\/2019\/09\/maranatha2019-convention-tl-455-300x200.jpg 300w, https:\/\/interamerica.org\/wp-content\/uploads\/2019\/09\/maranatha2019-convention-tl-455-768x511.jpg 768w\" sizes=\"(max-width: 800px) 100vw, 800px\" \/><p id=\"caption-attachment-52097\" class=\"wp-caption-text\">Le pr\u00e9sident de l\u2019\u00c9glise adventiste \u00e0 Cuba, Aldo P\u00e9rez (\u00e0 gauche), remercie Maranatha Volunteers International pour son soutien depuis son entr\u00e9e dans le pays pour la premi\u00e8re fois en 1994, tandis que le vice-pr\u00e9sident ex\u00e9cutif de Maranatha, Kenneth Weiss, traduit. \u00ab Il ne fait aucun doute que Dieu a utilis\u00e9 Maranatha pour sa gloire, \u00bb a d\u00e9clar\u00e9 Aldo P\u00e9rez. Photo : Tom Lloyd, Maranatha Volunteers International<\/p><\/div>\n<p>\u00ab Au cours des deux prochaines d\u00e9cennies, le d\u00e9fi consistera \u00e0 amener les Enfants du Millennaire \u00e0 soutenir un tel minist\u00e8re, \u00bb a conc\u00e9d\u00e9 Kenneth Weiss. \u00ab En m\u00eame temps, lorsque Maranatha a commenc\u00e9, le programme \u00e9tait principalement soutenu par les jeunes d\u2019un c\u00f4t\u00e9, et par les retrait\u00e9s de l\u2019autre, \u00bb a-t-il expliqu\u00e9. \u00ab Maintenant, les choses sont plus \u00e9quilibr\u00e9es, et de nombreuses familles d\u2019\u00e2ge moyen s\u2019impliquent et s\u2019investissent dans ce minist\u00e8re. \u00bb<\/p>\n<p>Une partie de cette tendance pourrait r\u00e9sulter du succ\u00e8s des projets familiaux de Maranatha, ceux qui engagent des familles enti\u00e8res dans des initiatives de construction dans le monde entier pendant de courtes p\u00e9riodes. Dans le m\u00eame temps, d\u2019autres initiatives, telles que Ultimate Workout, destin\u00e9es exclusivement aux adolescents, am\u00e8nent les parents \u00e0 s\u2019impliquer dans le soutien au minist\u00e8re.<\/p>\n<p>\u00ab Les projets familiaux sont tr\u00e8s populaires, \u00bb a dit Kenneth Weiss. \u00ab Lorsque nous ouvrons les inscriptions pour un projet sp\u00e9cifique, la liste se remplit tr\u00e8s rapidement. Et les gens qui ont d\u00e9j\u00e0 particip\u00e9 une fois repr\u00e9sentent la meilleure publicit\u00e9, car ils voient que Maranatha change leur vie et celle des autres. \u00bb<\/p>\n<p><strong>T\u00e9moignages \u00c9mouvants<\/strong><\/p>\n<p>Lors de la convention annuelle qui s\u2019est tenue \u00e0 Sacramento, les participants ont pu constater la puissante transformation que Maranatha suscite chez les jeunes et les moins jeunes. Outre les s\u00e9minaires du vendredi matin sur le leadership, la gestion de l\u2019h\u00e9ritage et d\u2019autres sujets, ainsi que les moments inspirants de louange et d\u2019adoration tout au long du week-end, les b\u00e9n\u00e9voles ont partag\u00e9 des t\u00e9moignages \u00e9mouvants sur leur implication dans Maranatha. De la famille endeuill\u00e9e qui lutte pour surmonter la mort d\u2019un enfant, \u00e0 l\u2019adolescente aux prises avec un trouble de l\u2019alimentation, en passant par le couple qui, apr\u00e8s des ann\u00e9es \u00e0 l\u2019ext\u00e9rieur, retourne \u00e0 l\u2019\u00e9glise, Maranatha encourage le service comme moyen de trouver du sens, de l\u2019\u00e9panouissement et un renouveau spirituel en se mettant au service des autres.<\/p>\n<div id=\"attachment_52106\" style=\"width: 810px\" class=\"wp-caption aligncenter\"><img loading=\"lazy\" decoding=\"async\" aria-describedby=\"caption-attachment-52106\" class=\" wp-image-52105\" src=\"https:\/\/recursing-golick.147-182-135-0.plesk.page\/wp-content\/uploads\/2019\/09\/maranatha2019-convention-tl-859.jpg\" alt=\"\" width=\"800\" height=\"533\" srcset=\"https:\/\/interamerica.org\/wp-content\/uploads\/2019\/09\/maranatha2019-convention-tl-859.jpg 1000w, https:\/\/interamerica.org\/wp-content\/uploads\/2019\/09\/maranatha2019-convention-tl-859-300x200.jpg 300w, https:\/\/interamerica.org\/wp-content\/uploads\/2019\/09\/maranatha2019-convention-tl-859-768x511.jpg 768w\" sizes=\"(max-width: 800px) 100vw, 800px\" \/><p id=\"caption-attachment-52106\" class=\"wp-caption-text\">Les b\u00e9n\u00e9voles et les sympathisants de Maranatha suivent le programme du week-end lors de la convention annuelle du minist\u00e8re \u00e0 Sacramento. Maranatha Volunteers International a 50 ans cette ann\u00e9e. Photo : Tom Lloyd, Maranatha Volunteers International<\/p><\/div>\n<p>Plusieurs dirigeants d\u2019\u00e9glise ont \u00e9galement apport\u00e9 leurs salutations et leurs t\u00e9moignages \u00e0 la convention, soulignant comment Maranatha a aid\u00e9 \u00e0 d\u00e9velopper l\u2019\u00c9glise adventiste en \u00e9rigeant des lieux de culte accueillants, des salles de classe confortables et des puits d\u2019eau potable essentiels l\u00e0 o\u00f9 c\u2019\u00e9tait n\u00e9cessaire.<\/p>\n<p>Daniel Fontaine, ancien pr\u00e9sident de l\u2019\u00c9glise adventiste \u00e0 Cuba, est l\u2019un des dirigeants \u00e0 avoir insist\u00e9 sur ce point.<\/p>\n<p>\u00ab Maranatha a \u00e9t\u00e9 une b\u00e9n\u00e9diction pour Cuba, \u00bb a dit Daniel Fontaine, qui a expliqu\u00e9 comment le minist\u00e8re avait transform\u00e9 le visage de l\u2019\u00e9glise dans ce pays apr\u00e8s avoir commenc\u00e9 \u00e0 y travailler en 1994. \u00ab Pour aller \u00e0 Cuba, dit-il, il vous faut faire preuve de foi et de confiance en Dieu. Les d\u00e9buts de Maranatha \u00e0 Cuba ont \u00e9t\u00e9 difficiles. \u00bb<\/p>\n<p>Daniel Fontaine a expliqu\u00e9 qu\u2019une fois, Maranatha \u00e9tait sur le point de quitter Cuba \u00e0 cause des difficult\u00e9s.<\/p>\n<p>\u00ab Ses dirigeants ont dit : \u2018Si dans un an, vous ne parvenez pas \u00e0 r\u00e9soudre ces probl\u00e8mes, nous partirons,\u2019 \u00bb a rapport\u00e9 Daniel Fontaine. \u00ab Mais cela fait 25 ans, et le soutien de Maranatha a transform\u00e9 l\u2019\u00e9glise et aid\u00e9 l\u2019effectif de membres \u00e0 monter en fl\u00e8che. \u00bb<\/p>\n<p>L\u2019actuel pr\u00e9sident de l\u2019\u00c9glise adventiste \u00e0 Cuba, Aldo P\u00e9rez, partage cette analyse.<\/p>\n<p>\u00ab Maranatha est comme un m\u00e9decin qui est venu soulager nos douleurs de croissance \u00e0 Cuba, \u00bb a-t-il dit. \u00ab Il ne fait aucun doute que Dieu utilise Maranatha pour sa gloire. Et les fruits du service de [Maranatha] ne seront visibles que dans l\u2019\u00e9ternit\u00e9. \u00bb<\/p>\n<p><strong>Et Maintenant<\/strong><\/p>\n<p>Malgr\u00e9 les r\u00e9alisations impressionnantes de Maranatha, il reste encore beaucoup \u00e0 faire, a d\u00e9clar\u00e9 Kyle Fiess, vice-pr\u00e9sident des projets de Maranatha. Kyle Fiess a partag\u00e9 les d\u00e9tails de l\u2019action de Maranatha en Zambie, un pays o\u00f9, selon les derni\u00e8res statistiques, une personne sur douze est un adventiste du septi\u00e8me jour.<\/p>\n<p>\u00ab En 2018, les dirigeants de l\u2019\u00e9glise ont demand\u00e9 l\u2019aide de Maranatha dans le nord de la Zambie, une r\u00e9gion comptant plus de 3000 congr\u00e9gations qui n\u2019ont pas de lieu de culte, \u00bb a rapport\u00e9 Kyle Fiess. \u00ab Maintenant que Maranatha est l\u00e0, d\u2019ici la fin de l\u2019ann\u00e9e, nous aurons construit 80 \u00e9glises. C\u2019est juste une goutte d\u2019eau dans le seau, \u00bb a reconnu Kyle Fiess.<\/p>\n<p>Au vu des d\u00e9fis actuels, la cl\u00e9 est de s\u2019impliquer, a d\u00e9clar\u00e9 le pr\u00e9sident de Maranatha C\u00f4te d\u2019Ivoire, Gilberto Araujo. Maranatha planifie son premier projet dans ce pays pour f\u00e9vrier 2020 et Gilberto Araujo se dit enthousiasm\u00e9 par les possibilit\u00e9s.<\/p>\n<p>\u00ab Nous voulons voir ce que le Seigneur peut faire avec vous l\u00e0-bas, \u00bb a dit Gilberto Araujo en invitant les gens \u00e0 s\u2019inscrire pour le projet de la C\u00f4te d\u2019Ivoire. \u00ab Nous ne voulons pas entendre des histoires ; nous voulons incarner des histoires avec vous, \u00bb a-t-il d\u00e9clar\u00e9.<\/p>\n<p>Traduction: Patrick Luciathe<\/p>\n","protected":false},"excerpt":{"rendered":"<p>Par : Marcos Paseggi, Adventist Review C&rsquo;\u00e9tait le moment de se souvenir et de remercier, mais aussi de consid\u00e9rer l\u2019avenir : plus de 2000 b\u00e9n\u00e9voles, sympathisants et amis se sont&#8230;<\/p>\n","protected":false},"author":3,"featured_media":52091,"comment_status":"open","ping_status":"closed","sticky":false,"template":"","format":"standard","meta":{"_acf_changed":false,"footnotes":""},"categories":[18,19],"tags":[],"class_list":["post-52114","post","type-post","status-publish","format-standard","has-post-thumbnail","hentry","category-nouvelles-de-leglise-mondiale","category-rss-francais"],"acf":[],"yoast_head":"<!-- This site is optimized with the Yoast SEO plugin v27.3 - https:\/\/yoast.com\/product\/yoast-seo-wordpress\/ -->\n<title>Maranatha c\u00e9l\u00e8bre 50 ans de r\u00e9jouissances dans la joie du service - \u00c9glise Adventiste Du Septieme Jour - Inter Am\u00e9rique Division<\/title>\n<meta name=\"robots\" content=\"index, follow, max-snippet:-1, max-image-preview:large, max-video-preview:-1\" \/>\n<link rel=\"canonical\" href=\"https:\/\/interamerica.org\/fr\/2019\/09\/maranatha-celebre-50-ans-de-rejouissances-dans-la-joie-du-service\/\" \/>\n<meta property=\"og:locale\" content=\"fr_FR\" \/>\n<meta property=\"og:type\" content=\"article\" \/>\n<meta property=\"og:title\" content=\"Maranatha c\u00e9l\u00e8bre 50 ans de r\u00e9jouissances dans la joie du service - \u00c9glise Adventiste Du Septieme Jour - Inter Am\u00e9rique Division\" \/>\n<meta property=\"og:description\" content=\"Par : Marcos Paseggi, Adventist Review C&rsquo;\u00e9tait le moment de se souvenir et de remercier, mais aussi de consid\u00e9rer l\u2019avenir : plus de 2000 b\u00e9n\u00e9voles, sympathisants et amis se sont...\" \/>\n<meta property=\"og:url\" content=\"https:\/\/interamerica.org\/fr\/2019\/09\/maranatha-celebre-50-ans-de-rejouissances-dans-la-joie-du-service\/\" \/>\n<meta property=\"og:site_name\" content=\"\u00c9glise Adventiste Du Septieme Jour - Inter Am\u00e9rique Division\" \/>\n<meta property=\"article:published_time\" content=\"2019-09-29T16:43:14+00:00\" \/>\n<meta property=\"article:modified_time\" content=\"2019-09-29T22:55:38+00:00\" \/>\n<meta property=\"og:image\" content=\"https:\/\/interamerica.org\/wp-content\/uploads\/2019\/09\/maranatha-celebrates-50-years-of-reveling-in-the-joy-of-service.jpg\" \/>\n\t<meta property=\"og:image:width\" content=\"1000\" \/>\n\t<meta property=\"og:image:height\" content=\"500\" \/>\n\t<meta property=\"og:image:type\" content=\"image\/jpeg\" \/>\n<meta name=\"author\" content=\"libna\" \/>\n<meta name=\"twitter:card\" content=\"summary_large_image\" \/>\n<meta name=\"twitter:label1\" content=\"\u00c9crit par\" \/>\n\t<meta name=\"twitter:data1\" content=\"libna\" \/>\n\t<meta name=\"twitter:label2\" content=\"Dur\u00e9e de lecture estim\u00e9e\" \/>\n\t<meta name=\"twitter:data2\" content=\"9 minutes\" \/>\n<script type=\"application\/ld+json\" class=\"yoast-schema-graph\">{\"@context\":\"https:\\\/\\\/schema.org\",\"@graph\":[{\"@type\":\"Article\",\"@id\":\"https:\\\/\\\/interamerica.org\\\/fr\\\/2019\\\/09\\\/maranatha-celebre-50-ans-de-rejouissances-dans-la-joie-du-service\\\/#article\",\"isPartOf\":{\"@id\":\"https:\\\/\\\/interamerica.org\\\/fr\\\/2019\\\/09\\\/maranatha-celebre-50-ans-de-rejouissances-dans-la-joie-du-service\\\/\"},\"author\":{\"name\":\"libna\",\"@id\":\"https:\\\/\\\/interamerica.org\\\/fr\\\/#\\\/schema\\\/person\\\/29998f2bc2d8bd0d38662909289b54f1\"},\"headline\":\"Maranatha c\u00e9l\u00e8bre 50 ans de r\u00e9jouissances dans la joie du service\",\"datePublished\":\"2019-09-29T16:43:14+00:00\",\"dateModified\":\"2019-09-29T22:55:38+00:00\",\"mainEntityOfPage\":{\"@id\":\"https:\\\/\\\/interamerica.org\\\/fr\\\/2019\\\/09\\\/maranatha-celebre-50-ans-de-rejouissances-dans-la-joie-du-service\\\/\"},\"wordCount\":1770,\"commentCount\":0,\"image\":{\"@id\":\"https:\\\/\\\/interamerica.org\\\/fr\\\/2019\\\/09\\\/maranatha-celebre-50-ans-de-rejouissances-dans-la-joie-du-service\\\/#primaryimage\"},\"thumbnailUrl\":\"https:\\\/\\\/interamerica.org\\\/wp-content\\\/uploads\\\/2019\\\/09\\\/maranatha-celebrates-50-years-of-reveling-in-the-joy-of-service.jpg\",\"articleSection\":[\"Nouvelles de l'\u00c9glise mondiale\",\"RSS Fran\u00e7ais\"],\"inLanguage\":\"fr-FR\",\"potentialAction\":[{\"@type\":\"CommentAction\",\"name\":\"Comment\",\"target\":[\"https:\\\/\\\/interamerica.org\\\/fr\\\/2019\\\/09\\\/maranatha-celebre-50-ans-de-rejouissances-dans-la-joie-du-service\\\/#respond\"]}]},{\"@type\":\"WebPage\",\"@id\":\"https:\\\/\\\/interamerica.org\\\/fr\\\/2019\\\/09\\\/maranatha-celebre-50-ans-de-rejouissances-dans-la-joie-du-service\\\/\",\"url\":\"https:\\\/\\\/interamerica.org\\\/fr\\\/2019\\\/09\\\/maranatha-celebre-50-ans-de-rejouissances-dans-la-joie-du-service\\\/\",\"name\":\"Maranatha c\u00e9l\u00e8bre 50 ans de r\u00e9jouissances dans la joie du service - \u00c9glise Adventiste Du Septieme Jour - Inter Am\u00e9rique Division\",\"isPartOf\":{\"@id\":\"https:\\\/\\\/interamerica.org\\\/fr\\\/#website\"},\"primaryImageOfPage\":{\"@id\":\"https:\\\/\\\/interamerica.org\\\/fr\\\/2019\\\/09\\\/maranatha-celebre-50-ans-de-rejouissances-dans-la-joie-du-service\\\/#primaryimage\"},\"image\":{\"@id\":\"https:\\\/\\\/interamerica.org\\\/fr\\\/2019\\\/09\\\/maranatha-celebre-50-ans-de-rejouissances-dans-la-joie-du-service\\\/#primaryimage\"},\"thumbnailUrl\":\"https:\\\/\\\/interamerica.org\\\/wp-content\\\/uploads\\\/2019\\\/09\\\/maranatha-celebrates-50-years-of-reveling-in-the-joy-of-service.jpg\",\"datePublished\":\"2019-09-29T16:43:14+00:00\",\"dateModified\":\"2019-09-29T22:55:38+00:00\",\"author\":{\"@id\":\"https:\\\/\\\/interamerica.org\\\/fr\\\/#\\\/schema\\\/person\\\/29998f2bc2d8bd0d38662909289b54f1\"},\"breadcrumb\":{\"@id\":\"https:\\\/\\\/interamerica.org\\\/fr\\\/2019\\\/09\\\/maranatha-celebre-50-ans-de-rejouissances-dans-la-joie-du-service\\\/#breadcrumb\"},\"inLanguage\":\"fr-FR\",\"potentialAction\":[{\"@type\":\"ReadAction\",\"target\":[\"https:\\\/\\\/interamerica.org\\\/fr\\\/2019\\\/09\\\/maranatha-celebre-50-ans-de-rejouissances-dans-la-joie-du-service\\\/\"]}]},{\"@type\":\"ImageObject\",\"inLanguage\":\"fr-FR\",\"@id\":\"https:\\\/\\\/interamerica.org\\\/fr\\\/2019\\\/09\\\/maranatha-celebre-50-ans-de-rejouissances-dans-la-joie-du-service\\\/#primaryimage\",\"url\":\"https:\\\/\\\/interamerica.org\\\/wp-content\\\/uploads\\\/2019\\\/09\\\/maranatha-celebrates-50-years-of-reveling-in-the-joy-of-service.jpg\",\"contentUrl\":\"https:\\\/\\\/interamerica.org\\\/wp-content\\\/uploads\\\/2019\\\/09\\\/maranatha-celebrates-50-years-of-reveling-in-the-joy-of-service.jpg\",\"width\":1000,\"height\":500,\"caption\":\"Plus de 2000 personnes ont assist\u00e9 \u00e0 la convention annuelle de Maranatha Volunteers International \u00e0 Sacramento, en Californie, aux \u00c9tats-Unis, du 19 au 21 septembre 2019. En 2019, Maranatha c\u00e9l\u00e8bre 50 ans de service. Photo : Tom Lloyd, Maranatha Volunteers International\"},{\"@type\":\"BreadcrumbList\",\"@id\":\"https:\\\/\\\/interamerica.org\\\/fr\\\/2019\\\/09\\\/maranatha-celebre-50-ans-de-rejouissances-dans-la-joie-du-service\\\/#breadcrumb\",\"itemListElement\":[{\"@type\":\"ListItem\",\"position\":1,\"name\":\"Home\",\"item\":\"https:\\\/\\\/interamerica.org\\\/fr\\\/\"},{\"@type\":\"ListItem\",\"position\":2,\"name\":\"Maranatha c\u00e9l\u00e8bre 50 ans de r\u00e9jouissances dans la joie du service\"}]},{\"@type\":\"WebSite\",\"@id\":\"https:\\\/\\\/interamerica.org\\\/fr\\\/#website\",\"url\":\"https:\\\/\\\/interamerica.org\\\/fr\\\/\",\"name\":\"\u00c9glise Adventiste Du Septieme Jour - Inter Am\u00e9rique Division\",\"description\":\"\",\"potentialAction\":[{\"@type\":\"SearchAction\",\"target\":{\"@type\":\"EntryPoint\",\"urlTemplate\":\"https:\\\/\\\/interamerica.org\\\/fr\\\/?s={search_term_string}\"},\"query-input\":{\"@type\":\"PropertyValueSpecification\",\"valueRequired\":true,\"valueName\":\"search_term_string\"}}],\"inLanguage\":\"fr-FR\"},{\"@type\":\"Person\",\"@id\":\"https:\\\/\\\/interamerica.org\\\/fr\\\/#\\\/schema\\\/person\\\/29998f2bc2d8bd0d38662909289b54f1\",\"name\":\"libna\",\"image\":{\"@type\":\"ImageObject\",\"inLanguage\":\"fr-FR\",\"@id\":\"https:\\\/\\\/secure.gravatar.com\\\/avatar\\\/7c5bd30ae4b47a9ba3c856590957fd1d96dc588bf3ac05719d247e126840331f?s=96&d=mm&r=g\",\"url\":\"https:\\\/\\\/secure.gravatar.com\\\/avatar\\\/7c5bd30ae4b47a9ba3c856590957fd1d96dc588bf3ac05719d247e126840331f?s=96&d=mm&r=g\",\"contentUrl\":\"https:\\\/\\\/secure.gravatar.com\\\/avatar\\\/7c5bd30ae4b47a9ba3c856590957fd1d96dc588bf3ac05719d247e126840331f?s=96&d=mm&r=g\",\"caption\":\"libna\"}}]}<\/script>\n<!-- \/ Yoast SEO plugin. -->","yoast_head_json":{"title":"Maranatha c\u00e9l\u00e8bre 50 ans de r\u00e9jouissances dans la joie du service - \u00c9glise Adventiste Du Septieme Jour - Inter Am\u00e9rique Division","robots":{"index":"index","follow":"follow","max-snippet":"max-snippet:-1","max-image-preview":"max-image-preview:large","max-video-preview":"max-video-preview:-1"},"canonical":"https:\/\/interamerica.org\/fr\/2019\/09\/maranatha-celebre-50-ans-de-rejouissances-dans-la-joie-du-service\/","og_locale":"fr_FR","og_type":"article","og_title":"Maranatha c\u00e9l\u00e8bre 50 ans de r\u00e9jouissances dans la joie du service - \u00c9glise Adventiste Du Septieme Jour - Inter Am\u00e9rique Division","og_description":"Par : Marcos Paseggi, Adventist Review C&rsquo;\u00e9tait le moment de se souvenir et de remercier, mais aussi de consid\u00e9rer l\u2019avenir : plus de 2000 b\u00e9n\u00e9voles, sympathisants et amis se sont...","og_url":"https:\/\/interamerica.org\/fr\/2019\/09\/maranatha-celebre-50-ans-de-rejouissances-dans-la-joie-du-service\/","og_site_name":"\u00c9glise Adventiste Du Septieme Jour - Inter Am\u00e9rique Division","article_published_time":"2019-09-29T16:43:14+00:00","article_modified_time":"2019-09-29T22:55:38+00:00","og_image":[{"width":1000,"height":500,"url":"https:\/\/interamerica.org\/wp-content\/uploads\/2019\/09\/maranatha-celebrates-50-years-of-reveling-in-the-joy-of-service.jpg","type":"image\/jpeg"}],"author":"libna","twitter_card":"summary_large_image","twitter_misc":{"\u00c9crit par":"libna","Dur\u00e9e de lecture estim\u00e9e":"9 minutes"},"schema":{"@context":"https:\/\/schema.org","@graph":[{"@type":"Article","@id":"https:\/\/interamerica.org\/fr\/2019\/09\/maranatha-celebre-50-ans-de-rejouissances-dans-la-joie-du-service\/#article","isPartOf":{"@id":"https:\/\/interamerica.org\/fr\/2019\/09\/maranatha-celebre-50-ans-de-rejouissances-dans-la-joie-du-service\/"},"author":{"name":"libna","@id":"https:\/\/interamerica.org\/fr\/#\/schema\/person\/29998f2bc2d8bd0d38662909289b54f1"},"headline":"Maranatha c\u00e9l\u00e8bre 50 ans de r\u00e9jouissances dans la joie du service","datePublished":"2019-09-29T16:43:14+00:00","dateModified":"2019-09-29T22:55:38+00:00","mainEntityOfPage":{"@id":"https:\/\/interamerica.org\/fr\/2019\/09\/maranatha-celebre-50-ans-de-rejouissances-dans-la-joie-du-service\/"},"wordCount":1770,"commentCount":0,"image":{"@id":"https:\/\/interamerica.org\/fr\/2019\/09\/maranatha-celebre-50-ans-de-rejouissances-dans-la-joie-du-service\/#primaryimage"},"thumbnailUrl":"https:\/\/interamerica.org\/wp-content\/uploads\/2019\/09\/maranatha-celebrates-50-years-of-reveling-in-the-joy-of-service.jpg","articleSection":["Nouvelles de l'\u00c9glise mondiale","RSS Fran\u00e7ais"],"inLanguage":"fr-FR","potentialAction":[{"@type":"CommentAction","name":"Comment","target":["https:\/\/interamerica.org\/fr\/2019\/09\/maranatha-celebre-50-ans-de-rejouissances-dans-la-joie-du-service\/#respond"]}]},{"@type":"WebPage","@id":"https:\/\/interamerica.org\/fr\/2019\/09\/maranatha-celebre-50-ans-de-rejouissances-dans-la-joie-du-service\/","url":"https:\/\/interamerica.org\/fr\/2019\/09\/maranatha-celebre-50-ans-de-rejouissances-dans-la-joie-du-service\/","name":"Maranatha c\u00e9l\u00e8bre 50 ans de r\u00e9jouissances dans la joie du service - \u00c9glise Adventiste Du Septieme Jour - Inter Am\u00e9rique Division","isPartOf":{"@id":"https:\/\/interamerica.org\/fr\/#website"},"primaryImageOfPage":{"@id":"https:\/\/interamerica.org\/fr\/2019\/09\/maranatha-celebre-50-ans-de-rejouissances-dans-la-joie-du-service\/#primaryimage"},"image":{"@id":"https:\/\/interamerica.org\/fr\/2019\/09\/maranatha-celebre-50-ans-de-rejouissances-dans-la-joie-du-service\/#primaryimage"},"thumbnailUrl":"https:\/\/interamerica.org\/wp-content\/uploads\/2019\/09\/maranatha-celebrates-50-years-of-reveling-in-the-joy-of-service.jpg","datePublished":"2019-09-29T16:43:14+00:00","dateModified":"2019-09-29T22:55:38+00:00","author":{"@id":"https:\/\/interamerica.org\/fr\/#\/schema\/person\/29998f2bc2d8bd0d38662909289b54f1"},"breadcrumb":{"@id":"https:\/\/interamerica.org\/fr\/2019\/09\/maranatha-celebre-50-ans-de-rejouissances-dans-la-joie-du-service\/#breadcrumb"},"inLanguage":"fr-FR","potentialAction":[{"@type":"ReadAction","target":["https:\/\/interamerica.org\/fr\/2019\/09\/maranatha-celebre-50-ans-de-rejouissances-dans-la-joie-du-service\/"]}]},{"@type":"ImageObject","inLanguage":"fr-FR","@id":"https:\/\/interamerica.org\/fr\/2019\/09\/maranatha-celebre-50-ans-de-rejouissances-dans-la-joie-du-service\/#primaryimage","url":"https:\/\/interamerica.org\/wp-content\/uploads\/2019\/09\/maranatha-celebrates-50-years-of-reveling-in-the-joy-of-service.jpg","contentUrl":"https:\/\/interamerica.org\/wp-content\/uploads\/2019\/09\/maranatha-celebrates-50-years-of-reveling-in-the-joy-of-service.jpg","width":1000,"height":500,"caption":"Plus de 2000 personnes ont assist\u00e9 \u00e0 la convention annuelle de Maranatha Volunteers International \u00e0 Sacramento, en Californie, aux \u00c9tats-Unis, du 19 au 21 septembre 2019. En 2019, Maranatha c\u00e9l\u00e8bre 50 ans de service. Photo : Tom Lloyd, Maranatha Volunteers International"},{"@type":"BreadcrumbList","@id":"https:\/\/interamerica.org\/fr\/2019\/09\/maranatha-celebre-50-ans-de-rejouissances-dans-la-joie-du-service\/#breadcrumb","itemListElement":[{"@type":"ListItem","position":1,"name":"Home","item":"https:\/\/interamerica.org\/fr\/"},{"@type":"ListItem","position":2,"name":"Maranatha c\u00e9l\u00e8bre 50 ans de r\u00e9jouissances dans la joie du service"}]},{"@type":"WebSite","@id":"https:\/\/interamerica.org\/fr\/#website","url":"https:\/\/interamerica.org\/fr\/","name":"\u00c9glise Adventiste Du Septieme Jour - Inter Am\u00e9rique Division","description":"","potentialAction":[{"@type":"SearchAction","target":{"@type":"EntryPoint","urlTemplate":"https:\/\/interamerica.org\/fr\/?s={search_term_string}"},"query-input":{"@type":"PropertyValueSpecification","valueRequired":true,"valueName":"search_term_string"}}],"inLanguage":"fr-FR"},{"@type":"Person","@id":"https:\/\/interamerica.org\/fr\/#\/schema\/person\/29998f2bc2d8bd0d38662909289b54f1","name":"libna","image":{"@type":"ImageObject","inLanguage":"fr-FR","@id":"https:\/\/secure.gravatar.com\/avatar\/7c5bd30ae4b47a9ba3c856590957fd1d96dc588bf3ac05719d247e126840331f?s=96&d=mm&r=g","url":"https:\/\/secure.gravatar.com\/avatar\/7c5bd30ae4b47a9ba3c856590957fd1d96dc588bf3ac05719d247e126840331f?s=96&d=mm&r=g","contentUrl":"https:\/\/secure.gravatar.com\/avatar\/7c5bd30ae4b47a9ba3c856590957fd1d96dc588bf3ac05719d247e126840331f?s=96&d=mm&r=g","caption":"libna"}}]}},"_links":{"self":[{"href":"https:\/\/interamerica.org\/fr\/wp-json\/wp\/v2\/posts\/52114","targetHints":{"allow":["GET"]}}],"collection":[{"href":"https:\/\/interamerica.org\/fr\/wp-json\/wp\/v2\/posts"}],"about":[{"href":"https:\/\/interamerica.org\/fr\/wp-json\/wp\/v2\/types\/post"}],"author":[{"embeddable":true,"href":"https:\/\/interamerica.org\/fr\/wp-json\/wp\/v2\/users\/3"}],"replies":[{"embeddable":true,"href":"https:\/\/interamerica.org\/fr\/wp-json\/wp\/v2\/comments?post=52114"}],"version-history":[{"count":0,"href":"https:\/\/interamerica.org\/fr\/wp-json\/wp\/v2\/posts\/52114\/revisions"}],"wp:featuredmedia":[{"embeddable":true,"href":"https:\/\/interamerica.org\/fr\/wp-json\/wp\/v2\/media\/52091"}],"wp:attachment":[{"href":"https:\/\/interamerica.org\/fr\/wp-json\/wp\/v2\/media?parent=52114"}],"wp:term":[{"taxonomy":"category","embeddable":true,"href":"https:\/\/interamerica.org\/fr\/wp-json\/wp\/v2\/categories?post=52114"},{"taxonomy":"post_tag","embeddable":true,"href":"https:\/\/interamerica.org\/fr\/wp-json\/wp\/v2\/tags?post=52114"}],"curies":[{"name":"wp","href":"https:\/\/api.w.org\/{rel}","templated":true}]}}