{"id":52677,"date":"2019-10-13T13:39:03","date_gmt":"2019-10-13T17:39:03","guid":{"rendered":"https:\/\/recursing-golick.147-182-135-0.plesk.page\/?p=52677"},"modified":"2019-10-15T23:10:46","modified_gmt":"2019-10-16T03:10:46","slug":"de-meurtrier-condamne-a-humble-serviteur-de-dieu","status":"publish","type":"post","link":"https:\/\/interamerica.org\/fr\/2019\/10\/de-meurtrier-condamne-a-humble-serviteur-de-dieu\/","title":{"rendered":"De meurtrier condamn\u00e9 \u00e0 humble serviteur de Dieu"},"content":{"rendered":"<div style=\"width: 813px\" class=\"wp-caption aligncenter\"><img fetchpriority=\"high\" decoding=\"async\" class=\"\" src=\"https:\/\/recursing-golick.147-182-135-0.plesk.page\/wp-content\/uploads\/2019\/10\/johndysinger-ac2019.jpg\" alt=\"\" width=\"803\" height=\"534\" \/><p class=\"wp-caption-text\">John Dysinger partage l\u2019exp\u00e9rience qu\u2019ils ont v\u00e9cue, lui et sa famille, avec Don Johnson, un d\u00e9tenu condamn\u00e9 \u00e0 mort devenu adventiste du septi\u00e8me jour avant d\u2019\u00eatre ex\u00e9cut\u00e9 en mai dernier. \u00c0 ses c\u00f4t\u00e9s, sa femme, Pam, leur fille, Kirsten, et le pasteur de leur \u00e9glise, Furman Fordham, qui a \u00e9galement visit\u00e9 le fr\u00e8re Johnson. Une photo de l\u2019Adventist News Network.<\/p><\/div>\n<p>Le 12 octobre 2019 | Silver Spring, Maryland, \u00c9tats-Unis | Marcos Paseggi,\u00a0<em>Adventist Review<\/em><\/p>\n<p>Les adventistes du septi\u00e8me jour ont \u00e9t\u00e9 appel\u00e9s \u00e0 proclamer le message du salut restaurateur de Dieu avec tout le monde, a dit le pr\u00e9sident de l\u2019\u00c9glise adventiste lors de son message du sabbat matin \u00e0 la Session annuelle\u00a02019 \u00e0 Silver Spring, dans l\u2019\u00c9tat am\u00e9ricain du Maryland. Le discours annuel du pasteur Wilson aux membres et invit\u00e9s du comit\u00e9 ex\u00e9cutif de la Conf\u00e9rence g\u00e9n\u00e9rale du 12 octobre dernier a mis en lumi\u00e8re le pouvoir de Dieu \u00e0 restaurer et \u00e0 transformer chacun de nous, m\u00eame les pires p\u00e9cheurs.<\/p>\n<p>\u00ab\u00a0Les adventistes du septi\u00e8me jour ont re\u00e7u la mission de proclamer cet incroyable message, ce plan restaurateur du salut\u00a0\u00bb, a-t-il dit.<\/p>\n<p><strong>Un message de justification et de sanctification<\/strong><\/p>\n<p>M\u00eame si nous \u00e9tions p\u00e9cheurs, J\u00e9sus nous a rendus justes, nous a justifi\u00e9s, lorsqu\u2019il est mort sur la croix pour nous, a rappel\u00e9 le pasteur Wilson \u00e0 son auditoire. Mais il a ajout\u00e9 que la justice de Christ ne s\u2019arr\u00eate pas \u00e0 la justification. Elle continue alors que nous acceptons le pouvoir du Saint-Esprit de nous sanctifier, de produire dans notre vie le vouloir et le faire selon son bon plaisir et non le n\u00f4tre.<\/p>\n<p>Ce processus de sanctification, a-t-il expliqu\u00e9, est bas\u00e9 sur la vie de J\u00e9sus sur la terre. D\u2019apr\u00e8s la Bible, apr\u00e8s \u00eatre mort, J\u00e9sus est ressuscit\u00e9 et parti interc\u00e9der pour nous dans le sanctuaire c\u00e9leste. \u00ab\u00a0J\u00e9sus est entr\u00e9 dans le lieu saint puis a commenc\u00e9 \u00e0 \u0153uvrer pour nous, parce qu\u2019il est vivant.\u00a0\u00bb Voil\u00e0 ce qui devrait nous pousser \u00e0 \u00ab\u00a0[nous approcher] avec assurance du tr\u00f4ne de la gr\u00e2ce\u00a0\u00bb, a-t-il dit en citant <a href=\"https:\/\/www.biblegateway.com\/passage\/?search=Hebrews+4.16&amp;version=LSG\">H\u00e9breux\u00a04:16<\/a>.<\/p>\n<div style=\"width: 810px\" class=\"wp-caption aligncenter\"><img decoding=\"async\" class=\"\" src=\"https:\/\/recursing-golick.147-182-135-0.plesk.page\/wp-content\/uploads\/2019\/10\/ac2019-delegates.jpg\" alt=\"\" width=\"800\" height=\"533\" \/><p class=\"wp-caption-text\">Le 12 octobre dernier, les d\u00e9l\u00e9gu\u00e9s et les invit\u00e9s venus du monde entier \u00e0 la Session annuelle 2019 assistent au programme du sabbat matin dans l\u2019auditorium de la Conf\u00e9rence g\u00e9n\u00e9rale \u00e0 Silver Spring, dans l\u2019\u00c9tat am\u00e9ricain du Maryland. Une photo de l\u2019Adventist News Network.<\/p><\/div>\n<p>Et dans ce contexte, a soulign\u00e9 le pasteur Wilson, la mort de J\u00e9sus sur la croix n\u2019est que le d\u00e9but. Citant Ellen G. White et son livre <em>Faith and Works<\/em>, il a lu, \u00ab\u00a0Si nous acceptons Christ comme R\u00e9dempteur, nous devons l\u2019accepter comme Ma\u00eetre. Nous ne pouvons avoir assurance et confiance totale en lui comme Sauveur si nous ne le reconnaissons pas comme notre Roi et ne sommes pas ob\u00e9issants \u00e0 ses commandements\u00a0\u00bb (p.\u00a016).<\/p>\n<p>La puissance salvatrice de Dieu nous transforme\u00a0: \u00ab\u00a0Lorsque vous acceptez cette merveilleuse puissance, vous avez ensuite le pouvoir de faire de grandes \u0153uvres.\u00a0\u00bb<\/p>\n<p><strong>Un pouvoir transformateur<\/strong><\/p>\n<p>Mais, d\u2019apr\u00e8s le pasteur Wilson, le message du salut restaurateur de Dieu n\u2019est pas qu\u2019une proposition th\u00e9orique. Il a le pouvoir de nous transformer. Et pour illustrer cela, il a racont\u00e9 l\u2019histoire de Don Johnson, un meurtrier condamn\u00e9 qui <a href=\"https:\/\/www.adventistreview.org\/church-news\/story13682-tennessee-governor-denies-clemency-in-adventist-death-row-case\">a r\u00e9cemment \u00e9t\u00e9 ex\u00e9cut\u00e9 par l\u2019\u00c9tat am\u00e9ricain du Tennessee<\/a>. Don est devenu adventiste du septi\u00e8me jour pour ensuite devenir ancien d\u2019\u00e9glise en prison.<\/p>\n<p>C\u2019est alors que le pasteur Wilson a invit\u00e9 les membres la\u00efcs John et Pam Dysinger ainsi que leur fille Kirsten et le pasteur Furman Fordham \u00e0 se joindre \u00e0 lui. Les Dysingers et le pasteur Fordham avaient t\u00e9moign\u00e9 aupr\u00e8s de M.\u00a0Johnson en prison, lui permettant de devenir un t\u00e9moin actif pendant des ann\u00e9es.<\/p>\n<div style=\"width: 812px\" class=\"wp-caption aligncenter\"><img decoding=\"async\" class=\"\" src=\"https:\/\/recursing-golick.147-182-135-0.plesk.page\/wp-content\/uploads\/2019\/10\/tedwilson-ac2019.jpg\" alt=\"\" width=\"802\" height=\"533\" \/><p class=\"wp-caption-text\">Ted Wilson, pr\u00e9sident de l\u2019\u00c9glise adventiste, au d\u00e9but du message de la Session annuelle intitul\u00e9 \u00ab\u00a0Le salut restaurateur de Dieu\u00a0: notre message des derniers jours\u00a0\u00bb qu\u2019il a livr\u00e9 au si\u00e8ge social de l\u2019\u00c9glise \u00e0 Silver Spring le 12 octobre dernier. Une photo de l\u2019Adventist News Network.<\/p><\/div>\n<p>\u00ab\u00a0Ce fut un \u00e9norme encouragement que de voir sa passion pour les gens\u00a0\u00bb, a dit Pam Dysinger. Et sa fille \u00e9tait d\u2019accord.<\/p>\n<p>\u00ab\u00a0En le visitant, nous avons remarqu\u00e9 chez lui une grande qualit\u00e9, celle d\u2019un positivisme perp\u00e9tuel, d\u2019un joyeux contentement ind\u00e9pendant de la situation, a dit Kirsten. Il nous disait, \u201cJe suis trop b\u00e9ni pour \u00eatre stress\u00e9.\u201d Son t\u00e9moignage a eu un r\u00e9el impact sur ma vie.\u00a0\u00bb<\/p>\n<p>Le pasteur Fordham, impliqu\u00e9 dans le minist\u00e8re aupr\u00e8s des d\u00e9tenus de son \u00e9glise, a dit que lorsqu\u2019il lui rendait visite, \u00ab\u00a0plut\u00f4t que d\u2019offrir des \u00e9tudes de la Bible aux d\u00e9tenus, nous n\u2019allions que rencontrer les gens avec qui Don avant d\u00e9j\u00e0 \u00e9tudi\u00e9 la Bible\u00a0\u00bb. Puis il a ajout\u00e9, \u00ab\u00a0Celui qui a tu\u00e9 sa femme est mort il y a des ann\u00e9es et nous avons vu une nouvelle cr\u00e9ature, le pouvoir sanctificateur de Dieu en action.\u00a0\u00bb Le pasteur Wilson a acquiesc\u00e9.<\/p>\n<p>\u00ab\u00a0Don repr\u00e9sente ceux dont la vie est transform\u00e9e par la puissance du message de l\u2019\u00c9vangile avec la justification de Christ\u2026 et son pouvoir de sanctification agissant dans leur vie\u00a0\u00bb, a-t-il ajout\u00e9.<\/p>\n<div style=\"width: 812px\" class=\"wp-caption aligncenter\"><img loading=\"lazy\" decoding=\"async\" class=\"\" src=\"https:\/\/recursing-golick.147-182-135-0.plesk.page\/wp-content\/uploads\/2019\/10\/ac2019-charleshaugabrooks-praise.jpg\" alt=\"\" width=\"802\" height=\"533\" \/><p class=\"wp-caption-text\">Les moments d\u2019adoration et de louanges de la Session annuelle \u00e9taient dirig\u00e9s par Charles Haugabrooks d\u2019Orlando, en Floride. Une photo de l\u2019Adventist News Network.<\/p><\/div>\n<p><strong>Un message \u00e0 proclamer<\/strong><\/p>\n<p>Dans la derni\u00e8re partie de son message, le pasteur Wilson a dit que le pouvoir de justification et de sanctification de Dieu dans nos vies devrait nous pousser \u00e0 partager ce message de restauration avec les autres.<\/p>\n<p>\u00ab\u00a0Pr\u00eachez ce pr\u00e9cieux message! Vous n\u2019\u00eates pas sauv\u00e9s par les \u0153uvres. Vous \u00eates sauv\u00e9s par son pouvoir de justification, et son pouvoir de sanctification vous aide \u00e0 accomplir de belles \u0153uvres.\u00a0\u00bb<\/p>\n<p>Il a ensuite invit\u00e9 chaque dirigeant d\u2019\u00e9glise \u00e0 faire de la place dans son horaire bien charg\u00e9 pour s\u2019investir dans une activit\u00e9 d\u2019\u00e9vang\u00e9lisation dans les mois \u00e0 venir.<\/p>\n<p>\u00ab\u00a0Laissez Dieu travailler \u00e0 travers vous comme dirigeant et mod\u00e8le de la proclamation missionnaire du salut restaurateur de Dieu dans le monde.\u00a0\u00bb<\/p>\n<p>Vous pouvez lire la transcription int\u00e9grale de la pr\u00e9dication de Ted Wilson <a href=\"https:\/\/drive.google.com\/open?id=1nxk_bu-pi0BICJct_9WM9CfgOgOYJLi5\">ICI<\/a>.<\/p>\n<p>Traduction : Marie-Mich\u00e8le Robitaille<\/p>\n","protected":false},"excerpt":{"rendered":"<p>Le 12 octobre 2019 | Silver Spring, Maryland, \u00c9tats-Unis | Marcos Paseggi,\u00a0Adventist Review Les adventistes du septi\u00e8me jour ont \u00e9t\u00e9 appel\u00e9s \u00e0 proclamer le message du salut restaurateur de Dieu&#8230;<\/p>\n","protected":false},"author":3,"featured_media":52585,"comment_status":"open","ping_status":"closed","sticky":false,"template":"","format":"standard","meta":{"_acf_changed":false,"footnotes":""},"categories":[18,19],"tags":[],"class_list":["post-52677","post","type-post","status-publish","format-standard","has-post-thumbnail","hentry","category-nouvelles-de-leglise-mondiale","category-rss-francais"],"acf":[],"yoast_head":"<!-- This site is optimized with the Yoast SEO plugin v27.3 - https:\/\/yoast.com\/product\/yoast-seo-wordpress\/ -->\n<title>De meurtrier condamn\u00e9 \u00e0 humble serviteur de Dieu - \u00c9glise Adventiste Du Septieme Jour - Inter Am\u00e9rique Division<\/title>\n<meta name=\"robots\" content=\"index, follow, max-snippet:-1, max-image-preview:large, max-video-preview:-1\" \/>\n<link rel=\"canonical\" href=\"https:\/\/interamerica.org\/fr\/2019\/10\/de-meurtrier-condamne-a-humble-serviteur-de-dieu\/\" \/>\n<meta property=\"og:locale\" content=\"fr_FR\" \/>\n<meta property=\"og:type\" content=\"article\" \/>\n<meta property=\"og:title\" content=\"De meurtrier condamn\u00e9 \u00e0 humble serviteur de Dieu - \u00c9glise Adventiste Du Septieme Jour - Inter Am\u00e9rique Division\" \/>\n<meta property=\"og:description\" content=\"Le 12 octobre 2019 | Silver Spring, Maryland, \u00c9tats-Unis | Marcos Paseggi,\u00a0Adventist Review Les adventistes du septi\u00e8me jour ont \u00e9t\u00e9 appel\u00e9s \u00e0 proclamer le message du salut restaurateur de Dieu...\" \/>\n<meta property=\"og:url\" content=\"https:\/\/interamerica.org\/fr\/2019\/10\/de-meurtrier-condamne-a-humble-serviteur-de-dieu\/\" \/>\n<meta property=\"og:site_name\" content=\"\u00c9glise Adventiste Du Septieme Jour - Inter Am\u00e9rique Division\" \/>\n<meta property=\"article:published_time\" content=\"2019-10-13T17:39:03+00:00\" \/>\n<meta property=\"article:modified_time\" content=\"2019-10-16T03:10:46+00:00\" \/>\n<meta property=\"og:image\" content=\"https:\/\/interamerica.org\/wp-content\/uploads\/2019\/10\/johndysinger-ac2019.jpg\" \/>\n\t<meta property=\"og:image:width\" content=\"1000\" \/>\n\t<meta property=\"og:image:height\" content=\"665\" \/>\n\t<meta property=\"og:image:type\" content=\"image\/jpeg\" \/>\n<meta name=\"author\" content=\"libna\" \/>\n<meta name=\"twitter:card\" content=\"summary_large_image\" \/>\n<meta name=\"twitter:label1\" content=\"\u00c9crit par\" \/>\n\t<meta name=\"twitter:data1\" content=\"libna\" \/>\n\t<meta name=\"twitter:label2\" content=\"Dur\u00e9e de lecture estim\u00e9e\" \/>\n\t<meta name=\"twitter:data2\" content=\"6 minutes\" \/>\n<script type=\"application\/ld+json\" class=\"yoast-schema-graph\">{\"@context\":\"https:\\\/\\\/schema.org\",\"@graph\":[{\"@type\":\"Article\",\"@id\":\"https:\\\/\\\/interamerica.org\\\/fr\\\/2019\\\/10\\\/de-meurtrier-condamne-a-humble-serviteur-de-dieu\\\/#article\",\"isPartOf\":{\"@id\":\"https:\\\/\\\/interamerica.org\\\/fr\\\/2019\\\/10\\\/de-meurtrier-condamne-a-humble-serviteur-de-dieu\\\/\"},\"author\":{\"name\":\"libna\",\"@id\":\"https:\\\/\\\/interamerica.org\\\/fr\\\/#\\\/schema\\\/person\\\/29998f2bc2d8bd0d38662909289b54f1\"},\"headline\":\"De meurtrier condamn\u00e9 \u00e0 humble serviteur de Dieu\",\"datePublished\":\"2019-10-13T17:39:03+00:00\",\"dateModified\":\"2019-10-16T03:10:46+00:00\",\"mainEntityOfPage\":{\"@id\":\"https:\\\/\\\/interamerica.org\\\/fr\\\/2019\\\/10\\\/de-meurtrier-condamne-a-humble-serviteur-de-dieu\\\/\"},\"wordCount\":1115,\"commentCount\":0,\"image\":{\"@id\":\"https:\\\/\\\/interamerica.org\\\/fr\\\/2019\\\/10\\\/de-meurtrier-condamne-a-humble-serviteur-de-dieu\\\/#primaryimage\"},\"thumbnailUrl\":\"https:\\\/\\\/interamerica.org\\\/wp-content\\\/uploads\\\/2019\\\/10\\\/johndysinger-ac2019.jpg\",\"articleSection\":[\"Nouvelles de l'\u00c9glise mondiale\",\"RSS Fran\u00e7ais\"],\"inLanguage\":\"fr-FR\",\"potentialAction\":[{\"@type\":\"CommentAction\",\"name\":\"Comment\",\"target\":[\"https:\\\/\\\/interamerica.org\\\/fr\\\/2019\\\/10\\\/de-meurtrier-condamne-a-humble-serviteur-de-dieu\\\/#respond\"]}]},{\"@type\":\"WebPage\",\"@id\":\"https:\\\/\\\/interamerica.org\\\/fr\\\/2019\\\/10\\\/de-meurtrier-condamne-a-humble-serviteur-de-dieu\\\/\",\"url\":\"https:\\\/\\\/interamerica.org\\\/fr\\\/2019\\\/10\\\/de-meurtrier-condamne-a-humble-serviteur-de-dieu\\\/\",\"name\":\"De meurtrier condamn\u00e9 \u00e0 humble serviteur de Dieu - \u00c9glise Adventiste Du Septieme Jour - Inter Am\u00e9rique Division\",\"isPartOf\":{\"@id\":\"https:\\\/\\\/interamerica.org\\\/fr\\\/#website\"},\"primaryImageOfPage\":{\"@id\":\"https:\\\/\\\/interamerica.org\\\/fr\\\/2019\\\/10\\\/de-meurtrier-condamne-a-humble-serviteur-de-dieu\\\/#primaryimage\"},\"image\":{\"@id\":\"https:\\\/\\\/interamerica.org\\\/fr\\\/2019\\\/10\\\/de-meurtrier-condamne-a-humble-serviteur-de-dieu\\\/#primaryimage\"},\"thumbnailUrl\":\"https:\\\/\\\/interamerica.org\\\/wp-content\\\/uploads\\\/2019\\\/10\\\/johndysinger-ac2019.jpg\",\"datePublished\":\"2019-10-13T17:39:03+00:00\",\"dateModified\":\"2019-10-16T03:10:46+00:00\",\"author\":{\"@id\":\"https:\\\/\\\/interamerica.org\\\/fr\\\/#\\\/schema\\\/person\\\/29998f2bc2d8bd0d38662909289b54f1\"},\"breadcrumb\":{\"@id\":\"https:\\\/\\\/interamerica.org\\\/fr\\\/2019\\\/10\\\/de-meurtrier-condamne-a-humble-serviteur-de-dieu\\\/#breadcrumb\"},\"inLanguage\":\"fr-FR\",\"potentialAction\":[{\"@type\":\"ReadAction\",\"target\":[\"https:\\\/\\\/interamerica.org\\\/fr\\\/2019\\\/10\\\/de-meurtrier-condamne-a-humble-serviteur-de-dieu\\\/\"]}]},{\"@type\":\"ImageObject\",\"inLanguage\":\"fr-FR\",\"@id\":\"https:\\\/\\\/interamerica.org\\\/fr\\\/2019\\\/10\\\/de-meurtrier-condamne-a-humble-serviteur-de-dieu\\\/#primaryimage\",\"url\":\"https:\\\/\\\/interamerica.org\\\/wp-content\\\/uploads\\\/2019\\\/10\\\/johndysinger-ac2019.jpg\",\"contentUrl\":\"https:\\\/\\\/interamerica.org\\\/wp-content\\\/uploads\\\/2019\\\/10\\\/johndysinger-ac2019.jpg\",\"width\":1000,\"height\":665,\"caption\":\"John Dysinger partage l\u2019exp\u00e9rience qu\u2019ils ont v\u00e9cue, lui et sa famille, avec Don Johnson, un d\u00e9tenu condamn\u00e9 \u00e0 mort devenu adventiste du septi\u00e8me jour avant d\u2019\u00eatre ex\u00e9cut\u00e9 en mai dernier. \u00c0 ses c\u00f4t\u00e9s, sa femme, Pam, leur fille, Kirsten, et le pasteur de leur \u00e9glise, Furman Fordham, qui a \u00e9galement visit\u00e9 le fr\u00e8re Johnson. Une photo de l\u2019Adventist News Network.\"},{\"@type\":\"BreadcrumbList\",\"@id\":\"https:\\\/\\\/interamerica.org\\\/fr\\\/2019\\\/10\\\/de-meurtrier-condamne-a-humble-serviteur-de-dieu\\\/#breadcrumb\",\"itemListElement\":[{\"@type\":\"ListItem\",\"position\":1,\"name\":\"Home\",\"item\":\"https:\\\/\\\/interamerica.org\\\/fr\\\/\"},{\"@type\":\"ListItem\",\"position\":2,\"name\":\"De meurtrier condamn\u00e9 \u00e0 humble serviteur de Dieu\"}]},{\"@type\":\"WebSite\",\"@id\":\"https:\\\/\\\/interamerica.org\\\/fr\\\/#website\",\"url\":\"https:\\\/\\\/interamerica.org\\\/fr\\\/\",\"name\":\"\u00c9glise Adventiste Du Septieme Jour - Inter Am\u00e9rique Division\",\"description\":\"\",\"potentialAction\":[{\"@type\":\"SearchAction\",\"target\":{\"@type\":\"EntryPoint\",\"urlTemplate\":\"https:\\\/\\\/interamerica.org\\\/fr\\\/?s={search_term_string}\"},\"query-input\":{\"@type\":\"PropertyValueSpecification\",\"valueRequired\":true,\"valueName\":\"search_term_string\"}}],\"inLanguage\":\"fr-FR\"},{\"@type\":\"Person\",\"@id\":\"https:\\\/\\\/interamerica.org\\\/fr\\\/#\\\/schema\\\/person\\\/29998f2bc2d8bd0d38662909289b54f1\",\"name\":\"libna\",\"image\":{\"@type\":\"ImageObject\",\"inLanguage\":\"fr-FR\",\"@id\":\"https:\\\/\\\/secure.gravatar.com\\\/avatar\\\/7c5bd30ae4b47a9ba3c856590957fd1d96dc588bf3ac05719d247e126840331f?s=96&d=mm&r=g\",\"url\":\"https:\\\/\\\/secure.gravatar.com\\\/avatar\\\/7c5bd30ae4b47a9ba3c856590957fd1d96dc588bf3ac05719d247e126840331f?s=96&d=mm&r=g\",\"contentUrl\":\"https:\\\/\\\/secure.gravatar.com\\\/avatar\\\/7c5bd30ae4b47a9ba3c856590957fd1d96dc588bf3ac05719d247e126840331f?s=96&d=mm&r=g\",\"caption\":\"libna\"}}]}<\/script>\n<!-- \/ Yoast SEO plugin. -->","yoast_head_json":{"title":"De meurtrier condamn\u00e9 \u00e0 humble serviteur de Dieu - \u00c9glise Adventiste Du Septieme Jour - Inter Am\u00e9rique Division","robots":{"index":"index","follow":"follow","max-snippet":"max-snippet:-1","max-image-preview":"max-image-preview:large","max-video-preview":"max-video-preview:-1"},"canonical":"https:\/\/interamerica.org\/fr\/2019\/10\/de-meurtrier-condamne-a-humble-serviteur-de-dieu\/","og_locale":"fr_FR","og_type":"article","og_title":"De meurtrier condamn\u00e9 \u00e0 humble serviteur de Dieu - \u00c9glise Adventiste Du Septieme Jour - Inter Am\u00e9rique Division","og_description":"Le 12 octobre 2019 | Silver Spring, Maryland, \u00c9tats-Unis | Marcos Paseggi,\u00a0Adventist Review Les adventistes du septi\u00e8me jour ont \u00e9t\u00e9 appel\u00e9s \u00e0 proclamer le message du salut restaurateur de Dieu...","og_url":"https:\/\/interamerica.org\/fr\/2019\/10\/de-meurtrier-condamne-a-humble-serviteur-de-dieu\/","og_site_name":"\u00c9glise Adventiste Du Septieme Jour - Inter Am\u00e9rique Division","article_published_time":"2019-10-13T17:39:03+00:00","article_modified_time":"2019-10-16T03:10:46+00:00","og_image":[{"width":1000,"height":665,"url":"https:\/\/interamerica.org\/wp-content\/uploads\/2019\/10\/johndysinger-ac2019.jpg","type":"image\/jpeg"}],"author":"libna","twitter_card":"summary_large_image","twitter_misc":{"\u00c9crit par":"libna","Dur\u00e9e de lecture estim\u00e9e":"6 minutes"},"schema":{"@context":"https:\/\/schema.org","@graph":[{"@type":"Article","@id":"https:\/\/interamerica.org\/fr\/2019\/10\/de-meurtrier-condamne-a-humble-serviteur-de-dieu\/#article","isPartOf":{"@id":"https:\/\/interamerica.org\/fr\/2019\/10\/de-meurtrier-condamne-a-humble-serviteur-de-dieu\/"},"author":{"name":"libna","@id":"https:\/\/interamerica.org\/fr\/#\/schema\/person\/29998f2bc2d8bd0d38662909289b54f1"},"headline":"De meurtrier condamn\u00e9 \u00e0 humble serviteur de Dieu","datePublished":"2019-10-13T17:39:03+00:00","dateModified":"2019-10-16T03:10:46+00:00","mainEntityOfPage":{"@id":"https:\/\/interamerica.org\/fr\/2019\/10\/de-meurtrier-condamne-a-humble-serviteur-de-dieu\/"},"wordCount":1115,"commentCount":0,"image":{"@id":"https:\/\/interamerica.org\/fr\/2019\/10\/de-meurtrier-condamne-a-humble-serviteur-de-dieu\/#primaryimage"},"thumbnailUrl":"https:\/\/interamerica.org\/wp-content\/uploads\/2019\/10\/johndysinger-ac2019.jpg","articleSection":["Nouvelles de l'\u00c9glise mondiale","RSS Fran\u00e7ais"],"inLanguage":"fr-FR","potentialAction":[{"@type":"CommentAction","name":"Comment","target":["https:\/\/interamerica.org\/fr\/2019\/10\/de-meurtrier-condamne-a-humble-serviteur-de-dieu\/#respond"]}]},{"@type":"WebPage","@id":"https:\/\/interamerica.org\/fr\/2019\/10\/de-meurtrier-condamne-a-humble-serviteur-de-dieu\/","url":"https:\/\/interamerica.org\/fr\/2019\/10\/de-meurtrier-condamne-a-humble-serviteur-de-dieu\/","name":"De meurtrier condamn\u00e9 \u00e0 humble serviteur de Dieu - \u00c9glise Adventiste Du Septieme Jour - Inter Am\u00e9rique Division","isPartOf":{"@id":"https:\/\/interamerica.org\/fr\/#website"},"primaryImageOfPage":{"@id":"https:\/\/interamerica.org\/fr\/2019\/10\/de-meurtrier-condamne-a-humble-serviteur-de-dieu\/#primaryimage"},"image":{"@id":"https:\/\/interamerica.org\/fr\/2019\/10\/de-meurtrier-condamne-a-humble-serviteur-de-dieu\/#primaryimage"},"thumbnailUrl":"https:\/\/interamerica.org\/wp-content\/uploads\/2019\/10\/johndysinger-ac2019.jpg","datePublished":"2019-10-13T17:39:03+00:00","dateModified":"2019-10-16T03:10:46+00:00","author":{"@id":"https:\/\/interamerica.org\/fr\/#\/schema\/person\/29998f2bc2d8bd0d38662909289b54f1"},"breadcrumb":{"@id":"https:\/\/interamerica.org\/fr\/2019\/10\/de-meurtrier-condamne-a-humble-serviteur-de-dieu\/#breadcrumb"},"inLanguage":"fr-FR","potentialAction":[{"@type":"ReadAction","target":["https:\/\/interamerica.org\/fr\/2019\/10\/de-meurtrier-condamne-a-humble-serviteur-de-dieu\/"]}]},{"@type":"ImageObject","inLanguage":"fr-FR","@id":"https:\/\/interamerica.org\/fr\/2019\/10\/de-meurtrier-condamne-a-humble-serviteur-de-dieu\/#primaryimage","url":"https:\/\/interamerica.org\/wp-content\/uploads\/2019\/10\/johndysinger-ac2019.jpg","contentUrl":"https:\/\/interamerica.org\/wp-content\/uploads\/2019\/10\/johndysinger-ac2019.jpg","width":1000,"height":665,"caption":"John Dysinger partage l\u2019exp\u00e9rience qu\u2019ils ont v\u00e9cue, lui et sa famille, avec Don Johnson, un d\u00e9tenu condamn\u00e9 \u00e0 mort devenu adventiste du septi\u00e8me jour avant d\u2019\u00eatre ex\u00e9cut\u00e9 en mai dernier. \u00c0 ses c\u00f4t\u00e9s, sa femme, Pam, leur fille, Kirsten, et le pasteur de leur \u00e9glise, Furman Fordham, qui a \u00e9galement visit\u00e9 le fr\u00e8re Johnson. Une photo de l\u2019Adventist News Network."},{"@type":"BreadcrumbList","@id":"https:\/\/interamerica.org\/fr\/2019\/10\/de-meurtrier-condamne-a-humble-serviteur-de-dieu\/#breadcrumb","itemListElement":[{"@type":"ListItem","position":1,"name":"Home","item":"https:\/\/interamerica.org\/fr\/"},{"@type":"ListItem","position":2,"name":"De meurtrier condamn\u00e9 \u00e0 humble serviteur de Dieu"}]},{"@type":"WebSite","@id":"https:\/\/interamerica.org\/fr\/#website","url":"https:\/\/interamerica.org\/fr\/","name":"\u00c9glise Adventiste Du Septieme Jour - Inter Am\u00e9rique Division","description":"","potentialAction":[{"@type":"SearchAction","target":{"@type":"EntryPoint","urlTemplate":"https:\/\/interamerica.org\/fr\/?s={search_term_string}"},"query-input":{"@type":"PropertyValueSpecification","valueRequired":true,"valueName":"search_term_string"}}],"inLanguage":"fr-FR"},{"@type":"Person","@id":"https:\/\/interamerica.org\/fr\/#\/schema\/person\/29998f2bc2d8bd0d38662909289b54f1","name":"libna","image":{"@type":"ImageObject","inLanguage":"fr-FR","@id":"https:\/\/secure.gravatar.com\/avatar\/7c5bd30ae4b47a9ba3c856590957fd1d96dc588bf3ac05719d247e126840331f?s=96&d=mm&r=g","url":"https:\/\/secure.gravatar.com\/avatar\/7c5bd30ae4b47a9ba3c856590957fd1d96dc588bf3ac05719d247e126840331f?s=96&d=mm&r=g","contentUrl":"https:\/\/secure.gravatar.com\/avatar\/7c5bd30ae4b47a9ba3c856590957fd1d96dc588bf3ac05719d247e126840331f?s=96&d=mm&r=g","caption":"libna"}}]}},"_links":{"self":[{"href":"https:\/\/interamerica.org\/fr\/wp-json\/wp\/v2\/posts\/52677","targetHints":{"allow":["GET"]}}],"collection":[{"href":"https:\/\/interamerica.org\/fr\/wp-json\/wp\/v2\/posts"}],"about":[{"href":"https:\/\/interamerica.org\/fr\/wp-json\/wp\/v2\/types\/post"}],"author":[{"embeddable":true,"href":"https:\/\/interamerica.org\/fr\/wp-json\/wp\/v2\/users\/3"}],"replies":[{"embeddable":true,"href":"https:\/\/interamerica.org\/fr\/wp-json\/wp\/v2\/comments?post=52677"}],"version-history":[{"count":0,"href":"https:\/\/interamerica.org\/fr\/wp-json\/wp\/v2\/posts\/52677\/revisions"}],"wp:featuredmedia":[{"embeddable":true,"href":"https:\/\/interamerica.org\/fr\/wp-json\/wp\/v2\/media\/52585"}],"wp:attachment":[{"href":"https:\/\/interamerica.org\/fr\/wp-json\/wp\/v2\/media?parent=52677"}],"wp:term":[{"taxonomy":"category","embeddable":true,"href":"https:\/\/interamerica.org\/fr\/wp-json\/wp\/v2\/categories?post=52677"},{"taxonomy":"post_tag","embeddable":true,"href":"https:\/\/interamerica.org\/fr\/wp-json\/wp\/v2\/tags?post=52677"}],"curies":[{"name":"wp","href":"https:\/\/api.w.org\/{rel}","templated":true}]}}