{"id":52711,"date":"2019-10-15T22:13:32","date_gmt":"2019-10-16T02:13:32","guid":{"rendered":"https:\/\/recursing-golick.147-182-135-0.plesk.page\/?p=52711"},"modified":"2019-10-22T11:56:00","modified_gmt":"2019-10-22T15:56:00","slug":"les-dirigeants-de-leglise-adventiste-approuvent-un-plan-de-parite-entre-les-divisions-pour-leur-contribution-en-dimes","status":"publish","type":"post","link":"https:\/\/interamerica.org\/fr\/2019\/10\/les-dirigeants-de-leglise-adventiste-approuvent-un-plan-de-parite-entre-les-divisions-pour-leur-contribution-en-dimes\/","title":{"rendered":"Les dirigeants de l\u2019\u00c9glise adventiste approuvent un plan de parit\u00e9 entre les divisions pour leur contribution en d\u00eemes"},"content":{"rendered":"<div id=\"attachment_52682\" style=\"width: 812px\" class=\"wp-caption aligncenter\"><img fetchpriority=\"high\" decoding=\"async\" aria-describedby=\"caption-attachment-52682\" class=\" wp-image-52681\" src=\"https:\/\/recursing-golick.147-182-135-0.plesk.page\/wp-content\/uploads\/2019\/10\/adventist-church-leaders-approve-plan-for-tithe-parity-among-divisions-1280-1024x640.jpg\" alt=\"\" width=\"802\" height=\"501\" srcset=\"https:\/\/interamerica.org\/wp-content\/uploads\/2019\/10\/adventist-church-leaders-approve-plan-for-tithe-parity-among-divisions-1280-1024x640.jpg 1024w, https:\/\/interamerica.org\/wp-content\/uploads\/2019\/10\/adventist-church-leaders-approve-plan-for-tithe-parity-among-divisions-1280-300x188.jpg 300w, https:\/\/interamerica.org\/wp-content\/uploads\/2019\/10\/adventist-church-leaders-approve-plan-for-tithe-parity-among-divisions-1280-768x480.jpg 768w, https:\/\/interamerica.org\/wp-content\/uploads\/2019\/10\/adventist-church-leaders-approve-plan-for-tithe-parity-among-divisions-1280.jpg 1280w\" sizes=\"(max-width: 802px) 100vw, 802px\" \/><p id=\"caption-attachment-52682\" class=\"wp-caption-text\">Le tr\u00e9sorier de l\u2019\u00c9glise adventiste, Juan Prestol-Pues\u00e1n, explique qu\u2019\u00e0 la suite d\u2019une demande de la Division Nord-Am\u00e9ricaine \u00e0 la Conf\u00e9rence G\u00e9n\u00e9rale, d\u2019ici 2030, chaque division contribuera au m\u00eame pourcentage de ses revenus pour soutenir le si\u00e8ge de l\u2019\u00e9glise mondiale. Puisque la contribution de la NAD a \u00e9t\u00e9 historiquement plus \u00e9lev\u00e9e que celle des autres divisions, le vote pris lors du Concile Annuel le 14 octobre 2019 signifie qu\u2019\u00e0 partir de l\u2019ann\u00e9e prochaine, moins de fonds seront remis \u00e0 la Conf\u00e9rence G\u00e9n\u00e9rale. Photo : R\u00e9seau Adventiste d\u2019Informations<\/p><\/div>\n<p><span class=\"byline-news\">15 Octobre 2019 | Silver Spring, Maryland, \u00c9tats-Unis | R\u00e9seau Adventiste d\u2019Informations et <\/span><em><span class=\"byline-news\">Adventist Review<\/span><\/em><\/p>\n<p><span class=\"cap\">L<\/span>\u2019id\u00e9e de parvenir \u00e0 la parit\u00e9 entre les divisions mondiales dans leur contribution en d\u00eemes vers\u00e9es au si\u00e8ge mondial de l\u2019\u00c9glise adventiste, a domin\u00e9 la discussion qu\u2019ont eu les d\u00e9l\u00e9gu\u00e9s lundi apr\u00e8s-midi lors de la rencontre d\u2019automne 2019 du Comit\u00e9 Ex\u00e9cutif de la Conf\u00e9rence G\u00e9n\u00e9rale, appel\u00e9e Concile Annuel.<\/p>\n<p>La parit\u00e9 en mati\u00e8re financi\u00e8re d\u00e9crit un sc\u00e9nario futur dans lequel les treize territoires adventistes mondiaux (appel\u00e9s divisions) versent le m\u00eame pourcentage de base de leur d\u00eeme au si\u00e8ge mondial de la d\u00e9nomination, la Conf\u00e9rence G\u00e9n\u00e9rale. La Conf\u00e9rence G\u00e9n\u00e9rale utilise la partie de la d\u00eeme qui lui est allou\u00e9e pour financer le fonctionnement du si\u00e8ge ainsi que les dotations, qui sont des fonds redistribu\u00e9s aux divisions mondiales par la Conf\u00e9rence G\u00e9n\u00e9rale.<\/p>\n<p><strong>Comment Cela Fonctionne<\/strong><\/p>\n<p>La structure financi\u00e8re de l\u2019\u00c9glise adventiste comprend la d\u00eeme (10% du revenu d\u2019un membre) vers\u00e9e \u00e0 l\u2019\u00e9glise locale. L\u2019\u00e9glise locale envoie la d\u00eeme \u00e0 la f\u00e9d\u00e9ration locale, une unit\u00e9 administrative qui supervise une zone g\u00e9ographique d\u00e9finie. Bien que la plupart des fonds de la d\u00eeme demeurent dans la f\u00e9d\u00e9ration afin de financer le fonctionnement, les salaires des pasteurs et d\u2019autres projets missionnaires, une partie est envoy\u00e9e \u00e0 d\u2019autres unit\u00e9s administratives, dont la Conf\u00e9rence G\u00e9n\u00e9rale et ses divisions.<\/p>\n<p>Historiquement, la Division Nord-Am\u00e9ricaine (NAD) &#8211; le lieu de naissance de l\u2019\u00c9glise adventiste du septi\u00e8me jour &#8211; a contribu\u00e9 avec un pourcentage plus \u00e9lev\u00e9 de sa d\u00eeme \u00e0 la Conf\u00e9rence G\u00e9n\u00e9rale. Pas plus tard qu\u2019en 2012, la contribution de la NAD \u00e0 la Conf\u00e9rence G\u00e9n\u00e9rale \u00e9tait de 8% de son montant de d\u00eeme, tandis que le reste des divisions contribuait \u00e0 hauteur de 2%.<\/p>\n<p>Un changement officiel dans le Manuel des R\u00e8glements de la Conf\u00e9rence G\u00e9n\u00e9rale, vot\u00e9 par le Comit\u00e9 Ex\u00e9cutif de la Conf\u00e9rence G\u00e9n\u00e9rale en 2011, a fait passer la contribution de la NAD de 8% \u00e0 5,85%. Le plan a \u00e9t\u00e9 mis en place progressivement sur une p\u00e9riode de huit ans et refl\u00e9tait le besoin croissant en Am\u00e9rique du Nord de financer des activit\u00e9s ax\u00e9es sur la mission.<\/p>\n<p>En 2018, le Comit\u00e9 Ex\u00e9cutif de la NAD a demand\u00e9, par un vote officiel, de poursuivre la conversation avec la Conf\u00e9rence G\u00e9n\u00e9rale afin d\u2019envisager une plus importante r\u00e9duction de la part de d\u00eeme vers\u00e9e \u00e0 la Conf\u00e9rence G\u00e9n\u00e9rale dans le but d\u2019atteindre la parit\u00e9 (\u00e9galit\u00e9) entre toutes les divisions.<\/p>\n<p>La parit\u00e9 signifierait que l\u2019Am\u00e9rique du Nord ne serait plus per\u00e7ue comme un \u00ab p\u00e8re dans la d\u00e9nomination, mais plut\u00f4t comme un partenaire \u00e0 \u00e9galit\u00e9 [avec les autres divisions] dans les responsabilit\u00e9s et le travail missionnaire, \u00bb a expliqu\u00e9 le tr\u00e9sorier de la Conf\u00e9rence G\u00e9n\u00e9rale, Juan Prestol-Pues\u00e1n.<\/p>\n<p><strong>La Proposition\u00a0<\/strong><\/p>\n<p>Apr\u00e8s pr\u00e8s d\u2019une ann\u00e9e de conversation et de dialogue avec et entre les divisions mondiales, il a \u00e9t\u00e9 pr\u00e9sent\u00e9 aux membres du Comit\u00e9 Ex\u00e9cutif de la Conf\u00e9rence G\u00e9n\u00e9rale, le 14 octobre, un plan qui am\u00e8nerait progressivement \u00e0 une situation de parit\u00e9 compl\u00e8te d\u2019ici 2030. \u00c0 partir de cette ann\u00e9e-l\u00e0, chaque division de l\u2019\u00e9glise mondiale versera une contribution \u00e9gale de trois pour cent de ses d\u00eemes re\u00e7ues \u00e0 la Conf\u00e9rence G\u00e9n\u00e9rale.<\/p>\n<p>\u00ab Nous avons eu des rencontres tr\u00e8s intenses et de qualit\u00e9 avec nos administrateurs de division, y compris de l\u2019Am\u00e9rique du Nord, \u00bb a d\u00e9clar\u00e9 le pr\u00e9sident de l\u2019\u00c9glise adventiste mondiale, Ted C. Wilson. \u00ab Nous avons eu d\u2019importantes conversations. \u00bb<\/p>\n<p>Selon la proposition, l\u2019actuel r\u00e8glement 235-19G de la Conf\u00e9rence G\u00e9n\u00e9rale, intitul\u00e9 <em> Soutien de l\u2019\u0152uvre mondiale (Partage des Ressources Financi\u00e8res),<\/em> serait amend\u00e9 pour inclure un tableau et des d\u00e9tails suppl\u00e9mentaires, ainsi que des explications indiquant la trajectoire vers la parit\u00e9.<\/p>\n<p>En pr\u00e9sentant le r\u00e8glement amend\u00e9, Ted Wilson a commenc\u00e9 par reconna\u00eetre le travail accompli par la NAD au fil des ann\u00e9es pour d\u00e9velopper une pr\u00e9sence adventiste du septi\u00e8me jour dans le monde entier. Les participants ont r\u00e9pondu par des applaudissements et des \u00ab Amens. \u00bb<\/p>\n<p>Juan Prestol-Pues\u00e1n a approuv\u00e9 : \u00ab Tous les territoires \u00e9trangers ont une dette de gratitude envers la Division Nord-Am\u00e9ricaine. \u00bb<\/p>\n<p><strong>Discussion depuis l&rsquo;Assembl\u00e9e <\/strong><\/p>\n<p>Lors de commentaires faits en introduction, Ted Wilson a pr\u00e9cis\u00e9 que le dialogue impliquait une diversit\u00e9 de perspectives. \u00ab Tout le monde \u00e9tait-il d\u2019accord ? Non, a dit Ted Wilson. \u00ab Mais la proposition contient des dispositions qui permettront une discussion. \u00bb<\/p>\n<p>Les discussions dans l\u2019assembl\u00e9e ont fait ressortir cette diversit\u00e9.<\/p>\n<p>Apr\u00e8s avoir remerci\u00e9 le personnel de la tr\u00e9sorerie de la Conf\u00e9rence G\u00e9n\u00e9rale pour son travail sur la requ\u00eate, le tr\u00e9sorier de la NAD, Randy Robinson, a expliqu\u00e9 : \u00ab C\u2019est pour nous un privil\u00e8ge de pouvoir aider le champ mondial. Cela a \u00e9t\u00e9 pour nous un privil\u00e8ge de le faire et nous continuerons de consid\u00e9rer comme un privil\u00e8ge pour nous de le faire. Nous sommes reconnaissants pour la mission qui est accomplie \u00e0 travers le monde, mais nous sommes \u00e9galement conscients de la mission qui doit \u00eatre accomplie en Am\u00e9rique du Nord. Nous souhaitons transf\u00e9rer ces ressources sur le champ local. \u00bb<\/p>\n<p>Des d\u00e9l\u00e9gu\u00e9s de diverses r\u00e9gions du monde ont \u00e9galement exprim\u00e9 leur gratitude envers la NAD pour sa contribution \u00e0 la mission mondiale. \u00ab Au nom de notre partie du monde, je voudrais remercier la Division Nord-Am\u00e9ricaine, \u00bb a dit Edward Tupa\u2019i, pr\u00e9sident de l\u2019Union de F\u00e9d\u00e9rations du Pacifique en Nouvelle-Z\u00e9lande. Edward Tupa\u2019i a ensuite rappel\u00e9 comment le missionnaire am\u00e9ricain Stephen Haskell avait amen\u00e9 le message adventiste en Nouvelle-Z\u00e9lande. \u00ab C\u2019est une chose pour laquelle nous sommes \u00e9ternellement reconnaissants. \u00bb<\/p>\n<p>D\u2019autres d\u00e9l\u00e9gu\u00e9s ont exprim\u00e9 leurs pr\u00e9occupations quant \u00e0 l\u2019orientation de la proposition. Kathy Haycock Proffitt, membre la\u00efc de la NAD, a sugg\u00e9r\u00e9 que cette d\u00e9cision aurait un impact direct sur l\u2019action missionnaire mondiale. \u00ab Je comprends l\u2019id\u00e9e de parit\u00e9, mais malheureusement, cela ne comprendra pas une base \u00e9gale pour tous, \u00bb a dit Kathy Haycock Proffitt. \u00ab Ceux qui ont le moins d\u2019argent devront payer plus tout en recevant moins. \u00bb<\/p>\n<p>D\u2019autres d\u00e9l\u00e9gu\u00e9s en dehors de la NAD ont approuv\u00e9 la d\u00e9cision. \u00ab Je soutiens cette proposition \u00e0 plus de 100%, \u00bb a dit Kenaope Kenaope, membre du Comit\u00e9 Ex\u00e9cutif venant de la Division de l\u2019Afrique Australe et de l\u2019Oc\u00e9an Indien. \u00ab Un enfant qui ne grandit pas devrait \u00eatre une pr\u00e9occupation pour un parent. Si \u00e0 la NAD ils disent qu\u2019ils ne peuvent plus \u00eatre un p\u00e8re, tr\u00e8s bien ! Vraiment, pourquoi devriez-vous avoir un enfant chez vous qui y reste pour l\u2019\u00e9ternit\u00e9. Mettons l\u2019accent sur la capacit\u00e9 qu\u2019a le Dieu de l\u2019\u00e9glise mondiale de prendre soin de nous. \u00bb<\/p>\n<p><strong>D\u00e9cision<\/strong><\/p>\n<p>Apr\u00e8s deux heures de pr\u00e9sentation et de d\u00e9bat, les membres du Comit\u00e9 Ex\u00e9cutif ont vot\u00e9 en faveur de la proposition visant \u00e0 mettre en \u0153uvre les modifications propos\u00e9es au Manuel des R\u00e8glements.<\/p>\n<p>Thomas Lemon, vice-pr\u00e9sident g\u00e9n\u00e9ral de la Conf\u00e9rence G\u00e9n\u00e9rale, qui a pr\u00e9sid\u00e9 la discussion, a f\u00e9licit\u00e9 les participants pour la tenue d\u2019un dialogue de bonne facture. \u00ab Bien que notre pr\u00e9occupation soit la progression de la mission, nous pouvons louer le Seigneur pour la mission qui a \u00e9t\u00e9 accomplie parce que nous sommes ici dans un groupe qui repr\u00e9sente une grande partie de la culture et des groupes qui composent notre monde. \u00bb<\/p>\n<p>Apr\u00e8s le vote, le pr\u00e9sident de la NAD, Dan Jackson, a remerci\u00e9 les d\u00e9l\u00e9gu\u00e9s repr\u00e9sentant pr\u00e8s de 200 nations. \u00ab Je tiens \u00e0 remercier nos fr\u00e8res et s\u0153urs du monde entier pour le soutien de la Division Nord-Am\u00e9ricaine. Merci beaucoup. Que Dieu vous b\u00e9nisse. \u00bb<\/p>\n<p>Traduction: Patrick Luciathe<\/p>\n","protected":false},"excerpt":{"rendered":"<p>15 Octobre 2019 | Silver Spring, Maryland, \u00c9tats-Unis | R\u00e9seau Adventiste d\u2019Informations et Adventist Review L\u2019id\u00e9e de parvenir \u00e0 la parit\u00e9 entre les divisions mondiales dans leur contribution en d\u00eemes&#8230;<\/p>\n","protected":false},"author":3,"featured_media":52682,"comment_status":"open","ping_status":"closed","sticky":false,"template":"","format":"standard","meta":{"_acf_changed":false,"footnotes":""},"categories":[18,19],"tags":[],"class_list":["post-52711","post","type-post","status-publish","format-standard","has-post-thumbnail","hentry","category-nouvelles-de-leglise-mondiale","category-rss-francais"],"acf":[],"yoast_head":"<!-- This site is optimized with the Yoast SEO plugin v27.3 - https:\/\/yoast.com\/product\/yoast-seo-wordpress\/ -->\n<title>Les dirigeants de l\u2019\u00c9glise adventiste approuvent un plan de parit\u00e9 entre les divisions pour leur contribution en d\u00eemes - \u00c9glise Adventiste Du Septieme Jour - Inter Am\u00e9rique Division<\/title>\n<meta name=\"robots\" content=\"index, follow, max-snippet:-1, max-image-preview:large, max-video-preview:-1\" \/>\n<link rel=\"canonical\" href=\"https:\/\/interamerica.org\/fr\/2019\/10\/les-dirigeants-de-leglise-adventiste-approuvent-un-plan-de-parite-entre-les-divisions-pour-leur-contribution-en-dimes\/\" \/>\n<meta property=\"og:locale\" content=\"fr_FR\" \/>\n<meta property=\"og:type\" content=\"article\" \/>\n<meta property=\"og:title\" content=\"Les dirigeants de l\u2019\u00c9glise adventiste approuvent un plan de parit\u00e9 entre les divisions pour leur contribution en d\u00eemes - \u00c9glise Adventiste Du Septieme Jour - Inter Am\u00e9rique Division\" \/>\n<meta property=\"og:description\" content=\"15 Octobre 2019 | Silver Spring, Maryland, \u00c9tats-Unis | R\u00e9seau Adventiste d\u2019Informations et Adventist Review L\u2019id\u00e9e de parvenir \u00e0 la parit\u00e9 entre les divisions mondiales dans leur contribution en d\u00eemes...\" \/>\n<meta property=\"og:url\" content=\"https:\/\/interamerica.org\/fr\/2019\/10\/les-dirigeants-de-leglise-adventiste-approuvent-un-plan-de-parite-entre-les-divisions-pour-leur-contribution-en-dimes\/\" \/>\n<meta property=\"og:site_name\" content=\"\u00c9glise Adventiste Du Septieme Jour - Inter Am\u00e9rique Division\" \/>\n<meta property=\"article:published_time\" content=\"2019-10-16T02:13:32+00:00\" \/>\n<meta property=\"article:modified_time\" content=\"2019-10-22T15:56:00+00:00\" \/>\n<meta property=\"og:image\" content=\"https:\/\/interamerica.org\/wp-content\/uploads\/2019\/10\/adventist-church-leaders-approve-plan-for-tithe-parity-among-divisions-1280.jpg\" \/>\n\t<meta property=\"og:image:width\" content=\"1280\" \/>\n\t<meta property=\"og:image:height\" content=\"800\" \/>\n\t<meta property=\"og:image:type\" content=\"image\/jpeg\" \/>\n<meta name=\"author\" content=\"libna\" \/>\n<meta name=\"twitter:card\" content=\"summary_large_image\" \/>\n<meta name=\"twitter:label1\" content=\"\u00c9crit par\" \/>\n\t<meta name=\"twitter:data1\" content=\"libna\" \/>\n\t<meta name=\"twitter:label2\" content=\"Dur\u00e9e de lecture estim\u00e9e\" \/>\n\t<meta name=\"twitter:data2\" content=\"8 minutes\" \/>\n<script type=\"application\/ld+json\" class=\"yoast-schema-graph\">{\"@context\":\"https:\\\/\\\/schema.org\",\"@graph\":[{\"@type\":\"Article\",\"@id\":\"https:\\\/\\\/interamerica.org\\\/fr\\\/2019\\\/10\\\/les-dirigeants-de-leglise-adventiste-approuvent-un-plan-de-parite-entre-les-divisions-pour-leur-contribution-en-dimes\\\/#article\",\"isPartOf\":{\"@id\":\"https:\\\/\\\/interamerica.org\\\/fr\\\/2019\\\/10\\\/les-dirigeants-de-leglise-adventiste-approuvent-un-plan-de-parite-entre-les-divisions-pour-leur-contribution-en-dimes\\\/\"},\"author\":{\"name\":\"libna\",\"@id\":\"https:\\\/\\\/interamerica.org\\\/fr\\\/#\\\/schema\\\/person\\\/29998f2bc2d8bd0d38662909289b54f1\"},\"headline\":\"Les dirigeants de l\u2019\u00c9glise adventiste approuvent un plan de parit\u00e9 entre les divisions pour leur contribution en d\u00eemes\",\"datePublished\":\"2019-10-16T02:13:32+00:00\",\"dateModified\":\"2019-10-22T15:56:00+00:00\",\"mainEntityOfPage\":{\"@id\":\"https:\\\/\\\/interamerica.org\\\/fr\\\/2019\\\/10\\\/les-dirigeants-de-leglise-adventiste-approuvent-un-plan-de-parite-entre-les-divisions-pour-leur-contribution-en-dimes\\\/\"},\"wordCount\":1523,\"commentCount\":0,\"image\":{\"@id\":\"https:\\\/\\\/interamerica.org\\\/fr\\\/2019\\\/10\\\/les-dirigeants-de-leglise-adventiste-approuvent-un-plan-de-parite-entre-les-divisions-pour-leur-contribution-en-dimes\\\/#primaryimage\"},\"thumbnailUrl\":\"https:\\\/\\\/interamerica.org\\\/wp-content\\\/uploads\\\/2019\\\/10\\\/adventist-church-leaders-approve-plan-for-tithe-parity-among-divisions-1280.jpg\",\"articleSection\":[\"Nouvelles de l'\u00c9glise mondiale\",\"RSS Fran\u00e7ais\"],\"inLanguage\":\"fr-FR\",\"potentialAction\":[{\"@type\":\"CommentAction\",\"name\":\"Comment\",\"target\":[\"https:\\\/\\\/interamerica.org\\\/fr\\\/2019\\\/10\\\/les-dirigeants-de-leglise-adventiste-approuvent-un-plan-de-parite-entre-les-divisions-pour-leur-contribution-en-dimes\\\/#respond\"]}]},{\"@type\":\"WebPage\",\"@id\":\"https:\\\/\\\/interamerica.org\\\/fr\\\/2019\\\/10\\\/les-dirigeants-de-leglise-adventiste-approuvent-un-plan-de-parite-entre-les-divisions-pour-leur-contribution-en-dimes\\\/\",\"url\":\"https:\\\/\\\/interamerica.org\\\/fr\\\/2019\\\/10\\\/les-dirigeants-de-leglise-adventiste-approuvent-un-plan-de-parite-entre-les-divisions-pour-leur-contribution-en-dimes\\\/\",\"name\":\"Les dirigeants de l\u2019\u00c9glise adventiste approuvent un plan de parit\u00e9 entre les divisions pour leur contribution en d\u00eemes - \u00c9glise Adventiste Du Septieme Jour - Inter Am\u00e9rique Division\",\"isPartOf\":{\"@id\":\"https:\\\/\\\/interamerica.org\\\/fr\\\/#website\"},\"primaryImageOfPage\":{\"@id\":\"https:\\\/\\\/interamerica.org\\\/fr\\\/2019\\\/10\\\/les-dirigeants-de-leglise-adventiste-approuvent-un-plan-de-parite-entre-les-divisions-pour-leur-contribution-en-dimes\\\/#primaryimage\"},\"image\":{\"@id\":\"https:\\\/\\\/interamerica.org\\\/fr\\\/2019\\\/10\\\/les-dirigeants-de-leglise-adventiste-approuvent-un-plan-de-parite-entre-les-divisions-pour-leur-contribution-en-dimes\\\/#primaryimage\"},\"thumbnailUrl\":\"https:\\\/\\\/interamerica.org\\\/wp-content\\\/uploads\\\/2019\\\/10\\\/adventist-church-leaders-approve-plan-for-tithe-parity-among-divisions-1280.jpg\",\"datePublished\":\"2019-10-16T02:13:32+00:00\",\"dateModified\":\"2019-10-22T15:56:00+00:00\",\"author\":{\"@id\":\"https:\\\/\\\/interamerica.org\\\/fr\\\/#\\\/schema\\\/person\\\/29998f2bc2d8bd0d38662909289b54f1\"},\"breadcrumb\":{\"@id\":\"https:\\\/\\\/interamerica.org\\\/fr\\\/2019\\\/10\\\/les-dirigeants-de-leglise-adventiste-approuvent-un-plan-de-parite-entre-les-divisions-pour-leur-contribution-en-dimes\\\/#breadcrumb\"},\"inLanguage\":\"fr-FR\",\"potentialAction\":[{\"@type\":\"ReadAction\",\"target\":[\"https:\\\/\\\/interamerica.org\\\/fr\\\/2019\\\/10\\\/les-dirigeants-de-leglise-adventiste-approuvent-un-plan-de-parite-entre-les-divisions-pour-leur-contribution-en-dimes\\\/\"]}]},{\"@type\":\"ImageObject\",\"inLanguage\":\"fr-FR\",\"@id\":\"https:\\\/\\\/interamerica.org\\\/fr\\\/2019\\\/10\\\/les-dirigeants-de-leglise-adventiste-approuvent-un-plan-de-parite-entre-les-divisions-pour-leur-contribution-en-dimes\\\/#primaryimage\",\"url\":\"https:\\\/\\\/interamerica.org\\\/wp-content\\\/uploads\\\/2019\\\/10\\\/adventist-church-leaders-approve-plan-for-tithe-parity-among-divisions-1280.jpg\",\"contentUrl\":\"https:\\\/\\\/interamerica.org\\\/wp-content\\\/uploads\\\/2019\\\/10\\\/adventist-church-leaders-approve-plan-for-tithe-parity-among-divisions-1280.jpg\",\"width\":1280,\"height\":800,\"caption\":\"Le tr\u00e9sorier de l\u2019\u00c9glise adventiste, Juan Prestol-Pues\u00e1n, explique qu\u2019\u00e0 la suite d\u2019une demande de la Division Nord-Am\u00e9ricaine \u00e0 la Conf\u00e9rence G\u00e9n\u00e9rale, d\u2019ici 2030, chaque division contribuera au m\u00eame pourcentage de ses revenus pour soutenir le si\u00e8ge de l\u2019\u00e9glise mondiale. Puisque la contribution de la NAD a \u00e9t\u00e9 historiquement plus \u00e9lev\u00e9e que celle des autres divisions, le vote pris lors du Concile Annuel le 14 octobre 2019 signifie qu\u2019\u00e0 partir de l\u2019ann\u00e9e prochaine, moins de fonds seront remis \u00e0 la Conf\u00e9rence G\u00e9n\u00e9rale. Photo : R\u00e9seau Adventiste d\u2019Informations\"},{\"@type\":\"BreadcrumbList\",\"@id\":\"https:\\\/\\\/interamerica.org\\\/fr\\\/2019\\\/10\\\/les-dirigeants-de-leglise-adventiste-approuvent-un-plan-de-parite-entre-les-divisions-pour-leur-contribution-en-dimes\\\/#breadcrumb\",\"itemListElement\":[{\"@type\":\"ListItem\",\"position\":1,\"name\":\"Home\",\"item\":\"https:\\\/\\\/interamerica.org\\\/fr\\\/\"},{\"@type\":\"ListItem\",\"position\":2,\"name\":\"Les dirigeants de l\u2019\u00c9glise adventiste approuvent un plan de parit\u00e9 entre les divisions pour leur contribution en d\u00eemes\"}]},{\"@type\":\"WebSite\",\"@id\":\"https:\\\/\\\/interamerica.org\\\/fr\\\/#website\",\"url\":\"https:\\\/\\\/interamerica.org\\\/fr\\\/\",\"name\":\"\u00c9glise Adventiste Du Septieme Jour - Inter Am\u00e9rique Division\",\"description\":\"\",\"potentialAction\":[{\"@type\":\"SearchAction\",\"target\":{\"@type\":\"EntryPoint\",\"urlTemplate\":\"https:\\\/\\\/interamerica.org\\\/fr\\\/?s={search_term_string}\"},\"query-input\":{\"@type\":\"PropertyValueSpecification\",\"valueRequired\":true,\"valueName\":\"search_term_string\"}}],\"inLanguage\":\"fr-FR\"},{\"@type\":\"Person\",\"@id\":\"https:\\\/\\\/interamerica.org\\\/fr\\\/#\\\/schema\\\/person\\\/29998f2bc2d8bd0d38662909289b54f1\",\"name\":\"libna\",\"image\":{\"@type\":\"ImageObject\",\"inLanguage\":\"fr-FR\",\"@id\":\"https:\\\/\\\/secure.gravatar.com\\\/avatar\\\/7c5bd30ae4b47a9ba3c856590957fd1d96dc588bf3ac05719d247e126840331f?s=96&d=mm&r=g\",\"url\":\"https:\\\/\\\/secure.gravatar.com\\\/avatar\\\/7c5bd30ae4b47a9ba3c856590957fd1d96dc588bf3ac05719d247e126840331f?s=96&d=mm&r=g\",\"contentUrl\":\"https:\\\/\\\/secure.gravatar.com\\\/avatar\\\/7c5bd30ae4b47a9ba3c856590957fd1d96dc588bf3ac05719d247e126840331f?s=96&d=mm&r=g\",\"caption\":\"libna\"}}]}<\/script>\n<!-- \/ Yoast SEO plugin. -->","yoast_head_json":{"title":"Les dirigeants de l\u2019\u00c9glise adventiste approuvent un plan de parit\u00e9 entre les divisions pour leur contribution en d\u00eemes - \u00c9glise Adventiste Du Septieme Jour - Inter Am\u00e9rique Division","robots":{"index":"index","follow":"follow","max-snippet":"max-snippet:-1","max-image-preview":"max-image-preview:large","max-video-preview":"max-video-preview:-1"},"canonical":"https:\/\/interamerica.org\/fr\/2019\/10\/les-dirigeants-de-leglise-adventiste-approuvent-un-plan-de-parite-entre-les-divisions-pour-leur-contribution-en-dimes\/","og_locale":"fr_FR","og_type":"article","og_title":"Les dirigeants de l\u2019\u00c9glise adventiste approuvent un plan de parit\u00e9 entre les divisions pour leur contribution en d\u00eemes - \u00c9glise Adventiste Du Septieme Jour - Inter Am\u00e9rique Division","og_description":"15 Octobre 2019 | Silver Spring, Maryland, \u00c9tats-Unis | R\u00e9seau Adventiste d\u2019Informations et Adventist Review L\u2019id\u00e9e de parvenir \u00e0 la parit\u00e9 entre les divisions mondiales dans leur contribution en d\u00eemes...","og_url":"https:\/\/interamerica.org\/fr\/2019\/10\/les-dirigeants-de-leglise-adventiste-approuvent-un-plan-de-parite-entre-les-divisions-pour-leur-contribution-en-dimes\/","og_site_name":"\u00c9glise Adventiste Du Septieme Jour - Inter Am\u00e9rique Division","article_published_time":"2019-10-16T02:13:32+00:00","article_modified_time":"2019-10-22T15:56:00+00:00","og_image":[{"width":1280,"height":800,"url":"https:\/\/interamerica.org\/wp-content\/uploads\/2019\/10\/adventist-church-leaders-approve-plan-for-tithe-parity-among-divisions-1280.jpg","type":"image\/jpeg"}],"author":"libna","twitter_card":"summary_large_image","twitter_misc":{"\u00c9crit par":"libna","Dur\u00e9e de lecture estim\u00e9e":"8 minutes"},"schema":{"@context":"https:\/\/schema.org","@graph":[{"@type":"Article","@id":"https:\/\/interamerica.org\/fr\/2019\/10\/les-dirigeants-de-leglise-adventiste-approuvent-un-plan-de-parite-entre-les-divisions-pour-leur-contribution-en-dimes\/#article","isPartOf":{"@id":"https:\/\/interamerica.org\/fr\/2019\/10\/les-dirigeants-de-leglise-adventiste-approuvent-un-plan-de-parite-entre-les-divisions-pour-leur-contribution-en-dimes\/"},"author":{"name":"libna","@id":"https:\/\/interamerica.org\/fr\/#\/schema\/person\/29998f2bc2d8bd0d38662909289b54f1"},"headline":"Les dirigeants de l\u2019\u00c9glise adventiste approuvent un plan de parit\u00e9 entre les divisions pour leur contribution en d\u00eemes","datePublished":"2019-10-16T02:13:32+00:00","dateModified":"2019-10-22T15:56:00+00:00","mainEntityOfPage":{"@id":"https:\/\/interamerica.org\/fr\/2019\/10\/les-dirigeants-de-leglise-adventiste-approuvent-un-plan-de-parite-entre-les-divisions-pour-leur-contribution-en-dimes\/"},"wordCount":1523,"commentCount":0,"image":{"@id":"https:\/\/interamerica.org\/fr\/2019\/10\/les-dirigeants-de-leglise-adventiste-approuvent-un-plan-de-parite-entre-les-divisions-pour-leur-contribution-en-dimes\/#primaryimage"},"thumbnailUrl":"https:\/\/interamerica.org\/wp-content\/uploads\/2019\/10\/adventist-church-leaders-approve-plan-for-tithe-parity-among-divisions-1280.jpg","articleSection":["Nouvelles de l'\u00c9glise mondiale","RSS Fran\u00e7ais"],"inLanguage":"fr-FR","potentialAction":[{"@type":"CommentAction","name":"Comment","target":["https:\/\/interamerica.org\/fr\/2019\/10\/les-dirigeants-de-leglise-adventiste-approuvent-un-plan-de-parite-entre-les-divisions-pour-leur-contribution-en-dimes\/#respond"]}]},{"@type":"WebPage","@id":"https:\/\/interamerica.org\/fr\/2019\/10\/les-dirigeants-de-leglise-adventiste-approuvent-un-plan-de-parite-entre-les-divisions-pour-leur-contribution-en-dimes\/","url":"https:\/\/interamerica.org\/fr\/2019\/10\/les-dirigeants-de-leglise-adventiste-approuvent-un-plan-de-parite-entre-les-divisions-pour-leur-contribution-en-dimes\/","name":"Les dirigeants de l\u2019\u00c9glise adventiste approuvent un plan de parit\u00e9 entre les divisions pour leur contribution en d\u00eemes - \u00c9glise Adventiste Du Septieme Jour - Inter Am\u00e9rique Division","isPartOf":{"@id":"https:\/\/interamerica.org\/fr\/#website"},"primaryImageOfPage":{"@id":"https:\/\/interamerica.org\/fr\/2019\/10\/les-dirigeants-de-leglise-adventiste-approuvent-un-plan-de-parite-entre-les-divisions-pour-leur-contribution-en-dimes\/#primaryimage"},"image":{"@id":"https:\/\/interamerica.org\/fr\/2019\/10\/les-dirigeants-de-leglise-adventiste-approuvent-un-plan-de-parite-entre-les-divisions-pour-leur-contribution-en-dimes\/#primaryimage"},"thumbnailUrl":"https:\/\/interamerica.org\/wp-content\/uploads\/2019\/10\/adventist-church-leaders-approve-plan-for-tithe-parity-among-divisions-1280.jpg","datePublished":"2019-10-16T02:13:32+00:00","dateModified":"2019-10-22T15:56:00+00:00","author":{"@id":"https:\/\/interamerica.org\/fr\/#\/schema\/person\/29998f2bc2d8bd0d38662909289b54f1"},"breadcrumb":{"@id":"https:\/\/interamerica.org\/fr\/2019\/10\/les-dirigeants-de-leglise-adventiste-approuvent-un-plan-de-parite-entre-les-divisions-pour-leur-contribution-en-dimes\/#breadcrumb"},"inLanguage":"fr-FR","potentialAction":[{"@type":"ReadAction","target":["https:\/\/interamerica.org\/fr\/2019\/10\/les-dirigeants-de-leglise-adventiste-approuvent-un-plan-de-parite-entre-les-divisions-pour-leur-contribution-en-dimes\/"]}]},{"@type":"ImageObject","inLanguage":"fr-FR","@id":"https:\/\/interamerica.org\/fr\/2019\/10\/les-dirigeants-de-leglise-adventiste-approuvent-un-plan-de-parite-entre-les-divisions-pour-leur-contribution-en-dimes\/#primaryimage","url":"https:\/\/interamerica.org\/wp-content\/uploads\/2019\/10\/adventist-church-leaders-approve-plan-for-tithe-parity-among-divisions-1280.jpg","contentUrl":"https:\/\/interamerica.org\/wp-content\/uploads\/2019\/10\/adventist-church-leaders-approve-plan-for-tithe-parity-among-divisions-1280.jpg","width":1280,"height":800,"caption":"Le tr\u00e9sorier de l\u2019\u00c9glise adventiste, Juan Prestol-Pues\u00e1n, explique qu\u2019\u00e0 la suite d\u2019une demande de la Division Nord-Am\u00e9ricaine \u00e0 la Conf\u00e9rence G\u00e9n\u00e9rale, d\u2019ici 2030, chaque division contribuera au m\u00eame pourcentage de ses revenus pour soutenir le si\u00e8ge de l\u2019\u00e9glise mondiale. Puisque la contribution de la NAD a \u00e9t\u00e9 historiquement plus \u00e9lev\u00e9e que celle des autres divisions, le vote pris lors du Concile Annuel le 14 octobre 2019 signifie qu\u2019\u00e0 partir de l\u2019ann\u00e9e prochaine, moins de fonds seront remis \u00e0 la Conf\u00e9rence G\u00e9n\u00e9rale. Photo : R\u00e9seau Adventiste d\u2019Informations"},{"@type":"BreadcrumbList","@id":"https:\/\/interamerica.org\/fr\/2019\/10\/les-dirigeants-de-leglise-adventiste-approuvent-un-plan-de-parite-entre-les-divisions-pour-leur-contribution-en-dimes\/#breadcrumb","itemListElement":[{"@type":"ListItem","position":1,"name":"Home","item":"https:\/\/interamerica.org\/fr\/"},{"@type":"ListItem","position":2,"name":"Les dirigeants de l\u2019\u00c9glise adventiste approuvent un plan de parit\u00e9 entre les divisions pour leur contribution en d\u00eemes"}]},{"@type":"WebSite","@id":"https:\/\/interamerica.org\/fr\/#website","url":"https:\/\/interamerica.org\/fr\/","name":"\u00c9glise Adventiste Du Septieme Jour - Inter Am\u00e9rique Division","description":"","potentialAction":[{"@type":"SearchAction","target":{"@type":"EntryPoint","urlTemplate":"https:\/\/interamerica.org\/fr\/?s={search_term_string}"},"query-input":{"@type":"PropertyValueSpecification","valueRequired":true,"valueName":"search_term_string"}}],"inLanguage":"fr-FR"},{"@type":"Person","@id":"https:\/\/interamerica.org\/fr\/#\/schema\/person\/29998f2bc2d8bd0d38662909289b54f1","name":"libna","image":{"@type":"ImageObject","inLanguage":"fr-FR","@id":"https:\/\/secure.gravatar.com\/avatar\/7c5bd30ae4b47a9ba3c856590957fd1d96dc588bf3ac05719d247e126840331f?s=96&d=mm&r=g","url":"https:\/\/secure.gravatar.com\/avatar\/7c5bd30ae4b47a9ba3c856590957fd1d96dc588bf3ac05719d247e126840331f?s=96&d=mm&r=g","contentUrl":"https:\/\/secure.gravatar.com\/avatar\/7c5bd30ae4b47a9ba3c856590957fd1d96dc588bf3ac05719d247e126840331f?s=96&d=mm&r=g","caption":"libna"}}]}},"_links":{"self":[{"href":"https:\/\/interamerica.org\/fr\/wp-json\/wp\/v2\/posts\/52711","targetHints":{"allow":["GET"]}}],"collection":[{"href":"https:\/\/interamerica.org\/fr\/wp-json\/wp\/v2\/posts"}],"about":[{"href":"https:\/\/interamerica.org\/fr\/wp-json\/wp\/v2\/types\/post"}],"author":[{"embeddable":true,"href":"https:\/\/interamerica.org\/fr\/wp-json\/wp\/v2\/users\/3"}],"replies":[{"embeddable":true,"href":"https:\/\/interamerica.org\/fr\/wp-json\/wp\/v2\/comments?post=52711"}],"version-history":[{"count":0,"href":"https:\/\/interamerica.org\/fr\/wp-json\/wp\/v2\/posts\/52711\/revisions"}],"wp:featuredmedia":[{"embeddable":true,"href":"https:\/\/interamerica.org\/fr\/wp-json\/wp\/v2\/media\/52682"}],"wp:attachment":[{"href":"https:\/\/interamerica.org\/fr\/wp-json\/wp\/v2\/media?parent=52711"}],"wp:term":[{"taxonomy":"category","embeddable":true,"href":"https:\/\/interamerica.org\/fr\/wp-json\/wp\/v2\/categories?post=52711"},{"taxonomy":"post_tag","embeddable":true,"href":"https:\/\/interamerica.org\/fr\/wp-json\/wp\/v2\/tags?post=52711"}],"curies":[{"name":"wp","href":"https:\/\/api.w.org\/{rel}","templated":true}]}}