{"id":52754,"date":"2019-10-16T17:01:21","date_gmt":"2019-10-16T21:01:21","guid":{"rendered":"https:\/\/recursing-golick.147-182-135-0.plesk.page\/?p=52754"},"modified":"2019-10-17T23:02:42","modified_gmt":"2019-10-18T03:02:42","slug":"des-centaines-de-personnes-ont-participe-a-la-course-bougeons-pour-vivre-au-nord-de-la-colombie","status":"publish","type":"post","link":"https:\/\/interamerica.org\/fr\/2019\/10\/des-centaines-de-personnes-ont-participe-a-la-course-bougeons-pour-vivre-au-nord-de-la-colombie\/","title":{"rendered":"Des centaines de personnes ont particip\u00e9 \u00e0 la course \u00ab Bougeons pour vivre \u00bb au nord de la Colombie."},"content":{"rendered":"<div style=\"width: 813px\" class=\"wp-caption aligncenter\"><img fetchpriority=\"high\" decoding=\"async\" class=\"\" src=\"https:\/\/recursing-golick.147-182-135-0.plesk.page\/wp-content\/uploads\/2019\/10\/santamarta-race1280-1024x640.jpg\" alt=\"\" width=\"803\" height=\"502\" \/><p class=\"wp-caption-text\">Le 6 octobre dernier, \u00e0 Santa Marta, dans le d\u00e9partement de Magdalena, en Colombie, des centaines d\u2019enfants, de jeunes et d\u2019adultes de l\u2019\u00c9glise adventiste du septi\u00e8me jour de la r\u00e9gion de la c\u00f4te atlantique colombienne ont couru avec des amis et des membres de la communaut\u00e9 dans le cadre des initiatives \u00ab Bougeons pour vivre \u00bb et \u00ab Je veux vivre en sant\u00e9 \u00bb. Une photo de la F\u00e9d\u00e9ration de la r\u00e9gion atlantique de la Colombie.<\/p><\/div>\n<p>Le 15 octobre 2019 | Santa Marta, Magdalena, Colombie | Daniela Arrieta\/D\u00e9partement des Nouvelles de la DIA<\/p>\n<p>Plus de 400 adventistes du septi\u00e8me jour et leurs amis ont r\u00e9cemment travers\u00e9 \u00e0 la course une partie de la ville c\u00f4ti\u00e8re de Santa Marta, situ\u00e9e au nord de la Colombie. C\u2019\u00e9tait lors de la course annuelle qui vise \u00e0 promouvoir un mode de vie sain sous la banni\u00e8re des initiatives <em>Let\u2019s Move to Live<\/em> (\u00ab\u00a0Bougeons pour vivre\u00a0\u00bb) et <em>I Want to Live Healthy<\/em> (\u00ab\u00a0Je veux vivre en sant\u00e9\u00a0\u00bb).<\/p>\n<p>Des groupes d\u2019adventistes et d\u2019amis venus des diff\u00e9rentes villes de cette r\u00e9gion c\u00f4ti\u00e8re se sont rassembl\u00e9s t\u00f4t le dimanche 6 octobre pour des exercices d\u2019\u00e9chauffement, la promotion de la sant\u00e9 et l\u2019invitation de spectateurs curieux \u00e0 se joindre \u00e0 eux pour cette course de six kilom\u00e8tres. Il s\u2019agissait de la troisi\u00e8me \u00e9dition de cet \u00e9v\u00e9nement organis\u00e9 par l\u2019\u00c9glise de cette r\u00e9gion c\u00f4ti\u00e8re colombienne.<\/p>\n<p>\u00ab\u00a0Notre objectif \u00e9tait de promouvoir un mode de vie sain avec une activit\u00e9 sportive et susciter un int\u00e9r\u00eat pour les sports chez les enfants, les jeunes et les adultes, a dit Joel Revollo, directeur du minist\u00e8re de la Sant\u00e9 de la F\u00e9d\u00e9ration de la c\u00f4te atlantique et organisateur principal de l\u2019\u00e9v\u00e9nement. Nous voulions offrir une journ\u00e9e familiale aux membres des diff\u00e9rentes \u00e9glises de la r\u00e9gion ainsi qu\u2019\u00e0 leurs amis.\u00a0\u00bb<\/p>\n<p>Appel\u00e9e \u00ab\u00a0Olympiques de l\u2019oc\u00e9an\u00a0\u00bb, la course \u00e9tait aussi une occasion de partager l\u2019amour de Dieu par le don de livres sur la sant\u00e9 et l\u2019espoir et la distribution de centaines de magazines sur la pr\u00e9vention du cancer du sein.<\/p>\n<div style=\"width: 810px\" class=\"wp-caption aligncenter\"><img decoding=\"async\" class=\"\" src=\"https:\/\/recursing-golick.147-182-135-0.plesk.page\/wp-content\/uploads\/2019\/10\/santamarta-warm-up-exercises-nocu-1024x609.jpg\" alt=\"\" width=\"800\" height=\"476\" \/><p class=\"wp-caption-text\">Des centaines de personnes participent aux exercices d\u2019\u00e9chauffement t\u00f4t le matin avant le d\u00e9but de la course. Une photo de la F\u00e9d\u00e9ration de la r\u00e9gion atlantique de la Colombie.<\/p><\/div>\n<p>Des prix ont \u00e9t\u00e9 remis aux gagnants chez les enfants, les jeunes, les adultes, les a\u00een\u00e9s et les cat\u00e9gories r\u00e9cr\u00e9atives.<\/p>\n<p>Kevin P\u00e1jaro, l\u2019un des gagnants chez les jeunes, faisait partie des 40 personnes qui avaient \u00e9t\u00e9 invit\u00e9es par des membres \u00e0 participer \u00e0 la course. C\u2019\u00e9tait la premi\u00e8re fois qu\u2019il participait \u00e0 une activit\u00e9 d\u2019\u00e9glise.<\/p>\n<p>\u00ab\u00a0Quelle belle id\u00e9e que de motiver tout le monde \u00e0 vivre sainement, a-t-il comment\u00e9! L\u2019organisation \u00e9tait excellente.\u00a0\u00bb<\/p>\n<p>M. Revollo a dit qu\u2019il \u00e9tait important d\u2019inclure le plus grand nombre de non-adventistes possible. \u00ab Ils sont nos amis; ce sont vers eux que J\u00e9sus nous a men\u00e9s et \u00e0 qui nous devons pr\u00e9senter l\u2019esp\u00e9rance du salut. \u00bb<\/p>\n<div style=\"width: 811px\" class=\"wp-caption aligncenter\"><img decoding=\"async\" class=\"\" src=\"https:\/\/recursing-golick.147-182-135-0.plesk.page\/wp-content\/uploads\/2019\/10\/santamarta-letsmovetolive-race-nocu.jpg\" alt=\"\" width=\"801\" height=\"534\" \/><p class=\"wp-caption-text\">Les coureurs dans la course de six kilom\u00e8tres organis\u00e9e par l\u2019\u00c9glise dans la ville de Santa Marta, dans le d\u00e9partement de Magdalena, au nord de la Colombie. Une photo de la F\u00e9d\u00e9ration de la r\u00e9gion atlantique de la Colombie.<\/p><\/div>\n<p>Il a \u00e9galement t\u00e9moign\u00e9 du fait que trois personnes aux besoins particuliers ont aussi pris part \u00e0 la course et compl\u00e9t\u00e9 les six kilom\u00e8tres en fauteuil roulant. \u00ab\u00a0Nous sommes si heureux qu\u2019ils se soient joints \u00e0 nous!\u00a0\u00bb Il n\u2019\u00e9tait pas seulement question de les encourager \u00e0 terminer la course, mais aussi de faire preuve d\u2019inclusion aupr\u00e8s de gens aux prises avec des handicaps physiques, a-t-il expliqu\u00e9.<\/p>\n<p>Les dirigeants d\u2019\u00e9glise ont remerci\u00e9 les promoteurs et les agences gouvernementales, car ils ont assur\u00e9 la s\u00e9curit\u00e9 durant la course.<\/p>\n<p>Le pasteur Mauricio Buitrago, directeur du minist\u00e8re de la Sant\u00e9 de l\u2019\u00c9glise en Colombie du Nord, a f\u00e9licit\u00e9 les dirigeants de la F\u00e9d\u00e9ration de la r\u00e9gion atlantique pour leur \u00e9v\u00e9nement annuel faisant la promotion de l\u2019initiative \u00ab\u00a0Bougeons pour vivre\u00a0\u00bb de l\u2019\u00c9glise mondiale.<\/p>\n<p>\u00ab\u00a0Les quelque 21 millions d\u2019adventistes du septi\u00e8me jour du monde entier sont favorables au concept qui consiste \u00e0 bouger pour vivre\u00a0\u00bb, a-t-il exprim\u00e9.<\/p>\n<div style=\"width: 812px\" class=\"wp-caption aligncenter\"><img loading=\"lazy\" decoding=\"async\" class=\"\" src=\"https:\/\/recursing-golick.147-182-135-0.plesk.page\/wp-content\/uploads\/2019\/10\/santamarta-fruit-race.jpg\" alt=\"\" width=\"802\" height=\"582\" \/><p class=\"wp-caption-text\">Apr\u00e8s la course, les organisateurs ont distribu\u00e9 des fruits \u00e0 tous les participants. Une photo de la F\u00e9d\u00e9ration de la r\u00e9gion atlantique de la Colombie.<\/p><\/div>\n<p>Selon M.\u00a0Revello, l\u2019\u00c9glise de la c\u00f4te atlantique continuera de promouvoir un mode de vie sain aupr\u00e8s de ses membres et amis par des activit\u00e9s visant \u00e0 am\u00e9liorer les habitudes alimentaires, l\u2019exercice physique, les \u00e9l\u00e9ments favorables \u00e0 l\u2019environnement ainsi que bien d\u2019autres aspects de la vie relatifs \u00e0 la sant\u00e9 globale.<\/p>\n<p>Traduction : Marie-Mich\u00e8le Robitaille<\/p>\n","protected":false},"excerpt":{"rendered":"<p>Le 15 octobre 2019 | Santa Marta, Magdalena, Colombie | Daniela Arrieta\/D\u00e9partement des Nouvelles de la DIA Plus de 400 adventistes du septi\u00e8me jour et leurs amis ont r\u00e9cemment travers\u00e9&#8230;<\/p>\n","protected":false},"author":3,"featured_media":52689,"comment_status":"open","ping_status":"closed","sticky":false,"template":"","format":"standard","meta":{"_acf_changed":false,"footnotes":""},"categories":[21,19],"tags":[],"class_list":["post-52754","post","type-post","status-publish","format-standard","has-post-thumbnail","hentry","category-nouvelles-du-territoire","category-rss-francais"],"acf":[],"yoast_head":"<!-- This site is optimized with the Yoast SEO plugin v27.3 - https:\/\/yoast.com\/product\/yoast-seo-wordpress\/ -->\n<title>Des centaines de personnes ont particip\u00e9 \u00e0 la course \u00ab Bougeons pour vivre \u00bb au nord de la Colombie. - \u00c9glise Adventiste Du Septieme Jour - Inter Am\u00e9rique Division<\/title>\n<meta name=\"robots\" content=\"index, follow, max-snippet:-1, max-image-preview:large, max-video-preview:-1\" \/>\n<link rel=\"canonical\" href=\"https:\/\/interamerica.org\/fr\/2019\/10\/des-centaines-de-personnes-ont-participe-a-la-course-bougeons-pour-vivre-au-nord-de-la-colombie\/\" \/>\n<meta property=\"og:locale\" content=\"fr_FR\" \/>\n<meta property=\"og:type\" content=\"article\" \/>\n<meta property=\"og:title\" content=\"Des centaines de personnes ont particip\u00e9 \u00e0 la course \u00ab Bougeons pour vivre \u00bb au nord de la Colombie. - \u00c9glise Adventiste Du Septieme Jour - Inter Am\u00e9rique Division\" \/>\n<meta property=\"og:description\" content=\"Le 15 octobre 2019 | Santa Marta, Magdalena, Colombie | Daniela Arrieta\/D\u00e9partement des Nouvelles de la DIA Plus de 400 adventistes du septi\u00e8me jour et leurs amis ont r\u00e9cemment travers\u00e9...\" \/>\n<meta property=\"og:url\" content=\"https:\/\/interamerica.org\/fr\/2019\/10\/des-centaines-de-personnes-ont-participe-a-la-course-bougeons-pour-vivre-au-nord-de-la-colombie\/\" \/>\n<meta property=\"og:site_name\" content=\"\u00c9glise Adventiste Du Septieme Jour - Inter Am\u00e9rique Division\" \/>\n<meta property=\"article:published_time\" content=\"2019-10-16T21:01:21+00:00\" \/>\n<meta property=\"article:modified_time\" content=\"2019-10-18T03:02:42+00:00\" \/>\n<meta property=\"og:image\" content=\"https:\/\/interamerica.org\/wp-content\/uploads\/2019\/10\/santamarta-race1280.jpg\" \/>\n\t<meta property=\"og:image:width\" content=\"1280\" \/>\n\t<meta property=\"og:image:height\" content=\"800\" \/>\n\t<meta property=\"og:image:type\" content=\"image\/jpeg\" \/>\n<meta name=\"author\" content=\"libna\" \/>\n<meta name=\"twitter:card\" content=\"summary_large_image\" \/>\n<meta name=\"twitter:label1\" content=\"\u00c9crit par\" \/>\n\t<meta name=\"twitter:data1\" content=\"libna\" \/>\n\t<meta name=\"twitter:label2\" content=\"Dur\u00e9e de lecture estim\u00e9e\" \/>\n\t<meta name=\"twitter:data2\" content=\"4 minutes\" \/>\n<script type=\"application\/ld+json\" class=\"yoast-schema-graph\">{\"@context\":\"https:\\\/\\\/schema.org\",\"@graph\":[{\"@type\":\"Article\",\"@id\":\"https:\\\/\\\/interamerica.org\\\/fr\\\/2019\\\/10\\\/des-centaines-de-personnes-ont-participe-a-la-course-bougeons-pour-vivre-au-nord-de-la-colombie\\\/#article\",\"isPartOf\":{\"@id\":\"https:\\\/\\\/interamerica.org\\\/fr\\\/2019\\\/10\\\/des-centaines-de-personnes-ont-participe-a-la-course-bougeons-pour-vivre-au-nord-de-la-colombie\\\/\"},\"author\":{\"name\":\"libna\",\"@id\":\"https:\\\/\\\/interamerica.org\\\/fr\\\/#\\\/schema\\\/person\\\/29998f2bc2d8bd0d38662909289b54f1\"},\"headline\":\"Des centaines de personnes ont particip\u00e9 \u00e0 la course \u00ab Bougeons pour vivre \u00bb au nord de la Colombie.\",\"datePublished\":\"2019-10-16T21:01:21+00:00\",\"dateModified\":\"2019-10-18T03:02:42+00:00\",\"mainEntityOfPage\":{\"@id\":\"https:\\\/\\\/interamerica.org\\\/fr\\\/2019\\\/10\\\/des-centaines-de-personnes-ont-participe-a-la-course-bougeons-pour-vivre-au-nord-de-la-colombie\\\/\"},\"wordCount\":872,\"commentCount\":0,\"image\":{\"@id\":\"https:\\\/\\\/interamerica.org\\\/fr\\\/2019\\\/10\\\/des-centaines-de-personnes-ont-participe-a-la-course-bougeons-pour-vivre-au-nord-de-la-colombie\\\/#primaryimage\"},\"thumbnailUrl\":\"https:\\\/\\\/interamerica.org\\\/wp-content\\\/uploads\\\/2019\\\/10\\\/santamarta-race1280.jpg\",\"articleSection\":[\"Nouvelles du territoire\",\"RSS Fran\u00e7ais\"],\"inLanguage\":\"fr-FR\",\"potentialAction\":[{\"@type\":\"CommentAction\",\"name\":\"Comment\",\"target\":[\"https:\\\/\\\/interamerica.org\\\/fr\\\/2019\\\/10\\\/des-centaines-de-personnes-ont-participe-a-la-course-bougeons-pour-vivre-au-nord-de-la-colombie\\\/#respond\"]}]},{\"@type\":\"WebPage\",\"@id\":\"https:\\\/\\\/interamerica.org\\\/fr\\\/2019\\\/10\\\/des-centaines-de-personnes-ont-participe-a-la-course-bougeons-pour-vivre-au-nord-de-la-colombie\\\/\",\"url\":\"https:\\\/\\\/interamerica.org\\\/fr\\\/2019\\\/10\\\/des-centaines-de-personnes-ont-participe-a-la-course-bougeons-pour-vivre-au-nord-de-la-colombie\\\/\",\"name\":\"Des centaines de personnes ont particip\u00e9 \u00e0 la course \u00ab Bougeons pour vivre \u00bb au nord de la Colombie. - \u00c9glise Adventiste Du Septieme Jour - Inter Am\u00e9rique Division\",\"isPartOf\":{\"@id\":\"https:\\\/\\\/interamerica.org\\\/fr\\\/#website\"},\"primaryImageOfPage\":{\"@id\":\"https:\\\/\\\/interamerica.org\\\/fr\\\/2019\\\/10\\\/des-centaines-de-personnes-ont-participe-a-la-course-bougeons-pour-vivre-au-nord-de-la-colombie\\\/#primaryimage\"},\"image\":{\"@id\":\"https:\\\/\\\/interamerica.org\\\/fr\\\/2019\\\/10\\\/des-centaines-de-personnes-ont-participe-a-la-course-bougeons-pour-vivre-au-nord-de-la-colombie\\\/#primaryimage\"},\"thumbnailUrl\":\"https:\\\/\\\/interamerica.org\\\/wp-content\\\/uploads\\\/2019\\\/10\\\/santamarta-race1280.jpg\",\"datePublished\":\"2019-10-16T21:01:21+00:00\",\"dateModified\":\"2019-10-18T03:02:42+00:00\",\"author\":{\"@id\":\"https:\\\/\\\/interamerica.org\\\/fr\\\/#\\\/schema\\\/person\\\/29998f2bc2d8bd0d38662909289b54f1\"},\"breadcrumb\":{\"@id\":\"https:\\\/\\\/interamerica.org\\\/fr\\\/2019\\\/10\\\/des-centaines-de-personnes-ont-participe-a-la-course-bougeons-pour-vivre-au-nord-de-la-colombie\\\/#breadcrumb\"},\"inLanguage\":\"fr-FR\",\"potentialAction\":[{\"@type\":\"ReadAction\",\"target\":[\"https:\\\/\\\/interamerica.org\\\/fr\\\/2019\\\/10\\\/des-centaines-de-personnes-ont-participe-a-la-course-bougeons-pour-vivre-au-nord-de-la-colombie\\\/\"]}]},{\"@type\":\"ImageObject\",\"inLanguage\":\"fr-FR\",\"@id\":\"https:\\\/\\\/interamerica.org\\\/fr\\\/2019\\\/10\\\/des-centaines-de-personnes-ont-participe-a-la-course-bougeons-pour-vivre-au-nord-de-la-colombie\\\/#primaryimage\",\"url\":\"https:\\\/\\\/interamerica.org\\\/wp-content\\\/uploads\\\/2019\\\/10\\\/santamarta-race1280.jpg\",\"contentUrl\":\"https:\\\/\\\/interamerica.org\\\/wp-content\\\/uploads\\\/2019\\\/10\\\/santamarta-race1280.jpg\",\"width\":1280,\"height\":800,\"caption\":\"Une photo de la F\u00e9d\u00e9ration de la r\u00e9gion atlantique de la Colombie.\"},{\"@type\":\"BreadcrumbList\",\"@id\":\"https:\\\/\\\/interamerica.org\\\/fr\\\/2019\\\/10\\\/des-centaines-de-personnes-ont-participe-a-la-course-bougeons-pour-vivre-au-nord-de-la-colombie\\\/#breadcrumb\",\"itemListElement\":[{\"@type\":\"ListItem\",\"position\":1,\"name\":\"Home\",\"item\":\"https:\\\/\\\/interamerica.org\\\/fr\\\/\"},{\"@type\":\"ListItem\",\"position\":2,\"name\":\"Des centaines de personnes ont particip\u00e9 \u00e0 la course \u00ab Bougeons pour vivre \u00bb au nord de la Colombie.\"}]},{\"@type\":\"WebSite\",\"@id\":\"https:\\\/\\\/interamerica.org\\\/fr\\\/#website\",\"url\":\"https:\\\/\\\/interamerica.org\\\/fr\\\/\",\"name\":\"\u00c9glise Adventiste Du Septieme Jour - Inter Am\u00e9rique Division\",\"description\":\"\",\"potentialAction\":[{\"@type\":\"SearchAction\",\"target\":{\"@type\":\"EntryPoint\",\"urlTemplate\":\"https:\\\/\\\/interamerica.org\\\/fr\\\/?s={search_term_string}\"},\"query-input\":{\"@type\":\"PropertyValueSpecification\",\"valueRequired\":true,\"valueName\":\"search_term_string\"}}],\"inLanguage\":\"fr-FR\"},{\"@type\":\"Person\",\"@id\":\"https:\\\/\\\/interamerica.org\\\/fr\\\/#\\\/schema\\\/person\\\/29998f2bc2d8bd0d38662909289b54f1\",\"name\":\"libna\",\"image\":{\"@type\":\"ImageObject\",\"inLanguage\":\"fr-FR\",\"@id\":\"https:\\\/\\\/secure.gravatar.com\\\/avatar\\\/7c5bd30ae4b47a9ba3c856590957fd1d96dc588bf3ac05719d247e126840331f?s=96&d=mm&r=g\",\"url\":\"https:\\\/\\\/secure.gravatar.com\\\/avatar\\\/7c5bd30ae4b47a9ba3c856590957fd1d96dc588bf3ac05719d247e126840331f?s=96&d=mm&r=g\",\"contentUrl\":\"https:\\\/\\\/secure.gravatar.com\\\/avatar\\\/7c5bd30ae4b47a9ba3c856590957fd1d96dc588bf3ac05719d247e126840331f?s=96&d=mm&r=g\",\"caption\":\"libna\"}}]}<\/script>\n<!-- \/ Yoast SEO plugin. -->","yoast_head_json":{"title":"Des centaines de personnes ont particip\u00e9 \u00e0 la course \u00ab Bougeons pour vivre \u00bb au nord de la Colombie. - \u00c9glise Adventiste Du Septieme Jour - Inter Am\u00e9rique Division","robots":{"index":"index","follow":"follow","max-snippet":"max-snippet:-1","max-image-preview":"max-image-preview:large","max-video-preview":"max-video-preview:-1"},"canonical":"https:\/\/interamerica.org\/fr\/2019\/10\/des-centaines-de-personnes-ont-participe-a-la-course-bougeons-pour-vivre-au-nord-de-la-colombie\/","og_locale":"fr_FR","og_type":"article","og_title":"Des centaines de personnes ont particip\u00e9 \u00e0 la course \u00ab Bougeons pour vivre \u00bb au nord de la Colombie. - \u00c9glise Adventiste Du Septieme Jour - Inter Am\u00e9rique Division","og_description":"Le 15 octobre 2019 | Santa Marta, Magdalena, Colombie | Daniela Arrieta\/D\u00e9partement des Nouvelles de la DIA Plus de 400 adventistes du septi\u00e8me jour et leurs amis ont r\u00e9cemment travers\u00e9...","og_url":"https:\/\/interamerica.org\/fr\/2019\/10\/des-centaines-de-personnes-ont-participe-a-la-course-bougeons-pour-vivre-au-nord-de-la-colombie\/","og_site_name":"\u00c9glise Adventiste Du Septieme Jour - Inter Am\u00e9rique Division","article_published_time":"2019-10-16T21:01:21+00:00","article_modified_time":"2019-10-18T03:02:42+00:00","og_image":[{"width":1280,"height":800,"url":"https:\/\/interamerica.org\/wp-content\/uploads\/2019\/10\/santamarta-race1280.jpg","type":"image\/jpeg"}],"author":"libna","twitter_card":"summary_large_image","twitter_misc":{"\u00c9crit par":"libna","Dur\u00e9e de lecture estim\u00e9e":"4 minutes"},"schema":{"@context":"https:\/\/schema.org","@graph":[{"@type":"Article","@id":"https:\/\/interamerica.org\/fr\/2019\/10\/des-centaines-de-personnes-ont-participe-a-la-course-bougeons-pour-vivre-au-nord-de-la-colombie\/#article","isPartOf":{"@id":"https:\/\/interamerica.org\/fr\/2019\/10\/des-centaines-de-personnes-ont-participe-a-la-course-bougeons-pour-vivre-au-nord-de-la-colombie\/"},"author":{"name":"libna","@id":"https:\/\/interamerica.org\/fr\/#\/schema\/person\/29998f2bc2d8bd0d38662909289b54f1"},"headline":"Des centaines de personnes ont particip\u00e9 \u00e0 la course \u00ab Bougeons pour vivre \u00bb au nord de la Colombie.","datePublished":"2019-10-16T21:01:21+00:00","dateModified":"2019-10-18T03:02:42+00:00","mainEntityOfPage":{"@id":"https:\/\/interamerica.org\/fr\/2019\/10\/des-centaines-de-personnes-ont-participe-a-la-course-bougeons-pour-vivre-au-nord-de-la-colombie\/"},"wordCount":872,"commentCount":0,"image":{"@id":"https:\/\/interamerica.org\/fr\/2019\/10\/des-centaines-de-personnes-ont-participe-a-la-course-bougeons-pour-vivre-au-nord-de-la-colombie\/#primaryimage"},"thumbnailUrl":"https:\/\/interamerica.org\/wp-content\/uploads\/2019\/10\/santamarta-race1280.jpg","articleSection":["Nouvelles du territoire","RSS Fran\u00e7ais"],"inLanguage":"fr-FR","potentialAction":[{"@type":"CommentAction","name":"Comment","target":["https:\/\/interamerica.org\/fr\/2019\/10\/des-centaines-de-personnes-ont-participe-a-la-course-bougeons-pour-vivre-au-nord-de-la-colombie\/#respond"]}]},{"@type":"WebPage","@id":"https:\/\/interamerica.org\/fr\/2019\/10\/des-centaines-de-personnes-ont-participe-a-la-course-bougeons-pour-vivre-au-nord-de-la-colombie\/","url":"https:\/\/interamerica.org\/fr\/2019\/10\/des-centaines-de-personnes-ont-participe-a-la-course-bougeons-pour-vivre-au-nord-de-la-colombie\/","name":"Des centaines de personnes ont particip\u00e9 \u00e0 la course \u00ab Bougeons pour vivre \u00bb au nord de la Colombie. - \u00c9glise Adventiste Du Septieme Jour - Inter Am\u00e9rique Division","isPartOf":{"@id":"https:\/\/interamerica.org\/fr\/#website"},"primaryImageOfPage":{"@id":"https:\/\/interamerica.org\/fr\/2019\/10\/des-centaines-de-personnes-ont-participe-a-la-course-bougeons-pour-vivre-au-nord-de-la-colombie\/#primaryimage"},"image":{"@id":"https:\/\/interamerica.org\/fr\/2019\/10\/des-centaines-de-personnes-ont-participe-a-la-course-bougeons-pour-vivre-au-nord-de-la-colombie\/#primaryimage"},"thumbnailUrl":"https:\/\/interamerica.org\/wp-content\/uploads\/2019\/10\/santamarta-race1280.jpg","datePublished":"2019-10-16T21:01:21+00:00","dateModified":"2019-10-18T03:02:42+00:00","author":{"@id":"https:\/\/interamerica.org\/fr\/#\/schema\/person\/29998f2bc2d8bd0d38662909289b54f1"},"breadcrumb":{"@id":"https:\/\/interamerica.org\/fr\/2019\/10\/des-centaines-de-personnes-ont-participe-a-la-course-bougeons-pour-vivre-au-nord-de-la-colombie\/#breadcrumb"},"inLanguage":"fr-FR","potentialAction":[{"@type":"ReadAction","target":["https:\/\/interamerica.org\/fr\/2019\/10\/des-centaines-de-personnes-ont-participe-a-la-course-bougeons-pour-vivre-au-nord-de-la-colombie\/"]}]},{"@type":"ImageObject","inLanguage":"fr-FR","@id":"https:\/\/interamerica.org\/fr\/2019\/10\/des-centaines-de-personnes-ont-participe-a-la-course-bougeons-pour-vivre-au-nord-de-la-colombie\/#primaryimage","url":"https:\/\/interamerica.org\/wp-content\/uploads\/2019\/10\/santamarta-race1280.jpg","contentUrl":"https:\/\/interamerica.org\/wp-content\/uploads\/2019\/10\/santamarta-race1280.jpg","width":1280,"height":800,"caption":"Une photo de la F\u00e9d\u00e9ration de la r\u00e9gion atlantique de la Colombie."},{"@type":"BreadcrumbList","@id":"https:\/\/interamerica.org\/fr\/2019\/10\/des-centaines-de-personnes-ont-participe-a-la-course-bougeons-pour-vivre-au-nord-de-la-colombie\/#breadcrumb","itemListElement":[{"@type":"ListItem","position":1,"name":"Home","item":"https:\/\/interamerica.org\/fr\/"},{"@type":"ListItem","position":2,"name":"Des centaines de personnes ont particip\u00e9 \u00e0 la course \u00ab Bougeons pour vivre \u00bb au nord de la Colombie."}]},{"@type":"WebSite","@id":"https:\/\/interamerica.org\/fr\/#website","url":"https:\/\/interamerica.org\/fr\/","name":"\u00c9glise Adventiste Du Septieme Jour - Inter Am\u00e9rique Division","description":"","potentialAction":[{"@type":"SearchAction","target":{"@type":"EntryPoint","urlTemplate":"https:\/\/interamerica.org\/fr\/?s={search_term_string}"},"query-input":{"@type":"PropertyValueSpecification","valueRequired":true,"valueName":"search_term_string"}}],"inLanguage":"fr-FR"},{"@type":"Person","@id":"https:\/\/interamerica.org\/fr\/#\/schema\/person\/29998f2bc2d8bd0d38662909289b54f1","name":"libna","image":{"@type":"ImageObject","inLanguage":"fr-FR","@id":"https:\/\/secure.gravatar.com\/avatar\/7c5bd30ae4b47a9ba3c856590957fd1d96dc588bf3ac05719d247e126840331f?s=96&d=mm&r=g","url":"https:\/\/secure.gravatar.com\/avatar\/7c5bd30ae4b47a9ba3c856590957fd1d96dc588bf3ac05719d247e126840331f?s=96&d=mm&r=g","contentUrl":"https:\/\/secure.gravatar.com\/avatar\/7c5bd30ae4b47a9ba3c856590957fd1d96dc588bf3ac05719d247e126840331f?s=96&d=mm&r=g","caption":"libna"}}]}},"_links":{"self":[{"href":"https:\/\/interamerica.org\/fr\/wp-json\/wp\/v2\/posts\/52754","targetHints":{"allow":["GET"]}}],"collection":[{"href":"https:\/\/interamerica.org\/fr\/wp-json\/wp\/v2\/posts"}],"about":[{"href":"https:\/\/interamerica.org\/fr\/wp-json\/wp\/v2\/types\/post"}],"author":[{"embeddable":true,"href":"https:\/\/interamerica.org\/fr\/wp-json\/wp\/v2\/users\/3"}],"replies":[{"embeddable":true,"href":"https:\/\/interamerica.org\/fr\/wp-json\/wp\/v2\/comments?post=52754"}],"version-history":[{"count":0,"href":"https:\/\/interamerica.org\/fr\/wp-json\/wp\/v2\/posts\/52754\/revisions"}],"wp:featuredmedia":[{"embeddable":true,"href":"https:\/\/interamerica.org\/fr\/wp-json\/wp\/v2\/media\/52689"}],"wp:attachment":[{"href":"https:\/\/interamerica.org\/fr\/wp-json\/wp\/v2\/media?parent=52754"}],"wp:term":[{"taxonomy":"category","embeddable":true,"href":"https:\/\/interamerica.org\/fr\/wp-json\/wp\/v2\/categories?post=52754"},{"taxonomy":"post_tag","embeddable":true,"href":"https:\/\/interamerica.org\/fr\/wp-json\/wp\/v2\/tags?post=52754"}],"curies":[{"name":"wp","href":"https:\/\/api.w.org\/{rel}","templated":true}]}}