{"id":53869,"date":"2019-12-04T08:35:35","date_gmt":"2019-12-04T12:35:35","guid":{"rendered":"https:\/\/recursing-golick.147-182-135-0.plesk.page\/?p=53869"},"modified":"2019-12-05T21:59:24","modified_gmt":"2019-12-06T01:59:24","slug":"des-centaines-de-personnes-assistent-a-louverture-du-siege-de-il-est-ecrit","status":"publish","type":"post","link":"https:\/\/interamerica.org\/fr\/2019\/12\/des-centaines-de-personnes-assistent-a-louverture-du-siege-de-il-est-ecrit\/","title":{"rendered":"Des centaines de personnes assistent \u00e0 l\u2019ouverture du si\u00e8ge de Il Est \u00c9crit"},"content":{"rendered":"<div id=\"attachment_53849\" style=\"width: 810px\" class=\"wp-caption aligncenter\"><img fetchpriority=\"high\" decoding=\"async\" aria-describedby=\"caption-attachment-53849\" class=\" wp-image-53848\" src=\"https:\/\/recursing-golick.147-182-135-0.plesk.page\/wp-content\/uploads\/2019\/12\/itiswrittenaerialshot.jpg\" alt=\"\" width=\"800\" height=\"533\" srcset=\"https:\/\/interamerica.org\/wp-content\/uploads\/2019\/12\/itiswrittenaerialshot.jpg 1000w, https:\/\/interamerica.org\/wp-content\/uploads\/2019\/12\/itiswrittenaerialshot-300x200.jpg 300w, https:\/\/interamerica.org\/wp-content\/uploads\/2019\/12\/itiswrittenaerialshot-768x511.jpg 768w\" sizes=\"(max-width: 800px) 100vw, 800px\" \/><p id=\"caption-attachment-53849\" class=\"wp-caption-text\">Photo a\u00e9rienne du nouveau si\u00e8ge de It Is Written (Il Est \u00c9crit) \u00e0 Collegedale, dans le Tennessee, aux \u00c9tats-Unis. Les dirigeants ont d\u00e9clar\u00e9 que le minist\u00e8re touchait des vies pour Christ par le biais de la t\u00e9l\u00e9vision par satellite et la t\u00e9l\u00e9vision num\u00e9rique, gr\u00e2ce aux sites web et aux applications mobiles, \u00e0 travers le minist\u00e8re \u00e9vang\u00e9lique mondial et les ressources pour le partage de la foi. Photo : Il Est \u00c9crit<\/p><\/div>\n<p><span class=\"byline-news\">4 D\u00e9cembre 2019 | Collegedale, Tennessee, \u00c9tats Unis | Il Est \u00c9crit, et <\/span><em><span class=\"byline-news\">Adventist Review<\/span><\/em><\/p>\n<p><span class=\"cap\">I<\/span>l Est \u00c9crit, un minist\u00e8re de soutien de l\u2019\u00c9glise adventiste du septi\u00e8me jour, a organis\u00e9 l\u2019ouverture de son nouveau si\u00e8ge \u00e0 Collegedale, dans le Tennessee, aux \u00c9tats-Unis, le vendredi 22 novembre 2019.<\/p>\n<p>Le programme de trois heures, qui comprenait une d\u00e9dicace, une c\u00e9r\u00e9monie d\u2019inauguration, une visite guid\u00e9e des locaux du minist\u00e8re, des cadeaux et des rafra\u00eechissements, a \u00e9t\u00e9 retransmis en direct sur la page Facebook de Il Est \u00c9crit.<\/p>\n<p>On retrouvait parmi les intervenants dans la c\u00e9r\u00e9monie, John Bradshaw, pr\u00e9sident de It Is Written (Il Est \u00c9crit), le maire de Collegedale, Katie Lam, David Smith, pr\u00e9sident de la Southern Adventist University, et Dan Jackson, pr\u00e9sident de la Division Nord-Am\u00e9ricaine.<\/p>\n<p>Apr\u00e8s la c\u00e9r\u00e9monie, les plus de 500 personnes pr\u00e9sentes ont \u00e9t\u00e9 invit\u00e9es \u00e0 visiter les nouvelles installations, et les directeurs du minist\u00e8re les ont guid\u00e9es \u00e0 travers les diff\u00e9rentes salles, r\u00e9pondant \u00e0 leurs questions et pr\u00e9sentant les points saillants de leur travail. Entre autres activit\u00e9s, les invit\u00e9s pouvaient choisir de filmer leur propre spot t\u00e9l\u00e9vis\u00e9 en studio, et ils ont re\u00e7u des informations sur les activit\u00e9s que m\u00e8ne le minist\u00e8re dans le monde entier.<\/p>\n<div id=\"attachment_53852\" style=\"width: 810px\" class=\"wp-caption aligncenter\"><img decoding=\"async\" aria-describedby=\"caption-attachment-53852\" class=\" wp-image-53851\" src=\"https:\/\/recursing-golick.147-182-135-0.plesk.page\/wp-content\/uploads\/2019\/12\/itiswritten-ribbon.jpg\" alt=\"\" width=\"800\" height=\"533\" srcset=\"https:\/\/interamerica.org\/wp-content\/uploads\/2019\/12\/itiswritten-ribbon.jpg 1000w, https:\/\/interamerica.org\/wp-content\/uploads\/2019\/12\/itiswritten-ribbon-300x200.jpg 300w, https:\/\/interamerica.org\/wp-content\/uploads\/2019\/12\/itiswritten-ribbon-768x511.jpg 768w\" sizes=\"(max-width: 800px) 100vw, 800px\" \/><p id=\"caption-attachment-53852\" class=\"wp-caption-text\">Entour\u00e9 de dirigeants d\u2019\u00e9glise r\u00e9gionaux et de responsables civils, le pr\u00e9sident et pr\u00e9sentateur de Il Est \u00c9crit, John Bradshaw (au centre) coupe le ruban du nouveau si\u00e8ge du minist\u00e8re \u00e0 Collegedale, dans le Tennessee, aux \u00c9tats-Unis, le 22 novembre 2019. Apr\u00e8s 63 ans, le minist\u00e8re t\u00e9l\u00e9visuel et d\u2019\u00e9vang\u00e9lisation mondiale dispose maintenant de son propre b\u00e2timent. Photo : Il Est \u00c9crit<\/p><\/div>\n<p><strong>Un Nouveau Domicile<\/strong><\/p>\n<p>Apr\u00e8s 63 ans, Il Est \u00c9crit a enfin son propre domicile. Le si\u00e8ge qui \u00e9tait auparavant \u00e9tabli en Californie, aux \u00c9tats-Unis, a d\u00e9m\u00e9nag\u00e9 pour s\u2019installer dans le Tennessee en 2014 et a commenc\u00e9 \u00e0 louer des bureaux et des entrep\u00f4ts distincts \u00e0 Chattanooga. Apr\u00e8s deux ans de construction, le personnel a emm\u00e9nag\u00e9 dans le b\u00e2timent de 3800 m\u00e8tres carr\u00e9s en septembre. Le nouveau si\u00e8ge emploie plus de 40 personnes et offre la possibilit\u00e9 d\u2019avoir sous un m\u00eame toit des bureaux, des studios et des entrep\u00f4ts. L\u2019espace augmente et am\u00e9liore consid\u00e9rablement l\u2019efficience des capacit\u00e9s des studios par rapport au pass\u00e9, et laisse la possibilit\u00e9 d\u2019une croissance future, ont indiqu\u00e9 les dirigeants du minist\u00e8re.<\/p>\n<p>John Bradshaw a dit qu\u2019il pense que les nouvelles installations apporteraient un soutien exceptionnel au service efficace que le minist\u00e8re souhaite offrir.<\/p>\n<p>\u00ab La plus grande efficacit\u00e9 que nous a amen\u00e9 cette d\u00e9cision constitue un avantage majeur, \u00bb a-t-il d\u00e9clar\u00e9. \u00ab Non seulement nous pouvons faire plus que jamais auparavant pour Dieu, mais nous pouvons aussi maintenant \u00eatre plus efficients que jamais. \u00bb<\/p>\n<p>Le site o\u00f9 est implant\u00e9 le b\u00e2timent \u00e9tait \u00e0 l\u2019origine destin\u00e9 \u00e0 accueillir la construction d\u2019un h\u00f4pital, mais les formalit\u00e9s administratives ont entrav\u00e9 les plans. Apr\u00e8s que la propri\u00e9t\u00e9 ait chang\u00e9 de mains \u00e0 plusieurs reprises, les dirigeants de Il Est \u00c9crit ont d\u00e9clar\u00e9 que cela les rempli d\u2019humilit\u00e9 de pouvoir offrir esp\u00e9rance et gu\u00e9rison spirituelle aux gens du monde entier depuis leur nouveau si\u00e8ge situ\u00e9 sur le site.<\/p>\n<p><strong>A propos de Il Est \u00c9crit<\/strong><\/p>\n<p>Il Est \u00c9crit est un minist\u00e8re d\u2019\u00e9vang\u00e9lisation par les m\u00e9dias, qui a \u00e9t\u00e9 prim\u00e9 et qui proclame le message de l\u2019\u00e9vangile biblique dans le monde entier depuis 63 ans. Il Est \u00c9crit, premi\u00e8re \u00e9mission t\u00e9l\u00e9vis\u00e9e religieuse \u00e0 \u00eatre diffus\u00e9e en couleur, est aussi le neuvi\u00e8me programme le plus ancien aux \u00c9tats-Unis. Il Est \u00c9crit touche des vies pour Christ par le biais de la t\u00e9l\u00e9vision par satellite et la t\u00e9l\u00e9vision num\u00e9rique, \u00e0 travers des sites Web et des applications mobiles, un minist\u00e8re \u00e9vang\u00e9lique mondial et des ressources pour le partage de la foi.<\/p>\n<p>Traduction: Patrick Luciathe<\/p>\n","protected":false},"excerpt":{"rendered":"<p>4 D\u00e9cembre 2019 | Collegedale, Tennessee, \u00c9tats Unis | Il Est \u00c9crit, et Adventist Review Il Est \u00c9crit, un minist\u00e8re de soutien de l\u2019\u00c9glise adventiste du septi\u00e8me jour, a organis\u00e9&#8230;<\/p>\n","protected":false},"author":3,"featured_media":53849,"comment_status":"open","ping_status":"closed","sticky":false,"template":"","format":"standard","meta":{"_acf_changed":false,"footnotes":""},"categories":[18,19],"tags":[],"class_list":["post-53869","post","type-post","status-publish","format-standard","has-post-thumbnail","hentry","category-nouvelles-de-leglise-mondiale","category-rss-francais"],"acf":[],"yoast_head":"<!-- This site is optimized with the Yoast SEO plugin v27.3 - https:\/\/yoast.com\/product\/yoast-seo-wordpress\/ -->\n<title>Des centaines de personnes assistent \u00e0 l\u2019ouverture du si\u00e8ge de Il Est \u00c9crit - \u00c9glise Adventiste Du Septieme Jour - Inter Am\u00e9rique Division<\/title>\n<meta name=\"robots\" content=\"index, follow, max-snippet:-1, max-image-preview:large, max-video-preview:-1\" \/>\n<link rel=\"canonical\" href=\"https:\/\/interamerica.org\/fr\/2019\/12\/des-centaines-de-personnes-assistent-a-louverture-du-siege-de-il-est-ecrit\/\" \/>\n<meta property=\"og:locale\" content=\"fr_FR\" \/>\n<meta property=\"og:type\" content=\"article\" \/>\n<meta property=\"og:title\" content=\"Des centaines de personnes assistent \u00e0 l\u2019ouverture du si\u00e8ge de Il Est \u00c9crit - \u00c9glise Adventiste Du Septieme Jour - Inter Am\u00e9rique Division\" \/>\n<meta property=\"og:description\" content=\"4 D\u00e9cembre 2019 | Collegedale, Tennessee, \u00c9tats Unis | Il Est \u00c9crit, et Adventist Review Il Est \u00c9crit, un minist\u00e8re de soutien de l\u2019\u00c9glise adventiste du septi\u00e8me jour, a organis\u00e9...\" \/>\n<meta property=\"og:url\" content=\"https:\/\/interamerica.org\/fr\/2019\/12\/des-centaines-de-personnes-assistent-a-louverture-du-siege-de-il-est-ecrit\/\" \/>\n<meta property=\"og:site_name\" content=\"\u00c9glise Adventiste Du Septieme Jour - Inter Am\u00e9rique Division\" \/>\n<meta property=\"article:published_time\" content=\"2019-12-04T12:35:35+00:00\" \/>\n<meta property=\"article:modified_time\" content=\"2019-12-06T01:59:24+00:00\" \/>\n<meta property=\"og:image\" content=\"https:\/\/interamerica.org\/wp-content\/uploads\/2019\/12\/itiswrittenaerialshot.jpg\" \/>\n\t<meta property=\"og:image:width\" content=\"1000\" \/>\n\t<meta property=\"og:image:height\" content=\"666\" \/>\n\t<meta property=\"og:image:type\" content=\"image\/jpeg\" \/>\n<meta name=\"author\" content=\"libna\" \/>\n<meta name=\"twitter:card\" content=\"summary_large_image\" \/>\n<meta name=\"twitter:label1\" content=\"\u00c9crit par\" \/>\n\t<meta name=\"twitter:data1\" content=\"libna\" \/>\n\t<meta name=\"twitter:label2\" content=\"Dur\u00e9e de lecture estim\u00e9e\" \/>\n\t<meta name=\"twitter:data2\" content=\"4 minutes\" \/>\n<script type=\"application\/ld+json\" class=\"yoast-schema-graph\">{\"@context\":\"https:\\\/\\\/schema.org\",\"@graph\":[{\"@type\":\"Article\",\"@id\":\"https:\\\/\\\/interamerica.org\\\/fr\\\/2019\\\/12\\\/des-centaines-de-personnes-assistent-a-louverture-du-siege-de-il-est-ecrit\\\/#article\",\"isPartOf\":{\"@id\":\"https:\\\/\\\/interamerica.org\\\/fr\\\/2019\\\/12\\\/des-centaines-de-personnes-assistent-a-louverture-du-siege-de-il-est-ecrit\\\/\"},\"author\":{\"name\":\"libna\",\"@id\":\"https:\\\/\\\/interamerica.org\\\/fr\\\/#\\\/schema\\\/person\\\/29998f2bc2d8bd0d38662909289b54f1\"},\"headline\":\"Des centaines de personnes assistent \u00e0 l\u2019ouverture du si\u00e8ge de Il Est \u00c9crit\",\"datePublished\":\"2019-12-04T12:35:35+00:00\",\"dateModified\":\"2019-12-06T01:59:24+00:00\",\"mainEntityOfPage\":{\"@id\":\"https:\\\/\\\/interamerica.org\\\/fr\\\/2019\\\/12\\\/des-centaines-de-personnes-assistent-a-louverture-du-siege-de-il-est-ecrit\\\/\"},\"wordCount\":789,\"commentCount\":0,\"image\":{\"@id\":\"https:\\\/\\\/interamerica.org\\\/fr\\\/2019\\\/12\\\/des-centaines-de-personnes-assistent-a-louverture-du-siege-de-il-est-ecrit\\\/#primaryimage\"},\"thumbnailUrl\":\"https:\\\/\\\/interamerica.org\\\/wp-content\\\/uploads\\\/2019\\\/12\\\/itiswrittenaerialshot.jpg\",\"articleSection\":[\"Nouvelles de l'\u00c9glise mondiale\",\"RSS Fran\u00e7ais\"],\"inLanguage\":\"fr-FR\",\"potentialAction\":[{\"@type\":\"CommentAction\",\"name\":\"Comment\",\"target\":[\"https:\\\/\\\/interamerica.org\\\/fr\\\/2019\\\/12\\\/des-centaines-de-personnes-assistent-a-louverture-du-siege-de-il-est-ecrit\\\/#respond\"]}]},{\"@type\":\"WebPage\",\"@id\":\"https:\\\/\\\/interamerica.org\\\/fr\\\/2019\\\/12\\\/des-centaines-de-personnes-assistent-a-louverture-du-siege-de-il-est-ecrit\\\/\",\"url\":\"https:\\\/\\\/interamerica.org\\\/fr\\\/2019\\\/12\\\/des-centaines-de-personnes-assistent-a-louverture-du-siege-de-il-est-ecrit\\\/\",\"name\":\"Des centaines de personnes assistent \u00e0 l\u2019ouverture du si\u00e8ge de Il Est \u00c9crit - \u00c9glise Adventiste Du Septieme Jour - Inter Am\u00e9rique Division\",\"isPartOf\":{\"@id\":\"https:\\\/\\\/interamerica.org\\\/fr\\\/#website\"},\"primaryImageOfPage\":{\"@id\":\"https:\\\/\\\/interamerica.org\\\/fr\\\/2019\\\/12\\\/des-centaines-de-personnes-assistent-a-louverture-du-siege-de-il-est-ecrit\\\/#primaryimage\"},\"image\":{\"@id\":\"https:\\\/\\\/interamerica.org\\\/fr\\\/2019\\\/12\\\/des-centaines-de-personnes-assistent-a-louverture-du-siege-de-il-est-ecrit\\\/#primaryimage\"},\"thumbnailUrl\":\"https:\\\/\\\/interamerica.org\\\/wp-content\\\/uploads\\\/2019\\\/12\\\/itiswrittenaerialshot.jpg\",\"datePublished\":\"2019-12-04T12:35:35+00:00\",\"dateModified\":\"2019-12-06T01:59:24+00:00\",\"author\":{\"@id\":\"https:\\\/\\\/interamerica.org\\\/fr\\\/#\\\/schema\\\/person\\\/29998f2bc2d8bd0d38662909289b54f1\"},\"breadcrumb\":{\"@id\":\"https:\\\/\\\/interamerica.org\\\/fr\\\/2019\\\/12\\\/des-centaines-de-personnes-assistent-a-louverture-du-siege-de-il-est-ecrit\\\/#breadcrumb\"},\"inLanguage\":\"fr-FR\",\"potentialAction\":[{\"@type\":\"ReadAction\",\"target\":[\"https:\\\/\\\/interamerica.org\\\/fr\\\/2019\\\/12\\\/des-centaines-de-personnes-assistent-a-louverture-du-siege-de-il-est-ecrit\\\/\"]}]},{\"@type\":\"ImageObject\",\"inLanguage\":\"fr-FR\",\"@id\":\"https:\\\/\\\/interamerica.org\\\/fr\\\/2019\\\/12\\\/des-centaines-de-personnes-assistent-a-louverture-du-siege-de-il-est-ecrit\\\/#primaryimage\",\"url\":\"https:\\\/\\\/interamerica.org\\\/wp-content\\\/uploads\\\/2019\\\/12\\\/itiswrittenaerialshot.jpg\",\"contentUrl\":\"https:\\\/\\\/interamerica.org\\\/wp-content\\\/uploads\\\/2019\\\/12\\\/itiswrittenaerialshot.jpg\",\"width\":1000,\"height\":666,\"caption\":\"Photo a\u00e9rienne du nouveau si\u00e8ge de It Is Written (Il Est \u00c9crit) \u00e0 Collegedale, dans le Tennessee, aux \u00c9tats-Unis. Les dirigeants ont d\u00e9clar\u00e9 que le minist\u00e8re touchait des vies pour Christ par le biais de la t\u00e9l\u00e9vision par satellite et la t\u00e9l\u00e9vision num\u00e9rique, gr\u00e2ce aux sites web et aux applications mobiles, \u00e0 travers le minist\u00e8re \u00e9vang\u00e9lique mondial et les ressources pour le partage de la foi. Photo : Il Est \u00c9crit\"},{\"@type\":\"BreadcrumbList\",\"@id\":\"https:\\\/\\\/interamerica.org\\\/fr\\\/2019\\\/12\\\/des-centaines-de-personnes-assistent-a-louverture-du-siege-de-il-est-ecrit\\\/#breadcrumb\",\"itemListElement\":[{\"@type\":\"ListItem\",\"position\":1,\"name\":\"Home\",\"item\":\"https:\\\/\\\/interamerica.org\\\/fr\\\/\"},{\"@type\":\"ListItem\",\"position\":2,\"name\":\"Des centaines de personnes assistent \u00e0 l\u2019ouverture du si\u00e8ge de Il Est \u00c9crit\"}]},{\"@type\":\"WebSite\",\"@id\":\"https:\\\/\\\/interamerica.org\\\/fr\\\/#website\",\"url\":\"https:\\\/\\\/interamerica.org\\\/fr\\\/\",\"name\":\"\u00c9glise Adventiste Du Septieme Jour - Inter Am\u00e9rique Division\",\"description\":\"\",\"potentialAction\":[{\"@type\":\"SearchAction\",\"target\":{\"@type\":\"EntryPoint\",\"urlTemplate\":\"https:\\\/\\\/interamerica.org\\\/fr\\\/?s={search_term_string}\"},\"query-input\":{\"@type\":\"PropertyValueSpecification\",\"valueRequired\":true,\"valueName\":\"search_term_string\"}}],\"inLanguage\":\"fr-FR\"},{\"@type\":\"Person\",\"@id\":\"https:\\\/\\\/interamerica.org\\\/fr\\\/#\\\/schema\\\/person\\\/29998f2bc2d8bd0d38662909289b54f1\",\"name\":\"libna\",\"image\":{\"@type\":\"ImageObject\",\"inLanguage\":\"fr-FR\",\"@id\":\"https:\\\/\\\/secure.gravatar.com\\\/avatar\\\/7c5bd30ae4b47a9ba3c856590957fd1d96dc588bf3ac05719d247e126840331f?s=96&d=mm&r=g\",\"url\":\"https:\\\/\\\/secure.gravatar.com\\\/avatar\\\/7c5bd30ae4b47a9ba3c856590957fd1d96dc588bf3ac05719d247e126840331f?s=96&d=mm&r=g\",\"contentUrl\":\"https:\\\/\\\/secure.gravatar.com\\\/avatar\\\/7c5bd30ae4b47a9ba3c856590957fd1d96dc588bf3ac05719d247e126840331f?s=96&d=mm&r=g\",\"caption\":\"libna\"}}]}<\/script>\n<!-- \/ Yoast SEO plugin. -->","yoast_head_json":{"title":"Des centaines de personnes assistent \u00e0 l\u2019ouverture du si\u00e8ge de Il Est \u00c9crit - \u00c9glise Adventiste Du Septieme Jour - Inter Am\u00e9rique Division","robots":{"index":"index","follow":"follow","max-snippet":"max-snippet:-1","max-image-preview":"max-image-preview:large","max-video-preview":"max-video-preview:-1"},"canonical":"https:\/\/interamerica.org\/fr\/2019\/12\/des-centaines-de-personnes-assistent-a-louverture-du-siege-de-il-est-ecrit\/","og_locale":"fr_FR","og_type":"article","og_title":"Des centaines de personnes assistent \u00e0 l\u2019ouverture du si\u00e8ge de Il Est \u00c9crit - \u00c9glise Adventiste Du Septieme Jour - Inter Am\u00e9rique Division","og_description":"4 D\u00e9cembre 2019 | Collegedale, Tennessee, \u00c9tats Unis | Il Est \u00c9crit, et Adventist Review Il Est \u00c9crit, un minist\u00e8re de soutien de l\u2019\u00c9glise adventiste du septi\u00e8me jour, a organis\u00e9...","og_url":"https:\/\/interamerica.org\/fr\/2019\/12\/des-centaines-de-personnes-assistent-a-louverture-du-siege-de-il-est-ecrit\/","og_site_name":"\u00c9glise Adventiste Du Septieme Jour - Inter Am\u00e9rique Division","article_published_time":"2019-12-04T12:35:35+00:00","article_modified_time":"2019-12-06T01:59:24+00:00","og_image":[{"width":1000,"height":666,"url":"https:\/\/interamerica.org\/wp-content\/uploads\/2019\/12\/itiswrittenaerialshot.jpg","type":"image\/jpeg"}],"author":"libna","twitter_card":"summary_large_image","twitter_misc":{"\u00c9crit par":"libna","Dur\u00e9e de lecture estim\u00e9e":"4 minutes"},"schema":{"@context":"https:\/\/schema.org","@graph":[{"@type":"Article","@id":"https:\/\/interamerica.org\/fr\/2019\/12\/des-centaines-de-personnes-assistent-a-louverture-du-siege-de-il-est-ecrit\/#article","isPartOf":{"@id":"https:\/\/interamerica.org\/fr\/2019\/12\/des-centaines-de-personnes-assistent-a-louverture-du-siege-de-il-est-ecrit\/"},"author":{"name":"libna","@id":"https:\/\/interamerica.org\/fr\/#\/schema\/person\/29998f2bc2d8bd0d38662909289b54f1"},"headline":"Des centaines de personnes assistent \u00e0 l\u2019ouverture du si\u00e8ge de Il Est \u00c9crit","datePublished":"2019-12-04T12:35:35+00:00","dateModified":"2019-12-06T01:59:24+00:00","mainEntityOfPage":{"@id":"https:\/\/interamerica.org\/fr\/2019\/12\/des-centaines-de-personnes-assistent-a-louverture-du-siege-de-il-est-ecrit\/"},"wordCount":789,"commentCount":0,"image":{"@id":"https:\/\/interamerica.org\/fr\/2019\/12\/des-centaines-de-personnes-assistent-a-louverture-du-siege-de-il-est-ecrit\/#primaryimage"},"thumbnailUrl":"https:\/\/interamerica.org\/wp-content\/uploads\/2019\/12\/itiswrittenaerialshot.jpg","articleSection":["Nouvelles de l'\u00c9glise mondiale","RSS Fran\u00e7ais"],"inLanguage":"fr-FR","potentialAction":[{"@type":"CommentAction","name":"Comment","target":["https:\/\/interamerica.org\/fr\/2019\/12\/des-centaines-de-personnes-assistent-a-louverture-du-siege-de-il-est-ecrit\/#respond"]}]},{"@type":"WebPage","@id":"https:\/\/interamerica.org\/fr\/2019\/12\/des-centaines-de-personnes-assistent-a-louverture-du-siege-de-il-est-ecrit\/","url":"https:\/\/interamerica.org\/fr\/2019\/12\/des-centaines-de-personnes-assistent-a-louverture-du-siege-de-il-est-ecrit\/","name":"Des centaines de personnes assistent \u00e0 l\u2019ouverture du si\u00e8ge de Il Est \u00c9crit - \u00c9glise Adventiste Du Septieme Jour - Inter Am\u00e9rique Division","isPartOf":{"@id":"https:\/\/interamerica.org\/fr\/#website"},"primaryImageOfPage":{"@id":"https:\/\/interamerica.org\/fr\/2019\/12\/des-centaines-de-personnes-assistent-a-louverture-du-siege-de-il-est-ecrit\/#primaryimage"},"image":{"@id":"https:\/\/interamerica.org\/fr\/2019\/12\/des-centaines-de-personnes-assistent-a-louverture-du-siege-de-il-est-ecrit\/#primaryimage"},"thumbnailUrl":"https:\/\/interamerica.org\/wp-content\/uploads\/2019\/12\/itiswrittenaerialshot.jpg","datePublished":"2019-12-04T12:35:35+00:00","dateModified":"2019-12-06T01:59:24+00:00","author":{"@id":"https:\/\/interamerica.org\/fr\/#\/schema\/person\/29998f2bc2d8bd0d38662909289b54f1"},"breadcrumb":{"@id":"https:\/\/interamerica.org\/fr\/2019\/12\/des-centaines-de-personnes-assistent-a-louverture-du-siege-de-il-est-ecrit\/#breadcrumb"},"inLanguage":"fr-FR","potentialAction":[{"@type":"ReadAction","target":["https:\/\/interamerica.org\/fr\/2019\/12\/des-centaines-de-personnes-assistent-a-louverture-du-siege-de-il-est-ecrit\/"]}]},{"@type":"ImageObject","inLanguage":"fr-FR","@id":"https:\/\/interamerica.org\/fr\/2019\/12\/des-centaines-de-personnes-assistent-a-louverture-du-siege-de-il-est-ecrit\/#primaryimage","url":"https:\/\/interamerica.org\/wp-content\/uploads\/2019\/12\/itiswrittenaerialshot.jpg","contentUrl":"https:\/\/interamerica.org\/wp-content\/uploads\/2019\/12\/itiswrittenaerialshot.jpg","width":1000,"height":666,"caption":"Photo a\u00e9rienne du nouveau si\u00e8ge de It Is Written (Il Est \u00c9crit) \u00e0 Collegedale, dans le Tennessee, aux \u00c9tats-Unis. Les dirigeants ont d\u00e9clar\u00e9 que le minist\u00e8re touchait des vies pour Christ par le biais de la t\u00e9l\u00e9vision par satellite et la t\u00e9l\u00e9vision num\u00e9rique, gr\u00e2ce aux sites web et aux applications mobiles, \u00e0 travers le minist\u00e8re \u00e9vang\u00e9lique mondial et les ressources pour le partage de la foi. Photo : Il Est \u00c9crit"},{"@type":"BreadcrumbList","@id":"https:\/\/interamerica.org\/fr\/2019\/12\/des-centaines-de-personnes-assistent-a-louverture-du-siege-de-il-est-ecrit\/#breadcrumb","itemListElement":[{"@type":"ListItem","position":1,"name":"Home","item":"https:\/\/interamerica.org\/fr\/"},{"@type":"ListItem","position":2,"name":"Des centaines de personnes assistent \u00e0 l\u2019ouverture du si\u00e8ge de Il Est \u00c9crit"}]},{"@type":"WebSite","@id":"https:\/\/interamerica.org\/fr\/#website","url":"https:\/\/interamerica.org\/fr\/","name":"\u00c9glise Adventiste Du Septieme Jour - Inter Am\u00e9rique Division","description":"","potentialAction":[{"@type":"SearchAction","target":{"@type":"EntryPoint","urlTemplate":"https:\/\/interamerica.org\/fr\/?s={search_term_string}"},"query-input":{"@type":"PropertyValueSpecification","valueRequired":true,"valueName":"search_term_string"}}],"inLanguage":"fr-FR"},{"@type":"Person","@id":"https:\/\/interamerica.org\/fr\/#\/schema\/person\/29998f2bc2d8bd0d38662909289b54f1","name":"libna","image":{"@type":"ImageObject","inLanguage":"fr-FR","@id":"https:\/\/secure.gravatar.com\/avatar\/7c5bd30ae4b47a9ba3c856590957fd1d96dc588bf3ac05719d247e126840331f?s=96&d=mm&r=g","url":"https:\/\/secure.gravatar.com\/avatar\/7c5bd30ae4b47a9ba3c856590957fd1d96dc588bf3ac05719d247e126840331f?s=96&d=mm&r=g","contentUrl":"https:\/\/secure.gravatar.com\/avatar\/7c5bd30ae4b47a9ba3c856590957fd1d96dc588bf3ac05719d247e126840331f?s=96&d=mm&r=g","caption":"libna"}}]}},"_links":{"self":[{"href":"https:\/\/interamerica.org\/fr\/wp-json\/wp\/v2\/posts\/53869","targetHints":{"allow":["GET"]}}],"collection":[{"href":"https:\/\/interamerica.org\/fr\/wp-json\/wp\/v2\/posts"}],"about":[{"href":"https:\/\/interamerica.org\/fr\/wp-json\/wp\/v2\/types\/post"}],"author":[{"embeddable":true,"href":"https:\/\/interamerica.org\/fr\/wp-json\/wp\/v2\/users\/3"}],"replies":[{"embeddable":true,"href":"https:\/\/interamerica.org\/fr\/wp-json\/wp\/v2\/comments?post=53869"}],"version-history":[{"count":0,"href":"https:\/\/interamerica.org\/fr\/wp-json\/wp\/v2\/posts\/53869\/revisions"}],"wp:featuredmedia":[{"embeddable":true,"href":"https:\/\/interamerica.org\/fr\/wp-json\/wp\/v2\/media\/53849"}],"wp:attachment":[{"href":"https:\/\/interamerica.org\/fr\/wp-json\/wp\/v2\/media?parent=53869"}],"wp:term":[{"taxonomy":"category","embeddable":true,"href":"https:\/\/interamerica.org\/fr\/wp-json\/wp\/v2\/categories?post=53869"},{"taxonomy":"post_tag","embeddable":true,"href":"https:\/\/interamerica.org\/fr\/wp-json\/wp\/v2\/tags?post=53869"}],"curies":[{"name":"wp","href":"https:\/\/api.w.org\/{rel}","templated":true}]}}