{"id":54086,"date":"2019-12-13T11:56:17","date_gmt":"2019-12-13T15:56:17","guid":{"rendered":"https:\/\/recursing-golick.147-182-135-0.plesk.page\/?p=54086"},"modified":"2020-01-06T11:36:55","modified_gmt":"2020-01-06T15:36:55","slug":"une-etude-revele-des-taux-plus-faibles-de-cancer-et-de-mortalite-precoce-chez-les-adventistes","status":"publish","type":"post","link":"https:\/\/interamerica.org\/fr\/2019\/12\/une-etude-revele-des-taux-plus-faibles-de-cancer-et-de-mortalite-precoce-chez-les-adventistes\/","title":{"rendered":"Une \u00e9tude r\u00e9v\u00e8le des taux de cancer et de mortalit\u00e9 pr\u00e9coce plus faibles chez les adventistes"},"content":{"rendered":"<p><span class=\"byline-news\">13 D\u00e9cembre 2019 | Loma Linda, Californie, \u00c9tats-Unis | Informations P\u00f4le Sant\u00e9 de l\u2019Universit\u00e9 de Loma Linda <\/span><\/p>\n<p><span class=\"cap\">U<\/span>ne r\u00e9cente \u00e9tude men\u00e9e par le P\u00f4le Sant\u00e9 de l\u2019Universit\u00e9 de Loma Linda<br \/>\na r\u00e9v\u00e9l\u00e9 des taux de mort pr\u00e9coce et de cancer plus faibles chez les adventistes du septi\u00e8me jour, des membres d\u2019une d\u00e9nomination Protestante connue depuis longtemps pour la promotion qu\u2019elle fait de la sant\u00e9, par rapport aux individus de la population g\u00e9n\u00e9rale des \u00c9tats-Unis.<\/p>\n<p>Publi\u00e9e en ligne dans <em>CANCER<\/em>, une revue de l\u2019American Cancer Society \u00e9valu\u00e9e par les pairs, l\u2019\u00e9tude a \u00e9galement trouv\u00e9 des r\u00e9sultats similaires en limitant l\u2019analyse aux adventistes noirs et \u00e0 la population g\u00e9n\u00e9rale noire aux \u00c9tats-Unis.<\/p>\n<p>Les comportements en mati\u00e8re de sant\u00e9 promus par l\u2019\u00c9glise adventiste du septi\u00e8me jour incluent le fait de ne pas fumer, l\u2019adoption d\u2019un r\u00e9gime v\u00e9g\u00e9tarien, la pratique r\u00e9guli\u00e8re de l\u2019exercice physique et le maintien d\u2019un poids normal. Des recherches ant\u00e9rieures sugg\u00e8rent que les adventistes du septi\u00e8me jour ont des risques plus faibles de contracter de nombreux cancers, des maladies cardiaques et le diab\u00e8te, et en Californie, qu\u2019ils vivent plus longtemps que les individus dans la population g\u00e9n\u00e9rale. Cependant, les r\u00e9sultats varient selon le type de cancer, et peu de donn\u00e9es sont publi\u00e9es sur les individus noirs.<\/p>\n<p>Afin d\u2019apporter un \u00e9clairage suppl\u00e9mentaire, le chercheur Gary Fraser et ses coll\u00e8gues ont compar\u00e9 les taux de mortalit\u00e9 et l\u2019incidence du cancer entre la population adventiste nationale et un \u00e9chantillon repr\u00e9sentatif de la population am\u00e9ricaine. De mani\u00e8re sp\u00e9cifique, les chercheurs ont analys\u00e9 les donn\u00e9es de l\u2019Adventist Health Study-2 \u00e0 l\u2019\u00e9chelle nationale et un recensement de la population des \u00c9tats-Unis, et ont proc\u00e9d\u00e9 \u00e0 des ajustements tenant compte des diff\u00e9rences en termes d\u2019\u00e9ducation, de lieu de r\u00e9sidence et d\u2019habitude pass\u00e9es en mati\u00e8re de tabagisme, afin que ces facteurs n\u2019expliquent aucun des r\u00e9sultats.<\/p>\n<p>L\u2019\u00e9quipe a trouv\u00e9 des taux de d\u00e9c\u00e8s beaucoup plus bas quelles qu\u2019en soient les causes, ainsi qu\u2019une incidence plus faible de tous les types de cancer combin\u00e9s dans la population adventiste (33 pour cent et 30 pour cent inf\u00e9rieurs respectivement), et des taux d\u2019incidence vraiment plus faibles sp\u00e9cifiquement pour les cancers du sein, les cancers colorectaux, rectaux et les cancers du poumon (respectivement 30 pourcents, 16 pourcents, 50 pourcents et 30 pourcents plus bas). Les taux de mortalit\u00e9 et l\u2019incidence de tous les cancers combin\u00e9s \u00e9taient \u00e9galement beaucoup plus faibles chez les adventistes noirs par rapport aux noirs dans la population du recensement am\u00e9ricain (respectivement 36 pourcents et 22 pourcents plus bas).<\/p>\n<p>\u00ab Il s\u2019agit de la premi\u00e8re confirmation de rapports ant\u00e9rieurs, avec d\u00e9sormais l\u2019utilisation des populations nationales, \u00bb a d\u00e9clar\u00e9 Gary Fraser. \u00ab De plus, nous avons pu contr\u00f4ler les diff\u00e9rences en mati\u00e8re de consommation de tabac en excluant tous les non-adventistes qui fument actuellement, et en faisant des ajustements pour un tabagisme pass\u00e9 et le temps \u00e9coul\u00e9 depuis l\u2019arr\u00eat du tabac chez les anciens fumeurs, \u00bb a-t-il ajout\u00e9. \u00ab D\u2019autre part, c\u2019est le premier rapport qui inclut une comparaison entre les Noirs seuls. \u00bb<\/p>\n<p>Gary Fraser a fait remarquer que les r\u00e9sultats n\u2019identifient pas clairement les causes des avantages qu\u2019ont les adventistes au niveau de leur sant\u00e9, mais d\u2019autres \u00e9tudes ont fourni des preuves que les habitudes alimentaires v\u00e9g\u00e9tariennes choisies par de nombreux adventistes sont un facteur important.<\/p>\n<p>Selon Gary Fraser, les v\u00e9g\u00e9tariens adventistes souffrent moins de surpoids, de diab\u00e8te, d\u2019hypertension, de niveau \u00e9lev\u00e9 de cholest\u00e9rol dans le sang, de maladies coronariennes et de plusieurs cancers par rapport aux non-v\u00e9g\u00e9tariens adventistes, qui eux-m\u00eames ont des taux plus faibles que les consommateurs habituels d\u2019aliments d\u2019origine animale.<\/p>\n<p>\u00ab Les r\u00e9sultats de ce rapport comparant tous les adventistes &#8211; v\u00e9g\u00e9tariens et non-v\u00e9g\u00e9tariens &#8211; aux Am\u00e9ricains moyens sont en grande partie conformes aux pr\u00e9visions, \u00bb a dit Gary Fraser, \u00ab et ils sugg\u00e8rent fortement que ces bienfaits sur la sant\u00e9 sont \u00e0 la disposition de tous les Am\u00e9ricains qui choisissent des r\u00e9gimes alimentaires similaires, en plus d\u2019autres choix sages et bien connus en termes de style de vie, tels que l\u2019activit\u00e9 physique r\u00e9guli\u00e8re, le fait de s\u2019abstenir de fumer, et le fait de faire attention \u00e0 son poids. \u00bb<\/p>\n<p><em>La <\/em><a href=\"https:\/\/news.llu.edu\/research\/study-reveals-lower-rates-of-cancer-and-early-death-adventists\" target=\"_blank\" rel=\"noopener noreferrer\"><em>version originale<\/em><\/a><em> de ce r\u00e9cit a \u00e9t\u00e9 publi\u00e9e sur le <\/em><a href=\"https:\/\/news.llu.edu\/\" target=\"_blank\" rel=\"noopener noreferrer\"><em>site d&rsquo;informations<\/em><\/a><em>du P\u00f4le Sant\u00e9 de l\u2019Universit\u00e9 de Loma Linda .<\/em><\/p>\n<p>Traduction: Patrick Luciathe<\/p>\n","protected":false},"excerpt":{"rendered":"<p>13 D\u00e9cembre 2019 | Loma Linda, Californie, \u00c9tats-Unis | Informations P\u00f4le Sant\u00e9 de l\u2019Universit\u00e9 de Loma Linda Une r\u00e9cente \u00e9tude men\u00e9e par le P\u00f4le Sant\u00e9 de l\u2019Universit\u00e9 de Loma Linda&#8230;<\/p>\n","protected":false},"author":3,"featured_media":54053,"comment_status":"open","ping_status":"closed","sticky":false,"template":"","format":"standard","meta":{"_acf_changed":false,"footnotes":""},"categories":[18,19],"tags":[],"class_list":["post-54086","post","type-post","status-publish","format-standard","has-post-thumbnail","hentry","category-nouvelles-de-leglise-mondiale","category-rss-francais"],"acf":[],"yoast_head":"<!-- This site is optimized with the Yoast SEO plugin v27.3 - https:\/\/yoast.com\/product\/yoast-seo-wordpress\/ -->\n<title>Une \u00e9tude r\u00e9v\u00e8le des taux de cancer et de mortalit\u00e9 pr\u00e9coce plus faibles chez les adventistes - \u00c9glise Adventiste Du Septieme Jour - Inter Am\u00e9rique Division<\/title>\n<meta name=\"robots\" content=\"index, follow, max-snippet:-1, max-image-preview:large, max-video-preview:-1\" \/>\n<link rel=\"canonical\" href=\"https:\/\/interamerica.org\/fr\/2019\/12\/une-etude-revele-des-taux-plus-faibles-de-cancer-et-de-mortalite-precoce-chez-les-adventistes\/\" \/>\n<meta property=\"og:locale\" content=\"fr_FR\" \/>\n<meta property=\"og:type\" content=\"article\" \/>\n<meta property=\"og:title\" content=\"Une \u00e9tude r\u00e9v\u00e8le des taux de cancer et de mortalit\u00e9 pr\u00e9coce plus faibles chez les adventistes - \u00c9glise Adventiste Du Septieme Jour - Inter Am\u00e9rique Division\" \/>\n<meta property=\"og:description\" content=\"13 D\u00e9cembre 2019 | Loma Linda, Californie, \u00c9tats-Unis | Informations P\u00f4le Sant\u00e9 de l\u2019Universit\u00e9 de Loma Linda Une r\u00e9cente \u00e9tude men\u00e9e par le P\u00f4le Sant\u00e9 de l\u2019Universit\u00e9 de Loma Linda...\" \/>\n<meta property=\"og:url\" content=\"https:\/\/interamerica.org\/fr\/2019\/12\/une-etude-revele-des-taux-plus-faibles-de-cancer-et-de-mortalite-precoce-chez-les-adventistes\/\" \/>\n<meta property=\"og:site_name\" content=\"\u00c9glise Adventiste Du Septieme Jour - Inter Am\u00e9rique Division\" \/>\n<meta property=\"article:published_time\" content=\"2019-12-13T15:56:17+00:00\" \/>\n<meta property=\"article:modified_time\" content=\"2020-01-06T15:36:55+00:00\" \/>\n<meta property=\"og:image\" content=\"https:\/\/interamerica.org\/wp-content\/uploads\/2019\/12\/jogging-1280.jpg\" \/>\n\t<meta property=\"og:image:width\" content=\"1280\" \/>\n\t<meta property=\"og:image:height\" content=\"800\" \/>\n\t<meta property=\"og:image:type\" content=\"image\/jpeg\" \/>\n<meta name=\"author\" content=\"libna\" \/>\n<meta name=\"twitter:card\" content=\"summary_large_image\" \/>\n<meta name=\"twitter:label1\" content=\"\u00c9crit par\" \/>\n\t<meta name=\"twitter:data1\" content=\"libna\" \/>\n\t<meta name=\"twitter:label2\" content=\"Dur\u00e9e de lecture estim\u00e9e\" \/>\n\t<meta name=\"twitter:data2\" content=\"4 minutes\" \/>\n<script type=\"application\/ld+json\" class=\"yoast-schema-graph\">{\"@context\":\"https:\\\/\\\/schema.org\",\"@graph\":[{\"@type\":\"Article\",\"@id\":\"https:\\\/\\\/interamerica.org\\\/fr\\\/2019\\\/12\\\/une-etude-revele-des-taux-plus-faibles-de-cancer-et-de-mortalite-precoce-chez-les-adventistes\\\/#article\",\"isPartOf\":{\"@id\":\"https:\\\/\\\/interamerica.org\\\/fr\\\/2019\\\/12\\\/une-etude-revele-des-taux-plus-faibles-de-cancer-et-de-mortalite-precoce-chez-les-adventistes\\\/\"},\"author\":{\"name\":\"libna\",\"@id\":\"https:\\\/\\\/interamerica.org\\\/fr\\\/#\\\/schema\\\/person\\\/29998f2bc2d8bd0d38662909289b54f1\"},\"headline\":\"Une \u00e9tude r\u00e9v\u00e8le des taux de cancer et de mortalit\u00e9 pr\u00e9coce plus faibles chez les adventistes\",\"datePublished\":\"2019-12-13T15:56:17+00:00\",\"dateModified\":\"2020-01-06T15:36:55+00:00\",\"mainEntityOfPage\":{\"@id\":\"https:\\\/\\\/interamerica.org\\\/fr\\\/2019\\\/12\\\/une-etude-revele-des-taux-plus-faibles-de-cancer-et-de-mortalite-precoce-chez-les-adventistes\\\/\"},\"wordCount\":816,\"commentCount\":0,\"image\":{\"@id\":\"https:\\\/\\\/interamerica.org\\\/fr\\\/2019\\\/12\\\/une-etude-revele-des-taux-plus-faibles-de-cancer-et-de-mortalite-precoce-chez-les-adventistes\\\/#primaryimage\"},\"thumbnailUrl\":\"https:\\\/\\\/interamerica.org\\\/wp-content\\\/uploads\\\/2019\\\/12\\\/jogging-1280.jpg\",\"articleSection\":[\"Nouvelles de l'\u00c9glise mondiale\",\"RSS Fran\u00e7ais\"],\"inLanguage\":\"fr-FR\",\"potentialAction\":[{\"@type\":\"CommentAction\",\"name\":\"Comment\",\"target\":[\"https:\\\/\\\/interamerica.org\\\/fr\\\/2019\\\/12\\\/une-etude-revele-des-taux-plus-faibles-de-cancer-et-de-mortalite-precoce-chez-les-adventistes\\\/#respond\"]}]},{\"@type\":\"WebPage\",\"@id\":\"https:\\\/\\\/interamerica.org\\\/fr\\\/2019\\\/12\\\/une-etude-revele-des-taux-plus-faibles-de-cancer-et-de-mortalite-precoce-chez-les-adventistes\\\/\",\"url\":\"https:\\\/\\\/interamerica.org\\\/fr\\\/2019\\\/12\\\/une-etude-revele-des-taux-plus-faibles-de-cancer-et-de-mortalite-precoce-chez-les-adventistes\\\/\",\"name\":\"Une \u00e9tude r\u00e9v\u00e8le des taux de cancer et de mortalit\u00e9 pr\u00e9coce plus faibles chez les adventistes - \u00c9glise Adventiste Du Septieme Jour - Inter Am\u00e9rique Division\",\"isPartOf\":{\"@id\":\"https:\\\/\\\/interamerica.org\\\/fr\\\/#website\"},\"primaryImageOfPage\":{\"@id\":\"https:\\\/\\\/interamerica.org\\\/fr\\\/2019\\\/12\\\/une-etude-revele-des-taux-plus-faibles-de-cancer-et-de-mortalite-precoce-chez-les-adventistes\\\/#primaryimage\"},\"image\":{\"@id\":\"https:\\\/\\\/interamerica.org\\\/fr\\\/2019\\\/12\\\/une-etude-revele-des-taux-plus-faibles-de-cancer-et-de-mortalite-precoce-chez-les-adventistes\\\/#primaryimage\"},\"thumbnailUrl\":\"https:\\\/\\\/interamerica.org\\\/wp-content\\\/uploads\\\/2019\\\/12\\\/jogging-1280.jpg\",\"datePublished\":\"2019-12-13T15:56:17+00:00\",\"dateModified\":\"2020-01-06T15:36:55+00:00\",\"author\":{\"@id\":\"https:\\\/\\\/interamerica.org\\\/fr\\\/#\\\/schema\\\/person\\\/29998f2bc2d8bd0d38662909289b54f1\"},\"breadcrumb\":{\"@id\":\"https:\\\/\\\/interamerica.org\\\/fr\\\/2019\\\/12\\\/une-etude-revele-des-taux-plus-faibles-de-cancer-et-de-mortalite-precoce-chez-les-adventistes\\\/#breadcrumb\"},\"inLanguage\":\"fr-FR\",\"potentialAction\":[{\"@type\":\"ReadAction\",\"target\":[\"https:\\\/\\\/interamerica.org\\\/fr\\\/2019\\\/12\\\/une-etude-revele-des-taux-plus-faibles-de-cancer-et-de-mortalite-precoce-chez-les-adventistes\\\/\"]}]},{\"@type\":\"ImageObject\",\"inLanguage\":\"fr-FR\",\"@id\":\"https:\\\/\\\/interamerica.org\\\/fr\\\/2019\\\/12\\\/une-etude-revele-des-taux-plus-faibles-de-cancer-et-de-mortalite-precoce-chez-les-adventistes\\\/#primaryimage\",\"url\":\"https:\\\/\\\/interamerica.org\\\/wp-content\\\/uploads\\\/2019\\\/12\\\/jogging-1280.jpg\",\"contentUrl\":\"https:\\\/\\\/interamerica.org\\\/wp-content\\\/uploads\\\/2019\\\/12\\\/jogging-1280.jpg\",\"width\":1280,\"height\":800},{\"@type\":\"BreadcrumbList\",\"@id\":\"https:\\\/\\\/interamerica.org\\\/fr\\\/2019\\\/12\\\/une-etude-revele-des-taux-plus-faibles-de-cancer-et-de-mortalite-precoce-chez-les-adventistes\\\/#breadcrumb\",\"itemListElement\":[{\"@type\":\"ListItem\",\"position\":1,\"name\":\"Home\",\"item\":\"https:\\\/\\\/interamerica.org\\\/fr\\\/\"},{\"@type\":\"ListItem\",\"position\":2,\"name\":\"Une \u00e9tude r\u00e9v\u00e8le des taux de cancer et de mortalit\u00e9 pr\u00e9coce plus faibles chez les adventistes\"}]},{\"@type\":\"WebSite\",\"@id\":\"https:\\\/\\\/interamerica.org\\\/fr\\\/#website\",\"url\":\"https:\\\/\\\/interamerica.org\\\/fr\\\/\",\"name\":\"\u00c9glise Adventiste Du Septieme Jour - Inter Am\u00e9rique Division\",\"description\":\"\",\"potentialAction\":[{\"@type\":\"SearchAction\",\"target\":{\"@type\":\"EntryPoint\",\"urlTemplate\":\"https:\\\/\\\/interamerica.org\\\/fr\\\/?s={search_term_string}\"},\"query-input\":{\"@type\":\"PropertyValueSpecification\",\"valueRequired\":true,\"valueName\":\"search_term_string\"}}],\"inLanguage\":\"fr-FR\"},{\"@type\":\"Person\",\"@id\":\"https:\\\/\\\/interamerica.org\\\/fr\\\/#\\\/schema\\\/person\\\/29998f2bc2d8bd0d38662909289b54f1\",\"name\":\"libna\",\"image\":{\"@type\":\"ImageObject\",\"inLanguage\":\"fr-FR\",\"@id\":\"https:\\\/\\\/secure.gravatar.com\\\/avatar\\\/7c5bd30ae4b47a9ba3c856590957fd1d96dc588bf3ac05719d247e126840331f?s=96&d=mm&r=g\",\"url\":\"https:\\\/\\\/secure.gravatar.com\\\/avatar\\\/7c5bd30ae4b47a9ba3c856590957fd1d96dc588bf3ac05719d247e126840331f?s=96&d=mm&r=g\",\"contentUrl\":\"https:\\\/\\\/secure.gravatar.com\\\/avatar\\\/7c5bd30ae4b47a9ba3c856590957fd1d96dc588bf3ac05719d247e126840331f?s=96&d=mm&r=g\",\"caption\":\"libna\"}}]}<\/script>\n<!-- \/ Yoast SEO plugin. -->","yoast_head_json":{"title":"Une \u00e9tude r\u00e9v\u00e8le des taux de cancer et de mortalit\u00e9 pr\u00e9coce plus faibles chez les adventistes - \u00c9glise Adventiste Du Septieme Jour - Inter Am\u00e9rique Division","robots":{"index":"index","follow":"follow","max-snippet":"max-snippet:-1","max-image-preview":"max-image-preview:large","max-video-preview":"max-video-preview:-1"},"canonical":"https:\/\/interamerica.org\/fr\/2019\/12\/une-etude-revele-des-taux-plus-faibles-de-cancer-et-de-mortalite-precoce-chez-les-adventistes\/","og_locale":"fr_FR","og_type":"article","og_title":"Une \u00e9tude r\u00e9v\u00e8le des taux de cancer et de mortalit\u00e9 pr\u00e9coce plus faibles chez les adventistes - \u00c9glise Adventiste Du Septieme Jour - Inter Am\u00e9rique Division","og_description":"13 D\u00e9cembre 2019 | Loma Linda, Californie, \u00c9tats-Unis | Informations P\u00f4le Sant\u00e9 de l\u2019Universit\u00e9 de Loma Linda Une r\u00e9cente \u00e9tude men\u00e9e par le P\u00f4le Sant\u00e9 de l\u2019Universit\u00e9 de Loma Linda...","og_url":"https:\/\/interamerica.org\/fr\/2019\/12\/une-etude-revele-des-taux-plus-faibles-de-cancer-et-de-mortalite-precoce-chez-les-adventistes\/","og_site_name":"\u00c9glise Adventiste Du Septieme Jour - Inter Am\u00e9rique Division","article_published_time":"2019-12-13T15:56:17+00:00","article_modified_time":"2020-01-06T15:36:55+00:00","og_image":[{"width":1280,"height":800,"url":"https:\/\/interamerica.org\/wp-content\/uploads\/2019\/12\/jogging-1280.jpg","type":"image\/jpeg"}],"author":"libna","twitter_card":"summary_large_image","twitter_misc":{"\u00c9crit par":"libna","Dur\u00e9e de lecture estim\u00e9e":"4 minutes"},"schema":{"@context":"https:\/\/schema.org","@graph":[{"@type":"Article","@id":"https:\/\/interamerica.org\/fr\/2019\/12\/une-etude-revele-des-taux-plus-faibles-de-cancer-et-de-mortalite-precoce-chez-les-adventistes\/#article","isPartOf":{"@id":"https:\/\/interamerica.org\/fr\/2019\/12\/une-etude-revele-des-taux-plus-faibles-de-cancer-et-de-mortalite-precoce-chez-les-adventistes\/"},"author":{"name":"libna","@id":"https:\/\/interamerica.org\/fr\/#\/schema\/person\/29998f2bc2d8bd0d38662909289b54f1"},"headline":"Une \u00e9tude r\u00e9v\u00e8le des taux de cancer et de mortalit\u00e9 pr\u00e9coce plus faibles chez les adventistes","datePublished":"2019-12-13T15:56:17+00:00","dateModified":"2020-01-06T15:36:55+00:00","mainEntityOfPage":{"@id":"https:\/\/interamerica.org\/fr\/2019\/12\/une-etude-revele-des-taux-plus-faibles-de-cancer-et-de-mortalite-precoce-chez-les-adventistes\/"},"wordCount":816,"commentCount":0,"image":{"@id":"https:\/\/interamerica.org\/fr\/2019\/12\/une-etude-revele-des-taux-plus-faibles-de-cancer-et-de-mortalite-precoce-chez-les-adventistes\/#primaryimage"},"thumbnailUrl":"https:\/\/interamerica.org\/wp-content\/uploads\/2019\/12\/jogging-1280.jpg","articleSection":["Nouvelles de l'\u00c9glise mondiale","RSS Fran\u00e7ais"],"inLanguage":"fr-FR","potentialAction":[{"@type":"CommentAction","name":"Comment","target":["https:\/\/interamerica.org\/fr\/2019\/12\/une-etude-revele-des-taux-plus-faibles-de-cancer-et-de-mortalite-precoce-chez-les-adventistes\/#respond"]}]},{"@type":"WebPage","@id":"https:\/\/interamerica.org\/fr\/2019\/12\/une-etude-revele-des-taux-plus-faibles-de-cancer-et-de-mortalite-precoce-chez-les-adventistes\/","url":"https:\/\/interamerica.org\/fr\/2019\/12\/une-etude-revele-des-taux-plus-faibles-de-cancer-et-de-mortalite-precoce-chez-les-adventistes\/","name":"Une \u00e9tude r\u00e9v\u00e8le des taux de cancer et de mortalit\u00e9 pr\u00e9coce plus faibles chez les adventistes - \u00c9glise Adventiste Du Septieme Jour - Inter Am\u00e9rique Division","isPartOf":{"@id":"https:\/\/interamerica.org\/fr\/#website"},"primaryImageOfPage":{"@id":"https:\/\/interamerica.org\/fr\/2019\/12\/une-etude-revele-des-taux-plus-faibles-de-cancer-et-de-mortalite-precoce-chez-les-adventistes\/#primaryimage"},"image":{"@id":"https:\/\/interamerica.org\/fr\/2019\/12\/une-etude-revele-des-taux-plus-faibles-de-cancer-et-de-mortalite-precoce-chez-les-adventistes\/#primaryimage"},"thumbnailUrl":"https:\/\/interamerica.org\/wp-content\/uploads\/2019\/12\/jogging-1280.jpg","datePublished":"2019-12-13T15:56:17+00:00","dateModified":"2020-01-06T15:36:55+00:00","author":{"@id":"https:\/\/interamerica.org\/fr\/#\/schema\/person\/29998f2bc2d8bd0d38662909289b54f1"},"breadcrumb":{"@id":"https:\/\/interamerica.org\/fr\/2019\/12\/une-etude-revele-des-taux-plus-faibles-de-cancer-et-de-mortalite-precoce-chez-les-adventistes\/#breadcrumb"},"inLanguage":"fr-FR","potentialAction":[{"@type":"ReadAction","target":["https:\/\/interamerica.org\/fr\/2019\/12\/une-etude-revele-des-taux-plus-faibles-de-cancer-et-de-mortalite-precoce-chez-les-adventistes\/"]}]},{"@type":"ImageObject","inLanguage":"fr-FR","@id":"https:\/\/interamerica.org\/fr\/2019\/12\/une-etude-revele-des-taux-plus-faibles-de-cancer-et-de-mortalite-precoce-chez-les-adventistes\/#primaryimage","url":"https:\/\/interamerica.org\/wp-content\/uploads\/2019\/12\/jogging-1280.jpg","contentUrl":"https:\/\/interamerica.org\/wp-content\/uploads\/2019\/12\/jogging-1280.jpg","width":1280,"height":800},{"@type":"BreadcrumbList","@id":"https:\/\/interamerica.org\/fr\/2019\/12\/une-etude-revele-des-taux-plus-faibles-de-cancer-et-de-mortalite-precoce-chez-les-adventistes\/#breadcrumb","itemListElement":[{"@type":"ListItem","position":1,"name":"Home","item":"https:\/\/interamerica.org\/fr\/"},{"@type":"ListItem","position":2,"name":"Une \u00e9tude r\u00e9v\u00e8le des taux de cancer et de mortalit\u00e9 pr\u00e9coce plus faibles chez les adventistes"}]},{"@type":"WebSite","@id":"https:\/\/interamerica.org\/fr\/#website","url":"https:\/\/interamerica.org\/fr\/","name":"\u00c9glise Adventiste Du Septieme Jour - Inter Am\u00e9rique Division","description":"","potentialAction":[{"@type":"SearchAction","target":{"@type":"EntryPoint","urlTemplate":"https:\/\/interamerica.org\/fr\/?s={search_term_string}"},"query-input":{"@type":"PropertyValueSpecification","valueRequired":true,"valueName":"search_term_string"}}],"inLanguage":"fr-FR"},{"@type":"Person","@id":"https:\/\/interamerica.org\/fr\/#\/schema\/person\/29998f2bc2d8bd0d38662909289b54f1","name":"libna","image":{"@type":"ImageObject","inLanguage":"fr-FR","@id":"https:\/\/secure.gravatar.com\/avatar\/7c5bd30ae4b47a9ba3c856590957fd1d96dc588bf3ac05719d247e126840331f?s=96&d=mm&r=g","url":"https:\/\/secure.gravatar.com\/avatar\/7c5bd30ae4b47a9ba3c856590957fd1d96dc588bf3ac05719d247e126840331f?s=96&d=mm&r=g","contentUrl":"https:\/\/secure.gravatar.com\/avatar\/7c5bd30ae4b47a9ba3c856590957fd1d96dc588bf3ac05719d247e126840331f?s=96&d=mm&r=g","caption":"libna"}}]}},"_links":{"self":[{"href":"https:\/\/interamerica.org\/fr\/wp-json\/wp\/v2\/posts\/54086","targetHints":{"allow":["GET"]}}],"collection":[{"href":"https:\/\/interamerica.org\/fr\/wp-json\/wp\/v2\/posts"}],"about":[{"href":"https:\/\/interamerica.org\/fr\/wp-json\/wp\/v2\/types\/post"}],"author":[{"embeddable":true,"href":"https:\/\/interamerica.org\/fr\/wp-json\/wp\/v2\/users\/3"}],"replies":[{"embeddable":true,"href":"https:\/\/interamerica.org\/fr\/wp-json\/wp\/v2\/comments?post=54086"}],"version-history":[{"count":0,"href":"https:\/\/interamerica.org\/fr\/wp-json\/wp\/v2\/posts\/54086\/revisions"}],"wp:featuredmedia":[{"embeddable":true,"href":"https:\/\/interamerica.org\/fr\/wp-json\/wp\/v2\/media\/54053"}],"wp:attachment":[{"href":"https:\/\/interamerica.org\/fr\/wp-json\/wp\/v2\/media?parent=54086"}],"wp:term":[{"taxonomy":"category","embeddable":true,"href":"https:\/\/interamerica.org\/fr\/wp-json\/wp\/v2\/categories?post=54086"},{"taxonomy":"post_tag","embeddable":true,"href":"https:\/\/interamerica.org\/fr\/wp-json\/wp\/v2\/tags?post=54086"}],"curies":[{"name":"wp","href":"https:\/\/api.w.org\/{rel}","templated":true}]}}