{"id":54140,"date":"2019-12-31T13:07:16","date_gmt":"2019-12-31T17:07:16","guid":{"rendered":"https:\/\/recursing-golick.147-182-135-0.plesk.page\/?p=54140"},"modified":"2020-01-06T11:40:20","modified_gmt":"2020-01-06T15:40:20","slug":"adra-sengage-a-atteindre-les-objectifs-du-pacte-mondial-sur-les-refugies","status":"publish","type":"post","link":"https:\/\/interamerica.org\/fr\/2019\/12\/adra-sengage-a-atteindre-les-objectifs-du-pacte-mondial-sur-les-refugies\/","title":{"rendered":"ADRA s\u2019engage \u00e0 atteindre les objectifs du Pacte Mondial sur les R\u00e9fugi\u00e9s"},"content":{"rendered":"<p><span class=\"byline-news\">29 D\u00e9cembre 2019 | Silver Spring, Maryland, \u00c9tats-Unis | Nouvelles de l\u2019Agence Adventiste de D\u00e9veloppement et de Secours<\/span><\/p>\n<p><span class=\"cap\">L<\/span>es 17 et 18 d\u00e9cembre 2019, l\u2019Agence Adventiste de D\u00e9veloppement et de Secours (ADRA) a pris part avec plus de 2000 praticiens humanitaires et d\u2019\u00e9tats membres au tout premier <a href=\"https:\/\/www.unhcr.org\/global-refugee-forum.html\" target=\"_blank\" rel=\"noopener noreferrer\">Forum Mondial sur les R\u00e9fugi\u00e9s <\/a> \u00e0 Gen\u00e8ve, en Suisse, afin de trouver des solutions transformatrices \u00e0 la crise mondiale des r\u00e9fugi\u00e9s, qui soient avantageuses pour les r\u00e9fugi\u00e9s mais aussi pour leurs communaut\u00e9s d\u2019accueil.<\/p>\n<p>Plus d\u2019un tiers des personnes d\u00e9plac\u00e9es dans le monde &#8211; quelque 25,9 millions de personnes, selon un rapport de 2018 du Haut-Commissariat des Nations Unies pour les R\u00e9fugi\u00e9s (HCR) \u2013 ont \u00e9t\u00e9 forc\u00e9es de fuir enti\u00e8rement leurs propres pays, abandonnant leurs domiciles et devenant des r\u00e9fugi\u00e9s. Les r\u00e9fugi\u00e9s sont d\u00e9finis comme \u00e9tant des personnes contraintes de quitter leur pays pour \u00e9chapper \u00e0 la guerre, \u00e0 la pers\u00e9cution ou \u00e0 une catastrophe naturelle.<\/p>\n<p>Le forum, selon le HCR, repr\u00e9sente une opportunit\u00e9 de \u00ab r\u00e9duire la pression sur les pays h\u00f4tes ; renforcer l\u2019autosuffisance des r\u00e9fugi\u00e9s ; \u00e9largir l\u2019acc\u00e8s aux solutions des pays tiers ; et aider \u00e0 la situation dans le pays d\u2019origine pour un retour dans la s\u00e9curit\u00e9 et la dignit\u00e9. \u00bb ADRA a continu\u00e9 \u00e0 travailler pour am\u00e9liorer la vie de 16,3 millions de personnes dans le monde en 2018, y compris des r\u00e9fugi\u00e9s en Afrique, au Moyen-Orient, en Asie et en Am\u00e9rique du Sud, bien apr\u00e8s que les projecteurs des m\u00e9dias se soient dirig\u00e9s vers une autre catastrophe.<\/p>\n<p>En octobre 2019, environ 224000 V\u00e9n\u00e9zu\u00e9liens r\u00e9sidaient au Br\u00e9sil, 385000 en \u00c9quateur et plus de 1,6 million en Colombie, selon la Plateforme R\u00e9gionale de Coordination Inter-agences pour les R\u00e9fugi\u00e9s et les Migrants du Venezuela. \u00c0 ce jour, plus de 4,7 millions de V\u00e9n\u00e9zu\u00e9liens vivent hors de leur pays d\u2019origine. Ce nombre devrait augmenter pour atteindre 6,5 millions d\u2019ici la fin de 2020.<\/p>\n<p>Lors du forum, ADRA s\u2019est engag\u00e9 \u00e0 soutenir les plus vuln\u00e9rables, en veillant \u00e0 ce qu&rsquo;une aide d\u2019urgence soit fournie aux m\u00e9nages dirig\u00e9s par des femmes, aux femmes enceintes et \u00e0 celles qui allaitent, aux familles ayant des enfants de moins de cinq ans, aux personnes \u00e2g\u00e9es et aux personnes handicap\u00e9es, ainsi qu\u2019aux femmes et aux filles touch\u00e9es par la violence sexuelle et la violence ciblant les femmes.<\/p>\n<p>Les repr\u00e9sentants d\u2019ADRA ont pris deux engagements. Premi\u00e8rement, ils ont d\u00e9clar\u00e9 qu\u2019en tant que bras humanitaire international officiel de l\u2019\u00c9glise adventiste du septi\u00e8me jour, ADRA, en partenariat avec l\u2019\u00c9glise adventiste, qui poss\u00e8de le deuxi\u00e8me plus grand syst\u00e8me scolaire protestant au monde, a fait une annonce conjointe au sujet d\u2019une nouvelle campagne mondiale :<a href=\"https:\/\/inschool.adra.org\/\" target=\"_blank\" rel=\"noopener noreferrer\">\u00ab Chaque Enfant. Partout. \u00c0 l\u2019\u00c9cole. \u00bb<\/a> La campagne est un appel urgent lanc\u00e9 aux dirigeants du monde entier affirmant que tous les enfants, quels que soient leur race, leur \u00e2ge, leur nationalit\u00e9, leur sexe, leur handicap, leur religion ou leur origine, ont le droit d\u2019acc\u00e9der \u00e0 l\u2019\u00e9ducation et de terminer leur parcours scolaire ; et que le fait d\u2019\u00eatre scolaris\u00e9 est une reconnaissance de la valeur et du potentiel de chaque enfant. L\u2019un des facteurs ayant motiv\u00e9 la campagne est la statistique selon laquelle les enfants r\u00e9fugi\u00e9s sont cinq fois plus susceptibles de se retrouver hors du syst\u00e8me scolaire que leurs pairs non r\u00e9fugi\u00e9s.<\/p>\n<p>Le deuxi\u00e8me engagement d\u2019ADRA concerne la crise au Venezuela. Comme l\u2019ont soulign\u00e9 les dirigeants, l\u2019Am\u00e9rique Latine n\u2019a jamais connu de crise sociale et \u00e9conomique de cette ampleur, une crise qui continue de perturber la vie de millions de personnes dans toute la r\u00e9gion. Une approche visant l\u2019ensemble de la soci\u00e9t\u00e9 est une priorit\u00e9 pour tout travail avec les r\u00e9fugi\u00e9s et les communaut\u00e9s d\u2019accueil, en particulier lorsqu\u2019il s\u2019agit de r\u00e9pondre aux besoins des plus vuln\u00e9rables, tels que les femmes, les enfants et les personnes ayant des besoins sp\u00e9ciaux. C\u2019est pour ces populations vuln\u00e9rables qu\u2019ADRA a promis de maintenir son engagement \u00e0 jouer un r\u00f4le cl\u00e9 dans la mise en \u0153uvre d\u2019un pacte mondial sur les r\u00e9fugi\u00e9s et en particulier dans la crise du Venezuela. En cons\u00e9quence, ADRA a consacr\u00e9 un million de dollars am\u00e9ricains pour des interventions au Venezuela. Ces ressources seront utilis\u00e9es pour amplifier l\u2019effet des autres financements publics qu\u2019ADRA a re\u00e7us, y compris du HCR, pour s\u2019assurer qu\u2019il n\u2019y ait pas d\u2019interruption dans les interventions. Ces projets seront mis en place en \u00c9quateur, en Colombie, au Br\u00e9sil, au P\u00e9rou et en Argentine.<\/p>\n<p><strong>A Propos d&rsquo;ADRA<\/strong><\/p>\n<p>L\u2019Agence Adventiste de D\u00e9veloppement et de Secours est la branche humanitaire internationale de l\u2019\u00c9glise adventiste du septi\u00e8me jour. Son action permet de donner des moyens aux communaut\u00e9s, et contribue \u00e0 changer des vies partout dans le monde en apportant un d\u00e9veloppement communautaire durable et des secours en cas de catastrophe.<\/p>\n<p>Traduction: Patrick Luciathe<\/p>\n","protected":false},"excerpt":{"rendered":"<p>29 D\u00e9cembre 2019 | Silver Spring, Maryland, \u00c9tats-Unis | Nouvelles de l\u2019Agence Adventiste de D\u00e9veloppement et de Secours Les 17 et 18 d\u00e9cembre 2019, l\u2019Agence Adventiste de D\u00e9veloppement et de&#8230;<\/p>\n","protected":false},"author":3,"featured_media":54136,"comment_status":"open","ping_status":"closed","sticky":false,"template":"","format":"standard","meta":{"_acf_changed":false,"footnotes":""},"categories":[18,19],"tags":[],"class_list":["post-54140","post","type-post","status-publish","format-standard","has-post-thumbnail","hentry","category-nouvelles-de-leglise-mondiale","category-rss-francais"],"acf":[],"yoast_head":"<!-- This site is optimized with the Yoast SEO plugin v27.3 - https:\/\/yoast.com\/product\/yoast-seo-wordpress\/ -->\n<title>ADRA s\u2019engage \u00e0 atteindre les objectifs du Pacte Mondial sur les R\u00e9fugi\u00e9s - \u00c9glise Adventiste Du Septieme Jour - Inter Am\u00e9rique Division<\/title>\n<meta name=\"robots\" content=\"index, follow, max-snippet:-1, max-image-preview:large, max-video-preview:-1\" \/>\n<link rel=\"canonical\" href=\"https:\/\/interamerica.org\/fr\/2019\/12\/adra-sengage-a-atteindre-les-objectifs-du-pacte-mondial-sur-les-refugies\/\" \/>\n<meta property=\"og:locale\" content=\"fr_FR\" \/>\n<meta property=\"og:type\" content=\"article\" \/>\n<meta property=\"og:title\" content=\"ADRA s\u2019engage \u00e0 atteindre les objectifs du Pacte Mondial sur les R\u00e9fugi\u00e9s - \u00c9glise Adventiste Du Septieme Jour - Inter Am\u00e9rique Division\" \/>\n<meta property=\"og:description\" content=\"29 D\u00e9cembre 2019 | Silver Spring, Maryland, \u00c9tats-Unis | Nouvelles de l\u2019Agence Adventiste de D\u00e9veloppement et de Secours Les 17 et 18 d\u00e9cembre 2019, l\u2019Agence Adventiste de D\u00e9veloppement et de...\" \/>\n<meta property=\"og:url\" content=\"https:\/\/interamerica.org\/fr\/2019\/12\/adra-sengage-a-atteindre-les-objectifs-du-pacte-mondial-sur-les-refugies\/\" \/>\n<meta property=\"og:site_name\" content=\"\u00c9glise Adventiste Du Septieme Jour - Inter Am\u00e9rique Division\" \/>\n<meta property=\"article:published_time\" content=\"2019-12-31T17:07:16+00:00\" \/>\n<meta property=\"article:modified_time\" content=\"2020-01-06T15:40:20+00:00\" \/>\n<meta property=\"og:image\" content=\"https:\/\/interamerica.org\/wp-content\/uploads\/2019\/12\/adra-commits-to-achieving-objectives-of-the-global-compact-on-refugees1280.jpg\" \/>\n\t<meta property=\"og:image:width\" content=\"1280\" \/>\n\t<meta property=\"og:image:height\" content=\"800\" \/>\n\t<meta property=\"og:image:type\" content=\"image\/jpeg\" \/>\n<meta name=\"author\" content=\"libna\" \/>\n<meta name=\"twitter:card\" content=\"summary_large_image\" \/>\n<meta name=\"twitter:label1\" content=\"\u00c9crit par\" \/>\n\t<meta name=\"twitter:data1\" content=\"libna\" \/>\n\t<meta name=\"twitter:label2\" content=\"Dur\u00e9e de lecture estim\u00e9e\" \/>\n\t<meta name=\"twitter:data2\" content=\"4 minutes\" \/>\n<script type=\"application\/ld+json\" class=\"yoast-schema-graph\">{\"@context\":\"https:\\\/\\\/schema.org\",\"@graph\":[{\"@type\":\"Article\",\"@id\":\"https:\\\/\\\/interamerica.org\\\/fr\\\/2019\\\/12\\\/adra-sengage-a-atteindre-les-objectifs-du-pacte-mondial-sur-les-refugies\\\/#article\",\"isPartOf\":{\"@id\":\"https:\\\/\\\/interamerica.org\\\/fr\\\/2019\\\/12\\\/adra-sengage-a-atteindre-les-objectifs-du-pacte-mondial-sur-les-refugies\\\/\"},\"author\":{\"name\":\"libna\",\"@id\":\"https:\\\/\\\/interamerica.org\\\/fr\\\/#\\\/schema\\\/person\\\/29998f2bc2d8bd0d38662909289b54f1\"},\"headline\":\"ADRA s\u2019engage \u00e0 atteindre les objectifs du Pacte Mondial sur les R\u00e9fugi\u00e9s\",\"datePublished\":\"2019-12-31T17:07:16+00:00\",\"dateModified\":\"2020-01-06T15:40:20+00:00\",\"mainEntityOfPage\":{\"@id\":\"https:\\\/\\\/interamerica.org\\\/fr\\\/2019\\\/12\\\/adra-sengage-a-atteindre-les-objectifs-du-pacte-mondial-sur-les-refugies\\\/\"},\"wordCount\":883,\"commentCount\":0,\"image\":{\"@id\":\"https:\\\/\\\/interamerica.org\\\/fr\\\/2019\\\/12\\\/adra-sengage-a-atteindre-les-objectifs-du-pacte-mondial-sur-les-refugies\\\/#primaryimage\"},\"thumbnailUrl\":\"https:\\\/\\\/interamerica.org\\\/wp-content\\\/uploads\\\/2019\\\/12\\\/adra-commits-to-achieving-objectives-of-the-global-compact-on-refugees1280.jpg\",\"articleSection\":[\"Nouvelles de l'\u00c9glise mondiale\",\"RSS Fran\u00e7ais\"],\"inLanguage\":\"fr-FR\",\"potentialAction\":[{\"@type\":\"CommentAction\",\"name\":\"Comment\",\"target\":[\"https:\\\/\\\/interamerica.org\\\/fr\\\/2019\\\/12\\\/adra-sengage-a-atteindre-les-objectifs-du-pacte-mondial-sur-les-refugies\\\/#respond\"]}]},{\"@type\":\"WebPage\",\"@id\":\"https:\\\/\\\/interamerica.org\\\/fr\\\/2019\\\/12\\\/adra-sengage-a-atteindre-les-objectifs-du-pacte-mondial-sur-les-refugies\\\/\",\"url\":\"https:\\\/\\\/interamerica.org\\\/fr\\\/2019\\\/12\\\/adra-sengage-a-atteindre-les-objectifs-du-pacte-mondial-sur-les-refugies\\\/\",\"name\":\"ADRA s\u2019engage \u00e0 atteindre les objectifs du Pacte Mondial sur les R\u00e9fugi\u00e9s - \u00c9glise Adventiste Du Septieme Jour - Inter Am\u00e9rique Division\",\"isPartOf\":{\"@id\":\"https:\\\/\\\/interamerica.org\\\/fr\\\/#website\"},\"primaryImageOfPage\":{\"@id\":\"https:\\\/\\\/interamerica.org\\\/fr\\\/2019\\\/12\\\/adra-sengage-a-atteindre-les-objectifs-du-pacte-mondial-sur-les-refugies\\\/#primaryimage\"},\"image\":{\"@id\":\"https:\\\/\\\/interamerica.org\\\/fr\\\/2019\\\/12\\\/adra-sengage-a-atteindre-les-objectifs-du-pacte-mondial-sur-les-refugies\\\/#primaryimage\"},\"thumbnailUrl\":\"https:\\\/\\\/interamerica.org\\\/wp-content\\\/uploads\\\/2019\\\/12\\\/adra-commits-to-achieving-objectives-of-the-global-compact-on-refugees1280.jpg\",\"datePublished\":\"2019-12-31T17:07:16+00:00\",\"dateModified\":\"2020-01-06T15:40:20+00:00\",\"author\":{\"@id\":\"https:\\\/\\\/interamerica.org\\\/fr\\\/#\\\/schema\\\/person\\\/29998f2bc2d8bd0d38662909289b54f1\"},\"breadcrumb\":{\"@id\":\"https:\\\/\\\/interamerica.org\\\/fr\\\/2019\\\/12\\\/adra-sengage-a-atteindre-les-objectifs-du-pacte-mondial-sur-les-refugies\\\/#breadcrumb\"},\"inLanguage\":\"fr-FR\",\"potentialAction\":[{\"@type\":\"ReadAction\",\"target\":[\"https:\\\/\\\/interamerica.org\\\/fr\\\/2019\\\/12\\\/adra-sengage-a-atteindre-les-objectifs-du-pacte-mondial-sur-les-refugies\\\/\"]}]},{\"@type\":\"ImageObject\",\"inLanguage\":\"fr-FR\",\"@id\":\"https:\\\/\\\/interamerica.org\\\/fr\\\/2019\\\/12\\\/adra-sengage-a-atteindre-les-objectifs-du-pacte-mondial-sur-les-refugies\\\/#primaryimage\",\"url\":\"https:\\\/\\\/interamerica.org\\\/wp-content\\\/uploads\\\/2019\\\/12\\\/adra-commits-to-achieving-objectives-of-the-global-compact-on-refugees1280.jpg\",\"contentUrl\":\"https:\\\/\\\/interamerica.org\\\/wp-content\\\/uploads\\\/2019\\\/12\\\/adra-commits-to-achieving-objectives-of-the-global-compact-on-refugees1280.jpg\",\"width\":1280,\"height\":800},{\"@type\":\"BreadcrumbList\",\"@id\":\"https:\\\/\\\/interamerica.org\\\/fr\\\/2019\\\/12\\\/adra-sengage-a-atteindre-les-objectifs-du-pacte-mondial-sur-les-refugies\\\/#breadcrumb\",\"itemListElement\":[{\"@type\":\"ListItem\",\"position\":1,\"name\":\"Home\",\"item\":\"https:\\\/\\\/interamerica.org\\\/fr\\\/\"},{\"@type\":\"ListItem\",\"position\":2,\"name\":\"ADRA s\u2019engage \u00e0 atteindre les objectifs du Pacte Mondial sur les R\u00e9fugi\u00e9s\"}]},{\"@type\":\"WebSite\",\"@id\":\"https:\\\/\\\/interamerica.org\\\/fr\\\/#website\",\"url\":\"https:\\\/\\\/interamerica.org\\\/fr\\\/\",\"name\":\"\u00c9glise Adventiste Du Septieme Jour - Inter Am\u00e9rique Division\",\"description\":\"\",\"potentialAction\":[{\"@type\":\"SearchAction\",\"target\":{\"@type\":\"EntryPoint\",\"urlTemplate\":\"https:\\\/\\\/interamerica.org\\\/fr\\\/?s={search_term_string}\"},\"query-input\":{\"@type\":\"PropertyValueSpecification\",\"valueRequired\":true,\"valueName\":\"search_term_string\"}}],\"inLanguage\":\"fr-FR\"},{\"@type\":\"Person\",\"@id\":\"https:\\\/\\\/interamerica.org\\\/fr\\\/#\\\/schema\\\/person\\\/29998f2bc2d8bd0d38662909289b54f1\",\"name\":\"libna\",\"image\":{\"@type\":\"ImageObject\",\"inLanguage\":\"fr-FR\",\"@id\":\"https:\\\/\\\/secure.gravatar.com\\\/avatar\\\/7c5bd30ae4b47a9ba3c856590957fd1d96dc588bf3ac05719d247e126840331f?s=96&d=mm&r=g\",\"url\":\"https:\\\/\\\/secure.gravatar.com\\\/avatar\\\/7c5bd30ae4b47a9ba3c856590957fd1d96dc588bf3ac05719d247e126840331f?s=96&d=mm&r=g\",\"contentUrl\":\"https:\\\/\\\/secure.gravatar.com\\\/avatar\\\/7c5bd30ae4b47a9ba3c856590957fd1d96dc588bf3ac05719d247e126840331f?s=96&d=mm&r=g\",\"caption\":\"libna\"}}]}<\/script>\n<!-- \/ Yoast SEO plugin. -->","yoast_head_json":{"title":"ADRA s\u2019engage \u00e0 atteindre les objectifs du Pacte Mondial sur les R\u00e9fugi\u00e9s - \u00c9glise Adventiste Du Septieme Jour - Inter Am\u00e9rique Division","robots":{"index":"index","follow":"follow","max-snippet":"max-snippet:-1","max-image-preview":"max-image-preview:large","max-video-preview":"max-video-preview:-1"},"canonical":"https:\/\/interamerica.org\/fr\/2019\/12\/adra-sengage-a-atteindre-les-objectifs-du-pacte-mondial-sur-les-refugies\/","og_locale":"fr_FR","og_type":"article","og_title":"ADRA s\u2019engage \u00e0 atteindre les objectifs du Pacte Mondial sur les R\u00e9fugi\u00e9s - \u00c9glise Adventiste Du Septieme Jour - Inter Am\u00e9rique Division","og_description":"29 D\u00e9cembre 2019 | Silver Spring, Maryland, \u00c9tats-Unis | Nouvelles de l\u2019Agence Adventiste de D\u00e9veloppement et de Secours Les 17 et 18 d\u00e9cembre 2019, l\u2019Agence Adventiste de D\u00e9veloppement et de...","og_url":"https:\/\/interamerica.org\/fr\/2019\/12\/adra-sengage-a-atteindre-les-objectifs-du-pacte-mondial-sur-les-refugies\/","og_site_name":"\u00c9glise Adventiste Du Septieme Jour - Inter Am\u00e9rique Division","article_published_time":"2019-12-31T17:07:16+00:00","article_modified_time":"2020-01-06T15:40:20+00:00","og_image":[{"width":1280,"height":800,"url":"https:\/\/interamerica.org\/wp-content\/uploads\/2019\/12\/adra-commits-to-achieving-objectives-of-the-global-compact-on-refugees1280.jpg","type":"image\/jpeg"}],"author":"libna","twitter_card":"summary_large_image","twitter_misc":{"\u00c9crit par":"libna","Dur\u00e9e de lecture estim\u00e9e":"4 minutes"},"schema":{"@context":"https:\/\/schema.org","@graph":[{"@type":"Article","@id":"https:\/\/interamerica.org\/fr\/2019\/12\/adra-sengage-a-atteindre-les-objectifs-du-pacte-mondial-sur-les-refugies\/#article","isPartOf":{"@id":"https:\/\/interamerica.org\/fr\/2019\/12\/adra-sengage-a-atteindre-les-objectifs-du-pacte-mondial-sur-les-refugies\/"},"author":{"name":"libna","@id":"https:\/\/interamerica.org\/fr\/#\/schema\/person\/29998f2bc2d8bd0d38662909289b54f1"},"headline":"ADRA s\u2019engage \u00e0 atteindre les objectifs du Pacte Mondial sur les R\u00e9fugi\u00e9s","datePublished":"2019-12-31T17:07:16+00:00","dateModified":"2020-01-06T15:40:20+00:00","mainEntityOfPage":{"@id":"https:\/\/interamerica.org\/fr\/2019\/12\/adra-sengage-a-atteindre-les-objectifs-du-pacte-mondial-sur-les-refugies\/"},"wordCount":883,"commentCount":0,"image":{"@id":"https:\/\/interamerica.org\/fr\/2019\/12\/adra-sengage-a-atteindre-les-objectifs-du-pacte-mondial-sur-les-refugies\/#primaryimage"},"thumbnailUrl":"https:\/\/interamerica.org\/wp-content\/uploads\/2019\/12\/adra-commits-to-achieving-objectives-of-the-global-compact-on-refugees1280.jpg","articleSection":["Nouvelles de l'\u00c9glise mondiale","RSS Fran\u00e7ais"],"inLanguage":"fr-FR","potentialAction":[{"@type":"CommentAction","name":"Comment","target":["https:\/\/interamerica.org\/fr\/2019\/12\/adra-sengage-a-atteindre-les-objectifs-du-pacte-mondial-sur-les-refugies\/#respond"]}]},{"@type":"WebPage","@id":"https:\/\/interamerica.org\/fr\/2019\/12\/adra-sengage-a-atteindre-les-objectifs-du-pacte-mondial-sur-les-refugies\/","url":"https:\/\/interamerica.org\/fr\/2019\/12\/adra-sengage-a-atteindre-les-objectifs-du-pacte-mondial-sur-les-refugies\/","name":"ADRA s\u2019engage \u00e0 atteindre les objectifs du Pacte Mondial sur les R\u00e9fugi\u00e9s - \u00c9glise Adventiste Du Septieme Jour - Inter Am\u00e9rique Division","isPartOf":{"@id":"https:\/\/interamerica.org\/fr\/#website"},"primaryImageOfPage":{"@id":"https:\/\/interamerica.org\/fr\/2019\/12\/adra-sengage-a-atteindre-les-objectifs-du-pacte-mondial-sur-les-refugies\/#primaryimage"},"image":{"@id":"https:\/\/interamerica.org\/fr\/2019\/12\/adra-sengage-a-atteindre-les-objectifs-du-pacte-mondial-sur-les-refugies\/#primaryimage"},"thumbnailUrl":"https:\/\/interamerica.org\/wp-content\/uploads\/2019\/12\/adra-commits-to-achieving-objectives-of-the-global-compact-on-refugees1280.jpg","datePublished":"2019-12-31T17:07:16+00:00","dateModified":"2020-01-06T15:40:20+00:00","author":{"@id":"https:\/\/interamerica.org\/fr\/#\/schema\/person\/29998f2bc2d8bd0d38662909289b54f1"},"breadcrumb":{"@id":"https:\/\/interamerica.org\/fr\/2019\/12\/adra-sengage-a-atteindre-les-objectifs-du-pacte-mondial-sur-les-refugies\/#breadcrumb"},"inLanguage":"fr-FR","potentialAction":[{"@type":"ReadAction","target":["https:\/\/interamerica.org\/fr\/2019\/12\/adra-sengage-a-atteindre-les-objectifs-du-pacte-mondial-sur-les-refugies\/"]}]},{"@type":"ImageObject","inLanguage":"fr-FR","@id":"https:\/\/interamerica.org\/fr\/2019\/12\/adra-sengage-a-atteindre-les-objectifs-du-pacte-mondial-sur-les-refugies\/#primaryimage","url":"https:\/\/interamerica.org\/wp-content\/uploads\/2019\/12\/adra-commits-to-achieving-objectives-of-the-global-compact-on-refugees1280.jpg","contentUrl":"https:\/\/interamerica.org\/wp-content\/uploads\/2019\/12\/adra-commits-to-achieving-objectives-of-the-global-compact-on-refugees1280.jpg","width":1280,"height":800},{"@type":"BreadcrumbList","@id":"https:\/\/interamerica.org\/fr\/2019\/12\/adra-sengage-a-atteindre-les-objectifs-du-pacte-mondial-sur-les-refugies\/#breadcrumb","itemListElement":[{"@type":"ListItem","position":1,"name":"Home","item":"https:\/\/interamerica.org\/fr\/"},{"@type":"ListItem","position":2,"name":"ADRA s\u2019engage \u00e0 atteindre les objectifs du Pacte Mondial sur les R\u00e9fugi\u00e9s"}]},{"@type":"WebSite","@id":"https:\/\/interamerica.org\/fr\/#website","url":"https:\/\/interamerica.org\/fr\/","name":"\u00c9glise Adventiste Du Septieme Jour - Inter Am\u00e9rique Division","description":"","potentialAction":[{"@type":"SearchAction","target":{"@type":"EntryPoint","urlTemplate":"https:\/\/interamerica.org\/fr\/?s={search_term_string}"},"query-input":{"@type":"PropertyValueSpecification","valueRequired":true,"valueName":"search_term_string"}}],"inLanguage":"fr-FR"},{"@type":"Person","@id":"https:\/\/interamerica.org\/fr\/#\/schema\/person\/29998f2bc2d8bd0d38662909289b54f1","name":"libna","image":{"@type":"ImageObject","inLanguage":"fr-FR","@id":"https:\/\/secure.gravatar.com\/avatar\/7c5bd30ae4b47a9ba3c856590957fd1d96dc588bf3ac05719d247e126840331f?s=96&d=mm&r=g","url":"https:\/\/secure.gravatar.com\/avatar\/7c5bd30ae4b47a9ba3c856590957fd1d96dc588bf3ac05719d247e126840331f?s=96&d=mm&r=g","contentUrl":"https:\/\/secure.gravatar.com\/avatar\/7c5bd30ae4b47a9ba3c856590957fd1d96dc588bf3ac05719d247e126840331f?s=96&d=mm&r=g","caption":"libna"}}]}},"_links":{"self":[{"href":"https:\/\/interamerica.org\/fr\/wp-json\/wp\/v2\/posts\/54140","targetHints":{"allow":["GET"]}}],"collection":[{"href":"https:\/\/interamerica.org\/fr\/wp-json\/wp\/v2\/posts"}],"about":[{"href":"https:\/\/interamerica.org\/fr\/wp-json\/wp\/v2\/types\/post"}],"author":[{"embeddable":true,"href":"https:\/\/interamerica.org\/fr\/wp-json\/wp\/v2\/users\/3"}],"replies":[{"embeddable":true,"href":"https:\/\/interamerica.org\/fr\/wp-json\/wp\/v2\/comments?post=54140"}],"version-history":[{"count":0,"href":"https:\/\/interamerica.org\/fr\/wp-json\/wp\/v2\/posts\/54140\/revisions"}],"wp:featuredmedia":[{"embeddable":true,"href":"https:\/\/interamerica.org\/fr\/wp-json\/wp\/v2\/media\/54136"}],"wp:attachment":[{"href":"https:\/\/interamerica.org\/fr\/wp-json\/wp\/v2\/media?parent=54140"}],"wp:term":[{"taxonomy":"category","embeddable":true,"href":"https:\/\/interamerica.org\/fr\/wp-json\/wp\/v2\/categories?post=54140"},{"taxonomy":"post_tag","embeddable":true,"href":"https:\/\/interamerica.org\/fr\/wp-json\/wp\/v2\/tags?post=54140"}],"curies":[{"name":"wp","href":"https:\/\/api.w.org\/{rel}","templated":true}]}}