{"id":54447,"date":"2020-01-07T21:35:35","date_gmt":"2020-01-08T01:35:35","guid":{"rendered":"https:\/\/recursing-golick.147-182-135-0.plesk.page\/?p=54447"},"modified":"2020-02-06T13:58:23","modified_gmt":"2020-02-06T17:58:23","slug":"leglise-adventiste-evalue-toujours-les-degats-apres-le-tremblement-de-terre-qui-a-frappe-porto-rico","status":"publish","type":"post","link":"https:\/\/interamerica.org\/fr\/2020\/01\/leglise-adventiste-evalue-toujours-les-degats-apres-le-tremblement-de-terre-qui-a-frappe-porto-rico\/","title":{"rendered":"L\u2019\u00c9glise adventiste \u00e9value toujours les d\u00e9g\u00e2ts apr\u00e8s le tremblement de terre qui a frapp\u00e9 Porto Rico"},"content":{"rendered":"<p><div id=\"attachment_54282\" style=\"width: 533px\" class=\"wp-caption aligncenter\"><img fetchpriority=\"high\" decoding=\"async\" aria-describedby=\"caption-attachment-54282\" class=\" wp-image-54281\" src=\"https:\/\/recursing-golick.147-182-135-0.plesk.page\/wp-content\/uploads\/2020\/01\/guayanilla-members-home-1.jpg\" alt=\"\" width=\"523\" height=\"698\" srcset=\"https:\/\/interamerica.org\/wp-content\/uploads\/2020\/01\/guayanilla-members-home-1.jpg 680w, https:\/\/interamerica.org\/wp-content\/uploads\/2020\/01\/guayanilla-members-home-1-225x300.jpg 225w\" sizes=\"(max-width: 523px) 100vw, 523px\" \/><p id=\"caption-attachment-54282\" class=\"wp-caption-text\">Maison d\u2019une famille adventiste \u00e0 Guayanilla, dans le sud de Porto Rico, qui a \u00e9t\u00e9 endommag\u00e9e par la s\u00e9rie de tremblements de terre qui a frapp\u00e9 le plus durement l\u2019ile les 6 et 7 janvier 2020, avec une magnitude de plus de 6,4. [Photo : Leonel Escobales \/ F\u00e9d\u00e9ration du Sud de Porto Rico]<\/p><\/div>7 Janvier 2020 | Miami, Floride, \u00c9tats-Unis | Libna Stevens \/ DIA<\/p>\n<p>Les dirigeants adventistes du septi\u00e8me jour \u00e0 Porto Rico sont toujours d\u00e9concert\u00e9s par une s\u00e9rie de tremblements de terre qui a commenc\u00e9 hier et atteint son point culminant t\u00f4t ce matin avec un s\u00e9isme de magnitude 6,4. Les tremblements de terre ont frapp\u00e9 le sud de l\u2019\u00eele le plus durement, principalement \u00e0 Guayanilla et Gu\u00e1nica, causant la mort d\u2019une personne et en blessant une douzaine d\u2019autres, et provoquant des coupures de courant. Aucun d\u00e9c\u00e8s n\u2019a \u00e9t\u00e9 signal\u00e9 parmi les membres d\u2019\u00e9glise.<\/p>\n<p>\u00ab En tant que pays, nous n\u2019avons jamais eu \u00e0 faire face \u00e0 un tel tremblement depuis que j\u2019existe, \u00bb a d\u00e9clar\u00e9 pasteur Jose A. Rodr\u00edguez, pr\u00e9sident de l\u2019\u00c9glise adventiste \u00e0 Porto Rico.<\/p>\n<p><div id=\"attachment_54276\" style=\"width: 789px\" class=\"wp-caption aligncenter\"><img decoding=\"async\" aria-describedby=\"caption-attachment-54276\" class=\" wp-image-54275\" src=\"https:\/\/recursing-golick.147-182-135-0.plesk.page\/wp-content\/uploads\/2020\/01\/guayanilla-destroyed-home.jpg\" alt=\"\" width=\"779\" height=\"584\" srcset=\"https:\/\/interamerica.org\/wp-content\/uploads\/2020\/01\/guayanilla-destroyed-home.jpg 1024w, https:\/\/interamerica.org\/wp-content\/uploads\/2020\/01\/guayanilla-destroyed-home-300x225.jpg 300w, https:\/\/interamerica.org\/wp-content\/uploads\/2020\/01\/guayanilla-destroyed-home-768x576.jpg 768w\" sizes=\"(max-width: 779px) 100vw, 779px\" \/><p id=\"caption-attachment-54276\" class=\"wp-caption-text\">Une structure d\u00e9truite apr\u00e8s que des tremblements dont l\u2019\u00e9picentre se situait au sud de Porto Rico, aient frapp\u00e9 cette semaine. [Photo : Leonel Escobales \/ F\u00e9d\u00e9ration du Sud de Porto Rico]<\/p><\/div>\u00ab A 4 h 24, je me suis r\u00e9veill\u00e9, la maison tremblait, puis il y a eu une r\u00e9plique et ensuite une autre. Parfois, on peut avoir 10 secousses par jour, donc il y a vraiment beaucoup d\u2019incertitude pour nous tous ici \u00e0 Porto Rico, \u00bb a dit pasteur Rodr\u00edguez, qui vit dans la partie ouest de l\u2019\u00eele. M\u00eame si les tremblements de terre ont \u00e9t\u00e9 les plus forts dans le sud, l\u2019\u00eele enti\u00e8re a ressenti chaque secousse, a dit Jose Rodriguez.<\/p>\n<p>\u00ab Il y a beaucoup d\u2019incertitude maintenant, des ponts sont tomb\u00e9s, des routes se sont effondr\u00e9es, l\u2019\u00e9lectricit\u00e9 n\u2019a pas \u00e9t\u00e9 r\u00e9tablie et beaucoup se r\u00e9fugient dans les parcs et les aires publiques, \u00bb a-t-il expliqu\u00e9.<\/p>\n<p>Jusqu\u2019ici, six maisons de membres ont \u00e9t\u00e9 d\u00e9truites et les dirigeants d\u2019\u00e9glise locaux dans la F\u00e9d\u00e9ration du Sud de Porto Rico rassemblent des informations sur les besoins urgents des membres.<\/p>\n<p><div id=\"attachment_54285\" style=\"width: 799px\" class=\"wp-caption aligncenter\"><img decoding=\"async\" aria-describedby=\"caption-attachment-54285\" class=\" wp-image-54284\" src=\"https:\/\/recursing-golick.147-182-135-0.plesk.page\/wp-content\/uploads\/2020\/01\/bellavistahospital-jan2020-earthquake.jpg\" alt=\"\" width=\"789\" height=\"592\" srcset=\"https:\/\/interamerica.org\/wp-content\/uploads\/2020\/01\/bellavistahospital-jan2020-earthquake.jpg 900w, https:\/\/interamerica.org\/wp-content\/uploads\/2020\/01\/bellavistahospital-jan2020-earthquake-300x225.jpg 300w, https:\/\/interamerica.org\/wp-content\/uploads\/2020\/01\/bellavistahospital-jan2020-earthquake-768x576.jpg 768w\" sizes=\"(max-width: 789px) 100vw, 789px\" \/><p id=\"caption-attachment-54285\" class=\"wp-caption-text\">Photo de l\u2019entr\u00e9e principale de l\u2019H\u00f4pital Adventiste Bella Vista \u00e0 Mayaguez, \u00e0 Porto Rico, prise aujourd\u2019hui le 7 janvier 2020, pendant que les ing\u00e9nieurs en structure du b\u00e2timent inspectaient les \u00e9tages sup\u00e9rieurs pour d\u00e9celer les d\u00e9g\u00e2ts. [Photo : Lynette Matos \/ Amor 90.9]<\/p><\/div>Les cours dans les trois \u00e9coles adventistes de la F\u00e9d\u00e9ration du Sud de Porto Rico ont \u00e9t\u00e9 suspendus jusqu\u2019\u00e0 la semaine prochaine, en attendant l\u2019\u00e9valuation des ing\u00e9nieurs. Les cours ne reprendront pas tant que ces \u00e9tablissements scolaires ne seront pas d\u00e9clar\u00e9s s\u00fbrs, a dit pasteur Rodriguez. Il n\u2019a \u00e9t\u00e9 fait \u00e9tat d\u2019aucun d\u00e9g\u00e2t important subis par les \u00e9glises ou les \u00e9tablissements scolaires adventistes dans d\u2019autres parties de l\u2019\u00eele.<\/p>\n<p>T\u00f4t ce matin, les dirigeants de l\u2019\u00e9glise ont rencontr\u00e9 des ing\u00e9nieurs en structure du b\u00e2timent pour faire une inspection des troisi\u00e8me et quatri\u00e8me \u00e9tages de l\u2019H\u00f4pital Adventiste de Bella Vista \u00e0 Mayaguez. Les ing\u00e9nieurs n\u2019ont trouv\u00e9 aucun dommage structurel. Les patients ont d\u00fb \u00eatre \u00e9vacu\u00e9s bri\u00e8vement en raison de la coupure de courant sur ces deux \u00e9tages, tandis que le g\u00e9n\u00e9rateur pour ces \u00e9tages \u00e9tait stabilis\u00e9.<\/p>\n<p>Luis Rivera, tr\u00e9sorier de l\u2019\u00c9glise adventiste \u00e0 Porto Rico et pr\u00e9sident du conseil d\u2019administration de l\u2019H\u00f4pital Bella Vista, a d\u00e9clar\u00e9 que \u00ab l\u2019h\u00f4pital fonctionne dans les limites impos\u00e9es par la situation et fonctionne avec les g\u00e9n\u00e9rateurs sur place. \u00bb<\/p>\n<p><div id=\"attachment_54291\" style=\"width: 805px\" class=\"wp-caption aligncenter\"><img loading=\"lazy\" decoding=\"async\" aria-describedby=\"caption-attachment-54291\" class=\" wp-image-54290\" src=\"https:\/\/recursing-golick.147-182-135-0.plesk.page\/wp-content\/uploads\/2020\/01\/bvh-tent-jan2020.jpg\" alt=\"\" width=\"795\" height=\"597\" srcset=\"https:\/\/interamerica.org\/wp-content\/uploads\/2020\/01\/bvh-tent-jan2020.jpg 950w, https:\/\/interamerica.org\/wp-content\/uploads\/2020\/01\/bvh-tent-jan2020-300x225.jpg 300w, https:\/\/interamerica.org\/wp-content\/uploads\/2020\/01\/bvh-tent-jan2020-768x576.jpg 768w\" sizes=\"(max-width: 795px) 100vw, 795px\" \/><p id=\"caption-attachment-54291\" class=\"wp-caption-text\">Une tente install\u00e9e \u00e0 l\u2019ext\u00e9rieur de l\u2019h\u00f4pital adventiste pour accueillir le personnel et les patients pendant que les r\u00e9pliques continuent de frapper l\u2019\u00eele. [Photo : Lynette Matos \/ Amor 90.9]<\/p><\/div>L\u2019Universit\u00e9 Adventiste des Antilles \u00e0 Mayaguez n\u2019a pas non plus subi de d\u00e9g\u00e2ts.<\/p>\n<p>Pasteur Rodr\u00edguez ainsi qu\u2019une \u00e9quipe de dirigeants se rendront \u00e0 Guayanilla dans le sud demain 8 janvier pour visiter les membres touch\u00e9s et \u00e9valuer les besoins afin qu\u2019ils puissent leur apporter de l\u2019aide, \u00e0 eux et aux habitants de la communaut\u00e9.<\/p>\n<p>\u00ab Alors que nous n\u2019avons pas encore fini de nous remettre totalement de l\u2019Ouragan Maria, maintenant ceci, mais nous sommes reconnaissants pour la protection de Dieu et demandons \u00e0 nos fr\u00e8res et s\u0153urs du monde entier de prier pour nous, \u00bb a d\u00e9clar\u00e9 pasteur Rodr\u00edguez.<\/p>\n<p><div id=\"attachment_54288\" style=\"width: 796px\" class=\"wp-caption aligncenter\"><img loading=\"lazy\" decoding=\"async\" aria-describedby=\"caption-attachment-54288\" class=\" wp-image-54287\" src=\"https:\/\/recursing-golick.147-182-135-0.plesk.page\/wp-content\/uploads\/2020\/01\/bvh-sitting-area-jan2020.jpg\" alt=\"\" width=\"786\" height=\"590\" srcset=\"https:\/\/interamerica.org\/wp-content\/uploads\/2020\/01\/bvh-sitting-area-jan2020.jpg 900w, https:\/\/interamerica.org\/wp-content\/uploads\/2020\/01\/bvh-sitting-area-jan2020-300x225.jpg 300w, https:\/\/interamerica.org\/wp-content\/uploads\/2020\/01\/bvh-sitting-area-jan2020-768x576.jpg 768w\" sizes=\"(max-width: 786px) 100vw, 786px\" \/><p id=\"caption-attachment-54288\" class=\"wp-caption-text\">Un coin pour s\u2019asseoir \u00e0 l\u2019ext\u00e9rieur de l\u2019H\u00f4pital Bella Vista sera utilis\u00e9 par le personnel hospitalier et par les patients qui ont besoin de trouver un refuge avant ou pendant les r\u00e9pliques. [Photo : Lynette Matos \/ Amor 90.9]<\/p><\/div><br \/>\nDe nombreux dirigeants d\u2019\u00e9glise venus de tout le territoire de l\u2019\u00e9glise en Inter Am\u00e9rique ont appel\u00e9 pasteur Rodr\u00edguez pour lui transmettre des paroles d\u2019encouragement et des pri\u00e8res.<\/p>\n<p>Jose Rodr\u00edguez visitera plusieurs stations de radio plus tard dans la journ\u00e9e pour encourager le grand public \u00e0 rester calme et \u00e0 faire confiance \u00e0 Dieu.<\/p>\n<p>Les dirigeants de l\u2019\u00e9glise continueront d\u2019\u00e9valuer les besoins dans les r\u00e9gions les plus touch\u00e9es et de faire des plans pour mettre en place des moyens d\u2019aider dans les jours et les semaines \u00e0 venir.<\/p>\n<p>Traduction: Patrick Luciathe<\/p>\n","protected":false},"excerpt":{"rendered":"<p>7 Janvier 2020 | Miami, Floride, \u00c9tats-Unis | Libna Stevens \/ DIA Les dirigeants adventistes du septi\u00e8me jour \u00e0 Porto Rico sont toujours d\u00e9concert\u00e9s par une s\u00e9rie de tremblements de&#8230;<\/p>\n","protected":false},"author":3,"featured_media":54279,"comment_status":"open","ping_status":"closed","sticky":false,"template":"","format":"standard","meta":{"_acf_changed":false,"footnotes":""},"categories":[21,19],"tags":[],"class_list":["post-54447","post","type-post","status-publish","format-standard","has-post-thumbnail","hentry","category-nouvelles-du-territoire","category-rss-francais"],"acf":[],"yoast_head":"<!-- This site is optimized with the Yoast SEO plugin v27.3 - https:\/\/yoast.com\/product\/yoast-seo-wordpress\/ -->\n<title>L\u2019\u00c9glise adventiste \u00e9value toujours les d\u00e9g\u00e2ts apr\u00e8s le tremblement de terre qui a frapp\u00e9 Porto Rico - \u00c9glise Adventiste Du Septieme Jour - Inter Am\u00e9rique Division<\/title>\n<meta name=\"robots\" content=\"index, follow, max-snippet:-1, max-image-preview:large, max-video-preview:-1\" \/>\n<link rel=\"canonical\" href=\"https:\/\/interamerica.org\/fr\/2020\/01\/leglise-adventiste-evalue-toujours-les-degats-apres-le-tremblement-de-terre-qui-a-frappe-porto-rico\/\" \/>\n<meta property=\"og:locale\" content=\"fr_FR\" \/>\n<meta property=\"og:type\" content=\"article\" \/>\n<meta property=\"og:title\" content=\"L\u2019\u00c9glise adventiste \u00e9value toujours les d\u00e9g\u00e2ts apr\u00e8s le tremblement de terre qui a frapp\u00e9 Porto Rico - \u00c9glise Adventiste Du Septieme Jour - Inter Am\u00e9rique Division\" \/>\n<meta property=\"og:description\" content=\"7 Janvier 2020 | Miami, Floride, \u00c9tats-Unis | Libna Stevens \/ DIA Les dirigeants adventistes du septi\u00e8me jour \u00e0 Porto Rico sont toujours d\u00e9concert\u00e9s par une s\u00e9rie de tremblements de...\" \/>\n<meta property=\"og:url\" content=\"https:\/\/interamerica.org\/fr\/2020\/01\/leglise-adventiste-evalue-toujours-les-degats-apres-le-tremblement-de-terre-qui-a-frappe-porto-rico\/\" \/>\n<meta property=\"og:site_name\" content=\"\u00c9glise Adventiste Du Septieme Jour - Inter Am\u00e9rique Division\" \/>\n<meta property=\"article:published_time\" content=\"2020-01-08T01:35:35+00:00\" \/>\n<meta property=\"article:modified_time\" content=\"2020-02-06T17:58:23+00:00\" \/>\n<meta property=\"og:image\" content=\"https:\/\/interamerica.org\/wp-content\/uploads\/2020\/01\/guayanilla-member-home.jpg\" \/>\n\t<meta property=\"og:image:width\" content=\"1280\" \/>\n\t<meta property=\"og:image:height\" content=\"800\" \/>\n\t<meta property=\"og:image:type\" content=\"image\/jpeg\" \/>\n<meta name=\"author\" content=\"libna\" \/>\n<meta name=\"twitter:card\" content=\"summary_large_image\" \/>\n<meta name=\"twitter:label1\" content=\"\u00c9crit par\" \/>\n\t<meta name=\"twitter:data1\" content=\"libna\" \/>\n\t<meta name=\"twitter:label2\" content=\"Dur\u00e9e de lecture estim\u00e9e\" \/>\n\t<meta name=\"twitter:data2\" content=\"5 minutes\" \/>\n<script type=\"application\/ld+json\" class=\"yoast-schema-graph\">{\"@context\":\"https:\\\/\\\/schema.org\",\"@graph\":[{\"@type\":\"Article\",\"@id\":\"https:\\\/\\\/interamerica.org\\\/fr\\\/2020\\\/01\\\/leglise-adventiste-evalue-toujours-les-degats-apres-le-tremblement-de-terre-qui-a-frappe-porto-rico\\\/#article\",\"isPartOf\":{\"@id\":\"https:\\\/\\\/interamerica.org\\\/fr\\\/2020\\\/01\\\/leglise-adventiste-evalue-toujours-les-degats-apres-le-tremblement-de-terre-qui-a-frappe-porto-rico\\\/\"},\"author\":{\"name\":\"libna\",\"@id\":\"https:\\\/\\\/interamerica.org\\\/fr\\\/#\\\/schema\\\/person\\\/29998f2bc2d8bd0d38662909289b54f1\"},\"headline\":\"L\u2019\u00c9glise adventiste \u00e9value toujours les d\u00e9g\u00e2ts apr\u00e8s le tremblement de terre qui a frapp\u00e9 Porto Rico\",\"datePublished\":\"2020-01-08T01:35:35+00:00\",\"dateModified\":\"2020-02-06T17:58:23+00:00\",\"mainEntityOfPage\":{\"@id\":\"https:\\\/\\\/interamerica.org\\\/fr\\\/2020\\\/01\\\/leglise-adventiste-evalue-toujours-les-degats-apres-le-tremblement-de-terre-qui-a-frappe-porto-rico\\\/\"},\"wordCount\":969,\"commentCount\":0,\"image\":{\"@id\":\"https:\\\/\\\/interamerica.org\\\/fr\\\/2020\\\/01\\\/leglise-adventiste-evalue-toujours-les-degats-apres-le-tremblement-de-terre-qui-a-frappe-porto-rico\\\/#primaryimage\"},\"thumbnailUrl\":\"https:\\\/\\\/interamerica.org\\\/wp-content\\\/uploads\\\/2020\\\/01\\\/guayanilla-member-home.jpg\",\"articleSection\":[\"Nouvelles du territoire\",\"RSS Fran\u00e7ais\"],\"inLanguage\":\"fr-FR\",\"potentialAction\":[{\"@type\":\"CommentAction\",\"name\":\"Comment\",\"target\":[\"https:\\\/\\\/interamerica.org\\\/fr\\\/2020\\\/01\\\/leglise-adventiste-evalue-toujours-les-degats-apres-le-tremblement-de-terre-qui-a-frappe-porto-rico\\\/#respond\"]}]},{\"@type\":\"WebPage\",\"@id\":\"https:\\\/\\\/interamerica.org\\\/fr\\\/2020\\\/01\\\/leglise-adventiste-evalue-toujours-les-degats-apres-le-tremblement-de-terre-qui-a-frappe-porto-rico\\\/\",\"url\":\"https:\\\/\\\/interamerica.org\\\/fr\\\/2020\\\/01\\\/leglise-adventiste-evalue-toujours-les-degats-apres-le-tremblement-de-terre-qui-a-frappe-porto-rico\\\/\",\"name\":\"L\u2019\u00c9glise adventiste \u00e9value toujours les d\u00e9g\u00e2ts apr\u00e8s le tremblement de terre qui a frapp\u00e9 Porto Rico - \u00c9glise Adventiste Du Septieme Jour - Inter Am\u00e9rique Division\",\"isPartOf\":{\"@id\":\"https:\\\/\\\/interamerica.org\\\/fr\\\/#website\"},\"primaryImageOfPage\":{\"@id\":\"https:\\\/\\\/interamerica.org\\\/fr\\\/2020\\\/01\\\/leglise-adventiste-evalue-toujours-les-degats-apres-le-tremblement-de-terre-qui-a-frappe-porto-rico\\\/#primaryimage\"},\"image\":{\"@id\":\"https:\\\/\\\/interamerica.org\\\/fr\\\/2020\\\/01\\\/leglise-adventiste-evalue-toujours-les-degats-apres-le-tremblement-de-terre-qui-a-frappe-porto-rico\\\/#primaryimage\"},\"thumbnailUrl\":\"https:\\\/\\\/interamerica.org\\\/wp-content\\\/uploads\\\/2020\\\/01\\\/guayanilla-member-home.jpg\",\"datePublished\":\"2020-01-08T01:35:35+00:00\",\"dateModified\":\"2020-02-06T17:58:23+00:00\",\"author\":{\"@id\":\"https:\\\/\\\/interamerica.org\\\/fr\\\/#\\\/schema\\\/person\\\/29998f2bc2d8bd0d38662909289b54f1\"},\"breadcrumb\":{\"@id\":\"https:\\\/\\\/interamerica.org\\\/fr\\\/2020\\\/01\\\/leglise-adventiste-evalue-toujours-les-degats-apres-le-tremblement-de-terre-qui-a-frappe-porto-rico\\\/#breadcrumb\"},\"inLanguage\":\"fr-FR\",\"potentialAction\":[{\"@type\":\"ReadAction\",\"target\":[\"https:\\\/\\\/interamerica.org\\\/fr\\\/2020\\\/01\\\/leglise-adventiste-evalue-toujours-les-degats-apres-le-tremblement-de-terre-qui-a-frappe-porto-rico\\\/\"]}]},{\"@type\":\"ImageObject\",\"inLanguage\":\"fr-FR\",\"@id\":\"https:\\\/\\\/interamerica.org\\\/fr\\\/2020\\\/01\\\/leglise-adventiste-evalue-toujours-les-degats-apres-le-tremblement-de-terre-qui-a-frappe-porto-rico\\\/#primaryimage\",\"url\":\"https:\\\/\\\/interamerica.org\\\/wp-content\\\/uploads\\\/2020\\\/01\\\/guayanilla-member-home.jpg\",\"contentUrl\":\"https:\\\/\\\/interamerica.org\\\/wp-content\\\/uploads\\\/2020\\\/01\\\/guayanilla-member-home.jpg\",\"width\":1280,\"height\":800,\"caption\":\"[Photo : Leonel Escobales \\\/ F\u00e9d\u00e9ration du Sud de Porto Rico]\"},{\"@type\":\"BreadcrumbList\",\"@id\":\"https:\\\/\\\/interamerica.org\\\/fr\\\/2020\\\/01\\\/leglise-adventiste-evalue-toujours-les-degats-apres-le-tremblement-de-terre-qui-a-frappe-porto-rico\\\/#breadcrumb\",\"itemListElement\":[{\"@type\":\"ListItem\",\"position\":1,\"name\":\"Home\",\"item\":\"https:\\\/\\\/interamerica.org\\\/fr\\\/\"},{\"@type\":\"ListItem\",\"position\":2,\"name\":\"L\u2019\u00c9glise adventiste \u00e9value toujours les d\u00e9g\u00e2ts apr\u00e8s le tremblement de terre qui a frapp\u00e9 Porto Rico\"}]},{\"@type\":\"WebSite\",\"@id\":\"https:\\\/\\\/interamerica.org\\\/fr\\\/#website\",\"url\":\"https:\\\/\\\/interamerica.org\\\/fr\\\/\",\"name\":\"\u00c9glise Adventiste Du Septieme Jour - Inter Am\u00e9rique Division\",\"description\":\"\",\"potentialAction\":[{\"@type\":\"SearchAction\",\"target\":{\"@type\":\"EntryPoint\",\"urlTemplate\":\"https:\\\/\\\/interamerica.org\\\/fr\\\/?s={search_term_string}\"},\"query-input\":{\"@type\":\"PropertyValueSpecification\",\"valueRequired\":true,\"valueName\":\"search_term_string\"}}],\"inLanguage\":\"fr-FR\"},{\"@type\":\"Person\",\"@id\":\"https:\\\/\\\/interamerica.org\\\/fr\\\/#\\\/schema\\\/person\\\/29998f2bc2d8bd0d38662909289b54f1\",\"name\":\"libna\",\"image\":{\"@type\":\"ImageObject\",\"inLanguage\":\"fr-FR\",\"@id\":\"https:\\\/\\\/secure.gravatar.com\\\/avatar\\\/7c5bd30ae4b47a9ba3c856590957fd1d96dc588bf3ac05719d247e126840331f?s=96&d=mm&r=g\",\"url\":\"https:\\\/\\\/secure.gravatar.com\\\/avatar\\\/7c5bd30ae4b47a9ba3c856590957fd1d96dc588bf3ac05719d247e126840331f?s=96&d=mm&r=g\",\"contentUrl\":\"https:\\\/\\\/secure.gravatar.com\\\/avatar\\\/7c5bd30ae4b47a9ba3c856590957fd1d96dc588bf3ac05719d247e126840331f?s=96&d=mm&r=g\",\"caption\":\"libna\"}}]}<\/script>\n<!-- \/ Yoast SEO plugin. -->","yoast_head_json":{"title":"L\u2019\u00c9glise adventiste \u00e9value toujours les d\u00e9g\u00e2ts apr\u00e8s le tremblement de terre qui a frapp\u00e9 Porto Rico - \u00c9glise Adventiste Du Septieme Jour - Inter Am\u00e9rique Division","robots":{"index":"index","follow":"follow","max-snippet":"max-snippet:-1","max-image-preview":"max-image-preview:large","max-video-preview":"max-video-preview:-1"},"canonical":"https:\/\/interamerica.org\/fr\/2020\/01\/leglise-adventiste-evalue-toujours-les-degats-apres-le-tremblement-de-terre-qui-a-frappe-porto-rico\/","og_locale":"fr_FR","og_type":"article","og_title":"L\u2019\u00c9glise adventiste \u00e9value toujours les d\u00e9g\u00e2ts apr\u00e8s le tremblement de terre qui a frapp\u00e9 Porto Rico - \u00c9glise Adventiste Du Septieme Jour - Inter Am\u00e9rique Division","og_description":"7 Janvier 2020 | Miami, Floride, \u00c9tats-Unis | Libna Stevens \/ DIA Les dirigeants adventistes du septi\u00e8me jour \u00e0 Porto Rico sont toujours d\u00e9concert\u00e9s par une s\u00e9rie de tremblements de...","og_url":"https:\/\/interamerica.org\/fr\/2020\/01\/leglise-adventiste-evalue-toujours-les-degats-apres-le-tremblement-de-terre-qui-a-frappe-porto-rico\/","og_site_name":"\u00c9glise Adventiste Du Septieme Jour - Inter Am\u00e9rique Division","article_published_time":"2020-01-08T01:35:35+00:00","article_modified_time":"2020-02-06T17:58:23+00:00","og_image":[{"width":1280,"height":800,"url":"https:\/\/interamerica.org\/wp-content\/uploads\/2020\/01\/guayanilla-member-home.jpg","type":"image\/jpeg"}],"author":"libna","twitter_card":"summary_large_image","twitter_misc":{"\u00c9crit par":"libna","Dur\u00e9e de lecture estim\u00e9e":"5 minutes"},"schema":{"@context":"https:\/\/schema.org","@graph":[{"@type":"Article","@id":"https:\/\/interamerica.org\/fr\/2020\/01\/leglise-adventiste-evalue-toujours-les-degats-apres-le-tremblement-de-terre-qui-a-frappe-porto-rico\/#article","isPartOf":{"@id":"https:\/\/interamerica.org\/fr\/2020\/01\/leglise-adventiste-evalue-toujours-les-degats-apres-le-tremblement-de-terre-qui-a-frappe-porto-rico\/"},"author":{"name":"libna","@id":"https:\/\/interamerica.org\/fr\/#\/schema\/person\/29998f2bc2d8bd0d38662909289b54f1"},"headline":"L\u2019\u00c9glise adventiste \u00e9value toujours les d\u00e9g\u00e2ts apr\u00e8s le tremblement de terre qui a frapp\u00e9 Porto Rico","datePublished":"2020-01-08T01:35:35+00:00","dateModified":"2020-02-06T17:58:23+00:00","mainEntityOfPage":{"@id":"https:\/\/interamerica.org\/fr\/2020\/01\/leglise-adventiste-evalue-toujours-les-degats-apres-le-tremblement-de-terre-qui-a-frappe-porto-rico\/"},"wordCount":969,"commentCount":0,"image":{"@id":"https:\/\/interamerica.org\/fr\/2020\/01\/leglise-adventiste-evalue-toujours-les-degats-apres-le-tremblement-de-terre-qui-a-frappe-porto-rico\/#primaryimage"},"thumbnailUrl":"https:\/\/interamerica.org\/wp-content\/uploads\/2020\/01\/guayanilla-member-home.jpg","articleSection":["Nouvelles du territoire","RSS Fran\u00e7ais"],"inLanguage":"fr-FR","potentialAction":[{"@type":"CommentAction","name":"Comment","target":["https:\/\/interamerica.org\/fr\/2020\/01\/leglise-adventiste-evalue-toujours-les-degats-apres-le-tremblement-de-terre-qui-a-frappe-porto-rico\/#respond"]}]},{"@type":"WebPage","@id":"https:\/\/interamerica.org\/fr\/2020\/01\/leglise-adventiste-evalue-toujours-les-degats-apres-le-tremblement-de-terre-qui-a-frappe-porto-rico\/","url":"https:\/\/interamerica.org\/fr\/2020\/01\/leglise-adventiste-evalue-toujours-les-degats-apres-le-tremblement-de-terre-qui-a-frappe-porto-rico\/","name":"L\u2019\u00c9glise adventiste \u00e9value toujours les d\u00e9g\u00e2ts apr\u00e8s le tremblement de terre qui a frapp\u00e9 Porto Rico - \u00c9glise Adventiste Du Septieme Jour - Inter Am\u00e9rique Division","isPartOf":{"@id":"https:\/\/interamerica.org\/fr\/#website"},"primaryImageOfPage":{"@id":"https:\/\/interamerica.org\/fr\/2020\/01\/leglise-adventiste-evalue-toujours-les-degats-apres-le-tremblement-de-terre-qui-a-frappe-porto-rico\/#primaryimage"},"image":{"@id":"https:\/\/interamerica.org\/fr\/2020\/01\/leglise-adventiste-evalue-toujours-les-degats-apres-le-tremblement-de-terre-qui-a-frappe-porto-rico\/#primaryimage"},"thumbnailUrl":"https:\/\/interamerica.org\/wp-content\/uploads\/2020\/01\/guayanilla-member-home.jpg","datePublished":"2020-01-08T01:35:35+00:00","dateModified":"2020-02-06T17:58:23+00:00","author":{"@id":"https:\/\/interamerica.org\/fr\/#\/schema\/person\/29998f2bc2d8bd0d38662909289b54f1"},"breadcrumb":{"@id":"https:\/\/interamerica.org\/fr\/2020\/01\/leglise-adventiste-evalue-toujours-les-degats-apres-le-tremblement-de-terre-qui-a-frappe-porto-rico\/#breadcrumb"},"inLanguage":"fr-FR","potentialAction":[{"@type":"ReadAction","target":["https:\/\/interamerica.org\/fr\/2020\/01\/leglise-adventiste-evalue-toujours-les-degats-apres-le-tremblement-de-terre-qui-a-frappe-porto-rico\/"]}]},{"@type":"ImageObject","inLanguage":"fr-FR","@id":"https:\/\/interamerica.org\/fr\/2020\/01\/leglise-adventiste-evalue-toujours-les-degats-apres-le-tremblement-de-terre-qui-a-frappe-porto-rico\/#primaryimage","url":"https:\/\/interamerica.org\/wp-content\/uploads\/2020\/01\/guayanilla-member-home.jpg","contentUrl":"https:\/\/interamerica.org\/wp-content\/uploads\/2020\/01\/guayanilla-member-home.jpg","width":1280,"height":800,"caption":"[Photo : Leonel Escobales \/ F\u00e9d\u00e9ration du Sud de Porto Rico]"},{"@type":"BreadcrumbList","@id":"https:\/\/interamerica.org\/fr\/2020\/01\/leglise-adventiste-evalue-toujours-les-degats-apres-le-tremblement-de-terre-qui-a-frappe-porto-rico\/#breadcrumb","itemListElement":[{"@type":"ListItem","position":1,"name":"Home","item":"https:\/\/interamerica.org\/fr\/"},{"@type":"ListItem","position":2,"name":"L\u2019\u00c9glise adventiste \u00e9value toujours les d\u00e9g\u00e2ts apr\u00e8s le tremblement de terre qui a frapp\u00e9 Porto Rico"}]},{"@type":"WebSite","@id":"https:\/\/interamerica.org\/fr\/#website","url":"https:\/\/interamerica.org\/fr\/","name":"\u00c9glise Adventiste Du Septieme Jour - Inter Am\u00e9rique Division","description":"","potentialAction":[{"@type":"SearchAction","target":{"@type":"EntryPoint","urlTemplate":"https:\/\/interamerica.org\/fr\/?s={search_term_string}"},"query-input":{"@type":"PropertyValueSpecification","valueRequired":true,"valueName":"search_term_string"}}],"inLanguage":"fr-FR"},{"@type":"Person","@id":"https:\/\/interamerica.org\/fr\/#\/schema\/person\/29998f2bc2d8bd0d38662909289b54f1","name":"libna","image":{"@type":"ImageObject","inLanguage":"fr-FR","@id":"https:\/\/secure.gravatar.com\/avatar\/7c5bd30ae4b47a9ba3c856590957fd1d96dc588bf3ac05719d247e126840331f?s=96&d=mm&r=g","url":"https:\/\/secure.gravatar.com\/avatar\/7c5bd30ae4b47a9ba3c856590957fd1d96dc588bf3ac05719d247e126840331f?s=96&d=mm&r=g","contentUrl":"https:\/\/secure.gravatar.com\/avatar\/7c5bd30ae4b47a9ba3c856590957fd1d96dc588bf3ac05719d247e126840331f?s=96&d=mm&r=g","caption":"libna"}}]}},"_links":{"self":[{"href":"https:\/\/interamerica.org\/fr\/wp-json\/wp\/v2\/posts\/54447","targetHints":{"allow":["GET"]}}],"collection":[{"href":"https:\/\/interamerica.org\/fr\/wp-json\/wp\/v2\/posts"}],"about":[{"href":"https:\/\/interamerica.org\/fr\/wp-json\/wp\/v2\/types\/post"}],"author":[{"embeddable":true,"href":"https:\/\/interamerica.org\/fr\/wp-json\/wp\/v2\/users\/3"}],"replies":[{"embeddable":true,"href":"https:\/\/interamerica.org\/fr\/wp-json\/wp\/v2\/comments?post=54447"}],"version-history":[{"count":0,"href":"https:\/\/interamerica.org\/fr\/wp-json\/wp\/v2\/posts\/54447\/revisions"}],"wp:featuredmedia":[{"embeddable":true,"href":"https:\/\/interamerica.org\/fr\/wp-json\/wp\/v2\/media\/54279"}],"wp:attachment":[{"href":"https:\/\/interamerica.org\/fr\/wp-json\/wp\/v2\/media?parent=54447"}],"wp:term":[{"taxonomy":"category","embeddable":true,"href":"https:\/\/interamerica.org\/fr\/wp-json\/wp\/v2\/categories?post=54447"},{"taxonomy":"post_tag","embeddable":true,"href":"https:\/\/interamerica.org\/fr\/wp-json\/wp\/v2\/tags?post=54447"}],"curies":[{"name":"wp","href":"https:\/\/api.w.org\/{rel}","templated":true}]}}