{"id":54581,"date":"2020-01-11T22:04:17","date_gmt":"2020-01-12T02:04:17","guid":{"rendered":"https:\/\/recursing-golick.147-182-135-0.plesk.page\/?p=54581"},"modified":"2020-02-06T13:58:17","modified_gmt":"2020-02-06T17:58:17","slug":"un-nouveau-centre-de-readaptation-pour-des-patients-qui-en-ont-grandement-besoin","status":"publish","type":"post","link":"https:\/\/interamerica.org\/fr\/2020\/01\/un-nouveau-centre-de-readaptation-pour-des-patients-qui-en-ont-grandement-besoin\/","title":{"rendered":"Un nouveau centre de r\u00e9adaptation pour des patients qui en ont grandement besoin"},"content":{"rendered":"<div style=\"width: 808px\" class=\"wp-caption aligncenter\"><img fetchpriority=\"high\" decoding=\"async\" class=\"\" src=\"https:\/\/recursing-golick.147-182-135-0.plesk.page\/wp-content\/uploads\/2020\/01\/new-rehab-center-will-assist-patients-after-a-major-health-event.jpg\" alt=\"\" width=\"798\" height=\"399\" \/><p class=\"wp-caption-text\">D\u2019apr\u00e8s les dirigeants d\u2019AdventHealth, le nouveau centre de r\u00e9adaptation Waterman de Tavares, dans l\u2019\u00c9tat am\u00e9ricain de la Floride, offrira des soins aux patients de la population dont l\u2019\u00e9tat de sant\u00e9 a subitement \u00e9t\u00e9 gravement affect\u00e9 par un ph\u00e9nom\u00e8ne comme un accident vasculaire c\u00e9r\u00e9bral, des l\u00e9sions c\u00e9r\u00e9brales ou de la moelle \u00e9pini\u00e8re, une maladie cardiaque, une amputation, des troubles neurologiques ou des difficult\u00e9s respiratoires. Une photo du d\u00e9partement de Nouvelles d\u2019AdventHealth.<\/p><\/div>\n<p>Le 10 janvier 2020 | Orlando, Floride, \u00c9tats-Unis | Lindsay Cashio, <em>AdventHealth<\/em> et\u00a0<em>Adventist Review<\/em><\/p>\n<p>Les membres de la population environnante se sont r\u00e9cemment joints \u00e0 l\u2019h\u00f4pital Waterman d\u2019<em>AdventHealth<\/em> \u00e0 Tavares, dans l\u2019\u00c9tat am\u00e9ricain de la Floride, pour c\u00e9l\u00e9brer l\u2019ouverture d\u2019un nouveau centre de r\u00e9adaptation qui pourra h\u00e9berger douze patients \u00e0 la fois. Le centre \u00e9tait la derni\u00e8re phase d\u2019un agrandissement de 10\u00a0300 m\u00e8tres carr\u00e9s ayant co\u00fbt\u00e9 85 millions de dollars am\u00e9ricains.<\/p>\n<p>\u00ab\u00a0Nous avons tr\u00e8s h\u00e2te d\u2019ouvrir cet \u00e9tablissement de r\u00e9adaptation. Il s\u2019agit d\u2019un tout nouveau type de service, unique dans Lake County\u00a0\u00bb, a dit Julian Coomes, directeur administratif des services de r\u00e9adaptation de l\u2019h\u00f4pital Waterman d\u2019<em>AdventHealth<\/em>.<\/p>\n<p>Avant, les patients et leurs familles devaient se rendre dans d\u2019autres compt\u00e9s pour recevoir ces services. Maintenant, les patients de Lake County peuvent rester et se r\u00e9tablir pr\u00e8s de chez eux.<\/p>\n<p>\u00ab\u00a0La sant\u00e9 des patients hospitalis\u00e9s ici a gravement et subitement \u00e9t\u00e9 affect\u00e9e, a expliqu\u00e9 M.\u00a0Coomes, par un \u00e9v\u00e9nement comme un AVC ou un autre traumatisme qui a vraiment chang\u00e9 leur vie et celle de leur famille. Les garder pr\u00e8s de la maison, o\u00f9 la famille peut demeurer aupr\u00e8s d\u2019eux, est essentiel \u00e0 la facilitation de leur r\u00e9tablissement.\u00a0\u00bb<\/p>\n<p>Le centre hospitalier de r\u00e9adaptation Waterman d\u2019<em>AdventHealth <\/em>offre des soins sp\u00e9cialis\u00e9s aux patients ayant subi un accident vasculaire c\u00e9r\u00e9bral (AVC), des l\u00e9sions c\u00e9r\u00e9brales ou de la moelle \u00e9pini\u00e8re, une maladie cardiaque, une amputation, des troubles neurologiques ou des difficult\u00e9s respiratoires. Pour se r\u00e9tablir, ces patients ont besoin d\u2019au moins trois heures de traitements par jour ainsi que d\u2019une expertise multidisciplinaire.<\/p>\n<p>Toutes les chambres du centre de r\u00e9adaptation Waterman sont priv\u00e9es. De plus, le centre comprend une chambre bariatrique dont l\u2019entr\u00e9e et la salle de bain sont plus grandes pour permettre de meilleurs soins aux patients pesant plus de 340\u00a0kg.<\/p>\n<p>Le centre de r\u00e9adaptation hospitalier contient \u00e9galement des espaces r\u00e9sidentiels pour aider les patients \u00e0 r\u00e9apprendre \u00e0 pratiquer les t\u00e2ches de la vie courante, comme la cuisine et la lessive, alors qu\u2019ils sont encore hospitalis\u00e9s.<\/p>\n<p>D\u2019apr\u00e8s M.\u00a0Coomes, \u00ab\u00a0La r\u00e9adaptation consiste en grande partie \u00e0 aider les patients \u00e0 s\u2019exercer aux choses qu\u2019ils faisaient \u00e0 la maison. Dans notre cuisine, ils peuvent s\u2019exercer \u00e0 cuisiner. Dans notre suite, qui ressemble \u00e0 un appartement, nous avons une laveuse et une s\u00e9cheuse ainsi qu\u2019un lit, qu\u2019ils peuvent utiliser pour s\u2019entra\u00eener, notamment, \u00e0 faire la lessive et \u00e0 faire un lit, pour les pr\u00e9parer \u00e0 retourner \u00e0 la maison.\u00a0\u00bb<\/p>\n<p>Cette unit\u00e9 offre aussi aux patients des technologies de pointe en mati\u00e8re de r\u00e9adaptation.<\/p>\n<p>Au gymnase, une voiture hydraulique s\u2019ajuste \u00e0 la hauteur exacte de la voiture du patient pour qu\u2019il s\u2019exerce au mouvement n\u00e9cessaire pour y entrer et en sortir de mani\u00e8re s\u00e9curitaire.<\/p>\n<p>Pour les patients dont la mobilit\u00e9 d\u2019un bras ou d\u2019une main est r\u00e9duite, le centre de r\u00e9adaptation Waterman est dot\u00e9 d\u2019un syst\u00e8me ArmeoSpring, la plus r\u00e9cente technologie qui permet l\u2019entra\u00eenement des bras et des mains ayant subi une diminution du fonctionnement de mod\u00e9r\u00e9e \u00e0 s\u00e9v\u00e8re.<\/p>\n<p>Quant \u00e0 lui, le syst\u00e8me sur rails Vector Gait Bioness de 30 m\u00e8tres aide le personnel infirmier et th\u00e9rapeutique \u00e0 assister les patients \u00e0 sortir du lit de mani\u00e8re s\u00e9curitaire. Le syst\u00e8me aide \u00e9galement les patients \u00e0 commencer \u00e0 marcher sans risque de chute.<\/p>\n<p>\u00ab\u00a0Les membres de notre personnel appr\u00e9cient particuli\u00e8rement le privil\u00e8ge d\u2019accompagner les patients tout au long de leur cheminement, a dit M.\u00a0Coomes. Ils aiment aussi \u00eatre capables de les voir progresser au fil des quelques semaines de leur h\u00e9bergement dans cette unit\u00e9 et passer d\u2019un grand besoin d\u2019aide \u00e0 la capacit\u00e9 de rentrer \u00e0 la maison.\u00a0\u00bb<\/p>\n<p>Le projet d\u2019agrandissement des installations de Waterman est le deuxi\u00e8me investissement en importance dans un \u00e9tablissement de soins de sant\u00e9 dans toute l\u2019histoire de Lake County, depuis la concr\u00e9tisation du campus hospitalier Waterman d\u2019<em>AdventHealth<\/em> de Tavares il y a plus de quinze ans.<\/p>\n<p>Avec l\u2019ouverture de cette nouvelle unit\u00e9, l\u2019h\u00f4pital Waterman d\u2019<em>AdventHealth<\/em> est devenu un \u00e9tablissement de 299 lits.<\/p>\n<p>La mission d\u2019<em>AdventHealth<\/em> consiste \u00e0 \u00e9largir le minist\u00e8re de gu\u00e9rison de J\u00e9sus. D\u2019apr\u00e8s son site internet, il s\u2019agit d\u2019une mission qui \u00ab\u00a0nous appelle \u00e0 \u00eatre ses mains et ses pieds pour aider les gens \u00e0 retrouver la sant\u00e9 globale. Notre histoire en est une d\u2019espoir, une histoire d\u2019efforts pour gu\u00e9rir tant l\u2019esprit que le corps.\u00a0\u00bb<\/p>\n<p><em>La <a href=\"https:\/\/www.adventhealth.com\/news\/adventhealth-waterman-celebrates-opening-new-inpatient-rehab-center\">version originale<\/a> de cet article a \u00e9t\u00e9 publi\u00e9e sur le <a href=\"https:\/\/www.adventhealth.com\/news-and-adventhealth-blog\">site de nouvelles<\/a> d\u2019<\/em>AdventHealth<em>.<\/em><\/p>\n<p>Traduction : Marie-Mich\u00e8le Robitaille<\/p>\n","protected":false},"excerpt":{"rendered":"<p>Le 10 janvier 2020 | Orlando, Floride, \u00c9tats-Unis | Lindsay Cashio, AdventHealth et\u00a0Adventist Review Les membres de la population environnante se sont r\u00e9cemment joints \u00e0 l\u2019h\u00f4pital Waterman d\u2019AdventHealth \u00e0 Tavares,&#8230;<\/p>\n","protected":false},"author":3,"featured_media":54571,"comment_status":"open","ping_status":"closed","sticky":false,"template":"","format":"standard","meta":{"_acf_changed":false,"footnotes":""},"categories":[18,19],"tags":[],"class_list":["post-54581","post","type-post","status-publish","format-standard","has-post-thumbnail","hentry","category-nouvelles-de-leglise-mondiale","category-rss-francais"],"acf":[],"yoast_head":"<!-- This site is optimized with the Yoast SEO plugin v27.3 - https:\/\/yoast.com\/product\/yoast-seo-wordpress\/ -->\n<title>Un nouveau centre de r\u00e9adaptation pour des patients qui en ont grandement besoin - \u00c9glise Adventiste Du Septieme Jour - Inter Am\u00e9rique Division<\/title>\n<meta name=\"robots\" content=\"index, follow, max-snippet:-1, max-image-preview:large, max-video-preview:-1\" \/>\n<link rel=\"canonical\" href=\"https:\/\/interamerica.org\/fr\/2020\/01\/un-nouveau-centre-de-readaptation-pour-des-patients-qui-en-ont-grandement-besoin\/\" \/>\n<meta property=\"og:locale\" content=\"fr_FR\" \/>\n<meta property=\"og:type\" content=\"article\" \/>\n<meta property=\"og:title\" content=\"Un nouveau centre de r\u00e9adaptation pour des patients qui en ont grandement besoin - \u00c9glise Adventiste Du Septieme Jour - Inter Am\u00e9rique Division\" \/>\n<meta property=\"og:description\" content=\"Le 10 janvier 2020 | Orlando, Floride, \u00c9tats-Unis | Lindsay Cashio, AdventHealth et\u00a0Adventist Review Les membres de la population environnante se sont r\u00e9cemment joints \u00e0 l\u2019h\u00f4pital Waterman d\u2019AdventHealth \u00e0 Tavares,...\" \/>\n<meta property=\"og:url\" content=\"https:\/\/interamerica.org\/fr\/2020\/01\/un-nouveau-centre-de-readaptation-pour-des-patients-qui-en-ont-grandement-besoin\/\" \/>\n<meta property=\"og:site_name\" content=\"\u00c9glise Adventiste Du Septieme Jour - Inter Am\u00e9rique Division\" \/>\n<meta property=\"article:published_time\" content=\"2020-01-12T02:04:17+00:00\" \/>\n<meta property=\"article:modified_time\" content=\"2020-02-06T17:58:17+00:00\" \/>\n<meta property=\"og:image\" content=\"https:\/\/interamerica.org\/wp-content\/uploads\/2020\/01\/new-rehab-center-will-assist-patients-after-a-major-health-event.jpg\" \/>\n\t<meta property=\"og:image:width\" content=\"1000\" \/>\n\t<meta property=\"og:image:height\" content=\"500\" \/>\n\t<meta property=\"og:image:type\" content=\"image\/jpeg\" \/>\n<meta name=\"author\" content=\"libna\" \/>\n<meta name=\"twitter:card\" content=\"summary_large_image\" \/>\n<meta name=\"twitter:label1\" content=\"\u00c9crit par\" \/>\n\t<meta name=\"twitter:data1\" content=\"libna\" \/>\n\t<meta name=\"twitter:label2\" content=\"Dur\u00e9e de lecture estim\u00e9e\" \/>\n\t<meta name=\"twitter:data2\" content=\"5 minutes\" \/>\n<script type=\"application\/ld+json\" class=\"yoast-schema-graph\">{\"@context\":\"https:\\\/\\\/schema.org\",\"@graph\":[{\"@type\":\"Article\",\"@id\":\"https:\\\/\\\/interamerica.org\\\/fr\\\/2020\\\/01\\\/un-nouveau-centre-de-readaptation-pour-des-patients-qui-en-ont-grandement-besoin\\\/#article\",\"isPartOf\":{\"@id\":\"https:\\\/\\\/interamerica.org\\\/fr\\\/2020\\\/01\\\/un-nouveau-centre-de-readaptation-pour-des-patients-qui-en-ont-grandement-besoin\\\/\"},\"author\":{\"name\":\"libna\",\"@id\":\"https:\\\/\\\/interamerica.org\\\/fr\\\/#\\\/schema\\\/person\\\/29998f2bc2d8bd0d38662909289b54f1\"},\"headline\":\"Un nouveau centre de r\u00e9adaptation pour des patients qui en ont grandement besoin\",\"datePublished\":\"2020-01-12T02:04:17+00:00\",\"dateModified\":\"2020-02-06T17:58:17+00:00\",\"mainEntityOfPage\":{\"@id\":\"https:\\\/\\\/interamerica.org\\\/fr\\\/2020\\\/01\\\/un-nouveau-centre-de-readaptation-pour-des-patients-qui-en-ont-grandement-besoin\\\/\"},\"wordCount\":928,\"commentCount\":0,\"image\":{\"@id\":\"https:\\\/\\\/interamerica.org\\\/fr\\\/2020\\\/01\\\/un-nouveau-centre-de-readaptation-pour-des-patients-qui-en-ont-grandement-besoin\\\/#primaryimage\"},\"thumbnailUrl\":\"https:\\\/\\\/interamerica.org\\\/wp-content\\\/uploads\\\/2020\\\/01\\\/new-rehab-center-will-assist-patients-after-a-major-health-event.jpg\",\"articleSection\":[\"Nouvelles de l'\u00c9glise mondiale\",\"RSS Fran\u00e7ais\"],\"inLanguage\":\"fr-FR\",\"potentialAction\":[{\"@type\":\"CommentAction\",\"name\":\"Comment\",\"target\":[\"https:\\\/\\\/interamerica.org\\\/fr\\\/2020\\\/01\\\/un-nouveau-centre-de-readaptation-pour-des-patients-qui-en-ont-grandement-besoin\\\/#respond\"]}]},{\"@type\":\"WebPage\",\"@id\":\"https:\\\/\\\/interamerica.org\\\/fr\\\/2020\\\/01\\\/un-nouveau-centre-de-readaptation-pour-des-patients-qui-en-ont-grandement-besoin\\\/\",\"url\":\"https:\\\/\\\/interamerica.org\\\/fr\\\/2020\\\/01\\\/un-nouveau-centre-de-readaptation-pour-des-patients-qui-en-ont-grandement-besoin\\\/\",\"name\":\"Un nouveau centre de r\u00e9adaptation pour des patients qui en ont grandement besoin - \u00c9glise Adventiste Du Septieme Jour - Inter Am\u00e9rique Division\",\"isPartOf\":{\"@id\":\"https:\\\/\\\/interamerica.org\\\/fr\\\/#website\"},\"primaryImageOfPage\":{\"@id\":\"https:\\\/\\\/interamerica.org\\\/fr\\\/2020\\\/01\\\/un-nouveau-centre-de-readaptation-pour-des-patients-qui-en-ont-grandement-besoin\\\/#primaryimage\"},\"image\":{\"@id\":\"https:\\\/\\\/interamerica.org\\\/fr\\\/2020\\\/01\\\/un-nouveau-centre-de-readaptation-pour-des-patients-qui-en-ont-grandement-besoin\\\/#primaryimage\"},\"thumbnailUrl\":\"https:\\\/\\\/interamerica.org\\\/wp-content\\\/uploads\\\/2020\\\/01\\\/new-rehab-center-will-assist-patients-after-a-major-health-event.jpg\",\"datePublished\":\"2020-01-12T02:04:17+00:00\",\"dateModified\":\"2020-02-06T17:58:17+00:00\",\"author\":{\"@id\":\"https:\\\/\\\/interamerica.org\\\/fr\\\/#\\\/schema\\\/person\\\/29998f2bc2d8bd0d38662909289b54f1\"},\"breadcrumb\":{\"@id\":\"https:\\\/\\\/interamerica.org\\\/fr\\\/2020\\\/01\\\/un-nouveau-centre-de-readaptation-pour-des-patients-qui-en-ont-grandement-besoin\\\/#breadcrumb\"},\"inLanguage\":\"fr-FR\",\"potentialAction\":[{\"@type\":\"ReadAction\",\"target\":[\"https:\\\/\\\/interamerica.org\\\/fr\\\/2020\\\/01\\\/un-nouveau-centre-de-readaptation-pour-des-patients-qui-en-ont-grandement-besoin\\\/\"]}]},{\"@type\":\"ImageObject\",\"inLanguage\":\"fr-FR\",\"@id\":\"https:\\\/\\\/interamerica.org\\\/fr\\\/2020\\\/01\\\/un-nouveau-centre-de-readaptation-pour-des-patients-qui-en-ont-grandement-besoin\\\/#primaryimage\",\"url\":\"https:\\\/\\\/interamerica.org\\\/wp-content\\\/uploads\\\/2020\\\/01\\\/new-rehab-center-will-assist-patients-after-a-major-health-event.jpg\",\"contentUrl\":\"https:\\\/\\\/interamerica.org\\\/wp-content\\\/uploads\\\/2020\\\/01\\\/new-rehab-center-will-assist-patients-after-a-major-health-event.jpg\",\"width\":1000,\"height\":500,\"caption\":\"D\u2019apr\u00e8s les dirigeants d\u2019AdventHealth, le nouveau centre de r\u00e9adaptation Waterman de Tavares, dans l\u2019\u00c9tat am\u00e9ricain de la Floride, offrira des soins aux patients de la population dont l\u2019\u00e9tat de sant\u00e9 a subitement \u00e9t\u00e9 gravement affect\u00e9 par un ph\u00e9nom\u00e8ne comme un accident vasculaire c\u00e9r\u00e9bral, des l\u00e9sions c\u00e9r\u00e9brales ou de la moelle \u00e9pini\u00e8re, une maladie cardiaque, une amputation, des troubles neurologiques ou des difficult\u00e9s respiratoires. Une photo du d\u00e9partement de Nouvelles d\u2019AdventHealth.\"},{\"@type\":\"BreadcrumbList\",\"@id\":\"https:\\\/\\\/interamerica.org\\\/fr\\\/2020\\\/01\\\/un-nouveau-centre-de-readaptation-pour-des-patients-qui-en-ont-grandement-besoin\\\/#breadcrumb\",\"itemListElement\":[{\"@type\":\"ListItem\",\"position\":1,\"name\":\"Home\",\"item\":\"https:\\\/\\\/interamerica.org\\\/fr\\\/\"},{\"@type\":\"ListItem\",\"position\":2,\"name\":\"Un nouveau centre de r\u00e9adaptation pour des patients qui en ont grandement besoin\"}]},{\"@type\":\"WebSite\",\"@id\":\"https:\\\/\\\/interamerica.org\\\/fr\\\/#website\",\"url\":\"https:\\\/\\\/interamerica.org\\\/fr\\\/\",\"name\":\"\u00c9glise Adventiste Du Septieme Jour - Inter Am\u00e9rique Division\",\"description\":\"\",\"potentialAction\":[{\"@type\":\"SearchAction\",\"target\":{\"@type\":\"EntryPoint\",\"urlTemplate\":\"https:\\\/\\\/interamerica.org\\\/fr\\\/?s={search_term_string}\"},\"query-input\":{\"@type\":\"PropertyValueSpecification\",\"valueRequired\":true,\"valueName\":\"search_term_string\"}}],\"inLanguage\":\"fr-FR\"},{\"@type\":\"Person\",\"@id\":\"https:\\\/\\\/interamerica.org\\\/fr\\\/#\\\/schema\\\/person\\\/29998f2bc2d8bd0d38662909289b54f1\",\"name\":\"libna\",\"image\":{\"@type\":\"ImageObject\",\"inLanguage\":\"fr-FR\",\"@id\":\"https:\\\/\\\/secure.gravatar.com\\\/avatar\\\/7c5bd30ae4b47a9ba3c856590957fd1d96dc588bf3ac05719d247e126840331f?s=96&d=mm&r=g\",\"url\":\"https:\\\/\\\/secure.gravatar.com\\\/avatar\\\/7c5bd30ae4b47a9ba3c856590957fd1d96dc588bf3ac05719d247e126840331f?s=96&d=mm&r=g\",\"contentUrl\":\"https:\\\/\\\/secure.gravatar.com\\\/avatar\\\/7c5bd30ae4b47a9ba3c856590957fd1d96dc588bf3ac05719d247e126840331f?s=96&d=mm&r=g\",\"caption\":\"libna\"}}]}<\/script>\n<!-- \/ Yoast SEO plugin. -->","yoast_head_json":{"title":"Un nouveau centre de r\u00e9adaptation pour des patients qui en ont grandement besoin - \u00c9glise Adventiste Du Septieme Jour - Inter Am\u00e9rique Division","robots":{"index":"index","follow":"follow","max-snippet":"max-snippet:-1","max-image-preview":"max-image-preview:large","max-video-preview":"max-video-preview:-1"},"canonical":"https:\/\/interamerica.org\/fr\/2020\/01\/un-nouveau-centre-de-readaptation-pour-des-patients-qui-en-ont-grandement-besoin\/","og_locale":"fr_FR","og_type":"article","og_title":"Un nouveau centre de r\u00e9adaptation pour des patients qui en ont grandement besoin - \u00c9glise Adventiste Du Septieme Jour - Inter Am\u00e9rique Division","og_description":"Le 10 janvier 2020 | Orlando, Floride, \u00c9tats-Unis | Lindsay Cashio, AdventHealth et\u00a0Adventist Review Les membres de la population environnante se sont r\u00e9cemment joints \u00e0 l\u2019h\u00f4pital Waterman d\u2019AdventHealth \u00e0 Tavares,...","og_url":"https:\/\/interamerica.org\/fr\/2020\/01\/un-nouveau-centre-de-readaptation-pour-des-patients-qui-en-ont-grandement-besoin\/","og_site_name":"\u00c9glise Adventiste Du Septieme Jour - Inter Am\u00e9rique Division","article_published_time":"2020-01-12T02:04:17+00:00","article_modified_time":"2020-02-06T17:58:17+00:00","og_image":[{"width":1000,"height":500,"url":"https:\/\/interamerica.org\/wp-content\/uploads\/2020\/01\/new-rehab-center-will-assist-patients-after-a-major-health-event.jpg","type":"image\/jpeg"}],"author":"libna","twitter_card":"summary_large_image","twitter_misc":{"\u00c9crit par":"libna","Dur\u00e9e de lecture estim\u00e9e":"5 minutes"},"schema":{"@context":"https:\/\/schema.org","@graph":[{"@type":"Article","@id":"https:\/\/interamerica.org\/fr\/2020\/01\/un-nouveau-centre-de-readaptation-pour-des-patients-qui-en-ont-grandement-besoin\/#article","isPartOf":{"@id":"https:\/\/interamerica.org\/fr\/2020\/01\/un-nouveau-centre-de-readaptation-pour-des-patients-qui-en-ont-grandement-besoin\/"},"author":{"name":"libna","@id":"https:\/\/interamerica.org\/fr\/#\/schema\/person\/29998f2bc2d8bd0d38662909289b54f1"},"headline":"Un nouveau centre de r\u00e9adaptation pour des patients qui en ont grandement besoin","datePublished":"2020-01-12T02:04:17+00:00","dateModified":"2020-02-06T17:58:17+00:00","mainEntityOfPage":{"@id":"https:\/\/interamerica.org\/fr\/2020\/01\/un-nouveau-centre-de-readaptation-pour-des-patients-qui-en-ont-grandement-besoin\/"},"wordCount":928,"commentCount":0,"image":{"@id":"https:\/\/interamerica.org\/fr\/2020\/01\/un-nouveau-centre-de-readaptation-pour-des-patients-qui-en-ont-grandement-besoin\/#primaryimage"},"thumbnailUrl":"https:\/\/interamerica.org\/wp-content\/uploads\/2020\/01\/new-rehab-center-will-assist-patients-after-a-major-health-event.jpg","articleSection":["Nouvelles de l'\u00c9glise mondiale","RSS Fran\u00e7ais"],"inLanguage":"fr-FR","potentialAction":[{"@type":"CommentAction","name":"Comment","target":["https:\/\/interamerica.org\/fr\/2020\/01\/un-nouveau-centre-de-readaptation-pour-des-patients-qui-en-ont-grandement-besoin\/#respond"]}]},{"@type":"WebPage","@id":"https:\/\/interamerica.org\/fr\/2020\/01\/un-nouveau-centre-de-readaptation-pour-des-patients-qui-en-ont-grandement-besoin\/","url":"https:\/\/interamerica.org\/fr\/2020\/01\/un-nouveau-centre-de-readaptation-pour-des-patients-qui-en-ont-grandement-besoin\/","name":"Un nouveau centre de r\u00e9adaptation pour des patients qui en ont grandement besoin - \u00c9glise Adventiste Du Septieme Jour - Inter Am\u00e9rique Division","isPartOf":{"@id":"https:\/\/interamerica.org\/fr\/#website"},"primaryImageOfPage":{"@id":"https:\/\/interamerica.org\/fr\/2020\/01\/un-nouveau-centre-de-readaptation-pour-des-patients-qui-en-ont-grandement-besoin\/#primaryimage"},"image":{"@id":"https:\/\/interamerica.org\/fr\/2020\/01\/un-nouveau-centre-de-readaptation-pour-des-patients-qui-en-ont-grandement-besoin\/#primaryimage"},"thumbnailUrl":"https:\/\/interamerica.org\/wp-content\/uploads\/2020\/01\/new-rehab-center-will-assist-patients-after-a-major-health-event.jpg","datePublished":"2020-01-12T02:04:17+00:00","dateModified":"2020-02-06T17:58:17+00:00","author":{"@id":"https:\/\/interamerica.org\/fr\/#\/schema\/person\/29998f2bc2d8bd0d38662909289b54f1"},"breadcrumb":{"@id":"https:\/\/interamerica.org\/fr\/2020\/01\/un-nouveau-centre-de-readaptation-pour-des-patients-qui-en-ont-grandement-besoin\/#breadcrumb"},"inLanguage":"fr-FR","potentialAction":[{"@type":"ReadAction","target":["https:\/\/interamerica.org\/fr\/2020\/01\/un-nouveau-centre-de-readaptation-pour-des-patients-qui-en-ont-grandement-besoin\/"]}]},{"@type":"ImageObject","inLanguage":"fr-FR","@id":"https:\/\/interamerica.org\/fr\/2020\/01\/un-nouveau-centre-de-readaptation-pour-des-patients-qui-en-ont-grandement-besoin\/#primaryimage","url":"https:\/\/interamerica.org\/wp-content\/uploads\/2020\/01\/new-rehab-center-will-assist-patients-after-a-major-health-event.jpg","contentUrl":"https:\/\/interamerica.org\/wp-content\/uploads\/2020\/01\/new-rehab-center-will-assist-patients-after-a-major-health-event.jpg","width":1000,"height":500,"caption":"D\u2019apr\u00e8s les dirigeants d\u2019AdventHealth, le nouveau centre de r\u00e9adaptation Waterman de Tavares, dans l\u2019\u00c9tat am\u00e9ricain de la Floride, offrira des soins aux patients de la population dont l\u2019\u00e9tat de sant\u00e9 a subitement \u00e9t\u00e9 gravement affect\u00e9 par un ph\u00e9nom\u00e8ne comme un accident vasculaire c\u00e9r\u00e9bral, des l\u00e9sions c\u00e9r\u00e9brales ou de la moelle \u00e9pini\u00e8re, une maladie cardiaque, une amputation, des troubles neurologiques ou des difficult\u00e9s respiratoires. Une photo du d\u00e9partement de Nouvelles d\u2019AdventHealth."},{"@type":"BreadcrumbList","@id":"https:\/\/interamerica.org\/fr\/2020\/01\/un-nouveau-centre-de-readaptation-pour-des-patients-qui-en-ont-grandement-besoin\/#breadcrumb","itemListElement":[{"@type":"ListItem","position":1,"name":"Home","item":"https:\/\/interamerica.org\/fr\/"},{"@type":"ListItem","position":2,"name":"Un nouveau centre de r\u00e9adaptation pour des patients qui en ont grandement besoin"}]},{"@type":"WebSite","@id":"https:\/\/interamerica.org\/fr\/#website","url":"https:\/\/interamerica.org\/fr\/","name":"\u00c9glise Adventiste Du Septieme Jour - Inter Am\u00e9rique Division","description":"","potentialAction":[{"@type":"SearchAction","target":{"@type":"EntryPoint","urlTemplate":"https:\/\/interamerica.org\/fr\/?s={search_term_string}"},"query-input":{"@type":"PropertyValueSpecification","valueRequired":true,"valueName":"search_term_string"}}],"inLanguage":"fr-FR"},{"@type":"Person","@id":"https:\/\/interamerica.org\/fr\/#\/schema\/person\/29998f2bc2d8bd0d38662909289b54f1","name":"libna","image":{"@type":"ImageObject","inLanguage":"fr-FR","@id":"https:\/\/secure.gravatar.com\/avatar\/7c5bd30ae4b47a9ba3c856590957fd1d96dc588bf3ac05719d247e126840331f?s=96&d=mm&r=g","url":"https:\/\/secure.gravatar.com\/avatar\/7c5bd30ae4b47a9ba3c856590957fd1d96dc588bf3ac05719d247e126840331f?s=96&d=mm&r=g","contentUrl":"https:\/\/secure.gravatar.com\/avatar\/7c5bd30ae4b47a9ba3c856590957fd1d96dc588bf3ac05719d247e126840331f?s=96&d=mm&r=g","caption":"libna"}}]}},"_links":{"self":[{"href":"https:\/\/interamerica.org\/fr\/wp-json\/wp\/v2\/posts\/54581","targetHints":{"allow":["GET"]}}],"collection":[{"href":"https:\/\/interamerica.org\/fr\/wp-json\/wp\/v2\/posts"}],"about":[{"href":"https:\/\/interamerica.org\/fr\/wp-json\/wp\/v2\/types\/post"}],"author":[{"embeddable":true,"href":"https:\/\/interamerica.org\/fr\/wp-json\/wp\/v2\/users\/3"}],"replies":[{"embeddable":true,"href":"https:\/\/interamerica.org\/fr\/wp-json\/wp\/v2\/comments?post=54581"}],"version-history":[{"count":0,"href":"https:\/\/interamerica.org\/fr\/wp-json\/wp\/v2\/posts\/54581\/revisions"}],"wp:featuredmedia":[{"embeddable":true,"href":"https:\/\/interamerica.org\/fr\/wp-json\/wp\/v2\/media\/54571"}],"wp:attachment":[{"href":"https:\/\/interamerica.org\/fr\/wp-json\/wp\/v2\/media?parent=54581"}],"wp:term":[{"taxonomy":"category","embeddable":true,"href":"https:\/\/interamerica.org\/fr\/wp-json\/wp\/v2\/categories?post=54581"},{"taxonomy":"post_tag","embeddable":true,"href":"https:\/\/interamerica.org\/fr\/wp-json\/wp\/v2\/tags?post=54581"}],"curies":[{"name":"wp","href":"https:\/\/api.w.org\/{rel}","templated":true}]}}