{"id":54898,"date":"2020-01-22T12:56:54","date_gmt":"2020-01-22T16:56:54","guid":{"rendered":"https:\/\/recursing-golick.147-182-135-0.plesk.page\/?p=54898"},"modified":"2020-02-06T13:56:21","modified_gmt":"2020-02-06T17:56:21","slug":"les-noix-de-grenoble-contre-le-declin-cognitif-des-personnes-agees-a-risque","status":"publish","type":"post","link":"https:\/\/interamerica.org\/fr\/2020\/01\/les-noix-de-grenoble-contre-le-declin-cognitif-des-personnes-agees-a-risque\/","title":{"rendered":"Les noix de Grenoble contre le d\u00e9clin cognitif des personnes \u00e2g\u00e9es \u00e0 risque"},"content":{"rendered":"<p>Le 21 janvier 2020 | Loma Linda, Californie, \u00c9tats-Unis | Ansel Oliver, d\u00e9partement de Nouvelles sur la sant\u00e9 de l\u2019Universit\u00e9 de Loma Linda<\/p>\n<p>Selon une \u00e9tude men\u00e9e par des chercheurs de la Californie et de Barcelone, en Espagne, manger des noix de Grenoble pourrait contribuer au ralentissement du d\u00e9clin cognitif des populations \u00e2g\u00e9es.<\/p>\n<p><em><a href=\"https:\/\/academic.oup.com\/ajcn\/advance-article\/doi\/10.1093\/ajcn\/nqz328\/5698105?guestAccessKey=2586acc0-45bf-4689-8c27-f88abc134df4\">The Walnuts and Healthy Aging Study<\/a><\/em> (\u00ab\u00a0L\u2019\u00e9tude sur les noix de Grenoble et le sain vieillissement\u00a0\u00bb), publi\u00e9e ce mois-ci dans l\u2019<em>American Journal of Clinical Nutrition<\/em>, a r\u00e9v\u00e9l\u00e9 que la consommation de noix de Grenoble avait peu d\u2019effet sur les fonctions cognitives des personnes \u00e2g\u00e9es en bonne sant\u00e9, mais de plus grands effets sur les personnes \u00e2g\u00e9es qui avaient fum\u00e9 davantage et dont les scores de r\u00e9f\u00e9rence \u00e0 des tests neuropsychologiques \u00e9taient moins \u00e9lev\u00e9s.<\/p>\n<p>Les chercheurs ont examin\u00e9 pr\u00e8s de 640 personnes \u00e2g\u00e9es autonomes de Loma Linda, en Californie, et de Barcelone, en Espagne. Pendant deux ans, le groupe exp\u00e9rimental a inclus les noix de Grenoble \u00e0 son alimentation quotidienne alors que le groupe t\u00e9moin s\u2019en est abstenu.<\/p>\n<p>Les noix de Grenoble contiennent des acides gras om\u00e9ga-3 et des polyph\u00e9nols, dont on conna\u00eet les agissements contre le stress oxydatif et l\u2019inflammation, qui contribuent tous les deux au d\u00e9clin cognitif.<\/p>\n<p>Joan Sabat\u00e9, professeur de nutrition et d\u2019\u00e9pid\u00e9miologie \u00e0 la facult\u00e9 de sant\u00e9 publique de l\u2019Universit\u00e9 de Loma Linda et chercheur principal de l\u2019\u00e9tude, a dit qu\u2019il s\u2019agissait du plus grand test et de l\u2019essai le mieux contr\u00f4l\u00e9 jamais men\u00e9 sur les effets des noix sur la cognition.<\/p>\n<p>\u00ab\u00a0Bien que le r\u00e9sultat soit mineur, il pourrait mener \u00e0 de plus grands r\u00e9sultats sur de plus longues p\u00e9riodes, a-t-il ajout\u00e9. Nos d\u00e9couvertes justifient largement une enqu\u00eate plus pouss\u00e9e, surtout aupr\u00e8s des populations d\u00e9favoris\u00e9es qui pourraient avoir le plus \u00e0 gagner d\u2019une int\u00e9gration de noix de Grenoble et d\u2019autres noix \u00e0 leur alimentation.\u00a0\u00bb<\/p>\n<p>M. Sabat\u00e9 et son \u00e9quipe de recherche de l\u2019Universit\u00e9 de Loma Linda ont \u00e9t\u00e9 les premiers \u00e0 d\u00e9couvrir que la consommation de noix, particuli\u00e8rement les noix de Grenoble, diminuait les taux sanguins de cholest\u00e9rol. Cette d\u00e9couverte a d\u2019abord \u00e9t\u00e9 publi\u00e9e dans le <em>New England Journal of Medicine<\/em> en 1993. Ensuite, les d\u00e9couvertes des chercheurs de l\u2019Universit\u00e9 de Loma Linda ont li\u00e9 la consommation de noix \u00e0 la diminution des risques de maladies cardiovasculaires.<\/p>\n<p>L\u2019\u00e9tude sur les noix de Grenoble et le sain vieillissement a \u00e9t\u00e9 financ\u00e9e par une subvention de la Commission des noix de Grenoble de la Californie, qui n\u2019a toutefois aucunement particip\u00e9 \u00e0 l\u2019\u00e9laboration de l\u2019\u00e9tude, \u00e0 la collecte de donn\u00e9es, aux analyses ou \u00e0 la r\u00e9daction et \u00e0 la soumission du manuscrit.<\/p>\n<p><em>La <\/em><em><a href=\"https:\/\/news.llu.edu\/research\/walnuts-may-slow-cognitive-decline-risk-elderly\">version originale<\/a><\/em><em> de cet article a \u00e9t\u00e9 publi\u00e9e sur le <\/em><em><a href=\"https:\/\/news.llu.edu\/\">site de nouvelles<\/a><\/em><em> relatives \u00e0 la sant\u00e9 de l\u2019Universit\u00e9 de Loma Linda.<\/em><\/p>\n","protected":false},"excerpt":{"rendered":"<p>Le 21 janvier 2020 | Loma Linda, Californie, \u00c9tats-Unis | Ansel Oliver, d\u00e9partement de Nouvelles sur la sant\u00e9 de l\u2019Universit\u00e9 de Loma Linda Selon une \u00e9tude men\u00e9e par des chercheurs&#8230;<\/p>\n","protected":false},"author":3,"featured_media":54823,"comment_status":"open","ping_status":"closed","sticky":false,"template":"","format":"standard","meta":{"_acf_changed":false,"footnotes":""},"categories":[18,19],"tags":[],"class_list":["post-54898","post","type-post","status-publish","format-standard","has-post-thumbnail","hentry","category-nouvelles-de-leglise-mondiale","category-rss-francais"],"acf":[],"yoast_head":"<!-- This site is optimized with the Yoast SEO plugin v27.3 - https:\/\/yoast.com\/product\/yoast-seo-wordpress\/ -->\n<title>Les noix de Grenoble contre le d\u00e9clin cognitif des personnes \u00e2g\u00e9es \u00e0 risque - \u00c9glise Adventiste Du Septieme Jour - Inter Am\u00e9rique Division<\/title>\n<meta name=\"robots\" content=\"index, follow, max-snippet:-1, max-image-preview:large, max-video-preview:-1\" \/>\n<link rel=\"canonical\" href=\"https:\/\/interamerica.org\/fr\/2020\/01\/les-noix-de-grenoble-contre-le-declin-cognitif-des-personnes-agees-a-risque\/\" \/>\n<meta property=\"og:locale\" content=\"fr_FR\" \/>\n<meta property=\"og:type\" content=\"article\" \/>\n<meta property=\"og:title\" content=\"Les noix de Grenoble contre le d\u00e9clin cognitif des personnes \u00e2g\u00e9es \u00e0 risque - \u00c9glise Adventiste Du Septieme Jour - Inter Am\u00e9rique Division\" \/>\n<meta property=\"og:description\" content=\"Le 21 janvier 2020 | Loma Linda, Californie, \u00c9tats-Unis | Ansel Oliver, d\u00e9partement de Nouvelles sur la sant\u00e9 de l\u2019Universit\u00e9 de Loma Linda Selon une \u00e9tude men\u00e9e par des chercheurs...\" \/>\n<meta property=\"og:url\" content=\"https:\/\/interamerica.org\/fr\/2020\/01\/les-noix-de-grenoble-contre-le-declin-cognitif-des-personnes-agees-a-risque\/\" \/>\n<meta property=\"og:site_name\" content=\"\u00c9glise Adventiste Du Septieme Jour - Inter Am\u00e9rique Division\" \/>\n<meta property=\"article:published_time\" content=\"2020-01-22T16:56:54+00:00\" \/>\n<meta property=\"article:modified_time\" content=\"2020-02-06T17:56:21+00:00\" \/>\n<meta property=\"og:image\" content=\"https:\/\/interamerica.org\/wp-content\/uploads\/2020\/01\/walnuts-may-slow-cognitive-decline-in-at-risk-elderly-study-shows.jpg\" \/>\n\t<meta property=\"og:image:width\" content=\"1000\" \/>\n\t<meta property=\"og:image:height\" content=\"500\" \/>\n\t<meta property=\"og:image:type\" content=\"image\/jpeg\" \/>\n<meta name=\"author\" content=\"libna\" \/>\n<meta name=\"twitter:card\" content=\"summary_large_image\" \/>\n<meta name=\"twitter:label1\" content=\"\u00c9crit par\" \/>\n\t<meta name=\"twitter:data1\" content=\"libna\" \/>\n\t<meta name=\"twitter:label2\" content=\"Dur\u00e9e de lecture estim\u00e9e\" \/>\n\t<meta name=\"twitter:data2\" content=\"2 minutes\" \/>\n<script type=\"application\/ld+json\" class=\"yoast-schema-graph\">{\"@context\":\"https:\\\/\\\/schema.org\",\"@graph\":[{\"@type\":\"Article\",\"@id\":\"https:\\\/\\\/interamerica.org\\\/fr\\\/2020\\\/01\\\/les-noix-de-grenoble-contre-le-declin-cognitif-des-personnes-agees-a-risque\\\/#article\",\"isPartOf\":{\"@id\":\"https:\\\/\\\/interamerica.org\\\/fr\\\/2020\\\/01\\\/les-noix-de-grenoble-contre-le-declin-cognitif-des-personnes-agees-a-risque\\\/\"},\"author\":{\"name\":\"libna\",\"@id\":\"https:\\\/\\\/interamerica.org\\\/fr\\\/#\\\/schema\\\/person\\\/29998f2bc2d8bd0d38662909289b54f1\"},\"headline\":\"Les noix de Grenoble contre le d\u00e9clin cognitif des personnes \u00e2g\u00e9es \u00e0 risque\",\"datePublished\":\"2020-01-22T16:56:54+00:00\",\"dateModified\":\"2020-02-06T17:56:21+00:00\",\"mainEntityOfPage\":{\"@id\":\"https:\\\/\\\/interamerica.org\\\/fr\\\/2020\\\/01\\\/les-noix-de-grenoble-contre-le-declin-cognitif-des-personnes-agees-a-risque\\\/\"},\"wordCount\":508,\"commentCount\":0,\"image\":{\"@id\":\"https:\\\/\\\/interamerica.org\\\/fr\\\/2020\\\/01\\\/les-noix-de-grenoble-contre-le-declin-cognitif-des-personnes-agees-a-risque\\\/#primaryimage\"},\"thumbnailUrl\":\"https:\\\/\\\/interamerica.org\\\/wp-content\\\/uploads\\\/2020\\\/01\\\/walnuts-may-slow-cognitive-decline-in-at-risk-elderly-study-shows.jpg\",\"articleSection\":[\"Nouvelles de l'\u00c9glise mondiale\",\"RSS Fran\u00e7ais\"],\"inLanguage\":\"fr-FR\",\"potentialAction\":[{\"@type\":\"CommentAction\",\"name\":\"Comment\",\"target\":[\"https:\\\/\\\/interamerica.org\\\/fr\\\/2020\\\/01\\\/les-noix-de-grenoble-contre-le-declin-cognitif-des-personnes-agees-a-risque\\\/#respond\"]}]},{\"@type\":\"WebPage\",\"@id\":\"https:\\\/\\\/interamerica.org\\\/fr\\\/2020\\\/01\\\/les-noix-de-grenoble-contre-le-declin-cognitif-des-personnes-agees-a-risque\\\/\",\"url\":\"https:\\\/\\\/interamerica.org\\\/fr\\\/2020\\\/01\\\/les-noix-de-grenoble-contre-le-declin-cognitif-des-personnes-agees-a-risque\\\/\",\"name\":\"Les noix de Grenoble contre le d\u00e9clin cognitif des personnes \u00e2g\u00e9es \u00e0 risque - \u00c9glise Adventiste Du Septieme Jour - Inter Am\u00e9rique Division\",\"isPartOf\":{\"@id\":\"https:\\\/\\\/interamerica.org\\\/fr\\\/#website\"},\"primaryImageOfPage\":{\"@id\":\"https:\\\/\\\/interamerica.org\\\/fr\\\/2020\\\/01\\\/les-noix-de-grenoble-contre-le-declin-cognitif-des-personnes-agees-a-risque\\\/#primaryimage\"},\"image\":{\"@id\":\"https:\\\/\\\/interamerica.org\\\/fr\\\/2020\\\/01\\\/les-noix-de-grenoble-contre-le-declin-cognitif-des-personnes-agees-a-risque\\\/#primaryimage\"},\"thumbnailUrl\":\"https:\\\/\\\/interamerica.org\\\/wp-content\\\/uploads\\\/2020\\\/01\\\/walnuts-may-slow-cognitive-decline-in-at-risk-elderly-study-shows.jpg\",\"datePublished\":\"2020-01-22T16:56:54+00:00\",\"dateModified\":\"2020-02-06T17:56:21+00:00\",\"author\":{\"@id\":\"https:\\\/\\\/interamerica.org\\\/fr\\\/#\\\/schema\\\/person\\\/29998f2bc2d8bd0d38662909289b54f1\"},\"breadcrumb\":{\"@id\":\"https:\\\/\\\/interamerica.org\\\/fr\\\/2020\\\/01\\\/les-noix-de-grenoble-contre-le-declin-cognitif-des-personnes-agees-a-risque\\\/#breadcrumb\"},\"inLanguage\":\"fr-FR\",\"potentialAction\":[{\"@type\":\"ReadAction\",\"target\":[\"https:\\\/\\\/interamerica.org\\\/fr\\\/2020\\\/01\\\/les-noix-de-grenoble-contre-le-declin-cognitif-des-personnes-agees-a-risque\\\/\"]}]},{\"@type\":\"ImageObject\",\"inLanguage\":\"fr-FR\",\"@id\":\"https:\\\/\\\/interamerica.org\\\/fr\\\/2020\\\/01\\\/les-noix-de-grenoble-contre-le-declin-cognitif-des-personnes-agees-a-risque\\\/#primaryimage\",\"url\":\"https:\\\/\\\/interamerica.org\\\/wp-content\\\/uploads\\\/2020\\\/01\\\/walnuts-may-slow-cognitive-decline-in-at-risk-elderly-study-shows.jpg\",\"contentUrl\":\"https:\\\/\\\/interamerica.org\\\/wp-content\\\/uploads\\\/2020\\\/01\\\/walnuts-may-slow-cognitive-decline-in-at-risk-elderly-study-shows.jpg\",\"width\":1000,\"height\":500,\"caption\":\"Une photo de Tom Hermans sur Unsplash.\"},{\"@type\":\"BreadcrumbList\",\"@id\":\"https:\\\/\\\/interamerica.org\\\/fr\\\/2020\\\/01\\\/les-noix-de-grenoble-contre-le-declin-cognitif-des-personnes-agees-a-risque\\\/#breadcrumb\",\"itemListElement\":[{\"@type\":\"ListItem\",\"position\":1,\"name\":\"Home\",\"item\":\"https:\\\/\\\/interamerica.org\\\/fr\\\/\"},{\"@type\":\"ListItem\",\"position\":2,\"name\":\"Les noix de Grenoble contre le d\u00e9clin cognitif des personnes \u00e2g\u00e9es \u00e0 risque\"}]},{\"@type\":\"WebSite\",\"@id\":\"https:\\\/\\\/interamerica.org\\\/fr\\\/#website\",\"url\":\"https:\\\/\\\/interamerica.org\\\/fr\\\/\",\"name\":\"\u00c9glise Adventiste Du Septieme Jour - Inter Am\u00e9rique Division\",\"description\":\"\",\"potentialAction\":[{\"@type\":\"SearchAction\",\"target\":{\"@type\":\"EntryPoint\",\"urlTemplate\":\"https:\\\/\\\/interamerica.org\\\/fr\\\/?s={search_term_string}\"},\"query-input\":{\"@type\":\"PropertyValueSpecification\",\"valueRequired\":true,\"valueName\":\"search_term_string\"}}],\"inLanguage\":\"fr-FR\"},{\"@type\":\"Person\",\"@id\":\"https:\\\/\\\/interamerica.org\\\/fr\\\/#\\\/schema\\\/person\\\/29998f2bc2d8bd0d38662909289b54f1\",\"name\":\"libna\",\"image\":{\"@type\":\"ImageObject\",\"inLanguage\":\"fr-FR\",\"@id\":\"https:\\\/\\\/secure.gravatar.com\\\/avatar\\\/7c5bd30ae4b47a9ba3c856590957fd1d96dc588bf3ac05719d247e126840331f?s=96&d=mm&r=g\",\"url\":\"https:\\\/\\\/secure.gravatar.com\\\/avatar\\\/7c5bd30ae4b47a9ba3c856590957fd1d96dc588bf3ac05719d247e126840331f?s=96&d=mm&r=g\",\"contentUrl\":\"https:\\\/\\\/secure.gravatar.com\\\/avatar\\\/7c5bd30ae4b47a9ba3c856590957fd1d96dc588bf3ac05719d247e126840331f?s=96&d=mm&r=g\",\"caption\":\"libna\"}}]}<\/script>\n<!-- \/ Yoast SEO plugin. -->","yoast_head_json":{"title":"Les noix de Grenoble contre le d\u00e9clin cognitif des personnes \u00e2g\u00e9es \u00e0 risque - \u00c9glise Adventiste Du Septieme Jour - Inter Am\u00e9rique Division","robots":{"index":"index","follow":"follow","max-snippet":"max-snippet:-1","max-image-preview":"max-image-preview:large","max-video-preview":"max-video-preview:-1"},"canonical":"https:\/\/interamerica.org\/fr\/2020\/01\/les-noix-de-grenoble-contre-le-declin-cognitif-des-personnes-agees-a-risque\/","og_locale":"fr_FR","og_type":"article","og_title":"Les noix de Grenoble contre le d\u00e9clin cognitif des personnes \u00e2g\u00e9es \u00e0 risque - \u00c9glise Adventiste Du Septieme Jour - Inter Am\u00e9rique Division","og_description":"Le 21 janvier 2020 | Loma Linda, Californie, \u00c9tats-Unis | Ansel Oliver, d\u00e9partement de Nouvelles sur la sant\u00e9 de l\u2019Universit\u00e9 de Loma Linda Selon une \u00e9tude men\u00e9e par des chercheurs...","og_url":"https:\/\/interamerica.org\/fr\/2020\/01\/les-noix-de-grenoble-contre-le-declin-cognitif-des-personnes-agees-a-risque\/","og_site_name":"\u00c9glise Adventiste Du Septieme Jour - Inter Am\u00e9rique Division","article_published_time":"2020-01-22T16:56:54+00:00","article_modified_time":"2020-02-06T17:56:21+00:00","og_image":[{"width":1000,"height":500,"url":"https:\/\/interamerica.org\/wp-content\/uploads\/2020\/01\/walnuts-may-slow-cognitive-decline-in-at-risk-elderly-study-shows.jpg","type":"image\/jpeg"}],"author":"libna","twitter_card":"summary_large_image","twitter_misc":{"\u00c9crit par":"libna","Dur\u00e9e de lecture estim\u00e9e":"2 minutes"},"schema":{"@context":"https:\/\/schema.org","@graph":[{"@type":"Article","@id":"https:\/\/interamerica.org\/fr\/2020\/01\/les-noix-de-grenoble-contre-le-declin-cognitif-des-personnes-agees-a-risque\/#article","isPartOf":{"@id":"https:\/\/interamerica.org\/fr\/2020\/01\/les-noix-de-grenoble-contre-le-declin-cognitif-des-personnes-agees-a-risque\/"},"author":{"name":"libna","@id":"https:\/\/interamerica.org\/fr\/#\/schema\/person\/29998f2bc2d8bd0d38662909289b54f1"},"headline":"Les noix de Grenoble contre le d\u00e9clin cognitif des personnes \u00e2g\u00e9es \u00e0 risque","datePublished":"2020-01-22T16:56:54+00:00","dateModified":"2020-02-06T17:56:21+00:00","mainEntityOfPage":{"@id":"https:\/\/interamerica.org\/fr\/2020\/01\/les-noix-de-grenoble-contre-le-declin-cognitif-des-personnes-agees-a-risque\/"},"wordCount":508,"commentCount":0,"image":{"@id":"https:\/\/interamerica.org\/fr\/2020\/01\/les-noix-de-grenoble-contre-le-declin-cognitif-des-personnes-agees-a-risque\/#primaryimage"},"thumbnailUrl":"https:\/\/interamerica.org\/wp-content\/uploads\/2020\/01\/walnuts-may-slow-cognitive-decline-in-at-risk-elderly-study-shows.jpg","articleSection":["Nouvelles de l'\u00c9glise mondiale","RSS Fran\u00e7ais"],"inLanguage":"fr-FR","potentialAction":[{"@type":"CommentAction","name":"Comment","target":["https:\/\/interamerica.org\/fr\/2020\/01\/les-noix-de-grenoble-contre-le-declin-cognitif-des-personnes-agees-a-risque\/#respond"]}]},{"@type":"WebPage","@id":"https:\/\/interamerica.org\/fr\/2020\/01\/les-noix-de-grenoble-contre-le-declin-cognitif-des-personnes-agees-a-risque\/","url":"https:\/\/interamerica.org\/fr\/2020\/01\/les-noix-de-grenoble-contre-le-declin-cognitif-des-personnes-agees-a-risque\/","name":"Les noix de Grenoble contre le d\u00e9clin cognitif des personnes \u00e2g\u00e9es \u00e0 risque - \u00c9glise Adventiste Du Septieme Jour - Inter Am\u00e9rique Division","isPartOf":{"@id":"https:\/\/interamerica.org\/fr\/#website"},"primaryImageOfPage":{"@id":"https:\/\/interamerica.org\/fr\/2020\/01\/les-noix-de-grenoble-contre-le-declin-cognitif-des-personnes-agees-a-risque\/#primaryimage"},"image":{"@id":"https:\/\/interamerica.org\/fr\/2020\/01\/les-noix-de-grenoble-contre-le-declin-cognitif-des-personnes-agees-a-risque\/#primaryimage"},"thumbnailUrl":"https:\/\/interamerica.org\/wp-content\/uploads\/2020\/01\/walnuts-may-slow-cognitive-decline-in-at-risk-elderly-study-shows.jpg","datePublished":"2020-01-22T16:56:54+00:00","dateModified":"2020-02-06T17:56:21+00:00","author":{"@id":"https:\/\/interamerica.org\/fr\/#\/schema\/person\/29998f2bc2d8bd0d38662909289b54f1"},"breadcrumb":{"@id":"https:\/\/interamerica.org\/fr\/2020\/01\/les-noix-de-grenoble-contre-le-declin-cognitif-des-personnes-agees-a-risque\/#breadcrumb"},"inLanguage":"fr-FR","potentialAction":[{"@type":"ReadAction","target":["https:\/\/interamerica.org\/fr\/2020\/01\/les-noix-de-grenoble-contre-le-declin-cognitif-des-personnes-agees-a-risque\/"]}]},{"@type":"ImageObject","inLanguage":"fr-FR","@id":"https:\/\/interamerica.org\/fr\/2020\/01\/les-noix-de-grenoble-contre-le-declin-cognitif-des-personnes-agees-a-risque\/#primaryimage","url":"https:\/\/interamerica.org\/wp-content\/uploads\/2020\/01\/walnuts-may-slow-cognitive-decline-in-at-risk-elderly-study-shows.jpg","contentUrl":"https:\/\/interamerica.org\/wp-content\/uploads\/2020\/01\/walnuts-may-slow-cognitive-decline-in-at-risk-elderly-study-shows.jpg","width":1000,"height":500,"caption":"Une photo de Tom Hermans sur Unsplash."},{"@type":"BreadcrumbList","@id":"https:\/\/interamerica.org\/fr\/2020\/01\/les-noix-de-grenoble-contre-le-declin-cognitif-des-personnes-agees-a-risque\/#breadcrumb","itemListElement":[{"@type":"ListItem","position":1,"name":"Home","item":"https:\/\/interamerica.org\/fr\/"},{"@type":"ListItem","position":2,"name":"Les noix de Grenoble contre le d\u00e9clin cognitif des personnes \u00e2g\u00e9es \u00e0 risque"}]},{"@type":"WebSite","@id":"https:\/\/interamerica.org\/fr\/#website","url":"https:\/\/interamerica.org\/fr\/","name":"\u00c9glise Adventiste Du Septieme Jour - Inter Am\u00e9rique Division","description":"","potentialAction":[{"@type":"SearchAction","target":{"@type":"EntryPoint","urlTemplate":"https:\/\/interamerica.org\/fr\/?s={search_term_string}"},"query-input":{"@type":"PropertyValueSpecification","valueRequired":true,"valueName":"search_term_string"}}],"inLanguage":"fr-FR"},{"@type":"Person","@id":"https:\/\/interamerica.org\/fr\/#\/schema\/person\/29998f2bc2d8bd0d38662909289b54f1","name":"libna","image":{"@type":"ImageObject","inLanguage":"fr-FR","@id":"https:\/\/secure.gravatar.com\/avatar\/7c5bd30ae4b47a9ba3c856590957fd1d96dc588bf3ac05719d247e126840331f?s=96&d=mm&r=g","url":"https:\/\/secure.gravatar.com\/avatar\/7c5bd30ae4b47a9ba3c856590957fd1d96dc588bf3ac05719d247e126840331f?s=96&d=mm&r=g","contentUrl":"https:\/\/secure.gravatar.com\/avatar\/7c5bd30ae4b47a9ba3c856590957fd1d96dc588bf3ac05719d247e126840331f?s=96&d=mm&r=g","caption":"libna"}}]}},"_links":{"self":[{"href":"https:\/\/interamerica.org\/fr\/wp-json\/wp\/v2\/posts\/54898","targetHints":{"allow":["GET"]}}],"collection":[{"href":"https:\/\/interamerica.org\/fr\/wp-json\/wp\/v2\/posts"}],"about":[{"href":"https:\/\/interamerica.org\/fr\/wp-json\/wp\/v2\/types\/post"}],"author":[{"embeddable":true,"href":"https:\/\/interamerica.org\/fr\/wp-json\/wp\/v2\/users\/3"}],"replies":[{"embeddable":true,"href":"https:\/\/interamerica.org\/fr\/wp-json\/wp\/v2\/comments?post=54898"}],"version-history":[{"count":0,"href":"https:\/\/interamerica.org\/fr\/wp-json\/wp\/v2\/posts\/54898\/revisions"}],"wp:featuredmedia":[{"embeddable":true,"href":"https:\/\/interamerica.org\/fr\/wp-json\/wp\/v2\/media\/54823"}],"wp:attachment":[{"href":"https:\/\/interamerica.org\/fr\/wp-json\/wp\/v2\/media?parent=54898"}],"wp:term":[{"taxonomy":"category","embeddable":true,"href":"https:\/\/interamerica.org\/fr\/wp-json\/wp\/v2\/categories?post=54898"},{"taxonomy":"post_tag","embeddable":true,"href":"https:\/\/interamerica.org\/fr\/wp-json\/wp\/v2\/tags?post=54898"}],"curies":[{"name":"wp","href":"https:\/\/api.w.org\/{rel}","templated":true}]}}