{"id":54901,"date":"2020-01-22T21:10:04","date_gmt":"2020-01-23T01:10:04","guid":{"rendered":"https:\/\/recursing-golick.147-182-135-0.plesk.page\/?p=54901"},"modified":"2020-02-06T13:56:15","modified_gmt":"2020-02-06T17:56:15","slug":"la-formation-interculturelle-en-ligne-renforce-la-demarche-visant-a-atteindre-davantage-de-groupes-de-populations-en-inter-amerique","status":"publish","type":"post","link":"https:\/\/interamerica.org\/fr\/2020\/01\/la-formation-interculturelle-en-ligne-renforce-la-demarche-visant-a-atteindre-davantage-de-groupes-de-populations-en-inter-amerique\/","title":{"rendered":"La formation interculturelle en ligne renforce la d\u00e9marche visant \u00e0 atteindre davantage de groupes de populations en Inter Am\u00e9rique"},"content":{"rendered":"<p><div id=\"attachment_54861\" style=\"width: 814px\" class=\"wp-caption aligncenter\"><img fetchpriority=\"high\" decoding=\"async\" aria-describedby=\"caption-attachment-54861\" class=\" wp-image-54860\" src=\"https:\/\/recursing-golick.147-182-135-0.plesk.page\/wp-content\/uploads\/2020\/01\/samuel-telemaque-cct-2.jpg\" alt=\"\" width=\"804\" height=\"536\" srcset=\"https:\/\/interamerica.org\/wp-content\/uploads\/2020\/01\/samuel-telemaque-cct-2.jpg 1000w, https:\/\/interamerica.org\/wp-content\/uploads\/2020\/01\/samuel-telemaque-cct-2-300x200.jpg 300w, https:\/\/interamerica.org\/wp-content\/uploads\/2020\/01\/samuel-telemaque-cct-2-768x512.jpg 768w\" sizes=\"(max-width: 804px) 100vw, 804px\" \/><p id=\"caption-attachment-54861\" class=\"wp-caption-text\">Le pasteur Samuel Telemaque, directeur de l\u2019\u00c9cole du Sabbat et charg\u00e9 des missions interculturelles \u00e0 travers l\u2019Inter Am\u00e9rique, intervient lors d\u2019une formation en ligne visant \u00e0 motiver les pasteurs, les dirigeants de mission et les membres actifs \u00e0 aller vers les groupes de populations \u00e0 travers le territoire. Le programme en ligne s\u2019est d\u00e9roul\u00e9 le 11 janvier 2020 depuis Miami, en Floride, aux \u00c9tats-Unis. [Photo : Keila Trejo \/ DIA]<\/p><\/div>21 Janvier 2020 | Miami, Floride, \u00c9tats-Unis | Libna Stevens \/ DIA<\/p>\n<p>Les dirigeants de l\u2019\u00c9glise adventiste du septi\u00e8me jour dans la Division Inter Am\u00e9ricaine (DIA) vivent un changement dans l\u2019\u00e9vang\u00e9lisation dans tout ce territoire qui connait une croissance rapide. Pas dans les m\u00e9thodes traditionnelles d\u2019implantation d\u2019\u00e9glises dans un groupe particulier de personnes ou une culture particuli\u00e8re, mais dans l\u2019implantation d\u2019\u00e9glises au sein de groupes de populations qui d\u00e9passent les fronti\u00e8res de l\u2019ethnicit\u00e9, de la culture et des croyances. C\u2019est un changement qui est en route depuis plusieurs ann\u00e9es et qui a conduit \u00e0 une session sp\u00e9ciale de formation interculturelle en ligne le 11 janvier 2020.<\/p>\n<p>\u00ab Notre objectif principal est de vous apporter de nouvelles connaissances, de nouvelles comp\u00e9tences et de nouvelles attitudes au sujet de l\u2019implantation de nouvelles \u00e9glises parmi les groupes ethniques en croissance, les communaut\u00e9s de migrants et d\u2019autres dans toute l\u2019Inter Am\u00e9rique, \u00bb a d\u00e9clar\u00e9 pasteur Samuel Telemaque, directeur du d\u00e9partement de l\u2019\u00c9cole du Sabbat et charg\u00e9 des missions interculturelles en Inter Am\u00e9rique, et principal organisateur du programme. \u00ab C\u2019est la mission interculturelle. \u00bb<\/p>\n<p>Au d\u00e9but du programme, pasteur Telemaque a expliqu\u00e9 le processus pratique d\u2019implantation d&rsquo;\u00e9glises aux pasteurs, aux responsables de mission et aux membres d\u2019\u00e9glise actifs afin qu\u2019ils puissent mieux comprendre l\u2019enseignement biblique sur la d\u00e9marche envers les gens de toutes les nations.<\/p>\n<p><div id=\"attachment_54840\" style=\"width: 811px\" class=\"wp-caption aligncenter\"><img decoding=\"async\" aria-describedby=\"caption-attachment-54840\" class=\" wp-image-54839\" src=\"https:\/\/recursing-golick.147-182-135-0.plesk.page\/wp-content\/uploads\/2020\/01\/jeff-scoggins.jpg\" alt=\"\" width=\"801\" height=\"534\" srcset=\"https:\/\/interamerica.org\/wp-content\/uploads\/2020\/01\/jeff-scoggins.jpg 1000w, https:\/\/interamerica.org\/wp-content\/uploads\/2020\/01\/jeff-scoggins-300x200.jpg 300w, https:\/\/interamerica.org\/wp-content\/uploads\/2020\/01\/jeff-scoggins-768x512.jpg 768w\" sizes=\"(max-width: 801px) 100vw, 801px\" \/><p id=\"caption-attachment-54840\" class=\"wp-caption-text\">Pasteur Jeff Scoggins, directeur de Mission Globale et des initiatives de planification strat\u00e9gique pour l\u2019\u00c9glise adventiste mondiale [Photo: Keila Trejo \/ DIA]<\/p><\/div>\u00ab Le processus d\u2019entr\u00e9e commence par la pri\u00e8re, rechercher la direction du Saint-Esprit, puis \u00e9valuer les besoins des gens, apprendre quelles sont leurs valeurs et identifier quelqu\u2019un au sein de cette communaut\u00e9 qui permette de mieux conna\u00eetre le groupe, \u00bb a dit pasteur Telemaque. Ensuite, le processus qui suit est la mise en place de relations sociales avec les gens de la communaut\u00e9, a-t-il dit. Cela signifie parler, \u00e9couter et aider les autres \u00e0 r\u00e9pondre \u00e0 leurs besoins urgents, pr\u00e9senter des conf\u00e9rences sur la sant\u00e9, consolider les familles, organiser des activit\u00e9s sportives et d\u2019autres activit\u00e9s qui int\u00e9ressent le groupe. \u00ab Le processus passe ensuite \u00e0 l\u2019acceptation \u00e0 travers laquelle ils vous acceptent dans la communaut\u00e9 parce que vous devenez un ami pour eux. \u00bb<\/p>\n<p>Apr\u00e8s une p\u00e9riode qui pourrait s\u2019\u00e9taler sur quatre \u00e0 six mois ou plus, le processus passe \u00e0 la phase d\u2019enseignement, \u00e0 la pr\u00e9dication et \u00e0 la proclamation de la Parole de Dieu, a expliqu\u00e9 Samuel Telemaque. \u00ab Il est important que vous leur disiez qui est Dieu, ce que Dieu a fait pour eux et la responsabilit\u00e9 qu\u2019ils ont maintenant envers Christ par rapport au salut, \u00bb a-t-il dit. Un groupe de croyants est form\u00e9 et la formation de disciples se poursuit alors qu\u2019ils sont int\u00e9gr\u00e9s dans la vie de l\u2019\u00e9glise. \u00ab Nous devons contextualiser la Parole de Dieu. \u00bb<\/p>\n<p>Les strat\u00e9gies de la mission interculturelle en Inter Am\u00e9rique se sont renforc\u00e9es, les dirigeants ayant vu la croissance des communaut\u00e9s hispaniques, chinoises, musulmanes et mayas.<\/p>\n<p>\u00ab C\u2019est le bon moment pour proposer une formation suppl\u00e9mentaire aux personnes sur ces probl\u00e8mes urgents que nous avons commenc\u00e9 \u00e0 aborder, \u00bb a dit pasteur Telemaque. La langue est un obstacle majeur, a-t-il expliqu\u00e9. La culture aussi.<\/p>\n<p><div id=\"attachment_54852\" style=\"width: 810px\" class=\"wp-caption aligncenter\"><img decoding=\"async\" aria-describedby=\"caption-attachment-54852\" class=\" wp-image-54851\" src=\"https:\/\/recursing-golick.147-182-135-0.plesk.page\/wp-content\/uploads\/2020\/01\/petras-bahadur-cross-cultural.jpg\" alt=\"\" width=\"800\" height=\"533\" srcset=\"https:\/\/interamerica.org\/wp-content\/uploads\/2020\/01\/petras-bahadur-cross-cultural.jpg 1000w, https:\/\/interamerica.org\/wp-content\/uploads\/2020\/01\/petras-bahadur-cross-cultural-300x200.jpg 300w, https:\/\/interamerica.org\/wp-content\/uploads\/2020\/01\/petras-bahadur-cross-cultural-768x512.jpg 768w\" sizes=\"(max-width: 800px) 100vw, 800px\" \/><p id=\"caption-attachment-54852\" class=\"wp-caption-text\">Petras Bahadur, directeur du Centre Mondial des Relations entre Adventistes et Musulmans pour l\u2019\u00c9glise adventiste mondiale [Photo : Keila Trejo \/ DIA]<\/p><\/div>L\u2019un des principaux d\u00e9fis dans la mission est de comprendre qu\u2019il existe des diff\u00e9rences de vision du monde. \u00ab Nous voyons les choses avec une perspective occidentale \u2013 nous mettons l\u2019accent sur la culpabilit\u00e9 et la loi, l\u2019individualisme, tandis que des groupes de population comme les chinois, les musulmans et les hindous, voient les choses avec une vision du monde orientale &#8211; une vision du monde lin\u00e9aire o\u00f9 tout m\u00e8ne \u00e0 un objectif d\u00e9fini, \u00bb a d\u00e9clar\u00e9 pasteur Telemaque.<\/p>\n<p>Jusqu\u2019ici, il y a dix centres d\u2019influence qui fonctionnent en Inter Am\u00e9rique. En outre, deux familles missionnaires chinoises servent, une au Panama et une au Honduras. Une nouvelle famille missionnaire chinoise devrait arriver en R\u00e9publique Dominicaine le mois prochain et une autre famille \u00e0 Mexico, en avril 2020.<\/p>\n<p>Le programme de quatre heures comprenait des pr\u00e9sentations qui ont permis de comprendre en profondeur les diff\u00e9rents aspects de l\u2019implantation d\u2019\u00e9glises, la d\u00e9marche consistant \u00e0 aller vers les r\u00e9fugi\u00e9s et \u00e0 exercer un minist\u00e8re aupr\u00e8s d\u2019eux, l\u2019\u00e9valuation des besoins des familles musulmanes et la mise en place du minist\u00e8re ad\u00e9quat pour les atteindre, et la fa\u00e7on d\u2019atteindre la culture chinoise et la diaspora fran\u00e7aise.<\/p>\n<p>De plus, les principaux dirigeants de l\u2019\u00c9glise adventiste mondiale ont abord\u00e9 la fa\u00e7on de d\u00e9ployer des pionniers de Mission Globale en Inter Am\u00e9rique, comment devenir des missionnaires de carri\u00e8re, \u00e9tablir le contact et exercer un minist\u00e8re aupr\u00e8s des groupes de population autochtones, explorer les opportunit\u00e9s actuelles de b\u00e9n\u00e9volat, comment faire une demande de financement pour les centres d\u2019influence, et bien plus.<\/p>\n<p><div id=\"attachment_54864\" style=\"width: 809px\" class=\"wp-caption aligncenter\"><img loading=\"lazy\" decoding=\"async\" aria-describedby=\"caption-attachment-54864\" class=\"size-full wp-image-54863\" src=\"https:\/\/recursing-golick.147-182-135-0.plesk.page\/wp-content\/uploads\/2020\/01\/edmund-cao-cct.jpg\" alt=\"\" width=\"799\" height=\"533\" srcset=\"https:\/\/interamerica.org\/wp-content\/uploads\/2020\/01\/edmund-cao-cct.jpg 799w, https:\/\/interamerica.org\/wp-content\/uploads\/2020\/01\/edmund-cao-cct-300x200.jpg 300w, https:\/\/interamerica.org\/wp-content\/uploads\/2020\/01\/edmund-cao-cct-768x512.jpg 768w\" sizes=\"(max-width: 799px) 100vw, 799px\" \/><p id=\"caption-attachment-54864\" class=\"wp-caption-text\">Edmund Cao, directeur de la Mission Globale Chinoise \u00e0 Hong Kong, intervient lors du programme de formation en ligne qui a dur\u00e9 quatre heures, le 11 janvier 2020. [Photo : Keila Trejo \/DIA]<\/p><\/div>Selon Samuel Telemaque, les estimations du nombre de Chinois sur le territoire de la DIA font \u00e9tat de plus de 130000 au Panama, en R\u00e9publique Dominicaine et au Suriname. Plus d\u2019un million de musulmans vivent \u00e0 Trinidad et Tobago et au Guyana. Plus de 300000 hindous vivent \u00e0 Trinidad, au Suriname et au Guyana. Les r\u00e9fugi\u00e9s et les groupes de populations autochtones se comptent en milliers.<\/p>\n<p>\u00ab En Inter Am\u00e9rique, nous sommes engag\u00e9s dans cette t\u00e2che consistant \u00e0 implanter de nouvelles \u00e9glises pour Dieu et \u00e0 d\u00e9velopper le Royaume de Dieu dans les diff\u00e9rents groupes de populations en Inter Am\u00e9rique, \u00bb a dit pasteur Telemaque. La DIA est en t\u00eate des initiatives et des projets de mission interculturelle dans toute l\u2019\u00c9glise adventiste mondiale, a-t-il ajout\u00e9.<\/p>\n<p>Parmi les intervenants il y avait : Jeff Scoggins, directeur de Mission Globale et des initiatives de planification strat\u00e9gique pour l\u2019\u00c9glise adventiste mondiale; Petras Bahadur, directeur du Centre Mondial des Relations entre Adventistes et Musulmans pour l\u2019\u00c9glise adventiste mondiale; Terri Salee, coordinatrice des Minist\u00e8res Adventistes aupr\u00e8s des R\u00e9fugi\u00e9s et des Immigrants pour la Division Nord-Am\u00e9ricaine; Edmund Cao, directeur de la Mission Globale Chinoise \u00e0 Hong Kong; Esteban Ricardo Palacios, directeur de Initiatives du Minist\u00e8re et directeur du Champ de l\u2019Afrique pour Adventist Frontier Mission ; et Leonard Johnson, secr\u00e9taire ex\u00e9cutif de la DIA; Max Laurent, secr\u00e9taire itin\u00e9rant qui supervise la diaspora fran\u00e7aise; Janelle Scantlebury de Adventist Volunteers, et Kern Tobias, pr\u00e9sident de l\u2019Union Carib\u00e9enne.<\/p>\n<p><div id=\"attachment_54849\" style=\"width: 810px\" class=\"wp-caption aligncenter\"><img loading=\"lazy\" decoding=\"async\" aria-describedby=\"caption-attachment-54849\" class=\" wp-image-54848\" src=\"https:\/\/recursing-golick.147-182-135-0.plesk.page\/wp-content\/uploads\/2020\/01\/maxlaurent-cross-cultural-t.jpg\" alt=\"\" width=\"800\" height=\"527\" srcset=\"https:\/\/interamerica.org\/wp-content\/uploads\/2020\/01\/maxlaurent-cross-cultural-t.jpg 1000w, https:\/\/interamerica.org\/wp-content\/uploads\/2020\/01\/maxlaurent-cross-cultural-t-300x198.jpg 300w, https:\/\/interamerica.org\/wp-content\/uploads\/2020\/01\/maxlaurent-cross-cultural-t-768x506.jpg 768w\" sizes=\"(max-width: 800px) 100vw, 800px\" \/><p id=\"caption-attachment-54849\" class=\"wp-caption-text\">Pasteur Max Laurent (\u00e0 droite), secr\u00e9taire itin\u00e9rant supervisant la diaspora fran\u00e7aise, explique la diversit\u00e9 des groupes de populations francophones \u00e0 travers le territoire. Suzanne Babshaw traduit en anglais. [Photo : Keila Trejo]<\/p><\/div>Pour voir la session de formation interculturelle en ligne organis\u00e9e par l\u2019Inter Am\u00e9rique, suivez le lien :<\/p>\n<p><a href=\"https:\/\/www.youtube.com\/watch?v=DOauvqMdwEo\">ICI<\/a> pour l&rsquo;anglais<\/p>\n<p><a href=\"https:\/\/www.youtube.com\/watch?v=Wa2mcxG1aoA\">ICI<\/a> pour l\u2019espagnol (une retransmission en ligne mise \u00e0 jour sera bient\u00f4t disponible)<\/p>\n<p><a href=\"https:\/\/www.youtube.com\/watch?v=NvtlZgQvuhI\">ICI<\/a> pour le fran\u00e7ais<\/p>\n<p>Pour visiter notre galerie de photos du programme en ligne, cliquez <a href=\"https:\/\/www.flickr.com\/photos\/interamerica\/albums\/72157712667581207\">ICI<\/a><\/p>\n<p>Traduction: Patrick Luciathe<\/p>\n","protected":false},"excerpt":{"rendered":"<p>21 Janvier 2020 | Miami, Floride, \u00c9tats-Unis | Libna Stevens \/ DIA Les dirigeants de l\u2019\u00c9glise adventiste du septi\u00e8me jour dans la Division Inter Am\u00e9ricaine (DIA) vivent un changement dans&#8230;<\/p>\n","protected":false},"author":3,"featured_media":54837,"comment_status":"open","ping_status":"closed","sticky":false,"template":"","format":"standard","meta":{"_acf_changed":false,"footnotes":""},"categories":[20,19],"tags":[],"class_list":["post-54901","post","type-post","status-publish","format-standard","has-post-thumbnail","hentry","category-nouvelles-du-siege-de-la-division","category-rss-francais"],"acf":[],"yoast_head":"<!-- This site is optimized with the Yoast SEO plugin v27.3 - https:\/\/yoast.com\/product\/yoast-seo-wordpress\/ -->\n<title>La formation interculturelle en ligne renforce la d\u00e9marche visant \u00e0 atteindre davantage de groupes de populations en Inter Am\u00e9rique - \u00c9glise Adventiste Du Septieme Jour - Inter Am\u00e9rique Division<\/title>\n<meta name=\"robots\" content=\"index, follow, max-snippet:-1, max-image-preview:large, max-video-preview:-1\" \/>\n<link rel=\"canonical\" href=\"https:\/\/interamerica.org\/fr\/2020\/01\/la-formation-interculturelle-en-ligne-renforce-la-demarche-visant-a-atteindre-davantage-de-groupes-de-populations-en-inter-amerique\/\" \/>\n<meta property=\"og:locale\" content=\"fr_FR\" \/>\n<meta property=\"og:type\" content=\"article\" \/>\n<meta property=\"og:title\" content=\"La formation interculturelle en ligne renforce la d\u00e9marche visant \u00e0 atteindre davantage de groupes de populations en Inter Am\u00e9rique - \u00c9glise Adventiste Du Septieme Jour - Inter Am\u00e9rique Division\" \/>\n<meta property=\"og:description\" content=\"21 Janvier 2020 | Miami, Floride, \u00c9tats-Unis | Libna Stevens \/ DIA Les dirigeants de l\u2019\u00c9glise adventiste du septi\u00e8me jour dans la Division Inter Am\u00e9ricaine (DIA) vivent un changement dans...\" \/>\n<meta property=\"og:url\" content=\"https:\/\/interamerica.org\/fr\/2020\/01\/la-formation-interculturelle-en-ligne-renforce-la-demarche-visant-a-atteindre-davantage-de-groupes-de-populations-en-inter-amerique\/\" \/>\n<meta property=\"og:site_name\" content=\"\u00c9glise Adventiste Du Septieme Jour - Inter Am\u00e9rique Division\" \/>\n<meta property=\"article:published_time\" content=\"2020-01-23T01:10:04+00:00\" \/>\n<meta property=\"article:modified_time\" content=\"2020-02-06T17:56:15+00:00\" \/>\n<meta property=\"og:image\" content=\"https:\/\/interamerica.org\/wp-content\/uploads\/2020\/01\/crossculture-1280.jpg\" \/>\n\t<meta property=\"og:image:width\" content=\"1280\" \/>\n\t<meta property=\"og:image:height\" content=\"800\" \/>\n\t<meta property=\"og:image:type\" content=\"image\/jpeg\" \/>\n<meta name=\"author\" content=\"libna\" \/>\n<meta name=\"twitter:card\" content=\"summary_large_image\" \/>\n<meta name=\"twitter:label1\" content=\"\u00c9crit par\" \/>\n\t<meta name=\"twitter:data1\" content=\"libna\" \/>\n\t<meta name=\"twitter:label2\" content=\"Dur\u00e9e de lecture estim\u00e9e\" \/>\n\t<meta name=\"twitter:data2\" content=\"7 minutes\" \/>\n<script type=\"application\/ld+json\" class=\"yoast-schema-graph\">{\"@context\":\"https:\\\/\\\/schema.org\",\"@graph\":[{\"@type\":\"Article\",\"@id\":\"https:\\\/\\\/interamerica.org\\\/fr\\\/2020\\\/01\\\/la-formation-interculturelle-en-ligne-renforce-la-demarche-visant-a-atteindre-davantage-de-groupes-de-populations-en-inter-amerique\\\/#article\",\"isPartOf\":{\"@id\":\"https:\\\/\\\/interamerica.org\\\/fr\\\/2020\\\/01\\\/la-formation-interculturelle-en-ligne-renforce-la-demarche-visant-a-atteindre-davantage-de-groupes-de-populations-en-inter-amerique\\\/\"},\"author\":{\"name\":\"libna\",\"@id\":\"https:\\\/\\\/interamerica.org\\\/fr\\\/#\\\/schema\\\/person\\\/29998f2bc2d8bd0d38662909289b54f1\"},\"headline\":\"La formation interculturelle en ligne renforce la d\u00e9marche visant \u00e0 atteindre davantage de groupes de populations en Inter Am\u00e9rique\",\"datePublished\":\"2020-01-23T01:10:04+00:00\",\"dateModified\":\"2020-02-06T17:56:15+00:00\",\"mainEntityOfPage\":{\"@id\":\"https:\\\/\\\/interamerica.org\\\/fr\\\/2020\\\/01\\\/la-formation-interculturelle-en-ligne-renforce-la-demarche-visant-a-atteindre-davantage-de-groupes-de-populations-en-inter-amerique\\\/\"},\"wordCount\":1369,\"commentCount\":0,\"image\":{\"@id\":\"https:\\\/\\\/interamerica.org\\\/fr\\\/2020\\\/01\\\/la-formation-interculturelle-en-ligne-renforce-la-demarche-visant-a-atteindre-davantage-de-groupes-de-populations-en-inter-amerique\\\/#primaryimage\"},\"thumbnailUrl\":\"https:\\\/\\\/interamerica.org\\\/wp-content\\\/uploads\\\/2020\\\/01\\\/crossculture-1280.jpg\",\"articleSection\":[\"Nouvelles du si\u00e8ge de la division\",\"RSS Fran\u00e7ais\"],\"inLanguage\":\"fr-FR\",\"potentialAction\":[{\"@type\":\"CommentAction\",\"name\":\"Comment\",\"target\":[\"https:\\\/\\\/interamerica.org\\\/fr\\\/2020\\\/01\\\/la-formation-interculturelle-en-ligne-renforce-la-demarche-visant-a-atteindre-davantage-de-groupes-de-populations-en-inter-amerique\\\/#respond\"]}]},{\"@type\":\"WebPage\",\"@id\":\"https:\\\/\\\/interamerica.org\\\/fr\\\/2020\\\/01\\\/la-formation-interculturelle-en-ligne-renforce-la-demarche-visant-a-atteindre-davantage-de-groupes-de-populations-en-inter-amerique\\\/\",\"url\":\"https:\\\/\\\/interamerica.org\\\/fr\\\/2020\\\/01\\\/la-formation-interculturelle-en-ligne-renforce-la-demarche-visant-a-atteindre-davantage-de-groupes-de-populations-en-inter-amerique\\\/\",\"name\":\"La formation interculturelle en ligne renforce la d\u00e9marche visant \u00e0 atteindre davantage de groupes de populations en Inter Am\u00e9rique - \u00c9glise Adventiste Du Septieme Jour - Inter Am\u00e9rique Division\",\"isPartOf\":{\"@id\":\"https:\\\/\\\/interamerica.org\\\/fr\\\/#website\"},\"primaryImageOfPage\":{\"@id\":\"https:\\\/\\\/interamerica.org\\\/fr\\\/2020\\\/01\\\/la-formation-interculturelle-en-ligne-renforce-la-demarche-visant-a-atteindre-davantage-de-groupes-de-populations-en-inter-amerique\\\/#primaryimage\"},\"image\":{\"@id\":\"https:\\\/\\\/interamerica.org\\\/fr\\\/2020\\\/01\\\/la-formation-interculturelle-en-ligne-renforce-la-demarche-visant-a-atteindre-davantage-de-groupes-de-populations-en-inter-amerique\\\/#primaryimage\"},\"thumbnailUrl\":\"https:\\\/\\\/interamerica.org\\\/wp-content\\\/uploads\\\/2020\\\/01\\\/crossculture-1280.jpg\",\"datePublished\":\"2020-01-23T01:10:04+00:00\",\"dateModified\":\"2020-02-06T17:56:15+00:00\",\"author\":{\"@id\":\"https:\\\/\\\/interamerica.org\\\/fr\\\/#\\\/schema\\\/person\\\/29998f2bc2d8bd0d38662909289b54f1\"},\"breadcrumb\":{\"@id\":\"https:\\\/\\\/interamerica.org\\\/fr\\\/2020\\\/01\\\/la-formation-interculturelle-en-ligne-renforce-la-demarche-visant-a-atteindre-davantage-de-groupes-de-populations-en-inter-amerique\\\/#breadcrumb\"},\"inLanguage\":\"fr-FR\",\"potentialAction\":[{\"@type\":\"ReadAction\",\"target\":[\"https:\\\/\\\/interamerica.org\\\/fr\\\/2020\\\/01\\\/la-formation-interculturelle-en-ligne-renforce-la-demarche-visant-a-atteindre-davantage-de-groupes-de-populations-en-inter-amerique\\\/\"]}]},{\"@type\":\"ImageObject\",\"inLanguage\":\"fr-FR\",\"@id\":\"https:\\\/\\\/interamerica.org\\\/fr\\\/2020\\\/01\\\/la-formation-interculturelle-en-ligne-renforce-la-demarche-visant-a-atteindre-davantage-de-groupes-de-populations-en-inter-amerique\\\/#primaryimage\",\"url\":\"https:\\\/\\\/interamerica.org\\\/wp-content\\\/uploads\\\/2020\\\/01\\\/crossculture-1280.jpg\",\"contentUrl\":\"https:\\\/\\\/interamerica.org\\\/wp-content\\\/uploads\\\/2020\\\/01\\\/crossculture-1280.jpg\",\"width\":1280,\"height\":800,\"caption\":\"Photo: Keila Trejo\\\/DIA\"},{\"@type\":\"BreadcrumbList\",\"@id\":\"https:\\\/\\\/interamerica.org\\\/fr\\\/2020\\\/01\\\/la-formation-interculturelle-en-ligne-renforce-la-demarche-visant-a-atteindre-davantage-de-groupes-de-populations-en-inter-amerique\\\/#breadcrumb\",\"itemListElement\":[{\"@type\":\"ListItem\",\"position\":1,\"name\":\"Home\",\"item\":\"https:\\\/\\\/interamerica.org\\\/fr\\\/\"},{\"@type\":\"ListItem\",\"position\":2,\"name\":\"La formation interculturelle en ligne renforce la d\u00e9marche visant \u00e0 atteindre davantage de groupes de populations en Inter Am\u00e9rique\"}]},{\"@type\":\"WebSite\",\"@id\":\"https:\\\/\\\/interamerica.org\\\/fr\\\/#website\",\"url\":\"https:\\\/\\\/interamerica.org\\\/fr\\\/\",\"name\":\"\u00c9glise Adventiste Du Septieme Jour - Inter Am\u00e9rique Division\",\"description\":\"\",\"potentialAction\":[{\"@type\":\"SearchAction\",\"target\":{\"@type\":\"EntryPoint\",\"urlTemplate\":\"https:\\\/\\\/interamerica.org\\\/fr\\\/?s={search_term_string}\"},\"query-input\":{\"@type\":\"PropertyValueSpecification\",\"valueRequired\":true,\"valueName\":\"search_term_string\"}}],\"inLanguage\":\"fr-FR\"},{\"@type\":\"Person\",\"@id\":\"https:\\\/\\\/interamerica.org\\\/fr\\\/#\\\/schema\\\/person\\\/29998f2bc2d8bd0d38662909289b54f1\",\"name\":\"libna\",\"image\":{\"@type\":\"ImageObject\",\"inLanguage\":\"fr-FR\",\"@id\":\"https:\\\/\\\/secure.gravatar.com\\\/avatar\\\/7c5bd30ae4b47a9ba3c856590957fd1d96dc588bf3ac05719d247e126840331f?s=96&d=mm&r=g\",\"url\":\"https:\\\/\\\/secure.gravatar.com\\\/avatar\\\/7c5bd30ae4b47a9ba3c856590957fd1d96dc588bf3ac05719d247e126840331f?s=96&d=mm&r=g\",\"contentUrl\":\"https:\\\/\\\/secure.gravatar.com\\\/avatar\\\/7c5bd30ae4b47a9ba3c856590957fd1d96dc588bf3ac05719d247e126840331f?s=96&d=mm&r=g\",\"caption\":\"libna\"}}]}<\/script>\n<!-- \/ Yoast SEO plugin. -->","yoast_head_json":{"title":"La formation interculturelle en ligne renforce la d\u00e9marche visant \u00e0 atteindre davantage de groupes de populations en Inter Am\u00e9rique - \u00c9glise Adventiste Du Septieme Jour - Inter Am\u00e9rique Division","robots":{"index":"index","follow":"follow","max-snippet":"max-snippet:-1","max-image-preview":"max-image-preview:large","max-video-preview":"max-video-preview:-1"},"canonical":"https:\/\/interamerica.org\/fr\/2020\/01\/la-formation-interculturelle-en-ligne-renforce-la-demarche-visant-a-atteindre-davantage-de-groupes-de-populations-en-inter-amerique\/","og_locale":"fr_FR","og_type":"article","og_title":"La formation interculturelle en ligne renforce la d\u00e9marche visant \u00e0 atteindre davantage de groupes de populations en Inter Am\u00e9rique - \u00c9glise Adventiste Du Septieme Jour - Inter Am\u00e9rique Division","og_description":"21 Janvier 2020 | Miami, Floride, \u00c9tats-Unis | Libna Stevens \/ DIA Les dirigeants de l\u2019\u00c9glise adventiste du septi\u00e8me jour dans la Division Inter Am\u00e9ricaine (DIA) vivent un changement dans...","og_url":"https:\/\/interamerica.org\/fr\/2020\/01\/la-formation-interculturelle-en-ligne-renforce-la-demarche-visant-a-atteindre-davantage-de-groupes-de-populations-en-inter-amerique\/","og_site_name":"\u00c9glise Adventiste Du Septieme Jour - Inter Am\u00e9rique Division","article_published_time":"2020-01-23T01:10:04+00:00","article_modified_time":"2020-02-06T17:56:15+00:00","og_image":[{"width":1280,"height":800,"url":"https:\/\/interamerica.org\/wp-content\/uploads\/2020\/01\/crossculture-1280.jpg","type":"image\/jpeg"}],"author":"libna","twitter_card":"summary_large_image","twitter_misc":{"\u00c9crit par":"libna","Dur\u00e9e de lecture estim\u00e9e":"7 minutes"},"schema":{"@context":"https:\/\/schema.org","@graph":[{"@type":"Article","@id":"https:\/\/interamerica.org\/fr\/2020\/01\/la-formation-interculturelle-en-ligne-renforce-la-demarche-visant-a-atteindre-davantage-de-groupes-de-populations-en-inter-amerique\/#article","isPartOf":{"@id":"https:\/\/interamerica.org\/fr\/2020\/01\/la-formation-interculturelle-en-ligne-renforce-la-demarche-visant-a-atteindre-davantage-de-groupes-de-populations-en-inter-amerique\/"},"author":{"name":"libna","@id":"https:\/\/interamerica.org\/fr\/#\/schema\/person\/29998f2bc2d8bd0d38662909289b54f1"},"headline":"La formation interculturelle en ligne renforce la d\u00e9marche visant \u00e0 atteindre davantage de groupes de populations en Inter Am\u00e9rique","datePublished":"2020-01-23T01:10:04+00:00","dateModified":"2020-02-06T17:56:15+00:00","mainEntityOfPage":{"@id":"https:\/\/interamerica.org\/fr\/2020\/01\/la-formation-interculturelle-en-ligne-renforce-la-demarche-visant-a-atteindre-davantage-de-groupes-de-populations-en-inter-amerique\/"},"wordCount":1369,"commentCount":0,"image":{"@id":"https:\/\/interamerica.org\/fr\/2020\/01\/la-formation-interculturelle-en-ligne-renforce-la-demarche-visant-a-atteindre-davantage-de-groupes-de-populations-en-inter-amerique\/#primaryimage"},"thumbnailUrl":"https:\/\/interamerica.org\/wp-content\/uploads\/2020\/01\/crossculture-1280.jpg","articleSection":["Nouvelles du si\u00e8ge de la division","RSS Fran\u00e7ais"],"inLanguage":"fr-FR","potentialAction":[{"@type":"CommentAction","name":"Comment","target":["https:\/\/interamerica.org\/fr\/2020\/01\/la-formation-interculturelle-en-ligne-renforce-la-demarche-visant-a-atteindre-davantage-de-groupes-de-populations-en-inter-amerique\/#respond"]}]},{"@type":"WebPage","@id":"https:\/\/interamerica.org\/fr\/2020\/01\/la-formation-interculturelle-en-ligne-renforce-la-demarche-visant-a-atteindre-davantage-de-groupes-de-populations-en-inter-amerique\/","url":"https:\/\/interamerica.org\/fr\/2020\/01\/la-formation-interculturelle-en-ligne-renforce-la-demarche-visant-a-atteindre-davantage-de-groupes-de-populations-en-inter-amerique\/","name":"La formation interculturelle en ligne renforce la d\u00e9marche visant \u00e0 atteindre davantage de groupes de populations en Inter Am\u00e9rique - \u00c9glise Adventiste Du Septieme Jour - Inter Am\u00e9rique Division","isPartOf":{"@id":"https:\/\/interamerica.org\/fr\/#website"},"primaryImageOfPage":{"@id":"https:\/\/interamerica.org\/fr\/2020\/01\/la-formation-interculturelle-en-ligne-renforce-la-demarche-visant-a-atteindre-davantage-de-groupes-de-populations-en-inter-amerique\/#primaryimage"},"image":{"@id":"https:\/\/interamerica.org\/fr\/2020\/01\/la-formation-interculturelle-en-ligne-renforce-la-demarche-visant-a-atteindre-davantage-de-groupes-de-populations-en-inter-amerique\/#primaryimage"},"thumbnailUrl":"https:\/\/interamerica.org\/wp-content\/uploads\/2020\/01\/crossculture-1280.jpg","datePublished":"2020-01-23T01:10:04+00:00","dateModified":"2020-02-06T17:56:15+00:00","author":{"@id":"https:\/\/interamerica.org\/fr\/#\/schema\/person\/29998f2bc2d8bd0d38662909289b54f1"},"breadcrumb":{"@id":"https:\/\/interamerica.org\/fr\/2020\/01\/la-formation-interculturelle-en-ligne-renforce-la-demarche-visant-a-atteindre-davantage-de-groupes-de-populations-en-inter-amerique\/#breadcrumb"},"inLanguage":"fr-FR","potentialAction":[{"@type":"ReadAction","target":["https:\/\/interamerica.org\/fr\/2020\/01\/la-formation-interculturelle-en-ligne-renforce-la-demarche-visant-a-atteindre-davantage-de-groupes-de-populations-en-inter-amerique\/"]}]},{"@type":"ImageObject","inLanguage":"fr-FR","@id":"https:\/\/interamerica.org\/fr\/2020\/01\/la-formation-interculturelle-en-ligne-renforce-la-demarche-visant-a-atteindre-davantage-de-groupes-de-populations-en-inter-amerique\/#primaryimage","url":"https:\/\/interamerica.org\/wp-content\/uploads\/2020\/01\/crossculture-1280.jpg","contentUrl":"https:\/\/interamerica.org\/wp-content\/uploads\/2020\/01\/crossculture-1280.jpg","width":1280,"height":800,"caption":"Photo: Keila Trejo\/DIA"},{"@type":"BreadcrumbList","@id":"https:\/\/interamerica.org\/fr\/2020\/01\/la-formation-interculturelle-en-ligne-renforce-la-demarche-visant-a-atteindre-davantage-de-groupes-de-populations-en-inter-amerique\/#breadcrumb","itemListElement":[{"@type":"ListItem","position":1,"name":"Home","item":"https:\/\/interamerica.org\/fr\/"},{"@type":"ListItem","position":2,"name":"La formation interculturelle en ligne renforce la d\u00e9marche visant \u00e0 atteindre davantage de groupes de populations en Inter Am\u00e9rique"}]},{"@type":"WebSite","@id":"https:\/\/interamerica.org\/fr\/#website","url":"https:\/\/interamerica.org\/fr\/","name":"\u00c9glise Adventiste Du Septieme Jour - Inter Am\u00e9rique Division","description":"","potentialAction":[{"@type":"SearchAction","target":{"@type":"EntryPoint","urlTemplate":"https:\/\/interamerica.org\/fr\/?s={search_term_string}"},"query-input":{"@type":"PropertyValueSpecification","valueRequired":true,"valueName":"search_term_string"}}],"inLanguage":"fr-FR"},{"@type":"Person","@id":"https:\/\/interamerica.org\/fr\/#\/schema\/person\/29998f2bc2d8bd0d38662909289b54f1","name":"libna","image":{"@type":"ImageObject","inLanguage":"fr-FR","@id":"https:\/\/secure.gravatar.com\/avatar\/7c5bd30ae4b47a9ba3c856590957fd1d96dc588bf3ac05719d247e126840331f?s=96&d=mm&r=g","url":"https:\/\/secure.gravatar.com\/avatar\/7c5bd30ae4b47a9ba3c856590957fd1d96dc588bf3ac05719d247e126840331f?s=96&d=mm&r=g","contentUrl":"https:\/\/secure.gravatar.com\/avatar\/7c5bd30ae4b47a9ba3c856590957fd1d96dc588bf3ac05719d247e126840331f?s=96&d=mm&r=g","caption":"libna"}}]}},"_links":{"self":[{"href":"https:\/\/interamerica.org\/fr\/wp-json\/wp\/v2\/posts\/54901","targetHints":{"allow":["GET"]}}],"collection":[{"href":"https:\/\/interamerica.org\/fr\/wp-json\/wp\/v2\/posts"}],"about":[{"href":"https:\/\/interamerica.org\/fr\/wp-json\/wp\/v2\/types\/post"}],"author":[{"embeddable":true,"href":"https:\/\/interamerica.org\/fr\/wp-json\/wp\/v2\/users\/3"}],"replies":[{"embeddable":true,"href":"https:\/\/interamerica.org\/fr\/wp-json\/wp\/v2\/comments?post=54901"}],"version-history":[{"count":0,"href":"https:\/\/interamerica.org\/fr\/wp-json\/wp\/v2\/posts\/54901\/revisions"}],"wp:featuredmedia":[{"embeddable":true,"href":"https:\/\/interamerica.org\/fr\/wp-json\/wp\/v2\/media\/54837"}],"wp:attachment":[{"href":"https:\/\/interamerica.org\/fr\/wp-json\/wp\/v2\/media?parent=54901"}],"wp:term":[{"taxonomy":"category","embeddable":true,"href":"https:\/\/interamerica.org\/fr\/wp-json\/wp\/v2\/categories?post=54901"},{"taxonomy":"post_tag","embeddable":true,"href":"https:\/\/interamerica.org\/fr\/wp-json\/wp\/v2\/tags?post=54901"}],"curies":[{"name":"wp","href":"https:\/\/api.w.org\/{rel}","templated":true}]}}