{"id":54969,"date":"2020-01-25T19:56:44","date_gmt":"2020-01-25T23:56:44","guid":{"rendered":"https:\/\/recursing-golick.147-182-135-0.plesk.page\/?p=54969"},"modified":"2020-02-06T13:55:56","modified_gmt":"2020-02-06T17:55:56","slug":"adra-continue-dapporter-de-laide-apres-les-tremblements-de-terre-a-porto-rico","status":"publish","type":"post","link":"https:\/\/interamerica.org\/fr\/2020\/01\/adra-continue-dapporter-de-laide-apres-les-tremblements-de-terre-a-porto-rico\/","title":{"rendered":"ADRA continue d\u2019apporter de l\u2019aide apr\u00e8s les tremblements de terre \u00e0 Porto Rico"},"content":{"rendered":"<p><div id=\"attachment_54936\" style=\"width: 815px\" class=\"wp-caption aligncenter\"><img fetchpriority=\"high\" decoding=\"async\" aria-describedby=\"caption-attachment-54936\" class=\" wp-image-54935\" src=\"https:\/\/recursing-golick.147-182-135-0.plesk.page\/wp-content\/uploads\/2020\/01\/adra-is-providing-ongoing-aid-after-puerto-rico-earthquakes1280-1024x640.jpg\" alt=\"\" width=\"805\" height=\"503\" srcset=\"https:\/\/interamerica.org\/wp-content\/uploads\/2020\/01\/adra-is-providing-ongoing-aid-after-puerto-rico-earthquakes1280-1024x640.jpg 1024w, https:\/\/interamerica.org\/wp-content\/uploads\/2020\/01\/adra-is-providing-ongoing-aid-after-puerto-rico-earthquakes1280-300x188.jpg 300w, https:\/\/interamerica.org\/wp-content\/uploads\/2020\/01\/adra-is-providing-ongoing-aid-after-puerto-rico-earthquakes1280-768x480.jpg 768w, https:\/\/interamerica.org\/wp-content\/uploads\/2020\/01\/adra-is-providing-ongoing-aid-after-puerto-rico-earthquakes1280.jpg 1280w\" sizes=\"(max-width: 805px) 100vw, 805px\" \/><p id=\"caption-attachment-54936\" class=\"wp-caption-text\">JJos\u00e9 Alberto Rodr\u00edguez (au centre, en chemise noire), pr\u00e9sident de l\u2019\u00c9glise adventiste du septi\u00e8me jour \u00e0 Porto Rico, s\u2019entretient avec des employ\u00e9s et des b\u00e9n\u00e9voles d\u2019ADRA qui aident les r\u00e9sidents touch\u00e9s par une s\u00e9rie de tremblements de terre et de r\u00e9pliques sismiques dans le sud-ouest de l\u2019\u00eele. [Photo : ADRA Porto Rico]<\/p><\/div>24 Janvier 2020 | Silver Spring, Maryland, \u00c9tats-Unis | <span class=\"byline-news\">Personnel de l\u2019Agence Adventiste de D\u00e9veloppement et de Secours<\/span><\/p>\n<p><span class=\"cap\">L&rsquo;<\/span>Agence Adventiste de D\u00e9veloppement et de Secours (ADRA), en partenariat avec les dirigeants de l\u2019\u00c9glise adventiste du septi\u00e8me jour \u00e0 Porto Rico, a \u00e9t\u00e9 le fer de lance des efforts humanitaires \u00e0 Guayanilla, \u00e0 Sabana Grande, \u00e0 Yauco, \u00e0 Ponce, \u00e0 Barrio Guaypao, \u00e0 Bo La Luna et \u00e0 Jagua Pasto, apr\u00e8s qu\u2019une s\u00e9rie de tremblements de terre ait frapp\u00e9 la partie sud-ouest de l\u2019\u00eele de fin d\u00e9cembre 2019 au d\u00e9but de l\u2019ann\u00e9e 2020.<\/p>\n<p>Un dernier s\u00e9isme de magnitude 5,2 survenu le 15 janvier 2020 a frapp\u00e9 Porto Rico. Le <a href=\"https:\/\/www.adventistreview.org\/church-news\/story14398-adventist-church-in-puerto-rico-still-assessing-damage-after-earthquake\" target=\"_blank\" rel=\"noopener noreferrer\">tremblement de terre de magnitude 6,4<\/a> survenu le 7 janvier a \u00e9t\u00e9 le plus important et le plus d\u00e9vastateur, il a caus\u00e9 de gros d\u00e9g\u00e2ts et des coupures de courant.<\/p>\n<p>Les b\u00e9n\u00e9voles d\u2019ADRA et les dirigeants locaux de l\u2019\u00e9glise ont r\u00e9agi imm\u00e9diatement, fournissant des repas 24 heures sur 24 pour nourrir des centaines de personnes et installant des tentes pour ceux qui ont perdu leur maison. Certains rapports indiquent que des maisons reconstruites apr\u00e8s la d\u00e9vastation caus\u00e9e par les ouragans Irma et Maria en 2017 ont \u00e9t\u00e9 d\u00e9cim\u00e9es une fois de plus par les r\u00e9cents tremblements de terre.<\/p>\n<p><div id=\"attachment_54942\" style=\"width: 576px\" class=\"wp-caption aligncenter\"><img decoding=\"async\" aria-describedby=\"caption-attachment-54942\" class=\" wp-image-54941\" src=\"https:\/\/recursing-golick.147-182-135-0.plesk.page\/wp-content\/uploads\/2020\/01\/puerto-rico-tents.jpg\" alt=\"\" width=\"566\" height=\"755\" srcset=\"https:\/\/interamerica.org\/wp-content\/uploads\/2020\/01\/puerto-rico-tents.jpg 720w, https:\/\/interamerica.org\/wp-content\/uploads\/2020\/01\/puerto-rico-tents-225x300.jpg 225w\" sizes=\"(max-width: 566px) 100vw, 566px\" \/><p id=\"caption-attachment-54942\" class=\"wp-caption-text\">Les employ\u00e9s et les b\u00e9n\u00e9voles de l\u2019Agence Adventiste de D\u00e9veloppement et de Secours (ADRA) ont install\u00e9 des tentes pour fournir un abri \u00e0 de nombreuses personnes d\u00e9plac\u00e9es \u00e0 Porto Rico suite \u00e0 la s\u00e9rie de tremblements de terre qui s\u2019est produite au d\u00e9but de l\u2019ann\u00e9e 2020 dans la partie sud-ouest de l\u2019\u00eele. [Photo : ADRA Porto Rico]<\/p><\/div><br \/>\n\u00ab Nous n\u2019avons jamais auparavant ressenti autant de tremblements de terre qui secouent nos villes, \u00bb a d\u00e9clar\u00e9 David Sebastian, directeur de la communication pour ADRA \u00e0 Porto Rico. \u00ab Les gens ne veulent pas entrer chez eux par peur d\u2019autres tremblements de terre et ils dorment dans leurs voitures parce que le sol ne cesse de trembler. \u00bb<\/p>\n<p>Selon le United States Geological Survey (USGS), plus de 1280 s\u00e9ismes ont secou\u00e9 la r\u00e9gion sud de l\u2019\u00eele depuis le 28 d\u00e9cembre. Le dernier tremblement de terre s\u2019est produit pr\u00e8s de Guanica, o\u00f9 des sismologues dans le sud de Porto Rico tentent de trouver des r\u00e9ponses pour expliquer les secousses fr\u00e9quentes et inhabituelles.<\/p>\n<p>Les responsables du gouvernement ont d\u00e9clar\u00e9 que les tremblements de terre ont d\u00e9truit des centaines de maisons et ont caus\u00e9 des d\u00e9g\u00e2ts dont le co\u00fbt s\u2019\u00e9l\u00e8ve \u00e0 environ 200 millions de dollars. Pr\u00e8s de 8000 personnes ont d\u00fb chercher un refuge.<\/p>\n<p>\u00ab ADRA a nou\u00e9 des relations avec United Airlines, Airlink, Latter-day Saints Charities et les Services Communautaires Adventistes pour offrir des articles n\u00e9cessaires aux personnes les plus touch\u00e9es, \u00bb a d\u00e9clar\u00e9 David Sebastian.<\/p>\n<p><div id=\"attachment_54939\" style=\"width: 803px\" class=\"wp-caption aligncenter\"><img decoding=\"async\" aria-describedby=\"caption-attachment-54939\" class=\" wp-image-54938\" src=\"https:\/\/recursing-golick.147-182-135-0.plesk.page\/wp-content\/uploads\/2020\/01\/thumbnail-photo-2020-01-15-06-59-07.jpg\" alt=\"\" width=\"793\" height=\"595\" srcset=\"https:\/\/interamerica.org\/wp-content\/uploads\/2020\/01\/thumbnail-photo-2020-01-15-06-59-07.jpg 960w, https:\/\/interamerica.org\/wp-content\/uploads\/2020\/01\/thumbnail-photo-2020-01-15-06-59-07-300x225.jpg 300w, https:\/\/interamerica.org\/wp-content\/uploads\/2020\/01\/thumbnail-photo-2020-01-15-06-59-07-768x576.jpg 768w\" sizes=\"(max-width: 793px) 100vw, 793px\" \/><p id=\"caption-attachment-54939\" class=\"wp-caption-text\">Gr\u00e2ce \u00e0 des partenariats avec des organisations gouvernementales et non gouvernementales, ADRA fournit des repas chauds et de l\u2019aide sous d\u2019autres formes aux r\u00e9sidents de Porto Rico touch\u00e9s par une s\u00e9rie de tremblements de terre qui ont secou\u00e9 l\u2019\u00eele en d\u00e9cembre 2019 et en janvier 2020. [Photo : ADRA Porto Rico]<\/p><\/div>Gr\u00e2ce \u00e0 ces partenariats, ADRA sera en mesure de livrer 200 tentes et plus de 1500 couvertures aux communaut\u00e9s qu\u2019ils desservent.<\/p>\n<p>\u00ab Nous appelons tout le monde \u00e0 servir, et c\u2019est le moment de le faire, \u00bb a d\u00e9clar\u00e9 David Sebastian. \u00ab Vous ne pouvez peut-\u00eatre pas \u00eatre \u00e0 Porto Rico pour aider, mais on a encore vraiment besoin de votre soutien. ADRA compte sur vous pour aider. \u00bb<\/p>\n<p>Traduction: Patrick Luciathe<\/p>\n","protected":false},"excerpt":{"rendered":"<p>24 Janvier 2020 | Silver Spring, Maryland, \u00c9tats-Unis | Personnel de l\u2019Agence Adventiste de D\u00e9veloppement et de Secours L&rsquo;Agence Adventiste de D\u00e9veloppement et de Secours (ADRA), en partenariat avec les&#8230;<\/p>\n","protected":false},"author":3,"featured_media":54936,"comment_status":"open","ping_status":"closed","sticky":false,"template":"","format":"standard","meta":{"_acf_changed":false,"footnotes":""},"categories":[18,19],"tags":[],"class_list":["post-54969","post","type-post","status-publish","format-standard","has-post-thumbnail","hentry","category-nouvelles-de-leglise-mondiale","category-rss-francais"],"acf":[],"yoast_head":"<!-- This site is optimized with the Yoast SEO plugin v27.3 - https:\/\/yoast.com\/product\/yoast-seo-wordpress\/ -->\n<title>ADRA continue d\u2019apporter de l\u2019aide apr\u00e8s les tremblements de terre \u00e0 Porto Rico - \u00c9glise Adventiste Du Septieme Jour - Inter Am\u00e9rique Division<\/title>\n<meta name=\"robots\" content=\"index, follow, max-snippet:-1, max-image-preview:large, max-video-preview:-1\" \/>\n<link rel=\"canonical\" href=\"https:\/\/interamerica.org\/fr\/2020\/01\/adra-continue-dapporter-de-laide-apres-les-tremblements-de-terre-a-porto-rico\/\" \/>\n<meta property=\"og:locale\" content=\"fr_FR\" \/>\n<meta property=\"og:type\" content=\"article\" \/>\n<meta property=\"og:title\" content=\"ADRA continue d\u2019apporter de l\u2019aide apr\u00e8s les tremblements de terre \u00e0 Porto Rico - \u00c9glise Adventiste Du Septieme Jour - Inter Am\u00e9rique Division\" \/>\n<meta property=\"og:description\" content=\"24 Janvier 2020 | Silver Spring, Maryland, \u00c9tats-Unis | Personnel de l\u2019Agence Adventiste de D\u00e9veloppement et de Secours L&rsquo;Agence Adventiste de D\u00e9veloppement et de Secours (ADRA), en partenariat avec les...\" \/>\n<meta property=\"og:url\" content=\"https:\/\/interamerica.org\/fr\/2020\/01\/adra-continue-dapporter-de-laide-apres-les-tremblements-de-terre-a-porto-rico\/\" \/>\n<meta property=\"og:site_name\" content=\"\u00c9glise Adventiste Du Septieme Jour - Inter Am\u00e9rique Division\" \/>\n<meta property=\"article:published_time\" content=\"2020-01-25T23:56:44+00:00\" \/>\n<meta property=\"article:modified_time\" content=\"2020-02-06T17:55:56+00:00\" \/>\n<meta property=\"og:image\" content=\"https:\/\/interamerica.org\/wp-content\/uploads\/2020\/01\/adra-is-providing-ongoing-aid-after-puerto-rico-earthquakes1280.jpg\" \/>\n\t<meta property=\"og:image:width\" content=\"1280\" \/>\n\t<meta property=\"og:image:height\" content=\"800\" \/>\n\t<meta property=\"og:image:type\" content=\"image\/jpeg\" \/>\n<meta name=\"author\" content=\"libna\" \/>\n<meta name=\"twitter:card\" content=\"summary_large_image\" \/>\n<meta name=\"twitter:label1\" content=\"\u00c9crit par\" \/>\n\t<meta name=\"twitter:data1\" content=\"libna\" \/>\n\t<meta name=\"twitter:label2\" content=\"Dur\u00e9e de lecture estim\u00e9e\" \/>\n\t<meta name=\"twitter:data2\" content=\"3 minutes\" \/>\n<script type=\"application\/ld+json\" class=\"yoast-schema-graph\">{\"@context\":\"https:\\\/\\\/schema.org\",\"@graph\":[{\"@type\":\"Article\",\"@id\":\"https:\\\/\\\/interamerica.org\\\/fr\\\/2020\\\/01\\\/adra-continue-dapporter-de-laide-apres-les-tremblements-de-terre-a-porto-rico\\\/#article\",\"isPartOf\":{\"@id\":\"https:\\\/\\\/interamerica.org\\\/fr\\\/2020\\\/01\\\/adra-continue-dapporter-de-laide-apres-les-tremblements-de-terre-a-porto-rico\\\/\"},\"author\":{\"name\":\"libna\",\"@id\":\"https:\\\/\\\/interamerica.org\\\/fr\\\/#\\\/schema\\\/person\\\/29998f2bc2d8bd0d38662909289b54f1\"},\"headline\":\"ADRA continue d\u2019apporter de l\u2019aide apr\u00e8s les tremblements de terre \u00e0 Porto Rico\",\"datePublished\":\"2020-01-25T23:56:44+00:00\",\"dateModified\":\"2020-02-06T17:55:56+00:00\",\"mainEntityOfPage\":{\"@id\":\"https:\\\/\\\/interamerica.org\\\/fr\\\/2020\\\/01\\\/adra-continue-dapporter-de-laide-apres-les-tremblements-de-terre-a-porto-rico\\\/\"},\"wordCount\":699,\"commentCount\":0,\"image\":{\"@id\":\"https:\\\/\\\/interamerica.org\\\/fr\\\/2020\\\/01\\\/adra-continue-dapporter-de-laide-apres-les-tremblements-de-terre-a-porto-rico\\\/#primaryimage\"},\"thumbnailUrl\":\"https:\\\/\\\/interamerica.org\\\/wp-content\\\/uploads\\\/2020\\\/01\\\/adra-is-providing-ongoing-aid-after-puerto-rico-earthquakes1280.jpg\",\"articleSection\":[\"Nouvelles de l'\u00c9glise mondiale\",\"RSS Fran\u00e7ais\"],\"inLanguage\":\"fr-FR\",\"potentialAction\":[{\"@type\":\"CommentAction\",\"name\":\"Comment\",\"target\":[\"https:\\\/\\\/interamerica.org\\\/fr\\\/2020\\\/01\\\/adra-continue-dapporter-de-laide-apres-les-tremblements-de-terre-a-porto-rico\\\/#respond\"]}]},{\"@type\":\"WebPage\",\"@id\":\"https:\\\/\\\/interamerica.org\\\/fr\\\/2020\\\/01\\\/adra-continue-dapporter-de-laide-apres-les-tremblements-de-terre-a-porto-rico\\\/\",\"url\":\"https:\\\/\\\/interamerica.org\\\/fr\\\/2020\\\/01\\\/adra-continue-dapporter-de-laide-apres-les-tremblements-de-terre-a-porto-rico\\\/\",\"name\":\"ADRA continue d\u2019apporter de l\u2019aide apr\u00e8s les tremblements de terre \u00e0 Porto Rico - \u00c9glise Adventiste Du Septieme Jour - Inter Am\u00e9rique Division\",\"isPartOf\":{\"@id\":\"https:\\\/\\\/interamerica.org\\\/fr\\\/#website\"},\"primaryImageOfPage\":{\"@id\":\"https:\\\/\\\/interamerica.org\\\/fr\\\/2020\\\/01\\\/adra-continue-dapporter-de-laide-apres-les-tremblements-de-terre-a-porto-rico\\\/#primaryimage\"},\"image\":{\"@id\":\"https:\\\/\\\/interamerica.org\\\/fr\\\/2020\\\/01\\\/adra-continue-dapporter-de-laide-apres-les-tremblements-de-terre-a-porto-rico\\\/#primaryimage\"},\"thumbnailUrl\":\"https:\\\/\\\/interamerica.org\\\/wp-content\\\/uploads\\\/2020\\\/01\\\/adra-is-providing-ongoing-aid-after-puerto-rico-earthquakes1280.jpg\",\"datePublished\":\"2020-01-25T23:56:44+00:00\",\"dateModified\":\"2020-02-06T17:55:56+00:00\",\"author\":{\"@id\":\"https:\\\/\\\/interamerica.org\\\/fr\\\/#\\\/schema\\\/person\\\/29998f2bc2d8bd0d38662909289b54f1\"},\"breadcrumb\":{\"@id\":\"https:\\\/\\\/interamerica.org\\\/fr\\\/2020\\\/01\\\/adra-continue-dapporter-de-laide-apres-les-tremblements-de-terre-a-porto-rico\\\/#breadcrumb\"},\"inLanguage\":\"fr-FR\",\"potentialAction\":[{\"@type\":\"ReadAction\",\"target\":[\"https:\\\/\\\/interamerica.org\\\/fr\\\/2020\\\/01\\\/adra-continue-dapporter-de-laide-apres-les-tremblements-de-terre-a-porto-rico\\\/\"]}]},{\"@type\":\"ImageObject\",\"inLanguage\":\"fr-FR\",\"@id\":\"https:\\\/\\\/interamerica.org\\\/fr\\\/2020\\\/01\\\/adra-continue-dapporter-de-laide-apres-les-tremblements-de-terre-a-porto-rico\\\/#primaryimage\",\"url\":\"https:\\\/\\\/interamerica.org\\\/wp-content\\\/uploads\\\/2020\\\/01\\\/adra-is-providing-ongoing-aid-after-puerto-rico-earthquakes1280.jpg\",\"contentUrl\":\"https:\\\/\\\/interamerica.org\\\/wp-content\\\/uploads\\\/2020\\\/01\\\/adra-is-providing-ongoing-aid-after-puerto-rico-earthquakes1280.jpg\",\"width\":1280,\"height\":800,\"caption\":\"JJos\u00e9 Alberto Rodr\u00edguez (au centre, en chemise noire), pr\u00e9sident de l\u2019\u00c9glise adventiste du septi\u00e8me jour \u00e0 Porto Rico, s\u2019entretient avec des employ\u00e9s et des b\u00e9n\u00e9voles d\u2019ADRA qui aident les r\u00e9sidents touch\u00e9s par une s\u00e9rie de tremblements de terre et de r\u00e9pliques sismiques dans le sud-ouest de l\u2019\u00eele. [Photo : ADRA Porto Rico]\"},{\"@type\":\"BreadcrumbList\",\"@id\":\"https:\\\/\\\/interamerica.org\\\/fr\\\/2020\\\/01\\\/adra-continue-dapporter-de-laide-apres-les-tremblements-de-terre-a-porto-rico\\\/#breadcrumb\",\"itemListElement\":[{\"@type\":\"ListItem\",\"position\":1,\"name\":\"Home\",\"item\":\"https:\\\/\\\/interamerica.org\\\/fr\\\/\"},{\"@type\":\"ListItem\",\"position\":2,\"name\":\"ADRA continue d\u2019apporter de l\u2019aide apr\u00e8s les tremblements de terre \u00e0 Porto Rico\"}]},{\"@type\":\"WebSite\",\"@id\":\"https:\\\/\\\/interamerica.org\\\/fr\\\/#website\",\"url\":\"https:\\\/\\\/interamerica.org\\\/fr\\\/\",\"name\":\"\u00c9glise Adventiste Du Septieme Jour - Inter Am\u00e9rique Division\",\"description\":\"\",\"potentialAction\":[{\"@type\":\"SearchAction\",\"target\":{\"@type\":\"EntryPoint\",\"urlTemplate\":\"https:\\\/\\\/interamerica.org\\\/fr\\\/?s={search_term_string}\"},\"query-input\":{\"@type\":\"PropertyValueSpecification\",\"valueRequired\":true,\"valueName\":\"search_term_string\"}}],\"inLanguage\":\"fr-FR\"},{\"@type\":\"Person\",\"@id\":\"https:\\\/\\\/interamerica.org\\\/fr\\\/#\\\/schema\\\/person\\\/29998f2bc2d8bd0d38662909289b54f1\",\"name\":\"libna\",\"image\":{\"@type\":\"ImageObject\",\"inLanguage\":\"fr-FR\",\"@id\":\"https:\\\/\\\/secure.gravatar.com\\\/avatar\\\/7c5bd30ae4b47a9ba3c856590957fd1d96dc588bf3ac05719d247e126840331f?s=96&d=mm&r=g\",\"url\":\"https:\\\/\\\/secure.gravatar.com\\\/avatar\\\/7c5bd30ae4b47a9ba3c856590957fd1d96dc588bf3ac05719d247e126840331f?s=96&d=mm&r=g\",\"contentUrl\":\"https:\\\/\\\/secure.gravatar.com\\\/avatar\\\/7c5bd30ae4b47a9ba3c856590957fd1d96dc588bf3ac05719d247e126840331f?s=96&d=mm&r=g\",\"caption\":\"libna\"}}]}<\/script>\n<!-- \/ Yoast SEO plugin. -->","yoast_head_json":{"title":"ADRA continue d\u2019apporter de l\u2019aide apr\u00e8s les tremblements de terre \u00e0 Porto Rico - \u00c9glise Adventiste Du Septieme Jour - Inter Am\u00e9rique Division","robots":{"index":"index","follow":"follow","max-snippet":"max-snippet:-1","max-image-preview":"max-image-preview:large","max-video-preview":"max-video-preview:-1"},"canonical":"https:\/\/interamerica.org\/fr\/2020\/01\/adra-continue-dapporter-de-laide-apres-les-tremblements-de-terre-a-porto-rico\/","og_locale":"fr_FR","og_type":"article","og_title":"ADRA continue d\u2019apporter de l\u2019aide apr\u00e8s les tremblements de terre \u00e0 Porto Rico - \u00c9glise Adventiste Du Septieme Jour - Inter Am\u00e9rique Division","og_description":"24 Janvier 2020 | Silver Spring, Maryland, \u00c9tats-Unis | Personnel de l\u2019Agence Adventiste de D\u00e9veloppement et de Secours L&rsquo;Agence Adventiste de D\u00e9veloppement et de Secours (ADRA), en partenariat avec les...","og_url":"https:\/\/interamerica.org\/fr\/2020\/01\/adra-continue-dapporter-de-laide-apres-les-tremblements-de-terre-a-porto-rico\/","og_site_name":"\u00c9glise Adventiste Du Septieme Jour - Inter Am\u00e9rique Division","article_published_time":"2020-01-25T23:56:44+00:00","article_modified_time":"2020-02-06T17:55:56+00:00","og_image":[{"width":1280,"height":800,"url":"https:\/\/interamerica.org\/wp-content\/uploads\/2020\/01\/adra-is-providing-ongoing-aid-after-puerto-rico-earthquakes1280.jpg","type":"image\/jpeg"}],"author":"libna","twitter_card":"summary_large_image","twitter_misc":{"\u00c9crit par":"libna","Dur\u00e9e de lecture estim\u00e9e":"3 minutes"},"schema":{"@context":"https:\/\/schema.org","@graph":[{"@type":"Article","@id":"https:\/\/interamerica.org\/fr\/2020\/01\/adra-continue-dapporter-de-laide-apres-les-tremblements-de-terre-a-porto-rico\/#article","isPartOf":{"@id":"https:\/\/interamerica.org\/fr\/2020\/01\/adra-continue-dapporter-de-laide-apres-les-tremblements-de-terre-a-porto-rico\/"},"author":{"name":"libna","@id":"https:\/\/interamerica.org\/fr\/#\/schema\/person\/29998f2bc2d8bd0d38662909289b54f1"},"headline":"ADRA continue d\u2019apporter de l\u2019aide apr\u00e8s les tremblements de terre \u00e0 Porto Rico","datePublished":"2020-01-25T23:56:44+00:00","dateModified":"2020-02-06T17:55:56+00:00","mainEntityOfPage":{"@id":"https:\/\/interamerica.org\/fr\/2020\/01\/adra-continue-dapporter-de-laide-apres-les-tremblements-de-terre-a-porto-rico\/"},"wordCount":699,"commentCount":0,"image":{"@id":"https:\/\/interamerica.org\/fr\/2020\/01\/adra-continue-dapporter-de-laide-apres-les-tremblements-de-terre-a-porto-rico\/#primaryimage"},"thumbnailUrl":"https:\/\/interamerica.org\/wp-content\/uploads\/2020\/01\/adra-is-providing-ongoing-aid-after-puerto-rico-earthquakes1280.jpg","articleSection":["Nouvelles de l'\u00c9glise mondiale","RSS Fran\u00e7ais"],"inLanguage":"fr-FR","potentialAction":[{"@type":"CommentAction","name":"Comment","target":["https:\/\/interamerica.org\/fr\/2020\/01\/adra-continue-dapporter-de-laide-apres-les-tremblements-de-terre-a-porto-rico\/#respond"]}]},{"@type":"WebPage","@id":"https:\/\/interamerica.org\/fr\/2020\/01\/adra-continue-dapporter-de-laide-apres-les-tremblements-de-terre-a-porto-rico\/","url":"https:\/\/interamerica.org\/fr\/2020\/01\/adra-continue-dapporter-de-laide-apres-les-tremblements-de-terre-a-porto-rico\/","name":"ADRA continue d\u2019apporter de l\u2019aide apr\u00e8s les tremblements de terre \u00e0 Porto Rico - \u00c9glise Adventiste Du Septieme Jour - Inter Am\u00e9rique Division","isPartOf":{"@id":"https:\/\/interamerica.org\/fr\/#website"},"primaryImageOfPage":{"@id":"https:\/\/interamerica.org\/fr\/2020\/01\/adra-continue-dapporter-de-laide-apres-les-tremblements-de-terre-a-porto-rico\/#primaryimage"},"image":{"@id":"https:\/\/interamerica.org\/fr\/2020\/01\/adra-continue-dapporter-de-laide-apres-les-tremblements-de-terre-a-porto-rico\/#primaryimage"},"thumbnailUrl":"https:\/\/interamerica.org\/wp-content\/uploads\/2020\/01\/adra-is-providing-ongoing-aid-after-puerto-rico-earthquakes1280.jpg","datePublished":"2020-01-25T23:56:44+00:00","dateModified":"2020-02-06T17:55:56+00:00","author":{"@id":"https:\/\/interamerica.org\/fr\/#\/schema\/person\/29998f2bc2d8bd0d38662909289b54f1"},"breadcrumb":{"@id":"https:\/\/interamerica.org\/fr\/2020\/01\/adra-continue-dapporter-de-laide-apres-les-tremblements-de-terre-a-porto-rico\/#breadcrumb"},"inLanguage":"fr-FR","potentialAction":[{"@type":"ReadAction","target":["https:\/\/interamerica.org\/fr\/2020\/01\/adra-continue-dapporter-de-laide-apres-les-tremblements-de-terre-a-porto-rico\/"]}]},{"@type":"ImageObject","inLanguage":"fr-FR","@id":"https:\/\/interamerica.org\/fr\/2020\/01\/adra-continue-dapporter-de-laide-apres-les-tremblements-de-terre-a-porto-rico\/#primaryimage","url":"https:\/\/interamerica.org\/wp-content\/uploads\/2020\/01\/adra-is-providing-ongoing-aid-after-puerto-rico-earthquakes1280.jpg","contentUrl":"https:\/\/interamerica.org\/wp-content\/uploads\/2020\/01\/adra-is-providing-ongoing-aid-after-puerto-rico-earthquakes1280.jpg","width":1280,"height":800,"caption":"JJos\u00e9 Alberto Rodr\u00edguez (au centre, en chemise noire), pr\u00e9sident de l\u2019\u00c9glise adventiste du septi\u00e8me jour \u00e0 Porto Rico, s\u2019entretient avec des employ\u00e9s et des b\u00e9n\u00e9voles d\u2019ADRA qui aident les r\u00e9sidents touch\u00e9s par une s\u00e9rie de tremblements de terre et de r\u00e9pliques sismiques dans le sud-ouest de l\u2019\u00eele. [Photo : ADRA Porto Rico]"},{"@type":"BreadcrumbList","@id":"https:\/\/interamerica.org\/fr\/2020\/01\/adra-continue-dapporter-de-laide-apres-les-tremblements-de-terre-a-porto-rico\/#breadcrumb","itemListElement":[{"@type":"ListItem","position":1,"name":"Home","item":"https:\/\/interamerica.org\/fr\/"},{"@type":"ListItem","position":2,"name":"ADRA continue d\u2019apporter de l\u2019aide apr\u00e8s les tremblements de terre \u00e0 Porto Rico"}]},{"@type":"WebSite","@id":"https:\/\/interamerica.org\/fr\/#website","url":"https:\/\/interamerica.org\/fr\/","name":"\u00c9glise Adventiste Du Septieme Jour - Inter Am\u00e9rique Division","description":"","potentialAction":[{"@type":"SearchAction","target":{"@type":"EntryPoint","urlTemplate":"https:\/\/interamerica.org\/fr\/?s={search_term_string}"},"query-input":{"@type":"PropertyValueSpecification","valueRequired":true,"valueName":"search_term_string"}}],"inLanguage":"fr-FR"},{"@type":"Person","@id":"https:\/\/interamerica.org\/fr\/#\/schema\/person\/29998f2bc2d8bd0d38662909289b54f1","name":"libna","image":{"@type":"ImageObject","inLanguage":"fr-FR","@id":"https:\/\/secure.gravatar.com\/avatar\/7c5bd30ae4b47a9ba3c856590957fd1d96dc588bf3ac05719d247e126840331f?s=96&d=mm&r=g","url":"https:\/\/secure.gravatar.com\/avatar\/7c5bd30ae4b47a9ba3c856590957fd1d96dc588bf3ac05719d247e126840331f?s=96&d=mm&r=g","contentUrl":"https:\/\/secure.gravatar.com\/avatar\/7c5bd30ae4b47a9ba3c856590957fd1d96dc588bf3ac05719d247e126840331f?s=96&d=mm&r=g","caption":"libna"}}]}},"_links":{"self":[{"href":"https:\/\/interamerica.org\/fr\/wp-json\/wp\/v2\/posts\/54969","targetHints":{"allow":["GET"]}}],"collection":[{"href":"https:\/\/interamerica.org\/fr\/wp-json\/wp\/v2\/posts"}],"about":[{"href":"https:\/\/interamerica.org\/fr\/wp-json\/wp\/v2\/types\/post"}],"author":[{"embeddable":true,"href":"https:\/\/interamerica.org\/fr\/wp-json\/wp\/v2\/users\/3"}],"replies":[{"embeddable":true,"href":"https:\/\/interamerica.org\/fr\/wp-json\/wp\/v2\/comments?post=54969"}],"version-history":[{"count":0,"href":"https:\/\/interamerica.org\/fr\/wp-json\/wp\/v2\/posts\/54969\/revisions"}],"wp:featuredmedia":[{"embeddable":true,"href":"https:\/\/interamerica.org\/fr\/wp-json\/wp\/v2\/media\/54936"}],"wp:attachment":[{"href":"https:\/\/interamerica.org\/fr\/wp-json\/wp\/v2\/media?parent=54969"}],"wp:term":[{"taxonomy":"category","embeddable":true,"href":"https:\/\/interamerica.org\/fr\/wp-json\/wp\/v2\/categories?post=54969"},{"taxonomy":"post_tag","embeddable":true,"href":"https:\/\/interamerica.org\/fr\/wp-json\/wp\/v2\/tags?post=54969"}],"curies":[{"name":"wp","href":"https:\/\/api.w.org\/{rel}","templated":true}]}}