{"id":55030,"date":"2020-01-29T15:55:10","date_gmt":"2020-01-29T19:55:10","guid":{"rendered":"https:\/\/recursing-golick.147-182-135-0.plesk.page\/?p=55030"},"modified":"2020-02-06T13:55:34","modified_gmt":"2020-02-06T17:55:34","slug":"les-dirigeants-adventistes-mis-au-defi-de-ne-jamais-tolerer-la-violence-conjugale-et-labus-sexuel","status":"publish","type":"post","link":"https:\/\/interamerica.org\/fr\/2020\/01\/les-dirigeants-adventistes-mis-au-defi-de-ne-jamais-tolerer-la-violence-conjugale-et-labus-sexuel\/","title":{"rendered":"Les dirigeants adventistes mis au d\u00e9fi de ne jamais tol\u00e9rer la violence conjugale et l\u2019abus sexuel"},"content":{"rendered":"<div style=\"width: 808px\" class=\"wp-caption aligncenter\"><img fetchpriority=\"high\" decoding=\"async\" class=\"\" src=\"https:\/\/recursing-golick.147-182-135-0.plesk.page\/wp-content\/uploads\/2020\/01\/torben-bergland-1-1280-1024x640.jpg\" alt=\"\" width=\"798\" height=\"499\" \/><p class=\"wp-caption-text\">Le Dr Torben Bergland, directeur adjoint des minist\u00e8res de la sant\u00e9 de l\u2019\u00c9glise adventiste mondiale, s\u2019adresse \u00e0 des dizaines d\u2019administrateurs de l\u2019\u00c9glise et de dirigeants d\u2019un minist\u00e8re de la sant\u00e9 lors du Sommet sur la sant\u00e9 de la Division interam\u00e9ricaine qui s\u2019est tenu du 22 au 25 janvier derniers \u00e0 Punta Cana, en R\u00e9publique dominicaine. Une photo de Libna Stevens, DIA.<\/p><\/div>\n<p>Le 28 janvier 2020 | Punta Cana, R\u00e9publique Dominicaine | Nigel Coke\/ D\u00e9partement de Nouvelles de la DIA<\/p>\n<p>Le Dr\u00a0Torben Bergland, directeur adjoint des minist\u00e8res de la sant\u00e9 de l\u2019\u00c9glise adventiste mondiale, a mis les administrateurs adventistes et les dirigeants de minist\u00e8res de la sant\u00e9 au d\u00e9fi de n\u2019avoir aucune tol\u00e9rance pour la violence conjugale et l\u2019abus sexuel, bien pr\u00e9sents dans l\u2019\u00c9glise et qui menacent s\u00e9rieusement la sant\u00e9 mentale et le bien-\u00eatre.<\/p>\n<p>D\u2019apr\u00e8s lui, \u00ab\u00a0l\u2019exposition \u00e0 la violence, \u00e0 la n\u00e9gligence et \u00e0 l\u2019abus, qui sont partout, nuit \u00e0 la sant\u00e9 mentale. Dans les foyers, o\u00f9 la s\u00e9curit\u00e9 devrait r\u00e9gner, il y a de la violence, de la n\u00e9gligence et de l\u2019abus sexuel. En tant qu\u2019\u00c9glise, nous devons porter attention \u00e0 ces choses, car elles sont inacceptables.\u00a0\u00bb<\/p>\n<p>\u00ab\u00a0L\u2019\u00c9glise ne doit avoir aucune tol\u00e9rance pour la violence conjugale et l\u2019abus sexuel, qui sont parmi nos plus grands obstacles \u00e0 la sant\u00e9, et ce partout dans le monde, aucun endroit n\u2019en faisant exception.\u00a0\u00bb<\/p>\n<p>Cet appel, le Dr\u00a0Bergland l\u2019a fait lors d\u2019une pr\u00e9sentation sur la d\u00e9pression le troisi\u00e8me jour du Sommet sur la sant\u00e9 tenu par la Division interam\u00e9ricaine du 22 au 25 janvier derniers \u00e0 Punta Cana, en R\u00e9publique dominicaine. Les participants \u00e9taient surtout des administrateurs de l\u2019\u00c9glise et des dirigeants en sant\u00e9 de partout sur le territoire interam\u00e9ricain.<\/p>\n<div style=\"width: 810px\" class=\"wp-caption aligncenter\"><img decoding=\"async\" class=\"\" src=\"https:\/\/recursing-golick.147-182-135-0.plesk.page\/wp-content\/uploads\/2020\/01\/torben-bergland-1024x640.jpg\" alt=\"\" width=\"800\" height=\"500\" \/><p class=\"wp-caption-text\">Le Dr\u00a0Bergland s\u2019adresse aux dirigeants de la sant\u00e9 lors de l\u2019une de ses pr\u00e9sentations sur la d\u00e9pression le 23 janvier 2020. Une photo de Nigel Coke de la DIA.<\/p><\/div>\n<p>La d\u00e9pression peut affecter n\u2019importe qui, m\u00eame une personne qui semble vivre dans des circonstances relativement id\u00e9ales, a-t-il expliqu\u00e9. Mais elle est deux fois plus r\u00e9pandue chez les femmes que chez les hommes.<\/p>\n<p>Plusieurs facteurs peuvent jouer un r\u00f4le dans la d\u00e9pression\u00a0:<\/p>\n<ul>\n<li>La biochimie\u00a0: des variations dans les taux de certaines substances chimiques dans le cerveau peuvent contribuer aux sympt\u00f4mes de la d\u00e9pression.<\/li>\n<li>La g\u00e9n\u00e9tique\u00a0: la d\u00e9pression peut \u00eatre \u00ab\u00a0de famille\u00a0\u00bb. Par exemple, dans le cas de jumeaux identiques, lorsque l\u2019un souffre de d\u00e9pression, l\u2019autre a 70\u00a0% de chances de souffrir de la m\u00eame maladie dans sa vie.<\/li>\n<li>La personnalit\u00e9\u00a0: les gens qui ont une faible estime d\u2019eux-m\u00eames, qui sont facilement d\u00e9pass\u00e9s par le stress ou qui sont g\u00e9n\u00e9ralement pessimistes semblent plus enclins \u00e0 vivre de la d\u00e9pression.<\/li>\n<li>Les facteurs environnementaux\u00a0: l\u2019exposition constante \u00e0 la violence, \u00e0 la n\u00e9gligence, \u00e0 l\u2019abus sexuel ou \u00e0 la pauvret\u00e9 peut rendre certaines personnes plus vuln\u00e9rables \u00e0 la d\u00e9pression.<\/li>\n<\/ul>\n<p>Consid\u00e9rant que plus de 264 millions de personnes de tous les \u00e2ges sont affect\u00e9es par la d\u00e9pression selon l\u2019Organisation mondiale de la sant\u00e9 (OMS), le Dr Bergland a expliqu\u00e9 que \u00ab\u00a0la d\u00e9pression fait partie de l\u2019\u00eatre humain. C\u2019est une r\u00e9action fr\u00e9quente \u00e0 l\u2019\u00e9tat malade de ce monde. C\u2019est une maladie qui affecte la qualit\u00e9 de vie et la capacit\u00e9 de fonctionner. On a tendance \u00e0 penser que la d\u00e9pression n\u2019est qu\u2019un \u00e9tat de grande tristesse, mais elle est caract\u00e9ris\u00e9e par un \u00e9tat d\u2019esprit complexe souvent marqu\u00e9 par le d\u00e9sespoir, la haine de soi-m\u00eame, l\u2019isolement, l\u2019anxi\u00e9t\u00e9, la tristesse, les sentiments de culpabilit\u00e9 et de vide ainsi que la honte.\u00a0\u00bb<\/p>\n<p>Les sympt\u00f4mes typiques de la d\u00e9pression\u00a0:<\/p>\n<ul>\n<li>Une perte d\u2019int\u00e9r\u00eat ou de plaisir pour les loisirs et les activit\u00e9s<\/li>\n<li>Un sentiment de d\u00e9sespoir ou de pessimisme<\/li>\n<li>De l\u2019irritabilit\u00e9<\/li>\n<li>Une baisse d\u2019\u00e9nergie ou de l\u2019\u00e9puisement<\/li>\n<li>Un ralentissement moteur ou verbal<\/li>\n<li>De l\u2019agitation ou de la difficult\u00e9 \u00e0 rester immobile<\/li>\n<li>Des difficult\u00e9s de concentration et de prise de d\u00e9cision ou des troubles de m\u00e9moire<\/li>\n<li>Des troubles du sommeil (se r\u00e9veiller trop t\u00f4t ou dormir trop)<\/li>\n<li>Une augmentation ou une diminution de l\u2019app\u00e9tit ou du poids<\/li>\n<li>Des douleurs, des maux de t\u00eate, des crampes ou des troubles digestifs sans cause physique claire ou qui ne diminuent pas avec les traitements<\/li>\n<\/ul>\n<p>Selon l\u2019OMS, de 76 \u00e0 85\u00a0% des gens dans les pays \u00e0 faibles et moyens revenus ne re\u00e7oivent aucun traitement de leur maladie. Les obstacles aux soins efficaces comprennent le manque de ressources, le manque de fournisseurs de soins de sant\u00e9 bien form\u00e9s, les stigmates sociaux associ\u00e9s aux troubles mentaux et les \u00e9valuations inexactes. Dans les pays o\u00f9 l\u2019on trouve tous les niveaux de revenu, les gens qui souffrent de d\u00e9pression sont souvent mal diagnostiqu\u00e9s, et les autres qui ne souffrent pas de d\u00e9pression sont aussi trop souvent mal diagnostiqu\u00e9s et prennent donc, \u00e0 tort, des antid\u00e9presseurs.<\/p>\n<p>Le Dr\u00a0Bergland croit que le scepticisme envers la psychologie de certaines communaut\u00e9s religieuses a pu affecter le traitement efficace de la d\u00e9pression.<\/p>\n<p>\u00ab\u00a0Dans l\u2019histoire de la psychologie, on retrouve effectivement des frictions entre la religion et la psychologie. Ainsi, beaucoup de chr\u00e9tiens sont devenus r\u00e9sistants et sceptiques \u00e0 la recherche d\u2019aide pour des troubles mentaux.\u00a0\u00bb<\/p>\n<p><strong>Le jugement spirituel<\/strong><\/p>\n<p>De plus, sur le plan spirituel, le Dr\u00a0Bergland souligne la croyance de certains selon laquelle les personnes qui se sont suicid\u00e9es ne peuvent \u00eatre sauv\u00e9es.<\/p>\n<p>\u00ab\u00a0Je pense que Dieu conna\u00eet la quantit\u00e9 de souffrance qui accompagne chaque suicide. Il conna\u00eet l\u2019histoire de chaque personne. Il conna\u00eet et comprend la maladie mentale et les dysfonctions de l\u2019esprit mieux que n\u2019importe quel psychiatre. Je pense que, lorsque quelqu\u2019un renonce \u00e0 la vie, c\u2019est Dieu qui en souffre le plus. Il n\u2019est pas en col\u00e8re contre la personne, mais il est certainement en col\u00e8re contre le p\u00e9ch\u00e9. Ce n\u2019est donc pas \u00e0 moi de juger de qui sera sauv\u00e9 et qui sera perdu. Je ne crois pas que le suicide soit un p\u00e9ch\u00e9 impardonnable. Nous ne devons jamais oublier que Dieu est un Dieu compatissant qui aime l\u2019humanit\u00e9, et je crois que ses pens\u00e9es vont, d\u2019une mani\u00e8re toute particuli\u00e8re, vers ceux qui souffrent.\u00a0\u00bb<\/p>\n<p>\u00ab\u00a0J\u2019ai appris tellement de choses sur la d\u00e9pression lors de cette pr\u00e9sentation, a dit Carla Sanchez du Belize. Je sais maintenant qu\u2019elle peut affecter n\u2019importe qui. Il ne faut donc pas en avoir honte.\u00a0\u00bb Elle comprend que les gestes, parfois plus que les paroles, peuvent nous aider \u00e0 identifier la d\u00e9pression chez quelqu\u2019un qui en souffre. \u00ab\u00a0Nous devons abandonner nos jugements des gens aux prises avec la d\u00e9pression.\u00a0\u00bb<\/p>\n<p>\u00ab\u00a0La d\u00e9pression est traitable, a ajout\u00e9 le Dr Bergland, mais les traitements ne garantissent pas le r\u00e9tablissement total. Il nous faut donc augmenter notre compassion pour les gens qui souffrent de d\u00e9pression\u2026 pour ces personnes de notre \u00e9glise et de notre communaut\u00e9.\u00a0\u00bb<\/p>\n","protected":false},"excerpt":{"rendered":"<p>Le 28 janvier 2020 | Punta Cana, R\u00e9publique Dominicaine | Nigel Coke\/ D\u00e9partement de Nouvelles de la DIA Le Dr\u00a0Torben Bergland, directeur adjoint des minist\u00e8res de la sant\u00e9 de l\u2019\u00c9glise&#8230;<\/p>\n","protected":false},"author":3,"featured_media":55014,"comment_status":"open","ping_status":"closed","sticky":false,"template":"","format":"standard","meta":{"_acf_changed":false,"footnotes":""},"categories":[20,19],"tags":[],"class_list":["post-55030","post","type-post","status-publish","format-standard","has-post-thumbnail","hentry","category-nouvelles-du-siege-de-la-division","category-rss-francais"],"acf":[],"yoast_head":"<!-- This site is optimized with the Yoast SEO plugin v27.3 - https:\/\/yoast.com\/product\/yoast-seo-wordpress\/ -->\n<title>Les dirigeants adventistes mis au d\u00e9fi de ne jamais tol\u00e9rer la violence conjugale et l\u2019abus sexuel - \u00c9glise Adventiste Du Septieme Jour - Inter Am\u00e9rique Division<\/title>\n<meta name=\"robots\" content=\"index, follow, max-snippet:-1, max-image-preview:large, max-video-preview:-1\" \/>\n<link rel=\"canonical\" href=\"https:\/\/interamerica.org\/fr\/2020\/01\/les-dirigeants-adventistes-mis-au-defi-de-ne-jamais-tolerer-la-violence-conjugale-et-labus-sexuel\/\" \/>\n<meta property=\"og:locale\" content=\"fr_FR\" \/>\n<meta property=\"og:type\" content=\"article\" \/>\n<meta property=\"og:title\" content=\"Les dirigeants adventistes mis au d\u00e9fi de ne jamais tol\u00e9rer la violence conjugale et l\u2019abus sexuel - \u00c9glise Adventiste Du Septieme Jour - Inter Am\u00e9rique Division\" \/>\n<meta property=\"og:description\" content=\"Le 28 janvier 2020 | Punta Cana, R\u00e9publique Dominicaine | Nigel Coke\/ D\u00e9partement de Nouvelles de la DIA Le Dr\u00a0Torben Bergland, directeur adjoint des minist\u00e8res de la sant\u00e9 de l\u2019\u00c9glise...\" \/>\n<meta property=\"og:url\" content=\"https:\/\/interamerica.org\/fr\/2020\/01\/les-dirigeants-adventistes-mis-au-defi-de-ne-jamais-tolerer-la-violence-conjugale-et-labus-sexuel\/\" \/>\n<meta property=\"og:site_name\" content=\"\u00c9glise Adventiste Du Septieme Jour - Inter Am\u00e9rique Division\" \/>\n<meta property=\"article:published_time\" content=\"2020-01-29T19:55:10+00:00\" \/>\n<meta property=\"article:modified_time\" content=\"2020-02-06T17:55:34+00:00\" \/>\n<meta property=\"og:image\" content=\"https:\/\/interamerica.org\/wp-content\/uploads\/2020\/01\/torben-bergland-1.jpg\" \/>\n\t<meta property=\"og:image:width\" content=\"1000\" \/>\n\t<meta property=\"og:image:height\" content=\"682\" \/>\n\t<meta property=\"og:image:type\" content=\"image\/jpeg\" \/>\n<meta name=\"author\" content=\"libna\" \/>\n<meta name=\"twitter:card\" content=\"summary_large_image\" \/>\n<meta name=\"twitter:label1\" content=\"\u00c9crit par\" \/>\n\t<meta name=\"twitter:data1\" content=\"libna\" \/>\n\t<meta name=\"twitter:label2\" content=\"Dur\u00e9e de lecture estim\u00e9e\" \/>\n\t<meta name=\"twitter:data2\" content=\"6 minutes\" \/>\n<script type=\"application\/ld+json\" class=\"yoast-schema-graph\">{\"@context\":\"https:\\\/\\\/schema.org\",\"@graph\":[{\"@type\":\"Article\",\"@id\":\"https:\\\/\\\/interamerica.org\\\/fr\\\/2020\\\/01\\\/les-dirigeants-adventistes-mis-au-defi-de-ne-jamais-tolerer-la-violence-conjugale-et-labus-sexuel\\\/#article\",\"isPartOf\":{\"@id\":\"https:\\\/\\\/interamerica.org\\\/fr\\\/2020\\\/01\\\/les-dirigeants-adventistes-mis-au-defi-de-ne-jamais-tolerer-la-violence-conjugale-et-labus-sexuel\\\/\"},\"author\":{\"name\":\"libna\",\"@id\":\"https:\\\/\\\/interamerica.org\\\/fr\\\/#\\\/schema\\\/person\\\/29998f2bc2d8bd0d38662909289b54f1\"},\"headline\":\"Les dirigeants adventistes mis au d\u00e9fi de ne jamais tol\u00e9rer la violence conjugale et l\u2019abus sexuel\",\"datePublished\":\"2020-01-29T19:55:10+00:00\",\"dateModified\":\"2020-02-06T17:55:34+00:00\",\"mainEntityOfPage\":{\"@id\":\"https:\\\/\\\/interamerica.org\\\/fr\\\/2020\\\/01\\\/les-dirigeants-adventistes-mis-au-defi-de-ne-jamais-tolerer-la-violence-conjugale-et-labus-sexuel\\\/\"},\"wordCount\":1255,\"commentCount\":0,\"image\":{\"@id\":\"https:\\\/\\\/interamerica.org\\\/fr\\\/2020\\\/01\\\/les-dirigeants-adventistes-mis-au-defi-de-ne-jamais-tolerer-la-violence-conjugale-et-labus-sexuel\\\/#primaryimage\"},\"thumbnailUrl\":\"https:\\\/\\\/interamerica.org\\\/wp-content\\\/uploads\\\/2020\\\/01\\\/torben-bergland-1.jpg\",\"articleSection\":[\"Nouvelles du si\u00e8ge de la division\",\"RSS Fran\u00e7ais\"],\"inLanguage\":\"fr-FR\",\"potentialAction\":[{\"@type\":\"CommentAction\",\"name\":\"Comment\",\"target\":[\"https:\\\/\\\/interamerica.org\\\/fr\\\/2020\\\/01\\\/les-dirigeants-adventistes-mis-au-defi-de-ne-jamais-tolerer-la-violence-conjugale-et-labus-sexuel\\\/#respond\"]}]},{\"@type\":\"WebPage\",\"@id\":\"https:\\\/\\\/interamerica.org\\\/fr\\\/2020\\\/01\\\/les-dirigeants-adventistes-mis-au-defi-de-ne-jamais-tolerer-la-violence-conjugale-et-labus-sexuel\\\/\",\"url\":\"https:\\\/\\\/interamerica.org\\\/fr\\\/2020\\\/01\\\/les-dirigeants-adventistes-mis-au-defi-de-ne-jamais-tolerer-la-violence-conjugale-et-labus-sexuel\\\/\",\"name\":\"Les dirigeants adventistes mis au d\u00e9fi de ne jamais tol\u00e9rer la violence conjugale et l\u2019abus sexuel - \u00c9glise Adventiste Du Septieme Jour - Inter Am\u00e9rique Division\",\"isPartOf\":{\"@id\":\"https:\\\/\\\/interamerica.org\\\/fr\\\/#website\"},\"primaryImageOfPage\":{\"@id\":\"https:\\\/\\\/interamerica.org\\\/fr\\\/2020\\\/01\\\/les-dirigeants-adventistes-mis-au-defi-de-ne-jamais-tolerer-la-violence-conjugale-et-labus-sexuel\\\/#primaryimage\"},\"image\":{\"@id\":\"https:\\\/\\\/interamerica.org\\\/fr\\\/2020\\\/01\\\/les-dirigeants-adventistes-mis-au-defi-de-ne-jamais-tolerer-la-violence-conjugale-et-labus-sexuel\\\/#primaryimage\"},\"thumbnailUrl\":\"https:\\\/\\\/interamerica.org\\\/wp-content\\\/uploads\\\/2020\\\/01\\\/torben-bergland-1.jpg\",\"datePublished\":\"2020-01-29T19:55:10+00:00\",\"dateModified\":\"2020-02-06T17:55:34+00:00\",\"author\":{\"@id\":\"https:\\\/\\\/interamerica.org\\\/fr\\\/#\\\/schema\\\/person\\\/29998f2bc2d8bd0d38662909289b54f1\"},\"breadcrumb\":{\"@id\":\"https:\\\/\\\/interamerica.org\\\/fr\\\/2020\\\/01\\\/les-dirigeants-adventistes-mis-au-defi-de-ne-jamais-tolerer-la-violence-conjugale-et-labus-sexuel\\\/#breadcrumb\"},\"inLanguage\":\"fr-FR\",\"potentialAction\":[{\"@type\":\"ReadAction\",\"target\":[\"https:\\\/\\\/interamerica.org\\\/fr\\\/2020\\\/01\\\/les-dirigeants-adventistes-mis-au-defi-de-ne-jamais-tolerer-la-violence-conjugale-et-labus-sexuel\\\/\"]}]},{\"@type\":\"ImageObject\",\"inLanguage\":\"fr-FR\",\"@id\":\"https:\\\/\\\/interamerica.org\\\/fr\\\/2020\\\/01\\\/les-dirigeants-adventistes-mis-au-defi-de-ne-jamais-tolerer-la-violence-conjugale-et-labus-sexuel\\\/#primaryimage\",\"url\":\"https:\\\/\\\/interamerica.org\\\/wp-content\\\/uploads\\\/2020\\\/01\\\/torben-bergland-1.jpg\",\"contentUrl\":\"https:\\\/\\\/interamerica.org\\\/wp-content\\\/uploads\\\/2020\\\/01\\\/torben-bergland-1.jpg\",\"width\":1000,\"height\":682},{\"@type\":\"BreadcrumbList\",\"@id\":\"https:\\\/\\\/interamerica.org\\\/fr\\\/2020\\\/01\\\/les-dirigeants-adventistes-mis-au-defi-de-ne-jamais-tolerer-la-violence-conjugale-et-labus-sexuel\\\/#breadcrumb\",\"itemListElement\":[{\"@type\":\"ListItem\",\"position\":1,\"name\":\"Home\",\"item\":\"https:\\\/\\\/interamerica.org\\\/fr\\\/\"},{\"@type\":\"ListItem\",\"position\":2,\"name\":\"Les dirigeants adventistes mis au d\u00e9fi de ne jamais tol\u00e9rer la violence conjugale et l\u2019abus sexuel\"}]},{\"@type\":\"WebSite\",\"@id\":\"https:\\\/\\\/interamerica.org\\\/fr\\\/#website\",\"url\":\"https:\\\/\\\/interamerica.org\\\/fr\\\/\",\"name\":\"\u00c9glise Adventiste Du Septieme Jour - Inter Am\u00e9rique Division\",\"description\":\"\",\"potentialAction\":[{\"@type\":\"SearchAction\",\"target\":{\"@type\":\"EntryPoint\",\"urlTemplate\":\"https:\\\/\\\/interamerica.org\\\/fr\\\/?s={search_term_string}\"},\"query-input\":{\"@type\":\"PropertyValueSpecification\",\"valueRequired\":true,\"valueName\":\"search_term_string\"}}],\"inLanguage\":\"fr-FR\"},{\"@type\":\"Person\",\"@id\":\"https:\\\/\\\/interamerica.org\\\/fr\\\/#\\\/schema\\\/person\\\/29998f2bc2d8bd0d38662909289b54f1\",\"name\":\"libna\",\"image\":{\"@type\":\"ImageObject\",\"inLanguage\":\"fr-FR\",\"@id\":\"https:\\\/\\\/secure.gravatar.com\\\/avatar\\\/7c5bd30ae4b47a9ba3c856590957fd1d96dc588bf3ac05719d247e126840331f?s=96&d=mm&r=g\",\"url\":\"https:\\\/\\\/secure.gravatar.com\\\/avatar\\\/7c5bd30ae4b47a9ba3c856590957fd1d96dc588bf3ac05719d247e126840331f?s=96&d=mm&r=g\",\"contentUrl\":\"https:\\\/\\\/secure.gravatar.com\\\/avatar\\\/7c5bd30ae4b47a9ba3c856590957fd1d96dc588bf3ac05719d247e126840331f?s=96&d=mm&r=g\",\"caption\":\"libna\"}}]}<\/script>\n<!-- \/ Yoast SEO plugin. -->","yoast_head_json":{"title":"Les dirigeants adventistes mis au d\u00e9fi de ne jamais tol\u00e9rer la violence conjugale et l\u2019abus sexuel - \u00c9glise Adventiste Du Septieme Jour - Inter Am\u00e9rique Division","robots":{"index":"index","follow":"follow","max-snippet":"max-snippet:-1","max-image-preview":"max-image-preview:large","max-video-preview":"max-video-preview:-1"},"canonical":"https:\/\/interamerica.org\/fr\/2020\/01\/les-dirigeants-adventistes-mis-au-defi-de-ne-jamais-tolerer-la-violence-conjugale-et-labus-sexuel\/","og_locale":"fr_FR","og_type":"article","og_title":"Les dirigeants adventistes mis au d\u00e9fi de ne jamais tol\u00e9rer la violence conjugale et l\u2019abus sexuel - \u00c9glise Adventiste Du Septieme Jour - Inter Am\u00e9rique Division","og_description":"Le 28 janvier 2020 | Punta Cana, R\u00e9publique Dominicaine | Nigel Coke\/ D\u00e9partement de Nouvelles de la DIA Le Dr\u00a0Torben Bergland, directeur adjoint des minist\u00e8res de la sant\u00e9 de l\u2019\u00c9glise...","og_url":"https:\/\/interamerica.org\/fr\/2020\/01\/les-dirigeants-adventistes-mis-au-defi-de-ne-jamais-tolerer-la-violence-conjugale-et-labus-sexuel\/","og_site_name":"\u00c9glise Adventiste Du Septieme Jour - Inter Am\u00e9rique Division","article_published_time":"2020-01-29T19:55:10+00:00","article_modified_time":"2020-02-06T17:55:34+00:00","og_image":[{"width":1000,"height":682,"url":"https:\/\/interamerica.org\/wp-content\/uploads\/2020\/01\/torben-bergland-1.jpg","type":"image\/jpeg"}],"author":"libna","twitter_card":"summary_large_image","twitter_misc":{"\u00c9crit par":"libna","Dur\u00e9e de lecture estim\u00e9e":"6 minutes"},"schema":{"@context":"https:\/\/schema.org","@graph":[{"@type":"Article","@id":"https:\/\/interamerica.org\/fr\/2020\/01\/les-dirigeants-adventistes-mis-au-defi-de-ne-jamais-tolerer-la-violence-conjugale-et-labus-sexuel\/#article","isPartOf":{"@id":"https:\/\/interamerica.org\/fr\/2020\/01\/les-dirigeants-adventistes-mis-au-defi-de-ne-jamais-tolerer-la-violence-conjugale-et-labus-sexuel\/"},"author":{"name":"libna","@id":"https:\/\/interamerica.org\/fr\/#\/schema\/person\/29998f2bc2d8bd0d38662909289b54f1"},"headline":"Les dirigeants adventistes mis au d\u00e9fi de ne jamais tol\u00e9rer la violence conjugale et l\u2019abus sexuel","datePublished":"2020-01-29T19:55:10+00:00","dateModified":"2020-02-06T17:55:34+00:00","mainEntityOfPage":{"@id":"https:\/\/interamerica.org\/fr\/2020\/01\/les-dirigeants-adventistes-mis-au-defi-de-ne-jamais-tolerer-la-violence-conjugale-et-labus-sexuel\/"},"wordCount":1255,"commentCount":0,"image":{"@id":"https:\/\/interamerica.org\/fr\/2020\/01\/les-dirigeants-adventistes-mis-au-defi-de-ne-jamais-tolerer-la-violence-conjugale-et-labus-sexuel\/#primaryimage"},"thumbnailUrl":"https:\/\/interamerica.org\/wp-content\/uploads\/2020\/01\/torben-bergland-1.jpg","articleSection":["Nouvelles du si\u00e8ge de la division","RSS Fran\u00e7ais"],"inLanguage":"fr-FR","potentialAction":[{"@type":"CommentAction","name":"Comment","target":["https:\/\/interamerica.org\/fr\/2020\/01\/les-dirigeants-adventistes-mis-au-defi-de-ne-jamais-tolerer-la-violence-conjugale-et-labus-sexuel\/#respond"]}]},{"@type":"WebPage","@id":"https:\/\/interamerica.org\/fr\/2020\/01\/les-dirigeants-adventistes-mis-au-defi-de-ne-jamais-tolerer-la-violence-conjugale-et-labus-sexuel\/","url":"https:\/\/interamerica.org\/fr\/2020\/01\/les-dirigeants-adventistes-mis-au-defi-de-ne-jamais-tolerer-la-violence-conjugale-et-labus-sexuel\/","name":"Les dirigeants adventistes mis au d\u00e9fi de ne jamais tol\u00e9rer la violence conjugale et l\u2019abus sexuel - \u00c9glise Adventiste Du Septieme Jour - Inter Am\u00e9rique Division","isPartOf":{"@id":"https:\/\/interamerica.org\/fr\/#website"},"primaryImageOfPage":{"@id":"https:\/\/interamerica.org\/fr\/2020\/01\/les-dirigeants-adventistes-mis-au-defi-de-ne-jamais-tolerer-la-violence-conjugale-et-labus-sexuel\/#primaryimage"},"image":{"@id":"https:\/\/interamerica.org\/fr\/2020\/01\/les-dirigeants-adventistes-mis-au-defi-de-ne-jamais-tolerer-la-violence-conjugale-et-labus-sexuel\/#primaryimage"},"thumbnailUrl":"https:\/\/interamerica.org\/wp-content\/uploads\/2020\/01\/torben-bergland-1.jpg","datePublished":"2020-01-29T19:55:10+00:00","dateModified":"2020-02-06T17:55:34+00:00","author":{"@id":"https:\/\/interamerica.org\/fr\/#\/schema\/person\/29998f2bc2d8bd0d38662909289b54f1"},"breadcrumb":{"@id":"https:\/\/interamerica.org\/fr\/2020\/01\/les-dirigeants-adventistes-mis-au-defi-de-ne-jamais-tolerer-la-violence-conjugale-et-labus-sexuel\/#breadcrumb"},"inLanguage":"fr-FR","potentialAction":[{"@type":"ReadAction","target":["https:\/\/interamerica.org\/fr\/2020\/01\/les-dirigeants-adventistes-mis-au-defi-de-ne-jamais-tolerer-la-violence-conjugale-et-labus-sexuel\/"]}]},{"@type":"ImageObject","inLanguage":"fr-FR","@id":"https:\/\/interamerica.org\/fr\/2020\/01\/les-dirigeants-adventistes-mis-au-defi-de-ne-jamais-tolerer-la-violence-conjugale-et-labus-sexuel\/#primaryimage","url":"https:\/\/interamerica.org\/wp-content\/uploads\/2020\/01\/torben-bergland-1.jpg","contentUrl":"https:\/\/interamerica.org\/wp-content\/uploads\/2020\/01\/torben-bergland-1.jpg","width":1000,"height":682},{"@type":"BreadcrumbList","@id":"https:\/\/interamerica.org\/fr\/2020\/01\/les-dirigeants-adventistes-mis-au-defi-de-ne-jamais-tolerer-la-violence-conjugale-et-labus-sexuel\/#breadcrumb","itemListElement":[{"@type":"ListItem","position":1,"name":"Home","item":"https:\/\/interamerica.org\/fr\/"},{"@type":"ListItem","position":2,"name":"Les dirigeants adventistes mis au d\u00e9fi de ne jamais tol\u00e9rer la violence conjugale et l\u2019abus sexuel"}]},{"@type":"WebSite","@id":"https:\/\/interamerica.org\/fr\/#website","url":"https:\/\/interamerica.org\/fr\/","name":"\u00c9glise Adventiste Du Septieme Jour - Inter Am\u00e9rique Division","description":"","potentialAction":[{"@type":"SearchAction","target":{"@type":"EntryPoint","urlTemplate":"https:\/\/interamerica.org\/fr\/?s={search_term_string}"},"query-input":{"@type":"PropertyValueSpecification","valueRequired":true,"valueName":"search_term_string"}}],"inLanguage":"fr-FR"},{"@type":"Person","@id":"https:\/\/interamerica.org\/fr\/#\/schema\/person\/29998f2bc2d8bd0d38662909289b54f1","name":"libna","image":{"@type":"ImageObject","inLanguage":"fr-FR","@id":"https:\/\/secure.gravatar.com\/avatar\/7c5bd30ae4b47a9ba3c856590957fd1d96dc588bf3ac05719d247e126840331f?s=96&d=mm&r=g","url":"https:\/\/secure.gravatar.com\/avatar\/7c5bd30ae4b47a9ba3c856590957fd1d96dc588bf3ac05719d247e126840331f?s=96&d=mm&r=g","contentUrl":"https:\/\/secure.gravatar.com\/avatar\/7c5bd30ae4b47a9ba3c856590957fd1d96dc588bf3ac05719d247e126840331f?s=96&d=mm&r=g","caption":"libna"}}]}},"_links":{"self":[{"href":"https:\/\/interamerica.org\/fr\/wp-json\/wp\/v2\/posts\/55030","targetHints":{"allow":["GET"]}}],"collection":[{"href":"https:\/\/interamerica.org\/fr\/wp-json\/wp\/v2\/posts"}],"about":[{"href":"https:\/\/interamerica.org\/fr\/wp-json\/wp\/v2\/types\/post"}],"author":[{"embeddable":true,"href":"https:\/\/interamerica.org\/fr\/wp-json\/wp\/v2\/users\/3"}],"replies":[{"embeddable":true,"href":"https:\/\/interamerica.org\/fr\/wp-json\/wp\/v2\/comments?post=55030"}],"version-history":[{"count":0,"href":"https:\/\/interamerica.org\/fr\/wp-json\/wp\/v2\/posts\/55030\/revisions"}],"wp:featuredmedia":[{"embeddable":true,"href":"https:\/\/interamerica.org\/fr\/wp-json\/wp\/v2\/media\/55014"}],"wp:attachment":[{"href":"https:\/\/interamerica.org\/fr\/wp-json\/wp\/v2\/media?parent=55030"}],"wp:term":[{"taxonomy":"category","embeddable":true,"href":"https:\/\/interamerica.org\/fr\/wp-json\/wp\/v2\/categories?post=55030"},{"taxonomy":"post_tag","embeddable":true,"href":"https:\/\/interamerica.org\/fr\/wp-json\/wp\/v2\/tags?post=55030"}],"curies":[{"name":"wp","href":"https:\/\/api.w.org\/{rel}","templated":true}]}}