{"id":55317,"date":"2020-02-07T16:33:19","date_gmt":"2020-02-07T20:33:19","guid":{"rendered":"https:\/\/recursing-golick.147-182-135-0.plesk.page\/?p=55317"},"modified":"2020-02-08T07:24:47","modified_gmt":"2020-02-08T11:24:47","slug":"les-anciens-des-eglises-locales-en-inter-amerique-se-preparent-a-achever-une-formation-en-ligne-pour-leur-certification","status":"publish","type":"post","link":"https:\/\/interamerica.org\/fr\/2020\/02\/les-anciens-des-eglises-locales-en-inter-amerique-se-preparent-a-achever-une-formation-en-ligne-pour-leur-certification\/","title":{"rendered":"Les anciens des \u00e9glises locales en Inter Am\u00e9rique se pr\u00e9parent \u00e0 achever une formation en ligne pour leur certification"},"content":{"rendered":"<p>7 F\u00e9vrier 2020 | Miami, Floride, \u00c9tats-Unis | Libna Stevens \/ DIA<\/p>\n<p>Des milliers d\u2019anciens d\u2019\u00e9glise dans les congr\u00e9gations locales adventistes du septi\u00e8me jour dans la Division Inter Am\u00e9ricaine (DIA) auront l\u2019opportunit\u00e9 d\u2019achever leur troisi\u00e8me ann\u00e9e d\u2019un programme de certification sp\u00e9cial destin\u00e9 \u00e0 les pr\u00e9parer \u00e0 mieux aider les pasteurs \u00e0 diriger plus de 23000 \u00e9glises et groupes. Le programme de pr\u00e8s de quatre heures se d\u00e9roulera le samedi 15 f\u00e9vrier 2020 de 14h00 \u00e0 17h30.<\/p>\n<p>\u00ab Notre r\u00e9alit\u00e9 en Inter Am\u00e9rique est que les anciens d\u2019\u00e9glise sont essentiels dans le travail r\u00e9alis\u00e9 main dans la main avec les pasteurs pour diriger ces nombreuses congr\u00e9gations, \u00bb a d\u00e9clar\u00e9 le pasteur Josney Rodr\u00edguez, secr\u00e9taire de l\u2019association pastorale pour l\u2019\u00c9glise adventiste en Inter Am\u00e9rique. \u00ab Il est important que les anciens aient de nouvelles comp\u00e9tences et soient pr\u00e9par\u00e9s, form\u00e9s et en mesure de s\u2019adapter \u00e0 l\u2019\u00e9poque dans laquelle nous vivons et aux d\u00e9fis que l\u2019\u00e9glise vit aujourd\u2019hui, \u00bb a-t-il ajout\u00e9.<\/p>\n<p>L\u2019\u00e9glise a besoin d\u2019anciens ayant des comp\u00e9tences pastorales dans l\u2019enseignement, l\u2019exercice du minist\u00e8re, la pr\u00e9dication et l\u2019administration, et il est important de poursuivre le programme de certification pour eux, a d\u00e9clar\u00e9 pasteur Rodr\u00edguez. Jusqu\u2019ici, plus de 37000 anciens d\u2019\u00e9glise sont inscrits dans le programme de certification qui a d\u00e9but\u00e9 en 2017, et qui passera au niveau suivant de certification l\u2019ann\u00e9e prochaine avec une formation propos\u00e9e sous la direction de la DIA ainsi que des heures de formation au niveau des unions, a expliqu\u00e9 Josney Rodr\u00edguez.<\/p>\n<p>Les f\u00e9d\u00e9rations et les missions r\u00e9uniront les anciens des \u00e9glises locales dans des auditoriums, des bureaux et de grandes \u00e9glises pour s\u2019assurer qu\u2019ils aient la possibilit\u00e9 de prendre part au programme de certification en direct.<\/p>\n<p>Le pasteur Jonas Arrais, secr\u00e9taire adjoint de l\u2019association pastorale pour l\u2019\u00c9glise adventiste mondiale, sera l\u2019un des principaux intervenants avec les dirigeants de la DIA pendant le programme en ligne.<\/p>\n<p>Le programme en ligne, qui sera pr\u00e9sent\u00e9 en espagnol, en anglais et en fran\u00e7ais, honorera \u00e9galement les \u00e9glises qui se sont distingu\u00e9es en certifiant tous ses anciens, il comprendra aussi une session de questions-r\u00e9ponses et des rapports venant de toute l\u2019Inter Am\u00e9rique.<\/p>\n<p>Pour voir le programme en ligne le sabbat 15 f\u00e9vrier 2020, de 14h00 \u00e0 17h30, heure de Miami, visitez la page<br \/>\n<a href=\"https:\/\/webcast.interamerica.org\/english\">webcast.interamerica.org<\/a><\/p>\n<p>Traduction: Patrick Luciathe<\/p>\n","protected":false},"excerpt":{"rendered":"<p>7 F\u00e9vrier 2020 | Miami, Floride, \u00c9tats-Unis | Libna Stevens \/ DIA Des milliers d\u2019anciens d\u2019\u00e9glise dans les congr\u00e9gations locales adventistes du septi\u00e8me jour dans la Division Inter Am\u00e9ricaine (DIA)&#8230;<\/p>\n","protected":false},"author":3,"featured_media":55309,"comment_status":"open","ping_status":"closed","sticky":false,"template":"","format":"standard","meta":{"_acf_changed":false,"footnotes":""},"categories":[20,19],"tags":[],"class_list":["post-55317","post","type-post","status-publish","format-standard","has-post-thumbnail","hentry","category-nouvelles-du-siege-de-la-division","category-rss-francais"],"acf":[],"yoast_head":"<!-- This site is optimized with the Yoast SEO plugin v27.3 - https:\/\/yoast.com\/product\/yoast-seo-wordpress\/ -->\n<title>Les anciens des \u00e9glises locales en Inter Am\u00e9rique se pr\u00e9parent \u00e0 achever une formation en ligne pour leur certification - \u00c9glise Adventiste Du Septieme Jour - Inter Am\u00e9rique Division<\/title>\n<meta name=\"robots\" content=\"index, follow, max-snippet:-1, max-image-preview:large, max-video-preview:-1\" \/>\n<link rel=\"canonical\" href=\"https:\/\/interamerica.org\/fr\/2020\/02\/les-anciens-des-eglises-locales-en-inter-amerique-se-preparent-a-achever-une-formation-en-ligne-pour-leur-certification\/\" \/>\n<meta property=\"og:locale\" content=\"fr_FR\" \/>\n<meta property=\"og:type\" content=\"article\" \/>\n<meta property=\"og:title\" content=\"Les anciens des \u00e9glises locales en Inter Am\u00e9rique se pr\u00e9parent \u00e0 achever une formation en ligne pour leur certification - \u00c9glise Adventiste Du Septieme Jour - Inter Am\u00e9rique Division\" \/>\n<meta property=\"og:description\" content=\"7 F\u00e9vrier 2020 | Miami, Floride, \u00c9tats-Unis | Libna Stevens \/ DIA Des milliers d\u2019anciens d\u2019\u00e9glise dans les congr\u00e9gations locales adventistes du septi\u00e8me jour dans la Division Inter Am\u00e9ricaine (DIA)...\" \/>\n<meta property=\"og:url\" content=\"https:\/\/interamerica.org\/fr\/2020\/02\/les-anciens-des-eglises-locales-en-inter-amerique-se-preparent-a-achever-une-formation-en-ligne-pour-leur-certification\/\" \/>\n<meta property=\"og:site_name\" content=\"\u00c9glise Adventiste Du Septieme Jour - Inter Am\u00e9rique Division\" \/>\n<meta property=\"article:published_time\" content=\"2020-02-07T20:33:19+00:00\" \/>\n<meta property=\"article:modified_time\" content=\"2020-02-08T11:24:47+00:00\" \/>\n<meta property=\"og:image\" content=\"https:\/\/interamerica.org\/wp-content\/uploads\/2020\/02\/online-certification-1280.jpg\" \/>\n\t<meta property=\"og:image:width\" content=\"1280\" \/>\n\t<meta property=\"og:image:height\" content=\"800\" \/>\n\t<meta property=\"og:image:type\" content=\"image\/jpeg\" \/>\n<meta name=\"author\" content=\"libna\" \/>\n<meta name=\"twitter:card\" content=\"summary_large_image\" \/>\n<meta name=\"twitter:label1\" content=\"\u00c9crit par\" \/>\n\t<meta name=\"twitter:data1\" content=\"libna\" \/>\n\t<meta name=\"twitter:label2\" content=\"Dur\u00e9e de lecture estim\u00e9e\" \/>\n\t<meta name=\"twitter:data2\" content=\"2 minutes\" \/>\n<script type=\"application\/ld+json\" class=\"yoast-schema-graph\">{\"@context\":\"https:\\\/\\\/schema.org\",\"@graph\":[{\"@type\":\"Article\",\"@id\":\"https:\\\/\\\/interamerica.org\\\/fr\\\/2020\\\/02\\\/les-anciens-des-eglises-locales-en-inter-amerique-se-preparent-a-achever-une-formation-en-ligne-pour-leur-certification\\\/#article\",\"isPartOf\":{\"@id\":\"https:\\\/\\\/interamerica.org\\\/fr\\\/2020\\\/02\\\/les-anciens-des-eglises-locales-en-inter-amerique-se-preparent-a-achever-une-formation-en-ligne-pour-leur-certification\\\/\"},\"author\":{\"name\":\"libna\",\"@id\":\"https:\\\/\\\/interamerica.org\\\/fr\\\/#\\\/schema\\\/person\\\/29998f2bc2d8bd0d38662909289b54f1\"},\"headline\":\"Les anciens des \u00e9glises locales en Inter Am\u00e9rique se pr\u00e9parent \u00e0 achever une formation en ligne pour leur certification\",\"datePublished\":\"2020-02-07T20:33:19+00:00\",\"dateModified\":\"2020-02-08T11:24:47+00:00\",\"mainEntityOfPage\":{\"@id\":\"https:\\\/\\\/interamerica.org\\\/fr\\\/2020\\\/02\\\/les-anciens-des-eglises-locales-en-inter-amerique-se-preparent-a-achever-une-formation-en-ligne-pour-leur-certification\\\/\"},\"wordCount\":443,\"commentCount\":0,\"image\":{\"@id\":\"https:\\\/\\\/interamerica.org\\\/fr\\\/2020\\\/02\\\/les-anciens-des-eglises-locales-en-inter-amerique-se-preparent-a-achever-une-formation-en-ligne-pour-leur-certification\\\/#primaryimage\"},\"thumbnailUrl\":\"https:\\\/\\\/interamerica.org\\\/wp-content\\\/uploads\\\/2020\\\/02\\\/online-certification-1280.jpg\",\"articleSection\":[\"Nouvelles du si\u00e8ge de la division\",\"RSS Fran\u00e7ais\"],\"inLanguage\":\"fr-FR\",\"potentialAction\":[{\"@type\":\"CommentAction\",\"name\":\"Comment\",\"target\":[\"https:\\\/\\\/interamerica.org\\\/fr\\\/2020\\\/02\\\/les-anciens-des-eglises-locales-en-inter-amerique-se-preparent-a-achever-une-formation-en-ligne-pour-leur-certification\\\/#respond\"]}]},{\"@type\":\"WebPage\",\"@id\":\"https:\\\/\\\/interamerica.org\\\/fr\\\/2020\\\/02\\\/les-anciens-des-eglises-locales-en-inter-amerique-se-preparent-a-achever-une-formation-en-ligne-pour-leur-certification\\\/\",\"url\":\"https:\\\/\\\/interamerica.org\\\/fr\\\/2020\\\/02\\\/les-anciens-des-eglises-locales-en-inter-amerique-se-preparent-a-achever-une-formation-en-ligne-pour-leur-certification\\\/\",\"name\":\"Les anciens des \u00e9glises locales en Inter Am\u00e9rique se pr\u00e9parent \u00e0 achever une formation en ligne pour leur certification - \u00c9glise Adventiste Du Septieme Jour - Inter Am\u00e9rique Division\",\"isPartOf\":{\"@id\":\"https:\\\/\\\/interamerica.org\\\/fr\\\/#website\"},\"primaryImageOfPage\":{\"@id\":\"https:\\\/\\\/interamerica.org\\\/fr\\\/2020\\\/02\\\/les-anciens-des-eglises-locales-en-inter-amerique-se-preparent-a-achever-une-formation-en-ligne-pour-leur-certification\\\/#primaryimage\"},\"image\":{\"@id\":\"https:\\\/\\\/interamerica.org\\\/fr\\\/2020\\\/02\\\/les-anciens-des-eglises-locales-en-inter-amerique-se-preparent-a-achever-une-formation-en-ligne-pour-leur-certification\\\/#primaryimage\"},\"thumbnailUrl\":\"https:\\\/\\\/interamerica.org\\\/wp-content\\\/uploads\\\/2020\\\/02\\\/online-certification-1280.jpg\",\"datePublished\":\"2020-02-07T20:33:19+00:00\",\"dateModified\":\"2020-02-08T11:24:47+00:00\",\"author\":{\"@id\":\"https:\\\/\\\/interamerica.org\\\/fr\\\/#\\\/schema\\\/person\\\/29998f2bc2d8bd0d38662909289b54f1\"},\"breadcrumb\":{\"@id\":\"https:\\\/\\\/interamerica.org\\\/fr\\\/2020\\\/02\\\/les-anciens-des-eglises-locales-en-inter-amerique-se-preparent-a-achever-une-formation-en-ligne-pour-leur-certification\\\/#breadcrumb\"},\"inLanguage\":\"fr-FR\",\"potentialAction\":[{\"@type\":\"ReadAction\",\"target\":[\"https:\\\/\\\/interamerica.org\\\/fr\\\/2020\\\/02\\\/les-anciens-des-eglises-locales-en-inter-amerique-se-preparent-a-achever-une-formation-en-ligne-pour-leur-certification\\\/\"]}]},{\"@type\":\"ImageObject\",\"inLanguage\":\"fr-FR\",\"@id\":\"https:\\\/\\\/interamerica.org\\\/fr\\\/2020\\\/02\\\/les-anciens-des-eglises-locales-en-inter-amerique-se-preparent-a-achever-une-formation-en-ligne-pour-leur-certification\\\/#primaryimage\",\"url\":\"https:\\\/\\\/interamerica.org\\\/wp-content\\\/uploads\\\/2020\\\/02\\\/online-certification-1280.jpg\",\"contentUrl\":\"https:\\\/\\\/interamerica.org\\\/wp-content\\\/uploads\\\/2020\\\/02\\\/online-certification-1280.jpg\",\"width\":1280,\"height\":800},{\"@type\":\"BreadcrumbList\",\"@id\":\"https:\\\/\\\/interamerica.org\\\/fr\\\/2020\\\/02\\\/les-anciens-des-eglises-locales-en-inter-amerique-se-preparent-a-achever-une-formation-en-ligne-pour-leur-certification\\\/#breadcrumb\",\"itemListElement\":[{\"@type\":\"ListItem\",\"position\":1,\"name\":\"Home\",\"item\":\"https:\\\/\\\/interamerica.org\\\/fr\\\/\"},{\"@type\":\"ListItem\",\"position\":2,\"name\":\"Les anciens des \u00e9glises locales en Inter Am\u00e9rique se pr\u00e9parent \u00e0 achever une formation en ligne pour leur certification\"}]},{\"@type\":\"WebSite\",\"@id\":\"https:\\\/\\\/interamerica.org\\\/fr\\\/#website\",\"url\":\"https:\\\/\\\/interamerica.org\\\/fr\\\/\",\"name\":\"\u00c9glise Adventiste Du Septieme Jour - Inter Am\u00e9rique Division\",\"description\":\"\",\"potentialAction\":[{\"@type\":\"SearchAction\",\"target\":{\"@type\":\"EntryPoint\",\"urlTemplate\":\"https:\\\/\\\/interamerica.org\\\/fr\\\/?s={search_term_string}\"},\"query-input\":{\"@type\":\"PropertyValueSpecification\",\"valueRequired\":true,\"valueName\":\"search_term_string\"}}],\"inLanguage\":\"fr-FR\"},{\"@type\":\"Person\",\"@id\":\"https:\\\/\\\/interamerica.org\\\/fr\\\/#\\\/schema\\\/person\\\/29998f2bc2d8bd0d38662909289b54f1\",\"name\":\"libna\",\"image\":{\"@type\":\"ImageObject\",\"inLanguage\":\"fr-FR\",\"@id\":\"https:\\\/\\\/secure.gravatar.com\\\/avatar\\\/7c5bd30ae4b47a9ba3c856590957fd1d96dc588bf3ac05719d247e126840331f?s=96&d=mm&r=g\",\"url\":\"https:\\\/\\\/secure.gravatar.com\\\/avatar\\\/7c5bd30ae4b47a9ba3c856590957fd1d96dc588bf3ac05719d247e126840331f?s=96&d=mm&r=g\",\"contentUrl\":\"https:\\\/\\\/secure.gravatar.com\\\/avatar\\\/7c5bd30ae4b47a9ba3c856590957fd1d96dc588bf3ac05719d247e126840331f?s=96&d=mm&r=g\",\"caption\":\"libna\"}}]}<\/script>\n<!-- \/ Yoast SEO plugin. -->","yoast_head_json":{"title":"Les anciens des \u00e9glises locales en Inter Am\u00e9rique se pr\u00e9parent \u00e0 achever une formation en ligne pour leur certification - \u00c9glise Adventiste Du Septieme Jour - Inter Am\u00e9rique Division","robots":{"index":"index","follow":"follow","max-snippet":"max-snippet:-1","max-image-preview":"max-image-preview:large","max-video-preview":"max-video-preview:-1"},"canonical":"https:\/\/interamerica.org\/fr\/2020\/02\/les-anciens-des-eglises-locales-en-inter-amerique-se-preparent-a-achever-une-formation-en-ligne-pour-leur-certification\/","og_locale":"fr_FR","og_type":"article","og_title":"Les anciens des \u00e9glises locales en Inter Am\u00e9rique se pr\u00e9parent \u00e0 achever une formation en ligne pour leur certification - \u00c9glise Adventiste Du Septieme Jour - Inter Am\u00e9rique Division","og_description":"7 F\u00e9vrier 2020 | Miami, Floride, \u00c9tats-Unis | Libna Stevens \/ DIA Des milliers d\u2019anciens d\u2019\u00e9glise dans les congr\u00e9gations locales adventistes du septi\u00e8me jour dans la Division Inter Am\u00e9ricaine (DIA)...","og_url":"https:\/\/interamerica.org\/fr\/2020\/02\/les-anciens-des-eglises-locales-en-inter-amerique-se-preparent-a-achever-une-formation-en-ligne-pour-leur-certification\/","og_site_name":"\u00c9glise Adventiste Du Septieme Jour - Inter Am\u00e9rique Division","article_published_time":"2020-02-07T20:33:19+00:00","article_modified_time":"2020-02-08T11:24:47+00:00","og_image":[{"width":1280,"height":800,"url":"https:\/\/interamerica.org\/wp-content\/uploads\/2020\/02\/online-certification-1280.jpg","type":"image\/jpeg"}],"author":"libna","twitter_card":"summary_large_image","twitter_misc":{"\u00c9crit par":"libna","Dur\u00e9e de lecture estim\u00e9e":"2 minutes"},"schema":{"@context":"https:\/\/schema.org","@graph":[{"@type":"Article","@id":"https:\/\/interamerica.org\/fr\/2020\/02\/les-anciens-des-eglises-locales-en-inter-amerique-se-preparent-a-achever-une-formation-en-ligne-pour-leur-certification\/#article","isPartOf":{"@id":"https:\/\/interamerica.org\/fr\/2020\/02\/les-anciens-des-eglises-locales-en-inter-amerique-se-preparent-a-achever-une-formation-en-ligne-pour-leur-certification\/"},"author":{"name":"libna","@id":"https:\/\/interamerica.org\/fr\/#\/schema\/person\/29998f2bc2d8bd0d38662909289b54f1"},"headline":"Les anciens des \u00e9glises locales en Inter Am\u00e9rique se pr\u00e9parent \u00e0 achever une formation en ligne pour leur certification","datePublished":"2020-02-07T20:33:19+00:00","dateModified":"2020-02-08T11:24:47+00:00","mainEntityOfPage":{"@id":"https:\/\/interamerica.org\/fr\/2020\/02\/les-anciens-des-eglises-locales-en-inter-amerique-se-preparent-a-achever-une-formation-en-ligne-pour-leur-certification\/"},"wordCount":443,"commentCount":0,"image":{"@id":"https:\/\/interamerica.org\/fr\/2020\/02\/les-anciens-des-eglises-locales-en-inter-amerique-se-preparent-a-achever-une-formation-en-ligne-pour-leur-certification\/#primaryimage"},"thumbnailUrl":"https:\/\/interamerica.org\/wp-content\/uploads\/2020\/02\/online-certification-1280.jpg","articleSection":["Nouvelles du si\u00e8ge de la division","RSS Fran\u00e7ais"],"inLanguage":"fr-FR","potentialAction":[{"@type":"CommentAction","name":"Comment","target":["https:\/\/interamerica.org\/fr\/2020\/02\/les-anciens-des-eglises-locales-en-inter-amerique-se-preparent-a-achever-une-formation-en-ligne-pour-leur-certification\/#respond"]}]},{"@type":"WebPage","@id":"https:\/\/interamerica.org\/fr\/2020\/02\/les-anciens-des-eglises-locales-en-inter-amerique-se-preparent-a-achever-une-formation-en-ligne-pour-leur-certification\/","url":"https:\/\/interamerica.org\/fr\/2020\/02\/les-anciens-des-eglises-locales-en-inter-amerique-se-preparent-a-achever-une-formation-en-ligne-pour-leur-certification\/","name":"Les anciens des \u00e9glises locales en Inter Am\u00e9rique se pr\u00e9parent \u00e0 achever une formation en ligne pour leur certification - \u00c9glise Adventiste Du Septieme Jour - Inter Am\u00e9rique Division","isPartOf":{"@id":"https:\/\/interamerica.org\/fr\/#website"},"primaryImageOfPage":{"@id":"https:\/\/interamerica.org\/fr\/2020\/02\/les-anciens-des-eglises-locales-en-inter-amerique-se-preparent-a-achever-une-formation-en-ligne-pour-leur-certification\/#primaryimage"},"image":{"@id":"https:\/\/interamerica.org\/fr\/2020\/02\/les-anciens-des-eglises-locales-en-inter-amerique-se-preparent-a-achever-une-formation-en-ligne-pour-leur-certification\/#primaryimage"},"thumbnailUrl":"https:\/\/interamerica.org\/wp-content\/uploads\/2020\/02\/online-certification-1280.jpg","datePublished":"2020-02-07T20:33:19+00:00","dateModified":"2020-02-08T11:24:47+00:00","author":{"@id":"https:\/\/interamerica.org\/fr\/#\/schema\/person\/29998f2bc2d8bd0d38662909289b54f1"},"breadcrumb":{"@id":"https:\/\/interamerica.org\/fr\/2020\/02\/les-anciens-des-eglises-locales-en-inter-amerique-se-preparent-a-achever-une-formation-en-ligne-pour-leur-certification\/#breadcrumb"},"inLanguage":"fr-FR","potentialAction":[{"@type":"ReadAction","target":["https:\/\/interamerica.org\/fr\/2020\/02\/les-anciens-des-eglises-locales-en-inter-amerique-se-preparent-a-achever-une-formation-en-ligne-pour-leur-certification\/"]}]},{"@type":"ImageObject","inLanguage":"fr-FR","@id":"https:\/\/interamerica.org\/fr\/2020\/02\/les-anciens-des-eglises-locales-en-inter-amerique-se-preparent-a-achever-une-formation-en-ligne-pour-leur-certification\/#primaryimage","url":"https:\/\/interamerica.org\/wp-content\/uploads\/2020\/02\/online-certification-1280.jpg","contentUrl":"https:\/\/interamerica.org\/wp-content\/uploads\/2020\/02\/online-certification-1280.jpg","width":1280,"height":800},{"@type":"BreadcrumbList","@id":"https:\/\/interamerica.org\/fr\/2020\/02\/les-anciens-des-eglises-locales-en-inter-amerique-se-preparent-a-achever-une-formation-en-ligne-pour-leur-certification\/#breadcrumb","itemListElement":[{"@type":"ListItem","position":1,"name":"Home","item":"https:\/\/interamerica.org\/fr\/"},{"@type":"ListItem","position":2,"name":"Les anciens des \u00e9glises locales en Inter Am\u00e9rique se pr\u00e9parent \u00e0 achever une formation en ligne pour leur certification"}]},{"@type":"WebSite","@id":"https:\/\/interamerica.org\/fr\/#website","url":"https:\/\/interamerica.org\/fr\/","name":"\u00c9glise Adventiste Du Septieme Jour - Inter Am\u00e9rique Division","description":"","potentialAction":[{"@type":"SearchAction","target":{"@type":"EntryPoint","urlTemplate":"https:\/\/interamerica.org\/fr\/?s={search_term_string}"},"query-input":{"@type":"PropertyValueSpecification","valueRequired":true,"valueName":"search_term_string"}}],"inLanguage":"fr-FR"},{"@type":"Person","@id":"https:\/\/interamerica.org\/fr\/#\/schema\/person\/29998f2bc2d8bd0d38662909289b54f1","name":"libna","image":{"@type":"ImageObject","inLanguage":"fr-FR","@id":"https:\/\/secure.gravatar.com\/avatar\/7c5bd30ae4b47a9ba3c856590957fd1d96dc588bf3ac05719d247e126840331f?s=96&d=mm&r=g","url":"https:\/\/secure.gravatar.com\/avatar\/7c5bd30ae4b47a9ba3c856590957fd1d96dc588bf3ac05719d247e126840331f?s=96&d=mm&r=g","contentUrl":"https:\/\/secure.gravatar.com\/avatar\/7c5bd30ae4b47a9ba3c856590957fd1d96dc588bf3ac05719d247e126840331f?s=96&d=mm&r=g","caption":"libna"}}]}},"_links":{"self":[{"href":"https:\/\/interamerica.org\/fr\/wp-json\/wp\/v2\/posts\/55317","targetHints":{"allow":["GET"]}}],"collection":[{"href":"https:\/\/interamerica.org\/fr\/wp-json\/wp\/v2\/posts"}],"about":[{"href":"https:\/\/interamerica.org\/fr\/wp-json\/wp\/v2\/types\/post"}],"author":[{"embeddable":true,"href":"https:\/\/interamerica.org\/fr\/wp-json\/wp\/v2\/users\/3"}],"replies":[{"embeddable":true,"href":"https:\/\/interamerica.org\/fr\/wp-json\/wp\/v2\/comments?post=55317"}],"version-history":[{"count":0,"href":"https:\/\/interamerica.org\/fr\/wp-json\/wp\/v2\/posts\/55317\/revisions"}],"wp:featuredmedia":[{"embeddable":true,"href":"https:\/\/interamerica.org\/fr\/wp-json\/wp\/v2\/media\/55309"}],"wp:attachment":[{"href":"https:\/\/interamerica.org\/fr\/wp-json\/wp\/v2\/media?parent=55317"}],"wp:term":[{"taxonomy":"category","embeddable":true,"href":"https:\/\/interamerica.org\/fr\/wp-json\/wp\/v2\/categories?post=55317"},{"taxonomy":"post_tag","embeddable":true,"href":"https:\/\/interamerica.org\/fr\/wp-json\/wp\/v2\/tags?post=55317"}],"curies":[{"name":"wp","href":"https:\/\/api.w.org\/{rel}","templated":true}]}}