{"id":55581,"date":"2020-02-19T14:24:49","date_gmt":"2020-02-19T18:24:49","guid":{"rendered":"https:\/\/recursing-golick.147-182-135-0.plesk.page\/?p=55581"},"modified":"2020-02-19T20:00:56","modified_gmt":"2020-02-20T00:00:56","slug":"en-ecosse-les-dirigeants-sont-invites-a-faire-quelque-chose-dextraordinaire-pour-dieu","status":"publish","type":"post","link":"https:\/\/interamerica.org\/fr\/2020\/02\/en-ecosse-les-dirigeants-sont-invites-a-faire-quelque-chose-dextraordinaire-pour-dieu\/","title":{"rendered":"En Ecosse, les dirigeants sont invit\u00e9s \u00e0 faire quelque chose d\u2019extraordinaire pour Dieu"},"content":{"rendered":"<p><div id=\"attachment_55568\" style=\"width: 810px\" class=\"wp-caption aligncenter\"><img fetchpriority=\"high\" decoding=\"async\" aria-describedby=\"caption-attachment-55568\" class=\" wp-image-55567\" src=\"https:\/\/recursing-golick.147-182-135-0.plesk.page\/wp-content\/uploads\/2020\/02\/leaders-in-scotland-challenged-to-do-something-extraordinary-for-god.jpg\" alt=\"\" width=\"800\" height=\"400\" srcset=\"https:\/\/interamerica.org\/wp-content\/uploads\/2020\/02\/leaders-in-scotland-challenged-to-do-something-extraordinary-for-god.jpg 1000w, https:\/\/interamerica.org\/wp-content\/uploads\/2020\/02\/leaders-in-scotland-challenged-to-do-something-extraordinary-for-god-300x150.jpg 300w, https:\/\/interamerica.org\/wp-content\/uploads\/2020\/02\/leaders-in-scotland-challenged-to-do-something-extraordinary-for-god-768x384.jpg 768w\" sizes=\"(max-width: 800px) 100vw, 800px\" \/><p id=\"caption-attachment-55568\" class=\"wp-caption-text\">Le responsable de la formation au discipulat pour la Scandinavie dans la Division Trans-Europ\u00e9enne, Simon Martin, a d\u00e9clar\u00e9 que la nourriture peut \u00eatre un excellent moyen d\u2019\u00e9tablir le contact avec les autres et de faire preuve d\u2019empathie envers eux. [Photos : Wallace Hakima \/ Jimmy Botha]<\/p><\/div><span class=\"byline-news\">19 F\u00e9vrier 2020 | Jimmy Botha, Division Trans-Europ\u00e9enne<\/span><\/p>\n<p><span class=\"cap\">\u00ab V<\/span>ous devez \u00eatre brave pour faire quelque chose d\u2019extraordinaire pour Dieu, \u00bb a d\u00e9clar\u00e9 Simon Martin, responsable de la formation au discipulat pour la Scandinavie dans la Division Trans-Europ\u00e9enne (TED). Il s\u2019adressait \u00e0 77 dirigeants d\u2019\u00e9glise \u00e9cossais \u00e0 l\u2019\u00e9glise adventiste du septi\u00e8me jour de Crieff lors d\u2019une journ\u00e9e annuelle de formation au leadership le 26 janvier 2020.<\/p>\n<p>Simon Martin a racont\u00e9 comment, en tant que jeune pasteur, il s\u2019est retrouv\u00e9 \u00e0 suivre un autre pasteur qui n\u2019avait peur de parler \u00e0 personne. Pour certains, il est facile de parler \u00e0 n\u2019importe qui, et donc beaucoup de gens ont tendance \u00e0 penser que l\u2019exercice du minist\u00e8re devrait \u00eatre facile. Pour d\u2019autres, parler \u00e0 des \u00e9trangers est un v\u00e9ritable d\u00e9fi, et pour eux, le minist\u00e8re peut \u00eatre quelque chose d\u2019intimidant.<\/p>\n<p>L\u2019apprentissage de certains principes d\u2019empathie et de leadership peut faire une grande diff\u00e9rence dans la fa\u00e7on dont on aborde une situation dans laquelle il s\u2019agit d\u2019aider un \u00e9tranger, a d\u00e9clar\u00e9 Simon Martin. Trouver quelque chose que vous avez en commun avec l\u2019autre personne est souvent un moyen s\u00fbr d\u2019entamer une conversation.<\/p>\n<p><div id=\"attachment_55571\" style=\"width: 810px\" class=\"wp-caption aligncenter\"><img decoding=\"async\" aria-describedby=\"caption-attachment-55571\" class=\"wp-image-55570 \" src=\"https:\/\/recursing-golick.147-182-135-0.plesk.page\/wp-content\/uploads\/2020\/02\/sm-training-johnson.jpeg\" alt=\"\" width=\"800\" height=\"533\" srcset=\"https:\/\/interamerica.org\/wp-content\/uploads\/2020\/02\/sm-training-johnson.jpeg 900w, https:\/\/interamerica.org\/wp-content\/uploads\/2020\/02\/sm-training-johnson-300x200.jpeg 300w, https:\/\/interamerica.org\/wp-content\/uploads\/2020\/02\/sm-training-johnson-768x512.jpeg 768w\" sizes=\"(max-width: 800px) 100vw, 800px\" \/><p id=\"caption-attachment-55571\" class=\"wp-caption-text\">Patrick Johnson, de la Division Trans-Europ\u00e9enne, s\u2019est concentr\u00e9 sur les besoins des anciens et des diacres de l\u2019\u00e9glise locale dans le cadre du programme annuel de formation au leadership \u00e0 Crieff, en \u00c9cosse, le 26 janvier 2020. [Photos : Wallace Hakima \/ Jimmy Botha]<\/p><\/div><br \/>\n\u00ab Il y a une chose dont tous les humains ont besoin, c\u2019est la nourriture, \u00bb a dit Simon Martin. \u00ab Manger avec quelqu\u2019un est une fa\u00e7on positive d\u2019exercer le minist\u00e8re. \u00bb<\/p>\n<p>La nourriture a jou\u00e9 un r\u00f4le important dans certains des minist\u00e8res auxquels Simon a particip\u00e9 et, a-t-il d\u00e9clar\u00e9, elle s\u2019est toujours r\u00e9v\u00e9l\u00e9e \u00eatre un bon antidote contre la peur.<\/p>\n<p>Lors de la journ\u00e9e annuelle de formation au leadership chaque ann\u00e9e, les participants se divisent en petits groupes apr\u00e8s la s\u00e9ance pl\u00e9ni\u00e8re du matin. Cette ann\u00e9e, la formation a mis l\u2019accent sur les anciens, les diacres et les diaconesses, les secr\u00e9taires, les tr\u00e9soriers, les responsables des minist\u00e8res des enfants, les directeurs de jeunesse et des \u00c9claireurs, la communication et l\u2019\u00c9cole du Sabbat.<\/p>\n<p>Patrick Johnson \u00e9tait le deuxi\u00e8me intervenant invit\u00e9 de la TED. \u00ab La pr\u00e9sence du Saint-Esprit dans la vie de ceux qui dirigent est essentielle pour que cette \u0153uvre soit achev\u00e9e, \u00bb a-t-il d\u00e9clar\u00e9 lors de sa d\u00e9votion matinale. Son message \u00e9tait clair : si l\u2019\u00e9glise veut accomplir beaucoup, nous devons demander au Saint-Esprit de nous diriger, travailler dur dans nos \u00e9glises locales pour impliquer tout le monde et \u00eatre brave dans notre mani\u00e8re de penser et notre approche des nouveaux d\u00e9fis.<\/p>\n<p><div id=\"attachment_55574\" style=\"width: 809px\" class=\"wp-caption aligncenter\"><img decoding=\"async\" aria-describedby=\"caption-attachment-55574\" class=\"wp-image-55573\" src=\"https:\/\/recursing-golick.147-182-135-0.plesk.page\/wp-content\/uploads\/2020\/02\/sm-training-audience.jpeg\" alt=\"\" width=\"799\" height=\"532\" srcset=\"https:\/\/interamerica.org\/wp-content\/uploads\/2020\/02\/sm-training-audience.jpeg 900w, https:\/\/interamerica.org\/wp-content\/uploads\/2020\/02\/sm-training-audience-300x200.jpeg 300w, https:\/\/interamerica.org\/wp-content\/uploads\/2020\/02\/sm-training-audience-768x511.jpeg 768w\" sizes=\"(max-width: 799px) 100vw, 799px\" \/><p id=\"caption-attachment-55574\" class=\"wp-caption-text\">Une partie du groupe de 77 dirigeants d\u2019\u00e9glise adventistes du septi\u00e8me jour qui ont assist\u00e9 \u00e0 la formation annuelle sur le leadership \u00e0 l\u2019\u00e9glise adventiste de Crieff \u00e0 Crieff, en \u00c9cosse, le 26 janvier 2020. [Photos : Wallace Hakima \/ Jimmy Botha]<\/p><\/div>En plus de diriger la d\u00e9votion du matin, Patrick Johnson a dispens\u00e9 une formation aux anciens et aux diacres.<\/p>\n<p>\u00ab Les diacres sont un groupe souvent n\u00e9glig\u00e9, livr\u00e9 \u00e0 lui-m\u00eame pour qu\u2019il se forme sur le tas, \u00bb a-t-il d\u00e9clar\u00e9. \u00ab C\u2019est bien, mais il est vraiment utile de fournir du mat\u00e9riel pratique pour r\u00e9pondre \u00e0 leurs attentes. \u00bb<\/p>\n<p>\u00ab La formation au leadership qui se d\u00e9roule ainsi sur une base annuelle sert \u00e0 organiser les \u00e9glises locales de telle sorte qu\u2019elles continuent \u00e0 am\u00e9liorer les comp\u00e9tences de leurs dirigeants locaux tout au long de l\u2019ann\u00e9e, \u00bb a d\u00e9clar\u00e9 Paul Tompkins, pr\u00e9sident de la Mission \u00c9cossaise.<\/p>\n<p>Paul Tompkins a soulign\u00e9 que bien que la Mission \u00c9cossaise ait connu une croissance constante au cours de la derni\u00e8re d\u00e9cennie et au-del\u00e0, le travail est loin d&rsquo;\u00eatre achev\u00e9. \u00ab Les dirigeants et les membres ont la responsabilit\u00e9 de poursuivre la tendance et de proclamer le message de l\u2019\u00e9vangile au reste de l\u2019\u00c9cosse, \u00bb a-t-il d\u00e9clar\u00e9.<\/p>\n<p><em>La <\/em><a href=\"https:\/\/ted.adventist.org\/news\/1634-scottish-leaders-challenged-to-do-something-extraordinary-during-annual-training-event\" target=\"_blank\" rel=\"noopener noreferrer\"><em>version originale<\/em><\/a><em> de ce r\u00e9cit a \u00e9t\u00e9 publi\u00e9e sur le <\/em><a href=\"https:\/\/ted.adventist.org\/news\" target=\"_blank\" rel=\"noopener noreferrer\"><em>site d&rsquo;informations<\/em><\/a><em>de la Division Trans-Europ\u00e9enne.<\/em><\/p>\n<p>Traduction: Patrick Luciathe<\/p>\n","protected":false},"excerpt":{"rendered":"<p>19 F\u00e9vrier 2020 | Jimmy Botha, Division Trans-Europ\u00e9enne \u00ab Vous devez \u00eatre brave pour faire quelque chose d\u2019extraordinaire pour Dieu, \u00bb a d\u00e9clar\u00e9 Simon Martin, responsable de la formation au&#8230;<\/p>\n","protected":false},"author":3,"featured_media":55568,"comment_status":"open","ping_status":"closed","sticky":false,"template":"","format":"standard","meta":{"_acf_changed":false,"footnotes":""},"categories":[18,19],"tags":[],"class_list":["post-55581","post","type-post","status-publish","format-standard","has-post-thumbnail","hentry","category-nouvelles-de-leglise-mondiale","category-rss-francais"],"acf":[],"yoast_head":"<!-- This site is optimized with the Yoast SEO plugin v27.3 - https:\/\/yoast.com\/product\/yoast-seo-wordpress\/ -->\n<title>En Ecosse, les dirigeants sont invit\u00e9s \u00e0 faire quelque chose d\u2019extraordinaire pour Dieu - \u00c9glise Adventiste Du Septieme Jour - Inter Am\u00e9rique Division<\/title>\n<meta name=\"robots\" content=\"index, follow, max-snippet:-1, max-image-preview:large, max-video-preview:-1\" \/>\n<link rel=\"canonical\" href=\"https:\/\/interamerica.org\/fr\/2020\/02\/en-ecosse-les-dirigeants-sont-invites-a-faire-quelque-chose-dextraordinaire-pour-dieu\/\" \/>\n<meta property=\"og:locale\" content=\"fr_FR\" \/>\n<meta property=\"og:type\" content=\"article\" \/>\n<meta property=\"og:title\" content=\"En Ecosse, les dirigeants sont invit\u00e9s \u00e0 faire quelque chose d\u2019extraordinaire pour Dieu - \u00c9glise Adventiste Du Septieme Jour - Inter Am\u00e9rique Division\" \/>\n<meta property=\"og:description\" content=\"19 F\u00e9vrier 2020 | Jimmy Botha, Division Trans-Europ\u00e9enne \u00ab Vous devez \u00eatre brave pour faire quelque chose d\u2019extraordinaire pour Dieu, \u00bb a d\u00e9clar\u00e9 Simon Martin, responsable de la formation au...\" \/>\n<meta property=\"og:url\" content=\"https:\/\/interamerica.org\/fr\/2020\/02\/en-ecosse-les-dirigeants-sont-invites-a-faire-quelque-chose-dextraordinaire-pour-dieu\/\" \/>\n<meta property=\"og:site_name\" content=\"\u00c9glise Adventiste Du Septieme Jour - Inter Am\u00e9rique Division\" \/>\n<meta property=\"article:published_time\" content=\"2020-02-19T18:24:49+00:00\" \/>\n<meta property=\"article:modified_time\" content=\"2020-02-20T00:00:56+00:00\" \/>\n<meta property=\"og:image\" content=\"https:\/\/interamerica.org\/wp-content\/uploads\/2020\/02\/leaders-in-scotland-challenged-to-do-something-extraordinary-for-god.jpg\" \/>\n\t<meta property=\"og:image:width\" content=\"1000\" \/>\n\t<meta property=\"og:image:height\" content=\"500\" \/>\n\t<meta property=\"og:image:type\" content=\"image\/jpeg\" \/>\n<meta name=\"author\" content=\"libna\" \/>\n<meta name=\"twitter:card\" content=\"summary_large_image\" \/>\n<meta name=\"twitter:label1\" content=\"\u00c9crit par\" \/>\n\t<meta name=\"twitter:data1\" content=\"libna\" \/>\n\t<meta name=\"twitter:label2\" content=\"Dur\u00e9e de lecture estim\u00e9e\" \/>\n\t<meta name=\"twitter:data2\" content=\"4 minutes\" \/>\n<script type=\"application\/ld+json\" class=\"yoast-schema-graph\">{\"@context\":\"https:\\\/\\\/schema.org\",\"@graph\":[{\"@type\":\"Article\",\"@id\":\"https:\\\/\\\/interamerica.org\\\/fr\\\/2020\\\/02\\\/en-ecosse-les-dirigeants-sont-invites-a-faire-quelque-chose-dextraordinaire-pour-dieu\\\/#article\",\"isPartOf\":{\"@id\":\"https:\\\/\\\/interamerica.org\\\/fr\\\/2020\\\/02\\\/en-ecosse-les-dirigeants-sont-invites-a-faire-quelque-chose-dextraordinaire-pour-dieu\\\/\"},\"author\":{\"name\":\"libna\",\"@id\":\"https:\\\/\\\/interamerica.org\\\/fr\\\/#\\\/schema\\\/person\\\/29998f2bc2d8bd0d38662909289b54f1\"},\"headline\":\"En Ecosse, les dirigeants sont invit\u00e9s \u00e0 faire quelque chose d\u2019extraordinaire pour Dieu\",\"datePublished\":\"2020-02-19T18:24:49+00:00\",\"dateModified\":\"2020-02-20T00:00:56+00:00\",\"mainEntityOfPage\":{\"@id\":\"https:\\\/\\\/interamerica.org\\\/fr\\\/2020\\\/02\\\/en-ecosse-les-dirigeants-sont-invites-a-faire-quelque-chose-dextraordinaire-pour-dieu\\\/\"},\"wordCount\":791,\"commentCount\":0,\"image\":{\"@id\":\"https:\\\/\\\/interamerica.org\\\/fr\\\/2020\\\/02\\\/en-ecosse-les-dirigeants-sont-invites-a-faire-quelque-chose-dextraordinaire-pour-dieu\\\/#primaryimage\"},\"thumbnailUrl\":\"https:\\\/\\\/interamerica.org\\\/wp-content\\\/uploads\\\/2020\\\/02\\\/leaders-in-scotland-challenged-to-do-something-extraordinary-for-god.jpg\",\"articleSection\":[\"Nouvelles de l'\u00c9glise mondiale\",\"RSS Fran\u00e7ais\"],\"inLanguage\":\"fr-FR\",\"potentialAction\":[{\"@type\":\"CommentAction\",\"name\":\"Comment\",\"target\":[\"https:\\\/\\\/interamerica.org\\\/fr\\\/2020\\\/02\\\/en-ecosse-les-dirigeants-sont-invites-a-faire-quelque-chose-dextraordinaire-pour-dieu\\\/#respond\"]}]},{\"@type\":\"WebPage\",\"@id\":\"https:\\\/\\\/interamerica.org\\\/fr\\\/2020\\\/02\\\/en-ecosse-les-dirigeants-sont-invites-a-faire-quelque-chose-dextraordinaire-pour-dieu\\\/\",\"url\":\"https:\\\/\\\/interamerica.org\\\/fr\\\/2020\\\/02\\\/en-ecosse-les-dirigeants-sont-invites-a-faire-quelque-chose-dextraordinaire-pour-dieu\\\/\",\"name\":\"En Ecosse, les dirigeants sont invit\u00e9s \u00e0 faire quelque chose d\u2019extraordinaire pour Dieu - \u00c9glise Adventiste Du Septieme Jour - Inter Am\u00e9rique Division\",\"isPartOf\":{\"@id\":\"https:\\\/\\\/interamerica.org\\\/fr\\\/#website\"},\"primaryImageOfPage\":{\"@id\":\"https:\\\/\\\/interamerica.org\\\/fr\\\/2020\\\/02\\\/en-ecosse-les-dirigeants-sont-invites-a-faire-quelque-chose-dextraordinaire-pour-dieu\\\/#primaryimage\"},\"image\":{\"@id\":\"https:\\\/\\\/interamerica.org\\\/fr\\\/2020\\\/02\\\/en-ecosse-les-dirigeants-sont-invites-a-faire-quelque-chose-dextraordinaire-pour-dieu\\\/#primaryimage\"},\"thumbnailUrl\":\"https:\\\/\\\/interamerica.org\\\/wp-content\\\/uploads\\\/2020\\\/02\\\/leaders-in-scotland-challenged-to-do-something-extraordinary-for-god.jpg\",\"datePublished\":\"2020-02-19T18:24:49+00:00\",\"dateModified\":\"2020-02-20T00:00:56+00:00\",\"author\":{\"@id\":\"https:\\\/\\\/interamerica.org\\\/fr\\\/#\\\/schema\\\/person\\\/29998f2bc2d8bd0d38662909289b54f1\"},\"breadcrumb\":{\"@id\":\"https:\\\/\\\/interamerica.org\\\/fr\\\/2020\\\/02\\\/en-ecosse-les-dirigeants-sont-invites-a-faire-quelque-chose-dextraordinaire-pour-dieu\\\/#breadcrumb\"},\"inLanguage\":\"fr-FR\",\"potentialAction\":[{\"@type\":\"ReadAction\",\"target\":[\"https:\\\/\\\/interamerica.org\\\/fr\\\/2020\\\/02\\\/en-ecosse-les-dirigeants-sont-invites-a-faire-quelque-chose-dextraordinaire-pour-dieu\\\/\"]}]},{\"@type\":\"ImageObject\",\"inLanguage\":\"fr-FR\",\"@id\":\"https:\\\/\\\/interamerica.org\\\/fr\\\/2020\\\/02\\\/en-ecosse-les-dirigeants-sont-invites-a-faire-quelque-chose-dextraordinaire-pour-dieu\\\/#primaryimage\",\"url\":\"https:\\\/\\\/interamerica.org\\\/wp-content\\\/uploads\\\/2020\\\/02\\\/leaders-in-scotland-challenged-to-do-something-extraordinary-for-god.jpg\",\"contentUrl\":\"https:\\\/\\\/interamerica.org\\\/wp-content\\\/uploads\\\/2020\\\/02\\\/leaders-in-scotland-challenged-to-do-something-extraordinary-for-god.jpg\",\"width\":1000,\"height\":500,\"caption\":\"Le responsable de la formation au discipulat pour la Scandinavie dans la Division Trans-Europ\u00e9enne, Simon Martin, a d\u00e9clar\u00e9 que la nourriture peut \u00eatre un excellent moyen d\u2019\u00e9tablir le contact avec les autres et de faire preuve d\u2019empathie envers eux. [Photos : Wallace Hakima \\\/ Jimmy Botha]\"},{\"@type\":\"BreadcrumbList\",\"@id\":\"https:\\\/\\\/interamerica.org\\\/fr\\\/2020\\\/02\\\/en-ecosse-les-dirigeants-sont-invites-a-faire-quelque-chose-dextraordinaire-pour-dieu\\\/#breadcrumb\",\"itemListElement\":[{\"@type\":\"ListItem\",\"position\":1,\"name\":\"Home\",\"item\":\"https:\\\/\\\/interamerica.org\\\/fr\\\/\"},{\"@type\":\"ListItem\",\"position\":2,\"name\":\"En Ecosse, les dirigeants sont invit\u00e9s \u00e0 faire quelque chose d\u2019extraordinaire pour Dieu\"}]},{\"@type\":\"WebSite\",\"@id\":\"https:\\\/\\\/interamerica.org\\\/fr\\\/#website\",\"url\":\"https:\\\/\\\/interamerica.org\\\/fr\\\/\",\"name\":\"\u00c9glise Adventiste Du Septieme Jour - Inter Am\u00e9rique Division\",\"description\":\"\",\"potentialAction\":[{\"@type\":\"SearchAction\",\"target\":{\"@type\":\"EntryPoint\",\"urlTemplate\":\"https:\\\/\\\/interamerica.org\\\/fr\\\/?s={search_term_string}\"},\"query-input\":{\"@type\":\"PropertyValueSpecification\",\"valueRequired\":true,\"valueName\":\"search_term_string\"}}],\"inLanguage\":\"fr-FR\"},{\"@type\":\"Person\",\"@id\":\"https:\\\/\\\/interamerica.org\\\/fr\\\/#\\\/schema\\\/person\\\/29998f2bc2d8bd0d38662909289b54f1\",\"name\":\"libna\",\"image\":{\"@type\":\"ImageObject\",\"inLanguage\":\"fr-FR\",\"@id\":\"https:\\\/\\\/secure.gravatar.com\\\/avatar\\\/7c5bd30ae4b47a9ba3c856590957fd1d96dc588bf3ac05719d247e126840331f?s=96&d=mm&r=g\",\"url\":\"https:\\\/\\\/secure.gravatar.com\\\/avatar\\\/7c5bd30ae4b47a9ba3c856590957fd1d96dc588bf3ac05719d247e126840331f?s=96&d=mm&r=g\",\"contentUrl\":\"https:\\\/\\\/secure.gravatar.com\\\/avatar\\\/7c5bd30ae4b47a9ba3c856590957fd1d96dc588bf3ac05719d247e126840331f?s=96&d=mm&r=g\",\"caption\":\"libna\"}}]}<\/script>\n<!-- \/ Yoast SEO plugin. -->","yoast_head_json":{"title":"En Ecosse, les dirigeants sont invit\u00e9s \u00e0 faire quelque chose d\u2019extraordinaire pour Dieu - \u00c9glise Adventiste Du Septieme Jour - Inter Am\u00e9rique Division","robots":{"index":"index","follow":"follow","max-snippet":"max-snippet:-1","max-image-preview":"max-image-preview:large","max-video-preview":"max-video-preview:-1"},"canonical":"https:\/\/interamerica.org\/fr\/2020\/02\/en-ecosse-les-dirigeants-sont-invites-a-faire-quelque-chose-dextraordinaire-pour-dieu\/","og_locale":"fr_FR","og_type":"article","og_title":"En Ecosse, les dirigeants sont invit\u00e9s \u00e0 faire quelque chose d\u2019extraordinaire pour Dieu - \u00c9glise Adventiste Du Septieme Jour - Inter Am\u00e9rique Division","og_description":"19 F\u00e9vrier 2020 | Jimmy Botha, Division Trans-Europ\u00e9enne \u00ab Vous devez \u00eatre brave pour faire quelque chose d\u2019extraordinaire pour Dieu, \u00bb a d\u00e9clar\u00e9 Simon Martin, responsable de la formation au...","og_url":"https:\/\/interamerica.org\/fr\/2020\/02\/en-ecosse-les-dirigeants-sont-invites-a-faire-quelque-chose-dextraordinaire-pour-dieu\/","og_site_name":"\u00c9glise Adventiste Du Septieme Jour - Inter Am\u00e9rique Division","article_published_time":"2020-02-19T18:24:49+00:00","article_modified_time":"2020-02-20T00:00:56+00:00","og_image":[{"width":1000,"height":500,"url":"https:\/\/interamerica.org\/wp-content\/uploads\/2020\/02\/leaders-in-scotland-challenged-to-do-something-extraordinary-for-god.jpg","type":"image\/jpeg"}],"author":"libna","twitter_card":"summary_large_image","twitter_misc":{"\u00c9crit par":"libna","Dur\u00e9e de lecture estim\u00e9e":"4 minutes"},"schema":{"@context":"https:\/\/schema.org","@graph":[{"@type":"Article","@id":"https:\/\/interamerica.org\/fr\/2020\/02\/en-ecosse-les-dirigeants-sont-invites-a-faire-quelque-chose-dextraordinaire-pour-dieu\/#article","isPartOf":{"@id":"https:\/\/interamerica.org\/fr\/2020\/02\/en-ecosse-les-dirigeants-sont-invites-a-faire-quelque-chose-dextraordinaire-pour-dieu\/"},"author":{"name":"libna","@id":"https:\/\/interamerica.org\/fr\/#\/schema\/person\/29998f2bc2d8bd0d38662909289b54f1"},"headline":"En Ecosse, les dirigeants sont invit\u00e9s \u00e0 faire quelque chose d\u2019extraordinaire pour Dieu","datePublished":"2020-02-19T18:24:49+00:00","dateModified":"2020-02-20T00:00:56+00:00","mainEntityOfPage":{"@id":"https:\/\/interamerica.org\/fr\/2020\/02\/en-ecosse-les-dirigeants-sont-invites-a-faire-quelque-chose-dextraordinaire-pour-dieu\/"},"wordCount":791,"commentCount":0,"image":{"@id":"https:\/\/interamerica.org\/fr\/2020\/02\/en-ecosse-les-dirigeants-sont-invites-a-faire-quelque-chose-dextraordinaire-pour-dieu\/#primaryimage"},"thumbnailUrl":"https:\/\/interamerica.org\/wp-content\/uploads\/2020\/02\/leaders-in-scotland-challenged-to-do-something-extraordinary-for-god.jpg","articleSection":["Nouvelles de l'\u00c9glise mondiale","RSS Fran\u00e7ais"],"inLanguage":"fr-FR","potentialAction":[{"@type":"CommentAction","name":"Comment","target":["https:\/\/interamerica.org\/fr\/2020\/02\/en-ecosse-les-dirigeants-sont-invites-a-faire-quelque-chose-dextraordinaire-pour-dieu\/#respond"]}]},{"@type":"WebPage","@id":"https:\/\/interamerica.org\/fr\/2020\/02\/en-ecosse-les-dirigeants-sont-invites-a-faire-quelque-chose-dextraordinaire-pour-dieu\/","url":"https:\/\/interamerica.org\/fr\/2020\/02\/en-ecosse-les-dirigeants-sont-invites-a-faire-quelque-chose-dextraordinaire-pour-dieu\/","name":"En Ecosse, les dirigeants sont invit\u00e9s \u00e0 faire quelque chose d\u2019extraordinaire pour Dieu - \u00c9glise Adventiste Du Septieme Jour - Inter Am\u00e9rique Division","isPartOf":{"@id":"https:\/\/interamerica.org\/fr\/#website"},"primaryImageOfPage":{"@id":"https:\/\/interamerica.org\/fr\/2020\/02\/en-ecosse-les-dirigeants-sont-invites-a-faire-quelque-chose-dextraordinaire-pour-dieu\/#primaryimage"},"image":{"@id":"https:\/\/interamerica.org\/fr\/2020\/02\/en-ecosse-les-dirigeants-sont-invites-a-faire-quelque-chose-dextraordinaire-pour-dieu\/#primaryimage"},"thumbnailUrl":"https:\/\/interamerica.org\/wp-content\/uploads\/2020\/02\/leaders-in-scotland-challenged-to-do-something-extraordinary-for-god.jpg","datePublished":"2020-02-19T18:24:49+00:00","dateModified":"2020-02-20T00:00:56+00:00","author":{"@id":"https:\/\/interamerica.org\/fr\/#\/schema\/person\/29998f2bc2d8bd0d38662909289b54f1"},"breadcrumb":{"@id":"https:\/\/interamerica.org\/fr\/2020\/02\/en-ecosse-les-dirigeants-sont-invites-a-faire-quelque-chose-dextraordinaire-pour-dieu\/#breadcrumb"},"inLanguage":"fr-FR","potentialAction":[{"@type":"ReadAction","target":["https:\/\/interamerica.org\/fr\/2020\/02\/en-ecosse-les-dirigeants-sont-invites-a-faire-quelque-chose-dextraordinaire-pour-dieu\/"]}]},{"@type":"ImageObject","inLanguage":"fr-FR","@id":"https:\/\/interamerica.org\/fr\/2020\/02\/en-ecosse-les-dirigeants-sont-invites-a-faire-quelque-chose-dextraordinaire-pour-dieu\/#primaryimage","url":"https:\/\/interamerica.org\/wp-content\/uploads\/2020\/02\/leaders-in-scotland-challenged-to-do-something-extraordinary-for-god.jpg","contentUrl":"https:\/\/interamerica.org\/wp-content\/uploads\/2020\/02\/leaders-in-scotland-challenged-to-do-something-extraordinary-for-god.jpg","width":1000,"height":500,"caption":"Le responsable de la formation au discipulat pour la Scandinavie dans la Division Trans-Europ\u00e9enne, Simon Martin, a d\u00e9clar\u00e9 que la nourriture peut \u00eatre un excellent moyen d\u2019\u00e9tablir le contact avec les autres et de faire preuve d\u2019empathie envers eux. [Photos : Wallace Hakima \/ Jimmy Botha]"},{"@type":"BreadcrumbList","@id":"https:\/\/interamerica.org\/fr\/2020\/02\/en-ecosse-les-dirigeants-sont-invites-a-faire-quelque-chose-dextraordinaire-pour-dieu\/#breadcrumb","itemListElement":[{"@type":"ListItem","position":1,"name":"Home","item":"https:\/\/interamerica.org\/fr\/"},{"@type":"ListItem","position":2,"name":"En Ecosse, les dirigeants sont invit\u00e9s \u00e0 faire quelque chose d\u2019extraordinaire pour Dieu"}]},{"@type":"WebSite","@id":"https:\/\/interamerica.org\/fr\/#website","url":"https:\/\/interamerica.org\/fr\/","name":"\u00c9glise Adventiste Du Septieme Jour - Inter Am\u00e9rique Division","description":"","potentialAction":[{"@type":"SearchAction","target":{"@type":"EntryPoint","urlTemplate":"https:\/\/interamerica.org\/fr\/?s={search_term_string}"},"query-input":{"@type":"PropertyValueSpecification","valueRequired":true,"valueName":"search_term_string"}}],"inLanguage":"fr-FR"},{"@type":"Person","@id":"https:\/\/interamerica.org\/fr\/#\/schema\/person\/29998f2bc2d8bd0d38662909289b54f1","name":"libna","image":{"@type":"ImageObject","inLanguage":"fr-FR","@id":"https:\/\/secure.gravatar.com\/avatar\/7c5bd30ae4b47a9ba3c856590957fd1d96dc588bf3ac05719d247e126840331f?s=96&d=mm&r=g","url":"https:\/\/secure.gravatar.com\/avatar\/7c5bd30ae4b47a9ba3c856590957fd1d96dc588bf3ac05719d247e126840331f?s=96&d=mm&r=g","contentUrl":"https:\/\/secure.gravatar.com\/avatar\/7c5bd30ae4b47a9ba3c856590957fd1d96dc588bf3ac05719d247e126840331f?s=96&d=mm&r=g","caption":"libna"}}]}},"_links":{"self":[{"href":"https:\/\/interamerica.org\/fr\/wp-json\/wp\/v2\/posts\/55581","targetHints":{"allow":["GET"]}}],"collection":[{"href":"https:\/\/interamerica.org\/fr\/wp-json\/wp\/v2\/posts"}],"about":[{"href":"https:\/\/interamerica.org\/fr\/wp-json\/wp\/v2\/types\/post"}],"author":[{"embeddable":true,"href":"https:\/\/interamerica.org\/fr\/wp-json\/wp\/v2\/users\/3"}],"replies":[{"embeddable":true,"href":"https:\/\/interamerica.org\/fr\/wp-json\/wp\/v2\/comments?post=55581"}],"version-history":[{"count":0,"href":"https:\/\/interamerica.org\/fr\/wp-json\/wp\/v2\/posts\/55581\/revisions"}],"wp:featuredmedia":[{"embeddable":true,"href":"https:\/\/interamerica.org\/fr\/wp-json\/wp\/v2\/media\/55568"}],"wp:attachment":[{"href":"https:\/\/interamerica.org\/fr\/wp-json\/wp\/v2\/media?parent=55581"}],"wp:term":[{"taxonomy":"category","embeddable":true,"href":"https:\/\/interamerica.org\/fr\/wp-json\/wp\/v2\/categories?post=55581"},{"taxonomy":"post_tag","embeddable":true,"href":"https:\/\/interamerica.org\/fr\/wp-json\/wp\/v2\/tags?post=55581"}],"curies":[{"name":"wp","href":"https:\/\/api.w.org\/{rel}","templated":true}]}}