{"id":55705,"date":"2020-02-24T21:41:00","date_gmt":"2020-02-25T01:41:00","guid":{"rendered":"https:\/\/recursing-golick.147-182-135-0.plesk.page\/?p=55705"},"modified":"2020-02-25T17:04:06","modified_gmt":"2020-02-25T21:04:06","slug":"les-ministeres-de-lenfance-et-de-ladolescence-en-inter-amerique-presentent-la-nouvelle-edition-de-linitiative-le-sac-a-dos-qui-parle","status":"publish","type":"post","link":"https:\/\/interamerica.org\/fr\/2020\/02\/les-ministeres-de-lenfance-et-de-ladolescence-en-inter-amerique-presentent-la-nouvelle-edition-de-linitiative-le-sac-a-dos-qui-parle\/","title":{"rendered":"Les Minist\u00e8res de l\u2019enfance et de l\u2019adolescence en Inter Am\u00e9rique pr\u00e9sentent la nouvelle \u00e9dition de l\u2019initiative \u00ab Le Sac \u00e0 Dos qui Parle \u00bb"},"content":{"rendered":"<p><div id=\"attachment_55664\" style=\"width: 810px\" class=\"wp-caption aligncenter\"><img fetchpriority=\"high\" decoding=\"async\" aria-describedby=\"caption-attachment-55664\" class=\" wp-image-55663\" src=\"https:\/\/recursing-golick.147-182-135-0.plesk.page\/wp-content\/uploads\/2020\/02\/children-choir-feb18-2020-1024x640.jpg\" alt=\"\" width=\"800\" height=\"500\" srcset=\"https:\/\/interamerica.org\/wp-content\/uploads\/2020\/02\/children-choir-feb18-2020-1024x640.jpg 1024w, https:\/\/interamerica.org\/wp-content\/uploads\/2020\/02\/children-choir-feb18-2020-300x188.jpg 300w, https:\/\/interamerica.org\/wp-content\/uploads\/2020\/02\/children-choir-feb18-2020-768x480.jpg 768w, https:\/\/interamerica.org\/wp-content\/uploads\/2020\/02\/children-choir-feb18-2020.jpg 1280w\" sizes=\"(max-width: 800px) 100vw, 800px\" \/><p id=\"caption-attachment-55664\" class=\"wp-caption-text\">Des enfants de l\u2019\u00e9glise adventiste hispanophone de Hollywood, en Floride, interpr\u00e8tent une chanson dans le cadre de la pr\u00e9sentation de l\u2019initiative \u00ab Le Sac \u00e0 Dos qui Parle \u00bb pour cette ann\u00e9e ; une initiative qui comprendra des \u00e9motic\u00f4nes de visage qui d\u00e9crivent les b\u00e9atitudes mentionn\u00e9es dans le sermon sur la montagne de Matthieu 5. L\u2019initiative, pr\u00e9sent\u00e9e \u00e0 Miami, en Floride, le 18 f\u00e9vrier 2020, comprend une s\u00e9rie de traits de formation du caract\u00e8re qui aideront les enfants dans toute l\u2019Inter Am\u00e9rique \u00e0 d\u00e9couvrir les valeurs chr\u00e9tiennes et \u00e0 partager l\u2019amour de J\u00e9sus avec leurs pairs \u00e0 l\u2019\u00e9cole, \u00e0 la maison et partout o\u00f9 ils vont. [Photo : Libna Stevens \/ DIA]<\/p><\/div>23 F\u00e9vrier 2020 | Miami, Floride, \u00c9tats-Unis | Libna Stevens, Division Inter Am\u00e9ricaine<\/p>\n<p>Les responsables des minist\u00e8res des enfants et des adolescents venus de tout le territoire de l\u2019\u00c9glise adventiste du septi\u00e8me jour dans la Division Inter Am\u00e9ricaine (DIA) se sont r\u00e9unis pour consolider leur engagement \u00e0 enseigner les valeurs chr\u00e9tiennes. Les dirigeants se sont r\u00e9unis pour deux jours de rencontres \u00e0 Miami, en Floride, aux \u00c9tats-Unis, du 18 au 19 f\u00e9vrier 2020.<\/p>\n<p>Les dizaines de dirigeants r\u00e9gionaux ont c\u00e9l\u00e9br\u00e9 le succ\u00e8s de l\u2019initiative d\u2019\u00e9vang\u00e9lisation la plus compl\u00e8te de l\u2019Inter Am\u00e9rique appel\u00e9e \u00ab Le Sac \u00e0 Dos qui Parle, \u00bb un programme qui permet aux enfants et aux adolescents de gagner des patchs et des pin\u2019s en \u00e9tudiant et en apprenant des traits de formation du caract\u00e8re chaque mois gr\u00e2ce \u00e0 diverses activit\u00e9s au niveau des \u00e9glises locales ainsi que des \u00e9coles adventistes sur tout le territoire. Les rencontres ont \u00e9t\u00e9 l\u2019occasion de pr\u00e9senter un nouveau mat\u00e9riel et des ressources nouvelles destin\u00e9es \u00e0 continuer de faire des enfants et des adolescents des disciples dans toute la DIA pendant cette ann\u00e9e au cours de laquelle l\u2019\u00c9glise adventiste mondiale comm\u00e9more le 25\u00e8me anniversaire de la cr\u00e9ation du minist\u00e8re des enfants.<\/p>\n<p><div id=\"attachment_55670\" style=\"width: 810px\" class=\"wp-caption aligncenter\"><img decoding=\"async\" aria-describedby=\"caption-attachment-55670\" class=\" wp-image-55669\" src=\"https:\/\/recursing-golick.147-182-135-0.plesk.page\/wp-content\/uploads\/2020\/02\/dinorah-rivera-feb18-2020-1.jpg\" alt=\"\" width=\"800\" height=\"538\" srcset=\"https:\/\/interamerica.org\/wp-content\/uploads\/2020\/02\/dinorah-rivera-feb18-2020-1.jpg 950w, https:\/\/interamerica.org\/wp-content\/uploads\/2020\/02\/dinorah-rivera-feb18-2020-1-300x202.jpg 300w, https:\/\/interamerica.org\/wp-content\/uploads\/2020\/02\/dinorah-rivera-feb18-2020-1-768x517.jpg 768w\" sizes=\"(max-width: 800px) 100vw, 800px\" \/><p id=\"caption-attachment-55670\" class=\"wp-caption-text\">Dinorah Rivera (\u00e0 gauche), directrice des minist\u00e8res de l\u2019enfance et de l\u2019adolescence pour l\u2019\u00c9glise adventiste en Inter Am\u00e9rique, pr\u00e9sente cette ann\u00e9e la troisi\u00e8me \u00e9dition du Sac \u00e0 Dos qui Parle \u00e0 pr\u00e8s de 200 responsables venus de toutes les unions de l\u2019Inter Am\u00e9rique. Esmeralda Guzman (\u00e0 droite) du Sud de la Floride traduit le message. [Photo : Libna Stevens \/ DIA]<\/p><\/div><br \/>\n\u00ab Notre objectif principal est de veiller \u00e0 ce qu\u2019une attention particuli\u00e8re soit accord\u00e9e \u00e0 tous les enfants et les adolescents de l\u2019Inter Am\u00e9rique \u00e0 travers les diff\u00e9rentes initiatives et activit\u00e9s que Dieu nous a appel\u00e9 \u00e0 mettre en place, \u00bb a dit Dinorah Rivera, responsable des minist\u00e8res des enfants et des adolescents pour l\u2019\u00c9glise adventiste en Inter- Am\u00e9rique. \u00ab C\u2019est gr\u00e2ce \u00e0 votre d\u00e9vouement et \u00e0 votre amour pour ce minist\u00e8re que tant d\u2019enfants et d\u2019adolescents ont t\u00e9moign\u00e9 pour J\u00e9sus et contribu\u00e9 au d\u00e9veloppement du Royaume de Dieu. \u00bb<\/p>\n<p>Dinorah Rivera a annonc\u00e9 que la troisi\u00e8me \u00e9dition du \u00ab Sac \u00e0 Dos qui Parle \u00bb mettrait l\u2019accent sur les B\u00e9atitudes du Sermon sur la Montagne qui se trouve dans Matthieu 5. Dinorah Rivera a d\u00e9voil\u00e9 quelques-unes des nouvelles ressources disponibles en anglais, espagnol et fran\u00e7ais et qui incluent un manuel, des vid\u00e9os, des cahiers d\u2019activit\u00e9s, des \u00e9motic\u00f4nes de visage, des pin\u2019s et des patchs qui feront partie de l\u2019emphase de cette ann\u00e9e. Au cours de cette ann\u00e9e, les enfants et les adolescents seront \u00e9galement form\u00e9s pour diriger dans les minist\u00e8res des petits groupes avec leurs camarades.<\/p>\n<p>Linda Koh, directrice du minist\u00e8re des enfants pour l\u2019\u00c9glise adventiste mondiale, a encourag\u00e9 les responsables \u00e0 continuer de suivre J\u00e9sus comme leur ma\u00eetre.<\/p>\n<p><div id=\"attachment_55673\" style=\"width: 810px\" class=\"wp-caption aligncenter\"><img decoding=\"async\" aria-describedby=\"caption-attachment-55673\" class=\" wp-image-55672\" src=\"https:\/\/recursing-golick.147-182-135-0.plesk.page\/wp-content\/uploads\/2020\/02\/linda-koh-2-feb18-2020-1.jpg\" alt=\"\" width=\"800\" height=\"517\" srcset=\"https:\/\/interamerica.org\/wp-content\/uploads\/2020\/02\/linda-koh-2-feb18-2020-1.jpg 950w, https:\/\/interamerica.org\/wp-content\/uploads\/2020\/02\/linda-koh-2-feb18-2020-1-300x194.jpg 300w, https:\/\/interamerica.org\/wp-content\/uploads\/2020\/02\/linda-koh-2-feb18-2020-1-768x496.jpg 768w\" sizes=\"(max-width: 800px) 100vw, 800px\" \/><p id=\"caption-attachment-55673\" class=\"wp-caption-text\">Linda Koh, directrice du minist\u00e8re des enfants pour l\u2019\u00c9glise adventiste mondiale, rappelle aux membres de la d\u00e9l\u00e9gation qu\u2019ils ont \u00e9t\u00e9 choisis par Dieu pour faire des enfants des faiseurs de disciples. [Photo : Libna Stevens \/ DIA]<\/p><\/div>\u00ab Dieu a choisi de faire de nous ses disciples afin que nous puissions \u00eatre comme lui dans la fa\u00e7on dont nous aimons les autres, dans la fa\u00e7on dont nous traitons les enfants, \u00bb a dit Linda Koh. \u00ab Avec nos faiblesses, nos forces, Il nous a choisis pour \u00eatre des leaders au n iveau des enfants, nous sommes appel\u00e9s \u00e0 avoir un impact sur ces vies. \u00bb Linda Koh leur a \u00e9galement rappel\u00e9 que Dieu les avait aussi choisis pour porter du fruit, pour avoir de la compassion et ne jamais \u00eatre trop occup\u00e9s pour passer du temps dans la pri\u00e8re et pour \u00e9tudier la Bible tous les jours et faire \u00e9galement en sorte que les enfants soient des faiseurs de disciples.<\/p>\n<p>Edith Ruiz, directrice des minist\u00e8res des enfants et des adolescents dans l\u2019Union du Sud-Est du Mexique, a d\u00e9clar\u00e9 que les nouveaux traits de caract\u00e8re inspir\u00e9s des b\u00e9atitudes comme le fait d\u2019\u00eatre humble, pacificateur, joyeux et bien plus, apporteront les bons outils pour poursuivre le succ\u00e8s du Sac \u00e0 Dos qui Parle de l\u2019ann\u00e9e derni\u00e8re. L\u2019an dernier, plus de 25000 enfants dans les sept champs r\u00e9gionaux qu\u2019elle supervise ont particip\u00e9 au programme mensuel dans toutes les \u00e9glises locales, a dit Edith Ruiz. Des centaines d\u2019enfants ont \u00e9t\u00e9 baptis\u00e9s dans le cadre de l\u2019initiative le Sac \u00e0 Dos qui Parle, a-t-elle d\u00e9clar\u00e9.<\/p>\n<p>Edith Ruiz a d\u00e9j\u00e0 commenc\u00e9 cette ann\u00e9e avec l\u2019initiative du sac \u00e0 dos avec l\u2019aide de milliers de dirigeants du territoire. Il s\u2019agit d\u2019une d\u00e9marche qui inclut des rencontres mensuelles et des formations pour avancer ensemble en exer\u00e7ant notre minist\u00e8re aupr\u00e8s des enfants et des adolescents \u00e0 travers l\u2019action d\u2019impact de cette ann\u00e9e, a indiqu\u00e9 Edith Ruiz.<\/p>\n<p><div id=\"attachment_55679\" style=\"width: 811px\" class=\"wp-caption aligncenter\"><img loading=\"lazy\" decoding=\"async\" aria-describedby=\"caption-attachment-55679\" class=\" wp-image-55678\" src=\"https:\/\/recursing-golick.147-182-135-0.plesk.page\/wp-content\/uploads\/2020\/02\/delegates-backpack3-feb18-2020-b.jpg\" alt=\"\" width=\"801\" height=\"455\" srcset=\"https:\/\/interamerica.org\/wp-content\/uploads\/2020\/02\/delegates-backpack3-feb18-2020-b.jpg 1000w, https:\/\/interamerica.org\/wp-content\/uploads\/2020\/02\/delegates-backpack3-feb18-2020-b-300x170.jpg 300w, https:\/\/interamerica.org\/wp-content\/uploads\/2020\/02\/delegates-backpack3-feb18-2020-b-768x436.jpg 768w\" sizes=\"(max-width: 801px) 100vw, 801px\" \/><p id=\"caption-attachment-55679\" class=\"wp-caption-text\">Les d\u00e9l\u00e9gu\u00e9s du territoire de l\u2019Union Carib\u00e9enne prennent part au programme le 18 f\u00e9vrier 2020. [Photo : Libna Stevens \/ DIA]<\/p><\/div><br \/>\n\u00ab Chaque sabbat, les \u00e9glises pr\u00e9sentent un spot vid\u00e9o sp\u00e9cial pendant le service, mettant ainsi les projecteurs sur les activit\u00e9s et les programmes qui font partie du minist\u00e8re de d\u00e9veloppement du caract\u00e8re et de formation de disciples pour les enfants et les adolescents, \u00bb a dit Edith Ruiz. Les enfants re\u00e7oivent leurs le\u00e7ons sur l\u2019application sp\u00e9ciale et sont form\u00e9s pour diriger des petits groupes afin d\u2019atteindre leurs camarades dans leurs quartiers et communaut\u00e9s.<\/p>\n<p>Raquel Medina, responsable du minist\u00e8re des enfants et des adolescents pour l\u2019\u00e9glise dans l\u2019Est du Venezuela, a d\u00e9clar\u00e9 que l\u2019objectif pour cette ann\u00e9e est d\u2019atteindre plus de 10000 enfants \u00e0 travers les traits de formation du caract\u00e8re sur lesquels le Sac \u00e0 Dos qui Parle met l\u2019accent. Elle est s\u00fbre que des centaines de dirigeants dans les huit f\u00e9d\u00e9rations r\u00e9gionales redoubleront d\u2019efforts pour faire en sorte que davantage d\u2019enfants et d\u2019adolescents deviennent des disciples. Plus de 7500 personnes ont particip\u00e9 \u00e0 l\u2019initiative en 2018 et plus de 8500 en 2019. \u00ab Nous avons d\u00e9velopp\u00e9 le programme pour l\u2019utiliser non seulement dans nos \u00e9glises et \u00e9coles adventistes, mais de nombreux autres enseignants et leaders non adventistes nous ont demand\u00e9 de le mettre en \u0153uvre dans leurs \u00e9coles \u00e9galement, \u00bb a expliqu\u00e9 Raquel Medina.<\/p>\n<p><div id=\"attachment_55700\" style=\"width: 811px\" class=\"wp-caption aligncenter\"><img loading=\"lazy\" decoding=\"async\" aria-describedby=\"caption-attachment-55700\" class=\" wp-image-55699\" src=\"https:\/\/recursing-golick.147-182-135-0.plesk.page\/wp-content\/uploads\/2020\/02\/talking-backpack-2018.jpg\" alt=\"\" width=\"801\" height=\"534\" srcset=\"https:\/\/interamerica.org\/wp-content\/uploads\/2020\/02\/talking-backpack-2018.jpg 1000w, https:\/\/interamerica.org\/wp-content\/uploads\/2020\/02\/talking-backpack-2018-300x200.jpg 300w, https:\/\/interamerica.org\/wp-content\/uploads\/2020\/02\/talking-backpack-2018-768x512.jpg 768w\" sizes=\"(max-width: 801px) 100vw, 801px\" \/><p id=\"caption-attachment-55700\" class=\"wp-caption-text\">Exemplaire d\u2019un \u00ab Sac \u00e0 Dos qui Parle \u00bb d\u00e9cor\u00e9, montrant les trait de d\u00e9veloppement du caract\u00e8re enseign\u00e9s \u00e0 des milliers d\u2019enfants dans toute l\u2019Inter Am\u00e9rique en 2018. [Photo d&rsquo;archives: Libna Stevens\/DIA]<\/p><\/div>Raquel Medina a indiqu\u00e9 que l\u2019\u00e9dition de cette ann\u00e9e avait d\u00e9j\u00e0 \u00e9t\u00e9 lanc\u00e9e le 25 janvier, dans toutes les congr\u00e9gations adventistes de Caracas et des autres villes de l\u2019Union de l\u2019Est du Venezuela, avec un service de communion sp\u00e9cial intitul\u00e9 <em>Prenons le Souper avec J\u00e9sus<\/em>. \u00ab Tous nos dirigeants sont vraiment enthousiastes parce que le programme de cette ann\u00e9e continue d\u2019\u00eatre vraiment spirituel et a \u00e9galement une orientation missionnaire. C\u2019est \u00e0 la fois un d\u00e9fi et une b\u00e9n\u00e9diction pour nous de faire partie d\u2019une si grande \u0153uvre avec les enfants, \u00bb a dit Raquel Medina.<\/p>\n<p>Dinorah Rivera a exhort\u00e9 tous les dirigeants \u00e0 avoir le courage de faire avancer l\u2019initiative. \u00ab Peu importe o\u00f9 vous \u00eates, peu importe que vous ayez beaucoup ou peu, tout comme vous l\u2019avez vu dans le rapport de Raquel Medina du Venezuela ; faites de votre mieux pour les enfants et trouvez des moyens pour qu\u2019ils r\u00e9alisent comment ils seront b\u00e9nis lorsqu\u2019ils proclameront J\u00e9sus autour d\u2019eux, \u00bb a dit Dinorah Rivera, \u00ab sinon vous n\u2019aurez aucune excuse. \u00bb \u00ab \u2018Le Sac \u00e0 Dos qui Parle\u2019 consiste \u00e0 pr\u00e9parer les enfants \u00e0 d\u00e9fendre les valeurs et les principes qu\u2019un chr\u00e9tien devrait avoir, \u00e0 les aider \u00e0 faire en sorte de poss\u00e9der un caract\u00e8re comme celui de J\u00e9sus, \u00e0 leur apprendre \u00e0 avoir un esprit de service et de mission ainsi que faire partie de la mission de l\u2019\u00e9glise qui est d\u2019atteindre les autres pour le royaume de Dieu, \u00bb a d\u00e9clar\u00e9 Dinorah Rivera.<\/p>\n<p><div id=\"attachment_55682\" style=\"width: 811px\" class=\"wp-caption aligncenter\"><img loading=\"lazy\" decoding=\"async\" aria-describedby=\"caption-attachment-55682\" class=\" wp-image-55681\" src=\"https:\/\/recursing-golick.147-182-135-0.plesk.page\/wp-content\/uploads\/2020\/02\/raquel-medina-feb18-2020.jpg\" alt=\"\" width=\"801\" height=\"538\" srcset=\"https:\/\/interamerica.org\/wp-content\/uploads\/2020\/02\/raquel-medina-feb18-2020.jpg 1000w, https:\/\/interamerica.org\/wp-content\/uploads\/2020\/02\/raquel-medina-feb18-2020-300x202.jpg 300w, https:\/\/interamerica.org\/wp-content\/uploads\/2020\/02\/raquel-medina-feb18-2020-768x516.jpg 768w\" sizes=\"(max-width: 801px) 100vw, 801px\" \/><p id=\"caption-attachment-55682\" class=\"wp-caption-text\">Raquel Medina (\u00e0 droite), directrice des minist\u00e8res de l\u2019enfance et de l\u2019adolescence pour l\u2019Union de l\u2019Est du Venezuela, parle des programmes et des activit\u00e9s d\u00e9j\u00e0 lanc\u00e9s dans le cadre de la premi\u00e8re activit\u00e9 de l\u2019initiative du Sac \u00e0 Dos qui Parle sur son territoire. Edith Ruiz (\u00e0 gauche), directrice des minist\u00e8res des enfants et des adolescents pour le Sud-Est du Mexique, \u00e9coute apr\u00e8s qu\u2019elle ait pr\u00e9sent\u00e9 son rapport. Dinorah Rivera (2\u00e8me \u00e0 partir de la gauche) observe pendant qu\u2019Esmeralda Guzman (3\u00e8me \u00e0 partir de la gauche) traduit. [Photo : Libna Stevens \/ DIA]<\/p><\/div>La principale de l\u2019\u00e9cole Ace Academy dans le Sud de Miami, Lizzbeth Ixchu, qui est sp\u00e9cialis\u00e9e dans les strat\u00e9gies visant \u00e0 aider les parents \u00e0 am\u00e9liorer le comportement de leurs enfants en favorisant les attitudes convenables et en g\u00e9rant les mauvais comportements, a donn\u00e9 des outils pour aider la d\u00e9l\u00e9gation de responsables dans leur minist\u00e8re aupr\u00e8s des enfants et des adolescents. \u00ab Nous devons \u00eatre radicaux dans notre enseignement de ce que le Seigneur dit dans la Parole de Dieu, \u00bb a dit Lizzbeth Ixchu. \u00ab Le r\u00f4le de la relation parent-enseignant va changer, mais nous devons nous efforcer de poursuivre cette \u00e9ducation positive, en r\u00e9pondant aux besoins physiques, \u00e9motionnels et intellectuels des enfants, \u00bb a-t-elle ajout\u00e9. Lizzbeth Ixchu a \u00e9galement donn\u00e9 des outils pour s\u2019occuper des enfants ayant des besoins sp\u00e9ciaux.<\/p>\n<p>Le programme comprenait une intervention des enfants de l\u2019\u00e9glise adventiste hispanophone de Hollywood, en Floride.<\/p>\n<p><div id=\"attachment_55667\" style=\"width: 808px\" class=\"wp-caption aligncenter\"><img loading=\"lazy\" decoding=\"async\" aria-describedby=\"caption-attachment-55667\" class=\" wp-image-55666\" src=\"https:\/\/recursing-golick.147-182-135-0.plesk.page\/wp-content\/uploads\/2020\/02\/lizzbeth-ixchu-feb28-2020-1.jpg\" alt=\"\" width=\"798\" height=\"558\" srcset=\"https:\/\/interamerica.org\/wp-content\/uploads\/2020\/02\/lizzbeth-ixchu-feb28-2020-1.jpg 950w, https:\/\/interamerica.org\/wp-content\/uploads\/2020\/02\/lizzbeth-ixchu-feb28-2020-1-300x210.jpg 300w, https:\/\/interamerica.org\/wp-content\/uploads\/2020\/02\/lizzbeth-ixchu-feb28-2020-1-768x537.jpg 768w\" sizes=\"(max-width: 798px) 100vw, 798px\" \/><p id=\"caption-attachment-55667\" class=\"wp-caption-text\">Lizzbeth Ixchu de l\u2019\u00e9cole Ace Academy dans le Sud de Miami s\u2019adresse aux dizaines de responsables des minist\u00e8res aupr\u00e8s des enfants et des adolescents, au sujet des strat\u00e9gies qu\u2019ils peuvent utiliser pour am\u00e9liorer le comportement des enfants gr\u00e2ce \u00e0 une \u00e9ducation positive et des \u00e9l\u00e9ments de renforcement. [Photo : Libna Stevens \/ DIA]<\/p><\/div>Pour en savoir plus sur les minist\u00e8res des enfants et des adolescents en Inter Am\u00e9rique, cliquez <a href=\"https:\/\/recursing-golick.147-182-135-0.plesk.page\/department\/children-and-adolescents-ministries\/\">ICI<\/a><\/p>\n<p>Pour voir l\u2019int\u00e9gralit\u00e9 du programme du 18 f\u00e9vrier 2020, en ligne, cliquez <a href=\"https:\/\/www.youtube.com\/watch?v=pVJCHATGgGk&amp;list=PLJ9BBMAMiXj8hQCjW_EquWGAlQM45voOo&amp;index=1\">ICI<\/a><\/p>\n<p>Pour la galerie de photos, cliquez <a href=\"https:\/\/www.flickr.com\/photos\/interamerica\/albums\/72157713169021398\">ICI<\/a><\/p>\n<p>Traduction: Patrick Luciathe<\/p>\n","protected":false},"excerpt":{"rendered":"<p>23 F\u00e9vrier 2020 | Miami, Floride, \u00c9tats-Unis | Libna Stevens, Division Inter Am\u00e9ricaine Les responsables des minist\u00e8res des enfants et des adolescents venus de tout le territoire de l\u2019\u00c9glise adventiste&#8230;<\/p>\n","protected":false},"author":3,"featured_media":55664,"comment_status":"open","ping_status":"closed","sticky":false,"template":"","format":"standard","meta":{"_acf_changed":false,"footnotes":""},"categories":[20,19],"tags":[],"class_list":["post-55705","post","type-post","status-publish","format-standard","has-post-thumbnail","hentry","category-nouvelles-du-siege-de-la-division","category-rss-francais"],"acf":[],"yoast_head":"<!-- This site is optimized with the Yoast SEO plugin v27.3 - https:\/\/yoast.com\/product\/yoast-seo-wordpress\/ -->\n<title>Les Minist\u00e8res de l\u2019enfance et de l\u2019adolescence en Inter Am\u00e9rique pr\u00e9sentent la nouvelle \u00e9dition de l\u2019initiative \u00ab Le Sac \u00e0 Dos qui Parle \u00bb - \u00c9glise Adventiste Du Septieme Jour - Inter Am\u00e9rique Division<\/title>\n<meta name=\"robots\" content=\"index, follow, max-snippet:-1, max-image-preview:large, max-video-preview:-1\" \/>\n<link rel=\"canonical\" href=\"https:\/\/interamerica.org\/fr\/2020\/02\/les-ministeres-de-lenfance-et-de-ladolescence-en-inter-amerique-presentent-la-nouvelle-edition-de-linitiative-le-sac-a-dos-qui-parle\/\" \/>\n<meta property=\"og:locale\" content=\"fr_FR\" \/>\n<meta property=\"og:type\" content=\"article\" \/>\n<meta property=\"og:title\" content=\"Les Minist\u00e8res de l\u2019enfance et de l\u2019adolescence en Inter Am\u00e9rique pr\u00e9sentent la nouvelle \u00e9dition de l\u2019initiative \u00ab Le Sac \u00e0 Dos qui Parle \u00bb - \u00c9glise Adventiste Du Septieme Jour - Inter Am\u00e9rique Division\" \/>\n<meta property=\"og:description\" content=\"23 F\u00e9vrier 2020 | Miami, Floride, \u00c9tats-Unis | Libna Stevens, Division Inter Am\u00e9ricaine Les responsables des minist\u00e8res des enfants et des adolescents venus de tout le territoire de l\u2019\u00c9glise adventiste...\" \/>\n<meta property=\"og:url\" content=\"https:\/\/interamerica.org\/fr\/2020\/02\/les-ministeres-de-lenfance-et-de-ladolescence-en-inter-amerique-presentent-la-nouvelle-edition-de-linitiative-le-sac-a-dos-qui-parle\/\" \/>\n<meta property=\"og:site_name\" content=\"\u00c9glise Adventiste Du Septieme Jour - Inter Am\u00e9rique Division\" \/>\n<meta property=\"article:published_time\" content=\"2020-02-25T01:41:00+00:00\" \/>\n<meta property=\"article:modified_time\" content=\"2020-02-25T21:04:06+00:00\" \/>\n<meta property=\"og:image\" content=\"https:\/\/interamerica.org\/wp-content\/uploads\/2020\/02\/children-choir-feb18-2020.jpg\" \/>\n\t<meta property=\"og:image:width\" content=\"1280\" \/>\n\t<meta property=\"og:image:height\" content=\"800\" \/>\n\t<meta property=\"og:image:type\" content=\"image\/jpeg\" \/>\n<meta name=\"author\" content=\"libna\" \/>\n<meta name=\"twitter:card\" content=\"summary_large_image\" \/>\n<meta name=\"twitter:label1\" content=\"\u00c9crit par\" \/>\n\t<meta name=\"twitter:data1\" content=\"libna\" \/>\n\t<meta name=\"twitter:label2\" content=\"Dur\u00e9e de lecture estim\u00e9e\" \/>\n\t<meta name=\"twitter:data2\" content=\"10 minutes\" \/>\n<script type=\"application\/ld+json\" class=\"yoast-schema-graph\">{\"@context\":\"https:\\\/\\\/schema.org\",\"@graph\":[{\"@type\":\"Article\",\"@id\":\"https:\\\/\\\/interamerica.org\\\/fr\\\/2020\\\/02\\\/les-ministeres-de-lenfance-et-de-ladolescence-en-inter-amerique-presentent-la-nouvelle-edition-de-linitiative-le-sac-a-dos-qui-parle\\\/#article\",\"isPartOf\":{\"@id\":\"https:\\\/\\\/interamerica.org\\\/fr\\\/2020\\\/02\\\/les-ministeres-de-lenfance-et-de-ladolescence-en-inter-amerique-presentent-la-nouvelle-edition-de-linitiative-le-sac-a-dos-qui-parle\\\/\"},\"author\":{\"name\":\"libna\",\"@id\":\"https:\\\/\\\/interamerica.org\\\/fr\\\/#\\\/schema\\\/person\\\/29998f2bc2d8bd0d38662909289b54f1\"},\"headline\":\"Les Minist\u00e8res de l\u2019enfance et de l\u2019adolescence en Inter Am\u00e9rique pr\u00e9sentent la nouvelle \u00e9dition de l\u2019initiative \u00ab Le Sac \u00e0 Dos qui Parle \u00bb\",\"datePublished\":\"2020-02-25T01:41:00+00:00\",\"dateModified\":\"2020-02-25T21:04:06+00:00\",\"mainEntityOfPage\":{\"@id\":\"https:\\\/\\\/interamerica.org\\\/fr\\\/2020\\\/02\\\/les-ministeres-de-lenfance-et-de-ladolescence-en-inter-amerique-presentent-la-nouvelle-edition-de-linitiative-le-sac-a-dos-qui-parle\\\/\"},\"wordCount\":1966,\"commentCount\":0,\"image\":{\"@id\":\"https:\\\/\\\/interamerica.org\\\/fr\\\/2020\\\/02\\\/les-ministeres-de-lenfance-et-de-ladolescence-en-inter-amerique-presentent-la-nouvelle-edition-de-linitiative-le-sac-a-dos-qui-parle\\\/#primaryimage\"},\"thumbnailUrl\":\"https:\\\/\\\/interamerica.org\\\/wp-content\\\/uploads\\\/2020\\\/02\\\/children-choir-feb18-2020.jpg\",\"articleSection\":[\"Nouvelles du si\u00e8ge de la division\",\"RSS Fran\u00e7ais\"],\"inLanguage\":\"fr-FR\",\"potentialAction\":[{\"@type\":\"CommentAction\",\"name\":\"Comment\",\"target\":[\"https:\\\/\\\/interamerica.org\\\/fr\\\/2020\\\/02\\\/les-ministeres-de-lenfance-et-de-ladolescence-en-inter-amerique-presentent-la-nouvelle-edition-de-linitiative-le-sac-a-dos-qui-parle\\\/#respond\"]}]},{\"@type\":\"WebPage\",\"@id\":\"https:\\\/\\\/interamerica.org\\\/fr\\\/2020\\\/02\\\/les-ministeres-de-lenfance-et-de-ladolescence-en-inter-amerique-presentent-la-nouvelle-edition-de-linitiative-le-sac-a-dos-qui-parle\\\/\",\"url\":\"https:\\\/\\\/interamerica.org\\\/fr\\\/2020\\\/02\\\/les-ministeres-de-lenfance-et-de-ladolescence-en-inter-amerique-presentent-la-nouvelle-edition-de-linitiative-le-sac-a-dos-qui-parle\\\/\",\"name\":\"Les Minist\u00e8res de l\u2019enfance et de l\u2019adolescence en Inter Am\u00e9rique pr\u00e9sentent la nouvelle \u00e9dition de l\u2019initiative \u00ab Le Sac \u00e0 Dos qui Parle \u00bb - \u00c9glise Adventiste Du Septieme Jour - Inter Am\u00e9rique Division\",\"isPartOf\":{\"@id\":\"https:\\\/\\\/interamerica.org\\\/fr\\\/#website\"},\"primaryImageOfPage\":{\"@id\":\"https:\\\/\\\/interamerica.org\\\/fr\\\/2020\\\/02\\\/les-ministeres-de-lenfance-et-de-ladolescence-en-inter-amerique-presentent-la-nouvelle-edition-de-linitiative-le-sac-a-dos-qui-parle\\\/#primaryimage\"},\"image\":{\"@id\":\"https:\\\/\\\/interamerica.org\\\/fr\\\/2020\\\/02\\\/les-ministeres-de-lenfance-et-de-ladolescence-en-inter-amerique-presentent-la-nouvelle-edition-de-linitiative-le-sac-a-dos-qui-parle\\\/#primaryimage\"},\"thumbnailUrl\":\"https:\\\/\\\/interamerica.org\\\/wp-content\\\/uploads\\\/2020\\\/02\\\/children-choir-feb18-2020.jpg\",\"datePublished\":\"2020-02-25T01:41:00+00:00\",\"dateModified\":\"2020-02-25T21:04:06+00:00\",\"author\":{\"@id\":\"https:\\\/\\\/interamerica.org\\\/fr\\\/#\\\/schema\\\/person\\\/29998f2bc2d8bd0d38662909289b54f1\"},\"breadcrumb\":{\"@id\":\"https:\\\/\\\/interamerica.org\\\/fr\\\/2020\\\/02\\\/les-ministeres-de-lenfance-et-de-ladolescence-en-inter-amerique-presentent-la-nouvelle-edition-de-linitiative-le-sac-a-dos-qui-parle\\\/#breadcrumb\"},\"inLanguage\":\"fr-FR\",\"potentialAction\":[{\"@type\":\"ReadAction\",\"target\":[\"https:\\\/\\\/interamerica.org\\\/fr\\\/2020\\\/02\\\/les-ministeres-de-lenfance-et-de-ladolescence-en-inter-amerique-presentent-la-nouvelle-edition-de-linitiative-le-sac-a-dos-qui-parle\\\/\"]}]},{\"@type\":\"ImageObject\",\"inLanguage\":\"fr-FR\",\"@id\":\"https:\\\/\\\/interamerica.org\\\/fr\\\/2020\\\/02\\\/les-ministeres-de-lenfance-et-de-ladolescence-en-inter-amerique-presentent-la-nouvelle-edition-de-linitiative-le-sac-a-dos-qui-parle\\\/#primaryimage\",\"url\":\"https:\\\/\\\/interamerica.org\\\/wp-content\\\/uploads\\\/2020\\\/02\\\/children-choir-feb18-2020.jpg\",\"contentUrl\":\"https:\\\/\\\/interamerica.org\\\/wp-content\\\/uploads\\\/2020\\\/02\\\/children-choir-feb18-2020.jpg\",\"width\":1280,\"height\":800,\"caption\":\"[Photo: Libna Stevens\\\/DIA]\"},{\"@type\":\"BreadcrumbList\",\"@id\":\"https:\\\/\\\/interamerica.org\\\/fr\\\/2020\\\/02\\\/les-ministeres-de-lenfance-et-de-ladolescence-en-inter-amerique-presentent-la-nouvelle-edition-de-linitiative-le-sac-a-dos-qui-parle\\\/#breadcrumb\",\"itemListElement\":[{\"@type\":\"ListItem\",\"position\":1,\"name\":\"Home\",\"item\":\"https:\\\/\\\/interamerica.org\\\/fr\\\/\"},{\"@type\":\"ListItem\",\"position\":2,\"name\":\"Les Minist\u00e8res de l\u2019enfance et de l\u2019adolescence en Inter Am\u00e9rique pr\u00e9sentent la nouvelle \u00e9dition de l\u2019initiative \u00ab Le Sac \u00e0 Dos qui Parle \u00bb\"}]},{\"@type\":\"WebSite\",\"@id\":\"https:\\\/\\\/interamerica.org\\\/fr\\\/#website\",\"url\":\"https:\\\/\\\/interamerica.org\\\/fr\\\/\",\"name\":\"\u00c9glise Adventiste Du Septieme Jour - Inter Am\u00e9rique Division\",\"description\":\"\",\"potentialAction\":[{\"@type\":\"SearchAction\",\"target\":{\"@type\":\"EntryPoint\",\"urlTemplate\":\"https:\\\/\\\/interamerica.org\\\/fr\\\/?s={search_term_string}\"},\"query-input\":{\"@type\":\"PropertyValueSpecification\",\"valueRequired\":true,\"valueName\":\"search_term_string\"}}],\"inLanguage\":\"fr-FR\"},{\"@type\":\"Person\",\"@id\":\"https:\\\/\\\/interamerica.org\\\/fr\\\/#\\\/schema\\\/person\\\/29998f2bc2d8bd0d38662909289b54f1\",\"name\":\"libna\",\"image\":{\"@type\":\"ImageObject\",\"inLanguage\":\"fr-FR\",\"@id\":\"https:\\\/\\\/secure.gravatar.com\\\/avatar\\\/7c5bd30ae4b47a9ba3c856590957fd1d96dc588bf3ac05719d247e126840331f?s=96&d=mm&r=g\",\"url\":\"https:\\\/\\\/secure.gravatar.com\\\/avatar\\\/7c5bd30ae4b47a9ba3c856590957fd1d96dc588bf3ac05719d247e126840331f?s=96&d=mm&r=g\",\"contentUrl\":\"https:\\\/\\\/secure.gravatar.com\\\/avatar\\\/7c5bd30ae4b47a9ba3c856590957fd1d96dc588bf3ac05719d247e126840331f?s=96&d=mm&r=g\",\"caption\":\"libna\"}}]}<\/script>\n<!-- \/ Yoast SEO plugin. -->","yoast_head_json":{"title":"Les Minist\u00e8res de l\u2019enfance et de l\u2019adolescence en Inter Am\u00e9rique pr\u00e9sentent la nouvelle \u00e9dition de l\u2019initiative \u00ab Le Sac \u00e0 Dos qui Parle \u00bb - \u00c9glise Adventiste Du Septieme Jour - Inter Am\u00e9rique Division","robots":{"index":"index","follow":"follow","max-snippet":"max-snippet:-1","max-image-preview":"max-image-preview:large","max-video-preview":"max-video-preview:-1"},"canonical":"https:\/\/interamerica.org\/fr\/2020\/02\/les-ministeres-de-lenfance-et-de-ladolescence-en-inter-amerique-presentent-la-nouvelle-edition-de-linitiative-le-sac-a-dos-qui-parle\/","og_locale":"fr_FR","og_type":"article","og_title":"Les Minist\u00e8res de l\u2019enfance et de l\u2019adolescence en Inter Am\u00e9rique pr\u00e9sentent la nouvelle \u00e9dition de l\u2019initiative \u00ab Le Sac \u00e0 Dos qui Parle \u00bb - \u00c9glise Adventiste Du Septieme Jour - Inter Am\u00e9rique Division","og_description":"23 F\u00e9vrier 2020 | Miami, Floride, \u00c9tats-Unis | Libna Stevens, Division Inter Am\u00e9ricaine Les responsables des minist\u00e8res des enfants et des adolescents venus de tout le territoire de l\u2019\u00c9glise adventiste...","og_url":"https:\/\/interamerica.org\/fr\/2020\/02\/les-ministeres-de-lenfance-et-de-ladolescence-en-inter-amerique-presentent-la-nouvelle-edition-de-linitiative-le-sac-a-dos-qui-parle\/","og_site_name":"\u00c9glise Adventiste Du Septieme Jour - Inter Am\u00e9rique Division","article_published_time":"2020-02-25T01:41:00+00:00","article_modified_time":"2020-02-25T21:04:06+00:00","og_image":[{"width":1280,"height":800,"url":"https:\/\/interamerica.org\/wp-content\/uploads\/2020\/02\/children-choir-feb18-2020.jpg","type":"image\/jpeg"}],"author":"libna","twitter_card":"summary_large_image","twitter_misc":{"\u00c9crit par":"libna","Dur\u00e9e de lecture estim\u00e9e":"10 minutes"},"schema":{"@context":"https:\/\/schema.org","@graph":[{"@type":"Article","@id":"https:\/\/interamerica.org\/fr\/2020\/02\/les-ministeres-de-lenfance-et-de-ladolescence-en-inter-amerique-presentent-la-nouvelle-edition-de-linitiative-le-sac-a-dos-qui-parle\/#article","isPartOf":{"@id":"https:\/\/interamerica.org\/fr\/2020\/02\/les-ministeres-de-lenfance-et-de-ladolescence-en-inter-amerique-presentent-la-nouvelle-edition-de-linitiative-le-sac-a-dos-qui-parle\/"},"author":{"name":"libna","@id":"https:\/\/interamerica.org\/fr\/#\/schema\/person\/29998f2bc2d8bd0d38662909289b54f1"},"headline":"Les Minist\u00e8res de l\u2019enfance et de l\u2019adolescence en Inter Am\u00e9rique pr\u00e9sentent la nouvelle \u00e9dition de l\u2019initiative \u00ab Le Sac \u00e0 Dos qui Parle \u00bb","datePublished":"2020-02-25T01:41:00+00:00","dateModified":"2020-02-25T21:04:06+00:00","mainEntityOfPage":{"@id":"https:\/\/interamerica.org\/fr\/2020\/02\/les-ministeres-de-lenfance-et-de-ladolescence-en-inter-amerique-presentent-la-nouvelle-edition-de-linitiative-le-sac-a-dos-qui-parle\/"},"wordCount":1966,"commentCount":0,"image":{"@id":"https:\/\/interamerica.org\/fr\/2020\/02\/les-ministeres-de-lenfance-et-de-ladolescence-en-inter-amerique-presentent-la-nouvelle-edition-de-linitiative-le-sac-a-dos-qui-parle\/#primaryimage"},"thumbnailUrl":"https:\/\/interamerica.org\/wp-content\/uploads\/2020\/02\/children-choir-feb18-2020.jpg","articleSection":["Nouvelles du si\u00e8ge de la division","RSS Fran\u00e7ais"],"inLanguage":"fr-FR","potentialAction":[{"@type":"CommentAction","name":"Comment","target":["https:\/\/interamerica.org\/fr\/2020\/02\/les-ministeres-de-lenfance-et-de-ladolescence-en-inter-amerique-presentent-la-nouvelle-edition-de-linitiative-le-sac-a-dos-qui-parle\/#respond"]}]},{"@type":"WebPage","@id":"https:\/\/interamerica.org\/fr\/2020\/02\/les-ministeres-de-lenfance-et-de-ladolescence-en-inter-amerique-presentent-la-nouvelle-edition-de-linitiative-le-sac-a-dos-qui-parle\/","url":"https:\/\/interamerica.org\/fr\/2020\/02\/les-ministeres-de-lenfance-et-de-ladolescence-en-inter-amerique-presentent-la-nouvelle-edition-de-linitiative-le-sac-a-dos-qui-parle\/","name":"Les Minist\u00e8res de l\u2019enfance et de l\u2019adolescence en Inter Am\u00e9rique pr\u00e9sentent la nouvelle \u00e9dition de l\u2019initiative \u00ab Le Sac \u00e0 Dos qui Parle \u00bb - \u00c9glise Adventiste Du Septieme Jour - Inter Am\u00e9rique Division","isPartOf":{"@id":"https:\/\/interamerica.org\/fr\/#website"},"primaryImageOfPage":{"@id":"https:\/\/interamerica.org\/fr\/2020\/02\/les-ministeres-de-lenfance-et-de-ladolescence-en-inter-amerique-presentent-la-nouvelle-edition-de-linitiative-le-sac-a-dos-qui-parle\/#primaryimage"},"image":{"@id":"https:\/\/interamerica.org\/fr\/2020\/02\/les-ministeres-de-lenfance-et-de-ladolescence-en-inter-amerique-presentent-la-nouvelle-edition-de-linitiative-le-sac-a-dos-qui-parle\/#primaryimage"},"thumbnailUrl":"https:\/\/interamerica.org\/wp-content\/uploads\/2020\/02\/children-choir-feb18-2020.jpg","datePublished":"2020-02-25T01:41:00+00:00","dateModified":"2020-02-25T21:04:06+00:00","author":{"@id":"https:\/\/interamerica.org\/fr\/#\/schema\/person\/29998f2bc2d8bd0d38662909289b54f1"},"breadcrumb":{"@id":"https:\/\/interamerica.org\/fr\/2020\/02\/les-ministeres-de-lenfance-et-de-ladolescence-en-inter-amerique-presentent-la-nouvelle-edition-de-linitiative-le-sac-a-dos-qui-parle\/#breadcrumb"},"inLanguage":"fr-FR","potentialAction":[{"@type":"ReadAction","target":["https:\/\/interamerica.org\/fr\/2020\/02\/les-ministeres-de-lenfance-et-de-ladolescence-en-inter-amerique-presentent-la-nouvelle-edition-de-linitiative-le-sac-a-dos-qui-parle\/"]}]},{"@type":"ImageObject","inLanguage":"fr-FR","@id":"https:\/\/interamerica.org\/fr\/2020\/02\/les-ministeres-de-lenfance-et-de-ladolescence-en-inter-amerique-presentent-la-nouvelle-edition-de-linitiative-le-sac-a-dos-qui-parle\/#primaryimage","url":"https:\/\/interamerica.org\/wp-content\/uploads\/2020\/02\/children-choir-feb18-2020.jpg","contentUrl":"https:\/\/interamerica.org\/wp-content\/uploads\/2020\/02\/children-choir-feb18-2020.jpg","width":1280,"height":800,"caption":"[Photo: Libna Stevens\/DIA]"},{"@type":"BreadcrumbList","@id":"https:\/\/interamerica.org\/fr\/2020\/02\/les-ministeres-de-lenfance-et-de-ladolescence-en-inter-amerique-presentent-la-nouvelle-edition-de-linitiative-le-sac-a-dos-qui-parle\/#breadcrumb","itemListElement":[{"@type":"ListItem","position":1,"name":"Home","item":"https:\/\/interamerica.org\/fr\/"},{"@type":"ListItem","position":2,"name":"Les Minist\u00e8res de l\u2019enfance et de l\u2019adolescence en Inter Am\u00e9rique pr\u00e9sentent la nouvelle \u00e9dition de l\u2019initiative \u00ab Le Sac \u00e0 Dos qui Parle \u00bb"}]},{"@type":"WebSite","@id":"https:\/\/interamerica.org\/fr\/#website","url":"https:\/\/interamerica.org\/fr\/","name":"\u00c9glise Adventiste Du Septieme Jour - Inter Am\u00e9rique Division","description":"","potentialAction":[{"@type":"SearchAction","target":{"@type":"EntryPoint","urlTemplate":"https:\/\/interamerica.org\/fr\/?s={search_term_string}"},"query-input":{"@type":"PropertyValueSpecification","valueRequired":true,"valueName":"search_term_string"}}],"inLanguage":"fr-FR"},{"@type":"Person","@id":"https:\/\/interamerica.org\/fr\/#\/schema\/person\/29998f2bc2d8bd0d38662909289b54f1","name":"libna","image":{"@type":"ImageObject","inLanguage":"fr-FR","@id":"https:\/\/secure.gravatar.com\/avatar\/7c5bd30ae4b47a9ba3c856590957fd1d96dc588bf3ac05719d247e126840331f?s=96&d=mm&r=g","url":"https:\/\/secure.gravatar.com\/avatar\/7c5bd30ae4b47a9ba3c856590957fd1d96dc588bf3ac05719d247e126840331f?s=96&d=mm&r=g","contentUrl":"https:\/\/secure.gravatar.com\/avatar\/7c5bd30ae4b47a9ba3c856590957fd1d96dc588bf3ac05719d247e126840331f?s=96&d=mm&r=g","caption":"libna"}}]}},"_links":{"self":[{"href":"https:\/\/interamerica.org\/fr\/wp-json\/wp\/v2\/posts\/55705","targetHints":{"allow":["GET"]}}],"collection":[{"href":"https:\/\/interamerica.org\/fr\/wp-json\/wp\/v2\/posts"}],"about":[{"href":"https:\/\/interamerica.org\/fr\/wp-json\/wp\/v2\/types\/post"}],"author":[{"embeddable":true,"href":"https:\/\/interamerica.org\/fr\/wp-json\/wp\/v2\/users\/3"}],"replies":[{"embeddable":true,"href":"https:\/\/interamerica.org\/fr\/wp-json\/wp\/v2\/comments?post=55705"}],"version-history":[{"count":0,"href":"https:\/\/interamerica.org\/fr\/wp-json\/wp\/v2\/posts\/55705\/revisions"}],"wp:featuredmedia":[{"embeddable":true,"href":"https:\/\/interamerica.org\/fr\/wp-json\/wp\/v2\/media\/55664"}],"wp:attachment":[{"href":"https:\/\/interamerica.org\/fr\/wp-json\/wp\/v2\/media?parent=55705"}],"wp:term":[{"taxonomy":"category","embeddable":true,"href":"https:\/\/interamerica.org\/fr\/wp-json\/wp\/v2\/categories?post=55705"},{"taxonomy":"post_tag","embeddable":true,"href":"https:\/\/interamerica.org\/fr\/wp-json\/wp\/v2\/tags?post=55705"}],"curies":[{"name":"wp","href":"https:\/\/api.w.org\/{rel}","templated":true}]}}