{"id":55782,"date":"2020-02-25T23:34:03","date_gmt":"2020-02-26T03:34:03","guid":{"rendered":"https:\/\/recursing-golick.147-182-135-0.plesk.page\/?p=55782"},"modified":"2020-02-26T22:08:34","modified_gmt":"2020-02-27T02:08:34","slug":"linter-amerique-honore-des-dirigeants-lors-de-la-celebration-du-25eme-anniversaire-du-ministere-aupres-des-enfants","status":"publish","type":"post","link":"https:\/\/interamerica.org\/fr\/2020\/02\/linter-amerique-honore-des-dirigeants-lors-de-la-celebration-du-25eme-anniversaire-du-ministere-aupres-des-enfants\/","title":{"rendered":"L\u2019Inter Am\u00e9rique honore des dirigeants lors de la c\u00e9l\u00e9bration du 25\u00e8me anniversaire du minist\u00e8re aupr\u00e8s des enfants"},"content":{"rendered":"<p><div id=\"attachment_55755\" style=\"width: 812px\" class=\"wp-caption aligncenter\"><img fetchpriority=\"high\" decoding=\"async\" aria-describedby=\"caption-attachment-55755\" class=\" wp-image-55754\" src=\"https:\/\/recursing-golick.147-182-135-0.plesk.page\/wp-content\/uploads\/2020\/02\/westchester-childrens-choir-cam-gala.jpg\" alt=\"\" width=\"802\" height=\"535\" srcset=\"https:\/\/interamerica.org\/wp-content\/uploads\/2020\/02\/westchester-childrens-choir-cam-gala.jpg 1000w, https:\/\/interamerica.org\/wp-content\/uploads\/2020\/02\/westchester-childrens-choir-cam-gala-300x200.jpg 300w, https:\/\/interamerica.org\/wp-content\/uploads\/2020\/02\/westchester-childrens-choir-cam-gala-768x512.jpg 768w\" sizes=\"(max-width: 802px) 100vw, 802px\" \/><p id=\"caption-attachment-55755\" class=\"wp-caption-text\">Une partie de la chorale d\u2019enfants de l\u2019\u00e9glise adventiste hispanophone de Westchester \u00e0 Miami, chante lors de la c\u00e9r\u00e9monie sp\u00e9ciale c\u00e9l\u00e9brant le travail de dizaines de responsables des minist\u00e8res des enfants et des adolescents venus de toute l\u2019Inter Am\u00e9rique, le 19 f\u00e9vrier 2020. Le programme sp\u00e9cial a eu lieu cette ann\u00e9e durant laquelle l\u2019\u00c9glise adventiste mondiale c\u00e9l\u00e8bre le 25\u00e8me anniversaire de la cr\u00e9ation officielle de ce minist\u00e8re. [Photo : Libna Stevens \/ DIA]<\/p><\/div>25 F\u00e9vrier 2020 | Miami, Floride, \u00c9tats-Unis | Libna Stevens, Division Inter Am\u00e9ricaine<\/p>\n<p>Les dirigeants adventistes du septi\u00e8me jour ont honor\u00e9 le travail des responsables des minist\u00e8res des enfants et des adolescents de toute la Division Inter Am\u00e9ricaine (DIA) lors d\u2019une c\u00e9l\u00e9bration sp\u00e9ciale qui a eu lieu le 19 f\u00e9vrier 2020, en comm\u00e9moration du 25\u00e8me anniversaire de la cr\u00e9ation officielle de ce minist\u00e8re par l\u2019\u00e9glise adventiste mondiale.<\/p>\n<p>\u00ab Cela a \u00e9t\u00e9 un long p\u00e9riple, peut-\u00eatre parfois un peu cahoteux, mais Dieu a pris soin de ce minist\u00e8re, et \u00e0 travers vous tous, ce minist\u00e8re a \u00e9t\u00e9 enrichi, \u00bb a d\u00e9clar\u00e9 Dinorah Rivera, directrice des minist\u00e8res des enfants et des adolescents pour l\u2019\u00c9glise adventiste en Inter Am\u00e9rique.<\/p>\n<p>Dinorah Rivera n\u2019a mentionn\u00e9 que quelques-unes des 25 raisons importantes pr\u00e9sent\u00e9es au cours du programme sur l\u2019impact qu\u2019a eu le minist\u00e8re au fil des ann\u00e9es. \u00ab L\u2019une des raisons d\u2019\u00eatre du minist\u00e8re aupr\u00e8s des enfants est de montrer l\u2019amour de J\u00e9sus aux autres, en particulier aux enfants et aux adolescents, \u00bb a d\u00e9clar\u00e9 Dinorah Rivera. \u00ab Une autre raison est d\u2019\u00eatre attentif \u00e0 leur croissance spirituelle, de les diriger vers les \u00c9critures, de les aider \u00e0 vivre une vie chr\u00e9tienne positive. \u00bb<\/p>\n<p><div id=\"attachment_55758\" style=\"width: 811px\" class=\"wp-caption aligncenter\"><img decoding=\"async\" aria-describedby=\"caption-attachment-55758\" class=\" wp-image-55757\" src=\"https:\/\/recursing-golick.147-182-135-0.plesk.page\/wp-content\/uploads\/2020\/02\/cam-gala-elie-henry.jpg\" alt=\"\" width=\"801\" height=\"534\" srcset=\"https:\/\/interamerica.org\/wp-content\/uploads\/2020\/02\/cam-gala-elie-henry.jpg 1000w, https:\/\/interamerica.org\/wp-content\/uploads\/2020\/02\/cam-gala-elie-henry-300x200.jpg 300w, https:\/\/interamerica.org\/wp-content\/uploads\/2020\/02\/cam-gala-elie-henry-768x512.jpg 768w\" sizes=\"(max-width: 801px) 100vw, 801px\" \/><p id=\"caption-attachment-55758\" class=\"wp-caption-text\">A l\u2019occasion d\u2019un banquet sp\u00e9cial lors d\u2019un gala, pasteur Elie Henry, pr\u00e9sident de la DIA, remercie les dirigeants pour leur passion et leur engagement \u00e0 enseigner aux enfants et aux adolescents \u00e0 \u00eatre comme J\u00e9sus et \u00e0 partager son amour. [Photo : Libna Stevens \/ DIA]]<\/p><\/div>Dinorah Rivera a d\u00e9clar\u00e9 que la c\u00e9l\u00e9bration visait \u00e0 r\u00e9affirmer dans chacun des nombreux responsables des minist\u00e8res des enfants et des adolescents, le d\u00e9vouement et la passion n\u00e9cessaires pour servir en guidant les enfants vers J\u00e9sus.<\/p>\n<p>Le pr\u00e9sident de la DIA, le pasteur Elie Henry, a remerci\u00e9 tous les dirigeants de faire une diff\u00e9rence dans la vie de tant d\u2019enfants et d\u2019adolescents \u00e0 travers le territoire. \u00ab Quand nous parlons de former des enfants, ce que nous disons en fait, c\u2019est que nous devons les aider \u00e0 avoir une meilleure relation avec Christ, ainsi donc, quand ils jouent avec leurs amis dans leurs communaut\u00e9s, ils peuvent dire : J\u00e9sus est mon ami, \u00bb a d\u00e9clar\u00e9 pasteur Henry.<\/p>\n<p>Linda Koh, directrice du minist\u00e8re des enfants pour l\u2019\u00c9glise adventiste mondiale, a \u00e9t\u00e9 honor\u00e9e de mani\u00e8re sp\u00e9ciale pour son leadership en Inter Am\u00e9rique pendant plus de 10 ans.<\/p>\n<p><div id=\"attachment_55740\" style=\"width: 810px\" class=\"wp-caption aligncenter\"><img decoding=\"async\" aria-describedby=\"caption-attachment-55740\" class=\" wp-image-55739\" src=\"https:\/\/recursing-golick.147-182-135-0.plesk.page\/wp-content\/uploads\/2020\/02\/childrenministries-gala-feb19-2020-1024x640.jpg\" alt=\"\" width=\"800\" height=\"500\" srcset=\"https:\/\/interamerica.org\/wp-content\/uploads\/2020\/02\/childrenministries-gala-feb19-2020-1024x640.jpg 1024w, https:\/\/interamerica.org\/wp-content\/uploads\/2020\/02\/childrenministries-gala-feb19-2020-300x188.jpg 300w, https:\/\/interamerica.org\/wp-content\/uploads\/2020\/02\/childrenministries-gala-feb19-2020-768x480.jpg 768w, https:\/\/interamerica.org\/wp-content\/uploads\/2020\/02\/childrenministries-gala-feb19-2020.jpg 1280w\" sizes=\"(max-width: 800px) 100vw, 800px\" \/><p id=\"caption-attachment-55740\" class=\"wp-caption-text\">Linda Koh, directrice des minist\u00e8res aupr\u00e8s des enfants pour l\u2019\u00c9glise adventiste mondiale, remercie Dinorah Rivera et les administrateurs de la DIA pour leurs aimables paroles et le pr\u00e9sent d\u2019art photobashing qui lui a \u00e9t\u00e9 remis lors du banquet de gala \u00e0 Miami, en Floride, le 19 f\u00e9vrier 2020. [Photo : Libna Stevens \/ DIA]<\/p><\/div><br \/>\n\u00ab En Inter-Am\u00e9rique, nous aimons honorer ceux qui nous sont proches et nous l\u2019exprimons avec quelque chose dont vous vous souvenez lorsque vous le ramenez \u00e0 la maison, \u00bb a dit pasteur Henry, alors qu\u2019un tableau en photobashing \u00e9tait d\u00e9voil\u00e9 et montrait Linda Koh entour\u00e9e de deux anges et d\u2019enfants repr\u00e9sentant diff\u00e9rentes nationalit\u00e9s devant J\u00e9sus embrassant un enfant. Le photobashing est une technique o\u00f9 les artistes fusionnent et m\u00e9langent des photographies ou des images 3D tout en les peignant et en en faisant une combinaison d\u00e9bouchant sur une pi\u00e8ce finie unique.<\/p>\n<p>\u00ab C\u2019est en effet un honneur de recevoir un tel pr\u00e9sent, \u00bb a d\u00e9clar\u00e9 Linda Koh. \u00ab Merci \u00e0 Dinorah et \u00e0 tous les directeurs avec qui j\u2019ai travaill\u00e9 ces dix derni\u00e8res ann\u00e9es. \u00bb Elle a remerci\u00e9 les administrateurs de la DIA pour leur soutien apport\u00e9 \u00e0 ce minist\u00e8re dans toute l\u2019Inter Am\u00e9rique.<\/p>\n<p>Les responsables des minist\u00e8res de l\u2019enfance et de l\u2019adolescence ont \u00e9galement \u00e9t\u00e9 honor\u00e9s par chacune des unions de l\u2019Inter Am\u00e9rique pour leur d\u00e9vouement et leur engagement \u00e0 servir pendant des d\u00e9cennies dans leurs pays respectifs.<\/p>\n<p><div id=\"attachment_55743\" style=\"width: 811px\" class=\"wp-caption aligncenter\"><img loading=\"lazy\" decoding=\"async\" aria-describedby=\"caption-attachment-55743\" class=\" wp-image-55742\" src=\"https:\/\/recursing-golick.147-182-135-0.plesk.page\/wp-content\/uploads\/2020\/02\/cam-leaders-honored-gala-1024x640.jpg\" alt=\"\" width=\"801\" height=\"501\" srcset=\"https:\/\/interamerica.org\/wp-content\/uploads\/2020\/02\/cam-leaders-honored-gala-1024x640.jpg 1024w, https:\/\/interamerica.org\/wp-content\/uploads\/2020\/02\/cam-leaders-honored-gala-300x188.jpg 300w, https:\/\/interamerica.org\/wp-content\/uploads\/2020\/02\/cam-leaders-honored-gala-768x480.jpg 768w, https:\/\/interamerica.org\/wp-content\/uploads\/2020\/02\/cam-leaders-honored-gala.jpg 1280w\" sizes=\"(max-width: 801px) 100vw, 801px\" \/><p id=\"caption-attachment-55743\" class=\"wp-caption-text\">Yolanda Fern\u00e1ndez de l\u2019Union Mexicaine Inter Oc\u00e9anique pose pour une photo avec son \u00e9charpe sp\u00e9ciale alors qu\u2019elle est honor\u00e9e pour ses plus de 25 ann\u00e9es de service dans les minist\u00e8res de l\u2019enfance et de l\u2019adolescence dans son pays. [Photo : Libna Stevens \/ DIA]<\/p><\/div>Parmi ceux qui ont re\u00e7u une \u00e9charpe et une m\u00e9daille, il y avait Yolanda Fern\u00e1ndez de l\u2019Union Mexicaine Inter Oc\u00e9anique, qui a travaill\u00e9 ardemment pour les minist\u00e8res des enfants et des adolescents avant m\u00eame que le d\u00e9partement ne soit officiellement cr\u00e9\u00e9.<\/p>\n<p>Yolanda Fern\u00e1ndez, qui travaille au bureau de la mission de Tuxtla, a d\u00e9clar\u00e9 qu\u2019elle tenait \u00e0 r\u00e9pondre aux besoins physiques, \u00e9conomiques et psychologiques auxquels font face de nombreux enfants. \u00ab Il est important que nous nous efforcions d\u2019aider les enfants en r\u00e9pondant \u00e0 tous leurs besoins fondamentaux afin qu\u2019ils puissent mieux comprendre J\u00e9sus et son amour pour eux, \u00bb a dit Yolanda Fern\u00e1ndez. Elle a indiqu\u00e9 qu\u2019il y a environ 3000 enfants supervis\u00e9s par l\u2019\u00e9glise \u00e0 travers ses minist\u00e8res, l\u2019initiative du Sac \u00e0 Dos qui Parle, et les activit\u00e9s de l\u2019Exp\u00e9rience Biblique de Vacances chaque ann\u00e9e.<\/p>\n<p><div id=\"attachment_55752\" style=\"width: 816px\" class=\"wp-caption aligncenter\"><img loading=\"lazy\" decoding=\"async\" aria-describedby=\"caption-attachment-55752\" class=\" wp-image-55751\" src=\"https:\/\/recursing-golick.147-182-135-0.plesk.page\/wp-content\/uploads\/2020\/02\/audrey-filipetti-cam-gala.jpg\" alt=\"\" width=\"806\" height=\"537\" srcset=\"https:\/\/interamerica.org\/wp-content\/uploads\/2020\/02\/audrey-filipetti-cam-gala.jpg 1000w, https:\/\/interamerica.org\/wp-content\/uploads\/2020\/02\/audrey-filipetti-cam-gala-300x200.jpg 300w, https:\/\/interamerica.org\/wp-content\/uploads\/2020\/02\/audrey-filipetti-cam-gala-768x512.jpg 768w\" sizes=\"(max-width: 806px) 100vw, 806px\" \/><p id=\"caption-attachment-55752\" class=\"wp-caption-text\">Audrey Filipetti de Porto Rico a re\u00e7u une m\u00e9daille sp\u00e9ciale pour ses ann\u00e9es pass\u00e9es de mani\u00e8re infatigable \u00e0 la formation des enfants pr\u00e9dicateurs dans sa r\u00e9gion. Elle est entour\u00e9e de Janet Torres (\u00e0 gauche), des minist\u00e8res des enfants et des adolescents, et de Camille Ayala (\u00e0 droite), directrice des minist\u00e8res des femmes \u00e0 Porto Rico. [Photo : Libna Stevens \/ DIA]<\/p><\/div>Pour en savoir plus sur les minist\u00e8res aupr\u00e8s des enfants et des adolescents en Inter Am\u00e9rique, cliquez <a href=\"https:\/\/recursing-golick.147-182-135-0.plesk.page\/department\/children-and-adolescents-ministries\/\">ICI<\/a><\/p>\n<p>Pour voir la c\u00e9r\u00e9monie sp\u00e9ciale du 19 f\u00e9vrier 2020 en ligne, cliquez <a href=\"https:\/\/www.youtube.com\/watch?v=RLvXB_1DVa8&amp;list=PLJ9BBMAMiXj8hQCjW_EquWGAlQM45voOo&amp;index=4\">ICI<\/a><\/p>\n<p>Pour la galerie de photos, cliquez<a href=\"https:\/\/www.flickr.com\/photos\/interamerica\/albums\/72157713169021398\">ICI<\/a><\/p>\n<p>&nbsp;<\/p>\n<p>Traduction: Patrick Luciathe<\/p>\n","protected":false},"excerpt":{"rendered":"<p>25 F\u00e9vrier 2020 | Miami, Floride, \u00c9tats-Unis | Libna Stevens, Division Inter Am\u00e9ricaine Les dirigeants adventistes du septi\u00e8me jour ont honor\u00e9 le travail des responsables des minist\u00e8res des enfants et&#8230;<\/p>\n","protected":false},"author":3,"featured_media":55743,"comment_status":"open","ping_status":"closed","sticky":false,"template":"","format":"standard","meta":{"_acf_changed":false,"footnotes":""},"categories":[20,19],"tags":[],"class_list":["post-55782","post","type-post","status-publish","format-standard","has-post-thumbnail","hentry","category-nouvelles-du-siege-de-la-division","category-rss-francais"],"acf":[],"yoast_head":"<!-- This site is optimized with the Yoast SEO plugin v27.3 - https:\/\/yoast.com\/product\/yoast-seo-wordpress\/ -->\n<title>L\u2019Inter Am\u00e9rique honore des dirigeants lors de la c\u00e9l\u00e9bration du 25\u00e8me anniversaire du minist\u00e8re aupr\u00e8s des enfants - \u00c9glise Adventiste Du Septieme Jour - Inter Am\u00e9rique Division<\/title>\n<meta name=\"robots\" content=\"index, follow, max-snippet:-1, max-image-preview:large, max-video-preview:-1\" \/>\n<link rel=\"canonical\" href=\"https:\/\/interamerica.org\/fr\/2020\/02\/linter-amerique-honore-des-dirigeants-lors-de-la-celebration-du-25eme-anniversaire-du-ministere-aupres-des-enfants\/\" \/>\n<meta property=\"og:locale\" content=\"fr_FR\" \/>\n<meta property=\"og:type\" content=\"article\" \/>\n<meta property=\"og:title\" content=\"L\u2019Inter Am\u00e9rique honore des dirigeants lors de la c\u00e9l\u00e9bration du 25\u00e8me anniversaire du minist\u00e8re aupr\u00e8s des enfants - \u00c9glise Adventiste Du Septieme Jour - Inter Am\u00e9rique Division\" \/>\n<meta property=\"og:description\" content=\"25 F\u00e9vrier 2020 | Miami, Floride, \u00c9tats-Unis | Libna Stevens, Division Inter Am\u00e9ricaine Les dirigeants adventistes du septi\u00e8me jour ont honor\u00e9 le travail des responsables des minist\u00e8res des enfants et...\" \/>\n<meta property=\"og:url\" content=\"https:\/\/interamerica.org\/fr\/2020\/02\/linter-amerique-honore-des-dirigeants-lors-de-la-celebration-du-25eme-anniversaire-du-ministere-aupres-des-enfants\/\" \/>\n<meta property=\"og:site_name\" content=\"\u00c9glise Adventiste Du Septieme Jour - Inter Am\u00e9rique Division\" \/>\n<meta property=\"article:published_time\" content=\"2020-02-26T03:34:03+00:00\" \/>\n<meta property=\"article:modified_time\" content=\"2020-02-27T02:08:34+00:00\" \/>\n<meta property=\"og:image\" content=\"https:\/\/interamerica.org\/wp-content\/uploads\/2020\/02\/cam-leaders-honored-gala.jpg\" \/>\n\t<meta property=\"og:image:width\" content=\"1280\" \/>\n\t<meta property=\"og:image:height\" content=\"800\" \/>\n\t<meta property=\"og:image:type\" content=\"image\/jpeg\" \/>\n<meta name=\"author\" content=\"libna\" \/>\n<meta name=\"twitter:card\" content=\"summary_large_image\" \/>\n<meta name=\"twitter:label1\" content=\"\u00c9crit par\" \/>\n\t<meta name=\"twitter:data1\" content=\"libna\" \/>\n\t<meta name=\"twitter:label2\" content=\"Dur\u00e9e de lecture estim\u00e9e\" \/>\n\t<meta name=\"twitter:data2\" content=\"6 minutes\" \/>\n<script type=\"application\/ld+json\" class=\"yoast-schema-graph\">{\"@context\":\"https:\\\/\\\/schema.org\",\"@graph\":[{\"@type\":\"Article\",\"@id\":\"https:\\\/\\\/interamerica.org\\\/fr\\\/2020\\\/02\\\/linter-amerique-honore-des-dirigeants-lors-de-la-celebration-du-25eme-anniversaire-du-ministere-aupres-des-enfants\\\/#article\",\"isPartOf\":{\"@id\":\"https:\\\/\\\/interamerica.org\\\/fr\\\/2020\\\/02\\\/linter-amerique-honore-des-dirigeants-lors-de-la-celebration-du-25eme-anniversaire-du-ministere-aupres-des-enfants\\\/\"},\"author\":{\"name\":\"libna\",\"@id\":\"https:\\\/\\\/interamerica.org\\\/fr\\\/#\\\/schema\\\/person\\\/29998f2bc2d8bd0d38662909289b54f1\"},\"headline\":\"L\u2019Inter Am\u00e9rique honore des dirigeants lors de la c\u00e9l\u00e9bration du 25\u00e8me anniversaire du minist\u00e8re aupr\u00e8s des enfants\",\"datePublished\":\"2020-02-26T03:34:03+00:00\",\"dateModified\":\"2020-02-27T02:08:34+00:00\",\"mainEntityOfPage\":{\"@id\":\"https:\\\/\\\/interamerica.org\\\/fr\\\/2020\\\/02\\\/linter-amerique-honore-des-dirigeants-lors-de-la-celebration-du-25eme-anniversaire-du-ministere-aupres-des-enfants\\\/\"},\"wordCount\":1143,\"commentCount\":0,\"image\":{\"@id\":\"https:\\\/\\\/interamerica.org\\\/fr\\\/2020\\\/02\\\/linter-amerique-honore-des-dirigeants-lors-de-la-celebration-du-25eme-anniversaire-du-ministere-aupres-des-enfants\\\/#primaryimage\"},\"thumbnailUrl\":\"https:\\\/\\\/interamerica.org\\\/wp-content\\\/uploads\\\/2020\\\/02\\\/cam-leaders-honored-gala.jpg\",\"articleSection\":[\"Nouvelles du si\u00e8ge de la division\",\"RSS Fran\u00e7ais\"],\"inLanguage\":\"fr-FR\",\"potentialAction\":[{\"@type\":\"CommentAction\",\"name\":\"Comment\",\"target\":[\"https:\\\/\\\/interamerica.org\\\/fr\\\/2020\\\/02\\\/linter-amerique-honore-des-dirigeants-lors-de-la-celebration-du-25eme-anniversaire-du-ministere-aupres-des-enfants\\\/#respond\"]}]},{\"@type\":\"WebPage\",\"@id\":\"https:\\\/\\\/interamerica.org\\\/fr\\\/2020\\\/02\\\/linter-amerique-honore-des-dirigeants-lors-de-la-celebration-du-25eme-anniversaire-du-ministere-aupres-des-enfants\\\/\",\"url\":\"https:\\\/\\\/interamerica.org\\\/fr\\\/2020\\\/02\\\/linter-amerique-honore-des-dirigeants-lors-de-la-celebration-du-25eme-anniversaire-du-ministere-aupres-des-enfants\\\/\",\"name\":\"L\u2019Inter Am\u00e9rique honore des dirigeants lors de la c\u00e9l\u00e9bration du 25\u00e8me anniversaire du minist\u00e8re aupr\u00e8s des enfants - \u00c9glise Adventiste Du Septieme Jour - Inter Am\u00e9rique Division\",\"isPartOf\":{\"@id\":\"https:\\\/\\\/interamerica.org\\\/fr\\\/#website\"},\"primaryImageOfPage\":{\"@id\":\"https:\\\/\\\/interamerica.org\\\/fr\\\/2020\\\/02\\\/linter-amerique-honore-des-dirigeants-lors-de-la-celebration-du-25eme-anniversaire-du-ministere-aupres-des-enfants\\\/#primaryimage\"},\"image\":{\"@id\":\"https:\\\/\\\/interamerica.org\\\/fr\\\/2020\\\/02\\\/linter-amerique-honore-des-dirigeants-lors-de-la-celebration-du-25eme-anniversaire-du-ministere-aupres-des-enfants\\\/#primaryimage\"},\"thumbnailUrl\":\"https:\\\/\\\/interamerica.org\\\/wp-content\\\/uploads\\\/2020\\\/02\\\/cam-leaders-honored-gala.jpg\",\"datePublished\":\"2020-02-26T03:34:03+00:00\",\"dateModified\":\"2020-02-27T02:08:34+00:00\",\"author\":{\"@id\":\"https:\\\/\\\/interamerica.org\\\/fr\\\/#\\\/schema\\\/person\\\/29998f2bc2d8bd0d38662909289b54f1\"},\"breadcrumb\":{\"@id\":\"https:\\\/\\\/interamerica.org\\\/fr\\\/2020\\\/02\\\/linter-amerique-honore-des-dirigeants-lors-de-la-celebration-du-25eme-anniversaire-du-ministere-aupres-des-enfants\\\/#breadcrumb\"},\"inLanguage\":\"fr-FR\",\"potentialAction\":[{\"@type\":\"ReadAction\",\"target\":[\"https:\\\/\\\/interamerica.org\\\/fr\\\/2020\\\/02\\\/linter-amerique-honore-des-dirigeants-lors-de-la-celebration-du-25eme-anniversaire-du-ministere-aupres-des-enfants\\\/\"]}]},{\"@type\":\"ImageObject\",\"inLanguage\":\"fr-FR\",\"@id\":\"https:\\\/\\\/interamerica.org\\\/fr\\\/2020\\\/02\\\/linter-amerique-honore-des-dirigeants-lors-de-la-celebration-du-25eme-anniversaire-du-ministere-aupres-des-enfants\\\/#primaryimage\",\"url\":\"https:\\\/\\\/interamerica.org\\\/wp-content\\\/uploads\\\/2020\\\/02\\\/cam-leaders-honored-gala.jpg\",\"contentUrl\":\"https:\\\/\\\/interamerica.org\\\/wp-content\\\/uploads\\\/2020\\\/02\\\/cam-leaders-honored-gala.jpg\",\"width\":1280,\"height\":800,\"caption\":\"[Photo: Libna Stevens\\\/DIA]\"},{\"@type\":\"BreadcrumbList\",\"@id\":\"https:\\\/\\\/interamerica.org\\\/fr\\\/2020\\\/02\\\/linter-amerique-honore-des-dirigeants-lors-de-la-celebration-du-25eme-anniversaire-du-ministere-aupres-des-enfants\\\/#breadcrumb\",\"itemListElement\":[{\"@type\":\"ListItem\",\"position\":1,\"name\":\"Home\",\"item\":\"https:\\\/\\\/interamerica.org\\\/fr\\\/\"},{\"@type\":\"ListItem\",\"position\":2,\"name\":\"L\u2019Inter Am\u00e9rique honore des dirigeants lors de la c\u00e9l\u00e9bration du 25\u00e8me anniversaire du minist\u00e8re aupr\u00e8s des enfants\"}]},{\"@type\":\"WebSite\",\"@id\":\"https:\\\/\\\/interamerica.org\\\/fr\\\/#website\",\"url\":\"https:\\\/\\\/interamerica.org\\\/fr\\\/\",\"name\":\"\u00c9glise Adventiste Du Septieme Jour - Inter Am\u00e9rique Division\",\"description\":\"\",\"potentialAction\":[{\"@type\":\"SearchAction\",\"target\":{\"@type\":\"EntryPoint\",\"urlTemplate\":\"https:\\\/\\\/interamerica.org\\\/fr\\\/?s={search_term_string}\"},\"query-input\":{\"@type\":\"PropertyValueSpecification\",\"valueRequired\":true,\"valueName\":\"search_term_string\"}}],\"inLanguage\":\"fr-FR\"},{\"@type\":\"Person\",\"@id\":\"https:\\\/\\\/interamerica.org\\\/fr\\\/#\\\/schema\\\/person\\\/29998f2bc2d8bd0d38662909289b54f1\",\"name\":\"libna\",\"image\":{\"@type\":\"ImageObject\",\"inLanguage\":\"fr-FR\",\"@id\":\"https:\\\/\\\/secure.gravatar.com\\\/avatar\\\/7c5bd30ae4b47a9ba3c856590957fd1d96dc588bf3ac05719d247e126840331f?s=96&d=mm&r=g\",\"url\":\"https:\\\/\\\/secure.gravatar.com\\\/avatar\\\/7c5bd30ae4b47a9ba3c856590957fd1d96dc588bf3ac05719d247e126840331f?s=96&d=mm&r=g\",\"contentUrl\":\"https:\\\/\\\/secure.gravatar.com\\\/avatar\\\/7c5bd30ae4b47a9ba3c856590957fd1d96dc588bf3ac05719d247e126840331f?s=96&d=mm&r=g\",\"caption\":\"libna\"}}]}<\/script>\n<!-- \/ Yoast SEO plugin. -->","yoast_head_json":{"title":"L\u2019Inter Am\u00e9rique honore des dirigeants lors de la c\u00e9l\u00e9bration du 25\u00e8me anniversaire du minist\u00e8re aupr\u00e8s des enfants - \u00c9glise Adventiste Du Septieme Jour - Inter Am\u00e9rique Division","robots":{"index":"index","follow":"follow","max-snippet":"max-snippet:-1","max-image-preview":"max-image-preview:large","max-video-preview":"max-video-preview:-1"},"canonical":"https:\/\/interamerica.org\/fr\/2020\/02\/linter-amerique-honore-des-dirigeants-lors-de-la-celebration-du-25eme-anniversaire-du-ministere-aupres-des-enfants\/","og_locale":"fr_FR","og_type":"article","og_title":"L\u2019Inter Am\u00e9rique honore des dirigeants lors de la c\u00e9l\u00e9bration du 25\u00e8me anniversaire du minist\u00e8re aupr\u00e8s des enfants - \u00c9glise Adventiste Du Septieme Jour - Inter Am\u00e9rique Division","og_description":"25 F\u00e9vrier 2020 | Miami, Floride, \u00c9tats-Unis | Libna Stevens, Division Inter Am\u00e9ricaine Les dirigeants adventistes du septi\u00e8me jour ont honor\u00e9 le travail des responsables des minist\u00e8res des enfants et...","og_url":"https:\/\/interamerica.org\/fr\/2020\/02\/linter-amerique-honore-des-dirigeants-lors-de-la-celebration-du-25eme-anniversaire-du-ministere-aupres-des-enfants\/","og_site_name":"\u00c9glise Adventiste Du Septieme Jour - Inter Am\u00e9rique Division","article_published_time":"2020-02-26T03:34:03+00:00","article_modified_time":"2020-02-27T02:08:34+00:00","og_image":[{"width":1280,"height":800,"url":"https:\/\/interamerica.org\/wp-content\/uploads\/2020\/02\/cam-leaders-honored-gala.jpg","type":"image\/jpeg"}],"author":"libna","twitter_card":"summary_large_image","twitter_misc":{"\u00c9crit par":"libna","Dur\u00e9e de lecture estim\u00e9e":"6 minutes"},"schema":{"@context":"https:\/\/schema.org","@graph":[{"@type":"Article","@id":"https:\/\/interamerica.org\/fr\/2020\/02\/linter-amerique-honore-des-dirigeants-lors-de-la-celebration-du-25eme-anniversaire-du-ministere-aupres-des-enfants\/#article","isPartOf":{"@id":"https:\/\/interamerica.org\/fr\/2020\/02\/linter-amerique-honore-des-dirigeants-lors-de-la-celebration-du-25eme-anniversaire-du-ministere-aupres-des-enfants\/"},"author":{"name":"libna","@id":"https:\/\/interamerica.org\/fr\/#\/schema\/person\/29998f2bc2d8bd0d38662909289b54f1"},"headline":"L\u2019Inter Am\u00e9rique honore des dirigeants lors de la c\u00e9l\u00e9bration du 25\u00e8me anniversaire du minist\u00e8re aupr\u00e8s des enfants","datePublished":"2020-02-26T03:34:03+00:00","dateModified":"2020-02-27T02:08:34+00:00","mainEntityOfPage":{"@id":"https:\/\/interamerica.org\/fr\/2020\/02\/linter-amerique-honore-des-dirigeants-lors-de-la-celebration-du-25eme-anniversaire-du-ministere-aupres-des-enfants\/"},"wordCount":1143,"commentCount":0,"image":{"@id":"https:\/\/interamerica.org\/fr\/2020\/02\/linter-amerique-honore-des-dirigeants-lors-de-la-celebration-du-25eme-anniversaire-du-ministere-aupres-des-enfants\/#primaryimage"},"thumbnailUrl":"https:\/\/interamerica.org\/wp-content\/uploads\/2020\/02\/cam-leaders-honored-gala.jpg","articleSection":["Nouvelles du si\u00e8ge de la division","RSS Fran\u00e7ais"],"inLanguage":"fr-FR","potentialAction":[{"@type":"CommentAction","name":"Comment","target":["https:\/\/interamerica.org\/fr\/2020\/02\/linter-amerique-honore-des-dirigeants-lors-de-la-celebration-du-25eme-anniversaire-du-ministere-aupres-des-enfants\/#respond"]}]},{"@type":"WebPage","@id":"https:\/\/interamerica.org\/fr\/2020\/02\/linter-amerique-honore-des-dirigeants-lors-de-la-celebration-du-25eme-anniversaire-du-ministere-aupres-des-enfants\/","url":"https:\/\/interamerica.org\/fr\/2020\/02\/linter-amerique-honore-des-dirigeants-lors-de-la-celebration-du-25eme-anniversaire-du-ministere-aupres-des-enfants\/","name":"L\u2019Inter Am\u00e9rique honore des dirigeants lors de la c\u00e9l\u00e9bration du 25\u00e8me anniversaire du minist\u00e8re aupr\u00e8s des enfants - \u00c9glise Adventiste Du Septieme Jour - Inter Am\u00e9rique Division","isPartOf":{"@id":"https:\/\/interamerica.org\/fr\/#website"},"primaryImageOfPage":{"@id":"https:\/\/interamerica.org\/fr\/2020\/02\/linter-amerique-honore-des-dirigeants-lors-de-la-celebration-du-25eme-anniversaire-du-ministere-aupres-des-enfants\/#primaryimage"},"image":{"@id":"https:\/\/interamerica.org\/fr\/2020\/02\/linter-amerique-honore-des-dirigeants-lors-de-la-celebration-du-25eme-anniversaire-du-ministere-aupres-des-enfants\/#primaryimage"},"thumbnailUrl":"https:\/\/interamerica.org\/wp-content\/uploads\/2020\/02\/cam-leaders-honored-gala.jpg","datePublished":"2020-02-26T03:34:03+00:00","dateModified":"2020-02-27T02:08:34+00:00","author":{"@id":"https:\/\/interamerica.org\/fr\/#\/schema\/person\/29998f2bc2d8bd0d38662909289b54f1"},"breadcrumb":{"@id":"https:\/\/interamerica.org\/fr\/2020\/02\/linter-amerique-honore-des-dirigeants-lors-de-la-celebration-du-25eme-anniversaire-du-ministere-aupres-des-enfants\/#breadcrumb"},"inLanguage":"fr-FR","potentialAction":[{"@type":"ReadAction","target":["https:\/\/interamerica.org\/fr\/2020\/02\/linter-amerique-honore-des-dirigeants-lors-de-la-celebration-du-25eme-anniversaire-du-ministere-aupres-des-enfants\/"]}]},{"@type":"ImageObject","inLanguage":"fr-FR","@id":"https:\/\/interamerica.org\/fr\/2020\/02\/linter-amerique-honore-des-dirigeants-lors-de-la-celebration-du-25eme-anniversaire-du-ministere-aupres-des-enfants\/#primaryimage","url":"https:\/\/interamerica.org\/wp-content\/uploads\/2020\/02\/cam-leaders-honored-gala.jpg","contentUrl":"https:\/\/interamerica.org\/wp-content\/uploads\/2020\/02\/cam-leaders-honored-gala.jpg","width":1280,"height":800,"caption":"[Photo: Libna Stevens\/DIA]"},{"@type":"BreadcrumbList","@id":"https:\/\/interamerica.org\/fr\/2020\/02\/linter-amerique-honore-des-dirigeants-lors-de-la-celebration-du-25eme-anniversaire-du-ministere-aupres-des-enfants\/#breadcrumb","itemListElement":[{"@type":"ListItem","position":1,"name":"Home","item":"https:\/\/interamerica.org\/fr\/"},{"@type":"ListItem","position":2,"name":"L\u2019Inter Am\u00e9rique honore des dirigeants lors de la c\u00e9l\u00e9bration du 25\u00e8me anniversaire du minist\u00e8re aupr\u00e8s des enfants"}]},{"@type":"WebSite","@id":"https:\/\/interamerica.org\/fr\/#website","url":"https:\/\/interamerica.org\/fr\/","name":"\u00c9glise Adventiste Du Septieme Jour - Inter Am\u00e9rique Division","description":"","potentialAction":[{"@type":"SearchAction","target":{"@type":"EntryPoint","urlTemplate":"https:\/\/interamerica.org\/fr\/?s={search_term_string}"},"query-input":{"@type":"PropertyValueSpecification","valueRequired":true,"valueName":"search_term_string"}}],"inLanguage":"fr-FR"},{"@type":"Person","@id":"https:\/\/interamerica.org\/fr\/#\/schema\/person\/29998f2bc2d8bd0d38662909289b54f1","name":"libna","image":{"@type":"ImageObject","inLanguage":"fr-FR","@id":"https:\/\/secure.gravatar.com\/avatar\/7c5bd30ae4b47a9ba3c856590957fd1d96dc588bf3ac05719d247e126840331f?s=96&d=mm&r=g","url":"https:\/\/secure.gravatar.com\/avatar\/7c5bd30ae4b47a9ba3c856590957fd1d96dc588bf3ac05719d247e126840331f?s=96&d=mm&r=g","contentUrl":"https:\/\/secure.gravatar.com\/avatar\/7c5bd30ae4b47a9ba3c856590957fd1d96dc588bf3ac05719d247e126840331f?s=96&d=mm&r=g","caption":"libna"}}]}},"_links":{"self":[{"href":"https:\/\/interamerica.org\/fr\/wp-json\/wp\/v2\/posts\/55782","targetHints":{"allow":["GET"]}}],"collection":[{"href":"https:\/\/interamerica.org\/fr\/wp-json\/wp\/v2\/posts"}],"about":[{"href":"https:\/\/interamerica.org\/fr\/wp-json\/wp\/v2\/types\/post"}],"author":[{"embeddable":true,"href":"https:\/\/interamerica.org\/fr\/wp-json\/wp\/v2\/users\/3"}],"replies":[{"embeddable":true,"href":"https:\/\/interamerica.org\/fr\/wp-json\/wp\/v2\/comments?post=55782"}],"version-history":[{"count":0,"href":"https:\/\/interamerica.org\/fr\/wp-json\/wp\/v2\/posts\/55782\/revisions"}],"wp:featuredmedia":[{"embeddable":true,"href":"https:\/\/interamerica.org\/fr\/wp-json\/wp\/v2\/media\/55743"}],"wp:attachment":[{"href":"https:\/\/interamerica.org\/fr\/wp-json\/wp\/v2\/media?parent=55782"}],"wp:term":[{"taxonomy":"category","embeddable":true,"href":"https:\/\/interamerica.org\/fr\/wp-json\/wp\/v2\/categories?post=55782"},{"taxonomy":"post_tag","embeddable":true,"href":"https:\/\/interamerica.org\/fr\/wp-json\/wp\/v2\/tags?post=55782"}],"curies":[{"name":"wp","href":"https:\/\/api.w.org\/{rel}","templated":true}]}}