{"id":55784,"date":"2020-02-25T22:53:38","date_gmt":"2020-02-26T02:53:38","guid":{"rendered":"https:\/\/recursing-golick.147-182-135-0.plesk.page\/?p=55784"},"modified":"2020-02-26T22:14:15","modified_gmt":"2020-02-27T02:14:15","slug":"une-experience-pratique-pour-des-residents-en-medecine-lors-dun-voyage-missionnaire-en-republique-dominicaine","status":"publish","type":"post","link":"https:\/\/interamerica.org\/fr\/2020\/02\/une-experience-pratique-pour-des-residents-en-medecine-lors-dun-voyage-missionnaire-en-republique-dominicaine\/","title":{"rendered":"Une exp\u00e9rience pratique pour des r\u00e9sidents en m\u00e9decine lors d\u2019un voyage missionnaire en R\u00e9publique dominicaine"},"content":{"rendered":"<div style=\"width: 814px\" class=\"wp-caption aligncenter\"><img fetchpriority=\"high\" decoding=\"async\" class=\"\" src=\"https:\/\/recursing-golick.147-182-135-0.plesk.page\/wp-content\/uploads\/2020\/02\/medical-residents-get-hands-on-experience-in-the-dominican-republic.jpg\" alt=\"\" width=\"804\" height=\"402\" \/><p class=\"wp-caption-text\">Les b\u00e9n\u00e9voles du voyage d\u2019AdventHealth Global Missions en R\u00e9publique dominicaine, qui s\u2019est d\u00e9roul\u00e9 du 10 au 18 f\u00e9vrier 2020, ont enfil\u00e9 des maillots affichant les mots amour, joie et paix, trois indicateurs spirituels cl\u00e9s de Galates 5:22.\u00a0 Une photo d\u2019AdventHealth News.<\/p><\/div>\n<p>Le 25 f\u00e9vrier 2020 | Altamonte Springs, Floride, \u00c9tats-Unis | Ingrid Hern\u00e1ndez d\u2019<em>AdventHealth News<\/em><\/p>\n<p>Une \u00e9quipe de b\u00e9n\u00e9voles d\u2019<em>AdventHealth Global Missions<\/em> s\u2019est rendue en R\u00e9publique dominicaine plus t\u00f4t ce mois-ci pour offrir des services de soins de sant\u00e9 de base \u00e0 quelque 2\u00a0000 patients. Le groupe \u00e9tait form\u00e9 de dipl\u00f4m\u00e9s en m\u00e9decine de deux programmes de r\u00e9sidence\u00a0: la m\u00e9decine familiale d\u2019<em>AdventHealth Winter Park<\/em> et la m\u00e9decine familiale ost\u00e9opathique d\u2019<em>AdventHealth East Orlando<\/em>.<\/p>\n<p>\u00ab\u00a0La m\u00e9decine familiale est une sp\u00e9cialit\u00e9 \u00e0 port\u00e9e tr\u00e8s large, mais qui peut surtout s\u2019adapter aux besoins des communaut\u00e9s, a expliqu\u00e9 le Dr Alexander Fishberg, directeur adjoint du programme de r\u00e9sidence en m\u00e9decine familiale d\u2019<em>AdventHealth Winter Park<\/em>. La m\u00e9decine familiale se pratique, plus que toute autre sp\u00e9cialit\u00e9, en milieux ruraux et mal desservis. Les voyages missionnaires sont importants en soi, mais ils nous permettent \u00e9galement de montrer que, si cela nous importe, nous pouvons avoir un impact positif n\u2019importe o\u00f9.\u00a0\u00bb<\/p>\n<p>Les voyages missionnaires ne sont pas obligatoires pour les r\u00e9sidents en m\u00e9decine familiale d\u2019<em>AdventHealth<\/em>; ils sont toutefois tr\u00e8s pris\u00e9s.<\/p>\n<div style=\"width: 811px\" class=\"wp-caption aligncenter\"><img decoding=\"async\" class=\"\" src=\"https:\/\/recursing-golick.147-182-135-0.plesk.page\/wp-content\/uploads\/2020\/02\/advent-health-dr-2-1.jpg\" alt=\"\" width=\"801\" height=\"601\" \/><p class=\"wp-caption-text\">Membre de l\u2019\u00e9quipe, Aby sourit avec deux petites filles dans les bras \u00e0 l\u2019int\u00e9rieur d\u2019une \u00e9glise adventiste du septi\u00e8me jour de la R\u00e9publique dominicaine lors du voyage d\u2019AdventHealth Global Missions dont l\u2019objectif \u00e9tait d\u2019offrir des soins de base aux r\u00e9sidents. Une photo d\u2019AdventHealth News.<\/p><\/div>\n<p>\u00ab\u00a0Ces voyages ont beaucoup d\u2019influence sur la cr\u00e9ation de la prochaine vague de m\u00e9decins qui accordent de l\u2019importance \u00e0 la mission, a dit Shelby Houmann, sp\u00e9cialiste des communications et coordonnatrice des \u00e9v\u00e9nements d\u2019<em>AdventHealth Global Missions<\/em>. Cet aspect n\u2019est pas n\u00e9cessairement facile \u00e0 enseigner.\u00a0\u00bb<\/p>\n<p>Du 10 au 18 f\u00e9vrier derniers, plus de 20 b\u00e9n\u00e9voles au total ont pris part au voyage, dont huit m\u00e9decins de famille, quatre en formation et quatre praticiens, en plus d\u2019infirmi\u00e8res, de pharmaciens, de gestionnaires de projet et de dirigeants. L\u2019\u00e9quipe a travaill\u00e9 aupr\u00e8s de communaut\u00e9s de Santo Domingo ainsi qu\u2019\u00e0 l\u2019ext\u00e9rieur de la capitale, comme dans la petite ville de Saman\u00e1, dans le nord-est du pays.<\/p>\n<p>Les Drs Joshua Smit et Bianca Stewart, tous les deux r\u00e9sidents de deuxi\u00e8me ann\u00e9e en m\u00e9decine familiale, ont d\u00e9couvert le voyage missionnaire par l\u2019entremise du Dr Fishberg. Ils ont pass\u00e9 l\u2019essentiel de leur voyage \u00e0 trier et \u00e0 aider des patients ainsi qu\u2019\u00e0 leur offrir des traitements m\u00e9dicaux ou des suggestions de soins m\u00e9dicaux additionnels \u00e0 obtenir en \u00e9tablissement local. La Dre Stewart a dit avoir appr\u00e9ci\u00e9 l\u2019occasion de travailler au sein d\u2019un groupe diversifi\u00e9 de b\u00e9n\u00e9voles aux exp\u00e9riences en clinique et hors clinique. Le Dr Smit, quant \u00e0 lui, a aim\u00e9 reconnecter avec la raison pour laquelle il a choisi la m\u00e9decine.<\/p>\n<div style=\"width: 809px\" class=\"wp-caption aligncenter\"><img decoding=\"async\" class=\"\" src=\"https:\/\/recursing-golick.147-182-135-0.plesk.page\/wp-content\/uploads\/2020\/02\/adventhealth-dr-3-1.jpg\" alt=\"\" width=\"799\" height=\"599\" \/><p class=\"wp-caption-text\">Une patiente dominicaine fait v\u00e9rifier sa tension art\u00e9rielle dans le cadre d\u2019un voyage missionnaire parrain\u00e9 par AdventHealth Global Missions lors duquel les b\u00e9n\u00e9voles ont offert des services de soins de sant\u00e9 de base. Une photo d\u2019AdventHealth News.<\/p><\/div>\n<p>\u00ab\u00a0En essayant de passer au travers de notre r\u00e9sidence, notre vision peut devenir \u00e9troite et nous pouvons oublier pourquoi nous sommes entr\u00e9s en m\u00e9decine en premier lieu. Les voyages missionnaires nous permettent de prendre un peu de recul, de servir les autres et de d\u00e9couvrir une autre culture. Ils nous aident \u00e0 grandir tout en nous amusant un peu.\u00a0\u00bb<\/p>\n<p>C\u2019est la premi\u00e8re fois, depuis l\u2019existence d\u2019<em>AdventHealth Global Missions<\/em>, que le voyage missionnaire est en R\u00e9publique dominicaine. Cependant, la relation entre <em>AdventHealth<\/em>, qui exploite une cinquantaine d\u2019h\u00f4pitaux aux \u00c9tats-Unis ainsi que le centre m\u00e9dical <em>Vista del Jard\u00edn<\/em> \u00e0 Santo Domingo, date de plusieurs ann\u00e9es, car des employ\u00e9s de diff\u00e9rents \u00e9tablissements d\u2019<em>AdventHealth<\/em> organisent r\u00e9guli\u00e8rement des voyages missionnaires m\u00e9dicaux dans ce pays des Cara\u00efbes. Et la poursuite de ces voyages ne fera qu\u2019affermir cette relation.<\/p>\n<p>\u00ab\u00a0Durant ce voyage missionnaire, j\u2019ai eu la chance de rencontrer le PDG, le directeur financier, le chef du personnel, le directeur du d\u00e9partement de l\u2019obst\u00e9trique, le directeur de l\u2019urgence et m\u00eame l\u2019architecte qui a con\u00e7u l\u2019\u00e9difice du centre m\u00e9dical <em>Vista del Jard\u00edn<\/em>, a dit le Dr Fishberg. Mes rencontres avec ces personnes ont \u00e9t\u00e9 attentionn\u00e9es et constructives. Je suis reparti avec l\u2019espoir de retourner en R\u00e9publique dominicaine tr\u00e8s bient\u00f4t.\u00a0\u00bb<\/p>\n<div style=\"width: 811px\" class=\"wp-caption aligncenter\"><img loading=\"lazy\" decoding=\"async\" class=\"\" src=\"https:\/\/recursing-golick.147-182-135-0.plesk.page\/wp-content\/uploads\/2020\/02\/adventhealth-dr-4-1.jpg\" alt=\"\" width=\"801\" height=\"476\" \/><p class=\"wp-caption-text\">Des r\u00e9sidents en m\u00e9decine et des membres d\u2019\u00e9quipe d\u2019AdventHealth ont collabor\u00e9 avec le personnel du centre m\u00e9dical Vista del Jard\u00edn, un h\u00f4pital de 53 lits \u00e0 Santo Domingo, en R\u00e9publique dominicaine, lors d\u2019un r\u00e9cent voyage de Global Missions. Une photo d\u2019AdventHealth News.<\/p><\/div>\n<p>Traduction : Marie-Mich\u00e8le Robitaille<\/p>\n","protected":false},"excerpt":{"rendered":"<p>Le 25 f\u00e9vrier 2020 | Altamonte Springs, Floride, \u00c9tats-Unis | Ingrid Hern\u00e1ndez d\u2019AdventHealth News Une \u00e9quipe de b\u00e9n\u00e9voles d\u2019AdventHealth Global Missions s\u2019est rendue en R\u00e9publique dominicaine plus t\u00f4t ce mois-ci&#8230;<\/p>\n","protected":false},"author":3,"featured_media":55720,"comment_status":"open","ping_status":"closed","sticky":false,"template":"","format":"standard","meta":{"_acf_changed":false,"footnotes":""},"categories":[18,19],"tags":[],"class_list":["post-55784","post","type-post","status-publish","format-standard","has-post-thumbnail","hentry","category-nouvelles-de-leglise-mondiale","category-rss-francais"],"acf":[],"yoast_head":"<!-- This site is optimized with the Yoast SEO plugin v27.3 - https:\/\/yoast.com\/product\/yoast-seo-wordpress\/ -->\n<title>Une exp\u00e9rience pratique pour des r\u00e9sidents en m\u00e9decine lors d\u2019un voyage missionnaire en R\u00e9publique dominicaine - \u00c9glise Adventiste Du Septieme Jour - Inter Am\u00e9rique Division<\/title>\n<meta name=\"robots\" content=\"index, follow, max-snippet:-1, max-image-preview:large, max-video-preview:-1\" \/>\n<link rel=\"canonical\" href=\"https:\/\/interamerica.org\/fr\/2020\/02\/une-experience-pratique-pour-des-residents-en-medecine-lors-dun-voyage-missionnaire-en-republique-dominicaine\/\" \/>\n<meta property=\"og:locale\" content=\"fr_FR\" \/>\n<meta property=\"og:type\" content=\"article\" \/>\n<meta property=\"og:title\" content=\"Une exp\u00e9rience pratique pour des r\u00e9sidents en m\u00e9decine lors d\u2019un voyage missionnaire en R\u00e9publique dominicaine - \u00c9glise Adventiste Du Septieme Jour - Inter Am\u00e9rique Division\" \/>\n<meta property=\"og:description\" content=\"Le 25 f\u00e9vrier 2020 | Altamonte Springs, Floride, \u00c9tats-Unis | Ingrid Hern\u00e1ndez d\u2019AdventHealth News Une \u00e9quipe de b\u00e9n\u00e9voles d\u2019AdventHealth Global Missions s\u2019est rendue en R\u00e9publique dominicaine plus t\u00f4t ce mois-ci...\" \/>\n<meta property=\"og:url\" content=\"https:\/\/interamerica.org\/fr\/2020\/02\/une-experience-pratique-pour-des-residents-en-medecine-lors-dun-voyage-missionnaire-en-republique-dominicaine\/\" \/>\n<meta property=\"og:site_name\" content=\"\u00c9glise Adventiste Du Septieme Jour - Inter Am\u00e9rique Division\" \/>\n<meta property=\"article:published_time\" content=\"2020-02-26T02:53:38+00:00\" \/>\n<meta property=\"article:modified_time\" content=\"2020-02-27T02:14:15+00:00\" \/>\n<meta property=\"og:image\" content=\"https:\/\/interamerica.org\/wp-content\/uploads\/2020\/02\/medical-residents-get-hands-on-experience-in-the-dominican-republic-1280.jpg\" \/>\n\t<meta property=\"og:image:width\" content=\"1280\" \/>\n\t<meta property=\"og:image:height\" content=\"800\" \/>\n\t<meta property=\"og:image:type\" content=\"image\/jpeg\" \/>\n<meta name=\"author\" content=\"libna\" \/>\n<meta name=\"twitter:card\" content=\"summary_large_image\" \/>\n<meta name=\"twitter:label1\" content=\"\u00c9crit par\" \/>\n\t<meta name=\"twitter:data1\" content=\"libna\" \/>\n\t<meta name=\"twitter:label2\" content=\"Dur\u00e9e de lecture estim\u00e9e\" \/>\n\t<meta name=\"twitter:data2\" content=\"4 minutes\" \/>\n<script type=\"application\/ld+json\" class=\"yoast-schema-graph\">{\"@context\":\"https:\\\/\\\/schema.org\",\"@graph\":[{\"@type\":\"Article\",\"@id\":\"https:\\\/\\\/interamerica.org\\\/fr\\\/2020\\\/02\\\/une-experience-pratique-pour-des-residents-en-medecine-lors-dun-voyage-missionnaire-en-republique-dominicaine\\\/#article\",\"isPartOf\":{\"@id\":\"https:\\\/\\\/interamerica.org\\\/fr\\\/2020\\\/02\\\/une-experience-pratique-pour-des-residents-en-medecine-lors-dun-voyage-missionnaire-en-republique-dominicaine\\\/\"},\"author\":{\"name\":\"libna\",\"@id\":\"https:\\\/\\\/interamerica.org\\\/fr\\\/#\\\/schema\\\/person\\\/29998f2bc2d8bd0d38662909289b54f1\"},\"headline\":\"Une exp\u00e9rience pratique pour des r\u00e9sidents en m\u00e9decine lors d\u2019un voyage missionnaire en R\u00e9publique dominicaine\",\"datePublished\":\"2020-02-26T02:53:38+00:00\",\"dateModified\":\"2020-02-27T02:14:15+00:00\",\"mainEntityOfPage\":{\"@id\":\"https:\\\/\\\/interamerica.org\\\/fr\\\/2020\\\/02\\\/une-experience-pratique-pour-des-residents-en-medecine-lors-dun-voyage-missionnaire-en-republique-dominicaine\\\/\"},\"wordCount\":917,\"commentCount\":0,\"image\":{\"@id\":\"https:\\\/\\\/interamerica.org\\\/fr\\\/2020\\\/02\\\/une-experience-pratique-pour-des-residents-en-medecine-lors-dun-voyage-missionnaire-en-republique-dominicaine\\\/#primaryimage\"},\"thumbnailUrl\":\"https:\\\/\\\/interamerica.org\\\/wp-content\\\/uploads\\\/2020\\\/02\\\/medical-residents-get-hands-on-experience-in-the-dominican-republic-1280.jpg\",\"articleSection\":[\"Nouvelles de l'\u00c9glise mondiale\",\"RSS Fran\u00e7ais\"],\"inLanguage\":\"fr-FR\",\"potentialAction\":[{\"@type\":\"CommentAction\",\"name\":\"Comment\",\"target\":[\"https:\\\/\\\/interamerica.org\\\/fr\\\/2020\\\/02\\\/une-experience-pratique-pour-des-residents-en-medecine-lors-dun-voyage-missionnaire-en-republique-dominicaine\\\/#respond\"]}]},{\"@type\":\"WebPage\",\"@id\":\"https:\\\/\\\/interamerica.org\\\/fr\\\/2020\\\/02\\\/une-experience-pratique-pour-des-residents-en-medecine-lors-dun-voyage-missionnaire-en-republique-dominicaine\\\/\",\"url\":\"https:\\\/\\\/interamerica.org\\\/fr\\\/2020\\\/02\\\/une-experience-pratique-pour-des-residents-en-medecine-lors-dun-voyage-missionnaire-en-republique-dominicaine\\\/\",\"name\":\"Une exp\u00e9rience pratique pour des r\u00e9sidents en m\u00e9decine lors d\u2019un voyage missionnaire en R\u00e9publique dominicaine - \u00c9glise Adventiste Du Septieme Jour - Inter Am\u00e9rique Division\",\"isPartOf\":{\"@id\":\"https:\\\/\\\/interamerica.org\\\/fr\\\/#website\"},\"primaryImageOfPage\":{\"@id\":\"https:\\\/\\\/interamerica.org\\\/fr\\\/2020\\\/02\\\/une-experience-pratique-pour-des-residents-en-medecine-lors-dun-voyage-missionnaire-en-republique-dominicaine\\\/#primaryimage\"},\"image\":{\"@id\":\"https:\\\/\\\/interamerica.org\\\/fr\\\/2020\\\/02\\\/une-experience-pratique-pour-des-residents-en-medecine-lors-dun-voyage-missionnaire-en-republique-dominicaine\\\/#primaryimage\"},\"thumbnailUrl\":\"https:\\\/\\\/interamerica.org\\\/wp-content\\\/uploads\\\/2020\\\/02\\\/medical-residents-get-hands-on-experience-in-the-dominican-republic-1280.jpg\",\"datePublished\":\"2020-02-26T02:53:38+00:00\",\"dateModified\":\"2020-02-27T02:14:15+00:00\",\"author\":{\"@id\":\"https:\\\/\\\/interamerica.org\\\/fr\\\/#\\\/schema\\\/person\\\/29998f2bc2d8bd0d38662909289b54f1\"},\"breadcrumb\":{\"@id\":\"https:\\\/\\\/interamerica.org\\\/fr\\\/2020\\\/02\\\/une-experience-pratique-pour-des-residents-en-medecine-lors-dun-voyage-missionnaire-en-republique-dominicaine\\\/#breadcrumb\"},\"inLanguage\":\"fr-FR\",\"potentialAction\":[{\"@type\":\"ReadAction\",\"target\":[\"https:\\\/\\\/interamerica.org\\\/fr\\\/2020\\\/02\\\/une-experience-pratique-pour-des-residents-en-medecine-lors-dun-voyage-missionnaire-en-republique-dominicaine\\\/\"]}]},{\"@type\":\"ImageObject\",\"inLanguage\":\"fr-FR\",\"@id\":\"https:\\\/\\\/interamerica.org\\\/fr\\\/2020\\\/02\\\/une-experience-pratique-pour-des-residents-en-medecine-lors-dun-voyage-missionnaire-en-republique-dominicaine\\\/#primaryimage\",\"url\":\"https:\\\/\\\/interamerica.org\\\/wp-content\\\/uploads\\\/2020\\\/02\\\/medical-residents-get-hands-on-experience-in-the-dominican-republic-1280.jpg\",\"contentUrl\":\"https:\\\/\\\/interamerica.org\\\/wp-content\\\/uploads\\\/2020\\\/02\\\/medical-residents-get-hands-on-experience-in-the-dominican-republic-1280.jpg\",\"width\":1280,\"height\":800},{\"@type\":\"BreadcrumbList\",\"@id\":\"https:\\\/\\\/interamerica.org\\\/fr\\\/2020\\\/02\\\/une-experience-pratique-pour-des-residents-en-medecine-lors-dun-voyage-missionnaire-en-republique-dominicaine\\\/#breadcrumb\",\"itemListElement\":[{\"@type\":\"ListItem\",\"position\":1,\"name\":\"Home\",\"item\":\"https:\\\/\\\/interamerica.org\\\/fr\\\/\"},{\"@type\":\"ListItem\",\"position\":2,\"name\":\"Une exp\u00e9rience pratique pour des r\u00e9sidents en m\u00e9decine lors d\u2019un voyage missionnaire en R\u00e9publique dominicaine\"}]},{\"@type\":\"WebSite\",\"@id\":\"https:\\\/\\\/interamerica.org\\\/fr\\\/#website\",\"url\":\"https:\\\/\\\/interamerica.org\\\/fr\\\/\",\"name\":\"\u00c9glise Adventiste Du Septieme Jour - Inter Am\u00e9rique Division\",\"description\":\"\",\"potentialAction\":[{\"@type\":\"SearchAction\",\"target\":{\"@type\":\"EntryPoint\",\"urlTemplate\":\"https:\\\/\\\/interamerica.org\\\/fr\\\/?s={search_term_string}\"},\"query-input\":{\"@type\":\"PropertyValueSpecification\",\"valueRequired\":true,\"valueName\":\"search_term_string\"}}],\"inLanguage\":\"fr-FR\"},{\"@type\":\"Person\",\"@id\":\"https:\\\/\\\/interamerica.org\\\/fr\\\/#\\\/schema\\\/person\\\/29998f2bc2d8bd0d38662909289b54f1\",\"name\":\"libna\",\"image\":{\"@type\":\"ImageObject\",\"inLanguage\":\"fr-FR\",\"@id\":\"https:\\\/\\\/secure.gravatar.com\\\/avatar\\\/7c5bd30ae4b47a9ba3c856590957fd1d96dc588bf3ac05719d247e126840331f?s=96&d=mm&r=g\",\"url\":\"https:\\\/\\\/secure.gravatar.com\\\/avatar\\\/7c5bd30ae4b47a9ba3c856590957fd1d96dc588bf3ac05719d247e126840331f?s=96&d=mm&r=g\",\"contentUrl\":\"https:\\\/\\\/secure.gravatar.com\\\/avatar\\\/7c5bd30ae4b47a9ba3c856590957fd1d96dc588bf3ac05719d247e126840331f?s=96&d=mm&r=g\",\"caption\":\"libna\"}}]}<\/script>\n<!-- \/ Yoast SEO plugin. -->","yoast_head_json":{"title":"Une exp\u00e9rience pratique pour des r\u00e9sidents en m\u00e9decine lors d\u2019un voyage missionnaire en R\u00e9publique dominicaine - \u00c9glise Adventiste Du Septieme Jour - Inter Am\u00e9rique Division","robots":{"index":"index","follow":"follow","max-snippet":"max-snippet:-1","max-image-preview":"max-image-preview:large","max-video-preview":"max-video-preview:-1"},"canonical":"https:\/\/interamerica.org\/fr\/2020\/02\/une-experience-pratique-pour-des-residents-en-medecine-lors-dun-voyage-missionnaire-en-republique-dominicaine\/","og_locale":"fr_FR","og_type":"article","og_title":"Une exp\u00e9rience pratique pour des r\u00e9sidents en m\u00e9decine lors d\u2019un voyage missionnaire en R\u00e9publique dominicaine - \u00c9glise Adventiste Du Septieme Jour - Inter Am\u00e9rique Division","og_description":"Le 25 f\u00e9vrier 2020 | Altamonte Springs, Floride, \u00c9tats-Unis | Ingrid Hern\u00e1ndez d\u2019AdventHealth News Une \u00e9quipe de b\u00e9n\u00e9voles d\u2019AdventHealth Global Missions s\u2019est rendue en R\u00e9publique dominicaine plus t\u00f4t ce mois-ci...","og_url":"https:\/\/interamerica.org\/fr\/2020\/02\/une-experience-pratique-pour-des-residents-en-medecine-lors-dun-voyage-missionnaire-en-republique-dominicaine\/","og_site_name":"\u00c9glise Adventiste Du Septieme Jour - Inter Am\u00e9rique Division","article_published_time":"2020-02-26T02:53:38+00:00","article_modified_time":"2020-02-27T02:14:15+00:00","og_image":[{"width":1280,"height":800,"url":"https:\/\/interamerica.org\/wp-content\/uploads\/2020\/02\/medical-residents-get-hands-on-experience-in-the-dominican-republic-1280.jpg","type":"image\/jpeg"}],"author":"libna","twitter_card":"summary_large_image","twitter_misc":{"\u00c9crit par":"libna","Dur\u00e9e de lecture estim\u00e9e":"4 minutes"},"schema":{"@context":"https:\/\/schema.org","@graph":[{"@type":"Article","@id":"https:\/\/interamerica.org\/fr\/2020\/02\/une-experience-pratique-pour-des-residents-en-medecine-lors-dun-voyage-missionnaire-en-republique-dominicaine\/#article","isPartOf":{"@id":"https:\/\/interamerica.org\/fr\/2020\/02\/une-experience-pratique-pour-des-residents-en-medecine-lors-dun-voyage-missionnaire-en-republique-dominicaine\/"},"author":{"name":"libna","@id":"https:\/\/interamerica.org\/fr\/#\/schema\/person\/29998f2bc2d8bd0d38662909289b54f1"},"headline":"Une exp\u00e9rience pratique pour des r\u00e9sidents en m\u00e9decine lors d\u2019un voyage missionnaire en R\u00e9publique dominicaine","datePublished":"2020-02-26T02:53:38+00:00","dateModified":"2020-02-27T02:14:15+00:00","mainEntityOfPage":{"@id":"https:\/\/interamerica.org\/fr\/2020\/02\/une-experience-pratique-pour-des-residents-en-medecine-lors-dun-voyage-missionnaire-en-republique-dominicaine\/"},"wordCount":917,"commentCount":0,"image":{"@id":"https:\/\/interamerica.org\/fr\/2020\/02\/une-experience-pratique-pour-des-residents-en-medecine-lors-dun-voyage-missionnaire-en-republique-dominicaine\/#primaryimage"},"thumbnailUrl":"https:\/\/interamerica.org\/wp-content\/uploads\/2020\/02\/medical-residents-get-hands-on-experience-in-the-dominican-republic-1280.jpg","articleSection":["Nouvelles de l'\u00c9glise mondiale","RSS Fran\u00e7ais"],"inLanguage":"fr-FR","potentialAction":[{"@type":"CommentAction","name":"Comment","target":["https:\/\/interamerica.org\/fr\/2020\/02\/une-experience-pratique-pour-des-residents-en-medecine-lors-dun-voyage-missionnaire-en-republique-dominicaine\/#respond"]}]},{"@type":"WebPage","@id":"https:\/\/interamerica.org\/fr\/2020\/02\/une-experience-pratique-pour-des-residents-en-medecine-lors-dun-voyage-missionnaire-en-republique-dominicaine\/","url":"https:\/\/interamerica.org\/fr\/2020\/02\/une-experience-pratique-pour-des-residents-en-medecine-lors-dun-voyage-missionnaire-en-republique-dominicaine\/","name":"Une exp\u00e9rience pratique pour des r\u00e9sidents en m\u00e9decine lors d\u2019un voyage missionnaire en R\u00e9publique dominicaine - \u00c9glise Adventiste Du Septieme Jour - Inter Am\u00e9rique Division","isPartOf":{"@id":"https:\/\/interamerica.org\/fr\/#website"},"primaryImageOfPage":{"@id":"https:\/\/interamerica.org\/fr\/2020\/02\/une-experience-pratique-pour-des-residents-en-medecine-lors-dun-voyage-missionnaire-en-republique-dominicaine\/#primaryimage"},"image":{"@id":"https:\/\/interamerica.org\/fr\/2020\/02\/une-experience-pratique-pour-des-residents-en-medecine-lors-dun-voyage-missionnaire-en-republique-dominicaine\/#primaryimage"},"thumbnailUrl":"https:\/\/interamerica.org\/wp-content\/uploads\/2020\/02\/medical-residents-get-hands-on-experience-in-the-dominican-republic-1280.jpg","datePublished":"2020-02-26T02:53:38+00:00","dateModified":"2020-02-27T02:14:15+00:00","author":{"@id":"https:\/\/interamerica.org\/fr\/#\/schema\/person\/29998f2bc2d8bd0d38662909289b54f1"},"breadcrumb":{"@id":"https:\/\/interamerica.org\/fr\/2020\/02\/une-experience-pratique-pour-des-residents-en-medecine-lors-dun-voyage-missionnaire-en-republique-dominicaine\/#breadcrumb"},"inLanguage":"fr-FR","potentialAction":[{"@type":"ReadAction","target":["https:\/\/interamerica.org\/fr\/2020\/02\/une-experience-pratique-pour-des-residents-en-medecine-lors-dun-voyage-missionnaire-en-republique-dominicaine\/"]}]},{"@type":"ImageObject","inLanguage":"fr-FR","@id":"https:\/\/interamerica.org\/fr\/2020\/02\/une-experience-pratique-pour-des-residents-en-medecine-lors-dun-voyage-missionnaire-en-republique-dominicaine\/#primaryimage","url":"https:\/\/interamerica.org\/wp-content\/uploads\/2020\/02\/medical-residents-get-hands-on-experience-in-the-dominican-republic-1280.jpg","contentUrl":"https:\/\/interamerica.org\/wp-content\/uploads\/2020\/02\/medical-residents-get-hands-on-experience-in-the-dominican-republic-1280.jpg","width":1280,"height":800},{"@type":"BreadcrumbList","@id":"https:\/\/interamerica.org\/fr\/2020\/02\/une-experience-pratique-pour-des-residents-en-medecine-lors-dun-voyage-missionnaire-en-republique-dominicaine\/#breadcrumb","itemListElement":[{"@type":"ListItem","position":1,"name":"Home","item":"https:\/\/interamerica.org\/fr\/"},{"@type":"ListItem","position":2,"name":"Une exp\u00e9rience pratique pour des r\u00e9sidents en m\u00e9decine lors d\u2019un voyage missionnaire en R\u00e9publique dominicaine"}]},{"@type":"WebSite","@id":"https:\/\/interamerica.org\/fr\/#website","url":"https:\/\/interamerica.org\/fr\/","name":"\u00c9glise Adventiste Du Septieme Jour - Inter Am\u00e9rique Division","description":"","potentialAction":[{"@type":"SearchAction","target":{"@type":"EntryPoint","urlTemplate":"https:\/\/interamerica.org\/fr\/?s={search_term_string}"},"query-input":{"@type":"PropertyValueSpecification","valueRequired":true,"valueName":"search_term_string"}}],"inLanguage":"fr-FR"},{"@type":"Person","@id":"https:\/\/interamerica.org\/fr\/#\/schema\/person\/29998f2bc2d8bd0d38662909289b54f1","name":"libna","image":{"@type":"ImageObject","inLanguage":"fr-FR","@id":"https:\/\/secure.gravatar.com\/avatar\/7c5bd30ae4b47a9ba3c856590957fd1d96dc588bf3ac05719d247e126840331f?s=96&d=mm&r=g","url":"https:\/\/secure.gravatar.com\/avatar\/7c5bd30ae4b47a9ba3c856590957fd1d96dc588bf3ac05719d247e126840331f?s=96&d=mm&r=g","contentUrl":"https:\/\/secure.gravatar.com\/avatar\/7c5bd30ae4b47a9ba3c856590957fd1d96dc588bf3ac05719d247e126840331f?s=96&d=mm&r=g","caption":"libna"}}]}},"_links":{"self":[{"href":"https:\/\/interamerica.org\/fr\/wp-json\/wp\/v2\/posts\/55784","targetHints":{"allow":["GET"]}}],"collection":[{"href":"https:\/\/interamerica.org\/fr\/wp-json\/wp\/v2\/posts"}],"about":[{"href":"https:\/\/interamerica.org\/fr\/wp-json\/wp\/v2\/types\/post"}],"author":[{"embeddable":true,"href":"https:\/\/interamerica.org\/fr\/wp-json\/wp\/v2\/users\/3"}],"replies":[{"embeddable":true,"href":"https:\/\/interamerica.org\/fr\/wp-json\/wp\/v2\/comments?post=55784"}],"version-history":[{"count":0,"href":"https:\/\/interamerica.org\/fr\/wp-json\/wp\/v2\/posts\/55784\/revisions"}],"wp:featuredmedia":[{"embeddable":true,"href":"https:\/\/interamerica.org\/fr\/wp-json\/wp\/v2\/media\/55720"}],"wp:attachment":[{"href":"https:\/\/interamerica.org\/fr\/wp-json\/wp\/v2\/media?parent=55784"}],"wp:term":[{"taxonomy":"category","embeddable":true,"href":"https:\/\/interamerica.org\/fr\/wp-json\/wp\/v2\/categories?post=55784"},{"taxonomy":"post_tag","embeddable":true,"href":"https:\/\/interamerica.org\/fr\/wp-json\/wp\/v2\/tags?post=55784"}],"curies":[{"name":"wp","href":"https:\/\/api.w.org\/{rel}","templated":true}]}}