{"id":55831,"date":"2020-02-26T22:02:04","date_gmt":"2020-02-27T02:02:04","guid":{"rendered":"https:\/\/recursing-golick.147-182-135-0.plesk.page\/?p=55831"},"modified":"2020-02-28T07:58:22","modified_gmt":"2020-02-28T11:58:22","slug":"linter-amerique-lance-un-nouveau-programme-dexperience-biblique-de-vacances","status":"publish","type":"post","link":"https:\/\/interamerica.org\/fr\/2020\/02\/linter-amerique-lance-un-nouveau-programme-dexperience-biblique-de-vacances\/","title":{"rendered":"L\u2019Inter-Am\u00e9rique lance un nouveau programme d\u2019Exp\u00e9rience Biblique de Vacances"},"content":{"rendered":"<p><div id=\"attachment_55792\" style=\"width: 811px\" class=\"wp-caption aligncenter\"><img fetchpriority=\"high\" decoding=\"async\" aria-describedby=\"caption-attachment-55792\" class=\" wp-image-55791\" src=\"https:\/\/recursing-golick.147-182-135-0.plesk.page\/wp-content\/uploads\/2020\/02\/dinorah-rivera-vbe.jpg\" alt=\"\" width=\"801\" height=\"534\" srcset=\"https:\/\/interamerica.org\/wp-content\/uploads\/2020\/02\/dinorah-rivera-vbe.jpg 1000w, https:\/\/interamerica.org\/wp-content\/uploads\/2020\/02\/dinorah-rivera-vbe-300x200.jpg 300w, https:\/\/interamerica.org\/wp-content\/uploads\/2020\/02\/dinorah-rivera-vbe-768x512.jpg 768w\" sizes=\"(max-width: 801px) 100vw, 801px\" \/><p id=\"caption-attachment-55792\" class=\"wp-caption-text\">Dinorah Rivera, la directrice des minist\u00e8res aupr\u00e8s des enfants et des adolescents pour l\u2019\u00c9glise adventiste en Inter Am\u00e9rique, d\u00e9voile le nouveau programme Exp\u00e9rience Biblique de Vacances pour cette ann\u00e9e intitul\u00e9 \u00ab Gravir des Montagnes avec Dieu \u00bb lors d\u2019un atelier en ligne avec des dizaines de dirigeants \u00e0 Miami, en Floride, aux \u00c9tats-Unis, 19 f\u00e9vrier 2020. [Photo: Libna Stevens \/ DIA]<\/p><\/div>26 F\u00e9vrier 2020 | Miami, Floride, \u00c9tats-Unis | Libna Stevens, Division Inter Am\u00e9ricaine<\/p>\n<p>Lors d\u2019un atelier en ligne, les minist\u00e8res aupr\u00e8s des enfants et des adolescents de l\u2019Inter Am\u00e9rique ont lanc\u00e9 un nouveau programme d\u2019Exp\u00e9rience Biblique de Vacances (VBE), qui promet de toucher plus de 300000 jeunes dans les \u00e9glises locales et les \u00e9coles adventistes du territoire cette ann\u00e9e. Plus de 200 responsables des minist\u00e8res des enfants et des adolescents venus de toute la Division Inter Am\u00e9ricaine (DIA) se sont r\u00e9unis \u00e0 Miami, en Floride, du 18 au 19 f\u00e9vrier, pour \u00eatre form\u00e9s au programme d\u2019\u00e9vang\u00e9lisation et recevoir des outils pour r\u00e9affirmer leur engagement \u00e0 pr\u00e9senter l\u2019amour de J\u00e9sus \u00e0 chaque enfant qui s\u2019inscrit dans cette initiative annuelle.<\/p>\n<p>\u00ab Notre principal objectif avec le programme de VBE est de faire savoir aux enfants et aux adolescents que, quelles que soient les circonstances, quoi que vous traversiez dans la vie, il y a toujours quelque chose de meilleur si nous nous accrochons \u00e0 Dieu, \u00bb a d\u00e9clar\u00e9 Dinorah Rivera, responsable du minist\u00e8re des enfants et des adolescents pour l\u2019\u00c9glise adventiste en Inter Am\u00e9rique et principale organisatrice de l\u2019atelier. \u00ab Vous aurez l\u2019opportunit\u00e9 de montrer et d\u2019enseigner \u00e0 tous les enfants et adolescents qui participeront au programme, les outils dont ils ont besoin pour compter sur le fait que J\u00e9sus peut nous guider en toute s\u00e9curit\u00e9 vers notre destination finale &#8211; le ciel. \u00bb<\/p>\n<p>Le programme dont le th\u00e8me est \u00ab Gravir des Montagnes avec Dieu, \u00bb met en lumi\u00e8re des personnages de la Bible qui ont fait face \u00e0 de nombreuses difficult\u00e9s mais qui ont pu les surmonter, atteignant le sommet de la victoire, en tenant la main de Dieu \u00e0 chaque \u00e9tape, a expliqu\u00e9 Dinorah Rivera. \u00ab Peu importe la hauteur de la montagne qui est devant nous, peu importe qu\u2019elle soit parsem\u00e9e d\u2019emb\u00fbches, avec Dieu tout est possible, \u00bb a-t-elle d\u00e9clar\u00e9.<\/p>\n<p><div id=\"attachment_55796\" style=\"width: 811px\" class=\"wp-caption aligncenter\"><img decoding=\"async\" aria-describedby=\"caption-attachment-55796\" class=\" wp-image-55795\" src=\"https:\/\/recursing-golick.147-182-135-0.plesk.page\/wp-content\/uploads\/2020\/02\/delegates-vbe-songs-2020.jpg\" alt=\"\" width=\"801\" height=\"534\" srcset=\"https:\/\/interamerica.org\/wp-content\/uploads\/2020\/02\/delegates-vbe-songs-2020.jpg 1000w, https:\/\/interamerica.org\/wp-content\/uploads\/2020\/02\/delegates-vbe-songs-2020-300x200.jpg 300w, https:\/\/interamerica.org\/wp-content\/uploads\/2020\/02\/delegates-vbe-songs-2020-768x511.jpg 768w\" sizes=\"(max-width: 801px) 100vw, 801px\" \/><p id=\"caption-attachment-55796\" class=\"wp-caption-text\">Les d\u00e9l\u00e9gu\u00e9s apprennent les mouvements accompagnant le chant th\u00e8me du programme d\u2019exp\u00e9rience biblique de vacances de cette ann\u00e9e. [Photo : Libna Stevens \/DIA]<\/p><\/div>Les d\u00e9l\u00e9gu\u00e9s ont fait le tour des s\u00e9minaires et ont re\u00e7u des instructions et des id\u00e9es sur la mani\u00e8re de pr\u00e9senter des le\u00e7ons d\u00e9votionnelles, diriger des chants, des activit\u00e9s, des jeux, les travaux manuels, des distinctions d\u2019escalade, des rafra\u00eechissements et des collations, des informations historiques li\u00e9es aux Monts Morija, Horeb, Sina\u00ef, Carmel, Oliviers pendant les cinq jours du programme d\u2019exp\u00e9rience biblique de vacances.<\/p>\n<p>Le programme complet comprend un chant th\u00e8me et de la musique pour tous les jours de la semaine pour les diff\u00e9rentes tranches d\u2019\u00e2ge de 0 \u00e0 14 ans en anglais, espagnol et fran\u00e7ais, au format vid\u00e9o, ainsi que des ressources suppl\u00e9mentaires. Le programme complet a \u00e9t\u00e9 r\u00e9alis\u00e9 gr\u00e2ce aux efforts collaboratifs de plusieurs directeurs des minist\u00e8res des enfants et adolescents des unions, a dit Dinorah Rivera.<\/p>\n<p>Laura Minely Ruiz, directrice des minist\u00e8res aupr\u00e8s des enfants et des adolescents pour l\u2019\u00c9glise adventiste au Chiapas, au Mexique, a d\u00e9clar\u00e9 qu\u2019elle \u00e9tait impatiente de mettre en place le nouveau programme de VBE cette ann\u00e9e sur son territoire. Laura Ruiz a amen\u00e9 huit responsables repr\u00e9sentant les huit champs r\u00e9gionaux de son territoire. \u00ab Nous sommes tous ravis du th\u00e8me de cette ann\u00e9e, car il s\u2019harmonise bien \u00e0 l\u2019accent mis par tous nos d\u00e9partements et minist\u00e8res sur la seconde venue de J\u00e9sus, \u00bb a d\u00e9clar\u00e9 Laura Ruiz.<\/p>\n<p>\u00ab Le programme d\u2019exp\u00e9rience biblique de vacances est tr\u00e8s important pour \u00e9tablir des liens avec tant d\u2019enfants et il a eu du succ\u00e8s chaque ann\u00e9e dans 2191 congr\u00e9gations, \u00bb a d\u00e9clar\u00e9 Laura Ruiz. L\u2019ann\u00e9e derni\u00e8re, les \u00e9glises locales et les groupes ont vu la participation de plus de 34188 enfants \u00e0 l\u2019exp\u00e9rience biblique de vacances, et parmi eux, 25507 enfants \u00e9taient des non-adventistes, a indiqu\u00e9 Laura Ruiz.<\/p>\n<p><div id=\"attachment_55811\" style=\"width: 809px\" class=\"wp-caption aligncenter\"><img decoding=\"async\" aria-describedby=\"caption-attachment-55811\" class=\" wp-image-55810\" src=\"https:\/\/recursing-golick.147-182-135-0.plesk.page\/wp-content\/uploads\/2020\/02\/vbe-seminar-games.jpg\" alt=\"\" width=\"799\" height=\"533\" srcset=\"https:\/\/interamerica.org\/wp-content\/uploads\/2020\/02\/vbe-seminar-games.jpg 1000w, https:\/\/interamerica.org\/wp-content\/uploads\/2020\/02\/vbe-seminar-games-300x200.jpg 300w, https:\/\/interamerica.org\/wp-content\/uploads\/2020\/02\/vbe-seminar-games-768x512.jpg 768w\" sizes=\"(max-width: 799px) 100vw, 799px\" \/><p id=\"caption-attachment-55811\" class=\"wp-caption-text\">Les d\u00e9l\u00e9gu\u00e9s travaillent ensemble en \u00e9quipes pour participer \u00e0 certains jeux qu\u2019ils enseigneront aux enfants pendant le programme d\u2019exp\u00e9rience biblique de vacances. [Photo: Libna Stevens \/ DIA]<\/p><\/div>Laura Ruiz a expliqu\u00e9 que la formation dans les centaines d\u2019\u00e9glises locales \u00e0 travers le Chiapas, au Mexique, aura lieu le mois prochain.<\/p>\n<p>Pour Ranfys Valeriano, de l\u2019Union N\u00e9erlandaise des Cara\u00efbes, qui supervise Aruba, Bonaire et Cura\u00e7ao, le nouveau programme biblique de vacances repr\u00e9sente une nouvelle opportunit\u00e9 chaque ann\u00e9e d\u2019encourager de plus en plus d\u2019\u00e9glises locales \u00e0 mettre en place le programme pour les quelque 800 enfants que le programme a touch\u00e9s chaque ann\u00e9e pendant les cinq derni\u00e8res ann\u00e9es.<\/p>\n<p>Cette ann\u00e9e, Ranfys Valeriano esp\u00e8re faire traduire le programme en papiamento afin que davantage d\u2019enfants de la communaut\u00e9 puissent prendre part \u00e0 l\u2019exp\u00e9rience biblique de vacances. Au cours des derni\u00e8res ann\u00e9es, ils ont d\u00fb attendre pour ex\u00e9cuter le programme avec un an de retard en raison des d\u00e9lais de traduction. Ranfys Valeriano, qui dirige les minist\u00e8res aupr\u00e8s des enfants et des adolescents, a d\u00e9clar\u00e9 qu\u2019une autre difficult\u00e9 est le fait que de nombreuses \u00e9glises manquent de dirigeants et de b\u00e9n\u00e9voles ainsi que les ressources ad\u00e9quates pour acheter le mat\u00e9riel n\u00e9cessaire pour attirer plus d&rsquo;enfants. Mais il encourage plus d\u2019\u00e9glises dans les \u00eeles \u00e0 redoubler d\u2019efforts et \u00e0 atteindre davantage d\u2019enfants cette ann\u00e9e.<\/p>\n<p>Le pasteur Saustin Mfune, directeur adjoint des minist\u00e8res aupr\u00e8s des enfants pour l\u2019\u00c9glise adventiste mondiale, a parl\u00e9 \u00e0 la d\u00e9l\u00e9gation et l\u2019a encourag\u00e9e \u00e0 continuer \u00e0 enseigner aux jeunes \u00e0 faire confiance \u00e0 Dieu alors qu\u2019ils apprennent \u00e0 gravir les montagnes qui se pr\u00e9sentent \u00e0 eux dans la vie. \u00ab Nous avons tous besoin de pr\u00e9paration pour gravir une montagne, car nous allons faire face \u00e0 de nombreuses limitations, mais nous pouvons tout par Christ qui nous fortifie, \u00bb a d\u00e9clar\u00e9 pasteur Mfune.<\/p>\n<p><div id=\"attachment_55802\" style=\"width: 810px\" class=\"wp-caption aligncenter\"><img loading=\"lazy\" decoding=\"async\" aria-describedby=\"caption-attachment-55802\" class=\" wp-image-55801\" src=\"https:\/\/recursing-golick.147-182-135-0.plesk.page\/wp-content\/uploads\/2020\/02\/saustin-mfune-vbe-2020.jpg\" alt=\"\" width=\"800\" height=\"523\" srcset=\"https:\/\/interamerica.org\/wp-content\/uploads\/2020\/02\/saustin-mfune-vbe-2020.jpg 1000w, https:\/\/interamerica.org\/wp-content\/uploads\/2020\/02\/saustin-mfune-vbe-2020-300x196.jpg 300w, https:\/\/interamerica.org\/wp-content\/uploads\/2020\/02\/saustin-mfune-vbe-2020-768x502.jpg 768w\" sizes=\"(max-width: 800px) 100vw, 800px\" \/><p id=\"caption-attachment-55802\" class=\"wp-caption-text\">Saustin Mfune (\u00e0 gauche), directeur adjoint des minist\u00e8res aupr\u00e8s des enfants pour l\u2019\u00c9glise adventiste mondiale, encourage les dirigeants \u00e0 enseigner aux enfants \u00e0 faire confiance \u00e0 Dieu. Esmeralda Guzman le traduit. [Photo : Libna Stevens \/ DIA]<\/p><\/div>Richard Aguilera, cr\u00e9ateur des minist\u00e8res One Mustard Seed (Un Grain de S\u00e9nev\u00e9), a d\u00e9velopp\u00e9 le th\u00e8me de l\u2019exp\u00e9rience biblique de vacances en parlant de l\u2019\u00e9quipement, de l\u2019endurance physique, de la visualisation du chemin \u00e0 parcourir et de l\u2019arriv\u00e9e au sommet main dans la main avec l\u2019aide de Dieu. Richard Aguilera a \u00e9galement expliqu\u00e9 comment cr\u00e9er un impact dans la vie des enfants \u00e0 travers les nombreuses activit\u00e9s bibliques et missionnaires organis\u00e9es dans l\u2019\u00e9glise et dans la communaut\u00e9.<\/p>\n<p>L\u2019atelier comprenait \u00e9galement le nouveau programme de l\u2019Inter Am\u00e9rique qui suivra cette ann\u00e9e, le Friendship Club (Club de l\u2019Amiti\u00e9), un programme qui invite les enfants \u00e0 participer \u00e0 des activit\u00e9s d\u2019apprentissage hebdomadaires apr\u00e8s le programme de VBE. Le programme th\u00e9matique de huit semaines mettra l\u2019accent sur huit pierres pr\u00e9cieuses \u00e0 travers le monde et entrainera les enfants dans un voyage de d\u00e9couverte, \u00e0 travers diff\u00e9rentes parties du monde pour apprendre des le\u00e7ons spirituelles et les appliquer dans leur vie tout en explorant les principes et les histoires de la Bible et en prenant part \u00e0 des moments de louange et d\u2019adoration, \u00e0 des travaux manuels et bien plus encore.<\/p>\n<p>Norma Villegas, directrice des minist\u00e8res aupr\u00e8s des enfants et des adolescents pour l\u2019\u00e9glise dans le Nord du Mexique et principale contributrice du programme du Friendship Club (Club de l\u2019Amiti\u00e9) de cette ann\u00e9e, a d\u00e9clar\u00e9 que le nouveau th\u00e8me faisait partie d\u2019une s\u00e9rie de trois programmes qui enseignera aux enfants les merveilleuses choses que Dieu a cr\u00e9\u00e9es et les am\u00e8nera \u00e0 comprendre comment Dieu pr\u00e9pare beaucoup plus de belles choses dans le ciel.<\/p>\n<p>Le programme comprend un manuel, un cahier d\u2019exercices pour enfants, des chants sp\u00e9ciaux, des jeux, des activit\u00e9s \u00e0 imprimer et plus encore.<\/p>\n<p><div id=\"attachment_55799\" style=\"width: 810px\" class=\"wp-caption aligncenter\"><img loading=\"lazy\" decoding=\"async\" aria-describedby=\"caption-attachment-55799\" class=\" wp-image-55798\" src=\"https:\/\/recursing-golick.147-182-135-0.plesk.page\/wp-content\/uploads\/2020\/02\/norma-villegas-vbe-fc-2020.jpg\" alt=\"\" width=\"800\" height=\"549\" srcset=\"https:\/\/interamerica.org\/wp-content\/uploads\/2020\/02\/norma-villegas-vbe-fc-2020.jpg 1000w, https:\/\/interamerica.org\/wp-content\/uploads\/2020\/02\/norma-villegas-vbe-fc-2020-300x206.jpg 300w, https:\/\/interamerica.org\/wp-content\/uploads\/2020\/02\/norma-villegas-vbe-fc-2020-768x527.jpg 768w\" sizes=\"(max-width: 800px) 100vw, 800px\" \/><p id=\"caption-attachment-55799\" class=\"wp-caption-text\">Norma Villegas, directrice des minist\u00e8res aupr\u00e8s des enfants et des adolescents pour l\u2019\u00c9glise adventiste dans le Nord du Mexique, pr\u00e9sente le th\u00e8me et les activit\u00e9s du Club de l\u2019Amiti\u00e9 de cette ann\u00e9e. [Photo: Libna Stevens \/ DIA]<\/p><\/div>Norma Villegas croit de tout c\u0153ur que le Club de l\u2019Amiti\u00e9 a un impact \u00e9vang\u00e9lique plus durable sur les enfants qui participent \u00e0 une activit\u00e9 de VBE et qui veulent apprendre et participer \u00e0 l\u2019activit\u00e9 apr\u00e8s cette semaine.<\/p>\n<p>\u00ab Le Club de l\u2019Amiti\u00e9 sert \u00e0 renforcer les principes bibliques enseign\u00e9s lors de l\u2019exp\u00e9rience biblique de vacances, il offre plus d\u2019opportunit\u00e9s de mieux conna\u00eetre sur une base personnelle, les enfants et leurs besoins, ainsi que de les faire entrer dans la vie et les activit\u00e9s de l\u2019\u00e9glise, \u00bb a d\u00e9clar\u00e9 Norma Villegas. \u00ab Il s\u2019agit essentiellement d\u2019un programme de suivi de huit semaines, qui se d\u00e9roule une fois par semaine, normalement le sabbat apr\u00e8s-midi ou m\u00eame le dimanche, et qui a vu de nombreux parents exprimer le d\u00e9sir de venir \u00e0 l\u2019\u00e9glise. \u00bb<\/p>\n<p>L\u2019ann\u00e9e derni\u00e8re, dans la r\u00e9gion Nord du Mexique, 198 des 800 \u00e9glises du territoire \u00e9taient activement impliqu\u00e9es dans l\u2019organisation des clubs de l\u2019amiti\u00e9, contre seulement 15 \u00e9glises il y a quelques ann\u00e9es. La diff\u00e9rence r\u00e9side dans le fait que le club met maintenant l\u2019accent sur l\u2019action dans les quartiers o\u00f9 les enfants vivent afin de d\u00e9couvrir et de mieux r\u00e9pondre aux besoins de la communaut\u00e9.<\/p>\n<p>\u00ab Nous croyons que ce minist\u00e8re peut \u00eatre utilis\u00e9 dans le cadre de l\u2019action d\u2019\u00e9vang\u00e9lisation en dehors des murs de notre \u00e9glise, et cela a amen\u00e9 plus d\u2019\u00e9glises \u00e0 s\u2019engager dans le suivi avec l\u2019initiative du club, \u00bb a expliqu\u00e9 Norma Villegas.<\/p>\n<p><div id=\"attachment_55808\" style=\"width: 812px\" class=\"wp-caption aligncenter\"><img loading=\"lazy\" decoding=\"async\" aria-describedby=\"caption-attachment-55808\" class=\" wp-image-55807\" src=\"https:\/\/recursing-golick.147-182-135-0.plesk.page\/wp-content\/uploads\/2020\/02\/vbe-seminar-crafts.jpg\" alt=\"\" width=\"802\" height=\"535\" srcset=\"https:\/\/interamerica.org\/wp-content\/uploads\/2020\/02\/vbe-seminar-crafts.jpg 1000w, https:\/\/interamerica.org\/wp-content\/uploads\/2020\/02\/vbe-seminar-crafts-300x200.jpg 300w, https:\/\/interamerica.org\/wp-content\/uploads\/2020\/02\/vbe-seminar-crafts-768x512.jpg 768w\" sizes=\"(max-width: 802px) 100vw, 802px\" \/><p id=\"caption-attachment-55808\" class=\"wp-caption-text\">Les d\u00e9l\u00e9gu\u00e9s assistent \u00e0 l\u2019un des nombreux s\u00e9minaires de VBE pendant la tenue de l\u2019atelier. [Photo : Libna Stevens \/ DIA]<\/p><\/div>Norma Villegas r\u00eave d\u2019atteindre tous les enfants, et leurs communaut\u00e9s, que le territoire de son union a vu l\u2019ann\u00e9e derni\u00e8re, soient plus de 25000 enfants. Elle a expliqu\u00e9 que 70 pour cent de ces enfants sont des non-adventistes et qu\u2019un suivi constant de la VBE contribuera \u00e0 enrichir spirituellement la vie de nombreuses familles et \u00e0 \u00e9veiller le besoin de chercher Dieu et son \u00e9glise. \u00ab Le jour o\u00f9 nous atteindrons 50 pourcents des enfants que nous voyons gr\u00e2ce \u00e0 ces initiatives, nous atteindrons notre objectif total de bapt\u00eame dans notre union, \u00bb a indiqu\u00e9 Norma Villegas.<\/p>\n<p>Dinorah Rivera a encourag\u00e9 les dirigeants \u00e0 continuer sans faiblir \u00e0 avoir un impact dans la vie des enfants \u00e0 travers les diverses initiatives et activit\u00e9s. \u00ab Quoi que nous fassions, ce que nous disons, la mani\u00e8re dont nous marchons, tout doit montrer \u00e0 chacun d\u2019entre eux l\u2019importance d\u2019avoir J\u00e9sus dans leur vie, \u00bb a d\u00e9clar\u00e9 Dinorah Rivera.<\/p>\n<p><div id=\"attachment_55805\" style=\"width: 983px\" class=\"wp-caption aligncenter\"><img loading=\"lazy\" decoding=\"async\" aria-describedby=\"caption-attachment-55805\" class=\" wp-image-55804\" src=\"https:\/\/recursing-golick.147-182-135-0.plesk.page\/wp-content\/uploads\/2020\/02\/vbe-delegates-group-photo-1024x519.jpg\" alt=\"\" width=\"973\" height=\"493\" srcset=\"https:\/\/interamerica.org\/wp-content\/uploads\/2020\/02\/vbe-delegates-group-photo-1024x519.jpg 1024w, https:\/\/interamerica.org\/wp-content\/uploads\/2020\/02\/vbe-delegates-group-photo-300x152.jpg 300w, https:\/\/interamerica.org\/wp-content\/uploads\/2020\/02\/vbe-delegates-group-photo-768x389.jpg 768w, https:\/\/interamerica.org\/wp-content\/uploads\/2020\/02\/vbe-delegates-group-photo.jpg 1150w\" sizes=\"(max-width: 973px) 100vw, 973px\" \/><p id=\"caption-attachment-55805\" class=\"wp-caption-text\">Photo de groupe de la d\u00e9l\u00e9gation de deux cents personnes lors des sessions de formation sur l\u2019exp\u00e9rience biblique de vacances le 19 f\u00e9vrier 2020. [Photo : Libna Stevens \/ DIA]<\/p><\/div>Pour en savoir plus sur les minist\u00e8res des enfants et des adolescents en Inter Am\u00e9rique, cliquez <a href=\"https:\/\/recursing-golick.147-182-135-0.plesk.page\/department\/children-and-adolescents-ministries\/\">ICI<\/a><\/p>\n<p>Pour voir la c\u00e9r\u00e9monie sp\u00e9ciale du 19 f\u00e9vrier 2020, en ligne, cliquez <a href=\"https:\/\/www.youtube.com\/watch?v=Itb9b_PY7EM&amp;t=29s\">ICI<\/a><\/p>\n<p>Pour la galerie photo, cliquez <a href=\"https:\/\/www.flickr.com\/photos\/interamerica\/albums\/72157713169021398\">ICI<\/a><\/p>\n<p>Traduction: Patrick Luciathe<\/p>\n","protected":false},"excerpt":{"rendered":"<p>26 F\u00e9vrier 2020 | Miami, Floride, \u00c9tats-Unis | Libna Stevens, Division Inter Am\u00e9ricaine Lors d\u2019un atelier en ligne, les minist\u00e8res aupr\u00e8s des enfants et des adolescents de l\u2019Inter Am\u00e9rique ont&#8230;<\/p>\n","protected":false},"author":3,"featured_media":55792,"comment_status":"open","ping_status":"closed","sticky":false,"template":"","format":"standard","meta":{"_acf_changed":false,"footnotes":""},"categories":[20,19],"tags":[],"class_list":["post-55831","post","type-post","status-publish","format-standard","has-post-thumbnail","hentry","category-nouvelles-du-siege-de-la-division","category-rss-francais"],"acf":[],"yoast_head":"<!-- This site is optimized with the Yoast SEO plugin v27.3 - https:\/\/yoast.com\/product\/yoast-seo-wordpress\/ -->\n<title>L\u2019Inter-Am\u00e9rique lance un nouveau programme d\u2019Exp\u00e9rience Biblique de Vacances - \u00c9glise Adventiste Du Septieme Jour - Inter Am\u00e9rique Division<\/title>\n<meta name=\"robots\" content=\"index, follow, max-snippet:-1, max-image-preview:large, max-video-preview:-1\" \/>\n<link rel=\"canonical\" href=\"https:\/\/interamerica.org\/fr\/2020\/02\/linter-amerique-lance-un-nouveau-programme-dexperience-biblique-de-vacances\/\" \/>\n<meta property=\"og:locale\" content=\"fr_FR\" \/>\n<meta property=\"og:type\" content=\"article\" \/>\n<meta property=\"og:title\" content=\"L\u2019Inter-Am\u00e9rique lance un nouveau programme d\u2019Exp\u00e9rience Biblique de Vacances - \u00c9glise Adventiste Du Septieme Jour - Inter Am\u00e9rique Division\" \/>\n<meta property=\"og:description\" content=\"26 F\u00e9vrier 2020 | Miami, Floride, \u00c9tats-Unis | Libna Stevens, Division Inter Am\u00e9ricaine Lors d\u2019un atelier en ligne, les minist\u00e8res aupr\u00e8s des enfants et des adolescents de l\u2019Inter Am\u00e9rique ont...\" \/>\n<meta property=\"og:url\" content=\"https:\/\/interamerica.org\/fr\/2020\/02\/linter-amerique-lance-un-nouveau-programme-dexperience-biblique-de-vacances\/\" \/>\n<meta property=\"og:site_name\" content=\"\u00c9glise Adventiste Du Septieme Jour - Inter Am\u00e9rique Division\" \/>\n<meta property=\"article:published_time\" content=\"2020-02-27T02:02:04+00:00\" \/>\n<meta property=\"article:modified_time\" content=\"2020-02-28T11:58:22+00:00\" \/>\n<meta property=\"og:image\" content=\"https:\/\/interamerica.org\/wp-content\/uploads\/2020\/02\/dinorah-rivera-vbe.jpg\" \/>\n\t<meta property=\"og:image:width\" content=\"1000\" \/>\n\t<meta property=\"og:image:height\" content=\"667\" \/>\n\t<meta property=\"og:image:type\" content=\"image\/jpeg\" \/>\n<meta name=\"author\" content=\"libna\" \/>\n<meta name=\"twitter:card\" content=\"summary_large_image\" \/>\n<meta name=\"twitter:label1\" content=\"\u00c9crit par\" \/>\n\t<meta name=\"twitter:data1\" content=\"libna\" \/>\n\t<meta name=\"twitter:label2\" content=\"Dur\u00e9e de lecture estim\u00e9e\" \/>\n\t<meta name=\"twitter:data2\" content=\"10 minutes\" \/>\n<script type=\"application\/ld+json\" class=\"yoast-schema-graph\">{\"@context\":\"https:\\\/\\\/schema.org\",\"@graph\":[{\"@type\":\"Article\",\"@id\":\"https:\\\/\\\/interamerica.org\\\/fr\\\/2020\\\/02\\\/linter-amerique-lance-un-nouveau-programme-dexperience-biblique-de-vacances\\\/#article\",\"isPartOf\":{\"@id\":\"https:\\\/\\\/interamerica.org\\\/fr\\\/2020\\\/02\\\/linter-amerique-lance-un-nouveau-programme-dexperience-biblique-de-vacances\\\/\"},\"author\":{\"name\":\"libna\",\"@id\":\"https:\\\/\\\/interamerica.org\\\/fr\\\/#\\\/schema\\\/person\\\/29998f2bc2d8bd0d38662909289b54f1\"},\"headline\":\"L\u2019Inter-Am\u00e9rique lance un nouveau programme d\u2019Exp\u00e9rience Biblique de Vacances\",\"datePublished\":\"2020-02-27T02:02:04+00:00\",\"dateModified\":\"2020-02-28T11:58:22+00:00\",\"mainEntityOfPage\":{\"@id\":\"https:\\\/\\\/interamerica.org\\\/fr\\\/2020\\\/02\\\/linter-amerique-lance-un-nouveau-programme-dexperience-biblique-de-vacances\\\/\"},\"wordCount\":2060,\"commentCount\":0,\"image\":{\"@id\":\"https:\\\/\\\/interamerica.org\\\/fr\\\/2020\\\/02\\\/linter-amerique-lance-un-nouveau-programme-dexperience-biblique-de-vacances\\\/#primaryimage\"},\"thumbnailUrl\":\"https:\\\/\\\/interamerica.org\\\/wp-content\\\/uploads\\\/2020\\\/02\\\/dinorah-rivera-vbe.jpg\",\"articleSection\":[\"Nouvelles du si\u00e8ge de la division\",\"RSS Fran\u00e7ais\"],\"inLanguage\":\"fr-FR\",\"potentialAction\":[{\"@type\":\"CommentAction\",\"name\":\"Comment\",\"target\":[\"https:\\\/\\\/interamerica.org\\\/fr\\\/2020\\\/02\\\/linter-amerique-lance-un-nouveau-programme-dexperience-biblique-de-vacances\\\/#respond\"]}]},{\"@type\":\"WebPage\",\"@id\":\"https:\\\/\\\/interamerica.org\\\/fr\\\/2020\\\/02\\\/linter-amerique-lance-un-nouveau-programme-dexperience-biblique-de-vacances\\\/\",\"url\":\"https:\\\/\\\/interamerica.org\\\/fr\\\/2020\\\/02\\\/linter-amerique-lance-un-nouveau-programme-dexperience-biblique-de-vacances\\\/\",\"name\":\"L\u2019Inter-Am\u00e9rique lance un nouveau programme d\u2019Exp\u00e9rience Biblique de Vacances - \u00c9glise Adventiste Du Septieme Jour - Inter Am\u00e9rique Division\",\"isPartOf\":{\"@id\":\"https:\\\/\\\/interamerica.org\\\/fr\\\/#website\"},\"primaryImageOfPage\":{\"@id\":\"https:\\\/\\\/interamerica.org\\\/fr\\\/2020\\\/02\\\/linter-amerique-lance-un-nouveau-programme-dexperience-biblique-de-vacances\\\/#primaryimage\"},\"image\":{\"@id\":\"https:\\\/\\\/interamerica.org\\\/fr\\\/2020\\\/02\\\/linter-amerique-lance-un-nouveau-programme-dexperience-biblique-de-vacances\\\/#primaryimage\"},\"thumbnailUrl\":\"https:\\\/\\\/interamerica.org\\\/wp-content\\\/uploads\\\/2020\\\/02\\\/dinorah-rivera-vbe.jpg\",\"datePublished\":\"2020-02-27T02:02:04+00:00\",\"dateModified\":\"2020-02-28T11:58:22+00:00\",\"author\":{\"@id\":\"https:\\\/\\\/interamerica.org\\\/fr\\\/#\\\/schema\\\/person\\\/29998f2bc2d8bd0d38662909289b54f1\"},\"breadcrumb\":{\"@id\":\"https:\\\/\\\/interamerica.org\\\/fr\\\/2020\\\/02\\\/linter-amerique-lance-un-nouveau-programme-dexperience-biblique-de-vacances\\\/#breadcrumb\"},\"inLanguage\":\"fr-FR\",\"potentialAction\":[{\"@type\":\"ReadAction\",\"target\":[\"https:\\\/\\\/interamerica.org\\\/fr\\\/2020\\\/02\\\/linter-amerique-lance-un-nouveau-programme-dexperience-biblique-de-vacances\\\/\"]}]},{\"@type\":\"ImageObject\",\"inLanguage\":\"fr-FR\",\"@id\":\"https:\\\/\\\/interamerica.org\\\/fr\\\/2020\\\/02\\\/linter-amerique-lance-un-nouveau-programme-dexperience-biblique-de-vacances\\\/#primaryimage\",\"url\":\"https:\\\/\\\/interamerica.org\\\/wp-content\\\/uploads\\\/2020\\\/02\\\/dinorah-rivera-vbe.jpg\",\"contentUrl\":\"https:\\\/\\\/interamerica.org\\\/wp-content\\\/uploads\\\/2020\\\/02\\\/dinorah-rivera-vbe.jpg\",\"width\":1000,\"height\":667,\"caption\":\"[Photo: Libna Stevens\\\/DIA]\"},{\"@type\":\"BreadcrumbList\",\"@id\":\"https:\\\/\\\/interamerica.org\\\/fr\\\/2020\\\/02\\\/linter-amerique-lance-un-nouveau-programme-dexperience-biblique-de-vacances\\\/#breadcrumb\",\"itemListElement\":[{\"@type\":\"ListItem\",\"position\":1,\"name\":\"Home\",\"item\":\"https:\\\/\\\/interamerica.org\\\/fr\\\/\"},{\"@type\":\"ListItem\",\"position\":2,\"name\":\"L\u2019Inter-Am\u00e9rique lance un nouveau programme d\u2019Exp\u00e9rience Biblique de Vacances\"}]},{\"@type\":\"WebSite\",\"@id\":\"https:\\\/\\\/interamerica.org\\\/fr\\\/#website\",\"url\":\"https:\\\/\\\/interamerica.org\\\/fr\\\/\",\"name\":\"\u00c9glise Adventiste Du Septieme Jour - Inter Am\u00e9rique Division\",\"description\":\"\",\"potentialAction\":[{\"@type\":\"SearchAction\",\"target\":{\"@type\":\"EntryPoint\",\"urlTemplate\":\"https:\\\/\\\/interamerica.org\\\/fr\\\/?s={search_term_string}\"},\"query-input\":{\"@type\":\"PropertyValueSpecification\",\"valueRequired\":true,\"valueName\":\"search_term_string\"}}],\"inLanguage\":\"fr-FR\"},{\"@type\":\"Person\",\"@id\":\"https:\\\/\\\/interamerica.org\\\/fr\\\/#\\\/schema\\\/person\\\/29998f2bc2d8bd0d38662909289b54f1\",\"name\":\"libna\",\"image\":{\"@type\":\"ImageObject\",\"inLanguage\":\"fr-FR\",\"@id\":\"https:\\\/\\\/secure.gravatar.com\\\/avatar\\\/7c5bd30ae4b47a9ba3c856590957fd1d96dc588bf3ac05719d247e126840331f?s=96&d=mm&r=g\",\"url\":\"https:\\\/\\\/secure.gravatar.com\\\/avatar\\\/7c5bd30ae4b47a9ba3c856590957fd1d96dc588bf3ac05719d247e126840331f?s=96&d=mm&r=g\",\"contentUrl\":\"https:\\\/\\\/secure.gravatar.com\\\/avatar\\\/7c5bd30ae4b47a9ba3c856590957fd1d96dc588bf3ac05719d247e126840331f?s=96&d=mm&r=g\",\"caption\":\"libna\"}}]}<\/script>\n<!-- \/ Yoast SEO plugin. -->","yoast_head_json":{"title":"L\u2019Inter-Am\u00e9rique lance un nouveau programme d\u2019Exp\u00e9rience Biblique de Vacances - \u00c9glise Adventiste Du Septieme Jour - Inter Am\u00e9rique Division","robots":{"index":"index","follow":"follow","max-snippet":"max-snippet:-1","max-image-preview":"max-image-preview:large","max-video-preview":"max-video-preview:-1"},"canonical":"https:\/\/interamerica.org\/fr\/2020\/02\/linter-amerique-lance-un-nouveau-programme-dexperience-biblique-de-vacances\/","og_locale":"fr_FR","og_type":"article","og_title":"L\u2019Inter-Am\u00e9rique lance un nouveau programme d\u2019Exp\u00e9rience Biblique de Vacances - \u00c9glise Adventiste Du Septieme Jour - Inter Am\u00e9rique Division","og_description":"26 F\u00e9vrier 2020 | Miami, Floride, \u00c9tats-Unis | Libna Stevens, Division Inter Am\u00e9ricaine Lors d\u2019un atelier en ligne, les minist\u00e8res aupr\u00e8s des enfants et des adolescents de l\u2019Inter Am\u00e9rique ont...","og_url":"https:\/\/interamerica.org\/fr\/2020\/02\/linter-amerique-lance-un-nouveau-programme-dexperience-biblique-de-vacances\/","og_site_name":"\u00c9glise Adventiste Du Septieme Jour - Inter Am\u00e9rique Division","article_published_time":"2020-02-27T02:02:04+00:00","article_modified_time":"2020-02-28T11:58:22+00:00","og_image":[{"width":1000,"height":667,"url":"https:\/\/interamerica.org\/wp-content\/uploads\/2020\/02\/dinorah-rivera-vbe.jpg","type":"image\/jpeg"}],"author":"libna","twitter_card":"summary_large_image","twitter_misc":{"\u00c9crit par":"libna","Dur\u00e9e de lecture estim\u00e9e":"10 minutes"},"schema":{"@context":"https:\/\/schema.org","@graph":[{"@type":"Article","@id":"https:\/\/interamerica.org\/fr\/2020\/02\/linter-amerique-lance-un-nouveau-programme-dexperience-biblique-de-vacances\/#article","isPartOf":{"@id":"https:\/\/interamerica.org\/fr\/2020\/02\/linter-amerique-lance-un-nouveau-programme-dexperience-biblique-de-vacances\/"},"author":{"name":"libna","@id":"https:\/\/interamerica.org\/fr\/#\/schema\/person\/29998f2bc2d8bd0d38662909289b54f1"},"headline":"L\u2019Inter-Am\u00e9rique lance un nouveau programme d\u2019Exp\u00e9rience Biblique de Vacances","datePublished":"2020-02-27T02:02:04+00:00","dateModified":"2020-02-28T11:58:22+00:00","mainEntityOfPage":{"@id":"https:\/\/interamerica.org\/fr\/2020\/02\/linter-amerique-lance-un-nouveau-programme-dexperience-biblique-de-vacances\/"},"wordCount":2060,"commentCount":0,"image":{"@id":"https:\/\/interamerica.org\/fr\/2020\/02\/linter-amerique-lance-un-nouveau-programme-dexperience-biblique-de-vacances\/#primaryimage"},"thumbnailUrl":"https:\/\/interamerica.org\/wp-content\/uploads\/2020\/02\/dinorah-rivera-vbe.jpg","articleSection":["Nouvelles du si\u00e8ge de la division","RSS Fran\u00e7ais"],"inLanguage":"fr-FR","potentialAction":[{"@type":"CommentAction","name":"Comment","target":["https:\/\/interamerica.org\/fr\/2020\/02\/linter-amerique-lance-un-nouveau-programme-dexperience-biblique-de-vacances\/#respond"]}]},{"@type":"WebPage","@id":"https:\/\/interamerica.org\/fr\/2020\/02\/linter-amerique-lance-un-nouveau-programme-dexperience-biblique-de-vacances\/","url":"https:\/\/interamerica.org\/fr\/2020\/02\/linter-amerique-lance-un-nouveau-programme-dexperience-biblique-de-vacances\/","name":"L\u2019Inter-Am\u00e9rique lance un nouveau programme d\u2019Exp\u00e9rience Biblique de Vacances - \u00c9glise Adventiste Du Septieme Jour - Inter Am\u00e9rique Division","isPartOf":{"@id":"https:\/\/interamerica.org\/fr\/#website"},"primaryImageOfPage":{"@id":"https:\/\/interamerica.org\/fr\/2020\/02\/linter-amerique-lance-un-nouveau-programme-dexperience-biblique-de-vacances\/#primaryimage"},"image":{"@id":"https:\/\/interamerica.org\/fr\/2020\/02\/linter-amerique-lance-un-nouveau-programme-dexperience-biblique-de-vacances\/#primaryimage"},"thumbnailUrl":"https:\/\/interamerica.org\/wp-content\/uploads\/2020\/02\/dinorah-rivera-vbe.jpg","datePublished":"2020-02-27T02:02:04+00:00","dateModified":"2020-02-28T11:58:22+00:00","author":{"@id":"https:\/\/interamerica.org\/fr\/#\/schema\/person\/29998f2bc2d8bd0d38662909289b54f1"},"breadcrumb":{"@id":"https:\/\/interamerica.org\/fr\/2020\/02\/linter-amerique-lance-un-nouveau-programme-dexperience-biblique-de-vacances\/#breadcrumb"},"inLanguage":"fr-FR","potentialAction":[{"@type":"ReadAction","target":["https:\/\/interamerica.org\/fr\/2020\/02\/linter-amerique-lance-un-nouveau-programme-dexperience-biblique-de-vacances\/"]}]},{"@type":"ImageObject","inLanguage":"fr-FR","@id":"https:\/\/interamerica.org\/fr\/2020\/02\/linter-amerique-lance-un-nouveau-programme-dexperience-biblique-de-vacances\/#primaryimage","url":"https:\/\/interamerica.org\/wp-content\/uploads\/2020\/02\/dinorah-rivera-vbe.jpg","contentUrl":"https:\/\/interamerica.org\/wp-content\/uploads\/2020\/02\/dinorah-rivera-vbe.jpg","width":1000,"height":667,"caption":"[Photo: Libna Stevens\/DIA]"},{"@type":"BreadcrumbList","@id":"https:\/\/interamerica.org\/fr\/2020\/02\/linter-amerique-lance-un-nouveau-programme-dexperience-biblique-de-vacances\/#breadcrumb","itemListElement":[{"@type":"ListItem","position":1,"name":"Home","item":"https:\/\/interamerica.org\/fr\/"},{"@type":"ListItem","position":2,"name":"L\u2019Inter-Am\u00e9rique lance un nouveau programme d\u2019Exp\u00e9rience Biblique de Vacances"}]},{"@type":"WebSite","@id":"https:\/\/interamerica.org\/fr\/#website","url":"https:\/\/interamerica.org\/fr\/","name":"\u00c9glise Adventiste Du Septieme Jour - Inter Am\u00e9rique Division","description":"","potentialAction":[{"@type":"SearchAction","target":{"@type":"EntryPoint","urlTemplate":"https:\/\/interamerica.org\/fr\/?s={search_term_string}"},"query-input":{"@type":"PropertyValueSpecification","valueRequired":true,"valueName":"search_term_string"}}],"inLanguage":"fr-FR"},{"@type":"Person","@id":"https:\/\/interamerica.org\/fr\/#\/schema\/person\/29998f2bc2d8bd0d38662909289b54f1","name":"libna","image":{"@type":"ImageObject","inLanguage":"fr-FR","@id":"https:\/\/secure.gravatar.com\/avatar\/7c5bd30ae4b47a9ba3c856590957fd1d96dc588bf3ac05719d247e126840331f?s=96&d=mm&r=g","url":"https:\/\/secure.gravatar.com\/avatar\/7c5bd30ae4b47a9ba3c856590957fd1d96dc588bf3ac05719d247e126840331f?s=96&d=mm&r=g","contentUrl":"https:\/\/secure.gravatar.com\/avatar\/7c5bd30ae4b47a9ba3c856590957fd1d96dc588bf3ac05719d247e126840331f?s=96&d=mm&r=g","caption":"libna"}}]}},"_links":{"self":[{"href":"https:\/\/interamerica.org\/fr\/wp-json\/wp\/v2\/posts\/55831","targetHints":{"allow":["GET"]}}],"collection":[{"href":"https:\/\/interamerica.org\/fr\/wp-json\/wp\/v2\/posts"}],"about":[{"href":"https:\/\/interamerica.org\/fr\/wp-json\/wp\/v2\/types\/post"}],"author":[{"embeddable":true,"href":"https:\/\/interamerica.org\/fr\/wp-json\/wp\/v2\/users\/3"}],"replies":[{"embeddable":true,"href":"https:\/\/interamerica.org\/fr\/wp-json\/wp\/v2\/comments?post=55831"}],"version-history":[{"count":0,"href":"https:\/\/interamerica.org\/fr\/wp-json\/wp\/v2\/posts\/55831\/revisions"}],"wp:featuredmedia":[{"embeddable":true,"href":"https:\/\/interamerica.org\/fr\/wp-json\/wp\/v2\/media\/55792"}],"wp:attachment":[{"href":"https:\/\/interamerica.org\/fr\/wp-json\/wp\/v2\/media?parent=55831"}],"wp:term":[{"taxonomy":"category","embeddable":true,"href":"https:\/\/interamerica.org\/fr\/wp-json\/wp\/v2\/categories?post=55831"},{"taxonomy":"post_tag","embeddable":true,"href":"https:\/\/interamerica.org\/fr\/wp-json\/wp\/v2\/tags?post=55831"}],"curies":[{"name":"wp","href":"https:\/\/api.w.org\/{rel}","templated":true}]}}