{"id":55990,"date":"2020-03-04T15:58:32","date_gmt":"2020-03-04T19:58:32","guid":{"rendered":"https:\/\/recursing-golick.147-182-135-0.plesk.page\/?p=55990"},"modified":"2020-04-03T09:34:51","modified_gmt":"2020-04-03T13:34:51","slug":"la-premiere-eglise-etablie-au-mexique-celebre-son-120e-anniversaire","status":"publish","type":"post","link":"https:\/\/interamerica.org\/fr\/2020\/03\/la-premiere-eglise-etablie-au-mexique-celebre-son-120e-anniversaire\/","title":{"rendered":"La premi\u00e8re \u00e9glise \u00e9tablie au Mexique c\u00e9l\u00e8bre son 120e anniversaire"},"content":{"rendered":"<div style=\"width: 812px\" class=\"wp-caption aligncenter\"><img fetchpriority=\"high\" decoding=\"async\" class=\"\" src=\"https:\/\/recursing-golick.147-182-135-0.plesk.page\/wp-content\/uploads\/2020\/03\/cemu-tacubaya-members.jpg\" alt=\"\" width=\"802\" height=\"501\" \/><p class=\"wp-caption-text\">Le 14 d\u00e9cembre 2019, des adventistes du septi\u00e8me jour sont venus c\u00e9l\u00e9brer le 120e anniversaire de l\u2019\u00e9glise de Tacubaya \u00e0 Mexico. Cette \u00e9glise fut la toute premi\u00e8re \u00e9glise adventiste organis\u00e9e et \u00e9tablie au Mexique en 1899. Une photo de Claudia Diaz.<\/p><\/div>\n<p>Le 4 mars 2020 | Mexico, Mexique | Fabiola Quinto\/personnel de l\u2019information de la DIA<\/p>\n<p>Les dirigeants et les membres de l\u2019\u00e9glise adventiste du septi\u00e8me jour de Tacubaya \u00e0 Mexico, au Mexique, ont r\u00e9cemment c\u00e9l\u00e9br\u00e9 le 120<sup>e<\/sup> anniversaire de l\u2019\u00e9tablissement de leur \u00e9glise. Anciens dirigeants, dirigeants actuels et membres de l\u2019\u00e9glise ont profit\u00e9 du programme de c\u00e9l\u00e9bration pour se rem\u00e9morer les b\u00e9n\u00e9dictions de Dieu et la propagation du message adventiste dans tout le pays.<\/p>\n<p>L\u2019\u00e9glise de Tacubaya a \u00e9t\u00e9 la premi\u00e8re \u00e9glise adventiste \u00e0 voir le jour au Mexique. C\u2019est en 1891 qu\u2019un missionnaire italien est arriv\u00e9 dans la capitale mexicaine pour distribuer 2\u00a0500 exemplaires de <em>La trag\u00e9die des si\u00e8cles<\/em>, un livre \u00e9crit par Ellen G. White, cofondatrice de l\u2019\u00c9glise adventiste du septi\u00e8me jour. Plus tard, en 1899, George Washington Cavines a \u00e9tabli, avec d\u2019autres missionnaires, la premi\u00e8re \u00e9glise adventiste dans la banlieue d\u2019Escandon. C\u2019est ce que le pasteur adventiste Velino Salazar raconte dans son livre <em>100 A\u00f1os del Adventismo en Mexico <\/em>(\u00ab\u00a0100 ans d\u2019adventisme au Mexique\u00a0\u00bb).<\/p>\n<p>Aujourd\u2019hui, Mexico et sa r\u00e9gion m\u00e9tropolitaine comptent 254 \u00e9glises et plus de 88\u00a0000 adventistes.<\/p>\n<div style=\"width: 811px\" class=\"wp-caption aligncenter\"><img decoding=\"async\" class=\"\" src=\"https:\/\/recursing-golick.147-182-135-0.plesk.page\/wp-content\/uploads\/2020\/03\/cemu-tacubaya-church.jpg\" alt=\"\" width=\"801\" height=\"534\" \/><p class=\"wp-caption-text\">Les membres d\u2019\u00e9glise participent \u00e0 la c\u00e9l\u00e9bration du 120e anniversaire de l\u2019\u00e9glise adventiste de Tacubaya \u00e0 Mexico, au Mexique. Une photo de Claudia Diaz.<\/p><\/div>\n<p>Au Mexique, l\u2019\u00c9glise est divis\u00e9e en cinq grands territoires qui supervisent plus de 4\u00a0690 \u00e9glises et 781\u00a0000 membres.<\/p>\n<p>\u00ab\u00a0D\u00e8s la mise sur pied de la toute premi\u00e8re \u00e9glise, de la maison d\u2019\u00e9dition, de la premi\u00e8re \u00e9cole, qui a plus tard transf\u00e9r\u00e9 son si\u00e8ge \u00e0 Montemorelos, au Nuevo Le\u00f3n, et du Sanatorium, nous avons vu les incroyables avanc\u00e9es de l\u2019\u0153uvre au Mexique\u00a0\u00bb, a racont\u00e9 David Javier, pr\u00e9sident de la maison d\u2019\u00e9dition adventiste <em>GEMA Editores<\/em> et membre de l\u2019\u00e9glise de Tacubaya.<\/p>\n<p>Lors du programme de c\u00e9l\u00e9bration, des anciens membres et pasteurs de l\u2019\u00e9glise de Tacubaya ont partag\u00e9 des t\u00e9moignages.<\/p>\n<div style=\"width: 811px\" class=\"wp-caption aligncenter\"><img decoding=\"async\" class=\"\" src=\"https:\/\/recursing-golick.147-182-135-0.plesk.page\/wp-content\/uploads\/2020\/03\/cemu-tacubaya-plaque-unveiling.jpg\" alt=\"\" width=\"801\" height=\"534\" \/><p class=\"wp-caption-text\">Le pasteur C\u00e9sar Hern\u00e1ndez, pr\u00e9sident de la F\u00e9d\u00e9ration d\u2019Azteca de l\u2019Union centre-mexicaine, d\u00e9voile la nouvelle plaque comm\u00e9morative de la c\u00e9l\u00e9bration du 120e anniversaire \u00e0 l\u2019entr\u00e9e de l\u2019\u00e9glise sous le regard du pasteur David Javier, pr\u00e9sident des GEMA Editores. Une photo de Claudia Diaz.<\/p><\/div>\n<p>\u00ab\u00a0Je me souviens clairement de l\u2019ancien b\u00e2timent d\u2019\u00e9glise\u00a0\u00bb, a dit Noe Luna, un membre \u00e2g\u00e9 de l\u2019\u00e9glise. En 1960, l\u2019\u00e9glise a \u00e9t\u00e9 reconstruite pour pouvoir accueillir 400 personnes, rempla\u00e7ant la structure originale qui \u00e9tait beaucoup plus petite. \u00ab\u00a0J\u2019\u00e9tais encore un gar\u00e7on lorsqu\u2019ils ont d\u00e9cid\u00e9 que l\u2019\u00e9glise devait \u00eatre plus grande et qu\u2019ils ont tout d\u00e9moli pour reconstruire un nouveau b\u00e2timent contenant plus de si\u00e8ges.\u00a0\u00bb<\/p>\n<p>Le pasteur Angel Ram\u00edrez, qui a dirig\u00e9 l\u2019\u00e9glise adventiste de Tacubaya dans les ann\u00e9es\u00a01970, s\u2019est souvenu du jour o\u00f9 100 nouveaux membres ont \u00e9t\u00e9 baptis\u00e9s en m\u00eame temps. Il a \u00e9galement parl\u00e9 de l\u2019installation de nouveaux bancs et de la construction du sanatorium adventiste adjacent \u00e0 l\u2019\u00e9glise. \u00ab\u00a0J\u2019\u00e9tais le pasteur de cette \u00e9glise il y a 48 ans. Nous avons grandi en tant qu\u2019\u00e9glise et nous avons soutenu l\u2019\u00e9cole adventiste Ignacio Altamirano ainsi que le sanatorium.\u00a0\u00bb<\/p>\n<p>Des messages vid\u00e9o d\u2019anciens pasteurs et dirigeants de l\u2019\u00e9glise ont \u00e9galement \u00e9t\u00e9 pr\u00e9sent\u00e9s. Les membres actuels y ont \u00e9t\u00e9 encourag\u00e9s de continuer dans la foi et d\u2019amener d\u2019autres personnes aux pieds de J\u00e9sus.<\/p>\n<div style=\"width: 811px\" class=\"wp-caption aligncenter\"><img loading=\"lazy\" decoding=\"async\" class=\"\" src=\"https:\/\/recursing-golick.147-182-135-0.plesk.page\/wp-content\/uploads\/2020\/03\/cemu-tacubaya-angel-ramirez.jpg\" alt=\"\" width=\"801\" height=\"534\" \/><p class=\"wp-caption-text\">Le pasteur Angel Ram\u00edrez, qui a dirig\u00e9 l\u2019\u00e9glise de 1975 \u00e0 1979, a partag\u00e9 quelques mots lors de la c\u00e9l\u00e9bration. Une photo de Claudia Diaz.<\/p><\/div>\n<p>Le pasteur Abner De Los Santos, qui occupe le poste de vice-pr\u00e9sident de l\u2019\u00c9glise adventiste mondiale et qui a d\u00e9j\u00e0 \u00e9t\u00e9 membre de l\u2019\u00e9glise de Tacubaya, a envoy\u00e9 ses salutations et motiv\u00e9 les membres \u00e0 poursuivre leur minist\u00e8re aupr\u00e8s des gens de la communaut\u00e9.<\/p>\n<p>Le pasteur C\u00e9sar Hern\u00e1ndez, pr\u00e9sident de la F\u00e9d\u00e9ration d\u2019Azteca, qui supervise l\u2019\u00c9glise d\u2019une partie de Mexico, a f\u00e9licit\u00e9 les anciens membres et les membres actuels pour leurs efforts d\u2019\u00eatre utilis\u00e9s dans la propagation de l\u2019\u0153uvre de l\u2019\u00c9glise au Mexique. Il a motiv\u00e9 les membres de l\u2019assembl\u00e9e \u00e0 demeurer fermes et fid\u00e8les, puis \u00e0 partager l\u2019esp\u00e9rance de l\u2019\u00c9vangile partout o\u00f9 ils vont.<\/p>\n<p>Une plaque comm\u00e9morative a aussi \u00e9t\u00e9 d\u00e9voil\u00e9e \u00e0 l\u2019entr\u00e9e de l\u2019\u00e9glise adventiste de Tacubaya lors de la c\u00e9r\u00e9monie sp\u00e9ciale.<\/p>\n<div style=\"width: 811px\" class=\"wp-caption aligncenter\"><img loading=\"lazy\" decoding=\"async\" class=\"\" src=\"https:\/\/recursing-golick.147-182-135-0.plesk.page\/wp-content\/uploads\/2020\/03\/cemu-tacubaya-cakes.jpg\" alt=\"\" width=\"801\" height=\"534\" \/><p class=\"wp-caption-text\">Des dirigeants de l\u2019\u00c9glise tiennent des g\u00e2teaux comm\u00e9moratifs du 120e anniversaire de l\u2019\u00e9glise adventiste de Tacubaya lors des activit\u00e9s de comm\u00e9moration. Une photo de Claudia Diaz.<\/p><\/div>\n","protected":false},"excerpt":{"rendered":"<p>Le 4 mars 2020 | Mexico, Mexique | Fabiola Quinto\/personnel de l\u2019information de la DIA Les dirigeants et les membres de l\u2019\u00e9glise adventiste du septi\u00e8me jour de Tacubaya \u00e0 Mexico,&#8230;<\/p>\n","protected":false},"author":3,"featured_media":55964,"comment_status":"open","ping_status":"closed","sticky":false,"template":"","format":"standard","meta":{"_acf_changed":false,"footnotes":""},"categories":[21,19],"tags":[],"class_list":["post-55990","post","type-post","status-publish","format-standard","has-post-thumbnail","hentry","category-nouvelles-du-territoire","category-rss-francais"],"acf":[],"yoast_head":"<!-- This site is optimized with the Yoast SEO plugin v27.3 - https:\/\/yoast.com\/product\/yoast-seo-wordpress\/ -->\n<title>La premi\u00e8re \u00e9glise \u00e9tablie au Mexique c\u00e9l\u00e8bre son 120e anniversaire - \u00c9glise Adventiste Du Septieme Jour - Inter Am\u00e9rique Division<\/title>\n<meta name=\"robots\" content=\"index, follow, max-snippet:-1, max-image-preview:large, max-video-preview:-1\" \/>\n<link rel=\"canonical\" href=\"https:\/\/interamerica.org\/fr\/2020\/03\/la-premiere-eglise-etablie-au-mexique-celebre-son-120e-anniversaire\/\" \/>\n<meta property=\"og:locale\" content=\"fr_FR\" \/>\n<meta property=\"og:type\" content=\"article\" \/>\n<meta property=\"og:title\" content=\"La premi\u00e8re \u00e9glise \u00e9tablie au Mexique c\u00e9l\u00e8bre son 120e anniversaire - \u00c9glise Adventiste Du Septieme Jour - Inter Am\u00e9rique Division\" \/>\n<meta property=\"og:description\" content=\"Le 4 mars 2020 | Mexico, Mexique | Fabiola Quinto\/personnel de l\u2019information de la DIA Les dirigeants et les membres de l\u2019\u00e9glise adventiste du septi\u00e8me jour de Tacubaya \u00e0 Mexico,...\" \/>\n<meta property=\"og:url\" content=\"https:\/\/interamerica.org\/fr\/2020\/03\/la-premiere-eglise-etablie-au-mexique-celebre-son-120e-anniversaire\/\" \/>\n<meta property=\"og:site_name\" content=\"\u00c9glise Adventiste Du Septieme Jour - Inter Am\u00e9rique Division\" \/>\n<meta property=\"article:published_time\" content=\"2020-03-04T19:58:32+00:00\" \/>\n<meta property=\"article:modified_time\" content=\"2020-04-03T13:34:51+00:00\" \/>\n<meta property=\"og:image\" content=\"https:\/\/interamerica.org\/wp-content\/uploads\/2020\/03\/cemu-tacubaya-cakes.jpg\" \/>\n\t<meta property=\"og:image:width\" content=\"1000\" \/>\n\t<meta property=\"og:image:height\" content=\"667\" \/>\n\t<meta property=\"og:image:type\" content=\"image\/jpeg\" \/>\n<meta name=\"author\" content=\"libna\" \/>\n<meta name=\"twitter:card\" content=\"summary_large_image\" \/>\n<meta name=\"twitter:label1\" content=\"\u00c9crit par\" \/>\n\t<meta name=\"twitter:data1\" content=\"libna\" \/>\n\t<meta name=\"twitter:label2\" content=\"Dur\u00e9e de lecture estim\u00e9e\" \/>\n\t<meta name=\"twitter:data2\" content=\"4 minutes\" \/>\n<script type=\"application\/ld+json\" class=\"yoast-schema-graph\">{\"@context\":\"https:\\\/\\\/schema.org\",\"@graph\":[{\"@type\":\"Article\",\"@id\":\"https:\\\/\\\/interamerica.org\\\/fr\\\/2020\\\/03\\\/la-premiere-eglise-etablie-au-mexique-celebre-son-120e-anniversaire\\\/#article\",\"isPartOf\":{\"@id\":\"https:\\\/\\\/interamerica.org\\\/fr\\\/2020\\\/03\\\/la-premiere-eglise-etablie-au-mexique-celebre-son-120e-anniversaire\\\/\"},\"author\":{\"name\":\"libna\",\"@id\":\"https:\\\/\\\/interamerica.org\\\/fr\\\/#\\\/schema\\\/person\\\/29998f2bc2d8bd0d38662909289b54f1\"},\"headline\":\"La premi\u00e8re \u00e9glise \u00e9tablie au Mexique c\u00e9l\u00e8bre son 120e anniversaire\",\"datePublished\":\"2020-03-04T19:58:32+00:00\",\"dateModified\":\"2020-04-03T13:34:51+00:00\",\"mainEntityOfPage\":{\"@id\":\"https:\\\/\\\/interamerica.org\\\/fr\\\/2020\\\/03\\\/la-premiere-eglise-etablie-au-mexique-celebre-son-120e-anniversaire\\\/\"},\"wordCount\":896,\"commentCount\":0,\"image\":{\"@id\":\"https:\\\/\\\/interamerica.org\\\/fr\\\/2020\\\/03\\\/la-premiere-eglise-etablie-au-mexique-celebre-son-120e-anniversaire\\\/#primaryimage\"},\"thumbnailUrl\":\"https:\\\/\\\/interamerica.org\\\/wp-content\\\/uploads\\\/2020\\\/03\\\/cemu-tacubaya-cakes.jpg\",\"articleSection\":[\"Nouvelles du territoire\",\"RSS Fran\u00e7ais\"],\"inLanguage\":\"fr-FR\",\"potentialAction\":[{\"@type\":\"CommentAction\",\"name\":\"Comment\",\"target\":[\"https:\\\/\\\/interamerica.org\\\/fr\\\/2020\\\/03\\\/la-premiere-eglise-etablie-au-mexique-celebre-son-120e-anniversaire\\\/#respond\"]}]},{\"@type\":\"WebPage\",\"@id\":\"https:\\\/\\\/interamerica.org\\\/fr\\\/2020\\\/03\\\/la-premiere-eglise-etablie-au-mexique-celebre-son-120e-anniversaire\\\/\",\"url\":\"https:\\\/\\\/interamerica.org\\\/fr\\\/2020\\\/03\\\/la-premiere-eglise-etablie-au-mexique-celebre-son-120e-anniversaire\\\/\",\"name\":\"La premi\u00e8re \u00e9glise \u00e9tablie au Mexique c\u00e9l\u00e8bre son 120e anniversaire - \u00c9glise Adventiste Du Septieme Jour - Inter Am\u00e9rique Division\",\"isPartOf\":{\"@id\":\"https:\\\/\\\/interamerica.org\\\/fr\\\/#website\"},\"primaryImageOfPage\":{\"@id\":\"https:\\\/\\\/interamerica.org\\\/fr\\\/2020\\\/03\\\/la-premiere-eglise-etablie-au-mexique-celebre-son-120e-anniversaire\\\/#primaryimage\"},\"image\":{\"@id\":\"https:\\\/\\\/interamerica.org\\\/fr\\\/2020\\\/03\\\/la-premiere-eglise-etablie-au-mexique-celebre-son-120e-anniversaire\\\/#primaryimage\"},\"thumbnailUrl\":\"https:\\\/\\\/interamerica.org\\\/wp-content\\\/uploads\\\/2020\\\/03\\\/cemu-tacubaya-cakes.jpg\",\"datePublished\":\"2020-03-04T19:58:32+00:00\",\"dateModified\":\"2020-04-03T13:34:51+00:00\",\"author\":{\"@id\":\"https:\\\/\\\/interamerica.org\\\/fr\\\/#\\\/schema\\\/person\\\/29998f2bc2d8bd0d38662909289b54f1\"},\"breadcrumb\":{\"@id\":\"https:\\\/\\\/interamerica.org\\\/fr\\\/2020\\\/03\\\/la-premiere-eglise-etablie-au-mexique-celebre-son-120e-anniversaire\\\/#breadcrumb\"},\"inLanguage\":\"fr-FR\",\"potentialAction\":[{\"@type\":\"ReadAction\",\"target\":[\"https:\\\/\\\/interamerica.org\\\/fr\\\/2020\\\/03\\\/la-premiere-eglise-etablie-au-mexique-celebre-son-120e-anniversaire\\\/\"]}]},{\"@type\":\"ImageObject\",\"inLanguage\":\"fr-FR\",\"@id\":\"https:\\\/\\\/interamerica.org\\\/fr\\\/2020\\\/03\\\/la-premiere-eglise-etablie-au-mexique-celebre-son-120e-anniversaire\\\/#primaryimage\",\"url\":\"https:\\\/\\\/interamerica.org\\\/wp-content\\\/uploads\\\/2020\\\/03\\\/cemu-tacubaya-cakes.jpg\",\"contentUrl\":\"https:\\\/\\\/interamerica.org\\\/wp-content\\\/uploads\\\/2020\\\/03\\\/cemu-tacubaya-cakes.jpg\",\"width\":1000,\"height\":667,\"caption\":\"Des dirigeants de l\u2019\u00c9glise tiennent des g\u00e2teaux comm\u00e9moratifs du 120e anniversaire de l\u2019\u00e9glise adventiste de Tacubaya lors des activit\u00e9s de comm\u00e9moration. Une photo de Claudia Diaz.\"},{\"@type\":\"BreadcrumbList\",\"@id\":\"https:\\\/\\\/interamerica.org\\\/fr\\\/2020\\\/03\\\/la-premiere-eglise-etablie-au-mexique-celebre-son-120e-anniversaire\\\/#breadcrumb\",\"itemListElement\":[{\"@type\":\"ListItem\",\"position\":1,\"name\":\"Home\",\"item\":\"https:\\\/\\\/interamerica.org\\\/fr\\\/\"},{\"@type\":\"ListItem\",\"position\":2,\"name\":\"La premi\u00e8re \u00e9glise \u00e9tablie au Mexique c\u00e9l\u00e8bre son 120e anniversaire\"}]},{\"@type\":\"WebSite\",\"@id\":\"https:\\\/\\\/interamerica.org\\\/fr\\\/#website\",\"url\":\"https:\\\/\\\/interamerica.org\\\/fr\\\/\",\"name\":\"\u00c9glise Adventiste Du Septieme Jour - Inter Am\u00e9rique Division\",\"description\":\"\",\"potentialAction\":[{\"@type\":\"SearchAction\",\"target\":{\"@type\":\"EntryPoint\",\"urlTemplate\":\"https:\\\/\\\/interamerica.org\\\/fr\\\/?s={search_term_string}\"},\"query-input\":{\"@type\":\"PropertyValueSpecification\",\"valueRequired\":true,\"valueName\":\"search_term_string\"}}],\"inLanguage\":\"fr-FR\"},{\"@type\":\"Person\",\"@id\":\"https:\\\/\\\/interamerica.org\\\/fr\\\/#\\\/schema\\\/person\\\/29998f2bc2d8bd0d38662909289b54f1\",\"name\":\"libna\",\"image\":{\"@type\":\"ImageObject\",\"inLanguage\":\"fr-FR\",\"@id\":\"https:\\\/\\\/secure.gravatar.com\\\/avatar\\\/7c5bd30ae4b47a9ba3c856590957fd1d96dc588bf3ac05719d247e126840331f?s=96&d=mm&r=g\",\"url\":\"https:\\\/\\\/secure.gravatar.com\\\/avatar\\\/7c5bd30ae4b47a9ba3c856590957fd1d96dc588bf3ac05719d247e126840331f?s=96&d=mm&r=g\",\"contentUrl\":\"https:\\\/\\\/secure.gravatar.com\\\/avatar\\\/7c5bd30ae4b47a9ba3c856590957fd1d96dc588bf3ac05719d247e126840331f?s=96&d=mm&r=g\",\"caption\":\"libna\"}}]}<\/script>\n<!-- \/ Yoast SEO plugin. -->","yoast_head_json":{"title":"La premi\u00e8re \u00e9glise \u00e9tablie au Mexique c\u00e9l\u00e8bre son 120e anniversaire - \u00c9glise Adventiste Du Septieme Jour - Inter Am\u00e9rique Division","robots":{"index":"index","follow":"follow","max-snippet":"max-snippet:-1","max-image-preview":"max-image-preview:large","max-video-preview":"max-video-preview:-1"},"canonical":"https:\/\/interamerica.org\/fr\/2020\/03\/la-premiere-eglise-etablie-au-mexique-celebre-son-120e-anniversaire\/","og_locale":"fr_FR","og_type":"article","og_title":"La premi\u00e8re \u00e9glise \u00e9tablie au Mexique c\u00e9l\u00e8bre son 120e anniversaire - \u00c9glise Adventiste Du Septieme Jour - Inter Am\u00e9rique Division","og_description":"Le 4 mars 2020 | Mexico, Mexique | Fabiola Quinto\/personnel de l\u2019information de la DIA Les dirigeants et les membres de l\u2019\u00e9glise adventiste du septi\u00e8me jour de Tacubaya \u00e0 Mexico,...","og_url":"https:\/\/interamerica.org\/fr\/2020\/03\/la-premiere-eglise-etablie-au-mexique-celebre-son-120e-anniversaire\/","og_site_name":"\u00c9glise Adventiste Du Septieme Jour - Inter Am\u00e9rique Division","article_published_time":"2020-03-04T19:58:32+00:00","article_modified_time":"2020-04-03T13:34:51+00:00","og_image":[{"width":1000,"height":667,"url":"https:\/\/interamerica.org\/wp-content\/uploads\/2020\/03\/cemu-tacubaya-cakes.jpg","type":"image\/jpeg"}],"author":"libna","twitter_card":"summary_large_image","twitter_misc":{"\u00c9crit par":"libna","Dur\u00e9e de lecture estim\u00e9e":"4 minutes"},"schema":{"@context":"https:\/\/schema.org","@graph":[{"@type":"Article","@id":"https:\/\/interamerica.org\/fr\/2020\/03\/la-premiere-eglise-etablie-au-mexique-celebre-son-120e-anniversaire\/#article","isPartOf":{"@id":"https:\/\/interamerica.org\/fr\/2020\/03\/la-premiere-eglise-etablie-au-mexique-celebre-son-120e-anniversaire\/"},"author":{"name":"libna","@id":"https:\/\/interamerica.org\/fr\/#\/schema\/person\/29998f2bc2d8bd0d38662909289b54f1"},"headline":"La premi\u00e8re \u00e9glise \u00e9tablie au Mexique c\u00e9l\u00e8bre son 120e anniversaire","datePublished":"2020-03-04T19:58:32+00:00","dateModified":"2020-04-03T13:34:51+00:00","mainEntityOfPage":{"@id":"https:\/\/interamerica.org\/fr\/2020\/03\/la-premiere-eglise-etablie-au-mexique-celebre-son-120e-anniversaire\/"},"wordCount":896,"commentCount":0,"image":{"@id":"https:\/\/interamerica.org\/fr\/2020\/03\/la-premiere-eglise-etablie-au-mexique-celebre-son-120e-anniversaire\/#primaryimage"},"thumbnailUrl":"https:\/\/interamerica.org\/wp-content\/uploads\/2020\/03\/cemu-tacubaya-cakes.jpg","articleSection":["Nouvelles du territoire","RSS Fran\u00e7ais"],"inLanguage":"fr-FR","potentialAction":[{"@type":"CommentAction","name":"Comment","target":["https:\/\/interamerica.org\/fr\/2020\/03\/la-premiere-eglise-etablie-au-mexique-celebre-son-120e-anniversaire\/#respond"]}]},{"@type":"WebPage","@id":"https:\/\/interamerica.org\/fr\/2020\/03\/la-premiere-eglise-etablie-au-mexique-celebre-son-120e-anniversaire\/","url":"https:\/\/interamerica.org\/fr\/2020\/03\/la-premiere-eglise-etablie-au-mexique-celebre-son-120e-anniversaire\/","name":"La premi\u00e8re \u00e9glise \u00e9tablie au Mexique c\u00e9l\u00e8bre son 120e anniversaire - \u00c9glise Adventiste Du Septieme Jour - Inter Am\u00e9rique Division","isPartOf":{"@id":"https:\/\/interamerica.org\/fr\/#website"},"primaryImageOfPage":{"@id":"https:\/\/interamerica.org\/fr\/2020\/03\/la-premiere-eglise-etablie-au-mexique-celebre-son-120e-anniversaire\/#primaryimage"},"image":{"@id":"https:\/\/interamerica.org\/fr\/2020\/03\/la-premiere-eglise-etablie-au-mexique-celebre-son-120e-anniversaire\/#primaryimage"},"thumbnailUrl":"https:\/\/interamerica.org\/wp-content\/uploads\/2020\/03\/cemu-tacubaya-cakes.jpg","datePublished":"2020-03-04T19:58:32+00:00","dateModified":"2020-04-03T13:34:51+00:00","author":{"@id":"https:\/\/interamerica.org\/fr\/#\/schema\/person\/29998f2bc2d8bd0d38662909289b54f1"},"breadcrumb":{"@id":"https:\/\/interamerica.org\/fr\/2020\/03\/la-premiere-eglise-etablie-au-mexique-celebre-son-120e-anniversaire\/#breadcrumb"},"inLanguage":"fr-FR","potentialAction":[{"@type":"ReadAction","target":["https:\/\/interamerica.org\/fr\/2020\/03\/la-premiere-eglise-etablie-au-mexique-celebre-son-120e-anniversaire\/"]}]},{"@type":"ImageObject","inLanguage":"fr-FR","@id":"https:\/\/interamerica.org\/fr\/2020\/03\/la-premiere-eglise-etablie-au-mexique-celebre-son-120e-anniversaire\/#primaryimage","url":"https:\/\/interamerica.org\/wp-content\/uploads\/2020\/03\/cemu-tacubaya-cakes.jpg","contentUrl":"https:\/\/interamerica.org\/wp-content\/uploads\/2020\/03\/cemu-tacubaya-cakes.jpg","width":1000,"height":667,"caption":"Des dirigeants de l\u2019\u00c9glise tiennent des g\u00e2teaux comm\u00e9moratifs du 120e anniversaire de l\u2019\u00e9glise adventiste de Tacubaya lors des activit\u00e9s de comm\u00e9moration. Une photo de Claudia Diaz."},{"@type":"BreadcrumbList","@id":"https:\/\/interamerica.org\/fr\/2020\/03\/la-premiere-eglise-etablie-au-mexique-celebre-son-120e-anniversaire\/#breadcrumb","itemListElement":[{"@type":"ListItem","position":1,"name":"Home","item":"https:\/\/interamerica.org\/fr\/"},{"@type":"ListItem","position":2,"name":"La premi\u00e8re \u00e9glise \u00e9tablie au Mexique c\u00e9l\u00e8bre son 120e anniversaire"}]},{"@type":"WebSite","@id":"https:\/\/interamerica.org\/fr\/#website","url":"https:\/\/interamerica.org\/fr\/","name":"\u00c9glise Adventiste Du Septieme Jour - Inter Am\u00e9rique Division","description":"","potentialAction":[{"@type":"SearchAction","target":{"@type":"EntryPoint","urlTemplate":"https:\/\/interamerica.org\/fr\/?s={search_term_string}"},"query-input":{"@type":"PropertyValueSpecification","valueRequired":true,"valueName":"search_term_string"}}],"inLanguage":"fr-FR"},{"@type":"Person","@id":"https:\/\/interamerica.org\/fr\/#\/schema\/person\/29998f2bc2d8bd0d38662909289b54f1","name":"libna","image":{"@type":"ImageObject","inLanguage":"fr-FR","@id":"https:\/\/secure.gravatar.com\/avatar\/7c5bd30ae4b47a9ba3c856590957fd1d96dc588bf3ac05719d247e126840331f?s=96&d=mm&r=g","url":"https:\/\/secure.gravatar.com\/avatar\/7c5bd30ae4b47a9ba3c856590957fd1d96dc588bf3ac05719d247e126840331f?s=96&d=mm&r=g","contentUrl":"https:\/\/secure.gravatar.com\/avatar\/7c5bd30ae4b47a9ba3c856590957fd1d96dc588bf3ac05719d247e126840331f?s=96&d=mm&r=g","caption":"libna"}}]}},"_links":{"self":[{"href":"https:\/\/interamerica.org\/fr\/wp-json\/wp\/v2\/posts\/55990","targetHints":{"allow":["GET"]}}],"collection":[{"href":"https:\/\/interamerica.org\/fr\/wp-json\/wp\/v2\/posts"}],"about":[{"href":"https:\/\/interamerica.org\/fr\/wp-json\/wp\/v2\/types\/post"}],"author":[{"embeddable":true,"href":"https:\/\/interamerica.org\/fr\/wp-json\/wp\/v2\/users\/3"}],"replies":[{"embeddable":true,"href":"https:\/\/interamerica.org\/fr\/wp-json\/wp\/v2\/comments?post=55990"}],"version-history":[{"count":0,"href":"https:\/\/interamerica.org\/fr\/wp-json\/wp\/v2\/posts\/55990\/revisions"}],"wp:featuredmedia":[{"embeddable":true,"href":"https:\/\/interamerica.org\/fr\/wp-json\/wp\/v2\/media\/55964"}],"wp:attachment":[{"href":"https:\/\/interamerica.org\/fr\/wp-json\/wp\/v2\/media?parent=55990"}],"wp:term":[{"taxonomy":"category","embeddable":true,"href":"https:\/\/interamerica.org\/fr\/wp-json\/wp\/v2\/categories?post=55990"},{"taxonomy":"post_tag","embeddable":true,"href":"https:\/\/interamerica.org\/fr\/wp-json\/wp\/v2\/tags?post=55990"}],"curies":[{"name":"wp","href":"https:\/\/api.w.org\/{rel}","templated":true}]}}