{"id":56114,"date":"2020-03-08T21:44:42","date_gmt":"2020-03-09T01:44:42","guid":{"rendered":"https:\/\/recursing-golick.147-182-135-0.plesk.page\/?p=56114"},"modified":"2020-03-13T17:24:54","modified_gmt":"2020-03-13T21:24:54","slug":"le-jour-ou-il-a-plu-de-la-cendre-et-des-roches","status":"publish","type":"post","link":"https:\/\/interamerica.org\/fr\/2020\/03\/le-jour-ou-il-a-plu-de-la-cendre-et-des-roches\/","title":{"rendered":"Le jour o\u00f9 il a plu de la cendre et des roches"},"content":{"rendered":"<p>Le 7 mars 2020 | Manille, Philippines | Nouvelles d\u2019ADRA Canada<\/p>\n<p>Situ\u00e9 \u00e0 seulement 50 kilom\u00e8tres au sud de Manille, capitale des Philippines, et deuxi\u00e8me volcan en activit\u00e9 au pays, le Taal est soudainement entr\u00e9 en \u00e9ruption le dimanche 12 janvier dernier. De plus, les sismologues philippins ont dit avoir \u00e9t\u00e9 surpris par la rapidit\u00e9 d\u2019acc\u00e9l\u00e9ration de son agitation.<\/p>\n<p>Durant la nuit, il a plu de la cendre sur les provinces environnantes, rendant les routes glissantes et salissant le pare-brise des voitures, ce qui a caus\u00e9 de nombreux accidents. Et, au cours des jours qui ont suivi, les gens vivant dans un rayon de 14 kilom\u00e8tres du crat\u00e8re du volcan ont \u00e9t\u00e9 \u00e9vacu\u00e9s de leur foyer.<\/p>\n<p>Nadelia travaillait comme femme de m\u00e9nage dans une maison pr\u00e8s du volcan lorsqu\u2019il est entr\u00e9 en \u00e9ruption. Vers 15\u00a0h, sa patronne lui a signal\u00e9 que les autorit\u00e9s avaient \u00e9lev\u00e9 le niveau de menace et qu\u2019il \u00e9tait temps pour elle de contacter sa famille et d\u2019organiser sa sortie de la zone dangereuse.<\/p>\n<p>Elle a donc t\u00e9l\u00e9phon\u00e9 \u00e0 son mari pour lui demander d\u2019aller chercher les enfants, d\u2019apporter au moins deux ensembles de v\u00eatements de rechange pour chacun d\u2019eux puis de s\u00e9curiser la maison avant de venir la chercher au travail et d\u2019\u00e9vacuer.<\/p>\n<div style=\"width: 814px\" class=\"wp-caption aligncenter\"><img fetchpriority=\"high\" decoding=\"async\" class=\"\" src=\"https:\/\/recursing-golick.147-182-135-0.plesk.page\/wp-content\/uploads\/2020\/03\/distribution01-600x400-1.jpg\" alt=\"\" width=\"804\" height=\"536\" \/><p class=\"wp-caption-text\">Les gens qui ont \u00e9t\u00e9 forc\u00e9s de quitter leur maison sont reconnaissants envers ADRA pour son aide. Une photo d\u2019ADRA Canada.<\/p><\/div>\n<p>Il \u00e9tait 17\u00a0h quand son mari et ses enfants sont arriv\u00e9s sur leur \u00ab\u00a0tricycle\u00a0\u00bb (v\u00e9hicule typique aux Philippines qui consiste \u00e0 attacher un chariot au c\u00f4t\u00e9 ou \u00e0 l\u2019arri\u00e8re d\u2019une motocyclette). La famille est rest\u00e9e coinc\u00e9e dans un bouchon de circulation avec d\u2019autres voitures et tricycles qui tentaient d\u00e9sesp\u00e9r\u00e9ment, eux aussi, d\u2019\u00e9vacuer la zone. Le volcan faisait pleuvoir sur eux des roches et de la boue. Puis, vers 18\u00a0h\u00a030, on a annonc\u00e9 \u00e0 la radio que le niveau de danger \u00e9tait pass\u00e9 \u00e0 4. Ils ont donc pr\u00e9f\u00e9r\u00e9 quitter la route et chercher un abri. Par chance, un ami de la famille vivait tout pr\u00e8s.<\/p>\n<p>\u00ab\u00a0Je n\u2019ai pas r\u00e9ussi \u00e0 dormir cette nuit-l\u00e0. La cendre et les roches du volcan tombaient sur le toit et le sol tremblait sans cesse. J\u2019ai pass\u00e9 la nuit \u00e0 prier pour que le toit tienne le coup et pour que nous ayons la vie sauve. \u00c0 un certain moment, l\u2019\u00e9lectricit\u00e9 a coup\u00e9 et nous avons \u00e9t\u00e9 plong\u00e9s dans la plus totale obscurit\u00e9. Ce n\u2019est donc qu\u2019au lever du soleil que nous avons pu constater l\u2019\u00e9tendue des dommages. Tout \u00e9tait recouvert de boue et de cendre! La route, les arbres, les maisons, les plantes\u2026 tout.<\/p>\n<p>\u00ab\u00a0Nous avons fait notre possible pour nettoyer autour de la maison. Et apr\u00e8s quelques heures, nous avons d\u00e9terr\u00e9 notre tricycle, l\u2019avons fait d\u00e9marrer et sommes partis pour trouver un centre d\u2019\u00e9vacuation. Notre ami, qui nous avait h\u00e9berg\u00e9s pour la nuit, s\u2019est joint \u00e0 nous.<\/p>\n<p>\u00ab\u00a0Ce n\u2019est qu\u2019apr\u00e8s une courte distance que nous avons rencontr\u00e9 l\u2019arm\u00e9e, qui nous a dirig\u00e9s vers la ville de Tanauan, \u00e0 une quinzaine de kilom\u00e8tres. L\u00e0, nous serions en s\u00e9curit\u00e9 et en mesure d\u2019\u00eatre admis dans un centre d\u2019\u00e9vacuation jusqu\u2019\u00e0 ce que le niveau d\u2019alerte baisse. Il nous a pris quelques heures pour sortir de la boue et des d\u00e9bris sur la route, mais nous sommes enfin arriv\u00e9s \u00e0 la vieille mairie de Tanauan. Nous \u00e9tions extr\u00eamement heureux de l\u2019atteindre en toute s\u00e9curit\u00e9 et sans la moindre \u00e9gratignure!\u00a0\u00bb<\/p>\n<div style=\"width: 821px\" class=\"wp-caption aligncenter\"><img decoding=\"async\" class=\"\" src=\"https:\/\/recursing-golick.147-182-135-0.plesk.page\/wp-content\/uploads\/2020\/03\/emergency-response-volunteers-600x450-1.jpg\" alt=\"\" width=\"811\" height=\"423\" \/><p class=\"wp-caption-text\">Le personnel d\u2019ADRA Philippines et les b\u00e9n\u00e9voles d\u2019urgence de la communaut\u00e9 adventiste locale rassembl\u00e9s pour une photo de groupe pendant qu\u2019ils aidaient des gens \u00e9vacu\u00e9s de leur foyer par le volcan Taal. Une photo d\u2019ADRA Canada.<\/p><\/div>\n<p>Les bureaux de l\u2019Agence de d\u00e9veloppement et de secours adventiste (ADRA pour <em>Adventist Development and Relief Agency<\/em>) aux Philippines sont situ\u00e9s pr\u00e8s du volcan, mais tout de m\u00eame \u00e0 l\u2019ext\u00e9rieur de la zone d\u2019\u00e9vacuation du rayon de 14 kilom\u00e8tres. Les membres du personnel d\u2019ADRA ont planifi\u00e9 leur intervention avec la Mission adventiste de Cavite, la F\u00e9d\u00e9ration des adventistes du septi\u00e8me jour du centre-sud de Lu\u00e7on et plusieurs autres agences gouvernementales.<\/p>\n<p>Lors des semaines qui ont suivi, ADAR a offert de la literie \u00e0 1\u00a0192 des familles relocalis\u00e9es dans les centres d\u2019\u00e9vacuation ainsi qu\u2019une assistance financi\u00e8re de 1\u00a0500 \u00e0 2\u00a0250 pesos (environ 29,50 \u00e0 43,25\u00a0$\u00a0US) aux familles pour leurs besoins imm\u00e9diats. De plus, des milliers de masques ont \u00e9t\u00e9 distribu\u00e9s aux gens de la r\u00e9gion.<\/p>\n<p>Votre soutien du fonds de secours d\u2019urgence d\u2019ADRA lui permet d\u2019aider rapidement des familles comme celle de Nadelia en p\u00e9riode de crise.<\/p>\n<p><em>La <a href=\"https:\/\/www.adra.ca\/when-it-rains-ash-and-stones\/\">version originale<\/a> de cet article a \u00e9t\u00e9 publi\u00e9e sur le <a href=\"https:\/\/www.adra.ca\/our-stories\/news-and-stories\/\">site de nouvelles<\/a> d\u2019ADRA Canada.<\/em><\/p>\n<p>Traduction: Marie-Mich\u00e8le Robitaille<\/p>\n","protected":false},"excerpt":{"rendered":"<p>Le 7 mars 2020 | Manille, Philippines | Nouvelles d\u2019ADRA Canada Situ\u00e9 \u00e0 seulement 50 kilom\u00e8tres au sud de Manille, capitale des Philippines, et deuxi\u00e8me volcan en activit\u00e9 au pays,&#8230;<\/p>\n","protected":false},"author":3,"featured_media":56064,"comment_status":"open","ping_status":"closed","sticky":false,"template":"","format":"standard","meta":{"_acf_changed":false,"footnotes":""},"categories":[18,19],"tags":[],"class_list":["post-56114","post","type-post","status-publish","format-standard","has-post-thumbnail","hentry","category-nouvelles-de-leglise-mondiale","category-rss-francais"],"acf":[],"yoast_head":"<!-- This site is optimized with the Yoast SEO plugin v27.3 - https:\/\/yoast.com\/product\/yoast-seo-wordpress\/ -->\n<title>Le jour o\u00f9 il a plu de la cendre et des roches - \u00c9glise Adventiste Du Septieme Jour - Inter Am\u00e9rique Division<\/title>\n<meta name=\"robots\" content=\"index, follow, max-snippet:-1, max-image-preview:large, max-video-preview:-1\" \/>\n<link rel=\"canonical\" href=\"https:\/\/interamerica.org\/fr\/2020\/03\/le-jour-ou-il-a-plu-de-la-cendre-et-des-roches\/\" \/>\n<meta property=\"og:locale\" content=\"fr_FR\" \/>\n<meta property=\"og:type\" content=\"article\" \/>\n<meta property=\"og:title\" content=\"Le jour o\u00f9 il a plu de la cendre et des roches - \u00c9glise Adventiste Du Septieme Jour - Inter Am\u00e9rique Division\" \/>\n<meta property=\"og:description\" content=\"Le 7 mars 2020 | Manille, Philippines | Nouvelles d\u2019ADRA Canada Situ\u00e9 \u00e0 seulement 50 kilom\u00e8tres au sud de Manille, capitale des Philippines, et deuxi\u00e8me volcan en activit\u00e9 au pays,...\" \/>\n<meta property=\"og:url\" content=\"https:\/\/interamerica.org\/fr\/2020\/03\/le-jour-ou-il-a-plu-de-la-cendre-et-des-roches\/\" \/>\n<meta property=\"og:site_name\" content=\"\u00c9glise Adventiste Du Septieme Jour - Inter Am\u00e9rique Division\" \/>\n<meta property=\"article:published_time\" content=\"2020-03-09T01:44:42+00:00\" \/>\n<meta property=\"article:modified_time\" content=\"2020-03-13T21:24:54+00:00\" \/>\n<meta property=\"og:image\" content=\"https:\/\/interamerica.org\/wp-content\/uploads\/2020\/03\/the-day-it-rained-ash-and-stones-1280.jpg\" \/>\n\t<meta property=\"og:image:width\" content=\"1280\" \/>\n\t<meta property=\"og:image:height\" content=\"800\" \/>\n\t<meta property=\"og:image:type\" content=\"image\/jpeg\" \/>\n<meta name=\"author\" content=\"libna\" \/>\n<meta name=\"twitter:card\" content=\"summary_large_image\" \/>\n<meta name=\"twitter:label1\" content=\"\u00c9crit par\" \/>\n\t<meta name=\"twitter:data1\" content=\"libna\" \/>\n\t<meta name=\"twitter:label2\" content=\"Dur\u00e9e de lecture estim\u00e9e\" \/>\n\t<meta name=\"twitter:data2\" content=\"4 minutes\" \/>\n<script type=\"application\/ld+json\" class=\"yoast-schema-graph\">{\"@context\":\"https:\\\/\\\/schema.org\",\"@graph\":[{\"@type\":\"Article\",\"@id\":\"https:\\\/\\\/interamerica.org\\\/fr\\\/2020\\\/03\\\/le-jour-ou-il-a-plu-de-la-cendre-et-des-roches\\\/#article\",\"isPartOf\":{\"@id\":\"https:\\\/\\\/interamerica.org\\\/fr\\\/2020\\\/03\\\/le-jour-ou-il-a-plu-de-la-cendre-et-des-roches\\\/\"},\"author\":{\"name\":\"libna\",\"@id\":\"https:\\\/\\\/interamerica.org\\\/fr\\\/#\\\/schema\\\/person\\\/29998f2bc2d8bd0d38662909289b54f1\"},\"headline\":\"Le jour o\u00f9 il a plu de la cendre et des roches\",\"datePublished\":\"2020-03-09T01:44:42+00:00\",\"dateModified\":\"2020-03-13T21:24:54+00:00\",\"mainEntityOfPage\":{\"@id\":\"https:\\\/\\\/interamerica.org\\\/fr\\\/2020\\\/03\\\/le-jour-ou-il-a-plu-de-la-cendre-et-des-roches\\\/\"},\"wordCount\":865,\"commentCount\":0,\"image\":{\"@id\":\"https:\\\/\\\/interamerica.org\\\/fr\\\/2020\\\/03\\\/le-jour-ou-il-a-plu-de-la-cendre-et-des-roches\\\/#primaryimage\"},\"thumbnailUrl\":\"https:\\\/\\\/interamerica.org\\\/wp-content\\\/uploads\\\/2020\\\/03\\\/the-day-it-rained-ash-and-stones-1280.jpg\",\"articleSection\":[\"Nouvelles de l'\u00c9glise mondiale\",\"RSS Fran\u00e7ais\"],\"inLanguage\":\"fr-FR\",\"potentialAction\":[{\"@type\":\"CommentAction\",\"name\":\"Comment\",\"target\":[\"https:\\\/\\\/interamerica.org\\\/fr\\\/2020\\\/03\\\/le-jour-ou-il-a-plu-de-la-cendre-et-des-roches\\\/#respond\"]}]},{\"@type\":\"WebPage\",\"@id\":\"https:\\\/\\\/interamerica.org\\\/fr\\\/2020\\\/03\\\/le-jour-ou-il-a-plu-de-la-cendre-et-des-roches\\\/\",\"url\":\"https:\\\/\\\/interamerica.org\\\/fr\\\/2020\\\/03\\\/le-jour-ou-il-a-plu-de-la-cendre-et-des-roches\\\/\",\"name\":\"Le jour o\u00f9 il a plu de la cendre et des roches - \u00c9glise Adventiste Du Septieme Jour - Inter Am\u00e9rique Division\",\"isPartOf\":{\"@id\":\"https:\\\/\\\/interamerica.org\\\/fr\\\/#website\"},\"primaryImageOfPage\":{\"@id\":\"https:\\\/\\\/interamerica.org\\\/fr\\\/2020\\\/03\\\/le-jour-ou-il-a-plu-de-la-cendre-et-des-roches\\\/#primaryimage\"},\"image\":{\"@id\":\"https:\\\/\\\/interamerica.org\\\/fr\\\/2020\\\/03\\\/le-jour-ou-il-a-plu-de-la-cendre-et-des-roches\\\/#primaryimage\"},\"thumbnailUrl\":\"https:\\\/\\\/interamerica.org\\\/wp-content\\\/uploads\\\/2020\\\/03\\\/the-day-it-rained-ash-and-stones-1280.jpg\",\"datePublished\":\"2020-03-09T01:44:42+00:00\",\"dateModified\":\"2020-03-13T21:24:54+00:00\",\"author\":{\"@id\":\"https:\\\/\\\/interamerica.org\\\/fr\\\/#\\\/schema\\\/person\\\/29998f2bc2d8bd0d38662909289b54f1\"},\"breadcrumb\":{\"@id\":\"https:\\\/\\\/interamerica.org\\\/fr\\\/2020\\\/03\\\/le-jour-ou-il-a-plu-de-la-cendre-et-des-roches\\\/#breadcrumb\"},\"inLanguage\":\"fr-FR\",\"potentialAction\":[{\"@type\":\"ReadAction\",\"target\":[\"https:\\\/\\\/interamerica.org\\\/fr\\\/2020\\\/03\\\/le-jour-ou-il-a-plu-de-la-cendre-et-des-roches\\\/\"]}]},{\"@type\":\"ImageObject\",\"inLanguage\":\"fr-FR\",\"@id\":\"https:\\\/\\\/interamerica.org\\\/fr\\\/2020\\\/03\\\/le-jour-ou-il-a-plu-de-la-cendre-et-des-roches\\\/#primaryimage\",\"url\":\"https:\\\/\\\/interamerica.org\\\/wp-content\\\/uploads\\\/2020\\\/03\\\/the-day-it-rained-ash-and-stones-1280.jpg\",\"contentUrl\":\"https:\\\/\\\/interamerica.org\\\/wp-content\\\/uploads\\\/2020\\\/03\\\/the-day-it-rained-ash-and-stones-1280.jpg\",\"width\":1280,\"height\":800},{\"@type\":\"BreadcrumbList\",\"@id\":\"https:\\\/\\\/interamerica.org\\\/fr\\\/2020\\\/03\\\/le-jour-ou-il-a-plu-de-la-cendre-et-des-roches\\\/#breadcrumb\",\"itemListElement\":[{\"@type\":\"ListItem\",\"position\":1,\"name\":\"Home\",\"item\":\"https:\\\/\\\/interamerica.org\\\/fr\\\/\"},{\"@type\":\"ListItem\",\"position\":2,\"name\":\"Le jour o\u00f9 il a plu de la cendre et des roches\"}]},{\"@type\":\"WebSite\",\"@id\":\"https:\\\/\\\/interamerica.org\\\/fr\\\/#website\",\"url\":\"https:\\\/\\\/interamerica.org\\\/fr\\\/\",\"name\":\"\u00c9glise Adventiste Du Septieme Jour - Inter Am\u00e9rique Division\",\"description\":\"\",\"potentialAction\":[{\"@type\":\"SearchAction\",\"target\":{\"@type\":\"EntryPoint\",\"urlTemplate\":\"https:\\\/\\\/interamerica.org\\\/fr\\\/?s={search_term_string}\"},\"query-input\":{\"@type\":\"PropertyValueSpecification\",\"valueRequired\":true,\"valueName\":\"search_term_string\"}}],\"inLanguage\":\"fr-FR\"},{\"@type\":\"Person\",\"@id\":\"https:\\\/\\\/interamerica.org\\\/fr\\\/#\\\/schema\\\/person\\\/29998f2bc2d8bd0d38662909289b54f1\",\"name\":\"libna\",\"image\":{\"@type\":\"ImageObject\",\"inLanguage\":\"fr-FR\",\"@id\":\"https:\\\/\\\/secure.gravatar.com\\\/avatar\\\/7c5bd30ae4b47a9ba3c856590957fd1d96dc588bf3ac05719d247e126840331f?s=96&d=mm&r=g\",\"url\":\"https:\\\/\\\/secure.gravatar.com\\\/avatar\\\/7c5bd30ae4b47a9ba3c856590957fd1d96dc588bf3ac05719d247e126840331f?s=96&d=mm&r=g\",\"contentUrl\":\"https:\\\/\\\/secure.gravatar.com\\\/avatar\\\/7c5bd30ae4b47a9ba3c856590957fd1d96dc588bf3ac05719d247e126840331f?s=96&d=mm&r=g\",\"caption\":\"libna\"}}]}<\/script>\n<!-- \/ Yoast SEO plugin. -->","yoast_head_json":{"title":"Le jour o\u00f9 il a plu de la cendre et des roches - \u00c9glise Adventiste Du Septieme Jour - Inter Am\u00e9rique Division","robots":{"index":"index","follow":"follow","max-snippet":"max-snippet:-1","max-image-preview":"max-image-preview:large","max-video-preview":"max-video-preview:-1"},"canonical":"https:\/\/interamerica.org\/fr\/2020\/03\/le-jour-ou-il-a-plu-de-la-cendre-et-des-roches\/","og_locale":"fr_FR","og_type":"article","og_title":"Le jour o\u00f9 il a plu de la cendre et des roches - \u00c9glise Adventiste Du Septieme Jour - Inter Am\u00e9rique Division","og_description":"Le 7 mars 2020 | Manille, Philippines | Nouvelles d\u2019ADRA Canada Situ\u00e9 \u00e0 seulement 50 kilom\u00e8tres au sud de Manille, capitale des Philippines, et deuxi\u00e8me volcan en activit\u00e9 au pays,...","og_url":"https:\/\/interamerica.org\/fr\/2020\/03\/le-jour-ou-il-a-plu-de-la-cendre-et-des-roches\/","og_site_name":"\u00c9glise Adventiste Du Septieme Jour - Inter Am\u00e9rique Division","article_published_time":"2020-03-09T01:44:42+00:00","article_modified_time":"2020-03-13T21:24:54+00:00","og_image":[{"width":1280,"height":800,"url":"https:\/\/interamerica.org\/wp-content\/uploads\/2020\/03\/the-day-it-rained-ash-and-stones-1280.jpg","type":"image\/jpeg"}],"author":"libna","twitter_card":"summary_large_image","twitter_misc":{"\u00c9crit par":"libna","Dur\u00e9e de lecture estim\u00e9e":"4 minutes"},"schema":{"@context":"https:\/\/schema.org","@graph":[{"@type":"Article","@id":"https:\/\/interamerica.org\/fr\/2020\/03\/le-jour-ou-il-a-plu-de-la-cendre-et-des-roches\/#article","isPartOf":{"@id":"https:\/\/interamerica.org\/fr\/2020\/03\/le-jour-ou-il-a-plu-de-la-cendre-et-des-roches\/"},"author":{"name":"libna","@id":"https:\/\/interamerica.org\/fr\/#\/schema\/person\/29998f2bc2d8bd0d38662909289b54f1"},"headline":"Le jour o\u00f9 il a plu de la cendre et des roches","datePublished":"2020-03-09T01:44:42+00:00","dateModified":"2020-03-13T21:24:54+00:00","mainEntityOfPage":{"@id":"https:\/\/interamerica.org\/fr\/2020\/03\/le-jour-ou-il-a-plu-de-la-cendre-et-des-roches\/"},"wordCount":865,"commentCount":0,"image":{"@id":"https:\/\/interamerica.org\/fr\/2020\/03\/le-jour-ou-il-a-plu-de-la-cendre-et-des-roches\/#primaryimage"},"thumbnailUrl":"https:\/\/interamerica.org\/wp-content\/uploads\/2020\/03\/the-day-it-rained-ash-and-stones-1280.jpg","articleSection":["Nouvelles de l'\u00c9glise mondiale","RSS Fran\u00e7ais"],"inLanguage":"fr-FR","potentialAction":[{"@type":"CommentAction","name":"Comment","target":["https:\/\/interamerica.org\/fr\/2020\/03\/le-jour-ou-il-a-plu-de-la-cendre-et-des-roches\/#respond"]}]},{"@type":"WebPage","@id":"https:\/\/interamerica.org\/fr\/2020\/03\/le-jour-ou-il-a-plu-de-la-cendre-et-des-roches\/","url":"https:\/\/interamerica.org\/fr\/2020\/03\/le-jour-ou-il-a-plu-de-la-cendre-et-des-roches\/","name":"Le jour o\u00f9 il a plu de la cendre et des roches - \u00c9glise Adventiste Du Septieme Jour - Inter Am\u00e9rique Division","isPartOf":{"@id":"https:\/\/interamerica.org\/fr\/#website"},"primaryImageOfPage":{"@id":"https:\/\/interamerica.org\/fr\/2020\/03\/le-jour-ou-il-a-plu-de-la-cendre-et-des-roches\/#primaryimage"},"image":{"@id":"https:\/\/interamerica.org\/fr\/2020\/03\/le-jour-ou-il-a-plu-de-la-cendre-et-des-roches\/#primaryimage"},"thumbnailUrl":"https:\/\/interamerica.org\/wp-content\/uploads\/2020\/03\/the-day-it-rained-ash-and-stones-1280.jpg","datePublished":"2020-03-09T01:44:42+00:00","dateModified":"2020-03-13T21:24:54+00:00","author":{"@id":"https:\/\/interamerica.org\/fr\/#\/schema\/person\/29998f2bc2d8bd0d38662909289b54f1"},"breadcrumb":{"@id":"https:\/\/interamerica.org\/fr\/2020\/03\/le-jour-ou-il-a-plu-de-la-cendre-et-des-roches\/#breadcrumb"},"inLanguage":"fr-FR","potentialAction":[{"@type":"ReadAction","target":["https:\/\/interamerica.org\/fr\/2020\/03\/le-jour-ou-il-a-plu-de-la-cendre-et-des-roches\/"]}]},{"@type":"ImageObject","inLanguage":"fr-FR","@id":"https:\/\/interamerica.org\/fr\/2020\/03\/le-jour-ou-il-a-plu-de-la-cendre-et-des-roches\/#primaryimage","url":"https:\/\/interamerica.org\/wp-content\/uploads\/2020\/03\/the-day-it-rained-ash-and-stones-1280.jpg","contentUrl":"https:\/\/interamerica.org\/wp-content\/uploads\/2020\/03\/the-day-it-rained-ash-and-stones-1280.jpg","width":1280,"height":800},{"@type":"BreadcrumbList","@id":"https:\/\/interamerica.org\/fr\/2020\/03\/le-jour-ou-il-a-plu-de-la-cendre-et-des-roches\/#breadcrumb","itemListElement":[{"@type":"ListItem","position":1,"name":"Home","item":"https:\/\/interamerica.org\/fr\/"},{"@type":"ListItem","position":2,"name":"Le jour o\u00f9 il a plu de la cendre et des roches"}]},{"@type":"WebSite","@id":"https:\/\/interamerica.org\/fr\/#website","url":"https:\/\/interamerica.org\/fr\/","name":"\u00c9glise Adventiste Du Septieme Jour - Inter Am\u00e9rique Division","description":"","potentialAction":[{"@type":"SearchAction","target":{"@type":"EntryPoint","urlTemplate":"https:\/\/interamerica.org\/fr\/?s={search_term_string}"},"query-input":{"@type":"PropertyValueSpecification","valueRequired":true,"valueName":"search_term_string"}}],"inLanguage":"fr-FR"},{"@type":"Person","@id":"https:\/\/interamerica.org\/fr\/#\/schema\/person\/29998f2bc2d8bd0d38662909289b54f1","name":"libna","image":{"@type":"ImageObject","inLanguage":"fr-FR","@id":"https:\/\/secure.gravatar.com\/avatar\/7c5bd30ae4b47a9ba3c856590957fd1d96dc588bf3ac05719d247e126840331f?s=96&d=mm&r=g","url":"https:\/\/secure.gravatar.com\/avatar\/7c5bd30ae4b47a9ba3c856590957fd1d96dc588bf3ac05719d247e126840331f?s=96&d=mm&r=g","contentUrl":"https:\/\/secure.gravatar.com\/avatar\/7c5bd30ae4b47a9ba3c856590957fd1d96dc588bf3ac05719d247e126840331f?s=96&d=mm&r=g","caption":"libna"}}]}},"_links":{"self":[{"href":"https:\/\/interamerica.org\/fr\/wp-json\/wp\/v2\/posts\/56114","targetHints":{"allow":["GET"]}}],"collection":[{"href":"https:\/\/interamerica.org\/fr\/wp-json\/wp\/v2\/posts"}],"about":[{"href":"https:\/\/interamerica.org\/fr\/wp-json\/wp\/v2\/types\/post"}],"author":[{"embeddable":true,"href":"https:\/\/interamerica.org\/fr\/wp-json\/wp\/v2\/users\/3"}],"replies":[{"embeddable":true,"href":"https:\/\/interamerica.org\/fr\/wp-json\/wp\/v2\/comments?post=56114"}],"version-history":[{"count":0,"href":"https:\/\/interamerica.org\/fr\/wp-json\/wp\/v2\/posts\/56114\/revisions"}],"wp:featuredmedia":[{"embeddable":true,"href":"https:\/\/interamerica.org\/fr\/wp-json\/wp\/v2\/media\/56064"}],"wp:attachment":[{"href":"https:\/\/interamerica.org\/fr\/wp-json\/wp\/v2\/media?parent=56114"}],"wp:term":[{"taxonomy":"category","embeddable":true,"href":"https:\/\/interamerica.org\/fr\/wp-json\/wp\/v2\/categories?post=56114"},{"taxonomy":"post_tag","embeddable":true,"href":"https:\/\/interamerica.org\/fr\/wp-json\/wp\/v2\/tags?post=56114"}],"curies":[{"name":"wp","href":"https:\/\/api.w.org\/{rel}","templated":true}]}}