{"id":56283,"date":"2020-03-16T21:40:06","date_gmt":"2020-03-17T01:40:06","guid":{"rendered":"https:\/\/recursing-golick.147-182-135-0.plesk.page\/?p=56283"},"modified":"2020-03-18T10:36:10","modified_gmt":"2020-03-18T14:36:10","slug":"les-dirigeants-de-linter-amerique-interrompent-les-voyages-annulent-les-programmes-majeurs-les-employes-commencent-a-travailler-a-distance","status":"publish","type":"post","link":"https:\/\/interamerica.org\/fr\/2020\/03\/les-dirigeants-de-linter-amerique-interrompent-les-voyages-annulent-les-programmes-majeurs-les-employes-commencent-a-travailler-a-distance\/","title":{"rendered":"Les dirigeants de l\u2019Inter Am\u00e9rique interrompent les voyages, annulent les programmes majeurs, les employ\u00e9s commencent \u00e0 travailler \u00e0 distance"},"content":{"rendered":"<p>16 Mars 2020 | Miami, Floride, \u00c9tats-Unis | Libna Stevens, P\u00f4le Informations de la Division Inter Am\u00e9ricaine<\/p>\n<p>Alors que l\u2019ombre de la pand\u00e9mie du coronavirus (COVID-19) plane sur le monde, la direction de l\u2019\u00c9glise adventiste du septi\u00e8me jour sur le territoire de la Division Inter Am\u00e9ricaine (DIA) a annonc\u00e9 aujourd\u2019hui l\u2019annulation des principaux programmes \u00e0 venir, l\u2019annulation de tous les voyages pour les 30 prochains jours, et a d\u00e9voil\u00e9 le suivi des op\u00e9rations pour l\u2019\u00e9glise dans les jours et les semaines \u00e0 venir.<\/p>\n<p>\u00ab La s\u00e9curit\u00e9 rev\u00eat une tr\u00e8s grande importance pour l\u2019\u00e9glise en Inter Am\u00e9rique ainsi que pour l\u2019\u00e9glise mondiale dans cette situation, \u00bb a d\u00e9clar\u00e9 pasteur Elie Henry, pr\u00e9sident de l\u2019\u00c9glise adventiste en Inter Am\u00e9rique. Alors qu\u2019il informait les responsables \u00e0 la division, pasteur Henry a indiqu\u00e9 que de nombreux ajustements seront probablement faits \u00e0 mesure que la situation \u00e9voluera.<\/p>\n<p>Une chose est claire, a d\u00e9clar\u00e9 pasteur Henry, \u00ab Nous voulons suivre toutes les r\u00e9glementations et les recommandations du gouvernement concernant cette pand\u00e9mie, que ce soit au niveau f\u00e9d\u00e9ral ou au niveau local, \u00bb a-t-il d\u00e9clar\u00e9. Cette d\u00e9claration est adress\u00e9e \u00e0 tous les responsables qui dirigent l\u2019\u00e9glise dans les 24 r\u00e9gions eccl\u00e9siales, ou unions, en Inter-Am\u00e9rique, a expliqu\u00e9 le pr\u00e9sident. \u00ab Si le gouvernement local prend une d\u00e9cision, nous devons la suivre. Si on vous ordonne d\u2019\u00eatre mis en quarantaine pendant deux semaines, vous devez alors ob\u00e9ir. \u00bb<\/p>\n<p><div id=\"attachment_56260\" style=\"width: 815px\" class=\"wp-caption aligncenter\"><img fetchpriority=\"high\" decoding=\"async\" aria-describedby=\"caption-attachment-56260\" class=\" wp-image-56259\" src=\"https:\/\/recursing-golick.147-182-135-0.plesk.page\/wp-content\/uploads\/2020\/03\/iad-administrators-videoconf-mar16-2020.jpg\" alt=\"\" width=\"805\" height=\"503\" srcset=\"https:\/\/interamerica.org\/wp-content\/uploads\/2020\/03\/iad-administrators-videoconf-mar16-2020.jpg 1000w, https:\/\/interamerica.org\/wp-content\/uploads\/2020\/03\/iad-administrators-videoconf-mar16-2020-300x188.jpg 300w, https:\/\/interamerica.org\/wp-content\/uploads\/2020\/03\/iad-administrators-videoconf-mar16-2020-768x480.jpg 768w\" sizes=\"(max-width: 805px) 100vw, 805px\" \/><p id=\"caption-attachment-56260\" class=\"wp-caption-text\">Les administrateurs de la Division Inter Am\u00e9ricaine s\u2019adressent aux administrateurs des unions le 16 mars 2020, lors d\u2019une r\u00e9union sp\u00e9ciale par vid\u00e9oconf\u00e9rence pour faire le point sur les programmes annul\u00e9s, sur les proc\u00e9dures pour le fonctionnement et les prochaines rencontres administratives de l\u2019\u00e9glise en mai. [Photo : Abel M\u00e1rquez \/ DIA]<\/p><\/div><br \/>\nLe pasteur Henry a rappel\u00e9 aux dirigeants de continuer \u00e0 se laver les mains et \u00e0 observer une bonne hygi\u00e8ne, et \u00e0 maintenir la distance sociale recommand\u00e9e. \u00ab Nous continuons de d\u2019examiner toute information communiqu\u00e9e par l\u2019Organisation Mondiale de la Sant\u00e9, les gouvernements et la Conf\u00e9rence G\u00e9n\u00e9rale. \u00bb<\/p>\n<p><strong>Suspension des Voyages<\/strong><br \/>\nTous les voyages sont suspendus pour les 30 prochains jours, a-t-il d\u00e9clar\u00e9. Cela vaut pour tout le personnel itin\u00e9rant.<\/p>\n<p>La plupart des unions ont signal\u00e9 que leurs grands programmes ont \u00e9t\u00e9 annul\u00e9s et que le travail d\u2019\u00e9vang\u00e9lisation se poursuivait au sein des petits groupes et des plus petites rencontres, a-t-il dit.<\/p>\n<p><strong>Travail \u00e0 distance<\/strong><br \/>\nLes dirigeants et le personnel continueront de travailler \u00e0 distance depuis leur domicile car le bureau de la DIA sera ferm\u00e9 jusqu\u2019au 30 mars, a d\u00e9clar\u00e9 pasteur Henry. \u00ab Nous n\u2019avons pas arr\u00eat\u00e9 de fonctionner. Notre travail se fera simplement \u00e0 l\u2019ext\u00e9rieur des b\u00e2timents, \u00bb a-t-il indiqu\u00e9.<\/p>\n<p>\u00ab C\u2019est maintenant le moment o\u00f9 nous sommes appel\u00e9s \u00e0 \u00eatre plus cr\u00e9atifs dans la fa\u00e7on dont nous menons nos affaires, c\u2019est donc une opportunit\u00e9 pour nous d\u2019agir en utilisant la technologie dont nous disposons pour la mettre au service de la mission, \u00bb a d\u00e9clar\u00e9 pasteur Henry.<\/p>\n<p><div id=\"attachment_56266\" style=\"width: 806px\" class=\"wp-caption aligncenter\"><img decoding=\"async\" aria-describedby=\"caption-attachment-56266\" class=\" wp-image-56265\" src=\"https:\/\/recursing-golick.147-182-135-0.plesk.page\/wp-content\/uploads\/2020\/03\/elie-henry-videoconf-mar16-2020.jpg\" alt=\"\" width=\"796\" height=\"598\" srcset=\"https:\/\/interamerica.org\/wp-content\/uploads\/2020\/03\/elie-henry-videoconf-mar16-2020.jpg 950w, https:\/\/interamerica.org\/wp-content\/uploads\/2020\/03\/elie-henry-videoconf-mar16-2020-300x225.jpg 300w, https:\/\/interamerica.org\/wp-content\/uploads\/2020\/03\/elie-henry-videoconf-mar16-2020-768x576.jpg 768w\" sizes=\"(max-width: 796px) 100vw, 796px\" \/><p id=\"caption-attachment-56266\" class=\"wp-caption-text\">Le pr\u00e9sident de la Division Inter Am\u00e9ricaine, pasteur Elie Henry (\u00e0 gauche), est rejoint par ses coll\u00e8gues administrateurs \u00e0 Miami, lors de rencontres par vid\u00e9oconf\u00e9rence organis\u00e9es plus t\u00f4t aujourd\u2019hui avec les 24 administrateurs d\u2019union. [Photo : Abel M\u00e1rquez \/ DIA]<\/p><\/div><strong>Programmes annul\u00e9s<\/strong><br \/>\nLes Rencontres Ex\u00e9cutives de Milieu d\u2019Ann\u00e9e de l\u2019Inter Am\u00e9rique, ainsi que les rencontres pr\u00e9liminaires pr\u00e9vues du 4 au 7 mai, se tiendront via le syst\u00e8me de vid\u00e9oconf\u00e9rence mis en place dans les 24 unions du territoire, a annonc\u00e9 pasteur Henry.<\/p>\n<p>Parmi les prochains programmes de la DIA qui ont \u00e9t\u00e9 annul\u00e9s, il y a :<\/p>\n<p>&#8211; 21 mars, programme de la Journ\u00e9e Mondiale de la Jeunesse, Medellin, Colombie<\/p>\n<p>&#8211; 4 avril, Impact \u00c9vang\u00e9lique Seigneur Transforme Moi, Costa Rica<\/p>\n<p>&#8211; 3 mai, Concours quinquennal Connexion Biblique, Miami<\/p>\n<p><strong>Les institutions \u00e9ducatives <\/strong><br \/>\nPasteur Gamaliel Fl\u00f3rez, directeur de l\u2019\u00e9ducation pour l\u2019\u00c9glise adventiste en Inter Am\u00e9rique, a rapport\u00e9 que de nombreuses universit\u00e9s adventistes \u00e0 travers le territoire ont ferm\u00e9 pour des raisons de s\u00e9curit\u00e9 sur la recommandation du gouvernement des pays concern\u00e9s.<\/p>\n<p>L\u2019Universit\u00e9 de Montemorelos, une institution m\u00e9dicale dirig\u00e9e par les adventistes et sous la supervision directe de la DIA, a \u00e9t\u00e9 proactive dans le partage des mesures de pr\u00e9caution et a mis \u00e0 disposition des ressources pour aider pendant la situation li\u00e9e au coronavirus, a d\u00e9clar\u00e9 Gamaliel Fl\u00f3rez. D\u2019autres s\u2019organisent pour poursuivre certaines classes par le biais de leur syst\u00e8me d\u2019\u00e9ducation en ligne.<\/p>\n<p>Selon Dr Fl\u00f3rez, de nombreux directeurs de l\u2019\u00e9ducation au niveau des unions ont signal\u00e9 la fermeture d\u2019\u00e9coles pour les deux \u00e0 quatre semaines \u00e0 venir, ou pour une dur\u00e9e ind\u00e9termin\u00e9e.<\/p>\n<p>\u00ab Nous sommes heureux d\u2019annoncer que notre syst\u00e8me \u00e9ducatif a pris les mesures appropri\u00e9es face \u00e0 cette situation et continuera d\u2019apporter les ajustements n\u00e9cessaires pour l\u2019ann\u00e9e scolaire, \u00bb a d\u00e9clar\u00e9 Gamaliel Fl\u00f3rez.<\/p>\n<p><strong>Institutions hospitali\u00e8res <\/strong><br \/>\n\u00ab Nos h\u00f4pitaux adventistes en Inter Am\u00e9rique ont des proc\u00e9dures qui sont en place pour les situations de catastrophes et d\u2019urgence, \u00bb a d\u00e9clar\u00e9 Dr Elie Honor\u00e9, pr\u00e9sident des Services de Sant\u00e9 Adventistes pour l\u2019Inter Am\u00e9rique. Bien que de nombreux h\u00f4pitaux ne disposent pas encore de kits de d\u00e9pistage du coronavirus, le personnel m\u00e9dical recommande que toute personne pr\u00e9sentant des sympt\u00f4mes grippaux ou des sympt\u00f4mes suspects prenne les mesures appropri\u00e9es, a expliqu\u00e9 Dr Honor\u00e9.<\/p>\n<p>\u00ab Tous nos administrateurs d\u2019h\u00f4pitaux continuent de suivre les recommandations du gouvernement et continuent de partager des informations sur les mesures de pr\u00e9caution pour emp\u00eacher que les gens ne continuent de propager le virus, \u00bb a d\u00e9clar\u00e9 Dr Honor\u00e9.<\/p>\n<p>Les administrateurs de la DIA ont \u00e9galement rencontr\u00e9 tous les administrateurs d\u2019union par vid\u00e9oconf\u00e9rence pour donner aux dirigeants les derni\u00e8res informations concernant la session de la Conf\u00e9rence G\u00e9n\u00e9rale de l\u2019\u00c9glise adventiste mondiale pr\u00e9vue pour cet \u00e9t\u00e9, pour faire le point sur les mesures de pr\u00e9caution prises sur le terrain et sur les plans de r\u00e9unions en ligne pour les prochaines rencontres annuelles de milieu d\u2019ann\u00e9e pr\u00e9vues pour le mois de mai.<\/p>\n<p><strong>Poursuivre l\u2019\u0153uvre de Dieu<\/strong><br \/>\nAu fil des jours et des semaines, les dirigeants et les membres d\u2019\u00e9glise continueront d\u2019\u00eatre inform\u00e9s en recevant les derni\u00e8res nouvelles disponibles, a d\u00e9clar\u00e9 le pasteur Henry. \u00ab Les nouvelles peuvent \u00eatre stressantes, mais ne soyez pas d\u00e9prim\u00e9s par ce qui se passe dans le monde, \u00bb a-t-il d\u00e9clar\u00e9. \u00ab Nous sommes un peuple qui croit dans la proph\u00e9tie et il nous faut lever les yeux parce que J\u00e9sus revient bient\u00f4t. Nous esp\u00e9rons continuer \u00e0 faire l\u2019\u0153uvre de Dieu. \u00bb<\/p>\n<p>Le pasteur Henry a remerci\u00e9 les dirigeants des unions et des institutions d\u2019avoir \u00e9t\u00e9 proactifs dans la prise de mesures de pr\u00e9caution dans cette p\u00e9riode.<\/p>\n<p>\u00ab Nous vous demandons de continuer \u00e0 unir vos efforts pour prot\u00e9ger le peuple de Dieu et \u00eatre des exemples dans la communaut\u00e9. Par-dessus tout, n\u2019oublions surtout pas de partager l\u2019esp\u00e9rance, maintenant que les gens en ont le plus besoin. \u00bb<\/p>\n<p>\u00ab Nous sommes convaincus que Dieu continuera de guider son \u00e9glise et nous continuons d\u2019avancer croyant que J\u00e9sus est avec nous, qu\u2019il nous fortifie de sa droite triomphante, \u00bb a d\u00e9clar\u00e9 pasteur Henry.<\/p>\n<p><strong>Ressources:<\/strong><br \/>\nLien vers la page web d\u2019Adventist Risk Management: \u00a0<a href=\"https:\/\/adventistrisk.org\/en-us\/safety-resources\/solutions-newsletter\/2020\/march\/information-regarding-coronavirus-covid19-naden\">https:\/\/adventistrisk.org\/en-us\/safety-resources\/solutions-newsletter\/2020\/march\/information-regarding-coronavirus-covid19-naden<\/a><\/p>\n<p>Article du Dr Peter Landless des Minist\u00e8res Adventistes de la Sant\u00e9 de la Conf\u00e9rence G\u00e9n\u00e9rale :\u00a0<a href=\"http:\/\/healthministries.com\/articles\/homepage\/coronavirus-update\">http:\/\/healthministries.com\/articles\/homepage\/coronavirus-update<\/a><\/p>\n<p>Lien de l\u2019Organisation Mondiale de la Sant\u00e9, COVID-19: <a href=\"https:\/\/www.who.int\/emergencies\/diseases\/novel-coronavirus-2019\">https:\/\/www.who.int\/emergencies\/diseases\/novel-coronavirus-2019<\/a><\/p>\n<p>Traduction: Patrick Luciathe<\/p>\n","protected":false},"excerpt":{"rendered":"<p>16 Mars 2020 | Miami, Floride, \u00c9tats-Unis | Libna Stevens, P\u00f4le Informations de la Division Inter Am\u00e9ricaine Alors que l\u2019ombre de la pand\u00e9mie du coronavirus (COVID-19) plane sur le monde,&#8230;<\/p>\n","protected":false},"author":3,"featured_media":56271,"comment_status":"open","ping_status":"closed","sticky":false,"template":"","format":"standard","meta":{"_acf_changed":false,"footnotes":""},"categories":[20,19],"tags":[],"class_list":["post-56283","post","type-post","status-publish","format-standard","has-post-thumbnail","hentry","category-nouvelles-du-siege-de-la-division","category-rss-francais"],"acf":[],"yoast_head":"<!-- This site is optimized with the Yoast SEO plugin v27.3 - https:\/\/yoast.com\/product\/yoast-seo-wordpress\/ -->\n<title>Les dirigeants de l\u2019Inter Am\u00e9rique interrompent les voyages, annulent les programmes majeurs, les employ\u00e9s commencent \u00e0 travailler \u00e0 distance - \u00c9glise Adventiste Du Septieme Jour - Inter Am\u00e9rique Division<\/title>\n<meta name=\"robots\" content=\"index, follow, max-snippet:-1, max-image-preview:large, max-video-preview:-1\" \/>\n<link rel=\"canonical\" href=\"https:\/\/interamerica.org\/fr\/2020\/03\/les-dirigeants-de-linter-amerique-interrompent-les-voyages-annulent-les-programmes-majeurs-les-employes-commencent-a-travailler-a-distance\/\" \/>\n<meta property=\"og:locale\" content=\"fr_FR\" \/>\n<meta property=\"og:type\" content=\"article\" \/>\n<meta property=\"og:title\" content=\"Les dirigeants de l\u2019Inter Am\u00e9rique interrompent les voyages, annulent les programmes majeurs, les employ\u00e9s commencent \u00e0 travailler \u00e0 distance - \u00c9glise Adventiste Du Septieme Jour - Inter Am\u00e9rique Division\" \/>\n<meta property=\"og:description\" content=\"16 Mars 2020 | Miami, Floride, \u00c9tats-Unis | Libna Stevens, P\u00f4le Informations de la Division Inter Am\u00e9ricaine Alors que l\u2019ombre de la pand\u00e9mie du coronavirus (COVID-19) plane sur le monde,...\" \/>\n<meta property=\"og:url\" content=\"https:\/\/interamerica.org\/fr\/2020\/03\/les-dirigeants-de-linter-amerique-interrompent-les-voyages-annulent-les-programmes-majeurs-les-employes-commencent-a-travailler-a-distance\/\" \/>\n<meta property=\"og:site_name\" content=\"\u00c9glise Adventiste Du Septieme Jour - Inter Am\u00e9rique Division\" \/>\n<meta property=\"article:published_time\" content=\"2020-03-17T01:40:06+00:00\" \/>\n<meta property=\"article:modified_time\" content=\"2020-03-18T14:36:10+00:00\" \/>\n<meta property=\"og:image\" content=\"https:\/\/interamerica.org\/wp-content\/uploads\/2020\/03\/iad-sign-2.jpg\" \/>\n\t<meta property=\"og:image:width\" content=\"1000\" \/>\n\t<meta property=\"og:image:height\" content=\"667\" \/>\n\t<meta property=\"og:image:type\" content=\"image\/jpeg\" \/>\n<meta name=\"author\" content=\"libna\" \/>\n<meta name=\"twitter:card\" content=\"summary_large_image\" \/>\n<meta name=\"twitter:label1\" content=\"\u00c9crit par\" \/>\n\t<meta name=\"twitter:data1\" content=\"libna\" \/>\n\t<meta name=\"twitter:label2\" content=\"Dur\u00e9e de lecture estim\u00e9e\" \/>\n\t<meta name=\"twitter:data2\" content=\"7 minutes\" \/>\n<script type=\"application\/ld+json\" class=\"yoast-schema-graph\">{\"@context\":\"https:\\\/\\\/schema.org\",\"@graph\":[{\"@type\":\"Article\",\"@id\":\"https:\\\/\\\/interamerica.org\\\/fr\\\/2020\\\/03\\\/les-dirigeants-de-linter-amerique-interrompent-les-voyages-annulent-les-programmes-majeurs-les-employes-commencent-a-travailler-a-distance\\\/#article\",\"isPartOf\":{\"@id\":\"https:\\\/\\\/interamerica.org\\\/fr\\\/2020\\\/03\\\/les-dirigeants-de-linter-amerique-interrompent-les-voyages-annulent-les-programmes-majeurs-les-employes-commencent-a-travailler-a-distance\\\/\"},\"author\":{\"name\":\"libna\",\"@id\":\"https:\\\/\\\/interamerica.org\\\/fr\\\/#\\\/schema\\\/person\\\/29998f2bc2d8bd0d38662909289b54f1\"},\"headline\":\"Les dirigeants de l\u2019Inter Am\u00e9rique interrompent les voyages, annulent les programmes majeurs, les employ\u00e9s commencent \u00e0 travailler \u00e0 distance\",\"datePublished\":\"2020-03-17T01:40:06+00:00\",\"dateModified\":\"2020-03-18T14:36:10+00:00\",\"mainEntityOfPage\":{\"@id\":\"https:\\\/\\\/interamerica.org\\\/fr\\\/2020\\\/03\\\/les-dirigeants-de-linter-amerique-interrompent-les-voyages-annulent-les-programmes-majeurs-les-employes-commencent-a-travailler-a-distance\\\/\"},\"wordCount\":1366,\"commentCount\":0,\"image\":{\"@id\":\"https:\\\/\\\/interamerica.org\\\/fr\\\/2020\\\/03\\\/les-dirigeants-de-linter-amerique-interrompent-les-voyages-annulent-les-programmes-majeurs-les-employes-commencent-a-travailler-a-distance\\\/#primaryimage\"},\"thumbnailUrl\":\"https:\\\/\\\/interamerica.org\\\/wp-content\\\/uploads\\\/2020\\\/03\\\/iad-sign-2.jpg\",\"articleSection\":[\"Nouvelles du si\u00e8ge de la division\",\"RSS Fran\u00e7ais\"],\"inLanguage\":\"fr-FR\",\"potentialAction\":[{\"@type\":\"CommentAction\",\"name\":\"Comment\",\"target\":[\"https:\\\/\\\/interamerica.org\\\/fr\\\/2020\\\/03\\\/les-dirigeants-de-linter-amerique-interrompent-les-voyages-annulent-les-programmes-majeurs-les-employes-commencent-a-travailler-a-distance\\\/#respond\"]}]},{\"@type\":\"WebPage\",\"@id\":\"https:\\\/\\\/interamerica.org\\\/fr\\\/2020\\\/03\\\/les-dirigeants-de-linter-amerique-interrompent-les-voyages-annulent-les-programmes-majeurs-les-employes-commencent-a-travailler-a-distance\\\/\",\"url\":\"https:\\\/\\\/interamerica.org\\\/fr\\\/2020\\\/03\\\/les-dirigeants-de-linter-amerique-interrompent-les-voyages-annulent-les-programmes-majeurs-les-employes-commencent-a-travailler-a-distance\\\/\",\"name\":\"Les dirigeants de l\u2019Inter Am\u00e9rique interrompent les voyages, annulent les programmes majeurs, les employ\u00e9s commencent \u00e0 travailler \u00e0 distance - \u00c9glise Adventiste Du Septieme Jour - Inter Am\u00e9rique Division\",\"isPartOf\":{\"@id\":\"https:\\\/\\\/interamerica.org\\\/fr\\\/#website\"},\"primaryImageOfPage\":{\"@id\":\"https:\\\/\\\/interamerica.org\\\/fr\\\/2020\\\/03\\\/les-dirigeants-de-linter-amerique-interrompent-les-voyages-annulent-les-programmes-majeurs-les-employes-commencent-a-travailler-a-distance\\\/#primaryimage\"},\"image\":{\"@id\":\"https:\\\/\\\/interamerica.org\\\/fr\\\/2020\\\/03\\\/les-dirigeants-de-linter-amerique-interrompent-les-voyages-annulent-les-programmes-majeurs-les-employes-commencent-a-travailler-a-distance\\\/#primaryimage\"},\"thumbnailUrl\":\"https:\\\/\\\/interamerica.org\\\/wp-content\\\/uploads\\\/2020\\\/03\\\/iad-sign-2.jpg\",\"datePublished\":\"2020-03-17T01:40:06+00:00\",\"dateModified\":\"2020-03-18T14:36:10+00:00\",\"author\":{\"@id\":\"https:\\\/\\\/interamerica.org\\\/fr\\\/#\\\/schema\\\/person\\\/29998f2bc2d8bd0d38662909289b54f1\"},\"breadcrumb\":{\"@id\":\"https:\\\/\\\/interamerica.org\\\/fr\\\/2020\\\/03\\\/les-dirigeants-de-linter-amerique-interrompent-les-voyages-annulent-les-programmes-majeurs-les-employes-commencent-a-travailler-a-distance\\\/#breadcrumb\"},\"inLanguage\":\"fr-FR\",\"potentialAction\":[{\"@type\":\"ReadAction\",\"target\":[\"https:\\\/\\\/interamerica.org\\\/fr\\\/2020\\\/03\\\/les-dirigeants-de-linter-amerique-interrompent-les-voyages-annulent-les-programmes-majeurs-les-employes-commencent-a-travailler-a-distance\\\/\"]}]},{\"@type\":\"ImageObject\",\"inLanguage\":\"fr-FR\",\"@id\":\"https:\\\/\\\/interamerica.org\\\/fr\\\/2020\\\/03\\\/les-dirigeants-de-linter-amerique-interrompent-les-voyages-annulent-les-programmes-majeurs-les-employes-commencent-a-travailler-a-distance\\\/#primaryimage\",\"url\":\"https:\\\/\\\/interamerica.org\\\/wp-content\\\/uploads\\\/2020\\\/03\\\/iad-sign-2.jpg\",\"contentUrl\":\"https:\\\/\\\/interamerica.org\\\/wp-content\\\/uploads\\\/2020\\\/03\\\/iad-sign-2.jpg\",\"width\":1000,\"height\":667},{\"@type\":\"BreadcrumbList\",\"@id\":\"https:\\\/\\\/interamerica.org\\\/fr\\\/2020\\\/03\\\/les-dirigeants-de-linter-amerique-interrompent-les-voyages-annulent-les-programmes-majeurs-les-employes-commencent-a-travailler-a-distance\\\/#breadcrumb\",\"itemListElement\":[{\"@type\":\"ListItem\",\"position\":1,\"name\":\"Home\",\"item\":\"https:\\\/\\\/interamerica.org\\\/fr\\\/\"},{\"@type\":\"ListItem\",\"position\":2,\"name\":\"Les dirigeants de l\u2019Inter Am\u00e9rique interrompent les voyages, annulent les programmes majeurs, les employ\u00e9s commencent \u00e0 travailler \u00e0 distance\"}]},{\"@type\":\"WebSite\",\"@id\":\"https:\\\/\\\/interamerica.org\\\/fr\\\/#website\",\"url\":\"https:\\\/\\\/interamerica.org\\\/fr\\\/\",\"name\":\"\u00c9glise Adventiste Du Septieme Jour - Inter Am\u00e9rique Division\",\"description\":\"\",\"potentialAction\":[{\"@type\":\"SearchAction\",\"target\":{\"@type\":\"EntryPoint\",\"urlTemplate\":\"https:\\\/\\\/interamerica.org\\\/fr\\\/?s={search_term_string}\"},\"query-input\":{\"@type\":\"PropertyValueSpecification\",\"valueRequired\":true,\"valueName\":\"search_term_string\"}}],\"inLanguage\":\"fr-FR\"},{\"@type\":\"Person\",\"@id\":\"https:\\\/\\\/interamerica.org\\\/fr\\\/#\\\/schema\\\/person\\\/29998f2bc2d8bd0d38662909289b54f1\",\"name\":\"libna\",\"image\":{\"@type\":\"ImageObject\",\"inLanguage\":\"fr-FR\",\"@id\":\"https:\\\/\\\/secure.gravatar.com\\\/avatar\\\/7c5bd30ae4b47a9ba3c856590957fd1d96dc588bf3ac05719d247e126840331f?s=96&d=mm&r=g\",\"url\":\"https:\\\/\\\/secure.gravatar.com\\\/avatar\\\/7c5bd30ae4b47a9ba3c856590957fd1d96dc588bf3ac05719d247e126840331f?s=96&d=mm&r=g\",\"contentUrl\":\"https:\\\/\\\/secure.gravatar.com\\\/avatar\\\/7c5bd30ae4b47a9ba3c856590957fd1d96dc588bf3ac05719d247e126840331f?s=96&d=mm&r=g\",\"caption\":\"libna\"}}]}<\/script>\n<!-- \/ Yoast SEO plugin. -->","yoast_head_json":{"title":"Les dirigeants de l\u2019Inter Am\u00e9rique interrompent les voyages, annulent les programmes majeurs, les employ\u00e9s commencent \u00e0 travailler \u00e0 distance - \u00c9glise Adventiste Du Septieme Jour - Inter Am\u00e9rique Division","robots":{"index":"index","follow":"follow","max-snippet":"max-snippet:-1","max-image-preview":"max-image-preview:large","max-video-preview":"max-video-preview:-1"},"canonical":"https:\/\/interamerica.org\/fr\/2020\/03\/les-dirigeants-de-linter-amerique-interrompent-les-voyages-annulent-les-programmes-majeurs-les-employes-commencent-a-travailler-a-distance\/","og_locale":"fr_FR","og_type":"article","og_title":"Les dirigeants de l\u2019Inter Am\u00e9rique interrompent les voyages, annulent les programmes majeurs, les employ\u00e9s commencent \u00e0 travailler \u00e0 distance - \u00c9glise Adventiste Du Septieme Jour - Inter Am\u00e9rique Division","og_description":"16 Mars 2020 | Miami, Floride, \u00c9tats-Unis | Libna Stevens, P\u00f4le Informations de la Division Inter Am\u00e9ricaine Alors que l\u2019ombre de la pand\u00e9mie du coronavirus (COVID-19) plane sur le monde,...","og_url":"https:\/\/interamerica.org\/fr\/2020\/03\/les-dirigeants-de-linter-amerique-interrompent-les-voyages-annulent-les-programmes-majeurs-les-employes-commencent-a-travailler-a-distance\/","og_site_name":"\u00c9glise Adventiste Du Septieme Jour - Inter Am\u00e9rique Division","article_published_time":"2020-03-17T01:40:06+00:00","article_modified_time":"2020-03-18T14:36:10+00:00","og_image":[{"width":1000,"height":667,"url":"https:\/\/interamerica.org\/wp-content\/uploads\/2020\/03\/iad-sign-2.jpg","type":"image\/jpeg"}],"author":"libna","twitter_card":"summary_large_image","twitter_misc":{"\u00c9crit par":"libna","Dur\u00e9e de lecture estim\u00e9e":"7 minutes"},"schema":{"@context":"https:\/\/schema.org","@graph":[{"@type":"Article","@id":"https:\/\/interamerica.org\/fr\/2020\/03\/les-dirigeants-de-linter-amerique-interrompent-les-voyages-annulent-les-programmes-majeurs-les-employes-commencent-a-travailler-a-distance\/#article","isPartOf":{"@id":"https:\/\/interamerica.org\/fr\/2020\/03\/les-dirigeants-de-linter-amerique-interrompent-les-voyages-annulent-les-programmes-majeurs-les-employes-commencent-a-travailler-a-distance\/"},"author":{"name":"libna","@id":"https:\/\/interamerica.org\/fr\/#\/schema\/person\/29998f2bc2d8bd0d38662909289b54f1"},"headline":"Les dirigeants de l\u2019Inter Am\u00e9rique interrompent les voyages, annulent les programmes majeurs, les employ\u00e9s commencent \u00e0 travailler \u00e0 distance","datePublished":"2020-03-17T01:40:06+00:00","dateModified":"2020-03-18T14:36:10+00:00","mainEntityOfPage":{"@id":"https:\/\/interamerica.org\/fr\/2020\/03\/les-dirigeants-de-linter-amerique-interrompent-les-voyages-annulent-les-programmes-majeurs-les-employes-commencent-a-travailler-a-distance\/"},"wordCount":1366,"commentCount":0,"image":{"@id":"https:\/\/interamerica.org\/fr\/2020\/03\/les-dirigeants-de-linter-amerique-interrompent-les-voyages-annulent-les-programmes-majeurs-les-employes-commencent-a-travailler-a-distance\/#primaryimage"},"thumbnailUrl":"https:\/\/interamerica.org\/wp-content\/uploads\/2020\/03\/iad-sign-2.jpg","articleSection":["Nouvelles du si\u00e8ge de la division","RSS Fran\u00e7ais"],"inLanguage":"fr-FR","potentialAction":[{"@type":"CommentAction","name":"Comment","target":["https:\/\/interamerica.org\/fr\/2020\/03\/les-dirigeants-de-linter-amerique-interrompent-les-voyages-annulent-les-programmes-majeurs-les-employes-commencent-a-travailler-a-distance\/#respond"]}]},{"@type":"WebPage","@id":"https:\/\/interamerica.org\/fr\/2020\/03\/les-dirigeants-de-linter-amerique-interrompent-les-voyages-annulent-les-programmes-majeurs-les-employes-commencent-a-travailler-a-distance\/","url":"https:\/\/interamerica.org\/fr\/2020\/03\/les-dirigeants-de-linter-amerique-interrompent-les-voyages-annulent-les-programmes-majeurs-les-employes-commencent-a-travailler-a-distance\/","name":"Les dirigeants de l\u2019Inter Am\u00e9rique interrompent les voyages, annulent les programmes majeurs, les employ\u00e9s commencent \u00e0 travailler \u00e0 distance - \u00c9glise Adventiste Du Septieme Jour - Inter Am\u00e9rique Division","isPartOf":{"@id":"https:\/\/interamerica.org\/fr\/#website"},"primaryImageOfPage":{"@id":"https:\/\/interamerica.org\/fr\/2020\/03\/les-dirigeants-de-linter-amerique-interrompent-les-voyages-annulent-les-programmes-majeurs-les-employes-commencent-a-travailler-a-distance\/#primaryimage"},"image":{"@id":"https:\/\/interamerica.org\/fr\/2020\/03\/les-dirigeants-de-linter-amerique-interrompent-les-voyages-annulent-les-programmes-majeurs-les-employes-commencent-a-travailler-a-distance\/#primaryimage"},"thumbnailUrl":"https:\/\/interamerica.org\/wp-content\/uploads\/2020\/03\/iad-sign-2.jpg","datePublished":"2020-03-17T01:40:06+00:00","dateModified":"2020-03-18T14:36:10+00:00","author":{"@id":"https:\/\/interamerica.org\/fr\/#\/schema\/person\/29998f2bc2d8bd0d38662909289b54f1"},"breadcrumb":{"@id":"https:\/\/interamerica.org\/fr\/2020\/03\/les-dirigeants-de-linter-amerique-interrompent-les-voyages-annulent-les-programmes-majeurs-les-employes-commencent-a-travailler-a-distance\/#breadcrumb"},"inLanguage":"fr-FR","potentialAction":[{"@type":"ReadAction","target":["https:\/\/interamerica.org\/fr\/2020\/03\/les-dirigeants-de-linter-amerique-interrompent-les-voyages-annulent-les-programmes-majeurs-les-employes-commencent-a-travailler-a-distance\/"]}]},{"@type":"ImageObject","inLanguage":"fr-FR","@id":"https:\/\/interamerica.org\/fr\/2020\/03\/les-dirigeants-de-linter-amerique-interrompent-les-voyages-annulent-les-programmes-majeurs-les-employes-commencent-a-travailler-a-distance\/#primaryimage","url":"https:\/\/interamerica.org\/wp-content\/uploads\/2020\/03\/iad-sign-2.jpg","contentUrl":"https:\/\/interamerica.org\/wp-content\/uploads\/2020\/03\/iad-sign-2.jpg","width":1000,"height":667},{"@type":"BreadcrumbList","@id":"https:\/\/interamerica.org\/fr\/2020\/03\/les-dirigeants-de-linter-amerique-interrompent-les-voyages-annulent-les-programmes-majeurs-les-employes-commencent-a-travailler-a-distance\/#breadcrumb","itemListElement":[{"@type":"ListItem","position":1,"name":"Home","item":"https:\/\/interamerica.org\/fr\/"},{"@type":"ListItem","position":2,"name":"Les dirigeants de l\u2019Inter Am\u00e9rique interrompent les voyages, annulent les programmes majeurs, les employ\u00e9s commencent \u00e0 travailler \u00e0 distance"}]},{"@type":"WebSite","@id":"https:\/\/interamerica.org\/fr\/#website","url":"https:\/\/interamerica.org\/fr\/","name":"\u00c9glise Adventiste Du Septieme Jour - Inter Am\u00e9rique Division","description":"","potentialAction":[{"@type":"SearchAction","target":{"@type":"EntryPoint","urlTemplate":"https:\/\/interamerica.org\/fr\/?s={search_term_string}"},"query-input":{"@type":"PropertyValueSpecification","valueRequired":true,"valueName":"search_term_string"}}],"inLanguage":"fr-FR"},{"@type":"Person","@id":"https:\/\/interamerica.org\/fr\/#\/schema\/person\/29998f2bc2d8bd0d38662909289b54f1","name":"libna","image":{"@type":"ImageObject","inLanguage":"fr-FR","@id":"https:\/\/secure.gravatar.com\/avatar\/7c5bd30ae4b47a9ba3c856590957fd1d96dc588bf3ac05719d247e126840331f?s=96&d=mm&r=g","url":"https:\/\/secure.gravatar.com\/avatar\/7c5bd30ae4b47a9ba3c856590957fd1d96dc588bf3ac05719d247e126840331f?s=96&d=mm&r=g","contentUrl":"https:\/\/secure.gravatar.com\/avatar\/7c5bd30ae4b47a9ba3c856590957fd1d96dc588bf3ac05719d247e126840331f?s=96&d=mm&r=g","caption":"libna"}}]}},"_links":{"self":[{"href":"https:\/\/interamerica.org\/fr\/wp-json\/wp\/v2\/posts\/56283","targetHints":{"allow":["GET"]}}],"collection":[{"href":"https:\/\/interamerica.org\/fr\/wp-json\/wp\/v2\/posts"}],"about":[{"href":"https:\/\/interamerica.org\/fr\/wp-json\/wp\/v2\/types\/post"}],"author":[{"embeddable":true,"href":"https:\/\/interamerica.org\/fr\/wp-json\/wp\/v2\/users\/3"}],"replies":[{"embeddable":true,"href":"https:\/\/interamerica.org\/fr\/wp-json\/wp\/v2\/comments?post=56283"}],"version-history":[{"count":0,"href":"https:\/\/interamerica.org\/fr\/wp-json\/wp\/v2\/posts\/56283\/revisions"}],"wp:featuredmedia":[{"embeddable":true,"href":"https:\/\/interamerica.org\/fr\/wp-json\/wp\/v2\/media\/56271"}],"wp:attachment":[{"href":"https:\/\/interamerica.org\/fr\/wp-json\/wp\/v2\/media?parent=56283"}],"wp:term":[{"taxonomy":"category","embeddable":true,"href":"https:\/\/interamerica.org\/fr\/wp-json\/wp\/v2\/categories?post=56283"},{"taxonomy":"post_tag","embeddable":true,"href":"https:\/\/interamerica.org\/fr\/wp-json\/wp\/v2\/tags?post=56283"}],"curies":[{"name":"wp","href":"https:\/\/api.w.org\/{rel}","templated":true}]}}