{"id":56498,"date":"2020-03-22T16:07:14","date_gmt":"2020-03-22T20:07:14","guid":{"rendered":"https:\/\/recursing-golick.147-182-135-0.plesk.page\/?p=56498"},"modified":"2020-04-03T09:38:33","modified_gmt":"2020-04-03T13:38:33","slug":"nous-sommes-alles-enseigner-mais-ce-sont-eux-qui-nous-ont-enseignes","status":"publish","type":"post","link":"https:\/\/interamerica.org\/fr\/2020\/03\/nous-sommes-alles-enseigner-mais-ce-sont-eux-qui-nous-ont-enseignes\/","title":{"rendered":"\u00ab Nous sommes all\u00e9s enseigner, mais ce sont eux qui nous ont enseign\u00e9s \u00bb"},"content":{"rendered":"<p><div id=\"attachment_56467\" style=\"width: 810px\" class=\"wp-caption aligncenter\"><img fetchpriority=\"high\" decoding=\"async\" aria-describedby=\"caption-attachment-56467\" class=\" wp-image-56466\" src=\"https:\/\/recursing-golick.147-182-135-0.plesk.page\/wp-content\/uploads\/2020\/03\/belize4.jpg\" alt=\"\" width=\"800\" height=\"533\" srcset=\"https:\/\/interamerica.org\/wp-content\/uploads\/2020\/03\/belize4.jpg 1000w, https:\/\/interamerica.org\/wp-content\/uploads\/2020\/03\/belize4-300x200.jpg 300w, https:\/\/interamerica.org\/wp-content\/uploads\/2020\/03\/belize4-768x511.jpg 768w\" sizes=\"(max-width: 800px) 100vw, 800px\" \/><p id=\"caption-attachment-56467\" class=\"wp-caption-text\">La classe d\u2019\u00c9cole Biblique de Vacances et les dirigeants posent ensemble pour une photo. [Photo : Il Est \u00c9crit]<\/p><\/div>22 Mars 2020 | Par Ellen Hostetler, Il Est \u00c9crit<\/p>\n<p>Fin f\u00e9vrier 2020, 27 \u00e9tudiants et enseignants de la Jefferson Christian Academy \u00e0 Jefferson, au Texas, aux \u00c9tats-Unis, se sont rendus au Belize \u00e0 l\u2019occasion de leur premier voyage missionnaire Il Est \u00c9crit. Ils ne savaient pas \u00e0 quoi s\u2019attendre, mais ils \u00e9taient enthousiastes. Des \u00e9tudiants de premi\u00e8re ann\u00e9e aux \u00e9tudiants de quatri\u00e8me ann\u00e9e, le groupe tout entier \u00e9tait pr\u00eat \u00e0 travailler. Et ils ont travaill\u00e9 dur. Le Belize est un petit pays luxuriant d\u2019Am\u00e9rique Centrale coinc\u00e9 entre le Mexique, le Guatemala et la Mer des Cara\u00efbes. En f\u00e9vrier, le temps est magnifique : chaud pendant la journ\u00e9e et frais le soir. Les \u00e9tudiants ont \u00e9t\u00e9 accueillis \u00e0 bras ouverts et ont rapidement appris \u00e0 aimer les plats locaux &#8211; haricots et riz. Les \u00e9tudiants ont \u00e9lu domicile pour deux semaines \u00e0 l\u2019H\u00f4pital Adventiste de La Loma Luz et ont fait en sorte de se faire des amis pour J\u00e9sus. Plusieurs \u00e9tudiants ont \u00e9t\u00e9 affect\u00e9s \u00e0 la construction de logements \u00e0 l\u2019h\u00f4pital, un projet qui a connu des progr\u00e8s tr\u00e8s graduels au cours des trois derni\u00e8res ann\u00e9es. En quelques jours seulement, ils ont r\u00e9alis\u00e9 des progr\u00e8s records. Un m\u00e9canicien, leader \u00e9tudiant, a r\u00e9par\u00e9 plusieurs v\u00e9hicules locaux, a partag\u00e9 quelques-unes des astuces du m\u00e9tier et a laiss\u00e9 quelques-uns de ses outils afin que d\u2019autres r\u00e9parations puissent \u00eatre effectu\u00e9es.<\/p>\n<p>Pila Telefoni, le pr\u00e9cepteur des gar\u00e7ons \u00e0 l\u2019\u00e9cole et responsable du voyage, savait que ce voyage serait diff\u00e9rent. Pour la premi\u00e8re fois, les \u00e9tudiants allaient tenir certaines des trois r\u00e9unions d\u2019\u00e9vang\u00e9lisation qui avaient lieu le soir. Rejoints par la chorale de l\u2019\u00e9quipe missionnaire et \u00e0 l\u2019aide de diaporamas et de notes fournies par Il Est \u00c9crit, les \u00e9tudiants se sont pr\u00e9par\u00e9s \u00e0 partager ce en quoi ils croyaient, en anglais et en espagnol.<\/p>\n<p><div id=\"attachment_56470\" style=\"width: 810px\" class=\"wp-caption aligncenter\"><img decoding=\"async\" aria-describedby=\"caption-attachment-56470\" class=\"wp-image-56469\" src=\"https:\/\/recursing-golick.147-182-135-0.plesk.page\/wp-content\/uploads\/2020\/03\/belize2.jpg\" alt=\"\" width=\"800\" height=\"533\" srcset=\"https:\/\/interamerica.org\/wp-content\/uploads\/2020\/03\/belize2.jpg 1000w, https:\/\/interamerica.org\/wp-content\/uploads\/2020\/03\/belize2-300x200.jpg 300w, https:\/\/interamerica.org\/wp-content\/uploads\/2020\/03\/belize2-768x511.jpg 768w\" sizes=\"(max-width: 800px) 100vw, 800px\" \/><p id=\"caption-attachment-56470\" class=\"wp-caption-text\">Les responsables du voyage missionnaire enseignent aux \u00e9tudiants locaux lors de l\u2019\u00c9cole Biblique de Vacances. [Photo : Il Est \u00c9crit]<\/p><\/div>Une rencontre a eu lieu sous une tente en face d\u2019un parc de la ville o\u00f9 l\u2019on retrouve de nombreux jeunes, de la musique \u00e0 plein volume et de l\u2019alcool. Un soir, alors que les \u00e9tudiants pr\u00eachaient, un homme s\u2019est approch\u00e9 de Pila Telefoni et l\u2019a interrog\u00e9 sur Daniel 11. Pila Telefoni pouvait sentir l\u2019alcool dans son haleine alors que l\u2019homme racontait comment il avait \u00e9t\u00e9 baptis\u00e9 45 ans auparavant. Pila l\u2019a revu le soir suivant, \u00e9coutant sous un arbre de l\u2019autre c\u00f4t\u00e9 de la rue. Il a pri\u00e9 que l\u2019esp\u00e9rance soit \u00e0 nouveau sem\u00e9e dans le c\u0153ur de cet homme.<\/p>\n<p>Au cours de la journ\u00e9e, la chorale des \u00e9tudiants a propos\u00e9 un programme d\u2019\u00c9cole Biblique de Vacances dans une \u00e9cole primaire toute proche. Les enseignants ont fait une pause bien m\u00e9rit\u00e9e pendant que l\u2019\u00e9quipe missionnaire d\u2019Il Est \u00c9crit chantait des chansons, jouait \u00e0 des jeux, racontait des histoires et se faisait des amis. Nathan a attir\u00e9 l\u2019attention d\u2019Erian, l\u2019un des \u00e9l\u00e8ves de l\u2019\u00e9cole primaire. \u00c0 seulement 7 ans, Erian vient d\u2019un foyer bris\u00e9. Quand les choses n\u2019allaient pas bien \u00e0 la maison, sa m\u00e8re lui pr\u00e9parait un sac et l\u2019envoyait dans la rue jusqu\u2019\u00e0 ce que la police le r\u00e9cup\u00e8re.<\/p>\n<p>Nathan et Erian sont rapidement devenus ins\u00e9parables. \u00c0 la fin des deux semaines au Belize, l\u2019\u00e9quipe a pr\u00e9vu une sortie pour faire la visite des grottes en bou\u00e9e et faire de la tyrolienne. Nathan ne pouvait pas y aller sans Erian. Il a d\u00e9cid\u00e9 de laisser ses amis y aller sans lui, et il a pass\u00e9 la journ\u00e9e avec Erian. Alors que Nathan partait pour l\u2019a\u00e9roport le lendemain, Erian s\u2019est accroch\u00e9 \u00e0 lui. Il ne voulait pas que son nouvel ami parte.<\/p>\n<p><div id=\"attachment_56473\" style=\"width: 807px\" class=\"wp-caption aligncenter\"><img decoding=\"async\" aria-describedby=\"caption-attachment-56473\" class=\" wp-image-56472\" src=\"https:\/\/recursing-golick.147-182-135-0.plesk.page\/wp-content\/uploads\/2020\/03\/belize5.jpg\" alt=\"\" width=\"797\" height=\"533\" srcset=\"https:\/\/interamerica.org\/wp-content\/uploads\/2020\/03\/belize5.jpg 640w, https:\/\/interamerica.org\/wp-content\/uploads\/2020\/03\/belize5-300x201.jpg 300w\" sizes=\"(max-width: 797px) 100vw, 797px\" \/><p id=\"caption-attachment-56473\" class=\"wp-caption-text\">Les \u00e9tudiants construisent des logements pour les m\u00e9decins de l\u2019h\u00f4pital. [Photo : Il Est \u00c9crit]<\/p><\/div>Lorsque l\u2019\u00e9quipe est partie, les \u00e9tudiants ont renonc\u00e9 \u00e0 acheter des souvenirs de leur voyage. Au lieu de cela, ils ont utilis\u00e9 l\u2019argent pour acheter \u00e0 leurs nouveaux amis au Belize des cadeaux tels que des crayons de couleur et du papier de couleur. Nathan a dit qu\u2019il voulait \u00e9conomiser et payer les 45 dollars n\u00e9cessaires par an pour qu\u2019Erian puisse poursuivre sa scolarit\u00e9 dans une \u00e9cole chr\u00e9tienne.<\/p>\n<p>De retour \u00e0 la maison, les \u00e9tudiants de l\u2019\u00e9cole ont demand\u00e9 \u00e0 Pila s\u2019ils pouvaient traverser la rue et passer du temps avec les enfants de l\u2019\u00e9cole primaire. Ils ont r\u00e9alis\u00e9 \u00e0 quel point un peu d\u2019attention et un sourire pouvaient faire une \u00e9norme diff\u00e9rence dans la vie d\u2019un enfant.<\/p>\n<p>\u00ab Nous allons absolument refaire un voyage missionnaire Il Est \u00c9crit, \u00bb a promis Pila Telefoni. \u00ab Tout s\u2019est si bien pass\u00e9. Ce fut une vraie b\u00e9n\u00e9diction de prendre part \u00e0 ce voyage. J\u2019ai demand\u00e9 aux \u00e9tudiants de lever la main s\u2019ils avaient appr\u00e9ci\u00e9 le voyage. Tout le monde a lev\u00e9 la main et les \u00e9tudiants m\u2019ont dit : \u00ab Nous sommes all\u00e9s enseigner, mais ce sont eux qui <em>nous<\/em>ont enseign\u00e9s. Nous n\u2019avons pas simplement appr\u00e9ci\u00e9 le voyage, nous avons \u00e9t\u00e9 b\u00e9nis ! \u00bb<\/p>\n<p><div id=\"attachment_56479\" style=\"width: 818px\" class=\"wp-caption aligncenter\"><img loading=\"lazy\" decoding=\"async\" aria-describedby=\"caption-attachment-56479\" class=\" wp-image-56478\" src=\"https:\/\/recursing-golick.147-182-135-0.plesk.page\/wp-content\/uploads\/2020\/03\/belize1.jpg\" alt=\"\" width=\"808\" height=\"536\" srcset=\"https:\/\/interamerica.org\/wp-content\/uploads\/2020\/03\/belize1.jpg 1000w, https:\/\/interamerica.org\/wp-content\/uploads\/2020\/03\/belize1-300x199.jpg 300w, https:\/\/interamerica.org\/wp-content\/uploads\/2020\/03\/belize1-768x509.jpg 768w\" sizes=\"(max-width: 808px) 100vw, 808px\" \/><p id=\"caption-attachment-56479\" class=\"wp-caption-text\">Nathan (\u00e0 gauche) et Erian sont devenus des amis proches. [Photo : Il Est \u00c9crit]<\/p><\/div><em>La version originale de ce r\u00e9cit a \u00e9t\u00e9 publi\u00e9e sur le <\/em><a href=\"https:\/\/blog.itiswritten.com\/\" target=\"_blank\" rel=\"noopener noreferrer\"><em>news blog site<\/em><\/a><em>de Il Est \u00c9crit.<\/em><\/p>\n<p>Traduction: Patrick Luciathe<\/p>\n","protected":false},"excerpt":{"rendered":"<p>22 Mars 2020 | Par Ellen Hostetler, Il Est \u00c9crit Fin f\u00e9vrier 2020, 27 \u00e9tudiants et enseignants de la Jefferson Christian Academy \u00e0 Jefferson, au Texas, aux \u00c9tats-Unis, se sont&#8230;<\/p>\n","protected":false},"author":3,"featured_media":56467,"comment_status":"open","ping_status":"closed","sticky":false,"template":"","format":"standard","meta":{"_acf_changed":false,"footnotes":""},"categories":[18,19],"tags":[],"class_list":["post-56498","post","type-post","status-publish","format-standard","has-post-thumbnail","hentry","category-nouvelles-de-leglise-mondiale","category-rss-francais"],"acf":[],"yoast_head":"<!-- This site is optimized with the Yoast SEO plugin v27.3 - https:\/\/yoast.com\/product\/yoast-seo-wordpress\/ -->\n<title>\u00ab Nous sommes all\u00e9s enseigner, mais ce sont eux qui nous ont enseign\u00e9s \u00bb - \u00c9glise Adventiste Du Septieme Jour - Inter Am\u00e9rique Division<\/title>\n<meta name=\"robots\" content=\"index, follow, max-snippet:-1, max-image-preview:large, max-video-preview:-1\" \/>\n<link rel=\"canonical\" href=\"https:\/\/interamerica.org\/fr\/2020\/03\/nous-sommes-alles-enseigner-mais-ce-sont-eux-qui-nous-ont-enseignes\/\" \/>\n<meta property=\"og:locale\" content=\"fr_FR\" \/>\n<meta property=\"og:type\" content=\"article\" \/>\n<meta property=\"og:title\" content=\"\u00ab Nous sommes all\u00e9s enseigner, mais ce sont eux qui nous ont enseign\u00e9s \u00bb - \u00c9glise Adventiste Du Septieme Jour - Inter Am\u00e9rique Division\" \/>\n<meta property=\"og:description\" content=\"22 Mars 2020 | Par Ellen Hostetler, Il Est \u00c9crit Fin f\u00e9vrier 2020, 27 \u00e9tudiants et enseignants de la Jefferson Christian Academy \u00e0 Jefferson, au Texas, aux \u00c9tats-Unis, se sont...\" \/>\n<meta property=\"og:url\" content=\"https:\/\/interamerica.org\/fr\/2020\/03\/nous-sommes-alles-enseigner-mais-ce-sont-eux-qui-nous-ont-enseignes\/\" \/>\n<meta property=\"og:site_name\" content=\"\u00c9glise Adventiste Du Septieme Jour - Inter Am\u00e9rique Division\" \/>\n<meta property=\"article:published_time\" content=\"2020-03-22T20:07:14+00:00\" \/>\n<meta property=\"article:modified_time\" content=\"2020-04-03T13:38:33+00:00\" \/>\n<meta property=\"og:image\" content=\"https:\/\/interamerica.org\/wp-content\/uploads\/2020\/03\/belize4.jpg\" \/>\n\t<meta property=\"og:image:width\" content=\"1000\" \/>\n\t<meta property=\"og:image:height\" content=\"666\" \/>\n\t<meta property=\"og:image:type\" content=\"image\/jpeg\" \/>\n<meta name=\"author\" content=\"libna\" \/>\n<meta name=\"twitter:card\" content=\"summary_large_image\" \/>\n<meta name=\"twitter:label1\" content=\"\u00c9crit par\" \/>\n\t<meta name=\"twitter:data1\" content=\"libna\" \/>\n\t<meta name=\"twitter:label2\" content=\"Dur\u00e9e de lecture estim\u00e9e\" \/>\n\t<meta name=\"twitter:data2\" content=\"5 minutes\" \/>\n<script type=\"application\/ld+json\" class=\"yoast-schema-graph\">{\"@context\":\"https:\\\/\\\/schema.org\",\"@graph\":[{\"@type\":\"Article\",\"@id\":\"https:\\\/\\\/interamerica.org\\\/fr\\\/2020\\\/03\\\/nous-sommes-alles-enseigner-mais-ce-sont-eux-qui-nous-ont-enseignes\\\/#article\",\"isPartOf\":{\"@id\":\"https:\\\/\\\/interamerica.org\\\/fr\\\/2020\\\/03\\\/nous-sommes-alles-enseigner-mais-ce-sont-eux-qui-nous-ont-enseignes\\\/\"},\"author\":{\"name\":\"libna\",\"@id\":\"https:\\\/\\\/interamerica.org\\\/fr\\\/#\\\/schema\\\/person\\\/29998f2bc2d8bd0d38662909289b54f1\"},\"headline\":\"\u00ab Nous sommes all\u00e9s enseigner, mais ce sont eux qui nous ont enseign\u00e9s \u00bb\",\"datePublished\":\"2020-03-22T20:07:14+00:00\",\"dateModified\":\"2020-04-03T13:38:33+00:00\",\"mainEntityOfPage\":{\"@id\":\"https:\\\/\\\/interamerica.org\\\/fr\\\/2020\\\/03\\\/nous-sommes-alles-enseigner-mais-ce-sont-eux-qui-nous-ont-enseignes\\\/\"},\"wordCount\":988,\"commentCount\":0,\"image\":{\"@id\":\"https:\\\/\\\/interamerica.org\\\/fr\\\/2020\\\/03\\\/nous-sommes-alles-enseigner-mais-ce-sont-eux-qui-nous-ont-enseignes\\\/#primaryimage\"},\"thumbnailUrl\":\"https:\\\/\\\/interamerica.org\\\/wp-content\\\/uploads\\\/2020\\\/03\\\/belize4.jpg\",\"articleSection\":[\"Nouvelles de l'\u00c9glise mondiale\",\"RSS Fran\u00e7ais\"],\"inLanguage\":\"fr-FR\",\"potentialAction\":[{\"@type\":\"CommentAction\",\"name\":\"Comment\",\"target\":[\"https:\\\/\\\/interamerica.org\\\/fr\\\/2020\\\/03\\\/nous-sommes-alles-enseigner-mais-ce-sont-eux-qui-nous-ont-enseignes\\\/#respond\"]}]},{\"@type\":\"WebPage\",\"@id\":\"https:\\\/\\\/interamerica.org\\\/fr\\\/2020\\\/03\\\/nous-sommes-alles-enseigner-mais-ce-sont-eux-qui-nous-ont-enseignes\\\/\",\"url\":\"https:\\\/\\\/interamerica.org\\\/fr\\\/2020\\\/03\\\/nous-sommes-alles-enseigner-mais-ce-sont-eux-qui-nous-ont-enseignes\\\/\",\"name\":\"\u00ab Nous sommes all\u00e9s enseigner, mais ce sont eux qui nous ont enseign\u00e9s \u00bb - \u00c9glise Adventiste Du Septieme Jour - Inter Am\u00e9rique Division\",\"isPartOf\":{\"@id\":\"https:\\\/\\\/interamerica.org\\\/fr\\\/#website\"},\"primaryImageOfPage\":{\"@id\":\"https:\\\/\\\/interamerica.org\\\/fr\\\/2020\\\/03\\\/nous-sommes-alles-enseigner-mais-ce-sont-eux-qui-nous-ont-enseignes\\\/#primaryimage\"},\"image\":{\"@id\":\"https:\\\/\\\/interamerica.org\\\/fr\\\/2020\\\/03\\\/nous-sommes-alles-enseigner-mais-ce-sont-eux-qui-nous-ont-enseignes\\\/#primaryimage\"},\"thumbnailUrl\":\"https:\\\/\\\/interamerica.org\\\/wp-content\\\/uploads\\\/2020\\\/03\\\/belize4.jpg\",\"datePublished\":\"2020-03-22T20:07:14+00:00\",\"dateModified\":\"2020-04-03T13:38:33+00:00\",\"author\":{\"@id\":\"https:\\\/\\\/interamerica.org\\\/fr\\\/#\\\/schema\\\/person\\\/29998f2bc2d8bd0d38662909289b54f1\"},\"breadcrumb\":{\"@id\":\"https:\\\/\\\/interamerica.org\\\/fr\\\/2020\\\/03\\\/nous-sommes-alles-enseigner-mais-ce-sont-eux-qui-nous-ont-enseignes\\\/#breadcrumb\"},\"inLanguage\":\"fr-FR\",\"potentialAction\":[{\"@type\":\"ReadAction\",\"target\":[\"https:\\\/\\\/interamerica.org\\\/fr\\\/2020\\\/03\\\/nous-sommes-alles-enseigner-mais-ce-sont-eux-qui-nous-ont-enseignes\\\/\"]}]},{\"@type\":\"ImageObject\",\"inLanguage\":\"fr-FR\",\"@id\":\"https:\\\/\\\/interamerica.org\\\/fr\\\/2020\\\/03\\\/nous-sommes-alles-enseigner-mais-ce-sont-eux-qui-nous-ont-enseignes\\\/#primaryimage\",\"url\":\"https:\\\/\\\/interamerica.org\\\/wp-content\\\/uploads\\\/2020\\\/03\\\/belize4.jpg\",\"contentUrl\":\"https:\\\/\\\/interamerica.org\\\/wp-content\\\/uploads\\\/2020\\\/03\\\/belize4.jpg\",\"width\":1000,\"height\":666,\"caption\":\"La classe d\u2019\u00c9cole Biblique de Vacances et les dirigeants posent ensemble pour une photo. [Photo : Il Est \u00c9crit]\"},{\"@type\":\"BreadcrumbList\",\"@id\":\"https:\\\/\\\/interamerica.org\\\/fr\\\/2020\\\/03\\\/nous-sommes-alles-enseigner-mais-ce-sont-eux-qui-nous-ont-enseignes\\\/#breadcrumb\",\"itemListElement\":[{\"@type\":\"ListItem\",\"position\":1,\"name\":\"Home\",\"item\":\"https:\\\/\\\/interamerica.org\\\/fr\\\/\"},{\"@type\":\"ListItem\",\"position\":2,\"name\":\"\u00ab Nous sommes all\u00e9s enseigner, mais ce sont eux qui nous ont enseign\u00e9s \u00bb\"}]},{\"@type\":\"WebSite\",\"@id\":\"https:\\\/\\\/interamerica.org\\\/fr\\\/#website\",\"url\":\"https:\\\/\\\/interamerica.org\\\/fr\\\/\",\"name\":\"\u00c9glise Adventiste Du Septieme Jour - Inter Am\u00e9rique Division\",\"description\":\"\",\"potentialAction\":[{\"@type\":\"SearchAction\",\"target\":{\"@type\":\"EntryPoint\",\"urlTemplate\":\"https:\\\/\\\/interamerica.org\\\/fr\\\/?s={search_term_string}\"},\"query-input\":{\"@type\":\"PropertyValueSpecification\",\"valueRequired\":true,\"valueName\":\"search_term_string\"}}],\"inLanguage\":\"fr-FR\"},{\"@type\":\"Person\",\"@id\":\"https:\\\/\\\/interamerica.org\\\/fr\\\/#\\\/schema\\\/person\\\/29998f2bc2d8bd0d38662909289b54f1\",\"name\":\"libna\",\"image\":{\"@type\":\"ImageObject\",\"inLanguage\":\"fr-FR\",\"@id\":\"https:\\\/\\\/secure.gravatar.com\\\/avatar\\\/7c5bd30ae4b47a9ba3c856590957fd1d96dc588bf3ac05719d247e126840331f?s=96&d=mm&r=g\",\"url\":\"https:\\\/\\\/secure.gravatar.com\\\/avatar\\\/7c5bd30ae4b47a9ba3c856590957fd1d96dc588bf3ac05719d247e126840331f?s=96&d=mm&r=g\",\"contentUrl\":\"https:\\\/\\\/secure.gravatar.com\\\/avatar\\\/7c5bd30ae4b47a9ba3c856590957fd1d96dc588bf3ac05719d247e126840331f?s=96&d=mm&r=g\",\"caption\":\"libna\"}}]}<\/script>\n<!-- \/ Yoast SEO plugin. -->","yoast_head_json":{"title":"\u00ab Nous sommes all\u00e9s enseigner, mais ce sont eux qui nous ont enseign\u00e9s \u00bb - \u00c9glise Adventiste Du Septieme Jour - Inter Am\u00e9rique Division","robots":{"index":"index","follow":"follow","max-snippet":"max-snippet:-1","max-image-preview":"max-image-preview:large","max-video-preview":"max-video-preview:-1"},"canonical":"https:\/\/interamerica.org\/fr\/2020\/03\/nous-sommes-alles-enseigner-mais-ce-sont-eux-qui-nous-ont-enseignes\/","og_locale":"fr_FR","og_type":"article","og_title":"\u00ab Nous sommes all\u00e9s enseigner, mais ce sont eux qui nous ont enseign\u00e9s \u00bb - \u00c9glise Adventiste Du Septieme Jour - Inter Am\u00e9rique Division","og_description":"22 Mars 2020 | Par Ellen Hostetler, Il Est \u00c9crit Fin f\u00e9vrier 2020, 27 \u00e9tudiants et enseignants de la Jefferson Christian Academy \u00e0 Jefferson, au Texas, aux \u00c9tats-Unis, se sont...","og_url":"https:\/\/interamerica.org\/fr\/2020\/03\/nous-sommes-alles-enseigner-mais-ce-sont-eux-qui-nous-ont-enseignes\/","og_site_name":"\u00c9glise Adventiste Du Septieme Jour - Inter Am\u00e9rique Division","article_published_time":"2020-03-22T20:07:14+00:00","article_modified_time":"2020-04-03T13:38:33+00:00","og_image":[{"width":1000,"height":666,"url":"https:\/\/interamerica.org\/wp-content\/uploads\/2020\/03\/belize4.jpg","type":"image\/jpeg"}],"author":"libna","twitter_card":"summary_large_image","twitter_misc":{"\u00c9crit par":"libna","Dur\u00e9e de lecture estim\u00e9e":"5 minutes"},"schema":{"@context":"https:\/\/schema.org","@graph":[{"@type":"Article","@id":"https:\/\/interamerica.org\/fr\/2020\/03\/nous-sommes-alles-enseigner-mais-ce-sont-eux-qui-nous-ont-enseignes\/#article","isPartOf":{"@id":"https:\/\/interamerica.org\/fr\/2020\/03\/nous-sommes-alles-enseigner-mais-ce-sont-eux-qui-nous-ont-enseignes\/"},"author":{"name":"libna","@id":"https:\/\/interamerica.org\/fr\/#\/schema\/person\/29998f2bc2d8bd0d38662909289b54f1"},"headline":"\u00ab Nous sommes all\u00e9s enseigner, mais ce sont eux qui nous ont enseign\u00e9s \u00bb","datePublished":"2020-03-22T20:07:14+00:00","dateModified":"2020-04-03T13:38:33+00:00","mainEntityOfPage":{"@id":"https:\/\/interamerica.org\/fr\/2020\/03\/nous-sommes-alles-enseigner-mais-ce-sont-eux-qui-nous-ont-enseignes\/"},"wordCount":988,"commentCount":0,"image":{"@id":"https:\/\/interamerica.org\/fr\/2020\/03\/nous-sommes-alles-enseigner-mais-ce-sont-eux-qui-nous-ont-enseignes\/#primaryimage"},"thumbnailUrl":"https:\/\/interamerica.org\/wp-content\/uploads\/2020\/03\/belize4.jpg","articleSection":["Nouvelles de l'\u00c9glise mondiale","RSS Fran\u00e7ais"],"inLanguage":"fr-FR","potentialAction":[{"@type":"CommentAction","name":"Comment","target":["https:\/\/interamerica.org\/fr\/2020\/03\/nous-sommes-alles-enseigner-mais-ce-sont-eux-qui-nous-ont-enseignes\/#respond"]}]},{"@type":"WebPage","@id":"https:\/\/interamerica.org\/fr\/2020\/03\/nous-sommes-alles-enseigner-mais-ce-sont-eux-qui-nous-ont-enseignes\/","url":"https:\/\/interamerica.org\/fr\/2020\/03\/nous-sommes-alles-enseigner-mais-ce-sont-eux-qui-nous-ont-enseignes\/","name":"\u00ab Nous sommes all\u00e9s enseigner, mais ce sont eux qui nous ont enseign\u00e9s \u00bb - \u00c9glise Adventiste Du Septieme Jour - Inter Am\u00e9rique Division","isPartOf":{"@id":"https:\/\/interamerica.org\/fr\/#website"},"primaryImageOfPage":{"@id":"https:\/\/interamerica.org\/fr\/2020\/03\/nous-sommes-alles-enseigner-mais-ce-sont-eux-qui-nous-ont-enseignes\/#primaryimage"},"image":{"@id":"https:\/\/interamerica.org\/fr\/2020\/03\/nous-sommes-alles-enseigner-mais-ce-sont-eux-qui-nous-ont-enseignes\/#primaryimage"},"thumbnailUrl":"https:\/\/interamerica.org\/wp-content\/uploads\/2020\/03\/belize4.jpg","datePublished":"2020-03-22T20:07:14+00:00","dateModified":"2020-04-03T13:38:33+00:00","author":{"@id":"https:\/\/interamerica.org\/fr\/#\/schema\/person\/29998f2bc2d8bd0d38662909289b54f1"},"breadcrumb":{"@id":"https:\/\/interamerica.org\/fr\/2020\/03\/nous-sommes-alles-enseigner-mais-ce-sont-eux-qui-nous-ont-enseignes\/#breadcrumb"},"inLanguage":"fr-FR","potentialAction":[{"@type":"ReadAction","target":["https:\/\/interamerica.org\/fr\/2020\/03\/nous-sommes-alles-enseigner-mais-ce-sont-eux-qui-nous-ont-enseignes\/"]}]},{"@type":"ImageObject","inLanguage":"fr-FR","@id":"https:\/\/interamerica.org\/fr\/2020\/03\/nous-sommes-alles-enseigner-mais-ce-sont-eux-qui-nous-ont-enseignes\/#primaryimage","url":"https:\/\/interamerica.org\/wp-content\/uploads\/2020\/03\/belize4.jpg","contentUrl":"https:\/\/interamerica.org\/wp-content\/uploads\/2020\/03\/belize4.jpg","width":1000,"height":666,"caption":"La classe d\u2019\u00c9cole Biblique de Vacances et les dirigeants posent ensemble pour une photo. [Photo : Il Est \u00c9crit]"},{"@type":"BreadcrumbList","@id":"https:\/\/interamerica.org\/fr\/2020\/03\/nous-sommes-alles-enseigner-mais-ce-sont-eux-qui-nous-ont-enseignes\/#breadcrumb","itemListElement":[{"@type":"ListItem","position":1,"name":"Home","item":"https:\/\/interamerica.org\/fr\/"},{"@type":"ListItem","position":2,"name":"\u00ab Nous sommes all\u00e9s enseigner, mais ce sont eux qui nous ont enseign\u00e9s \u00bb"}]},{"@type":"WebSite","@id":"https:\/\/interamerica.org\/fr\/#website","url":"https:\/\/interamerica.org\/fr\/","name":"\u00c9glise Adventiste Du Septieme Jour - Inter Am\u00e9rique Division","description":"","potentialAction":[{"@type":"SearchAction","target":{"@type":"EntryPoint","urlTemplate":"https:\/\/interamerica.org\/fr\/?s={search_term_string}"},"query-input":{"@type":"PropertyValueSpecification","valueRequired":true,"valueName":"search_term_string"}}],"inLanguage":"fr-FR"},{"@type":"Person","@id":"https:\/\/interamerica.org\/fr\/#\/schema\/person\/29998f2bc2d8bd0d38662909289b54f1","name":"libna","image":{"@type":"ImageObject","inLanguage":"fr-FR","@id":"https:\/\/secure.gravatar.com\/avatar\/7c5bd30ae4b47a9ba3c856590957fd1d96dc588bf3ac05719d247e126840331f?s=96&d=mm&r=g","url":"https:\/\/secure.gravatar.com\/avatar\/7c5bd30ae4b47a9ba3c856590957fd1d96dc588bf3ac05719d247e126840331f?s=96&d=mm&r=g","contentUrl":"https:\/\/secure.gravatar.com\/avatar\/7c5bd30ae4b47a9ba3c856590957fd1d96dc588bf3ac05719d247e126840331f?s=96&d=mm&r=g","caption":"libna"}}]}},"_links":{"self":[{"href":"https:\/\/interamerica.org\/fr\/wp-json\/wp\/v2\/posts\/56498","targetHints":{"allow":["GET"]}}],"collection":[{"href":"https:\/\/interamerica.org\/fr\/wp-json\/wp\/v2\/posts"}],"about":[{"href":"https:\/\/interamerica.org\/fr\/wp-json\/wp\/v2\/types\/post"}],"author":[{"embeddable":true,"href":"https:\/\/interamerica.org\/fr\/wp-json\/wp\/v2\/users\/3"}],"replies":[{"embeddable":true,"href":"https:\/\/interamerica.org\/fr\/wp-json\/wp\/v2\/comments?post=56498"}],"version-history":[{"count":0,"href":"https:\/\/interamerica.org\/fr\/wp-json\/wp\/v2\/posts\/56498\/revisions"}],"wp:featuredmedia":[{"embeddable":true,"href":"https:\/\/interamerica.org\/fr\/wp-json\/wp\/v2\/media\/56467"}],"wp:attachment":[{"href":"https:\/\/interamerica.org\/fr\/wp-json\/wp\/v2\/media?parent=56498"}],"wp:term":[{"taxonomy":"category","embeddable":true,"href":"https:\/\/interamerica.org\/fr\/wp-json\/wp\/v2\/categories?post=56498"},{"taxonomy":"post_tag","embeddable":true,"href":"https:\/\/interamerica.org\/fr\/wp-json\/wp\/v2\/tags?post=56498"}],"curies":[{"name":"wp","href":"https:\/\/api.w.org\/{rel}","templated":true}]}}