{"id":56568,"date":"2020-03-23T13:37:38","date_gmt":"2020-03-23T17:37:38","guid":{"rendered":"https:\/\/recursing-golick.147-182-135-0.plesk.page\/?p=56568"},"modified":"2020-03-24T09:35:58","modified_gmt":"2020-03-24T13:35:58","slug":"seisme-de-zagreb-des-degats-sur-les-proprietes-de-leglise-les-membres-en-securite","status":"publish","type":"post","link":"https:\/\/interamerica.org\/fr\/2020\/03\/seisme-de-zagreb-des-degats-sur-les-proprietes-de-leglise-les-membres-en-securite\/","title":{"rendered":"S\u00e9isme de Zagreb : des d\u00e9g\u00e2ts sur les propri\u00e9t\u00e9s de l\u2019\u00e9glise, les membres en s\u00e9curit\u00e9"},"content":{"rendered":"<div class=\"article__meta\"><span class=\"pub_date font--secondary--s gray can-be--white\">22 Mars 2020<\/span><span class=\"divider\"> \u00a0|\u00a0 <\/span><span class=\"pub_region font--secondary--s gray can-be--white\">Zagreb, Croatie<\/span><span class=\"divider\"> \u00a0|\u00a0 <\/span><span class=\"byline font--secondary--s gray can-be--white\">Advent Press Zagreb\/APN, Neven Kla\u010dmer\/Actualit\u00e9sted<\/span><\/div>\n<p>&nbsp;<\/p>\n<p>Un tremblement de terre de magnitude 5,3, suivi d\u2019une s\u00e9rie de r\u00e9pliques, a frapp\u00e9 Zagreb, la capitale de la R\u00e9publique de Croatie, dimanche 22 mars juste apr\u00e8s 6 heures du matin. L\u2019\u00e9picentre se trouvait \u00e0 seulement 9,6 km du centre-ville. Il s\u2019agit du plus important tremblement de terre \u00e0 avoir frapp\u00e9 le pays en 140 ans.<\/p>\n<p>Le tremblement de terre survient \u00e0 un moment o\u00f9 les d\u00e9placements sont limit\u00e9s en raison du coronavirus, et o\u00f9 le r\u00e9seau public de tramways et de bus est \u00e9galement \u00e0 l\u2019arr\u00eat.<\/p>\n<p>Craignant pour leur vie, les gens se sont pr\u00e9cipit\u00e9s dans les rues. Il y a eu un certain nombre de bless\u00e9s, parmi lesquels une adolescente dont la vie est en danger suite \u00e0 l\u2019effondrement d\u2019un toit. Les gens ont fui dans les rues o\u00f9 les r\u00e9pliques se sont poursuivies tout au long de la journ\u00e9e.<\/p>\n<p>Le maire de Zagreb, Milan Bandic, a instamment invit\u00e9 les gens \u00e0 rentrer chez eux par crainte du virus, tandis que le Ministre de l\u2019Int\u00e9rieur, Davor Bozinovic, a dit \u00e0 ceux qui \u00e9taient \u00e0 l\u2019ext\u00e9rieur de \u00ab garder vos distances. Ne vous r\u00e9unissez pas. Nous sommes confront\u00e9s \u00e0 deux crises graves, le tremblement de terre et l\u2019\u00e9pid\u00e9mie. \u00bb<\/p>\n<p>Le centre historique de la ville, l\u00e0 o\u00f9 de nombreux b\u00e2timents ont \u00e9t\u00e9 construits il y a plus d\u2019un si\u00e8cle, a \u00e9t\u00e9 le plus durement touch\u00e9. Les d\u00e9g\u00e2ts sont examin\u00e9s et \u00e9valu\u00e9s tandis que les bless\u00e9s et les personnes vuln\u00e9rables sont secourus. La chute de carreaux, de mortier et de briques a d\u00e9truit de nombreuses voitures. Les patients sont \u00e9vacu\u00e9s des anciens b\u00e2timents hospitaliers, y compris des maternit\u00e9s, et des m\u00e8res transportent leurs nouveau-n\u00e9s dans les rues.<\/p>\n<p>Il n\u2019est fait \u00e9tat actuellement d\u2019aucun bless\u00e9 parmi les membres de l\u2019\u00c9glise adventiste du septi\u00e8me jour. La majorit\u00e9 d\u2019entre eux ont pris contact avec leurs pasteurs et leurs \u00e9glises via les r\u00e9seaux sociaux et ont indiqu\u00e9 qu\u2019ils sont en s\u00e9curit\u00e9.<\/p>\n<p>Le bureau de la F\u00e9d\u00e9ration Croate, l\u2019\u00e9glise centrale et plusieurs appartements pastoraux sont situ\u00e9s ensemble dans le vieux centre-ville. Ils ont \u00e9t\u00e9 endommag\u00e9s et une inspection d\u00e9taill\u00e9e est en cours.<\/p>\n<p>La F\u00e9d\u00e9ration Croate n\u2019a pas encore de rapports officiels sur les d\u00e9g\u00e2ts subis par les maisons des membres, bien que les r\u00e9seaux sociaux aient montr\u00e9 des photos indiquant certains d\u00e9g\u00e2ts.<\/p>\n<p>L\u2019\u00c9glise adventiste en Croatie invite tous les membres \u00e0 prier pour que Dieu accorde sa protection \u00e0 tous, en particulier \u00e0 ceux qui ont \u00e9t\u00e9 bless\u00e9s par le tremblement de terre ou infect\u00e9s par le coronavirus.<\/p>\n<p>Pour plus d\u2019informations sur la vie et l\u2019action de l\u2019\u00c9glise adventiste du septi\u00e8me jour dans les circonstances induites par le tremblement de terre et la crise du coronavirus, visitez le<a href=\"http:\/\/www.adventisti.hr\/\" target=\"_blank\" rel=\"noopener noreferrer\">site web officiel<\/a>\u00a0et\u00a0<a href=\"https:\/\/www.facebook.com\/KACRHHK\" target=\"_blank\" rel=\"noopener noreferrer\">la page Facebook<\/a>\u00a0de l\u2019\u00c9glise adventiste en Croatie.<\/p>\n<p>Traduction: Patrick Luciathe<\/p>\n","protected":false},"excerpt":{"rendered":"<p>22 Mars 2020 \u00a0|\u00a0 Zagreb, Croatie \u00a0|\u00a0 Advent Press Zagreb\/APN, Neven Kla\u010dmer\/Actualit\u00e9sted &nbsp; Un tremblement de terre de magnitude 5,3, suivi d\u2019une s\u00e9rie de r\u00e9pliques, a frapp\u00e9 Zagreb, la capitale&#8230;<\/p>\n","protected":false},"author":3,"featured_media":56531,"comment_status":"open","ping_status":"closed","sticky":false,"template":"","format":"standard","meta":{"_acf_changed":false,"footnotes":""},"categories":[18,19],"tags":[],"class_list":["post-56568","post","type-post","status-publish","format-standard","has-post-thumbnail","hentry","category-nouvelles-de-leglise-mondiale","category-rss-francais"],"acf":[],"yoast_head":"<!-- This site is optimized with the Yoast SEO plugin v27.3 - https:\/\/yoast.com\/product\/yoast-seo-wordpress\/ -->\n<title>S\u00e9isme de Zagreb : des d\u00e9g\u00e2ts sur les propri\u00e9t\u00e9s de l\u2019\u00e9glise, les membres en s\u00e9curit\u00e9 - \u00c9glise Adventiste Du Septieme Jour - Inter Am\u00e9rique Division<\/title>\n<meta name=\"robots\" content=\"index, follow, max-snippet:-1, max-image-preview:large, max-video-preview:-1\" \/>\n<link rel=\"canonical\" href=\"https:\/\/interamerica.org\/fr\/2020\/03\/seisme-de-zagreb-des-degats-sur-les-proprietes-de-leglise-les-membres-en-securite\/\" \/>\n<meta property=\"og:locale\" content=\"fr_FR\" \/>\n<meta property=\"og:type\" content=\"article\" \/>\n<meta property=\"og:title\" content=\"S\u00e9isme de Zagreb : des d\u00e9g\u00e2ts sur les propri\u00e9t\u00e9s de l\u2019\u00e9glise, les membres en s\u00e9curit\u00e9 - \u00c9glise Adventiste Du Septieme Jour - Inter Am\u00e9rique Division\" \/>\n<meta property=\"og:description\" content=\"22 Mars 2020 \u00a0|\u00a0 Zagreb, Croatie \u00a0|\u00a0 Advent Press Zagreb\/APN, Neven Kla\u010dmer\/Actualit\u00e9sted &nbsp; Un tremblement de terre de magnitude 5,3, suivi d\u2019une s\u00e9rie de r\u00e9pliques, a frapp\u00e9 Zagreb, la capitale...\" \/>\n<meta property=\"og:url\" content=\"https:\/\/interamerica.org\/fr\/2020\/03\/seisme-de-zagreb-des-degats-sur-les-proprietes-de-leglise-les-membres-en-securite\/\" \/>\n<meta property=\"og:site_name\" content=\"\u00c9glise Adventiste Du Septieme Jour - Inter Am\u00e9rique Division\" \/>\n<meta property=\"article:published_time\" content=\"2020-03-23T17:37:38+00:00\" \/>\n<meta property=\"article:modified_time\" content=\"2020-03-24T13:35:58+00:00\" \/>\n<meta property=\"og:image\" content=\"https:\/\/interamerica.org\/wp-content\/uploads\/2020\/03\/earthquake-andrew-buchanan-egyrw3hqbya-unsplash-1280.jpg\" \/>\n\t<meta property=\"og:image:width\" content=\"1000\" \/>\n\t<meta property=\"og:image:height\" content=\"667\" \/>\n\t<meta property=\"og:image:type\" content=\"image\/jpeg\" \/>\n<meta name=\"author\" content=\"libna\" \/>\n<meta name=\"twitter:card\" content=\"summary_large_image\" \/>\n<meta name=\"twitter:label1\" content=\"\u00c9crit par\" \/>\n\t<meta name=\"twitter:data1\" content=\"libna\" \/>\n\t<meta name=\"twitter:label2\" content=\"Dur\u00e9e de lecture estim\u00e9e\" \/>\n\t<meta name=\"twitter:data2\" content=\"3 minutes\" \/>\n<script type=\"application\/ld+json\" class=\"yoast-schema-graph\">{\"@context\":\"https:\\\/\\\/schema.org\",\"@graph\":[{\"@type\":\"Article\",\"@id\":\"https:\\\/\\\/interamerica.org\\\/fr\\\/2020\\\/03\\\/seisme-de-zagreb-des-degats-sur-les-proprietes-de-leglise-les-membres-en-securite\\\/#article\",\"isPartOf\":{\"@id\":\"https:\\\/\\\/interamerica.org\\\/fr\\\/2020\\\/03\\\/seisme-de-zagreb-des-degats-sur-les-proprietes-de-leglise-les-membres-en-securite\\\/\"},\"author\":{\"name\":\"libna\",\"@id\":\"https:\\\/\\\/interamerica.org\\\/fr\\\/#\\\/schema\\\/person\\\/29998f2bc2d8bd0d38662909289b54f1\"},\"headline\":\"S\u00e9isme de Zagreb : des d\u00e9g\u00e2ts sur les propri\u00e9t\u00e9s de l\u2019\u00e9glise, les membres en s\u00e9curit\u00e9\",\"datePublished\":\"2020-03-23T17:37:38+00:00\",\"dateModified\":\"2020-03-24T13:35:58+00:00\",\"mainEntityOfPage\":{\"@id\":\"https:\\\/\\\/interamerica.org\\\/fr\\\/2020\\\/03\\\/seisme-de-zagreb-des-degats-sur-les-proprietes-de-leglise-les-membres-en-securite\\\/\"},\"wordCount\":545,\"commentCount\":0,\"image\":{\"@id\":\"https:\\\/\\\/interamerica.org\\\/fr\\\/2020\\\/03\\\/seisme-de-zagreb-des-degats-sur-les-proprietes-de-leglise-les-membres-en-securite\\\/#primaryimage\"},\"thumbnailUrl\":\"https:\\\/\\\/interamerica.org\\\/wp-content\\\/uploads\\\/2020\\\/03\\\/earthquake-andrew-buchanan-egyrw3hqbya-unsplash-1280.jpg\",\"articleSection\":[\"Nouvelles de l'\u00c9glise mondiale\",\"RSS Fran\u00e7ais\"],\"inLanguage\":\"fr-FR\",\"potentialAction\":[{\"@type\":\"CommentAction\",\"name\":\"Comment\",\"target\":[\"https:\\\/\\\/interamerica.org\\\/fr\\\/2020\\\/03\\\/seisme-de-zagreb-des-degats-sur-les-proprietes-de-leglise-les-membres-en-securite\\\/#respond\"]}]},{\"@type\":\"WebPage\",\"@id\":\"https:\\\/\\\/interamerica.org\\\/fr\\\/2020\\\/03\\\/seisme-de-zagreb-des-degats-sur-les-proprietes-de-leglise-les-membres-en-securite\\\/\",\"url\":\"https:\\\/\\\/interamerica.org\\\/fr\\\/2020\\\/03\\\/seisme-de-zagreb-des-degats-sur-les-proprietes-de-leglise-les-membres-en-securite\\\/\",\"name\":\"S\u00e9isme de Zagreb : des d\u00e9g\u00e2ts sur les propri\u00e9t\u00e9s de l\u2019\u00e9glise, les membres en s\u00e9curit\u00e9 - \u00c9glise Adventiste Du Septieme Jour - Inter Am\u00e9rique Division\",\"isPartOf\":{\"@id\":\"https:\\\/\\\/interamerica.org\\\/fr\\\/#website\"},\"primaryImageOfPage\":{\"@id\":\"https:\\\/\\\/interamerica.org\\\/fr\\\/2020\\\/03\\\/seisme-de-zagreb-des-degats-sur-les-proprietes-de-leglise-les-membres-en-securite\\\/#primaryimage\"},\"image\":{\"@id\":\"https:\\\/\\\/interamerica.org\\\/fr\\\/2020\\\/03\\\/seisme-de-zagreb-des-degats-sur-les-proprietes-de-leglise-les-membres-en-securite\\\/#primaryimage\"},\"thumbnailUrl\":\"https:\\\/\\\/interamerica.org\\\/wp-content\\\/uploads\\\/2020\\\/03\\\/earthquake-andrew-buchanan-egyrw3hqbya-unsplash-1280.jpg\",\"datePublished\":\"2020-03-23T17:37:38+00:00\",\"dateModified\":\"2020-03-24T13:35:58+00:00\",\"author\":{\"@id\":\"https:\\\/\\\/interamerica.org\\\/fr\\\/#\\\/schema\\\/person\\\/29998f2bc2d8bd0d38662909289b54f1\"},\"breadcrumb\":{\"@id\":\"https:\\\/\\\/interamerica.org\\\/fr\\\/2020\\\/03\\\/seisme-de-zagreb-des-degats-sur-les-proprietes-de-leglise-les-membres-en-securite\\\/#breadcrumb\"},\"inLanguage\":\"fr-FR\",\"potentialAction\":[{\"@type\":\"ReadAction\",\"target\":[\"https:\\\/\\\/interamerica.org\\\/fr\\\/2020\\\/03\\\/seisme-de-zagreb-des-degats-sur-les-proprietes-de-leglise-les-membres-en-securite\\\/\"]}]},{\"@type\":\"ImageObject\",\"inLanguage\":\"fr-FR\",\"@id\":\"https:\\\/\\\/interamerica.org\\\/fr\\\/2020\\\/03\\\/seisme-de-zagreb-des-degats-sur-les-proprietes-de-leglise-les-membres-en-securite\\\/#primaryimage\",\"url\":\"https:\\\/\\\/interamerica.org\\\/wp-content\\\/uploads\\\/2020\\\/03\\\/earthquake-andrew-buchanan-egyrw3hqbya-unsplash-1280.jpg\",\"contentUrl\":\"https:\\\/\\\/interamerica.org\\\/wp-content\\\/uploads\\\/2020\\\/03\\\/earthquake-andrew-buchanan-egyrw3hqbya-unsplash-1280.jpg\",\"width\":1000,\"height\":667},{\"@type\":\"BreadcrumbList\",\"@id\":\"https:\\\/\\\/interamerica.org\\\/fr\\\/2020\\\/03\\\/seisme-de-zagreb-des-degats-sur-les-proprietes-de-leglise-les-membres-en-securite\\\/#breadcrumb\",\"itemListElement\":[{\"@type\":\"ListItem\",\"position\":1,\"name\":\"Home\",\"item\":\"https:\\\/\\\/interamerica.org\\\/fr\\\/\"},{\"@type\":\"ListItem\",\"position\":2,\"name\":\"S\u00e9isme de Zagreb : des d\u00e9g\u00e2ts sur les propri\u00e9t\u00e9s de l\u2019\u00e9glise, les membres en s\u00e9curit\u00e9\"}]},{\"@type\":\"WebSite\",\"@id\":\"https:\\\/\\\/interamerica.org\\\/fr\\\/#website\",\"url\":\"https:\\\/\\\/interamerica.org\\\/fr\\\/\",\"name\":\"\u00c9glise Adventiste Du Septieme Jour - Inter Am\u00e9rique Division\",\"description\":\"\",\"potentialAction\":[{\"@type\":\"SearchAction\",\"target\":{\"@type\":\"EntryPoint\",\"urlTemplate\":\"https:\\\/\\\/interamerica.org\\\/fr\\\/?s={search_term_string}\"},\"query-input\":{\"@type\":\"PropertyValueSpecification\",\"valueRequired\":true,\"valueName\":\"search_term_string\"}}],\"inLanguage\":\"fr-FR\"},{\"@type\":\"Person\",\"@id\":\"https:\\\/\\\/interamerica.org\\\/fr\\\/#\\\/schema\\\/person\\\/29998f2bc2d8bd0d38662909289b54f1\",\"name\":\"libna\",\"image\":{\"@type\":\"ImageObject\",\"inLanguage\":\"fr-FR\",\"@id\":\"https:\\\/\\\/secure.gravatar.com\\\/avatar\\\/7c5bd30ae4b47a9ba3c856590957fd1d96dc588bf3ac05719d247e126840331f?s=96&d=mm&r=g\",\"url\":\"https:\\\/\\\/secure.gravatar.com\\\/avatar\\\/7c5bd30ae4b47a9ba3c856590957fd1d96dc588bf3ac05719d247e126840331f?s=96&d=mm&r=g\",\"contentUrl\":\"https:\\\/\\\/secure.gravatar.com\\\/avatar\\\/7c5bd30ae4b47a9ba3c856590957fd1d96dc588bf3ac05719d247e126840331f?s=96&d=mm&r=g\",\"caption\":\"libna\"}}]}<\/script>\n<!-- \/ Yoast SEO plugin. -->","yoast_head_json":{"title":"S\u00e9isme de Zagreb : des d\u00e9g\u00e2ts sur les propri\u00e9t\u00e9s de l\u2019\u00e9glise, les membres en s\u00e9curit\u00e9 - \u00c9glise Adventiste Du Septieme Jour - Inter Am\u00e9rique Division","robots":{"index":"index","follow":"follow","max-snippet":"max-snippet:-1","max-image-preview":"max-image-preview:large","max-video-preview":"max-video-preview:-1"},"canonical":"https:\/\/interamerica.org\/fr\/2020\/03\/seisme-de-zagreb-des-degats-sur-les-proprietes-de-leglise-les-membres-en-securite\/","og_locale":"fr_FR","og_type":"article","og_title":"S\u00e9isme de Zagreb : des d\u00e9g\u00e2ts sur les propri\u00e9t\u00e9s de l\u2019\u00e9glise, les membres en s\u00e9curit\u00e9 - \u00c9glise Adventiste Du Septieme Jour - Inter Am\u00e9rique Division","og_description":"22 Mars 2020 \u00a0|\u00a0 Zagreb, Croatie \u00a0|\u00a0 Advent Press Zagreb\/APN, Neven Kla\u010dmer\/Actualit\u00e9sted &nbsp; Un tremblement de terre de magnitude 5,3, suivi d\u2019une s\u00e9rie de r\u00e9pliques, a frapp\u00e9 Zagreb, la capitale...","og_url":"https:\/\/interamerica.org\/fr\/2020\/03\/seisme-de-zagreb-des-degats-sur-les-proprietes-de-leglise-les-membres-en-securite\/","og_site_name":"\u00c9glise Adventiste Du Septieme Jour - Inter Am\u00e9rique Division","article_published_time":"2020-03-23T17:37:38+00:00","article_modified_time":"2020-03-24T13:35:58+00:00","og_image":[{"width":1000,"height":667,"url":"https:\/\/interamerica.org\/wp-content\/uploads\/2020\/03\/earthquake-andrew-buchanan-egyrw3hqbya-unsplash-1280.jpg","type":"image\/jpeg"}],"author":"libna","twitter_card":"summary_large_image","twitter_misc":{"\u00c9crit par":"libna","Dur\u00e9e de lecture estim\u00e9e":"3 minutes"},"schema":{"@context":"https:\/\/schema.org","@graph":[{"@type":"Article","@id":"https:\/\/interamerica.org\/fr\/2020\/03\/seisme-de-zagreb-des-degats-sur-les-proprietes-de-leglise-les-membres-en-securite\/#article","isPartOf":{"@id":"https:\/\/interamerica.org\/fr\/2020\/03\/seisme-de-zagreb-des-degats-sur-les-proprietes-de-leglise-les-membres-en-securite\/"},"author":{"name":"libna","@id":"https:\/\/interamerica.org\/fr\/#\/schema\/person\/29998f2bc2d8bd0d38662909289b54f1"},"headline":"S\u00e9isme de Zagreb : des d\u00e9g\u00e2ts sur les propri\u00e9t\u00e9s de l\u2019\u00e9glise, les membres en s\u00e9curit\u00e9","datePublished":"2020-03-23T17:37:38+00:00","dateModified":"2020-03-24T13:35:58+00:00","mainEntityOfPage":{"@id":"https:\/\/interamerica.org\/fr\/2020\/03\/seisme-de-zagreb-des-degats-sur-les-proprietes-de-leglise-les-membres-en-securite\/"},"wordCount":545,"commentCount":0,"image":{"@id":"https:\/\/interamerica.org\/fr\/2020\/03\/seisme-de-zagreb-des-degats-sur-les-proprietes-de-leglise-les-membres-en-securite\/#primaryimage"},"thumbnailUrl":"https:\/\/interamerica.org\/wp-content\/uploads\/2020\/03\/earthquake-andrew-buchanan-egyrw3hqbya-unsplash-1280.jpg","articleSection":["Nouvelles de l'\u00c9glise mondiale","RSS Fran\u00e7ais"],"inLanguage":"fr-FR","potentialAction":[{"@type":"CommentAction","name":"Comment","target":["https:\/\/interamerica.org\/fr\/2020\/03\/seisme-de-zagreb-des-degats-sur-les-proprietes-de-leglise-les-membres-en-securite\/#respond"]}]},{"@type":"WebPage","@id":"https:\/\/interamerica.org\/fr\/2020\/03\/seisme-de-zagreb-des-degats-sur-les-proprietes-de-leglise-les-membres-en-securite\/","url":"https:\/\/interamerica.org\/fr\/2020\/03\/seisme-de-zagreb-des-degats-sur-les-proprietes-de-leglise-les-membres-en-securite\/","name":"S\u00e9isme de Zagreb : des d\u00e9g\u00e2ts sur les propri\u00e9t\u00e9s de l\u2019\u00e9glise, les membres en s\u00e9curit\u00e9 - \u00c9glise Adventiste Du Septieme Jour - Inter Am\u00e9rique Division","isPartOf":{"@id":"https:\/\/interamerica.org\/fr\/#website"},"primaryImageOfPage":{"@id":"https:\/\/interamerica.org\/fr\/2020\/03\/seisme-de-zagreb-des-degats-sur-les-proprietes-de-leglise-les-membres-en-securite\/#primaryimage"},"image":{"@id":"https:\/\/interamerica.org\/fr\/2020\/03\/seisme-de-zagreb-des-degats-sur-les-proprietes-de-leglise-les-membres-en-securite\/#primaryimage"},"thumbnailUrl":"https:\/\/interamerica.org\/wp-content\/uploads\/2020\/03\/earthquake-andrew-buchanan-egyrw3hqbya-unsplash-1280.jpg","datePublished":"2020-03-23T17:37:38+00:00","dateModified":"2020-03-24T13:35:58+00:00","author":{"@id":"https:\/\/interamerica.org\/fr\/#\/schema\/person\/29998f2bc2d8bd0d38662909289b54f1"},"breadcrumb":{"@id":"https:\/\/interamerica.org\/fr\/2020\/03\/seisme-de-zagreb-des-degats-sur-les-proprietes-de-leglise-les-membres-en-securite\/#breadcrumb"},"inLanguage":"fr-FR","potentialAction":[{"@type":"ReadAction","target":["https:\/\/interamerica.org\/fr\/2020\/03\/seisme-de-zagreb-des-degats-sur-les-proprietes-de-leglise-les-membres-en-securite\/"]}]},{"@type":"ImageObject","inLanguage":"fr-FR","@id":"https:\/\/interamerica.org\/fr\/2020\/03\/seisme-de-zagreb-des-degats-sur-les-proprietes-de-leglise-les-membres-en-securite\/#primaryimage","url":"https:\/\/interamerica.org\/wp-content\/uploads\/2020\/03\/earthquake-andrew-buchanan-egyrw3hqbya-unsplash-1280.jpg","contentUrl":"https:\/\/interamerica.org\/wp-content\/uploads\/2020\/03\/earthquake-andrew-buchanan-egyrw3hqbya-unsplash-1280.jpg","width":1000,"height":667},{"@type":"BreadcrumbList","@id":"https:\/\/interamerica.org\/fr\/2020\/03\/seisme-de-zagreb-des-degats-sur-les-proprietes-de-leglise-les-membres-en-securite\/#breadcrumb","itemListElement":[{"@type":"ListItem","position":1,"name":"Home","item":"https:\/\/interamerica.org\/fr\/"},{"@type":"ListItem","position":2,"name":"S\u00e9isme de Zagreb : des d\u00e9g\u00e2ts sur les propri\u00e9t\u00e9s de l\u2019\u00e9glise, les membres en s\u00e9curit\u00e9"}]},{"@type":"WebSite","@id":"https:\/\/interamerica.org\/fr\/#website","url":"https:\/\/interamerica.org\/fr\/","name":"\u00c9glise Adventiste Du Septieme Jour - Inter Am\u00e9rique Division","description":"","potentialAction":[{"@type":"SearchAction","target":{"@type":"EntryPoint","urlTemplate":"https:\/\/interamerica.org\/fr\/?s={search_term_string}"},"query-input":{"@type":"PropertyValueSpecification","valueRequired":true,"valueName":"search_term_string"}}],"inLanguage":"fr-FR"},{"@type":"Person","@id":"https:\/\/interamerica.org\/fr\/#\/schema\/person\/29998f2bc2d8bd0d38662909289b54f1","name":"libna","image":{"@type":"ImageObject","inLanguage":"fr-FR","@id":"https:\/\/secure.gravatar.com\/avatar\/7c5bd30ae4b47a9ba3c856590957fd1d96dc588bf3ac05719d247e126840331f?s=96&d=mm&r=g","url":"https:\/\/secure.gravatar.com\/avatar\/7c5bd30ae4b47a9ba3c856590957fd1d96dc588bf3ac05719d247e126840331f?s=96&d=mm&r=g","contentUrl":"https:\/\/secure.gravatar.com\/avatar\/7c5bd30ae4b47a9ba3c856590957fd1d96dc588bf3ac05719d247e126840331f?s=96&d=mm&r=g","caption":"libna"}}]}},"_links":{"self":[{"href":"https:\/\/interamerica.org\/fr\/wp-json\/wp\/v2\/posts\/56568","targetHints":{"allow":["GET"]}}],"collection":[{"href":"https:\/\/interamerica.org\/fr\/wp-json\/wp\/v2\/posts"}],"about":[{"href":"https:\/\/interamerica.org\/fr\/wp-json\/wp\/v2\/types\/post"}],"author":[{"embeddable":true,"href":"https:\/\/interamerica.org\/fr\/wp-json\/wp\/v2\/users\/3"}],"replies":[{"embeddable":true,"href":"https:\/\/interamerica.org\/fr\/wp-json\/wp\/v2\/comments?post=56568"}],"version-history":[{"count":0,"href":"https:\/\/interamerica.org\/fr\/wp-json\/wp\/v2\/posts\/56568\/revisions"}],"wp:featuredmedia":[{"embeddable":true,"href":"https:\/\/interamerica.org\/fr\/wp-json\/wp\/v2\/media\/56531"}],"wp:attachment":[{"href":"https:\/\/interamerica.org\/fr\/wp-json\/wp\/v2\/media?parent=56568"}],"wp:term":[{"taxonomy":"category","embeddable":true,"href":"https:\/\/interamerica.org\/fr\/wp-json\/wp\/v2\/categories?post=56568"},{"taxonomy":"post_tag","embeddable":true,"href":"https:\/\/interamerica.org\/fr\/wp-json\/wp\/v2\/tags?post=56568"}],"curies":[{"name":"wp","href":"https:\/\/api.w.org\/{rel}","templated":true}]}}