{"id":56601,"date":"2020-03-24T12:14:17","date_gmt":"2020-03-24T16:14:17","guid":{"rendered":"https:\/\/recursing-golick.147-182-135-0.plesk.page\/?p=56601"},"modified":"2020-04-03T09:39:14","modified_gmt":"2020-04-03T13:39:14","slug":"au-moins-3-adventistes-decedes-53-autres-infectes-par-covid-19-en-espagne","status":"publish","type":"post","link":"https:\/\/interamerica.org\/fr\/2020\/03\/au-moins-3-adventistes-decedes-53-autres-infectes-par-covid-19-en-espagne\/","title":{"rendered":"Au moins 3 adventistes d\u00e9c\u00e9d\u00e9s, 53 autres infect\u00e9s par le COVID-19 en Espagne"},"content":{"rendered":"<p><span class=\"byline-news\">23 Mars 2020 | Silver Spring, Maryland, \u00c9tats-Unis | Par : Marcos Paseggi,<\/span><em><span class=\"byline-news\">Adventist Review<\/span><\/em><\/p>\n<p><span class=\"cap\">A<\/span> la date du 23 mars 2020, au moins trois membres adventistes du septi\u00e8me jour sont morts et 53 luttent contre le COVID-19 en Espagne, ont indiqu\u00e9 les dirigeants r\u00e9gionaux de l\u2019\u00e9glise dans un e-mail avec <em>Adventist Review<\/em>.<\/p>\n<p>\u00ab La situation est d\u00e9sastreuse pour plusieurs de nos membres infect\u00e9s, y compris des jeunes, \u00bb a \u00e9crit Samuel Gil Soldevilla, directeur de la communication de l\u2019Union de F\u00e9d\u00e9rations des \u00c9glises Adventistes du Septi\u00e8me Jour espagnole.<\/p>\n<p>Gil Soldevilla a \u00e9galement indiqu\u00e9 que des dizaines de professionnels de sant\u00e9 adventistes travaillent actuellement de longues p\u00e9riodes dans les \u00e9tablissements sanitaires dans tout le pays. Il a dit que les dirigeants prient pour toutes les personnes touch\u00e9es et qu\u2019ils ont invit\u00e9 les membres et les dirigeants d\u2019\u00e9glise dans le monde entier \u00e0 faire de m\u00eame.<\/p>\n<p>\u00ab Nous prions pour ceux qui sont malades, pour leurs familles, pour les professionnels de sant\u00e9, pour les dirigeants de notre pays et pour la soci\u00e9t\u00e9 en g\u00e9n\u00e9ral, \u00bb a \u00e9crit Gil Soldevilla.<\/p>\n<p>Gil Soldevilla a expliqu\u00e9 que les pasteurs et les membres la\u00efcs \u00e0 travers l\u2019Espagne sont en train de s\u2019adapter \u00e0 l\u2019\u00e9tat d\u2019urgence et aux mesures de confinement \u00e9tablies par le gouvernement national. Ils s\u2019organisent afin de rester en contact avec les \u00e9glises locales et avec leurs membres pendant cette \u00e9preuve.<\/p>\n<p>\u00ab Nous utilisons au mieux notre cr\u00e9ativit\u00e9 pour garder le contact avec les \u00e9glises malgr\u00e9 notre situation actuelle, \u00bb a \u00e9crit Gil Soldevilla.<\/p>\n<p>Gil Soldevilla a confirm\u00e9 que toutes les \u00e9glises locales en Espagne ont ferm\u00e9 leurs portes aux services r\u00e9guliers le 13 mars, conform\u00e9ment aux recommandations du gouvernement. \u00ab C\u2019est aussi une question de responsabilit\u00e9 chr\u00e9tienne, \u00bb a-t-il expliqu\u00e9.<\/p>\n<p>Dans une vid\u00e9o publi\u00e9e le 21 mars, Oscar L\u00f3pez, pr\u00e9sident de l\u2019\u00c9glise adventiste en Espagne, a reconnu que la situation \u00e9tait en train d\u2019empirer dans tout le pays, en particulier dans la capitale, Madrid.<\/p>\n<p>\u00ab Je veux demander \u00e0 l\u2019\u00e9glise de continuer \u00e0 prier, \u00bb a-t-il dit en signalant un total de 35 membres adventistes infect\u00e9s. \u00ab Nous devons prier pour nos fr\u00e8res et s\u0153urs qui luttent contre le virus chez eux ou dans des \u00e9tablissements de sant\u00e9, \u00bb a-t-il d\u00e9clar\u00e9.<\/p>\n<p>Oscar L\u00f3pez a invit\u00e9 tout le monde \u00e0 prier pour que le Seigneur prot\u00e8ge et veille sur les familles touch\u00e9es par le virus mortel. Il a \u00e9galement appel\u00e9 les membres d\u2019\u00e9glise \u00e0 prier pour les professionnels de sant\u00e9.<\/p>\n<p>\u00ab Nous devons prier pour que Dieu guide les mains des professionnels de sant\u00e9 qui sont charg\u00e9s de dispenser des soins \u00e0 ceux qui se trouvent dans une situation aussi difficile. \u00bb<\/p>\n<p>Oscar L\u00f3pez a \u00e9galement invit\u00e9 \u00e0 entrer en contact avec les autres par t\u00e9l\u00e9phone ou via les r\u00e9seaux sociaux pour prier ensemble.<\/p>\n<p>\u00ab Unissons-nous aux autres pour prier au vu de cette \u00e9preuve qui affecte non seulement l\u2019Espagne mais le monde entier, \u00bb a-t-il d\u00e9clar\u00e9.<\/p>\n<p>Oscar L\u00f3pez s\u2019est souvenu de nombreux membres d\u2019\u00e9glise adventistes qui subissent \u00e9galement des pertes financi\u00e8res ou qui ont perdu leur emploi. Il a invit\u00e9 les membres \u00e0 tendre une main secourable autant que faire se peut.<\/p>\n<p>\u00ab Dans des moments comme celui-ci, notre solidarit\u00e9, notre aide et l\u2019amour fraternel que nous ressentons l\u2019un pour l\u2019autre aideront certainement les familles \u00e0 traverser ces moments difficiles, \u00bb a-t-il d\u00e9clar\u00e9.<\/p>\n<p>Traduction: Patrick Luciathe<\/p>\n","protected":false},"excerpt":{"rendered":"<p>23 Mars 2020 | Silver Spring, Maryland, \u00c9tats-Unis | Par : Marcos Paseggi,Adventist Review A la date du 23 mars 2020, au moins trois membres adventistes du septi\u00e8me jour sont&#8230;<\/p>\n","protected":false},"author":3,"featured_media":56592,"comment_status":"open","ping_status":"closed","sticky":false,"template":"","format":"standard","meta":{"_acf_changed":false,"footnotes":""},"categories":[18,19],"tags":[],"class_list":["post-56601","post","type-post","status-publish","format-standard","has-post-thumbnail","hentry","category-nouvelles-de-leglise-mondiale","category-rss-francais"],"acf":[],"yoast_head":"<!-- This site is optimized with the Yoast SEO plugin v27.3 - https:\/\/yoast.com\/product\/yoast-seo-wordpress\/ -->\n<title>Au moins 3 adventistes d\u00e9c\u00e9d\u00e9s, 53 autres infect\u00e9s par le COVID-19 en Espagne - \u00c9glise Adventiste Du Septieme Jour - Inter Am\u00e9rique Division<\/title>\n<meta name=\"robots\" content=\"index, follow, max-snippet:-1, max-image-preview:large, max-video-preview:-1\" \/>\n<link rel=\"canonical\" href=\"https:\/\/interamerica.org\/fr\/2020\/03\/au-moins-3-adventistes-decedes-53-autres-infectes-par-covid-19-en-espagne\/\" \/>\n<meta property=\"og:locale\" content=\"fr_FR\" \/>\n<meta property=\"og:type\" content=\"article\" \/>\n<meta property=\"og:title\" content=\"Au moins 3 adventistes d\u00e9c\u00e9d\u00e9s, 53 autres infect\u00e9s par le COVID-19 en Espagne - \u00c9glise Adventiste Du Septieme Jour - Inter Am\u00e9rique Division\" \/>\n<meta property=\"og:description\" content=\"23 Mars 2020 | Silver Spring, Maryland, \u00c9tats-Unis | Par : Marcos Paseggi,Adventist Review A la date du 23 mars 2020, au moins trois membres adventistes du septi\u00e8me jour sont...\" \/>\n<meta property=\"og:url\" content=\"https:\/\/interamerica.org\/fr\/2020\/03\/au-moins-3-adventistes-decedes-53-autres-infectes-par-covid-19-en-espagne\/\" \/>\n<meta property=\"og:site_name\" content=\"\u00c9glise Adventiste Du Septieme Jour - Inter Am\u00e9rique Division\" \/>\n<meta property=\"article:published_time\" content=\"2020-03-24T16:14:17+00:00\" \/>\n<meta property=\"article:modified_time\" content=\"2020-04-03T13:39:14+00:00\" \/>\n<meta property=\"og:image\" content=\"https:\/\/interamerica.org\/wp-content\/uploads\/2020\/03\/spain-international-2681322-1280.jpg\" \/>\n\t<meta property=\"og:image:width\" content=\"1280\" \/>\n\t<meta property=\"og:image:height\" content=\"960\" \/>\n\t<meta property=\"og:image:type\" content=\"image\/jpeg\" \/>\n<meta name=\"author\" content=\"libna\" \/>\n<meta name=\"twitter:card\" content=\"summary_large_image\" \/>\n<meta name=\"twitter:label1\" content=\"\u00c9crit par\" \/>\n\t<meta name=\"twitter:data1\" content=\"libna\" \/>\n\t<meta name=\"twitter:label2\" content=\"Dur\u00e9e de lecture estim\u00e9e\" \/>\n\t<meta name=\"twitter:data2\" content=\"3 minutes\" \/>\n<script type=\"application\/ld+json\" class=\"yoast-schema-graph\">{\"@context\":\"https:\\\/\\\/schema.org\",\"@graph\":[{\"@type\":\"Article\",\"@id\":\"https:\\\/\\\/interamerica.org\\\/fr\\\/2020\\\/03\\\/au-moins-3-adventistes-decedes-53-autres-infectes-par-covid-19-en-espagne\\\/#article\",\"isPartOf\":{\"@id\":\"https:\\\/\\\/interamerica.org\\\/fr\\\/2020\\\/03\\\/au-moins-3-adventistes-decedes-53-autres-infectes-par-covid-19-en-espagne\\\/\"},\"author\":{\"name\":\"libna\",\"@id\":\"https:\\\/\\\/interamerica.org\\\/fr\\\/#\\\/schema\\\/person\\\/29998f2bc2d8bd0d38662909289b54f1\"},\"headline\":\"Au moins 3 adventistes d\u00e9c\u00e9d\u00e9s, 53 autres infect\u00e9s par le COVID-19 en Espagne\",\"datePublished\":\"2020-03-24T16:14:17+00:00\",\"dateModified\":\"2020-04-03T13:39:14+00:00\",\"mainEntityOfPage\":{\"@id\":\"https:\\\/\\\/interamerica.org\\\/fr\\\/2020\\\/03\\\/au-moins-3-adventistes-decedes-53-autres-infectes-par-covid-19-en-espagne\\\/\"},\"wordCount\":587,\"commentCount\":0,\"image\":{\"@id\":\"https:\\\/\\\/interamerica.org\\\/fr\\\/2020\\\/03\\\/au-moins-3-adventistes-decedes-53-autres-infectes-par-covid-19-en-espagne\\\/#primaryimage\"},\"thumbnailUrl\":\"https:\\\/\\\/interamerica.org\\\/wp-content\\\/uploads\\\/2020\\\/03\\\/spain-international-2681322-1280.jpg\",\"articleSection\":[\"Nouvelles de l'\u00c9glise mondiale\",\"RSS Fran\u00e7ais\"],\"inLanguage\":\"fr-FR\",\"potentialAction\":[{\"@type\":\"CommentAction\",\"name\":\"Comment\",\"target\":[\"https:\\\/\\\/interamerica.org\\\/fr\\\/2020\\\/03\\\/au-moins-3-adventistes-decedes-53-autres-infectes-par-covid-19-en-espagne\\\/#respond\"]}]},{\"@type\":\"WebPage\",\"@id\":\"https:\\\/\\\/interamerica.org\\\/fr\\\/2020\\\/03\\\/au-moins-3-adventistes-decedes-53-autres-infectes-par-covid-19-en-espagne\\\/\",\"url\":\"https:\\\/\\\/interamerica.org\\\/fr\\\/2020\\\/03\\\/au-moins-3-adventistes-decedes-53-autres-infectes-par-covid-19-en-espagne\\\/\",\"name\":\"Au moins 3 adventistes d\u00e9c\u00e9d\u00e9s, 53 autres infect\u00e9s par le COVID-19 en Espagne - \u00c9glise Adventiste Du Septieme Jour - Inter Am\u00e9rique Division\",\"isPartOf\":{\"@id\":\"https:\\\/\\\/interamerica.org\\\/fr\\\/#website\"},\"primaryImageOfPage\":{\"@id\":\"https:\\\/\\\/interamerica.org\\\/fr\\\/2020\\\/03\\\/au-moins-3-adventistes-decedes-53-autres-infectes-par-covid-19-en-espagne\\\/#primaryimage\"},\"image\":{\"@id\":\"https:\\\/\\\/interamerica.org\\\/fr\\\/2020\\\/03\\\/au-moins-3-adventistes-decedes-53-autres-infectes-par-covid-19-en-espagne\\\/#primaryimage\"},\"thumbnailUrl\":\"https:\\\/\\\/interamerica.org\\\/wp-content\\\/uploads\\\/2020\\\/03\\\/spain-international-2681322-1280.jpg\",\"datePublished\":\"2020-03-24T16:14:17+00:00\",\"dateModified\":\"2020-04-03T13:39:14+00:00\",\"author\":{\"@id\":\"https:\\\/\\\/interamerica.org\\\/fr\\\/#\\\/schema\\\/person\\\/29998f2bc2d8bd0d38662909289b54f1\"},\"breadcrumb\":{\"@id\":\"https:\\\/\\\/interamerica.org\\\/fr\\\/2020\\\/03\\\/au-moins-3-adventistes-decedes-53-autres-infectes-par-covid-19-en-espagne\\\/#breadcrumb\"},\"inLanguage\":\"fr-FR\",\"potentialAction\":[{\"@type\":\"ReadAction\",\"target\":[\"https:\\\/\\\/interamerica.org\\\/fr\\\/2020\\\/03\\\/au-moins-3-adventistes-decedes-53-autres-infectes-par-covid-19-en-espagne\\\/\"]}]},{\"@type\":\"ImageObject\",\"inLanguage\":\"fr-FR\",\"@id\":\"https:\\\/\\\/interamerica.org\\\/fr\\\/2020\\\/03\\\/au-moins-3-adventistes-decedes-53-autres-infectes-par-covid-19-en-espagne\\\/#primaryimage\",\"url\":\"https:\\\/\\\/interamerica.org\\\/wp-content\\\/uploads\\\/2020\\\/03\\\/spain-international-2681322-1280.jpg\",\"contentUrl\":\"https:\\\/\\\/interamerica.org\\\/wp-content\\\/uploads\\\/2020\\\/03\\\/spain-international-2681322-1280.jpg\",\"width\":1280,\"height\":960},{\"@type\":\"BreadcrumbList\",\"@id\":\"https:\\\/\\\/interamerica.org\\\/fr\\\/2020\\\/03\\\/au-moins-3-adventistes-decedes-53-autres-infectes-par-covid-19-en-espagne\\\/#breadcrumb\",\"itemListElement\":[{\"@type\":\"ListItem\",\"position\":1,\"name\":\"Home\",\"item\":\"https:\\\/\\\/interamerica.org\\\/fr\\\/\"},{\"@type\":\"ListItem\",\"position\":2,\"name\":\"Au moins 3 adventistes d\u00e9c\u00e9d\u00e9s, 53 autres infect\u00e9s par le COVID-19 en Espagne\"}]},{\"@type\":\"WebSite\",\"@id\":\"https:\\\/\\\/interamerica.org\\\/fr\\\/#website\",\"url\":\"https:\\\/\\\/interamerica.org\\\/fr\\\/\",\"name\":\"\u00c9glise Adventiste Du Septieme Jour - Inter Am\u00e9rique Division\",\"description\":\"\",\"potentialAction\":[{\"@type\":\"SearchAction\",\"target\":{\"@type\":\"EntryPoint\",\"urlTemplate\":\"https:\\\/\\\/interamerica.org\\\/fr\\\/?s={search_term_string}\"},\"query-input\":{\"@type\":\"PropertyValueSpecification\",\"valueRequired\":true,\"valueName\":\"search_term_string\"}}],\"inLanguage\":\"fr-FR\"},{\"@type\":\"Person\",\"@id\":\"https:\\\/\\\/interamerica.org\\\/fr\\\/#\\\/schema\\\/person\\\/29998f2bc2d8bd0d38662909289b54f1\",\"name\":\"libna\",\"image\":{\"@type\":\"ImageObject\",\"inLanguage\":\"fr-FR\",\"@id\":\"https:\\\/\\\/secure.gravatar.com\\\/avatar\\\/7c5bd30ae4b47a9ba3c856590957fd1d96dc588bf3ac05719d247e126840331f?s=96&d=mm&r=g\",\"url\":\"https:\\\/\\\/secure.gravatar.com\\\/avatar\\\/7c5bd30ae4b47a9ba3c856590957fd1d96dc588bf3ac05719d247e126840331f?s=96&d=mm&r=g\",\"contentUrl\":\"https:\\\/\\\/secure.gravatar.com\\\/avatar\\\/7c5bd30ae4b47a9ba3c856590957fd1d96dc588bf3ac05719d247e126840331f?s=96&d=mm&r=g\",\"caption\":\"libna\"}}]}<\/script>\n<!-- \/ Yoast SEO plugin. -->","yoast_head_json":{"title":"Au moins 3 adventistes d\u00e9c\u00e9d\u00e9s, 53 autres infect\u00e9s par le COVID-19 en Espagne - \u00c9glise Adventiste Du Septieme Jour - Inter Am\u00e9rique Division","robots":{"index":"index","follow":"follow","max-snippet":"max-snippet:-1","max-image-preview":"max-image-preview:large","max-video-preview":"max-video-preview:-1"},"canonical":"https:\/\/interamerica.org\/fr\/2020\/03\/au-moins-3-adventistes-decedes-53-autres-infectes-par-covid-19-en-espagne\/","og_locale":"fr_FR","og_type":"article","og_title":"Au moins 3 adventistes d\u00e9c\u00e9d\u00e9s, 53 autres infect\u00e9s par le COVID-19 en Espagne - \u00c9glise Adventiste Du Septieme Jour - Inter Am\u00e9rique Division","og_description":"23 Mars 2020 | Silver Spring, Maryland, \u00c9tats-Unis | Par : Marcos Paseggi,Adventist Review A la date du 23 mars 2020, au moins trois membres adventistes du septi\u00e8me jour sont...","og_url":"https:\/\/interamerica.org\/fr\/2020\/03\/au-moins-3-adventistes-decedes-53-autres-infectes-par-covid-19-en-espagne\/","og_site_name":"\u00c9glise Adventiste Du Septieme Jour - Inter Am\u00e9rique Division","article_published_time":"2020-03-24T16:14:17+00:00","article_modified_time":"2020-04-03T13:39:14+00:00","og_image":[{"width":1280,"height":960,"url":"https:\/\/interamerica.org\/wp-content\/uploads\/2020\/03\/spain-international-2681322-1280.jpg","type":"image\/jpeg"}],"author":"libna","twitter_card":"summary_large_image","twitter_misc":{"\u00c9crit par":"libna","Dur\u00e9e de lecture estim\u00e9e":"3 minutes"},"schema":{"@context":"https:\/\/schema.org","@graph":[{"@type":"Article","@id":"https:\/\/interamerica.org\/fr\/2020\/03\/au-moins-3-adventistes-decedes-53-autres-infectes-par-covid-19-en-espagne\/#article","isPartOf":{"@id":"https:\/\/interamerica.org\/fr\/2020\/03\/au-moins-3-adventistes-decedes-53-autres-infectes-par-covid-19-en-espagne\/"},"author":{"name":"libna","@id":"https:\/\/interamerica.org\/fr\/#\/schema\/person\/29998f2bc2d8bd0d38662909289b54f1"},"headline":"Au moins 3 adventistes d\u00e9c\u00e9d\u00e9s, 53 autres infect\u00e9s par le COVID-19 en Espagne","datePublished":"2020-03-24T16:14:17+00:00","dateModified":"2020-04-03T13:39:14+00:00","mainEntityOfPage":{"@id":"https:\/\/interamerica.org\/fr\/2020\/03\/au-moins-3-adventistes-decedes-53-autres-infectes-par-covid-19-en-espagne\/"},"wordCount":587,"commentCount":0,"image":{"@id":"https:\/\/interamerica.org\/fr\/2020\/03\/au-moins-3-adventistes-decedes-53-autres-infectes-par-covid-19-en-espagne\/#primaryimage"},"thumbnailUrl":"https:\/\/interamerica.org\/wp-content\/uploads\/2020\/03\/spain-international-2681322-1280.jpg","articleSection":["Nouvelles de l'\u00c9glise mondiale","RSS Fran\u00e7ais"],"inLanguage":"fr-FR","potentialAction":[{"@type":"CommentAction","name":"Comment","target":["https:\/\/interamerica.org\/fr\/2020\/03\/au-moins-3-adventistes-decedes-53-autres-infectes-par-covid-19-en-espagne\/#respond"]}]},{"@type":"WebPage","@id":"https:\/\/interamerica.org\/fr\/2020\/03\/au-moins-3-adventistes-decedes-53-autres-infectes-par-covid-19-en-espagne\/","url":"https:\/\/interamerica.org\/fr\/2020\/03\/au-moins-3-adventistes-decedes-53-autres-infectes-par-covid-19-en-espagne\/","name":"Au moins 3 adventistes d\u00e9c\u00e9d\u00e9s, 53 autres infect\u00e9s par le COVID-19 en Espagne - \u00c9glise Adventiste Du Septieme Jour - Inter Am\u00e9rique Division","isPartOf":{"@id":"https:\/\/interamerica.org\/fr\/#website"},"primaryImageOfPage":{"@id":"https:\/\/interamerica.org\/fr\/2020\/03\/au-moins-3-adventistes-decedes-53-autres-infectes-par-covid-19-en-espagne\/#primaryimage"},"image":{"@id":"https:\/\/interamerica.org\/fr\/2020\/03\/au-moins-3-adventistes-decedes-53-autres-infectes-par-covid-19-en-espagne\/#primaryimage"},"thumbnailUrl":"https:\/\/interamerica.org\/wp-content\/uploads\/2020\/03\/spain-international-2681322-1280.jpg","datePublished":"2020-03-24T16:14:17+00:00","dateModified":"2020-04-03T13:39:14+00:00","author":{"@id":"https:\/\/interamerica.org\/fr\/#\/schema\/person\/29998f2bc2d8bd0d38662909289b54f1"},"breadcrumb":{"@id":"https:\/\/interamerica.org\/fr\/2020\/03\/au-moins-3-adventistes-decedes-53-autres-infectes-par-covid-19-en-espagne\/#breadcrumb"},"inLanguage":"fr-FR","potentialAction":[{"@type":"ReadAction","target":["https:\/\/interamerica.org\/fr\/2020\/03\/au-moins-3-adventistes-decedes-53-autres-infectes-par-covid-19-en-espagne\/"]}]},{"@type":"ImageObject","inLanguage":"fr-FR","@id":"https:\/\/interamerica.org\/fr\/2020\/03\/au-moins-3-adventistes-decedes-53-autres-infectes-par-covid-19-en-espagne\/#primaryimage","url":"https:\/\/interamerica.org\/wp-content\/uploads\/2020\/03\/spain-international-2681322-1280.jpg","contentUrl":"https:\/\/interamerica.org\/wp-content\/uploads\/2020\/03\/spain-international-2681322-1280.jpg","width":1280,"height":960},{"@type":"BreadcrumbList","@id":"https:\/\/interamerica.org\/fr\/2020\/03\/au-moins-3-adventistes-decedes-53-autres-infectes-par-covid-19-en-espagne\/#breadcrumb","itemListElement":[{"@type":"ListItem","position":1,"name":"Home","item":"https:\/\/interamerica.org\/fr\/"},{"@type":"ListItem","position":2,"name":"Au moins 3 adventistes d\u00e9c\u00e9d\u00e9s, 53 autres infect\u00e9s par le COVID-19 en Espagne"}]},{"@type":"WebSite","@id":"https:\/\/interamerica.org\/fr\/#website","url":"https:\/\/interamerica.org\/fr\/","name":"\u00c9glise Adventiste Du Septieme Jour - Inter Am\u00e9rique Division","description":"","potentialAction":[{"@type":"SearchAction","target":{"@type":"EntryPoint","urlTemplate":"https:\/\/interamerica.org\/fr\/?s={search_term_string}"},"query-input":{"@type":"PropertyValueSpecification","valueRequired":true,"valueName":"search_term_string"}}],"inLanguage":"fr-FR"},{"@type":"Person","@id":"https:\/\/interamerica.org\/fr\/#\/schema\/person\/29998f2bc2d8bd0d38662909289b54f1","name":"libna","image":{"@type":"ImageObject","inLanguage":"fr-FR","@id":"https:\/\/secure.gravatar.com\/avatar\/7c5bd30ae4b47a9ba3c856590957fd1d96dc588bf3ac05719d247e126840331f?s=96&d=mm&r=g","url":"https:\/\/secure.gravatar.com\/avatar\/7c5bd30ae4b47a9ba3c856590957fd1d96dc588bf3ac05719d247e126840331f?s=96&d=mm&r=g","contentUrl":"https:\/\/secure.gravatar.com\/avatar\/7c5bd30ae4b47a9ba3c856590957fd1d96dc588bf3ac05719d247e126840331f?s=96&d=mm&r=g","caption":"libna"}}]}},"_links":{"self":[{"href":"https:\/\/interamerica.org\/fr\/wp-json\/wp\/v2\/posts\/56601","targetHints":{"allow":["GET"]}}],"collection":[{"href":"https:\/\/interamerica.org\/fr\/wp-json\/wp\/v2\/posts"}],"about":[{"href":"https:\/\/interamerica.org\/fr\/wp-json\/wp\/v2\/types\/post"}],"author":[{"embeddable":true,"href":"https:\/\/interamerica.org\/fr\/wp-json\/wp\/v2\/users\/3"}],"replies":[{"embeddable":true,"href":"https:\/\/interamerica.org\/fr\/wp-json\/wp\/v2\/comments?post=56601"}],"version-history":[{"count":0,"href":"https:\/\/interamerica.org\/fr\/wp-json\/wp\/v2\/posts\/56601\/revisions"}],"wp:featuredmedia":[{"embeddable":true,"href":"https:\/\/interamerica.org\/fr\/wp-json\/wp\/v2\/media\/56592"}],"wp:attachment":[{"href":"https:\/\/interamerica.org\/fr\/wp-json\/wp\/v2\/media?parent=56601"}],"wp:term":[{"taxonomy":"category","embeddable":true,"href":"https:\/\/interamerica.org\/fr\/wp-json\/wp\/v2\/categories?post=56601"},{"taxonomy":"post_tag","embeddable":true,"href":"https:\/\/interamerica.org\/fr\/wp-json\/wp\/v2\/tags?post=56601"}],"curies":[{"name":"wp","href":"https:\/\/api.w.org\/{rel}","templated":true}]}}