{"id":56733,"date":"2020-03-26T08:00:59","date_gmt":"2020-03-26T12:00:59","guid":{"rendered":"https:\/\/recursing-golick.147-182-135-0.plesk.page\/?p=56733"},"modified":"2020-03-27T11:31:11","modified_gmt":"2020-03-27T15:31:11","slug":"leglise-adventiste-va-lancer-100-jours-de-priere-le-27-mars","status":"publish","type":"post","link":"https:\/\/interamerica.org\/fr\/2020\/03\/leglise-adventiste-va-lancer-100-jours-de-priere-le-27-mars\/","title":{"rendered":"L\u2019\u00c9glise adventiste va lancer 100 jours de pri\u00e8re le 27 mars"},"content":{"rendered":"<p>25 Mars 2020 | Miami, Floride, \u00c9tats-Unis | P\u00f4le Informations de la Division Inter Am\u00e9ricaine<\/p>\n<p>L\u2019\u00c9glise adventiste du septi\u00e8me jour dans le monde entier appelle tous les membres d\u2019\u00e9glise \u00e0 prendre part \u00e0 son initiative : 100 Jours de Pri\u00e8re du 27 mars au 4 juillet 2020. L\u2019initiative de pri\u00e8re lanc\u00e9e par le Comit\u00e9 de la Conf\u00e9rence G\u00e9n\u00e9rale pour le R\u00e9veil et la R\u00e9forme, \u00e9tait \u00e0 l\u2019origine destin\u00e9e \u00e0 mettre l\u2019emphase sur la pri\u00e8re en faveur de la Session de la Conf\u00e9rence G\u00e9n\u00e9rale qui \u00e9tait pr\u00e9vue en juin 2020. Cependant, \u00e9tant donn\u00e9 que la Session a \u00e9t\u00e9 report\u00e9e \u00e0 l\u2019ann\u00e9e prochaine, l\u2019objectif est maintenant de prier pour que la pr\u00e9sence et la puissance du Saint-Esprit soient d\u00e9vers\u00e9es sur l\u2019\u00e9glise, afin de motiver les membres pour la mission en cette p\u00e9riode de crise pand\u00e9mique.<\/p>\n<p>Alors que la distanciation sociale est r\u00e9pandue dans le monde aujourd\u2019hui, l\u2019\u00e9glise doit se serrer les coudes, rester unie dans la pri\u00e8re, afin de rechercher la force et la puissance de Dieu, ont d\u00e9clar\u00e9 les dirigeants de l\u2019\u00c9glise adventiste mondiale.<\/p>\n<p>\u00ab Nous continuerons \u00e0 prier pour l\u2019effusion du Saint Esprit sur nos vies, sur notre \u00e9glise et sur nos dirigeants, \u00bb a d\u00e9clar\u00e9 pasteur Ted N.C. Wilson, pr\u00e9sident de l\u2019\u00c9glise adventiste mondiale, dans une lettre. \u00ab De plus, nous prierons \u00e9galement pour toutes les personnes infect\u00e9es par le COVID-19 ou qui ont des proches qui souffrent. Nous prierons pour ceux qui luttent par rapport au confinement, pour que la sagesse soit accord\u00e9e \u00e0 nos responsables de gouvernement, et pour l\u2019avancement de la mission de notre \u00e9glise en ces temps difficiles. \u00bb (Pour lire la lettre, cliquez<br \/>\n<a href=\"http:\/\/www.revivalandreformation.org\/100days\/translators\">ICI<\/a>)<\/p>\n<p>Pendant les 100 jours de pri\u00e8re, il s\u2019agira essentiellement de prier :<\/p>\n<ul>\n<li>\u2022 Pour des requ\u00eates sp\u00e9cifiques concernant les effets de l\u2019\u00e9pid\u00e9mie du COVID-19 sur notre \u00e9glise et notre mission<\/li>\n<li>Pour une cons\u00e9cration personnelle plus profonde et un r\u00e9veil pour la mission<\/li>\n<li>Pour que nos \u00e9glises locales connaissent une plus grande effusion du Saint Esprit<\/li>\n<li>Pour soumettre une requ\u00eate de pri\u00e8re \u00e0 propos des besoins de votre \u00e9glise locale ou de votre f\u00e9d\u00e9ration, <a href=\"http:\/\/www.revivalandreformation.org\/100days\/prayer-request\">cliquez ici<\/a>.<\/li>\n<\/ul>\n<p>Pour vous inscrire \u00e0 l\u2019initiative des 100 jours de pri\u00e8re et pour t\u00e9l\u00e9charger des ressources, visitez le site <a href=\"http:\/\/www.revivalandreformation.org\/100days\"><strong>www.revivalandreformation.org\/100days<\/strong><\/a><\/p>\n<p>Traduction: Patrick Luciathe<\/p>\n","protected":false},"excerpt":{"rendered":"<p>25 Mars 2020 | Miami, Floride, \u00c9tats-Unis | P\u00f4le Informations de la Division Inter Am\u00e9ricaine L\u2019\u00c9glise adventiste du septi\u00e8me jour dans le monde entier appelle tous les membres d\u2019\u00e9glise \u00e0&#8230;<\/p>\n","protected":false},"author":3,"featured_media":56827,"comment_status":"open","ping_status":"closed","sticky":false,"template":"","format":"standard","meta":{"_acf_changed":false,"footnotes":""},"categories":[18,19],"tags":[],"class_list":["post-56733","post","type-post","status-publish","format-standard","has-post-thumbnail","hentry","category-nouvelles-de-leglise-mondiale","category-rss-francais"],"acf":[],"yoast_head":"<!-- This site is optimized with the Yoast SEO plugin v27.3 - https:\/\/yoast.com\/product\/yoast-seo-wordpress\/ -->\n<title>L\u2019\u00c9glise adventiste va lancer 100 jours de pri\u00e8re le 27 mars - \u00c9glise Adventiste Du Septieme Jour - Inter Am\u00e9rique Division<\/title>\n<meta name=\"robots\" content=\"index, follow, max-snippet:-1, max-image-preview:large, max-video-preview:-1\" \/>\n<link rel=\"canonical\" href=\"https:\/\/interamerica.org\/fr\/2020\/03\/leglise-adventiste-va-lancer-100-jours-de-priere-le-27-mars\/\" \/>\n<meta property=\"og:locale\" content=\"fr_FR\" \/>\n<meta property=\"og:type\" content=\"article\" \/>\n<meta property=\"og:title\" content=\"L\u2019\u00c9glise adventiste va lancer 100 jours de pri\u00e8re le 27 mars - \u00c9glise Adventiste Du Septieme Jour - Inter Am\u00e9rique Division\" \/>\n<meta property=\"og:description\" content=\"25 Mars 2020 | Miami, Floride, \u00c9tats-Unis | P\u00f4le Informations de la Division Inter Am\u00e9ricaine L\u2019\u00c9glise adventiste du septi\u00e8me jour dans le monde entier appelle tous les membres d\u2019\u00e9glise \u00e0...\" \/>\n<meta property=\"og:url\" content=\"https:\/\/interamerica.org\/fr\/2020\/03\/leglise-adventiste-va-lancer-100-jours-de-priere-le-27-mars\/\" \/>\n<meta property=\"og:site_name\" content=\"\u00c9glise Adventiste Du Septieme Jour - Inter Am\u00e9rique Division\" \/>\n<meta property=\"article:published_time\" content=\"2020-03-26T12:00:59+00:00\" \/>\n<meta property=\"article:modified_time\" content=\"2020-03-27T15:31:11+00:00\" \/>\n<meta property=\"og:image\" content=\"https:\/\/interamerica.org\/wp-content\/uploads\/2020\/03\/100-days-of-prayer-graphic-1280.jpg\" \/>\n\t<meta property=\"og:image:width\" content=\"1280\" \/>\n\t<meta property=\"og:image:height\" content=\"800\" \/>\n\t<meta property=\"og:image:type\" content=\"image\/jpeg\" \/>\n<meta name=\"author\" content=\"libna\" \/>\n<meta name=\"twitter:card\" content=\"summary_large_image\" \/>\n<meta name=\"twitter:label1\" content=\"\u00c9crit par\" \/>\n\t<meta name=\"twitter:data1\" content=\"libna\" \/>\n\t<meta name=\"twitter:label2\" content=\"Dur\u00e9e de lecture estim\u00e9e\" \/>\n\t<meta name=\"twitter:data2\" content=\"2 minutes\" \/>\n<script type=\"application\/ld+json\" class=\"yoast-schema-graph\">{\"@context\":\"https:\\\/\\\/schema.org\",\"@graph\":[{\"@type\":\"Article\",\"@id\":\"https:\\\/\\\/interamerica.org\\\/fr\\\/2020\\\/03\\\/leglise-adventiste-va-lancer-100-jours-de-priere-le-27-mars\\\/#article\",\"isPartOf\":{\"@id\":\"https:\\\/\\\/interamerica.org\\\/fr\\\/2020\\\/03\\\/leglise-adventiste-va-lancer-100-jours-de-priere-le-27-mars\\\/\"},\"author\":{\"name\":\"libna\",\"@id\":\"https:\\\/\\\/interamerica.org\\\/fr\\\/#\\\/schema\\\/person\\\/29998f2bc2d8bd0d38662909289b54f1\"},\"headline\":\"L\u2019\u00c9glise adventiste va lancer 100 jours de pri\u00e8re le 27 mars\",\"datePublished\":\"2020-03-26T12:00:59+00:00\",\"dateModified\":\"2020-03-27T15:31:11+00:00\",\"mainEntityOfPage\":{\"@id\":\"https:\\\/\\\/interamerica.org\\\/fr\\\/2020\\\/03\\\/leglise-adventiste-va-lancer-100-jours-de-priere-le-27-mars\\\/\"},\"wordCount\":416,\"commentCount\":0,\"image\":{\"@id\":\"https:\\\/\\\/interamerica.org\\\/fr\\\/2020\\\/03\\\/leglise-adventiste-va-lancer-100-jours-de-priere-le-27-mars\\\/#primaryimage\"},\"thumbnailUrl\":\"https:\\\/\\\/interamerica.org\\\/wp-content\\\/uploads\\\/2020\\\/03\\\/100-days-of-prayer-graphic-1280.jpg\",\"articleSection\":[\"Nouvelles de l'\u00c9glise mondiale\",\"RSS Fran\u00e7ais\"],\"inLanguage\":\"fr-FR\",\"potentialAction\":[{\"@type\":\"CommentAction\",\"name\":\"Comment\",\"target\":[\"https:\\\/\\\/interamerica.org\\\/fr\\\/2020\\\/03\\\/leglise-adventiste-va-lancer-100-jours-de-priere-le-27-mars\\\/#respond\"]}]},{\"@type\":\"WebPage\",\"@id\":\"https:\\\/\\\/interamerica.org\\\/fr\\\/2020\\\/03\\\/leglise-adventiste-va-lancer-100-jours-de-priere-le-27-mars\\\/\",\"url\":\"https:\\\/\\\/interamerica.org\\\/fr\\\/2020\\\/03\\\/leglise-adventiste-va-lancer-100-jours-de-priere-le-27-mars\\\/\",\"name\":\"L\u2019\u00c9glise adventiste va lancer 100 jours de pri\u00e8re le 27 mars - \u00c9glise Adventiste Du Septieme Jour - Inter Am\u00e9rique Division\",\"isPartOf\":{\"@id\":\"https:\\\/\\\/interamerica.org\\\/fr\\\/#website\"},\"primaryImageOfPage\":{\"@id\":\"https:\\\/\\\/interamerica.org\\\/fr\\\/2020\\\/03\\\/leglise-adventiste-va-lancer-100-jours-de-priere-le-27-mars\\\/#primaryimage\"},\"image\":{\"@id\":\"https:\\\/\\\/interamerica.org\\\/fr\\\/2020\\\/03\\\/leglise-adventiste-va-lancer-100-jours-de-priere-le-27-mars\\\/#primaryimage\"},\"thumbnailUrl\":\"https:\\\/\\\/interamerica.org\\\/wp-content\\\/uploads\\\/2020\\\/03\\\/100-days-of-prayer-graphic-1280.jpg\",\"datePublished\":\"2020-03-26T12:00:59+00:00\",\"dateModified\":\"2020-03-27T15:31:11+00:00\",\"author\":{\"@id\":\"https:\\\/\\\/interamerica.org\\\/fr\\\/#\\\/schema\\\/person\\\/29998f2bc2d8bd0d38662909289b54f1\"},\"breadcrumb\":{\"@id\":\"https:\\\/\\\/interamerica.org\\\/fr\\\/2020\\\/03\\\/leglise-adventiste-va-lancer-100-jours-de-priere-le-27-mars\\\/#breadcrumb\"},\"inLanguage\":\"fr-FR\",\"potentialAction\":[{\"@type\":\"ReadAction\",\"target\":[\"https:\\\/\\\/interamerica.org\\\/fr\\\/2020\\\/03\\\/leglise-adventiste-va-lancer-100-jours-de-priere-le-27-mars\\\/\"]}]},{\"@type\":\"ImageObject\",\"inLanguage\":\"fr-FR\",\"@id\":\"https:\\\/\\\/interamerica.org\\\/fr\\\/2020\\\/03\\\/leglise-adventiste-va-lancer-100-jours-de-priere-le-27-mars\\\/#primaryimage\",\"url\":\"https:\\\/\\\/interamerica.org\\\/wp-content\\\/uploads\\\/2020\\\/03\\\/100-days-of-prayer-graphic-1280.jpg\",\"contentUrl\":\"https:\\\/\\\/interamerica.org\\\/wp-content\\\/uploads\\\/2020\\\/03\\\/100-days-of-prayer-graphic-1280.jpg\",\"width\":1280,\"height\":800},{\"@type\":\"BreadcrumbList\",\"@id\":\"https:\\\/\\\/interamerica.org\\\/fr\\\/2020\\\/03\\\/leglise-adventiste-va-lancer-100-jours-de-priere-le-27-mars\\\/#breadcrumb\",\"itemListElement\":[{\"@type\":\"ListItem\",\"position\":1,\"name\":\"Home\",\"item\":\"https:\\\/\\\/interamerica.org\\\/fr\\\/\"},{\"@type\":\"ListItem\",\"position\":2,\"name\":\"L\u2019\u00c9glise adventiste va lancer 100 jours de pri\u00e8re le 27 mars\"}]},{\"@type\":\"WebSite\",\"@id\":\"https:\\\/\\\/interamerica.org\\\/fr\\\/#website\",\"url\":\"https:\\\/\\\/interamerica.org\\\/fr\\\/\",\"name\":\"\u00c9glise Adventiste Du Septieme Jour - Inter Am\u00e9rique Division\",\"description\":\"\",\"potentialAction\":[{\"@type\":\"SearchAction\",\"target\":{\"@type\":\"EntryPoint\",\"urlTemplate\":\"https:\\\/\\\/interamerica.org\\\/fr\\\/?s={search_term_string}\"},\"query-input\":{\"@type\":\"PropertyValueSpecification\",\"valueRequired\":true,\"valueName\":\"search_term_string\"}}],\"inLanguage\":\"fr-FR\"},{\"@type\":\"Person\",\"@id\":\"https:\\\/\\\/interamerica.org\\\/fr\\\/#\\\/schema\\\/person\\\/29998f2bc2d8bd0d38662909289b54f1\",\"name\":\"libna\",\"image\":{\"@type\":\"ImageObject\",\"inLanguage\":\"fr-FR\",\"@id\":\"https:\\\/\\\/secure.gravatar.com\\\/avatar\\\/7c5bd30ae4b47a9ba3c856590957fd1d96dc588bf3ac05719d247e126840331f?s=96&d=mm&r=g\",\"url\":\"https:\\\/\\\/secure.gravatar.com\\\/avatar\\\/7c5bd30ae4b47a9ba3c856590957fd1d96dc588bf3ac05719d247e126840331f?s=96&d=mm&r=g\",\"contentUrl\":\"https:\\\/\\\/secure.gravatar.com\\\/avatar\\\/7c5bd30ae4b47a9ba3c856590957fd1d96dc588bf3ac05719d247e126840331f?s=96&d=mm&r=g\",\"caption\":\"libna\"}}]}<\/script>\n<!-- \/ Yoast SEO plugin. -->","yoast_head_json":{"title":"L\u2019\u00c9glise adventiste va lancer 100 jours de pri\u00e8re le 27 mars - \u00c9glise Adventiste Du Septieme Jour - Inter Am\u00e9rique Division","robots":{"index":"index","follow":"follow","max-snippet":"max-snippet:-1","max-image-preview":"max-image-preview:large","max-video-preview":"max-video-preview:-1"},"canonical":"https:\/\/interamerica.org\/fr\/2020\/03\/leglise-adventiste-va-lancer-100-jours-de-priere-le-27-mars\/","og_locale":"fr_FR","og_type":"article","og_title":"L\u2019\u00c9glise adventiste va lancer 100 jours de pri\u00e8re le 27 mars - \u00c9glise Adventiste Du Septieme Jour - Inter Am\u00e9rique Division","og_description":"25 Mars 2020 | Miami, Floride, \u00c9tats-Unis | P\u00f4le Informations de la Division Inter Am\u00e9ricaine L\u2019\u00c9glise adventiste du septi\u00e8me jour dans le monde entier appelle tous les membres d\u2019\u00e9glise \u00e0...","og_url":"https:\/\/interamerica.org\/fr\/2020\/03\/leglise-adventiste-va-lancer-100-jours-de-priere-le-27-mars\/","og_site_name":"\u00c9glise Adventiste Du Septieme Jour - Inter Am\u00e9rique Division","article_published_time":"2020-03-26T12:00:59+00:00","article_modified_time":"2020-03-27T15:31:11+00:00","og_image":[{"width":1280,"height":800,"url":"https:\/\/interamerica.org\/wp-content\/uploads\/2020\/03\/100-days-of-prayer-graphic-1280.jpg","type":"image\/jpeg"}],"author":"libna","twitter_card":"summary_large_image","twitter_misc":{"\u00c9crit par":"libna","Dur\u00e9e de lecture estim\u00e9e":"2 minutes"},"schema":{"@context":"https:\/\/schema.org","@graph":[{"@type":"Article","@id":"https:\/\/interamerica.org\/fr\/2020\/03\/leglise-adventiste-va-lancer-100-jours-de-priere-le-27-mars\/#article","isPartOf":{"@id":"https:\/\/interamerica.org\/fr\/2020\/03\/leglise-adventiste-va-lancer-100-jours-de-priere-le-27-mars\/"},"author":{"name":"libna","@id":"https:\/\/interamerica.org\/fr\/#\/schema\/person\/29998f2bc2d8bd0d38662909289b54f1"},"headline":"L\u2019\u00c9glise adventiste va lancer 100 jours de pri\u00e8re le 27 mars","datePublished":"2020-03-26T12:00:59+00:00","dateModified":"2020-03-27T15:31:11+00:00","mainEntityOfPage":{"@id":"https:\/\/interamerica.org\/fr\/2020\/03\/leglise-adventiste-va-lancer-100-jours-de-priere-le-27-mars\/"},"wordCount":416,"commentCount":0,"image":{"@id":"https:\/\/interamerica.org\/fr\/2020\/03\/leglise-adventiste-va-lancer-100-jours-de-priere-le-27-mars\/#primaryimage"},"thumbnailUrl":"https:\/\/interamerica.org\/wp-content\/uploads\/2020\/03\/100-days-of-prayer-graphic-1280.jpg","articleSection":["Nouvelles de l'\u00c9glise mondiale","RSS Fran\u00e7ais"],"inLanguage":"fr-FR","potentialAction":[{"@type":"CommentAction","name":"Comment","target":["https:\/\/interamerica.org\/fr\/2020\/03\/leglise-adventiste-va-lancer-100-jours-de-priere-le-27-mars\/#respond"]}]},{"@type":"WebPage","@id":"https:\/\/interamerica.org\/fr\/2020\/03\/leglise-adventiste-va-lancer-100-jours-de-priere-le-27-mars\/","url":"https:\/\/interamerica.org\/fr\/2020\/03\/leglise-adventiste-va-lancer-100-jours-de-priere-le-27-mars\/","name":"L\u2019\u00c9glise adventiste va lancer 100 jours de pri\u00e8re le 27 mars - \u00c9glise Adventiste Du Septieme Jour - Inter Am\u00e9rique Division","isPartOf":{"@id":"https:\/\/interamerica.org\/fr\/#website"},"primaryImageOfPage":{"@id":"https:\/\/interamerica.org\/fr\/2020\/03\/leglise-adventiste-va-lancer-100-jours-de-priere-le-27-mars\/#primaryimage"},"image":{"@id":"https:\/\/interamerica.org\/fr\/2020\/03\/leglise-adventiste-va-lancer-100-jours-de-priere-le-27-mars\/#primaryimage"},"thumbnailUrl":"https:\/\/interamerica.org\/wp-content\/uploads\/2020\/03\/100-days-of-prayer-graphic-1280.jpg","datePublished":"2020-03-26T12:00:59+00:00","dateModified":"2020-03-27T15:31:11+00:00","author":{"@id":"https:\/\/interamerica.org\/fr\/#\/schema\/person\/29998f2bc2d8bd0d38662909289b54f1"},"breadcrumb":{"@id":"https:\/\/interamerica.org\/fr\/2020\/03\/leglise-adventiste-va-lancer-100-jours-de-priere-le-27-mars\/#breadcrumb"},"inLanguage":"fr-FR","potentialAction":[{"@type":"ReadAction","target":["https:\/\/interamerica.org\/fr\/2020\/03\/leglise-adventiste-va-lancer-100-jours-de-priere-le-27-mars\/"]}]},{"@type":"ImageObject","inLanguage":"fr-FR","@id":"https:\/\/interamerica.org\/fr\/2020\/03\/leglise-adventiste-va-lancer-100-jours-de-priere-le-27-mars\/#primaryimage","url":"https:\/\/interamerica.org\/wp-content\/uploads\/2020\/03\/100-days-of-prayer-graphic-1280.jpg","contentUrl":"https:\/\/interamerica.org\/wp-content\/uploads\/2020\/03\/100-days-of-prayer-graphic-1280.jpg","width":1280,"height":800},{"@type":"BreadcrumbList","@id":"https:\/\/interamerica.org\/fr\/2020\/03\/leglise-adventiste-va-lancer-100-jours-de-priere-le-27-mars\/#breadcrumb","itemListElement":[{"@type":"ListItem","position":1,"name":"Home","item":"https:\/\/interamerica.org\/fr\/"},{"@type":"ListItem","position":2,"name":"L\u2019\u00c9glise adventiste va lancer 100 jours de pri\u00e8re le 27 mars"}]},{"@type":"WebSite","@id":"https:\/\/interamerica.org\/fr\/#website","url":"https:\/\/interamerica.org\/fr\/","name":"\u00c9glise Adventiste Du Septieme Jour - Inter Am\u00e9rique Division","description":"","potentialAction":[{"@type":"SearchAction","target":{"@type":"EntryPoint","urlTemplate":"https:\/\/interamerica.org\/fr\/?s={search_term_string}"},"query-input":{"@type":"PropertyValueSpecification","valueRequired":true,"valueName":"search_term_string"}}],"inLanguage":"fr-FR"},{"@type":"Person","@id":"https:\/\/interamerica.org\/fr\/#\/schema\/person\/29998f2bc2d8bd0d38662909289b54f1","name":"libna","image":{"@type":"ImageObject","inLanguage":"fr-FR","@id":"https:\/\/secure.gravatar.com\/avatar\/7c5bd30ae4b47a9ba3c856590957fd1d96dc588bf3ac05719d247e126840331f?s=96&d=mm&r=g","url":"https:\/\/secure.gravatar.com\/avatar\/7c5bd30ae4b47a9ba3c856590957fd1d96dc588bf3ac05719d247e126840331f?s=96&d=mm&r=g","contentUrl":"https:\/\/secure.gravatar.com\/avatar\/7c5bd30ae4b47a9ba3c856590957fd1d96dc588bf3ac05719d247e126840331f?s=96&d=mm&r=g","caption":"libna"}}]}},"_links":{"self":[{"href":"https:\/\/interamerica.org\/fr\/wp-json\/wp\/v2\/posts\/56733","targetHints":{"allow":["GET"]}}],"collection":[{"href":"https:\/\/interamerica.org\/fr\/wp-json\/wp\/v2\/posts"}],"about":[{"href":"https:\/\/interamerica.org\/fr\/wp-json\/wp\/v2\/types\/post"}],"author":[{"embeddable":true,"href":"https:\/\/interamerica.org\/fr\/wp-json\/wp\/v2\/users\/3"}],"replies":[{"embeddable":true,"href":"https:\/\/interamerica.org\/fr\/wp-json\/wp\/v2\/comments?post=56733"}],"version-history":[{"count":0,"href":"https:\/\/interamerica.org\/fr\/wp-json\/wp\/v2\/posts\/56733\/revisions"}],"wp:featuredmedia":[{"embeddable":true,"href":"https:\/\/interamerica.org\/fr\/wp-json\/wp\/v2\/media\/56827"}],"wp:attachment":[{"href":"https:\/\/interamerica.org\/fr\/wp-json\/wp\/v2\/media?parent=56733"}],"wp:term":[{"taxonomy":"category","embeddable":true,"href":"https:\/\/interamerica.org\/fr\/wp-json\/wp\/v2\/categories?post=56733"},{"taxonomy":"post_tag","embeddable":true,"href":"https:\/\/interamerica.org\/fr\/wp-json\/wp\/v2\/tags?post=56733"}],"curies":[{"name":"wp","href":"https:\/\/api.w.org\/{rel}","templated":true}]}}