{"id":56807,"date":"2020-03-27T06:27:31","date_gmt":"2020-03-27T10:27:31","guid":{"rendered":"https:\/\/recursing-golick.147-182-135-0.plesk.page\/?p=56807"},"modified":"2020-04-03T09:37:35","modified_gmt":"2020-04-03T13:37:35","slug":"adra-mexique-distribue-des-milliers-de-desinfectants-pour-les-mains-a-mexico-et-a-monterrey","status":"publish","type":"post","link":"https:\/\/interamerica.org\/fr\/2020\/03\/adra-mexique-distribue-des-milliers-de-desinfectants-pour-les-mains-a-mexico-et-a-monterrey\/","title":{"rendered":"ADRA Mexique distribue des milliers de d\u00e9sinfectants pour les mains \u00e0 Mexico et \u00e0 Monterrey"},"content":{"rendered":"<p><div id=\"attachment_56763\" style=\"width: 818px\" class=\"wp-caption aligncenter\"><img fetchpriority=\"high\" decoding=\"async\" aria-describedby=\"caption-attachment-56763\" class=\"wp-image-56762\" src=\"https:\/\/recursing-golick.147-182-135-0.plesk.page\/wp-content\/uploads\/2020\/03\/adra-mexico-elderly-gel.jpg\" alt=\"\" width=\"808\" height=\"539\" srcset=\"https:\/\/interamerica.org\/wp-content\/uploads\/2020\/03\/adra-mexico-elderly-gel.jpg 1000w, https:\/\/interamerica.org\/wp-content\/uploads\/2020\/03\/adra-mexico-elderly-gel-300x200.jpg 300w, https:\/\/interamerica.org\/wp-content\/uploads\/2020\/03\/adra-mexico-elderly-gel-768x512.jpg 768w\" sizes=\"(max-width: 808px) 100vw, 808px\" \/><p id=\"caption-attachment-56763\" class=\"wp-caption-text\">Un b\u00e9n\u00e9vole d\u2019ADRA distribue des bouteilles de d\u00e9sinfectant pour les mains \u00e0 plusieurs r\u00e9sidents d\u2019une maison de retraite \u00e0 Mexico, au Mexique, le 21 mars 2020. L\u2019initiative fait partie du projet d\u2019ADRA Mexique de distribuer 12000 flacons de d\u00e9sinfectant pour les mains aux personnes de plus de 65 ans et aux personnes ayant des besoins sp\u00e9ciaux dans la ville et dans les communaut\u00e9s. [Photo : ADRA Mexique]<\/p><\/div>26 Mars 2020 | Mexico, Mexique | Libna Stevens, P\u00f4le Informations de la Division Inter Am\u00e9ricaine<\/p>\n<p>L\u2019Agence Adventiste de D\u00e9veloppement et de Secours (ADRA) au Mexique a commenc\u00e9 \u00e0 distribuer des milliers de flacons de d\u00e9sinfectant pour les mains, des flacons de gel antibact\u00e9rien, cette semaine aux personnes de plus de 65 ans souffrant de maladies chroniques ou ayant des besoins sp\u00e9ciaux, alors que les cas de coronavirus COVID-19 augmentent dans le pays.<\/p>\n<p>Le 25 mars, le Secr\u00e9taire F\u00e9d\u00e9ral de la Sant\u00e9 du Mexique a signal\u00e9 qu\u2019il y avait 6 d\u00e9c\u00e8s caus\u00e9s par le COVID-19, 475 cas confirm\u00e9s et quelque 1656 cas suspect\u00e9s.<\/p>\n<p><div id=\"attachment_56766\" style=\"width: 811px\" class=\"wp-caption aligncenter\"><img decoding=\"async\" aria-describedby=\"caption-attachment-56766\" class=\" wp-image-56765\" src=\"https:\/\/recursing-golick.147-182-135-0.plesk.page\/wp-content\/uploads\/2020\/03\/adra-mexico-coronavirus-flyer-street.jpg\" alt=\"\" width=\"801\" height=\"534\" srcset=\"https:\/\/interamerica.org\/wp-content\/uploads\/2020\/03\/adra-mexico-coronavirus-flyer-street.jpg 1000w, https:\/\/interamerica.org\/wp-content\/uploads\/2020\/03\/adra-mexico-coronavirus-flyer-street-300x200.jpg 300w, https:\/\/interamerica.org\/wp-content\/uploads\/2020\/03\/adra-mexico-coronavirus-flyer-street-768x512.jpg 768w\" sizes=\"(max-width: 801px) 100vw, 801px\" \/><p id=\"caption-attachment-56766\" class=\"wp-caption-text\">Les b\u00e9n\u00e9voles d\u2019ADRA expliquent les mesures pr\u00e9ventives imprim\u00e9es sur le d\u00e9pliant \u00e0 un couple dans la rue \u00e0 Mexico, au Mexique. [Photo : ADRA Mexique]<\/p><\/div>Le 21 mars 2020, plus de 180 b\u00e9n\u00e9voles d\u2019ADRA, dont la plupart sont des membres d\u2019\u00e9glise, se sont rendus dans les foyers d\u00e9sign\u00e9s et dans les rues anim\u00e9es de Mexico pour sensibiliser davantage aux mesures pr\u00e9ventives mises en place pour lutter contre la propagation du Coronavirus.<\/p>\n<p>Des dizaines de membres d\u2019\u00e9glise b\u00e9n\u00e9voles ont \u00e9galement distribu\u00e9 des d\u00e9pliants informatifs et 5000 flacons de gel d\u00e9sinfectant pour les mains sp\u00e9cialement \u00e9tiquet\u00e9s, \u00e0 Monterrey, dans l\u2019\u00e9tat du Nuevo Leon, au Mexique, aux ain\u00e9s, aux professionnels de sant\u00e9, aux patients dans les h\u00f4pitaux, ainsi qu\u2019au personnel gouvernemental qui travaille sans arr\u00eat pour mettre en place des mesures de s\u00e9curit\u00e9 dans les villes et les communaut\u00e9s.<\/p>\n<p><div id=\"attachment_56754\" style=\"width: 811px\" class=\"wp-caption aligncenter\"><img decoding=\"async\" aria-describedby=\"caption-attachment-56754\" class=\" wp-image-56753\" src=\"https:\/\/recursing-golick.147-182-135-0.plesk.page\/wp-content\/uploads\/2020\/03\/jorge-garcia-adra-mexico-gel.jpg\" alt=\"\" width=\"801\" height=\"534\" srcset=\"https:\/\/interamerica.org\/wp-content\/uploads\/2020\/03\/jorge-garcia-adra-mexico-gel.jpg 1000w, https:\/\/interamerica.org\/wp-content\/uploads\/2020\/03\/jorge-garcia-adra-mexico-gel-300x200.jpg 300w, https:\/\/interamerica.org\/wp-content\/uploads\/2020\/03\/jorge-garcia-adra-mexico-gel-768x512.jpg 768w\" sizes=\"(max-width: 801px) 100vw, 801px\" \/><p id=\"caption-attachment-56754\" class=\"wp-caption-text\">Le directeur national d\u2019ADRA Mexique, Jorge Garcia, s\u2019entretient avec des b\u00e9n\u00e9voles \u00e0 Mexico le 21 mars, avant que la distribution de flacons de d\u00e9sinfectants pour les mains n\u2019ait lieu dans les maisons de retraite et les rues de la ville. [Photo : ADRA Mexique]<\/p><\/div>\u00ab Nous savons que la pr\u00e9vention est importante en ce moment, nous avons donc pens\u00e9 \u00e0 cette premi\u00e8re r\u00e9ponse au profit des secteurs les plus vuln\u00e9rables, \u00bb a d\u00e9clar\u00e9 Jorge Garcia, directeur national d\u2019ADRA Mexique. Jorge Garcia a expliqu\u00e9 que la plupart des cas positifs se trouvent \u00e0 Mexico et \u00e0 Monterrey, donc ADRA Mexique a mis l\u2019accent sur la mobilisation de volontaires sur place pour la distribution des produits aux personnes \u00e2g\u00e9es et aux personnes souffrant de handicap, y compris les malentendants et les malvoyants.<\/p>\n<p>Jorge Garcia, qui a particip\u00e9 cette semaine, avec des dizaines de b\u00e9n\u00e9voles, \u00e0 la distribution des bouteilles de 500 ml de d\u00e9sinfectant pour les mains et des prospectus, a d\u00e9clar\u00e9 que le projet \u00e9tait un effort conjoint financ\u00e9 en partie par ADRA International, ADRA Inter-Am\u00e9rique, et ADRA Mexique.<\/p>\n<p><div id=\"attachment_56775\" style=\"width: 813px\" class=\"wp-caption aligncenter\"><img loading=\"lazy\" decoding=\"async\" aria-describedby=\"caption-attachment-56775\" class=\" wp-image-56774\" src=\"https:\/\/recursing-golick.147-182-135-0.plesk.page\/wp-content\/uploads\/2020\/03\/adra-mexico-anti-bacterial-gel-product.jpg\" alt=\"\" width=\"803\" height=\"602\" srcset=\"https:\/\/interamerica.org\/wp-content\/uploads\/2020\/03\/adra-mexico-anti-bacterial-gel-product.jpg 900w, https:\/\/interamerica.org\/wp-content\/uploads\/2020\/03\/adra-mexico-anti-bacterial-gel-product-300x225.jpg 300w, https:\/\/interamerica.org\/wp-content\/uploads\/2020\/03\/adra-mexico-anti-bacterial-gel-product-768x576.jpg 768w\" sizes=\"(max-width: 803px) 100vw, 803px\" \/><p id=\"caption-attachment-56775\" class=\"wp-caption-text\">Une partie des bouteilles de d\u00e9sinfectant pour les mains, sp\u00e9cialement \u00e9tiquet\u00e9es, qu\u2019ADRA Mexique a command\u00e9 afin de les distribuer \u00e0 Mexico et \u00e0 Monterrey, dans le Nuevo Leon, ce mois-ci. [Photo : ADRA Mexique]<\/p><\/div>Les b\u00e9n\u00e9voles devraient achever la distribution de 12000 flacons de d\u00e9sinfectant pour les mains sp\u00e9cialement \u00e9tiquet\u00e9s, aux foyers cibl\u00e9s d\u2019ici la fin de la semaine prochaine.<\/p>\n<p>Pour en savoir plus sur ADRA Mexique et sur ses projets, cliquez<br \/>\n<a href=\"https:\/\/www.facebook.com\/adramexico\/\">ICI<\/a><\/p>\n<p>Traduction: Patrick Luciathe<\/p>\n","protected":false},"excerpt":{"rendered":"<p>26 Mars 2020 | Mexico, Mexique | Libna Stevens, P\u00f4le Informations de la Division Inter Am\u00e9ricaine L\u2019Agence Adventiste de D\u00e9veloppement et de Secours (ADRA) au Mexique a commenc\u00e9 \u00e0 distribuer&#8230;<\/p>\n","protected":false},"author":3,"featured_media":56766,"comment_status":"open","ping_status":"closed","sticky":false,"template":"","format":"standard","meta":{"_acf_changed":false,"footnotes":""},"categories":[21,19],"tags":[],"class_list":["post-56807","post","type-post","status-publish","format-standard","has-post-thumbnail","hentry","category-nouvelles-du-territoire","category-rss-francais"],"acf":[],"yoast_head":"<!-- This site is optimized with the Yoast SEO plugin v27.3 - https:\/\/yoast.com\/product\/yoast-seo-wordpress\/ -->\n<title>ADRA Mexique distribue des milliers de d\u00e9sinfectants pour les mains \u00e0 Mexico et \u00e0 Monterrey - \u00c9glise Adventiste Du Septieme Jour - Inter Am\u00e9rique Division<\/title>\n<meta name=\"robots\" content=\"index, follow, max-snippet:-1, max-image-preview:large, max-video-preview:-1\" \/>\n<link rel=\"canonical\" href=\"https:\/\/interamerica.org\/fr\/2020\/03\/adra-mexique-distribue-des-milliers-de-desinfectants-pour-les-mains-a-mexico-et-a-monterrey\/\" \/>\n<meta property=\"og:locale\" content=\"fr_FR\" \/>\n<meta property=\"og:type\" content=\"article\" \/>\n<meta property=\"og:title\" content=\"ADRA Mexique distribue des milliers de d\u00e9sinfectants pour les mains \u00e0 Mexico et \u00e0 Monterrey - \u00c9glise Adventiste Du Septieme Jour - Inter Am\u00e9rique Division\" \/>\n<meta property=\"og:description\" content=\"26 Mars 2020 | Mexico, Mexique | Libna Stevens, P\u00f4le Informations de la Division Inter Am\u00e9ricaine L\u2019Agence Adventiste de D\u00e9veloppement et de Secours (ADRA) au Mexique a commenc\u00e9 \u00e0 distribuer...\" \/>\n<meta property=\"og:url\" content=\"https:\/\/interamerica.org\/fr\/2020\/03\/adra-mexique-distribue-des-milliers-de-desinfectants-pour-les-mains-a-mexico-et-a-monterrey\/\" \/>\n<meta property=\"og:site_name\" content=\"\u00c9glise Adventiste Du Septieme Jour - Inter Am\u00e9rique Division\" \/>\n<meta property=\"article:published_time\" content=\"2020-03-27T10:27:31+00:00\" \/>\n<meta property=\"article:modified_time\" content=\"2020-04-03T13:37:35+00:00\" \/>\n<meta property=\"og:image\" content=\"https:\/\/interamerica.org\/wp-content\/uploads\/2020\/03\/adra-mexico-coronavirus-flyer-street.jpg\" \/>\n\t<meta property=\"og:image:width\" content=\"1000\" \/>\n\t<meta property=\"og:image:height\" content=\"667\" \/>\n\t<meta property=\"og:image:type\" content=\"image\/jpeg\" \/>\n<meta name=\"author\" content=\"libna\" \/>\n<meta name=\"twitter:card\" content=\"summary_large_image\" \/>\n<meta name=\"twitter:label1\" content=\"\u00c9crit par\" \/>\n\t<meta name=\"twitter:data1\" content=\"libna\" \/>\n\t<meta name=\"twitter:label2\" content=\"Dur\u00e9e de lecture estim\u00e9e\" \/>\n\t<meta name=\"twitter:data2\" content=\"3 minutes\" \/>\n<script type=\"application\/ld+json\" class=\"yoast-schema-graph\">{\"@context\":\"https:\\\/\\\/schema.org\",\"@graph\":[{\"@type\":\"Article\",\"@id\":\"https:\\\/\\\/interamerica.org\\\/fr\\\/2020\\\/03\\\/adra-mexique-distribue-des-milliers-de-desinfectants-pour-les-mains-a-mexico-et-a-monterrey\\\/#article\",\"isPartOf\":{\"@id\":\"https:\\\/\\\/interamerica.org\\\/fr\\\/2020\\\/03\\\/adra-mexique-distribue-des-milliers-de-desinfectants-pour-les-mains-a-mexico-et-a-monterrey\\\/\"},\"author\":{\"name\":\"libna\",\"@id\":\"https:\\\/\\\/interamerica.org\\\/fr\\\/#\\\/schema\\\/person\\\/29998f2bc2d8bd0d38662909289b54f1\"},\"headline\":\"ADRA Mexique distribue des milliers de d\u00e9sinfectants pour les mains \u00e0 Mexico et \u00e0 Monterrey\",\"datePublished\":\"2020-03-27T10:27:31+00:00\",\"dateModified\":\"2020-04-03T13:37:35+00:00\",\"mainEntityOfPage\":{\"@id\":\"https:\\\/\\\/interamerica.org\\\/fr\\\/2020\\\/03\\\/adra-mexique-distribue-des-milliers-de-desinfectants-pour-les-mains-a-mexico-et-a-monterrey\\\/\"},\"wordCount\":648,\"commentCount\":0,\"image\":{\"@id\":\"https:\\\/\\\/interamerica.org\\\/fr\\\/2020\\\/03\\\/adra-mexique-distribue-des-milliers-de-desinfectants-pour-les-mains-a-mexico-et-a-monterrey\\\/#primaryimage\"},\"thumbnailUrl\":\"https:\\\/\\\/interamerica.org\\\/wp-content\\\/uploads\\\/2020\\\/03\\\/adra-mexico-coronavirus-flyer-street.jpg\",\"articleSection\":[\"Nouvelles du territoire\",\"RSS Fran\u00e7ais\"],\"inLanguage\":\"fr-FR\",\"potentialAction\":[{\"@type\":\"CommentAction\",\"name\":\"Comment\",\"target\":[\"https:\\\/\\\/interamerica.org\\\/fr\\\/2020\\\/03\\\/adra-mexique-distribue-des-milliers-de-desinfectants-pour-les-mains-a-mexico-et-a-monterrey\\\/#respond\"]}]},{\"@type\":\"WebPage\",\"@id\":\"https:\\\/\\\/interamerica.org\\\/fr\\\/2020\\\/03\\\/adra-mexique-distribue-des-milliers-de-desinfectants-pour-les-mains-a-mexico-et-a-monterrey\\\/\",\"url\":\"https:\\\/\\\/interamerica.org\\\/fr\\\/2020\\\/03\\\/adra-mexique-distribue-des-milliers-de-desinfectants-pour-les-mains-a-mexico-et-a-monterrey\\\/\",\"name\":\"ADRA Mexique distribue des milliers de d\u00e9sinfectants pour les mains \u00e0 Mexico et \u00e0 Monterrey - \u00c9glise Adventiste Du Septieme Jour - Inter Am\u00e9rique Division\",\"isPartOf\":{\"@id\":\"https:\\\/\\\/interamerica.org\\\/fr\\\/#website\"},\"primaryImageOfPage\":{\"@id\":\"https:\\\/\\\/interamerica.org\\\/fr\\\/2020\\\/03\\\/adra-mexique-distribue-des-milliers-de-desinfectants-pour-les-mains-a-mexico-et-a-monterrey\\\/#primaryimage\"},\"image\":{\"@id\":\"https:\\\/\\\/interamerica.org\\\/fr\\\/2020\\\/03\\\/adra-mexique-distribue-des-milliers-de-desinfectants-pour-les-mains-a-mexico-et-a-monterrey\\\/#primaryimage\"},\"thumbnailUrl\":\"https:\\\/\\\/interamerica.org\\\/wp-content\\\/uploads\\\/2020\\\/03\\\/adra-mexico-coronavirus-flyer-street.jpg\",\"datePublished\":\"2020-03-27T10:27:31+00:00\",\"dateModified\":\"2020-04-03T13:37:35+00:00\",\"author\":{\"@id\":\"https:\\\/\\\/interamerica.org\\\/fr\\\/#\\\/schema\\\/person\\\/29998f2bc2d8bd0d38662909289b54f1\"},\"breadcrumb\":{\"@id\":\"https:\\\/\\\/interamerica.org\\\/fr\\\/2020\\\/03\\\/adra-mexique-distribue-des-milliers-de-desinfectants-pour-les-mains-a-mexico-et-a-monterrey\\\/#breadcrumb\"},\"inLanguage\":\"fr-FR\",\"potentialAction\":[{\"@type\":\"ReadAction\",\"target\":[\"https:\\\/\\\/interamerica.org\\\/fr\\\/2020\\\/03\\\/adra-mexique-distribue-des-milliers-de-desinfectants-pour-les-mains-a-mexico-et-a-monterrey\\\/\"]}]},{\"@type\":\"ImageObject\",\"inLanguage\":\"fr-FR\",\"@id\":\"https:\\\/\\\/interamerica.org\\\/fr\\\/2020\\\/03\\\/adra-mexique-distribue-des-milliers-de-desinfectants-pour-les-mains-a-mexico-et-a-monterrey\\\/#primaryimage\",\"url\":\"https:\\\/\\\/interamerica.org\\\/wp-content\\\/uploads\\\/2020\\\/03\\\/adra-mexico-coronavirus-flyer-street.jpg\",\"contentUrl\":\"https:\\\/\\\/interamerica.org\\\/wp-content\\\/uploads\\\/2020\\\/03\\\/adra-mexico-coronavirus-flyer-street.jpg\",\"width\":1000,\"height\":667,\"caption\":\"[Photo: ADRA Mexique]\"},{\"@type\":\"BreadcrumbList\",\"@id\":\"https:\\\/\\\/interamerica.org\\\/fr\\\/2020\\\/03\\\/adra-mexique-distribue-des-milliers-de-desinfectants-pour-les-mains-a-mexico-et-a-monterrey\\\/#breadcrumb\",\"itemListElement\":[{\"@type\":\"ListItem\",\"position\":1,\"name\":\"Home\",\"item\":\"https:\\\/\\\/interamerica.org\\\/fr\\\/\"},{\"@type\":\"ListItem\",\"position\":2,\"name\":\"ADRA Mexique distribue des milliers de d\u00e9sinfectants pour les mains \u00e0 Mexico et \u00e0 Monterrey\"}]},{\"@type\":\"WebSite\",\"@id\":\"https:\\\/\\\/interamerica.org\\\/fr\\\/#website\",\"url\":\"https:\\\/\\\/interamerica.org\\\/fr\\\/\",\"name\":\"\u00c9glise Adventiste Du Septieme Jour - Inter Am\u00e9rique Division\",\"description\":\"\",\"potentialAction\":[{\"@type\":\"SearchAction\",\"target\":{\"@type\":\"EntryPoint\",\"urlTemplate\":\"https:\\\/\\\/interamerica.org\\\/fr\\\/?s={search_term_string}\"},\"query-input\":{\"@type\":\"PropertyValueSpecification\",\"valueRequired\":true,\"valueName\":\"search_term_string\"}}],\"inLanguage\":\"fr-FR\"},{\"@type\":\"Person\",\"@id\":\"https:\\\/\\\/interamerica.org\\\/fr\\\/#\\\/schema\\\/person\\\/29998f2bc2d8bd0d38662909289b54f1\",\"name\":\"libna\",\"image\":{\"@type\":\"ImageObject\",\"inLanguage\":\"fr-FR\",\"@id\":\"https:\\\/\\\/secure.gravatar.com\\\/avatar\\\/7c5bd30ae4b47a9ba3c856590957fd1d96dc588bf3ac05719d247e126840331f?s=96&d=mm&r=g\",\"url\":\"https:\\\/\\\/secure.gravatar.com\\\/avatar\\\/7c5bd30ae4b47a9ba3c856590957fd1d96dc588bf3ac05719d247e126840331f?s=96&d=mm&r=g\",\"contentUrl\":\"https:\\\/\\\/secure.gravatar.com\\\/avatar\\\/7c5bd30ae4b47a9ba3c856590957fd1d96dc588bf3ac05719d247e126840331f?s=96&d=mm&r=g\",\"caption\":\"libna\"}}]}<\/script>\n<!-- \/ Yoast SEO plugin. -->","yoast_head_json":{"title":"ADRA Mexique distribue des milliers de d\u00e9sinfectants pour les mains \u00e0 Mexico et \u00e0 Monterrey - \u00c9glise Adventiste Du Septieme Jour - Inter Am\u00e9rique Division","robots":{"index":"index","follow":"follow","max-snippet":"max-snippet:-1","max-image-preview":"max-image-preview:large","max-video-preview":"max-video-preview:-1"},"canonical":"https:\/\/interamerica.org\/fr\/2020\/03\/adra-mexique-distribue-des-milliers-de-desinfectants-pour-les-mains-a-mexico-et-a-monterrey\/","og_locale":"fr_FR","og_type":"article","og_title":"ADRA Mexique distribue des milliers de d\u00e9sinfectants pour les mains \u00e0 Mexico et \u00e0 Monterrey - \u00c9glise Adventiste Du Septieme Jour - Inter Am\u00e9rique Division","og_description":"26 Mars 2020 | Mexico, Mexique | Libna Stevens, P\u00f4le Informations de la Division Inter Am\u00e9ricaine L\u2019Agence Adventiste de D\u00e9veloppement et de Secours (ADRA) au Mexique a commenc\u00e9 \u00e0 distribuer...","og_url":"https:\/\/interamerica.org\/fr\/2020\/03\/adra-mexique-distribue-des-milliers-de-desinfectants-pour-les-mains-a-mexico-et-a-monterrey\/","og_site_name":"\u00c9glise Adventiste Du Septieme Jour - Inter Am\u00e9rique Division","article_published_time":"2020-03-27T10:27:31+00:00","article_modified_time":"2020-04-03T13:37:35+00:00","og_image":[{"width":1000,"height":667,"url":"https:\/\/interamerica.org\/wp-content\/uploads\/2020\/03\/adra-mexico-coronavirus-flyer-street.jpg","type":"image\/jpeg"}],"author":"libna","twitter_card":"summary_large_image","twitter_misc":{"\u00c9crit par":"libna","Dur\u00e9e de lecture estim\u00e9e":"3 minutes"},"schema":{"@context":"https:\/\/schema.org","@graph":[{"@type":"Article","@id":"https:\/\/interamerica.org\/fr\/2020\/03\/adra-mexique-distribue-des-milliers-de-desinfectants-pour-les-mains-a-mexico-et-a-monterrey\/#article","isPartOf":{"@id":"https:\/\/interamerica.org\/fr\/2020\/03\/adra-mexique-distribue-des-milliers-de-desinfectants-pour-les-mains-a-mexico-et-a-monterrey\/"},"author":{"name":"libna","@id":"https:\/\/interamerica.org\/fr\/#\/schema\/person\/29998f2bc2d8bd0d38662909289b54f1"},"headline":"ADRA Mexique distribue des milliers de d\u00e9sinfectants pour les mains \u00e0 Mexico et \u00e0 Monterrey","datePublished":"2020-03-27T10:27:31+00:00","dateModified":"2020-04-03T13:37:35+00:00","mainEntityOfPage":{"@id":"https:\/\/interamerica.org\/fr\/2020\/03\/adra-mexique-distribue-des-milliers-de-desinfectants-pour-les-mains-a-mexico-et-a-monterrey\/"},"wordCount":648,"commentCount":0,"image":{"@id":"https:\/\/interamerica.org\/fr\/2020\/03\/adra-mexique-distribue-des-milliers-de-desinfectants-pour-les-mains-a-mexico-et-a-monterrey\/#primaryimage"},"thumbnailUrl":"https:\/\/interamerica.org\/wp-content\/uploads\/2020\/03\/adra-mexico-coronavirus-flyer-street.jpg","articleSection":["Nouvelles du territoire","RSS Fran\u00e7ais"],"inLanguage":"fr-FR","potentialAction":[{"@type":"CommentAction","name":"Comment","target":["https:\/\/interamerica.org\/fr\/2020\/03\/adra-mexique-distribue-des-milliers-de-desinfectants-pour-les-mains-a-mexico-et-a-monterrey\/#respond"]}]},{"@type":"WebPage","@id":"https:\/\/interamerica.org\/fr\/2020\/03\/adra-mexique-distribue-des-milliers-de-desinfectants-pour-les-mains-a-mexico-et-a-monterrey\/","url":"https:\/\/interamerica.org\/fr\/2020\/03\/adra-mexique-distribue-des-milliers-de-desinfectants-pour-les-mains-a-mexico-et-a-monterrey\/","name":"ADRA Mexique distribue des milliers de d\u00e9sinfectants pour les mains \u00e0 Mexico et \u00e0 Monterrey - \u00c9glise Adventiste Du Septieme Jour - Inter Am\u00e9rique Division","isPartOf":{"@id":"https:\/\/interamerica.org\/fr\/#website"},"primaryImageOfPage":{"@id":"https:\/\/interamerica.org\/fr\/2020\/03\/adra-mexique-distribue-des-milliers-de-desinfectants-pour-les-mains-a-mexico-et-a-monterrey\/#primaryimage"},"image":{"@id":"https:\/\/interamerica.org\/fr\/2020\/03\/adra-mexique-distribue-des-milliers-de-desinfectants-pour-les-mains-a-mexico-et-a-monterrey\/#primaryimage"},"thumbnailUrl":"https:\/\/interamerica.org\/wp-content\/uploads\/2020\/03\/adra-mexico-coronavirus-flyer-street.jpg","datePublished":"2020-03-27T10:27:31+00:00","dateModified":"2020-04-03T13:37:35+00:00","author":{"@id":"https:\/\/interamerica.org\/fr\/#\/schema\/person\/29998f2bc2d8bd0d38662909289b54f1"},"breadcrumb":{"@id":"https:\/\/interamerica.org\/fr\/2020\/03\/adra-mexique-distribue-des-milliers-de-desinfectants-pour-les-mains-a-mexico-et-a-monterrey\/#breadcrumb"},"inLanguage":"fr-FR","potentialAction":[{"@type":"ReadAction","target":["https:\/\/interamerica.org\/fr\/2020\/03\/adra-mexique-distribue-des-milliers-de-desinfectants-pour-les-mains-a-mexico-et-a-monterrey\/"]}]},{"@type":"ImageObject","inLanguage":"fr-FR","@id":"https:\/\/interamerica.org\/fr\/2020\/03\/adra-mexique-distribue-des-milliers-de-desinfectants-pour-les-mains-a-mexico-et-a-monterrey\/#primaryimage","url":"https:\/\/interamerica.org\/wp-content\/uploads\/2020\/03\/adra-mexico-coronavirus-flyer-street.jpg","contentUrl":"https:\/\/interamerica.org\/wp-content\/uploads\/2020\/03\/adra-mexico-coronavirus-flyer-street.jpg","width":1000,"height":667,"caption":"[Photo: ADRA Mexique]"},{"@type":"BreadcrumbList","@id":"https:\/\/interamerica.org\/fr\/2020\/03\/adra-mexique-distribue-des-milliers-de-desinfectants-pour-les-mains-a-mexico-et-a-monterrey\/#breadcrumb","itemListElement":[{"@type":"ListItem","position":1,"name":"Home","item":"https:\/\/interamerica.org\/fr\/"},{"@type":"ListItem","position":2,"name":"ADRA Mexique distribue des milliers de d\u00e9sinfectants pour les mains \u00e0 Mexico et \u00e0 Monterrey"}]},{"@type":"WebSite","@id":"https:\/\/interamerica.org\/fr\/#website","url":"https:\/\/interamerica.org\/fr\/","name":"\u00c9glise Adventiste Du Septieme Jour - Inter Am\u00e9rique Division","description":"","potentialAction":[{"@type":"SearchAction","target":{"@type":"EntryPoint","urlTemplate":"https:\/\/interamerica.org\/fr\/?s={search_term_string}"},"query-input":{"@type":"PropertyValueSpecification","valueRequired":true,"valueName":"search_term_string"}}],"inLanguage":"fr-FR"},{"@type":"Person","@id":"https:\/\/interamerica.org\/fr\/#\/schema\/person\/29998f2bc2d8bd0d38662909289b54f1","name":"libna","image":{"@type":"ImageObject","inLanguage":"fr-FR","@id":"https:\/\/secure.gravatar.com\/avatar\/7c5bd30ae4b47a9ba3c856590957fd1d96dc588bf3ac05719d247e126840331f?s=96&d=mm&r=g","url":"https:\/\/secure.gravatar.com\/avatar\/7c5bd30ae4b47a9ba3c856590957fd1d96dc588bf3ac05719d247e126840331f?s=96&d=mm&r=g","contentUrl":"https:\/\/secure.gravatar.com\/avatar\/7c5bd30ae4b47a9ba3c856590957fd1d96dc588bf3ac05719d247e126840331f?s=96&d=mm&r=g","caption":"libna"}}]}},"_links":{"self":[{"href":"https:\/\/interamerica.org\/fr\/wp-json\/wp\/v2\/posts\/56807","targetHints":{"allow":["GET"]}}],"collection":[{"href":"https:\/\/interamerica.org\/fr\/wp-json\/wp\/v2\/posts"}],"about":[{"href":"https:\/\/interamerica.org\/fr\/wp-json\/wp\/v2\/types\/post"}],"author":[{"embeddable":true,"href":"https:\/\/interamerica.org\/fr\/wp-json\/wp\/v2\/users\/3"}],"replies":[{"embeddable":true,"href":"https:\/\/interamerica.org\/fr\/wp-json\/wp\/v2\/comments?post=56807"}],"version-history":[{"count":0,"href":"https:\/\/interamerica.org\/fr\/wp-json\/wp\/v2\/posts\/56807\/revisions"}],"wp:featuredmedia":[{"embeddable":true,"href":"https:\/\/interamerica.org\/fr\/wp-json\/wp\/v2\/media\/56766"}],"wp:attachment":[{"href":"https:\/\/interamerica.org\/fr\/wp-json\/wp\/v2\/media?parent=56807"}],"wp:term":[{"taxonomy":"category","embeddable":true,"href":"https:\/\/interamerica.org\/fr\/wp-json\/wp\/v2\/categories?post=56807"},{"taxonomy":"post_tag","embeddable":true,"href":"https:\/\/interamerica.org\/fr\/wp-json\/wp\/v2\/tags?post=56807"}],"curies":[{"name":"wp","href":"https:\/\/api.w.org\/{rel}","templated":true}]}}