{"id":56951,"date":"2020-04-01T10:53:19","date_gmt":"2020-04-01T14:53:19","guid":{"rendered":"https:\/\/recursing-golick.147-182-135-0.plesk.page\/?p=56951"},"modified":"2020-04-02T16:31:50","modified_gmt":"2020-04-02T20:31:50","slug":"la-mise-en-quarantaine-est-elle-vraiment-necessaire","status":"publish","type":"post","link":"https:\/\/interamerica.org\/fr\/2020\/04\/la-mise-en-quarantaine-est-elle-vraiment-necessaire\/","title":{"rendered":"La mise en quarantaine est-elle vraiment n\u00e9cessaire ?"},"content":{"rendered":"<p><span class=\"byline-news\">30 Mars 2020 | Columbia, Maryland, \u00c9tats-Unis | Par : Angeline David Brauer, Minist\u00e8res de la Sant\u00e9, Division Nord-Am\u00e9ricaine\u00a0<\/span><\/p>\n<p><span class=\"cap\">S<\/span>elon\u00a0<a href=\"https:\/\/experience.arcgis.com\/experience\/685d0ace521648f8a5beeeee1b9125cd\" target=\"_blank\" rel=\"noopener noreferrer\">l\u2019Organisation Mondiale de la Sant\u00e9<\/a>, le 29 mars 2020, les \u00c9tats-Unis comptaient 103321 cas confirm\u00e9s de virus COVID-19, le Canada en comptait 4777, les Bermudes 17 et Guam 56. Ces chiffres changent quotidiennement. Je ne peux qu\u2019imaginer le d\u00e9sarroi dans la vie de ceux qui ont \u00e9t\u00e9 touch\u00e9s directement parce qu\u2019eux-m\u00eames, ou un membre de leur famille, sont malades. Et c\u2019est pr\u00e9occupant de savoir que nous courons tous ce m\u00eame risque.<\/p>\n<p>J\u2019ai bien compris cela, lorsque je me suis retrouv\u00e9 en auto-confinement \u00e0 mon retour d\u2019une conf\u00e9rence (avant les restrictions de voyage actuelles). Je me suis impos\u00e9 ces restrictions apr\u00e8s avoir appris qu\u2019un autre participant au m\u00eame programme \u00e9tait en train de subir un test pour le COVID-19 (maintenant techniquement appel\u00e9 <a href=\"https:\/\/www.cdc.gov\/coronavirus\/2019-ncov\/cases-updates\/summary.html\" target=\"_blank\" rel=\"noopener noreferrer\">SARS-CoV-2<\/a>). Je n\u2019avais aucun sympt\u00f4me de COVID-19 et, Dieu merci, le r\u00e9sultat du test pour l\u2019autre personne s\u2019est av\u00e9r\u00e9 n\u00e9gatif. Mais c\u2019est une p\u00e9riode difficile pour beaucoup.<\/p>\n<p>Comment \u00e9tait-ce d\u2019\u00eatre en quarantaine ? Et en regardant en arri\u00e8re, puis-je dire que c\u2019\u00e9tait n\u00e9cessaire ? Et la distanciation sociale ? Pourquoi est-ce si important ?<\/p>\n<p>Ce sont des questions importantes \u00e0 poser, d\u2019autant plus que\u00a0<a href=\"https:\/\/www.npr.org\/2020\/03\/17\/816501871\/poll-as-coronavirus-spreads-fewer-americans-see-pandemic-as-a-real-threat\" target=\"_blank\" rel=\"noopener noreferrer\">moins d&rsquo;adultes<\/a> vivant aux \u00c9tats-Unis sont pr\u00e9occup\u00e9s par la maladie du COVID-19 qu\u2019il y a quelques semaines. Et m\u00eame avec les fermetures et restrictions strictement impos\u00e9es par le gouvernement, \u00a0<a href=\"https:\/\/www.washingtonpost.com\/nation\/2020\/03\/19\/coronavirus-spring-break-party\/\" target=\"_blank\" rel=\"noopener noreferrer\">des foules importantes continuent parfois de se rassembler<\/a>.<\/p>\n<p><strong>Le nouveau Coronavirus<\/strong><\/p>\n<p>Voyons ce que nous savons actuellement sur le nouveau coronavirus afin de comprendre pourquoi il est si pr\u00e9occupant. Tout d&rsquo;abord, il est qualifi\u00e9 de \u00ab nouveau \u00bb car il n\u2019a \u00e9t\u00e9 d\u00e9couvert que r\u00e9cemment. Avant d\u00e9cembre 2019, nous ne savions pas que ce virus existait.<\/p>\n<p>Nous avons eu une certaine exp\u00e9rience avec certains de ses proches. Le virus du SRAS-CoV, qui a provoqu\u00e9 l\u2019arriv\u00e9e du Syndrome Respiratoire Aigu S\u00e9v\u00e8re (SRAS) en 2002-2003, provient de la m\u00eame famille de virus. Cette famille comprend \u00e9galement le MERS-CoV, qui a conduit \u00e0 une \u00e9pid\u00e9mie du Syndrome Respiratoire du Moyen-Orient (MERS) en 2012. Ces deux virus ont caus\u00e9 de nombreux d\u00e9c\u00e8s, mais pas dans la m\u00eame ampleur mondiale que l\u2019actuel SARS-CoV-2 (COVID19).<\/p>\n<p>Le SRAS-CoV-2 est un virus \u00e0 ARN qui a la capacit\u00e9 de se reproduire, ou de se multiplier, \u00e0 l\u2019int\u00e9rieur du corps humain. Le virus d\u00e9tournera en fait l\u2019activit\u00e9 qui a lieu dans les cellules de notre corps afin que davantage de virus soient produits par ces cellules. Nous pouvons alors devenir porteurs du virus avec le potentiel d\u2019infecter d\u2019autres personnes.<\/p>\n<p><strong>Lorsque partager ne signifie pas faire preuve d\u2019attention <\/strong><\/p>\n<p>Les experts estiment que le \u00a0<a href=\"https:\/\/www.cdc.gov\/coronavirus\/2019-ncov\/prepare\/transmission.html?CDC_AA_refVal=https%253A%252F%252Fwww.cdc.gov%252Fcoronavirus%252F2019-ncov%252Fabout%252Ftransmission.html\" target=\"_blank\" rel=\"noopener noreferrer\">virus du SRAS-CoV-2 se transmet <\/a> d\u2019une personne \u00e0 une autre principalement par des gouttelettes issues des \u00e9ternuements ou de la toux. Il est \u00e9galement possible d\u2019\u00eatre infect\u00e9 \u00e0 partir de surfaces et d\u2019objets contamin\u00e9s tels que des poign\u00e9es de porte, des dessus de table, etc. Le virus se propage le plus souvent lorsque la personne infect\u00e9e pr\u00e9sente des sympt\u00f4mes (fi\u00e8vre, toux, essoufflement), c\u2019est pourquoi les personnes pr\u00e9sentant m\u00eame des sympt\u00f4mes l\u00e9gers sont pri\u00e9es de se mettre en quarantaine. Plus les sympt\u00f4mes sont graves, plus vous avez de chances de propager le virus.<\/p>\n<p>Cela place les professionnels de sant\u00e9 particuli\u00e8rement en situation de risque car ils sont physiquement en contact avec les personnes les plus gravement malades et ceux qui sont dans un \u00e9tat critique. Les h\u00f4pitaux peuvent \u00eatre submerg\u00e9s si un grand nombre de personnes ont besoin de soins intensifs, et aussi s\u2019ils perdent des travailleurs qui contractent la maladie alors qu\u2019ils prennent soin de leurs patients.<\/p>\n<p>Nous savons \u00e9galement que certaines personnes sont plus susceptibles de souffrir d\u2019une forme grave de la maladie du COVID-19 qui requiert une hospitalisation et des soins intensifs. Selon les Centres de Pr\u00e9vention et de Contr\u00f4le des Maladies (CDC) des \u00c9tats-Unis, nous sommes particuli\u00e8rement pr\u00e9occup\u00e9s par la situation des \u00ab <a href=\"https:\/\/www.cdc.gov\/coronavirus\/2019-ncov\/specific-groups\/people-at-higher-risk.html\" target=\"_blank\" rel=\"noopener noreferrer\">personnes \u00e2g\u00e9es et des personnes de tout \u00e2ge qui souffrent de graves probl\u00e8mes de sant\u00e9 sous-jacents.<\/a>.\u00bb Ces situations m\u00e9dicales comprennent les maladies pulmonaires chroniques telles que l\u2019asthme, les <a href=\"https:\/\/www.heart.org\/en\/news\/2020\/02\/27\/what-heart-patients-should-know-about-coronavirus\" target=\"_blank\" rel=\"noopener noreferrer\">maladies cardiaques <\/a> graves,\u00a0<a href=\"https:\/\/www.cancer.org\/treatment\/treatments-and-side-effects\/physical-side-effects\/low-blood-counts\/infections.html\" target=\"_blank\" rel=\"noopener noreferrer\">le cancer<\/a>, l\u2019ob\u00e9sit\u00e9 s\u00e9v\u00e8re, le diab\u00e8te, les maladies r\u00e9nales et les maladies du foie. Notez que m\u00eame les jeunes adultes peuvent tomber gravement malades. En fait,\u00a0<a href=\"https:\/\/www.cdc.gov\/mmwr\/volumes\/69\/wr\/mm6912e2.htm\" target=\"_blank\" rel=\"noopener noreferrer\">20 pourcents des patients<\/a> des patients n\u00e9cessitant une hospitalisation sont \u00e2g\u00e9s de 20 \u00e0 44 ans.<\/p>\n<p>Avec plus de 20000 d\u00e9c\u00e8s \u00e0 ce jour, ce n\u2019est pas une maladie qu\u2019il faut ignorer ou prendre \u00e0 la l\u00e9g\u00e8re.<\/p>\n<p><strong>L&rsquo;Inconnu<\/strong><\/p>\n<p>Le virus SARS-CoV-2 a \u00e9t\u00e9 d\u00e9couvert vers la fin de l\u2019ann\u00e9e 2019, mais il s\u2019est propag\u00e9 comme une tra\u00een\u00e9e de poudre dans le monde entier. Beaucoup sont dans une course contre la montre pour mettre au point des m\u00e9dicaments pour aider les malades ou des vaccins pour prot\u00e9ger les autres contre les maladies. Bien que certains soient peut-\u00eatre utiles, aucun n\u2019a encore pass\u00e9 avec succ\u00e8s les tests rigoureux qui pr\u00e9c\u00e8dent l\u2019autorisation de mise sur le march\u00e9 par la Food and Drug Administration (l\u2019agence de contr\u00f4le de la nourriture et des m\u00e9dicaments) des \u00c9tats-Unis.<\/p>\n<p>Dans ce contexte actuel, les seuls moyens connus pour ralentir ou pr\u00e9venir la propagation de la maladie sont de pratiquer une bonne hygi\u00e8ne (se laver r\u00e9guli\u00e8rement les mains avec du savon ou un d\u00e9sinfectant, tousser ou \u00e9ternuer dans son coude, nettoyer et d\u00e9sinfecter les surfaces), d\u2019\u00e9viter tout contact \u00e9troit avec ceux qui sont malades, et de maintenir une distance sociale ad\u00e9quate lorsque le virus est pr\u00e9sent dans la communaut\u00e9. Cette derni\u00e8re m\u00e9thode semble avoir \u00e9t\u00e9 utile lors de la pand\u00e9mie de grippe de 1918. Bien que certains aient affirm\u00e9 que certains produits renforcent le syst\u00e8me immunitaire et emp\u00eachent ainsi le COVID-19, il n\u2019y a pas suffisamment de preuves scientifiques disponibles pour s\u2019assurer qu\u2019ils puissent \u00eatre utilis\u00e9s ou pour d\u00e9montrer leur innocuit\u00e9. Et franchement, il y a encore beaucoup de choses que nous ne comprenons pas \u00e0 propos du virus lui-m\u00eame.<\/p>\n<p>Nous ne conna\u00eetrons pas l\u2019issue de sit\u00f4t vu que le nombre de cas de COVID-19 continue de se multiplier. Certains sont malades et luttent pour se remettre de cette maladie. Certains ont perdu des membres de leur famille. Beaucoup ont perdu leur emploi ou le perdront bient\u00f4t. Il y a beaucoup d\u2019incertitude.<\/p>\n<p><strong>A l&rsquo;Abri sur Place<\/strong><\/p>\n<p>Les jours o\u00f9 je m\u2019\u00e9tais plac\u00e9 en auto-quarantaine, pendant que nous attendions de savoir si le test concernant l\u2019autre personne \u00e9tait positif ou n\u00e9gatif, ont \u00e9t\u00e9 tr\u00e8s \u00e9prouvants. Mon esprit a fait des allers-retours entre la pr\u00e9occupation pour ma propre sant\u00e9 et la peur pour ceux que je pourrais mettre en danger si j\u2019ignorais cette pr\u00e9caution. Et en examinant toutes les donn\u00e9es et les exp\u00e9riences dans d\u2019autres pays qui ont tr\u00e8s peu pratiqu\u00e9 la distanciation sociale ou qui l\u2019ont commenc\u00e9e trop tard, j\u2019ai eu le sentiment qu\u2019il \u00e9tait simplement juste que je fasse ma part pour prot\u00e9ger mes amis, mes voisins, mes coll\u00e8gues, les membres d\u2019\u00e9glise et la famille. M\u00eame si le risque pour moi d\u2019avoir \u00e9t\u00e9 infect\u00e9 \u00e9tait faible, je suis rest\u00e9 \u00e0 l\u2019\u00e9cart des autres.<\/p>\n<p>Ma situation est certes meilleure que ce que beaucoup d\u2019autres peuvent avoir \u00e0 affronter. J\u2019ai eu l\u2019occasion de partager un espace de bureau \u00e0 domicile avec mon mari, car nos deux employeurs ont institu\u00e9 une politique de travail \u00e0 domicile temporaire. Nous avons m\u00eame pu profiter de promenades l\u2019apr\u00e8s-midi les jours o\u00f9 il faisait beau. Mais certaines de mes exp\u00e9riences les plus significatives ont \u00e9t\u00e9 de tirer des le\u00e7ons spirituelles de cette situation.<\/p>\n<p>Dans <a class=\"rtBibleRef\" href=\"https:\/\/biblia.com\/bible\/nkjv\/Acts%202.42-47\" target=\"_blank\" rel=\"noopener noreferrer\" data-reference=\"Acts 2.42-47\" data-version=\"nkjv\" data-purpose=\"bible-reference\">Actes 2:42-47<\/a>, nous avons un aper\u00e7u d\u2019une communaut\u00e9 eccl\u00e9siale qui partageait tout &#8211; de la nourriture et des ressources aux pri\u00e8res en passant par l\u2019\u00e9tude de la Bible. Et j\u2019ai d\u00fb me demander, comment cela peut-il \u00eatre fait dans le contexte actuel ? Les croyants se retrouvaient quotidiennement pour vivre la fraternit\u00e9. Il ne fait aucun doute que la distanciation sociale ne faisait pas partie de la formule \u00e0 l\u2019\u00e9poque. J\u2019ai r\u00e9alis\u00e9 que cette image de paix et d\u2019harmonie est venue apr\u00e8s que le Saint-Esprit ait \u00e9t\u00e9 d\u00e9vers\u00e9 sur la jeune \u00e9glise. Et cela a \u00e9t\u00e9 pr\u00e9c\u00e9d\u00e9 de jours de pri\u00e8re et de confession sinc\u00e8res.<\/p>\n<p>Bien que notre situation actuelle soit diff\u00e9rente et que nous ne soyons pas en mesure de nous r\u00e9unir dans un m\u00eame lieu physique, nous disposons de la technologie qui nous permet de nous connecter depuis n\u2019importe quel endroit du monde. Assur\u00e9ment le Saint-Esprit a le pouvoir de nous rassembler m\u00eame dans une p\u00e9riode comme celle-ci !<\/p>\n<p>Ellen G. White a \u00e9crit : \u00ab Le Saint-Esprit repose sur les serviteurs de Dieu consacr\u00e9s \u00e0 son service, o\u00f9 qu\u2019ils soient \u00bb (<em>Conqu\u00e9rants Pacifiques<\/em>, p. 46).<\/p>\n<p>Tout cela me fait me demander : qu\u2019est-ce que Dieu voudrait me voir tirer comme enseignement de cette situation ? D\u2019une part, j\u2019ai le temps d\u2019approfondir ma relation avec mon mari au cours de notre premi\u00e8re ann\u00e9e de mariage au lieu de passer une grande partie de celle-ci \u00e0 voyager. Et peut-\u00eatre que maintenant, j\u2019ai une opportunit\u00e9 de prier davantage, d\u2019\u00e9tudier davantage, de vivre la fraternit\u00e9 davantage (en utilisant la technologie) et de me pr\u00e9parer \u00e0 de nouvelles fa\u00e7ons d\u2019exercer un minist\u00e8re. C\u2019est peut-\u00eatre le moment d\u2019investir dans les 100 Jours de Pri\u00e8re qui ont d\u00e9but\u00e9 le 27 mars.<\/p>\n<p>Certes, il peut \u00eatre facile de mal interpr\u00e9ter les choses spirituelles en p\u00e9riode de crise sanitaire. Mais je suis encore plus certaine que Dieu est en train de tirer quelque chose de bien d\u2019une situation horrible. Jusqu\u2019\u00e0 ce qu\u2019il r\u00e9v\u00e8le le plan, je trouve du r\u00e9confort et du sens dans les paroles du Psalmiste : \u00ab Aie piti\u00e9 de moi, \u00f4 Dieu, aie piti\u00e9 de moi ! Car en toi mon \u00e2me cherche un refuge; Je cherche un refuge \u00e0 l&rsquo;ombre de tes ailes, Jusqu&rsquo;\u00e0 ce que les calamit\u00e9s soient pass\u00e9es\u2026. Je te louerai parmi les peuples, Seigneur! Je te chanterai parmi les nations. \u00bb (<a class=\"rtBibleRef\" href=\"https:\/\/biblia.com\/bible\/nkjv\/Ps.%2057.1\" target=\"_blank\" rel=\"noopener noreferrer\" data-reference=\"Ps. 57.1\" data-version=\"nkjv\" data-purpose=\"bible-reference\">Ps. 57:1<\/a>, <a class=\"rtBibleRef\" href=\"https:\/\/biblia.com\/bible\/nkjv\/Ps%2057.9\" target=\"_blank\" rel=\"noopener noreferrer\" data-reference=\"Ps 57.9\" data-version=\"nkjv\" data-purpose=\"bible-reference\">9<\/a>, LSG).<\/p>\n<p><em>La<\/em><a href=\"https:\/\/www.nadadventist.org\/news\/quarantining-really-necessary\" target=\"_blank\" rel=\"noopener noreferrer\"><em>version originale<\/em><\/a><em> de ce commentaire a \u00e9t\u00e9 publi\u00e9e sur le <\/em><a href=\"https:\/\/www.nadadventist.org\/news\" target=\"_blank\" rel=\"noopener noreferrer\"><em>site d&rsquo;informations<\/em><\/a><em> de la Division Nord Am\u00e9ricaine.<\/em><\/p>\n<p>Traduction: Patrick Luciathe<\/p>\n","protected":false},"excerpt":{"rendered":"<p>30 Mars 2020 | Columbia, Maryland, \u00c9tats-Unis | Par : Angeline David Brauer, Minist\u00e8res de la Sant\u00e9, Division Nord-Am\u00e9ricaine\u00a0 Selon\u00a0l\u2019Organisation Mondiale de la Sant\u00e9, le 29 mars 2020, les \u00c9tats-Unis&#8230;<\/p>\n","protected":false},"author":3,"featured_media":56897,"comment_status":"open","ping_status":"closed","sticky":false,"template":"","format":"standard","meta":{"_acf_changed":false,"footnotes":""},"categories":[18,19],"tags":[],"class_list":["post-56951","post","type-post","status-publish","format-standard","has-post-thumbnail","hentry","category-nouvelles-de-leglise-mondiale","category-rss-francais"],"acf":[],"yoast_head":"<!-- This site is optimized with the Yoast SEO plugin v27.3 - https:\/\/yoast.com\/product\/yoast-seo-wordpress\/ -->\n<title>La mise en quarantaine est-elle vraiment n\u00e9cessaire ? - \u00c9glise Adventiste Du Septieme Jour - Inter Am\u00e9rique Division<\/title>\n<meta name=\"robots\" content=\"index, follow, max-snippet:-1, max-image-preview:large, max-video-preview:-1\" \/>\n<link rel=\"canonical\" href=\"https:\/\/interamerica.org\/fr\/2020\/04\/la-mise-en-quarantaine-est-elle-vraiment-necessaire\/\" \/>\n<meta property=\"og:locale\" content=\"fr_FR\" \/>\n<meta property=\"og:type\" content=\"article\" \/>\n<meta property=\"og:title\" content=\"La mise en quarantaine est-elle vraiment n\u00e9cessaire ? - \u00c9glise Adventiste Du Septieme Jour - Inter Am\u00e9rique Division\" \/>\n<meta property=\"og:description\" content=\"30 Mars 2020 | Columbia, Maryland, \u00c9tats-Unis | Par : Angeline David Brauer, Minist\u00e8res de la Sant\u00e9, Division Nord-Am\u00e9ricaine\u00a0 Selon\u00a0l\u2019Organisation Mondiale de la Sant\u00e9, le 29 mars 2020, les \u00c9tats-Unis...\" \/>\n<meta property=\"og:url\" content=\"https:\/\/interamerica.org\/fr\/2020\/04\/la-mise-en-quarantaine-est-elle-vraiment-necessaire\/\" \/>\n<meta property=\"og:site_name\" content=\"\u00c9glise Adventiste Du Septieme Jour - Inter Am\u00e9rique Division\" \/>\n<meta property=\"article:published_time\" content=\"2020-04-01T14:53:19+00:00\" \/>\n<meta property=\"article:modified_time\" content=\"2020-04-02T20:31:50+00:00\" \/>\n<meta property=\"og:image\" content=\"https:\/\/interamerica.org\/wp-content\/uploads\/2020\/04\/quarantine-kids-kelly-sikkema-ndw-wcfk1fo-unsplash.jpg\" \/>\n\t<meta property=\"og:image:width\" content=\"1280\" \/>\n\t<meta property=\"og:image:height\" content=\"800\" \/>\n\t<meta property=\"og:image:type\" content=\"image\/jpeg\" \/>\n<meta name=\"author\" content=\"libna\" \/>\n<meta name=\"twitter:card\" content=\"summary_large_image\" \/>\n<meta name=\"twitter:label1\" content=\"\u00c9crit par\" \/>\n\t<meta name=\"twitter:data1\" content=\"libna\" \/>\n\t<meta name=\"twitter:label2\" content=\"Dur\u00e9e de lecture estim\u00e9e\" \/>\n\t<meta name=\"twitter:data2\" content=\"9 minutes\" \/>\n<script type=\"application\/ld+json\" class=\"yoast-schema-graph\">{\"@context\":\"https:\\\/\\\/schema.org\",\"@graph\":[{\"@type\":\"Article\",\"@id\":\"https:\\\/\\\/interamerica.org\\\/fr\\\/2020\\\/04\\\/la-mise-en-quarantaine-est-elle-vraiment-necessaire\\\/#article\",\"isPartOf\":{\"@id\":\"https:\\\/\\\/interamerica.org\\\/fr\\\/2020\\\/04\\\/la-mise-en-quarantaine-est-elle-vraiment-necessaire\\\/\"},\"author\":{\"name\":\"libna\",\"@id\":\"https:\\\/\\\/interamerica.org\\\/fr\\\/#\\\/schema\\\/person\\\/29998f2bc2d8bd0d38662909289b54f1\"},\"headline\":\"La mise en quarantaine est-elle vraiment n\u00e9cessaire ?\",\"datePublished\":\"2020-04-01T14:53:19+00:00\",\"dateModified\":\"2020-04-02T20:31:50+00:00\",\"mainEntityOfPage\":{\"@id\":\"https:\\\/\\\/interamerica.org\\\/fr\\\/2020\\\/04\\\/la-mise-en-quarantaine-est-elle-vraiment-necessaire\\\/\"},\"wordCount\":1828,\"commentCount\":0,\"image\":{\"@id\":\"https:\\\/\\\/interamerica.org\\\/fr\\\/2020\\\/04\\\/la-mise-en-quarantaine-est-elle-vraiment-necessaire\\\/#primaryimage\"},\"thumbnailUrl\":\"https:\\\/\\\/interamerica.org\\\/wp-content\\\/uploads\\\/2020\\\/04\\\/quarantine-kids-kelly-sikkema-ndw-wcfk1fo-unsplash.jpg\",\"articleSection\":[\"Nouvelles de l'\u00c9glise mondiale\",\"RSS Fran\u00e7ais\"],\"inLanguage\":\"fr-FR\",\"potentialAction\":[{\"@type\":\"CommentAction\",\"name\":\"Comment\",\"target\":[\"https:\\\/\\\/interamerica.org\\\/fr\\\/2020\\\/04\\\/la-mise-en-quarantaine-est-elle-vraiment-necessaire\\\/#respond\"]}]},{\"@type\":\"WebPage\",\"@id\":\"https:\\\/\\\/interamerica.org\\\/fr\\\/2020\\\/04\\\/la-mise-en-quarantaine-est-elle-vraiment-necessaire\\\/\",\"url\":\"https:\\\/\\\/interamerica.org\\\/fr\\\/2020\\\/04\\\/la-mise-en-quarantaine-est-elle-vraiment-necessaire\\\/\",\"name\":\"La mise en quarantaine est-elle vraiment n\u00e9cessaire ? - \u00c9glise Adventiste Du Septieme Jour - Inter Am\u00e9rique Division\",\"isPartOf\":{\"@id\":\"https:\\\/\\\/interamerica.org\\\/fr\\\/#website\"},\"primaryImageOfPage\":{\"@id\":\"https:\\\/\\\/interamerica.org\\\/fr\\\/2020\\\/04\\\/la-mise-en-quarantaine-est-elle-vraiment-necessaire\\\/#primaryimage\"},\"image\":{\"@id\":\"https:\\\/\\\/interamerica.org\\\/fr\\\/2020\\\/04\\\/la-mise-en-quarantaine-est-elle-vraiment-necessaire\\\/#primaryimage\"},\"thumbnailUrl\":\"https:\\\/\\\/interamerica.org\\\/wp-content\\\/uploads\\\/2020\\\/04\\\/quarantine-kids-kelly-sikkema-ndw-wcfk1fo-unsplash.jpg\",\"datePublished\":\"2020-04-01T14:53:19+00:00\",\"dateModified\":\"2020-04-02T20:31:50+00:00\",\"author\":{\"@id\":\"https:\\\/\\\/interamerica.org\\\/fr\\\/#\\\/schema\\\/person\\\/29998f2bc2d8bd0d38662909289b54f1\"},\"breadcrumb\":{\"@id\":\"https:\\\/\\\/interamerica.org\\\/fr\\\/2020\\\/04\\\/la-mise-en-quarantaine-est-elle-vraiment-necessaire\\\/#breadcrumb\"},\"inLanguage\":\"fr-FR\",\"potentialAction\":[{\"@type\":\"ReadAction\",\"target\":[\"https:\\\/\\\/interamerica.org\\\/fr\\\/2020\\\/04\\\/la-mise-en-quarantaine-est-elle-vraiment-necessaire\\\/\"]}]},{\"@type\":\"ImageObject\",\"inLanguage\":\"fr-FR\",\"@id\":\"https:\\\/\\\/interamerica.org\\\/fr\\\/2020\\\/04\\\/la-mise-en-quarantaine-est-elle-vraiment-necessaire\\\/#primaryimage\",\"url\":\"https:\\\/\\\/interamerica.org\\\/wp-content\\\/uploads\\\/2020\\\/04\\\/quarantine-kids-kelly-sikkema-ndw-wcfk1fo-unsplash.jpg\",\"contentUrl\":\"https:\\\/\\\/interamerica.org\\\/wp-content\\\/uploads\\\/2020\\\/04\\\/quarantine-kids-kelly-sikkema-ndw-wcfk1fo-unsplash.jpg\",\"width\":1280,\"height\":800,\"caption\":\"[Photo: Kellly Sikkema\\\/unsplash]\"},{\"@type\":\"BreadcrumbList\",\"@id\":\"https:\\\/\\\/interamerica.org\\\/fr\\\/2020\\\/04\\\/la-mise-en-quarantaine-est-elle-vraiment-necessaire\\\/#breadcrumb\",\"itemListElement\":[{\"@type\":\"ListItem\",\"position\":1,\"name\":\"Home\",\"item\":\"https:\\\/\\\/interamerica.org\\\/fr\\\/\"},{\"@type\":\"ListItem\",\"position\":2,\"name\":\"La mise en quarantaine est-elle vraiment n\u00e9cessaire ?\"}]},{\"@type\":\"WebSite\",\"@id\":\"https:\\\/\\\/interamerica.org\\\/fr\\\/#website\",\"url\":\"https:\\\/\\\/interamerica.org\\\/fr\\\/\",\"name\":\"\u00c9glise Adventiste Du Septieme Jour - Inter Am\u00e9rique Division\",\"description\":\"\",\"potentialAction\":[{\"@type\":\"SearchAction\",\"target\":{\"@type\":\"EntryPoint\",\"urlTemplate\":\"https:\\\/\\\/interamerica.org\\\/fr\\\/?s={search_term_string}\"},\"query-input\":{\"@type\":\"PropertyValueSpecification\",\"valueRequired\":true,\"valueName\":\"search_term_string\"}}],\"inLanguage\":\"fr-FR\"},{\"@type\":\"Person\",\"@id\":\"https:\\\/\\\/interamerica.org\\\/fr\\\/#\\\/schema\\\/person\\\/29998f2bc2d8bd0d38662909289b54f1\",\"name\":\"libna\",\"image\":{\"@type\":\"ImageObject\",\"inLanguage\":\"fr-FR\",\"@id\":\"https:\\\/\\\/secure.gravatar.com\\\/avatar\\\/7c5bd30ae4b47a9ba3c856590957fd1d96dc588bf3ac05719d247e126840331f?s=96&d=mm&r=g\",\"url\":\"https:\\\/\\\/secure.gravatar.com\\\/avatar\\\/7c5bd30ae4b47a9ba3c856590957fd1d96dc588bf3ac05719d247e126840331f?s=96&d=mm&r=g\",\"contentUrl\":\"https:\\\/\\\/secure.gravatar.com\\\/avatar\\\/7c5bd30ae4b47a9ba3c856590957fd1d96dc588bf3ac05719d247e126840331f?s=96&d=mm&r=g\",\"caption\":\"libna\"}}]}<\/script>\n<!-- \/ Yoast SEO plugin. -->","yoast_head_json":{"title":"La mise en quarantaine est-elle vraiment n\u00e9cessaire ? - \u00c9glise Adventiste Du Septieme Jour - Inter Am\u00e9rique Division","robots":{"index":"index","follow":"follow","max-snippet":"max-snippet:-1","max-image-preview":"max-image-preview:large","max-video-preview":"max-video-preview:-1"},"canonical":"https:\/\/interamerica.org\/fr\/2020\/04\/la-mise-en-quarantaine-est-elle-vraiment-necessaire\/","og_locale":"fr_FR","og_type":"article","og_title":"La mise en quarantaine est-elle vraiment n\u00e9cessaire ? - \u00c9glise Adventiste Du Septieme Jour - Inter Am\u00e9rique Division","og_description":"30 Mars 2020 | Columbia, Maryland, \u00c9tats-Unis | Par : Angeline David Brauer, Minist\u00e8res de la Sant\u00e9, Division Nord-Am\u00e9ricaine\u00a0 Selon\u00a0l\u2019Organisation Mondiale de la Sant\u00e9, le 29 mars 2020, les \u00c9tats-Unis...","og_url":"https:\/\/interamerica.org\/fr\/2020\/04\/la-mise-en-quarantaine-est-elle-vraiment-necessaire\/","og_site_name":"\u00c9glise Adventiste Du Septieme Jour - Inter Am\u00e9rique Division","article_published_time":"2020-04-01T14:53:19+00:00","article_modified_time":"2020-04-02T20:31:50+00:00","og_image":[{"width":1280,"height":800,"url":"https:\/\/interamerica.org\/wp-content\/uploads\/2020\/04\/quarantine-kids-kelly-sikkema-ndw-wcfk1fo-unsplash.jpg","type":"image\/jpeg"}],"author":"libna","twitter_card":"summary_large_image","twitter_misc":{"\u00c9crit par":"libna","Dur\u00e9e de lecture estim\u00e9e":"9 minutes"},"schema":{"@context":"https:\/\/schema.org","@graph":[{"@type":"Article","@id":"https:\/\/interamerica.org\/fr\/2020\/04\/la-mise-en-quarantaine-est-elle-vraiment-necessaire\/#article","isPartOf":{"@id":"https:\/\/interamerica.org\/fr\/2020\/04\/la-mise-en-quarantaine-est-elle-vraiment-necessaire\/"},"author":{"name":"libna","@id":"https:\/\/interamerica.org\/fr\/#\/schema\/person\/29998f2bc2d8bd0d38662909289b54f1"},"headline":"La mise en quarantaine est-elle vraiment n\u00e9cessaire ?","datePublished":"2020-04-01T14:53:19+00:00","dateModified":"2020-04-02T20:31:50+00:00","mainEntityOfPage":{"@id":"https:\/\/interamerica.org\/fr\/2020\/04\/la-mise-en-quarantaine-est-elle-vraiment-necessaire\/"},"wordCount":1828,"commentCount":0,"image":{"@id":"https:\/\/interamerica.org\/fr\/2020\/04\/la-mise-en-quarantaine-est-elle-vraiment-necessaire\/#primaryimage"},"thumbnailUrl":"https:\/\/interamerica.org\/wp-content\/uploads\/2020\/04\/quarantine-kids-kelly-sikkema-ndw-wcfk1fo-unsplash.jpg","articleSection":["Nouvelles de l'\u00c9glise mondiale","RSS Fran\u00e7ais"],"inLanguage":"fr-FR","potentialAction":[{"@type":"CommentAction","name":"Comment","target":["https:\/\/interamerica.org\/fr\/2020\/04\/la-mise-en-quarantaine-est-elle-vraiment-necessaire\/#respond"]}]},{"@type":"WebPage","@id":"https:\/\/interamerica.org\/fr\/2020\/04\/la-mise-en-quarantaine-est-elle-vraiment-necessaire\/","url":"https:\/\/interamerica.org\/fr\/2020\/04\/la-mise-en-quarantaine-est-elle-vraiment-necessaire\/","name":"La mise en quarantaine est-elle vraiment n\u00e9cessaire ? - \u00c9glise Adventiste Du Septieme Jour - Inter Am\u00e9rique Division","isPartOf":{"@id":"https:\/\/interamerica.org\/fr\/#website"},"primaryImageOfPage":{"@id":"https:\/\/interamerica.org\/fr\/2020\/04\/la-mise-en-quarantaine-est-elle-vraiment-necessaire\/#primaryimage"},"image":{"@id":"https:\/\/interamerica.org\/fr\/2020\/04\/la-mise-en-quarantaine-est-elle-vraiment-necessaire\/#primaryimage"},"thumbnailUrl":"https:\/\/interamerica.org\/wp-content\/uploads\/2020\/04\/quarantine-kids-kelly-sikkema-ndw-wcfk1fo-unsplash.jpg","datePublished":"2020-04-01T14:53:19+00:00","dateModified":"2020-04-02T20:31:50+00:00","author":{"@id":"https:\/\/interamerica.org\/fr\/#\/schema\/person\/29998f2bc2d8bd0d38662909289b54f1"},"breadcrumb":{"@id":"https:\/\/interamerica.org\/fr\/2020\/04\/la-mise-en-quarantaine-est-elle-vraiment-necessaire\/#breadcrumb"},"inLanguage":"fr-FR","potentialAction":[{"@type":"ReadAction","target":["https:\/\/interamerica.org\/fr\/2020\/04\/la-mise-en-quarantaine-est-elle-vraiment-necessaire\/"]}]},{"@type":"ImageObject","inLanguage":"fr-FR","@id":"https:\/\/interamerica.org\/fr\/2020\/04\/la-mise-en-quarantaine-est-elle-vraiment-necessaire\/#primaryimage","url":"https:\/\/interamerica.org\/wp-content\/uploads\/2020\/04\/quarantine-kids-kelly-sikkema-ndw-wcfk1fo-unsplash.jpg","contentUrl":"https:\/\/interamerica.org\/wp-content\/uploads\/2020\/04\/quarantine-kids-kelly-sikkema-ndw-wcfk1fo-unsplash.jpg","width":1280,"height":800,"caption":"[Photo: Kellly Sikkema\/unsplash]"},{"@type":"BreadcrumbList","@id":"https:\/\/interamerica.org\/fr\/2020\/04\/la-mise-en-quarantaine-est-elle-vraiment-necessaire\/#breadcrumb","itemListElement":[{"@type":"ListItem","position":1,"name":"Home","item":"https:\/\/interamerica.org\/fr\/"},{"@type":"ListItem","position":2,"name":"La mise en quarantaine est-elle vraiment n\u00e9cessaire ?"}]},{"@type":"WebSite","@id":"https:\/\/interamerica.org\/fr\/#website","url":"https:\/\/interamerica.org\/fr\/","name":"\u00c9glise Adventiste Du Septieme Jour - Inter Am\u00e9rique Division","description":"","potentialAction":[{"@type":"SearchAction","target":{"@type":"EntryPoint","urlTemplate":"https:\/\/interamerica.org\/fr\/?s={search_term_string}"},"query-input":{"@type":"PropertyValueSpecification","valueRequired":true,"valueName":"search_term_string"}}],"inLanguage":"fr-FR"},{"@type":"Person","@id":"https:\/\/interamerica.org\/fr\/#\/schema\/person\/29998f2bc2d8bd0d38662909289b54f1","name":"libna","image":{"@type":"ImageObject","inLanguage":"fr-FR","@id":"https:\/\/secure.gravatar.com\/avatar\/7c5bd30ae4b47a9ba3c856590957fd1d96dc588bf3ac05719d247e126840331f?s=96&d=mm&r=g","url":"https:\/\/secure.gravatar.com\/avatar\/7c5bd30ae4b47a9ba3c856590957fd1d96dc588bf3ac05719d247e126840331f?s=96&d=mm&r=g","contentUrl":"https:\/\/secure.gravatar.com\/avatar\/7c5bd30ae4b47a9ba3c856590957fd1d96dc588bf3ac05719d247e126840331f?s=96&d=mm&r=g","caption":"libna"}}]}},"_links":{"self":[{"href":"https:\/\/interamerica.org\/fr\/wp-json\/wp\/v2\/posts\/56951","targetHints":{"allow":["GET"]}}],"collection":[{"href":"https:\/\/interamerica.org\/fr\/wp-json\/wp\/v2\/posts"}],"about":[{"href":"https:\/\/interamerica.org\/fr\/wp-json\/wp\/v2\/types\/post"}],"author":[{"embeddable":true,"href":"https:\/\/interamerica.org\/fr\/wp-json\/wp\/v2\/users\/3"}],"replies":[{"embeddable":true,"href":"https:\/\/interamerica.org\/fr\/wp-json\/wp\/v2\/comments?post=56951"}],"version-history":[{"count":0,"href":"https:\/\/interamerica.org\/fr\/wp-json\/wp\/v2\/posts\/56951\/revisions"}],"wp:featuredmedia":[{"embeddable":true,"href":"https:\/\/interamerica.org\/fr\/wp-json\/wp\/v2\/media\/56897"}],"wp:attachment":[{"href":"https:\/\/interamerica.org\/fr\/wp-json\/wp\/v2\/media?parent=56951"}],"wp:term":[{"taxonomy":"category","embeddable":true,"href":"https:\/\/interamerica.org\/fr\/wp-json\/wp\/v2\/categories?post=56951"},{"taxonomy":"post_tag","embeddable":true,"href":"https:\/\/interamerica.org\/fr\/wp-json\/wp\/v2\/tags?post=56951"}],"curies":[{"name":"wp","href":"https:\/\/api.w.org\/{rel}","templated":true}]}}