{"id":57001,"date":"2020-04-02T08:06:22","date_gmt":"2020-04-02T12:06:22","guid":{"rendered":"https:\/\/recursing-golick.147-182-135-0.plesk.page\/?p=57001"},"modified":"2020-04-02T16:28:06","modified_gmt":"2020-04-02T20:28:06","slug":"davantage-de-services-de-culte-diffuses-en-direct-en-ligne-suite-a-la-fermeture-des-eglises-adventistes","status":"publish","type":"post","link":"https:\/\/interamerica.org\/fr\/2020\/04\/davantage-de-services-de-culte-diffuses-en-direct-en-ligne-suite-a-la-fermeture-des-eglises-adventistes\/","title":{"rendered":"Davantage de services de culte diffus\u00e9s en direct en ligne suite \u00e0 la fermeture des \u00e9glises adventistes"},"content":{"rendered":"<p><div id=\"attachment_56932\" style=\"width: 810px\" class=\"wp-caption aligncenter\"><img fetchpriority=\"high\" decoding=\"async\" aria-describedby=\"caption-attachment-56932\" class=\" wp-image-56931\" src=\"https:\/\/recursing-golick.147-182-135-0.plesk.page\/wp-content\/uploads\/2020\/04\/peters-rd-adventistchurch-mar28.jpg\" alt=\"\" width=\"800\" height=\"500\" srcset=\"https:\/\/interamerica.org\/wp-content\/uploads\/2020\/04\/peters-rd-adventistchurch-mar28.jpg 1000w, https:\/\/interamerica.org\/wp-content\/uploads\/2020\/04\/peters-rd-adventistchurch-mar28-300x188.jpg 300w, https:\/\/interamerica.org\/wp-content\/uploads\/2020\/04\/peters-rd-adventistchurch-mar28-768x480.jpg 768w\" sizes=\"(max-width: 800px) 100vw, 800px\" \/><p id=\"caption-attachment-56932\" class=\"wp-caption-text\">Herman Ravariere, premier ancien de l\u2019\u00e9glise adventiste de Peters Rest \u00e0 Sainte-Croix, dans les \u00eeles Vierges am\u00e9ricaines, pr\u00eache devant une salle vide, pr\u00e9sentant ainsi le sabbat 28 mars 2020, le service de culte en ligne en direct sur Facebook Live pour les membres d\u2019\u00e9glise de toute l\u2019\u00eele, suite aux mesures de distanciation sociale prises \u00e0 cause de la pand\u00e9mie de coronavirus qui affecte la plan\u00e8te. Des milliers d\u2019\u00e9glises adventistes \u00e0 travers la Division Inter Am\u00e9ricaine ont maintenant davantage de services de culte en ligne vu que les lieux de culte sont ferm\u00e9s aux fid\u00e8les depuis le d\u00e9but du mois de mars. [Photo : Facebook]<\/p><\/div>1er Avril 2020 | Miami, Floride, \u00c9tats-Unis | Libna Stevens, P\u00f4le Informations de la Division Inter Am\u00e9ricaine<\/p>\n<p>Alors que des milliers d\u2019\u00e9glises adventistes du septi\u00e8me jour demeurent ferm\u00e9es et n\u2019accueillent personne pour les services de culte afin de stopper la propagation du coronavirus, les services et les groupes d\u2019\u00e9tude de la Bible en ligne se sont multipli\u00e9s comme jamais auparavant. Dans tout le territoire de l\u2019\u00e9glise dans la Division Inter Am\u00e9ricaine (DIA), les efforts visant \u00e0 encourager les membres \u00e0 compter sur Dieu, \u00e0 rester fid\u00e8les et \u00e0 s\u2019impliquer dans la proclamation du message de l\u2019\u00e9vangile, sont sans pr\u00e9c\u00e9dent, ont d\u00e9clar\u00e9 les dirigeants de l\u2019\u00e9glise.<\/p>\n<p>\u00ab Le fait que les gens ne soient pas en mesure de se r\u00e9unir dans les b\u00e2timents en raison des exigences d\u2019\u00e9loignement physique, a conduit \u00e0 la mise en place d\u2019options jamais vues auparavant pour les services de culte en ligne, \u00bb a d\u00e9clar\u00e9 Abel M\u00e1rquez, directeur de la communication pour l\u2019\u00c9glise adventiste en Inter Am\u00e9rique.<\/p>\n<p>\u00ab Il semble incroyable de voir tant d\u2019\u00e9glises et d\u2019\u00e9coles ferm\u00e9es, ce sont des milliers de b\u00e2timents qui ne remplissent pas leur fonction en ce moment, nous avons donc \u00e9t\u00e9 oblig\u00e9s d\u2019utiliser des outils aussi simples que nos t\u00e9l\u00e9phones portables pour exercer notre minist\u00e8re en ligne, \u00bb a dit Abel M\u00e1rquez.<\/p>\n<p><div id=\"attachment_56947\" style=\"width: 810px\" class=\"wp-caption aligncenter\"><img decoding=\"async\" aria-describedby=\"caption-attachment-56947\" class=\" wp-image-56946\" src=\"https:\/\/recursing-golick.147-182-135-0.plesk.page\/wp-content\/uploads\/2020\/04\/iad-ay-program-mar28-1024x640.jpg\" alt=\"\" width=\"800\" height=\"500\" srcset=\"https:\/\/interamerica.org\/wp-content\/uploads\/2020\/04\/iad-ay-program-mar28-1024x640.jpg 1024w, https:\/\/interamerica.org\/wp-content\/uploads\/2020\/04\/iad-ay-program-mar28-300x187.jpg 300w, https:\/\/interamerica.org\/wp-content\/uploads\/2020\/04\/iad-ay-program-mar28-768x480.jpg 768w, https:\/\/interamerica.org\/wp-content\/uploads\/2020\/04\/iad-ay-program-mar28.jpg 1050w\" sizes=\"(max-width: 800px) 100vw, 800px\" \/><p id=\"caption-attachment-56947\" class=\"wp-caption-text\">Pasteur Gary Blanchard, directeur des Minist\u00e8res de la Jeunesse pour l\u2019\u00c9glise adventiste mondiale (en haut \u00e0 gauche) et le directeur des \u00c9claireurs, pasteur Andres Peralta, participent en ligne \u00e0 un programme sp\u00e9cial de la Division Inter Am\u00e9ricaine pour les jeunes, dirig\u00e9 par pasteur Al Powell (en bas \u00e0 gauche), directeur des minist\u00e8res de la jeunesse pour l\u2019\u00c9glise adventiste en Inter Am\u00e9rique, avec des dirigeants locaux des \u00eeles Ca\u00efmans et de Porto Rico, le 28 mars 2020. Le programme est l\u2019un des nombreux programmes qui visent \u00e0 mettre en lumi\u00e8re des leaders de jeunesse et des pays du territoire de la Division Inter Am\u00e9ricaine. [Photo : Facebook]<\/p><\/div>Il ne s\u2019agit pas seulement des options de programmes disponibles, mais plut\u00f4t de personnes qui esp\u00e8rent recevoir un contenu plus pertinent sur les plateformes num\u00e9riques, a-t-il ajout\u00e9.<\/p>\n<p><strong>Contenu pertinent<\/strong><\/p>\n<p>Proposer du contenu pertinent \u00e0 l\u2019\u00e9glise et au public est au c\u0153ur de la mission du d\u00e9partement de la communication, a dit Abel M\u00e1rquez. Cela a \u00e9t\u00e9 possible gr\u00e2ce \u00e0 Hope Channel \u00e0 travers ses m\u00e9thodes traditionnelles de diffusion t\u00e9l\u00e9visuelle, ainsi qu\u2019avec de nouvelles plateformes et de nouveaux programmes pratiques qui proclament l\u2019esp\u00e9rance.<\/p>\n<p>\u00ab Malgr\u00e9 la crise mondiale, les unions et les centres de production ont fait des efforts incroyables pour continuellement nourrir [spirituellement] les membres d\u2019\u00e9glise gr\u00e2ce \u00e0 des programmes en direct, \u00bb a d\u00e9clar\u00e9 Abel M\u00e1rquez. \u00ab Des pays comme Ha\u00efti, le Panama et le Guatemala, qui travaillaient \u00e0 la cr\u00e9ation de centres de production, ont rapidement fait en sorte ce week-end d\u2019utiliser leurs espaces disponibles, en s\u2019appuyant sur des b\u00e9n\u00e9voles et en mettant en place du mat\u00e9riel pour diffuser des programmes visionn\u00e9s par pas moins de 2000 abonn\u00e9s le week-end dernier. \u00bb<\/p>\n<p>Pas plus tard que la semaine derni\u00e8re, le nombre de services de culte et de r\u00e9unions r\u00e9alis\u00e9s sur la plate-forme de vid\u00e9oconf\u00e9rence Zoom de la DIA a doubl\u00e9 par rapport \u00e0 la semaine pr\u00e9c\u00e9dente, pour atteindre un total de pr\u00e8s de 600, avec un total de 12800 participants r\u00e9partis sur l\u2019ensemble du territoire de la DIA et \u00e0 travers le monde, a indiqu\u00e9 Osman Longa, directeur des t\u00e9l\u00e9communications pour l\u2019\u00e9glise en Inter Am\u00e9rique.<\/p>\n<p><div id=\"attachment_56960\" style=\"width: 810px\" class=\"wp-caption aligncenter\"><img decoding=\"async\" aria-describedby=\"caption-attachment-56960\" class=\" wp-image-56959\" src=\"https:\/\/recursing-golick.147-182-135-0.plesk.page\/wp-content\/uploads\/2020\/04\/haiti-online-service-mar28-2020.jpg\" alt=\"\" width=\"800\" height=\"500\" srcset=\"https:\/\/interamerica.org\/wp-content\/uploads\/2020\/04\/haiti-online-service-mar28-2020.jpg 1000w, https:\/\/interamerica.org\/wp-content\/uploads\/2020\/04\/haiti-online-service-mar28-2020-300x188.jpg 300w, https:\/\/interamerica.org\/wp-content\/uploads\/2020\/04\/haiti-online-service-mar28-2020-768x480.jpg 768w\" sizes=\"(max-width: 800px) 100vw, 800px\" \/><p id=\"caption-attachment-56960\" class=\"wp-caption-text\">Pasteur Edgard Etienne, secr\u00e9taire ex\u00e9cutif de l\u2019\u00c9glise adventiste dans la F\u00e9d\u00e9ration Centrale en Ha\u00efti, pr\u00e9sente un message lors d\u2019une campagne d\u2019\u00e9vang\u00e9lisation de trois semaines en ligne dans les studios de la Radio Adventiste Esp\u00e9rance, \u00e0 Port-au-Prince, en Ha\u00efti, le 28 mars 2020. [Photo : Facebook]<\/p><\/div>Et c\u2019est sans compter toutes les retransmissions sur Facebook et YouTube des services et des programmes sp\u00e9ciaux en direct pr\u00e9sent\u00e9s depuis le si\u00e8ge de la Division Inter Am\u00e9ricaine et les milliers d\u2019\u00e9glises organis\u00e9es dans les 24 unions, ou principales r\u00e9gions eccl\u00e9siales, du territoire, d\u2019apr\u00e8s Abel M\u00e1rquez.<\/p>\n<p><strong>fermeture des lieux de culte <\/strong><br \/>\nAvec ses 1267 congr\u00e9gations ferm\u00e9es et le pays pratiquement \u00e0 l\u2019arr\u00eat, les principaux dirigeants de l\u2019\u00c9glise adventiste au Guatemala ont r\u00e9agi rapidement et ont converti il y a seulement deux semaines, la salle de la chapelle du si\u00e8ge de l\u2019union en un studio pour la production de services de culte du sabbat ainsi que de programmes hebdomadaires suppl\u00e9mentaires.<\/p>\n<p>\u00ab Le besoin nous a oblig\u00e9s \u00e0 acc\u00e9l\u00e9rer nos pas dans ce minist\u00e8re en ligne, m\u00eame avec le peu d\u2019\u00e9quipement dont nous disposons, \u00bb a d\u00e9clar\u00e9 Gustavo Menendez, directeur de la communication pour l\u2019\u00c9glise adventiste au Guatemala. La direction de l\u2019\u00e9glise dans la ville de Guatemala produit des services religieux en direct depuis deux semaines le sabbat et tout au long de la semaine, ils sont \u00e9galement diffus\u00e9s sur les plateformes de r\u00e9seaux sociaux de ses cinq champs locaux, ainsi que sur les deux stations de radio de l\u2019\u00c9glise adventiste qui couvrent 70 pourcents du pays.<\/p>\n<p><div id=\"attachment_56938\" style=\"width: 809px\" class=\"wp-caption aligncenter\"><img loading=\"lazy\" decoding=\"async\" aria-describedby=\"caption-attachment-56938\" class=\" wp-image-56937\" src=\"https:\/\/recursing-golick.147-182-135-0.plesk.page\/wp-content\/uploads\/2020\/04\/guatemala-online-worship-program-mar28.jpg\" alt=\"\" width=\"799\" height=\"599\" srcset=\"https:\/\/interamerica.org\/wp-content\/uploads\/2020\/04\/guatemala-online-worship-program-mar28.jpg 1024w, https:\/\/interamerica.org\/wp-content\/uploads\/2020\/04\/guatemala-online-worship-program-mar28-300x225.jpg 300w, https:\/\/interamerica.org\/wp-content\/uploads\/2020\/04\/guatemala-online-worship-program-mar28-768x576.jpg 768w\" sizes=\"(max-width: 799px) 100vw, 799px\" \/><p id=\"caption-attachment-56938\" class=\"wp-caption-text\">Pasteur Ramiro Hern\u00e1ndez (au centre), secr\u00e9taire ex\u00e9cutif de l\u2019\u00c9glise adventiste au Guatemala, intervient lors d\u2019un programme d\u2019\u00e9cole du sabbat diffus\u00e9 en direct sur Facebook Live le 28 mars 2020, depuis la chapelle transform\u00e9e en studio au si\u00e8ge de l\u2019Union du Guatemala dans la ville de Guatemala, au Guatemala. Pasteur Hern\u00e1ndez est accompagn\u00e9 des pasteurs Gustavo Men\u00e9ndez (\u00e0 gauche), directeur des minist\u00e8res de l\u2019\u00c9cole du Sabbat et Moises Vidal (\u00e0 droite), directeur des minist\u00e8res de la jeunesse pour l\u2019\u00c9glise adventiste au Guatemala. [Photo : Juan Lopez \/ Union Radio]<\/p><\/div>D\u2019apr\u00e8s pasteur Men\u00e9ndez, plusieurs \u00e9glises ont eu l\u2019occasion de diffuser leurs services par le pass\u00e9, mais elles ont d\u00fb organiser ces services de culte depuis les maisons des pasteurs. Mais pour la plupart, les programmes de streaming en direct de l\u2019union et des f\u00e9d\u00e9rations sont accessibles \u00e0 tous en ligne, a-t-il d\u00e9clar\u00e9.<\/p>\n<p>Au cours des cinq derni\u00e8res ann\u00e9es, l\u2019\u00c9glise adventiste au Guatemala a investi massivement dans l\u2019acquisition d\u2019antennes pour la couverture par les ondes de la radio, principalement gr\u00e2ce \u00e0 des dons sp\u00e9ciaux collect\u00e9s chaque ann\u00e9e, a expliqu\u00e9 pasteur Men\u00e9ndez. \u00ab Les membres ici continuent de soutenir la mission de l\u2019\u00e9glise et cela nous a permis d\u2019\u00eatre pr\u00eats \u00e0 r\u00e9pondre \u00e0 leurs besoins spirituels en ce moment gr\u00e2ce \u00e0 une programmation en ligne plus importante, \u00bb a-t-il dit.<\/p>\n<p>L\u2019\u00c9glise adventiste au Guatemala organise des sessions de pri\u00e8re en ligne trois fois par jour dans le cadre de l\u2019initiative des 100 Jours de Pri\u00e8re lanc\u00e9e par l\u2019\u00e9glise il y a cinq jours. \u00c0 18h tous les soirs, les internautes peuvent soumettre leurs requ\u00eates de pri\u00e8re et les pasteurs peuvent \u00e9changer avec eux. Le 29 mars, l\u2019\u00e9glise a d\u00e9but\u00e9 une campagne d\u2019\u00e9vang\u00e9lisation nationale en ligne diffus\u00e9e sur la <a href=\"https:\/\/www.facebook.com\/AdventistasGUA\/?__tn__=%2Cd%2CP-R&amp;eid=ARD7PPLs4corbWMsXOkePeKBN3vvts78aTB1nxOZkbEgRSBEp36XJXRB89D0Ru64eVRbnERSQdZQhD-G\">page Facebook de l&rsquo;union<\/a> et les pages web de la f\u00e9d\u00e9ration, a dit pasteur Men\u00e9ndez.<\/p>\n<p><strong>Davantage de programmes en ligne <\/strong><br \/>\nPour l\u2019Union du Nord du Mexique, qui a d\u00e9velopp\u00e9 ses programmes en ligne ces derni\u00e8res ann\u00e9es, la fermeture des \u00e9glises, elle en compte 1111, a consid\u00e9rablement augment\u00e9 depuis le d\u00e9but du mois de mars.<\/p>\n<p><div id=\"attachment_56965\" style=\"width: 810px\" class=\"wp-caption aligncenter\"><img loading=\"lazy\" decoding=\"async\" aria-describedby=\"caption-attachment-56965\" class=\" wp-image-56964\" src=\"https:\/\/recursing-golick.147-182-135-0.plesk.page\/wp-content\/uploads\/2020\/04\/nomu-fb-arturo-king-mar28-2020.jpg\" alt=\"\" width=\"800\" height=\"500\" srcset=\"https:\/\/interamerica.org\/wp-content\/uploads\/2020\/04\/nomu-fb-arturo-king-mar28-2020.jpg 1000w, https:\/\/interamerica.org\/wp-content\/uploads\/2020\/04\/nomu-fb-arturo-king-mar28-2020-300x188.jpg 300w, https:\/\/interamerica.org\/wp-content\/uploads\/2020\/04\/nomu-fb-arturo-king-mar28-2020-768x480.jpg 768w\" sizes=\"(max-width: 800px) 100vw, 800px\" \/><p id=\"caption-attachment-56965\" class=\"wp-caption-text\">Le pr\u00e9sident de l\u2019Union Nord-Mexicaine pr\u00e9sente un message sp\u00e9cial le 28 mars 2020 sur la page Facebook de l\u2019union. [Photo : Facebook]<\/p><\/div>De nombreuses \u00e9glises ont diffus\u00e9 leurs services en ligne, a indiqu\u00e9 Victor Fuentes, directeur de la communication pour l\u2019\u00e9glise dans le Nord du Mexique. Cela a amen\u00e9 les dirigeants \u00e0 augmenter les programmes en direct sur Facebook, des programmes qui proposent des conseils aux \u00e9tudiants et aux parents pendant cette pand\u00e9mie, des messages d\u2019esp\u00e9rance, des programmes pour la famille, les jeunes, sur la repr\u00e9sentation \u00e9vang\u00e9lique, la sant\u00e9 et la remise en forme, entre autres.<\/p>\n<p>Au Panama, qui est en confinement depuis plus de trois semaines, davantage de programmes en ligne ont \u00e9t\u00e9 programm\u00e9s sur les pages<br \/>\n<a href=\"https:\/\/www.facebook.com\/AdventistasPanama\/\">Facebook de l\u2019union et des f\u00e9d\u00e9rations<\/a>.<\/p>\n<p><strong>Classes en ligne pour les membres des clubs<\/strong><br \/>\nLa pand\u00e9mie a caus\u00e9 la fermeture de leurs 622 congr\u00e9gations et a amen\u00e9 les dirigeants de l\u2019\u00e9glise \u00e0 travers le pays \u00e0 unifier leurs efforts pour la tenue des services de culte du sabbat pour les plus de 93800 membres et internautes, a d\u00e9clar\u00e9 Moises D\u00edaz, directeur des technologies de l\u2019information et coordinateur du Centre Hope Media qui aide \u00e0 r\u00e9aliser des productions pour l\u2019\u00e9glise au Panama.<\/p>\n<p>La direction de l\u2019\u00e9glise \u00e0 l\u2019union propose des cours en ligne pour les \u00e9claireurs et les aventuriers afin que les membres de ces clubs puissent remplir les conditions pour l\u2019obtention de leurs distinctions tout en \u00e9tant \u00e0 la maison. Pendant ce temps, davantage de streaming en ligne et d\u2019initiatives \u00e9vang\u00e9liques se multiplient de jour en jour pour r\u00e9pondre aux besoins des membres, a expliqu\u00e9 Moises D\u00edaz.<\/p>\n<p><div id=\"attachment_56935\" style=\"width: 811px\" class=\"wp-caption aligncenter\"><img loading=\"lazy\" decoding=\"async\" aria-describedby=\"caption-attachment-56935\" class=\" wp-image-56934\" src=\"https:\/\/recursing-golick.147-182-135-0.plesk.page\/wp-content\/uploads\/2020\/04\/panama-pathfinder-classes-online-mar28-1024x578.jpg\" alt=\"\" width=\"801\" height=\"452\" srcset=\"https:\/\/interamerica.org\/wp-content\/uploads\/2020\/04\/panama-pathfinder-classes-online-mar28-1024x578.jpg 1024w, https:\/\/interamerica.org\/wp-content\/uploads\/2020\/04\/panama-pathfinder-classes-online-mar28-300x169.jpg 300w, https:\/\/interamerica.org\/wp-content\/uploads\/2020\/04\/panama-pathfinder-classes-online-mar28-768x433.jpg 768w, https:\/\/interamerica.org\/wp-content\/uploads\/2020\/04\/panama-pathfinder-classes-online-mar28-1536x867.jpg 1536w, https:\/\/interamerica.org\/wp-content\/uploads\/2020\/04\/panama-pathfinder-classes-online-mar28-2048x1156.jpg 2048w\" sizes=\"(max-width: 801px) 100vw, 801px\" \/><p id=\"caption-attachment-56935\" class=\"wp-caption-text\">Un Chef Guide enseigne des classes pour les distinctions aux membres du club des aventuriers de l\u2019ensemble de l\u2019effectif de membres d\u2019\u00e9glise au Panama lors d\u2019un programme hebdomadaire en ligne sur Facebook, le 28 mars 2020. [Photo : Facebook]<\/p><\/div><strong>Des \u00e9glises s\u2019unissent pour le streaming<\/strong><\/p>\n<p>Dans huit des \u00eeles de la F\u00e9d\u00e9ration du Nord de la Cara\u00efbe, les \u00e9glises d\u00e9veloppent leurs services de diffusion en direct afin que les membres qui sont chez eux puissent voir les r\u00e9unions de pri\u00e8re, les programmes d\u2019accueil du sabbat, les services de culte du sabbat et les groupes de pri\u00e8re, a d\u00e9clar\u00e9 pasteur Royston Philbert, directeur de la communication pour l\u2019\u00c9glise adventiste dans la F\u00e9d\u00e9ration du Nord de la Cara\u00efbe.<\/p>\n<p>La f\u00e9d\u00e9ration supervise l\u2019action de l\u2019\u00e9glise dans les \u00eeles de Sainte-Croix, St Thomas, Saint-Jean, Tortola, Virgin Gorda, Saint-Martin, Saint-Eustache et Anguilla.<\/p>\n<p>\u00ab Nous utilisons notre petit studio au si\u00e8ge de l\u2019union pour diffuser pour l\u2019\u00eele de Sainte-Croix et aider ceux qui ont besoin d\u2019un service alternatif, \u00bb a d\u00e9clar\u00e9 pasteur Philbert.<\/p>\n<p>Chacune des \u00eeles propose des services religieux en ligne, dirig\u00e9s principalement par l\u2019association pastorale qui supervise les pasteurs locaux afin d\u2019organiser les programmes pour les congr\u00e9gations, a expliqu\u00e9 pasteur Philbert.<\/p>\n<p>Au cours de la semaine, les pasteurs locaux r\u00e9pondent aux besoins spirituels individuels de leurs membres par le biais de diffusion en ligne en direct et du minist\u00e8re du t\u00e9l\u00e9phone portable.<\/p>\n<p><div id=\"attachment_56957\" style=\"width: 816px\" class=\"wp-caption aligncenter\"><img loading=\"lazy\" decoding=\"async\" aria-describedby=\"caption-attachment-56957\" class=\" wp-image-56956\" src=\"https:\/\/recursing-golick.147-182-135-0.plesk.page\/wp-content\/uploads\/2020\/04\/panama-online-worship-mar28-1024x640.jpg\" alt=\"\" width=\"806\" height=\"504\" srcset=\"https:\/\/interamerica.org\/wp-content\/uploads\/2020\/04\/panama-online-worship-mar28-1024x640.jpg 1024w, https:\/\/interamerica.org\/wp-content\/uploads\/2020\/04\/panama-online-worship-mar28-300x188.jpg 300w, https:\/\/interamerica.org\/wp-content\/uploads\/2020\/04\/panama-online-worship-mar28-768x480.jpg 768w, https:\/\/interamerica.org\/wp-content\/uploads\/2020\/04\/panama-online-worship-mar28.jpg 1280w\" sizes=\"(max-width: 806px) 100vw, 806px\" \/><p id=\"caption-attachment-56957\" class=\"wp-caption-text\">Deux animateurs pr\u00e9sentent la le\u00e7on de l\u2019\u00c9cole du Sabbat lors d\u2019un programme sur Facebook Live organis\u00e9 depuis le studio de l\u2019Union du Panama dans la ville de Panama, au Panama, le 28 mars 2020. [Photo : Facebook]<\/p><\/div><strong>La mission \u00e0 travers les plateformes num\u00e9riques<\/strong><br \/>\nIl n\u2019y a qu\u2019une seule fa\u00e7on de continuer \u00e0 remplir la mission en ce moment, c\u2019est d\u2019utiliser les plateformes num\u00e9riques disponibles, a dit Abel M\u00e1rquez.<\/p>\n<p>\u00ab En tant que dirigeants, nous avons l\u2019obligation de proposer des espaces de culte aux membres et nous avons tous l\u2019obligation de trouver le moyen de continuer \u00e0 proclamer le message aux autres. \u00bb Cela signifie que le seul moyen aujourd\u2019hui est d\u2019utiliser les r\u00e9seaux sociaux, les t\u00e9l\u00e9phones portables, la radio et la t\u00e9l\u00e9vision, a-t-il ajout\u00e9.<\/p>\n<p>\u00ab Si nous n\u2019utilisons pas ces m\u00e9thodes, le message sera enferm\u00e9 dans nos maisons. \u00bb Je crois que Dieu d\u00e9sire nous enseigner que l\u2019\u00e9glise doit \u00eatre pr\u00e9par\u00e9e \u00e0 chaque instant pour le changement, \u00bb a dit Abel M\u00e1rquez. \u00ab En pleine p\u00e9riode d\u2019incertitude et de peur, nous ne devrions pas nous croiser les bras pour voir ce que font les autres. Nous devons avec diligence \u00eatre cr\u00e9atifs et innovateurs dans la pr\u00e9sentation du message du salut. \u00bb<\/p>\n<p>Pour consulter la liste de plusieurs services diffus\u00e9s en direct en ligne sur l\u2019ensemble du territoire de l\u2019Inter Am\u00e9rique, cliquez <a href=\"https:\/\/recursing-golick.147-182-135-0.plesk.page\/project\/live-streaming-services-in-inter-america\/\">ICI<\/a> pour l\u2019anglais. Pour la liste en espagnol, cliquez <a href=\"https:\/\/recursing-golick.147-182-135-0.plesk.page\/es\/project\/live-streaming-services-in-inter-america\/\">ICI<\/a>. Pour le fran\u00e7ais, cliquez <a href=\"https:\/\/recursing-golick.147-182-135-0.plesk.page\/fr\/project\/live-streaming-services-in-inter-america\/\">ICI<\/a><\/p>\n<p>Pour en savoir plus sur l\u2019\u00c9glise adventiste du septi\u00e8me jour dans la Division Inter Am\u00e9ricaine, sur ses initiatives et les ressources disponibles, visitez le site <a href=\"https:\/\/recursing-golick.147-182-135-0.plesk.page\/\">interamerica.org<\/a><\/p>\n<p>Traduction: Patrick Luciathe<\/p>\n","protected":false},"excerpt":{"rendered":"<p>1er Avril 2020 | Miami, Floride, \u00c9tats-Unis | Libna Stevens, P\u00f4le Informations de la Division Inter Am\u00e9ricaine Alors que des milliers d\u2019\u00e9glises adventistes du septi\u00e8me jour demeurent ferm\u00e9es et n\u2019accueillent&#8230;<\/p>\n","protected":false},"author":3,"featured_media":56950,"comment_status":"open","ping_status":"closed","sticky":false,"template":"","format":"standard","meta":{"_acf_changed":false,"footnotes":""},"categories":[20,19],"tags":[],"class_list":["post-57001","post","type-post","status-publish","format-standard","has-post-thumbnail","hentry","category-nouvelles-du-siege-de-la-division","category-rss-francais"],"acf":[],"yoast_head":"<!-- This site is optimized with the Yoast SEO plugin v27.3 - https:\/\/yoast.com\/product\/yoast-seo-wordpress\/ -->\n<title>Davantage de services de culte diffus\u00e9s en direct en ligne suite \u00e0 la fermeture des \u00e9glises adventistes - \u00c9glise Adventiste Du Septieme Jour - Inter Am\u00e9rique Division<\/title>\n<meta name=\"robots\" content=\"index, follow, max-snippet:-1, max-image-preview:large, max-video-preview:-1\" \/>\n<link rel=\"canonical\" href=\"https:\/\/interamerica.org\/fr\/2020\/04\/davantage-de-services-de-culte-diffuses-en-direct-en-ligne-suite-a-la-fermeture-des-eglises-adventistes\/\" \/>\n<meta property=\"og:locale\" content=\"fr_FR\" \/>\n<meta property=\"og:type\" content=\"article\" \/>\n<meta property=\"og:title\" content=\"Davantage de services de culte diffus\u00e9s en direct en ligne suite \u00e0 la fermeture des \u00e9glises adventistes - \u00c9glise Adventiste Du Septieme Jour - Inter Am\u00e9rique Division\" \/>\n<meta property=\"og:description\" content=\"1er Avril 2020 | Miami, Floride, \u00c9tats-Unis | Libna Stevens, P\u00f4le Informations de la Division Inter Am\u00e9ricaine Alors que des milliers d\u2019\u00e9glises adventistes du septi\u00e8me jour demeurent ferm\u00e9es et n\u2019accueillent...\" \/>\n<meta property=\"og:url\" content=\"https:\/\/interamerica.org\/fr\/2020\/04\/davantage-de-services-de-culte-diffuses-en-direct-en-ligne-suite-a-la-fermeture-des-eglises-adventistes\/\" \/>\n<meta property=\"og:site_name\" content=\"\u00c9glise Adventiste Du Septieme Jour - Inter Am\u00e9rique Division\" \/>\n<meta property=\"article:published_time\" content=\"2020-04-02T12:06:22+00:00\" \/>\n<meta property=\"article:modified_time\" content=\"2020-04-02T20:28:06+00:00\" \/>\n<meta property=\"og:image\" content=\"https:\/\/interamerica.org\/wp-content\/uploads\/2020\/04\/peters-rd-adventistchurch-mar28-1280.jpg\" \/>\n\t<meta property=\"og:image:width\" content=\"1280\" \/>\n\t<meta property=\"og:image:height\" content=\"800\" \/>\n\t<meta property=\"og:image:type\" content=\"image\/jpeg\" \/>\n<meta name=\"author\" content=\"libna\" \/>\n<meta name=\"twitter:card\" content=\"summary_large_image\" \/>\n<meta name=\"twitter:label1\" content=\"\u00c9crit par\" \/>\n\t<meta name=\"twitter:data1\" content=\"libna\" \/>\n\t<meta name=\"twitter:label2\" content=\"Dur\u00e9e de lecture estim\u00e9e\" \/>\n\t<meta name=\"twitter:data2\" content=\"11 minutes\" \/>\n<script type=\"application\/ld+json\" class=\"yoast-schema-graph\">{\"@context\":\"https:\\\/\\\/schema.org\",\"@graph\":[{\"@type\":\"Article\",\"@id\":\"https:\\\/\\\/interamerica.org\\\/fr\\\/2020\\\/04\\\/davantage-de-services-de-culte-diffuses-en-direct-en-ligne-suite-a-la-fermeture-des-eglises-adventistes\\\/#article\",\"isPartOf\":{\"@id\":\"https:\\\/\\\/interamerica.org\\\/fr\\\/2020\\\/04\\\/davantage-de-services-de-culte-diffuses-en-direct-en-ligne-suite-a-la-fermeture-des-eglises-adventistes\\\/\"},\"author\":{\"name\":\"libna\",\"@id\":\"https:\\\/\\\/interamerica.org\\\/fr\\\/#\\\/schema\\\/person\\\/29998f2bc2d8bd0d38662909289b54f1\"},\"headline\":\"Davantage de services de culte diffus\u00e9s en direct en ligne suite \u00e0 la fermeture des \u00e9glises adventistes\",\"datePublished\":\"2020-04-02T12:06:22+00:00\",\"dateModified\":\"2020-04-02T20:28:06+00:00\",\"mainEntityOfPage\":{\"@id\":\"https:\\\/\\\/interamerica.org\\\/fr\\\/2020\\\/04\\\/davantage-de-services-de-culte-diffuses-en-direct-en-ligne-suite-a-la-fermeture-des-eglises-adventistes\\\/\"},\"wordCount\":2302,\"commentCount\":0,\"image\":{\"@id\":\"https:\\\/\\\/interamerica.org\\\/fr\\\/2020\\\/04\\\/davantage-de-services-de-culte-diffuses-en-direct-en-ligne-suite-a-la-fermeture-des-eglises-adventistes\\\/#primaryimage\"},\"thumbnailUrl\":\"https:\\\/\\\/interamerica.org\\\/wp-content\\\/uploads\\\/2020\\\/04\\\/peters-rd-adventistchurch-mar28-1280.jpg\",\"articleSection\":[\"Nouvelles du si\u00e8ge de la division\",\"RSS Fran\u00e7ais\"],\"inLanguage\":\"fr-FR\",\"potentialAction\":[{\"@type\":\"CommentAction\",\"name\":\"Comment\",\"target\":[\"https:\\\/\\\/interamerica.org\\\/fr\\\/2020\\\/04\\\/davantage-de-services-de-culte-diffuses-en-direct-en-ligne-suite-a-la-fermeture-des-eglises-adventistes\\\/#respond\"]}]},{\"@type\":\"WebPage\",\"@id\":\"https:\\\/\\\/interamerica.org\\\/fr\\\/2020\\\/04\\\/davantage-de-services-de-culte-diffuses-en-direct-en-ligne-suite-a-la-fermeture-des-eglises-adventistes\\\/\",\"url\":\"https:\\\/\\\/interamerica.org\\\/fr\\\/2020\\\/04\\\/davantage-de-services-de-culte-diffuses-en-direct-en-ligne-suite-a-la-fermeture-des-eglises-adventistes\\\/\",\"name\":\"Davantage de services de culte diffus\u00e9s en direct en ligne suite \u00e0 la fermeture des \u00e9glises adventistes - \u00c9glise Adventiste Du Septieme Jour - Inter Am\u00e9rique Division\",\"isPartOf\":{\"@id\":\"https:\\\/\\\/interamerica.org\\\/fr\\\/#website\"},\"primaryImageOfPage\":{\"@id\":\"https:\\\/\\\/interamerica.org\\\/fr\\\/2020\\\/04\\\/davantage-de-services-de-culte-diffuses-en-direct-en-ligne-suite-a-la-fermeture-des-eglises-adventistes\\\/#primaryimage\"},\"image\":{\"@id\":\"https:\\\/\\\/interamerica.org\\\/fr\\\/2020\\\/04\\\/davantage-de-services-de-culte-diffuses-en-direct-en-ligne-suite-a-la-fermeture-des-eglises-adventistes\\\/#primaryimage\"},\"thumbnailUrl\":\"https:\\\/\\\/interamerica.org\\\/wp-content\\\/uploads\\\/2020\\\/04\\\/peters-rd-adventistchurch-mar28-1280.jpg\",\"datePublished\":\"2020-04-02T12:06:22+00:00\",\"dateModified\":\"2020-04-02T20:28:06+00:00\",\"author\":{\"@id\":\"https:\\\/\\\/interamerica.org\\\/fr\\\/#\\\/schema\\\/person\\\/29998f2bc2d8bd0d38662909289b54f1\"},\"breadcrumb\":{\"@id\":\"https:\\\/\\\/interamerica.org\\\/fr\\\/2020\\\/04\\\/davantage-de-services-de-culte-diffuses-en-direct-en-ligne-suite-a-la-fermeture-des-eglises-adventistes\\\/#breadcrumb\"},\"inLanguage\":\"fr-FR\",\"potentialAction\":[{\"@type\":\"ReadAction\",\"target\":[\"https:\\\/\\\/interamerica.org\\\/fr\\\/2020\\\/04\\\/davantage-de-services-de-culte-diffuses-en-direct-en-ligne-suite-a-la-fermeture-des-eglises-adventistes\\\/\"]}]},{\"@type\":\"ImageObject\",\"inLanguage\":\"fr-FR\",\"@id\":\"https:\\\/\\\/interamerica.org\\\/fr\\\/2020\\\/04\\\/davantage-de-services-de-culte-diffuses-en-direct-en-ligne-suite-a-la-fermeture-des-eglises-adventistes\\\/#primaryimage\",\"url\":\"https:\\\/\\\/interamerica.org\\\/wp-content\\\/uploads\\\/2020\\\/04\\\/peters-rd-adventistchurch-mar28-1280.jpg\",\"contentUrl\":\"https:\\\/\\\/interamerica.org\\\/wp-content\\\/uploads\\\/2020\\\/04\\\/peters-rd-adventistchurch-mar28-1280.jpg\",\"width\":1280,\"height\":800,\"caption\":\"[Photo: Facebook]\"},{\"@type\":\"BreadcrumbList\",\"@id\":\"https:\\\/\\\/interamerica.org\\\/fr\\\/2020\\\/04\\\/davantage-de-services-de-culte-diffuses-en-direct-en-ligne-suite-a-la-fermeture-des-eglises-adventistes\\\/#breadcrumb\",\"itemListElement\":[{\"@type\":\"ListItem\",\"position\":1,\"name\":\"Home\",\"item\":\"https:\\\/\\\/interamerica.org\\\/fr\\\/\"},{\"@type\":\"ListItem\",\"position\":2,\"name\":\"Davantage de services de culte diffus\u00e9s en direct en ligne suite \u00e0 la fermeture des \u00e9glises adventistes\"}]},{\"@type\":\"WebSite\",\"@id\":\"https:\\\/\\\/interamerica.org\\\/fr\\\/#website\",\"url\":\"https:\\\/\\\/interamerica.org\\\/fr\\\/\",\"name\":\"\u00c9glise Adventiste Du Septieme Jour - Inter Am\u00e9rique Division\",\"description\":\"\",\"potentialAction\":[{\"@type\":\"SearchAction\",\"target\":{\"@type\":\"EntryPoint\",\"urlTemplate\":\"https:\\\/\\\/interamerica.org\\\/fr\\\/?s={search_term_string}\"},\"query-input\":{\"@type\":\"PropertyValueSpecification\",\"valueRequired\":true,\"valueName\":\"search_term_string\"}}],\"inLanguage\":\"fr-FR\"},{\"@type\":\"Person\",\"@id\":\"https:\\\/\\\/interamerica.org\\\/fr\\\/#\\\/schema\\\/person\\\/29998f2bc2d8bd0d38662909289b54f1\",\"name\":\"libna\",\"image\":{\"@type\":\"ImageObject\",\"inLanguage\":\"fr-FR\",\"@id\":\"https:\\\/\\\/secure.gravatar.com\\\/avatar\\\/7c5bd30ae4b47a9ba3c856590957fd1d96dc588bf3ac05719d247e126840331f?s=96&d=mm&r=g\",\"url\":\"https:\\\/\\\/secure.gravatar.com\\\/avatar\\\/7c5bd30ae4b47a9ba3c856590957fd1d96dc588bf3ac05719d247e126840331f?s=96&d=mm&r=g\",\"contentUrl\":\"https:\\\/\\\/secure.gravatar.com\\\/avatar\\\/7c5bd30ae4b47a9ba3c856590957fd1d96dc588bf3ac05719d247e126840331f?s=96&d=mm&r=g\",\"caption\":\"libna\"}}]}<\/script>\n<!-- \/ Yoast SEO plugin. -->","yoast_head_json":{"title":"Davantage de services de culte diffus\u00e9s en direct en ligne suite \u00e0 la fermeture des \u00e9glises adventistes - \u00c9glise Adventiste Du Septieme Jour - Inter Am\u00e9rique Division","robots":{"index":"index","follow":"follow","max-snippet":"max-snippet:-1","max-image-preview":"max-image-preview:large","max-video-preview":"max-video-preview:-1"},"canonical":"https:\/\/interamerica.org\/fr\/2020\/04\/davantage-de-services-de-culte-diffuses-en-direct-en-ligne-suite-a-la-fermeture-des-eglises-adventistes\/","og_locale":"fr_FR","og_type":"article","og_title":"Davantage de services de culte diffus\u00e9s en direct en ligne suite \u00e0 la fermeture des \u00e9glises adventistes - \u00c9glise Adventiste Du Septieme Jour - Inter Am\u00e9rique Division","og_description":"1er Avril 2020 | Miami, Floride, \u00c9tats-Unis | Libna Stevens, P\u00f4le Informations de la Division Inter Am\u00e9ricaine Alors que des milliers d\u2019\u00e9glises adventistes du septi\u00e8me jour demeurent ferm\u00e9es et n\u2019accueillent...","og_url":"https:\/\/interamerica.org\/fr\/2020\/04\/davantage-de-services-de-culte-diffuses-en-direct-en-ligne-suite-a-la-fermeture-des-eglises-adventistes\/","og_site_name":"\u00c9glise Adventiste Du Septieme Jour - Inter Am\u00e9rique Division","article_published_time":"2020-04-02T12:06:22+00:00","article_modified_time":"2020-04-02T20:28:06+00:00","og_image":[{"width":1280,"height":800,"url":"https:\/\/interamerica.org\/wp-content\/uploads\/2020\/04\/peters-rd-adventistchurch-mar28-1280.jpg","type":"image\/jpeg"}],"author":"libna","twitter_card":"summary_large_image","twitter_misc":{"\u00c9crit par":"libna","Dur\u00e9e de lecture estim\u00e9e":"11 minutes"},"schema":{"@context":"https:\/\/schema.org","@graph":[{"@type":"Article","@id":"https:\/\/interamerica.org\/fr\/2020\/04\/davantage-de-services-de-culte-diffuses-en-direct-en-ligne-suite-a-la-fermeture-des-eglises-adventistes\/#article","isPartOf":{"@id":"https:\/\/interamerica.org\/fr\/2020\/04\/davantage-de-services-de-culte-diffuses-en-direct-en-ligne-suite-a-la-fermeture-des-eglises-adventistes\/"},"author":{"name":"libna","@id":"https:\/\/interamerica.org\/fr\/#\/schema\/person\/29998f2bc2d8bd0d38662909289b54f1"},"headline":"Davantage de services de culte diffus\u00e9s en direct en ligne suite \u00e0 la fermeture des \u00e9glises adventistes","datePublished":"2020-04-02T12:06:22+00:00","dateModified":"2020-04-02T20:28:06+00:00","mainEntityOfPage":{"@id":"https:\/\/interamerica.org\/fr\/2020\/04\/davantage-de-services-de-culte-diffuses-en-direct-en-ligne-suite-a-la-fermeture-des-eglises-adventistes\/"},"wordCount":2302,"commentCount":0,"image":{"@id":"https:\/\/interamerica.org\/fr\/2020\/04\/davantage-de-services-de-culte-diffuses-en-direct-en-ligne-suite-a-la-fermeture-des-eglises-adventistes\/#primaryimage"},"thumbnailUrl":"https:\/\/interamerica.org\/wp-content\/uploads\/2020\/04\/peters-rd-adventistchurch-mar28-1280.jpg","articleSection":["Nouvelles du si\u00e8ge de la division","RSS Fran\u00e7ais"],"inLanguage":"fr-FR","potentialAction":[{"@type":"CommentAction","name":"Comment","target":["https:\/\/interamerica.org\/fr\/2020\/04\/davantage-de-services-de-culte-diffuses-en-direct-en-ligne-suite-a-la-fermeture-des-eglises-adventistes\/#respond"]}]},{"@type":"WebPage","@id":"https:\/\/interamerica.org\/fr\/2020\/04\/davantage-de-services-de-culte-diffuses-en-direct-en-ligne-suite-a-la-fermeture-des-eglises-adventistes\/","url":"https:\/\/interamerica.org\/fr\/2020\/04\/davantage-de-services-de-culte-diffuses-en-direct-en-ligne-suite-a-la-fermeture-des-eglises-adventistes\/","name":"Davantage de services de culte diffus\u00e9s en direct en ligne suite \u00e0 la fermeture des \u00e9glises adventistes - \u00c9glise Adventiste Du Septieme Jour - Inter Am\u00e9rique Division","isPartOf":{"@id":"https:\/\/interamerica.org\/fr\/#website"},"primaryImageOfPage":{"@id":"https:\/\/interamerica.org\/fr\/2020\/04\/davantage-de-services-de-culte-diffuses-en-direct-en-ligne-suite-a-la-fermeture-des-eglises-adventistes\/#primaryimage"},"image":{"@id":"https:\/\/interamerica.org\/fr\/2020\/04\/davantage-de-services-de-culte-diffuses-en-direct-en-ligne-suite-a-la-fermeture-des-eglises-adventistes\/#primaryimage"},"thumbnailUrl":"https:\/\/interamerica.org\/wp-content\/uploads\/2020\/04\/peters-rd-adventistchurch-mar28-1280.jpg","datePublished":"2020-04-02T12:06:22+00:00","dateModified":"2020-04-02T20:28:06+00:00","author":{"@id":"https:\/\/interamerica.org\/fr\/#\/schema\/person\/29998f2bc2d8bd0d38662909289b54f1"},"breadcrumb":{"@id":"https:\/\/interamerica.org\/fr\/2020\/04\/davantage-de-services-de-culte-diffuses-en-direct-en-ligne-suite-a-la-fermeture-des-eglises-adventistes\/#breadcrumb"},"inLanguage":"fr-FR","potentialAction":[{"@type":"ReadAction","target":["https:\/\/interamerica.org\/fr\/2020\/04\/davantage-de-services-de-culte-diffuses-en-direct-en-ligne-suite-a-la-fermeture-des-eglises-adventistes\/"]}]},{"@type":"ImageObject","inLanguage":"fr-FR","@id":"https:\/\/interamerica.org\/fr\/2020\/04\/davantage-de-services-de-culte-diffuses-en-direct-en-ligne-suite-a-la-fermeture-des-eglises-adventistes\/#primaryimage","url":"https:\/\/interamerica.org\/wp-content\/uploads\/2020\/04\/peters-rd-adventistchurch-mar28-1280.jpg","contentUrl":"https:\/\/interamerica.org\/wp-content\/uploads\/2020\/04\/peters-rd-adventistchurch-mar28-1280.jpg","width":1280,"height":800,"caption":"[Photo: Facebook]"},{"@type":"BreadcrumbList","@id":"https:\/\/interamerica.org\/fr\/2020\/04\/davantage-de-services-de-culte-diffuses-en-direct-en-ligne-suite-a-la-fermeture-des-eglises-adventistes\/#breadcrumb","itemListElement":[{"@type":"ListItem","position":1,"name":"Home","item":"https:\/\/interamerica.org\/fr\/"},{"@type":"ListItem","position":2,"name":"Davantage de services de culte diffus\u00e9s en direct en ligne suite \u00e0 la fermeture des \u00e9glises adventistes"}]},{"@type":"WebSite","@id":"https:\/\/interamerica.org\/fr\/#website","url":"https:\/\/interamerica.org\/fr\/","name":"\u00c9glise Adventiste Du Septieme Jour - Inter Am\u00e9rique Division","description":"","potentialAction":[{"@type":"SearchAction","target":{"@type":"EntryPoint","urlTemplate":"https:\/\/interamerica.org\/fr\/?s={search_term_string}"},"query-input":{"@type":"PropertyValueSpecification","valueRequired":true,"valueName":"search_term_string"}}],"inLanguage":"fr-FR"},{"@type":"Person","@id":"https:\/\/interamerica.org\/fr\/#\/schema\/person\/29998f2bc2d8bd0d38662909289b54f1","name":"libna","image":{"@type":"ImageObject","inLanguage":"fr-FR","@id":"https:\/\/secure.gravatar.com\/avatar\/7c5bd30ae4b47a9ba3c856590957fd1d96dc588bf3ac05719d247e126840331f?s=96&d=mm&r=g","url":"https:\/\/secure.gravatar.com\/avatar\/7c5bd30ae4b47a9ba3c856590957fd1d96dc588bf3ac05719d247e126840331f?s=96&d=mm&r=g","contentUrl":"https:\/\/secure.gravatar.com\/avatar\/7c5bd30ae4b47a9ba3c856590957fd1d96dc588bf3ac05719d247e126840331f?s=96&d=mm&r=g","caption":"libna"}}]}},"_links":{"self":[{"href":"https:\/\/interamerica.org\/fr\/wp-json\/wp\/v2\/posts\/57001","targetHints":{"allow":["GET"]}}],"collection":[{"href":"https:\/\/interamerica.org\/fr\/wp-json\/wp\/v2\/posts"}],"about":[{"href":"https:\/\/interamerica.org\/fr\/wp-json\/wp\/v2\/types\/post"}],"author":[{"embeddable":true,"href":"https:\/\/interamerica.org\/fr\/wp-json\/wp\/v2\/users\/3"}],"replies":[{"embeddable":true,"href":"https:\/\/interamerica.org\/fr\/wp-json\/wp\/v2\/comments?post=57001"}],"version-history":[{"count":0,"href":"https:\/\/interamerica.org\/fr\/wp-json\/wp\/v2\/posts\/57001\/revisions"}],"wp:featuredmedia":[{"embeddable":true,"href":"https:\/\/interamerica.org\/fr\/wp-json\/wp\/v2\/media\/56950"}],"wp:attachment":[{"href":"https:\/\/interamerica.org\/fr\/wp-json\/wp\/v2\/media?parent=57001"}],"wp:term":[{"taxonomy":"category","embeddable":true,"href":"https:\/\/interamerica.org\/fr\/wp-json\/wp\/v2\/categories?post=57001"},{"taxonomy":"post_tag","embeddable":true,"href":"https:\/\/interamerica.org\/fr\/wp-json\/wp\/v2\/tags?post=57001"}],"curies":[{"name":"wp","href":"https:\/\/api.w.org\/{rel}","templated":true}]}}